{"id":308487,"date":"2022-11-28T05:31:20","date_gmt":"2022-11-28T04:31:20","guid":{"rendered":"https:\/\/www.radiopiu.net\/wordpress\/?p=308487"},"modified":"2022-11-28T05:46:00","modified_gmt":"2022-11-28T04:46:00","slug":"illuminare-la-notte-a-giorno-non-e-progresso-e-spreco-crisi-o-non-crisi-led-o-non-led","status":"publish","type":"post","link":"https:\/\/www.radiopiu.net\/wordpress\/illuminare-la-notte-a-giorno-non-e-progresso-e-spreco-crisi-o-non-crisi-led-o-non-led\/","title":{"rendered":"ILLUMINARE LA NOTTE A GIORNO NON E&#8217; PROGRESSO, E&#8217; SPRECO. CRISI O NON CRISI, LED O NON LED"},"content":{"rendered":"<p><strong><a class=\"dt-pswp-item\" href=\"https:\/\/www.radiopiu.net\/wordpress\/wp-content\/uploads\/2022\/11\/f0dfe020-f401-424b-8d0a-59ec032ff714.jpg\" data-dt-img-description=\"\" data-large_image_width=\"1296\" data-large_image_height=\"864\"><img loading=\"lazy\" decoding=\"async\" class=\"size-medium wp-image-308488 alignleft\" src=\"https:\/\/www.radiopiu.net\/wordpress\/wp-content\/uploads\/2022\/11\/f0dfe020-f401-424b-8d0a-59ec032ff714-300x200.jpg\" alt=\"\" width=\"300\" height=\"200\" srcset=\"https:\/\/www.radiopiu.net\/wordpress\/wp-content\/uploads\/2022\/11\/f0dfe020-f401-424b-8d0a-59ec032ff714-300x200.jpg 300w, https:\/\/www.radiopiu.net\/wordpress\/wp-content\/uploads\/2022\/11\/f0dfe020-f401-424b-8d0a-59ec032ff714-1024x683.jpg 1024w, https:\/\/www.radiopiu.net\/wordpress\/wp-content\/uploads\/2022\/11\/f0dfe020-f401-424b-8d0a-59ec032ff714-768x512.jpg 768w, https:\/\/www.radiopiu.net\/wordpress\/wp-content\/uploads\/2022\/11\/f0dfe020-f401-424b-8d0a-59ec032ff714.jpg 1296w\" sizes=\"auto, (max-width: 300px) 100vw, 300px\" \/><\/a>di Claudio Pra<\/strong><\/p>\n<p>Periodo di bollette energetiche salatissime e di iniziative per contenere il salasso, tra le quali lo spegnimento di parte dell&#8217;illuminazione pubblica in orari notturni. Ma passata l&#8217;emergenza torner\u00e0 tutto come prima? Sentendo gli amministratori credo proprio di si e il peggio \u00e8 che illuminare sembra faccia contenti anche tanti cittadini. Una volta finita la crisi, tornare al prima sarebbe per\u00f2 un&#8217;occasione sprecata. La sostenibilit\u00e1, tanto decantata, ma anche il progresso e la civilt\u00e0, non sono compatibili con gli standard (forse meglio i capricci) ai quali ci siamo abituati, ed il LED, che consuma meno, non \u00e8 la panacea di tutti i mali perch\u00e9 inquina e consuma comunque. Spegnere permanentemente in determinate fasce orarie parte dei lampioni o dei fari che illuminano senza logica la notte \u00e8 segno di civilt\u00e0, progresso e rispetto, ed un passo verso quella benedetta sostenibilit\u00e0 di cui tutti ci riempiamo la bocca. La sicurezza \u00e8 un alibi che non regge, non mi risulta che all&#8217;aumentare dell&#8217;illuminazione, come avviene da decenni, ci sia un calo degli atti delinquenziali ed in fatto di sicurezza stradale in piena notte non scarichiamo sul buio le nostre responsabilit\u00e0, altrimenti occorrerebbe illuminare ovunque ogni metro di strada. Sfruttiamo magari le nuove tecnologie che vengono in aiuto (le fotocellule che accendono e spengono i lampioni al solo passaggio ad esempio). Illuminare a giorno la notte cancellando l&#8217;universo in cui siamo immersi, \u00e8 l&#8217;ennesima forma di inquinamento prodotto dall&#8217;uomo, l&#8217;ennesimo atto arrogante di chi crede di poter modificare ritmi e ambiente naturale, sia che l&#8217;energia costi molto come adesso o costi meno come qualche tempo fa (in ogni caso \u00e8 un costo). Inutile fare campagne sul singolo, invitandolo a fare attenzione su ogni cosa, se poi gli esempi sono quelli che abbiamo sotto gli occhi tutte le notti in paesini e citt\u00e0.<\/p>\n<p>&nbsp;<\/p>\n<p>&nbsp;<\/p>\n<p>******<\/p>\n","protected":false},"excerpt":{"rendered":"<p>di Claudio Pra Periodo di bollette energetiche salatissime e di iniziative per contenere il salasso, tra le quali lo spegnimento di parte dell&#8217;illuminazione pubblica in orari notturni. Ma passata l&#8217;emergenza torner\u00e0 tutto come prima? Sentendo gli amministratori credo proprio di si e il peggio \u00e8 che illuminare sembra faccia contenti anche tanti cittadini. Una volta&hellip;<\/p>\n","protected":false},"author":4,"featured_media":308488,"comment_status":"closed","ping_status":"closed","sticky":false,"template":"","format":"standard","meta":{"_monsterinsights_skip_tracking":false,"_monsterinsights_sitenote_active":false,"_monsterinsights_sitenote_note":"","_monsterinsights_sitenote_category":0,"footnotes":""},"categories":[51,104,49],"tags":[],"class_list":["post-308487","post","type-post","status-publish","format-standard","has-post-thumbnail","hentry","category-evidenza-top","category-evidenza_3","category-news-18","category-51","category-104","category-49","description-off"],"img_url":"https:\/\/www.radiopiu.net\/wordpress\/wp-content\/uploads\/2022\/11\/f0dfe020-f401-424b-8d0a-59ec032ff714.jpg","_links":{"self":[{"href":"https:\/\/www.radiopiu.net\/wordpress\/wp-json\/wp\/v2\/posts\/308487","targetHints":{"allow":["GET"]}}],"collection":[{"href":"https:\/\/www.radiopiu.net\/wordpress\/wp-json\/wp\/v2\/posts"}],"about":[{"href":"https:\/\/www.radiopiu.net\/wordpress\/wp-json\/wp\/v2\/types\/post"}],"author":[{"embeddable":true,"href":"https:\/\/www.radiopiu.net\/wordpress\/wp-json\/wp\/v2\/users\/4"}],"replies":[{"embeddable":true,"href":"https:\/\/www.radiopiu.net\/wordpress\/wp-json\/wp\/v2\/comments?post=308487"}],"version-history":[{"count":0,"href":"https:\/\/www.radiopiu.net\/wordpress\/wp-json\/wp\/v2\/posts\/308487\/revisions"}],"wp:featuredmedia":[{"embeddable":true,"href":"https:\/\/www.radiopiu.net\/wordpress\/wp-json\/wp\/v2\/media\/308488"}],"wp:attachment":[{"href":"https:\/\/www.radiopiu.net\/wordpress\/wp-json\/wp\/v2\/media?parent=308487"}],"wp:term":[{"taxonomy":"category","embeddable":true,"href":"https:\/\/www.radiopiu.net\/wordpress\/wp-json\/wp\/v2\/categories?post=308487"},{"taxonomy":"post_tag","embeddable":true,"href":"https:\/\/www.radiopiu.net\/wordpress\/wp-json\/wp\/v2\/tags?post=308487"}],"curies":[{"name":"wp","href":"https:\/\/api.w.org\/{rel}","templated":true}]}}