{"id":308510,"date":"2022-11-27T17:41:05","date_gmt":"2022-11-27T16:41:05","guid":{"rendered":"https:\/\/www.radiopiu.net\/wordpress\/?p=308510"},"modified":"2022-11-28T05:41:58","modified_gmt":"2022-11-28T04:41:58","slug":"inaugurata-una-spettacolare-62ma-mig-a-longarone-grazie-ai-tanti-espositori-e-tantissimi-visitatori","status":"publish","type":"post","link":"https:\/\/www.radiopiu.net\/wordpress\/inaugurata-una-spettacolare-62ma-mig-a-longarone-grazie-ai-tanti-espositori-e-tantissimi-visitatori\/","title":{"rendered":"INAUGURATA UNA SPETTACOLARE 62MA MIG A LONGARONE GRAZIE AI TANTI ESPOSITORI E TANTISSIMI VISITATORI"},"content":{"rendered":"<p><strong><a class=\"dt-pswp-item\" href=\"https:\/\/www.radiopiu.net\/wordpress\/wp-content\/uploads\/2022\/11\/taglio-nastro-ufficiale-della-62a-MIG.jpg\" data-dt-img-description=\"\" data-large_image_width=\"2000\" data-large_image_height=\"1125\"><img loading=\"lazy\" decoding=\"async\" class=\" wp-image-308514 alignleft\" src=\"https:\/\/www.radiopiu.net\/wordpress\/wp-content\/uploads\/2022\/11\/taglio-nastro-ufficiale-della-62a-MIG-300x169.jpg\" alt=\"\" width=\"183\" height=\"103\" srcset=\"https:\/\/www.radiopiu.net\/wordpress\/wp-content\/uploads\/2022\/11\/taglio-nastro-ufficiale-della-62a-MIG-300x169.jpg 300w, https:\/\/www.radiopiu.net\/wordpress\/wp-content\/uploads\/2022\/11\/taglio-nastro-ufficiale-della-62a-MIG-1024x576.jpg 1024w, https:\/\/www.radiopiu.net\/wordpress\/wp-content\/uploads\/2022\/11\/taglio-nastro-ufficiale-della-62a-MIG-768x432.jpg 768w, https:\/\/www.radiopiu.net\/wordpress\/wp-content\/uploads\/2022\/11\/taglio-nastro-ufficiale-della-62a-MIG-1536x864.jpg 1536w, https:\/\/www.radiopiu.net\/wordpress\/wp-content\/uploads\/2022\/11\/taglio-nastro-ufficiale-della-62a-MIG.jpg 2000w\" sizes=\"auto, (max-width: 183px) 100vw, 183px\" \/><\/a>LONGARONE<\/strong> Inizia sotto i migliori auspici la 62\u00b0 edizione del MIG, la Mostra internazionale del gelato a Longarone Fiere Dolomiti. La bella giornata ha fatto accorrere tanti curiosi richiamati anche dai molti personaggi politici e imprenditoriali presenti al taglio del nastro. Un\u2019edizione che si apre con un incoraggiamento da parte del presidente della provincia di Belluno Roberto Padrin ai cittadini della comunit\u00e0 di Casamicciola Terme colpiti da uno smottamento che ha creato pi\u00f9 di qualche allarme. A fare gli onori di casa durante il giro tra gli stand Luca Zaia che, come ogni anno, si \u00e8 divertito a mettersi la giacca da gelatiere e a servire coppe gelato ai visitatori non solo dello stand del Veneto.<\/p>\n<p><strong>IL GOVERNATORE DEL VENETO LUCA ZAIA<\/strong><\/p>\n<div style=\"width: 1200px;\" class=\"wp-video\"><video class=\"wp-video-shortcode\" id=\"video-308510-1\" width=\"1200\" height=\"675\" preload=\"metadata\" controls=\"controls\"><source type=\"video\/mp4\" src=\"https:\/\/www.radiopiu.net\/wordpress\/wp-content\/uploads\/2022\/11\/Luca-Zaia-intervista-grezza.mp4?_=1\" \/><a href=\"https:\/\/www.radiopiu.net\/wordpress\/wp-content\/uploads\/2022\/11\/Luca-Zaia-intervista-grezza.mp4\">https:\/\/www.radiopiu.net\/wordpress\/wp-content\/uploads\/2022\/11\/Luca-Zaia-intervista-grezza.mp4<\/a><\/video><\/div>\n<p>&nbsp;<\/p>\n<p><strong>MICHELE DAL FARRA PRESIDENTE DI LONGARONE FIERE<\/strong><\/p>\n<div style=\"width: 1200px;\" class=\"wp-video\"><video class=\"wp-video-shortcode\" id=\"video-308510-2\" width=\"1200\" height=\"675\" preload=\"metadata\" controls=\"controls\"><source type=\"video\/mp4\" src=\"https:\/\/www.radiopiu.net\/wordpress\/wp-content\/uploads\/2022\/11\/Michele-Dal-Farra-intervista-grezza.mp4?_=2\" \/><a href=\"https:\/\/www.radiopiu.net\/wordpress\/wp-content\/uploads\/2022\/11\/Michele-Dal-Farra-intervista-grezza.mp4\">https:\/\/www.radiopiu.net\/wordpress\/wp-content\/uploads\/2022\/11\/Michele-Dal-Farra-intervista-grezza.mp4<\/a><\/video><\/div>\n<p>&nbsp;<\/p>\n<p><strong>ROBERTO PADRIN, PRESIDENTE DELLA PROVINCIA DI BELLUNO<\/strong><\/p>\n<div style=\"width: 1200px;\" class=\"wp-video\"><video class=\"wp-video-shortcode\" id=\"video-308510-3\" width=\"1200\" height=\"675\" preload=\"metadata\" controls=\"controls\"><source type=\"video\/mp4\" src=\"https:\/\/www.radiopiu.net\/wordpress\/wp-content\/uploads\/2022\/11\/Roberto-padrin-intervista-grezza.mp4?_=3\" \/><a href=\"https:\/\/www.radiopiu.net\/wordpress\/wp-content\/uploads\/2022\/11\/Roberto-padrin-intervista-grezza.mp4\">https:\/\/www.radiopiu.net\/wordpress\/wp-content\/uploads\/2022\/11\/Roberto-padrin-intervista-grezza.mp4<\/a><\/video><\/div>\n<p>&nbsp;<\/p>\n<p>&nbsp;<\/p>\n<p>*******<\/p>\n","protected":false},"excerpt":{"rendered":"<p>LONGARONE Inizia sotto i migliori auspici la 62\u00b0 edizione del MIG, la Mostra internazionale del gelato a Longarone Fiere Dolomiti. La bella giornata ha fatto accorrere tanti curiosi richiamati anche dai molti personaggi politici e imprenditoriali presenti al taglio del nastro. Un\u2019edizione che si apre con un incoraggiamento da parte del presidente della provincia di&hellip;<\/p>\n","protected":false},"author":4,"featured_media":308514,"comment_status":"closed","ping_status":"closed","sticky":false,"template":"","format":"standard","meta":{"_monsterinsights_skip_tracking":false,"_monsterinsights_sitenote_active":false,"_monsterinsights_sitenote_note":"","_monsterinsights_sitenote_category":0,"footnotes":""},"categories":[51,49],"tags":[],"class_list":["post-308510","post","type-post","status-publish","format-standard","has-post-thumbnail","hentry","category-evidenza-top","category-news-18","category-51","category-49","description-off"],"img_url":"https:\/\/www.radiopiu.net\/wordpress\/wp-content\/uploads\/2022\/11\/taglio-nastro-ufficiale-della-62a-MIG.jpg","_links":{"self":[{"href":"https:\/\/www.radiopiu.net\/wordpress\/wp-json\/wp\/v2\/posts\/308510","targetHints":{"allow":["GET"]}}],"collection":[{"href":"https:\/\/www.radiopiu.net\/wordpress\/wp-json\/wp\/v2\/posts"}],"about":[{"href":"https:\/\/www.radiopiu.net\/wordpress\/wp-json\/wp\/v2\/types\/post"}],"author":[{"embeddable":true,"href":"https:\/\/www.radiopiu.net\/wordpress\/wp-json\/wp\/v2\/users\/4"}],"replies":[{"embeddable":true,"href":"https:\/\/www.radiopiu.net\/wordpress\/wp-json\/wp\/v2\/comments?post=308510"}],"version-history":[{"count":0,"href":"https:\/\/www.radiopiu.net\/wordpress\/wp-json\/wp\/v2\/posts\/308510\/revisions"}],"wp:featuredmedia":[{"embeddable":true,"href":"https:\/\/www.radiopiu.net\/wordpress\/wp-json\/wp\/v2\/media\/308514"}],"wp:attachment":[{"href":"https:\/\/www.radiopiu.net\/wordpress\/wp-json\/wp\/v2\/media?parent=308510"}],"wp:term":[{"taxonomy":"category","embeddable":true,"href":"https:\/\/www.radiopiu.net\/wordpress\/wp-json\/wp\/v2\/categories?post=308510"},{"taxonomy":"post_tag","embeddable":true,"href":"https:\/\/www.radiopiu.net\/wordpress\/wp-json\/wp\/v2\/tags?post=308510"}],"curies":[{"name":"wp","href":"https:\/\/api.w.org\/{rel}","templated":true}]}}