{"id":308528,"date":"2022-11-27T19:59:47","date_gmt":"2022-11-27T18:59:47","guid":{"rendered":"https:\/\/www.radiopiu.net\/wordpress\/?p=308528"},"modified":"2022-11-28T05:41:51","modified_gmt":"2022-11-28T04:41:51","slug":"fiab-feltreinbici-lamenta-il-poco-rispetto-per-i-ciclisti-in-centro-citta","status":"publish","type":"post","link":"https:\/\/www.radiopiu.net\/wordpress\/fiab-feltreinbici-lamenta-il-poco-rispetto-per-i-ciclisti-in-centro-citta\/","title":{"rendered":"FIAB FELTREINBICI LAMENTA IL POCO RISPETTO PER I CICLISTI IN CENTRO CITTA&#8217;"},"content":{"rendered":"<p><strong><a class=\"dt-pswp-item\" href=\"https:\/\/www.radiopiu.net\/wordpress\/wp-content\/uploads\/2022\/11\/FIAB-FELTRE.png\" data-dt-img-description=\"\" data-large_image_width=\"1080\" data-large_image_height=\"1440\"><img loading=\"lazy\" decoding=\"async\" class=\" wp-image-308544 alignleft\" src=\"https:\/\/www.radiopiu.net\/wordpress\/wp-content\/uploads\/2022\/11\/FIAB-FELTRE-225x300.png\" alt=\"\" width=\"138\" height=\"184\" srcset=\"https:\/\/www.radiopiu.net\/wordpress\/wp-content\/uploads\/2022\/11\/FIAB-FELTRE-225x300.png 225w, https:\/\/www.radiopiu.net\/wordpress\/wp-content\/uploads\/2022\/11\/FIAB-FELTRE-768x1024.png 768w, https:\/\/www.radiopiu.net\/wordpress\/wp-content\/uploads\/2022\/11\/FIAB-FELTRE.png 1080w\" sizes=\"auto, (max-width: 138px) 100vw, 138px\" \/><\/a>FELTRE <\/strong>Riceviamo e pubblichiamo alcune considerazioni da FIAB FeltreInBici riguardo al poco rispetto per i ciclisti in centro citt\u00e0.<\/p>\n<blockquote><p><em>A Feltre i ciclisti continuano a soffrire. Anche quando la strada \u00e8 pensata per tutti gli utenti, loro compresi. La mobilit\u00e0 condivisa, moderazione del traffico, limite 30 orari, corsie ciclabili potrebbero anche essere una risposta sensata , ma per funzionare hanno bisogno di un requisito indispensabile: il rispetto di ciascuno nei confronti degli altri, specie dei pi\u00f9 deboli e meno ingombranti. Quando le corsie ciclabili diventano sistematicamente la doppia fila dei parcheggi, la mobilit\u00e0 condivisa muore. E si trasforma in una amara beffa per chi ogni giorno contribuisce ad alleggerire il traffico della propria citt\u00e0. E\u2019 necessario un serio e continuativo sforzo di polizia locale e di politica culturale dell\u2019amministrazione, perch\u00e9 altrimenti le corsie ciclabili diventano un inutile esercizio di stile.\u00a0<\/em><\/p><\/blockquote>\n<p>&nbsp;<\/p>\n<p>&nbsp;<\/p>\n<p>&nbsp;<\/p>\n<p>*******<\/p>\n","protected":false},"excerpt":{"rendered":"<p>FELTRE Riceviamo e pubblichiamo alcune considerazioni da FIAB FeltreInBici riguardo al poco rispetto per i ciclisti in centro citt\u00e0. A Feltre i ciclisti continuano a soffrire. Anche quando la strada \u00e8 pensata per tutti gli utenti, loro compresi. La mobilit\u00e0 condivisa, moderazione del traffico, limite 30 orari, corsie ciclabili potrebbero anche essere una risposta sensata&hellip;<\/p>\n","protected":false},"author":4,"featured_media":308544,"comment_status":"closed","ping_status":"closed","sticky":false,"template":"","format":"standard","meta":{"_monsterinsights_skip_tracking":false,"_monsterinsights_sitenote_active":false,"_monsterinsights_sitenote_note":"","_monsterinsights_sitenote_category":0,"footnotes":""},"categories":[51,49],"tags":[],"class_list":["post-308528","post","type-post","status-publish","format-standard","has-post-thumbnail","hentry","category-evidenza-top","category-news-18","category-51","category-49","description-off"],"img_url":"https:\/\/www.radiopiu.net\/wordpress\/wp-content\/uploads\/2022\/11\/FIAB-FELTRE.png","_links":{"self":[{"href":"https:\/\/www.radiopiu.net\/wordpress\/wp-json\/wp\/v2\/posts\/308528","targetHints":{"allow":["GET"]}}],"collection":[{"href":"https:\/\/www.radiopiu.net\/wordpress\/wp-json\/wp\/v2\/posts"}],"about":[{"href":"https:\/\/www.radiopiu.net\/wordpress\/wp-json\/wp\/v2\/types\/post"}],"author":[{"embeddable":true,"href":"https:\/\/www.radiopiu.net\/wordpress\/wp-json\/wp\/v2\/users\/4"}],"replies":[{"embeddable":true,"href":"https:\/\/www.radiopiu.net\/wordpress\/wp-json\/wp\/v2\/comments?post=308528"}],"version-history":[{"count":0,"href":"https:\/\/www.radiopiu.net\/wordpress\/wp-json\/wp\/v2\/posts\/308528\/revisions"}],"wp:featuredmedia":[{"embeddable":true,"href":"https:\/\/www.radiopiu.net\/wordpress\/wp-json\/wp\/v2\/media\/308544"}],"wp:attachment":[{"href":"https:\/\/www.radiopiu.net\/wordpress\/wp-json\/wp\/v2\/media?parent=308528"}],"wp:term":[{"taxonomy":"category","embeddable":true,"href":"https:\/\/www.radiopiu.net\/wordpress\/wp-json\/wp\/v2\/categories?post=308528"},{"taxonomy":"post_tag","embeddable":true,"href":"https:\/\/www.radiopiu.net\/wordpress\/wp-json\/wp\/v2\/tags?post=308528"}],"curies":[{"name":"wp","href":"https:\/\/api.w.org\/{rel}","templated":true}]}}