{"id":308582,"date":"2022-11-29T05:44:00","date_gmt":"2022-11-29T04:44:00","guid":{"rendered":"https:\/\/www.radiopiu.net\/wordpress\/?p=308582"},"modified":"2022-11-29T08:55:04","modified_gmt":"2022-11-29T07:55:04","slug":"giornale-radiopiu-29-novembre-2022-direttore-mirko-mezzacasa","status":"publish","type":"post","link":"https:\/\/www.radiopiu.net\/wordpress\/giornale-radiopiu-29-novembre-2022-direttore-mirko-mezzacasa\/","title":{"rendered":"GIORNALE RADIOPIU 29 NOVEMBRE 2022 DIRETTORE MIRKO MEZZACASA"},"content":{"rendered":"<h3 class=\"kvgmc6g5 cxmmr5t8 oygrvhab hcukyx3x c1et5uql\"><span style=\"color: #0000ff;\"><strong>RADIO PIU INFORMAZIONE il canale su TELEGRAM informazione di prima\u00a0 <\/strong><strong>mano e in tempo reale. iscriviti ed aiutaci a farlo conoscere\u00a0\u00a0<\/strong><\/span><\/h3>\n<p><em>IL PONTE IN PROSSIMITA&#8217; DELLA PISCINA DI AGORDO DA IERI E&#8217; CHIUSO, E LO SARA&#8217; FINO AL 7 DICEMBRE PER LAVORI. NESSUN PROBLEMA PER RAGGIUNGERE LA PISCINA, INFATTI, SI POTRA&#8217; PERCORRERE LA STRADA COMUNALE IN SINISTRA OROGRAFICA DEL TORRENTE ROVA, DIFRONTE AI CAMPI DA TENNIS. IN SENSO CONTRARIO ANCORA PIU&#8217; SEMPLICE L&#8217;INTERSEZIONE CON LA REGIONALE DEL DURAN (AGORDO-LA VALLE) E QUINDI DISCESA PER PONTE ROVA.<\/em><\/p>\n<p><a class=\"dt-pswp-item\" href=\"https:\/\/www.radiopiu.net\/wordpress\/wp-content\/uploads\/2022\/11\/40c7f37e-2f1c-4c85-8811-ef09d82428cd.jpg\" data-dt-img-description=\"\" data-large_image_width=\"960\" data-large_image_height=\"1280\"><img loading=\"lazy\" decoding=\"async\" class=\"size-medium wp-image-308789 aligncenter\" src=\"https:\/\/www.radiopiu.net\/wordpress\/wp-content\/uploads\/2022\/11\/40c7f37e-2f1c-4c85-8811-ef09d82428cd-225x300.jpg\" alt=\"\" width=\"225\" height=\"300\" srcset=\"https:\/\/www.radiopiu.net\/wordpress\/wp-content\/uploads\/2022\/11\/40c7f37e-2f1c-4c85-8811-ef09d82428cd-225x300.jpg 225w, https:\/\/www.radiopiu.net\/wordpress\/wp-content\/uploads\/2022\/11\/40c7f37e-2f1c-4c85-8811-ef09d82428cd-768x1024.jpg 768w, https:\/\/www.radiopiu.net\/wordpress\/wp-content\/uploads\/2022\/11\/40c7f37e-2f1c-4c85-8811-ef09d82428cd.jpg 960w\" sizes=\"auto, (max-width: 225px) 100vw, 225px\" \/><\/a><\/p>\n<hr \/>\n<p>&nbsp;<\/p>\n<blockquote>\n<h3>ACQUA NON POTABILE A GOSALDO<\/h3>\n<\/blockquote>\n<p><strong><a class=\"dt-pswp-item\" href=\"https:\/\/www.radiopiu.net\/wordpress\/wp-content\/uploads\/2018\/08\/ACQUA.jpeg\" data-dt-img-description=\"\" data-large_image_width=\"1280\" data-large_image_height=\"768\"><img loading=\"lazy\" decoding=\"async\" class=\" wp-image-57052 alignleft\" src=\"https:\/\/www.radiopiu.net\/wordpress\/wp-content\/uploads\/2018\/08\/ACQUA-300x180.jpeg\" alt=\"\" width=\"115\" height=\"69\" srcset=\"https:\/\/www.radiopiu.net\/wordpress\/wp-content\/uploads\/2018\/08\/ACQUA-300x180.jpeg 300w, https:\/\/www.radiopiu.net\/wordpress\/wp-content\/uploads\/2018\/08\/ACQUA-768x461.jpeg 768w, https:\/\/www.radiopiu.net\/wordpress\/wp-content\/uploads\/2018\/08\/ACQUA-1024x614.jpeg 1024w, https:\/\/www.radiopiu.net\/wordpress\/wp-content\/uploads\/2018\/08\/ACQUA.jpeg 1280w\" sizes=\"auto, (max-width: 115px) 100vw, 115px\" \/><\/a>GOSALDO<\/strong> Gestione Servizi Pubblici informa che a GOSALDO nelle localit\u00e0 LE CASE, CURTI e INCASAL l&#8217;acqua erogata dall&#8217;acquedotto non \u00e8 potabile e pu\u00f2 essere usata per scopi alimentari SOLO PREVIA bollitura. GSP ha, comunque, gi\u00e0 adottato le necessarie misure per la disinfezione dell&#8217;acqua presente nei serbatoi e nella rete idrica con l&#8217;aggiunta di cloro.<\/p>\n<p>&nbsp;<\/p>\n<p><strong>INTERRUZIONI PROGRAMMATE<\/strong><\/p>\n<p><strong>VOLTAGO<\/strong> Gestione Servizi Pubblici informa che, per lavori alla rete idrica comunale, fino a domani, dalle 8.00 alle 17.00, potrebbe mancare l&#8217;acqua a VOLTAGO AGORDINO in Localit\u00e0 CAPOLUOGO. Il personale addetto operer\u00e0 per limitare il pi\u00f9 possibile i disagi alla popolazione.<\/p>\n<p>&nbsp;<\/p>\n<hr \/>\n<p>&nbsp;<\/p>\n<blockquote>\n<h3>VENERDI&#8217; 2 DICEMBRE SCIOPERO NAZIONALE DEI TRASPORTI PUBBLICI<\/h3>\n<\/blockquote>\n<p><strong>BELLUNO<\/strong> Venerd\u00ec 2 dicembre \u00e8 stato indetto uno sciopero nazionale del settore pubblico e privato dei trasporti. Dolomiti Bus aderisce allo sciopero e garantisce le corse dalle 5:40 alle 8:09 e dalle 12:10 alle 15:39.<\/p>\n<p>&nbsp;<\/p>\n<hr \/>\n<p>&nbsp;<\/p>\n<blockquote>\n<h3>LA MORTE DEL BIMBO DI 15 MESI &#8220;HA VINTO IL BATTERIO, HA PERSO LA MEDICINA&#8221;, IL GRANDE GESTO DEI GENITORI, LA DECISIONE DI DONARE CUORE E FEGATO. CHRISTIAN RIVIVRA&#8217; IN DUE BAMBINI<\/h3>\n<\/blockquote>\n<p><strong><img loading=\"lazy\" decoding=\"async\" class=\"alignleft\" src=\"https:\/\/www.radiopiu.net\/wordpress\/wp-content\/uploads\/2022\/11\/WhatsApp-Image-2022-11-28-at-15.36.43.jpeg\" width=\"283\" height=\"159\" \/>REDAZIONE<\/strong> Conferenza stampa del responsabile della Prevenzione della Ulss1 Dottor Sandro Cinquetti sul caso del bimbo di 15 mesi morto per meningite fulminante.<\/p>\n<p>Cinquetti lo definisce un doloroso caso di meningite pneumococcica, il pneumococco presenta 90 tipi diversi, in questo doloroso caso si \u00e8 rivelato un batterio impegnativo \u00e8 una forma invasiva\u00a0 andata oltre il modo ordinario.\u00a0 Un caso difficile con la\u00a0 dolorosa morte di un bimbo di 15 mesi. La mia ipotesi? Che abbia avuto un&#8217;infezione per un ceppo non coperto da vaccino. Non sar\u00e0 necessaria alcuna profilassi. Non c&#8217;\u00e8 stata nessuna negligenza dei genitori che avevano previsto le vaccinazione (2), la terza \u00e8 stata posticipata perch\u00e9 il bimbo non stava bene. Nessun ritardo nella inoculazione della terza dose che era comunque prevista per questo periodo.<\/p>\n<p><strong>L&#8217;Azienda Ulss1 \u00e8 vicina alla famiglia e porge le pi\u00f9 sentite condoglianze<\/strong><\/p>\n<p><strong>IL SERVIZIO DI MORENO GIOLI<\/strong><\/p>\n<audio class=\"wp-audio-shortcode\" id=\"audio-308582-1\" preload=\"none\" style=\"width: 100%;\" controls=\"controls\"><source type=\"audio\/mpeg\" src=\"https:\/\/www.radiopiu.net\/wordpress\/wp-content\/uploads\/2022\/11\/GIOLI-BIMBO-MENINGITE.mp3?_=1\" \/><a href=\"https:\/\/www.radiopiu.net\/wordpress\/wp-content\/uploads\/2022\/11\/GIOLI-BIMBO-MENINGITE.mp3\">https:\/\/www.radiopiu.net\/wordpress\/wp-content\/uploads\/2022\/11\/GIOLI-BIMBO-MENINGITE.mp3<\/a><\/audio>\n<p>&nbsp;<\/p>\n<p><strong>IL DOTTOR SANDRO CINQUETTI<\/strong><\/p>\n<audio class=\"wp-audio-shortcode\" id=\"audio-308582-2\" preload=\"none\" style=\"width: 100%;\" controls=\"controls\"><source type=\"audio\/mpeg\" src=\"https:\/\/www.radiopiu.net\/wordpress\/wp-content\/uploads\/2022\/11\/CINQUETTI2.mp3?_=2\" \/><a href=\"https:\/\/www.radiopiu.net\/wordpress\/wp-content\/uploads\/2022\/11\/CINQUETTI2.mp3\">https:\/\/www.radiopiu.net\/wordpress\/wp-content\/uploads\/2022\/11\/CINQUETTI2.mp3<\/a><\/audio>\n<p>&nbsp;<\/p>\n<p><span style=\"color: #ff0000;\"><strong>LE DOMANDE AL DOTTOR CINQUETTI<\/strong><\/span><\/p>\n<p><strong>E&#8217; NECESSARIA LA PROFILASSI?<\/strong><br \/>\nPer il pneumococco questo batterio non determina quasi mai focolai. Per questo motivo non \u00e8 prevista la profilassi.<br \/>\n<strong>IL BAMBINO ERA VACCINATO?<\/strong><br \/>\nIn regola con l&#8217;obbligo vaccinale, due dosi di vaccino pneumococcico, raccomandato e non obbligatorio. Aveva fatto le prime due cosi, non la terza perch\u00e9 da un paio di mesi aveva problemi respiratori ricorrenti, compreso il covid.<br \/>\n<strong>PUO&#8217; ESSERE CHE QUESTI DUE MESI DI VARIE MALATTIE ABBIANO ABBATTUTO LE SUE DIFESE IMMUNITARIE?<\/strong><br \/>\nQueste sono forme rare, \u00e8 un caso infelice e sfortunato in cui si \u00e8 verificato. Succede, le malattie infettive esistono. Il vaccino sta rincorrendo sempre pi\u00f9 ceppi.<br \/>\n<strong>QUALE LA DIAGNOSI<\/strong><br \/>\nMeningite da pneumococco, i bimbo \u00e8 morto da una forma invasiva da pneumococco. Sono forme devastanti. La medicina fa molto, ma in alcuni casi non ce la fa. E&#8217; una sconfitta per la medicina non essendo riusciti a risolvere questo caso, ha vinto il batterio.<br \/>\n<strong>QUALI I SINTOMI?<\/strong><br \/>\nIl bambino \u00e8 arrivato in ospedale con una forma respiratoria di forma virale come spesso era accaduto nell&#8217;utimo periodo. Il problema \u00e8 la rapidit\u00e0 di questi batteri. Pur essendoci terapie anche antibiotiche, la rapidit\u00e0 spesso porta e decessi o debilitazioni permanenti. Erano stati fatti dei test orientati sulla forma virale. Nella notte tra mercoledi e giovedi la situazione \u00e8 purtroppo precipitata per questo si parla di meningite fulminante, evoluzione drammatica in poche ore.<br \/>\n<strong>MORTE CON COVID E NON DA COVID<\/strong><br \/>\nIl covid era solo transitato. Il covid in questo bambino era un caso risolto, c&#8217;\u00e8 stata un&#8217;evoluzione drammatica per il batterio.<\/p>\n<p>&nbsp;<\/p>\n<p>&nbsp;<\/p>\n<hr \/>\n<p>&nbsp;<\/p>\n<blockquote>\n<h3>IL MESSAGGIO DI VICINANZA DEL SINDACO DI BELLUNO ALLA FAMIGLIA DEL BIMBO MORTO DI MENINGITE<\/h3>\n<\/blockquote>\n<p><strong><a class=\"dt-pswp-item\" href=\"https:\/\/www.radiopiu.net\/wordpress\/wp-content\/uploads\/2019\/07\/Oscar-De-Pellegrin.jpg\" data-dt-img-description=\"\" data-large_image_width=\"2449\" data-large_image_height=\"1633\"><img loading=\"lazy\" decoding=\"async\" class=\" wp-image-93050 alignleft\" src=\"https:\/\/www.radiopiu.net\/wordpress\/wp-content\/uploads\/2019\/07\/Oscar-De-Pellegrin-300x200.jpg\" alt=\"\" width=\"177\" height=\"118\" srcset=\"https:\/\/www.radiopiu.net\/wordpress\/wp-content\/uploads\/2019\/07\/Oscar-De-Pellegrin-300x200.jpg 300w, https:\/\/www.radiopiu.net\/wordpress\/wp-content\/uploads\/2019\/07\/Oscar-De-Pellegrin-768x512.jpg 768w, https:\/\/www.radiopiu.net\/wordpress\/wp-content\/uploads\/2019\/07\/Oscar-De-Pellegrin-1024x683.jpg 1024w\" sizes=\"auto, (max-width: 177px) 100vw, 177px\" \/><\/a>BELLUNO <\/strong>\u201cNon ci sono parole che possono lenire l\u2019enorme dolore della famiglia del piccolo Christian, strappato alla vita all\u2019et\u00e0 di 15 mesi. La notizia ci lascia inermi e sconvolti, l\u2019ineluttabilit\u00e0 della morte \u00e8 sempre difficile da accettare, ma quando colpisce una vita cos\u00ec piccola, una creatura che si affaccia alla vita, \u00e8 qualcosa di straziante e incomprensibile. L\u2019intera citt\u00e0 oggi piange e si stringe alla mamma e al pap\u00e0 del piccolo. E\u2019 l\u2019abbraccio di una comunit\u00e0 che sente il piccolo Christian come figlio, un po\u2019, di tutti noi. Sar\u00e0 mia cura incontrare i genitori e stringerli davvero in un abbraccio, non appena sar\u00e0 possibile\u201d. Queste le parole del sindaco di Belluno Oscar De Pellegrin in seguito alla notizia della scomparsa del piccolo di 15 mesi colpito da meningite.<\/p>\n<p>&nbsp;<\/p>\n<hr \/>\n<p>&nbsp;<\/p>\n<blockquote>\n<h3>SCHIANTO TRA DUE AUTO, FERITO ESTRATTO DALLA LAMIERE<\/h3>\n<\/blockquote>\n<p><strong>BELLUNO<\/strong> Incidente ieri mattina in via Agordo lungo la regionale 203 agordina tra due auto una Panda che\u00a0 si immetteva sulla regionale 204 agordina e la Skoda che non \u00e8 riuscita ad evitare l&#8217;impatto. Un uomo di 87 anni, \u00a0A.D.B. di Belluno, \u00e8 stato estratto dai vigili del fuoco dall&#8217;abitacolo della Panda\u00a0 rovesciata. I pompieri hanno dovuto tagliare il tettuccio dell&#8217;auto per permettere ai sanitari di soccorrere l&#8217;infortunato. Estratto cosciente dalla vettura\u00a0 non ha riportato traumi importanti. Illeso il conducente della Skoda Yeti N.B., 72 anni di Sedico.<\/p>\n\n\t\t\t<style type='text\/css'>\n\t\t\t\t#gallery-1 {\n\t\t\t\t\tmargin: auto;\n\t\t\t\t}\n\t\t\t\t#gallery-1 .gallery-item {\n\t\t\t\t\tfloat: left;\n\t\t\t\t\tmargin-top: 10px;\n\t\t\t\t\ttext-align: center;\n\t\t\t\t\twidth: 50%;\n\t\t\t\t}\n\t\t\t\t#gallery-1 img {\n\t\t\t\t\tborder: 2px solid #cfcfcf;\n\t\t\t\t}\n\t\t\t\t#gallery-1 .gallery-caption {\n\t\t\t\t\tmargin-left: 0;\n\t\t\t\t}\n\t\t\t\t\/* see gallery_shortcode() in wp-includes\/media.php *\/\n\t\t\t<\/style>\n\t\t<div id='gallery-1' class='dt-gallery-container gallery galleryid-308582 gallery-columns-2 gallery-size-thumbnail'><dl class='gallery-item'>\n\t\t\t\t<dt class='gallery-icon landscape'>\n\t\t\t\t\t<a class=\"rollover rollover-zoom dt-pswp-item\" title=\"Senza nome\" data-dt-img-description=\"\" data-large_image_width=\"467\" data-large_image_height=\"276\"href='https:\/\/www.radiopiu.net\/wordpress\/wp-content\/uploads\/2022\/11\/Senza-nome-7.png'><img loading=\"lazy\" decoding=\"async\" width=\"150\" height=\"150\" src=\"https:\/\/www.radiopiu.net\/wordpress\/wp-content\/uploads\/2022\/11\/Senza-nome-7-150x150.png\" class=\"attachment-thumbnail size-thumbnail\" alt=\"\" \/><\/a>\n\t\t\t\t<\/dt><\/dl><dl class='gallery-item'>\n\t\t\t\t<dt class='gallery-icon landscape'>\n\t\t\t\t\t<a class=\"rollover rollover-zoom dt-pswp-item\" title=\"Senza nome\" data-dt-img-description=\"\" data-large_image_width=\"453\" data-large_image_height=\"253\"href='https:\/\/www.radiopiu.net\/wordpress\/wp-content\/uploads\/2022\/11\/Senza-nome-116.jpg'><img loading=\"lazy\" decoding=\"async\" width=\"150\" height=\"150\" src=\"https:\/\/www.radiopiu.net\/wordpress\/wp-content\/uploads\/2022\/11\/Senza-nome-116-150x150.jpg\" class=\"attachment-thumbnail size-thumbnail\" alt=\"\" \/><\/a>\n\t\t\t\t<\/dt><\/dl><br style=\"clear: both\" \/>\n\t\t\t<\/div>\n\n<p><strong>FOTO CORRIERE DELLE ALPI\u00a0<\/strong><\/p>\n<hr \/>\n<p>&nbsp;<\/p>\n<blockquote>\n<h3>INCIDENTE AD AGORDO, AL PONTE ROVA<\/h3>\n<\/blockquote>\n<h3 class=\"kvgmc6g5 cxmmr5t8 oygrvhab hcukyx3x c1et5uql\"><span style=\"color: #0000ff;\"><strong><a class=\"dt-pswp-item\" href=\"https:\/\/www.radiopiu.net\/wordpress\/wp-content\/uploads\/2022\/11\/871d4e54-3eca-4e33-ac3d-ba88a708c707.jpg\" data-dt-img-description=\"\" data-large_image_width=\"1024\" data-large_image_height=\"893\"><img loading=\"lazy\" decoding=\"async\" class=\"size-medium wp-image-308742 alignleft\" src=\"https:\/\/www.radiopiu.net\/wordpress\/wp-content\/uploads\/2022\/11\/871d4e54-3eca-4e33-ac3d-ba88a708c707-300x262.jpg\" alt=\"\" width=\"300\" height=\"262\" srcset=\"https:\/\/www.radiopiu.net\/wordpress\/wp-content\/uploads\/2022\/11\/871d4e54-3eca-4e33-ac3d-ba88a708c707-300x262.jpg 300w, https:\/\/www.radiopiu.net\/wordpress\/wp-content\/uploads\/2022\/11\/871d4e54-3eca-4e33-ac3d-ba88a708c707-768x670.jpg 768w, https:\/\/www.radiopiu.net\/wordpress\/wp-content\/uploads\/2022\/11\/871d4e54-3eca-4e33-ac3d-ba88a708c707.jpg 1024w\" sizes=\"auto, (max-width: 300px) 100vw, 300px\" \/><\/a><\/strong><\/span><\/h3>\n<p><strong>AGORDO<\/strong> Poco dopo le 17 di ieri sera c&#8217;\u00e8 stato un incidente ad Agordo, subito dopo il ponte Rova scendendo verso Belluno lungo la regionale 203 agordina. Coinvolte una Panda e un Pickup che si sono scontrate lateralmente. Sul posto i Carabinieri di Agordo e Falcade e i Vigili del Fuoco di Agordo che hanno provveduto alla messa in sicurezza dei veicoli e la pulizia della strada. L&#8217;impatto tra i veicoli \u00e8 avvenuto all&#8217;altezza dell&#8217;incrocio per La Valle, di fronte al Mobilificio Roccon. Sul posto l&#8217;ambulanza del 118 (Pronto Soccorso di Agordo), per le ferite lievi riportate dalle tre persone coinvolte nel sinistro.<\/p>\n<p>&nbsp;<\/p>\n<div style=\"width: 848px;\" class=\"wp-video\"><video class=\"wp-video-shortcode\" id=\"video-308582-1\" width=\"848\" height=\"480\" preload=\"metadata\" controls=\"controls\"><source type=\"video\/mp4\" src=\"https:\/\/www.radiopiu.net\/wordpress\/wp-content\/uploads\/2022\/11\/WhatsApp-Video-2022-11-28-at-17.36.51.mp4?_=1\" \/><a href=\"https:\/\/www.radiopiu.net\/wordpress\/wp-content\/uploads\/2022\/11\/WhatsApp-Video-2022-11-28-at-17.36.51.mp4\">https:\/\/www.radiopiu.net\/wordpress\/wp-content\/uploads\/2022\/11\/WhatsApp-Video-2022-11-28-at-17.36.51.mp4<\/a><\/video><\/div>\n<p>&nbsp;<\/p>\n<hr \/>\n<p>&nbsp;<\/p>\n<blockquote>\n<h3>ANZIANA FALCIATA VICINO ALLE STRISCE PEDONALI A SANTA GIUSTINA: IL PM CHIEDE 10 MESI DI RECLUSIONE PER L\u2019IMPUTATO<\/h3>\n<\/blockquote>\n<p><strong><a class=\"dt-pswp-item\" href=\"https:\/\/www.radiopiu.net\/wordpress\/wp-content\/uploads\/2022\/06\/TRIBUNALE-2.jpg\" data-dt-img-description=\"\" data-large_image_width=\"960\" data-large_image_height=\"720\"><img loading=\"lazy\" decoding=\"async\" class=\" wp-image-282908 alignleft\" src=\"https:\/\/www.radiopiu.net\/wordpress\/wp-content\/uploads\/2022\/06\/TRIBUNALE-2-300x225.jpg\" alt=\"\" width=\"189\" height=\"142\" srcset=\"https:\/\/www.radiopiu.net\/wordpress\/wp-content\/uploads\/2022\/06\/TRIBUNALE-2-300x225.jpg 300w, https:\/\/www.radiopiu.net\/wordpress\/wp-content\/uploads\/2022\/06\/TRIBUNALE-2-768x576.jpg 768w, https:\/\/www.radiopiu.net\/wordpress\/wp-content\/uploads\/2022\/06\/TRIBUNALE-2.jpg 960w\" sizes=\"auto, (max-width: 189px) 100vw, 189px\" \/><\/a>BELLUNO<\/strong> Il pubblico ministero ha chiesto 10 mesi di reclusione e la sospensione della patente per un anno nei confronti di Kyd Fontana, il 40enne bellunese che il 18 gennaio 2019 invest\u00ec e uccise Vittoria Maria Cappello, mentre attraversava la strada a Santa Giustina a pochi metri dalle strisce pedonali. La famiglia della donna, all\u2019epoca dei fatti 76enne, si \u00e8 affidata a Giesse Risarcimento Danni, gruppo specializzato nella tutela dei familiari delle vittime di incidenti stradali mortali, ed \u00e8 gi\u00e0 riuscita a ottenere un risarcimento per via stragiudiziale. Rimane per\u00f2 aperto il procedimento penale. L\u2019incidente avvenne alle 17.20 sulla strada provinciale 2, a Santa Giustina. Come emerso in fase di indagine, Fontana non aveva bevuto e non stava usando il cellulare. Secondo il consulente tecnico della Procura, l\u2019ingegner Pierluigi Zamuner, c\u2019erano quindi tutti i presupposti per accorgersi del pedone e frenare in tempo: \u201cL\u2019automobilista \u2013 si legge nella ctu &#8211; disponeva di tempi e spazi ampiamenti sufficienti per poter evitare la collisione\u201d. Invece, invest\u00ec Maria Vittoria Cappello \u201cquando aveva ormai da tempo impegnato la sede stradale \u2013 scrive sempre il consulente &#8211; per di pi\u00f9 a ridosso di un passaggio pedonale, impedendole di completare l&#8217;attraversamento in sicurezza\u201d. E conclude: \u201cL&#8217;automobilista si sarebbe avveduto con macroscopico ritardo della signora Cappello, in accordo con quanto dichiarato dai testi che avrebbero sentito il Fontana riferire di non aver visto il pedone\u201d. Il pm ha chiesto la condanna dell\u2019imputato a 10 mesi di reclusione e la sospensione della patente per un anno.<\/p>\n<p>&nbsp;<\/p>\n<hr \/>\n<p><span style=\"color: #ff0000;\"><strong>\u00a0<\/strong><\/span><\/p>\n<p><span style=\"color: #ff0000;\"><strong>IERI ALLA RADIO<\/strong><\/span><\/p>\n<blockquote>\n<h2>203 AGORDINA CHIUSA&#8230; PER IL PASSAGGIO DEGLI UNGULATI<\/h2>\n<\/blockquote>\n<p>&nbsp;<\/p>\n<blockquote><p><em>Nulla di nuovo&#8230; forse \u00e8 la volta buona che il Parco Nazionale delle Dolomiti, Veneto Strade e la Provincia prendano seri provvedimenti. Il pericolo \u00e8 evidente, e due eventi luttuosi degli ultimi anni lo confermano. Servono corridoi ecologici, ma subito non tra qualche anno. Un motociclista un paio d&#8217;estati fa, di primo mattino si scontro&#8217; con un cervo, stava salendo da Bellluno verso l&#8217;Agordino, impatto inevitabile. E&#8217; di poche settimane fa il secondo incidente mortale in cui ha perso la vita Alessandro, il giovane che di primo mattino, a pochi giorni dalla laurea stava salendo ad Agordo per iniziare la giornata lavorativa in Luxottica. Due gravi eventi che nessuno ha dimenticato e che fanno riflettere pensare ogni volta che si percorre la regionale 203 agordina<\/em><\/p><\/blockquote>\n<p><img loading=\"lazy\" decoding=\"async\" class=\"aligncenter\" src=\"https:\/\/www.radiopiu.net\/wordpress\/wp-content\/uploads\/2022\/11\/316833413_516350443866966_5168100176980117843_n.jpg\" width=\"212\" height=\"178\" \/><\/p>\n<p><strong>DI MORENO GIOLI<\/strong><\/p>\n<audio class=\"wp-audio-shortcode\" id=\"audio-308582-3\" preload=\"none\" style=\"width: 100%;\" controls=\"controls\"><source type=\"audio\/mpeg\" src=\"https:\/\/www.radiopiu.net\/wordpress\/wp-content\/uploads\/2022\/11\/DE-BON.mp3?_=3\" \/><a href=\"https:\/\/www.radiopiu.net\/wordpress\/wp-content\/uploads\/2022\/11\/DE-BON.mp3\">https:\/\/www.radiopiu.net\/wordpress\/wp-content\/uploads\/2022\/11\/DE-BON.mp3<\/a><\/audio>\n<p><strong>FOTO DALLA PAGINA DI VENETO STRADE:\u00a0<\/strong> <span class=\"x3nfvp2 x1j61x8r x1fcty0u xdj266r xhhsvwb xat24cr xgzva0m xxymvpz xlup9mm x1kky2od\"><img loading=\"lazy\" decoding=\"async\" src=\"https:\/\/static.xx.fbcdn.net\/images\/emoji.php\/v9\/tdc\/1\/16\/26a0.png\" alt=\"&#x26a0;&#xfe0f;\" width=\"16\" height=\"16\" \/><\/span> Diversi esemplari di cervi si stanno muovendo in branco sulla SR 203 \u201cAgordina\u201d in localit\u00e0 Candeten. Veneto Strade raccomanda la massima attenzione durante il transito sul tratto interessato. <a class=\"x1i10hfl xjbqb8w x6umtig x1b1mbwd xaqea5y xav7gou x9f619 x1ypdohk xt0psk2 xe8uvvx xdj266r x11i5rnm xat24cr x1mh8g0r xexx8yu x4uap5 x18d9i69 xkhd6sd x16tdsg8 x1hl2dhg xggy1nq x1a2a7pz xt0b8zv x1qq9wsj xo1l8bm\" tabindex=\"0\" role=\"link\" href=\"https:\/\/www.facebook.com\/RegionedelVeneto?__cft__[0]=AZUVvOuVdazszXMULhDjGSUIBijoOB7kb_QeCX147M7mTmvxyH0vb8G2dhgOc8exfCw_AHYA_rogUTdOIjFE12axNPkSc-V6bX38ulnqaYhDKecgioNq4Pzy--K_5FIKEic&amp;__tn__=-]K-R\"><span class=\"xt0psk2\">Regione del Veneto<\/span><\/a><\/p>\n<p>&nbsp;<\/p>\n<p><strong>LA NOTIZIA\u00a0 PUR CON QUALCHE INESATTEZZA IERI E&#8217; RIMBALZATA ANCHE SUL RESTO DEL CARLINO<\/strong><\/p>\n<p><a class=\"dt-pswp-item\" href=\"https:\/\/www.radiopiu.net\/wordpress\/wp-content\/uploads\/2022\/11\/Senza-nome-6.png\" data-dt-img-description=\"\" data-large_image_width=\"342\" data-large_image_height=\"505\"><img loading=\"lazy\" decoding=\"async\" class=\"size-medium wp-image-308790 aligncenter\" src=\"https:\/\/www.radiopiu.net\/wordpress\/wp-content\/uploads\/2022\/11\/Senza-nome-6-203x300.png\" alt=\"\" width=\"203\" height=\"300\" srcset=\"https:\/\/www.radiopiu.net\/wordpress\/wp-content\/uploads\/2022\/11\/Senza-nome-6-203x300.png 203w, https:\/\/www.radiopiu.net\/wordpress\/wp-content\/uploads\/2022\/11\/Senza-nome-6.png 342w\" sizes=\"auto, (max-width: 203px) 100vw, 203px\" \/><\/a><\/p>\n<p>&nbsp;<\/p>\n<blockquote>\n<h3>TRE GIORNI FA ALLA RADIO: GIUSTO PER RICORDARE AGLI ENTI PREPOSTI CHE ABBIAMO UN PROBLEMA<\/h3>\n<\/blockquote>\n<p><strong>SEDICO\u00a0<\/strong> Rettilineo di Candaten, non sappiamo chi sia l&#8217;autrice del video, ma mette in evidenza che il Parco Nazionale Dolomiti Bellunesi (sul suo territorio), Veneto Strade (sulla strade che gestisce), gli automobilisti in transito hanno un problemino. Quotidiano.<\/p>\n<div style=\"width: 426px;\" class=\"wp-video\"><video class=\"wp-video-shortcode\" id=\"video-308582-2\" width=\"426\" height=\"234\" preload=\"metadata\" controls=\"controls\"><source type=\"video\/mp4\" src=\"https:\/\/www.radiopiu.net\/wordpress\/wp-content\/uploads\/2022\/11\/WhatsApp-Video-2022-11-18-at-09.47.24-3.mp4?_=2\" \/><a href=\"https:\/\/www.radiopiu.net\/wordpress\/wp-content\/uploads\/2022\/11\/WhatsApp-Video-2022-11-18-at-09.47.24-3.mp4\">https:\/\/www.radiopiu.net\/wordpress\/wp-content\/uploads\/2022\/11\/WhatsApp-Video-2022-11-18-at-09.47.24-3.mp4<\/a><\/video><\/div>\n<p>&nbsp;<\/p>\n<p>&nbsp;<\/p>\n<hr \/>\n<p>&nbsp;<\/p>\n<p><span style=\"color: #ff0000;\"><strong>IERI ALLA RADIO, IL GRAZIE DEL SINDACO MAURO SOPPELSA, LA GIORNATA DEI DONATO DEL SANGUE DI CENCENIGHE<\/strong><\/span><\/p>\n<p>&nbsp;<\/p>\n<blockquote>\n<h3><img loading=\"lazy\" decoding=\"async\" class=\"alignleft\" src=\"https:\/\/www.radiopiu.net\/wordpress\/wp-content\/uploads\/2022\/11\/2af77bd8-8aef-465d-afbd-010f4b296632.jpg\" width=\"199\" height=\"112\" \/>IL FINE SETTIMANA A CENCENIGHE AGORDINO, IL GRAZIE AL MONDO DEL VOLONTARIATO<\/h3>\n<\/blockquote>\n<p><strong>di Mirko Mezzacasa<\/strong><\/p>\n<p><strong>AUDIO<\/strong><\/p>\n<audio class=\"wp-audio-shortcode\" id=\"audio-308582-4\" preload=\"none\" style=\"width: 100%;\" controls=\"controls\"><source type=\"audio\/mpeg\" src=\"https:\/\/www.radiopiu.net\/wordpress\/wp-content\/uploads\/2022\/11\/VOLONTARI-CENCENIGHE.mp3?_=4\" \/><a href=\"https:\/\/www.radiopiu.net\/wordpress\/wp-content\/uploads\/2022\/11\/VOLONTARI-CENCENIGHE.mp3\">https:\/\/www.radiopiu.net\/wordpress\/wp-content\/uploads\/2022\/11\/VOLONTARI-CENCENIGHE.mp3<\/a><\/audio>\n<p>&nbsp;<\/p>\n<p>&nbsp;<\/p>\n<blockquote>\n<h3>L&#8217;INCONTRO DI CENCENIGHE SUI TUMORI GINECOLOGICI CON PETRA DE ZANET DI ACTO TRIVENETO<\/h3>\n<\/blockquote>\n<p><strong><a class=\"dt-pswp-item\" href=\"https:\/\/www.radiopiu.net\/wordpress\/wp-content\/uploads\/2022\/11\/CENCENIGHE-NOF-FILO.png\" data-dt-img-description=\"\" data-large_image_width=\"1494\" data-large_image_height=\"962\"><img loading=\"lazy\" decoding=\"async\" class=\" wp-image-308445 alignleft\" src=\"https:\/\/www.radiopiu.net\/wordpress\/wp-content\/uploads\/2022\/11\/CENCENIGHE-NOF-FILO-300x193.png\" alt=\"\" width=\"197\" height=\"127\" srcset=\"https:\/\/www.radiopiu.net\/wordpress\/wp-content\/uploads\/2022\/11\/CENCENIGHE-NOF-FILO-300x193.png 300w, https:\/\/www.radiopiu.net\/wordpress\/wp-content\/uploads\/2022\/11\/CENCENIGHE-NOF-FILO-1024x659.png 1024w, https:\/\/www.radiopiu.net\/wordpress\/wp-content\/uploads\/2022\/11\/CENCENIGHE-NOF-FILO-768x495.png 768w, https:\/\/www.radiopiu.net\/wordpress\/wp-content\/uploads\/2022\/11\/CENCENIGHE-NOF-FILO.png 1494w\" sizes=\"auto, (max-width: 197px) 100vw, 197px\" \/><\/a>CENCENIGHE<\/strong><\/p>\n<p>di Gianni Santomaso<\/p>\n<audio class=\"wp-audio-shortcode\" id=\"audio-308582-5\" preload=\"none\" style=\"width: 100%;\" controls=\"controls\"><source type=\"audio\/mpeg\" src=\"https:\/\/www.radiopiu.net\/wordpress\/wp-content\/uploads\/2022\/11\/GIANNI-TUMORI-GINECOLOGICI-CENCENIGHE.mp3?_=5\" \/><a href=\"https:\/\/www.radiopiu.net\/wordpress\/wp-content\/uploads\/2022\/11\/GIANNI-TUMORI-GINECOLOGICI-CENCENIGHE.mp3\">https:\/\/www.radiopiu.net\/wordpress\/wp-content\/uploads\/2022\/11\/GIANNI-TUMORI-GINECOLOGICI-CENCENIGHE.mp3<\/a><\/audio>\n<p>&nbsp;<\/p>\n<p>&nbsp;<\/p>\n<hr \/>\n<p>&nbsp;<\/p>\n<blockquote>\n<h2>TAIBON-INTERREG, OGGI L&#8217;INCONTRO DEI PARTNER<\/h2>\n<\/blockquote>\n<p><img loading=\"lazy\" decoding=\"async\" class=\"alignleft\" src=\"https:\/\/www.radiopiu.net\/wordpress\/wp-content\/uploads\/2022\/11\/Senza-nome-110.jpg\" width=\"271\" height=\"134\" \/><strong>TAIBON<\/strong> Ed ora si tirano le somme, traguardo in vista per il progetto Interreg che ha portato alla tabellazione dei tracciati nel Comune ai piedi del monte Agner.\u00a0 Oggi alle 11 l&#8217;incontro in Municipio con l&#8217;amministrazione comunale e il GAL Alto Bellunese.\u00a0 Saranno presentati i lavori e successivamente gli addetti ai lavori si trasferiranno <span id=\"page4R_mcid4\" class=\"markedContent\"><span dir=\"ltr\" role=\"presentation\">al punto di partenza dei percorsi\u00a0 per la\u00a0 <\/span><\/span><span id=\"page4R_mcid5\" class=\"markedContent\"><span dir=\"ltr\" role=\"presentation\">passeggiata panoramica. Ad Agordo, presso l&#8217;istituto minerario, visita ai <\/span><\/span><span id=\"page4R_mcid8\" class=\"markedContent\"><span dir=\"ltr\" role=\"presentation\">\u00a0\u201ccento passi nella geologia\u201d.\u00a0<\/span><\/span><\/p>\n<p>&nbsp;<\/p>\n<p>&nbsp;<\/p>\n<hr \/>\n<p>&nbsp;<\/p>\n<blockquote>\n<h3>CON I BAMBINI DELLA PRIMARIA L&#8217;ALFABETO DELLA GENTILEZZA<\/h3>\n<\/blockquote>\n<p><strong>PONTE NELLE ALPI\u00a0<\/strong> \u00a0Giornate di iniziative, ricche di emozioni e significati con protagonisti i\u00a0 bambini della scuola primaria dell\u2019Istituto comprensivo del territorio, con la panchina dipinta di rosso, a rappresentare il posto occupato da una donna che non c\u2019\u00e8 pi\u00f9 ma anche attraverso la lettura di favole a tema e i lavori svolti in classe dagli alunni, guidati dalle insegnanti. I bambini della classe seconda, legati alla scuola primaria di Oltrerai, hanno raccolto nell\u2019Alfabeto della Gentilezza un gioco, inventato dalla giornalista Gaia Simonetti, che associa ad ogni lettera una parola destinata ad alimentare la gentilezza all\u2019interno della comunit\u00e0. A sostenere l\u2019impegno dei bambini e della scuola, Sabrina Dassi\u00e8: la consigliera, per rafforzare il senso di appartenenza a una comunit\u00e0 composta da 21 frazioni, ha compilato il proprio Alfabeto, che verr\u00e0 esposto nelle bacheche frazionali. <em>\u00abCostruiamo gentilezza &#8211;\u00a0 dice la consigliera &#8211; per accrescere il benessere della collettivit\u00e0, mettendo al centro bambini e ragazzi&#8221;.<\/em> Immancabili i ringraziamenti:<em> \u00abA Susy Gregoris per le letture e al Comitato frazionale di Paiane per la calorosa accoglienza all\u2019orto didattico, da loro stessi creato\u00bb.<\/em><\/p>\n\n\t\t\t<style type='text\/css'>\n\t\t\t\t#gallery-2 {\n\t\t\t\t\tmargin: auto;\n\t\t\t\t}\n\t\t\t\t#gallery-2 .gallery-item {\n\t\t\t\t\tfloat: left;\n\t\t\t\t\tmargin-top: 10px;\n\t\t\t\t\ttext-align: center;\n\t\t\t\t\twidth: 33%;\n\t\t\t\t}\n\t\t\t\t#gallery-2 img {\n\t\t\t\t\tborder: 2px solid #cfcfcf;\n\t\t\t\t}\n\t\t\t\t#gallery-2 .gallery-caption {\n\t\t\t\t\tmargin-left: 0;\n\t\t\t\t}\n\t\t\t\t\/* see gallery_shortcode() in wp-includes\/media.php *\/\n\t\t\t<\/style>\n\t\t<div id='gallery-2' class='dt-gallery-container gallery galleryid-308582 gallery-columns-3 gallery-size-thumbnail'><dl class='gallery-item'>\n\t\t\t\t<dt class='gallery-icon landscape'>\n\t\t\t\t\t<a class=\"rollover\" href='https:\/\/www.radiopiu.net\/wordpress\/con-i-bambini-della-primaria-lalfabeto-della-gentilezza\/panchina_rossa_ponte\/'><img loading=\"lazy\" decoding=\"async\" width=\"150\" height=\"150\" src=\"https:\/\/www.radiopiu.net\/wordpress\/wp-content\/uploads\/2022\/11\/PANCHINA_ROSSA_PONTE-150x150.jpeg\" class=\"attachment-thumbnail size-thumbnail\" alt=\"\" \/><\/a>\n\t\t\t\t<\/dt><\/dl><dl class='gallery-item'>\n\t\t\t\t<dt class='gallery-icon landscape'>\n\t\t\t\t\t<a class=\"rollover\" href='https:\/\/www.radiopiu.net\/wordpress\/con-i-bambini-della-primaria-lalfabeto-della-gentilezza\/panchina-viola_paiane\/'><img loading=\"lazy\" decoding=\"async\" width=\"150\" height=\"150\" src=\"https:\/\/www.radiopiu.net\/wordpress\/wp-content\/uploads\/2022\/11\/PANCHINA-VIOLA_PAIANE-150x150.jpeg\" class=\"attachment-thumbnail size-thumbnail\" alt=\"\" \/><\/a>\n\t\t\t\t<\/dt><\/dl><dl class='gallery-item'>\n\t\t\t\t<dt class='gallery-icon landscape'>\n\t\t\t\t\t<a class=\"rollover\" href='https:\/\/www.radiopiu.net\/wordpress\/con-i-bambini-della-primaria-lalfabeto-della-gentilezza\/panchina_rossa_paiane\/'><img loading=\"lazy\" decoding=\"async\" width=\"150\" height=\"150\" src=\"https:\/\/www.radiopiu.net\/wordpress\/wp-content\/uploads\/2022\/11\/PANCHINA_ROSSA_PAIANE-150x150.jpeg\" class=\"attachment-thumbnail size-thumbnail\" alt=\"\" \/><\/a>\n\t\t\t\t<\/dt><\/dl><br style=\"clear: both\" \/>\n\t\t\t<\/div>\n\n<p>&nbsp;<\/p>\n<hr \/>\n<p>&nbsp;<\/p>\n<blockquote>\n<h3>DILLO A RADIO PIU&#8217;&#8230;. BENE L&#8217;ECOCENTRO MA&#8230;<\/h3>\n<\/blockquote>\n<p>Riceviamo e pubblichiamo una foto notizia sull&#8217;ecocentro di Agordo, un nostro ascoltatore ci scrive <em>&#8220;Ecocentro Agordo, duretta percorrere queste rampe con auto basse o d&#8217;inverno&#8221;<\/em><\/p>\n<p><a class=\"dt-pswp-item\" href=\"https:\/\/www.radiopiu.net\/wordpress\/wp-content\/uploads\/2022\/11\/ee5775b8-dbe2-4794-b9e6-88b3c0a27e70.jpg\" data-dt-img-description=\"\" data-large_image_width=\"1600\" data-large_image_height=\"1200\"><img loading=\"lazy\" decoding=\"async\" class=\"size-medium wp-image-308795 aligncenter\" src=\"https:\/\/www.radiopiu.net\/wordpress\/wp-content\/uploads\/2022\/11\/ee5775b8-dbe2-4794-b9e6-88b3c0a27e70-300x225.jpg\" alt=\"\" width=\"300\" height=\"225\" srcset=\"https:\/\/www.radiopiu.net\/wordpress\/wp-content\/uploads\/2022\/11\/ee5775b8-dbe2-4794-b9e6-88b3c0a27e70-300x225.jpg 300w, https:\/\/www.radiopiu.net\/wordpress\/wp-content\/uploads\/2022\/11\/ee5775b8-dbe2-4794-b9e6-88b3c0a27e70-1024x768.jpg 1024w, https:\/\/www.radiopiu.net\/wordpress\/wp-content\/uploads\/2022\/11\/ee5775b8-dbe2-4794-b9e6-88b3c0a27e70-768x576.jpg 768w, https:\/\/www.radiopiu.net\/wordpress\/wp-content\/uploads\/2022\/11\/ee5775b8-dbe2-4794-b9e6-88b3c0a27e70-1536x1152.jpg 1536w, https:\/\/www.radiopiu.net\/wordpress\/wp-content\/uploads\/2022\/11\/ee5775b8-dbe2-4794-b9e6-88b3c0a27e70.jpg 1600w\" sizes=\"auto, (max-width: 300px) 100vw, 300px\" \/><\/a><\/p>\n<p>&nbsp;<\/p>\n<p><strong>DAI NOTIZIARI DEL 21 NOVEMBRE SCORSO<\/strong><\/p>\n<p><strong><a class=\"dt-pswp-item\" href=\"https:\/\/www.radiopiu.net\/wordpress\/wp-content\/uploads\/2020\/03\/CONSIGLIO-AGORDO.jpg\" data-dt-img-description=\"\" data-large_image_width=\"1477\" data-large_image_height=\"832\"><img loading=\"lazy\" decoding=\"async\" class=\" wp-image-122996 alignleft\" src=\"https:\/\/www.radiopiu.net\/wordpress\/wp-content\/uploads\/2020\/03\/CONSIGLIO-AGORDO-300x169.jpg\" alt=\"\" width=\"229\" height=\"129\" srcset=\"https:\/\/www.radiopiu.net\/wordpress\/wp-content\/uploads\/2020\/03\/CONSIGLIO-AGORDO-300x169.jpg 300w, https:\/\/www.radiopiu.net\/wordpress\/wp-content\/uploads\/2020\/03\/CONSIGLIO-AGORDO-1024x577.jpg 1024w, https:\/\/www.radiopiu.net\/wordpress\/wp-content\/uploads\/2020\/03\/CONSIGLIO-AGORDO-768x433.jpg 768w, https:\/\/www.radiopiu.net\/wordpress\/wp-content\/uploads\/2020\/03\/CONSIGLIO-AGORDO.jpg 1477w\" sizes=\"auto, (max-width: 229px) 100vw, 229px\" \/><\/a>AGORDO<\/strong> L&#8217;ecocentro di Agordo aprir\u00e0 a dicembre,\u00a0 ha detto il sindaco Roberto Chissal\u00e8 nell&#8217;ultimo consiglio comunale<em> &#8220;Ci sono stati dei rallentamenti dovuti al reperimento delle materie primem, sar\u00e0 un bel lavoro&#8221;.\u00a0<\/em>La strada per Piasent \u00e8 un lavoro impegnativo fin dalla progettazione<em> &#8220;Le banchine ora sono in sicurezza- ha detto il vice sindaco Giulio Favretti &#8211; slitta a primavera la realizzazione del canale di scolo&#8221;.<\/em><\/p>\n<p><strong>L&#8217;INTERVENTO IN CONSIGLIO COMUNALE DI AGORDO\u00a0<\/strong><\/p>\n<audio class=\"wp-audio-shortcode\" id=\"audio-308582-6\" preload=\"none\" style=\"width: 100%;\" controls=\"controls\"><source type=\"audio\/mpeg\" src=\"https:\/\/www.radiopiu.net\/wordpress\/wp-content\/uploads\/2022\/11\/consiglio-comunale.mp3?_=6\" \/><a href=\"https:\/\/www.radiopiu.net\/wordpress\/wp-content\/uploads\/2022\/11\/consiglio-comunale.mp3\">https:\/\/www.radiopiu.net\/wordpress\/wp-content\/uploads\/2022\/11\/consiglio-comunale.mp3<\/a><\/audio>\n<p>&nbsp;<\/p>\n<blockquote>\n<h3>INCONTRALAVORO VALPE: SELEZIONI\u00a0 PER AUTISTI E CENSITORI<\/h3>\n<\/blockquote>\n<p><strong>VENEZIA <\/strong>I Centri per l\u2019impiego di Feltre, Agordo e Pieve di Cadore organizzano \u201cIncontraLavoro Valpe\u201d, un\u2019iniziativa di recruiting finalizzata a selezionare diversi profili professionali per Valpe Ambiente. I lavoratori interessati a partecipare alle selezioni possono candidarsi online accedendo al portale ClicLavoro Veneto.<\/p>\n<p>&nbsp;<\/p>\n<p>&nbsp;<\/p>\n<hr \/>\n<p>&nbsp;<\/p>\n<blockquote>\n<h3>GIOVANI E TERRE ALTE \u2013 IN TEATRO A BELLUNO VA IN SCENA \u201cORIENTAGIOVANI 2022\u201d<\/h3>\n<\/blockquote>\n<p><strong><a class=\"dt-pswp-item\" href=\"https:\/\/www.radiopiu.net\/wordpress\/wp-content\/uploads\/2021\/05\/CONFINDUSTRIA.png\" data-dt-img-description=\"\" data-large_image_width=\"575\" data-large_image_height=\"575\"><img loading=\"lazy\" decoding=\"async\" class=\"wp-image-211858 alignleft\" src=\"https:\/\/www.radiopiu.net\/wordpress\/wp-content\/uploads\/2021\/05\/CONFINDUSTRIA-300x300.png\" alt=\"\" width=\"127\" height=\"127\" srcset=\"https:\/\/www.radiopiu.net\/wordpress\/wp-content\/uploads\/2021\/05\/CONFINDUSTRIA-300x300.png 300w, https:\/\/www.radiopiu.net\/wordpress\/wp-content\/uploads\/2021\/05\/CONFINDUSTRIA-150x150.png 150w, https:\/\/www.radiopiu.net\/wordpress\/wp-content\/uploads\/2021\/05\/CONFINDUSTRIA.png 575w\" sizes=\"auto, (max-width: 127px) 100vw, 127px\" \/><\/a>BELLUNO\u00a0<\/strong> \u00a0L\u2019orientamento scolastico va in scena al Teatro comunale di Belluno con \u201cOrientagiovani 2022\u2019\u2019, l&#8217; iniziativa promossa dal Gruppo Giovani di Confindustria Belluno Dolomiti e rivolta alle studentesse e agli studenti della provincia. L\u2019appuntamento \u00e8 in programma marted\u00ec 29 novembre a partire dalle 9. La giornata\u00a0 inizier\u00e0 con i saluti di Lorraine Berton, presidente di Confindustria Belluno Dolomiti, cui seguiranno quelli di Da Rin Zanco presidente del Gruppo Giovani Imprenditori. I lavori \u2013 moderati da Nicola Zema &#8211; entreranno nel vivo con una intervista a Michele Faggioli, amministratore delegato del Gruppo Lu-Ve Sest. Due le tavole rotonde previste con numerose testimonianze di imprenditori in vari campi, manager, professionisti sportivi.<\/p>\n<p>&nbsp;<\/p>\n<hr \/>\n<p>&nbsp;<\/p>\n<blockquote>\n<h3>PRESENTATI A BELLUNO DUE PROGETTI DEDICATI A SPORT E CULTURA<\/h3>\n<\/blockquote>\n<p><strong>BELLUNO<\/strong> Si chiamano \u201cSport, Giovani e problemi sociosanitari\u201d e \u201cIntegralmente sport e cultura\u201d le due iniziative \u2013 la prima del Comune di Belluno, la seconda dell&#8217;Ufficio Scolastico Territoriale con ASSI Onlus \u2013 che intendono sensibilizzare gli studenti sui temi della disabilit\u00e0 e per aprire un confronto con i ragazzi sui problemi dell&#8217;et\u00e0 giovanile.<\/p>\n<p><strong>di Daniele Dalvit<\/strong><\/p>\n<audio class=\"wp-audio-shortcode\" id=\"audio-308582-7\" preload=\"none\" style=\"width: 100%;\" controls=\"controls\"><source type=\"audio\/mpeg\" src=\"https:\/\/www.radiopiu.net\/wordpress\/wp-content\/uploads\/2022\/11\/DALVIT-PROGETTI-SPORT.mp3?_=7\" \/><a href=\"https:\/\/www.radiopiu.net\/wordpress\/wp-content\/uploads\/2022\/11\/DALVIT-PROGETTI-SPORT.mp3\">https:\/\/www.radiopiu.net\/wordpress\/wp-content\/uploads\/2022\/11\/DALVIT-PROGETTI-SPORT.mp3<\/a><\/audio>\n<p>&nbsp;<\/p>\n<div style=\"width: 848px;\" class=\"wp-video\"><video class=\"wp-video-shortcode\" id=\"video-308582-3\" width=\"848\" height=\"480\" preload=\"metadata\" controls=\"controls\"><source type=\"video\/mp4\" src=\"https:\/\/www.radiopiu.net\/wordpress\/wp-content\/uploads\/2022\/11\/WhatsApp-Video-2022-11-28-at-15.55.39-1.mp4?_=3\" \/><a href=\"https:\/\/www.radiopiu.net\/wordpress\/wp-content\/uploads\/2022\/11\/WhatsApp-Video-2022-11-28-at-15.55.39-1.mp4\">https:\/\/www.radiopiu.net\/wordpress\/wp-content\/uploads\/2022\/11\/WhatsApp-Video-2022-11-28-at-15.55.39-1.mp4<\/a><\/video><\/div>\n<p>&nbsp;<\/p>\n<hr \/>\n<p>&nbsp;<\/p>\n<blockquote>\n<h3>IERI SERA IL CONSIGLIO DELL&#8217;UNIONE MONTANA AGORDINA, LA DIRETTA<\/h3>\n<\/blockquote>\n<p>https:\/\/www.facebook.com\/marco.baghy.1\/videos\/525332536143449<\/p>\n<p>&nbsp;<\/p>\n<p>&nbsp;<\/p>\n<hr \/>\n<p>&nbsp;<\/p>\n<blockquote>\n<h3>DILLO A RADIO PIU&#8217;&#8230;ANCORA SIRINGHE NEL CENTRO DI AGORDO<\/h3>\n<\/blockquote>\n<p><strong>REDAZIONE<\/strong> Ci arriva in redazione una foto emblematica. Per l&#8217;ennesima volta sono state trovate delle siringhe in centro di Agordo. E&#8217; successo in Via Garibaldi di fronte all&#8217;ingresso di un negozio, in pieno centro. La foto \u00e8 stata scattata nella mattinata di venerd\u00ec in una zona tra l&#8217;altro frequentata anche da bambini.<\/p>\n<p><a class=\"dt-pswp-item\" href=\"https:\/\/www.radiopiu.net\/wordpress\/wp-content\/uploads\/2022\/11\/fa2fd543-4cee-4368-b090-6cc5b8131201.jpg\" data-dt-img-description=\"\" data-large_image_width=\"768\" data-large_image_height=\"1024\"><img loading=\"lazy\" decoding=\"async\" class=\"wp-image-308723 aligncenter\" src=\"https:\/\/www.radiopiu.net\/wordpress\/wp-content\/uploads\/2022\/11\/fa2fd543-4cee-4368-b090-6cc5b8131201-225x300.jpg\" alt=\"\" width=\"344\" height=\"459\" srcset=\"https:\/\/www.radiopiu.net\/wordpress\/wp-content\/uploads\/2022\/11\/fa2fd543-4cee-4368-b090-6cc5b8131201-225x300.jpg 225w, https:\/\/www.radiopiu.net\/wordpress\/wp-content\/uploads\/2022\/11\/fa2fd543-4cee-4368-b090-6cc5b8131201.jpg 768w\" sizes=\"auto, (max-width: 344px) 100vw, 344px\" \/>\u00a0<\/a><\/p>\n<p>&nbsp;<\/p>\n<hr \/>\n<p>&nbsp;<\/p>\n<blockquote>\n<h3>IN PROVINCIA DI BELLUNO 1451 PERSONE ATTUALMENTE POSITIVE. DUE DECESSI E 49 PERSONE RICOVERATE NEGLI OSPEDALI BELLUNESI<\/h3>\n<\/blockquote>\n<p><strong>BELLUNO\u00a0<\/strong>Aggiornamento settimanale sull&#8217;andamento epidemiologico Covid-19 in provincia di Belluno a cura dell&#8217;Ulss 1 Dolomiti. Le persone attualmente positive sono 1451. L\u2019incidenza settimanale si attesta su valori prossimi a 500 casi su 100 mila abitanti. Tale incidenza \u00e8 stata calcolata, come da ultime indicazioni, tenendo conto delle reinfezioni a carico di soggetti precedentemente classificati come casi covid. Nella settimana scorsa sono stati eseguiti dai team dell\u2019Ulss Dolomiti 5.177 tamponi (di cui 2.063 molecolari e 3.114 antigenici). A questi si aggiungono 1.915 tamponi antigenici eseguiti dalle Farmacie del territorio, 161 tamponi eseguiti dai Pediatri di Libera scelta e 270 tamponi eseguiti dai Medici di Medicina Generale. In media, ogni giorno vengono eseguiti circa 540 tamponi ogni 100 mila abitanti. Nella settimana qui analizzata: sono stati somministrati 4 trattamenti con anticorpi monoclonali dall\u2019Unit\u00e0 Operativa di Malattie Infettive di Belluno, per un totale di 526 dosi complessive; sono stati prescritti 6 trattamenti con farmaco antivirale orale per un totale di 529 trattamenti complessivi. Rimangono disponibili le terapie con i farmaci monoclonali, gestite dall\u2019Unit\u00e0 Operativa di Malattie Infettive, e con i farmaci antivirali per via orale che possono essere prescritti dai Medici di Medicina Generale, secondo le indicazioni cliniche. Sono attualmente ricoverati negli ospedali bellunesi 38 pazienti in area non critica, di cui 18 non covid, 3 in terapia intensiva e 8 negli ospedali di comunit\u00e0. Si sono registrati due decessi negli ultimi sette giorni. Un uomo di 78 anni e un uomo di 75 anni.<\/p>\n\n\t\t\t<style type='text\/css'>\n\t\t\t\t#gallery-3 {\n\t\t\t\t\tmargin: auto;\n\t\t\t\t}\n\t\t\t\t#gallery-3 .gallery-item {\n\t\t\t\t\tfloat: left;\n\t\t\t\t\tmargin-top: 10px;\n\t\t\t\t\ttext-align: center;\n\t\t\t\t\twidth: 33%;\n\t\t\t\t}\n\t\t\t\t#gallery-3 img {\n\t\t\t\t\tborder: 2px solid #cfcfcf;\n\t\t\t\t}\n\t\t\t\t#gallery-3 .gallery-caption {\n\t\t\t\t\tmargin-left: 0;\n\t\t\t\t}\n\t\t\t\t\/* see gallery_shortcode() in wp-includes\/media.php *\/\n\t\t\t<\/style>\n\t\t<div id='gallery-3' class='dt-gallery-container gallery galleryid-308582 gallery-columns-3 gallery-size-thumbnail'><dl class='gallery-item'>\n\t\t\t\t<dt class='gallery-icon landscape'>\n\t\t\t\t\t<a class=\"rollover rollover-zoom dt-pswp-item\" title=\"5dd6c64b-877d-4d43-850b-4676afc6ea45\" data-dt-img-description=\"\" data-large_image_width=\"817\" data-large_image_height=\"463\"href='https:\/\/www.radiopiu.net\/wordpress\/wp-content\/uploads\/2022\/11\/5dd6c64b-877d-4d43-850b-4676afc6ea45.jpg'><img loading=\"lazy\" decoding=\"async\" width=\"150\" height=\"150\" src=\"https:\/\/www.radiopiu.net\/wordpress\/wp-content\/uploads\/2022\/11\/5dd6c64b-877d-4d43-850b-4676afc6ea45-150x150.jpg\" class=\"attachment-thumbnail size-thumbnail\" alt=\"\" \/><\/a>\n\t\t\t\t<\/dt><\/dl><dl class='gallery-item'>\n\t\t\t\t<dt class='gallery-icon portrait'>\n\t\t\t\t\t<a class=\"rollover rollover-zoom dt-pswp-item\" title=\"22f5a2b6-541b-4478-81bd-f1f453d42ae9\" data-dt-img-description=\"\" data-large_image_width=\"1004\" data-large_image_height=\"1035\"href='https:\/\/www.radiopiu.net\/wordpress\/wp-content\/uploads\/2022\/11\/22f5a2b6-541b-4478-81bd-f1f453d42ae9.jpg'><img loading=\"lazy\" decoding=\"async\" width=\"150\" height=\"150\" src=\"https:\/\/www.radiopiu.net\/wordpress\/wp-content\/uploads\/2022\/11\/22f5a2b6-541b-4478-81bd-f1f453d42ae9-150x150.jpg\" class=\"attachment-thumbnail size-thumbnail\" alt=\"\" \/><\/a>\n\t\t\t\t<\/dt><\/dl><dl class='gallery-item'>\n\t\t\t\t<dt class='gallery-icon landscape'>\n\t\t\t\t\t<a class=\"rollover rollover-zoom dt-pswp-item\" title=\"671944ec-378a-4c2a-b8f8-d39b4d63ecb3\" data-dt-img-description=\"\" data-large_image_width=\"897\" data-large_image_height=\"576\"href='https:\/\/www.radiopiu.net\/wordpress\/wp-content\/uploads\/2022\/11\/671944ec-378a-4c2a-b8f8-d39b4d63ecb3.jpg'><img loading=\"lazy\" decoding=\"async\" width=\"150\" height=\"150\" src=\"https:\/\/www.radiopiu.net\/wordpress\/wp-content\/uploads\/2022\/11\/671944ec-378a-4c2a-b8f8-d39b4d63ecb3-150x150.jpg\" class=\"attachment-thumbnail size-thumbnail\" alt=\"\" \/><\/a>\n\t\t\t\t<\/dt><\/dl><br style=\"clear: both\" \/>\n\t\t\t<\/div>\n\n<p>&nbsp;<\/p>\n<hr \/>\n<p>&nbsp;<\/p>\n<p><strong>DI TIZIANO DE COL<\/strong><\/p>\n\n\t\t\t<style type='text\/css'>\n\t\t\t\t#gallery-4 {\n\t\t\t\t\tmargin: auto;\n\t\t\t\t}\n\t\t\t\t#gallery-4 .gallery-item {\n\t\t\t\t\tfloat: left;\n\t\t\t\t\tmargin-top: 10px;\n\t\t\t\t\ttext-align: center;\n\t\t\t\t\twidth: 33%;\n\t\t\t\t}\n\t\t\t\t#gallery-4 img {\n\t\t\t\t\tborder: 2px solid #cfcfcf;\n\t\t\t\t}\n\t\t\t\t#gallery-4 .gallery-caption {\n\t\t\t\t\tmargin-left: 0;\n\t\t\t\t}\n\t\t\t\t\/* see gallery_shortcode() in wp-includes\/media.php *\/\n\t\t\t<\/style>\n\t\t<div id='gallery-4' class='dt-gallery-container gallery galleryid-308582 gallery-columns-3 gallery-size-medium'><dl class='gallery-item'>\n\t\t\t\t<dt class='gallery-icon landscape'>\n\t\t\t\t\t<a class=\"rollover rollover-zoom dt-pswp-item\" title=\"fbbfdc36-4c2f-424b-ae33-462c73a7f2f8\" data-dt-img-description=\"\" data-large_image_width=\"596\" data-large_image_height=\"366\"href='https:\/\/www.radiopiu.net\/wordpress\/wp-content\/uploads\/2022\/11\/fbbfdc36-4c2f-424b-ae33-462c73a7f2f8.jpg'><img loading=\"lazy\" decoding=\"async\" width=\"300\" height=\"184\" src=\"https:\/\/www.radiopiu.net\/wordpress\/wp-content\/uploads\/2022\/11\/fbbfdc36-4c2f-424b-ae33-462c73a7f2f8-300x184.jpg\" class=\"attachment-medium size-medium\" alt=\"\" srcset=\"https:\/\/www.radiopiu.net\/wordpress\/wp-content\/uploads\/2022\/11\/fbbfdc36-4c2f-424b-ae33-462c73a7f2f8-300x184.jpg 300w, https:\/\/www.radiopiu.net\/wordpress\/wp-content\/uploads\/2022\/11\/fbbfdc36-4c2f-424b-ae33-462c73a7f2f8.jpg 596w\" sizes=\"auto, (max-width: 300px) 100vw, 300px\" \/><\/a>\n\t\t\t\t<\/dt><\/dl><dl class='gallery-item'>\n\t\t\t\t<dt class='gallery-icon landscape'>\n\t\t\t\t\t<a class=\"rollover rollover-zoom dt-pswp-item\" title=\"c51272f2-cdb8-4e5f-badc-e82923672ee7\" data-dt-img-description=\"\" data-large_image_width=\"602\" data-large_image_height=\"352\"href='https:\/\/www.radiopiu.net\/wordpress\/wp-content\/uploads\/2022\/11\/c51272f2-cdb8-4e5f-badc-e82923672ee7.jpg'><img loading=\"lazy\" decoding=\"async\" width=\"300\" height=\"175\" src=\"https:\/\/www.radiopiu.net\/wordpress\/wp-content\/uploads\/2022\/11\/c51272f2-cdb8-4e5f-badc-e82923672ee7-300x175.jpg\" class=\"attachment-medium size-medium\" alt=\"\" srcset=\"https:\/\/www.radiopiu.net\/wordpress\/wp-content\/uploads\/2022\/11\/c51272f2-cdb8-4e5f-badc-e82923672ee7-300x175.jpg 300w, https:\/\/www.radiopiu.net\/wordpress\/wp-content\/uploads\/2022\/11\/c51272f2-cdb8-4e5f-badc-e82923672ee7.jpg 602w\" sizes=\"auto, (max-width: 300px) 100vw, 300px\" \/><\/a>\n\t\t\t\t<\/dt><\/dl><dl class='gallery-item'>\n\t\t\t\t<dt class='gallery-icon landscape'>\n\t\t\t\t\t<a class=\"rollover rollover-zoom dt-pswp-item\" title=\"a2de9d7b-7c79-4bf7-88e0-20eb6ead97c8\" data-dt-img-description=\"\" data-large_image_width=\"588\" data-large_image_height=\"350\"href='https:\/\/www.radiopiu.net\/wordpress\/wp-content\/uploads\/2022\/11\/a2de9d7b-7c79-4bf7-88e0-20eb6ead97c8.jpg'><img loading=\"lazy\" decoding=\"async\" width=\"300\" height=\"179\" src=\"https:\/\/www.radiopiu.net\/wordpress\/wp-content\/uploads\/2022\/11\/a2de9d7b-7c79-4bf7-88e0-20eb6ead97c8-300x179.jpg\" class=\"attachment-medium size-medium\" alt=\"\" srcset=\"https:\/\/www.radiopiu.net\/wordpress\/wp-content\/uploads\/2022\/11\/a2de9d7b-7c79-4bf7-88e0-20eb6ead97c8-300x179.jpg 300w, https:\/\/www.radiopiu.net\/wordpress\/wp-content\/uploads\/2022\/11\/a2de9d7b-7c79-4bf7-88e0-20eb6ead97c8.jpg 588w\" sizes=\"auto, (max-width: 300px) 100vw, 300px\" \/><\/a>\n\t\t\t\t<\/dt><\/dl><br style=\"clear: both\" \/>\n\t\t\t<\/div>\n\n<p>&nbsp;<\/p>\n<blockquote class=\"wp-embedded-content\" data-secret=\"GxDclvQkiM\"><p><a href=\"https:\/\/www.radiopiu.net\/wordpress\/aziendazeronovembre28\/\">IN 24 ORE  1164 NUOVI POSITIVI E 5 DECESSI. IN AUMENTO I RICOVERI<\/a><\/p><\/blockquote>\n<p><iframe loading=\"lazy\" class=\"wp-embedded-content\" sandbox=\"allow-scripts\" security=\"restricted\" style=\"position: absolute; clip: rect(1px, 1px, 1px, 1px);\" title=\"&#8220;IN 24 ORE  1164 NUOVI POSITIVI E 5 DECESSI. IN AUMENTO I RICOVERI&#8221; &#8212; Radio Pi\u00f9\" src=\"https:\/\/www.radiopiu.net\/wordpress\/aziendazeronovembre28\/embed\/#?secret=WRItTeXi1s#?secret=GxDclvQkiM\" data-secret=\"GxDclvQkiM\" width=\"600\" height=\"338\" frameborder=\"0\" marginwidth=\"0\" marginheight=\"0\" scrolling=\"no\"><\/iframe><\/p>\n<p>&nbsp;<\/p>\n<p>&nbsp;<\/p>\n<hr \/>\n<p>&nbsp;<\/p>\n<blockquote>\n<h3 class=\"entry-title\">DILLO A RADIO PIU\u2019\u2026 LO SPOPOLAMENTO E IL DOTTOR PINCOPALLINO<\/h3>\n<\/blockquote>\n<p><strong>REDAZIONE<\/strong>\u00a0Dall\u2019Alto Agordino, alta valle del Cordevole riceviamo a volentieri pubblichiamo<\/p>\n<div class=\"x1fqp7bg\">\n<div class=\"xeuugli x2lwn1j xuk3077 x78zum5 x1q0g3np x1nhvcw1 x1jchvi3 xlxfd2w x1gslohp x126k92a\">\n<div class=\"xeuugli x2lwn1j x6s0dn4 x78zum5 x1q0g3np x193iq5w xh8yej3\">\n<div class=\"xeuugli x2lwn1j x1cy8zhl x78zum5 xdl72j9 xdt5ytf x1c4vz4f x2lah0s x16fdfms x161msgk x1s9ed0f x1eapu41 x1r944mn xet2fuk\">\n<div id=\"js_ie\" class=\"x1rg5ohu x67bb7w\">\n<p class=\"x1y1aw1k xn6708d xwib8y2 x1ye3gou x13faqbe x1eied1y xca6lcq x1pdtjp8 xpctjk2 xogfrqt x1slwz57 xt0e3qv\"><img loading=\"lazy\" decoding=\"async\" class=\"alignleft\" src=\"https:\/\/www.radiopiu.net\/wordpress\/wp-content\/uploads\/2020\/10\/Medicodimedicinagenerale.jpg\" width=\"184\" height=\"121\" \/>\u201cMi chiedo se \u00e8 una cosa normale che nei comuni alti dell\u2019Agordino (specialmente Selva, Colle e Livinallongo)\u00a0 si cambi di pi\u00f9 di medico di base che di vestiti (per non dire altro).\u00a0 Nel giro\u00a0 di 4\/5 mesi si scrive a colui\/colei che si crede sia il medico ci base e ci si sente\u00a0 rispondere con un messaggio automatico\u00a0<em>\u201cda oggi prender\u00e0 in carico i pazienti il Dott. Pincopallino\u201d<\/em>,\u00a0 sembra di stare al supermercato quando si \u00e8 in fila alla cassa e la cassiera ti dice:\u00a0<em>\u201cda quello prima di Lei, la cassa \u00e8 chiusa\u201d<\/em>.\u00a0 Non si tratta di un servizio qualunque, si tratta della salute delle persone. Per non parlare poi di chi, come me, \u00e8 via dall\u2019Agordino per lavoro ma ha scelto di tenere la residenza. C\u2019\u00e8 un rimbalzo continuo di numeri di telefono, whatsapp, mail tra medici e, ogni volta, bisogna spiegare chi si \u00e8, da dove si viene ed elencare la cartella medica.\u00a0 Io sono abbastanza pratica con la tecnologia, ma un anziano? Non si pensa a loro? Posso capire che ci sono sempre meno utenti e sar\u00f2 sicuramente la prima a passare per ipocrita perch\u00e9 sono andata via ma, a volte, non c\u2019\u00e8 scelta. Si parla sempre di combattere lo spopolamento, ma cos\u00ec si va nella direzione opposta e non dimentichiamoci che si pu\u00f2 sempre tornare all\u2019ovile, ma se c\u2019\u00e8 margine di vita<\/p>\n<p>&nbsp;<\/p>\n<p>&nbsp;<\/p>\n<hr \/>\n<p>&nbsp;<\/p>\n<\/div>\n<\/div>\n<\/div>\n<\/div>\n<\/div>\n<blockquote>\n<h3>AUTONOMIA. ZAIA, \u201cGRANDE PASSO IN AVANTI. CABINA DI REGIA SUI LEP DIMOSTRA CHE LA PARTITA ENTRA NEL VIVO&#8221;<\/h3>\n<\/blockquote>\n<p><strong><a class=\"dt-pswp-item\" href=\"https:\/\/www.radiopiu.net\/wordpress\/wp-content\/uploads\/2022\/11\/ZAIA.jpg\" data-dt-img-description=\"\" data-large_image_width=\"1024\" data-large_image_height=\"761\"><img loading=\"lazy\" decoding=\"async\" class=\" wp-image-306973 alignleft\" src=\"https:\/\/www.radiopiu.net\/wordpress\/wp-content\/uploads\/2022\/11\/ZAIA-300x223.jpg\" alt=\"\" width=\"157\" height=\"117\" srcset=\"https:\/\/www.radiopiu.net\/wordpress\/wp-content\/uploads\/2022\/11\/ZAIA-300x223.jpg 300w, https:\/\/www.radiopiu.net\/wordpress\/wp-content\/uploads\/2022\/11\/ZAIA-768x571.jpg 768w, https:\/\/www.radiopiu.net\/wordpress\/wp-content\/uploads\/2022\/11\/ZAIA.jpg 1024w\" sizes=\"auto, (max-width: 157px) 100vw, 157px\" \/><\/a>VENEZIA <\/strong>\u201cL\u2019articolo 144 nella legge di Stabilit\u00e0 \u00e8 un ottimo segnale; finalmente \u00e8 finito il riscaldamento a bordo campo e la stagione dei compiti per casa. Il progetto dell\u2019autonomia entra nel vivo e prende sempre pi\u00f9 forma. Entro fine dell\u2019anno &#8211; come dichiarato dal Ministro Calderoli &#8211; avremo lo strumento per definire costi e fabbisogni standard, indispensabili per procedere verso la delega di poteri alle Regioni. Significa finalmente realizzare un progetto totalmente in linea con la Costituzione, nell\u2019ottica della solidariet\u00e0 e della sussidiariet\u00e0 nazionale. Abbiamo l\u2019opportunit\u00e0 di ridisegnare il profilo del Paese, in linea con i principi ispiratori dei Padri costituenti\u201d. Lo dice il Presidente della Regione del Veneto, Luca Zaia, in riferimento alla definizione dei livelli essenziali delle prestazioni, sui costi e sui fabbisogni standard annunciata oggi dal ministro per gli Affari regionali e le Autonomie, Roberto Calderoli, inserita all\u2019interno della legge di bilancio e trasmessa al Parlamento.<\/p>\n<p>&nbsp;<\/p>\n<p>&nbsp;<\/p>\n<hr \/>\n<p>&nbsp;<\/p>\n<blockquote>\n<h3>COMPLETATO PROGETTO \u201cN.E.T.WORK VS VIOLENCE\u201d. OCCASIONE PER FARE IL PUNTO SUI CENTRI RIVOLTI AGLI AUTORI DI VIOLENZA CONTRO LE DONNE<\/h3>\n<\/blockquote>\n<p><strong><a class=\"dt-pswp-item\" href=\"https:\/\/www.radiopiu.net\/wordpress\/wp-content\/uploads\/2021\/02\/LANZARIN.png\" data-dt-img-description=\"\" data-large_image_width=\"1092\" data-large_image_height=\"1014\"><img loading=\"lazy\" decoding=\"async\" class=\" wp-image-194081 alignleft\" src=\"https:\/\/www.radiopiu.net\/wordpress\/wp-content\/uploads\/2021\/02\/LANZARIN-300x279.png\" alt=\"\" width=\"169\" height=\"157\" srcset=\"https:\/\/www.radiopiu.net\/wordpress\/wp-content\/uploads\/2021\/02\/LANZARIN-300x279.png 300w, https:\/\/www.radiopiu.net\/wordpress\/wp-content\/uploads\/2021\/02\/LANZARIN-1024x951.png 1024w, https:\/\/www.radiopiu.net\/wordpress\/wp-content\/uploads\/2021\/02\/LANZARIN-768x713.png 768w, https:\/\/www.radiopiu.net\/wordpress\/wp-content\/uploads\/2021\/02\/LANZARIN.png 1092w\" sizes=\"auto, (max-width: 169px) 100vw, 169px\" \/><\/a>VENEZIA <\/strong>Nell\u2019ambito delle azioni di prevenzione e contrasto alla violenza contro le donne, si conclude oggi il progetto \u201cN.E.T.work Vs violence: Nuove Esperienze Territoriali di lavoro contro la violenza\u201d di cui la Regione del Veneto \u00e8 stata capofila. Tra i risultati alcuni messaggi per sostenere la campagna di sensibilizzazione. Il progetto, finanziato dalla Presidenza del Consiglio dei Ministri \u2013 Dipartimento Pari Opportunit\u00e0, ha avuto come obiettivo quello di rafforzare i programmi di intervento preventivo agendo, in primo luogo, sul potenziamento delle relazioni\/interazioni tra i Centri partner di progetto e dei loro modelli di lavoro. \u201cNel rispetto delle singole specificit\u00e0 &#8211; sottolinea l\u2019assessore alla Sanit\u00e0 e alle Politiche sociali, Manuela Lanzarin &#8211; si \u00e8 inteso giungere ad una uniformit\u00e0 di strumenti, di metodologie lavorative e di linguaggio sul tema della presa in carico e gestione degli uomini autori di violenza di genere, perch\u00e9 la violenza contro le donne si deve affrontare con un approccio integrato e con azioni preventive\u201d.<\/p>\n<p>&nbsp;<\/p>\n<p>&nbsp;<\/p>\n<hr \/>\n<p>&nbsp;<\/p>\n<blockquote>\n<h3>RISPARMIO ENERGETICO, NELLE PIAZZE ALBERI DI NATALE SENZA LUMINARIE<\/h3>\n<\/blockquote>\n<p><strong><a class=\"dt-pswp-item\" href=\"https:\/\/www.radiopiu.net\/wordpress\/wp-content\/uploads\/2021\/08\/972ec435-fa04-49e8-bf1e-048263cab367.jpg\" data-dt-img-description=\"\" data-large_image_width=\"1024\" data-large_image_height=\"684\"><img loading=\"lazy\" decoding=\"async\" class=\"wp-image-226219 alignleft\" src=\"https:\/\/www.radiopiu.net\/wordpress\/wp-content\/uploads\/2021\/08\/972ec435-fa04-49e8-bf1e-048263cab367-300x200.jpg\" alt=\"\" width=\"164\" height=\"109\" srcset=\"https:\/\/www.radiopiu.net\/wordpress\/wp-content\/uploads\/2021\/08\/972ec435-fa04-49e8-bf1e-048263cab367-300x200.jpg 300w, https:\/\/www.radiopiu.net\/wordpress\/wp-content\/uploads\/2021\/08\/972ec435-fa04-49e8-bf1e-048263cab367-768x513.jpg 768w, https:\/\/www.radiopiu.net\/wordpress\/wp-content\/uploads\/2021\/08\/972ec435-fa04-49e8-bf1e-048263cab367.jpg 1024w\" sizes=\"auto, (max-width: 164px) 100vw, 164px\" \/><\/a>SEREN DEL GRAPPA<\/strong> Il Comune, similmente a quanto fatto anche da altre amministrazioni pubbliche, si accinge a varare il proprio piano di risparmi, con l\u2019intento di rendere meno pesanti le prossime bollette. \u00a0Tutto questo, va sottolineato, senza rinunciare alle tradizioni del \u201cnostro\u201d Natale, a partire dai mercatini in programma domenica prossima a Pian della Chiesa, in Valle di Seren, in occasione della Festa di S. Barbara.<\/p>\n<p><strong>IL SINDACO DI SEREN DEL GRAPPA DARIO SCOPEL<\/strong><\/p>\n<audio class=\"wp-audio-shortcode\" id=\"audio-308582-8\" preload=\"none\" style=\"width: 100%;\" controls=\"controls\"><source type=\"audio\/mpeg\" src=\"https:\/\/www.radiopiu.net\/wordpress\/wp-content\/uploads\/2022\/11\/SCOPEL.mp3?_=8\" \/><a href=\"https:\/\/www.radiopiu.net\/wordpress\/wp-content\/uploads\/2022\/11\/SCOPEL.mp3\">https:\/\/www.radiopiu.net\/wordpress\/wp-content\/uploads\/2022\/11\/SCOPEL.mp3<\/a><\/audio>\n<p>&nbsp;<\/p>\n<p>&nbsp;<\/p>\n<hr \/>\n<p>&nbsp;<\/p>\n<blockquote>\n<h3><a class=\"dt-pswp-item\" href=\"https:\/\/www.radiopiu.net\/wordpress\/wp-content\/uploads\/2022\/11\/01168973-d685-44a3-9858-4d267bc3528b.jpg\" data-dt-img-description=\"\" data-large_image_width=\"1600\" data-large_image_height=\"926\"><img loading=\"lazy\" decoding=\"async\" class=\" wp-image-308740 alignleft\" src=\"https:\/\/www.radiopiu.net\/wordpress\/wp-content\/uploads\/2022\/11\/01168973-d685-44a3-9858-4d267bc3528b-300x174.jpg\" alt=\"\" width=\"200\" height=\"116\" srcset=\"https:\/\/www.radiopiu.net\/wordpress\/wp-content\/uploads\/2022\/11\/01168973-d685-44a3-9858-4d267bc3528b-300x174.jpg 300w, https:\/\/www.radiopiu.net\/wordpress\/wp-content\/uploads\/2022\/11\/01168973-d685-44a3-9858-4d267bc3528b-1024x593.jpg 1024w, https:\/\/www.radiopiu.net\/wordpress\/wp-content\/uploads\/2022\/11\/01168973-d685-44a3-9858-4d267bc3528b-768x444.jpg 768w, https:\/\/www.radiopiu.net\/wordpress\/wp-content\/uploads\/2022\/11\/01168973-d685-44a3-9858-4d267bc3528b-1536x889.jpg 1536w, https:\/\/www.radiopiu.net\/wordpress\/wp-content\/uploads\/2022\/11\/01168973-d685-44a3-9858-4d267bc3528b.jpg 1600w\" sizes=\"auto, (max-width: 200px) 100vw, 200px\" \/><\/a>GIRO 2023 PROVINCIA AL LAVORO PER PROMUOVERE LE TAPPE<\/h3>\n<\/blockquote>\n<p><strong>LONGARONE <\/strong>Il Bellunese sar\u00e0 protagonista al Giro d\u2019Italia 2023, con due tappe quasi interamente in provincia. La Oderzo-Palafavera del 25 maggio, e la Longarone-Tre Cime di Lavaredo del 26 maggio. Per entrambe, Provincia e Dmo Dolomiti sono al lavoro per promuovere il territorio attraverso la corsa rosa e una serie di iniziative collaterali. Alla Mig, oltre alle tappe, \u00e8 stato lanciato anche un nuovo gusto di gelato, rigorosamente rosa, per promuovere il Giro anche tramite la cucina e uno dei prodotti pi\u00f9 tipici del territorio.<\/p>\n<p>&nbsp;<\/p>\n<p>&nbsp;<\/p>\n<p>&nbsp;<\/p>\n<hr \/>\n<p>&nbsp;<\/p>\n<blockquote>\n<h2>NATALE A BELLUNO CON L&#8217;ASSOCIAZIONE CAMPEDEL<\/h2>\n<\/blockquote>\n<p><strong>BELLUNO<\/strong> Anche per questo Natale l\u2019Associazione Campedel propone una serie di visite guidate gratuite a 3 chiese di Belluno. Il primo appuntamento \u00e8 previsto per sabato alle 15 presso la Cattedrale.\u00a0 Il 10 dicembre\u00a0 alle 15 la visita alla chiesa di Santo Stefano.\u00a0 Il 17 dicembre alle 15, la chiesa dei Santi Quirico e Giulitta, l\u2019antica parrocchiale di Cavarzano. Le visite guidate sono gratuite e organizzate in collaborazione con le parrocchie Duomo-Loreto, di Santo Stefano e di Cavarzano. Non \u00e8 necessaria l\u2019iscrizione. Appuntamento davanti alle chiese.<\/p>\n<p>&nbsp;<\/p>\n<p>&nbsp;<\/p>\n<hr \/>\n<p>&nbsp;<\/p>\n<blockquote>\n<h3>I CONSIGLI COMUNALI NELL&#8217;AGORDINO<\/h3>\n<\/blockquote>\n<p><strong>FALCADE<\/strong> Il sindaco di Falcade Mauro Salvaterra ha convocato il consiglio comunale per oggi alle 20 in sala del Municipio. Tre punti da discutere, tra questi una variazione al bilancio e l&#8217;approvazione della bozza di convenzione con il Ministero della Giustizia per lo svolgimento di lavoro di pubblica utilit\u00e0.<\/p>\n<p><strong>ROCCA PIETORE <\/strong>Oggi alle 18 consiglio comunale, in discussione la variazione al bilancio di previsione, l&#8217;approvazione della trasformazione del consorzio Dolomiti nella Fondazione Dmo Dolomiti e le interrogazioni di Diana Iraci Borgia Mandolini sui lavori di messa in sicurezza del Ru Sass Negher e sulla messa in sicurezza della frazione di Col di Rocca dal pericolo valanghivo.<\/p>\n<p><strong>TAIBON<\/strong> Il consiglio comunale si riunir\u00e0 oggi alle 18, all&#8217;ordine del giorno le variazioni al bilancio, il pnrr, la convenzione per la gestione del servizio associato della segreteria comunale.<\/p>\n<p><strong>CENCENIGHE<\/strong> Il sindaco di Cencenighe Mauro Soppelsa ha convocato il consiglio comunale per oggi alle 20:30. Si parler\u00e0 della sesta variazione a bilancio, dell&#8217;acquisto di immobili a titolo non oneroso e del regolamento comunale sui controlli interni.<\/p>\n<p><strong>VOLTAGO\u00a0<\/strong>\u00c8 in programma per oggi alle 18 il consiglio comunale di Voltago. Il sindaco Giuseppe Schena ha convocato i consiglieri per trattare 3 punti tra cui due variazioni a bilancio<\/p>\n<p><strong>LIVINALLONGO<\/strong> Domani consiglio comunale convocato dal sindaco Leandro Grones, all&#8217;ordine del giorno tra l&#8217;altro le variazioni al bilancio di previsione e la nomina del revisore dei conti dell&#8217;azienda speciale servizi alla persona Fodom Servizi.<\/p>\n<p><strong>CANALE D&#8217;AGORDO<\/strong> Domani nella sala Lina Zand\u00f2 di Canale D&#8217;Agordo \u00e8 stato convocato il consiglio comunale. Il sindaco Flavio Colcergnan ha chiamato a rapporto i consiglieri per trattare 5 punti tra cui una variazione a bilancio, il regolamento per l&#8217;utilizzo delle baite, casere e casogn del comune e il regolamento comunale sul procedimento amministrativo.<\/p>\n<p><strong>COLLE SANTA LUCIA\u00a0<\/strong>Consiglio comunale domani alle 21 a Colle Santa Lucia. Il sindaco Paolo Frena ha convocato i consiglieri per trattare 5 punti all&#8217;ordine del giorno, tra questi si parler\u00e0 della convenzione per lo svolgimento di lavori di pubblica utilit\u00e0, l&#8217;aggiornamento al documento unico di programmazione e la dodicesima variazione al bilancio.<\/p>\n<p>&nbsp;<\/p>\n<p><strong>di Gianni Santomaso<\/strong><\/p>\n<audio class=\"wp-audio-shortcode\" id=\"audio-308582-9\" preload=\"none\" style=\"width: 100%;\" controls=\"controls\"><source type=\"audio\/mpeg\" src=\"https:\/\/www.radiopiu.net\/wordpress\/wp-content\/uploads\/2022\/11\/GIANNI-CONSIGLI-COMUNALI.mp3?_=9\" \/><a href=\"https:\/\/www.radiopiu.net\/wordpress\/wp-content\/uploads\/2022\/11\/GIANNI-CONSIGLI-COMUNALI.mp3\">https:\/\/www.radiopiu.net\/wordpress\/wp-content\/uploads\/2022\/11\/GIANNI-CONSIGLI-COMUNALI.mp3<\/a><\/audio>\n<p>&nbsp;<\/p>\n<hr \/>\n<p>&nbsp;<\/p>\n<blockquote>\n<h3>IL PIANO COMUNALE DI PROTEZIONE CIVILE DI TAIBON<\/h3>\n<\/blockquote>\n<p><strong>TAIBON<\/strong> L&#8217;amministrazione comunale invita la cittadinanza alla presentazione del piano comunale di Protezione Civile del comune di Taibon. La serata \u00e8 in programma venerd\u00ec 2 dicembre nella sala Don Tamis di Agordo con inizio alle 20. Sar\u00e0 il redattore del piano di Protezione Civile, l&#8217;ingegner Girola, a presentare la serata. Tutta la popolazione \u00e8 invitata.<\/p>\n<p>&nbsp;<\/p>\n<p>&nbsp;<\/p>\n<hr \/>\n<p>&nbsp;<\/p>\n<blockquote>\n<h3><span dir=\"ltr\" role=\"presentation\">AIUTI FINALIZZATI<\/span> <span dir=\"ltr\" role=\"presentation\">ALL&#8217;ACQUISTO<\/span> <span dir=\"ltr\" role=\"presentation\">DI <\/span><span dir=\"ltr\" role=\"presentation\">GENERI ALIMENTARI O PRODOTTI DI PRIMA<\/span> <span dir=\"ltr\" role=\"presentation\">NECESSIT\u00c0<\/span><\/h3>\n<\/blockquote>\n<p><strong>ALLEGHE<\/strong> Le<span dir=\"ltr\" role=\"presentation\"> persone e le famiglie residenti nel Comune che<\/span><span dir=\"ltr\" role=\"presentation\">, a causa degli effetti economici <\/span><span dir=\"ltr\" role=\"presentation\">derivanti dall\u2019emergenza epidemiologica<\/span> <span dir=\"ltr\" role=\"presentation\">dovuta alla diffusione del virus Covid<\/span><span dir=\"ltr\" role=\"presentation\">&#8211;<\/span><span dir=\"ltr\" role=\"presentation\">19,<\/span> <span dir=\"ltr\" role=\"presentation\">si trovino in uno <\/span><span dir=\"ltr\" role=\"presentation\">stato di bisogno per soddisfare le necessit\u00e0 pi\u00f9 urgenti ed essenziali<\/span><span dir=\"ltr\" role=\"presentation\">, <\/span><span dir=\"ltr\" role=\"presentation\">possono<\/span> <span dir=\"ltr\" role=\"presentation\">chiedere che vengano loro riconosciuti i buoni spesa per l&#8217;acquisto di generi alimentari o prodotti di prima necessit\u00e0. L<\/span><span dir=\"ltr\" role=\"presentation\">\u2019entit\u00e0 dell\u2019importo verr\u00e0 definito con successivo <\/span><span dir=\"ltr\" role=\"presentation\">provvedimento, partendo da un<\/span> <span dir=\"ltr\" role=\"presentation\">importo minimo di 50euro<\/span><span dir=\"ltr\" role=\"presentation\">, sulla base del numero dei <\/span><span dir=\"ltr\" role=\"presentation\">componenti il nucleo familiare e in consi<\/span><span dir=\"ltr\" role=\"presentation\">derazione delle necessit\u00e0 dichiarate dal richiedente. <\/span><span dir=\"ltr\" role=\"presentation\">Le richieste, <\/span><span dir=\"ltr\" role=\"presentation\">redatte sull\u2019apposito modulo dovranno <\/span><span dir=\"ltr\" role=\"presentation\">p<\/span><span dir=\"ltr\" role=\"presentation\">ervenire<\/span> <span dir=\"ltr\" role=\"presentation\">al<\/span> <span dir=\"ltr\" role=\"presentation\">Comune<\/span> <span dir=\"ltr\" role=\"presentation\">di<\/span> <span dir=\"ltr\" role=\"presentation\">Alleghe<\/span> <span dir=\"ltr\" role=\"presentation\">mediante<\/span> <span dir=\"ltr\" role=\"presentation\">invio<\/span> <span dir=\"ltr\" role=\"presentation\">di<\/span> <span dir=\"ltr\" role=\"presentation\">posta<\/span> <span dir=\"ltr\" role=\"presentation\">elettronica, s<\/span><span dir=\"ltr\" role=\"presentation\">olo via residuale<\/span> <span dir=\"ltr\" role=\"presentation\">la domanda potr\u00e0 essere presentata telefonicamente allo<\/span>\u00a0<span dir=\"ltr\" role=\"presentation\">0437 <\/span><span dir=\"ltr\" role=\"presentation\">523300<\/span> <span dir=\"ltr\" role=\"presentation\">dal luned\u00ec al venerd\u00ec<\/span> <span dir=\"ltr\" role=\"presentation\">dalle 8 alle 10<\/span><span dir=\"ltr\" role=\"presentation\">. <\/span><span dir=\"ltr\" role=\"presentation\">Il modulo \u00e8 scaricabile dal sito internet<\/span> <span dir=\"ltr\" role=\"presentation\">www.comune.alleghe.bl.it<\/span><span dir=\"ltr\" role=\"presentation\">, oppure ritirabile presso gli esercizi <\/span><span dir=\"ltr\" role=\"presentation\">comunali dei generi alimentari del territorio.<\/span><\/p>\n<p>&nbsp;<\/p>\n<p>&nbsp;<\/p>\n<hr \/>\n<p>&nbsp;<\/p>\n<blockquote>\n<h3>SANTA BARBARA, LA PATRONA DEI VIGILI DEL FUOCO<\/h3>\n<\/blockquote>\n<p><strong><a class=\"dt-pswp-item\" href=\"https:\/\/www.radiopiu.net\/wordpress\/wp-content\/uploads\/2022\/09\/VIGILI-DEL-FUOCO-8-1.jpg\" data-dt-img-description=\"\" data-large_image_width=\"1599\" data-large_image_height=\"899\"><img loading=\"lazy\" decoding=\"async\" class=\" wp-image-299555 alignleft\" src=\"https:\/\/www.radiopiu.net\/wordpress\/wp-content\/uploads\/2022\/09\/VIGILI-DEL-FUOCO-8-1-300x169.jpg\" alt=\"\" width=\"205\" height=\"115\" srcset=\"https:\/\/www.radiopiu.net\/wordpress\/wp-content\/uploads\/2022\/09\/VIGILI-DEL-FUOCO-8-1-300x169.jpg 300w, https:\/\/www.radiopiu.net\/wordpress\/wp-content\/uploads\/2022\/09\/VIGILI-DEL-FUOCO-8-1-1024x576.jpg 1024w, https:\/\/www.radiopiu.net\/wordpress\/wp-content\/uploads\/2022\/09\/VIGILI-DEL-FUOCO-8-1-768x432.jpg 768w, https:\/\/www.radiopiu.net\/wordpress\/wp-content\/uploads\/2022\/09\/VIGILI-DEL-FUOCO-8-1-1536x864.jpg 1536w, https:\/\/www.radiopiu.net\/wordpress\/wp-content\/uploads\/2022\/09\/VIGILI-DEL-FUOCO-8-1.jpg 1599w\" sizes=\"auto, (max-width: 205px) 100vw, 205px\" \/><\/a>BELLUNO <\/strong>Domenica 4 dicembre ricorre la tradizionale festivita\u0300 di Santa Barbara, patrona del Corpo Nazionale dei Vigili del Fuoco. Nella la sede centrale di via Col da Ren si svolgera\u0300 la celebrazione patronale a carattere provinciale ma momenti celebrativi sono comunque previsti anche nelle sedi distaccate. Alle 10 la deposione della corona d&#8217;alloro al monumento in onore dei Vigili del Fuoco caduti in servizio, alle 10:30 la santa messa e alle 11:30 il saluto del comandante e la consegna dei diplomi di lodevole servizio e delle croci di anzianit\u00e0. Esposizione dei mezzi sul piazzale della sede e nell&#8217;atrio principale della sede la mostra fotografica di Carlotta Osta.<\/p>\n<p>&nbsp;<\/p>\n<p>&nbsp;<\/p>\n<hr \/>\n<p>&nbsp;<\/p>\n<p>&nbsp;<\/p>\n<p>&nbsp;<\/p>\n<blockquote>\n<h3>LA SANTA BARBARA DEI PERITI MINERARI<\/h3>\n<\/blockquote>\n<p><strong>AGORDO<\/strong> I periti minerari\u00a0 dell&#8217;Apim si preparano a festeggiare la loro patrona, santa Barbara. L&#8217;appuntamento \u00e8 per sabato 3 dicembre, con il ritrovo alle 9,45 nella chiesa arcidiaconale e poi alle 10 la celebrazione della messa, accompagnata dalla Schola cantorum di La Valle, diretta da Lucio De Cassan. Alle 11\u00a0 in sala &#8220;Don Tamis&#8221;,\u00a0 tradizionale cerimonia di consegna delle borse di studio agli studenti del Follador pi\u00f9 meritevoli.<\/p>\n<p>&nbsp;<\/p>\n<p><iframe loading=\"lazy\" title=\"Santa Barbara&#039;94 deposizione corone\" width=\"1200\" height=\"900\" src=\"https:\/\/www.youtube.com\/embed\/XR7673fe4j4?feature=oembed\" frameborder=\"0\" allow=\"accelerometer; autoplay; clipboard-write; encrypted-media; gyroscope; picture-in-picture\" allowfullscreen><\/iframe><\/p>\n<p>&nbsp;<\/p>\n<hr \/>\n<p>&nbsp;<\/p>\n<blockquote>\n<h3>OTHELLO TANGO, VENERDI 9 DICEMBRE AL TEATRO COMUNALE DI BELLUNO<\/h3>\n<\/blockquote>\n<div><\/div>\n<blockquote>\n<div><a class=\"dt-pswp-item\" href=\"https:\/\/www.radiopiu.net\/wordpress\/wp-content\/uploads\/2022\/11\/Senza-nome-114.jpg\" data-dt-img-description=\"\" data-large_image_width=\"524\" data-large_image_height=\"278\"><img loading=\"lazy\" decoding=\"async\" class=\" wp-image-308653 alignleft\" src=\"https:\/\/www.radiopiu.net\/wordpress\/wp-content\/uploads\/2022\/11\/Senza-nome-114-300x159.jpg\" alt=\"\" width=\"285\" height=\"151\" srcset=\"https:\/\/www.radiopiu.net\/wordpress\/wp-content\/uploads\/2022\/11\/Senza-nome-114-300x159.jpg 300w, https:\/\/www.radiopiu.net\/wordpress\/wp-content\/uploads\/2022\/11\/Senza-nome-114.jpg 524w\" sizes=\"auto, (max-width: 285px) 100vw, 285px\" \/><\/a><br role=\"presentation\" \/><em><span dir=\"ltr\" role=\"presentation\">\u201c<\/span><span dir=\"ltr\" role=\"presentation\">Guardatevi dalla gelosia, mio signore! \u00c8 un mostro dagli occhi verdi che si<\/span><\/em><br role=\"presentation\" \/><em><span dir=\"ltr\" role=\"presentation\">diletta col cibo di cui si nutre<\/span><span dir=\"ltr\" role=\"presentation\">.\u201d W. Shakespeare \/ Othello<\/span><\/em><\/div>\n<\/blockquote>\n<div class=\"textLayer\"><strong><span dir=\"ltr\" role=\"presentation\">RASSEGNA DI DANZA, <\/span><\/strong><span dir=\"ltr\" role=\"presentation\">Venerd\u00ec 9 dicembre\u00a0 alle\u00a0 21 al Teatro Comunale di Belluno. <\/span><span dir=\"ltr\" role=\"presentation\">Dopo il successo strepitoso di Romeo y Julieta Tango la compagnia Naturalis Labor torna ad <\/span><span dir=\"ltr\" role=\"presentation\">esplorare attraverso il linguaggio della danza e del tango Shakespeare in uno <\/span><span dir=\"ltr\" role=\"presentation\">dei suoi testi pi\u00f9 conosciuti l\u2019Othello, con un cast di dodici danzatori. <\/span><span dir=\"ltr\" role=\"presentation\">Il tango rappresenta nell\u2019immaginario collettivo la passione, la sensualit\u00e0. <\/span><span dir=\"ltr\" role=\"presentation\">Qui il coreografo Luciano Padovani con un linguaggio sempre in bilico tra il <\/span><span dir=\"ltr\" role=\"presentation\">tango<\/span> <span dir=\"ltr\" role=\"presentation\">e<\/span> <span dir=\"ltr\" role=\"presentation\">la danza ci racconta una storia di amore e di morte. Un lavoro <\/span><span dir=\"ltr\" role=\"presentation\">attento con un cast di dodici poliedrici danzatori\/tangueros con le scene di <\/span><span dir=\"ltr\" role=\"presentation\">Mauro Zocchetta e Gloria Gandini, i costumi di<\/span> <span dir=\"ltr\" role=\"presentation\">Chiara Defant e le luci di <\/span><span dir=\"ltr\" role=\"presentation\">Thomas Heuger.<\/span><\/div>\n<div><\/div>\n<div>\n<p><iframe loading=\"lazy\" title=\"Othello Tango, in scena passione e gelosia.\" width=\"1200\" height=\"675\" src=\"https:\/\/www.youtube.com\/embed\/sgUa08f_opM?feature=oembed\" frameborder=\"0\" allow=\"accelerometer; autoplay; clipboard-write; encrypted-media; gyroscope; picture-in-picture\" allowfullscreen><\/iframe><\/p>\n<\/div>\n<p><strong><span dir=\"ltr\" role=\"presentation\">BIGLIETTERIA FISICA<\/span><span dir=\"ltr\" role=\"presentation\">: <\/span><\/strong><span dir=\"ltr\" role=\"presentation\">\u2013 MUSEO CIVICO DI BELLUNO \u2013 PALAZZO FULCIS <\/span><span dir=\"ltr\" role=\"presentation\">Via Roma, 28 \u2013 32100 Belluno (BL): 0437 913323 <\/span><strong><span dir=\"ltr\" role=\"presentation\">BIGLIETTERIA ONLINE<\/span><\/strong> <span dir=\"ltr\" role=\"presentation\">su www.midaticket.it o www.vivaticket.com <\/span><span dir=\"ltr\" style=\"color: #ff0000;\" role=\"presentation\">ABBONAMENTO<\/span> <span dir=\"ltr\" role=\"presentation\">platea e galleria centrale <\/span><span dir=\"ltr\" role=\"presentation\">&#8211; Intero \u20ac 76 <\/span><span dir=\"ltr\" role=\"presentation\">\u00a0Ridotto (Over 60 \u2013 Under 30) \u20ac 56<\/span><br role=\"presentation\" \/><span dir=\"ltr\" role=\"presentation\"><span style=\"color: #ff0000;\">BIGLIETTI<\/span> <\/span><span dir=\"ltr\" role=\"presentation\">&#8211;<\/span><span dir=\"ltr\" role=\"presentation\">INTERO <\/span><span dir=\"ltr\" role=\"presentation\">Platea e galleria centrale \u20ac 32 <\/span><span dir=\"ltr\" role=\"presentation\">Galleria laterale \u20ac 27 <\/span><span dir=\"ltr\" role=\"presentation\">Loggione centrale \u20ac 18 <\/span><span dir=\"ltr\" role=\"presentation\">Per le<\/span> <span dir=\"ltr\" role=\"presentation\">PROMOZIONI DEDICATE<\/span> <span dir=\"ltr\" role=\"presentation\">a riferirsi alla biglietteria presso il<\/span> <span dir=\"ltr\" role=\"presentation\">Museo Civico <\/span>di Belluno &#8211; Tel al 0437 913323 \u2013 SCUOLE DI DANZA \u2013 FAMIGLIA (2 adulti + 2 under 18) \u2013 RIDUZIONI EXTRA \u2013 CARTA DOCENTI<\/p>\n<div data-main-rotation=\"0\"><\/div>\n<p>&nbsp;<\/p>\n<p>&nbsp;<\/p>\n<hr \/>\n<p>&nbsp;<\/p>\n<blockquote>\n<h3><a class=\"dt-pswp-item\" href=\"https:\/\/www.radiopiu.net\/wordpress\/wp-content\/uploads\/2022\/11\/Quartetto-di-Venezia.jpg\" data-dt-img-description=\"\" data-large_image_width=\"1270\" data-large_image_height=\"714\"><img loading=\"lazy\" decoding=\"async\" class=\" wp-image-308055 alignleft\" src=\"https:\/\/www.radiopiu.net\/wordpress\/wp-content\/uploads\/2022\/11\/Quartetto-di-Venezia-300x169.jpg\" alt=\"\" width=\"199\" height=\"112\" srcset=\"https:\/\/www.radiopiu.net\/wordpress\/wp-content\/uploads\/2022\/11\/Quartetto-di-Venezia-300x169.jpg 300w, https:\/\/www.radiopiu.net\/wordpress\/wp-content\/uploads\/2022\/11\/Quartetto-di-Venezia-1024x576.jpg 1024w, https:\/\/www.radiopiu.net\/wordpress\/wp-content\/uploads\/2022\/11\/Quartetto-di-Venezia-768x432.jpg 768w, https:\/\/www.radiopiu.net\/wordpress\/wp-content\/uploads\/2022\/11\/Quartetto-di-Venezia.jpg 1270w\" sizes=\"auto, (max-width: 199px) 100vw, 199px\" \/><\/a>IL QUARTETTO DI VENEZIA AL COMUNALE DI BELLUNO<\/h3>\n<\/blockquote>\n<p><strong>BELLUNO<\/strong> Belluno rende omaggio al compositore belga C\u00e9sar Franck, a 200 anni dalla nascita (1822-2022), con il concerto di oggi alle 20:30, al Teatro Comunale. Protagonisti dell&#8217;evento, il Quartetto di Venezia, insieme a Marco Rizzi violino e Gabriele Carcano pianoforte. Per informazioni e prenotazioni: <a href=\"mailto:segreteriabelcircolo@gmail.com\">segreteriabelcircolo@gmail.com <\/a>. Programma completo della serata su <a href=\"http:\/\/www.belcircolo.org\/\">www.belcircolo.org<\/a><\/p>\n<p>&nbsp;<\/p>\n<hr \/>\n<p>&nbsp;<\/p>\n<p>&nbsp;<\/p>\n<blockquote>\n<h2>LA FESTA DEI BAMBINI AMBASCIATORI DELL\u2019ACQUA<\/h2>\n<\/blockquote>\n<p><strong>BELLUNO\u00a0<\/strong> L\u2019Associazione Pomi d\u2019Ottone e Insieme si pu\u00f2\u00a0 organizzano\u00a0 per sabato alle 14.30 la\u00a0 festa dei bambini ambasciatori dell&#8217;acqua, ovvero per coloro che hanno deciso di impegnarsi per aiutare i loro coetanei, che vivono in Uganda senza accesso all\u2019acqua potabile. Durante la Festa degli Ambasciatori, a tutti i bambini bellunesi verranno dati gli strumenti per entrare in contatto diretto con i bambini della scuola di Bugema in Uganda e per poter dare loro un aiuto concreto attraverso una raccolta fondi giocosa per la costruzione di un pozzo per l\u2019acqua. Il progetto dei bambini ambasciatori dell\u2019acqua nasce nel 2018 da un\u2019idea di Francesco Da Ponte, direttore organizzativo dell\u2019Associazione Pomi d\u2019Ottone e di Belluno Citt\u00e0 dei Bambini, ed \u00e8 gestito direttamente in Uganda dall\u2019Associazione Insieme si pu\u00f2. Fino ad oggi sono stati coinvolti oltre 400 bambini bellunesi, grazie ai quali sono gi\u00e0 stati costruiti 3 pozzi per l\u2019acqua potabile ai quali attualmente possono attingere oltre mille bambini ugandesi che vivono in condizioni di estrema povert\u00e0.La partecipazione alla Festa dei bambini ambasciatori dell\u2019acqua \u00e8 gratuita. Il comitato organizzatore richiede solo una mail di conferma con i nominativi dei componenti della famiglia scrivendo a noi@ambasciatoriacqua.it. Il programma della festa: \u00a7\u00a0 CANTASTORIE con RACCONTI DELL\u2019ALTRO MONDO (per sorridere riflettendo) \u00a7\u00a0 COLLEGAMENTO VIDEO per conoscere i BAMBINI UGANDESI \u00a7\u00a0 MERENDA DELL\u2019ALTRO MONDO \u00a7\u00a0 MUSICA E BALLO \u00a7\u00a0 BAMBINI BELLUNESI PER I BAMBINI UGANDESI: IL PICCOLO SALVADANAIO SOLIDALE<\/p>\n<p>&nbsp;<\/p>\n<p>&nbsp;<\/p>\n<p>&nbsp;<\/p>\n<hr \/>\n<p>&nbsp;<\/p>\n<p><strong><a class=\"dt-pswp-item\" href=\"https:\/\/www.radiopiu.net\/wordpress\/wp-content\/uploads\/2022\/11\/Locandina-Barbarina_LOGHI-TUTTI.jpg\" data-dt-img-description=\"\" data-large_image_width=\"826\" data-large_image_height=\"1169\"><img loading=\"lazy\" decoding=\"async\" class=\" wp-image-307574 alignleft\" src=\"https:\/\/www.radiopiu.net\/wordpress\/wp-content\/uploads\/2022\/11\/Locandina-Barbarina_LOGHI-TUTTI-212x300.jpg\" alt=\"\" width=\"108\" height=\"153\" srcset=\"https:\/\/www.radiopiu.net\/wordpress\/wp-content\/uploads\/2022\/11\/Locandina-Barbarina_LOGHI-TUTTI-212x300.jpg 212w, https:\/\/www.radiopiu.net\/wordpress\/wp-content\/uploads\/2022\/11\/Locandina-Barbarina_LOGHI-TUTTI-724x1024.jpg 724w, https:\/\/www.radiopiu.net\/wordpress\/wp-content\/uploads\/2022\/11\/Locandina-Barbarina_LOGHI-TUTTI-768x1087.jpg 768w, https:\/\/www.radiopiu.net\/wordpress\/wp-content\/uploads\/2022\/11\/Locandina-Barbarina_LOGHI-TUTTI.jpg 826w\" sizes=\"auto, (max-width: 108px) 100vw, 108px\" \/><\/a><\/strong><\/p>\n<blockquote>\n<h3>C&#8217;ERA UNA VOLTA&#8230; BARBARINA E I NOVE COLOMBI<\/h3>\n<\/blockquote>\n<p><strong>FELTRE\u00a0<\/strong> Gioved\u00ec 1 dicembre Alle 17.30 il Polo Bibliotecario di Feltre ospiter\u00e0 la presentazione del libro illustrato \u201cBarbarina e i nove colombi\u201d di Flavio Faoro e Marta Farina, vincitore nella sezione Best Illustration for Fiction 2019\u201d della dodicesima edizione del premio internazionale \u201cImage of the book\u201d di Mosca. All\u2019incontro interverr\u00e0 l\u2019Editore Roberto Da Re Giustiniani. Brani del libro letti da Silvana Vignaga.<\/p>\n<p>&nbsp;<\/p>\n<p>&nbsp;<\/p>\n<hr \/>\n<p>&nbsp;<\/p>\n<blockquote>\n<h3>NATALE DELLO SPORTIVO CON IL CSI<\/h3>\n<\/blockquote>\n<p><strong>SANTA GIUSTINA<\/strong>\u00a0 I comitato di Belluno e Feltre del Csi organizzano l&#8217;incontro natalizio con le societ\u00e0 affiliate. Sabato 3 dicembre alle 16.45 nella palestra di Santa Giustina, sar\u00e0 celebrata la messa e di seguito la premiazione degli atleti e societ\u00e0 sportive protagonisti del campionato provinciale di corsa campestre e calcio.<\/p>\n<p>&nbsp;<\/p>\n<hr \/>\n<p>&nbsp;<\/p>\n<blockquote>\n<h3>PROLUNGATA FINO AL 31 NOVEMBRE LA MOSTRA &#8220;FORESTE INFRANTE<\/h3>\n<\/blockquote>\n<p><strong>BELLUNO<\/strong> Si potr\u00e0 visitare fino al 31 dicembre la mostra \u201cForeste Infrante\u201d, che racconta, a partire dalle immagini dei francobolli, le tematiche ecologiche e della sostenibilit\u00e0, quattro anni dopo la tempesta Vaia. L\u2019esposizione \u00e8 realizzata in collaborazione con il Museo Postale e Telegrafico della Mitteleuropa di Trieste e potr\u00e0 essere visitata nell\u2019orario di apertura dell\u2019Ufficio Postale Belluno Castello (luned\u00ec \u2013 venerd\u00ec 8.20 \u2013 19.05; sabato 8.20 \u2013 12.35).<\/p>\n<p>&nbsp;<\/p>\n<p>&nbsp;<\/p>\n<hr \/>\n<p>&nbsp;<\/p>\n<a href=\"https:\/\/www.radiopiu.net\/wordpress\/wp-content\/uploads\/2022\/11\/locandina-MOVEMBER_23.11.22-1.pdf\" class=\"pdfemb-viewer\" style=\"\" data-width=\"max\" data-height=\"max\" data-toolbar=\"top\" data-toolbar-fixed=\"on\">locandina MOVEMBER_23.11.22<\/a>\n<p>&nbsp;<\/p>\n<hr \/>\n<p>&nbsp;<\/p>\n<a href=\"https:\/\/www.radiopiu.net\/wordpress\/wp-content\/uploads\/2022\/11\/03cf07e4-6473-49de-963e-d33951be129d.pdf\" class=\"pdfemb-viewer\" style=\"\" data-width=\"max\" data-height=\"max\" data-toolbar=\"top\" data-toolbar-fixed=\"on\">03cf07e4-6473-49de-963e-d33951be129d<\/a>\n<p>&nbsp;<\/p>\n<hr \/>\n<p>&nbsp;<\/p>\n<h2><span style=\"color: #ff0000;\">OGGI ALLA RADIO<\/span><\/h2>\n<blockquote>\n<h3>SANTA BARBARA 2023&#8230;CON DAVIDE DA ROIT<\/h3>\n<\/blockquote>\n<p>https:\/\/www.facebook.com\/mirko.mezzacasa\/videos\/1153860488854812<\/p>\n<p>&nbsp;<\/p>\n<hr \/>\n<p>&nbsp;<\/p>\n<blockquote>\n<h3>LA GRANDE SERATA ROCK CON &#8220;RE UNION&#8221; oggi alle 15.10 lo speciale alla radio<\/h3>\n<\/blockquote>\n<p>https:\/\/www.facebook.com\/mirko.mezzacasa\/videos\/701307164559399<\/p>\n<p>&nbsp;<\/p>\n<hr \/>\n<p>&nbsp;<\/p>\n<blockquote class=\"wp-embedded-content\" data-secret=\"rWDIqUtoKv\"><p><a href=\"https:\/\/www.radiopiu.net\/wordpress\/a-proposito-di-inquinamento-luminoso-e-risparmio-energetico\/\">A PROPOSITO DI INQUINAMENTO LUMINOSO E RISPARMIO ENERGETICO<\/a><\/p><\/blockquote>\n<p><iframe loading=\"lazy\" class=\"wp-embedded-content\" sandbox=\"allow-scripts\" security=\"restricted\" style=\"position: absolute; clip: rect(1px, 1px, 1px, 1px);\" title=\"&#8220;A PROPOSITO DI INQUINAMENTO LUMINOSO E RISPARMIO ENERGETICO&#8221; &#8212; Radio Pi\u00f9\" src=\"https:\/\/www.radiopiu.net\/wordpress\/a-proposito-di-inquinamento-luminoso-e-risparmio-energetico\/embed\/#?secret=CDM3H4t9PJ#?secret=rWDIqUtoKv\" data-secret=\"rWDIqUtoKv\" width=\"600\" height=\"338\" frameborder=\"0\" marginwidth=\"0\" marginheight=\"0\" scrolling=\"no\"><\/iframe><\/p>\n<p>&nbsp;<\/p>\n<p>&nbsp;<\/p>\n<hr \/>\n<p>&nbsp;<\/p>\n<h1><span style=\"color: #ff6600;\">IERI ALLA RADIO\u00a0<\/span><\/h1>\n<p>&nbsp;<\/p>\n<blockquote>\n<h2>SALUTE E SOCIETA&#8217;, PUNTATA DEL 28.11.22 CON IL DOTTOR MARCO CARACCIOLO<\/h2>\n<\/blockquote>\n<p>&nbsp;<\/p>\n<p><strong><a class=\"dt-pswp-item\" href=\"https:\/\/www.radiopiu.net\/wordpress\/wp-content\/uploads\/2022\/11\/WhatsApp-Image-2022-11-28-at-09.03.43.jpeg\" data-dt-img-description=\"\" data-large_image_width=\"800\" data-large_image_height=\"445\"><img loading=\"lazy\" decoding=\"async\" class=\" wp-image-308636 alignleft\" src=\"https:\/\/www.radiopiu.net\/wordpress\/wp-content\/uploads\/2022\/11\/WhatsApp-Image-2022-11-28-at-09.03.43-300x167.jpeg\" alt=\"\" width=\"201\" height=\"112\" srcset=\"https:\/\/www.radiopiu.net\/wordpress\/wp-content\/uploads\/2022\/11\/WhatsApp-Image-2022-11-28-at-09.03.43-300x167.jpeg 300w, https:\/\/www.radiopiu.net\/wordpress\/wp-content\/uploads\/2022\/11\/WhatsApp-Image-2022-11-28-at-09.03.43-768x427.jpeg 768w, https:\/\/www.radiopiu.net\/wordpress\/wp-content\/uploads\/2022\/11\/WhatsApp-Image-2022-11-28-at-09.03.43.jpeg 800w\" sizes=\"auto, (max-width: 201px) 100vw, 201px\" \/><\/a>Biotech Center of Excellence di Chiesi<\/strong><br \/>\nUn nuovo polo di eccellenza per lo sviluppo e la produzione di farmaci biologici sorger\u00e0 a Parma, entro il 2024, per sviluppare terapie innovative in ambito biotecnologico.<\/p>\n<p><strong>Tumore al polmone<\/strong><br \/>\nCon il termine \u201ctumore al polmone\u201d si fa riferimento a diverse tipologie di neoplasie, ciascuna caratterizzata da strategie terapeutiche diverse Lo scenario terapeutico si sta evolvendo per offrire trattamenti efficaci anche ai pazienti con mutazioni rare.<\/p>\n<p>AUDIO<\/p>\n<audio class=\"wp-audio-shortcode\" id=\"audio-308582-10\" preload=\"none\" style=\"width: 100%;\" controls=\"controls\"><source type=\"audio\/mpeg\" src=\"https:\/\/www.radiopiu.net\/wordpress\/wp-content\/uploads\/2022\/11\/SALUTE-3.mp3?_=10\" \/><a href=\"https:\/\/www.radiopiu.net\/wordpress\/wp-content\/uploads\/2022\/11\/SALUTE-3.mp3\">https:\/\/www.radiopiu.net\/wordpress\/wp-content\/uploads\/2022\/11\/SALUTE-3.mp3<\/a><\/audio>\n<p><strong>LA RACCOLTA COMPLETA<\/strong><\/p>\n<blockquote class=\"wp-embedded-content\" data-secret=\"cFCCljBRK0\"><p><a href=\"https:\/\/www.radiopiu.net\/wordpress\/saluteesocieta\/\">Salute e Societ\u00e0<\/a><\/p><\/blockquote>\n<p><iframe loading=\"lazy\" class=\"wp-embedded-content\" sandbox=\"allow-scripts\" security=\"restricted\" style=\"position: absolute; clip: rect(1px, 1px, 1px, 1px);\" title=\"&#8220;Salute e Societ\u00e0&#8221; &#8212; Radio Pi\u00f9\" src=\"https:\/\/www.radiopiu.net\/wordpress\/saluteesocieta\/embed\/#?secret=1xz9x6yPfl#?secret=cFCCljBRK0\" data-secret=\"cFCCljBRK0\" width=\"600\" height=\"338\" frameborder=\"0\" marginwidth=\"0\" marginheight=\"0\" scrolling=\"no\"><\/iframe><\/p>\n<hr \/>\n<p>&nbsp;<\/p>\n<blockquote>\n<h3>OMICIDIO PREMEDITATO &#8211; PATRIZIA BURIGO \/\/\/ inizio stagione 2022-23<\/h3>\n<\/blockquote>\n<audio class=\"wp-audio-shortcode\" id=\"audio-308582-11\" preload=\"none\" style=\"width: 100%;\" controls=\"controls\"><source type=\"audio\/mpeg\" src=\"https:\/\/www.radiopiu.net\/wordpress\/wp-content\/uploads\/2022\/11\/01-PATRIZIA-BURIGO_OMICIDIO-PREMEDITATO.mp3?_=11\" \/><a href=\"https:\/\/www.radiopiu.net\/wordpress\/wp-content\/uploads\/2022\/11\/01-PATRIZIA-BURIGO_OMICIDIO-PREMEDITATO.mp3\">https:\/\/www.radiopiu.net\/wordpress\/wp-content\/uploads\/2022\/11\/01-PATRIZIA-BURIGO_OMICIDIO-PREMEDITATO.mp3<\/a><\/audio>\n<p>&nbsp;<\/p>\n<p><a class=\"dt-pswp-item\" href=\"https:\/\/www.radiopiu.net\/wordpress\/wp-content\/uploads\/2022\/11\/1-PATRIZIA-BURIGO.jpg\" data-dt-img-description=\"\" data-large_image_width=\"768\" data-large_image_height=\"1024\"><img loading=\"lazy\" decoding=\"async\" class=\" wp-image-308643 alignleft\" src=\"https:\/\/www.radiopiu.net\/wordpress\/wp-content\/uploads\/2022\/11\/1-PATRIZIA-BURIGO-225x300.jpg\" alt=\"\" width=\"123\" height=\"164\" srcset=\"https:\/\/www.radiopiu.net\/wordpress\/wp-content\/uploads\/2022\/11\/1-PATRIZIA-BURIGO-225x300.jpg 225w, https:\/\/www.radiopiu.net\/wordpress\/wp-content\/uploads\/2022\/11\/1-PATRIZIA-BURIGO.jpg 768w\" sizes=\"auto, (max-width: 123px) 100vw, 123px\" \/><\/a>Ucciderti all\u2019alba o al tramonto,<br \/>\ndevo decidere:<br \/>\nin onore al sole<br \/>\nche punge un cielo terso<br \/>\no alla sera<br \/>\nmentre raccolgo le mie rughe dalla ciotola blu<br \/>\nPrediligo il veleno<br \/>\nlo scioglier\u00f2 nella tua pasta al sugo,<br \/>\nmentre Hendrix ruller\u00e0 nella mente<br \/>\na ricordare le mie gonne a fiori<br \/>\ne la mia anima in cerca<br \/>\nNon so decidere quando<br \/>\nma lo far\u00f2<br \/>\ncome \u00e8 vero che tu l\u2019hai gi\u00e0 fatto<br \/>\npiantando coltelli da cowboy nelle mie visioni<br \/>\ningordo di te stesso<br \/>\nmai di me.<\/p>\n<p>&nbsp;<\/p>\n<p>LA RACCOLTA COMPLETA<\/p>\n<blockquote class=\"wp-embedded-content\" data-secret=\"jviwH2GJbZ\"><p><a href=\"https:\/\/www.radiopiu.net\/wordpress\/in-vivo-verso\/\">In Vivo Verso<\/a><\/p><\/blockquote>\n<p><iframe loading=\"lazy\" class=\"wp-embedded-content\" sandbox=\"allow-scripts\" security=\"restricted\" style=\"position: absolute; clip: rect(1px, 1px, 1px, 1px);\" title=\"&#8220;In Vivo Verso&#8221; &#8212; Radio Pi\u00f9\" src=\"https:\/\/www.radiopiu.net\/wordpress\/in-vivo-verso\/embed\/#?secret=A0ZZAFzH8l#?secret=jviwH2GJbZ\" data-secret=\"jviwH2GJbZ\" width=\"600\" height=\"338\" frameborder=\"0\" marginwidth=\"0\" marginheight=\"0\" scrolling=\"no\"><\/iframe><\/p>\n<p>&nbsp;<\/p>\n<p>&nbsp;<\/p>\n<p>&nbsp;<\/p>\n<hr \/>\n<p>&nbsp;<\/p>\n<div>\n<div class=\"b654a4as d2edcug0\">\n<div class=\"rq0escxv hkbzh7o3 jwdofwj8 n8tt0mok r8blr3vg hyh9befq\">\n<p><a class=\"dt-pswp-item\" href=\"https:\/\/www.radiopiu.net\/wordpress\/wp-content\/uploads\/2020\/10\/pp.jpg\" data-dt-img-description=\"\" data-large_image_width=\"640\" data-large_image_height=\"640\"><img loading=\"lazy\" decoding=\"async\" class=\"wp-image-163678 alignleft\" src=\"https:\/\/www.radiopiu.net\/wordpress\/wp-content\/uploads\/2020\/10\/pp-300x300.jpg\" alt=\"\" width=\"106\" height=\"106\" srcset=\"https:\/\/www.radiopiu.net\/wordpress\/wp-content\/uploads\/2020\/10\/pp-300x300.jpg 300w, https:\/\/www.radiopiu.net\/wordpress\/wp-content\/uploads\/2020\/10\/pp-150x150.jpg 150w, https:\/\/www.radiopiu.net\/wordpress\/wp-content\/uploads\/2020\/10\/pp-125x125.jpg 125w, https:\/\/www.radiopiu.net\/wordpress\/wp-content\/uploads\/2020\/10\/pp-200x200.jpg 200w, https:\/\/www.radiopiu.net\/wordpress\/wp-content\/uploads\/2020\/10\/pp-80x80.jpg 80w, https:\/\/www.radiopiu.net\/wordpress\/wp-content\/uploads\/2020\/10\/pp-480x480.jpg 480w, https:\/\/www.radiopiu.net\/wordpress\/wp-content\/uploads\/2020\/10\/pp.jpg 640w\" sizes=\"auto, (max-width: 106px) 100vw, 106px\" \/><\/a><\/p>\n<\/div>\n<\/div>\n<\/div>\n<div>\n<div class=\"page-title-head hgroup\">\n<div class=\"page-title-head hgroup\">\n<div class=\"b654a4as d2edcug0\">\n<div class=\"j83agx80 btwxx1t3 lhclo0ds hop8lmos nkwizq5d scwd0bx6 roh60bw9\">\n<div class=\"rq0escxv hkbzh7o3 jwdofwj8 n8tt0mok r8blr3vg hyh9befq\">\n<div class=\"do00u71z l9j0dhe7 k4urcfbm\">\n<h2><span style=\"color: #000080;\">DON CESARE, IL PENSIERO DEL GIORNO. ALLA RADIO ALLE 7 DEL MATTINO E ALLE 19.30 DELLA SERA\u00a0<\/span><\/h2>\n<audio class=\"wp-audio-shortcode\" id=\"audio-308582-12\" preload=\"none\" style=\"width: 100%;\" controls=\"controls\"><source type=\"audio\/mpeg\" src=\"https:\/\/www.radiopiu.net\/wordpress\/wp-content\/uploads\/2022\/11\/CESARE-19.mp3?_=12\" \/><a href=\"https:\/\/www.radiopiu.net\/wordpress\/wp-content\/uploads\/2022\/11\/CESARE-19.mp3\">https:\/\/www.radiopiu.net\/wordpress\/wp-content\/uploads\/2022\/11\/CESARE-19.mp3<\/a><\/audio>\n<\/div>\n<\/div>\n<\/div>\n<\/div>\n<\/div>\n<\/div>\n<\/div>\n<p>&nbsp;<\/p>\n<hr \/>\n<p>&nbsp;<\/p>\n<h2><span style=\"color: #99cc00;\">LA RASSEGNA STAMPA DA L&#8217;AMICO DEL POPOLO<\/span><\/h2>\n<p><strong><a class=\"dt-pswp-item\" href=\"https:\/\/www.radiopiu.net\/wordpress\/wp-content\/uploads\/2022\/11\/CLAUDIO-SITO.jpg\" data-dt-img-description=\"\" data-large_image_width=\"960\" data-large_image_height=\"540\"><img loading=\"lazy\" decoding=\"async\" class=\" wp-image-308403 alignleft\" src=\"https:\/\/www.radiopiu.net\/wordpress\/wp-content\/uploads\/2022\/11\/CLAUDIO-SITO-300x169.jpg\" alt=\"\" width=\"199\" height=\"112\" srcset=\"https:\/\/www.radiopiu.net\/wordpress\/wp-content\/uploads\/2022\/11\/CLAUDIO-SITO-300x169.jpg 300w, https:\/\/www.radiopiu.net\/wordpress\/wp-content\/uploads\/2022\/11\/CLAUDIO-SITO-768x432.jpg 768w, https:\/\/www.radiopiu.net\/wordpress\/wp-content\/uploads\/2022\/11\/CLAUDIO-SITO.jpg 960w\" sizes=\"auto, (max-width: 199px) 100vw, 199px\" \/><\/a>di Gianni Santomaso<\/strong><\/p>\n<p>OSPITE: Claudio Sito, assessore al bilancio di Agordo<\/p>\n<audio class=\"wp-audio-shortcode\" id=\"audio-308582-13\" preload=\"none\" style=\"width: 100%;\" controls=\"controls\"><source type=\"audio\/mpeg\" src=\"https:\/\/www.radiopiu.net\/wordpress\/wp-content\/uploads\/2022\/11\/RASSEGNA-GIANNI-4.mp3?_=13\" \/><a href=\"https:\/\/www.radiopiu.net\/wordpress\/wp-content\/uploads\/2022\/11\/RASSEGNA-GIANNI-4.mp3\">https:\/\/www.radiopiu.net\/wordpress\/wp-content\/uploads\/2022\/11\/RASSEGNA-GIANNI-4.mp3<\/a><\/audio>\n<p>&nbsp;<\/p>\n<hr \/>\n<p>&nbsp;<\/p>\n<blockquote class=\"wp-embedded-content\" data-secret=\"HByGBigDWB\"><p><a href=\"https:\/\/www.radiopiu.net\/wordpress\/la-prima-puntata-di-piu-mix-in-live-con-gigi-dj\/\">LA PRIMA PUNTATA DI PIU&#8217; MIX IN LIVE CON GIGI DJ<\/a><\/p><\/blockquote>\n<p><iframe loading=\"lazy\" class=\"wp-embedded-content\" sandbox=\"allow-scripts\" security=\"restricted\" style=\"position: absolute; clip: rect(1px, 1px, 1px, 1px);\" title=\"&#8220;LA PRIMA PUNTATA DI PIU&#8217; MIX IN LIVE CON GIGI DJ&#8221; &#8212; Radio Pi\u00f9\" src=\"https:\/\/www.radiopiu.net\/wordpress\/la-prima-puntata-di-piu-mix-in-live-con-gigi-dj\/embed\/#?secret=FVYWC7GRHt#?secret=HByGBigDWB\" data-secret=\"HByGBigDWB\" width=\"600\" height=\"338\" frameborder=\"0\" marginwidth=\"0\" marginheight=\"0\" scrolling=\"no\"><\/iframe><\/p>\n<p>&nbsp;<\/p>\n<hr \/>\n<p>&nbsp;<\/p>\n<h2><span style=\"color: #339966;\">COLLAGE OPERAZIONE NOSTALGIA<\/span><\/h2>\n<p><strong><a class=\"dt-pswp-item\" href=\"https:\/\/www.radiopiu.net\/wordpress\/wp-content\/uploads\/2022\/11\/simon-garfunkel.jpg\" data-dt-img-description=\"\" data-large_image_width=\"460\" data-large_image_height=\"360\"><img loading=\"lazy\" decoding=\"async\" class=\" wp-image-308480 alignleft\" src=\"https:\/\/www.radiopiu.net\/wordpress\/wp-content\/uploads\/2022\/11\/simon-garfunkel-300x235.jpg\" alt=\"\" width=\"175\" height=\"137\" srcset=\"https:\/\/www.radiopiu.net\/wordpress\/wp-content\/uploads\/2022\/11\/simon-garfunkel-300x235.jpg 300w, https:\/\/www.radiopiu.net\/wordpress\/wp-content\/uploads\/2022\/11\/simon-garfunkel.jpg 460w\" sizes=\"auto, (max-width: 175px) 100vw, 175px\" \/><\/a>di Loris Scussel<\/strong><\/p>\n<p>La nuova settimana di Collage si aprir\u00e0 a ritmo di rock in particolare con i Deep Purple di \u201cHush\u201d, marted\u00ec brani di musica classica e non, mercoled\u00ec sar\u00e0 la volta dei gruppi italiani degli anni 70 con \u201cIo vagabondo\u201d dei Nomadi e cos\u00ec via, la trasmissione di gioved\u00ec sar\u00e0 dedicata ai cantautori e si aprir\u00e0 con \u201cLa luce dell\u2019est\u201d di Lucio Battisti, infine chiuderemo la settimana in bellezza venerd\u00ec con una selezione di successi internazionali come \u201cThe sound of silence\u201d di Simon e Garfunkel. Collage va in onda dal luned\u00ec al venerd\u00ec alle 16,00 e alle 23,00 naturalmente su Radio Pi\u00f9<\/p>\n<p><strong>PUNTATA DEL LUNEDI, 671<\/strong><\/p>\n<audio class=\"wp-audio-shortcode\" id=\"audio-308582-14\" preload=\"none\" style=\"width: 100%;\" controls=\"controls\"><source type=\"audio\/mpeg\" src=\"https:\/\/www.radiopiu.net\/wordpress\/wp-content\/uploads\/2022\/11\/Collage-671.mp3?_=14\" \/><a href=\"https:\/\/www.radiopiu.net\/wordpress\/wp-content\/uploads\/2022\/11\/Collage-671.mp3\">https:\/\/www.radiopiu.net\/wordpress\/wp-content\/uploads\/2022\/11\/Collage-671.mp3<\/a><\/audio>\n<p>&nbsp;<\/p>\n<hr \/>\n<p>&nbsp;<\/p>\n<p><img loading=\"lazy\" decoding=\"async\" class=\"aligncenter wp-image-61954 size-full\" src=\"https:\/\/www.radiopiu.net\/wordpress\/wp-content\/uploads\/2018\/09\/viabilita.jpeg\" sizes=\"auto, (max-width: 800px) 100vw, 800px\" srcset=\"https:\/\/www.radiopiu.net\/wordpress\/wp-content\/uploads\/2018\/09\/viabilita.jpeg 800w, https:\/\/www.radiopiu.net\/wordpress\/wp-content\/uploads\/2018\/09\/viabilita-300x38.jpeg 300w, https:\/\/www.radiopiu.net\/wordpress\/wp-content\/uploads\/2018\/09\/viabilita-768x96.jpeg 768w\" alt=\"\" width=\"800\" height=\"100\" \/><\/p>\n<p>&nbsp;<\/p>\n<p>&nbsp;<\/p>\n<p><strong>AGGIORNAMENTO VENETO STRADE, AGGIORNAMENTO CONTINUO H 24<\/strong><\/p>\n<p>&nbsp;<\/p>\n<blockquote class=\"wp-embedded-content\" data-secret=\"65loaIVnGJ\"><p><a href=\"https:\/\/www.radiopiu.net\/wordpress\/viabilita\/\">viabilita<\/a><\/p><\/blockquote>\n<p><iframe loading=\"lazy\" class=\"wp-embedded-content\" sandbox=\"allow-scripts\" security=\"restricted\" style=\"position: absolute; clip: rect(1px, 1px, 1px, 1px);\" title=\"&#8220;viabilita&#8221; &#8212; Radio Pi\u00f9\" src=\"https:\/\/www.radiopiu.net\/wordpress\/viabilita\/embed\/#?secret=66MDQ5qznQ#?secret=65loaIVnGJ\" data-secret=\"65loaIVnGJ\" width=\"600\" height=\"338\" frameborder=\"0\" marginwidth=\"0\" marginheight=\"0\" scrolling=\"no\"><\/iframe><\/p>\n<p>&nbsp;<\/p>\n<p>&nbsp;<\/p>\n<hr \/>\n<p>&nbsp;<\/p>\n<p><a class=\"dt-pswp-item\" href=\"https:\/\/www.radiopiu.net\/wordpress\/wp-content\/uploads\/2018\/09\/WhatsApp-Image-2018-09-20-at-16.04.06.jpeg\" data-dt-img-description=\"\" data-large_image_width=\"800\" data-large_image_height=\"100\"><img loading=\"lazy\" decoding=\"async\" class=\"wp-image-61378 size-full aligncenter\" src=\"https:\/\/www.radiopiu.net\/wordpress\/wp-content\/uploads\/2018\/09\/WhatsApp-Image-2018-09-20-at-16.04.06.jpeg\" alt=\"\" width=\"800\" height=\"100\" srcset=\"https:\/\/www.radiopiu.net\/wordpress\/wp-content\/uploads\/2018\/09\/WhatsApp-Image-2018-09-20-at-16.04.06.jpeg 800w, https:\/\/www.radiopiu.net\/wordpress\/wp-content\/uploads\/2018\/09\/WhatsApp-Image-2018-09-20-at-16.04.06-300x38.jpeg 300w, https:\/\/www.radiopiu.net\/wordpress\/wp-content\/uploads\/2018\/09\/WhatsApp-Image-2018-09-20-at-16.04.06-768x96.jpeg 768w\" sizes=\"auto, (max-width: 800px) 100vw, 800px\" \/><\/a><\/p>\n<p>&nbsp;<\/p>\n<p><strong>OGGI<\/strong><b> <\/b>Cielo perlopi\u00f9 molto nuvoloso o coperto, con deboli fenomeni nella notte e al mattino, in attenuazione al pomeriggio ed in cessazione ovunque entro sera, quando sar\u00e0 possibile qualche schiarita. Precipitazioni: Nella notte e al mattino probabili deboli fenomeni, nevosi oltre i 700\/900 m, anche a quote pi\u00f9 basse fino in molti fondovalle sulle Dolomiti; al pomeriggio non escluse residue debolissime precipitazioni, con eventuale quota neve in lieve rialzo; in serata assenti. Tra luned\u00ec e marted\u00ec saranno possibili 2\/10 mm di precipitazione, con altrettanti cm di neve fresca oltre i 1000\/1200 m.<\/p>\n<p><strong>DOMANI<\/strong> Giornata ancora con cielo in prevalenza nuvoloso\/molto nuvoloso per estesa nuvolosit\u00e0 medio-alta, piuttosto fredda, ma con qualche schiarita possibile al mattino; Precipitazioni: Perlopi\u00f9 assenti o limitate a debolissimi fenomeni sparsi, eventualmente senza accumuli apprezzabili. Temperature senza notevoli variazioni, o in lieve aumento le massime in caso di qualche schiarita duratura<b>\u00a0<\/b><\/p>\n<p><strong>GIOVEDI<\/strong><b> <\/b>Cielo in prevalenza nuvoloso o molto nuvoloso, con qualche irregolare schiarita al mattino. Durante la giornata aumento della probabilit\u00e0 di deboli\/debolissime precipitazioni sparse, con quota neve in calo a 800\/1000 m in serata. Temperature in lieve aumento.<\/p>\n<p><strong>VENERDI<\/strong> Altra giornata per lo pi\u00f9 nuvolosa con possibili deboli o debolissime precipitazioni, nevose fin sui 500\/800 m. Temperature in generale calo. Venti deboli, al pi\u00f9 a tratti moderati in alta quota.<\/p>\n<p>&nbsp;<\/p>\n<hr \/>\n<p>&nbsp;<\/p>\n<p>&nbsp;<\/p>\n<p><a class=\"dt-pswp-item\" href=\"https:\/\/www.radiopiu.net\/wordpress\/wp-content\/uploads\/2018\/09\/sport.jpg\" data-dt-img-description=\"\" data-large_image_width=\"800\" data-large_image_height=\"100\"><img loading=\"lazy\" decoding=\"async\" class=\"aligncenter wp-image-60761 size-full\" src=\"https:\/\/www.radiopiu.net\/wordpress\/wp-content\/uploads\/2018\/09\/sport.jpg\" alt=\"\" width=\"800\" height=\"100\" srcset=\"https:\/\/www.radiopiu.net\/wordpress\/wp-content\/uploads\/2018\/09\/sport.jpg 800w, https:\/\/www.radiopiu.net\/wordpress\/wp-content\/uploads\/2018\/09\/sport-300x38.jpg 300w, https:\/\/www.radiopiu.net\/wordpress\/wp-content\/uploads\/2018\/09\/sport-768x96.jpg 768w\" sizes=\"auto, (max-width: 800px) 100vw, 800px\" \/><\/a><\/p>\n<p>&nbsp;<\/p>\n<p><span style=\"color: #0000ff;\"><strong>HOCKEY SU GHIACCIO<\/strong><\/span><\/p>\n<blockquote>\n<h3>ALLEGHE ANCORA A QUOTA ZERO DOPO UNDICI PARTITE<\/h3>\n<\/blockquote>\n<p><strong><a class=\"dt-pswp-item\" href=\"https:\/\/www.radiopiu.net\/wordpress\/wp-content\/uploads\/2022\/11\/DE-VAL.jpg\" data-dt-img-description=\"\" data-large_image_width=\"1200\" data-large_image_height=\"948\"><img loading=\"lazy\" decoding=\"async\" class=\" wp-image-308716 alignleft\" src=\"https:\/\/www.radiopiu.net\/wordpress\/wp-content\/uploads\/2022\/11\/DE-VAL-300x237.jpg\" alt=\"\" width=\"166\" height=\"131\" srcset=\"https:\/\/www.radiopiu.net\/wordpress\/wp-content\/uploads\/2022\/11\/DE-VAL-300x237.jpg 300w, https:\/\/www.radiopiu.net\/wordpress\/wp-content\/uploads\/2022\/11\/DE-VAL-1024x809.jpg 1024w, https:\/\/www.radiopiu.net\/wordpress\/wp-content\/uploads\/2022\/11\/DE-VAL-768x607.jpg 768w, https:\/\/www.radiopiu.net\/wordpress\/wp-content\/uploads\/2022\/11\/DE-VAL.jpg 1200w\" sizes=\"auto, (max-width: 166px) 100vw, 166px\" \/><\/a>REDAZIONE<\/strong> Un tunnel in cui non si vede la luce. Continua il periodo nero dell&#8217;Alleghe Hockey che non riesce ad incamerare punti nella IHL. Undici partite e altrettante sconfitte per la squadra allenata da Fontana. Una stagione travagliata con le civette costrette a fare tanti chilometri per potersi allenare sul ghiaccio e poter giocare le partite. Le cose cambiano da questa settimana con la riapertura dell&#8217;Alvise De Toni e i giocatori potranno contare sullo stadio di Alleghe per preparare al meglio i prossimi appuntamenti, a partire da quello di sabato prossimo con la trasferta in terra altoatesina per sfidare il Bressanone.<\/p>\n<p><strong>LORIS DE VAL, GIOCATORE DELL&#8217;ALLEGHE HOCKEY<\/strong><\/p>\n<audio class=\"wp-audio-shortcode\" id=\"audio-308582-15\" preload=\"none\" style=\"width: 100%;\" controls=\"controls\"><source type=\"audio\/mpeg\" src=\"https:\/\/www.radiopiu.net\/wordpress\/wp-content\/uploads\/2022\/11\/LORIS-DE-VAL-BIANCO.mp3?_=15\" \/><a href=\"https:\/\/www.radiopiu.net\/wordpress\/wp-content\/uploads\/2022\/11\/LORIS-DE-VAL-BIANCO.mp3\">https:\/\/www.radiopiu.net\/wordpress\/wp-content\/uploads\/2022\/11\/LORIS-DE-VAL-BIANCO.mp3<\/a><\/audio>\n<p>&nbsp;<\/p>\n<hr \/>\n<p>&nbsp;<\/p>\n<p><strong><span style=\"color: #0000ff;\">ULTRAMARATONA<\/span><\/strong><\/p>\n<blockquote>\n<h3>ATENE-SPARTA-ATENE, LA SERA DELLE PREMIAZIONI<\/h3>\n<\/blockquote>\n<p>Non poteva certo mancare William su quel palco, anche per lui meritati applausi non da tutti correre oltre 190 chilometri e rimanere fuori dal cancelletto per soli 10 minuti, non un pi\u00f9. Ecco le foto della festa e di Francesca Ferraro vincitrice\u00a0 tra le donne a reggere il tricolore con William Da Roit<\/p>\n\n\t\t\t<style type='text\/css'>\n\t\t\t\t#gallery-5 {\n\t\t\t\t\tmargin: auto;\n\t\t\t\t}\n\t\t\t\t#gallery-5 .gallery-item {\n\t\t\t\t\tfloat: left;\n\t\t\t\t\tmargin-top: 10px;\n\t\t\t\t\ttext-align: center;\n\t\t\t\t\twidth: 33%;\n\t\t\t\t}\n\t\t\t\t#gallery-5 img {\n\t\t\t\t\tborder: 2px solid #cfcfcf;\n\t\t\t\t}\n\t\t\t\t#gallery-5 .gallery-caption {\n\t\t\t\t\tmargin-left: 0;\n\t\t\t\t}\n\t\t\t\t\/* see gallery_shortcode() in wp-includes\/media.php *\/\n\t\t\t<\/style>\n\t\t<div id='gallery-5' class='dt-gallery-container gallery galleryid-308582 gallery-columns-3 gallery-size-thumbnail'><dl class='gallery-item'>\n\t\t\t\t<dt class='gallery-icon landscape'>\n\t\t\t\t\t<a class=\"rollover rollover-zoom dt-pswp-item\" title=\"fa0657c2-4515-44e0-bc83-90ff5253c25b\" data-dt-img-description=\"\" data-large_image_width=\"1600\" data-large_image_height=\"825\"href='https:\/\/www.radiopiu.net\/wordpress\/wp-content\/uploads\/2022\/11\/fa0657c2-4515-44e0-bc83-90ff5253c25b.jpg'><img loading=\"lazy\" decoding=\"async\" width=\"150\" height=\"150\" src=\"https:\/\/www.radiopiu.net\/wordpress\/wp-content\/uploads\/2022\/11\/fa0657c2-4515-44e0-bc83-90ff5253c25b-150x150.jpg\" class=\"attachment-thumbnail size-thumbnail\" alt=\"\" \/><\/a>\n\t\t\t\t<\/dt><\/dl><dl class='gallery-item'>\n\t\t\t\t<dt class='gallery-icon landscape'>\n\t\t\t\t\t<a class=\"rollover rollover-zoom dt-pswp-item\" title=\"d07e2cbe-e237-4173-a6b9-a18c99bf519a\" data-dt-img-description=\"\" data-large_image_width=\"1339\" data-large_image_height=\"1200\"href='https:\/\/www.radiopiu.net\/wordpress\/wp-content\/uploads\/2022\/11\/d07e2cbe-e237-4173-a6b9-a18c99bf519a.jpg'><img loading=\"lazy\" decoding=\"async\" width=\"150\" height=\"150\" src=\"https:\/\/www.radiopiu.net\/wordpress\/wp-content\/uploads\/2022\/11\/d07e2cbe-e237-4173-a6b9-a18c99bf519a-150x150.jpg\" class=\"attachment-thumbnail size-thumbnail\" alt=\"\" \/><\/a>\n\t\t\t\t<\/dt><\/dl><dl class='gallery-item'>\n\t\t\t\t<dt class='gallery-icon landscape'>\n\t\t\t\t\t<a class=\"rollover rollover-zoom dt-pswp-item\" title=\"86b59f67-f2a5-4e02-9a86-e41b0559fa67\" data-dt-img-description=\"\" data-large_image_width=\"1596\" data-large_image_height=\"1200\"href='https:\/\/www.radiopiu.net\/wordpress\/wp-content\/uploads\/2022\/11\/86b59f67-f2a5-4e02-9a86-e41b0559fa67.jpg'><img loading=\"lazy\" decoding=\"async\" width=\"150\" height=\"150\" src=\"https:\/\/www.radiopiu.net\/wordpress\/wp-content\/uploads\/2022\/11\/86b59f67-f2a5-4e02-9a86-e41b0559fa67-150x150.jpg\" class=\"attachment-thumbnail size-thumbnail\" alt=\"\" \/><\/a>\n\t\t\t\t<\/dt><\/dl><br style=\"clear: both\" \/><dl class='gallery-item'>\n\t\t\t\t<dt class='gallery-icon portrait'>\n\t\t\t\t\t<a class=\"rollover rollover-zoom dt-pswp-item\" title=\"3eaa530e-d271-4d18-9c60-c6298ae2d4dc\" data-dt-img-description=\"\" data-large_image_width=\"972\" data-large_image_height=\"1296\"href='https:\/\/www.radiopiu.net\/wordpress\/wp-content\/uploads\/2022\/11\/3eaa530e-d271-4d18-9c60-c6298ae2d4dc.jpg'><img loading=\"lazy\" decoding=\"async\" width=\"150\" height=\"150\" src=\"https:\/\/www.radiopiu.net\/wordpress\/wp-content\/uploads\/2022\/11\/3eaa530e-d271-4d18-9c60-c6298ae2d4dc-150x150.jpg\" class=\"attachment-thumbnail size-thumbnail\" alt=\"\" \/><\/a>\n\t\t\t\t<\/dt><\/dl><dl class='gallery-item'>\n\t\t\t\t<dt class='gallery-icon portrait'>\n\t\t\t\t\t<a class=\"rollover rollover-zoom dt-pswp-item\" title=\"f0b62f4d-8ab7-4d84-8cf1-4d566b8d6ae1\" data-dt-img-description=\"\" data-large_image_width=\"1200\" data-large_image_height=\"1600\"href='https:\/\/www.radiopiu.net\/wordpress\/wp-content\/uploads\/2022\/11\/f0b62f4d-8ab7-4d84-8cf1-4d566b8d6ae1.jpg'><img loading=\"lazy\" decoding=\"async\" width=\"150\" height=\"150\" src=\"https:\/\/www.radiopiu.net\/wordpress\/wp-content\/uploads\/2022\/11\/f0b62f4d-8ab7-4d84-8cf1-4d566b8d6ae1-150x150.jpg\" class=\"attachment-thumbnail size-thumbnail\" alt=\"\" \/><\/a>\n\t\t\t\t<\/dt><\/dl>\n\t\t\t\t<br style='clear: both' \/>\n\t\t\t<\/div>\n\n<p>&nbsp;<\/p>\n","protected":false},"excerpt":{"rendered":"<p>RADIO PIU INFORMAZIONE il canale su TELEGRAM informazione di prima\u00a0 mano e in tempo reale. iscriviti ed aiutaci a farlo conoscere\u00a0\u00a0 IL PONTE IN PROSSIMITA&#8217; DELLA PISCINA DI AGORDO DA IERI E&#8217; CHIUSO, E LO SARA&#8217; FINO AL 7 DICEMBRE PER LAVORI. NESSUN PROBLEMA PER RAGGIUNGERE LA PISCINA, INFATTI, SI POTRA&#8217; PERCORRERE LA STRADA COMUNALE&hellip;<\/p>\n","protected":false},"author":4,"featured_media":308799,"comment_status":"closed","ping_status":"closed","sticky":false,"template":"","format":"standard","meta":{"_monsterinsights_skip_tracking":false,"_monsterinsights_sitenote_active":false,"_monsterinsights_sitenote_note":"","_monsterinsights_sitenote_category":0,"footnotes":""},"categories":[104,86,49],"tags":[],"class_list":["post-308582","post","type-post","status-publish","format-standard","has-post-thumbnail","hentry","category-evidenza_3","category-gr","category-news-18","category-104","category-86","category-49","description-off"],"img_url":"https:\/\/www.radiopiu.net\/wordpress\/wp-content\/uploads\/2022\/11\/Senza-nome-7.png","_links":{"self":[{"href":"https:\/\/www.radiopiu.net\/wordpress\/wp-json\/wp\/v2\/posts\/308582","targetHints":{"allow":["GET"]}}],"collection":[{"href":"https:\/\/www.radiopiu.net\/wordpress\/wp-json\/wp\/v2\/posts"}],"about":[{"href":"https:\/\/www.radiopiu.net\/wordpress\/wp-json\/wp\/v2\/types\/post"}],"author":[{"embeddable":true,"href":"https:\/\/www.radiopiu.net\/wordpress\/wp-json\/wp\/v2\/users\/4"}],"replies":[{"embeddable":true,"href":"https:\/\/www.radiopiu.net\/wordpress\/wp-json\/wp\/v2\/comments?post=308582"}],"version-history":[{"count":0,"href":"https:\/\/www.radiopiu.net\/wordpress\/wp-json\/wp\/v2\/posts\/308582\/revisions"}],"wp:featuredmedia":[{"embeddable":true,"href":"https:\/\/www.radiopiu.net\/wordpress\/wp-json\/wp\/v2\/media\/308799"}],"wp:attachment":[{"href":"https:\/\/www.radiopiu.net\/wordpress\/wp-json\/wp\/v2\/media?parent=308582"}],"wp:term":[{"taxonomy":"category","embeddable":true,"href":"https:\/\/www.radiopiu.net\/wordpress\/wp-json\/wp\/v2\/categories?post=308582"},{"taxonomy":"post_tag","embeddable":true,"href":"https:\/\/www.radiopiu.net\/wordpress\/wp-json\/wp\/v2\/tags?post=308582"}],"curies":[{"name":"wp","href":"https:\/\/api.w.org\/{rel}","templated":true}]}}