{"id":308599,"date":"2022-11-28T05:37:04","date_gmt":"2022-11-28T04:37:04","guid":{"rendered":"https:\/\/www.radiopiu.net\/wordpress\/?p=308599"},"modified":"2022-11-29T05:53:00","modified_gmt":"2022-11-29T04:53:00","slug":"meningite-batterica-muore-a-15-mesi","status":"publish","type":"post","link":"https:\/\/www.radiopiu.net\/wordpress\/meningite-batterica-muore-a-15-mesi\/","title":{"rendered":"MENINGITE BATTERICA, MUORE A 15 MESI"},"content":{"rendered":"<p><strong>OGGI SUL CORRIERE DELLE ALPI<\/strong><\/p>\n<p><strong>DI FRANCESCO SALTINI<\/strong><\/p>\n<p><strong><img loading=\"lazy\" decoding=\"async\" class=\"alignleft\" src=\"https:\/\/www.radiopiu.net\/wordpress\/wp-content\/uploads\/2022\/11\/Senza-nome-5.png\" width=\"164\" height=\"197\" \/>BELLUNO<\/strong> Muore a 15 mesi per una meningite fulminante. \u00c8 una vera e propria tragedia quella che ha colpito la famiglia Lozovyy, di origini ucraine ma da ormai molti anni residente nel capoluogo. Il capofamiglia Lui ha studiato al Segato,\u00a0 la moglie Olesya Stavchanska, lavora in Luxottica. Abitano a Cavarzano. Da qualche giorno Christian, un anno compiuto ad agosto, aveva la febbre, un sintomo che poteva lasciar pensare a una semplice influenza, visto il periodo. &#8230; \u00e8 stato ricoverato nel reparto di Pediatria.Col passare delle ore, per\u00f2, il quadro clinico del bambino \u00e8 precipitato. Le condizioni del piccolo Christian sono rapidamente peggiorate, tanto che all&#8217;indomani i responsabili del reparto hanno ordinato il suo trasferimento d&#8217;urgenza in ambulanza all&#8217;ospedale di Padova, nosocomio specializzato nelle cure a bambini in et\u00e0 pediatrica. Qui il bambino \u00e8 arrivato in condizioni disperate e, nonostante le incessanti cure dei medici, il suo cuore ha smesso di battere sabato mattina. A porre fine alla sua breve vita una meningite a rapida evoluzione fulminante. I funerali del piccolo avranno luogo domani alle 15 nella chiesa parrocchiale di Cavarzano, da qui il corteo funebre proseguir\u00e0 verso il cimitero di Cusighe.<\/p>\n<p>&nbsp;<\/p>\n<blockquote>\n<h3>LA MORTE DEL BIMBO DI 15 MESI &#8220;HA VINTO IL BATTERIO, HA PERSO LA MEDICINA&#8221;, IL GRANDE GESTO DEI GENITORI, LA DECISIONE DI DONARE CUORE E FEGATO. CHRISTIAN RIVIVRA&#8217; IN DUE BAMBINI<\/h3>\n<\/blockquote>\n<p><strong><img loading=\"lazy\" decoding=\"async\" class=\"alignleft\" src=\"https:\/\/www.radiopiu.net\/wordpress\/wp-content\/uploads\/2022\/11\/WhatsApp-Image-2022-11-28-at-15.36.43.jpeg\" width=\"283\" height=\"159\" \/>REDAZIONE<\/strong> Conferenza stampa del responsabile della Prevenzione della Ulss1 Dottor Sandro Cinquetti sul caso del bimbo di 15 mesi morto per meningite fulminante.<\/p>\n<p>Cinquetti lo definisce un doloroso caso di meningite pneumococcica, il pneumococco presenta 90 tipi diversi, in questo doloroso caso si \u00e8 rivelato un batterio impegnativo \u00e8 una forma invasiva\u00a0 andata oltre il modo ordinario.\u00a0 Un caso difficile con la\u00a0 dolorosa morte di un bimbo di 15 mesi. La mia ipotesi? Che abbia avuto un&#8217;infezione per un ceppo non coperto da vaccino. Non sar\u00e0 necessaria alcuna profilassi. Non c&#8217;\u00e8 stata nessuna negligenza dei genitori che avevano previsto le vaccinazione (2), la terza \u00e8 stata posticipata perch\u00e9 il bimbo non stava bene. Nessun ritardo nella inoculazione della terza dose che era comunque prevista per questo periodo.<\/p>\n<p><strong>L&#8217;Azienda Ulss1 \u00e8 vicina alla famiglia e porge le pi\u00f9 sentite condoglianze<\/strong><\/p>\n<p><strong>IL SERVIZIO DI MORENO GIOLI<\/strong><\/p>\n<audio class=\"wp-audio-shortcode\" id=\"audio-308599-1\" preload=\"none\" style=\"width: 100%;\" controls=\"controls\"><source type=\"audio\/mpeg\" src=\"https:\/\/www.radiopiu.net\/wordpress\/wp-content\/uploads\/2022\/11\/GIOLI-BIMBO-MENINGITE.mp3?_=1\" \/><a href=\"https:\/\/www.radiopiu.net\/wordpress\/wp-content\/uploads\/2022\/11\/GIOLI-BIMBO-MENINGITE.mp3\">https:\/\/www.radiopiu.net\/wordpress\/wp-content\/uploads\/2022\/11\/GIOLI-BIMBO-MENINGITE.mp3<\/a><\/audio>\n<p>&nbsp;<\/p>\n<p><strong>IL DOTTOR SANDRO CINQUETTI<\/strong><\/p>\n<audio class=\"wp-audio-shortcode\" id=\"audio-308599-2\" preload=\"none\" style=\"width: 100%;\" controls=\"controls\"><source type=\"audio\/mpeg\" src=\"https:\/\/www.radiopiu.net\/wordpress\/wp-content\/uploads\/2022\/11\/CINQUETTI2.mp3?_=2\" \/><a href=\"https:\/\/www.radiopiu.net\/wordpress\/wp-content\/uploads\/2022\/11\/CINQUETTI2.mp3\">https:\/\/www.radiopiu.net\/wordpress\/wp-content\/uploads\/2022\/11\/CINQUETTI2.mp3<\/a><\/audio>\n<p>&nbsp;<\/p>\n<p><span style=\"color: #ff0000;\"><strong>LE DOMANDE AL DOTTOR CINQUETTI<\/strong><\/span><\/p>\n<p><strong>E&#8217; NECESSARIA LA PROFILASSI?<\/strong><br \/>\nPer il pneumococco questo batterio non determina quasi mai focolai. Per questo motivo non \u00e8 prevista la profilassi.<br \/>\n<strong>IL BAMBINO ERA VACCINATO?<\/strong><br \/>\nIn regola con l&#8217;obbligo vaccinale, due dosi di vaccino pneumococcico, raccomandato e non obbligatorio. Aveva fatto le prime due cosi, non la terza perch\u00e9 da un paio di mesi aveva problemi respiratori ricorrenti, compreso il covid.<br \/>\n<strong>PUO&#8217; ESSERE CHE QUESTI DUE MESI DI VARIE MALATTIE ABBIANO ABBATTUTO LE SUE DIFESE IMMUNITARIE?<\/strong><br \/>\nQueste sono forme rare, \u00e8 un caso infelice e sfortunato in cui si \u00e8 verificato. Succede, le malattie infettive esistono. Il vaccino sta rincorrendo sempre pi\u00f9 ceppi.<br \/>\n<strong>QUALE LA DIAGNOSI<\/strong><br \/>\nMeningite da pneumococco, i bimbo \u00e8 morto da una forma invasiva da pneumococco. Sono forme devastanti. La medicina fa molto, ma in alcuni casi non ce la fa. E&#8217; una sconfitta per la medicina non essendo riusciti a risolvere questo caso, ha vinto il batterio.<br \/>\n<strong>QUALI I SINTOMI?<\/strong><br \/>\nIl bambino \u00e8 arrivato in ospedale con una forma respiratoria di forma virale come spesso era accaduto nell&#8217;utimo periodo. Il problema \u00e8 la rapidit\u00e0 di questi batteri. Pur essendoci terapie anche antibiotiche, la rapidit\u00e0 spesso porta e decessi o debilitazioni permanenti. Erano stati fatti dei test orientati sulla forma virale. Nella notte tra mercoledi e giovedi la situazione \u00e8 purtroppo precipitata per questo si parla di meningite fulminante, evoluzione drammatica in poche ore.<br \/>\n<strong>MORTE CON COVID E NON DA COVID<\/strong><br \/>\nIl covid era solo transitato. Il covid in questo bambino era un caso risolto, c&#8217;\u00e8 stata un&#8217;evoluzione drammatica per il batterio.<\/p>\n<p>&nbsp;<\/p>\n<p>&nbsp;<\/p>\n<hr \/>\n<p>&nbsp;<\/p>\n<blockquote>\n<h3>IL MESSAGGIO DI VICINANZA DEL SINDACO DI BELLUNO ALLA FAMIGLIA DEL BIMBO MORTO DI MENINGITE<\/h3>\n<\/blockquote>\n<p><strong><a class=\"dt-pswp-item\" href=\"https:\/\/www.radiopiu.net\/wordpress\/wp-content\/uploads\/2019\/07\/Oscar-De-Pellegrin.jpg\" data-dt-img-description=\"\" data-large_image_width=\"2449\" data-large_image_height=\"1633\"><img loading=\"lazy\" decoding=\"async\" class=\" wp-image-93050 alignleft\" src=\"https:\/\/www.radiopiu.net\/wordpress\/wp-content\/uploads\/2019\/07\/Oscar-De-Pellegrin-300x200.jpg\" alt=\"\" width=\"177\" height=\"118\" srcset=\"https:\/\/www.radiopiu.net\/wordpress\/wp-content\/uploads\/2019\/07\/Oscar-De-Pellegrin-300x200.jpg 300w, https:\/\/www.radiopiu.net\/wordpress\/wp-content\/uploads\/2019\/07\/Oscar-De-Pellegrin-768x512.jpg 768w, https:\/\/www.radiopiu.net\/wordpress\/wp-content\/uploads\/2019\/07\/Oscar-De-Pellegrin-1024x683.jpg 1024w\" sizes=\"auto, (max-width: 177px) 100vw, 177px\" \/><\/a>BELLUNO <\/strong>\u201cNon ci sono parole che possono lenire l\u2019enorme dolore della famiglia del piccolo Christian, strappato alla vita all\u2019et\u00e0 di 15 mesi. La notizia ci lascia inermi e sconvolti, l\u2019ineluttabilit\u00e0 della morte \u00e8 sempre difficile da accettare, ma quando colpisce una vita cos\u00ec piccola, una creatura che si affaccia alla vita, \u00e8 qualcosa di straziante e incomprensibile. L\u2019intera citt\u00e0 oggi piange e si stringe alla mamma e al pap\u00e0 del piccolo. E\u2019 l\u2019abbraccio di una comunit\u00e0 che sente il piccolo Christian come figlio, un po\u2019, di tutti noi. Sar\u00e0 mia cura incontrare i genitori e stringerli davvero in un abbraccio, non appena sar\u00e0 possibile\u201d. Queste le parole del sindaco di Belluno Oscar De Pellegrin in seguito alla notizia della scomparsa del piccolo di 15 mesi colpito da meningite.<\/p>\n<p>&nbsp;<\/p>\n<p>&nbsp;<\/p>\n<p>&nbsp;<\/p>\n<p>&nbsp;<\/p>\n<hr \/>\n<p>&nbsp;<\/p>\n","protected":false},"excerpt":{"rendered":"<p>OGGI SUL CORRIERE DELLE ALPI DI FRANCESCO SALTINI BELLUNO Muore a 15 mesi per una meningite fulminante. \u00c8 una vera e propria tragedia quella che ha colpito la famiglia Lozovyy, di origini ucraine ma da ormai molti anni residente nel capoluogo. Il capofamiglia Lui ha studiato al Segato,\u00a0 la moglie Olesya Stavchanska, lavora in Luxottica.&hellip;<\/p>\n","protected":false},"author":4,"featured_media":308600,"comment_status":"closed","ping_status":"closed","sticky":false,"template":"","format":"standard","meta":{"_monsterinsights_skip_tracking":false,"_monsterinsights_sitenote_active":false,"_monsterinsights_sitenote_note":"","_monsterinsights_sitenote_category":0,"footnotes":""},"categories":[51,49],"tags":[],"class_list":["post-308599","post","type-post","status-publish","format-standard","has-post-thumbnail","hentry","category-evidenza-top","category-news-18","category-51","category-49","description-off"],"img_url":"https:\/\/www.radiopiu.net\/wordpress\/wp-content\/uploads\/2022\/11\/Senza-nome-5.png","_links":{"self":[{"href":"https:\/\/www.radiopiu.net\/wordpress\/wp-json\/wp\/v2\/posts\/308599","targetHints":{"allow":["GET"]}}],"collection":[{"href":"https:\/\/www.radiopiu.net\/wordpress\/wp-json\/wp\/v2\/posts"}],"about":[{"href":"https:\/\/www.radiopiu.net\/wordpress\/wp-json\/wp\/v2\/types\/post"}],"author":[{"embeddable":true,"href":"https:\/\/www.radiopiu.net\/wordpress\/wp-json\/wp\/v2\/users\/4"}],"replies":[{"embeddable":true,"href":"https:\/\/www.radiopiu.net\/wordpress\/wp-json\/wp\/v2\/comments?post=308599"}],"version-history":[{"count":0,"href":"https:\/\/www.radiopiu.net\/wordpress\/wp-json\/wp\/v2\/posts\/308599\/revisions"}],"wp:featuredmedia":[{"embeddable":true,"href":"https:\/\/www.radiopiu.net\/wordpress\/wp-json\/wp\/v2\/media\/308600"}],"wp:attachment":[{"href":"https:\/\/www.radiopiu.net\/wordpress\/wp-json\/wp\/v2\/media?parent=308599"}],"wp:term":[{"taxonomy":"category","embeddable":true,"href":"https:\/\/www.radiopiu.net\/wordpress\/wp-json\/wp\/v2\/categories?post=308599"},{"taxonomy":"post_tag","embeddable":true,"href":"https:\/\/www.radiopiu.net\/wordpress\/wp-json\/wp\/v2\/tags?post=308599"}],"curies":[{"name":"wp","href":"https:\/\/api.w.org\/{rel}","templated":true}]}}