{"id":308681,"date":"2022-11-28T15:28:09","date_gmt":"2022-11-28T14:28:09","guid":{"rendered":"https:\/\/www.radiopiu.net\/wordpress\/?p=308681"},"modified":"2022-11-29T05:50:03","modified_gmt":"2022-11-29T04:50:03","slug":"a-proposito-di-inquinamento-luminoso-e-risparmio-energetico","status":"publish","type":"post","link":"https:\/\/www.radiopiu.net\/wordpress\/a-proposito-di-inquinamento-luminoso-e-risparmio-energetico\/","title":{"rendered":"A PROPOSITO DI INQUINAMENTO LUMINOSO E RISPARMIO ENERGETICO"},"content":{"rendered":"<p><strong><a class=\"dt-pswp-item\" href=\"https:\/\/www.radiopiu.net\/wordpress\/wp-content\/uploads\/2022\/11\/lampione.jpg\" data-dt-img-description=\"\" data-large_image_width=\"1920\" data-large_image_height=\"1280\"><img loading=\"lazy\" decoding=\"async\" class=\" wp-image-308682 alignleft\" src=\"https:\/\/www.radiopiu.net\/wordpress\/wp-content\/uploads\/2022\/11\/lampione-300x200.jpg\" alt=\"\" width=\"254\" height=\"169\" srcset=\"https:\/\/www.radiopiu.net\/wordpress\/wp-content\/uploads\/2022\/11\/lampione-300x200.jpg 300w, https:\/\/www.radiopiu.net\/wordpress\/wp-content\/uploads\/2022\/11\/lampione-1024x683.jpg 1024w, https:\/\/www.radiopiu.net\/wordpress\/wp-content\/uploads\/2022\/11\/lampione-768x512.jpg 768w, https:\/\/www.radiopiu.net\/wordpress\/wp-content\/uploads\/2022\/11\/lampione-1536x1024.jpg 1536w, https:\/\/www.radiopiu.net\/wordpress\/wp-content\/uploads\/2022\/11\/lampione.jpg 1920w\" sizes=\"auto, (max-width: 254px) 100vw, 254px\" \/><\/a>di Tiziano De Col<\/strong><\/p>\n<p>Qualche volta, nei Comuni, si eseguono studi e si mettono a punto interventi che portano a buoni risultati per la vivibilit\u00e0 dei nostri paesi, riducendo gli impatti ambientali, tramite la conoscenza del territorio e delle metodologie che portano ad efficienza e risparmio. Fu cos\u00ec che un piccolo Comune Agordino, tra il 2004 ed il 2010 intraprese la strada della certificazione ambientale allora definita ISO14001 e raggiunse anche il gradino superiore riuscendo anche a conseguire anche la certificazione Emas (Eco-Management and Audit Scheme). Siccome il piccolo Comune non aveva risorse umane da attribuire in modo specifico a questa attivit\u00e0, il Sindaco di allora, tra gli altri impegni, si assunse anche una buona parte del carico di lavoro che queste analisi e le applicazioni delle loro risultanze , avrebbero caricato sull\u2019Ente Comune, questo frequentando anche appositi corsi di formazione organizzati all\u2019interno del percorso, per poter avere la certificazione ambientale e cercando di sollevare il pi\u00f9 possibile l\u2019unica persona presente in Ufficio Tecnico dalla mole di questi nuovi impegni. Fu cos\u00ec, che con un percorso di \u201cavvicinamento\u201d fatto di verifiche, ispezioni, prescrizioni eseguite da Enti preposti e sotto la guida di esperti del settore, nell\u2019ambito di un progetto europeo nel Programma Life, coordinato dal Parco Nazionale Dolomiti Bellunesi, insieme ad altri 4 Comuni bellunesi pi\u00f9 \u201cgrossi\u201d e di molto, il piccolo Comune Agordino fu uno dei pi\u00f9 piccoli, se non il pi\u00f9 piccolo Comune Italiano, al tempo certificato con certificazione Ambientale Iso14001 \u2013 Emas. E voi lettori potreste pensare : cosa pu\u00f2 fregarcene a noi di questo e di queste sigle ? Probabilmente niente, considerato che le azioni e le cose che non portano ad un beneficio immediato ed appariscente, oggi non vengono neppure prese in considerazione, n\u00e9 dai singoli, n\u00e9 tantomeno dalle comunit\u00e0. Questo accade a livello Nazionale per la Ricerca Universitaria , ma anche privata, ma soprattutto accade nella Pubblica Amministrazione, salvo poi recriminare sempre , da parte della pubblica opinione, delle cose che non funzionano, solitamente in concomitanza di eventi calamitosi o situazioni che portato a scalfire \u201c il cullarsi nella tranquilla oziosit\u00e0 dei dogmi\u201d. Fu in questo ambito di analisi, verifiche, prescrizioni, che il piccolo Comune, non avendo risorse per pagare liberi professionisti per la redazione di appositi piani, li redasse al suo interno grazie all\u2019impegno, alle capacit\u00e0 ed alla caparbiet\u00e0 dell\u2019unica persona in Ufficio Tecnico e del Sindaco, e tra gli altri, furono redatti ed approvati dal Consiglio Comunale : il Piano Comunale di Protezione Civile nel 2008, regolarmente validato dall\u2019apposita Commissione Prefettura-Provincia nel 2009 e il PCIL (Piano dell\u2019Illuminazione per il Contenimento dell\u2019Inquinamento Luminoso) cos\u00ec come prescritto dalla Legge Regionale n\u00b0 17 del 07.08.2009 \u201cNuove norme per il contenimento dell&#8217;inquinamento luminoso,<\/p>\n<p><strong>Il risparmio energetico nell&#8217;illuminazione per esterni e per la tutela dell&#8217;ambiente e dell&#8217;attivit\u00e0 svolta dagli osservatori astronomici<\/strong><\/p>\n<p>Gi\u00e0 di moto proprio, l\u2019allora Amministrazione Comunale del piccolo Comune, contemporaneamente alla realizzazione di percorsi pedonali protetti nel centro paese, realizzati tra il 2004 e il 2013, aveva sostituito dei grossi corpi illuminanti a sfera ( 7 ) dotati di lampade a vapori di mercurio da 400 Watt, senza mascheratura superiore, che \u201csparavano\u201d luce per circa il 65% verso l\u2019alto ed i lati , invece che concentrare a terra . Dal 2011 al 2013 furono sostituiti circa 130 punti luce tra i pi\u00f9 vetusti, energivori e luminosamente inquinanti e dal 2014 in poi restavano da sostituirne circa 150, in base al piano di adeguamento inserito nel PCIL, con un cronoprogramma inserito nel PCIL stesso. I nuovi corpi illuminati, con luce concentrata sulla sede stradale e dotati di lampade al sodio a bassa pressione, in luogo delle vecchie lampade a vapori di mercurio, port\u00f2 ad una riduzione notevole dell\u2019inquinamento luminoso concentrando la luce a terra ed evitando al massimo dispersioni di riflesso verso l\u2019alto ed inoltre permise un significativo risparmio energetico passando da un consumo annuale per l\u2019illuminazione pubblica dai 184.844 Kwh\/anno del 2008 ai 116.354 Kwh\/anno del 2012. Un risparmio circa del 37% ottenuto tramite l\u2019adeguamento e la messa a norma dei corpi illuminanti pi\u00f9 energivori e luminosamente pi\u00f9 inquinanti presenti sul territorio del piccolo paese. Concludendo, sono completamente d\u2019accordo con quanto Claudio Pra ha espresso su queste pagine nei giorni scorsi e sulla scarsa fiducia che lui ripone in una futura seria presa in considerazione del problema dell\u2019inquinamento luminoso. Concordo con Claudio Pra anche sui forti dubbi circa l\u2019eccessivo utilizzo dei corpi illuminanti a led a luce bianca ed alta luminosit\u00e0 che comportano, oltre che il possibile abbagliamento dell\u2019automobilista, anche una forte riflettivit\u00e0 dal terreno verso l\u2019alto specie d\u2019inverno in caso di neve (ben oltre il prescritto dalle norme stradali, ma ben sopra a quanto prescritto dalla Legge Regionale sul contenimento dell\u2019inquinamento luminoso). Se led deve essere per il risparmio energetico come \u00e8 giusto che sia, deve essere accuratamente progettato dal punto di vista illuminotecnico, cercando di ottimizzare i sostegni esistenti e restando nelle normative di settore, sia stradali che di inquinamento luminoso. Proprio qui vorrei portare la riflessione su quanto qui descritto riguardo all\u2019attivit\u00e0 del piccolo Comune in merito a questo problema , ma anche alla Pianificazione Comunale di Protezione Civile. Senza dover spegnere tutto e subito &#8211; Ic et Nunc \u2013 (come dicevano i latini) per non poter pagare, oppure non porsi i problemi di protezione civile per non dover avviare opere di mitigazione e prevenzione, c\u2019\u00e8 la via della Pianificazione e dell\u2019ottimizzazione dei servizi per il cittadino e della sicurezza ambientale , in modo da poter affrontare i problemi in \u201ctempo di pace\u201d e possibilmente evitare di trovarsi , in piena emergenza, ad affrontare problemi con soluzioni drastiche e non dover ripetere una parte di una bella canzone dei Nomadi che recitava: \u201cCose risolte perch\u00e9 non affrontate \u2013 Non affrontate, perci\u00f2 non superate\u201d.<\/p>\n<p>&nbsp;<\/p>\n<p>&nbsp;<\/p>\n<p>*******<\/p>\n","protected":false},"excerpt":{"rendered":"<p>di Tiziano De Col Qualche volta, nei Comuni, si eseguono studi e si mettono a punto interventi che portano a buoni risultati per la vivibilit\u00e0 dei nostri paesi, riducendo gli impatti ambientali, tramite la conoscenza del territorio e delle metodologie che portano ad efficienza e risparmio. Fu cos\u00ec che un piccolo Comune Agordino, tra il&hellip;<\/p>\n","protected":false},"author":4,"featured_media":308682,"comment_status":"closed","ping_status":"closed","sticky":false,"template":"","format":"standard","meta":{"_monsterinsights_skip_tracking":false,"_monsterinsights_sitenote_active":false,"_monsterinsights_sitenote_note":"","_monsterinsights_sitenote_category":0,"footnotes":""},"categories":[104,49],"tags":[],"class_list":["post-308681","post","type-post","status-publish","format-standard","has-post-thumbnail","hentry","category-evidenza_3","category-news-18","category-104","category-49","description-off"],"img_url":"https:\/\/www.radiopiu.net\/wordpress\/wp-content\/uploads\/2022\/11\/lampione.jpg","_links":{"self":[{"href":"https:\/\/www.radiopiu.net\/wordpress\/wp-json\/wp\/v2\/posts\/308681","targetHints":{"allow":["GET"]}}],"collection":[{"href":"https:\/\/www.radiopiu.net\/wordpress\/wp-json\/wp\/v2\/posts"}],"about":[{"href":"https:\/\/www.radiopiu.net\/wordpress\/wp-json\/wp\/v2\/types\/post"}],"author":[{"embeddable":true,"href":"https:\/\/www.radiopiu.net\/wordpress\/wp-json\/wp\/v2\/users\/4"}],"replies":[{"embeddable":true,"href":"https:\/\/www.radiopiu.net\/wordpress\/wp-json\/wp\/v2\/comments?post=308681"}],"version-history":[{"count":0,"href":"https:\/\/www.radiopiu.net\/wordpress\/wp-json\/wp\/v2\/posts\/308681\/revisions"}],"wp:featuredmedia":[{"embeddable":true,"href":"https:\/\/www.radiopiu.net\/wordpress\/wp-json\/wp\/v2\/media\/308682"}],"wp:attachment":[{"href":"https:\/\/www.radiopiu.net\/wordpress\/wp-json\/wp\/v2\/media?parent=308681"}],"wp:term":[{"taxonomy":"category","embeddable":true,"href":"https:\/\/www.radiopiu.net\/wordpress\/wp-json\/wp\/v2\/categories?post=308681"},{"taxonomy":"post_tag","embeddable":true,"href":"https:\/\/www.radiopiu.net\/wordpress\/wp-json\/wp\/v2\/tags?post=308681"}],"curies":[{"name":"wp","href":"https:\/\/api.w.org\/{rel}","templated":true}]}}