{"id":308718,"date":"2022-11-29T05:36:20","date_gmt":"2022-11-29T04:36:20","guid":{"rendered":"https:\/\/www.radiopiu.net\/wordpress\/?p=308718"},"modified":"2022-11-29T05:51:37","modified_gmt":"2022-11-29T04:51:37","slug":"il-messaggio-di-vicinanza-del-sindaco-di-belluno-alla-famiglia-del-bimbo-morto-di-meningite","status":"publish","type":"post","link":"https:\/\/www.radiopiu.net\/wordpress\/il-messaggio-di-vicinanza-del-sindaco-di-belluno-alla-famiglia-del-bimbo-morto-di-meningite\/","title":{"rendered":"IL MESSAGGIO DI VICINANZA DEL SINDACO DI BELLUNO ALLA FAMIGLIA DEL BIMBO MORTO DI MENINGITE"},"content":{"rendered":"<p><strong><a class=\"dt-pswp-item\" href=\"https:\/\/www.radiopiu.net\/wordpress\/wp-content\/uploads\/2019\/07\/Oscar-De-Pellegrin.jpg\" data-dt-img-description=\"\" data-large_image_width=\"2449\" data-large_image_height=\"1633\"><img loading=\"lazy\" decoding=\"async\" class=\" wp-image-93050 alignleft\" src=\"https:\/\/www.radiopiu.net\/wordpress\/wp-content\/uploads\/2019\/07\/Oscar-De-Pellegrin-300x200.jpg\" alt=\"\" width=\"177\" height=\"118\" srcset=\"https:\/\/www.radiopiu.net\/wordpress\/wp-content\/uploads\/2019\/07\/Oscar-De-Pellegrin-300x200.jpg 300w, https:\/\/www.radiopiu.net\/wordpress\/wp-content\/uploads\/2019\/07\/Oscar-De-Pellegrin-768x512.jpg 768w, https:\/\/www.radiopiu.net\/wordpress\/wp-content\/uploads\/2019\/07\/Oscar-De-Pellegrin-1024x683.jpg 1024w\" sizes=\"auto, (max-width: 177px) 100vw, 177px\" \/><\/a>BELLUNO <\/strong>\u201cNon ci sono parole che possono lenire l\u2019enorme dolore della famiglia del piccolo Christian, strappato alla vita all\u2019et\u00e0 di 15 mesi. La notizia ci lascia inermi e sconvolti, l\u2019ineluttabilit\u00e0 della morte \u00e8 sempre difficile da accettare, ma quando colpisce una vita cos\u00ec piccola, una creatura che si affaccia alla vita, \u00e8 qualcosa di straziante e incomprensibile. L\u2019intera citt\u00e0 oggi piange e si stringe alla mamma e al pap\u00e0 del piccolo. E\u2019 l\u2019abbraccio di una comunit\u00e0 che sente il piccolo Christian come figlio, un po\u2019, di tutti noi. Sar\u00e0 mia cura incontrare i genitori e stringerli davvero in un abbraccio, non appena sar\u00e0 possibile\u201d. Queste le parole del sindaco di Belluno Oscar De Pellegrin in seguito alla notizia della scomparsa del piccolo di 15 mesi colpito da meningite.<\/p>\n<p>&nbsp;<\/p>\n<p>&nbsp;<\/p>\n<p>******<\/p>\n","protected":false},"excerpt":{"rendered":"<p>BELLUNO \u201cNon ci sono parole che possono lenire l\u2019enorme dolore della famiglia del piccolo Christian, strappato alla vita all\u2019et\u00e0 di 15 mesi. La notizia ci lascia inermi e sconvolti, l\u2019ineluttabilit\u00e0 della morte \u00e8 sempre difficile da accettare, ma quando colpisce una vita cos\u00ec piccola, una creatura che si affaccia alla vita, \u00e8 qualcosa di straziante&hellip;<\/p>\n","protected":false},"author":4,"featured_media":93050,"comment_status":"closed","ping_status":"closed","sticky":false,"template":"","format":"standard","meta":{"_monsterinsights_skip_tracking":false,"_monsterinsights_sitenote_active":false,"_monsterinsights_sitenote_note":"","_monsterinsights_sitenote_category":0,"footnotes":""},"categories":[104,49],"tags":[],"class_list":["post-308718","post","type-post","status-publish","format-standard","has-post-thumbnail","hentry","category-evidenza_3","category-news-18","category-104","category-49","description-off"],"img_url":"https:\/\/www.radiopiu.net\/wordpress\/wp-content\/uploads\/2019\/07\/Oscar-De-Pellegrin.jpg","_links":{"self":[{"href":"https:\/\/www.radiopiu.net\/wordpress\/wp-json\/wp\/v2\/posts\/308718","targetHints":{"allow":["GET"]}}],"collection":[{"href":"https:\/\/www.radiopiu.net\/wordpress\/wp-json\/wp\/v2\/posts"}],"about":[{"href":"https:\/\/www.radiopiu.net\/wordpress\/wp-json\/wp\/v2\/types\/post"}],"author":[{"embeddable":true,"href":"https:\/\/www.radiopiu.net\/wordpress\/wp-json\/wp\/v2\/users\/4"}],"replies":[{"embeddable":true,"href":"https:\/\/www.radiopiu.net\/wordpress\/wp-json\/wp\/v2\/comments?post=308718"}],"version-history":[{"count":0,"href":"https:\/\/www.radiopiu.net\/wordpress\/wp-json\/wp\/v2\/posts\/308718\/revisions"}],"wp:featuredmedia":[{"embeddable":true,"href":"https:\/\/www.radiopiu.net\/wordpress\/wp-json\/wp\/v2\/media\/93050"}],"wp:attachment":[{"href":"https:\/\/www.radiopiu.net\/wordpress\/wp-json\/wp\/v2\/media?parent=308718"}],"wp:term":[{"taxonomy":"category","embeddable":true,"href":"https:\/\/www.radiopiu.net\/wordpress\/wp-json\/wp\/v2\/categories?post=308718"},{"taxonomy":"post_tag","embeddable":true,"href":"https:\/\/www.radiopiu.net\/wordpress\/wp-json\/wp\/v2\/tags?post=308718"}],"curies":[{"name":"wp","href":"https:\/\/api.w.org\/{rel}","templated":true}]}}