{"id":308781,"date":"2022-11-30T05:44:55","date_gmt":"2022-11-30T04:44:55","guid":{"rendered":"https:\/\/www.radiopiu.net\/wordpress\/?p=308781"},"modified":"2022-11-30T09:04:54","modified_gmt":"2022-11-30T08:04:54","slug":"giornale-radiopiu-30-novembre-2022-direttore-mirko-mezzacasa","status":"publish","type":"post","link":"https:\/\/www.radiopiu.net\/wordpress\/giornale-radiopiu-30-novembre-2022-direttore-mirko-mezzacasa\/","title":{"rendered":"GIORNALE RADIOPIU 30 NOVEMBRE 2022 DIRETTORE MIRKO MEZZACASA"},"content":{"rendered":"<h3 class=\"kvgmc6g5 cxmmr5t8 oygrvhab hcukyx3x c1et5uql\"><span style=\"color: #0000ff;\"><strong>RADIO PIU INFORMAZIONE il canale su TELEGRAM informazione di prima\u00a0 <\/strong><strong>mano e in tempo reale. iscriviti ed aiutaci a farlo conoscere\u00a0\u00a0<\/strong><\/span><\/h3>\n<p><em>IL PONTE IN PROSSIMITA&#8217; DELLA PISCINA DI AGORDO\u00a0 E&#8217; CHIUSO, E LO SARA&#8217; FINO AL 7 DICEMBRE PER LAVORI. NESSUN PROBLEMA PER RAGGIUNGERE LA PISCINA, INFATTI, SI POTRA&#8217; PERCORRERE LA STRADA COMUNALE IN SINISTRA OROGRAFICA DEL TORRENTE ROVA, DIFRONTE AI CAMPI DA TENNIS. IN SENSO CONTRARIO ANCORA PIU&#8217; SEMPLICE L&#8217;INTERSEZIONE CON LA REGIONALE DEL DURAN (AGORDO-LA VALLE) E QUINDI DISCESA PER PONTE ROVA.<\/em><\/p>\n<p><a class=\"dt-pswp-item\" href=\"https:\/\/www.radiopiu.net\/wordpress\/wp-content\/uploads\/2022\/11\/40c7f37e-2f1c-4c85-8811-ef09d82428cd.jpg\" data-dt-img-description=\"\" data-large_image_width=\"960\" data-large_image_height=\"1280\"><img loading=\"lazy\" decoding=\"async\" class=\"size-medium wp-image-308789 aligncenter\" src=\"https:\/\/www.radiopiu.net\/wordpress\/wp-content\/uploads\/2022\/11\/40c7f37e-2f1c-4c85-8811-ef09d82428cd-225x300.jpg\" alt=\"\" width=\"225\" height=\"300\" srcset=\"https:\/\/www.radiopiu.net\/wordpress\/wp-content\/uploads\/2022\/11\/40c7f37e-2f1c-4c85-8811-ef09d82428cd-225x300.jpg 225w, https:\/\/www.radiopiu.net\/wordpress\/wp-content\/uploads\/2022\/11\/40c7f37e-2f1c-4c85-8811-ef09d82428cd-768x1024.jpg 768w, https:\/\/www.radiopiu.net\/wordpress\/wp-content\/uploads\/2022\/11\/40c7f37e-2f1c-4c85-8811-ef09d82428cd.jpg 960w\" sizes=\"auto, (max-width: 225px) 100vw, 225px\" \/><\/a><\/p>\n<p>&nbsp;<\/p>\n<p><strong>ZOLDO<\/strong> lavori s.p. 347 bivio Foppa. Oggi dalle 8 alle 12.00 verr\u00e0 interdetto il transito da e per Foppa.<\/p>\n<hr \/>\n<p>&nbsp;<\/p>\n<blockquote>\n<h3>L&#8217;ADDIO AL PICCOLO CHRISTIAN<\/h3>\n<\/blockquote>\n<p><strong><a class=\"dt-pswp-item\" href=\"https:\/\/www.radiopiu.net\/wordpress\/wp-content\/uploads\/2022\/11\/Senza-nome-5.png\" data-dt-img-description=\"\" data-large_image_width=\"251\" data-large_image_height=\"301\"><img loading=\"lazy\" decoding=\"async\" class=\" wp-image-308600 alignleft\" src=\"https:\/\/www.radiopiu.net\/wordpress\/wp-content\/uploads\/2022\/11\/Senza-nome-5.png\" alt=\"\" width=\"148\" height=\"177\" \/><\/a>BELLUNO<\/strong> Una folla, muta davanti a quella grande foto del piccolo Christian. Immensa come l&#8217;abbraccio ai genitori Olesya e Nazariy. Non ci proviamo nemmeno a trovare le parole per significare quel dolore che trafigge il cuore. Non riusciremo mai ad esprimere quel dramma interiore condiviso con i parenti, gli amici, i conoscenti, i tanti bellunesi che si sentono vicini a quella famiglia, come il vescovo emerito Giuseppe Andrich, come l&#8217;assessore Roberta Olivotto, entrambi tra gli scranni della chiesa di Cavarzano, affranti difronte a quella bara bianca.<\/p>\n<p>Don Graziano non \u00e8 riuscito a improvvisare l&#8217;omelia per il\u00a0 piccolo Christian Lozovyy, 15 mesi,\u00a0 stroncato da una meningite fulminante. L&#8217;omelia l&#8217;ha dovuta leggere, perch\u00e8 questa celebrazione \u00e8 stata dura per tutti, anche per lui che solo il 5 giugno scorso ha battezzato il piccolo Christian,<em> &#8220;Una vita strappata in modo brusco- ha detto &#8211; Sono scosso, vedo qui tanti fiori e immagino un giardino dove Christian pu\u00f2 continuare a correre felice. Il giardino del Paradiso che lo accoglier\u00e0&#8230;&#8221;<\/em><\/p>\n<p>&nbsp;<\/p>\n<hr \/>\n<p>&nbsp;<\/p>\n<blockquote>\n<h3>CANDATEN: PROBLEMA RISOLTO<\/h3>\n<\/blockquote>\n<p><strong>REDAZIONE <\/strong>Installati i cartelli luminosi a Candaten che segnalano l\u2019attraversamento di branchi di cervi.<\/p>\n<p>L&#8217;OPINIONE di Tiziano De Col<\/p>\n<p>Ricorrendo al codice penale si legge: <em>&#8220;Non impedire un evento, che si ha l&#8217;obbligo giuridico di impedire, equivale a cagionarlo&#8221;.<\/em> Non vorrei sembrare eccessivo ma mi fa pensare al possibile reato omissivo. Mi viene altres\u00ec in mente il caso dei cartelli che segnalano (segnalavano) la caduta sassi che una volta imperversavano sulle nostre strade. Se si sa che cadono i sassi basta avvisare che cadono\u00a0 o bisogna forse impedirlo evitando responsabilit\u00e0?\u00a0 Ho come il presentimento che se non ci sono cartelli e cade un sasso tutto questa venga\u00a0 rubricato come incidente del quale non si aveva l&#8217;obbligo giuridico di impedire perch\u00e9 non era noto potesse accadere.<\/p>\n<p><strong>LE FOTO NIGHT &amp; DAY<\/strong><\/p>\n\n\t\t\t<style type='text\/css'>\n\t\t\t\t#gallery-1 {\n\t\t\t\t\tmargin: auto;\n\t\t\t\t}\n\t\t\t\t#gallery-1 .gallery-item {\n\t\t\t\t\tfloat: left;\n\t\t\t\t\tmargin-top: 10px;\n\t\t\t\t\ttext-align: center;\n\t\t\t\t\twidth: 33%;\n\t\t\t\t}\n\t\t\t\t#gallery-1 img {\n\t\t\t\t\tborder: 2px solid #cfcfcf;\n\t\t\t\t}\n\t\t\t\t#gallery-1 .gallery-caption {\n\t\t\t\t\tmargin-left: 0;\n\t\t\t\t}\n\t\t\t\t\/* see gallery_shortcode() in wp-includes\/media.php *\/\n\t\t\t<\/style>\n\t\t<div id='gallery-1' class='dt-gallery-container gallery galleryid-308781 gallery-columns-3 gallery-size-thumbnail'><dl class='gallery-item'>\n\t\t\t\t<dt class='gallery-icon landscape'>\n\t\t\t\t\t<a class=\"rollover rollover-zoom dt-pswp-item\" title=\"3F6EAF47-64FF-472E-AE6B-8873A5A4D5FB\" data-dt-img-description=\"\" data-large_image_width=\"960\" data-large_image_height=\"934\"href='https:\/\/www.radiopiu.net\/wordpress\/wp-content\/uploads\/2022\/11\/3F6EAF47-64FF-472E-AE6B-8873A5A4D5FB.jpeg'><img loading=\"lazy\" decoding=\"async\" width=\"150\" height=\"150\" src=\"https:\/\/www.radiopiu.net\/wordpress\/wp-content\/uploads\/2022\/11\/3F6EAF47-64FF-472E-AE6B-8873A5A4D5FB-150x150.jpeg\" class=\"attachment-thumbnail size-thumbnail\" alt=\"\" \/><\/a>\n\t\t\t\t<\/dt><\/dl><dl class='gallery-item'>\n\t\t\t\t<dt class='gallery-icon landscape'>\n\t\t\t\t\t<a class=\"rollover rollover-zoom dt-pswp-item\" title=\"F8D630E6-422D-41C8-A8C1-1980376B8AB5\" data-dt-img-description=\"\" data-large_image_width=\"960\" data-large_image_height=\"720\"href='https:\/\/www.radiopiu.net\/wordpress\/wp-content\/uploads\/2022\/11\/F8D630E6-422D-41C8-A8C1-1980376B8AB5.jpeg'><img loading=\"lazy\" decoding=\"async\" width=\"150\" height=\"150\" src=\"https:\/\/www.radiopiu.net\/wordpress\/wp-content\/uploads\/2022\/11\/F8D630E6-422D-41C8-A8C1-1980376B8AB5-150x150.jpeg\" class=\"attachment-thumbnail size-thumbnail\" alt=\"\" \/><\/a>\n\t\t\t\t<\/dt><\/dl><dl class='gallery-item'>\n\t\t\t\t<dt class='gallery-icon portrait'>\n\t\t\t\t\t<a class=\"rollover rollover-zoom dt-pswp-item\" title=\"F8A37DBE-2BC0-4C18-8F99-B294E27C352D\" data-dt-img-description=\"\" data-large_image_width=\"768\" data-large_image_height=\"1024\"href='https:\/\/www.radiopiu.net\/wordpress\/wp-content\/uploads\/2022\/11\/F8A37DBE-2BC0-4C18-8F99-B294E27C352D.jpeg'><img loading=\"lazy\" decoding=\"async\" width=\"150\" height=\"150\" src=\"https:\/\/www.radiopiu.net\/wordpress\/wp-content\/uploads\/2022\/11\/F8A37DBE-2BC0-4C18-8F99-B294E27C352D-150x150.jpeg\" class=\"attachment-thumbnail size-thumbnail\" alt=\"\" \/><\/a>\n\t\t\t\t<\/dt><\/dl><br style=\"clear: both\" \/>\n\t\t\t<\/div>\n\n<p>&nbsp;<\/p>\n<hr \/>\n<p>&nbsp;<\/p>\n<blockquote>\n<h3>IN ALPAGO IL BOTTO E&#8217;\u00a0 SERVITO<\/h3>\n<\/blockquote>\n<p><a class=\"dt-pswp-item\" href=\"https:\/\/www.radiopiu.net\/wordpress\/wp-content\/uploads\/2022\/11\/th-17.jpg\" data-dt-img-description=\"\" data-large_image_width=\"474\" data-large_image_height=\"264\"><img loading=\"lazy\" decoding=\"async\" class=\" wp-image-309006 alignleft\" src=\"https:\/\/www.radiopiu.net\/wordpress\/wp-content\/uploads\/2022\/11\/th-17-300x167.jpg\" alt=\"\" width=\"262\" height=\"146\" srcset=\"https:\/\/www.radiopiu.net\/wordpress\/wp-content\/uploads\/2022\/11\/th-17-300x167.jpg 300w, https:\/\/www.radiopiu.net\/wordpress\/wp-content\/uploads\/2022\/11\/th-17.jpg 474w\" sizes=\"auto, (max-width: 262px) 100vw, 262px\" \/><\/a><strong>TAMBRE<\/strong> Ieri all&#8217;ora di pranzo \u00e8 stato fatto brillare un ordigno sul Guslon, un&#8217;escursionista\u00a0 alcuni giorni fa ha allertato i Carabinieri Forestali che hanno dato il l\u00e0 all&#8217;operazione. Si \u00e8 trattato di una granata di origine incerta di fabbricazione inglese. Il vecchio ordigno era sepolto nel fango. Sono intervenuti gli artificieri del terzo Reggimento Genio Guastatori di Udine. Il botto, al momento della deflagrazione si \u00e8 sentito fino in paese. L&#8217;operazione era stata segnalata sui social dal Comune. La zona in passato \u00e8 stata teatro oggetto di esercitazioni militari.<\/p>\n<p>&nbsp;<\/p>\n<p>&nbsp;<\/p>\n<hr \/>\n<p>&nbsp;<\/p>\n<blockquote>\n<h3>ASSOLTA LA FARMACISTA ACCUSATA DI TRUFFA<\/h3>\n<\/blockquote>\n<p><strong>OGGI SUL CORRIERE DELLE ALPI<\/strong><\/p>\n<p><strong>DI GIGI SOSSO<\/strong><\/p>\n<p><img loading=\"lazy\" decoding=\"async\" class=\"alignleft\" src=\"https:\/\/www.radiopiu.net\/wordpress\/wp-content\/uploads\/2018\/10\/voltago.jpeg\" width=\"150\" height=\"200\" \/><strong>VOLTAGO<\/strong> Era accusata di truffa aggravata e di falso, ma non \u00e8 stata raggiunta la prova che quanto successo abbia cagionato un danno alle casse dell&#8217;Ulss. Assoluzione per la farmacista di Frassen\u00e8 Agordino, Laura Franceschinelli, che era finita a processo in seguito ad un&#8217;indagine dei Nas sulle cosiddette doppie erogazioni, cio\u00e8 farmaci venduti due volte con la medesima ricetta. I fatti contestati si sviluppano nell&#8217;arco di tre anni, tra il 2015 e il 2018, periodo nel quale per ben 1.500 volte la farmacista non ha seguito la procedura della ricetta dematerializzata, caricandola nel sistema informativo, limitandosi al vecchio metodo della &#8220;terza mazzetta.. Oltre alla difesa, a chiedere l&#8217;assoluzione per entrambi i capi d&#8217;imputazione \u00e8 stata il pubblico ministero Rossi per inutilizzabilit\u00e0 degli atti d&#8217;indagine nel primo e per mancanza di prove nel secondo<\/p>\n<p>&nbsp;<\/p>\n<p>&nbsp;<\/p>\n<hr \/>\n<p>&nbsp;<\/p>\n<blockquote>\n<h3>ACQUA NON POTABILE A GOSALDO<\/h3>\n<\/blockquote>\n<p><strong><a class=\"dt-pswp-item\" href=\"https:\/\/www.radiopiu.net\/wordpress\/wp-content\/uploads\/2018\/08\/ACQUA.jpeg\" data-dt-img-description=\"\" data-large_image_width=\"1280\" data-large_image_height=\"768\"><img loading=\"lazy\" decoding=\"async\" class=\" wp-image-57052 alignleft\" src=\"https:\/\/www.radiopiu.net\/wordpress\/wp-content\/uploads\/2018\/08\/ACQUA-300x180.jpeg\" alt=\"\" width=\"115\" height=\"69\" srcset=\"https:\/\/www.radiopiu.net\/wordpress\/wp-content\/uploads\/2018\/08\/ACQUA-300x180.jpeg 300w, https:\/\/www.radiopiu.net\/wordpress\/wp-content\/uploads\/2018\/08\/ACQUA-768x461.jpeg 768w, https:\/\/www.radiopiu.net\/wordpress\/wp-content\/uploads\/2018\/08\/ACQUA-1024x614.jpeg 1024w, https:\/\/www.radiopiu.net\/wordpress\/wp-content\/uploads\/2018\/08\/ACQUA.jpeg 1280w\" sizes=\"auto, (max-width: 115px) 100vw, 115px\" \/><\/a>GOSALDO<\/strong> Gestione Servizi Pubblici informa che a GOSALDO nelle localit\u00e0 LE CASE, CURTI e INCASAL l&#8217;acqua erogata dall&#8217;acquedotto non \u00e8 potabile e pu\u00f2 essere usata per scopi alimentari SOLO PREVIA bollitura. GSP ha, comunque, gi\u00e0 adottato le necessarie misure per la disinfezione dell&#8217;acqua presente nei serbatoi e nella rete idrica con l&#8217;aggiunta di cloro.<\/p>\n<p>&nbsp;<\/p>\n<p><strong>INTERRUZIONI PROGRAMMATE<\/strong><\/p>\n<p><strong>VOLTAGO<\/strong> Gestione Servizi Pubblici informa che, per lavori alla rete idrica comunale, oggi dalle 8.00 alle 17.00, potrebbe mancare l&#8217;acqua a VOLTAGO AGORDINO in Localit\u00e0 CAPOLUOGO. Il personale addetto operer\u00e0 per limitare il pi\u00f9 possibile i disagi alla popolazione.<\/p>\n<p>&nbsp;<\/p>\n<hr \/>\n<p>&nbsp;<\/p>\n<blockquote>\n<h3>VENERDI&#8217; 2 DICEMBRE SCIOPERO NAZIONALE DEI TRASPORTI PUBBLICI<\/h3>\n<\/blockquote>\n<p><strong>BELLUNO<\/strong> Venerd\u00ec 2 dicembre \u00e8 stato indetto uno sciopero nazionale del settore pubblico e privato dei trasporti. Dolomiti Bus aderisce allo sciopero e garantisce le corse dalle 5:40 alle 8:09 e dalle 12:10 alle 15:39.<\/p>\n<p>&nbsp;<\/p>\n<p>&nbsp;<\/p>\n<hr \/>\n<p>&nbsp;<\/p>\n<blockquote>\n<h3>CALCOLO IMU 2012, VITTORIA LA TAR DEL LAZIO ANCHE DI QUATTRO COMUNI BELLUNESI<\/h3>\n<\/blockquote>\n<p><strong><a class=\"dt-pswp-item\" href=\"https:\/\/www.radiopiu.net\/wordpress\/wp-content\/uploads\/2022\/02\/Palazzo-rosso-illuminato-2-scaled.jpg\" data-dt-img-description=\"\" data-large_image_width=\"2560\" data-large_image_height=\"1707\"><img loading=\"lazy\" decoding=\"async\" class=\" wp-image-258762 alignleft\" src=\"https:\/\/www.radiopiu.net\/wordpress\/wp-content\/uploads\/2022\/02\/Palazzo-rosso-illuminato-2-300x200.jpg\" alt=\"\" width=\"194\" height=\"129\" srcset=\"https:\/\/www.radiopiu.net\/wordpress\/wp-content\/uploads\/2022\/02\/Palazzo-rosso-illuminato-2-300x200.jpg 300w, https:\/\/www.radiopiu.net\/wordpress\/wp-content\/uploads\/2022\/02\/Palazzo-rosso-illuminato-2-1024x683.jpg 1024w, https:\/\/www.radiopiu.net\/wordpress\/wp-content\/uploads\/2022\/02\/Palazzo-rosso-illuminato-2-768x512.jpg 768w, https:\/\/www.radiopiu.net\/wordpress\/wp-content\/uploads\/2022\/02\/Palazzo-rosso-illuminato-2-1536x1024.jpg 1536w, https:\/\/www.radiopiu.net\/wordpress\/wp-content\/uploads\/2022\/02\/Palazzo-rosso-illuminato-2-2048x1365.jpg 2048w\" sizes=\"auto, (max-width: 194px) 100vw, 194px\" \/><\/a>BELLUNO<\/strong> Vittoria dei comuni al Tar del Lazio contro i calcoli che nel 2012 contestarono il sistema di calcolo al momento dell&#8217;introduzione dell&#8217;IMU. Quattro i municipi bellunesi che parteciparono al ricorso.<\/p>\n<p><strong>di Daniele Dalvit<\/strong><\/p>\n<audio class=\"wp-audio-shortcode\" id=\"audio-308781-1\" preload=\"none\" style=\"width: 100%;\" controls=\"controls\"><source type=\"audio\/mpeg\" src=\"https:\/\/www.radiopiu.net\/wordpress\/wp-content\/uploads\/2022\/11\/DALVIT-TAR-IMU-ICI.mp3?_=1\" \/><a href=\"https:\/\/www.radiopiu.net\/wordpress\/wp-content\/uploads\/2022\/11\/DALVIT-TAR-IMU-ICI.mp3\">https:\/\/www.radiopiu.net\/wordpress\/wp-content\/uploads\/2022\/11\/DALVIT-TAR-IMU-ICI.mp3<\/a><\/audio>\n<p>&nbsp;<\/p>\n<hr \/>\n<p>&nbsp;<\/p>\n<blockquote>\n<h3>TAIBON-AUSTRIA, PROGETTO INTERREG: CONCRETIZZATO<\/h3>\n<\/blockquote>\n<p><strong>TAIBON<\/strong> Ed ora si tirano le somme, traguardo in vista per il progetto Interreg che ha portato alla tabellazione dei tracciati nel Comune ai piedi del monte Agner.\u00a0 Alle 11 si \u00e8 tenuto l&#8217;incontro in Municipio con l&#8217;amministrazione comunale e il GAL Alto Bellunese.\u00a0 Presentati i lavori e successivamente gli addetti ai lavori si sono trasferiti <span id=\"page4R_mcid4\" class=\"markedContent\"><span dir=\"ltr\" role=\"presentation\">al punto di partenza dei percorsi\u00a0 per la\u00a0 <\/span><\/span><span id=\"page4R_mcid5\" class=\"markedContent\"><span dir=\"ltr\" role=\"presentation\">passeggiata panoramica. Ad Agordo, presso l&#8217;istituto minerario, visita ai <\/span><\/span><span id=\"page4R_mcid8\" class=\"markedContent\"><span dir=\"ltr\" role=\"presentation\">\u00a0\u201ccento passi nella geologia\u201d.\u00a0<\/span><\/span><\/p>\n<p>&nbsp;<\/p>\n\n\t\t\t<style type='text\/css'>\n\t\t\t\t#gallery-2 {\n\t\t\t\t\tmargin: auto;\n\t\t\t\t}\n\t\t\t\t#gallery-2 .gallery-item {\n\t\t\t\t\tfloat: left;\n\t\t\t\t\tmargin-top: 10px;\n\t\t\t\t\ttext-align: center;\n\t\t\t\t\twidth: 50%;\n\t\t\t\t}\n\t\t\t\t#gallery-2 img {\n\t\t\t\t\tborder: 2px solid #cfcfcf;\n\t\t\t\t}\n\t\t\t\t#gallery-2 .gallery-caption {\n\t\t\t\t\tmargin-left: 0;\n\t\t\t\t}\n\t\t\t\t\/* see gallery_shortcode() in wp-includes\/media.php *\/\n\t\t\t<\/style>\n\t\t<div id='gallery-2' class='dt-gallery-container gallery galleryid-308781 gallery-columns-2 gallery-size-medium'><dl class='gallery-item'>\n\t\t\t\t<dt class='gallery-icon landscape'>\n\t\t\t\t\t<a class=\"rollover rollover-zoom dt-pswp-item\" title=\"c9bb2e38-f56e-4107-83aa-0788cc52dedc\" data-dt-img-description=\"\" data-large_image_width=\"1920\" data-large_image_height=\"1080\"href='https:\/\/www.radiopiu.net\/wordpress\/wp-content\/uploads\/2022\/11\/c9bb2e38-f56e-4107-83aa-0788cc52dedc.jpg'><img loading=\"lazy\" decoding=\"async\" width=\"300\" height=\"169\" src=\"https:\/\/www.radiopiu.net\/wordpress\/wp-content\/uploads\/2022\/11\/c9bb2e38-f56e-4107-83aa-0788cc52dedc-300x169.jpg\" class=\"attachment-medium size-medium\" alt=\"\" srcset=\"https:\/\/www.radiopiu.net\/wordpress\/wp-content\/uploads\/2022\/11\/c9bb2e38-f56e-4107-83aa-0788cc52dedc-300x169.jpg 300w, https:\/\/www.radiopiu.net\/wordpress\/wp-content\/uploads\/2022\/11\/c9bb2e38-f56e-4107-83aa-0788cc52dedc-1024x576.jpg 1024w, https:\/\/www.radiopiu.net\/wordpress\/wp-content\/uploads\/2022\/11\/c9bb2e38-f56e-4107-83aa-0788cc52dedc-768x432.jpg 768w, https:\/\/www.radiopiu.net\/wordpress\/wp-content\/uploads\/2022\/11\/c9bb2e38-f56e-4107-83aa-0788cc52dedc-1536x864.jpg 1536w, https:\/\/www.radiopiu.net\/wordpress\/wp-content\/uploads\/2022\/11\/c9bb2e38-f56e-4107-83aa-0788cc52dedc.jpg 1920w\" sizes=\"auto, (max-width: 300px) 100vw, 300px\" \/><\/a>\n\t\t\t\t<\/dt><\/dl><dl class='gallery-item'>\n\t\t\t\t<dt class='gallery-icon landscape'>\n\t\t\t\t\t<a class=\"rollover rollover-zoom dt-pswp-item\" title=\"1cb088f0-6869-4ca1-bf27-e1cde28c571c\" data-dt-img-description=\"\" data-large_image_width=\"1920\" data-large_image_height=\"1080\"href='https:\/\/www.radiopiu.net\/wordpress\/wp-content\/uploads\/2022\/11\/1cb088f0-6869-4ca1-bf27-e1cde28c571c.jpg'><img loading=\"lazy\" decoding=\"async\" width=\"300\" height=\"169\" src=\"https:\/\/www.radiopiu.net\/wordpress\/wp-content\/uploads\/2022\/11\/1cb088f0-6869-4ca1-bf27-e1cde28c571c-300x169.jpg\" class=\"attachment-medium size-medium\" alt=\"\" srcset=\"https:\/\/www.radiopiu.net\/wordpress\/wp-content\/uploads\/2022\/11\/1cb088f0-6869-4ca1-bf27-e1cde28c571c-300x169.jpg 300w, https:\/\/www.radiopiu.net\/wordpress\/wp-content\/uploads\/2022\/11\/1cb088f0-6869-4ca1-bf27-e1cde28c571c-1024x576.jpg 1024w, https:\/\/www.radiopiu.net\/wordpress\/wp-content\/uploads\/2022\/11\/1cb088f0-6869-4ca1-bf27-e1cde28c571c-768x432.jpg 768w, https:\/\/www.radiopiu.net\/wordpress\/wp-content\/uploads\/2022\/11\/1cb088f0-6869-4ca1-bf27-e1cde28c571c-1536x864.jpg 1536w, https:\/\/www.radiopiu.net\/wordpress\/wp-content\/uploads\/2022\/11\/1cb088f0-6869-4ca1-bf27-e1cde28c571c.jpg 1920w\" sizes=\"auto, (max-width: 300px) 100vw, 300px\" \/><\/a>\n\t\t\t\t<\/dt><\/dl><br style=\"clear: both\" \/>\n\t\t\t<\/div>\n\n<p><strong>LA DIRETTA DI RADIO PIU<\/strong><\/p>\n<p>https:\/\/www.facebook.com\/marco.baghy.1\/videos\/537987047865782<\/p>\n<p>&nbsp;<\/p>\n<p>&nbsp;<\/p>\n<hr \/>\n<p>&nbsp;<\/p>\n<blockquote>\n<h3><a class=\"dt-pswp-item\" href=\"https:\/\/www.radiopiu.net\/wordpress\/wp-content\/uploads\/2022\/11\/Schermata-2022-11-29-alle-20.25.37.png\" data-dt-img-description=\"\" data-large_image_width=\"960\" data-large_image_height=\"760\"><img loading=\"lazy\" decoding=\"async\" class=\" wp-image-308962 alignleft\" src=\"https:\/\/www.radiopiu.net\/wordpress\/wp-content\/uploads\/2022\/11\/Schermata-2022-11-29-alle-20.25.37-300x238.png\" alt=\"\" width=\"155\" height=\"123\" srcset=\"https:\/\/www.radiopiu.net\/wordpress\/wp-content\/uploads\/2022\/11\/Schermata-2022-11-29-alle-20.25.37-300x238.png 300w, https:\/\/www.radiopiu.net\/wordpress\/wp-content\/uploads\/2022\/11\/Schermata-2022-11-29-alle-20.25.37-768x608.png 768w, https:\/\/www.radiopiu.net\/wordpress\/wp-content\/uploads\/2022\/11\/Schermata-2022-11-29-alle-20.25.37.png 960w\" sizes=\"auto, (max-width: 155px) 100vw, 155px\" \/><\/a>I POMPIERI VOLONTARI DI CAPRILE IN AIUTO AD UN MEZZO IN DIFFICOLTA&#8217;<\/h3>\n<\/blockquote>\n<p><strong>ROCCA PIETORE<\/strong> I Vigili del fuoco volontari di Caprile sono intervenuti nella serata di luned\u00ec sul passo Fedaia per un automobilista in difficolt\u00e0 a causa della neve. I pompieri hanno recuperato il mezzo.<\/p>\n<p>&nbsp;<\/p>\n<hr \/>\n<p>&nbsp;<\/p>\n<blockquote>\n<h3>IL FINE SETTIMANA DELLA CROCE ROSSA ITALIANA DI BELLUNO<\/h3>\n<p><em>Venerdi la cena di gala per acquistare una nuova ambulanza. Con il sostegno degli studenti di alcune scuole bellunesi.<\/em><\/p><\/blockquote>\n<div dir=\"auto\"><a class=\"dt-pswp-item\" href=\"https:\/\/www.radiopiu.net\/wordpress\/wp-content\/uploads\/2022\/11\/316280231_513443007480729_2146016152254486547_n.jpg\" data-dt-img-description=\"\" data-large_image_width=\"526\" data-large_image_height=\"526\"><img loading=\"lazy\" decoding=\"async\" class=\"size-medium wp-image-309005 alignleft\" src=\"https:\/\/www.radiopiu.net\/wordpress\/wp-content\/uploads\/2022\/11\/316280231_513443007480729_2146016152254486547_n-300x300.jpg\" alt=\"\" width=\"300\" height=\"300\" srcset=\"https:\/\/www.radiopiu.net\/wordpress\/wp-content\/uploads\/2022\/11\/316280231_513443007480729_2146016152254486547_n-300x300.jpg 300w, https:\/\/www.radiopiu.net\/wordpress\/wp-content\/uploads\/2022\/11\/316280231_513443007480729_2146016152254486547_n-150x150.jpg 150w, https:\/\/www.radiopiu.net\/wordpress\/wp-content\/uploads\/2022\/11\/316280231_513443007480729_2146016152254486547_n.jpg 526w\" sizes=\"auto, (max-width: 300px) 100vw, 300px\" \/><\/a><strong>BELLUNO<\/strong> Anche questo weekend alla CroceRossa di Belluno non ci si \u00e8 annoiati. I volontari sono stati impegnati: \u00a0in un corso alla popolazione sull&#8217;utilizzo del defibrillatore, \u00a0nel Progetto Scuole presso le medie Nievo per insegnare il Priml Soccorso, nell&#8217;ormai consueto servizio in Pronto Soccorso, in un trasporto sanitario all&#8217;ospedale di Pordenone, \u00a0nella quindicinale distribuzione viveri agli indigenti, \u00a0nell&#8217;allestimento della Villa Miari Fulcis di Modolo per la serata di Gala di venerd\u00ec 2 dicembre. Tra i servizi della Crocerossa di Belluno c&#8217;\u00e8 la consegna a domicilio dei farmaci ospedalieri. Grazie a una convenzione nata in periodo Covid, i pazienti fragili e immunodepressi possono ricevere i farmaci distribuiti dall&#8217;ospedale direttamente a casa, evitando i rischi di recarsi in ospedale<\/div>\n<p>&nbsp;<\/p>\n<p>&nbsp;<\/p>\n<p>&nbsp;<\/p>\n<hr \/>\n<p>&nbsp;<\/p>\n<blockquote>\n<h3>CANALE D&#8217;AGORDO, L&#8217;INCONTRO CON IL LUPO &#8211; DA VPB &#8211;<\/h3>\n<\/blockquote>\n<div dir=\"auto\"><strong><a class=\"dt-pswp-item\" href=\"https:\/\/www.radiopiu.net\/wordpress\/wp-content\/uploads\/2022\/11\/Senza-nome-120.jpg\" data-dt-img-description=\"\" data-large_image_width=\"208\" data-large_image_height=\"264\"><img loading=\"lazy\" decoding=\"async\" class=\"wp-image-308845 alignleft\" src=\"https:\/\/www.radiopiu.net\/wordpress\/wp-content\/uploads\/2022\/11\/Senza-nome-120.jpg\" alt=\"\" width=\"133\" height=\"169\" \/><\/a>REDAZIONE<\/strong> Ieri sulla vivace e partecipata cha<span style=\"color: #0000ff;\"><span style=\"color: #000000;\">t<\/span> Viabilit\u00e0 Provincia di Belluno &#8211; VPB<\/span>\u00a0 ( <strong>Link<\/strong>: <a class=\"anchor-url\" href=\"https:\/\/t.me\/viabilitaBelluno\">https:\/\/t.me\/viabilitaBelluno<\/a>)\u00a0 \u00e8 comparso per qualche istante un bellissimo video, credo che l&#8217;autrice sia Debora che \u00e8 riuscita a riprendere il lupo sulle strade innevate di Canale d&#8217;Agordo, il paese purtroppo balzato alle cronache <em>&#8220;lupesche&#8221;<\/em> dopo\u00a0 quel triste fatto di cronaca, il cagnolino di Dino sbranato nel giardino di casa,\u00a0 come molti ricorderanno.\u00a0 Abbiamo pensato, per chi lo avesse perso, di riproporlo. Con i complimenti a Debora per la ripresa. Eccellente.<\/div>\n<div dir=\"auto\"><\/div>\n<div dir=\"auto\">\n<div style=\"width: 848px;\" class=\"wp-video\"><video class=\"wp-video-shortcode\" id=\"video-308781-1\" width=\"848\" height=\"480\" preload=\"metadata\" controls=\"controls\"><source type=\"video\/mp4\" src=\"https:\/\/www.radiopiu.net\/wordpress\/wp-content\/uploads\/2022\/11\/WhatsApp-Video-2022-11-29-at-13.45.19.mp4?_=1\" \/><a href=\"https:\/\/www.radiopiu.net\/wordpress\/wp-content\/uploads\/2022\/11\/WhatsApp-Video-2022-11-29-at-13.45.19.mp4\">https:\/\/www.radiopiu.net\/wordpress\/wp-content\/uploads\/2022\/11\/WhatsApp-Video-2022-11-29-at-13.45.19.mp4<\/a><\/video><\/div>\n<p>&nbsp;<\/p>\n<p>&nbsp;<\/p>\n<hr \/>\n<p>&nbsp;<\/p>\n<p>LA FOTO CURIOSA A PALAFAVERA NELLO ZOLDANO CON I COMPLIMENTI ALL&#8217;ARTISTA&#8230; DELLE RANE<\/p>\n<p><a class=\"dt-pswp-item\" href=\"https:\/\/www.radiopiu.net\/wordpress\/wp-content\/uploads\/2022\/11\/316408699_509281264562315_8295407180649841923_n.jpg\" data-dt-img-description=\"\" data-large_image_width=\"960\" data-large_image_height=\"540\"><img loading=\"lazy\" decoding=\"async\" class=\"alignnone wp-image-309007 size-full\" src=\"https:\/\/www.radiopiu.net\/wordpress\/wp-content\/uploads\/2022\/11\/316408699_509281264562315_8295407180649841923_n.jpg\" alt=\"\" width=\"960\" height=\"540\" srcset=\"https:\/\/www.radiopiu.net\/wordpress\/wp-content\/uploads\/2022\/11\/316408699_509281264562315_8295407180649841923_n.jpg 960w, https:\/\/www.radiopiu.net\/wordpress\/wp-content\/uploads\/2022\/11\/316408699_509281264562315_8295407180649841923_n-300x169.jpg 300w, https:\/\/www.radiopiu.net\/wordpress\/wp-content\/uploads\/2022\/11\/316408699_509281264562315_8295407180649841923_n-768x432.jpg 768w\" sizes=\"auto, (max-width: 960px) 100vw, 960px\" \/><\/a><\/p>\n<p>&nbsp;<\/p>\n<p>&nbsp;<\/p>\n<\/div>\n<hr \/>\n<p>&nbsp;<\/p>\n<blockquote>\n<h3>VARIAZIONE DI BILANCIO, DALLA \u201cMANOVRA\u201d RISORSE ALLE UNIONI MONTANE PER INTERVENTI DI DIFESA DEL SUOLO<\/h3>\n<\/blockquote>\n<p><strong><a class=\"dt-pswp-item\" href=\"https:\/\/www.radiopiu.net\/wordpress\/wp-content\/uploads\/2021\/06\/6bda7d20-2bca-46b1-9c47-7864eeb8da9e.jpg\" data-dt-img-description=\"\" data-large_image_width=\"1920\" data-large_image_height=\"1080\"><img loading=\"lazy\" decoding=\"async\" class=\"size-medium wp-image-213612 alignleft\" src=\"https:\/\/www.radiopiu.net\/wordpress\/wp-content\/uploads\/2021\/06\/6bda7d20-2bca-46b1-9c47-7864eeb8da9e-300x169.jpg\" alt=\"\" width=\"300\" height=\"169\" srcset=\"https:\/\/www.radiopiu.net\/wordpress\/wp-content\/uploads\/2021\/06\/6bda7d20-2bca-46b1-9c47-7864eeb8da9e-300x169.jpg 300w, https:\/\/www.radiopiu.net\/wordpress\/wp-content\/uploads\/2021\/06\/6bda7d20-2bca-46b1-9c47-7864eeb8da9e-1024x576.jpg 1024w, https:\/\/www.radiopiu.net\/wordpress\/wp-content\/uploads\/2021\/06\/6bda7d20-2bca-46b1-9c47-7864eeb8da9e-768x432.jpg 768w, https:\/\/www.radiopiu.net\/wordpress\/wp-content\/uploads\/2021\/06\/6bda7d20-2bca-46b1-9c47-7864eeb8da9e-1536x864.jpg 1536w, https:\/\/www.radiopiu.net\/wordpress\/wp-content\/uploads\/2021\/06\/6bda7d20-2bca-46b1-9c47-7864eeb8da9e.jpg 1920w\" sizes=\"auto, (max-width: 300px) 100vw, 300px\" \/><\/a>BELLUNO<\/strong> L\u2019ultima variazione del bilancio provinciale riserva una buona notizia per la messa in sicurezza di frane e strade. La \u201cmanovra\u201d approvata ieri\u00a0 mattina dal consiglio contiene anche un contributo di 500mila euro per le Unioni montane, destinato a interventi di difesa del suolo; e 237mila euro per contributi ai Comuni, per finanziare accordi di programma relativi a interventi sulla viabilit\u00e0 provinciale. Lo stanziamento \u00e8 reso possibile da alcune maggiori entrate, in particolare i 737mila euro rimborsati dalla Regione Veneto per i lavori di messa in sicurezza della frana di Cancia. \u00abRisorse che restano nel capitolo difesa del suolo e vengono subito rimesse sul territorio\u00bb spiega il presidente della Provincia, Roberto Padrin. \u00abConsapevoli del ruolo delle Unioni montane e della presenza di tante situazioni di fragilit\u00e0 della montagna bellunese, le risorse vengono girate alle Unioni montane per interventi sulle frane, e alla definizione di accordi di programma con i Comuni per interventi sulle strade\u00bb. \u00abSi tratta di una cifra piuttosto considerevole, che non \u00e8 dovuta, ma che \u00e8 doveroso riconoscere alle Unioni montane, in quanto braccio operativo della Provincia sul territorio\u00bb aggiunge il consigliere delegato Mattia Gosetti. \u00abL\u2019auspicio \u00e8 che si possa arrivare a una convenzione per rendere strutturale il finanziamento delle Um, anche all\u2019interno del piano di riordino regionale previsto per questi enti, che hanno necessit\u00e0 di trovare nuove energie per poter essere operative al massimo e continuare a dare risposte alle amministrazioni e alle comunit\u00e0 locali\u00bb. Anche il finanziamento di accordi di programma per interventi sulla viabilit\u00e0 segue la stessa logica. \u00abRappresenta un piccolo passo per aiutare i Comuni a eseguire piccole sistemazioni, che risultano fondamentali per le aree di montagna\u00bb sottolinea il consigliere delegato alle infrastrutture, Fabio Luchetta. La \u201cmanovra\u201d varata oggi dal consiglio provinciale conta altre maggiori entrate: 172mila euro di contributo statale straordinario riservato alle Province che hanno subito una consistente riduzione del gettito dell&#8217;Ipt e della Rc auto (che costituiscono le voci principali delle entrate degli enti di area vasta), e 570mila euro dai Decreti aiuti bis e tre per le maggiori spese di riscaldamento e di energia elettrica degli istituti scolastici; serviranno per pagare le bollette e per integrare il finanziamento di Investi Scuola, assicurato dal Consorzio Bim Piave. Infine, arrivano dalla Regione 138mila euro per attrezzature per la Polizia Provinciale. Insieme a 17mila euro derivanti dalla vendita di materiale ittico dei centri ittiogenici provinciali, serviranno ad acquistare quattro auto di servizio e strumentazione, tra cui fototrappole e un drone, funzionali alla gestione faunistica.<\/p>\n<p>&nbsp;<\/p>\n<hr \/>\n<p>&nbsp;<\/p>\n<blockquote>\n<h3>DILLO A RADIO PIU&#8217;&#8230;LA QUINTA CHIMICI SENZA PROFESSORE DI TECNOLOGIA CHIMICA INDUSTRIALE<\/h3>\n<\/blockquote>\n<p><strong>REDAZIONE<\/strong> Riceviamo e pubblichiamo una lettera aperta arrivata dalla <img loading=\"lazy\" decoding=\"async\" class=\"alignleft\" src=\"https:\/\/www.radiopiu.net\/wordpress\/wp-content\/uploads\/2022\/11\/th-15.jpg\" width=\"284\" height=\"91\" \/>classe quinta chimici dell&#8217;istituto Follador-De Rossi. Una classe preoccupata per la mancanza di un insegnate di tecnologia chimica industriale, materia fondamentale per il raggiungimento della maturit\u00e0.<\/p>\n<blockquote><p><em>A nome di tutta la classe quinta frequentante l\u2019istituto tecnico tecnologico indirizzo chimica e materiali presso l\u2019Istituto di Istruzione Superiore \u201cFollador &#8211; De Rossi\u201d di Agordo, vorrei porre alla Vostra attenzione la preoccupante situazione che si \u00e8 venuta a creare proprio in questi giorni. Attualmente la nostra classe \u00e8 senza il professore di \u201ctecnologia chimica industriale\u201d, a seguito dell\u2019assegnazione allo stesso della cattedra presso l\u2019Istituto di Istruzione Superiore \u201cTomaso Catullo\u201d di Belluno, con annesso passaggio di ruolo. L\u2019apprensione legata a questo evento nasce dal fatto che si tratta di una materia fondamentale del percorso formativo dell\u2019indirizzo, oltre ad essere molto probabilmente la disciplina sulla quale verter\u00e0 la seconda prova dell\u2019esame di Stato. Inoltre, vorremmo sottolineare che il professore si ritrova ora a dover coprire le ore d\u2019insegnamento su due Istituti distinti, mantenendo ad Agordo l\u2019istruzione di alcune classi dell\u2019indirizzo stesso. Per quanto riguarda l\u2019orario della nostra classe, per\u00f2, il professore \u00e8 impossibilitato a svolgere le lezioni in quanto occupato in altra sede. Ovviamente siamo fiduciosi che la situazione possa risolversi in tempi brevi, visto anche l\u2019interessamento dell\u2019Istituto \u201cU. Follador &#8211; A. De Rossi\u201d al riguardo. Tuttavia, riteniamo che queste decisioni prese a fine novembre da chi di competenza in Regione si ripercuotano in modo negativo sull\u2019apprendimento degli studenti, soprattutto di coloro che a fine anno devono sostenere l\u2019esame di maturit\u00e0.<\/em><\/p>\n<p><em>Classe 5^ chimico<\/em><\/p><\/blockquote>\n<p>&nbsp;<\/p>\n<p>&nbsp;<\/p>\n<hr \/>\n<p>&nbsp;<\/p>\n<blockquote>\n<h3>LICEI GALILEI E DAL PIAZ, ORGOGLIO BELLUNESE<\/h3>\n<\/blockquote>\n<p><strong><img loading=\"lazy\" decoding=\"async\" class=\"alignleft\" src=\"https:\/\/www.radiopiu.net\/wordpress\/wp-content\/uploads\/2022\/11\/th-14.jpg\" width=\"253\" height=\"138\" \/>BELLUNO<\/strong> Ottimi risultati per i Licei Galilei-Tiziano anche nel 2022, secondo i dati di Eduscopio-Fondazione Agnelli, da oggi disponibili. Con 86,63 punti su 100, il Liceo Scientifico Galilei risulta essere il primo liceo scientifico della Provincia<\/p>\n<p>&nbsp;<\/p>\n<p><strong><em>Congratulazioni a docenti e studenti per il risultato.<\/em><\/strong><\/p>\n<p><strong>DI MORENO GIOLI<\/strong><\/p>\n<audio class=\"wp-audio-shortcode\" id=\"audio-308781-2\" preload=\"none\" style=\"width: 100%;\" controls=\"controls\"><source type=\"audio\/mpeg\" src=\"https:\/\/www.radiopiu.net\/wordpress\/wp-content\/uploads\/2022\/11\/LICEO-MORENO.mp3?_=2\" \/><a href=\"https:\/\/www.radiopiu.net\/wordpress\/wp-content\/uploads\/2022\/11\/LICEO-MORENO.mp3\">https:\/\/www.radiopiu.net\/wordpress\/wp-content\/uploads\/2022\/11\/LICEO-MORENO.mp3<\/a><\/audio>\n<p>&nbsp;<\/p>\n<p>&nbsp;<\/p>\n<p>&nbsp;<\/p>\n<hr \/>\n<p>&nbsp;<\/p>\n<blockquote>\n<h3>ISTITUTO FOLLADOR-DE ROSSI: CONSEGNATI I DIPLOMI DI STATO<\/h3>\n<\/blockquote>\n<p><strong>FALCADE <\/strong>Venerd\u00ec 25 novembre nella la palestra Dolomiti di Falcade, l\u2019Istituto \u201cFollador-De Rossi\u201d ha accolto gli studenti che hanno conseguito il Diploma di Stato al termine dell\u2019anno scolastico 2021\/22. L\u2019appuntamento per la consegna ufficiale dei Diplomi si era interrotto a causa delle conseguenze della pandemia da Covid 19 e pertanto negli ultimi tre anni la scuola non era riuscita a proporre il format tradizionale della manifestazione. Quest\u2019anno grazie al graduale ritorno alla normalit\u00e0, l\u2019iniziativa \u00e8 stata riproposta suscitando apprezzamento sia nei ragazzi che nei loro familiari che sono intervenuti alla serata. Nell\u2019occasione sono state anche consegnate 4 borse di studio, in memoria del compianto professor Fulvio Mazzarol, che sono andate ad Alice Bellenzier, Beatrice Colleselli, Fabio Schena e Patrick Da Rold. Non \u00e8 poi mancato un momento di ricordo della professoressa Monica De Martin, recentemente scomparsa, alla memoria della quale \u00e8 stata attivata un\u2019iniziativa di appoggio per la costruzione di una scuola in Madagascar. Esaurita la consegna dei Diplomi, gli invitati hanno quindi potuto partecipare ad un gustoso buffet preparato con maestria culinaria dagli studenti del triennio dell\u2019indirizzo Enogastronomico, naturalmente organizzati e seguiti dai loro docenti. Il momento, al di l\u00e0 della soddisfazione del palato, ha permesso ai ragazzi rivivere un momento di incontro anche con i loro ex docenti per condividere le loro scelte e i loro attuali percorsi di vita, insomma, in un certo senso, un gradito \u201critorno a casa\u201d.<\/p>\n\n\t\t\t<style type='text\/css'>\n\t\t\t\t#gallery-3 {\n\t\t\t\t\tmargin: auto;\n\t\t\t\t}\n\t\t\t\t#gallery-3 .gallery-item {\n\t\t\t\t\tfloat: left;\n\t\t\t\t\tmargin-top: 10px;\n\t\t\t\t\ttext-align: center;\n\t\t\t\t\twidth: 50%;\n\t\t\t\t}\n\t\t\t\t#gallery-3 img {\n\t\t\t\t\tborder: 2px solid #cfcfcf;\n\t\t\t\t}\n\t\t\t\t#gallery-3 .gallery-caption {\n\t\t\t\t\tmargin-left: 0;\n\t\t\t\t}\n\t\t\t\t\/* see gallery_shortcode() in wp-includes\/media.php *\/\n\t\t\t<\/style>\n\t\t<div id='gallery-3' class='dt-gallery-container gallery galleryid-308781 gallery-columns-2 gallery-size-medium'><dl class='gallery-item'>\n\t\t\t\t<dt class='gallery-icon landscape'>\n\t\t\t\t\t<a class=\"rollover rollover-zoom dt-pswp-item\" title=\"bd3b2c78-3634-45cc-830d-f3a7ebc8b883\" data-dt-img-description=\"\" data-large_image_width=\"1600\" data-large_image_height=\"1200\"href='https:\/\/www.radiopiu.net\/wordpress\/wp-content\/uploads\/2022\/11\/bd3b2c78-3634-45cc-830d-f3a7ebc8b883.jpg'><img loading=\"lazy\" decoding=\"async\" width=\"300\" height=\"225\" src=\"https:\/\/www.radiopiu.net\/wordpress\/wp-content\/uploads\/2022\/11\/bd3b2c78-3634-45cc-830d-f3a7ebc8b883-300x225.jpg\" class=\"attachment-medium size-medium\" alt=\"\" aria-describedby=\"gallery-3-308895\" srcset=\"https:\/\/www.radiopiu.net\/wordpress\/wp-content\/uploads\/2022\/11\/bd3b2c78-3634-45cc-830d-f3a7ebc8b883-300x225.jpg 300w, https:\/\/www.radiopiu.net\/wordpress\/wp-content\/uploads\/2022\/11\/bd3b2c78-3634-45cc-830d-f3a7ebc8b883-1024x768.jpg 1024w, https:\/\/www.radiopiu.net\/wordpress\/wp-content\/uploads\/2022\/11\/bd3b2c78-3634-45cc-830d-f3a7ebc8b883-768x576.jpg 768w, https:\/\/www.radiopiu.net\/wordpress\/wp-content\/uploads\/2022\/11\/bd3b2c78-3634-45cc-830d-f3a7ebc8b883-1536x1152.jpg 1536w, https:\/\/www.radiopiu.net\/wordpress\/wp-content\/uploads\/2022\/11\/bd3b2c78-3634-45cc-830d-f3a7ebc8b883.jpg 1600w\" sizes=\"auto, (max-width: 300px) 100vw, 300px\" \/><\/a>\n\t\t\t\t<\/dt>\n\t\t\t\t\t<dd class='wp-caption-text gallery-caption' id='gallery-3-308895'>\n\t\t\t\t\tI VINCITORI DELLE BORSE DI STUDIO\n\t\t\t\t\t<\/dd><\/dl><dl class='gallery-item'>\n\t\t\t\t<dt class='gallery-icon landscape'>\n\t\t\t\t\t<a class=\"rollover rollover-zoom dt-pswp-item\" title=\"039143b9-bbbb-4a28-a1a8-161b91b73c1c\" data-dt-img-description=\"\" data-large_image_width=\"1600\" data-large_image_height=\"1200\"href='https:\/\/www.radiopiu.net\/wordpress\/wp-content\/uploads\/2022\/11\/039143b9-bbbb-4a28-a1a8-161b91b73c1c.jpg'><img loading=\"lazy\" decoding=\"async\" width=\"300\" height=\"225\" src=\"https:\/\/www.radiopiu.net\/wordpress\/wp-content\/uploads\/2022\/11\/039143b9-bbbb-4a28-a1a8-161b91b73c1c-300x225.jpg\" class=\"attachment-medium size-medium\" alt=\"\" srcset=\"https:\/\/www.radiopiu.net\/wordpress\/wp-content\/uploads\/2022\/11\/039143b9-bbbb-4a28-a1a8-161b91b73c1c-300x225.jpg 300w, https:\/\/www.radiopiu.net\/wordpress\/wp-content\/uploads\/2022\/11\/039143b9-bbbb-4a28-a1a8-161b91b73c1c-1024x768.jpg 1024w, https:\/\/www.radiopiu.net\/wordpress\/wp-content\/uploads\/2022\/11\/039143b9-bbbb-4a28-a1a8-161b91b73c1c-768x576.jpg 768w, https:\/\/www.radiopiu.net\/wordpress\/wp-content\/uploads\/2022\/11\/039143b9-bbbb-4a28-a1a8-161b91b73c1c-1536x1152.jpg 1536w, https:\/\/www.radiopiu.net\/wordpress\/wp-content\/uploads\/2022\/11\/039143b9-bbbb-4a28-a1a8-161b91b73c1c.jpg 1600w\" sizes=\"auto, (max-width: 300px) 100vw, 300px\" \/><\/a>\n\t\t\t\t<\/dt><\/dl><br style=\"clear: both\" \/>\n\t\t\t<\/div>\n\n<p>&nbsp;<\/p>\n<hr \/>\n<p>&nbsp;<\/p>\n<blockquote>\n<h3>AVVIATO L&#8217;ANNO ACCADEMICO NELLA SEDE DI FELTRE DELL&#8217;UNIVERSITA&#8217; DEGLI STUDI DI PADOVA<\/h3>\n<\/blockquote>\n<p><strong>FELTRE<\/strong> Cerimonia di inaugurazione dell&#8217;anno accademico a Feltre: un anno che si apre con il record nel numero di iscritti al corso di infermieristica e che ha visto un momento di commozione nel ricordo di Elisa Girolametto, studentessa del corso morta in un incidente d&#8217;auto lo scorso anno mentre si recava al primo giorno di tirocinio.<\/p>\n<p><strong>di Daniele Dalvit<\/strong><\/p>\n<audio class=\"wp-audio-shortcode\" id=\"audio-308781-3\" preload=\"none\" style=\"width: 100%;\" controls=\"controls\"><source type=\"audio\/mpeg\" src=\"https:\/\/www.radiopiu.net\/wordpress\/wp-content\/uploads\/2022\/11\/DALVIT-ANNO-ACCADEMICO-FELTRE.mp3?_=3\" \/><a href=\"https:\/\/www.radiopiu.net\/wordpress\/wp-content\/uploads\/2022\/11\/DALVIT-ANNO-ACCADEMICO-FELTRE.mp3\">https:\/\/www.radiopiu.net\/wordpress\/wp-content\/uploads\/2022\/11\/DALVIT-ANNO-ACCADEMICO-FELTRE.mp3<\/a><\/audio>\n<p>&nbsp;<\/p>\n\n\t\t\t<style type='text\/css'>\n\t\t\t\t#gallery-4 {\n\t\t\t\t\tmargin: auto;\n\t\t\t\t}\n\t\t\t\t#gallery-4 .gallery-item {\n\t\t\t\t\tfloat: left;\n\t\t\t\t\tmargin-top: 10px;\n\t\t\t\t\ttext-align: center;\n\t\t\t\t\twidth: 50%;\n\t\t\t\t}\n\t\t\t\t#gallery-4 img {\n\t\t\t\t\tborder: 2px solid #cfcfcf;\n\t\t\t\t}\n\t\t\t\t#gallery-4 .gallery-caption {\n\t\t\t\t\tmargin-left: 0;\n\t\t\t\t}\n\t\t\t\t\/* see gallery_shortcode() in wp-includes\/media.php *\/\n\t\t\t<\/style>\n\t\t<div id='gallery-4' class='dt-gallery-container gallery galleryid-308781 gallery-columns-2 gallery-size-medium'><dl class='gallery-item'>\n\t\t\t\t<dt class='gallery-icon landscape'>\n\t\t\t\t\t<a class=\"rollover rollover-zoom dt-pswp-item\" title=\"684861b6-27bc-4954-8f48-9114bd50abd9\" data-dt-img-description=\"\" data-large_image_width=\"2048\" data-large_image_height=\"1536\"href='https:\/\/www.radiopiu.net\/wordpress\/wp-content\/uploads\/2022\/11\/684861b6-27bc-4954-8f48-9114bd50abd9.jpg'><img loading=\"lazy\" decoding=\"async\" width=\"300\" height=\"225\" src=\"https:\/\/www.radiopiu.net\/wordpress\/wp-content\/uploads\/2022\/11\/684861b6-27bc-4954-8f48-9114bd50abd9-300x225.jpg\" class=\"attachment-medium size-medium\" alt=\"\" srcset=\"https:\/\/www.radiopiu.net\/wordpress\/wp-content\/uploads\/2022\/11\/684861b6-27bc-4954-8f48-9114bd50abd9-300x225.jpg 300w, https:\/\/www.radiopiu.net\/wordpress\/wp-content\/uploads\/2022\/11\/684861b6-27bc-4954-8f48-9114bd50abd9-1024x768.jpg 1024w, https:\/\/www.radiopiu.net\/wordpress\/wp-content\/uploads\/2022\/11\/684861b6-27bc-4954-8f48-9114bd50abd9-768x576.jpg 768w, https:\/\/www.radiopiu.net\/wordpress\/wp-content\/uploads\/2022\/11\/684861b6-27bc-4954-8f48-9114bd50abd9-1536x1152.jpg 1536w, https:\/\/www.radiopiu.net\/wordpress\/wp-content\/uploads\/2022\/11\/684861b6-27bc-4954-8f48-9114bd50abd9.jpg 2048w\" sizes=\"auto, (max-width: 300px) 100vw, 300px\" \/><\/a>\n\t\t\t\t<\/dt><\/dl><dl class='gallery-item'>\n\t\t\t\t<dt class='gallery-icon landscape'>\n\t\t\t\t\t<a class=\"rollover rollover-zoom dt-pswp-item\" title=\"4bfb15f1-f54b-41dd-83bb-1f24229e0894\" data-dt-img-description=\"\" data-large_image_width=\"2048\" data-large_image_height=\"1536\"href='https:\/\/www.radiopiu.net\/wordpress\/wp-content\/uploads\/2022\/11\/4bfb15f1-f54b-41dd-83bb-1f24229e0894.jpg'><img loading=\"lazy\" decoding=\"async\" width=\"300\" height=\"225\" src=\"https:\/\/www.radiopiu.net\/wordpress\/wp-content\/uploads\/2022\/11\/4bfb15f1-f54b-41dd-83bb-1f24229e0894-300x225.jpg\" class=\"attachment-medium size-medium\" alt=\"\" srcset=\"https:\/\/www.radiopiu.net\/wordpress\/wp-content\/uploads\/2022\/11\/4bfb15f1-f54b-41dd-83bb-1f24229e0894-300x225.jpg 300w, https:\/\/www.radiopiu.net\/wordpress\/wp-content\/uploads\/2022\/11\/4bfb15f1-f54b-41dd-83bb-1f24229e0894-1024x768.jpg 1024w, https:\/\/www.radiopiu.net\/wordpress\/wp-content\/uploads\/2022\/11\/4bfb15f1-f54b-41dd-83bb-1f24229e0894-768x576.jpg 768w, https:\/\/www.radiopiu.net\/wordpress\/wp-content\/uploads\/2022\/11\/4bfb15f1-f54b-41dd-83bb-1f24229e0894-1536x1152.jpg 1536w, https:\/\/www.radiopiu.net\/wordpress\/wp-content\/uploads\/2022\/11\/4bfb15f1-f54b-41dd-83bb-1f24229e0894.jpg 2048w\" sizes=\"auto, (max-width: 300px) 100vw, 300px\" \/><\/a>\n\t\t\t\t<\/dt><\/dl><br style=\"clear: both\" \/>\n\t\t\t<\/div>\n\n<p>&nbsp;<\/p>\n<hr \/>\n<p>&nbsp;<\/p>\n<blockquote>\n<h2>IERI SERA IL CONSIGLIO COMUNALE, LA DIRETTA DI RADIO PIU<\/h2>\n<\/blockquote>\n<p><strong>FALCADE<\/strong> Il sindaco di Falcade Mauro Salvaterra ha convocato il consiglio comunale in sala del Municipio. Tre punti da discutere, tra questi una variazione al bilancio e l\u2019approvazione della bozza di convenzione con il Ministero della Giustizia per lo svolgimento di lavoro di pubblica utilit\u00e0.<\/p>\n<p><strong>LA DIRETTA RADIO PIU&#8217;<\/strong><\/p>\n<p>https:\/\/www.facebook.com\/marco.baghy.1\/videos\/822355662385189<\/p>\n<p>&nbsp;<\/p>\n<hr \/>\n<p>&nbsp;<\/p>\n<p>&nbsp;<\/p>\n<blockquote>\n<h3>IL PREMIO MARCELLO MERONI A BEPI PELLEGRINON<\/h3>\n<\/blockquote>\n<p><strong><a class=\"dt-pswp-item\" href=\"https:\/\/www.radiopiu.net\/wordpress\/wp-content\/uploads\/2022\/11\/316257002_550035049873929_4079174343452324405_n.jpg\" data-dt-img-description=\"\" data-large_image_width=\"157\" data-large_image_height=\"280\"><img loading=\"lazy\" decoding=\"async\" class=\" wp-image-308382 alignleft\" src=\"https:\/\/www.radiopiu.net\/wordpress\/wp-content\/uploads\/2022\/11\/316257002_550035049873929_4079174343452324405_n.jpg\" alt=\"\" width=\"109\" height=\"194\" \/><\/a>FALCADE<\/strong><\/p>\n<p>di Gianni Santomaso<\/p>\n<audio class=\"wp-audio-shortcode\" id=\"audio-308781-4\" preload=\"none\" style=\"width: 100%;\" controls=\"controls\"><source type=\"audio\/mpeg\" src=\"https:\/\/www.radiopiu.net\/wordpress\/wp-content\/uploads\/2022\/11\/GIANNI-IL-PREMIO-MARCELLO-MERONI-A-BEPI-PELLEGRINON.mp3?_=4\" \/><a href=\"https:\/\/www.radiopiu.net\/wordpress\/wp-content\/uploads\/2022\/11\/GIANNI-IL-PREMIO-MARCELLO-MERONI-A-BEPI-PELLEGRINON.mp3\">https:\/\/www.radiopiu.net\/wordpress\/wp-content\/uploads\/2022\/11\/GIANNI-IL-PREMIO-MARCELLO-MERONI-A-BEPI-PELLEGRINON.mp3<\/a><\/audio>\n<p>&nbsp;<\/p>\n\n\t\t\t<style type='text\/css'>\n\t\t\t\t#gallery-5 {\n\t\t\t\t\tmargin: auto;\n\t\t\t\t}\n\t\t\t\t#gallery-5 .gallery-item {\n\t\t\t\t\tfloat: left;\n\t\t\t\t\tmargin-top: 10px;\n\t\t\t\t\ttext-align: center;\n\t\t\t\t\twidth: 20%;\n\t\t\t\t}\n\t\t\t\t#gallery-5 img {\n\t\t\t\t\tborder: 2px solid #cfcfcf;\n\t\t\t\t}\n\t\t\t\t#gallery-5 .gallery-caption {\n\t\t\t\t\tmargin-left: 0;\n\t\t\t\t}\n\t\t\t\t\/* see gallery_shortcode() in wp-includes\/media.php *\/\n\t\t\t<\/style>\n\t\t<div id='gallery-5' class='dt-gallery-container gallery galleryid-308781 gallery-columns-5 gallery-size-thumbnail'><dl class='gallery-item'>\n\t\t\t\t<dt class='gallery-icon portrait'>\n\t\t\t\t\t<a class=\"rollover rollover-zoom dt-pswp-item\" title=\"316413957_724831231845116_3529637636482776549_n\" data-dt-img-description=\"\" data-large_image_width=\"157\" data-large_image_height=\"280\"href='https:\/\/www.radiopiu.net\/wordpress\/wp-content\/uploads\/2022\/11\/316413957_724831231845116_3529637636482776549_n.jpg'><img loading=\"lazy\" decoding=\"async\" width=\"150\" height=\"150\" src=\"https:\/\/www.radiopiu.net\/wordpress\/wp-content\/uploads\/2022\/11\/316413957_724831231845116_3529637636482776549_n-150x150.jpg\" class=\"attachment-thumbnail size-thumbnail\" alt=\"\" \/><\/a>\n\t\t\t\t<\/dt><\/dl><dl class='gallery-item'>\n\t\t\t\t<dt class='gallery-icon portrait'>\n\t\t\t\t\t<a class=\"rollover rollover-zoom dt-pswp-item\" title=\"317136667_1573545566407200_3511364122366791515_n\" data-dt-img-description=\"\" data-large_image_width=\"157\" data-large_image_height=\"280\"href='https:\/\/www.radiopiu.net\/wordpress\/wp-content\/uploads\/2022\/11\/317136667_1573545566407200_3511364122366791515_n.jpg'><img loading=\"lazy\" decoding=\"async\" width=\"150\" height=\"150\" src=\"https:\/\/www.radiopiu.net\/wordpress\/wp-content\/uploads\/2022\/11\/317136667_1573545566407200_3511364122366791515_n-150x150.jpg\" class=\"attachment-thumbnail size-thumbnail\" alt=\"\" \/><\/a>\n\t\t\t\t<\/dt><\/dl><dl class='gallery-item'>\n\t\t\t\t<dt class='gallery-icon portrait'>\n\t\t\t\t\t<a class=\"rollover rollover-zoom dt-pswp-item\" title=\"317031738_873040220533907_1302146077940114638_n\" data-dt-img-description=\"\" data-large_image_width=\"157\" data-large_image_height=\"280\"href='https:\/\/www.radiopiu.net\/wordpress\/wp-content\/uploads\/2022\/11\/317031738_873040220533907_1302146077940114638_n.jpg'><img loading=\"lazy\" decoding=\"async\" width=\"150\" height=\"150\" src=\"https:\/\/www.radiopiu.net\/wordpress\/wp-content\/uploads\/2022\/11\/317031738_873040220533907_1302146077940114638_n-150x150.jpg\" class=\"attachment-thumbnail size-thumbnail\" alt=\"\" \/><\/a>\n\t\t\t\t<\/dt><\/dl><dl class='gallery-item'>\n\t\t\t\t<dt class='gallery-icon portrait'>\n\t\t\t\t\t<a class=\"rollover rollover-zoom dt-pswp-item\" title=\"316397931_529181679066430_5801590838041707073_n\" data-dt-img-description=\"\" data-large_image_width=\"157\" data-large_image_height=\"280\"href='https:\/\/www.radiopiu.net\/wordpress\/wp-content\/uploads\/2022\/11\/316397931_529181679066430_5801590838041707073_n.jpg'><img loading=\"lazy\" decoding=\"async\" width=\"150\" height=\"150\" src=\"https:\/\/www.radiopiu.net\/wordpress\/wp-content\/uploads\/2022\/11\/316397931_529181679066430_5801590838041707073_n-150x150.jpg\" class=\"attachment-thumbnail size-thumbnail\" alt=\"\" \/><\/a>\n\t\t\t\t<\/dt><\/dl><dl class='gallery-item'>\n\t\t\t\t<dt class='gallery-icon portrait'>\n\t\t\t\t\t<a class=\"rollover rollover-zoom dt-pswp-item\" title=\"317117742_525023196178843_3632766483622151459_n\" data-dt-img-description=\"\" data-large_image_width=\"157\" data-large_image_height=\"280\"href='https:\/\/www.radiopiu.net\/wordpress\/wp-content\/uploads\/2022\/11\/317117742_525023196178843_3632766483622151459_n.jpg'><img loading=\"lazy\" decoding=\"async\" width=\"150\" height=\"150\" src=\"https:\/\/www.radiopiu.net\/wordpress\/wp-content\/uploads\/2022\/11\/317117742_525023196178843_3632766483622151459_n-150x150.jpg\" class=\"attachment-thumbnail size-thumbnail\" alt=\"\" \/><\/a>\n\t\t\t\t<\/dt><\/dl><br style=\"clear: both\" \/>\n\t\t\t<\/div>\n\n<p>&nbsp;<\/p>\n<hr \/>\n<p>&nbsp;<\/p>\n<blockquote>\n<h2>CON LA DYNAMO &#8220;DONA SANGUE, SALVA UN VITA&#8221;<\/h2>\n<\/blockquote>\n<p><a class=\"dt-pswp-item\" href=\"https:\/\/www.radiopiu.net\/wordpress\/wp-content\/uploads\/2022\/11\/1669653386262-1.jpg\" data-dt-img-description=\"\" data-large_image_width=\"1200\" data-large_image_height=\"1599\"><img loading=\"lazy\" decoding=\"async\" class=\"size-medium wp-image-308986 alignleft\" src=\"https:\/\/www.radiopiu.net\/wordpress\/wp-content\/uploads\/2022\/11\/1669653386262-1-225x300.jpg\" alt=\"\" width=\"225\" height=\"300\" srcset=\"https:\/\/www.radiopiu.net\/wordpress\/wp-content\/uploads\/2022\/11\/1669653386262-1-225x300.jpg 225w, https:\/\/www.radiopiu.net\/wordpress\/wp-content\/uploads\/2022\/11\/1669653386262-1-768x1023.jpg 768w, https:\/\/www.radiopiu.net\/wordpress\/wp-content\/uploads\/2022\/11\/1669653386262-1-1153x1536.jpg 1153w, https:\/\/www.radiopiu.net\/wordpress\/wp-content\/uploads\/2022\/11\/1669653386262-1.jpg 1200w\" sizes=\"auto, (max-width: 225px) 100vw, 225px\" \/><\/a><strong>FELTRE<\/strong> I giocatori della Dynamo Vellai si sono recati in centro trasfusionale. L&#8217;iniziativa si inserisce nel solco di una pi\u00f9 ampia collaborazione con le sezioni di Zermen-Nemeggio, Vellai e Cart. Se, infatti, l&#8217;anno scorso erano stati donati i nuovi completi da gioco, quest&#8217;anno le sezioni hanno pensato di ringraziare la Dynamo con la sponsorizzazione dei nuovi borsoni che saranno utilizzati dalla prima squadra e dalle squadre juniores e allievi. Come per i completi da gioco, i borsoni avranno i loghi delle sezioni e una frase promozionale: &#8220;Dona sangue, salva una vita&#8221;. Grande soddisfazione da parte del caposezione di Vellai, Paolo Bagattin, presente sabato mattina assieme ai capisezione di Cart, Lorella Bottacco, e Zermen-Nemeggio, Roberto De Paoli: <em>&#8220;siamo contenti che numerosi ragazzi abbiano aderito al progetto e, soprattutto, che ad accompagnarli in centro trasfusionale siano stati dei loro coetanei gi\u00e0 donatori. Anche i numeri sono molto positivi: con l&#8217;ingresso di nuovi ragazzi dal settore giovanile, quest&#8217;anno dovremmo organizzare pi\u00f9 turni per le donazioni e visite di idoneit\u00e0 rispetto a quanto fatto l\u2019anno scorso. Questa \u00e8 un\u2019indicazione che l\u2019iniziativa sta avendo successo e che stiamo percorrendo la strada giusta con l&#8217;attivit\u00e0 di promozione\u201d.<\/em> Dello stesso parere \u00e8 Mario Scariot, presidente della Dynamo e anche lui presente in centro trasfusionale<em>: &#8220;Questa collaborazione ci rende molto orgogliosi: testimonia il nostro impegno a valorizzare anche tematiche comunitarie e non solo quelle prettamente sportive&#8221;.<\/em> La consegna ufficiale dei nuovi borsoni avr\u00e0 luogo venerd\u00ec 16 dicembre: sar\u00e0 un&#8217;occasione di incontro per gli auguri natalizi e per una breve serata informativa.<\/p>\n<p>&nbsp;<\/p>\n<hr \/>\n<p>&nbsp;<\/p>\n<p><strong>DI TIZIANO DE COL<\/strong><\/p>\n\n\t\t\t<style type='text\/css'>\n\t\t\t\t#gallery-6 {\n\t\t\t\t\tmargin: auto;\n\t\t\t\t}\n\t\t\t\t#gallery-6 .gallery-item {\n\t\t\t\t\tfloat: left;\n\t\t\t\t\tmargin-top: 10px;\n\t\t\t\t\ttext-align: center;\n\t\t\t\t\twidth: 33%;\n\t\t\t\t}\n\t\t\t\t#gallery-6 img {\n\t\t\t\t\tborder: 2px solid #cfcfcf;\n\t\t\t\t}\n\t\t\t\t#gallery-6 .gallery-caption {\n\t\t\t\t\tmargin-left: 0;\n\t\t\t\t}\n\t\t\t\t\/* see gallery_shortcode() in wp-includes\/media.php *\/\n\t\t\t<\/style>\n\t\t<div id='gallery-6' class='dt-gallery-container gallery galleryid-308781 gallery-columns-3 gallery-size-medium'><dl class='gallery-item'>\n\t\t\t\t<dt class='gallery-icon landscape'>\n\t\t\t\t\t<a class=\"rollover rollover-zoom dt-pswp-item\" title=\"3452ddea-afdd-42f3-95b7-f0bceecbd250\" data-dt-img-description=\"\" data-large_image_width=\"589\" data-large_image_height=\"358\"href='https:\/\/www.radiopiu.net\/wordpress\/wp-content\/uploads\/2022\/11\/3452ddea-afdd-42f3-95b7-f0bceecbd250.jpg'><img loading=\"lazy\" decoding=\"async\" width=\"300\" height=\"182\" src=\"https:\/\/www.radiopiu.net\/wordpress\/wp-content\/uploads\/2022\/11\/3452ddea-afdd-42f3-95b7-f0bceecbd250-300x182.jpg\" class=\"attachment-medium size-medium\" alt=\"\" srcset=\"https:\/\/www.radiopiu.net\/wordpress\/wp-content\/uploads\/2022\/11\/3452ddea-afdd-42f3-95b7-f0bceecbd250-300x182.jpg 300w, https:\/\/www.radiopiu.net\/wordpress\/wp-content\/uploads\/2022\/11\/3452ddea-afdd-42f3-95b7-f0bceecbd250.jpg 589w\" sizes=\"auto, (max-width: 300px) 100vw, 300px\" \/><\/a>\n\t\t\t\t<\/dt><\/dl><dl class='gallery-item'>\n\t\t\t\t<dt class='gallery-icon landscape'>\n\t\t\t\t\t<a class=\"rollover rollover-zoom dt-pswp-item\" title=\"97ce2d61-7bac-49b2-aab7-2a41d0bc04a0\" data-dt-img-description=\"\" data-large_image_width=\"614\" data-large_image_height=\"350\"href='https:\/\/www.radiopiu.net\/wordpress\/wp-content\/uploads\/2022\/11\/97ce2d61-7bac-49b2-aab7-2a41d0bc04a0.jpg'><img loading=\"lazy\" decoding=\"async\" width=\"300\" height=\"171\" src=\"https:\/\/www.radiopiu.net\/wordpress\/wp-content\/uploads\/2022\/11\/97ce2d61-7bac-49b2-aab7-2a41d0bc04a0-300x171.jpg\" class=\"attachment-medium size-medium\" alt=\"\" srcset=\"https:\/\/www.radiopiu.net\/wordpress\/wp-content\/uploads\/2022\/11\/97ce2d61-7bac-49b2-aab7-2a41d0bc04a0-300x171.jpg 300w, https:\/\/www.radiopiu.net\/wordpress\/wp-content\/uploads\/2022\/11\/97ce2d61-7bac-49b2-aab7-2a41d0bc04a0.jpg 614w\" sizes=\"auto, (max-width: 300px) 100vw, 300px\" \/><\/a>\n\t\t\t\t<\/dt><\/dl><dl class='gallery-item'>\n\t\t\t\t<dt class='gallery-icon landscape'>\n\t\t\t\t\t<a class=\"rollover rollover-zoom dt-pswp-item\" title=\"8c08b073-6a18-4b41-a46b-92dd6563533a\" data-dt-img-description=\"\" data-large_image_width=\"584\" data-large_image_height=\"359\"href='https:\/\/www.radiopiu.net\/wordpress\/wp-content\/uploads\/2022\/11\/8c08b073-6a18-4b41-a46b-92dd6563533a.jpg'><img loading=\"lazy\" decoding=\"async\" width=\"300\" height=\"184\" src=\"https:\/\/www.radiopiu.net\/wordpress\/wp-content\/uploads\/2022\/11\/8c08b073-6a18-4b41-a46b-92dd6563533a-300x184.jpg\" class=\"attachment-medium size-medium\" alt=\"\" srcset=\"https:\/\/www.radiopiu.net\/wordpress\/wp-content\/uploads\/2022\/11\/8c08b073-6a18-4b41-a46b-92dd6563533a-300x184.jpg 300w, https:\/\/www.radiopiu.net\/wordpress\/wp-content\/uploads\/2022\/11\/8c08b073-6a18-4b41-a46b-92dd6563533a.jpg 584w\" sizes=\"auto, (max-width: 300px) 100vw, 300px\" \/><\/a>\n\t\t\t\t<\/dt><\/dl><br style=\"clear: both\" \/>\n\t\t\t<\/div>\n\n<p>&nbsp;<\/p>\n<blockquote class=\"wp-embedded-content\" data-secret=\"yYpSnKDSzB\"><p><a href=\"https:\/\/www.radiopiu.net\/wordpress\/aziendazeronovembre29\/\">FORTE AUMENTO DEI RICOVERI. IN 24 ORE 7248 NUOVI POSITIVI E 7 DECESSI<\/a><\/p><\/blockquote>\n<p><iframe loading=\"lazy\" class=\"wp-embedded-content\" sandbox=\"allow-scripts\" security=\"restricted\" style=\"position: absolute; clip: rect(1px, 1px, 1px, 1px);\" title=\"&#8220;FORTE AUMENTO DEI RICOVERI. IN 24 ORE 7248 NUOVI POSITIVI E 7 DECESSI&#8221; &#8212; Radio Pi\u00f9\" src=\"https:\/\/www.radiopiu.net\/wordpress\/aziendazeronovembre29\/embed\/#?secret=PDegIedmiz#?secret=yYpSnKDSzB\" data-secret=\"yYpSnKDSzB\" width=\"600\" height=\"338\" frameborder=\"0\" marginwidth=\"0\" marginheight=\"0\" scrolling=\"no\"><\/iframe><\/p>\n<p>&nbsp;<\/p>\n<p>&nbsp;<\/p>\n<hr \/>\n<p>&nbsp;<\/p>\n<blockquote class=\"wp-embedded-content\" data-secret=\"rNfGk9CCIg\"><p><a href=\"https:\/\/www.radiopiu.net\/wordpress\/ospedale-di-misurina-interviene-il-governatore-luca-zaia\/\">OSPEDALE DI MISURINA, INTERVIENE IL GOVERNATORE LUCA ZAIA<\/a><\/p><\/blockquote>\n<p><iframe loading=\"lazy\" class=\"wp-embedded-content\" sandbox=\"allow-scripts\" security=\"restricted\" style=\"position: absolute; clip: rect(1px, 1px, 1px, 1px);\" title=\"&#8220;OSPEDALE DI MISURINA, INTERVIENE IL GOVERNATORE LUCA ZAIA&#8221; &#8212; Radio Pi\u00f9\" src=\"https:\/\/www.radiopiu.net\/wordpress\/ospedale-di-misurina-interviene-il-governatore-luca-zaia\/embed\/#?secret=TAUljxrRTY#?secret=rNfGk9CCIg\" data-secret=\"rNfGk9CCIg\" width=\"600\" height=\"338\" frameborder=\"0\" marginwidth=\"0\" marginheight=\"0\" scrolling=\"no\"><\/iframe><\/p>\n<p>&nbsp;<\/p>\n<p>&nbsp;<\/p>\n<hr \/>\n<p>&nbsp;<\/p>\n<blockquote>\n<h3>CARENZA DI MEDICI DI MEDICINA GENERALE. IL PUNTO DEL DIRETTORE DELLA SANITA&#8217; DEL VENETO FLOR<\/h3>\n<\/blockquote>\n<p><strong><a class=\"dt-pswp-item\" href=\"https:\/\/www.radiopiu.net\/wordpress\/wp-content\/uploads\/2022\/11\/FLOR.jpg\" data-dt-img-description=\"\" data-large_image_width=\"178\" data-large_image_height=\"183\"><img loading=\"lazy\" decoding=\"async\" class=\"size-full wp-image-308892 alignleft\" src=\"https:\/\/www.radiopiu.net\/wordpress\/wp-content\/uploads\/2022\/11\/FLOR.jpg\" alt=\"\" width=\"178\" height=\"183\" \/><\/a>VENEZIA <\/strong>A fronte della carenza di medici di famiglia, la Regione del Veneto, per quanto di sua competenza, ha provveduto ad aumentare il pi\u00f9 possibile il contingente dei medici ammessi a frequentare il corso di formazione specifica in medicina generale, in modo da aumentare in sede di graduatoria la rosa di professionisti cui attingere. Il numero di posti messi a bando nel triennio 2021-2024 risulta infatti pi\u00f9 che triplicato rispetto al triennio 2020-2023, passando da 128 a 433 posti. Anche il contingente ex Decreto Calabria \u00e8 stato sensibilmente aumentato, passando dagli 80 posti del 2020 ai 127 assegnati per il 2021. La Giunta regionale ha approvato il bando di concorso e l\u2019avviso pubblico per l\u2019accesso al corso triennale di formazione specifica in medicina generale per un totale 353 nuovi MMG nel triennio 2022-2025. Al elencare i dati \u00e8 il direttore della Direzione Sanit\u00e0 e Sociale della Regione del Veneto, Luciano Flor.<\/p>\n<p>&nbsp;<\/p>\n<hr \/>\n<p>&nbsp;<\/p>\n<blockquote>\n<h3>ANCHE IL COMUNE DI ALPAGO PRESENTA I SUOI PERCORSI PER MANTENERSI IN SALUTE<\/h3>\n<\/blockquote>\n<p><strong><a class=\"dt-pswp-item\" href=\"https:\/\/www.radiopiu.net\/wordpress\/wp-content\/uploads\/2022\/05\/1-km-al-giorno.png\" data-dt-img-description=\"\" data-large_image_width=\"1080\" data-large_image_height=\"1080\"><img loading=\"lazy\" decoding=\"async\" class=\" wp-image-278943 alignleft\" src=\"https:\/\/www.radiopiu.net\/wordpress\/wp-content\/uploads\/2022\/05\/1-km-al-giorno-300x300.png\" alt=\"\" width=\"157\" height=\"157\" srcset=\"https:\/\/www.radiopiu.net\/wordpress\/wp-content\/uploads\/2022\/05\/1-km-al-giorno-300x300.png 300w, https:\/\/www.radiopiu.net\/wordpress\/wp-content\/uploads\/2022\/05\/1-km-al-giorno-1024x1024.png 1024w, https:\/\/www.radiopiu.net\/wordpress\/wp-content\/uploads\/2022\/05\/1-km-al-giorno-150x150.png 150w, https:\/\/www.radiopiu.net\/wordpress\/wp-content\/uploads\/2022\/05\/1-km-al-giorno-768x768.png 768w, https:\/\/www.radiopiu.net\/wordpress\/wp-content\/uploads\/2022\/05\/1-km-al-giorno.png 1080w\" sizes=\"auto, (max-width: 157px) 100vw, 157px\" \/><\/a>BELLUNO <\/strong>Il Comune di Alpago, in collaborazione con l\u2019Ulss Dolomiti, propone una breve camminata all\u2019aperto per promuovere dei percorsi in sicurezza e sempre disponibili per i cittadini come opportunit\u00e0 di movimento per mantenersi in salute. L\u2019appuntamento \u00e8 per sabato 3 dicembre 2022 alle 9.20 a Ponte Tesa SP423 \u2013 Farra d\u2019 Alpago per una passeggiata fino al campo di Puos d\u2019Alpago. E\u2019, inoltre, possibile iscriversi al Gruppo di Cammino, organizzato dal CAI Alpago, che a seguire alle 10.40 partir\u00e0 con i suoi partecipanti per un percorso ad anello da Puos d\u2019Alpago passando per Bastia e l\u2019Oasi naturalistica.<\/p>\n<p>&nbsp;<\/p>\n<hr \/>\n<p>&nbsp;<\/p>\n<blockquote>\n<h3>FORMAZIONE SULLA &#8220;PRESCRIZIONE DELL&#8217;ESERCIZIO FISICO&#8221; PER LA PREVENZIONE CARDIOVASCOLARE<\/h3>\n<\/blockquote>\n<p><strong><a class=\"dt-pswp-item\" href=\"https:\/\/www.radiopiu.net\/wordpress\/wp-content\/uploads\/2021\/03\/ULSS-1.jpg\" data-dt-img-description=\"\" data-large_image_width=\"776\" data-large_image_height=\"408\"><img loading=\"lazy\" decoding=\"async\" class=\" wp-image-198838 alignleft\" src=\"https:\/\/www.radiopiu.net\/wordpress\/wp-content\/uploads\/2021\/03\/ULSS-1-300x158.jpg\" alt=\"\" width=\"165\" height=\"87\" srcset=\"https:\/\/www.radiopiu.net\/wordpress\/wp-content\/uploads\/2021\/03\/ULSS-1-300x158.jpg 300w, https:\/\/www.radiopiu.net\/wordpress\/wp-content\/uploads\/2021\/03\/ULSS-1-768x404.jpg 768w, https:\/\/www.radiopiu.net\/wordpress\/wp-content\/uploads\/2021\/03\/ULSS-1.jpg 776w\" sizes=\"auto, (max-width: 165px) 100vw, 165px\" \/><\/a>BELLUNO <\/strong>L\u2019Ulss Dolomiti organizza due convegni pratici dedicati alla prescrizione dell&#8217;esercizio fisico per la prevenzione cardiovascolare. Gli incontri sono rivolti a tutte le professioni sanitarie, medici e laureati in scienze motorie e si terranno nelle giornate di sabato 3 dicembre 2022 dalle 8.30 alle 13.00 all\u2019Ospedale San Martino di Belluno \u2013 sala Associazione Cucchini e gioved\u00ec 15 dicembre 2022 dalle 14.30 alle 19.00 all\u2019Ospedale Santa Maria del Prato di Feltre \u2013 sala convegni. Per partecipare \u00e8 possibile iscriversi scrivendo una mail a: formazione@aulss1.veneto.it<\/p>\n<p>&nbsp;<\/p>\n<p>&nbsp;<\/p>\n<hr \/>\n<p>&nbsp;<\/p>\n<blockquote>\n<h3>IL COMANDANTE DELLA LEGIONE CARABINIERI VENETO IN VISITA A BELLUNO<\/h3>\n<\/blockquote>\n<p><strong><a class=\"dt-pswp-item\" href=\"https:\/\/www.radiopiu.net\/wordpress\/wp-content\/uploads\/2022\/11\/8f733d52-f867-4f26-8eea-363adbd988bb.jpg\" data-dt-img-description=\"\" data-large_image_width=\"1537\" data-large_image_height=\"990\"><img loading=\"lazy\" decoding=\"async\" class=\" wp-image-308940 alignleft\" src=\"https:\/\/www.radiopiu.net\/wordpress\/wp-content\/uploads\/2022\/11\/8f733d52-f867-4f26-8eea-363adbd988bb-300x193.jpg\" alt=\"\" width=\"219\" height=\"141\" srcset=\"https:\/\/www.radiopiu.net\/wordpress\/wp-content\/uploads\/2022\/11\/8f733d52-f867-4f26-8eea-363adbd988bb-300x193.jpg 300w, https:\/\/www.radiopiu.net\/wordpress\/wp-content\/uploads\/2022\/11\/8f733d52-f867-4f26-8eea-363adbd988bb-1024x660.jpg 1024w, https:\/\/www.radiopiu.net\/wordpress\/wp-content\/uploads\/2022\/11\/8f733d52-f867-4f26-8eea-363adbd988bb-768x495.jpg 768w, https:\/\/www.radiopiu.net\/wordpress\/wp-content\/uploads\/2022\/11\/8f733d52-f867-4f26-8eea-363adbd988bb.jpg 1537w\" sizes=\"auto, (max-width: 219px) 100vw, 219px\" \/><\/a>BELLUNO<\/strong> Il Generale di Brigata Giuseppe Spina, Comandante della Legione Carabinieri \u201cVeneto\u201d, \u00e8 arrivato ieri a Belluno per far visita ai Carabinieri della provincia. Accolto dal Comandante Provinciale, il Generale Spina ha incontrato i Comandanti delle tre Compagnie di Belluno, Feltre e Cortina e tutti i 25 Comandanti delle Stazioni Carabinieri bellunesi. L\u2019occasione \u00e8 stata utile per affrontare temi di stretta attualit\u00e0 e analizzare l\u2019impegno dell\u2019Arma nell\u2019attivit\u00e0 di prevenzione sul territorio. In agenda anche il tema Olimpiadi. il Generale Spina ha incontrato il Procuratore Capo di Belluno, il dott. Paolo Giovanni Luca a Palazzo di Giustizia.<\/p>\n<p>&nbsp;<\/p>\n<p>&nbsp;<\/p>\n<hr \/>\n<p>&nbsp;<\/p>\n<blockquote>\n<h3>APPROVATO BANDO P.A.R.I. PER PROGETTI INNOVATIVI PER LA PARIT\u00c0 ED EQUILIBRIO DI GENERE<\/h3>\n<\/blockquote>\n<p><strong><a class=\"dt-pswp-item\" href=\"https:\/\/www.radiopiu.net\/wordpress\/wp-content\/uploads\/2021\/03\/ELENA-DONAZZAN.png\" data-dt-img-description=\"\" data-large_image_width=\"1266\" data-large_image_height=\"1146\"><img loading=\"lazy\" decoding=\"async\" class=\" wp-image-195881 alignleft\" src=\"https:\/\/www.radiopiu.net\/wordpress\/wp-content\/uploads\/2021\/03\/ELENA-DONAZZAN-300x272.png\" alt=\"\" width=\"151\" height=\"137\" srcset=\"https:\/\/www.radiopiu.net\/wordpress\/wp-content\/uploads\/2021\/03\/ELENA-DONAZZAN-300x272.png 300w, https:\/\/www.radiopiu.net\/wordpress\/wp-content\/uploads\/2021\/03\/ELENA-DONAZZAN-1024x927.png 1024w, https:\/\/www.radiopiu.net\/wordpress\/wp-content\/uploads\/2021\/03\/ELENA-DONAZZAN-768x695.png 768w, https:\/\/www.radiopiu.net\/wordpress\/wp-content\/uploads\/2021\/03\/ELENA-DONAZZAN.png 1266w\" sizes=\"auto, (max-width: 151px) 100vw, 151px\" \/><\/a>VENEZIA <\/strong>\u201cAnche in Veneto, nonostante i livelli di occupazione femminile pi\u00f9 alti della media nazionale, persistono delle disparit\u00e0 di genere che si riflettono nella partecipazione delle donne al mercato del lavoro. Una cifra su tutte \u00e8 quella che indica che il 30% delle donne in et\u00e0 lavorativa in Veneto sono inattive, quindi non hanno un impiego e non lo cercano, una percentuale quasi doppia rispetto agli uomini. Inoltre le donne hanno contratti di lavoro pi\u00f9 precari e ricorrono al part-time molto pi\u00f9 spesso degli uomini. <em>&#8220;Ecco &#8211; dice l&#8217;assessore Elena Donazzan -questi sono numeri che vogliamo cambiare. Per questo abbiamo scelto di mettere in campo una iniziativa da 10 milioni di euro per sostenere progetti innovativi che favoriscano una maggiore partecipazione delle donne venete in particolare nel mondo del lavoro\u201d.\u00a0<\/em><\/p>\n<p>&nbsp;<\/p>\n<p>&nbsp;<\/p>\n<hr \/>\n<p>&nbsp;<\/p>\n<blockquote>\n<h3>L&#8217;ASSESSORE REGIONALE MANUELA LANZARIN OGGI ALL&#8217;ASSEMBLEA DEI SINDACI<\/h3>\n<\/blockquote>\n<p><strong><a class=\"dt-pswp-item\" href=\"https:\/\/www.radiopiu.net\/wordpress\/wp-content\/uploads\/2021\/02\/LANZARIN.png\" data-dt-img-description=\"\" data-large_image_width=\"1092\" data-large_image_height=\"1014\"><img loading=\"lazy\" decoding=\"async\" class=\"wp-image-194081 alignleft\" src=\"https:\/\/www.radiopiu.net\/wordpress\/wp-content\/uploads\/2021\/02\/LANZARIN-300x279.png\" alt=\"\" width=\"168\" height=\"156\" srcset=\"https:\/\/www.radiopiu.net\/wordpress\/wp-content\/uploads\/2021\/02\/LANZARIN-300x279.png 300w, https:\/\/www.radiopiu.net\/wordpress\/wp-content\/uploads\/2021\/02\/LANZARIN-1024x951.png 1024w, https:\/\/www.radiopiu.net\/wordpress\/wp-content\/uploads\/2021\/02\/LANZARIN-768x713.png 768w, https:\/\/www.radiopiu.net\/wordpress\/wp-content\/uploads\/2021\/02\/LANZARIN.png 1092w\" sizes=\"auto, (max-width: 168px) 100vw, 168px\" \/><\/a>BELLUNO <\/strong>Riunione della conferenza dei sindaci\u00a0 con ospite l\u2019assessore regionale Manuela Lanzarin per affrontare la questione del futuro del settore sociale, con la nuova legge regionale allo studio passer\u00e0 interamente sotto la competenza degli Ambiti territoriali sociali (Ats). Il progetto di legge sar\u00e0 presentato nel 2023. A gestire le funzioni sociali ora in capo all\u2019azienda sanitaria non saranno i singoli Comuni, ma i gruppi di Comuni che verranno riuniti in ambiti territoriali. La ripartizione della provincia in ambiti e i termini del disegno di legge su cui la giunta regionale sta lavorando, saranno quindi l\u2019oggetto della riunione\u00a0 voluta proprio dall\u2019assessore Lanzarin.<\/p>\n<p>&nbsp;<\/p>\n<hr \/>\n<p>&nbsp;<\/p>\n<blockquote>\n<h3>ALBERTO CHIESURA RIELETTO SEGRETARIO NIDIL CIGL<\/h3>\n<\/blockquote>\n<p><strong><a class=\"dt-pswp-item\" href=\"https:\/\/www.radiopiu.net\/wordpress\/wp-content\/uploads\/2020\/12\/CGIL.jpg\" data-dt-img-description=\"\" data-large_image_width=\"512\" data-large_image_height=\"285\"><img loading=\"lazy\" decoding=\"async\" class=\" wp-image-180372 alignleft\" src=\"https:\/\/www.radiopiu.net\/wordpress\/wp-content\/uploads\/2020\/12\/CGIL-300x167.jpg\" alt=\"\" width=\"172\" height=\"96\" srcset=\"https:\/\/www.radiopiu.net\/wordpress\/wp-content\/uploads\/2020\/12\/CGIL-300x167.jpg 300w, https:\/\/www.radiopiu.net\/wordpress\/wp-content\/uploads\/2020\/12\/CGIL.jpg 512w\" sizes=\"auto, (max-width: 172px) 100vw, 172px\" \/><\/a>BELLUNO<\/strong> Alberto Chiesura \u00e8 stato rieletto segretario generale di NIDIL CGIL del bellunese, la categoria che organizza i lavoratori della Somministrazione (le Agenzie per il Lavoro), quelli delle piccole Partite IVA, delle Collaborazioni in ambito sportivo e non solo, per arrivare fino ai RIDER.<\/p>\n<p>&nbsp;<\/p>\n<hr \/>\n<p>&nbsp;<\/p>\n<blockquote>\n<h3><span style=\"color: #000000;\">SCUOLA APERTA, PRESENTAZIONE A PUNTATE DELL&#8217;OFFERTA SCOLASTICA DEL FOLLADOR-DE ROSSI<\/span><\/h3>\n<\/blockquote>\n<p><span style=\"color: #ff0000;\">ALLA RADIO, ALLE NOVE DEL MATTINO, ALLE 18.10 DELLA SERA\u00a0 LO SPECIALE QUOTIDIANO IN OTTO PUNTATE PER CONOSCERE A FONDO L&#8217;OFFERTA SCOLASTICA DALL&#8217;AGORDINO\u00a0<\/span><\/p>\n<p>&nbsp;<\/p>\n<p><span style=\"color: #0000ff;\"><strong><a class=\"dt-pswp-item\" href=\"https:\/\/www.radiopiu.net\/wordpress\/wp-content\/uploads\/2020\/08\/danilo-coppe-renzo-rossi.jpg\" data-dt-img-description=\"\" data-large_image_width=\"1024\" data-large_image_height=\"1024\"><img loading=\"lazy\" decoding=\"async\" class=\"wp-image-153612 alignleft\" src=\"https:\/\/www.radiopiu.net\/wordpress\/wp-content\/uploads\/2020\/08\/danilo-coppe-renzo-rossi-300x300.jpg\" alt=\"\" width=\"150\" height=\"150\" srcset=\"https:\/\/www.radiopiu.net\/wordpress\/wp-content\/uploads\/2020\/08\/danilo-coppe-renzo-rossi-300x300.jpg 300w, https:\/\/www.radiopiu.net\/wordpress\/wp-content\/uploads\/2020\/08\/danilo-coppe-renzo-rossi.jpg 1024w, https:\/\/www.radiopiu.net\/wordpress\/wp-content\/uploads\/2020\/08\/danilo-coppe-renzo-rossi-150x150.jpg 150w, https:\/\/www.radiopiu.net\/wordpress\/wp-content\/uploads\/2020\/08\/danilo-coppe-renzo-rossi-768x768.jpg 768w\" sizes=\"auto, (max-width: 150px) 100vw, 150px\" \/><\/a><\/strong><\/span><\/p>\n<p>&nbsp;<\/p>\n<p>&nbsp;<\/p>\n<p><span style=\"color: #0000ff;\"><strong>SECONDA PUNTATA, DANILO GIORDANO, IL PROFESSORE E GLI ALUNNI\u00a0<\/strong><\/span><\/p>\n<p><strong>FOTO<\/strong> Danilo Coppe &#8220;il bombarolo&#8221; il perito minerario degli anni Ottanta.<\/p>\n<audio class=\"wp-audio-shortcode\" id=\"audio-308781-5\" preload=\"none\" style=\"width: 100%;\" controls=\"controls\"><source type=\"audio\/mpeg\" src=\"https:\/\/www.radiopiu.net\/wordpress\/wp-content\/uploads\/2022\/11\/gdb900-1.mp3?_=5\" \/><a href=\"https:\/\/www.radiopiu.net\/wordpress\/wp-content\/uploads\/2022\/11\/gdb900-1.mp3\">https:\/\/www.radiopiu.net\/wordpress\/wp-content\/uploads\/2022\/11\/gdb900-1.mp3<\/a><\/audio>\n<p>&nbsp;<\/p>\n<p><strong>LA RACCOLTA COMPLETA<\/strong><\/p>\n<blockquote class=\"wp-embedded-content\" data-secret=\"CiHjhK6mxb\"><p><a href=\"https:\/\/www.radiopiu.net\/wordpress\/scuola-aperta-seconda-puntata-il-geotecnico\/\">SCUOLA APERTA,  SECONDA PUNTATA &#8220;IL GEOTECNICO&#8221;<\/a><\/p><\/blockquote>\n<p><iframe loading=\"lazy\" class=\"wp-embedded-content\" sandbox=\"allow-scripts\" security=\"restricted\" style=\"position: absolute; clip: rect(1px, 1px, 1px, 1px);\" title=\"&#8220;SCUOLA APERTA,  SECONDA PUNTATA &#8220;IL GEOTECNICO&#8221;&#8221; &#8212; Radio Pi\u00f9\" src=\"https:\/\/www.radiopiu.net\/wordpress\/scuola-aperta-seconda-puntata-il-geotecnico\/embed\/#?secret=Ew3RfeLwqh#?secret=CiHjhK6mxb\" data-secret=\"CiHjhK6mxb\" width=\"600\" height=\"338\" frameborder=\"0\" marginwidth=\"0\" marginheight=\"0\" scrolling=\"no\"><\/iframe><\/p>\n<p>&nbsp;<\/p>\n<hr \/>\n<p>&nbsp;<\/p>\n<blockquote>\n<h3>IN DIRITTURA D&#8217;ARRIVO I LAVORI DI COMPLETAMENTO DELLA CICLOPEDONALE FELTRE-PEDAVENA<\/h3>\n<\/blockquote>\n<p><strong>FELTRE <\/strong>Sono in fase di completamento in questi giorni, nella zona del Boscariz, i lavori relativi alla ciclabile Feltre-Pedavena, nel tratto che unisce via Segusini alla passerella sul torrente Colmeda e al centro citt\u00e0. Si tratta, di fatto, dell&#8217;ultimo tassello mancante per unire le due tranche gi\u00e0 realizzate negli anni passati. Dopo l&#8217;adeguamento del sedime che ospita la pista ciclopedonale, l&#8217;azienda incaricata dell&#8217;intervento ha provveduto alla posa in opera dello stabilizzato su cui nei prossimi giorni verr\u00e0 stesa la copertura finale con un manto di asfalto. In seguito, a completamento dell&#8217;opera e per renderla transitabile, si provveder\u00e0 all&#8217;installazione della balaustra di protezione sul lato interno, prospiciente l&#8217;alveo del Colmeda, e al collaudo della passerella gi\u00e0 da tempo posizionata nell&#8217;area attigua la sede dell&#8217;Unione Montana Feltrina.<\/p>\n\n\t\t\t<style type='text\/css'>\n\t\t\t\t#gallery-7 {\n\t\t\t\t\tmargin: auto;\n\t\t\t\t}\n\t\t\t\t#gallery-7 .gallery-item {\n\t\t\t\t\tfloat: left;\n\t\t\t\t\tmargin-top: 10px;\n\t\t\t\t\ttext-align: center;\n\t\t\t\t\twidth: 50%;\n\t\t\t\t}\n\t\t\t\t#gallery-7 img {\n\t\t\t\t\tborder: 2px solid #cfcfcf;\n\t\t\t\t}\n\t\t\t\t#gallery-7 .gallery-caption {\n\t\t\t\t\tmargin-left: 0;\n\t\t\t\t}\n\t\t\t\t\/* see gallery_shortcode() in wp-includes\/media.php *\/\n\t\t\t<\/style>\n\t\t<div id='gallery-7' class='dt-gallery-container gallery galleryid-308781 gallery-columns-2 gallery-size-thumbnail'><dl class='gallery-item'>\n\t\t\t\t<dt class='gallery-icon landscape'>\n\t\t\t\t\t<a class=\"rollover rollover-zoom dt-pswp-item\" title=\"Ciclabile Feltre-Pedave na loc. Boscariz\" data-dt-img-description=\"\" data-large_image_width=\"2560\" data-large_image_height=\"1440\"href='https:\/\/www.radiopiu.net\/wordpress\/wp-content\/uploads\/2022\/11\/Ciclabile-Feltre-Pedave-na-loc.-Boscariz-scaled.jpg'><img loading=\"lazy\" decoding=\"async\" width=\"150\" height=\"150\" src=\"https:\/\/www.radiopiu.net\/wordpress\/wp-content\/uploads\/2022\/11\/Ciclabile-Feltre-Pedave-na-loc.-Boscariz-150x150.jpg\" class=\"attachment-thumbnail size-thumbnail\" alt=\"\" \/><\/a>\n\t\t\t\t<\/dt><\/dl><dl class='gallery-item'>\n\t\t\t\t<dt class='gallery-icon landscape'>\n\t\t\t\t\t<a class=\"rollover rollover-zoom dt-pswp-item\" title=\"Ciclabile Feltre-Pedavena loc. Boscariz 2\" data-dt-img-description=\"\" data-large_image_width=\"2316\" data-large_image_height=\"1512\"href='https:\/\/www.radiopiu.net\/wordpress\/wp-content\/uploads\/2022\/11\/Ciclabile-Feltre-Pedavena-loc.-Boscariz-2.jpg'><img loading=\"lazy\" decoding=\"async\" width=\"150\" height=\"150\" src=\"https:\/\/www.radiopiu.net\/wordpress\/wp-content\/uploads\/2022\/11\/Ciclabile-Feltre-Pedavena-loc.-Boscariz-2-150x150.jpg\" class=\"attachment-thumbnail size-thumbnail\" alt=\"\" \/><\/a>\n\t\t\t\t<\/dt><\/dl><br style=\"clear: both\" \/>\n\t\t\t<\/div>\n\n<p>&nbsp;<\/p>\n<hr \/>\n<p>&nbsp;<\/p>\n<blockquote>\n<h3>BELLUNO: SCADENZA DEL PAGAMENTO IMU 2022<\/h3>\n<\/blockquote>\n<p><strong><a class=\"dt-pswp-item\" href=\"https:\/\/www.radiopiu.net\/wordpress\/wp-content\/uploads\/2022\/02\/Palazzo-rosso-illuminato-2-scaled.jpg\" data-dt-img-description=\"\" data-large_image_width=\"2560\" data-large_image_height=\"1707\"><img loading=\"lazy\" decoding=\"async\" class=\" wp-image-258762 alignleft\" src=\"https:\/\/www.radiopiu.net\/wordpress\/wp-content\/uploads\/2022\/02\/Palazzo-rosso-illuminato-2-300x200.jpg\" alt=\"\" width=\"171\" height=\"114\" srcset=\"https:\/\/www.radiopiu.net\/wordpress\/wp-content\/uploads\/2022\/02\/Palazzo-rosso-illuminato-2-300x200.jpg 300w, https:\/\/www.radiopiu.net\/wordpress\/wp-content\/uploads\/2022\/02\/Palazzo-rosso-illuminato-2-1024x683.jpg 1024w, https:\/\/www.radiopiu.net\/wordpress\/wp-content\/uploads\/2022\/02\/Palazzo-rosso-illuminato-2-768x512.jpg 768w, https:\/\/www.radiopiu.net\/wordpress\/wp-content\/uploads\/2022\/02\/Palazzo-rosso-illuminato-2-1536x1024.jpg 1536w, https:\/\/www.radiopiu.net\/wordpress\/wp-content\/uploads\/2022\/02\/Palazzo-rosso-illuminato-2-2048x1365.jpg 2048w\" sizes=\"auto, (max-width: 171px) 100vw, 171px\" \/><\/a>BELLUNO<\/strong> Scade venerd\u00ec 16 dicembre 2022 il termine per il pagamento del saldo IMU 2022. La legge 234\/2021 (legge di Bilancio 2022) prevede alcune agevolazioni per il pagamento dell\u2019IMU 2022. Per beneficiare delle riduzioni ed esenzioni \u00e8 necessario presentare la Dichiarazione IMU. L&#8217;Ufficio Tributi del Comune di Belluno \u00e8 a disposizione dei contribuenti per assistenza e informazioni sul pagamento.<\/p>\n<p>&nbsp;<\/p>\n<hr \/>\n<p>&nbsp;<\/p>\n<blockquote>\n<h3>L&#8217;OPINIONE DI FRANCO PIACENTINI<\/h3>\n<\/blockquote>\n<p>Il 29 novembre le confederazioni regionali CGIL CISL UIL del Veneto, con un gran numero di lavoratori e pensionati, hanno, opportunamente, manifestato a Venezia la propria motivata preoccupazione per le difficili condizioni di vita che da tempo, negativamente, attanagliano migliaia di cittadini e di famiglie, in particolare sui versanti sociosanitari e assistenziali. La Giunta regionale che fa ? Nel merito delle richieste sindacali, molto poco ! Nessuno nasconde e nemmeno sottovaluta la complessit\u00e0 nel definire percorsi esigibili di programmazione. Per\u00f2 si possono benissimo concordare tra le parti sociali ed istituzionali, alcune urgenti risposte sulle necessit\u00e0 di qualificati servizi sanitari e assistenziali, ovviamente togliendo le compartecipazioni economiche, da garantire alle persone, soprattutto non autosufficienti, povere e disabili. Lo si pu\u00f2 fare se si attiva il &#8220;tavolo della concertazione permanente&#8221;, ricordando che nello stesso Statuto della Regione Veneto, sono chiaramente indicati alcuni obblighi vincolanti per la Giunta e per il Consiglio. Art. 3 La Regione (&#8230;) promuove lo sviluppo sociale ed economico con riforme idonee. Art. 4 La Regione esercita i propri poteri (&#8230;) per garantire a tutti i cittadini i servizi sociali con particolare riguardo (&#8230;) alla tutela della salute. Quindi, il confronto e la condivisione di obiettivi, sono i presupposti per attivare urgentemente, anche in Veneto, la concertazione.<\/p>\n<p>&nbsp;<\/p>\n<p>&nbsp;<\/p>\n<hr \/>\n<p>&nbsp;<\/p>\n<blockquote>\n<h3>I VINCITORI DEI CONCORSI ALLA MIG 2022<\/h3>\n<\/blockquote>\n<p><strong>LONGARONE <\/strong><span style=\"color: #222222;\">La giornata di ieri della Mig ha visto anche la premiazione di Gelato a Due: la grande sfida a squadre formate da uno chef e un gelatiere. Vincitore il duo padovano formato dal maestro gelatiere Alex Michelazzo (della gelateria Antiche Tentazioni) e dallo chef Matteo Ba\u00f9 (dell\u2019enotrattoria Da Serafino). <\/span><span style=\"color: #222222;\">\u00a0<\/span><span style=\"color: #222222;\">Al secondo posto il maestro gelatiere Gentian Ashiku (della gelateria Mil Sabores) e lo chef Francesco Ferrari (del ristorante Anconetta di Piacenza). Al terzo posto Alice Fin (della gelateria Ricordi) e Filippo Rossato (chef del ristorante Chiesetta del Muccion di Vicenza). <\/span><span style=\"color: #222222;\">Premiati i granitieri del progetto Arcipelago Sicilia, che quest\u2019anno ha rappresentato una delle novit\u00e0 della Mig. La granita siciliana pi\u00f9 apprezzata dai giudici \u00e8 stata quella di Nicola Serra. Al secondo posto Silvia Wudowiak, seguita da Elena Alecu. Un premio speciale al vincitore anche dal main partner Elenka.<\/span><\/p>\n\n\t\t\t<style type='text\/css'>\n\t\t\t\t#gallery-8 {\n\t\t\t\t\tmargin: auto;\n\t\t\t\t}\n\t\t\t\t#gallery-8 .gallery-item {\n\t\t\t\t\tfloat: left;\n\t\t\t\t\tmargin-top: 10px;\n\t\t\t\t\ttext-align: center;\n\t\t\t\t\twidth: 25%;\n\t\t\t\t}\n\t\t\t\t#gallery-8 img {\n\t\t\t\t\tborder: 2px solid #cfcfcf;\n\t\t\t\t}\n\t\t\t\t#gallery-8 .gallery-caption {\n\t\t\t\t\tmargin-left: 0;\n\t\t\t\t}\n\t\t\t\t\/* see gallery_shortcode() in wp-includes\/media.php *\/\n\t\t\t<\/style>\n\t\t<div id='gallery-8' class='dt-gallery-container gallery galleryid-308781 gallery-columns-4 gallery-size-medium'><dl class='gallery-item'>\n\t\t\t\t<dt class='gallery-icon landscape'>\n\t\t\t\t\t<a class=\"rollover rollover-zoom dt-pswp-item\" title=\"piatto dessert vincitore\" data-dt-img-description=\"\" data-large_image_width=\"2000\" data-large_image_height=\"1162\"href='https:\/\/www.radiopiu.net\/wordpress\/wp-content\/uploads\/2022\/11\/piatto-dessert-vincitore.jpg'><img loading=\"lazy\" decoding=\"async\" width=\"300\" height=\"174\" src=\"https:\/\/www.radiopiu.net\/wordpress\/wp-content\/uploads\/2022\/11\/piatto-dessert-vincitore-300x174.jpg\" class=\"attachment-medium size-medium\" alt=\"\" srcset=\"https:\/\/www.radiopiu.net\/wordpress\/wp-content\/uploads\/2022\/11\/piatto-dessert-vincitore-300x174.jpg 300w, https:\/\/www.radiopiu.net\/wordpress\/wp-content\/uploads\/2022\/11\/piatto-dessert-vincitore-1024x595.jpg 1024w, https:\/\/www.radiopiu.net\/wordpress\/wp-content\/uploads\/2022\/11\/piatto-dessert-vincitore-768x446.jpg 768w, https:\/\/www.radiopiu.net\/wordpress\/wp-content\/uploads\/2022\/11\/piatto-dessert-vincitore-1536x892.jpg 1536w, https:\/\/www.radiopiu.net\/wordpress\/wp-content\/uploads\/2022\/11\/piatto-dessert-vincitore.jpg 2000w\" sizes=\"auto, (max-width: 300px) 100vw, 300px\" \/><\/a>\n\t\t\t\t<\/dt><\/dl><dl class='gallery-item'>\n\t\t\t\t<dt class='gallery-icon landscape'>\n\t\t\t\t\t<a class=\"rollover rollover-zoom dt-pswp-item\" title=\"piatto gourmet vincitore\" data-dt-img-description=\"\" data-large_image_width=\"2000\" data-large_image_height=\"1448\"href='https:\/\/www.radiopiu.net\/wordpress\/wp-content\/uploads\/2022\/11\/piatto-gourmet-vincitore-.jpg'><img loading=\"lazy\" decoding=\"async\" width=\"300\" height=\"217\" src=\"https:\/\/www.radiopiu.net\/wordpress\/wp-content\/uploads\/2022\/11\/piatto-gourmet-vincitore--300x217.jpg\" class=\"attachment-medium size-medium\" alt=\"\" srcset=\"https:\/\/www.radiopiu.net\/wordpress\/wp-content\/uploads\/2022\/11\/piatto-gourmet-vincitore--300x217.jpg 300w, https:\/\/www.radiopiu.net\/wordpress\/wp-content\/uploads\/2022\/11\/piatto-gourmet-vincitore--1024x741.jpg 1024w, https:\/\/www.radiopiu.net\/wordpress\/wp-content\/uploads\/2022\/11\/piatto-gourmet-vincitore--768x556.jpg 768w, https:\/\/www.radiopiu.net\/wordpress\/wp-content\/uploads\/2022\/11\/piatto-gourmet-vincitore--1536x1112.jpg 1536w, https:\/\/www.radiopiu.net\/wordpress\/wp-content\/uploads\/2022\/11\/piatto-gourmet-vincitore-.jpg 2000w\" sizes=\"auto, (max-width: 300px) 100vw, 300px\" \/><\/a>\n\t\t\t\t<\/dt><\/dl><dl class='gallery-item'>\n\t\t\t\t<dt class='gallery-icon landscape'>\n\t\t\t\t\t<a class=\"rollover rollover-zoom dt-pswp-item\" title=\"podio gelato a due\" data-dt-img-description=\"\" data-large_image_width=\"2000\" data-large_image_height=\"1097\"href='https:\/\/www.radiopiu.net\/wordpress\/wp-content\/uploads\/2022\/11\/podio-gelato-a-due.jpg'><img loading=\"lazy\" decoding=\"async\" width=\"300\" height=\"165\" src=\"https:\/\/www.radiopiu.net\/wordpress\/wp-content\/uploads\/2022\/11\/podio-gelato-a-due-300x165.jpg\" class=\"attachment-medium size-medium\" alt=\"\" srcset=\"https:\/\/www.radiopiu.net\/wordpress\/wp-content\/uploads\/2022\/11\/podio-gelato-a-due-300x165.jpg 300w, https:\/\/www.radiopiu.net\/wordpress\/wp-content\/uploads\/2022\/11\/podio-gelato-a-due-1024x562.jpg 1024w, https:\/\/www.radiopiu.net\/wordpress\/wp-content\/uploads\/2022\/11\/podio-gelato-a-due-768x421.jpg 768w, https:\/\/www.radiopiu.net\/wordpress\/wp-content\/uploads\/2022\/11\/podio-gelato-a-due-1536x842.jpg 1536w, https:\/\/www.radiopiu.net\/wordpress\/wp-content\/uploads\/2022\/11\/podio-gelato-a-due.jpg 2000w\" sizes=\"auto, (max-width: 300px) 100vw, 300px\" \/><\/a>\n\t\t\t\t<\/dt><\/dl><dl class='gallery-item'>\n\t\t\t\t<dt class='gallery-icon landscape'>\n\t\t\t\t\t<a class=\"rollover rollover-zoom dt-pswp-item\" title=\"Premiazione Granita di Sicilia\" data-dt-img-description=\"\" data-large_image_width=\"2000\" data-large_image_height=\"1112\"href='https:\/\/www.radiopiu.net\/wordpress\/wp-content\/uploads\/2022\/11\/Premiazione-Granita-di-Sicilia.jpg'><img loading=\"lazy\" decoding=\"async\" width=\"300\" height=\"167\" src=\"https:\/\/www.radiopiu.net\/wordpress\/wp-content\/uploads\/2022\/11\/Premiazione-Granita-di-Sicilia-300x167.jpg\" class=\"attachment-medium size-medium\" alt=\"\" srcset=\"https:\/\/www.radiopiu.net\/wordpress\/wp-content\/uploads\/2022\/11\/Premiazione-Granita-di-Sicilia-300x167.jpg 300w, https:\/\/www.radiopiu.net\/wordpress\/wp-content\/uploads\/2022\/11\/Premiazione-Granita-di-Sicilia-1024x569.jpg 1024w, https:\/\/www.radiopiu.net\/wordpress\/wp-content\/uploads\/2022\/11\/Premiazione-Granita-di-Sicilia-768x427.jpg 768w, https:\/\/www.radiopiu.net\/wordpress\/wp-content\/uploads\/2022\/11\/Premiazione-Granita-di-Sicilia-1536x854.jpg 1536w, https:\/\/www.radiopiu.net\/wordpress\/wp-content\/uploads\/2022\/11\/Premiazione-Granita-di-Sicilia.jpg 2000w\" sizes=\"auto, (max-width: 300px) 100vw, 300px\" \/><\/a>\n\t\t\t\t<\/dt><\/dl><br style=\"clear: both\" \/>\n\t\t\t<\/div>\n\n<p>&nbsp;<\/p>\n<p>&nbsp;<\/p>\n<hr \/>\n<p>&nbsp;<\/p>\n<blockquote>\n<h2>NATALE A BELLUNO CON L&#8217;ASSOCIAZIONE CAMPEDEL<\/h2>\n<\/blockquote>\n<p><strong>BELLUNO<\/strong> Anche per questo Natale l\u2019Associazione Campedel propone una serie di visite guidate gratuite a 3 chiese di Belluno. Il primo appuntamento \u00e8 previsto per sabato alle 15 presso la Cattedrale.\u00a0 Il 10 dicembre\u00a0 alle 15 la visita alla chiesa di Santo Stefano.\u00a0 Il 17 dicembre alle 15, la chiesa dei Santi Quirico e Giulitta, l\u2019antica parrocchiale di Cavarzano. Le visite guidate sono gratuite e organizzate in collaborazione con le parrocchie Duomo-Loreto, di Santo Stefano e di Cavarzano. Non \u00e8 necessaria l\u2019iscrizione. Appuntamento davanti alle chiese.<\/p>\n<p>&nbsp;<\/p>\n<p>&nbsp;<\/p>\n<hr \/>\n<p>&nbsp;<\/p>\n<blockquote>\n<h3>I CONSIGLI COMUNALI NELL&#8217;AGORDINO<\/h3>\n<\/blockquote>\n<p><strong>LIVINALLONGO<\/strong> Oggi consiglio comunale convocato dal sindaco Leandro Grones, all&#8217;ordine del giorno tra l&#8217;altro le variazioni al bilancio di previsione e la nomina del revisore dei conti dell&#8217;azienda speciale servizi alla persona Fodom Servizi.<\/p>\n<p><strong>CANALE D&#8217;AGORDO<\/strong> Oggi nella sala Lina Zand\u00f2 di Canale D&#8217;Agordo \u00e8 stato convocato il consiglio comunale. Il sindaco Flavio Colcergnan ha chiamato a rapporto i consiglieri per trattare 5 punti tra cui una variazione a bilancio, il regolamento per l&#8217;utilizzo delle baite, casere e casogn del comune e il regolamento comunale sul procedimento amministrativo.<\/p>\n<p><strong>COLLE SANTA LUCIA\u00a0<\/strong>Consiglio comunale oggi alle 21 a Colle Santa Lucia. Il sindaco Paolo Frena ha convocato i consiglieri per trattare 5 punti all&#8217;ordine del giorno, tra questi si parler\u00e0 della convenzione per lo svolgimento di lavori di pubblica utilit\u00e0, l&#8217;aggiornamento al documento unico di programmazione e la dodicesima variazione al bilancio.<\/p>\n<p>&nbsp;<\/p>\n<p>&nbsp;<\/p>\n<hr \/>\n<p>&nbsp;<\/p>\n<blockquote>\n<h3>IL PIANO COMUNALE DI PROTEZIONE CIVILE DI TAIBON<\/h3>\n<\/blockquote>\n<p><strong>TAIBON<\/strong> L&#8217;amministrazione comunale invita la cittadinanza alla presentazione del piano comunale di Protezione Civile del comune di Taibon. La serata \u00e8 in programma venerd\u00ec 2 dicembre nella sala Don Tamis di Agordo con inizio alle 20. Sar\u00e0 il redattore del piano di Protezione Civile, l&#8217;ingegner Girola, a presentare la serata. Tutta la popolazione \u00e8 invitata.<\/p>\n<p>&nbsp;<\/p>\n<p>&nbsp;<\/p>\n<hr \/>\n<p>&nbsp;<\/p>\n<blockquote>\n<h3><span dir=\"ltr\" role=\"presentation\">AIUTI FINALIZZATI<\/span> <span dir=\"ltr\" role=\"presentation\">ALL&#8217;ACQUISTO<\/span> <span dir=\"ltr\" role=\"presentation\">DI <\/span><span dir=\"ltr\" role=\"presentation\">GENERI ALIMENTARI O PRODOTTI DI PRIMA<\/span> <span dir=\"ltr\" role=\"presentation\">NECESSIT\u00c0<\/span><\/h3>\n<\/blockquote>\n<p><strong>ALLEGHE<\/strong> Le<span dir=\"ltr\" role=\"presentation\"> persone e le famiglie residenti nel Comune che<\/span><span dir=\"ltr\" role=\"presentation\">, a causa degli effetti economici <\/span><span dir=\"ltr\" role=\"presentation\">derivanti dall\u2019emergenza epidemiologica<\/span> <span dir=\"ltr\" role=\"presentation\">dovuta alla diffusione del virus Covid<\/span><span dir=\"ltr\" role=\"presentation\">&#8211;<\/span><span dir=\"ltr\" role=\"presentation\">19,<\/span> <span dir=\"ltr\" role=\"presentation\">si trovino in uno <\/span><span dir=\"ltr\" role=\"presentation\">stato di bisogno per soddisfare le necessit\u00e0 pi\u00f9 urgenti ed essenziali<\/span><span dir=\"ltr\" role=\"presentation\">, <\/span><span dir=\"ltr\" role=\"presentation\">possono<\/span> <span dir=\"ltr\" role=\"presentation\">chiedere che vengano loro riconosciuti i buoni spesa per l&#8217;acquisto di generi alimentari o prodotti di prima necessit\u00e0. L<\/span><span dir=\"ltr\" role=\"presentation\">\u2019entit\u00e0 dell\u2019importo verr\u00e0 definito con successivo <\/span><span dir=\"ltr\" role=\"presentation\">provvedimento, partendo da un<\/span> <span dir=\"ltr\" role=\"presentation\">importo minimo di 50euro<\/span><span dir=\"ltr\" role=\"presentation\">, sulla base del numero dei <\/span><span dir=\"ltr\" role=\"presentation\">componenti il nucleo familiare e in consi<\/span><span dir=\"ltr\" role=\"presentation\">derazione delle necessit\u00e0 dichiarate dal richiedente. <\/span><span dir=\"ltr\" role=\"presentation\">Le richieste, <\/span><span dir=\"ltr\" role=\"presentation\">redatte sull\u2019apposito modulo dovranno <\/span><span dir=\"ltr\" role=\"presentation\">p<\/span><span dir=\"ltr\" role=\"presentation\">ervenire<\/span> <span dir=\"ltr\" role=\"presentation\">al<\/span> <span dir=\"ltr\" role=\"presentation\">Comune<\/span> <span dir=\"ltr\" role=\"presentation\">di<\/span> <span dir=\"ltr\" role=\"presentation\">Alleghe<\/span> <span dir=\"ltr\" role=\"presentation\">mediante<\/span> <span dir=\"ltr\" role=\"presentation\">invio<\/span> <span dir=\"ltr\" role=\"presentation\">di<\/span> <span dir=\"ltr\" role=\"presentation\">posta<\/span> <span dir=\"ltr\" role=\"presentation\">elettronica, s<\/span><span dir=\"ltr\" role=\"presentation\">olo via residuale<\/span> <span dir=\"ltr\" role=\"presentation\">la domanda potr\u00e0 essere presentata telefonicamente allo<\/span>\u00a0<span dir=\"ltr\" role=\"presentation\">0437 <\/span><span dir=\"ltr\" role=\"presentation\">523300<\/span> <span dir=\"ltr\" role=\"presentation\">dal luned\u00ec al venerd\u00ec<\/span> <span dir=\"ltr\" role=\"presentation\">dalle 8 alle 10<\/span><span dir=\"ltr\" role=\"presentation\">. <\/span><span dir=\"ltr\" role=\"presentation\">Il modulo \u00e8 scaricabile dal sito internet<\/span> <span dir=\"ltr\" role=\"presentation\">www.comune.alleghe.bl.it<\/span><span dir=\"ltr\" role=\"presentation\">, oppure ritirabile presso gli esercizi <\/span><span dir=\"ltr\" role=\"presentation\">comunali dei generi alimentari del territorio.<\/span><\/p>\n<p>&nbsp;<\/p>\n<p>&nbsp;<\/p>\n<hr \/>\n<p>&nbsp;<\/p>\n<blockquote>\n<h3>SANTA BARBARA, LA PATRONA DEI VIGILI DEL FUOCO<\/h3>\n<\/blockquote>\n<p><strong><a class=\"dt-pswp-item\" href=\"https:\/\/www.radiopiu.net\/wordpress\/wp-content\/uploads\/2022\/09\/VIGILI-DEL-FUOCO-8-1.jpg\" data-dt-img-description=\"\" data-large_image_width=\"1599\" data-large_image_height=\"899\"><img loading=\"lazy\" decoding=\"async\" class=\" wp-image-299555 alignleft\" src=\"https:\/\/www.radiopiu.net\/wordpress\/wp-content\/uploads\/2022\/09\/VIGILI-DEL-FUOCO-8-1-300x169.jpg\" alt=\"\" width=\"205\" height=\"115\" srcset=\"https:\/\/www.radiopiu.net\/wordpress\/wp-content\/uploads\/2022\/09\/VIGILI-DEL-FUOCO-8-1-300x169.jpg 300w, https:\/\/www.radiopiu.net\/wordpress\/wp-content\/uploads\/2022\/09\/VIGILI-DEL-FUOCO-8-1-1024x576.jpg 1024w, https:\/\/www.radiopiu.net\/wordpress\/wp-content\/uploads\/2022\/09\/VIGILI-DEL-FUOCO-8-1-768x432.jpg 768w, https:\/\/www.radiopiu.net\/wordpress\/wp-content\/uploads\/2022\/09\/VIGILI-DEL-FUOCO-8-1-1536x864.jpg 1536w, https:\/\/www.radiopiu.net\/wordpress\/wp-content\/uploads\/2022\/09\/VIGILI-DEL-FUOCO-8-1.jpg 1599w\" sizes=\"auto, (max-width: 205px) 100vw, 205px\" \/><\/a>BELLUNO <\/strong>Domenica 4 dicembre ricorre la tradizionale festivita\u0300 di Santa Barbara, patrona del Corpo Nazionale dei Vigili del Fuoco. Nella la sede centrale di via Col da Ren si svolgera\u0300 la celebrazione patronale a carattere provinciale ma momenti celebrativi sono comunque previsti anche nelle sedi distaccate. Alle 10 la deposione della corona d&#8217;alloro al monumento in onore dei Vigili del Fuoco caduti in servizio, alle 10:30 la santa messa e alle 11:30 il saluto del comandante e la consegna dei diplomi di lodevole servizio e delle croci di anzianit\u00e0. Esposizione dei mezzi sul piazzale della sede e nell&#8217;atrio principale della sede la mostra fotografica di Carlotta Osta.<\/p>\n<p>&nbsp;<\/p>\n<p>&nbsp;<\/p>\n<hr \/>\n<p>&nbsp;<\/p>\n<p>&nbsp;<\/p>\n<blockquote>\n<h3>LA SANTA BARBARA DEI PERITI MINERARI<\/h3>\n<\/blockquote>\n<p><strong>AGORDO<\/strong> I periti minerari\u00a0 dell&#8217;Apim si preparano a festeggiare la loro patrona, santa Barbara. L&#8217;appuntamento \u00e8 per sabato 3 dicembre, con il ritrovo alle 9,45 nella chiesa arcidiaconale e poi alle 10 la celebrazione della messa, accompagnata dalla Schola cantorum di La Valle, diretta da Lucio De Cassan. Alle 11\u00a0 in sala &#8220;Don Tamis&#8221;,\u00a0 tradizionale cerimonia di consegna delle borse di studio agli studenti del Follador pi\u00f9 meritevoli.<\/p>\n<blockquote>\n<h3>SANTA BARBARA 2022, VENERDI E SABATO A FALCADE, L&#8217;INTERVISTA ALLA RADIO<\/h3>\n<\/blockquote>\n<p><strong><img loading=\"lazy\" decoding=\"async\" class=\"alignleft\" src=\"https:\/\/www.radiopiu.net\/wordpress\/wp-content\/uploads\/2022\/11\/DAVIDE.jpg\" width=\"179\" height=\"133\" \/>REDAZIONE<\/strong> Davide Da Roit, futuro perito minerario. E&#8217; l&#8217;ospite della trasmissione di RADIOPIU che racconta le fatiche e l&#8217;impegno di un gruppo di giovani, i diplomandi del Follador Minerario che venerdi e sabato organizzano Santa Barbara: la festa! Con Davide parliamo del programma dell&#8217;evento e di molto altro<\/p>\n<p><strong>AUDIO<\/strong><\/p>\n<audio class=\"wp-audio-shortcode\" id=\"audio-308781-6\" preload=\"none\" style=\"width: 100%;\" controls=\"controls\"><source type=\"audio\/mpeg\" src=\"https:\/\/www.radiopiu.net\/wordpress\/wp-content\/uploads\/2022\/11\/santa-barbara-davide.mp3?_=6\" \/><a href=\"https:\/\/www.radiopiu.net\/wordpress\/wp-content\/uploads\/2022\/11\/santa-barbara-davide.mp3\">https:\/\/www.radiopiu.net\/wordpress\/wp-content\/uploads\/2022\/11\/santa-barbara-davide.mp3<\/a><\/audio>\n<p>&nbsp;<\/p>\n<p><strong>VIDEO<\/strong><\/p>\n<p>https:\/\/www.facebook.com\/mirko.mezzacasa\/videos\/1153860488854812<\/p>\n<p>&nbsp;<\/p>\n<hr \/>\n<p>&nbsp;<\/p>\n<blockquote>\n<h3>OTHELLO TANGO, VENERDI 9 DICEMBRE AL TEATRO COMUNALE DI BELLUNO<\/h3>\n<\/blockquote>\n<blockquote>\n<div><a class=\"dt-pswp-item\" href=\"https:\/\/www.radiopiu.net\/wordpress\/wp-content\/uploads\/2022\/11\/Senza-nome-114.jpg\" data-dt-img-description=\"\" data-large_image_width=\"524\" data-large_image_height=\"278\"><img loading=\"lazy\" decoding=\"async\" class=\" wp-image-308653 alignleft\" src=\"https:\/\/www.radiopiu.net\/wordpress\/wp-content\/uploads\/2022\/11\/Senza-nome-114-300x159.jpg\" alt=\"\" width=\"285\" height=\"151\" srcset=\"https:\/\/www.radiopiu.net\/wordpress\/wp-content\/uploads\/2022\/11\/Senza-nome-114-300x159.jpg 300w, https:\/\/www.radiopiu.net\/wordpress\/wp-content\/uploads\/2022\/11\/Senza-nome-114.jpg 524w\" sizes=\"auto, (max-width: 285px) 100vw, 285px\" \/><\/a><br role=\"presentation\" \/><em><span dir=\"ltr\" role=\"presentation\">\u201c<\/span><span dir=\"ltr\" role=\"presentation\">Guardatevi dalla gelosia, mio signore! \u00c8 un mostro dagli occhi verdi che si<\/span><\/em><br role=\"presentation\" \/><em><span dir=\"ltr\" role=\"presentation\">diletta col cibo di cui si nutre<\/span><span dir=\"ltr\" role=\"presentation\">.\u201d W. Shakespeare \/ Othello<\/span><\/em><\/div>\n<\/blockquote>\n<div class=\"textLayer\"><strong><span dir=\"ltr\" role=\"presentation\">RASSEGNA DI DANZA, <\/span><\/strong><span dir=\"ltr\" role=\"presentation\">Venerd\u00ec 9 dicembre\u00a0 alle\u00a0 21 al Teatro Comunale di Belluno. <\/span><span dir=\"ltr\" role=\"presentation\">Dopo il successo strepitoso di Romeo y Julieta Tango la compagnia Naturalis Labor torna ad <\/span><span dir=\"ltr\" role=\"presentation\">esplorare attraverso il linguaggio della danza e del tango Shakespeare in uno <\/span><span dir=\"ltr\" role=\"presentation\">dei suoi testi pi\u00f9 conosciuti l\u2019Othello, con un cast di dodici danzatori. <\/span><span dir=\"ltr\" role=\"presentation\">Il tango rappresenta nell\u2019immaginario collettivo la passione, la sensualit\u00e0. <\/span><span dir=\"ltr\" role=\"presentation\">Qui il coreografo Luciano Padovani con un linguaggio sempre in bilico tra il <\/span><span dir=\"ltr\" role=\"presentation\">tango<\/span> <span dir=\"ltr\" role=\"presentation\">e<\/span> <span dir=\"ltr\" role=\"presentation\">la danza ci racconta una storia di amore e di morte. Un lavoro <\/span><span dir=\"ltr\" role=\"presentation\">attento con un cast di dodici poliedrici danzatori\/tangueros con le scene di <\/span><span dir=\"ltr\" role=\"presentation\">Mauro Zocchetta e Gloria Gandini, i costumi di<\/span> <span dir=\"ltr\" role=\"presentation\">Chiara Defant e le luci di <\/span><span dir=\"ltr\" role=\"presentation\">Thomas Heuger.<\/span><\/div>\n<div><\/div>\n<div>\n<p><iframe loading=\"lazy\" title=\"Othello Tango, in scena passione e gelosia.\" width=\"1200\" height=\"675\" src=\"https:\/\/www.youtube.com\/embed\/sgUa08f_opM?feature=oembed\" frameborder=\"0\" allow=\"accelerometer; autoplay; clipboard-write; encrypted-media; gyroscope; picture-in-picture\" allowfullscreen><\/iframe><\/p>\n<\/div>\n<p><strong><span dir=\"ltr\" role=\"presentation\">BIGLIETTERIA FISICA<\/span><span dir=\"ltr\" role=\"presentation\">: <\/span><\/strong><span dir=\"ltr\" role=\"presentation\">\u2013 MUSEO CIVICO DI BELLUNO \u2013 PALAZZO FULCIS <\/span><span dir=\"ltr\" role=\"presentation\">Via Roma, 28 \u2013 32100 Belluno (BL): 0437 913323 <\/span><strong><span dir=\"ltr\" role=\"presentation\">BIGLIETTERIA ONLINE<\/span><\/strong> <span dir=\"ltr\" role=\"presentation\">su www.midaticket.it o www.vivaticket.com <\/span><span dir=\"ltr\" style=\"color: #ff0000;\" role=\"presentation\">ABBONAMENTO<\/span> <span dir=\"ltr\" role=\"presentation\">platea e galleria centrale <\/span><span dir=\"ltr\" role=\"presentation\">&#8211; Intero \u20ac 76 <\/span><span dir=\"ltr\" role=\"presentation\">\u00a0Ridotto (Over 60 \u2013 Under 30) \u20ac 56<\/span><br role=\"presentation\" \/><span dir=\"ltr\" role=\"presentation\"><span style=\"color: #ff0000;\">BIGLIETTI<\/span> <\/span><span dir=\"ltr\" role=\"presentation\">&#8211;<\/span><span dir=\"ltr\" role=\"presentation\">INTERO <\/span><span dir=\"ltr\" role=\"presentation\">Platea e galleria centrale \u20ac 32 <\/span><span dir=\"ltr\" role=\"presentation\">Galleria laterale \u20ac 27 <\/span><span dir=\"ltr\" role=\"presentation\">Loggione centrale \u20ac 18 <\/span><span dir=\"ltr\" role=\"presentation\">Per le<\/span> <span dir=\"ltr\" role=\"presentation\">PROMOZIONI DEDICATE<\/span> <span dir=\"ltr\" role=\"presentation\">a riferirsi alla biglietteria presso il<\/span> <span dir=\"ltr\" role=\"presentation\">Museo Civico <\/span>di Belluno &#8211; Tel al 0437 913323 \u2013 SCUOLE DI DANZA \u2013 FAMIGLIA (2 adulti + 2 under 18) \u2013 RIDUZIONI EXTRA \u2013 CARTA DOCENTI<\/p>\n<div data-main-rotation=\"0\"><\/div>\n<p>&nbsp;<\/p>\n<p>&nbsp;<\/p>\n<hr \/>\n<p>&nbsp;<\/p>\n<blockquote>\n<h3><a class=\"dt-pswp-item\" href=\"https:\/\/www.radiopiu.net\/wordpress\/wp-content\/uploads\/2022\/11\/Quartetto-di-Venezia.jpg\" data-dt-img-description=\"\" data-large_image_width=\"1270\" data-large_image_height=\"714\"><img loading=\"lazy\" decoding=\"async\" class=\" wp-image-308055 alignleft\" src=\"https:\/\/www.radiopiu.net\/wordpress\/wp-content\/uploads\/2022\/11\/Quartetto-di-Venezia-300x169.jpg\" alt=\"\" width=\"199\" height=\"112\" srcset=\"https:\/\/www.radiopiu.net\/wordpress\/wp-content\/uploads\/2022\/11\/Quartetto-di-Venezia-300x169.jpg 300w, https:\/\/www.radiopiu.net\/wordpress\/wp-content\/uploads\/2022\/11\/Quartetto-di-Venezia-1024x576.jpg 1024w, https:\/\/www.radiopiu.net\/wordpress\/wp-content\/uploads\/2022\/11\/Quartetto-di-Venezia-768x432.jpg 768w, https:\/\/www.radiopiu.net\/wordpress\/wp-content\/uploads\/2022\/11\/Quartetto-di-Venezia.jpg 1270w\" sizes=\"auto, (max-width: 199px) 100vw, 199px\" \/><\/a>IL QUARTETTO DI VENEZIA AL COMUNALE DI BELLUNO<\/h3>\n<\/blockquote>\n<p><strong>BELLUNO<\/strong> Belluno rende omaggio al compositore belga C\u00e9sar Franck, a 200 anni dalla nascita (1822-2022), con il concerto di oggi alle 20:30, al Teatro Comunale. Protagonisti dell&#8217;evento, il Quartetto di Venezia, insieme a Marco Rizzi violino e Gabriele Carcano pianoforte. Per informazioni e prenotazioni: <a href=\"mailto:segreteriabelcircolo@gmail.com\">segreteriabelcircolo@gmail.com <\/a>. Programma completo della serata su <a href=\"http:\/\/www.belcircolo.org\/\">www.belcircolo.org<\/a><\/p>\n<p>&nbsp;<\/p>\n<hr \/>\n<p>&nbsp;<\/p>\n<blockquote>\n<h3>LIMANA E I SUOI COLORI<\/h3>\n<\/blockquote>\n<p><strong>LIMANA <\/strong>Il Comune di Limana, Ufficio Cultura e Biblioteca, ed il Circolo Artistico &#8220;Mario Morales&#8221;, inaugureranno la\u00a0 60^ Collettiva Circolo Artistico &#8220;Mario Morales&#8221; Limana E I Suoi Colori. L&#8217;appuntamento \u00e8 per domenica alle 11 al municipio di Limana. La mostra sar\u00e0 visitabile fino al 26 dicembre. Orari di apertura: Venerd\u00ec, sabato, domenica dalle 15.00 alle 17.00. Domenica 25 dicembre chiuso. Luned\u00ec 26 dicembre dalle 15.00 alle 17.00<\/p>\n<p>&nbsp;<\/p>\n<p>&nbsp;<\/p>\n<hr \/>\n<p>&nbsp;<\/p>\n<blockquote>\n<h2>LA FESTA DEI BAMBINI AMBASCIATORI DELL\u2019ACQUA<\/h2>\n<\/blockquote>\n<p><strong>BELLUNO\u00a0<\/strong> L\u2019Associazione Pomi d\u2019Ottone e Insieme si pu\u00f2\u00a0 organizzano\u00a0 per sabato alle 14.30 la\u00a0 festa dei bambini ambasciatori dell&#8217;acqua, ovvero per coloro che hanno deciso di impegnarsi per aiutare i loro coetanei, che vivono in Uganda senza accesso all\u2019acqua potabile. Il programma della festa:\u00a0 \u00a0CANTASTORIE con RACCONTI DELL\u2019ALTRO MONDO (per sorridere riflettendo),\u00a0 COLLEGAMENTO VIDEO per conoscere i BAMBINI UGANDESI,\u00a0 MERENDA DELL\u2019ALTRO MONDO,\u00a0 MUSICA E BALLO,\u00a0 BAMBINI BELLUNESI PER I BAMBINI UGANDESI: IL PICCOLO SALVADANAIO SOLIDALE<\/p>\n<p>&nbsp;<\/p>\n<p>&nbsp;<\/p>\n<p>&nbsp;<\/p>\n<hr \/>\n<p>&nbsp;<\/p>\n<p><strong><a class=\"dt-pswp-item\" href=\"https:\/\/www.radiopiu.net\/wordpress\/wp-content\/uploads\/2022\/11\/Locandina-Barbarina_LOGHI-TUTTI.jpg\" data-dt-img-description=\"\" data-large_image_width=\"826\" data-large_image_height=\"1169\"><img loading=\"lazy\" decoding=\"async\" class=\" wp-image-307574 alignleft\" src=\"https:\/\/www.radiopiu.net\/wordpress\/wp-content\/uploads\/2022\/11\/Locandina-Barbarina_LOGHI-TUTTI-212x300.jpg\" alt=\"\" width=\"108\" height=\"153\" srcset=\"https:\/\/www.radiopiu.net\/wordpress\/wp-content\/uploads\/2022\/11\/Locandina-Barbarina_LOGHI-TUTTI-212x300.jpg 212w, https:\/\/www.radiopiu.net\/wordpress\/wp-content\/uploads\/2022\/11\/Locandina-Barbarina_LOGHI-TUTTI-724x1024.jpg 724w, https:\/\/www.radiopiu.net\/wordpress\/wp-content\/uploads\/2022\/11\/Locandina-Barbarina_LOGHI-TUTTI-768x1087.jpg 768w, https:\/\/www.radiopiu.net\/wordpress\/wp-content\/uploads\/2022\/11\/Locandina-Barbarina_LOGHI-TUTTI.jpg 826w\" sizes=\"auto, (max-width: 108px) 100vw, 108px\" \/><\/a><\/strong><\/p>\n<blockquote>\n<h3>C&#8217;ERA UNA VOLTA&#8230; BARBARINA E I NOVE COLOMBI<\/h3>\n<\/blockquote>\n<p><strong>FELTRE\u00a0<\/strong> Domani alle 17.30 il Polo Bibliotecario di Feltre ospiter\u00e0 la presentazione del libro illustrato \u201cBarbarina e i nove colombi\u201d di Flavio Faoro e Marta Farina, vincitore nella sezione Best Illustration for Fiction 2019\u201d della dodicesima edizione del premio internazionale \u201cImage of the book\u201d di Mosca. All\u2019incontro interverr\u00e0 l\u2019Editore Roberto Da Re Giustiniani. Brani del libro letti da Silvana Vignaga.<\/p>\n<p>&nbsp;<\/p>\n<p>&nbsp;<\/p>\n<p>&nbsp;<\/p>\n<hr \/>\n<p>&nbsp;<\/p>\n<blockquote>\n<h3>NATALE DELLO SPORTIVO CON IL CSI<\/h3>\n<\/blockquote>\n<p><strong>SANTA GIUSTINA<\/strong>\u00a0 I comitato di Belluno e Feltre del Csi organizzano l&#8217;incontro natalizio con le societ\u00e0 affiliate. Sabato 3 dicembre alle 16.45 nella palestra di Santa Giustina, sar\u00e0 celebrata la messa e di seguito la premiazione degli atleti e societ\u00e0 sportive protagonisti del campionato provinciale di corsa campestre e calcio.<\/p>\n<p>&nbsp;<\/p>\n<hr \/>\n<p>&nbsp;<\/p>\n<blockquote>\n<h3>PROLUNGATA FINO AL 31 NOVEMBRE LA MOSTRA &#8220;FORESTE INFRANTE<\/h3>\n<\/blockquote>\n<p><strong>BELLUNO<\/strong> Si potr\u00e0 visitare fino al 31 dicembre la mostra \u201cForeste Infrante\u201d, che racconta, a partire dalle immagini dei francobolli, le tematiche ecologiche e della sostenibilit\u00e0, quattro anni dopo la tempesta Vaia. L\u2019esposizione \u00e8 realizzata in collaborazione con il Museo Postale e Telegrafico della Mitteleuropa di Trieste e potr\u00e0 essere visitata nell\u2019orario di apertura dell\u2019Ufficio Postale Belluno Castello (luned\u00ec \u2013 venerd\u00ec 8.20 \u2013 19.05; sabato 8.20 \u2013 12.35).<\/p>\n<p>&nbsp;<\/p>\n<p>&nbsp;<\/p>\n<hr \/>\n<p>&nbsp;<\/p>\n<a href=\"https:\/\/www.radiopiu.net\/wordpress\/wp-content\/uploads\/2022\/11\/locandina-MOVEMBER_23.11.22-1.pdf\" class=\"pdfemb-viewer\" style=\"\" data-width=\"max\" data-height=\"max\" data-toolbar=\"top\" data-toolbar-fixed=\"on\">locandina MOVEMBER_23.11.22<\/a>\n<p>&nbsp;<\/p>\n<hr \/>\n<p>&nbsp;<\/p>\n<a href=\"https:\/\/www.radiopiu.net\/wordpress\/wp-content\/uploads\/2022\/11\/03cf07e4-6473-49de-963e-d33951be129d.pdf\" class=\"pdfemb-viewer\" style=\"\" data-width=\"max\" data-height=\"max\" data-toolbar=\"top\" data-toolbar-fixed=\"on\">03cf07e4-6473-49de-963e-d33951be129d<\/a>\n<p>&nbsp;<\/p>\n<hr \/>\n<p>&nbsp;<\/p>\n<blockquote>\n<h3>MARCO GAZ, GIORNALISTA DI RADIOPIU&#8217; DAL 14.11 ISCRITTO ALL&#8217;ALBO DEI GIORNALISTI DEL VENETO<\/h3>\n<\/blockquote>\n<p><strong><a class=\"dt-pswp-item\" href=\"https:\/\/www.radiopiu.net\/wordpress\/wp-content\/uploads\/2022\/11\/287970_1909192369754_8254781_o.jpg\" data-dt-img-description=\"\" data-large_image_width=\"1362\" data-large_image_height=\"2048\"><img loading=\"lazy\" decoding=\"async\" class=\" wp-image-308849 alignleft\" src=\"https:\/\/www.radiopiu.net\/wordpress\/wp-content\/uploads\/2022\/11\/287970_1909192369754_8254781_o-200x300.jpg\" alt=\"\" width=\"148\" height=\"222\" srcset=\"https:\/\/www.radiopiu.net\/wordpress\/wp-content\/uploads\/2022\/11\/287970_1909192369754_8254781_o-200x300.jpg 200w, https:\/\/www.radiopiu.net\/wordpress\/wp-content\/uploads\/2022\/11\/287970_1909192369754_8254781_o-681x1024.jpg 681w, https:\/\/www.radiopiu.net\/wordpress\/wp-content\/uploads\/2022\/11\/287970_1909192369754_8254781_o-768x1155.jpg 768w, https:\/\/www.radiopiu.net\/wordpress\/wp-content\/uploads\/2022\/11\/287970_1909192369754_8254781_o-1022x1536.jpg 1022w, https:\/\/www.radiopiu.net\/wordpress\/wp-content\/uploads\/2022\/11\/287970_1909192369754_8254781_o.jpg 1362w\" sizes=\"auto, (max-width: 148px) 100vw, 148px\" \/><\/a>REDAZIONE<\/strong> Quando questa mattina mancavano pochi minuti alle cinque, sulla casella postale ufficiale di RADIOPIU \u00e8 arrivata la mail di Marco, lo\u00a0 ho subito immaginato emozionato come un bambino,\u00a0 come davanti al regalo di San Nicolo&#8217; da scartare,\u00a0 poco prima il Gaz, infatti, apriva\u00a0 la sua mail&#8230;quella in arrivo da Venezia, sede dell&#8217;Albo dei Giornalisti del Veneto, gli annunciava della sua iscrizione all&#8217;albo dei pubblicisti, come \u00e8 successo a me quasi 30 anni fa, il 7 aprile del 1993. Anch&#8217;io mi sono emozionato quando ho visto la mail di Marco, ho rivissuto questi 20 anni passati assieme.\u00a0 Tutto \u00e8 iniziato in un pomeriggio del 2002 quando era in piazza ad Agordo, davanti al Miniere. Ci siamo incontrati e mi <a class=\"dt-pswp-item\" href=\"https:\/\/www.radiopiu.net\/wordpress\/wp-content\/uploads\/2022\/11\/197091_1007396951950_6889_n.jpg\" data-dt-img-description=\"\" data-large_image_width=\"604\" data-large_image_height=\"402\"><img loading=\"lazy\" decoding=\"async\" class=\"wp-image-308851 alignright\" src=\"https:\/\/www.radiopiu.net\/wordpress\/wp-content\/uploads\/2022\/11\/197091_1007396951950_6889_n-300x200.jpg\" alt=\"\" width=\"236\" height=\"157\" srcset=\"https:\/\/www.radiopiu.net\/wordpress\/wp-content\/uploads\/2022\/11\/197091_1007396951950_6889_n-300x200.jpg 300w, https:\/\/www.radiopiu.net\/wordpress\/wp-content\/uploads\/2022\/11\/197091_1007396951950_6889_n.jpg 604w\" sizes=\"auto, (max-width: 236px) 100vw, 236px\" \/><\/a>ha &#8220;attaccato&#8221; <em>&#8220;E&#8217; ora che aggiorni il tuo archivio musicale&#8221;. <\/em>Non ho un gran bel carattere, ho sempre dovuto stare sulla difensiva da quel 25 giugno 1983, primo giorno della <em>RADIOPIU <\/em>e, gli ho \u00a0risposto, un pelo brusco, che se voleva farlo lo poteva andare a fare. E cos\u00ec il giorno dopo, alle 16.30 me lo sono trovato alla porta della radio, l&#8217;ha visitata, l&#8217;ha amata ed \u00e8 ancora qui. Inizia cos\u00ec la storia di Marco Gaz in radio, dapprima come dj, poi come responsabile del settore musicale. Dal 2008 \u00e8 regolarmente assunto e i suoi compiti sono cambiati, da allora conduce i programmi dell&#8217;hockey su ghiaccio (ha raccolto il testimone nel 2012 quando sono stato costretto\u00a0 a mollare per altri <a class=\"dt-pswp-item\" href=\"https:\/\/www.radiopiu.net\/wordpress\/wp-content\/uploads\/2022\/11\/10454946_10205704296833525_708910874394170314_o.jpg\" data-dt-img-description=\"\" data-large_image_width=\"1280\" data-large_image_height=\"720\"><img loading=\"lazy\" decoding=\"async\" class=\" wp-image-308848 alignleft\" src=\"https:\/\/www.radiopiu.net\/wordpress\/wp-content\/uploads\/2022\/11\/10454946_10205704296833525_708910874394170314_o-300x169.jpg\" alt=\"\" width=\"220\" height=\"124\" srcset=\"https:\/\/www.radiopiu.net\/wordpress\/wp-content\/uploads\/2022\/11\/10454946_10205704296833525_708910874394170314_o-300x169.jpg 300w, https:\/\/www.radiopiu.net\/wordpress\/wp-content\/uploads\/2022\/11\/10454946_10205704296833525_708910874394170314_o-1024x576.jpg 1024w, https:\/\/www.radiopiu.net\/wordpress\/wp-content\/uploads\/2022\/11\/10454946_10205704296833525_708910874394170314_o-768x432.jpg 768w, https:\/\/www.radiopiu.net\/wordpress\/wp-content\/uploads\/2022\/11\/10454946_10205704296833525_708910874394170314_o.jpg 1280w\" sizes=\"auto, (max-width: 220px) 100vw, 220px\" \/><\/a>impegni), quindi i programmi dedicati al calcio, dal torneo agordino all&#8217;Agordina e squadre minori dei campionati Figc, ma Marco \u00e8 anche l&#8217;uomo che mi aiuta a far crescere il sito internet, a preparare i notiziari, a cercare nuovi collaboratori, alla faccia di chi non ci credeva, o non voleva crederci criticando la mia scelta.\u00a0 Nel tempo si \u00e8 dimostrato un amico, uno di quelli veri che nel momento del bisogno non ti volta le spalle, non sceglie altre strade in discesa giustificandolo con la<em> &#8220;crescita professionale&#8221;<\/em>,\u00a0 semplicemente stringe i denti\u00a0 ti da una pacca sulla spalle e ti dice <em>&#8220;dai che ne veniamo fuori&#8221;.\u00a0 <\/em>Ne siamo venuti fuori Marco, proprio mentre tu festeggi questo ambito traguardo che non \u00e8 da tutti. Te lo sei sudato, non te lo ha regalato nessuno, non ti hanno dato una tessera perch\u00e9 hai scritto alcuni articoli in qualche anno, te l&#8217;hanno data quella ambita tessera, perch\u00e9 dal 2008 sei la voce quotidiana alla radio, il giornalista che tutti vorrebbero accanto in redazione. Grazie per il tuo lavoro, per l&#8217;amicizia, per il modo che hai di sopportare i miei continui scazzi. Ora sei il giornalista a tutti gli effetti di RADIOPIU e di essere stato il tuo maestro ne sono orgoglioso, come un padre per un figlio, quello che non ho e, il caso vuole che tu sia nato nel 1983, nella stessa estate in cui nasceva RADIOPIU<\/p>\n<p><em>Mirko<\/em><\/p>\n<p>&nbsp;<\/p>\n<p><strong><span dir=\"ltr\" role=\"presentation\"><a class=\"dt-pswp-item\" href=\"https:\/\/www.radiopiu.net\/wordpress\/wp-content\/uploads\/2022\/11\/Senza-nome-118.jpg\" data-dt-img-description=\"\" data-large_image_width=\"132\" data-large_image_height=\"141\"><img loading=\"lazy\" decoding=\"async\" class=\"size-full wp-image-308840 alignleft\" src=\"https:\/\/www.radiopiu.net\/wordpress\/wp-content\/uploads\/2022\/11\/Senza-nome-118.jpg\" alt=\"\" width=\"132\" height=\"141\" \/><\/a>DELIBERA N. 381\/2022 <\/span><\/strong><span dir=\"ltr\" role=\"presentation\">Il Consiglio regionale dell\u2019Ordine dei Giornalisti del Veneto riunito il giorno 14\/11\/2022 <\/span><span dir=\"ltr\" role=\"presentation\">alle ore 10.30 <\/span><span dir=\"ltr\" role=\"presentation\">esaminata<\/span> <span dir=\"ltr\" role=\"presentation\">la domanda presentata dal richiedente Sig.<\/span> <span dir=\"ltr\" role=\"presentation\">MARCO GAZ<\/span> <span dir=\"ltr\" role=\"presentation\">in data 16\/09\/2022; <\/span><span dir=\"ltr\" role=\"presentation\">ritenuto<\/span> <span dir=\"ltr\" role=\"presentation\">che i documenti allegati e la dichiarazione del direttore comprovano l\u2019attivit\u00e0 <\/span><span dir=\"ltr\" role=\"presentation\">pubblicistica regolarmente retribuita svolta dal<\/span> <span dir=\"ltr\" role=\"presentation\">richiedente nell\u2019ultimo biennio per la seguente testata <\/span><span dir=\"ltr\" role=\"presentation\">giornalistica: RADIO PIU&#8217;; <\/span><span dir=\"ltr\" role=\"presentation\">\u00a0<\/span><span dir=\"ltr\" role=\"presentation\">DELIBERA <\/span><span dir=\"ltr\" role=\"presentation\">l\u2019iscrizione del Signor<\/span> <span dir=\"ltr\" role=\"presentation\">MARCO GAZ<\/span> <span dir=\"ltr\" role=\"presentation\">nato<\/span> <span dir=\"ltr\" role=\"presentation\">a BELLUNO il 08\/09\/1983,<\/span>\u00a0<span dir=\"ltr\" role=\"presentation\">NELL\u2019ELENCO<\/span> <span dir=\"ltr\" role=\"presentation\">DEI<\/span> <span dir=\"ltr\" role=\"presentation\">PUBBLICISTI<\/span> <span dir=\"ltr\" role=\"presentation\">dell\u2019ALBO<\/span> <span dir=\"ltr\" role=\"presentation\">DEI <\/span><span dir=\"ltr\" role=\"presentation\">GIORNALISTI DEL VENETO con decorrenza 14\/11\/2022<\/span><\/p>\n<p>&nbsp;<\/p>\n<p>&nbsp;<\/p>\n<hr \/>\n<p>&nbsp;<\/p>\n<blockquote>\n<h3>REEEEEEEEEEEEEEEE&#8230; UNION. VENERDI SERA ALLA FABBRICA IN PEDAVENA LA VALLE AGORDINA<\/h3>\n<\/blockquote>\n<p><strong>REDAZIONE<\/strong> Massimo &#8220;Canon&#8221;, Federico\u00a0 Manfroi &#8220;coccia&#8221; Roberto Lorenzet, Andrea Fiocco ci raccontano gli Union e i Re-Union, questi ultimi suoneranno venerdi sera dalle 21 in localit\u00e0 Le Campe (La Valle) Alla Fabbrica in Pedavena Valle Agordina.<\/p>\n<p>&nbsp;<\/p>\n<p><strong>LA NOSTRA INTERVISTA, I LORO RICORDI<\/strong><\/p>\n<audio class=\"wp-audio-shortcode\" id=\"audio-308781-7\" preload=\"none\" style=\"width: 100%;\" controls=\"controls\"><source type=\"audio\/mpeg\" src=\"https:\/\/www.radiopiu.net\/wordpress\/wp-content\/uploads\/2022\/11\/REUNION-DIRETTA.mp3?_=7\" \/><a href=\"https:\/\/www.radiopiu.net\/wordpress\/wp-content\/uploads\/2022\/11\/REUNION-DIRETTA.mp3\">https:\/\/www.radiopiu.net\/wordpress\/wp-content\/uploads\/2022\/11\/REUNION-DIRETTA.mp3<\/a><\/audio>\n<p>&nbsp;<\/p>\n<p><span style=\"color: #ff0000;\"><strong>LA STORIA<\/strong><\/span><\/p>\n<blockquote><p><em><strong>&#8220;UNION&#8221;\u00a0 UN GRUPPO VIVO, PRESENTE, ALLEGRO E DINAMICO CHE PROPONE UN GENERE DI UN ROCK ITALIANO&#8230; CON TIX\u00a0<\/strong><\/em><br \/>\n<em><strong>DIFFUSIONE EUROPEA, 1993<\/strong><\/em><\/p><\/blockquote>\n<p><iframe loading=\"lazy\" title=\"Union 1993.avi\" width=\"1200\" height=\"900\" src=\"https:\/\/www.youtube.com\/embed\/Ukl7qii0v4s?feature=oembed\" frameborder=\"0\" allow=\"accelerometer; autoplay; clipboard-write; encrypted-media; gyroscope; picture-in-picture\" allowfullscreen><\/iframe><\/p>\n<p>&nbsp;<\/p>\n<p>&nbsp;<\/p>\n<p>&nbsp;<\/p>\n<hr \/>\n<p>&nbsp;<\/p>\n<h2><span style=\"color: #339966;\">IERI ALLA RADIO<\/span><\/h2>\n<h2><span style=\"color: #008080;\">&#8220;DINTORN E FORA VIA&#8221;\u00a0<\/span><span style=\"color: #008080;\"> IL PROGRAMMA\u00a0 <\/span><span style=\"color: #008080;\">A CURA DEL MUSLA\u00a0\u00a0<\/span><\/h2>\n<p><strong>\u00a0PUNTATA 29 NOVEMBRE MICHELE DELL&#8217;OSBEL<\/strong><\/p>\n<audio class=\"wp-audio-shortcode\" id=\"audio-308781-8\" preload=\"none\" style=\"width: 100%;\" controls=\"controls\"><source type=\"audio\/mpeg\" src=\"https:\/\/www.radiopiu.net\/wordpress\/wp-content\/uploads\/2022\/11\/Pontada-Michi-29november2022.mp3?_=8\" \/><a href=\"https:\/\/www.radiopiu.net\/wordpress\/wp-content\/uploads\/2022\/11\/Pontada-Michi-29november2022.mp3\">https:\/\/www.radiopiu.net\/wordpress\/wp-content\/uploads\/2022\/11\/Pontada-Michi-29november2022.mp3<\/a><\/audio>\n<p>&nbsp;<\/p>\n\n\t\t\t<style type='text\/css'>\n\t\t\t\t#gallery-9 {\n\t\t\t\t\tmargin: auto;\n\t\t\t\t}\n\t\t\t\t#gallery-9 .gallery-item {\n\t\t\t\t\tfloat: left;\n\t\t\t\t\tmargin-top: 10px;\n\t\t\t\t\ttext-align: center;\n\t\t\t\t\twidth: 33%;\n\t\t\t\t}\n\t\t\t\t#gallery-9 img {\n\t\t\t\t\tborder: 2px solid #cfcfcf;\n\t\t\t\t}\n\t\t\t\t#gallery-9 .gallery-caption {\n\t\t\t\t\tmargin-left: 0;\n\t\t\t\t}\n\t\t\t\t\/* see gallery_shortcode() in wp-includes\/media.php *\/\n\t\t\t<\/style>\n\t\t<div id='gallery-9' class='dt-gallery-container gallery galleryid-308781 gallery-columns-3 gallery-size-thumbnail'><dl class='gallery-item'>\n\t\t\t\t<dt class='gallery-icon landscape'>\n\t\t\t\t\t<a class=\"rollover rollover-zoom dt-pswp-item\" title=\"5211def7-63ec-4aa4-914f-cab57ac8bdb5\" data-dt-img-description=\"\" data-large_image_width=\"1124\" data-large_image_height=\"322\"href='https:\/\/www.radiopiu.net\/wordpress\/wp-content\/uploads\/2022\/11\/5211def7-63ec-4aa4-914f-cab57ac8bdb5.jpg'><img loading=\"lazy\" decoding=\"async\" width=\"150\" height=\"150\" src=\"https:\/\/www.radiopiu.net\/wordpress\/wp-content\/uploads\/2022\/11\/5211def7-63ec-4aa4-914f-cab57ac8bdb5-150x150.jpg\" class=\"attachment-thumbnail size-thumbnail\" alt=\"\" \/><\/a>\n\t\t\t\t<\/dt><\/dl><dl class='gallery-item'>\n\t\t\t\t<dt class='gallery-icon landscape'>\n\t\t\t\t\t<a class=\"rollover rollover-zoom dt-pswp-item\" title=\"63a73726-cee7-4a9b-ad4d-4d1772166c4b\" data-dt-img-description=\"\" data-large_image_width=\"1124\" data-large_image_height=\"322\"href='https:\/\/www.radiopiu.net\/wordpress\/wp-content\/uploads\/2022\/11\/63a73726-cee7-4a9b-ad4d-4d1772166c4b.jpg'><img loading=\"lazy\" decoding=\"async\" width=\"150\" height=\"150\" src=\"https:\/\/www.radiopiu.net\/wordpress\/wp-content\/uploads\/2022\/11\/63a73726-cee7-4a9b-ad4d-4d1772166c4b-150x150.jpg\" class=\"attachment-thumbnail size-thumbnail\" alt=\"\" \/><\/a>\n\t\t\t\t<\/dt><\/dl><dl class='gallery-item'>\n\t\t\t\t<dt class='gallery-icon landscape'>\n\t\t\t\t\t<a class=\"rollover rollover-zoom dt-pswp-item\" title=\"0dcdcdc0-3df6-45ea-b061-ea6daa9b46ca\" data-dt-img-description=\"\" data-large_image_width=\"1125\" data-large_image_height=\"441\"href='https:\/\/www.radiopiu.net\/wordpress\/wp-content\/uploads\/2022\/11\/0dcdcdc0-3df6-45ea-b061-ea6daa9b46ca.jpg'><img loading=\"lazy\" decoding=\"async\" width=\"150\" height=\"150\" src=\"https:\/\/www.radiopiu.net\/wordpress\/wp-content\/uploads\/2022\/11\/0dcdcdc0-3df6-45ea-b061-ea6daa9b46ca-150x150.jpg\" class=\"attachment-thumbnail size-thumbnail\" alt=\"\" \/><\/a>\n\t\t\t\t<\/dt><\/dl><br style=\"clear: both\" \/>\n\t\t\t<\/div>\n\n<p>LA RACCOLTA COMPLETA<\/p>\n<blockquote class=\"wp-embedded-content\" data-secret=\"WX4U6MATgU\"><p><a href=\"https:\/\/www.radiopiu.net\/wordpress\/musla\/\">MUSLA<\/a><\/p><\/blockquote>\n<p><iframe loading=\"lazy\" class=\"wp-embedded-content\" sandbox=\"allow-scripts\" security=\"restricted\" style=\"position: absolute; clip: rect(1px, 1px, 1px, 1px);\" title=\"&#8220;MUSLA&#8221; &#8212; Radio Pi\u00f9\" src=\"https:\/\/www.radiopiu.net\/wordpress\/musla\/embed\/#?secret=n4KNVwl1Wl#?secret=WX4U6MATgU\" data-secret=\"WX4U6MATgU\" width=\"600\" height=\"338\" frameborder=\"0\" marginwidth=\"0\" marginheight=\"0\" scrolling=\"no\"><\/iframe><\/p>\n<p>&nbsp;<\/p>\n<hr \/>\n<p>&nbsp;<\/p>\n<p>&nbsp;<\/p>\n<p>&nbsp;<\/p>\n<blockquote>\n<h2>ANCHE SE NON SEMBRA_ ALESSANDRA SERVI<\/h2>\n<\/blockquote>\n<p><strong>AUDIO<\/strong><\/p>\n<audio class=\"wp-audio-shortcode\" id=\"audio-308781-9\" preload=\"none\" style=\"width: 100%;\" controls=\"controls\"><source type=\"audio\/mpeg\" src=\"https:\/\/www.radiopiu.net\/wordpress\/wp-content\/uploads\/2022\/11\/02-ALESSANDRA-SERVI-ANCHE-SE-NON-SEMBRA.mp3?_=9\" \/><a href=\"https:\/\/www.radiopiu.net\/wordpress\/wp-content\/uploads\/2022\/11\/02-ALESSANDRA-SERVI-ANCHE-SE-NON-SEMBRA.mp3\">https:\/\/www.radiopiu.net\/wordpress\/wp-content\/uploads\/2022\/11\/02-ALESSANDRA-SERVI-ANCHE-SE-NON-SEMBRA.mp3<\/a><\/audio>\n<p>&nbsp;<\/p>\n<p><img loading=\"lazy\" decoding=\"async\" class=\"alignleft\" src=\"https:\/\/www.radiopiu.net\/wordpress\/wp-content\/uploads\/2022\/11\/2-ALESSANDRA-SERVI.jpg\" width=\"174\" height=\"214\" \/><\/p>\n<p>Anche se non sembra,<br \/>\nin quest&#8217;apocalisse di parentesi bianche,<br \/>\nfile di formiche e ciglia,<br \/>\nti lascio andare<br \/>\ncome fosse naturale<br \/>\nla calma,<br \/>\nl&#8217;eleganza,<br \/>\nil rituale dell&#8217;assenza.<\/p>\n<p>&nbsp;<\/p>\n<p>&nbsp;<\/p>\n<p>LA RACCOLTA COMPLETA<\/p>\n<blockquote class=\"wp-embedded-content\" data-secret=\"JpuYeB7Jam\"><p><a href=\"https:\/\/www.radiopiu.net\/wordpress\/in-vivo-verso\/\">In Vivo Verso<\/a><\/p><\/blockquote>\n<p><iframe loading=\"lazy\" class=\"wp-embedded-content\" sandbox=\"allow-scripts\" security=\"restricted\" style=\"position: absolute; clip: rect(1px, 1px, 1px, 1px);\" title=\"&#8220;In Vivo Verso&#8221; &#8212; Radio Pi\u00f9\" src=\"https:\/\/www.radiopiu.net\/wordpress\/in-vivo-verso\/embed\/#?secret=L73zYOenpZ#?secret=JpuYeB7Jam\" data-secret=\"JpuYeB7Jam\" width=\"600\" height=\"338\" frameborder=\"0\" marginwidth=\"0\" marginheight=\"0\" scrolling=\"no\"><\/iframe><\/p>\n<p>&nbsp;<\/p>\n<hr \/>\n<p>&nbsp;<\/p>\n<div>\n<div class=\"b654a4as d2edcug0\">\n<div class=\"rq0escxv hkbzh7o3 jwdofwj8 n8tt0mok r8blr3vg hyh9befq\">\n<p><a class=\"dt-pswp-item\" href=\"https:\/\/www.radiopiu.net\/wordpress\/wp-content\/uploads\/2020\/10\/pp.jpg\" data-dt-img-description=\"\" data-large_image_width=\"640\" data-large_image_height=\"640\"><img loading=\"lazy\" decoding=\"async\" class=\"wp-image-163678 alignleft\" src=\"https:\/\/www.radiopiu.net\/wordpress\/wp-content\/uploads\/2020\/10\/pp-300x300.jpg\" alt=\"\" width=\"106\" height=\"106\" srcset=\"https:\/\/www.radiopiu.net\/wordpress\/wp-content\/uploads\/2020\/10\/pp-300x300.jpg 300w, https:\/\/www.radiopiu.net\/wordpress\/wp-content\/uploads\/2020\/10\/pp-150x150.jpg 150w, https:\/\/www.radiopiu.net\/wordpress\/wp-content\/uploads\/2020\/10\/pp-125x125.jpg 125w, https:\/\/www.radiopiu.net\/wordpress\/wp-content\/uploads\/2020\/10\/pp-200x200.jpg 200w, https:\/\/www.radiopiu.net\/wordpress\/wp-content\/uploads\/2020\/10\/pp-80x80.jpg 80w, https:\/\/www.radiopiu.net\/wordpress\/wp-content\/uploads\/2020\/10\/pp-480x480.jpg 480w, https:\/\/www.radiopiu.net\/wordpress\/wp-content\/uploads\/2020\/10\/pp.jpg 640w\" sizes=\"auto, (max-width: 106px) 100vw, 106px\" \/><\/a><\/p>\n<\/div>\n<\/div>\n<\/div>\n<div>\n<div class=\"page-title-head hgroup\">\n<div class=\"page-title-head hgroup\">\n<div class=\"b654a4as d2edcug0\">\n<div class=\"j83agx80 btwxx1t3 lhclo0ds hop8lmos nkwizq5d scwd0bx6 roh60bw9\">\n<div class=\"rq0escxv hkbzh7o3 jwdofwj8 n8tt0mok r8blr3vg hyh9befq\">\n<div class=\"do00u71z l9j0dhe7 k4urcfbm\">\n<h2><span style=\"color: #000080;\">DON CESARE, IL PENSIERO DEL GIORNO. ALLA RADIO ALLE 7 DEL MATTINO E ALLE 19.30 DELLA SERA\u00a0<\/span><\/h2>\n<audio class=\"wp-audio-shortcode\" id=\"audio-308781-10\" preload=\"none\" style=\"width: 100%;\" controls=\"controls\"><source type=\"audio\/mpeg\" src=\"https:\/\/www.radiopiu.net\/wordpress\/wp-content\/uploads\/2022\/11\/CESARE-21.mp3?_=10\" \/><a href=\"https:\/\/www.radiopiu.net\/wordpress\/wp-content\/uploads\/2022\/11\/CESARE-21.mp3\">https:\/\/www.radiopiu.net\/wordpress\/wp-content\/uploads\/2022\/11\/CESARE-21.mp3<\/a><\/audio>\n<\/div>\n<\/div>\n<\/div>\n<\/div>\n<\/div>\n<\/div>\n<\/div>\n<p>&nbsp;<\/p>\n<hr \/>\n<p>&nbsp;<\/p>\n<h2><span style=\"color: #99cc00;\">LA RASSEGNA STAMPA DA L&#8217;AMICO DEL POPOLO<\/span><\/h2>\n<p><strong><a class=\"dt-pswp-item\" href=\"https:\/\/www.radiopiu.net\/wordpress\/wp-content\/uploads\/2022\/11\/CLAUDIO-SITO.jpg\" data-dt-img-description=\"\" data-large_image_width=\"960\" data-large_image_height=\"540\"><img loading=\"lazy\" decoding=\"async\" class=\" wp-image-308403 alignleft\" src=\"https:\/\/www.radiopiu.net\/wordpress\/wp-content\/uploads\/2022\/11\/CLAUDIO-SITO-300x169.jpg\" alt=\"\" width=\"199\" height=\"112\" srcset=\"https:\/\/www.radiopiu.net\/wordpress\/wp-content\/uploads\/2022\/11\/CLAUDIO-SITO-300x169.jpg 300w, https:\/\/www.radiopiu.net\/wordpress\/wp-content\/uploads\/2022\/11\/CLAUDIO-SITO-768x432.jpg 768w, https:\/\/www.radiopiu.net\/wordpress\/wp-content\/uploads\/2022\/11\/CLAUDIO-SITO.jpg 960w\" sizes=\"auto, (max-width: 199px) 100vw, 199px\" \/><\/a>di Gianni Santomaso<\/strong><\/p>\n<p>OSPITE: Claudio Sito, assessore al bilancio di Agordo<\/p>\n<audio class=\"wp-audio-shortcode\" id=\"audio-308781-11\" preload=\"none\" style=\"width: 100%;\" controls=\"controls\"><source type=\"audio\/mpeg\" src=\"https:\/\/www.radiopiu.net\/wordpress\/wp-content\/uploads\/2022\/11\/RASSEGNA-GIANNI-4.mp3?_=11\" \/><a href=\"https:\/\/www.radiopiu.net\/wordpress\/wp-content\/uploads\/2022\/11\/RASSEGNA-GIANNI-4.mp3\">https:\/\/www.radiopiu.net\/wordpress\/wp-content\/uploads\/2022\/11\/RASSEGNA-GIANNI-4.mp3<\/a><\/audio>\n<p>&nbsp;<\/p>\n<p>&nbsp;<\/p>\n<p>&nbsp;<\/p>\n<hr \/>\n<p>&nbsp;<\/p>\n<h2><span style=\"color: #339966;\">COLLAGE OPERAZIONE NOSTALGIA<\/span><\/h2>\n<p><strong><a class=\"dt-pswp-item\" href=\"https:\/\/www.radiopiu.net\/wordpress\/wp-content\/uploads\/2022\/11\/simon-garfunkel.jpg\" data-dt-img-description=\"\" data-large_image_width=\"460\" data-large_image_height=\"360\"><img loading=\"lazy\" decoding=\"async\" class=\" wp-image-308480 alignleft\" src=\"https:\/\/www.radiopiu.net\/wordpress\/wp-content\/uploads\/2022\/11\/simon-garfunkel-300x235.jpg\" alt=\"\" width=\"175\" height=\"137\" srcset=\"https:\/\/www.radiopiu.net\/wordpress\/wp-content\/uploads\/2022\/11\/simon-garfunkel-300x235.jpg 300w, https:\/\/www.radiopiu.net\/wordpress\/wp-content\/uploads\/2022\/11\/simon-garfunkel.jpg 460w\" sizes=\"auto, (max-width: 175px) 100vw, 175px\" \/><\/a>di Loris Scussel<\/strong><\/p>\n<p>La nuova settimana di Collage si aprir\u00e0 a ritmo di rock in particolare con i Deep Purple di \u201cHush\u201d, marted\u00ec brani di musica classica e non, mercoled\u00ec sar\u00e0 la volta dei gruppi italiani degli anni 70 con \u201cIo vagabondo\u201d dei Nomadi e cos\u00ec via, la trasmissione di gioved\u00ec sar\u00e0 dedicata ai cantautori e si aprir\u00e0 con \u201cLa luce dell\u2019est\u201d di Lucio Battisti, infine chiuderemo la settimana in bellezza venerd\u00ec con una selezione di successi internazionali come \u201cThe sound of silence\u201d di Simon e Garfunkel. Collage va in onda dal luned\u00ec al venerd\u00ec alle 16,00 e alle 23,00 naturalmente su Radio Pi\u00f9<\/p>\n<p><strong>PUNTATA DEL LUNEDI, 671<\/strong><\/p>\n<audio class=\"wp-audio-shortcode\" id=\"audio-308781-12\" preload=\"none\" style=\"width: 100%;\" controls=\"controls\"><source type=\"audio\/mpeg\" src=\"https:\/\/www.radiopiu.net\/wordpress\/wp-content\/uploads\/2022\/11\/Collage-671.mp3?_=12\" \/><a href=\"https:\/\/www.radiopiu.net\/wordpress\/wp-content\/uploads\/2022\/11\/Collage-671.mp3\">https:\/\/www.radiopiu.net\/wordpress\/wp-content\/uploads\/2022\/11\/Collage-671.mp3<\/a><\/audio>\n<p><strong>PUNTATA DEL MARTEDI, 672<\/strong><\/p>\n<audio class=\"wp-audio-shortcode\" id=\"audio-308781-13\" preload=\"none\" style=\"width: 100%;\" controls=\"controls\"><source type=\"audio\/mpeg\" src=\"https:\/\/www.radiopiu.net\/wordpress\/wp-content\/uploads\/2022\/11\/Collage-672.mp3?_=13\" \/><a href=\"https:\/\/www.radiopiu.net\/wordpress\/wp-content\/uploads\/2022\/11\/Collage-672.mp3\">https:\/\/www.radiopiu.net\/wordpress\/wp-content\/uploads\/2022\/11\/Collage-672.mp3<\/a><\/audio>\n<p>&nbsp;<\/p>\n<p>&nbsp;<\/p>\n<p>&nbsp;<\/p>\n<hr \/>\n<p>&nbsp;<\/p>\n<p><img loading=\"lazy\" decoding=\"async\" class=\"aligncenter wp-image-61954 size-full\" src=\"https:\/\/www.radiopiu.net\/wordpress\/wp-content\/uploads\/2018\/09\/viabilita.jpeg\" sizes=\"auto, (max-width: 800px) 100vw, 800px\" srcset=\"https:\/\/www.radiopiu.net\/wordpress\/wp-content\/uploads\/2018\/09\/viabilita.jpeg 800w, https:\/\/www.radiopiu.net\/wordpress\/wp-content\/uploads\/2018\/09\/viabilita-300x38.jpeg 300w, https:\/\/www.radiopiu.net\/wordpress\/wp-content\/uploads\/2018\/09\/viabilita-768x96.jpeg 768w\" alt=\"\" width=\"800\" height=\"100\" \/><\/p>\n<p>&nbsp;<\/p>\n<p>&nbsp;<\/p>\n<p><strong>AGGIORNAMENTO VENETO STRADE, AGGIORNAMENTO CONTINUO H 24<\/strong><\/p>\n<p>&nbsp;<\/p>\n<blockquote class=\"wp-embedded-content\" data-secret=\"8bA01GHCJh\"><p><a href=\"https:\/\/www.radiopiu.net\/wordpress\/viabilita\/\">viabilita<\/a><\/p><\/blockquote>\n<p><iframe loading=\"lazy\" class=\"wp-embedded-content\" sandbox=\"allow-scripts\" security=\"restricted\" style=\"position: absolute; clip: rect(1px, 1px, 1px, 1px);\" title=\"&#8220;viabilita&#8221; &#8212; Radio Pi\u00f9\" src=\"https:\/\/www.radiopiu.net\/wordpress\/viabilita\/embed\/#?secret=mEvX73yOej#?secret=8bA01GHCJh\" data-secret=\"8bA01GHCJh\" width=\"600\" height=\"338\" frameborder=\"0\" marginwidth=\"0\" marginheight=\"0\" scrolling=\"no\"><\/iframe><\/p>\n<p>&nbsp;<\/p>\n<hr \/>\n<p>&nbsp;<\/p>\n<blockquote class=\"wp-embedded-content\" data-secret=\"M9Rfr35Ye5\"><p><a href=\"https:\/\/www.radiopiu.net\/wordpress\/a-proposito-di-inquinamento-luminoso-e-risparmio-energetico\/\">A PROPOSITO DI INQUINAMENTO LUMINOSO E RISPARMIO ENERGETICO<\/a><\/p><\/blockquote>\n<p><iframe loading=\"lazy\" class=\"wp-embedded-content\" sandbox=\"allow-scripts\" security=\"restricted\" style=\"position: absolute; clip: rect(1px, 1px, 1px, 1px);\" title=\"&#8220;A PROPOSITO DI INQUINAMENTO LUMINOSO E RISPARMIO ENERGETICO&#8221; &#8212; Radio Pi\u00f9\" src=\"https:\/\/www.radiopiu.net\/wordpress\/a-proposito-di-inquinamento-luminoso-e-risparmio-energetico\/embed\/#?secret=rwCvESsAHs#?secret=M9Rfr35Ye5\" data-secret=\"M9Rfr35Ye5\" width=\"600\" height=\"338\" frameborder=\"0\" marginwidth=\"0\" marginheight=\"0\" scrolling=\"no\"><\/iframe><\/p>\n<p>&nbsp;<\/p>\n<p>&nbsp;<\/p>\n<hr \/>\n<p>&nbsp;<\/p>\n<p><a class=\"dt-pswp-item\" href=\"https:\/\/www.radiopiu.net\/wordpress\/wp-content\/uploads\/2018\/09\/WhatsApp-Image-2018-09-20-at-16.04.06.jpeg\" data-dt-img-description=\"\" data-large_image_width=\"800\" data-large_image_height=\"100\"><img loading=\"lazy\" decoding=\"async\" class=\"wp-image-61378 size-full aligncenter\" src=\"https:\/\/www.radiopiu.net\/wordpress\/wp-content\/uploads\/2018\/09\/WhatsApp-Image-2018-09-20-at-16.04.06.jpeg\" alt=\"\" width=\"800\" height=\"100\" srcset=\"https:\/\/www.radiopiu.net\/wordpress\/wp-content\/uploads\/2018\/09\/WhatsApp-Image-2018-09-20-at-16.04.06.jpeg 800w, https:\/\/www.radiopiu.net\/wordpress\/wp-content\/uploads\/2018\/09\/WhatsApp-Image-2018-09-20-at-16.04.06-300x38.jpeg 300w, https:\/\/www.radiopiu.net\/wordpress\/wp-content\/uploads\/2018\/09\/WhatsApp-Image-2018-09-20-at-16.04.06-768x96.jpeg 768w\" sizes=\"auto, (max-width: 800px) 100vw, 800px\" \/><\/a><\/p>\n<p>&nbsp;<\/p>\n<p><b>OGGI<\/b> <b>\u00a0<\/b>Al mattino ampie schiarite con qualche sottile velatura e qualche nebbia o nube bassa nei fondovalle, dalle ore centrali e nel pomeriggio aumento della nuvolosit\u00e0 medio-alta fino a nuvoloso.<br \/>\n<b>Precipitazioni: <\/b>Assenti (0%)<br \/>\n<b>Temperature: <\/b>Minime in calo nelle valli, massime in lieve aumento.<\/p>\n<hr \/>\n<p><b>DOMANI<\/b> <b>\u00a0<\/b>Cielo in prevalenza nuvoloso, con qualche irregolare schiarita al mattino. Dal pomeriggio generale aumento della nuvolosit\u00e0 ovunque fino a coperto.<br \/>\n<b>Precipitazioni: <\/b>Durante la giornata e soprattutto verso sera lieve aumento della probabilit\u00e0 di debolissime precipitazioni sparse e intermittenti con qualche fiocco fin sui 1000 m (10-20%), ma con eventuali accumuli irrisori.<br \/>\n<b>Temperature: <\/b>In lieve aumento.<\/p>\n<hr \/>\n<p><b>Venerdi 2 <\/b>Altra giornata per lo pi\u00f9 nuvolosa o coperta con possibili deboli precipitazioni gi\u00e0 al mattino ma un p\u00f2 pi\u00f9 probabili nel pomeriggio, nevose fin sui 700\/1000 m. Temperature in generale calo.<\/p>\n<hr \/>\n<p><b>Sabato 3 <\/b>Evoluzione assai incerta: molto nuvoloso o coperto con possibili deboli precipitazioni diffuse nevose fin sui 700-1000 metri su Dolomiti e 900-1200 m su Prealpi. Temperature in lieve aumento in quota.\u00f9<\/p>\n<p>&nbsp;<\/p>\n<blockquote class=\"wp-embedded-content\" data-secret=\"MPIaAzHu5D\"><p><a href=\"https:\/\/www.radiopiu.net\/wordpress\/trentatre-centimetri-di-neve-fresca-sui-monti-alti-di-ornella\/\">TRENTATRE&#8217; CENTIMETRI DI NEVE SUI MONTI ALTI DI ORNELLA<\/a><\/p><\/blockquote>\n<p><iframe loading=\"lazy\" class=\"wp-embedded-content\" sandbox=\"allow-scripts\" security=\"restricted\" style=\"position: absolute; clip: rect(1px, 1px, 1px, 1px);\" title=\"&#8220;TRENTATRE&#8217; CENTIMETRI DI NEVE SUI MONTI ALTI DI ORNELLA&#8221; &#8212; Radio Pi\u00f9\" src=\"https:\/\/www.radiopiu.net\/wordpress\/trentatre-centimetri-di-neve-fresca-sui-monti-alti-di-ornella\/embed\/#?secret=etn4euSuFV#?secret=MPIaAzHu5D\" data-secret=\"MPIaAzHu5D\" width=\"600\" height=\"338\" frameborder=\"0\" marginwidth=\"0\" marginheight=\"0\" scrolling=\"no\"><\/iframe><\/p>\n<p>&nbsp;<\/p>\n<hr \/>\n<p>&nbsp;<\/p>\n<p>&nbsp;<\/p>\n<p><a class=\"dt-pswp-item\" href=\"https:\/\/www.radiopiu.net\/wordpress\/wp-content\/uploads\/2018\/09\/sport.jpg\" data-dt-img-description=\"\" data-large_image_width=\"800\" data-large_image_height=\"100\"><img loading=\"lazy\" decoding=\"async\" class=\"aligncenter wp-image-60761 size-full\" src=\"https:\/\/www.radiopiu.net\/wordpress\/wp-content\/uploads\/2018\/09\/sport.jpg\" alt=\"\" width=\"800\" height=\"100\" srcset=\"https:\/\/www.radiopiu.net\/wordpress\/wp-content\/uploads\/2018\/09\/sport.jpg 800w, https:\/\/www.radiopiu.net\/wordpress\/wp-content\/uploads\/2018\/09\/sport-300x38.jpg 300w, https:\/\/www.radiopiu.net\/wordpress\/wp-content\/uploads\/2018\/09\/sport-768x96.jpg 768w\" sizes=\"auto, (max-width: 800px) 100vw, 800px\" \/><\/a><\/p>\n<p>&nbsp;<\/p>\n<p><span style=\"color: #0000ff;\"><strong>CALCIO<\/strong><\/span><\/p>\n<blockquote>\n<h3>IL LE VILLE VA A RIPOSO. TERMINATO IL GIRONE DI ANDATA DEL CAMPIONATO CSI<\/h3>\n<\/blockquote>\n<p><strong><a class=\"dt-pswp-item\" href=\"https:\/\/www.radiopiu.net\/wordpress\/wp-content\/uploads\/2021\/09\/PALLONE-CALCIO-CSI.jpg\" data-dt-img-description=\"\" data-large_image_width=\"956\" data-large_image_height=\"637\"><img loading=\"lazy\" decoding=\"async\" class=\" wp-image-233126 alignleft\" src=\"https:\/\/www.radiopiu.net\/wordpress\/wp-content\/uploads\/2021\/09\/PALLONE-CALCIO-CSI-300x200.jpg\" alt=\"\" width=\"176\" height=\"117\" srcset=\"https:\/\/www.radiopiu.net\/wordpress\/wp-content\/uploads\/2021\/09\/PALLONE-CALCIO-CSI-300x200.jpg 300w, https:\/\/www.radiopiu.net\/wordpress\/wp-content\/uploads\/2021\/09\/PALLONE-CALCIO-CSI-768x512.jpg 768w, https:\/\/www.radiopiu.net\/wordpress\/wp-content\/uploads\/2021\/09\/PALLONE-CALCIO-CSI.jpg 956w\" sizes=\"auto, (max-width: 176px) 100vw, 176px\" \/><\/a>REDAZIONE <\/strong>Con il recupero contro il Sedico di sabato Scorso, il Le Ville ha chiuso ufficialmente il girone di andata del campionato CSI provinciale. Non \u00e8 andata bene per la squadra allenata da Costantini che ha perso due a uno contro i sedicensi. Al termine della prima parte del campionato, la compagine di Agordo resta nella parte bassa della classifica con soli 8 punti. Un inizio di stagione contrassegnato da alti e bassi non ha permesso ai giovani agordini di occupare la zona alta della classifica. Ora una lunga pausa di pi\u00f9 di tre mesi prima di ricominciare a giocare a calcio nel campionato CSI provinciale. Ma la squadra non si fermer\u00e0 per 90 giorni, anzi, continuer\u00e0 ad allenarsi ogni tanto in base alle palestre e ai campi disponibili in vallata.<\/p>\n<p><strong>ROMANO COSTANTINI, ALLENATORE DEL LE VILLE<\/strong><\/p>\n<audio class=\"wp-audio-shortcode\" id=\"audio-308781-14\" preload=\"none\" style=\"width: 100%;\" controls=\"controls\"><source type=\"audio\/mpeg\" src=\"https:\/\/www.radiopiu.net\/wordpress\/wp-content\/uploads\/2022\/11\/ROMANO-COSTANTINI-BIANCO.mp3?_=14\" \/><a href=\"https:\/\/www.radiopiu.net\/wordpress\/wp-content\/uploads\/2022\/11\/ROMANO-COSTANTINI-BIANCO.mp3\">https:\/\/www.radiopiu.net\/wordpress\/wp-content\/uploads\/2022\/11\/ROMANO-COSTANTINI-BIANCO.mp3<\/a><\/audio>\n<p>&nbsp;<\/p>\n<hr \/>\n<p>&nbsp;<\/p>\n<blockquote>\n<h3><a class=\"dt-pswp-item\" href=\"https:\/\/www.radiopiu.net\/wordpress\/wp-content\/uploads\/2020\/10\/fiori-barp.png\" data-dt-img-description=\"\" data-large_image_width=\"334\" data-large_image_height=\"475\"><img loading=\"lazy\" decoding=\"async\" class=\" wp-image-164208 alignleft\" src=\"https:\/\/www.radiopiu.net\/wordpress\/wp-content\/uploads\/2020\/10\/fiori-barp-211x300.png\" alt=\"\" width=\"97\" height=\"138\" srcset=\"https:\/\/www.radiopiu.net\/wordpress\/wp-content\/uploads\/2020\/10\/fiori-barp-211x300.png 211w, https:\/\/www.radiopiu.net\/wordpress\/wp-content\/uploads\/2020\/10\/fiori-barp.png 334w\" sizes=\"auto, (max-width: 97px) 100vw, 97px\" \/><\/a>LA JUNIORES FIORI BARP AFFIDATA AD UN AGORDINO<\/h3>\n<\/blockquote>\n<p><strong>SEDICO<\/strong> Novit\u00e0 sulle panchine del Fiori Barp Mas. Nelle ultime ore l&#8217;allenatore della Juniores \u00e8 stato chiamato ad allenare la prima squadra e quindi la dirigenza ha dovuto optare per un sostituto. I sedicensi stanno giocando il campionato giovanile regionale e nelle ultime settimane non sono arrivati dei buoni risultati. Nelle ultime ore \u00e8 stato annunciato il nome del nuovo allenatore degli arancioblu Juniores e si tratta di un agordino, Alessandro De Lazzer. In bocca al lupo a &#8220;Ciccio&#8221; per questa nuova avventura calcistica da tutta la redazione di Radio Pi\u00f9.<\/p>\n<p>&nbsp;<\/p>\n<p>&nbsp;<\/p>\n<hr \/>\n<p>&nbsp;<\/p>\n<blockquote>\n<h3><\/h3>\n<\/blockquote>\n","protected":false},"excerpt":{"rendered":"<p>RADIO PIU INFORMAZIONE il canale su TELEGRAM informazione di prima\u00a0 mano e in tempo reale. iscriviti ed aiutaci a farlo conoscere\u00a0\u00a0 IL PONTE IN PROSSIMITA&#8217; DELLA PISCINA DI AGORDO\u00a0 E&#8217; CHIUSO, E LO SARA&#8217; FINO AL 7 DICEMBRE PER LAVORI. NESSUN PROBLEMA PER RAGGIUNGERE LA PISCINA, INFATTI, SI POTRA&#8217; PERCORRERE LA STRADA COMUNALE IN SINISTRA&hellip;<\/p>\n","protected":false},"author":4,"featured_media":309005,"comment_status":"closed","ping_status":"closed","sticky":false,"template":"","format":"standard","meta":{"_monsterinsights_skip_tracking":false,"_monsterinsights_sitenote_active":false,"_monsterinsights_sitenote_note":"","_monsterinsights_sitenote_category":0,"footnotes":""},"categories":[104,86,49],"tags":[],"class_list":["post-308781","post","type-post","status-publish","format-standard","has-post-thumbnail","hentry","category-evidenza_3","category-gr","category-news-18","category-104","category-86","category-49","description-off"],"img_url":"https:\/\/www.radiopiu.net\/wordpress\/wp-content\/uploads\/2022\/11\/316280231_513443007480729_2146016152254486547_n.jpg","_links":{"self":[{"href":"https:\/\/www.radiopiu.net\/wordpress\/wp-json\/wp\/v2\/posts\/308781","targetHints":{"allow":["GET"]}}],"collection":[{"href":"https:\/\/www.radiopiu.net\/wordpress\/wp-json\/wp\/v2\/posts"}],"about":[{"href":"https:\/\/www.radiopiu.net\/wordpress\/wp-json\/wp\/v2\/types\/post"}],"author":[{"embeddable":true,"href":"https:\/\/www.radiopiu.net\/wordpress\/wp-json\/wp\/v2\/users\/4"}],"replies":[{"embeddable":true,"href":"https:\/\/www.radiopiu.net\/wordpress\/wp-json\/wp\/v2\/comments?post=308781"}],"version-history":[{"count":0,"href":"https:\/\/www.radiopiu.net\/wordpress\/wp-json\/wp\/v2\/posts\/308781\/revisions"}],"wp:featuredmedia":[{"embeddable":true,"href":"https:\/\/www.radiopiu.net\/wordpress\/wp-json\/wp\/v2\/media\/309005"}],"wp:attachment":[{"href":"https:\/\/www.radiopiu.net\/wordpress\/wp-json\/wp\/v2\/media?parent=308781"}],"wp:term":[{"taxonomy":"category","embeddable":true,"href":"https:\/\/www.radiopiu.net\/wordpress\/wp-json\/wp\/v2\/categories?post=308781"},{"taxonomy":"post_tag","embeddable":true,"href":"https:\/\/www.radiopiu.net\/wordpress\/wp-json\/wp\/v2\/tags?post=308781"}],"curies":[{"name":"wp","href":"https:\/\/api.w.org\/{rel}","templated":true}]}}