{"id":308839,"date":"2022-11-29T14:09:29","date_gmt":"2022-11-29T13:09:29","guid":{"rendered":"https:\/\/www.radiopiu.net\/wordpress\/?p=308839"},"modified":"2022-11-29T17:21:54","modified_gmt":"2022-11-29T16:21:54","slug":"marco-gaz-giornalista-di-radiopiu-dal-14-11-iscritto-allalbo-dei-giornalisti-del-veneto","status":"publish","type":"post","link":"https:\/\/www.radiopiu.net\/wordpress\/marco-gaz-giornalista-di-radiopiu-dal-14-11-iscritto-allalbo-dei-giornalisti-del-veneto\/","title":{"rendered":"MARCO GAZ, GIORNALISTA DI RADIOPIU&#8217; DAL 14.11 ISCRITTO ALL&#8217;ALBO DEI GIORNALISTI DEL VENETO"},"content":{"rendered":"<p><strong><a class=\"dt-pswp-item\" href=\"https:\/\/www.radiopiu.net\/wordpress\/wp-content\/uploads\/2022\/11\/287970_1909192369754_8254781_o.jpg\" data-dt-img-description=\"\" data-large_image_width=\"1362\" data-large_image_height=\"2048\"><img loading=\"lazy\" decoding=\"async\" class=\" wp-image-308849 alignleft\" src=\"https:\/\/www.radiopiu.net\/wordpress\/wp-content\/uploads\/2022\/11\/287970_1909192369754_8254781_o-200x300.jpg\" alt=\"\" width=\"148\" height=\"222\" srcset=\"https:\/\/www.radiopiu.net\/wordpress\/wp-content\/uploads\/2022\/11\/287970_1909192369754_8254781_o-200x300.jpg 200w, https:\/\/www.radiopiu.net\/wordpress\/wp-content\/uploads\/2022\/11\/287970_1909192369754_8254781_o-681x1024.jpg 681w, https:\/\/www.radiopiu.net\/wordpress\/wp-content\/uploads\/2022\/11\/287970_1909192369754_8254781_o-768x1155.jpg 768w, https:\/\/www.radiopiu.net\/wordpress\/wp-content\/uploads\/2022\/11\/287970_1909192369754_8254781_o-1022x1536.jpg 1022w, https:\/\/www.radiopiu.net\/wordpress\/wp-content\/uploads\/2022\/11\/287970_1909192369754_8254781_o.jpg 1362w\" sizes=\"auto, (max-width: 148px) 100vw, 148px\" \/><\/a>REDAZIONE<\/strong> Quando questa mattina mancavano pochi minuti alle cinque, sulla casella postale ufficiale di RADIOPIU \u00e8 arrivata la mail di Marco, lo\u00a0 ho subito immaginato emozionato come un bambino,\u00a0 come davanti al regalo di San Nicolo&#8217; da scartare,\u00a0 poco prima il Gaz, infatti, apriva\u00a0 la sua mail&#8230;quella in arrivo da Venezia, sede dell&#8217;Albo dei Giornalisti del Veneto, gli annunciava della sua iscrizione all&#8217;albo dei pubblicisti, come \u00e8 successo a me quasi 30 anni fa, il 7 aprile del 1993. Anch&#8217;io mi sono emozionato quando ho visto la mail di Marco, ho rivissuto questi 20 anni passati assieme.\u00a0 Tutto \u00e8 iniziato in un pomeriggio del 2002 quando era in piazza ad Agordo, davanti al Miniere. Ci siamo incontrati e mi <a class=\"dt-pswp-item\" href=\"https:\/\/www.radiopiu.net\/wordpress\/wp-content\/uploads\/2022\/11\/197091_1007396951950_6889_n.jpg\" data-dt-img-description=\"\" data-large_image_width=\"604\" data-large_image_height=\"402\"><img loading=\"lazy\" decoding=\"async\" class=\"wp-image-308851 alignright\" src=\"https:\/\/www.radiopiu.net\/wordpress\/wp-content\/uploads\/2022\/11\/197091_1007396951950_6889_n-300x200.jpg\" alt=\"\" width=\"236\" height=\"157\" srcset=\"https:\/\/www.radiopiu.net\/wordpress\/wp-content\/uploads\/2022\/11\/197091_1007396951950_6889_n-300x200.jpg 300w, https:\/\/www.radiopiu.net\/wordpress\/wp-content\/uploads\/2022\/11\/197091_1007396951950_6889_n.jpg 604w\" sizes=\"auto, (max-width: 236px) 100vw, 236px\" \/><\/a>ha &#8220;attaccato&#8221; <em>&#8220;E&#8217; ora che aggiorni il tuo archivio musicale&#8221;. <\/em>Non ho un gran bel carattere, ho sempre dovuto stare sulla difensiva da quel 25 giugno 1983, primo giorno della <em>RADIOPIU <\/em>e, gli ho \u00a0risposto, un pelo brusco, che se voleva farlo lo poteva andare a fare. E cos\u00ec il giorno dopo, alle 16.30 me lo sono trovato alla porta della radio, l&#8217;ha visitata, l&#8217;ha amata ed \u00e8 ancora qui. Inizia cos\u00ec la storia di Marco Gaz in radio, dapprima come dj, poi come responsabile del settore musicale. Dal 2008 \u00e8 regolarmente assunto e i suoi compiti sono cambiati, da allora conduce i programmi dell&#8217;hockey su ghiaccio (ha raccolto il testimone nel 2012 quando sono stato costretto\u00a0 a mollare per altri <a class=\"dt-pswp-item\" href=\"https:\/\/www.radiopiu.net\/wordpress\/wp-content\/uploads\/2022\/11\/10454946_10205704296833525_708910874394170314_o.jpg\" data-dt-img-description=\"\" data-large_image_width=\"1280\" data-large_image_height=\"720\"><img loading=\"lazy\" decoding=\"async\" class=\" wp-image-308848 alignleft\" src=\"https:\/\/www.radiopiu.net\/wordpress\/wp-content\/uploads\/2022\/11\/10454946_10205704296833525_708910874394170314_o-300x169.jpg\" alt=\"\" width=\"220\" height=\"124\" srcset=\"https:\/\/www.radiopiu.net\/wordpress\/wp-content\/uploads\/2022\/11\/10454946_10205704296833525_708910874394170314_o-300x169.jpg 300w, https:\/\/www.radiopiu.net\/wordpress\/wp-content\/uploads\/2022\/11\/10454946_10205704296833525_708910874394170314_o-1024x576.jpg 1024w, https:\/\/www.radiopiu.net\/wordpress\/wp-content\/uploads\/2022\/11\/10454946_10205704296833525_708910874394170314_o-768x432.jpg 768w, https:\/\/www.radiopiu.net\/wordpress\/wp-content\/uploads\/2022\/11\/10454946_10205704296833525_708910874394170314_o.jpg 1280w\" sizes=\"auto, (max-width: 220px) 100vw, 220px\" \/><\/a>impegni), quindi i programmi dedicati al calcio, dal torneo agordino all&#8217;Agordina e squadre minori dei campionati Figc, ma Marco \u00e8 anche l&#8217;uomo che mi aiuta a far crescere il sito internet, a preparare i notiziari, a cercare nuovi collaboratori, alla faccia di chi non ci credeva, o non voleva crederci criticando la mia scelta.\u00a0 Nel tempo si \u00e8 dimostrato un amico, uno di quelli veri che nel momento del bisogno non ti volta le spalle, non sceglie altre strade in discesa giustificandolo con la<em> &#8220;crescita professionale&#8221;<\/em>,\u00a0 semplicemente stringe i denti\u00a0 ti da una pacca sulla spalle e ti dice <em>&#8220;dai che ne veniamo fuori&#8221;.\u00a0 <\/em>Ne siamo venuti fuori Marco, proprio mentre tu festeggi questo ambito traguardo che non \u00e8 da tutti. Te lo sei sudato, non te lo ha regalato nessuno, non ti hanno dato una tessera perch\u00e9 hai scritto alcuni articoli in qualche anno, te l&#8217;hanno data quella ambita tessera, perch\u00e9 dal 2008 sei la voce quotidiana alla radio, il giornalista che tutti vorrebbero accanto in redazione. Grazie per il tuo lavoro, per l&#8217;amicizia, per il modo che hai di sopportare i miei continui scazzi. Ora sei il giornalista a tutti gli effetti di RADIOPIU e di essere stato il tuo maestro ne sono orgoglioso, come un padre per un figlio, quello che non ho e, il caso vuole che tu sia nato nel 1983, nella stessa estate in cui nasceva RADIOPIU<\/p>\n<p><em>Mirko<\/em><\/p>\n<p>&nbsp;<\/p>\n<p><strong><span dir=\"ltr\" role=\"presentation\"><a class=\"dt-pswp-item\" href=\"https:\/\/www.radiopiu.net\/wordpress\/wp-content\/uploads\/2022\/11\/Senza-nome-118.jpg\" data-dt-img-description=\"\" data-large_image_width=\"132\" data-large_image_height=\"141\"><img loading=\"lazy\" decoding=\"async\" class=\"size-full wp-image-308840 alignleft\" src=\"https:\/\/www.radiopiu.net\/wordpress\/wp-content\/uploads\/2022\/11\/Senza-nome-118.jpg\" alt=\"\" width=\"132\" height=\"141\" \/><\/a>DELIBERA N. 381\/2022 <\/span><\/strong><span dir=\"ltr\" role=\"presentation\">Il Consiglio regionale dell\u2019Ordine dei Giornalisti del Veneto riunito il giorno 14\/11\/2022 <\/span><span dir=\"ltr\" role=\"presentation\">alle ore 10.30 <\/span><span dir=\"ltr\" role=\"presentation\">esaminata<\/span> <span dir=\"ltr\" role=\"presentation\">la domanda presentata dal richiedente Sig.<\/span> <span dir=\"ltr\" role=\"presentation\">MARCO GAZ<\/span> <span dir=\"ltr\" role=\"presentation\">in data 16\/09\/2022; <\/span><span dir=\"ltr\" role=\"presentation\">ritenuto<\/span> <span dir=\"ltr\" role=\"presentation\">che i documenti allegati e la dichiarazione del direttore comprovano l\u2019attivit\u00e0 <\/span><span dir=\"ltr\" role=\"presentation\">pubblicistica regolarmente retribuita svolta dal<\/span> <span dir=\"ltr\" role=\"presentation\">richiedente nell\u2019ultimo biennio per la seguente testata <\/span><span dir=\"ltr\" role=\"presentation\">giornalistica: RADIO PIU&#8217;; <\/span><span dir=\"ltr\" role=\"presentation\">\u00a0<\/span><span dir=\"ltr\" role=\"presentation\">DELIBERA <\/span><span dir=\"ltr\" role=\"presentation\">l\u2019iscrizione del Signor<\/span> <span dir=\"ltr\" role=\"presentation\">MARCO GAZ<\/span> <span dir=\"ltr\" role=\"presentation\">nato<\/span> <span dir=\"ltr\" role=\"presentation\">a BELLUNO il 08\/09\/1983,<\/span>\u00a0<span dir=\"ltr\" role=\"presentation\">NELL\u2019ELENCO<\/span> <span dir=\"ltr\" role=\"presentation\">DEI<\/span> <span dir=\"ltr\" role=\"presentation\">PUBBLICISTI<\/span> <span dir=\"ltr\" role=\"presentation\">dell\u2019ALBO<\/span> <span dir=\"ltr\" role=\"presentation\">DEI <\/span><span dir=\"ltr\" role=\"presentation\">GIORNALISTI DEL VENETO con decorrenza 14\/11\/2022<\/span><\/p>\n<p>___<\/p>\n","protected":false},"excerpt":{"rendered":"<p>REDAZIONE Quando questa mattina mancavano pochi minuti alle cinque, sulla casella postale ufficiale di RADIOPIU \u00e8 arrivata la mail di Marco, lo\u00a0 ho subito immaginato emozionato come un bambino,\u00a0 come davanti al regalo di San Nicolo&#8217; da scartare,\u00a0 poco prima il Gaz, infatti, apriva\u00a0 la sua mail&#8230;quella in arrivo da Venezia, sede dell&#8217;Albo dei Giornalisti&hellip;<\/p>\n","protected":false},"author":4,"featured_media":308847,"comment_status":"closed","ping_status":"closed","sticky":false,"template":"","format":"standard","meta":{"_monsterinsights_skip_tracking":false,"_monsterinsights_sitenote_active":false,"_monsterinsights_sitenote_note":"","_monsterinsights_sitenote_category":0,"footnotes":""},"categories":[51,49],"tags":[],"class_list":["post-308839","post","type-post","status-publish","format-standard","has-post-thumbnail","hentry","category-evidenza-top","category-news-18","category-51","category-49","description-off"],"img_url":"https:\/\/www.radiopiu.net\/wordpress\/wp-content\/uploads\/2022\/11\/10393856_10202900248207458_2703392903691359970_n.jpg","_links":{"self":[{"href":"https:\/\/www.radiopiu.net\/wordpress\/wp-json\/wp\/v2\/posts\/308839","targetHints":{"allow":["GET"]}}],"collection":[{"href":"https:\/\/www.radiopiu.net\/wordpress\/wp-json\/wp\/v2\/posts"}],"about":[{"href":"https:\/\/www.radiopiu.net\/wordpress\/wp-json\/wp\/v2\/types\/post"}],"author":[{"embeddable":true,"href":"https:\/\/www.radiopiu.net\/wordpress\/wp-json\/wp\/v2\/users\/4"}],"replies":[{"embeddable":true,"href":"https:\/\/www.radiopiu.net\/wordpress\/wp-json\/wp\/v2\/comments?post=308839"}],"version-history":[{"count":0,"href":"https:\/\/www.radiopiu.net\/wordpress\/wp-json\/wp\/v2\/posts\/308839\/revisions"}],"wp:featuredmedia":[{"embeddable":true,"href":"https:\/\/www.radiopiu.net\/wordpress\/wp-json\/wp\/v2\/media\/308847"}],"wp:attachment":[{"href":"https:\/\/www.radiopiu.net\/wordpress\/wp-json\/wp\/v2\/media?parent=308839"}],"wp:term":[{"taxonomy":"category","embeddable":true,"href":"https:\/\/www.radiopiu.net\/wordpress\/wp-json\/wp\/v2\/categories?post=308839"},{"taxonomy":"post_tag","embeddable":true,"href":"https:\/\/www.radiopiu.net\/wordpress\/wp-json\/wp\/v2\/tags?post=308839"}],"curies":[{"name":"wp","href":"https:\/\/api.w.org\/{rel}","templated":true}]}}