{"id":308926,"date":"2022-11-29T17:50:02","date_gmt":"2022-11-29T16:50:02","guid":{"rendered":"https:\/\/www.radiopiu.net\/wordpress\/?p=308926"},"modified":"2022-11-29T17:50:02","modified_gmt":"2022-11-29T16:50:02","slug":"i-vincitori-dei-concorsi-alla-mig-2022","status":"publish","type":"post","link":"https:\/\/www.radiopiu.net\/wordpress\/i-vincitori-dei-concorsi-alla-mig-2022\/","title":{"rendered":"I VINCITORI DEI CONCORSI ALLA MIG 2022"},"content":{"rendered":"<p><strong>LONGARONE <\/strong><span style=\"color: #222222;\">La giornata di oggi della Mig ha visto anche la premiazione di Gelato a Due: la grande sfida a squadre formate da uno chef e un gelatiere. Vincitore il duo padovano formato dal maestro gelatiere Alex Michelazzo (della gelateria Antiche Tentazioni) e dallo chef Matteo Ba\u00f9 (dell\u2019enotrattoria Da Serafino). <\/span><span style=\"color: #222222;\">Dopo una accesa competizione, che ha impegnato dodici squadre selezionate, a vincere \u00e8 stata la capacit\u00e0 di rischiare con due piatti difficilissimi di Ba\u00f9 e Michelazzo. La giuria era formata dallo chef Marco Valletta, dall\u2019esperta di degustazione sensoriale Stefania Marcuz e dal maestro gelatiere Marco Reato, coadiuvati da Satoshi Takada, Manuela Eldani, Loris Bartolomei, Franco Puglisi, Gianluigi Sandi; presidente, lo chef glacier Antonio Mezzalira. <\/span><span style=\"color: #222222;\">Al secondo posto della dolcissima sfida, il maestro gelatiere Gentian Ashiku (della gelateria Mil Sabores) e lo chef Francesco Ferrari (del ristorante Anconetta di Piacenza). Al terzo posto Alice Fin (della gelateria Ricordi) e Filippo Rossato (chef del ristorante Chiesetta del Muccion di Vicenza). <\/span><span style=\"color: #222222;\">Il concorso si fa ogni anno pi\u00f9 coinvolgente, e guarda al futuro dell\u2019eccellenza nella ristorazione.\u00a0<\/span><span style=\"color: #222222;\">Premiati ieri invece i granitieri del progetto Arcipelago Sicilia, che quest\u2019anno ha rappresentato una delle novit\u00e0 della Mig. La granita siciliana pi\u00f9 apprezzata dai giudici \u00e8 stata quella di Nicola Serra. Al secondo posto Silvia Wudowiak, seguita da Elena Alecu. Un premio speciale al vincitore anche dal main partner Elenka.<\/span><\/p>\n\n\t\t\t<style type='text\/css'>\n\t\t\t\t#gallery-1 {\n\t\t\t\t\tmargin: auto;\n\t\t\t\t}\n\t\t\t\t#gallery-1 .gallery-item {\n\t\t\t\t\tfloat: left;\n\t\t\t\t\tmargin-top: 10px;\n\t\t\t\t\ttext-align: center;\n\t\t\t\t\twidth: 25%;\n\t\t\t\t}\n\t\t\t\t#gallery-1 img {\n\t\t\t\t\tborder: 2px solid #cfcfcf;\n\t\t\t\t}\n\t\t\t\t#gallery-1 .gallery-caption {\n\t\t\t\t\tmargin-left: 0;\n\t\t\t\t}\n\t\t\t\t\/* see gallery_shortcode() in wp-includes\/media.php *\/\n\t\t\t<\/style>\n\t\t<div id='gallery-1' class='dt-gallery-container gallery galleryid-308926 gallery-columns-4 gallery-size-medium'><dl class='gallery-item'>\n\t\t\t\t<dt class='gallery-icon landscape'>\n\t\t\t\t\t<a class=\"rollover rollover-zoom dt-pswp-item\" title=\"piatto dessert vincitore\" data-dt-img-description=\"\" data-large_image_width=\"2000\" data-large_image_height=\"1162\"href='https:\/\/www.radiopiu.net\/wordpress\/wp-content\/uploads\/2022\/11\/piatto-dessert-vincitore.jpg'><img loading=\"lazy\" decoding=\"async\" width=\"300\" height=\"174\" src=\"https:\/\/www.radiopiu.net\/wordpress\/wp-content\/uploads\/2022\/11\/piatto-dessert-vincitore-300x174.jpg\" class=\"attachment-medium size-medium\" alt=\"\" srcset=\"https:\/\/www.radiopiu.net\/wordpress\/wp-content\/uploads\/2022\/11\/piatto-dessert-vincitore-300x174.jpg 300w, https:\/\/www.radiopiu.net\/wordpress\/wp-content\/uploads\/2022\/11\/piatto-dessert-vincitore-1024x595.jpg 1024w, https:\/\/www.radiopiu.net\/wordpress\/wp-content\/uploads\/2022\/11\/piatto-dessert-vincitore-768x446.jpg 768w, https:\/\/www.radiopiu.net\/wordpress\/wp-content\/uploads\/2022\/11\/piatto-dessert-vincitore-1536x892.jpg 1536w, https:\/\/www.radiopiu.net\/wordpress\/wp-content\/uploads\/2022\/11\/piatto-dessert-vincitore.jpg 2000w\" sizes=\"auto, (max-width: 300px) 100vw, 300px\" \/><\/a>\n\t\t\t\t<\/dt><\/dl><dl class='gallery-item'>\n\t\t\t\t<dt class='gallery-icon landscape'>\n\t\t\t\t\t<a class=\"rollover rollover-zoom dt-pswp-item\" title=\"piatto gourmet vincitore\" data-dt-img-description=\"\" data-large_image_width=\"2000\" data-large_image_height=\"1448\"href='https:\/\/www.radiopiu.net\/wordpress\/wp-content\/uploads\/2022\/11\/piatto-gourmet-vincitore-.jpg'><img loading=\"lazy\" decoding=\"async\" width=\"300\" height=\"217\" src=\"https:\/\/www.radiopiu.net\/wordpress\/wp-content\/uploads\/2022\/11\/piatto-gourmet-vincitore--300x217.jpg\" class=\"attachment-medium size-medium\" alt=\"\" srcset=\"https:\/\/www.radiopiu.net\/wordpress\/wp-content\/uploads\/2022\/11\/piatto-gourmet-vincitore--300x217.jpg 300w, https:\/\/www.radiopiu.net\/wordpress\/wp-content\/uploads\/2022\/11\/piatto-gourmet-vincitore--1024x741.jpg 1024w, https:\/\/www.radiopiu.net\/wordpress\/wp-content\/uploads\/2022\/11\/piatto-gourmet-vincitore--768x556.jpg 768w, https:\/\/www.radiopiu.net\/wordpress\/wp-content\/uploads\/2022\/11\/piatto-gourmet-vincitore--1536x1112.jpg 1536w, https:\/\/www.radiopiu.net\/wordpress\/wp-content\/uploads\/2022\/11\/piatto-gourmet-vincitore-.jpg 2000w\" sizes=\"auto, (max-width: 300px) 100vw, 300px\" \/><\/a>\n\t\t\t\t<\/dt><\/dl><dl class='gallery-item'>\n\t\t\t\t<dt class='gallery-icon landscape'>\n\t\t\t\t\t<a class=\"rollover rollover-zoom dt-pswp-item\" title=\"podio gelato a due\" data-dt-img-description=\"\" data-large_image_width=\"2000\" data-large_image_height=\"1097\"href='https:\/\/www.radiopiu.net\/wordpress\/wp-content\/uploads\/2022\/11\/podio-gelato-a-due.jpg'><img loading=\"lazy\" decoding=\"async\" width=\"300\" height=\"165\" src=\"https:\/\/www.radiopiu.net\/wordpress\/wp-content\/uploads\/2022\/11\/podio-gelato-a-due-300x165.jpg\" class=\"attachment-medium size-medium\" alt=\"\" srcset=\"https:\/\/www.radiopiu.net\/wordpress\/wp-content\/uploads\/2022\/11\/podio-gelato-a-due-300x165.jpg 300w, https:\/\/www.radiopiu.net\/wordpress\/wp-content\/uploads\/2022\/11\/podio-gelato-a-due-1024x562.jpg 1024w, https:\/\/www.radiopiu.net\/wordpress\/wp-content\/uploads\/2022\/11\/podio-gelato-a-due-768x421.jpg 768w, https:\/\/www.radiopiu.net\/wordpress\/wp-content\/uploads\/2022\/11\/podio-gelato-a-due-1536x842.jpg 1536w, https:\/\/www.radiopiu.net\/wordpress\/wp-content\/uploads\/2022\/11\/podio-gelato-a-due.jpg 2000w\" sizes=\"auto, (max-width: 300px) 100vw, 300px\" \/><\/a>\n\t\t\t\t<\/dt><\/dl><dl class='gallery-item'>\n\t\t\t\t<dt class='gallery-icon landscape'>\n\t\t\t\t\t<a class=\"rollover rollover-zoom dt-pswp-item\" title=\"Premiazione Granita di Sicilia\" data-dt-img-description=\"\" data-large_image_width=\"2000\" data-large_image_height=\"1112\"href='https:\/\/www.radiopiu.net\/wordpress\/wp-content\/uploads\/2022\/11\/Premiazione-Granita-di-Sicilia.jpg'><img loading=\"lazy\" decoding=\"async\" width=\"300\" height=\"167\" src=\"https:\/\/www.radiopiu.net\/wordpress\/wp-content\/uploads\/2022\/11\/Premiazione-Granita-di-Sicilia-300x167.jpg\" class=\"attachment-medium size-medium\" alt=\"\" srcset=\"https:\/\/www.radiopiu.net\/wordpress\/wp-content\/uploads\/2022\/11\/Premiazione-Granita-di-Sicilia-300x167.jpg 300w, https:\/\/www.radiopiu.net\/wordpress\/wp-content\/uploads\/2022\/11\/Premiazione-Granita-di-Sicilia-1024x569.jpg 1024w, https:\/\/www.radiopiu.net\/wordpress\/wp-content\/uploads\/2022\/11\/Premiazione-Granita-di-Sicilia-768x427.jpg 768w, https:\/\/www.radiopiu.net\/wordpress\/wp-content\/uploads\/2022\/11\/Premiazione-Granita-di-Sicilia-1536x854.jpg 1536w, https:\/\/www.radiopiu.net\/wordpress\/wp-content\/uploads\/2022\/11\/Premiazione-Granita-di-Sicilia.jpg 2000w\" sizes=\"auto, (max-width: 300px) 100vw, 300px\" \/><\/a>\n\t\t\t\t<\/dt><\/dl><br style=\"clear: both\" \/>\n\t\t\t<\/div>\n\n<p>&nbsp;<\/p>\n<p>&nbsp;<\/p>\n<p>*******<\/p>\n<p>&nbsp;<\/p>\n<p>&nbsp;<\/p>\n","protected":false},"excerpt":{"rendered":"<p>LONGARONE La giornata di oggi della Mig ha visto anche la premiazione di Gelato a Due: la grande sfida a squadre formate da uno chef e un gelatiere. Vincitore il duo padovano formato dal maestro gelatiere Alex Michelazzo (della gelateria Antiche Tentazioni) e dallo chef Matteo Ba\u00f9 (dell\u2019enotrattoria Da Serafino). Dopo una accesa competizione, che&hellip;<\/p>\n","protected":false},"author":4,"featured_media":308930,"comment_status":"closed","ping_status":"closed","sticky":false,"template":"","format":"standard","meta":{"_monsterinsights_skip_tracking":false,"_monsterinsights_sitenote_active":false,"_monsterinsights_sitenote_note":"","_monsterinsights_sitenote_category":0,"footnotes":""},"categories":[49],"tags":[],"class_list":["post-308926","post","type-post","status-publish","format-standard","has-post-thumbnail","hentry","category-news-18","category-49","description-off"],"img_url":"https:\/\/www.radiopiu.net\/wordpress\/wp-content\/uploads\/2022\/11\/Premiazione-Granita-di-Sicilia.jpg","_links":{"self":[{"href":"https:\/\/www.radiopiu.net\/wordpress\/wp-json\/wp\/v2\/posts\/308926","targetHints":{"allow":["GET"]}}],"collection":[{"href":"https:\/\/www.radiopiu.net\/wordpress\/wp-json\/wp\/v2\/posts"}],"about":[{"href":"https:\/\/www.radiopiu.net\/wordpress\/wp-json\/wp\/v2\/types\/post"}],"author":[{"embeddable":true,"href":"https:\/\/www.radiopiu.net\/wordpress\/wp-json\/wp\/v2\/users\/4"}],"replies":[{"embeddable":true,"href":"https:\/\/www.radiopiu.net\/wordpress\/wp-json\/wp\/v2\/comments?post=308926"}],"version-history":[{"count":0,"href":"https:\/\/www.radiopiu.net\/wordpress\/wp-json\/wp\/v2\/posts\/308926\/revisions"}],"wp:featuredmedia":[{"embeddable":true,"href":"https:\/\/www.radiopiu.net\/wordpress\/wp-json\/wp\/v2\/media\/308930"}],"wp:attachment":[{"href":"https:\/\/www.radiopiu.net\/wordpress\/wp-json\/wp\/v2\/media?parent=308926"}],"wp:term":[{"taxonomy":"category","embeddable":true,"href":"https:\/\/www.radiopiu.net\/wordpress\/wp-json\/wp\/v2\/categories?post=308926"},{"taxonomy":"post_tag","embeddable":true,"href":"https:\/\/www.radiopiu.net\/wordpress\/wp-json\/wp\/v2\/tags?post=308926"}],"curies":[{"name":"wp","href":"https:\/\/api.w.org\/{rel}","templated":true}]}}