{"id":308939,"date":"2022-11-29T18:26:33","date_gmt":"2022-11-29T17:26:33","guid":{"rendered":"https:\/\/www.radiopiu.net\/wordpress\/?p=308939"},"modified":"2022-11-29T18:26:33","modified_gmt":"2022-11-29T17:26:33","slug":"il-comandante-della-legione-carabinieri-veneto-in-visita-a-belluno","status":"publish","type":"post","link":"https:\/\/www.radiopiu.net\/wordpress\/il-comandante-della-legione-carabinieri-veneto-in-visita-a-belluno\/","title":{"rendered":"IL COMANDANTE DELLA LEGIONE CARABINIERI VENETO IN VISITA A BELLUNO"},"content":{"rendered":"<p><strong><a class=\"dt-pswp-item\" href=\"https:\/\/www.radiopiu.net\/wordpress\/wp-content\/uploads\/2022\/11\/8f733d52-f867-4f26-8eea-363adbd988bb.jpg\" data-dt-img-description=\"\" data-large_image_width=\"1537\" data-large_image_height=\"990\"><img loading=\"lazy\" decoding=\"async\" class=\" wp-image-308940 alignleft\" src=\"https:\/\/www.radiopiu.net\/wordpress\/wp-content\/uploads\/2022\/11\/8f733d52-f867-4f26-8eea-363adbd988bb-300x193.jpg\" alt=\"\" width=\"219\" height=\"141\" srcset=\"https:\/\/www.radiopiu.net\/wordpress\/wp-content\/uploads\/2022\/11\/8f733d52-f867-4f26-8eea-363adbd988bb-300x193.jpg 300w, https:\/\/www.radiopiu.net\/wordpress\/wp-content\/uploads\/2022\/11\/8f733d52-f867-4f26-8eea-363adbd988bb-1024x660.jpg 1024w, https:\/\/www.radiopiu.net\/wordpress\/wp-content\/uploads\/2022\/11\/8f733d52-f867-4f26-8eea-363adbd988bb-768x495.jpg 768w, https:\/\/www.radiopiu.net\/wordpress\/wp-content\/uploads\/2022\/11\/8f733d52-f867-4f26-8eea-363adbd988bb.jpg 1537w\" sizes=\"auto, (max-width: 219px) 100vw, 219px\" \/><\/a>BELLUNO<\/strong> Il Generale di Brigata Giuseppe Spina, Comandante della Legione Carabinieri \u201cVeneto\u201d, \u00e8 arrivato questa mattina a Belluno per far visita ai Carabinieri della provincia. Accolto dal Comandante Provinciale, il Generale Spina ha incontrato i Comandanti delle tre Compagnie di Belluno, Feltre e Cortina e tutti i 25 Comandanti delle Stazioni Carabinieri bellunesi. L\u2019occasione \u00e8 stata utile per affrontare temi di stretta attualit\u00e0 e analizzare l\u2019impegno dell\u2019Arma nell\u2019attivit\u00e0 di prevenzione sul territorio. In agenda anche il tema Olimpiadi, avvenimento che vedr\u00e0 impegnati significativamente tutti gli assetti dell\u2019Arma veneta, che gi\u00e0 si sta preparando ad affrontare le attivit\u00e0 connesse ai giochi invernali del 2026. Non \u00e8 mancata, poi, l\u2019opportunit\u00e0 per il Generale di rivolgere ai suoi Carabinieri un sentito augurio per le prossime festivit\u00e0 natalizie, invitando i militari a impegnarsi a fondo ma a trovare anche il tempo per stare accanto alle loro famiglie. Prima di lasciare Belluno, il Generale Spina ha incontrato il Procuratore Capo di Belluno, il dott. Paolo Giovanni Luca, con il quale si \u00e8 intrattenuto a colloquio nel Palazzo di Giustizia cittadino.<\/p>\n<p>&nbsp;<\/p>\n<p>&nbsp;<\/p>\n<p>*****<\/p>\n","protected":false},"excerpt":{"rendered":"<p>BELLUNO Il Generale di Brigata Giuseppe Spina, Comandante della Legione Carabinieri \u201cVeneto\u201d, \u00e8 arrivato questa mattina a Belluno per far visita ai Carabinieri della provincia. Accolto dal Comandante Provinciale, il Generale Spina ha incontrato i Comandanti delle tre Compagnie di Belluno, Feltre e Cortina e tutti i 25 Comandanti delle Stazioni Carabinieri bellunesi. L\u2019occasione \u00e8&hellip;<\/p>\n","protected":false},"author":4,"featured_media":308940,"comment_status":"closed","ping_status":"closed","sticky":false,"template":"","format":"standard","meta":{"_monsterinsights_skip_tracking":false,"_monsterinsights_sitenote_active":false,"_monsterinsights_sitenote_note":"","_monsterinsights_sitenote_category":0,"footnotes":""},"categories":[49],"tags":[],"class_list":["post-308939","post","type-post","status-publish","format-standard","has-post-thumbnail","hentry","category-news-18","category-49","description-off"],"img_url":"https:\/\/www.radiopiu.net\/wordpress\/wp-content\/uploads\/2022\/11\/8f733d52-f867-4f26-8eea-363adbd988bb.jpg","_links":{"self":[{"href":"https:\/\/www.radiopiu.net\/wordpress\/wp-json\/wp\/v2\/posts\/308939","targetHints":{"allow":["GET"]}}],"collection":[{"href":"https:\/\/www.radiopiu.net\/wordpress\/wp-json\/wp\/v2\/posts"}],"about":[{"href":"https:\/\/www.radiopiu.net\/wordpress\/wp-json\/wp\/v2\/types\/post"}],"author":[{"embeddable":true,"href":"https:\/\/www.radiopiu.net\/wordpress\/wp-json\/wp\/v2\/users\/4"}],"replies":[{"embeddable":true,"href":"https:\/\/www.radiopiu.net\/wordpress\/wp-json\/wp\/v2\/comments?post=308939"}],"version-history":[{"count":0,"href":"https:\/\/www.radiopiu.net\/wordpress\/wp-json\/wp\/v2\/posts\/308939\/revisions"}],"wp:featuredmedia":[{"embeddable":true,"href":"https:\/\/www.radiopiu.net\/wordpress\/wp-json\/wp\/v2\/media\/308940"}],"wp:attachment":[{"href":"https:\/\/www.radiopiu.net\/wordpress\/wp-json\/wp\/v2\/media?parent=308939"}],"wp:term":[{"taxonomy":"category","embeddable":true,"href":"https:\/\/www.radiopiu.net\/wordpress\/wp-json\/wp\/v2\/categories?post=308939"},{"taxonomy":"post_tag","embeddable":true,"href":"https:\/\/www.radiopiu.net\/wordpress\/wp-json\/wp\/v2\/tags?post=308939"}],"curies":[{"name":"wp","href":"https:\/\/api.w.org\/{rel}","templated":true}]}}