{"id":308980,"date":"2022-12-01T05:40:17","date_gmt":"2022-12-01T04:40:17","guid":{"rendered":"https:\/\/www.radiopiu.net\/wordpress\/?p=308980"},"modified":"2022-12-01T09:43:19","modified_gmt":"2022-12-01T08:43:19","slug":"giornale-radiopiu-01-dicembre-2022-direttore-mirko-mezzacasa","status":"publish","type":"post","link":"https:\/\/www.radiopiu.net\/wordpress\/giornale-radiopiu-01-dicembre-2022-direttore-mirko-mezzacasa\/","title":{"rendered":"GIORNALE RADIOPIU 01 DICEMBRE 2022 DIRETTORE MIRKO MEZZACASA"},"content":{"rendered":"<h3 class=\"kvgmc6g5 cxmmr5t8 oygrvhab hcukyx3x c1et5uql\"><span style=\"color: #0000ff;\"><strong>RADIO PIU INFORMAZIONE il canale su TELEGRAM informazione di prima\u00a0 <\/strong><strong>mano e in tempo reale. iscriviti ed aiutaci a farlo conoscere\u00a0\u00a0<\/strong><\/span><\/h3>\n<p>&nbsp;<\/p>\n<hr \/>\n<p>&nbsp;<\/p>\n<h2 style=\"text-align: center;\"><span style=\"color: #3366ff;\">LA SEGNALAZIONE &#8230;DI BEATRICE COLCUC<\/span><\/h2>\n<p><em><strong>Mentre il s\u00fcdtirol ci \u201cruba\u201d i nostri panorami, nella stazione centrale di Mannheim in Germania ho trovato un pezzo di agordino (foto di Moreno geremetta)<\/strong><\/em><\/p>\n<p><a class=\"dt-pswp-item\" href=\"https:\/\/www.radiopiu.net\/wordpress\/wp-content\/uploads\/2022\/11\/Schermata-2022-11-30-alle-22.51.59.png\" data-dt-img-description=\"\" data-large_image_width=\"1064\" data-large_image_height=\"778\"><img loading=\"lazy\" decoding=\"async\" class=\" wp-image-309153 aligncenter\" src=\"https:\/\/www.radiopiu.net\/wordpress\/wp-content\/uploads\/2022\/11\/Schermata-2022-11-30-alle-22.51.59-300x219.png\" alt=\"\" width=\"426\" height=\"311\" srcset=\"https:\/\/www.radiopiu.net\/wordpress\/wp-content\/uploads\/2022\/11\/Schermata-2022-11-30-alle-22.51.59-300x219.png 300w, https:\/\/www.radiopiu.net\/wordpress\/wp-content\/uploads\/2022\/11\/Schermata-2022-11-30-alle-22.51.59-1024x749.png 1024w, https:\/\/www.radiopiu.net\/wordpress\/wp-content\/uploads\/2022\/11\/Schermata-2022-11-30-alle-22.51.59-768x562.png 768w, https:\/\/www.radiopiu.net\/wordpress\/wp-content\/uploads\/2022\/11\/Schermata-2022-11-30-alle-22.51.59.png 1064w\" sizes=\"auto, (max-width: 426px) 100vw, 426px\" \/><\/a><\/p>\n<p>&nbsp;<\/p>\n<hr \/>\n<p>&nbsp;<\/p>\n<blockquote>\n<h3>BRAVO MATTEO!\u00a0 DALLA BRUSCA DI GOSALDO ALLA RAI<\/h3>\n<\/blockquote>\n<p>Matteo Monestier titolare dell\u2019agriturismo La Busca a Gosaldo ha partecipato alla trasmissione televisiva &#8220;I fatti vostri&#8221;\u00a0 con Anna Falchi. Il cuoco agordino ha presentato le sue crocchette di polenta e schiz nello spazio riservato al cibo Made in Italy. L\u2019agrichef di Coldiretti ha preparato\u00a0 tutto in diretta. <em>\u00abSi tratta dell\u2019ennesima testimonianza della preparazione dei nostri operatori agrituristici\u00bb, spiega Coldiretti Belluno, \u00abambasciatori dei prodotti del territorio e dotati di carisma tanto da essere continuamente richiesti dagli autori e invitati negli studi televisivi&#8221;.<\/em><\/p>\n<p><a class=\"dt-pswp-item\" href=\"https:\/\/www.radiopiu.net\/wordpress\/wp-content\/uploads\/2022\/12\/IMG-20221130-WA0025-1024x461-1.jpg\" data-dt-img-description=\"\" data-large_image_width=\"1024\" data-large_image_height=\"461\"><img loading=\"lazy\" decoding=\"async\" class=\"size-medium wp-image-309161 aligncenter\" src=\"https:\/\/www.radiopiu.net\/wordpress\/wp-content\/uploads\/2022\/12\/IMG-20221130-WA0025-1024x461-1-300x135.jpg\" alt=\"\" width=\"300\" height=\"135\" srcset=\"https:\/\/www.radiopiu.net\/wordpress\/wp-content\/uploads\/2022\/12\/IMG-20221130-WA0025-1024x461-1-300x135.jpg 300w, https:\/\/www.radiopiu.net\/wordpress\/wp-content\/uploads\/2022\/12\/IMG-20221130-WA0025-1024x461-1-768x346.jpg 768w, https:\/\/www.radiopiu.net\/wordpress\/wp-content\/uploads\/2022\/12\/IMG-20221130-WA0025-1024x461-1.jpg 1024w\" sizes=\"auto, (max-width: 300px) 100vw, 300px\" \/><\/a><\/p>\n<p>&nbsp;<\/p>\n<hr \/>\n<p>&nbsp;<\/p>\n<p><em>IL PONTE IN PROSSIMITA&#8217; DELLA PISCINA DI AGORDO E&#8217; CHIUSO, E LO SARA&#8217; FINO AL 7 DICEMBRE PER LAVORI. NESSUN PROBLEMA PER RAGGIUNGERE LA PISCINA, INFATTI, SI POTRA&#8217; PERCORRERE LA STRADA COMUNALE IN SINISTRA OROGRAFICA DEL TORRENTE ROVA, DIFRONTE AI CAMPI DA TENNIS. IN SENSO CONTRARIO ANCORA PIU&#8217; SEMPLICE L&#8217;INTERSEZIONE CON LA REGIONALE DEL DURAN (AGORDO-LA VALLE) E QUINDI DISCESA PER PONTE ROVA.<\/em><\/p>\n<p><a class=\"dt-pswp-item\" href=\"https:\/\/www.radiopiu.net\/wordpress\/wp-content\/uploads\/2022\/11\/40c7f37e-2f1c-4c85-8811-ef09d82428cd.jpg\" data-dt-img-description=\"\" data-large_image_width=\"960\" data-large_image_height=\"1280\"><img loading=\"lazy\" decoding=\"async\" class=\"size-medium wp-image-308789 aligncenter\" src=\"https:\/\/www.radiopiu.net\/wordpress\/wp-content\/uploads\/2022\/11\/40c7f37e-2f1c-4c85-8811-ef09d82428cd-225x300.jpg\" alt=\"\" width=\"225\" height=\"300\" srcset=\"https:\/\/www.radiopiu.net\/wordpress\/wp-content\/uploads\/2022\/11\/40c7f37e-2f1c-4c85-8811-ef09d82428cd-225x300.jpg 225w, https:\/\/www.radiopiu.net\/wordpress\/wp-content\/uploads\/2022\/11\/40c7f37e-2f1c-4c85-8811-ef09d82428cd-768x1024.jpg 768w, https:\/\/www.radiopiu.net\/wordpress\/wp-content\/uploads\/2022\/11\/40c7f37e-2f1c-4c85-8811-ef09d82428cd.jpg 960w\" sizes=\"auto, (max-width: 225px) 100vw, 225px\" \/><\/a><\/p>\n<p>&nbsp;<\/p>\n<p>&nbsp;<\/p>\n<hr \/>\n<p>&nbsp;<\/p>\n<blockquote>\n<h3>ACQUA NON POTABILE A GOSALDO<\/h3>\n<\/blockquote>\n<p><strong><a class=\"dt-pswp-item\" href=\"https:\/\/www.radiopiu.net\/wordpress\/wp-content\/uploads\/2018\/08\/ACQUA.jpeg\" data-dt-img-description=\"\" data-large_image_width=\"1280\" data-large_image_height=\"768\"><img loading=\"lazy\" decoding=\"async\" class=\" wp-image-57052 alignleft\" src=\"https:\/\/www.radiopiu.net\/wordpress\/wp-content\/uploads\/2018\/08\/ACQUA-300x180.jpeg\" alt=\"\" width=\"115\" height=\"69\" srcset=\"https:\/\/www.radiopiu.net\/wordpress\/wp-content\/uploads\/2018\/08\/ACQUA-300x180.jpeg 300w, https:\/\/www.radiopiu.net\/wordpress\/wp-content\/uploads\/2018\/08\/ACQUA-768x461.jpeg 768w, https:\/\/www.radiopiu.net\/wordpress\/wp-content\/uploads\/2018\/08\/ACQUA-1024x614.jpeg 1024w, https:\/\/www.radiopiu.net\/wordpress\/wp-content\/uploads\/2018\/08\/ACQUA.jpeg 1280w\" sizes=\"auto, (max-width: 115px) 100vw, 115px\" \/><\/a>GOSALDO<\/strong> Gestione Servizi Pubblici informa che a GOSALDO nelle localit\u00e0 LE CASE, CURTI e INCASAL l&#8217;acqua erogata dall&#8217;acquedotto non \u00e8 potabile e pu\u00f2 essere usata per scopi alimentari SOLO PREVIA bollitura. GSP ha, comunque, gi\u00e0 adottato le necessarie misure per la disinfezione dell&#8217;acqua presente nei serbatoi e nella rete idrica con l&#8217;aggiunta di cloro.<\/p>\n<p>&nbsp;<\/p>\n<p>&nbsp;<\/p>\n<hr \/>\n<p>&nbsp;<\/p>\n<blockquote>\n<h3>DOMANI SCIOPERO NAZIONALE DEI TRASPORTI PUBBLICI<\/h3>\n<\/blockquote>\n<p><strong>BELLUNO<\/strong> Per domani \u00e8 stato indetto uno sciopero nazionale del settore pubblico e privato dei trasporti. Dolomiti Bus aderisce allo sciopero e garantisce le corse dalle 5:40 alle 8:09 e dalle 12:10 alle 15:39.<\/p>\n<p>&nbsp;<\/p>\n<p>&nbsp;<\/p>\n<hr \/>\n<p>&nbsp;<\/p>\n<blockquote>\n<h3>CICLISMO IN LUTTO. E&#8217; MORTO DAVIDE REBELLIN<\/h3>\n<\/blockquote>\n<p><strong><a class=\"dt-pswp-item\" href=\"https:\/\/www.radiopiu.net\/wordpress\/wp-content\/uploads\/2022\/11\/rebellin.jpg\" data-dt-img-description=\"\" data-large_image_width=\"800\" data-large_image_height=\"453\"><img loading=\"lazy\" decoding=\"async\" class=\" wp-image-309084 alignleft\" src=\"https:\/\/www.radiopiu.net\/wordpress\/wp-content\/uploads\/2022\/11\/rebellin-300x170.jpg\" alt=\"\" width=\"194\" height=\"110\" srcset=\"https:\/\/www.radiopiu.net\/wordpress\/wp-content\/uploads\/2022\/11\/rebellin-300x170.jpg 300w, https:\/\/www.radiopiu.net\/wordpress\/wp-content\/uploads\/2022\/11\/rebellin-768x435.jpg 768w, https:\/\/www.radiopiu.net\/wordpress\/wp-content\/uploads\/2022\/11\/rebellin.jpg 800w\" sizes=\"auto, (max-width: 194px) 100vw, 194px\" \/><\/a> <\/strong><strong>REDAZIONE<\/strong> La notizia ha scosso il mondo dello sport e il mondo del ciclismo in particolare. Davide Rebellin \u00e8 morto ieri all&#8217;et\u00e0 di 51 anni. Una morte tragica avvenuta in provincia di Vicenza. Il ciclista di San Bonifacio (VR), vincitore tra l&#8217;altro di tre Freccia Vallone e una Liegi-Bastogne-Liegi, \u00e8 stato travolto e ucciso da un camion mentre si stava allenando sulla SR 11 a Montebello Vicentino. \u201cCon Davide Rebellin il ciclismo veneto perde una delle sue figure storiche, un esempio di atleta e di uomo andato ben oltre la sua pur strepitosa carriera agonistica. Spero che il suo esempio di passione possa essere seguito dai ragazzi che, a vario livello, si cimentano con lo sport del pedale. Lo sport veneto per antonomasia\u201d. Cos\u00ec il Presidente della Regione Veneto, Luca Zaia, ricorda il campione veronese.<\/p>\n<p>&nbsp;<\/p>\n<p>&nbsp;<\/p>\n<hr \/>\n<p>&nbsp;<\/p>\n<blockquote>\n<h3>LADRI A FELTRE, I MALVIVENTI IN FUGA IN BICICLETTA E CON PREZIOSI IN ORO<\/h3>\n<\/blockquote>\n<blockquote>\n<div class=\"testoArticolo\"><em><img loading=\"lazy\" decoding=\"async\" class=\"alignleft\" src=\"https:\/\/www.radiopiu.net\/wordpress\/wp-content\/uploads\/2022\/12\/burglar-4194213__340.jpg\" width=\"221\" height=\"147\" \/>Dopo i furti a Pedavena, Lentiai e Borgo Valbelluna malviventi di nuovo in azione nel feltrino<\/em><\/div>\n<\/blockquote>\n<p><strong>FELTRE<\/strong> Una storia che si ripete, con le stesse modalit\u00e0 di un anno fa. Ormai \u00e8 diventata una stagione, quella dei furti nelle abitazioni. Dopo un periodo di tregua i ladri sono tornati e con loro la paura di incontrarli dietro la porta di casa. Hanno colpito a Farra-Boscariz, sono riusciti ad entrare in una villetta in centro e in due garage. Indisturbati sono arrivati, indisturbati hanno compiuto l&#8217;azione ladresca e poi via con l&#8217;oro senza che nessuno li abbia notati. I Carabinieri indagano nella villetta messa a soqquadro e anche nei garage da dove sono sparite le biciclette di valore. I ladri non hanno agito di notte, ma nel corso del tardo pomeriggio\u00a0 attorno alle 18 approfittando dell&#8217;assenza dei proprietari.<\/p>\n<p>&nbsp;<\/p>\n<p>&nbsp;<\/p>\n<hr \/>\n<blockquote>\n<h3><\/h3>\n<h3>CORRIDOI FAUNISTICI, ANCHE LUXOTTICA AL TAVOLO CON LA PROVINCIA<\/h3>\n<p><em>\u00abLa sicurezza degli utenti della strada \u00e8 la priorit\u00e0\u00bb commenta il consigliere delegato alle infrastrutture, Fabio Luchetta. \u00abI dati registrati dai nostri uffici parlano di un incidente al giorno in provincia con la fauna selvatica. La realizzazione di queste opere quindi diventa fondamentale sia per gli automobilisti sia per gli animali\u00bb.\u00a0<\/em><\/p><\/blockquote>\n<p><strong> <img loading=\"lazy\" decoding=\"async\" class=\"alignleft\" src=\"https:\/\/www.radiopiu.net\/wordpress\/wp-content\/uploads\/2021\/01\/cervi-strada.jpg\" width=\"327\" height=\"172\" \/>BELLUNO<\/strong> Entro il 2024 saranno realizzati tre corridoi faunistici sulle strade della provincia di Belluno. Due sulla Sr203 Agordina, uno sulla Sp1 bis, in Sinistra Piave. \u00c8 l\u2019esito dell\u2019aggiornamento del tavolo tecnico Provincia-Veneto Strade tenutosi\u00a0 nella sede di Palazzo Piloni, a una settimana di distanza dall\u2019ultimo incontro. Presente anche Luxottica, che si \u00e8 dimostrata sensibile al problema della sicurezza stradale su una delle arterie pi\u00f9 importanti non solo per il polo industriale di Agordo, ma per l\u2019intera provincia. Sono i dati di traffico giornaliero a definire l\u2019importanza della Sr203 Agordina. Quotidianamente 2.450 lavoratori di Luxottica utilizzano la strada per raggiungere lo stabilimento in localit\u00e0 Valcozzena: 19 autobus e centinaia di auto private che effettuano il percorso Sedico-Agordo e viceversa. Senza contare gli altri utenti della strada regionale e i turisti che la percorrono nei fine settimana della stagione invernale ed estiva. <strong>LA SOLUZIONE <\/strong>Per tutti questi utenti, uno dei rischi \u00e8 costituito dall\u2019attraversamento di ungulati (proprio in questi giorni si sono verificati diversi spostamenti di gruppi di cervi, tra Peron e Candaten). I corridoi faunistici sono stati individuati come soluzione praticabile dal tavolo tecnico. E sono gi\u00e0 state definite le modalit\u00e0 di intervento. Veneto Strade realizzer\u00e0 due corridoi sulla Agordina, in concomitanza con gli allargamenti di sede stradale programmati all\u2019interno dei lavori sulla Sr203, finanziati con fondi regionali<em>. \u00abSono previsti alcuni adeguamenti della sede stradale\u00bb spiega l\u2019ingegner Michele Artusato, direttore operativo di Veneto Strade per il comparto di Belluno. \u00abInsieme a questi, \u00e8 fattibile realizzare anche due sottopassi per la fauna selvatica. Dovremo fare degli approfondimenti di natura idraulica, data la vicinanza del corso del Cordevole. Ipotizzo che si possano iniziare i lavori gi\u00e0 la prossima primavera\u00bb. <\/em>Oltre alla Sr203, Provincia e Veneto Strade mettono in cantiere anche un terzo corridoio, sulla Sp1 bis, in Sinistra Piave,\u00a0 un\u2019opera sperimentale, un sovrappasso pi\u00f9 funzionale all\u2019attraversamento di cervi e caprioli, anche se pi\u00f9 onerosa. In questo caso Veneto Strade fissa un cronoprogramma di massima con progettazione la prossima primavera, iter autorizzativo entro l\u2019autunno e avvio lavori a inizio 2024.<\/p>\n<p><strong>IL CONSIGLIERE PROVINCIALE FRANCO DE BON<\/strong><\/p>\n<div style=\"width: 848px;\" class=\"wp-video\"><video class=\"wp-video-shortcode\" id=\"video-308980-1\" width=\"848\" height=\"480\" preload=\"metadata\" controls=\"controls\"><source type=\"video\/mp4\" src=\"https:\/\/www.radiopiu.net\/wordpress\/wp-content\/uploads\/2022\/11\/WhatsApp-Video-2022-11-30-at-13.10.31.mp4?_=1\" \/><a href=\"https:\/\/www.radiopiu.net\/wordpress\/wp-content\/uploads\/2022\/11\/WhatsApp-Video-2022-11-30-at-13.10.31.mp4\">https:\/\/www.radiopiu.net\/wordpress\/wp-content\/uploads\/2022\/11\/WhatsApp-Video-2022-11-30-at-13.10.31.mp4<\/a><\/video><\/div>\n<p>&nbsp;<\/p>\n<p>&nbsp;<\/p>\n<hr \/>\n<p>&nbsp;<\/p>\n<blockquote>\n<h3>PASSAGGI FAUNISTICI. FANT (EUROPA VERDE): &#8220;SARANNO ANCORA PROMESSE DA MARINAIO?&#8221;<\/h3>\n<p><em>&#8220;La realizzazione dei corridoi faunistici\u00a0 \u00e9 fondamentale\u00a0 non solamente per evitare gli incidenti stradali ma anche per non permettere la frammentazione della biodiversit\u00e0 e mantenere intatte le bellezze del territorio bellunese&#8221;<\/em><\/p><\/blockquote>\n<p><strong><a class=\"dt-pswp-item\" href=\"https:\/\/www.radiopiu.net\/wordpress\/wp-content\/uploads\/2018\/08\/cervo.jpg\" data-dt-img-description=\"\" data-large_image_width=\"1280\" data-large_image_height=\"853\"><img loading=\"lazy\" decoding=\"async\" class=\" wp-image-59274 alignleft\" src=\"https:\/\/www.radiopiu.net\/wordpress\/wp-content\/uploads\/2018\/08\/cervo-300x200.jpg\" alt=\"\" width=\"197\" height=\"131\" srcset=\"https:\/\/www.radiopiu.net\/wordpress\/wp-content\/uploads\/2018\/08\/cervo-300x200.jpg 300w, https:\/\/www.radiopiu.net\/wordpress\/wp-content\/uploads\/2018\/08\/cervo-768x512.jpg 768w, https:\/\/www.radiopiu.net\/wordpress\/wp-content\/uploads\/2018\/08\/cervo-1024x682.jpg 1024w, https:\/\/www.radiopiu.net\/wordpress\/wp-content\/uploads\/2018\/08\/cervo.jpg 1280w\" sizes=\"auto, (max-width: 197px) 100vw, 197px\" \/><\/a>BELLUNO <\/strong>La provincia di Belluno presenta un progetto per la creazione di passaggi faunistici allo scopo di arginare il problema degli incidenti stradali, in collaborazione con Veneto Strade. Un progetto in ritardo di almeno un ventennio, preceduto da moltissimi incidenti, anche mortali e da una critica severa e doverosa da parte della popolazione bellunese. &#8220;<em>La domanda che ci poniamo ora &#8211; dice Cristiano Fant, portavoce di Europa Verde Belluno &#8211;\u00a0 alla luce dei tanti progetti passati mai realizzati dagli uffici provinciali \u00e9 la seguente: saranno ancora una volta promesse da marinaio, oppure vi sar\u00e0 un seguito concreto alle parole? Perch\u00e9 sembra che, quando si parla di tutela degli animali amministrazioni comunali e provinciali non siano molto interessate a realizzare quanto previsto dalla legge. Dalla violazione della Legge Regionale\u00a0 da parte della Provincia a quella della Legge Regionale da parte delle amministrazioni comunali, l\u2019interesse per il benessere animale, regolarmente normato, non sembra trovare casa sul territorio tanto \u00e9 vero che nel proclama della Provincia sul tema non si parla di tutela dei selvatici ma solamente di sicurezza stradale, rilevando come l\u2019impatto per l\u2019animale risulti secondario. Tanto si evince anche dalla posizione del delegato all\u2019Ufficio Caccia e pesca che ritiene inutile la realizzazione di un CRAS (Centro Recupero Animali Selvatici) che andrebbe a soddisfare quanto la norma preved.\u00a0<\/em><\/p>\n<p>&nbsp;<\/p>\n<p>&nbsp;<\/p>\n<hr \/>\n<p>&nbsp;<\/p>\n<blockquote>\n<h3>A PROPOSITO DI CORRIDOI PER GLI UNGULATI<\/h3>\n<\/blockquote>\n<p><strong>TRENTO<\/strong> Non solo la provincia di Belluno, ma anche la confinante regione autonoma trentina ha le sue belle gatte da pelare (giusto per rimanere in tema animalesco) con gli amici cornuti e gli ungulati in genere. Il video ormai diventato virale lo testimonia sulla strada per Sagron Mis che da Gosaldo conduce diritta a Passo Cereda e quindi in Primiero. Ne sanno qualche cosa anche gli autisti di Trentino trasporti che quella strada la percorrono tutti i giorni, pi\u00f9 volte al giorno con direzione Primiero-Luxottica, al pari dei tanti pendolari.<\/p>\n<p>&nbsp;<\/p>\n<div style=\"width: 848px;\" class=\"wp-video\"><video class=\"wp-video-shortcode\" id=\"video-308980-2\" width=\"848\" height=\"480\" preload=\"metadata\" controls=\"controls\"><source type=\"video\/mp4\" src=\"https:\/\/www.radiopiu.net\/wordpress\/wp-content\/uploads\/2022\/11\/WhatsApp-Video-2022-11-30-at-13.22.56.mp4?_=2\" \/><a href=\"https:\/\/www.radiopiu.net\/wordpress\/wp-content\/uploads\/2022\/11\/WhatsApp-Video-2022-11-30-at-13.22.56.mp4\">https:\/\/www.radiopiu.net\/wordpress\/wp-content\/uploads\/2022\/11\/WhatsApp-Video-2022-11-30-at-13.22.56.mp4<\/a><\/video><\/div>\n<p>&nbsp;<\/p>\n<hr \/>\n<p>&nbsp;<\/p>\n<blockquote>\n<h3>IL LUPO E&#8217; SALVO E RESTA PROTETTO<\/h3>\n<\/blockquote>\n<p><strong><a class=\"dt-pswp-item\" href=\"https:\/\/www.radiopiu.net\/wordpress\/wp-content\/uploads\/2021\/09\/ZANONI-1-scaled.jpg\" data-dt-img-description=\"\" data-large_image_width=\"2560\" data-large_image_height=\"1707\"><img loading=\"lazy\" decoding=\"async\" class=\" wp-image-233260 alignleft\" src=\"https:\/\/www.radiopiu.net\/wordpress\/wp-content\/uploads\/2021\/09\/ZANONI-1-300x200.jpg\" alt=\"\" width=\"171\" height=\"114\" srcset=\"https:\/\/www.radiopiu.net\/wordpress\/wp-content\/uploads\/2021\/09\/ZANONI-1-300x200.jpg 300w, https:\/\/www.radiopiu.net\/wordpress\/wp-content\/uploads\/2021\/09\/ZANONI-1-1024x683.jpg 1024w, https:\/\/www.radiopiu.net\/wordpress\/wp-content\/uploads\/2021\/09\/ZANONI-1-768x512.jpg 768w, https:\/\/www.radiopiu.net\/wordpress\/wp-content\/uploads\/2021\/09\/ZANONI-1-1536x1024.jpg 1536w, https:\/\/www.radiopiu.net\/wordpress\/wp-content\/uploads\/2021\/09\/ZANONI-1-2048x1365.jpg 2048w\" sizes=\"auto, (max-width: 171px) 100vw, 171px\" \/><\/a>VENEZIA <\/strong>\u201c<em>Dal Consiglio Direttivo della Convenzione di Berna per la Conservazione della fauna selvatica e degli ambienti naturali in Europa arriva una notizia: contro ogni pronostico \u00e8 stata bocciata la richiesta della Svizzera di declassamento del lupo da specie faunistica \u201cassolutamente protetta\u201d a specie faunistica \u201cprotetta\u201d. Si tratta di una vittoria di grande importanza, che chiude peraltro ogni spiraglio al tentativo dei Conservatori che siedono nel Parlamento Europeo di aprire la caccia a questa specie<\/em>\u201d. A dirlo il consigliere regionale del PD Veneto, Andrea Zanoni che ricorda come \u00a0il Parlamento Europeo aveva adottato una risoluzione che mirava non solo a ridurre lo stato di protezione dei lupi ma addirittura a consentirne gli abbattimenti come soluzione alle predazioni.<\/p>\n<p>&nbsp;<\/p>\n<hr \/>\n<p>&nbsp;<\/p>\n<blockquote>\n<h3>INCIDENTE TRA UN AUTOBUS E UN&#8217;AUTO<\/h3>\n<\/blockquote>\n<p><strong><a class=\"dt-pswp-item\" href=\"https:\/\/www.radiopiu.net\/wordpress\/wp-content\/uploads\/2022\/11\/456fbd4d-a36a-4625-bc88-dd57c9285c52.jpg\" data-dt-img-description=\"\" data-large_image_width=\"1024\" data-large_image_height=\"606\"><img loading=\"lazy\" decoding=\"async\" class=\" wp-image-309080 alignleft\" src=\"https:\/\/www.radiopiu.net\/wordpress\/wp-content\/uploads\/2022\/11\/456fbd4d-a36a-4625-bc88-dd57c9285c52-300x178.jpg\" alt=\"\" width=\"175\" height=\"104\" srcset=\"https:\/\/www.radiopiu.net\/wordpress\/wp-content\/uploads\/2022\/11\/456fbd4d-a36a-4625-bc88-dd57c9285c52-300x178.jpg 300w, https:\/\/www.radiopiu.net\/wordpress\/wp-content\/uploads\/2022\/11\/456fbd4d-a36a-4625-bc88-dd57c9285c52-768x455.jpg 768w, https:\/\/www.radiopiu.net\/wordpress\/wp-content\/uploads\/2022\/11\/456fbd4d-a36a-4625-bc88-dd57c9285c52.jpg 1024w\" sizes=\"auto, (max-width: 175px) 100vw, 175px\" \/><\/a>BELLUNO\u00a0<\/strong>Incidente a Belluno ieri alle 13:30. La corriera della DolomitiBus diretta a Caprile \u00e8 rimasta coinvolta nello scontro con una Volkswagen Polo. I due veicoli sono entrati in collisione per cause che sono in corso di accertamento da parte dei Carabinieri che sono giunti sul posto assieme ai Vigili del Fuoco e l&#8217;ambulanza del SUEM 118. Nell&#8217;impatto due feriti che sono stati trasportati all&#8217;ospedale San Martino di Belluno. Non sono mancati i disagi al traffico. (foto: Corriere Delle Alpi)<\/p>\n<p>&nbsp;<\/p>\n<p>&nbsp;<\/p>\n<p>&nbsp;<\/p>\n<hr \/>\n<p>&nbsp;<\/p>\n<blockquote>\n<h3>A BELLUNO APPROVATA UNA VARIAZIONE AL BILANCIO A SOSTEGNO DI ASSOCIAZIONI E FAMIGLIE<\/h3>\n<\/blockquote>\n<p><a class=\"dt-pswp-item\" href=\"https:\/\/www.radiopiu.net\/wordpress\/wp-content\/uploads\/2022\/02\/Palazzo-Rosso-illuminato-scaled.jpg\" data-dt-img-description=\"ACCESO\" data-large_image_width=\"2560\" data-large_image_height=\"1707\"><img loading=\"lazy\" decoding=\"async\" class=\"wp-image-259024 alignleft\" src=\"https:\/\/www.radiopiu.net\/wordpress\/wp-content\/uploads\/2022\/02\/Palazzo-Rosso-illuminato-300x200.jpg\" alt=\"\" width=\"165\" height=\"110\" srcset=\"https:\/\/www.radiopiu.net\/wordpress\/wp-content\/uploads\/2022\/02\/Palazzo-Rosso-illuminato-300x200.jpg 300w, https:\/\/www.radiopiu.net\/wordpress\/wp-content\/uploads\/2022\/02\/Palazzo-Rosso-illuminato-1024x683.jpg 1024w, https:\/\/www.radiopiu.net\/wordpress\/wp-content\/uploads\/2022\/02\/Palazzo-Rosso-illuminato-768x512.jpg 768w, https:\/\/www.radiopiu.net\/wordpress\/wp-content\/uploads\/2022\/02\/Palazzo-Rosso-illuminato-1536x1024.jpg 1536w, https:\/\/www.radiopiu.net\/wordpress\/wp-content\/uploads\/2022\/02\/Palazzo-Rosso-illuminato-2048x1365.jpg 2048w\" sizes=\"auto, (max-width: 165px) 100vw, 165px\" \/><\/a><strong>BELLUNO<\/strong> Il Comune di Belluno punta sul sociale: approvata una variazione di bilancio che garantir\u00e0 sostegno alle associazioni e alle famiglie del territorio.<\/p>\n<p><strong>di Daniele Dalvit<\/strong><\/p>\n<audio class=\"wp-audio-shortcode\" id=\"audio-308980-1\" preload=\"none\" style=\"width: 100%;\" controls=\"controls\"><source type=\"audio\/mpeg\" src=\"https:\/\/www.radiopiu.net\/wordpress\/wp-content\/uploads\/2022\/11\/DALVIT-Servizio-Contributi-Belluno.mp3?_=1\" \/><a href=\"https:\/\/www.radiopiu.net\/wordpress\/wp-content\/uploads\/2022\/11\/DALVIT-Servizio-Contributi-Belluno.mp3\">https:\/\/www.radiopiu.net\/wordpress\/wp-content\/uploads\/2022\/11\/DALVIT-Servizio-Contributi-Belluno.mp3<\/a><\/audio>\n<p>&nbsp;<\/p>\n<hr \/>\n<p>&nbsp;<\/p>\n<blockquote>\n<h3>MANUELA LANZARIN A BELLUNO PER LA CONFERENZA DEI SINDACI. PRESENTATA LA NUOVA LEGGE SUL SOCIALE<\/h3>\n<\/blockquote>\n<p><strong><a class=\"dt-pswp-item\" href=\"https:\/\/www.radiopiu.net\/wordpress\/wp-content\/uploads\/2020\/04\/MANUELA-LANZARIN.jpg\" data-dt-img-description=\"\" data-large_image_width=\"639\" data-large_image_height=\"480\"><img loading=\"lazy\" decoding=\"async\" class=\" wp-image-133951 alignleft\" src=\"https:\/\/www.radiopiu.net\/wordpress\/wp-content\/uploads\/2020\/04\/MANUELA-LANZARIN-300x225.jpg\" alt=\"\" width=\"184\" height=\"138\" srcset=\"https:\/\/www.radiopiu.net\/wordpress\/wp-content\/uploads\/2020\/04\/MANUELA-LANZARIN-300x225.jpg 300w, https:\/\/www.radiopiu.net\/wordpress\/wp-content\/uploads\/2020\/04\/MANUELA-LANZARIN.jpg 639w\" sizes=\"auto, (max-width: 184px) 100vw, 184px\" \/><\/a>BELLUNO<\/strong><\/p>\n<p>di Moreno Gioli<\/p>\n<audio class=\"wp-audio-shortcode\" id=\"audio-308980-2\" preload=\"none\" style=\"width: 100%;\" controls=\"controls\"><source type=\"audio\/mpeg\" src=\"https:\/\/www.radiopiu.net\/wordpress\/wp-content\/uploads\/2022\/11\/GIOLI-nuova-legge-sul-sociale.mp3?_=2\" \/><a href=\"https:\/\/www.radiopiu.net\/wordpress\/wp-content\/uploads\/2022\/11\/GIOLI-nuova-legge-sul-sociale.mp3\">https:\/\/www.radiopiu.net\/wordpress\/wp-content\/uploads\/2022\/11\/GIOLI-nuova-legge-sul-sociale.mp3<\/a><\/audio>\n<p>&nbsp;<\/p>\n<p>&nbsp;<\/p>\n<hr \/>\n<p>&nbsp;<\/p>\n<blockquote>\n<h2>LUNEDI LA SANITA&#8217; IN VENETO E L&#8217;OSPEDALE DI AGORDO<\/h2>\n<\/blockquote>\n<p><strong><a class=\"dt-pswp-item\" href=\"https:\/\/www.radiopiu.net\/wordpress\/wp-content\/uploads\/2022\/11\/ad716ddd-eb34-4115-bb0d-e2c527396d7c.jpg\" data-dt-img-description=\"\" data-large_image_width=\"645\" data-large_image_height=\"437\"><img loading=\"lazy\" decoding=\"async\" class=\" wp-image-309158 alignleft\" src=\"https:\/\/www.radiopiu.net\/wordpress\/wp-content\/uploads\/2022\/11\/ad716ddd-eb34-4115-bb0d-e2c527396d7c-300x203.jpg\" alt=\"\" width=\"260\" height=\"176\" srcset=\"https:\/\/www.radiopiu.net\/wordpress\/wp-content\/uploads\/2022\/11\/ad716ddd-eb34-4115-bb0d-e2c527396d7c-300x203.jpg 300w, https:\/\/www.radiopiu.net\/wordpress\/wp-content\/uploads\/2022\/11\/ad716ddd-eb34-4115-bb0d-e2c527396d7c.jpg 645w\" sizes=\"auto, (max-width: 260px) 100vw, 260px\" \/><\/a>REDAZIONE<\/strong> Lo scorso agosto le telecamere di Report sono arrivate in provincia, fino all&#8217;ospedale di Agordo per uno speciale sulla sanit\u00e0. Lunedi la messa in onda del servizio, atteso soprattutto dal Comitato Sanit\u00e0 Agordina che ha interessato i cronisti di Rai 3. Lo speciale \u00e8 in onda alle 21.10<\/p>\n<p>&nbsp;<\/p>\n<p><span style=\"color: #ff0000;\">\u00a0<\/span><\/p>\n<p>&nbsp;<\/p>\n<p><span style=\"color: #ff0000;\">ARCHIVIO RADIO PIU&#8217; AGOSTO 2022<\/span><\/p>\n<blockquote>\n<h3>I GIORNALISTI DI REPORT ALL&#8217;OSPEDALE DI AGORDO<\/h3>\n<\/blockquote>\n<p><strong>AGORDO<\/strong> Il Comitato Sanit\u00e0 Agordina capitanato da Guido Trento dalle 10 di questa mattina \u00e8 in attesa dei giornalisti di &#8220;Report&#8221;, la trasmissione televisiva di Rai Tre che evidentemente si prepara a confezionare uno speciale sulla sanit\u00e0 del bellunese anche passando per l&#8217;ospedale di Agordo. Abbiamo chiesto il motivo di questo incontro all&#8217;ex consigliere regionale Guido Trento, Coordinatore dei comitati Agordo e Pieve di Cadore<\/p>\n<p>https:\/\/www.facebook.com\/marco.baghy.1\/videos\/1035172073862491<\/p>\n<p>&nbsp;<\/p>\n<p><strong>L&#8217;ARRIVO DEI GIORNALISTI DI &#8220;REPORT&#8221;<\/strong><\/p>\n\n\t\t\t<style type='text\/css'>\n\t\t\t\t#gallery-1 {\n\t\t\t\t\tmargin: auto;\n\t\t\t\t}\n\t\t\t\t#gallery-1 .gallery-item {\n\t\t\t\t\tfloat: left;\n\t\t\t\t\tmargin-top: 10px;\n\t\t\t\t\ttext-align: center;\n\t\t\t\t\twidth: 25%;\n\t\t\t\t}\n\t\t\t\t#gallery-1 img {\n\t\t\t\t\tborder: 2px solid #cfcfcf;\n\t\t\t\t}\n\t\t\t\t#gallery-1 .gallery-caption {\n\t\t\t\t\tmargin-left: 0;\n\t\t\t\t}\n\t\t\t\t\/* see gallery_shortcode() in wp-includes\/media.php *\/\n\t\t\t<\/style>\n\t\t<div id='gallery-1' class='dt-gallery-container gallery galleryid-308980 gallery-columns-4 gallery-size-thumbnail'><dl class='gallery-item'>\n\t\t\t\t<dt class='gallery-icon landscape'>\n\t\t\t\t\t<a class=\"rollover rollover-zoom dt-pswp-item\" title=\"bf14fcc2-7f09-4d6b-929c-ec416ba5b372\" data-dt-img-description=\"\" data-large_image_width=\"1920\" data-large_image_height=\"1080\"href='https:\/\/www.radiopiu.net\/wordpress\/wp-content\/uploads\/2022\/08\/bf14fcc2-7f09-4d6b-929c-ec416ba5b372.jpg'><img loading=\"lazy\" decoding=\"async\" width=\"150\" height=\"150\" src=\"https:\/\/www.radiopiu.net\/wordpress\/wp-content\/uploads\/2022\/08\/bf14fcc2-7f09-4d6b-929c-ec416ba5b372-150x150.jpg\" class=\"attachment-thumbnail size-thumbnail\" alt=\"\" \/><\/a>\n\t\t\t\t<\/dt><\/dl><dl class='gallery-item'>\n\t\t\t\t<dt class='gallery-icon landscape'>\n\t\t\t\t\t<a class=\"rollover rollover-zoom dt-pswp-item\" title=\"0a722713-0956-484a-a151-e9145468101e\" data-dt-img-description=\"\" data-large_image_width=\"1920\" data-large_image_height=\"1080\"href='https:\/\/www.radiopiu.net\/wordpress\/wp-content\/uploads\/2022\/08\/0a722713-0956-484a-a151-e9145468101e.jpg'><img loading=\"lazy\" decoding=\"async\" width=\"150\" height=\"150\" src=\"https:\/\/www.radiopiu.net\/wordpress\/wp-content\/uploads\/2022\/08\/0a722713-0956-484a-a151-e9145468101e-150x150.jpg\" class=\"attachment-thumbnail size-thumbnail\" alt=\"\" \/><\/a>\n\t\t\t\t<\/dt><\/dl><dl class='gallery-item'>\n\t\t\t\t<dt class='gallery-icon landscape'>\n\t\t\t\t\t<a class=\"rollover rollover-zoom dt-pswp-item\" title=\"3f7b263f-3cf2-4f24-becd-82b93893d283\" data-dt-img-description=\"\" data-large_image_width=\"1920\" data-large_image_height=\"1080\"href='https:\/\/www.radiopiu.net\/wordpress\/wp-content\/uploads\/2022\/08\/3f7b263f-3cf2-4f24-becd-82b93893d283.jpg'><img loading=\"lazy\" decoding=\"async\" width=\"150\" height=\"150\" src=\"https:\/\/www.radiopiu.net\/wordpress\/wp-content\/uploads\/2022\/08\/3f7b263f-3cf2-4f24-becd-82b93893d283-150x150.jpg\" class=\"attachment-thumbnail size-thumbnail\" alt=\"\" \/><\/a>\n\t\t\t\t<\/dt><\/dl><dl class='gallery-item'>\n\t\t\t\t<dt class='gallery-icon landscape'>\n\t\t\t\t\t<a class=\"rollover rollover-zoom dt-pswp-item\" title=\"fb9a7739-76ed-4ba1-a37d-042f19be1c67\" data-dt-img-description=\"\" data-large_image_width=\"1920\" data-large_image_height=\"1080\"href='https:\/\/www.radiopiu.net\/wordpress\/wp-content\/uploads\/2022\/08\/fb9a7739-76ed-4ba1-a37d-042f19be1c67.jpg'><img loading=\"lazy\" decoding=\"async\" width=\"150\" height=\"150\" src=\"https:\/\/www.radiopiu.net\/wordpress\/wp-content\/uploads\/2022\/08\/fb9a7739-76ed-4ba1-a37d-042f19be1c67-150x150.jpg\" class=\"attachment-thumbnail size-thumbnail\" alt=\"\" \/><\/a>\n\t\t\t\t<\/dt><\/dl><br style=\"clear: both\" \/><dl class='gallery-item'>\n\t\t\t\t<dt class='gallery-icon landscape'>\n\t\t\t\t\t<a class=\"rollover rollover-zoom dt-pswp-item\" title=\"78e768a6-f679-4ab7-b9b4-b67248bb19bf\" data-dt-img-description=\"\" data-large_image_width=\"1920\" data-large_image_height=\"1080\"href='https:\/\/www.radiopiu.net\/wordpress\/wp-content\/uploads\/2022\/08\/78e768a6-f679-4ab7-b9b4-b67248bb19bf.jpg'><img loading=\"lazy\" decoding=\"async\" width=\"150\" height=\"150\" src=\"https:\/\/www.radiopiu.net\/wordpress\/wp-content\/uploads\/2022\/08\/78e768a6-f679-4ab7-b9b4-b67248bb19bf-150x150.jpg\" class=\"attachment-thumbnail size-thumbnail\" alt=\"\" \/><\/a>\n\t\t\t\t<\/dt><\/dl><dl class='gallery-item'>\n\t\t\t\t<dt class='gallery-icon landscape'>\n\t\t\t\t\t<a class=\"rollover rollover-zoom dt-pswp-item\" title=\"79ad5604-62ac-4848-96c7-925ba4927f84\" data-dt-img-description=\"\" data-large_image_width=\"1920\" data-large_image_height=\"1080\"href='https:\/\/www.radiopiu.net\/wordpress\/wp-content\/uploads\/2022\/08\/79ad5604-62ac-4848-96c7-925ba4927f84.jpg'><img loading=\"lazy\" decoding=\"async\" width=\"150\" height=\"150\" src=\"https:\/\/www.radiopiu.net\/wordpress\/wp-content\/uploads\/2022\/08\/79ad5604-62ac-4848-96c7-925ba4927f84-150x150.jpg\" class=\"attachment-thumbnail size-thumbnail\" alt=\"\" \/><\/a>\n\t\t\t\t<\/dt><\/dl><dl class='gallery-item'>\n\t\t\t\t<dt class='gallery-icon landscape'>\n\t\t\t\t\t<a class=\"rollover rollover-zoom dt-pswp-item\" title=\"c5dc7557-e366-4d7f-8240-3e6d86266763\" data-dt-img-description=\"\" data-large_image_width=\"1920\" data-large_image_height=\"1080\"href='https:\/\/www.radiopiu.net\/wordpress\/wp-content\/uploads\/2022\/08\/c5dc7557-e366-4d7f-8240-3e6d86266763.jpg'><img loading=\"lazy\" decoding=\"async\" width=\"150\" height=\"150\" src=\"https:\/\/www.radiopiu.net\/wordpress\/wp-content\/uploads\/2022\/08\/c5dc7557-e366-4d7f-8240-3e6d86266763-150x150.jpg\" class=\"attachment-thumbnail size-thumbnail\" alt=\"\" \/><\/a>\n\t\t\t\t<\/dt><\/dl><dl class='gallery-item'>\n\t\t\t\t<dt class='gallery-icon landscape'>\n\t\t\t\t\t<a class=\"rollover rollover-zoom dt-pswp-item\" title=\"8476208e-6c3f-4676-b6f3-14df36562f2c\" data-dt-img-description=\"\" data-large_image_width=\"1920\" data-large_image_height=\"1080\"href='https:\/\/www.radiopiu.net\/wordpress\/wp-content\/uploads\/2022\/08\/8476208e-6c3f-4676-b6f3-14df36562f2c.jpg'><img loading=\"lazy\" decoding=\"async\" width=\"150\" height=\"150\" src=\"https:\/\/www.radiopiu.net\/wordpress\/wp-content\/uploads\/2022\/08\/8476208e-6c3f-4676-b6f3-14df36562f2c-150x150.jpg\" class=\"attachment-thumbnail size-thumbnail\" alt=\"\" \/><\/a>\n\t\t\t\t<\/dt><\/dl><br style=\"clear: both\" \/>\n\t\t\t<\/div>\n\n<blockquote>\n<h3>ECCO PERCHE&#8217; LE TELCAMERE DI REPORT SONO TORNATE IN PROVINCIA DI BELLUNO<\/h3>\n<\/blockquote>\n<p><strong>REDAZIONE<\/strong> Riceviamo e pubblichiamo questo contributo video da Marinella Piazza.<\/p>\n<div style=\"width: 848px;\" class=\"wp-video\"><video class=\"wp-video-shortcode\" id=\"video-308980-3\" width=\"848\" height=\"480\" preload=\"metadata\" controls=\"controls\"><source type=\"video\/mp4\" src=\"https:\/\/www.radiopiu.net\/wordpress\/wp-content\/uploads\/2022\/08\/VIDEO-2022-08-04-14-10-05.mp4?_=3\" \/><a href=\"https:\/\/www.radiopiu.net\/wordpress\/wp-content\/uploads\/2022\/08\/VIDEO-2022-08-04-14-10-05.mp4\">https:\/\/www.radiopiu.net\/wordpress\/wp-content\/uploads\/2022\/08\/VIDEO-2022-08-04-14-10-05.mp4<\/a><\/video><\/div>\n<p>&nbsp;<\/p>\n<hr \/>\n<p>&nbsp;<\/p>\n<p>&nbsp;<\/p>\n<blockquote>\n<h3>RECUPERO DEI BOSCHI COLPITI DAL BOSTRICO A COLLE SANTA LUCIA<\/h3>\n<\/blockquote>\n<p><strong><a class=\"dt-pswp-item\" href=\"https:\/\/www.radiopiu.net\/wordpress\/wp-content\/uploads\/2021\/08\/COLLE-SANTA-LUCIA.jpg\" data-dt-img-description=\"\" data-large_image_width=\"640\" data-large_image_height=\"480\"><img loading=\"lazy\" decoding=\"async\" class=\" wp-image-229239 alignleft\" src=\"https:\/\/www.radiopiu.net\/wordpress\/wp-content\/uploads\/2021\/08\/COLLE-SANTA-LUCIA-300x225.jpg\" alt=\"\" width=\"187\" height=\"140\" srcset=\"https:\/\/www.radiopiu.net\/wordpress\/wp-content\/uploads\/2021\/08\/COLLE-SANTA-LUCIA-300x225.jpg 300w, https:\/\/www.radiopiu.net\/wordpress\/wp-content\/uploads\/2021\/08\/COLLE-SANTA-LUCIA.jpg 640w\" sizes=\"auto, (max-width: 187px) 100vw, 187px\" \/><\/a>COLLE SANTA LUCIA<\/strong><\/p>\n<p>di Lorenzo Soratori<\/p>\n<p>&nbsp;<\/p>\n<audio class=\"wp-audio-shortcode\" id=\"audio-308980-3\" preload=\"none\" style=\"width: 100%;\" controls=\"controls\"><source type=\"audio\/mpeg\" src=\"https:\/\/www.radiopiu.net\/wordpress\/wp-content\/uploads\/2022\/12\/LORENZO.mp3?_=3\" \/><a href=\"https:\/\/www.radiopiu.net\/wordpress\/wp-content\/uploads\/2022\/12\/LORENZO.mp3\">https:\/\/www.radiopiu.net\/wordpress\/wp-content\/uploads\/2022\/12\/LORENZO.mp3<\/a><\/audio>\n<p>&nbsp;<\/p>\n<p>&nbsp;<\/p>\n<hr \/>\n<p>&nbsp;<\/p>\n<blockquote>\n<h3>DA SABATO MATTINA I MERCATINI DI NATALE A BELLUNO<\/h3>\n<\/blockquote>\n<p><strong><a class=\"dt-pswp-item\" href=\"https:\/\/www.radiopiu.net\/wordpress\/wp-content\/uploads\/2022\/11\/bb7c3faf-51de-499e-8221-400183d8ad69.jpg\" data-dt-img-description=\"\" data-large_image_width=\"2048\" data-large_image_height=\"1536\"><img loading=\"lazy\" decoding=\"async\" class=\" wp-image-309131 alignleft\" src=\"https:\/\/www.radiopiu.net\/wordpress\/wp-content\/uploads\/2022\/11\/bb7c3faf-51de-499e-8221-400183d8ad69-300x225.jpg\" alt=\"\" width=\"192\" height=\"144\" srcset=\"https:\/\/www.radiopiu.net\/wordpress\/wp-content\/uploads\/2022\/11\/bb7c3faf-51de-499e-8221-400183d8ad69-300x225.jpg 300w, https:\/\/www.radiopiu.net\/wordpress\/wp-content\/uploads\/2022\/11\/bb7c3faf-51de-499e-8221-400183d8ad69-1024x768.jpg 1024w, https:\/\/www.radiopiu.net\/wordpress\/wp-content\/uploads\/2022\/11\/bb7c3faf-51de-499e-8221-400183d8ad69-768x576.jpg 768w, https:\/\/www.radiopiu.net\/wordpress\/wp-content\/uploads\/2022\/11\/bb7c3faf-51de-499e-8221-400183d8ad69-1536x1152.jpg 1536w, https:\/\/www.radiopiu.net\/wordpress\/wp-content\/uploads\/2022\/11\/bb7c3faf-51de-499e-8221-400183d8ad69.jpg 2048w\" sizes=\"auto, (max-width: 192px) 100vw, 192px\" \/><\/a>BELLUNO<\/strong> Al via sabato mattina il Natale nel capoluogo; l&#8217;avvio dei mercatini di Piazza dei Martiri sar\u00e0 solo il primo appuntamento di un mese ricco di eventi.<\/p>\n<p><strong>di Daniele Dalvit<\/strong><\/p>\n<audio class=\"wp-audio-shortcode\" id=\"audio-308980-4\" preload=\"none\" style=\"width: 100%;\" controls=\"controls\"><source type=\"audio\/mpeg\" src=\"https:\/\/www.radiopiu.net\/wordpress\/wp-content\/uploads\/2022\/11\/DALVIT-Servizio-Presentazione-Natale-2022.mp3?_=4\" \/><a href=\"https:\/\/www.radiopiu.net\/wordpress\/wp-content\/uploads\/2022\/11\/DALVIT-Servizio-Presentazione-Natale-2022.mp3\">https:\/\/www.radiopiu.net\/wordpress\/wp-content\/uploads\/2022\/11\/DALVIT-Servizio-Presentazione-Natale-2022.mp3<\/a><\/audio>\n<p>&nbsp;<\/p>\n<hr \/>\n<p>&nbsp;<\/p>\n<blockquote>\n<h3>CON IL CUORE&#8230; IL GRAZIE A CHI HA SERVITO L&#8217;ARMA<\/h3>\n<\/blockquote>\n<p><strong>BELLUNO<\/strong>\u00a0 <em>\u201cRingraziare chi ha servito l\u2019Istituzione per tanti anni, con impegno e determinazione, \u00e8 importante. Perch\u00e9 dopo tanti anni, l\u2019Uniforme fa parte di te e toglierla non \u00e8 mai facile\u201d<\/em>. \u00c8 con queste parole che il Colonnello Enrico Pigozzo, ieri mattina, ha salutato i Carabinieri che nel prossimo mese saranno posti in congedo dal servizio attivo. Si tratta del Luogotenente carica speciale Walter Azzalini, Comandante della Stazione Carabinieri di Mel (che si \u00e8 fatto conoscere anche nell&#8217;Agordino, nella caserma di Ponte Rova ad Agordo), del Luogotentene Ivan Pautasso, in servizio al Nucleo Informativo del Comando Provinciale Carabinieri di Belluno, del Brigadiere Capo qualifica speciale Andrea Pin, in servizio al Nucleo Investigativo del Comando Provinciale Carabinieri di Belluno, del Brigadiere Capo qualifica speciale Cristiano Stefanelli, in servizio alla Centrale Operativa della Compagnia di Feltre e degli Appuntati Scelti qualifica speciale Cristian Lonati (ricordato con grande affetto stima ed amicizia ad Agordo dove \u00e8 cresciuto professionalmente) e Paolo Moggiol, effettivi alla Centrale Operativa della Compagnia di Belluno.<em> \u201cNoi non facciamo i Carabinieri. Noi siamo Carabinieri. E lo rimaniamo anche dopo il congedo\u201d<\/em>, ha aggiunto il Comandante Provinciale, stringendo la mano a ciascuno dei militari, mentre gli consegnava una pergamena ricordo, con una citazione dal \u201cGalateo del Carabiniere\u201d, storica pubblicazione che nel 1879 accoglieva i giovani appena arruolati nell\u2019Arma.ha aggiunto il Comandante. A tutti loro un sincero grazie per aver servito la collettivit\u00e0 tra le fila dell\u2019Arma.<\/p>\n<p><a class=\"dt-pswp-item\" href=\"https:\/\/www.radiopiu.net\/wordpress\/wp-content\/uploads\/2022\/11\/997c9836-0cc3-49ca-b3c9-e3980984a1d7.jpg\" data-dt-img-description=\"\" data-large_image_width=\"1314\" data-large_image_height=\"974\"><img loading=\"lazy\" decoding=\"async\" class=\"alignnone wp-image-309053 size-full\" src=\"https:\/\/www.radiopiu.net\/wordpress\/wp-content\/uploads\/2022\/11\/997c9836-0cc3-49ca-b3c9-e3980984a1d7.jpg\" alt=\"\" width=\"1314\" height=\"974\" srcset=\"https:\/\/www.radiopiu.net\/wordpress\/wp-content\/uploads\/2022\/11\/997c9836-0cc3-49ca-b3c9-e3980984a1d7.jpg 1314w, https:\/\/www.radiopiu.net\/wordpress\/wp-content\/uploads\/2022\/11\/997c9836-0cc3-49ca-b3c9-e3980984a1d7-300x222.jpg 300w, https:\/\/www.radiopiu.net\/wordpress\/wp-content\/uploads\/2022\/11\/997c9836-0cc3-49ca-b3c9-e3980984a1d7-1024x759.jpg 1024w, https:\/\/www.radiopiu.net\/wordpress\/wp-content\/uploads\/2022\/11\/997c9836-0cc3-49ca-b3c9-e3980984a1d7-768x569.jpg 768w\" sizes=\"auto, (max-width: 1314px) 100vw, 1314px\" \/><\/a><\/p>\n<p>&nbsp;<\/p>\n<hr \/>\n<p>&nbsp;<\/p>\n<blockquote>\n<h3>MANCA IL PROFESSORE, LA QUINTA CHIMICI DELL&#8217;ISTITUTO FOLLADOR-DE ROSSI PROTESTA<\/h3>\n<\/blockquote>\n<p><strong><a class=\"dt-pswp-item\" href=\"https:\/\/www.radiopiu.net\/wordpress\/wp-content\/uploads\/2020\/05\/Il-laboratorio-chimico-foto-di-repertorio-1.jpg\" data-dt-img-description=\"\" data-large_image_width=\"1280\" data-large_image_height=\"960\"><img loading=\"lazy\" decoding=\"async\" class=\" wp-image-135599 alignleft\" src=\"https:\/\/www.radiopiu.net\/wordpress\/wp-content\/uploads\/2020\/05\/Il-laboratorio-chimico-foto-di-repertorio-1-300x225.jpg\" alt=\"\" width=\"204\" height=\"153\" srcset=\"https:\/\/www.radiopiu.net\/wordpress\/wp-content\/uploads\/2020\/05\/Il-laboratorio-chimico-foto-di-repertorio-1-300x225.jpg 300w, https:\/\/www.radiopiu.net\/wordpress\/wp-content\/uploads\/2020\/05\/Il-laboratorio-chimico-foto-di-repertorio-1-1024x768.jpg 1024w, https:\/\/www.radiopiu.net\/wordpress\/wp-content\/uploads\/2020\/05\/Il-laboratorio-chimico-foto-di-repertorio-1-768x576.jpg 768w, https:\/\/www.radiopiu.net\/wordpress\/wp-content\/uploads\/2020\/05\/Il-laboratorio-chimico-foto-di-repertorio-1.jpg 1280w\" sizes=\"auto, (max-width: 204px) 100vw, 204px\" \/><\/a>AGORDO<\/strong><\/p>\n<p>di Gianni Santomaso<\/p>\n<audio class=\"wp-audio-shortcode\" id=\"audio-308980-5\" preload=\"none\" style=\"width: 100%;\" controls=\"controls\"><source type=\"audio\/mpeg\" src=\"https:\/\/www.radiopiu.net\/wordpress\/wp-content\/uploads\/2022\/11\/GIANNI-LA-PROTESTA-DELLA-QUINTA-CHIMICA-FOLLADOR.mp3?_=5\" \/><a href=\"https:\/\/www.radiopiu.net\/wordpress\/wp-content\/uploads\/2022\/11\/GIANNI-LA-PROTESTA-DELLA-QUINTA-CHIMICA-FOLLADOR.mp3\">https:\/\/www.radiopiu.net\/wordpress\/wp-content\/uploads\/2022\/11\/GIANNI-LA-PROTESTA-DELLA-QUINTA-CHIMICA-FOLLADOR.mp3<\/a><\/audio>\n<p>&nbsp;<\/p>\n<p>&nbsp;<\/p>\n<hr \/>\n<p>&nbsp;<\/p>\n<div class=\"page-title-head hgroup\">\n<blockquote>\n<h3 class=\"entry-title\">5^ CHIMICI SENZA PROFESSORE, LE CONSIDERAZIONI DEL DIRIGENTE<\/h3>\n<\/blockquote>\n<\/div>\n<p><strong>REDAZIONE<\/strong> Abbiamo pubblicato ieri la lettera degli studenti della quinta chimici al polo scolastico Follador-De Rossi di Agordo, riprendiamo oggi l&#8217;argomento con la replica del dirigente scolastico, il professor Claudio Magalini che pubblichiamo integralmente.<\/p>\n<p>&nbsp;<\/p>\n<div class=\"moz-text-html\" lang=\"x-western\">\n<div class=\"elementToProof\">\n<p dir=\"ltr\"><span class=\"ContentPasted0\"><a class=\"dt-pswp-item\" href=\"https:\/\/www.radiopiu.net\/wordpress\/wp-content\/uploads\/2022\/08\/CLAUDIO-MAGALINI.jpg\" data-dt-img-description=\"\" data-large_image_width=\"1600\" data-large_image_height=\"1309\"><img loading=\"lazy\" decoding=\"async\" class=\" wp-image-292088 alignleft\" src=\"https:\/\/www.radiopiu.net\/wordpress\/wp-content\/uploads\/2022\/08\/CLAUDIO-MAGALINI-300x245.jpg\" alt=\"\" width=\"238\" height=\"194\" srcset=\"https:\/\/www.radiopiu.net\/wordpress\/wp-content\/uploads\/2022\/08\/CLAUDIO-MAGALINI-300x245.jpg 300w, https:\/\/www.radiopiu.net\/wordpress\/wp-content\/uploads\/2022\/08\/CLAUDIO-MAGALINI-1024x838.jpg 1024w, https:\/\/www.radiopiu.net\/wordpress\/wp-content\/uploads\/2022\/08\/CLAUDIO-MAGALINI-768x628.jpg 768w, https:\/\/www.radiopiu.net\/wordpress\/wp-content\/uploads\/2022\/08\/CLAUDIO-MAGALINI-1536x1257.jpg 1536w, https:\/\/www.radiopiu.net\/wordpress\/wp-content\/uploads\/2022\/08\/CLAUDIO-MAGALINI.jpg 1600w\" sizes=\"auto, (max-width: 238px) 100vw, 238px\" \/><\/a>Con riferimento alla lettera presentata dai ragazzi della classe 5^ dell&#8217;indirizzo chimico, sono molto stupito e amareggiato per il loro intervento. <\/span><span class=\"ContentPasted0\">E\u2019 innegabile che il disagio esiste ma l\u2019impeto, la drammaticit\u00e0 e la frettolosit\u00e0 che caratterizzano i giovani adolescenti li ha portati a conclusioni completamente esagerate e inopportune. <\/span><span class=\"ContentPasted0\">Innanzitutto preciso che il problema dell\u2019assenza dell\u2019insegnante si \u00e8 verificato da pochi giorni, precisamente dal 21 Novembre, giorno previsto per la presa di servizio del docente sulla nuova cattedra a questi assegnata in quanto vincitore del concorso straordinario. <\/span><span class=\"ContentPasted0\">Appena saputo della nomina, io e i miei collaboratori ci siamo subito attivati per trovare una soluzione che per\u00f2 non poteva, e non pu\u00f2, avere risoluzione immediata perch\u00e9 ogni volta che una cattedra risulta libera servono dei tempi tecnici per l\u2019individuazione del docente che la ricoprir\u00e0 (scorrimento di una graduatoria provinciale con chiamata dei docenti che hanno il diritto di valutare l\u2019opportunit\u00e0 di accettare o meno il nuovo incarico e, se non ce ne sono di disponibili, verifica delle graduatorie di istituto e degli istituti viciniori e poi ancora consultazione delle messe a disposizione ed infine interpello a livello nazionale presso altri uffici scolastici provinciali): fin da subito comunque l\u2019Ufficio scolastico provinciale si \u00e8 attivato per la parte di sua competenza. <\/span><span class=\"ContentPasted0\">L&#8217;individuazione e l\u2019assegnazione del ruolo a migliaia di docenti \u00e8 una risposta importante al precariato nella scuola e questo \u00e8 un dato di fatto molto positivo anche se la tempistica sta creando qualche problema. <\/span><span class=\"ContentPasted0\">Tutto questo, ai ragazzi, \u00e8 stato spiegato ed \u00e8 stato chiesto loro di avere pazienza e fiducia in chi stava intervenendo, ma constato con rammarico che evidentemente non \u00e8 bastato.<\/span><\/p>\n<p dir=\"ltr\"><strong>Il dirigente scolastico <\/strong><strong>prof. Claudio Magalini<\/strong><\/p>\n<p dir=\"ltr\">\n<\/div>\n<\/div>\n<blockquote>\n<h3>DILLO A RADIO PIU&#8217;&#8230;LA QUINTA CHIMICI SENZA PROFESSORE DI TECNOLOGIA CHIMICA INDUSTRIALE<\/h3>\n<\/blockquote>\n<p>&nbsp;<\/p>\n<div><strong>Ieri, la lettera<\/strong><\/div>\n<div>\n<p><strong>REDAZIONE<\/strong> Riceviamo e pubblichiamo una lettera aperta arrivata dalla <img loading=\"lazy\" decoding=\"async\" class=\"alignleft\" src=\"https:\/\/www.radiopiu.net\/wordpress\/wp-content\/uploads\/2022\/11\/th-15.jpg\" width=\"284\" height=\"91\" \/>classe quinta chimici dell&#8217;istituto Follador-De Rossi. Una classe preoccupata per la mancanza di un insegnate di tecnologia chimica industriale, materia fondamentale per il raggiungimento della maturit\u00e0.<\/p>\n<blockquote><p><em>A nome di tutta la classe quinta frequentante l\u2019istituto tecnico tecnologico indirizzo chimica e materiali presso l\u2019Istituto di Istruzione Superiore \u201cFollador &#8211; De Rossi\u201d di Agordo, vorrei porre alla Vostra attenzione la preoccupante situazione che si \u00e8 venuta a creare proprio in questi giorni. Attualmente la nostra classe \u00e8 senza il professore di \u201ctecnologia chimica industriale\u201d, a seguito dell\u2019assegnazione allo stesso della cattedra presso l\u2019Istituto di Istruzione Superiore \u201cTomaso Catullo\u201d di Belluno, con annesso passaggio di ruolo. L\u2019apprensione legata a questo evento nasce dal fatto che si tratta di una materia fondamentale del percorso formativo dell\u2019indirizzo, oltre ad essere molto probabilmente la disciplina sulla quale verter\u00e0 la seconda prova dell\u2019esame di Stato. Inoltre, vorremmo sottolineare che il professore si ritrova ora a dover coprire le ore d\u2019insegnamento su due Istituti distinti, mantenendo ad Agordo l\u2019istruzione di alcune classi dell\u2019indirizzo stesso. Per quanto riguarda l\u2019orario della nostra classe, per\u00f2, il professore \u00e8 impossibilitato a svolgere le lezioni in quanto occupato in altra sede. Ovviamente siamo fiduciosi che la situazione possa risolversi in tempi brevi, visto anche l\u2019interessamento dell\u2019Istituto \u201cU. Follador &#8211; A. De Rossi\u201d al riguardo. Tuttavia, riteniamo che queste decisioni prese a fine novembre da chi di competenza in Regione si ripercuotano in modo negativo sull\u2019apprendimento degli studenti, soprattutto di coloro che a fine anno devono sostenere l\u2019esame di maturit\u00e0.<\/em><\/p>\n<p><em>Classe 5^ chimico<\/em><\/p><\/blockquote>\n<\/div>\n<p>&nbsp;<\/p>\n<hr \/>\n<p>&nbsp;<\/p>\n<p><strong>DI TIZIANO DE COL<\/strong><\/p>\n\n\t\t\t<style type='text\/css'>\n\t\t\t\t#gallery-2 {\n\t\t\t\t\tmargin: auto;\n\t\t\t\t}\n\t\t\t\t#gallery-2 .gallery-item {\n\t\t\t\t\tfloat: left;\n\t\t\t\t\tmargin-top: 10px;\n\t\t\t\t\ttext-align: center;\n\t\t\t\t\twidth: 33%;\n\t\t\t\t}\n\t\t\t\t#gallery-2 img {\n\t\t\t\t\tborder: 2px solid #cfcfcf;\n\t\t\t\t}\n\t\t\t\t#gallery-2 .gallery-caption {\n\t\t\t\t\tmargin-left: 0;\n\t\t\t\t}\n\t\t\t\t\/* see gallery_shortcode() in wp-includes\/media.php *\/\n\t\t\t<\/style>\n\t\t<div id='gallery-2' class='dt-gallery-container gallery galleryid-308980 gallery-columns-3 gallery-size-medium'><dl class='gallery-item'>\n\t\t\t\t<dt class='gallery-icon landscape'>\n\t\t\t\t\t<a class=\"rollover rollover-zoom dt-pswp-item\" title=\"faa97e9a-1a0e-487e-9ea3-8d68405ba4f7\" data-dt-img-description=\"\" data-large_image_width=\"580\" data-large_image_height=\"357\"href='https:\/\/www.radiopiu.net\/wordpress\/wp-content\/uploads\/2022\/11\/faa97e9a-1a0e-487e-9ea3-8d68405ba4f7.jpg'><img loading=\"lazy\" decoding=\"async\" width=\"300\" height=\"185\" src=\"https:\/\/www.radiopiu.net\/wordpress\/wp-content\/uploads\/2022\/11\/faa97e9a-1a0e-487e-9ea3-8d68405ba4f7-300x185.jpg\" class=\"attachment-medium size-medium\" alt=\"\" srcset=\"https:\/\/www.radiopiu.net\/wordpress\/wp-content\/uploads\/2022\/11\/faa97e9a-1a0e-487e-9ea3-8d68405ba4f7-300x185.jpg 300w, https:\/\/www.radiopiu.net\/wordpress\/wp-content\/uploads\/2022\/11\/faa97e9a-1a0e-487e-9ea3-8d68405ba4f7.jpg 580w\" sizes=\"auto, (max-width: 300px) 100vw, 300px\" \/><\/a>\n\t\t\t\t<\/dt><\/dl><dl class='gallery-item'>\n\t\t\t\t<dt class='gallery-icon landscape'>\n\t\t\t\t\t<a class=\"rollover rollover-zoom dt-pswp-item\" title=\"1fcc2cf6-5a84-421f-ab13-170a4997cbc3\" data-dt-img-description=\"\" data-large_image_width=\"587\" data-large_image_height=\"379\"href='https:\/\/www.radiopiu.net\/wordpress\/wp-content\/uploads\/2022\/11\/1fcc2cf6-5a84-421f-ab13-170a4997cbc3.jpg'><img loading=\"lazy\" decoding=\"async\" width=\"300\" height=\"194\" src=\"https:\/\/www.radiopiu.net\/wordpress\/wp-content\/uploads\/2022\/11\/1fcc2cf6-5a84-421f-ab13-170a4997cbc3-300x194.jpg\" class=\"attachment-medium size-medium\" alt=\"\" srcset=\"https:\/\/www.radiopiu.net\/wordpress\/wp-content\/uploads\/2022\/11\/1fcc2cf6-5a84-421f-ab13-170a4997cbc3-300x194.jpg 300w, https:\/\/www.radiopiu.net\/wordpress\/wp-content\/uploads\/2022\/11\/1fcc2cf6-5a84-421f-ab13-170a4997cbc3.jpg 587w\" sizes=\"auto, (max-width: 300px) 100vw, 300px\" \/><\/a>\n\t\t\t\t<\/dt><\/dl><dl class='gallery-item'>\n\t\t\t\t<dt class='gallery-icon landscape'>\n\t\t\t\t\t<a class=\"rollover rollover-zoom dt-pswp-item\" title=\"ba5ed6f0-70d3-4187-ad18-2c694efdc108\" data-dt-img-description=\"\" data-large_image_width=\"610\" data-large_image_height=\"354\"href='https:\/\/www.radiopiu.net\/wordpress\/wp-content\/uploads\/2022\/11\/ba5ed6f0-70d3-4187-ad18-2c694efdc108.jpg'><img loading=\"lazy\" decoding=\"async\" width=\"300\" height=\"174\" src=\"https:\/\/www.radiopiu.net\/wordpress\/wp-content\/uploads\/2022\/11\/ba5ed6f0-70d3-4187-ad18-2c694efdc108-300x174.jpg\" class=\"attachment-medium size-medium\" alt=\"\" srcset=\"https:\/\/www.radiopiu.net\/wordpress\/wp-content\/uploads\/2022\/11\/ba5ed6f0-70d3-4187-ad18-2c694efdc108-300x174.jpg 300w, https:\/\/www.radiopiu.net\/wordpress\/wp-content\/uploads\/2022\/11\/ba5ed6f0-70d3-4187-ad18-2c694efdc108.jpg 610w\" sizes=\"auto, (max-width: 300px) 100vw, 300px\" \/><\/a>\n\t\t\t\t<\/dt><\/dl><br style=\"clear: both\" \/>\n\t\t\t<\/div>\n\n<p>&nbsp;<\/p>\n<blockquote class=\"wp-embedded-content\" data-secret=\"kioS3FJFcF\"><p><a href=\"https:\/\/www.radiopiu.net\/wordpress\/aziendazeronovembre30\/\">IN TERAPIA INTENSIVA 57 PAZIENTI GRAVI, RICOVERI SEMPRE IN CRESCITA, 10 I DECESSI<\/a><\/p><\/blockquote>\n<p><iframe loading=\"lazy\" class=\"wp-embedded-content\" sandbox=\"allow-scripts\" security=\"restricted\" style=\"position: absolute; clip: rect(1px, 1px, 1px, 1px);\" title=\"&#8220;IN TERAPIA INTENSIVA 57 PAZIENTI GRAVI, RICOVERI SEMPRE IN CRESCITA, 10 I DECESSI&#8221; &#8212; Radio Pi\u00f9\" src=\"https:\/\/www.radiopiu.net\/wordpress\/aziendazeronovembre30\/embed\/#?secret=w90EO2gA3U#?secret=kioS3FJFcF\" data-secret=\"kioS3FJFcF\" width=\"600\" height=\"338\" frameborder=\"0\" marginwidth=\"0\" marginheight=\"0\" scrolling=\"no\"><\/iframe><\/p>\n<p>&nbsp;<\/p>\n<hr \/>\n<p>&nbsp;<\/p>\n<blockquote>\n<h3>PRESENTATO IL BILANCIO DI 10 ANNI DI ATTIVITA&#8217; DELL&#8217;UNITA&#8217; DI CRISI<\/h3>\n<\/blockquote>\n<p><strong><a class=\"dt-pswp-item\" href=\"https:\/\/www.radiopiu.net\/wordpress\/wp-content\/uploads\/2022\/03\/Logo_VenetoLavoro.png\" data-dt-img-description=\"\" data-large_image_width=\"1791\" data-large_image_height=\"482\"><img loading=\"lazy\" decoding=\"async\" class=\" wp-image-264807 alignleft\" src=\"https:\/\/www.radiopiu.net\/wordpress\/wp-content\/uploads\/2022\/03\/Logo_VenetoLavoro-300x81.png\" alt=\"\" width=\"189\" height=\"51\" srcset=\"https:\/\/www.radiopiu.net\/wordpress\/wp-content\/uploads\/2022\/03\/Logo_VenetoLavoro-300x81.png 300w, https:\/\/www.radiopiu.net\/wordpress\/wp-content\/uploads\/2022\/03\/Logo_VenetoLavoro-1024x276.png 1024w, https:\/\/www.radiopiu.net\/wordpress\/wp-content\/uploads\/2022\/03\/Logo_VenetoLavoro-768x207.png 768w, https:\/\/www.radiopiu.net\/wordpress\/wp-content\/uploads\/2022\/03\/Logo_VenetoLavoro-1536x413.png 1536w, https:\/\/www.radiopiu.net\/wordpress\/wp-content\/uploads\/2022\/03\/Logo_VenetoLavoro.png 1791w\" sizes=\"auto, (max-width: 189px) 100vw, 189px\" \/><\/a>VENEZIA <\/strong>\u201c<em>Sono stati dieci anni molto intensi nei quali, grazie alla creazione dell\u2019Unit\u00e0 di crisi aziendali regionale, il Veneto \u00e8 diventato un vero laboratorio di innovazione sociale. Oggi siamo un soggetto credibile e autorevole a tutti i tavoli nel confronto con le parti sociali, caratterizzato da forti relazioni con i soggetti dell\u2019amministrazione centrale. E tutto ci\u00f2 ha contribuito a portare a soluzione anche situazioni di crisi molto complesse<\/em>\u201d. Cos\u00ec l\u2019Assessore regionale al lavoro Elena Donazzan ha introdotto il bilancio di dieci anni di attivit\u00e0 dell\u2019Unit\u00e0 di crisi aziendale regionale insieme al dirigente dell\u2019Unit\u00e0, Mattia Losego di Veneto Lavoro. \u201c<em>Sono state gestite complessivamente 277 crisi complesse, nelle quali sono stati coinvolti 50.000 lavoratori diretti; 61 di tali crisi sono state gestite in collaborazione con strutture ministeriali &#8211; spiega Losego -. Il lavoro dell\u2019unit\u00e0 di crisi ha portato a 32 cessioni\/subentri, dei quali 19 solo nell\u2019ultimo triennio, promossi per garantire continuit\u00e0 occupazionale e produttiva alle imprese in crisi&#8221;<\/em>.<\/p>\n<p>&nbsp;<\/p>\n<p>&nbsp;<\/p>\n<hr \/>\n<p>&nbsp;<\/p>\n<blockquote>\n<h3>OGGI LA GIORNATA MONDIALE CONTRO L&#8217;AIDS<\/h3>\n<\/blockquote>\n<p><strong>VENEZIA <\/strong>\u201c<em>La giornata mondiale dell\u20191 dicembre ci ricorda che anche dopo 2 anni di Covid-19 non bisogna abbassare la guardia contro l\u2019HIV. In questo ambito, i dati ci confermano che anche nel Veneto sono stati fatti progressi significativi dagli anni \u201890, ma rimane ancora un problema globale di salute pubblica e come nella lotta a altre importanti patologie \u00e8 necessario uno sforzo ulteriore nonostante l\u2019emergenza sanitaria legata alla diffusione del Coronavirus<\/em>\u201d. Cos\u00ec l\u2019assessore alla Sanit\u00e0 del Veneto, Manuela Lanzarin, commenta il quadro regionale del contrasto all\u2019HIV che di consueto viene illustrato per la Giornata nazionale contro l\u2019AIDS che si celebra oggi<\/p>\n<p>&nbsp;<\/p>\n<p>&nbsp;<\/p>\n<hr \/>\n<p>&nbsp;<\/p>\n<blockquote>\n<h3><a class=\"dt-pswp-item\" href=\"https:\/\/www.radiopiu.net\/wordpress\/wp-content\/uploads\/2022\/11\/Elezioni-sezione-di-Ponte.jpeg\" data-dt-img-description=\"\" data-large_image_width=\"2048\" data-large_image_height=\"1536\"><img loading=\"lazy\" decoding=\"async\" class=\" wp-image-309077 alignleft\" src=\"https:\/\/www.radiopiu.net\/wordpress\/wp-content\/uploads\/2022\/11\/Elezioni-sezione-di-Ponte-300x225.jpeg\" alt=\"\" width=\"167\" height=\"125\" srcset=\"https:\/\/www.radiopiu.net\/wordpress\/wp-content\/uploads\/2022\/11\/Elezioni-sezione-di-Ponte-300x225.jpeg 300w, https:\/\/www.radiopiu.net\/wordpress\/wp-content\/uploads\/2022\/11\/Elezioni-sezione-di-Ponte-1024x768.jpeg 1024w, https:\/\/www.radiopiu.net\/wordpress\/wp-content\/uploads\/2022\/11\/Elezioni-sezione-di-Ponte-768x576.jpeg 768w, https:\/\/www.radiopiu.net\/wordpress\/wp-content\/uploads\/2022\/11\/Elezioni-sezione-di-Ponte-1536x1152.jpeg 1536w, https:\/\/www.radiopiu.net\/wordpress\/wp-content\/uploads\/2022\/11\/Elezioni-sezione-di-Ponte.jpeg 2048w\" sizes=\"auto, (max-width: 167px) 100vw, 167px\" \/><\/a>PAOLO DE VETTOR IL NUOVO SEGRETARIO DELLA LEGA A PONTE NELLE ALPI<\/h3>\n<\/blockquote>\n<p><strong>PONTE NELLE ALPI<\/strong> Si ricostituisce la sezione Lega di Ponte nelle Alpi. Dopo due anni di commissariamento, il gruppo ha un nuovo segretario. Sar\u00e0 Paolo De Vettor a guidare, da qui ai prossimi anni, il partito pontalpino affiancato dai due consiglieri Agnieszka Barbara Dal Pont e Vittorio Casanova. L\u2019elezione \u00e8 avvenuta marted\u00ec sera, nel corso del congresso di sezione.<\/p>\n<p><strong>IL NUOVO SEGRETARIO DELLA LEGA DI PONTE NELLE ALPI PAOLO DE VETTOR<\/strong><\/p>\n<audio class=\"wp-audio-shortcode\" id=\"audio-308980-6\" preload=\"none\" style=\"width: 100%;\" controls=\"controls\"><source type=\"audio\/mpeg\" src=\"https:\/\/www.radiopiu.net\/wordpress\/wp-content\/uploads\/2022\/11\/De-Vettor-su-elezioni.mp3?_=6\" \/><a href=\"https:\/\/www.radiopiu.net\/wordpress\/wp-content\/uploads\/2022\/11\/De-Vettor-su-elezioni.mp3\">https:\/\/www.radiopiu.net\/wordpress\/wp-content\/uploads\/2022\/11\/De-Vettor-su-elezioni.mp3<\/a><\/audio>\n<p>&nbsp;<\/p>\n<hr \/>\n<p>&nbsp;<\/p>\n<blockquote>\n<h3>DE TOFFOL LA FIORERIA AD AGORDO, LA NUOVA FIORERIA E MEZZO SECOLO DI STORIA<\/h3>\n<\/blockquote>\n<p><strong><a class=\"dt-pswp-item\" href=\"https:\/\/www.radiopiu.net\/wordpress\/wp-content\/uploads\/2022\/11\/301582670_579205740661572_5292908379791919159_n.jpg\" data-dt-img-description=\"\" data-large_image_width=\"960\" data-large_image_height=\"540\"><img loading=\"lazy\" decoding=\"async\" class=\"wp-image-309060 alignleft\" src=\"https:\/\/www.radiopiu.net\/wordpress\/wp-content\/uploads\/2022\/11\/301582670_579205740661572_5292908379791919159_n-300x169.jpg\" alt=\"\" width=\"167\" height=\"94\" srcset=\"https:\/\/www.radiopiu.net\/wordpress\/wp-content\/uploads\/2022\/11\/301582670_579205740661572_5292908379791919159_n-300x169.jpg 300w, https:\/\/www.radiopiu.net\/wordpress\/wp-content\/uploads\/2022\/11\/301582670_579205740661572_5292908379791919159_n-768x432.jpg 768w, https:\/\/www.radiopiu.net\/wordpress\/wp-content\/uploads\/2022\/11\/301582670_579205740661572_5292908379791919159_n.jpg 960w\" sizes=\"auto, (max-width: 167px) 100vw, 167px\" \/><\/a>AGORDO<\/strong> Alma Fattor con Eugenio De Toffol sarebbero orgogliosi di quanto hanno saputo mantenere e costruire i loro figli, Fabrizio ed Elisa. Le loro fatiche non sono state inutili, hanno costruito le fondamenta per il loro futuro, ed i figli hanno saputo raccogliere quel testimone per poi condividerlo a loro volta con i figli Erik e\u00a0 Genny E&#8217; una storia di famiglia, di tre generazioni cresciute con gli agordini, accanto agli agordini, in ogni momento della vita. Oggi quella storia continua, perch\u00e9 la Fioreria De Toffol si rinnova, nei locali e negli stimoli. E&#8217; una storia iniziata 50 anni fa e,\u00a0 mezzo secolo dopo il primo taglio del nastro ecco una nuova inaugurazione, sempre in via 27 aprile, nel rispetto della professione tramandata da padre in figlio, da madre in figlia.<strong> SABATO ALLE 16 SIETE TUTTI INVITATI ALL&#8217;INAUGURAZIONE DELLA NUOVA FIORERIA DE TOFFOL LA FIORERIA AD AGORDO!<\/strong><\/p>\n<p>&nbsp;<\/p>\n<p style=\"text-align: center;\"><strong>NEL RICORDO DI ALMA ED EUGENIO<\/strong><\/p>\n<p><a class=\"dt-pswp-item\" href=\"https:\/\/www.radiopiu.net\/wordpress\/wp-content\/uploads\/2022\/11\/fioreria.jpg\" data-dt-img-description=\"\" data-large_image_width=\"827\" data-large_image_height=\"644\"><img loading=\"lazy\" decoding=\"async\" class=\"size-medium wp-image-309062 aligncenter\" src=\"https:\/\/www.radiopiu.net\/wordpress\/wp-content\/uploads\/2022\/11\/fioreria-300x234.jpg\" alt=\"\" width=\"300\" height=\"234\" srcset=\"https:\/\/www.radiopiu.net\/wordpress\/wp-content\/uploads\/2022\/11\/fioreria-300x234.jpg 300w, https:\/\/www.radiopiu.net\/wordpress\/wp-content\/uploads\/2022\/11\/fioreria-768x598.jpg 768w, https:\/\/www.radiopiu.net\/wordpress\/wp-content\/uploads\/2022\/11\/fioreria.jpg 827w\" sizes=\"auto, (max-width: 300px) 100vw, 300px\" \/><\/a><\/p>\n<p>&nbsp;<\/p>\n<hr \/>\n<p>&nbsp;<\/p>\n<blockquote>\n<h3><a class=\"dt-pswp-item\" href=\"https:\/\/www.radiopiu.net\/wordpress\/wp-content\/uploads\/2022\/11\/coppa-d-oro-podio.jpg\" data-dt-img-description=\"\" data-large_image_width=\"1600\" data-large_image_height=\"2000\"><img loading=\"lazy\" decoding=\"async\" class=\"wp-image-309115 alignleft\" src=\"https:\/\/www.radiopiu.net\/wordpress\/wp-content\/uploads\/2022\/11\/coppa-d-oro-podio-240x300.jpg\" alt=\"\" width=\"118\" height=\"148\" srcset=\"https:\/\/www.radiopiu.net\/wordpress\/wp-content\/uploads\/2022\/11\/coppa-d-oro-podio-240x300.jpg 240w, https:\/\/www.radiopiu.net\/wordpress\/wp-content\/uploads\/2022\/11\/coppa-d-oro-podio-819x1024.jpg 819w, https:\/\/www.radiopiu.net\/wordpress\/wp-content\/uploads\/2022\/11\/coppa-d-oro-podio-768x960.jpg 768w, https:\/\/www.radiopiu.net\/wordpress\/wp-content\/uploads\/2022\/11\/coppa-d-oro-podio-1229x1536.jpg 1229w, https:\/\/www.radiopiu.net\/wordpress\/wp-content\/uploads\/2022\/11\/coppa-d-oro-podio.jpg 1600w\" sizes=\"auto, (max-width: 118px) 100vw, 118px\" \/><\/a>52ESIMA COPPA D\u2019ORO, VINCE IL GUSTO MALAGA DI BARBARA BETTERA DI RIVOLTA D\u2019ADDA<\/h3>\n<\/blockquote>\n<p><strong>LONGARONE <\/strong>\u00c8 di Barbara Bettera, della gelateria \u201cIl gelato di Barbara\u201d di Rivolta d\u2019Adda (Cremona) la Coppa d\u2019Oro 2022, storico concorso della Mostra del Gelato artigianale giunta alla 52. edizione. Nel gusto malaga &#8211; scelto quest\u2019anno come banco di prova per i migliori gelatieri &#8211; Bettera ha vinto la sua seconda Coppa d\u2019Oro dopo il successo del 2019, superando Sergio Del Favero (\u201cPausa gelato\u201d di Arcade, Treviso) e Thomas Infanti (\u201cAntiche tentazioni\u201d di Padova). Premio \u201cCreativit\u00e0\u201d per la vaschetta di gelato malaga pi\u00f9 bella, invece a Francesco Balestra (\u201cLa Delizia\u201d di Ottaviano \u2013 NA).<\/p>\n<p>&nbsp;<\/p>\n<p>&nbsp;<\/p>\n<hr \/>\n<p>&nbsp;<\/p>\n<blockquote>\n<h3><span style=\"color: #000000;\">SCUOLA APERTA, PRESENTAZIONE A PUNTATE DELL&#8217;OFFERTA SCOLASTICA DEL FOLLADOR-DE ROSSI<\/span><\/h3>\n<\/blockquote>\n<p><span style=\"color: #0000ff;\"><strong><img loading=\"lazy\" decoding=\"async\" class=\"alignleft\" src=\"https:\/\/www.radiopiu.net\/wordpress\/wp-content\/uploads\/2022\/11\/314698118_581414027119381_7246002118125712625_n.jpg\" width=\"226\" height=\"139\" \/>TERZA PUNTATA TECNICO ECONOMICO PER IL\u00a0 TURISMO\u00a0<\/strong><\/span><\/p>\n<p>Settore turistico \u00e8 il\u00a0 filo conduttore di questo corso di studi, importante per il territorio<\/p>\n<audio class=\"wp-audio-shortcode\" id=\"audio-308980-7\" preload=\"none\" style=\"width: 100%;\" controls=\"controls\"><source type=\"audio\/mpeg\" src=\"https:\/\/www.radiopiu.net\/wordpress\/wp-content\/uploads\/2022\/11\/f-FOLLADOR-6-TECNICO-TURISMO.mp3?_=7\" \/><a href=\"https:\/\/www.radiopiu.net\/wordpress\/wp-content\/uploads\/2022\/11\/f-FOLLADOR-6-TECNICO-TURISMO.mp3\">https:\/\/www.radiopiu.net\/wordpress\/wp-content\/uploads\/2022\/11\/f-FOLLADOR-6-TECNICO-TURISMO.mp3<\/a><\/audio>\n<p>&nbsp;<\/p>\n<p><strong>LA RACCOLTA COMPLETA<\/strong><\/p>\n<blockquote class=\"wp-embedded-content\" data-secret=\"s8mgg7AWBF\"><p><a href=\"https:\/\/www.radiopiu.net\/wordpress\/scuola-aperta-terza-puntata-tecnico-economico-per-il-turismo\/\">SCUOLA APERTA, TERZA PUNTATA &#8220;TECNICO ECONOMICO PER IL\u00a0 TURISMO&#8221;<\/a><\/p><\/blockquote>\n<p><iframe loading=\"lazy\" class=\"wp-embedded-content\" sandbox=\"allow-scripts\" security=\"restricted\" style=\"position: absolute; clip: rect(1px, 1px, 1px, 1px);\" title=\"&#8220;SCUOLA APERTA, TERZA PUNTATA &#8220;TECNICO ECONOMICO PER IL\u00a0 TURISMO&#8221;&#8221; &#8212; Radio Pi\u00f9\" src=\"https:\/\/www.radiopiu.net\/wordpress\/scuola-aperta-terza-puntata-tecnico-economico-per-il-turismo\/embed\/#?secret=oZpHB7jlUq#?secret=s8mgg7AWBF\" data-secret=\"s8mgg7AWBF\" width=\"600\" height=\"338\" frameborder=\"0\" marginwidth=\"0\" marginheight=\"0\" scrolling=\"no\"><\/iframe><\/p>\n<p>&nbsp;<\/p>\n<p>&nbsp;<\/p>\n<p>&nbsp;<\/p>\n<hr \/>\n<p>&nbsp;<\/p>\n<blockquote>\n<h2>NATALE A BELLUNO CON L&#8217;ASSOCIAZIONE CAMPEDEL<\/h2>\n<\/blockquote>\n<p><strong>BELLUNO<\/strong> Anche per questo Natale l\u2019Associazione Campedel propone una serie di visite guidate gratuite a 3 chiese di Belluno. Il primo appuntamento \u00e8 previsto per sabato alle 15 presso la Cattedrale.\u00a0 Il 10 dicembre\u00a0 alle 15 la visita alla chiesa di Santo Stefano.\u00a0 Il 17 dicembre alle 15, la chiesa dei Santi Quirico e Giulitta, l\u2019antica parrocchiale di Cavarzano. Le visite guidate sono gratuite e organizzate in collaborazione con le parrocchie Duomo-Loreto, di Santo Stefano e di Cavarzano. Non \u00e8 necessaria l\u2019iscrizione. Appuntamento davanti alle chiese.<\/p>\n<p>&nbsp;<\/p>\n<p>&nbsp;<\/p>\n<hr \/>\n<p>&nbsp;<\/p>\n<blockquote>\n<h3>IL PIANO COMUNALE DI PROTEZIONE CIVILE DI TAIBON<\/h3>\n<\/blockquote>\n<p><strong>TAIBON<\/strong> L&#8217;amministrazione comunale invita la cittadinanza alla presentazione del piano comunale di Protezione Civile del comune di Taibon. La serata \u00e8 in programma domani nella sala Don Tamis di Agordo con inizio alle 20. Sar\u00e0 il redattore del piano di Protezione Civile, l&#8217;ingegner Girola, a presentare la serata. Tutta la popolazione \u00e8 invitata.<\/p>\n<p>&nbsp;<\/p>\n<p>&nbsp;<\/p>\n<p>&nbsp;<\/p>\n<p>&nbsp;<\/p>\n<hr \/>\n<p>&nbsp;<\/p>\n<p>&nbsp;<\/p>\n<blockquote>\n<h3><a class=\"dt-pswp-item\" href=\"https:\/\/www.radiopiu.net\/wordpress\/wp-content\/uploads\/2022\/11\/Senza-nome-125.jpg\" data-dt-img-description=\"\" data-large_image_width=\"644\" data-large_image_height=\"210\"><img loading=\"lazy\" decoding=\"async\" class=\" wp-image-309169 alignleft\" src=\"https:\/\/www.radiopiu.net\/wordpress\/wp-content\/uploads\/2022\/11\/Senza-nome-125-300x98.jpg\" alt=\"\" width=\"263\" height=\"86\" srcset=\"https:\/\/www.radiopiu.net\/wordpress\/wp-content\/uploads\/2022\/11\/Senza-nome-125-300x98.jpg 300w, https:\/\/www.radiopiu.net\/wordpress\/wp-content\/uploads\/2022\/11\/Senza-nome-125.jpg 644w\" sizes=\"auto, (max-width: 263px) 100vw, 263px\" \/><\/a>REEEEEEEEEEEEEEEE&#8230; UNION. VENERDI SERA ALLA FABBRICA IN PEDAVENA LA VALLE AGORDINA<\/h3>\n<\/blockquote>\n<p><strong>REDAZIONE<\/strong> Massimo &#8220;Canon&#8221;, Federico\u00a0 Manfroi &#8220;coccia&#8221; Roberto Lorenzet, Andrea Fiocco ci raccontano gli Union e i Re-Union, questi ultimi suoneranno venerdi sera dalle 21 in localit\u00e0 Le Campe (La Valle) Alla Fabbrica in Pedavena Valle Agordina.<\/p>\n<p>&nbsp;<\/p>\n<p><strong>LA NOSTRA INTERVISTA, I LORO RICORDI<\/strong><\/p>\n<audio class=\"wp-audio-shortcode\" id=\"audio-308980-8\" preload=\"none\" style=\"width: 100%;\" controls=\"controls\"><source type=\"audio\/mpeg\" src=\"https:\/\/www.radiopiu.net\/wordpress\/wp-content\/uploads\/2022\/11\/REUNION-DIRETTA.mp3?_=8\" \/><a href=\"https:\/\/www.radiopiu.net\/wordpress\/wp-content\/uploads\/2022\/11\/REUNION-DIRETTA.mp3\">https:\/\/www.radiopiu.net\/wordpress\/wp-content\/uploads\/2022\/11\/REUNION-DIRETTA.mp3<\/a><\/audio>\n<p>&nbsp;<\/p>\n<p>&nbsp;<\/p>\n<p>&nbsp;<\/p>\n<hr \/>\n<blockquote>\n<h3><\/h3>\n<h3>SANTA BARBARA, LA PATRONA DEI VIGILI DEL FUOCO<\/h3>\n<\/blockquote>\n<p><strong><a class=\"dt-pswp-item\" href=\"https:\/\/www.radiopiu.net\/wordpress\/wp-content\/uploads\/2022\/09\/VIGILI-DEL-FUOCO-8-1.jpg\" data-dt-img-description=\"\" data-large_image_width=\"1599\" data-large_image_height=\"899\"><img loading=\"lazy\" decoding=\"async\" class=\" wp-image-299555 alignleft\" src=\"https:\/\/www.radiopiu.net\/wordpress\/wp-content\/uploads\/2022\/09\/VIGILI-DEL-FUOCO-8-1-300x169.jpg\" alt=\"\" width=\"205\" height=\"115\" srcset=\"https:\/\/www.radiopiu.net\/wordpress\/wp-content\/uploads\/2022\/09\/VIGILI-DEL-FUOCO-8-1-300x169.jpg 300w, https:\/\/www.radiopiu.net\/wordpress\/wp-content\/uploads\/2022\/09\/VIGILI-DEL-FUOCO-8-1-1024x576.jpg 1024w, https:\/\/www.radiopiu.net\/wordpress\/wp-content\/uploads\/2022\/09\/VIGILI-DEL-FUOCO-8-1-768x432.jpg 768w, https:\/\/www.radiopiu.net\/wordpress\/wp-content\/uploads\/2022\/09\/VIGILI-DEL-FUOCO-8-1-1536x864.jpg 1536w, https:\/\/www.radiopiu.net\/wordpress\/wp-content\/uploads\/2022\/09\/VIGILI-DEL-FUOCO-8-1.jpg 1599w\" sizes=\"auto, (max-width: 205px) 100vw, 205px\" \/><\/a>BELLUNO <\/strong>Domenica 4 dicembre ricorre la tradizionale festivita\u0300 di Santa Barbara, patrona del Corpo Nazionale dei Vigili del Fuoco. Nella la sede centrale di via Col da Ren si svolgera\u0300 la celebrazione patronale a carattere provinciale ma momenti celebrativi sono comunque previsti anche nelle sedi distaccate. Alle 10 la deposione della corona d&#8217;alloro al monumento in onore dei Vigili del Fuoco caduti in servizio, alle 10:30 la santa messa e alle 11:30 il saluto del comandante e la consegna dei diplomi di lodevole servizio e delle croci di anzianit\u00e0. Esposizione dei mezzi sul piazzale della sede e nell&#8217;atrio principale della sede la mostra fotografica di Carlotta Osta.<\/p>\n<p>&nbsp;<\/p>\n<blockquote>\n<h3>LA SANTA BARBARA DEI PERITI MINERARI<\/h3>\n<\/blockquote>\n<p><strong>AGORDO<\/strong> I periti minerari\u00a0 dell&#8217;Apim si preparano a festeggiare la loro patrona, santa Barbara. L&#8217;appuntamento \u00e8 per sabato 3 dicembre, con il ritrovo alle 9,45 nella chiesa arcidiaconale e poi alle 10 la celebrazione della messa, accompagnata dalla Schola cantorum di La Valle, diretta da Lucio De Cassan. Alle 11\u00a0 in sala &#8220;Don Tamis&#8221;,\u00a0 tradizionale cerimonia di consegna delle borse di studio agli studenti del Follador pi\u00f9 meritevoli.<\/p>\n<blockquote>\n<h3>SANTA BARBARA 2022, VENERDI E SABATO A FALCADE, L&#8217;INTERVISTA ALLA RADIO<\/h3>\n<\/blockquote>\n<p><strong><img loading=\"lazy\" decoding=\"async\" class=\"alignleft\" src=\"https:\/\/www.radiopiu.net\/wordpress\/wp-content\/uploads\/2022\/11\/DAVIDE.jpg\" width=\"179\" height=\"133\" \/>REDAZIONE<\/strong> Davide Da Roit, futuro perito minerario. E&#8217; l&#8217;ospite della trasmissione di RADIOPIU che racconta le fatiche e l&#8217;impegno di un gruppo di giovani, i diplomandi del Follador Minerario che venerdi e sabato organizzano Santa Barbara: la festa! Con Davide parliamo del programma dell&#8217;evento e di molto altro<\/p>\n<p><strong>AUDIO<\/strong><\/p>\n<audio class=\"wp-audio-shortcode\" id=\"audio-308980-9\" preload=\"none\" style=\"width: 100%;\" controls=\"controls\"><source type=\"audio\/mpeg\" src=\"https:\/\/www.radiopiu.net\/wordpress\/wp-content\/uploads\/2022\/11\/santa-barbara-davide.mp3?_=9\" \/><a href=\"https:\/\/www.radiopiu.net\/wordpress\/wp-content\/uploads\/2022\/11\/santa-barbara-davide.mp3\">https:\/\/www.radiopiu.net\/wordpress\/wp-content\/uploads\/2022\/11\/santa-barbara-davide.mp3<\/a><\/audio>\n<p>&nbsp;<\/p>\n<blockquote>\n<h3>SANTA BARBARA A SOSPIROLO<\/h3>\n<\/blockquote>\n<p><strong>SOSPIROLO<\/strong> Il Comitato di Santa Barbara, Minatori, Famiglia ex Emigranti, Artiglieri, Vigili del Fuoco e Marinai con il patrocinio del Comune di Sospirolo organizzano la Festa di Santa Barbara per domenica 4 dicembre. Il programma al mattino prevede alle 8.30 ritrovo a Gron per la deposizione di un omaggio floreale al monumento ai Caduti, alle 9.15 ritrovo in cimitero a Sospirolo per la deposizione di un omaggio floreale all&#8217;altro monumento ai Caduti. Alle 10 si terr\u00e0 la Santa Messa nella chiesa parrocchiale di Sospirolo; seguiranno la processione con la statua della Santa e la deposizione di un omaggio floreale al Monumento ai Caduti sul Lavoro in Piazza Lexy. Nel pomeriggio alle 17.30 al Centro civico la Pro loco &#8220;Monti del Sole&#8221; propone il concerto per Santa Barbara con il Coro Minimo Bellunese diretto da Gianluca Nicolai, dedicato ai collaboratori della Pro loco purtroppo mancati nel corso dell&#8217;ultimo anno: Luisa Vall Graells, Luigi Selle, Quinto Meneghel, Arcangela Vedana, Fulvio Vedana e Giordano Tegner, persone che tanto si sono impegnate, collaborando con la Pro loco, per migliorare Sospirolo partecipi di quel volontariato che costituisce l\u2019anima di un paese e ne d\u00e0 l\u2019identit\u00e0.\u00a0 Ingresso libero fino ad esaurimento posti. Per info: <a href=\"http:\/\/www.sospirolo.net\" target=\"_blank\" rel=\"noopener\">www.sospirolo.net<\/a>, <a href=\"mailto:proloco@sospirolo.net\" target=\"_blank\" rel=\"noopener\">proloco@sospirolo.net<\/a>, 320 334 2082<\/p>\n<p>&nbsp;<\/p>\n<hr \/>\n<p>&nbsp;<\/p>\n<blockquote>\n<h3>OTHELLO TANGO, VENERDI 9 DICEMBRE AL TEATRO COMUNALE DI BELLUNO<\/h3>\n<\/blockquote>\n<div><\/div>\n<blockquote>\n<div><a class=\"dt-pswp-item\" href=\"https:\/\/www.radiopiu.net\/wordpress\/wp-content\/uploads\/2022\/11\/Senza-nome-114.jpg\" data-dt-img-description=\"\" data-large_image_width=\"524\" data-large_image_height=\"278\"><img loading=\"lazy\" decoding=\"async\" class=\" wp-image-308653 alignleft\" src=\"https:\/\/www.radiopiu.net\/wordpress\/wp-content\/uploads\/2022\/11\/Senza-nome-114-300x159.jpg\" alt=\"\" width=\"285\" height=\"151\" srcset=\"https:\/\/www.radiopiu.net\/wordpress\/wp-content\/uploads\/2022\/11\/Senza-nome-114-300x159.jpg 300w, https:\/\/www.radiopiu.net\/wordpress\/wp-content\/uploads\/2022\/11\/Senza-nome-114.jpg 524w\" sizes=\"auto, (max-width: 285px) 100vw, 285px\" \/><\/a><br role=\"presentation\" \/><em><span dir=\"ltr\" role=\"presentation\">\u201c<\/span><span dir=\"ltr\" role=\"presentation\">Guardatevi dalla gelosia, mio signore! \u00c8 un mostro dagli occhi verdi che si<\/span><\/em><br role=\"presentation\" \/><em><span dir=\"ltr\" role=\"presentation\">diletta col cibo di cui si nutre<\/span><span dir=\"ltr\" role=\"presentation\">.\u201d W. Shakespeare \/ Othello<\/span><\/em><\/div>\n<\/blockquote>\n<div class=\"textLayer\"><strong><span dir=\"ltr\" role=\"presentation\">RASSEGNA DI DANZA, <\/span><\/strong><span dir=\"ltr\" role=\"presentation\">Venerd\u00ec 9 dicembre\u00a0 alle\u00a0 21 al Teatro Comunale di Belluno. <\/span><span dir=\"ltr\" role=\"presentation\">Dopo il successo strepitoso di Romeo y Julieta Tango la compagnia Naturalis Labor torna ad <\/span><span dir=\"ltr\" role=\"presentation\">esplorare attraverso il linguaggio della danza e del tango Shakespeare in uno <\/span><span dir=\"ltr\" role=\"presentation\">dei suoi testi pi\u00f9 conosciuti l\u2019Othello, con un cast di dodici danzatori. <\/span><span dir=\"ltr\" role=\"presentation\">Il tango rappresenta nell\u2019immaginario collettivo la passione, la sensualit\u00e0. <\/span><span dir=\"ltr\" role=\"presentation\">Qui il coreografo Luciano Padovani con un linguaggio sempre in bilico tra il <\/span><span dir=\"ltr\" role=\"presentation\">tango<\/span> <span dir=\"ltr\" role=\"presentation\">e<\/span> <span dir=\"ltr\" role=\"presentation\">la danza ci racconta una storia di amore e di morte. Un lavoro <\/span><span dir=\"ltr\" role=\"presentation\">attento con un cast di dodici poliedrici danzatori\/tangueros con le scene di <\/span><span dir=\"ltr\" role=\"presentation\">Mauro Zocchetta e Gloria Gandini, i costumi di<\/span> <span dir=\"ltr\" role=\"presentation\">Chiara Defant e le luci di <\/span><span dir=\"ltr\" role=\"presentation\">Thomas Heuger.<\/span><\/div>\n<div><\/div>\n<div>\n<p><iframe loading=\"lazy\" title=\"Othello Tango, in scena passione e gelosia.\" width=\"1200\" height=\"675\" src=\"https:\/\/www.youtube.com\/embed\/sgUa08f_opM?feature=oembed\" frameborder=\"0\" allow=\"accelerometer; autoplay; clipboard-write; encrypted-media; gyroscope; picture-in-picture\" allowfullscreen><\/iframe><\/p>\n<\/div>\n<p><strong><span dir=\"ltr\" role=\"presentation\">BIGLIETTERIA FISICA<\/span><span dir=\"ltr\" role=\"presentation\">: <\/span><\/strong><span dir=\"ltr\" role=\"presentation\">\u2013 MUSEO CIVICO DI BELLUNO \u2013 PALAZZO FULCIS <\/span><span dir=\"ltr\" role=\"presentation\">Via Roma, 28 \u2013 32100 Belluno (BL): 0437 913323 <\/span><strong><span dir=\"ltr\" role=\"presentation\">BIGLIETTERIA ONLINE<\/span><\/strong> <span dir=\"ltr\" role=\"presentation\">su www.midaticket.it o www.vivaticket.com <\/span><span dir=\"ltr\" style=\"color: #ff0000;\" role=\"presentation\">ABBONAMENTO<\/span> <span dir=\"ltr\" role=\"presentation\">platea e galleria centrale <\/span><span dir=\"ltr\" role=\"presentation\">&#8211; Intero \u20ac 76 <\/span><span dir=\"ltr\" role=\"presentation\">\u00a0Ridotto (Over 60 \u2013 Under 30) \u20ac 56<\/span><br role=\"presentation\" \/><span dir=\"ltr\" role=\"presentation\"><span style=\"color: #ff0000;\">BIGLIETTI<\/span> <\/span><span dir=\"ltr\" role=\"presentation\">&#8211;<\/span><span dir=\"ltr\" role=\"presentation\">INTERO <\/span><span dir=\"ltr\" role=\"presentation\">Platea e galleria centrale \u20ac 32 <\/span><span dir=\"ltr\" role=\"presentation\">Galleria laterale \u20ac 27 <\/span><span dir=\"ltr\" role=\"presentation\">Loggione centrale \u20ac 18 <\/span><span dir=\"ltr\" role=\"presentation\">Per le<\/span> <span dir=\"ltr\" role=\"presentation\">PROMOZIONI DEDICATE<\/span> <span dir=\"ltr\" role=\"presentation\">a riferirsi alla biglietteria presso il<\/span> <span dir=\"ltr\" role=\"presentation\">Museo Civico <\/span>di Belluno &#8211; Tel al 0437 913323 \u2013 SCUOLE DI DANZA \u2013 FAMIGLIA (2 adulti + 2 under 18) \u2013 RIDUZIONI EXTRA \u2013 CARTA DOCENTI<\/p>\n<p>&nbsp;<\/p>\n<p>&nbsp;<\/p>\n<hr \/>\n<p>&nbsp;<\/p>\n<blockquote>\n<h3>LIMANA E I SUOI COLORI<\/h3>\n<\/blockquote>\n<p><strong>LIMANA <\/strong>Il Comune di Limana, Ufficio Cultura e Biblioteca, ed il Circolo Artistico &#8220;Mario Morales&#8221;, inaugureranno la\u00a0 60^ Collettiva Circolo Artistico &#8220;Mario Morales&#8221; Limana E I Suoi Colori. L&#8217;appuntamento \u00e8 per domenica alle 11 al municipio di Limana. La mostra sar\u00e0 visitabile fino al 26 dicembre. Orari di apertura: Venerd\u00ec, sabato, domenica dalle 15.00 alle 17.00. Domenica 25 dicembre chiuso. Luned\u00ec 26 dicembre dalle 15.00 alle 17.00<\/p>\n<p>&nbsp;<\/p>\n<p>&nbsp;<\/p>\n<hr \/>\n<p>&nbsp;<\/p>\n<blockquote>\n<h2>LA FESTA DEI BAMBINI AMBASCIATORI DELL\u2019ACQUA<\/h2>\n<\/blockquote>\n<p><strong>BELLUNO\u00a0<\/strong> L\u2019Associazione Pomi d\u2019Ottone e Insieme si pu\u00f2\u00a0 organizzano\u00a0 per sabato alle 14.30 la\u00a0 festa dei bambini ambasciatori dell&#8217;acqua, ovvero per coloro che hanno deciso di impegnarsi per aiutare i loro coetanei, che vivono in Uganda senza accesso all\u2019acqua potabile.\u00a0 Il programma della festa:\u00a0 \u00a0CANTASTORIE con RACCONTI DELL\u2019ALTRO MONDO (per sorridere riflettendo),\u00a0 COLLEGAMENTO VIDEO per conoscere i BAMBINI UGANDESI,\u00a0 MERENDA DELL\u2019ALTRO MONDO,\u00a0 MUSICA E BALLO,\u00a0 BAMBINI BELLUNESI PER I BAMBINI UGANDESI: IL PICCOLO SALVADANAIO SOLIDALE<\/p>\n<p>&nbsp;<\/p>\n<p>&nbsp;<\/p>\n<p>&nbsp;<\/p>\n<hr \/>\n<p>&nbsp;<\/p>\n<p><strong><a class=\"dt-pswp-item\" href=\"https:\/\/www.radiopiu.net\/wordpress\/wp-content\/uploads\/2022\/11\/Locandina-Barbarina_LOGHI-TUTTI.jpg\" data-dt-img-description=\"\" data-large_image_width=\"826\" data-large_image_height=\"1169\"><img loading=\"lazy\" decoding=\"async\" class=\" wp-image-307574 alignleft\" src=\"https:\/\/www.radiopiu.net\/wordpress\/wp-content\/uploads\/2022\/11\/Locandina-Barbarina_LOGHI-TUTTI-212x300.jpg\" alt=\"\" width=\"108\" height=\"153\" srcset=\"https:\/\/www.radiopiu.net\/wordpress\/wp-content\/uploads\/2022\/11\/Locandina-Barbarina_LOGHI-TUTTI-212x300.jpg 212w, https:\/\/www.radiopiu.net\/wordpress\/wp-content\/uploads\/2022\/11\/Locandina-Barbarina_LOGHI-TUTTI-724x1024.jpg 724w, https:\/\/www.radiopiu.net\/wordpress\/wp-content\/uploads\/2022\/11\/Locandina-Barbarina_LOGHI-TUTTI-768x1087.jpg 768w, https:\/\/www.radiopiu.net\/wordpress\/wp-content\/uploads\/2022\/11\/Locandina-Barbarina_LOGHI-TUTTI.jpg 826w\" sizes=\"auto, (max-width: 108px) 100vw, 108px\" \/><\/a><\/strong><\/p>\n<blockquote>\n<h3>C&#8217;ERA UNA VOLTA&#8230; BARBARINA E I NOVE COLOMBI<\/h3>\n<\/blockquote>\n<p><strong>FELTRE\u00a0<\/strong> Oggi alle 17.30 il Polo Bibliotecario di Feltre ospiter\u00e0 la presentazione del libro illustrato \u201cBarbarina e i nove colombi\u201d di Flavio Faoro e Marta Farina, vincitore nella sezione Best Illustration for Fiction 2019\u201d della dodicesima edizione del premio internazionale \u201cImage of the book\u201d di Mosca. All\u2019incontro interverr\u00e0 l\u2019Editore Roberto Da Re Giustiniani. Brani del libro letti da Silvana Vignaga.<\/p>\n<p>&nbsp;<\/p>\n<p>&nbsp;<\/p>\n<p>&nbsp;<\/p>\n<p>&nbsp;<\/p>\n<hr \/>\n<blockquote>\n<h3><\/h3>\n<h3>PROLUNGATA FINO AL 31 NOVEMBRE LA MOSTRA &#8220;FORESTE INFRANTE<\/h3>\n<\/blockquote>\n<p><strong>BELLUNO<\/strong> Si potr\u00e0 visitare fino al 31 dicembre la mostra \u201cForeste Infrante\u201d, che racconta, a partire dalle immagini dei francobolli, le tematiche ecologiche e della sostenibilit\u00e0, quattro anni dopo la tempesta Vaia. L\u2019esposizione \u00e8 realizzata in collaborazione con il Museo Postale e Telegrafico della Mitteleuropa di Trieste e potr\u00e0 essere visitata nell\u2019orario di apertura dell\u2019Ufficio Postale Belluno Castello (luned\u00ec \u2013 venerd\u00ec 8.20 \u2013 19.05; sabato 8.20 \u2013 12.35).<\/p>\n<p>&nbsp;<\/p>\n<p>&nbsp;<\/p>\n<hr \/>\n<p>&nbsp;<\/p>\n<a href=\"https:\/\/www.radiopiu.net\/wordpress\/wp-content\/uploads\/2022\/11\/locandina-MOVEMBER_23.11.22-1.pdf\" class=\"pdfemb-viewer\" style=\"\" data-width=\"max\" data-height=\"max\" data-toolbar=\"top\" data-toolbar-fixed=\"on\">locandina MOVEMBER_23.11.22<\/a>\n<p>&nbsp;<\/p>\n<hr \/>\n<p>&nbsp;<\/p>\n<a href=\"https:\/\/www.radiopiu.net\/wordpress\/wp-content\/uploads\/2022\/11\/03cf07e4-6473-49de-963e-d33951be129d.pdf\" class=\"pdfemb-viewer\" style=\"\" data-width=\"max\" data-height=\"max\" data-toolbar=\"top\" data-toolbar-fixed=\"on\">03cf07e4-6473-49de-963e-d33951be129d<\/a>\n<p>&nbsp;<\/p>\n<hr \/>\n<p>&nbsp;<\/p>\n<blockquote>\n<h3>&#8220;CAMPAGNA RECLUTAMENTO VOLONTARI&#8221;\u00a0, PARLANO LE ASSOCIAZIONI<\/h3>\n<\/blockquote>\n<h3><span style=\"color: #ff0000;\">Il nuovo programma radiofonico sul volontariato bellunese<\/span><\/h3>\n<p>il <strong>Comitato d\u2019Intesa<\/strong>\u00a0si lancia in un nuovo progetto.\u00a0<strong>\u201cUna Finestra sul Volontariato\u201d<\/strong> \u00e8 il programma radiofonico\u00a0 che ha l\u2019obiettivo di raccontare il mondo del volontariato nella provincia di Belluno, con le sue sfaccettature e la sua ricchezza. L\u2019iniziativa \u00e8 rivolta alla cittadinanza interessata a conoscere qualcosa di pi\u00f9 sul Terzo Settore, e alle associazioni che vogliono restare aggiornate e scoprire nuove opportunit\u00e0. Potete ascoltarci ogni <strong>secondo venerd\u00ec del mese<\/strong>\u00a0alle\u00a0<strong>ore 10.30<\/strong>\u00a0e alle\u00a0<strong>ore 19.00<\/strong> sulle frequenze di Radio Pi\u00f9.<\/p>\n<p>&nbsp;<\/p>\n<p><span style=\"color: #ff0000;\"><strong>NELLA PROSSIMA PUNTATA, VENERDI 9 DICEMBRE, CON CHIARA ROLDO, RENZO ANDRICH E SISTO DA ROIT\u00a0\u00a0<\/strong><\/span><\/p>\n<p><a class=\"dt-pswp-item\" href=\"https:\/\/www.radiopiu.net\/wordpress\/wp-content\/uploads\/2022\/11\/th-18.jpg\" data-dt-img-description=\"\" data-large_image_width=\"474\" data-large_image_height=\"474\"><img loading=\"lazy\" decoding=\"async\" class=\"wp-image-309011 alignleft\" src=\"https:\/\/www.radiopiu.net\/wordpress\/wp-content\/uploads\/2022\/11\/th-18-300x300.jpg\" alt=\"\" width=\"157\" height=\"157\" srcset=\"https:\/\/www.radiopiu.net\/wordpress\/wp-content\/uploads\/2022\/11\/th-18-300x300.jpg 300w, https:\/\/www.radiopiu.net\/wordpress\/wp-content\/uploads\/2022\/11\/th-18-150x150.jpg 150w, https:\/\/www.radiopiu.net\/wordpress\/wp-content\/uploads\/2022\/11\/th-18.jpg 474w\" sizes=\"auto, (max-width: 157px) 100vw, 157px\" \/><\/a>RADIO PIU&#8217; DA VOCE ALLE ASSOCIAZIONI, NEL NOTIZIARIO PRINCIPALE DELLE 12.30<\/p>\n<p><strong>LUIGI CENTA, ASSOCIAZIONI CINOFILI (FELTRE)<\/strong><\/p>\n<audio class=\"wp-audio-shortcode\" id=\"audio-308980-10\" preload=\"none\" style=\"width: 100%;\" controls=\"controls\"><source type=\"audio\/mpeg\" src=\"https:\/\/www.radiopiu.net\/wordpress\/wp-content\/uploads\/2022\/11\/centa-luigi-odd-cinofili.mp3?_=10\" \/><a href=\"https:\/\/www.radiopiu.net\/wordpress\/wp-content\/uploads\/2022\/11\/centa-luigi-odd-cinofili.mp3\">https:\/\/www.radiopiu.net\/wordpress\/wp-content\/uploads\/2022\/11\/centa-luigi-odd-cinofili.mp3<\/a><\/audio>\n<p>&nbsp;<\/p>\n<p>&nbsp;<\/p>\n<p><strong>LA RACCOLTA COMPLETA<\/strong><\/p>\n<blockquote class=\"wp-embedded-content\" data-secret=\"GrUpaQQxE3\"><p><a href=\"https:\/\/www.radiopiu.net\/wordpress\/una-finestra-sul-volontariato-del-comitato-dintesa\/\">UNA FINESTRA SUL VOLONTARIATO DEL COMITATO D&#8217;INTESA<\/a><\/p><\/blockquote>\n<p><iframe loading=\"lazy\" class=\"wp-embedded-content\" sandbox=\"allow-scripts\" security=\"restricted\" style=\"position: absolute; clip: rect(1px, 1px, 1px, 1px);\" title=\"&#8220;UNA FINESTRA SUL VOLONTARIATO DEL COMITATO D&#8217;INTESA&#8221; &#8212; Radio Pi\u00f9\" src=\"https:\/\/www.radiopiu.net\/wordpress\/una-finestra-sul-volontariato-del-comitato-dintesa\/embed\/#?secret=a1qLVdbiCk#?secret=GrUpaQQxE3\" data-secret=\"GrUpaQQxE3\" width=\"600\" height=\"338\" frameborder=\"0\" marginwidth=\"0\" marginheight=\"0\" scrolling=\"no\"><\/iframe><\/p>\n<p>&nbsp;<\/p>\n<hr \/>\n<p>&nbsp;<\/p>\n<blockquote>\n<h3>\u201cSIRENE\u201d 37 RACCONTI CON LA FINE E\u2019 IL LIBRO REALIZZATO (MAGGIO 1993) DA FRANCO SIRENA<\/h3>\n<\/blockquote>\n<p><strong>di Renato Bona<\/strong><\/p>\n<p>Non \u00e8 certo per narcisismo dell\u2019autore, che un vecchio libro dell\u2019amico Franco Sirena (l\u2019ho acquistato nel recente mercatino benefico organizzato dall\u2019amica Elisa Dalla Rossa nell\u2019ex negozio di barbiere della via Rialto nel centro storico di Belluno, a favore dell\u2019associazione Yolandre di cui \u00e8 impareggiabile animatrice e che opera nel Madagascar in particolare a favore di progetti per bambini) \u00e8 intitolato \u201cSirene\u201d, con la specificazione che si tratta di \u201c37 racconti con la fine\u201d. Perch\u00e9 Sirene? Forse per il fatto (lo scrive Elisabetta Moro nel sito \u201cillibraio.it\u201d) che \u201c queste creature dal canto profetico sanno leggere il futuro e conoscono il passato\u2026 ed il loro fascino coincide con la promessa di conoscenza che all\u2019uomo \u00e8 proibita&#8230;seduttrici per eccellenza, sono creature che popolano da sempre le nostre fantasie e il nostro immaginario, simbolo della tentazione erotica e del pericolo\u2026\u201d. O forse per tutt\u2019altro!\u2026 Tipo una forma di disagio che l\u2019autore dice di aver patito a lungo. Stampato nel maggio del 1993 con la tipografia Piave di Belluno, il libro &#8211; la copertina \u00e8 stata ideata dalla nipote dell\u2019autore, Marta Roldo &#8211; \u00e8 stato realizzato per la serie \u201cVarie\u201d dall\u2019Istituto bellunese di ricerche sociali e culturali ancor oggi guidato dal prof. Don Sergio Sacco, e si articola nei seguenti capitoli: \u201c1. maggio\u201d, \u201cCoro ed orchestra\u201d, \u201cIl tram\u201d, \u201cL\u2019ufficio\u201d, \u201cLa Preside\u201d, \u201cDi dove sono?\u201d, \u201cI figli\u201d, \u201cLa cortesia costa veramente poco\u201d, \u201cIl tuffo\u201d, \u201cL\u2019autovettura\u201d, \u201cL\u2019invito a pranzo\u201d, \u201cIl portale\u201d, \u201cTempi passati\u201d, \u201cLa volpe\u201d, \u201cIl dibattito\u201d, \u201cNostro padre\u201d, \u201cLa lingua italiana\u201d, \u201cIl delitto\u201d, \u201cLo stacco\u201d, \u201cIl delta\u201d, \u201cIl professore\u201d, \u201cLe stagioni\u201d, \u201cCan\u00e8t\u201d, \u201cIl mio dialetto\u201d, \u201cIl pero\u201d, \u201cIl frugolo\u201d, \u201cLa storia\u201d, \u201cL\u2019ipocrisia\u201d, \u201cIl titolo\u201d, \u201cLa pari opportunit\u00e0\u201d, \u201cRagazzi\u201d, \u201cIl nonnino\u201d, \u201cSirene\u201d, \u201cDiversi\u201d, \u201cQuel giorno\u201d, \u201cLa risposta di Giuseppe\u201d, \u201cL\u2019amica\u201d, \u201cFine\u201d. Franco Sirena, che ha dedicato questo suo lavoro alla moglie Silvana \u201cche mi ha riservato tutte le sue attenzioni ed il suo amore\u201d, precisa che fatti e personaggi risultano inventati ma si dice convinto che \u201csaranno in molti a trovare singolari analogie, arrabbiarsi o sorridere per essersi riconosciuti\u201d, cos\u00ec conclude: \u201cSanta pazienza, debbo convenire, perch\u00e9 sotto i cieli non esiste nulla di veramente nuovo\u201d. Nell\u2019impossibilit\u00e0, per evidenti ragioni di spazio, di soffermarci su ciascun racconto, indugiamo volentieri su quello dal titolo \u201cSirene\u201d con l\u2019autore a spiegare che \u201cIl cognome Sirena fa rima con tante parole, mentre Viel, Da Rolt, Bortot, Caldart, Fornasier, Fistarol, Zanfron, tutti cognomi locali, non trovano facile consonanza, almeno nella dolce lingua manzoniana\u201d e a precisare: \u201cNon ero quindi molto orgoglioso del mio cognome che dava adito ad infinite filastrocche e difenderlo mi cost\u00f2 la rottura di tantissimi occhiali\u201d. Occhiali che &#8211; aggiunge &#8211; sopportavo veramente controvoglia e non so se in conseguenza del cognome o, perch\u00e9 li dovevo assolutamente inforcare sul naso. Che fossi bello od interessante con o senza gli occhiali non determinava alcuna importanza, ma ogni volta che chiamavano Sirena, mi accorgevo di esserne il possessore. A questo punto, chiudiamo riportando ancora il pensiero di Franco Sirena: \u201c\u2026 Mi fosse stato possibile a quei tempi, avrei cambiato cognome. Forse non sarebbe successo niente, ma le occasioni di rotture e sostituzioni, con tutta probabilit\u00e0, avrebbero avuto un altro decorso. La mia giovanile esistenza e quella futura, come la pensavo allora, si sarebbe notevolmente semplificata. Non so quale cognome, ma certo uno che non avrebbe permesso alcuna rima piana, sdrucciola o bisdrucciola. E gli occhiali? Quelli sarebbe stato possibile sostituirli in qualsiasi momento, causa le diottrie ballerine in quella delicata fase evolutiva, che si mostravano tremolanti pi\u00f9 di una dispettosa scimmia danzante sul trespolo\u2026\u201d.<\/p>\n\n\t\t\t<style type='text\/css'>\n\t\t\t\t#gallery-3 {\n\t\t\t\t\tmargin: auto;\n\t\t\t\t}\n\t\t\t\t#gallery-3 .gallery-item {\n\t\t\t\t\tfloat: left;\n\t\t\t\t\tmargin-top: 10px;\n\t\t\t\t\ttext-align: center;\n\t\t\t\t\twidth: 25%;\n\t\t\t\t}\n\t\t\t\t#gallery-3 img {\n\t\t\t\t\tborder: 2px solid #cfcfcf;\n\t\t\t\t}\n\t\t\t\t#gallery-3 .gallery-caption {\n\t\t\t\t\tmargin-left: 0;\n\t\t\t\t}\n\t\t\t\t\/* see gallery_shortcode() in wp-includes\/media.php *\/\n\t\t\t<\/style>\n\t\t<div id='gallery-3' class='dt-gallery-container gallery galleryid-308980 gallery-columns-4 gallery-size-thumbnail'><dl class='gallery-item'>\n\t\t\t\t<dt class='gallery-icon portrait'>\n\t\t\t\t\t<a class=\"rollover rollover-zoom dt-pswp-item\" title=\"316967137_520906633289298_1731974909529248050_n\" data-dt-img-description=\"\" data-large_image_width=\"158\" data-large_image_height=\"225\"href='https:\/\/www.radiopiu.net\/wordpress\/wp-content\/uploads\/2022\/11\/316967137_520906633289298_1731974909529248050_n.jpg'><img loading=\"lazy\" decoding=\"async\" width=\"150\" height=\"150\" src=\"https:\/\/www.radiopiu.net\/wordpress\/wp-content\/uploads\/2022\/11\/316967137_520906633289298_1731974909529248050_n-150x150.jpg\" class=\"attachment-thumbnail size-thumbnail\" alt=\"\" \/><\/a>\n\t\t\t\t<\/dt><\/dl><dl class='gallery-item'>\n\t\t\t\t<dt class='gallery-icon portrait'>\n\t\t\t\t\t<a class=\"rollover rollover-zoom dt-pswp-item\" title=\"313455874_812180186521756_3696814719453597946_n\" data-dt-img-description=\"\" data-large_image_width=\"155\" data-large_image_height=\"206\"href='https:\/\/www.radiopiu.net\/wordpress\/wp-content\/uploads\/2022\/11\/313455874_812180186521756_3696814719453597946_n.jpg'><img loading=\"lazy\" decoding=\"async\" width=\"150\" height=\"150\" src=\"https:\/\/www.radiopiu.net\/wordpress\/wp-content\/uploads\/2022\/11\/313455874_812180186521756_3696814719453597946_n-150x150.jpg\" class=\"attachment-thumbnail size-thumbnail\" alt=\"\" \/><\/a>\n\t\t\t\t<\/dt><\/dl><dl class='gallery-item'>\n\t\t\t\t<dt class='gallery-icon landscape'>\n\t\t\t\t\t<a class=\"rollover rollover-zoom dt-pswp-item\" title=\"314398728_836958817418960_7598681612816694273_n\" data-dt-img-description=\"\" data-large_image_width=\"297\" data-large_image_height=\"170\"href='https:\/\/www.radiopiu.net\/wordpress\/wp-content\/uploads\/2022\/11\/314398728_836958817418960_7598681612816694273_n.jpg'><img loading=\"lazy\" decoding=\"async\" width=\"150\" height=\"150\" src=\"https:\/\/www.radiopiu.net\/wordpress\/wp-content\/uploads\/2022\/11\/314398728_836958817418960_7598681612816694273_n-150x150.jpg\" class=\"attachment-thumbnail size-thumbnail\" alt=\"\" \/><\/a>\n\t\t\t\t<\/dt><\/dl><dl class='gallery-item'>\n\t\t\t\t<dt class='gallery-icon portrait'>\n\t\t\t\t\t<a class=\"rollover rollover-zoom dt-pswp-item\" title=\"315922027_1549211325540477_1811550756915916987_n\" data-dt-img-description=\"\" data-large_image_width=\"150\" data-large_image_height=\"247\"href='https:\/\/www.radiopiu.net\/wordpress\/wp-content\/uploads\/2022\/11\/315922027_1549211325540477_1811550756915916987_n.webp'><img loading=\"lazy\" decoding=\"async\" width=\"150\" height=\"150\" src=\"https:\/\/www.radiopiu.net\/wordpress\/wp-content\/uploads\/2022\/11\/315922027_1549211325540477_1811550756915916987_n-150x150.webp\" class=\"attachment-thumbnail size-thumbnail\" alt=\"\" \/><\/a>\n\t\t\t\t<\/dt><\/dl><br style=\"clear: both\" \/>\n\t\t\t<\/div>\n\n<p>&nbsp;<\/p>\n<p>NELLE FOTO (Renato Bona, siti: skuola.net e il Mulino): la copertina del libro \u201cSirene\u201d; l\u2019autore, Franco Sirena; un gruppo delle creature mitologiche dalla voce seducente\u2026; Elisabetta Moro, \u00e8 autrice di un pregevole specifico libro sulle sirene.<\/p>\n<p>&nbsp;<\/p>\n<p>&nbsp;<\/p>\n<hr \/>\n<p>&nbsp;<\/p>\n<h2><span style=\"color: #339966;\">IERI ALLA RADIO<\/span><\/h2>\n<h2><span style=\"color: #ff6600;\">SE NON LA SMETTI TI MANDO DAL PRESIDE<\/span><\/h2>\n<p><img loading=\"lazy\" decoding=\"async\" class=\"alignleft\" src=\"https:\/\/www.radiopiu.net\/wordpress\/wp-content\/uploads\/2022\/11\/scuola-zaino.jpeg\" width=\"128\" height=\"85\" \/><\/p>\n<p><strong>CON LA PROF. MARIA ROSA SALMAZO<\/strong><\/p>\n<audio class=\"wp-audio-shortcode\" id=\"audio-308980-11\" preload=\"none\" style=\"width: 100%;\" controls=\"controls\"><source type=\"audio\/mpeg\" src=\"https:\/\/www.radiopiu.net\/wordpress\/wp-content\/uploads\/2022\/11\/se-non-la-smetti-7-puntata.mp3?_=11\" \/><a href=\"https:\/\/www.radiopiu.net\/wordpress\/wp-content\/uploads\/2022\/11\/se-non-la-smetti-7-puntata.mp3\">https:\/\/www.radiopiu.net\/wordpress\/wp-content\/uploads\/2022\/11\/se-non-la-smetti-7-puntata.mp3<\/a><\/audio>\n<p>&nbsp;<\/p>\n<p><strong>LA RACCOLTA COMPLETA<\/strong><\/p>\n<blockquote class=\"wp-embedded-content\" data-secret=\"N5o7H5sDyS\"><p><a href=\"https:\/\/www.radiopiu.net\/wordpress\/se-non-la-smetti-di-mando-dal-preside\/\">SE NON LA SMETTI TI MANDO DAL PRESIDE<\/a><\/p><\/blockquote>\n<p><iframe loading=\"lazy\" class=\"wp-embedded-content\" sandbox=\"allow-scripts\" security=\"restricted\" style=\"position: absolute; clip: rect(1px, 1px, 1px, 1px);\" title=\"&#8220;SE NON LA SMETTI TI MANDO DAL PRESIDE&#8221; &#8212; Radio Pi\u00f9\" src=\"https:\/\/www.radiopiu.net\/wordpress\/se-non-la-smetti-di-mando-dal-preside\/embed\/#?secret=YGSpuu5QWT#?secret=N5o7H5sDyS\" data-secret=\"N5o7H5sDyS\" width=\"600\" height=\"338\" frameborder=\"0\" marginwidth=\"0\" marginheight=\"0\" scrolling=\"no\"><\/iframe><\/p>\n<p>&nbsp;<\/p>\n<p>&nbsp;<\/p>\n<hr \/>\n<p>&nbsp;<\/p>\n<h2><span style=\"color: #008000;\">CISL, LA VOCE PER I LAVORATORI<\/span><\/h2>\n<p><strong><a class=\"dt-pswp-item\" href=\"https:\/\/www.radiopiu.net\/wordpress\/wp-content\/uploads\/2022\/10\/Milena-Cesca-2022-1.jpeg\" data-dt-img-description=\"\" data-large_image_width=\"1600\" data-large_image_height=\"1200\"><img loading=\"lazy\" decoding=\"async\" class=\"wp-image-303457 alignleft\" src=\"https:\/\/www.radiopiu.net\/wordpress\/wp-content\/uploads\/2022\/10\/Milena-Cesca-2022-1-300x225.jpeg\" alt=\"\" width=\"147\" height=\"110\" srcset=\"https:\/\/www.radiopiu.net\/wordpress\/wp-content\/uploads\/2022\/10\/Milena-Cesca-2022-1-300x225.jpeg 300w, https:\/\/www.radiopiu.net\/wordpress\/wp-content\/uploads\/2022\/10\/Milena-Cesca-2022-1-1024x768.jpeg 1024w, https:\/\/www.radiopiu.net\/wordpress\/wp-content\/uploads\/2022\/10\/Milena-Cesca-2022-1-768x576.jpeg 768w, https:\/\/www.radiopiu.net\/wordpress\/wp-content\/uploads\/2022\/10\/Milena-Cesca-2022-1-1536x1152.jpeg 1536w, https:\/\/www.radiopiu.net\/wordpress\/wp-content\/uploads\/2022\/10\/Milena-Cesca-2022-1.jpeg 1600w\" sizes=\"auto, (max-width: 147px) 100vw, 147px\" \/><\/a>PUNTATA 01, MILENA CESCA SEGRETARIA AGGIUNTA FEMCA CISL_BELLUNO-TREVISO<br \/>\n<\/strong>Ente Bilaterale Occhialeria (EBO) e rinnovo del contratto di lavoro settore occhialeria<\/p>\n<audio class=\"wp-audio-shortcode\" id=\"audio-308980-12\" preload=\"none\" style=\"width: 100%;\" controls=\"controls\"><source type=\"audio\/mpeg\" src=\"https:\/\/www.radiopiu.net\/wordpress\/wp-content\/uploads\/2022\/11\/FEMCA-CISL.mp3?_=12\" \/><a href=\"https:\/\/www.radiopiu.net\/wordpress\/wp-content\/uploads\/2022\/11\/FEMCA-CISL.mp3\">https:\/\/www.radiopiu.net\/wordpress\/wp-content\/uploads\/2022\/11\/FEMCA-CISL.mp3<\/a><\/audio>\n<p>&nbsp;<\/p>\n<hr \/>\n<p>&nbsp;<\/p>\n<blockquote>\n<h3>&#8220;MONA T&#8217;HA BECA&#8217; EL VIRUS, E ADES? FASTU CHE&#8230; PANTALON&#8221;<\/h3>\n<\/blockquote>\n<p><a class=\"dt-pswp-item\" href=\"https:\/\/www.radiopiu.net\/wordpress\/wp-content\/uploads\/2022\/11\/GENIO-PENSANTE-scaled.jpg\" data-dt-img-description=\"\" data-large_image_width=\"2560\" data-large_image_height=\"1920\"><img loading=\"lazy\" decoding=\"async\" class=\"size-medium wp-image-309067 alignleft\" src=\"https:\/\/www.radiopiu.net\/wordpress\/wp-content\/uploads\/2022\/11\/GENIO-PENSANTE-300x225.jpg\" alt=\"\" width=\"300\" height=\"225\" srcset=\"https:\/\/www.radiopiu.net\/wordpress\/wp-content\/uploads\/2022\/11\/GENIO-PENSANTE-300x225.jpg 300w, https:\/\/www.radiopiu.net\/wordpress\/wp-content\/uploads\/2022\/11\/GENIO-PENSANTE-1024x768.jpg 1024w, https:\/\/www.radiopiu.net\/wordpress\/wp-content\/uploads\/2022\/11\/GENIO-PENSANTE-768x576.jpg 768w, https:\/\/www.radiopiu.net\/wordpress\/wp-content\/uploads\/2022\/11\/GENIO-PENSANTE-1536x1152.jpg 1536w, https:\/\/www.radiopiu.net\/wordpress\/wp-content\/uploads\/2022\/11\/GENIO-PENSANTE-2048x1536.jpg 2048w\" sizes=\"auto, (max-width: 300px) 100vw, 300px\" \/><\/a>Erano le 14.35 minuti e 32 secondi, avevo chiuso la radio, pronto per salire a Falcade per trasmettere il Capodanno, quello con Christian. Un&#8217;ultima occhiata alle mail, anche a quella gi\u00f9 in fondo dell&#8217;Enel. Ma non era dell&#8217;Enel. Alle 14.35minuti 49 secondi i computer, tutti e dieci quelli in rete si sono spenti, sono diventati neri, la radio si \u00e8 fermata e sono piombato nello sconforto leggendo il messaggio <em>&#8220;Mona&#8230; t&#8217;ha beca el virus, e ades fastu che, pantalon?&#8221;&#8230;.<\/em> non era proprio cos\u00ec ma cos\u00ec lo ha tradotto Gianfranco Tom\u00e8. Come Gianfranco non lo conosce nessuno, come &#8220;scossa&#8221; \u00e8 internazionale. Infatti, alle 14.36minuti e 30 secondi ho digitato il suo numero, gli ho detto che avevo un problema e dopo avermi risposto <em>&#8220;rangete&#8221;<\/em> \u00e8 piombato in radio come una furia ripetendo il motto <em>&#8220;brao mona&#8221;<\/em> con l&#8217;auto reverse. Ci sono voluti due giorni per ripristinare computer e rete, tutto il capodanno e il giorno successivo, in mezzo la diretta da Falcade. Erano le 16 e 05 del pomeriggio quel giorno di febbraio, qualcuno in radio ha aperto una mail, ma questa volta sono esente da colpe, la lezione precedente mi era servita. Scossa\u00a0 ha dovuto tornare in radio e stare sopra il computer per 64 ore di fila, saltando il turno di lavoro, senza mangiare. Non vi dico quante me ne ha dette, ogni mezz&#8217;ora scendevo da casa per vedere come andava e ogni mezz&#8217;ora mi rimandava a casa a calci in culo <em>&#8220;sparisi insemeni'&#8221;<\/em> tipo rosario. Sono solo due episodi, perch\u00e9 Gianfranco \u00e8 il collaboratore che da pi\u00f9 tempo \u00e8 al mio fianco, ogni giorno, perch\u00e9 ogni giorno c&#8217;\u00e8 un problema tecnico. Dentro la Radio c\u2019\u00e8 Gianfranco Tom\u00e8, lui cura tutta la \u201cbassa frequenza\u201d di RADIO PI\u00d9. Faccio fatica a mettere assieme nome e cognome, lui \u00e8 Skossa, per tutti. Il genio tecnologico della Radio. Scossa. Costola importante di RADIO PI\u00d9, anzi fondamentale.\u00a0 Gianfranco Tom\u00e8 arriva in Radio negli anni Ottanta in sostituzione di Moreno Tocchetto impegnato nella naja. Ha la passione del Dj e anima l\u2019estate allo stadio del ghiaccio di Alleghe dove RADIO PI\u00d9 fino a pochi anni fa proponeva l\u2019Ice Disco Dance. Skossa ha iniziato come Dj ma poi si \u00e8 espresso come tecnico da 110 e PIU\u2019 con laurea ad honorem. a parte quella volta&#8230; durante una finale del Campionato Agordino di calcio da La Valle qualche cosa venne calcolata male. Non era un collegamento facile, non c\u2019era internet, tanto meno a Conaggia. Tecnicamente l\u2019aver portato il segnale in studio non \u00e8 stato facile, anche per la necessit\u00e0 di un passaggio intermedio su quell\u2019enorme traliccio del Monte Arion sopra Agordo, e qui casca l&#8217;asino, la stessa frequenza di RAI 3 dove trasmettevano una finale mondiale non ricordo di quale sport&#8230;Non lo ricordano nemmeno i tele utenti, ascoltarono la finale del campionato agordino di calcio a causa di una radio &#8220;pirata&#8221; e di un&#8217;interferenza non programmata.<\/p>\n<p>&nbsp;<\/p>\n<p>&nbsp;<\/p>\n<p>&nbsp;<\/p>\n<hr \/>\n<p>&nbsp;<\/p>\n<h2><span style=\"color: #ff00ff;\">IN VIVO VERSO<\/span><\/h2>\n<p><a class=\"dt-pswp-item\" href=\"https:\/\/www.radiopiu.net\/wordpress\/wp-content\/uploads\/2022\/11\/3-ENRICO-GASPERI.jpg\" data-dt-img-description=\"\" data-large_image_width=\"679\" data-large_image_height=\"548\"><img loading=\"lazy\" decoding=\"async\" class=\"wp-image-309019 alignleft\" src=\"https:\/\/www.radiopiu.net\/wordpress\/wp-content\/uploads\/2022\/11\/3-ENRICO-GASPERI-300x242.jpg\" alt=\"\" width=\"140\" height=\"113\" srcset=\"https:\/\/www.radiopiu.net\/wordpress\/wp-content\/uploads\/2022\/11\/3-ENRICO-GASPERI-300x242.jpg 300w, https:\/\/www.radiopiu.net\/wordpress\/wp-content\/uploads\/2022\/11\/3-ENRICO-GASPERI.jpg 679w\" sizes=\"auto, (max-width: 140px) 100vw, 140px\" \/><\/a><strong>CERCHIO QUADRO<\/strong><\/p>\n<p>Ho bisogno di star male<br \/>\ne di amarti ancora un po&#8217;.<br \/>\nMi sfuggirai (lo so, lo sai).<br \/>\nNon mi illudo ( lo sai lo so).<br \/>\nHo bisogno di star male,<br \/>\ne poi&#8230;<br \/>\nniente mi distoglie<br \/>\ndal richiamo nuovo e antico,<br \/>\ndi un amore che mi coglie<br \/>\nalla porta di un destino ladro,<br \/>\nalla soglia di quel cerchio quadro<br \/>\nche si cela dentro di te.<\/p>\n<p>LA RACCOLTA COMPLETA<\/p>\n<blockquote class=\"wp-embedded-content\" data-secret=\"dUJEkPi8eG\"><p><a href=\"https:\/\/www.radiopiu.net\/wordpress\/in-vivo-verso\/\">In Vivo Verso<\/a><\/p><\/blockquote>\n<p><iframe loading=\"lazy\" class=\"wp-embedded-content\" sandbox=\"allow-scripts\" security=\"restricted\" style=\"position: absolute; clip: rect(1px, 1px, 1px, 1px);\" title=\"&#8220;In Vivo Verso&#8221; &#8212; Radio Pi\u00f9\" src=\"https:\/\/www.radiopiu.net\/wordpress\/in-vivo-verso\/embed\/#?secret=6GoaTZXwzg#?secret=dUJEkPi8eG\" data-secret=\"dUJEkPi8eG\" width=\"600\" height=\"338\" frameborder=\"0\" marginwidth=\"0\" marginheight=\"0\" scrolling=\"no\"><\/iframe><\/p>\n<p>&nbsp;<\/p>\n<p>&nbsp;<\/p>\n<hr \/>\n<p>&nbsp;<\/p>\n<div>\n<div class=\"b654a4as d2edcug0\">\n<div class=\"rq0escxv hkbzh7o3 jwdofwj8 n8tt0mok r8blr3vg hyh9befq\">\n<p><a class=\"dt-pswp-item\" href=\"https:\/\/www.radiopiu.net\/wordpress\/wp-content\/uploads\/2020\/10\/pp.jpg\" data-dt-img-description=\"\" data-large_image_width=\"640\" data-large_image_height=\"640\"><img loading=\"lazy\" decoding=\"async\" class=\"wp-image-163678 alignleft\" src=\"https:\/\/www.radiopiu.net\/wordpress\/wp-content\/uploads\/2020\/10\/pp-300x300.jpg\" alt=\"\" width=\"106\" height=\"106\" srcset=\"https:\/\/www.radiopiu.net\/wordpress\/wp-content\/uploads\/2020\/10\/pp-300x300.jpg 300w, https:\/\/www.radiopiu.net\/wordpress\/wp-content\/uploads\/2020\/10\/pp-150x150.jpg 150w, https:\/\/www.radiopiu.net\/wordpress\/wp-content\/uploads\/2020\/10\/pp-125x125.jpg 125w, https:\/\/www.radiopiu.net\/wordpress\/wp-content\/uploads\/2020\/10\/pp-200x200.jpg 200w, https:\/\/www.radiopiu.net\/wordpress\/wp-content\/uploads\/2020\/10\/pp-80x80.jpg 80w, https:\/\/www.radiopiu.net\/wordpress\/wp-content\/uploads\/2020\/10\/pp-480x480.jpg 480w, https:\/\/www.radiopiu.net\/wordpress\/wp-content\/uploads\/2020\/10\/pp.jpg 640w\" sizes=\"auto, (max-width: 106px) 100vw, 106px\" \/><\/a><\/p>\n<\/div>\n<\/div>\n<\/div>\n<div>\n<div class=\"page-title-head hgroup\">\n<div class=\"page-title-head hgroup\">\n<div class=\"b654a4as d2edcug0\">\n<div class=\"j83agx80 btwxx1t3 lhclo0ds hop8lmos nkwizq5d scwd0bx6 roh60bw9\">\n<div class=\"rq0escxv hkbzh7o3 jwdofwj8 n8tt0mok r8blr3vg hyh9befq\">\n<div class=\"do00u71z l9j0dhe7 k4urcfbm\">\n<h2><span style=\"color: #000080;\">DON CESARE, IL PENSIERO DEL GIORNO. ALLA RADIO ALLE 7 DEL MATTINO E ALLE 19.30 DELLA SERA\u00a0<\/span><\/h2>\n<audio class=\"wp-audio-shortcode\" id=\"audio-308980-13\" preload=\"none\" style=\"width: 100%;\" controls=\"controls\"><source type=\"audio\/mpeg\" src=\"https:\/\/www.radiopiu.net\/wordpress\/wp-content\/uploads\/2022\/12\/CESARE.mp3?_=13\" \/><a href=\"https:\/\/www.radiopiu.net\/wordpress\/wp-content\/uploads\/2022\/12\/CESARE.mp3\">https:\/\/www.radiopiu.net\/wordpress\/wp-content\/uploads\/2022\/12\/CESARE.mp3<\/a><\/audio>\n<\/div>\n<\/div>\n<\/div>\n<\/div>\n<\/div>\n<\/div>\n<\/div>\n<p>&nbsp;<\/p>\n<hr \/>\n<p>&nbsp;<\/p>\n<h2><span style=\"color: #339966;\">COLLAGE OPERAZIONE NOSTALGIA<\/span><\/h2>\n<p><strong><a class=\"dt-pswp-item\" href=\"https:\/\/www.radiopiu.net\/wordpress\/wp-content\/uploads\/2022\/11\/simon-garfunkel.jpg\" data-dt-img-description=\"\" data-large_image_width=\"460\" data-large_image_height=\"360\"><img loading=\"lazy\" decoding=\"async\" class=\" wp-image-308480 alignleft\" src=\"https:\/\/www.radiopiu.net\/wordpress\/wp-content\/uploads\/2022\/11\/simon-garfunkel-300x235.jpg\" alt=\"\" width=\"175\" height=\"137\" srcset=\"https:\/\/www.radiopiu.net\/wordpress\/wp-content\/uploads\/2022\/11\/simon-garfunkel-300x235.jpg 300w, https:\/\/www.radiopiu.net\/wordpress\/wp-content\/uploads\/2022\/11\/simon-garfunkel.jpg 460w\" sizes=\"auto, (max-width: 175px) 100vw, 175px\" \/><\/a>di Loris Scussel<\/strong><\/p>\n<p>La nuova settimana di Collage si aprir\u00e0 a ritmo di rock in particolare con i Deep Purple di \u201cHush\u201d, marted\u00ec brani di musica classica e non, mercoled\u00ec sar\u00e0 la volta dei gruppi italiani degli anni 70 con \u201cIo vagabondo\u201d dei Nomadi e cos\u00ec via, la trasmissione di gioved\u00ec sar\u00e0 dedicata ai cantautori e si aprir\u00e0 con \u201cLa luce dell\u2019est\u201d di Lucio Battisti, infine chiuderemo la settimana in bellezza venerd\u00ec con una selezione di successi internazionali come \u201cThe sound of silence\u201d di Simon e Garfunkel. Collage va in onda dal luned\u00ec al venerd\u00ec alle 16,00 e alle 23,00 naturalmente su Radio Pi\u00f9<\/p>\n<p><strong>PUNTATA DEL LUNEDI, 671<\/strong><\/p>\n<audio class=\"wp-audio-shortcode\" id=\"audio-308980-14\" preload=\"none\" style=\"width: 100%;\" controls=\"controls\"><source type=\"audio\/mpeg\" src=\"https:\/\/www.radiopiu.net\/wordpress\/wp-content\/uploads\/2022\/11\/Collage-671.mp3?_=14\" \/><a href=\"https:\/\/www.radiopiu.net\/wordpress\/wp-content\/uploads\/2022\/11\/Collage-671.mp3\">https:\/\/www.radiopiu.net\/wordpress\/wp-content\/uploads\/2022\/11\/Collage-671.mp3<\/a><\/audio>\n<p><strong>PUNTATA DEL MARTEDI, 672<\/strong><\/p>\n<audio class=\"wp-audio-shortcode\" id=\"audio-308980-15\" preload=\"none\" style=\"width: 100%;\" controls=\"controls\"><source type=\"audio\/mpeg\" src=\"https:\/\/www.radiopiu.net\/wordpress\/wp-content\/uploads\/2022\/11\/Collage-672.mp3?_=15\" \/><a href=\"https:\/\/www.radiopiu.net\/wordpress\/wp-content\/uploads\/2022\/11\/Collage-672.mp3\">https:\/\/www.radiopiu.net\/wordpress\/wp-content\/uploads\/2022\/11\/Collage-672.mp3<\/a><\/audio>\n<p><strong>PUNTATA DEL MERCOLEDI, 673<\/strong><\/p>\n<audio class=\"wp-audio-shortcode\" id=\"audio-308980-16\" preload=\"none\" style=\"width: 100%;\" controls=\"controls\"><source type=\"audio\/mpeg\" src=\"https:\/\/www.radiopiu.net\/wordpress\/wp-content\/uploads\/2022\/11\/Collage-673.mp3?_=16\" \/><a href=\"https:\/\/www.radiopiu.net\/wordpress\/wp-content\/uploads\/2022\/11\/Collage-673.mp3\">https:\/\/www.radiopiu.net\/wordpress\/wp-content\/uploads\/2022\/11\/Collage-673.mp3<\/a><\/audio>\n<p>&nbsp;<\/p>\n<hr \/>\n<p>&nbsp;<\/p>\n<p><img loading=\"lazy\" decoding=\"async\" class=\"aligncenter wp-image-61954 size-full\" src=\"https:\/\/www.radiopiu.net\/wordpress\/wp-content\/uploads\/2018\/09\/viabilita.jpeg\" sizes=\"auto, (max-width: 800px) 100vw, 800px\" srcset=\"https:\/\/www.radiopiu.net\/wordpress\/wp-content\/uploads\/2018\/09\/viabilita.jpeg 800w, https:\/\/www.radiopiu.net\/wordpress\/wp-content\/uploads\/2018\/09\/viabilita-300x38.jpeg 300w, https:\/\/www.radiopiu.net\/wordpress\/wp-content\/uploads\/2018\/09\/viabilita-768x96.jpeg 768w\" alt=\"\" width=\"800\" height=\"100\" \/><\/p>\n<p>&nbsp;<\/p>\n<p>&nbsp;<\/p>\n<p><strong>AGGIORNAMENTO VENETO STRADE, AGGIORNAMENTO CONTINUO H 24<\/strong><\/p>\n<p>&nbsp;<\/p>\n<blockquote class=\"wp-embedded-content\" data-secret=\"9YZptBmEzj\"><p><a href=\"https:\/\/www.radiopiu.net\/wordpress\/viabilita\/\">viabilita<\/a><\/p><\/blockquote>\n<p><iframe loading=\"lazy\" class=\"wp-embedded-content\" sandbox=\"allow-scripts\" security=\"restricted\" style=\"position: absolute; clip: rect(1px, 1px, 1px, 1px);\" title=\"&#8220;viabilita&#8221; &#8212; Radio Pi\u00f9\" src=\"https:\/\/www.radiopiu.net\/wordpress\/viabilita\/embed\/#?secret=1TQcxYYemP#?secret=9YZptBmEzj\" data-secret=\"9YZptBmEzj\" width=\"600\" height=\"338\" frameborder=\"0\" marginwidth=\"0\" marginheight=\"0\" scrolling=\"no\"><\/iframe><\/p>\n<p>&nbsp;<\/p>\n<p>&nbsp;<\/p>\n<hr \/>\n<p>&nbsp;<\/p>\n<p><a class=\"dt-pswp-item\" href=\"https:\/\/www.radiopiu.net\/wordpress\/wp-content\/uploads\/2018\/09\/WhatsApp-Image-2018-09-20-at-16.04.06.jpeg\" data-dt-img-description=\"\" data-large_image_width=\"800\" data-large_image_height=\"100\"><img loading=\"lazy\" decoding=\"async\" class=\"wp-image-61378 size-full aligncenter\" src=\"https:\/\/www.radiopiu.net\/wordpress\/wp-content\/uploads\/2018\/09\/WhatsApp-Image-2018-09-20-at-16.04.06.jpeg\" alt=\"\" width=\"800\" height=\"100\" srcset=\"https:\/\/www.radiopiu.net\/wordpress\/wp-content\/uploads\/2018\/09\/WhatsApp-Image-2018-09-20-at-16.04.06.jpeg 800w, https:\/\/www.radiopiu.net\/wordpress\/wp-content\/uploads\/2018\/09\/WhatsApp-Image-2018-09-20-at-16.04.06-300x38.jpeg 300w, https:\/\/www.radiopiu.net\/wordpress\/wp-content\/uploads\/2018\/09\/WhatsApp-Image-2018-09-20-at-16.04.06-768x96.jpeg 768w\" sizes=\"auto, (max-width: 800px) 100vw, 800px\" \/><\/a><\/p>\n<p>&nbsp;<\/p>\n<p><center><b>Oggi<\/b><\/center><b>Tempo atteso: <\/b>Fino al primo pomeriggio tratti soleggiati, anche ampi, e banchi di nubi alte irregolarmente presenti. Come ieri occorrer\u00e0 considerare l&#8217;iniziale presenza di banchi di nebbia e di nubi basse mattutine sulla fascia prealpina. Al pomeriggio riduzione dei momenti soleggiati e crescente nuvolosit\u00e0 fino a cielo coperto alla sera. Il contesto rimarr\u00e0 un po&#8217; fresco nelle valli, specie in quelle in ombra, mentre ci sar\u00e0 un ulteriore attenuazione del freddo in alta quota.<br \/>\n<b>Precipitazioni: <\/b>In giornata assenti (0%), mentre non sar\u00e0 da escludere qualche fiocco di neve in alta quota e un po&#8217; di pioviggina alla sera a partire dai settori orientali (10-20%).<br \/>\n<b>Temperature: <\/b>Minime senza variazioni di rilievo nelle valli e in leggero aumento in quota; massime in generale lieve ripresa con punte di 6\/8\u00b0C nei fondovalle prealpini e di 3\/5\u00b0C a 1000\/1200 m, meno alle stesse quote nelle valli in ombra (1\/3\u00b0C).<\/p>\n<hr \/>\n<p><center><b>Domani<\/b><\/center><b>Tempo atteso: <\/b>Maggiore copertura nuvolosa, gi\u00e0 dalle prime ore della notte, tant&#8217;\u00e8 che il cielo risulter\u00e0 coperto tutto il giorno. Nuvolosit\u00e0 associata a tempo debolmente perturbato, con deboli precipitazioni. Contesto termico assai fresco ed uggioso, anche freddo in alta quota.<br \/>\n<b>Precipitazioni: <\/b>Probabilit\u00e0 crescente fino ad alta (80-90%), dapprima per deboli fenomeni sparsi, poi via via pi\u00f9 diffusi, ma sempre deboli. Lieve maltempo in attenuazione al pomeriggio\/sera. Il limite neve sar\u00e0 sui 600-800 m sulle Dolomiti e 800-900 m sulle Prealpi. Gli apporti saranno compresi tra 2 e 5 mm, localmente fino a 10 mm sulle Prealpi, con altrettanti cm di neve oltre i 1000\/1200 m, localmente di pi\u00f9 in alta quota per neve leggera.<br \/>\n<b>Temperature: <\/b>Ad eccezione di un aumento delle minime nelle valli, le temperature saranno in generale diminuzione, specie le massime nelle valli.<\/p>\n<hr \/>\n<p><center><b>Sabato 3<\/b><\/center>Cielo gi\u00e0 coperto al mattino e inizio di un peggioramento del tempo fino a risultare perturbato con precipitazioni deboli sulle Dolomiti, a tratti anche moderate sulla fascia prealpina al pomeriggio. La neve cadr\u00e0 oltre i 700-900 m sulle Dolomiti e 800-1000 m sulle Prealpi. Temperature in lieve ripresa rispetto a venerd\u00ec, eccetto calo delle minime in quota, L&#8217;escursione termica giornaliera sar\u00e0 ridotta.<\/p>\n<hr \/>\n<p><center><b>Domenica 4<\/b><\/center>Tempo moderatamente perturbato con diffuse precipitazioni, la cui entit\u00e0 sar\u00e0 maggiore sulle Prealpi. Il limite della neve sar\u00e0 inizialmente sugli 800-1000 m e risalir\u00e0 fino a 1400-1500 m nel corso della giornata. Temperature in aumento per avvezione meridionale.<\/p>\n<p>&nbsp;<\/p>\n<hr \/>\n<p>&nbsp;<\/p>\n<p>&nbsp;<\/p>\n<p><a class=\"dt-pswp-item\" href=\"https:\/\/www.radiopiu.net\/wordpress\/wp-content\/uploads\/2018\/09\/sport.jpg\" data-dt-img-description=\"\" data-large_image_width=\"800\" data-large_image_height=\"100\"><img loading=\"lazy\" decoding=\"async\" class=\"aligncenter wp-image-60761 size-full\" src=\"https:\/\/www.radiopiu.net\/wordpress\/wp-content\/uploads\/2018\/09\/sport.jpg\" alt=\"\" width=\"800\" height=\"100\" srcset=\"https:\/\/www.radiopiu.net\/wordpress\/wp-content\/uploads\/2018\/09\/sport.jpg 800w, https:\/\/www.radiopiu.net\/wordpress\/wp-content\/uploads\/2018\/09\/sport-300x38.jpg 300w, https:\/\/www.radiopiu.net\/wordpress\/wp-content\/uploads\/2018\/09\/sport-768x96.jpg 768w\" sizes=\"auto, (max-width: 800px) 100vw, 800px\" \/><\/a><\/p>\n<p>&nbsp;<\/p>\n<p><span style=\"color: #0000ff;\"><strong>CALCIO<\/strong><\/span><\/p>\n<blockquote>\n<h3>CONTINUA IL PERIODO NERO DELL&#8217;AGORDINA<\/h3>\n<\/blockquote>\n<p><strong><a class=\"dt-pswp-item\" href=\"https:\/\/www.radiopiu.net\/wordpress\/wp-content\/uploads\/2019\/09\/AGORDINA-CALCIO.jpeg\" data-dt-img-description=\"\" data-large_image_width=\"225\" data-large_image_height=\"225\"><img loading=\"lazy\" decoding=\"async\" class=\" wp-image-97575 alignleft\" src=\"https:\/\/www.radiopiu.net\/wordpress\/wp-content\/uploads\/2019\/09\/AGORDINA-CALCIO.jpeg\" alt=\"\" width=\"119\" height=\"119\" srcset=\"https:\/\/www.radiopiu.net\/wordpress\/wp-content\/uploads\/2019\/09\/AGORDINA-CALCIO.jpeg 225w, https:\/\/www.radiopiu.net\/wordpress\/wp-content\/uploads\/2019\/09\/AGORDINA-CALCIO-150x150.jpeg 150w\" sizes=\"auto, (max-width: 119px) 100vw, 119px\" \/><\/a>REDAZIONE <\/strong>Che sia un periodo nero per la Agordina calcio \u00e8 fuori discussione. La compagine di Agordo che milita nel campionato di seconda categoria sta passando un periodo difficile. I ragazzi di Lorenzi escono da quattro sconfitte consecutive e in questo momento occupano la parte bassa della classifica in zona play out. L&#8217;ultima sconfitta domenica scorsa con il San Michele Salsa. Solo 8 punti nella graduatoria del girone T dopo 11 partite giocate. L\u2019obiettivo della squadra \u00e8 quello di raggiungere la salvezza il prima possibile ma per farlo ci vogliono almeno 30 punti. Domenica prossima una partita proibitiva per gli agordini che giocheranno in trasferta contro la prima della classe la Juventina Mugnai.<\/p>\n<p><strong>MATTEO COSTA GIOCATORE DELL&#8217;AGORDINA<\/strong><\/p>\n<audio class=\"wp-audio-shortcode\" id=\"audio-308980-17\" preload=\"none\" style=\"width: 100%;\" controls=\"controls\"><source type=\"audio\/mpeg\" src=\"https:\/\/www.radiopiu.net\/wordpress\/wp-content\/uploads\/2022\/11\/MATTEO-COSTA-SAN-MICHELE.mp3?_=17\" \/><a href=\"https:\/\/www.radiopiu.net\/wordpress\/wp-content\/uploads\/2022\/11\/MATTEO-COSTA-SAN-MICHELE.mp3\">https:\/\/www.radiopiu.net\/wordpress\/wp-content\/uploads\/2022\/11\/MATTEO-COSTA-SAN-MICHELE.mp3<\/a><\/audio>\n<p>&nbsp;<\/p>\n<hr \/>\n<p>&nbsp;<\/p>\n<p><span style=\"color: #0000ff;\"><strong>PALLAVOLO<\/strong><\/span><\/p>\n<blockquote>\n<h3>OSTUZZI E&#8217; IL PROTAGONISTA DELLA PALLAVOLO BELLUNO<\/h3>\n<\/blockquote>\n<p><strong><a class=\"dt-pswp-item\" href=\"https:\/\/www.radiopiu.net\/wordpress\/wp-content\/uploads\/2022\/11\/Ostuzzi_in_battuta.jpg\" data-dt-img-description=\"\" data-large_image_width=\"1440\" data-large_image_height=\"960\"><img loading=\"lazy\" decoding=\"async\" class=\" wp-image-309076 alignleft\" src=\"https:\/\/www.radiopiu.net\/wordpress\/wp-content\/uploads\/2022\/11\/Ostuzzi_in_battuta-300x200.jpg\" alt=\"\" width=\"206\" height=\"137\" srcset=\"https:\/\/www.radiopiu.net\/wordpress\/wp-content\/uploads\/2022\/11\/Ostuzzi_in_battuta-300x200.jpg 300w, https:\/\/www.radiopiu.net\/wordpress\/wp-content\/uploads\/2022\/11\/Ostuzzi_in_battuta-1024x683.jpg 1024w, https:\/\/www.radiopiu.net\/wordpress\/wp-content\/uploads\/2022\/11\/Ostuzzi_in_battuta-768x512.jpg 768w, https:\/\/www.radiopiu.net\/wordpress\/wp-content\/uploads\/2022\/11\/Ostuzzi_in_battuta.jpg 1440w\" sizes=\"auto, (max-width: 206px) 100vw, 206px\" \/><\/a>BELLUNO <\/strong>Nel basket NBA, \u00e8 un ruolo talmente importante da meritare un premio ad hoc: il premio di \u201csesto uomo\u201d. Ovvero, quel giocatore che, entrando dalla panchina, riesce a garantire alla sua squadra un contributo di rilievo, se non addirittura decisivo a partita in corso. Ebbene nel volley &#8211; che in partenza prevede un sestetto &#8211; questo simbolico riconoscimento andrebbe al \u201csettimo uomo\u201d. Il quale, nel caso della Pallavolo Maschile\u00a0Belluno, non \u00e8 difficile da individuare: numero 14 stampato sulla schiena. Di nome fa Massimo, di cognome Ostuzzi. Protagonista contro Savigliano, a dispetto del passivo. E decisivo domenica scorsa, a San Giustino. \u00ab<em>Ho solo cercato di portare in campo quello che mi sembrava mancasse, dopo aver visto la partita da fuori &#8211; racconta il ventitreenne schiacciatore -. Sono entrato in modo grintoso, mi sono concentrato per stare sul pezzo al 100 per cento e per far s\u00ec che anche i compagni rimanessero attaccati al punteggio. Nelle ultime due sfide, ritengo che gli avversari fossero inferiori a noi, dal punto di vista qualitativo. Ma ci \u00e8 mancato il cinismo, oltre a quel focus che permette di non smarrirsi con il passare dei punti. Almeno, queste erano le mie sensazioni dalla panchina<\/em>\u00bb.<span class=\"gmail-Apple-converted-space\">\u00a0<\/span><\/p>\n<p>&nbsp;<\/p>\n<p>&nbsp;<\/p>\n<hr \/>\n<p>&nbsp;<\/p>\n","protected":false},"excerpt":{"rendered":"<p>RADIO PIU INFORMAZIONE il canale su TELEGRAM informazione di prima\u00a0 mano e in tempo reale. iscriviti ed aiutaci a farlo conoscere\u00a0\u00a0 &nbsp; &nbsp; LA SEGNALAZIONE &#8230;DI BEATRICE COLCUC Mentre il s\u00fcdtirol ci \u201cruba\u201d i nostri panorami, nella stazione centrale di Mannheim in Germania ho trovato un pezzo di agordino (foto di Moreno geremetta) &nbsp; &nbsp;&hellip;<\/p>\n","protected":false},"author":4,"featured_media":309170,"comment_status":"closed","ping_status":"closed","sticky":false,"template":"","format":"standard","meta":{"_monsterinsights_skip_tracking":false,"_monsterinsights_sitenote_active":false,"_monsterinsights_sitenote_note":"","_monsterinsights_sitenote_category":0,"footnotes":""},"categories":[51,86,49],"tags":[],"class_list":["post-308980","post","type-post","status-publish","format-standard","has-post-thumbnail","hentry","category-evidenza-top","category-gr","category-news-18","category-51","category-86","category-49","description-off"],"img_url":"https:\/\/www.radiopiu.net\/wordpress\/wp-content\/uploads\/2022\/12\/Senza-nome-1.jpg","_links":{"self":[{"href":"https:\/\/www.radiopiu.net\/wordpress\/wp-json\/wp\/v2\/posts\/308980","targetHints":{"allow":["GET"]}}],"collection":[{"href":"https:\/\/www.radiopiu.net\/wordpress\/wp-json\/wp\/v2\/posts"}],"about":[{"href":"https:\/\/www.radiopiu.net\/wordpress\/wp-json\/wp\/v2\/types\/post"}],"author":[{"embeddable":true,"href":"https:\/\/www.radiopiu.net\/wordpress\/wp-json\/wp\/v2\/users\/4"}],"replies":[{"embeddable":true,"href":"https:\/\/www.radiopiu.net\/wordpress\/wp-json\/wp\/v2\/comments?post=308980"}],"version-history":[{"count":0,"href":"https:\/\/www.radiopiu.net\/wordpress\/wp-json\/wp\/v2\/posts\/308980\/revisions"}],"wp:featuredmedia":[{"embeddable":true,"href":"https:\/\/www.radiopiu.net\/wordpress\/wp-json\/wp\/v2\/media\/309170"}],"wp:attachment":[{"href":"https:\/\/www.radiopiu.net\/wordpress\/wp-json\/wp\/v2\/media?parent=308980"}],"wp:term":[{"taxonomy":"category","embeddable":true,"href":"https:\/\/www.radiopiu.net\/wordpress\/wp-json\/wp\/v2\/categories?post=308980"},{"taxonomy":"post_tag","embeddable":true,"href":"https:\/\/www.radiopiu.net\/wordpress\/wp-json\/wp\/v2\/tags?post=308980"}],"curies":[{"name":"wp","href":"https:\/\/api.w.org\/{rel}","templated":true}]}}