{"id":309146,"date":"2022-12-02T05:47:12","date_gmt":"2022-12-02T04:47:12","guid":{"rendered":"https:\/\/www.radiopiu.net\/wordpress\/?p=309146"},"modified":"2022-12-02T09:42:31","modified_gmt":"2022-12-02T08:42:31","slug":"giornale-radiopiu-02-dicembre-2022-direttore-mirko-mezzacasa","status":"publish","type":"post","link":"https:\/\/www.radiopiu.net\/wordpress\/giornale-radiopiu-02-dicembre-2022-direttore-mirko-mezzacasa\/","title":{"rendered":"GIORNALE RADIOPIU 02 DICEMBRE 2022 DIRETTORE MIRKO MEZZACASA"},"content":{"rendered":"<h3 class=\"kvgmc6g5 cxmmr5t8 oygrvhab hcukyx3x c1et5uql\"><span style=\"color: #0000ff;\"><strong><a class=\"dt-pswp-item\" href=\"https:\/\/www.radiopiu.net\/wordpress\/wp-content\/uploads\/2022\/12\/856366ab-f451-4061-b676-029917a84d5c.jpg\" data-dt-img-description=\"\" data-large_image_width=\"800\" data-large_image_height=\"600\"><img loading=\"lazy\" decoding=\"async\" class=\"size-medium wp-image-309387 alignleft\" src=\"https:\/\/www.radiopiu.net\/wordpress\/wp-content\/uploads\/2022\/12\/856366ab-f451-4061-b676-029917a84d5c-300x225.jpg\" alt=\"\" width=\"300\" height=\"225\" srcset=\"https:\/\/www.radiopiu.net\/wordpress\/wp-content\/uploads\/2022\/12\/856366ab-f451-4061-b676-029917a84d5c-300x225.jpg 300w, https:\/\/www.radiopiu.net\/wordpress\/wp-content\/uploads\/2022\/12\/856366ab-f451-4061-b676-029917a84d5c-768x576.jpg 768w, https:\/\/www.radiopiu.net\/wordpress\/wp-content\/uploads\/2022\/12\/856366ab-f451-4061-b676-029917a84d5c.jpg 800w\" sizes=\"auto, (max-width: 300px) 100vw, 300px\" \/><\/a>RADIO PIU INFORMAZIONE il canale su TELEGRAM informazione di prima\u00a0 <\/strong><strong>mano e in tempo reale. iscriviti ed aiutaci a farlo conoscere\u00a0 \u00a0<\/strong><\/span><\/h3>\n<p>&nbsp;<\/p>\n<p><strong>IL VIDEO CHAT TELEGRAM VIABILITA&#8217; PROVINCIA DI BELLUNO &#8220;VPB&#8221; oggi, ore 05.00<\/strong><br \/>\n<strong>di\u00a0 Axel De Pellegrini<\/strong><\/p>\n<p>foto Passo Falzarego, Moreno<\/p>\n<div style=\"width: 1200px;\" class=\"wp-video\"><video class=\"wp-video-shortcode\" id=\"video-309146-1\" width=\"1200\" height=\"675\" preload=\"metadata\" controls=\"controls\"><source type=\"video\/mp4\" src=\"https:\/\/www.radiopiu.net\/wordpress\/wp-content\/uploads\/2022\/12\/document_5787165541676356463.mp4?_=1\" \/><a href=\"https:\/\/www.radiopiu.net\/wordpress\/wp-content\/uploads\/2022\/12\/document_5787165541676356463.mp4\">https:\/\/www.radiopiu.net\/wordpress\/wp-content\/uploads\/2022\/12\/document_5787165541676356463.mp4<\/a><\/video><\/div>\n<blockquote>\n<h3>e stamane code sulla 203, pecore in transito in localit\u00e0 La Stanga, in seguito il gregge si \u00e8 spostato sui prati e il problema \u00e8 rientrato<\/h3>\n<\/blockquote>\n<p><a class=\"dt-pswp-item\" href=\"https:\/\/www.radiopiu.net\/wordpress\/wp-content\/uploads\/2022\/12\/3643c237-84f0-425b-90ce-bea003200e2e.jpg\" data-dt-img-description=\"\" data-large_image_width=\"600\" data-large_image_height=\"800\"><img loading=\"lazy\" decoding=\"async\" class=\"alignnone size-medium wp-image-309380\" src=\"https:\/\/www.radiopiu.net\/wordpress\/wp-content\/uploads\/2022\/12\/3643c237-84f0-425b-90ce-bea003200e2e-225x300.jpg\" alt=\"\" width=\"225\" height=\"300\" srcset=\"https:\/\/www.radiopiu.net\/wordpress\/wp-content\/uploads\/2022\/12\/3643c237-84f0-425b-90ce-bea003200e2e-225x300.jpg 225w, https:\/\/www.radiopiu.net\/wordpress\/wp-content\/uploads\/2022\/12\/3643c237-84f0-425b-90ce-bea003200e2e.jpg 600w\" sizes=\"auto, (max-width: 225px) 100vw, 225px\" \/><\/a><a class=\"dt-pswp-item\" href=\"https:\/\/www.radiopiu.net\/wordpress\/wp-content\/uploads\/2022\/12\/19f83e8d-df4b-473c-b78e-02cf6aab3e32.jpg\" data-dt-img-description=\"\" data-large_image_width=\"1898\" data-large_image_height=\"2560\"><img loading=\"lazy\" decoding=\"async\" class=\"alignnone size-medium wp-image-309382\" src=\"https:\/\/www.radiopiu.net\/wordpress\/wp-content\/uploads\/2022\/12\/19f83e8d-df4b-473c-b78e-02cf6aab3e32-222x300.jpg\" alt=\"\" width=\"222\" height=\"300\" srcset=\"https:\/\/www.radiopiu.net\/wordpress\/wp-content\/uploads\/2022\/12\/19f83e8d-df4b-473c-b78e-02cf6aab3e32-222x300.jpg 222w, https:\/\/www.radiopiu.net\/wordpress\/wp-content\/uploads\/2022\/12\/19f83e8d-df4b-473c-b78e-02cf6aab3e32-759x1024.jpg 759w, https:\/\/www.radiopiu.net\/wordpress\/wp-content\/uploads\/2022\/12\/19f83e8d-df4b-473c-b78e-02cf6aab3e32-768x1036.jpg 768w, https:\/\/www.radiopiu.net\/wordpress\/wp-content\/uploads\/2022\/12\/19f83e8d-df4b-473c-b78e-02cf6aab3e32-1139x1536.jpg 1139w, https:\/\/www.radiopiu.net\/wordpress\/wp-content\/uploads\/2022\/12\/19f83e8d-df4b-473c-b78e-02cf6aab3e32-1518x2048.jpg 1518w, https:\/\/www.radiopiu.net\/wordpress\/wp-content\/uploads\/2022\/12\/19f83e8d-df4b-473c-b78e-02cf6aab3e32.jpg 1898w\" sizes=\"auto, (max-width: 222px) 100vw, 222px\" \/><\/a><a class=\"dt-pswp-item\" href=\"https:\/\/www.radiopiu.net\/wordpress\/wp-content\/uploads\/2022\/12\/dc282887-639d-45fa-a736-8410f4517afc.jpg\" data-dt-img-description=\"\" data-large_image_width=\"800\" data-large_image_height=\"600\"><img loading=\"lazy\" decoding=\"async\" class=\"alignnone size-medium wp-image-309385\" src=\"https:\/\/www.radiopiu.net\/wordpress\/wp-content\/uploads\/2022\/12\/dc282887-639d-45fa-a736-8410f4517afc-300x225.jpg\" alt=\"\" width=\"300\" height=\"225\" srcset=\"https:\/\/www.radiopiu.net\/wordpress\/wp-content\/uploads\/2022\/12\/dc282887-639d-45fa-a736-8410f4517afc-300x225.jpg 300w, https:\/\/www.radiopiu.net\/wordpress\/wp-content\/uploads\/2022\/12\/dc282887-639d-45fa-a736-8410f4517afc-768x576.jpg 768w, https:\/\/www.radiopiu.net\/wordpress\/wp-content\/uploads\/2022\/12\/dc282887-639d-45fa-a736-8410f4517afc.jpg 800w\" sizes=\"auto, (max-width: 300px) 100vw, 300px\" \/><\/a><\/p>\n<p>&nbsp;<\/p>\n<p>&nbsp;<\/p>\n<hr \/>\n<p>&nbsp;<\/p>\n<p><span style=\"color: #ff0000;\"><strong>DISAGI AD AGORDO<\/strong><\/span><\/p>\n<p><em>IL PONTE IN PROSSIMITA&#8217; DELLA PISCINA DI AGORDO E&#8217; CHIUSO, E LO SARA&#8217; FINO AL 7 DICEMBRE PER LAVORI. NESSUN PROBLEMA PER RAGGIUNGERE LA PISCINA, INFATTI, SI POTRA&#8217; PERCORRERE LA STRADA COMUNALE IN SINISTRA OROGRAFICA DEL TORRENTE ROVA, DIFRONTE AI CAMPI DA TENNIS. IN SENSO CONTRARIO ANCORA PIU&#8217; SEMPLICE L&#8217;INTERSEZIONE CON LA REGIONALE DEL DURAN (AGORDO-LA VALLE) E QUINDI DISCESA PER PONTE ROVA.<\/em><\/p>\n<p>&nbsp;<\/p>\n<hr \/>\n<p>&nbsp;<\/p>\n<blockquote>\n<h3>TRE GIOVANISSIMI INDAGATI PER L&#8217;ASSALTO A MANO ARMATA AL MARKET DI PONTE NELLE ALPI<\/h3>\n<\/blockquote>\n<p><strong>OGGI SUL CORRIERE DELLE ALPI<\/strong><\/p>\n<p><strong>DI GIGI SOSSO<\/strong><\/p>\n<p><strong><img loading=\"lazy\" decoding=\"async\" class=\"alignleft\" src=\"https:\/\/www.radiopiu.net\/wordpress\/wp-content\/uploads\/2022\/12\/Senza-nome-6.jpg\" width=\"147\" height=\"171\" \/>REDAZIONE<\/strong> L&#8217;articolo che apre il giornale, l&#8217;argomento del giorno e non solo a Ponte nelle Alpi: la svolta nelle indagini per l&#8217;assalto a mano armata a Ponte nelle Alpi dello scorso 4 novembre al market di Franco Ardivel, l&#8217;uomo al quale vennero inferte cinque coltellate al braccio sinistro, ancora oggi porta il tutore.\u00a0 L&#8217;amico Giorgio Rova era stato minacciato con una pistola e poi colpito con il calcio al mento.<\/p>\n<p>Scrive Gigi Sosso: <em>&#8220;Ci sarebbero state almeno tre perquisizioni, nelle case di altrettanti giovanissimi maghrebini di seconda generazione. Ci sono altrettanti avvocati del foro di Belluno, che hanno ricevuto il decreto per l&#8217;assalto a mano armata al market Ardivel della sera del 4 novembre. Erano di turno quel giorno oppure sono legali di fiducia, in caso di precedenti penali. I ragazzi sarebbero stati ripresi dalla telecamera della vicina edicola Dolomiti e anche da quelle della videosorveglianza pubblica di Ponte nelle Alpi. Sui reati da contestare, le lesioni aggravate potrebbero diventare quello pi\u00f9 grave di tentato omicidio&#8221;.<\/em><\/p>\n<p>L&#8217;articolo completo sul quotidiano dei bellunesi &#8220;Corriere delle Alpi&#8221;.<\/p>\n<p>&nbsp;<\/p>\n<hr \/>\n<p>&nbsp;<\/p>\n<blockquote>\n<h3>DI NUOVO POTABILE L&#8217;ACQUA A GOSALDO<\/h3>\n<\/blockquote>\n<p><strong>GOSALDO<\/strong> Gestione Servizi Pubblici informa che a GOSALDO nelle localit\u00e0 LE CASE, CURTI e INCASAL l&#8217;acqua erogata dall&#8217;acquedotto \u00e8 di nuovo potabile e pu\u00f2 essere usata, quindi, per scopi alimentari.<\/p>\n<p>&nbsp;<\/p>\n<p>&nbsp;<\/p>\n<hr \/>\n<p>&nbsp;<\/p>\n<blockquote>\n<h3>SCIOPERO NAZIONALE DEI TRASPORTI PUBBLICI<\/h3>\n<\/blockquote>\n<p><strong>BELLUNO<\/strong> \u00c8 stato indetto per oggi uno sciopero nazionale del settore pubblico e privato dei trasporti. Dolomiti Bus aderisce allo sciopero e garantisce le corse dalle 5:40 alle 8:09 e dalle 12:10 alle 15:39.<\/p>\n<p>&nbsp;<\/p>\n<p>&nbsp;<\/p>\n<hr \/>\n<p>&nbsp;<\/p>\n<blockquote>\n<h3>IL LUPO DI CONAGGIA<\/h3>\n<\/blockquote>\n<p><strong><img loading=\"lazy\" decoding=\"async\" class=\"alignleft\" src=\"https:\/\/www.radiopiu.net\/wordpress\/wp-content\/uploads\/2022\/12\/IMG_20221201_102815405-scaled.jpg\" width=\"217\" height=\"122\" \/>LA VALLE AGORDINA<\/strong> Anche il territorio comunale lavallese non \u00e8 esente dalla presenza del lupo. Il carnivoro ha lasciato le tracce o meglio i denti del suo passaggio in localit\u00e0 Conaggia. La foto che Maurizio ci ha inviato e che abbiamo deciso di pubblicare in tutta la sua crudezza non \u00e8 certo per creare facili allarmismi, ma dopo quanto accaduto a Canale d&#8217;Agordo, dove il predatore\u00a0 presente in branchi ha divorato un cagnolino in una propriet\u00e0 privata \u00e8 forse meglio informare chi decider\u00e0 di passeggiare nei boschi, magari con il cane senza il guinzaglio. La prudenza non \u00e8 mai troppa.<\/p>\n<p>&nbsp;<\/p>\n<p>&nbsp;<\/p>\n<hr \/>\n<p>&nbsp;<\/p>\n<blockquote>\n<h3>FESTEGGIATI I 40 ANNI IN AZIENDA PER 27 DIPENDENTI ESSILORLUXOTTICA<\/h3>\n<\/blockquote>\n<p><strong>AGORDO <\/strong>Si \u00e8 tenuta ieri alla presenza di Francesco Milleri, Presidente e Amministratore Delegato e di Leonardo Maria Del Vecchio, Chief Strategy Officer di EssilorLuxottica la cerimonia dedicata ai dipendenti che hanno festeggiato i 40 anni in azienda. Quest\u2019anno si tratta di 27 lavoratori degli stabilimenti di Agordo, Sedico, Cencenighe e Barberini. L\u2019importante ricorrenza ha rafforzato il legame tra il Gruppo e le sue persone e a premiare coloro i quali hanno passato un\u2019intera vita lavorativa in azienda raggiungendo questo importante traguardo \u00e8 stato il Presidente Onorario di Luxottica Cav. Luigi Francavilla insieme a Giorgio Striano, Chief Operating Officer e Federico Buffa, R&amp;D, product and style Director.\u00a0 I riconoscimenti sono stati consegnati durante un pranzo con men\u00f9 speciale presso lo storico stabilimento di Agordo.<\/p>\n<p>I nomi dei dipendenti che hanno festeggiato i 40 anni: PAOLO BROTTO, FELICINO DECIMA, DIEGO DEL ZENERO, VANDA FACCIOTTO,\u00a0 LORELLA FONTANIVE,\u00a0 GIUSEPPINA FOSSEN,\u00a0 BRUNA FUSINA,\u00a0 LORIS GUIZZO,\u00a0 SANDRO LENA, MARIO PAGANIN, MORENA SCOLA, BRUNO SECCHI, TIZIANA SELLE, LILIANA SOPPELSA, MARIA ANGELA COSTA,\u00a0 GIANFRANCO DE DONA&#8217;,\u00a0 GRAZIELLA FAE&#8217;, ALDO FONTANIVE, SILVANO GANZ,\u00a0 ANNA SOPPELSA, EZIO BERTOLDI, DANIELA DE BERNARD, MARISA CASCINI, DARIO ERASMI, GIUSEPPE FERRETTI, GIANFRANCO DE LEONIBUS, PIERDOMENICO BALLARINI<\/p>\n<p><strong><a class=\"dt-pswp-item\" href=\"https:\/\/www.radiopiu.net\/wordpress\/wp-content\/uploads\/2022\/12\/3T4A5490-scaled.jpg\" data-dt-img-description=\"\" data-large_image_width=\"2560\" data-large_image_height=\"1707\"><img loading=\"lazy\" decoding=\"async\" class=\"alignleft wp-image-309314 size-full\" src=\"https:\/\/www.radiopiu.net\/wordpress\/wp-content\/uploads\/2022\/12\/3T4A5490-scaled.jpg\" alt=\"\" width=\"2560\" height=\"1707\" srcset=\"https:\/\/www.radiopiu.net\/wordpress\/wp-content\/uploads\/2022\/12\/3T4A5490-scaled.jpg 2560w, https:\/\/www.radiopiu.net\/wordpress\/wp-content\/uploads\/2022\/12\/3T4A5490-300x200.jpg 300w, https:\/\/www.radiopiu.net\/wordpress\/wp-content\/uploads\/2022\/12\/3T4A5490-1024x683.jpg 1024w, https:\/\/www.radiopiu.net\/wordpress\/wp-content\/uploads\/2022\/12\/3T4A5490-768x512.jpg 768w, https:\/\/www.radiopiu.net\/wordpress\/wp-content\/uploads\/2022\/12\/3T4A5490-1536x1024.jpg 1536w, https:\/\/www.radiopiu.net\/wordpress\/wp-content\/uploads\/2022\/12\/3T4A5490-2048x1365.jpg 2048w\" sizes=\"auto, (max-width: 2560px) 100vw, 2560px\" \/><\/a><\/strong><\/p>\n<p>&nbsp;<\/p>\n<hr \/>\n<p>&nbsp;<\/p>\n<blockquote>\n<h3><\/h3>\n<h3><\/h3>\n<h3>EMERGENZA ALLOGGI, SERVE UNA SISTEMAZIONE PER I LAVORATORI DEL TERRITORIO FODOM<\/h3>\n<\/blockquote>\n<p>&nbsp;<\/p>\n<p><strong><img loading=\"lazy\" decoding=\"async\" class=\"alignleft\" src=\"https:\/\/www.radiopiu.net\/wordpress\/wp-content\/uploads\/2021\/03\/ce6f6d29-7f34-4169-bc52-ed97a4fe7da7.jpg\" width=\"229\" height=\"126\" \/>LIVINALLONGO<\/strong> Tempi duri, difficili, anche per Villa San Giuseppe A Livinallongo del Col di Lana che ha due nuovi operatori, ma non gli alloggi. Necessita un\u2019abitazione in affitto a prezzi giusti. Si sta muovendo anche il Comune come ricorda il sindaco Leandro Grones.<\/p>\n<p>&nbsp;<\/p>\n<p><strong>AUDIO<\/strong><\/p>\n<audio class=\"wp-audio-shortcode\" id=\"audio-309146-1\" preload=\"none\" style=\"width: 100%;\" controls=\"controls\"><source type=\"audio\/mpeg\" src=\"https:\/\/www.radiopiu.net\/wordpress\/wp-content\/uploads\/2022\/12\/LEANDRO.mp3?_=1\" \/><a href=\"https:\/\/www.radiopiu.net\/wordpress\/wp-content\/uploads\/2022\/12\/LEANDRO.mp3\">https:\/\/www.radiopiu.net\/wordpress\/wp-content\/uploads\/2022\/12\/LEANDRO.mp3<\/a><\/audio>\n<p>&nbsp;<\/p>\n<p>&nbsp;<\/p>\n<hr \/>\n<p>&nbsp;<\/p>\n<blockquote>\n<h3>IL GIUDICE CONVALIDA LE MULTE DELL&#8217;AUTOVELOX DI LEVEGO<\/h3>\n<\/blockquote>\n<p><strong><a class=\"dt-pswp-item\" href=\"https:\/\/www.radiopiu.net\/wordpress\/wp-content\/uploads\/2022\/12\/autovelox-1.jpg\" data-dt-img-description=\"\" data-large_image_width=\"1217\" data-large_image_height=\"694\"><img loading=\"lazy\" decoding=\"async\" class=\" wp-image-309364 alignleft\" src=\"https:\/\/www.radiopiu.net\/wordpress\/wp-content\/uploads\/2022\/12\/autovelox-1-300x171.jpg\" alt=\"\" width=\"240\" height=\"137\" srcset=\"https:\/\/www.radiopiu.net\/wordpress\/wp-content\/uploads\/2022\/12\/autovelox-1-300x171.jpg 300w, https:\/\/www.radiopiu.net\/wordpress\/wp-content\/uploads\/2022\/12\/autovelox-1-1024x584.jpg 1024w, https:\/\/www.radiopiu.net\/wordpress\/wp-content\/uploads\/2022\/12\/autovelox-1-768x438.jpg 768w, https:\/\/www.radiopiu.net\/wordpress\/wp-content\/uploads\/2022\/12\/autovelox-1.jpg 1217w\" sizes=\"auto, (max-width: 240px) 100vw, 240px\" \/><\/a>BELLUNO\u00a0<\/strong> Le multe prese sotto l&#8217;autovelox di Levego vanno pagate. L&#8217;ha stabilito il giudice civile del Tribunale di Belluno, Beniamino Margiotta. Accolto l&#8217;appello presentato da Palazzo Rosso, dopo che il giudice di pace Fabrizio Schioppa aveva annullato la sanzione a un automobilista, che era difeso di fiducia dall&#8217;avvocato Giulia Piazza. La sentenza di secondo grado non sar\u00e0 impugnata davanti alla Corte di Cassazione. Il limite di velocit\u00e0 \u00e8 di 90 chilometri orari in quel tratto della strada provinciale 1 della Sinistra Piave e un automobilista di Pieve di Cadore era stato fotografato a 102 dal misuratore di velocit\u00e0 residente in localit\u00e0 Case Fagherazzi. Una sanzione da oltre cento euro e tre punti sulla patente. In primo grado il giudice di pace aveva accolto il ricorso dell&#8217;automobilista, ieri al contrario Margiotta ha accolto la tesi dell&#8217;amministrazione comunale, sostenendo che l&#8217;approvazione del prototipo equivale all&#8217;omologazione. Lo stesso problema di Levego era stato sollevato anche per il velox di Quero Vas, che \u00e8 stato a sua volta al centro di numerosi casi e polemiche. Secondo il Tribunale di Belluno, le multe sono legittime, anche in mancanza dell&#8217;omologazione dell&#8217;apparecchiatura.<\/p>\n<p>&nbsp;<\/p>\n<hr \/>\n<p>&nbsp;<\/p>\n<blockquote>\n<h3>CHIUSO L&#8217;UNICO ALIMENTARI A SANTA CROCE. &#8220;ALPAGO INSIEME PER IL FUTURO&#8221; SCRIVE AL SINDACO<\/h3>\n<\/blockquote>\n<p><strong><a class=\"dt-pswp-item\" href=\"https:\/\/www.radiopiu.net\/wordpress\/wp-content\/uploads\/2022\/12\/Costa-De-Francesch-Da-Re-Chiappin-.jpeg\" data-dt-img-description=\"\" data-large_image_width=\"1123\" data-large_image_height=\"766\"><img loading=\"lazy\" decoding=\"async\" class=\" wp-image-309242 alignleft\" src=\"https:\/\/www.radiopiu.net\/wordpress\/wp-content\/uploads\/2022\/12\/Costa-De-Francesch-Da-Re-Chiappin--300x205.jpeg\" alt=\"\" width=\"217\" height=\"148\" srcset=\"https:\/\/www.radiopiu.net\/wordpress\/wp-content\/uploads\/2022\/12\/Costa-De-Francesch-Da-Re-Chiappin--300x205.jpeg 300w, https:\/\/www.radiopiu.net\/wordpress\/wp-content\/uploads\/2022\/12\/Costa-De-Francesch-Da-Re-Chiappin--1024x698.jpeg 1024w, https:\/\/www.radiopiu.net\/wordpress\/wp-content\/uploads\/2022\/12\/Costa-De-Francesch-Da-Re-Chiappin--768x524.jpeg 768w, https:\/\/www.radiopiu.net\/wordpress\/wp-content\/uploads\/2022\/12\/Costa-De-Francesch-Da-Re-Chiappin-.jpeg 1123w\" sizes=\"auto, (max-width: 217px) 100vw, 217px\" \/><\/a>ALPAGO<\/strong> Ha chiuso i battenti nelle ultime ore l&#8217;unico negozio di alimentari presente nella frazione Santa Croce di Alpago. La crisi economica si fa sentire anche nei piccoli negozi e i consiglieri di &#8220;Alpago, Insieme per il futuro&#8221; hanno scritto al sindaco Alberto Peterle per chiedere pi\u00f9 attenzione e dei sussidi per i negozi di prossimit\u00e0. \u201c<em>Questa chiusura ci ha molto preoccupati &#8211; dichiarano i consiglieri Vanessa De Francesch e Federico Costa &#8211; perch\u00e9 temiamo che altri negozi di prossimit\u00e0 siano in sofferenza e possano cessare l\u2019attivit\u00e0, colpiti duramente prima dalla pandemia e poi ora anche con il caro-bollette. L\u2019attenzione alle frazioni periferiche e la garanzia della permanenza dei servizi sul territorio sono dei punti fondanti del nostro programma elettorale e quindi abbiamo ritenuto opportuno segnalare alcune iniziative che il Comune potrebbe intraprendere per prevenire ulteriori chiusure<\/em>\u201d. I consiglieri De Francesch e Costa si sono recati personalmente a Santa Croce per conoscere le motivazioni della chiusura del negozio da parte della signora Mara Chiappin che da diversi anni ne \u00e8 l\u2019esercente, ai quali ha dichiarato che \u201c<em>dopo la pandemia vi \u00e8 stato un calo di utenti e il caro bollette mi ha dato il colpo di grazia. Purtroppo non ho altra scelta, ma mi dispiace molto per gli anziani del paese e la Casa di Riposo alla quale fornivo i giornali quotidianamente<\/em>\u201d.\u00a0 La lettera inviata quindi dai Consiglieri De Francesch e Costa al Sindaco va nella direzione di stimolare una verifica della situazione di fatto di tutti negozi sul territorio, e di pensare ad aiuti economici straordinari per combattere il caro bollette (i cui costi sono perfino triplicati in alcuni casi) da aggiungersi a quelli gi\u00e0 stanziati con il decreto aiuti quater dal Governo ovvero erogare contributi a fondo perduto o un aiuto nel pagamento degli affitti o in altra forma compresa la defiscalizzazione dei tributi comunali. Nel caso specifico di Santa Croce, invece, i Consiglieri hanno chiesto che venga incentivata una riapertura in tempi celeri del negozio o laddove ci\u00f2 non sia possibile di pensare all\u2019istituzione di servizi navetta con i punti vendita pi\u00f9 vicini e\/o servizi di consegna a domicilio, esigenza che si imporr\u00e0 anche per altre frazioni scarsamente assistite da servizi essenziali.<\/p>\n<p>&nbsp;<\/p>\n<p>&nbsp;<\/p>\n<hr \/>\n<p>&nbsp;<\/p>\n<blockquote>\n<h3>IL NORDIC WALKING PARK DI TAIBON<\/h3>\n<\/blockquote>\n<p><strong>TAIBON<\/strong><\/p>\n<p>di Gianni Santomaso<\/p>\n<audio class=\"wp-audio-shortcode\" id=\"audio-309146-2\" preload=\"none\" style=\"width: 100%;\" controls=\"controls\"><source type=\"audio\/mpeg\" src=\"https:\/\/www.radiopiu.net\/wordpress\/wp-content\/uploads\/2022\/12\/GIANNI-IL-NORDIK-WALKING-PARK-DI-TAIBON.mp3?_=2\" \/><a href=\"https:\/\/www.radiopiu.net\/wordpress\/wp-content\/uploads\/2022\/12\/GIANNI-IL-NORDIK-WALKING-PARK-DI-TAIBON.mp3\">https:\/\/www.radiopiu.net\/wordpress\/wp-content\/uploads\/2022\/12\/GIANNI-IL-NORDIK-WALKING-PARK-DI-TAIBON.mp3<\/a><\/audio>\n<p>&nbsp;<\/p>\n\n\t\t\t<style type='text\/css'>\n\t\t\t\t#gallery-1 {\n\t\t\t\t\tmargin: auto;\n\t\t\t\t}\n\t\t\t\t#gallery-1 .gallery-item {\n\t\t\t\t\tfloat: left;\n\t\t\t\t\tmargin-top: 10px;\n\t\t\t\t\ttext-align: center;\n\t\t\t\t\twidth: 25%;\n\t\t\t\t}\n\t\t\t\t#gallery-1 img {\n\t\t\t\t\tborder: 2px solid #cfcfcf;\n\t\t\t\t}\n\t\t\t\t#gallery-1 .gallery-caption {\n\t\t\t\t\tmargin-left: 0;\n\t\t\t\t}\n\t\t\t\t\/* see gallery_shortcode() in wp-includes\/media.php *\/\n\t\t\t<\/style>\n\t\t<div id='gallery-1' class='dt-gallery-container gallery galleryid-309146 gallery-columns-4 gallery-size-thumbnail'><dl class='gallery-item'>\n\t\t\t\t<dt class='gallery-icon portrait'>\n\t\t\t\t\t<a class=\"rollover rollover-zoom dt-pswp-item\" title=\"b88b25c5-e38a-439c-b0c7-2e969f4a816c\" data-dt-img-description=\"\" data-large_image_width=\"1201\" data-large_image_height=\"1600\"href='https:\/\/www.radiopiu.net\/wordpress\/wp-content\/uploads\/2022\/12\/b88b25c5-e38a-439c-b0c7-2e969f4a816c.jpg'><img loading=\"lazy\" decoding=\"async\" width=\"150\" height=\"150\" src=\"https:\/\/www.radiopiu.net\/wordpress\/wp-content\/uploads\/2022\/12\/b88b25c5-e38a-439c-b0c7-2e969f4a816c-150x150.jpg\" class=\"attachment-thumbnail size-thumbnail\" alt=\"\" \/><\/a>\n\t\t\t\t<\/dt><\/dl><dl class='gallery-item'>\n\t\t\t\t<dt class='gallery-icon portrait'>\n\t\t\t\t\t<a class=\"rollover rollover-zoom dt-pswp-item\" title=\"54488e83-34f3-4a4c-b5ef-b6d9c87b4667\" data-dt-img-description=\"\" data-large_image_width=\"1201\" data-large_image_height=\"1600\"href='https:\/\/www.radiopiu.net\/wordpress\/wp-content\/uploads\/2022\/12\/54488e83-34f3-4a4c-b5ef-b6d9c87b4667.jpg'><img loading=\"lazy\" decoding=\"async\" width=\"150\" height=\"150\" src=\"https:\/\/www.radiopiu.net\/wordpress\/wp-content\/uploads\/2022\/12\/54488e83-34f3-4a4c-b5ef-b6d9c87b4667-150x150.jpg\" class=\"attachment-thumbnail size-thumbnail\" alt=\"\" \/><\/a>\n\t\t\t\t<\/dt><\/dl><dl class='gallery-item'>\n\t\t\t\t<dt class='gallery-icon portrait'>\n\t\t\t\t\t<a class=\"rollover rollover-zoom dt-pswp-item\" title=\"8bb96692-89a2-4c4b-975e-3f563b860583\" data-dt-img-description=\"\" data-large_image_width=\"1201\" data-large_image_height=\"1600\"href='https:\/\/www.radiopiu.net\/wordpress\/wp-content\/uploads\/2022\/12\/8bb96692-89a2-4c4b-975e-3f563b860583.jpg'><img loading=\"lazy\" decoding=\"async\" width=\"150\" height=\"150\" src=\"https:\/\/www.radiopiu.net\/wordpress\/wp-content\/uploads\/2022\/12\/8bb96692-89a2-4c4b-975e-3f563b860583-150x150.jpg\" class=\"attachment-thumbnail size-thumbnail\" alt=\"\" \/><\/a>\n\t\t\t\t<\/dt><\/dl><dl class='gallery-item'>\n\t\t\t\t<dt class='gallery-icon portrait'>\n\t\t\t\t\t<a class=\"rollover rollover-zoom dt-pswp-item\" title=\"b759ac33-6952-41a7-ba17-4cf347a7d66f\" data-dt-img-description=\"\" data-large_image_width=\"1201\" data-large_image_height=\"1600\"href='https:\/\/www.radiopiu.net\/wordpress\/wp-content\/uploads\/2022\/12\/b759ac33-6952-41a7-ba17-4cf347a7d66f.jpg'><img loading=\"lazy\" decoding=\"async\" width=\"150\" height=\"150\" src=\"https:\/\/www.radiopiu.net\/wordpress\/wp-content\/uploads\/2022\/12\/b759ac33-6952-41a7-ba17-4cf347a7d66f-150x150.jpg\" class=\"attachment-thumbnail size-thumbnail\" alt=\"\" \/><\/a>\n\t\t\t\t<\/dt><\/dl><br style=\"clear: both\" \/>\n\t\t\t<\/div>\n\n<p>&nbsp;<\/p>\n<hr \/>\n<p>&nbsp;<\/p>\n<blockquote>\n<h3 class=\"entry-title\">C\u2019ERA UNA VOLTA GIUSEPPE GARIBALDI\u2026<\/h3>\n<\/blockquote>\n<p><strong><a href=\"https:\/\/www.radiopiu.net\/wordpress\/wp-content\/uploads\/2022\/12\/Giuseppe-Garibaldi-3000-3x2gty-56fd8ac53df78c7d9e043261.webp\"><img loading=\"lazy\" decoding=\"async\" class=\"wp-image-309274 alignleft\" src=\"https:\/\/www.radiopiu.net\/wordpress\/wp-content\/uploads\/2022\/12\/Giuseppe-Garibaldi-3000-3x2gty-56fd8ac53df78c7d9e043261-300x207.webp\" alt=\"\" width=\"180\" height=\"124\" srcset=\"https:\/\/www.radiopiu.net\/wordpress\/wp-content\/uploads\/2022\/12\/Giuseppe-Garibaldi-3000-3x2gty-56fd8ac53df78c7d9e043261-300x207.webp 300w, https:\/\/www.radiopiu.net\/wordpress\/wp-content\/uploads\/2022\/12\/Giuseppe-Garibaldi-3000-3x2gty-56fd8ac53df78c7d9e043261-1024x705.webp 1024w, https:\/\/www.radiopiu.net\/wordpress\/wp-content\/uploads\/2022\/12\/Giuseppe-Garibaldi-3000-3x2gty-56fd8ac53df78c7d9e043261-768x529.webp 768w, https:\/\/www.radiopiu.net\/wordpress\/wp-content\/uploads\/2022\/12\/Giuseppe-Garibaldi-3000-3x2gty-56fd8ac53df78c7d9e043261.webp 1500w\" sizes=\"auto, (max-width: 180px) 100vw, 180px\" \/><\/a>AGORDO<\/strong> Un nostro fedelissimo della RADIOPIU&#8217;\u00a0 \u00a0la domanda se l&#8217;\u00e8 posta <em>&#8220;Non l&#8217;avranno mica rimandato a Caprera*?&#8221;. <\/em>Infatti, sulla parete del Bar che guarda il Broi c&#8217;era una volta il ritratto di un certo Cecchinato, il pittore amico di Vico Calabr\u00f2 e la storia racconta quanto il compianto Toni Guadagnini si fosse prodigato\u00a0 tanto\u00a0 per la lapide (che fortunatamente non \u00e8 stata ridipinta) che per il ritratto. Purtroppo il ritratto di Garibaldi non c&#8217;\u00e8 pi\u00f9, anzi c&#8217;\u00e8 ma sotto una mano o pi\u00f9 di intonaco. La cosa non \u00e8 passata inosservata, probabilmente nemmeno agli occhi dei consiglieri comunali di ieri e di oggi e di quantI\u00a0 come noi hanno ammirato a lungo quello che fu un capolavoro.<\/p>\n<p><em>*Caprera dove l\u2019eroe dei due mondi visse i suoi ultimi anni dedicandosi all\u2019agricoltura, ma continuando anche a fare politica. <span id=\"urn:local-text-annotation-ye1e8cqh9ebrsjh1amf5r2rhw3gewcrf\" class=\"textannotation disambiguated wl-person\">Giuseppe Garibaldi<\/span> fu mandato in esilio a Caprera dopo le sue innumerevoli battaglie per la libert\u00e0. Detta in altro modo,\u00a0 una sorta di prigione imposta dal Re d\u2019Italia.<\/em><br \/>\n<em>\u00a0anche se di propriet\u00e0 dello stesso Garibaldi.<\/em><\/p>\n\n\t\t\t<style type='text\/css'>\n\t\t\t\t#gallery-2 {\n\t\t\t\t\tmargin: auto;\n\t\t\t\t}\n\t\t\t\t#gallery-2 .gallery-item {\n\t\t\t\t\tfloat: left;\n\t\t\t\t\tmargin-top: 10px;\n\t\t\t\t\ttext-align: center;\n\t\t\t\t\twidth: 33%;\n\t\t\t\t}\n\t\t\t\t#gallery-2 img {\n\t\t\t\t\tborder: 2px solid #cfcfcf;\n\t\t\t\t}\n\t\t\t\t#gallery-2 .gallery-caption {\n\t\t\t\t\tmargin-left: 0;\n\t\t\t\t}\n\t\t\t\t\/* see gallery_shortcode() in wp-includes\/media.php *\/\n\t\t\t<\/style>\n\t\t<div id='gallery-2' class='dt-gallery-container gallery galleryid-309146 gallery-columns-3 gallery-size-thumbnail'><dl class='gallery-item'>\n\t\t\t\t<dt class='gallery-icon portrait'>\n\t\t\t\t\t<a class=\"rollover rollover-zoom dt-pswp-item\" title=\"45db3cbd-1628-423f-a240-9c2b37256512\" data-dt-img-description=\"\" data-large_image_width=\"922\" data-large_image_height=\"2000\"href='https:\/\/www.radiopiu.net\/wordpress\/wp-content\/uploads\/2022\/12\/45db3cbd-1628-423f-a240-9c2b37256512.jpg'><img loading=\"lazy\" decoding=\"async\" width=\"150\" height=\"150\" src=\"https:\/\/www.radiopiu.net\/wordpress\/wp-content\/uploads\/2022\/12\/45db3cbd-1628-423f-a240-9c2b37256512-150x150.jpg\" class=\"attachment-thumbnail size-thumbnail\" alt=\"\" aria-describedby=\"gallery-2-309271\" \/><\/a>\n\t\t\t\t<\/dt>\n\t\t\t\t\t<dd class='wp-caption-text gallery-caption' id='gallery-2-309271'>\n\t\t\t\t\tOGGI\n\t\t\t\t\t<\/dd><\/dl><dl class='gallery-item'>\n\t\t\t\t<dt class='gallery-icon landscape'>\n\t\t\t\t\t<a class=\"rollover rollover-zoom dt-pswp-item\" title=\"164a4f3a-1726-4031-b486-6bd43c05c828\" data-dt-img-description=\"\" data-large_image_width=\"1600\" data-large_image_height=\"1066\"href='https:\/\/www.radiopiu.net\/wordpress\/wp-content\/uploads\/2022\/12\/164a4f3a-1726-4031-b486-6bd43c05c828.jpg'><img loading=\"lazy\" decoding=\"async\" width=\"150\" height=\"150\" src=\"https:\/\/www.radiopiu.net\/wordpress\/wp-content\/uploads\/2022\/12\/164a4f3a-1726-4031-b486-6bd43c05c828-150x150.jpg\" class=\"attachment-thumbnail size-thumbnail\" alt=\"\" aria-describedby=\"gallery-2-309272\" \/><\/a>\n\t\t\t\t<\/dt>\n\t\t\t\t\t<dd class='wp-caption-text gallery-caption' id='gallery-2-309272'>\n\t\t\t\t\tIERI, SI SCORGE IL DIPINTO\n\t\t\t\t\t<\/dd><\/dl><dl class='gallery-item'>\n\t\t\t\t<dt class='gallery-icon landscape'>\n\t\t\t\t\t<a class=\"rollover rollover-zoom dt-pswp-item\" title=\"fc78cc97-2ded-4cd2-9ed6-e4cd0d1c72b2\" data-dt-img-description=\"\" data-large_image_width=\"1600\" data-large_image_height=\"1200\"href='https:\/\/www.radiopiu.net\/wordpress\/wp-content\/uploads\/2022\/12\/fc78cc97-2ded-4cd2-9ed6-e4cd0d1c72b2.jpg'><img loading=\"lazy\" decoding=\"async\" width=\"150\" height=\"150\" src=\"https:\/\/www.radiopiu.net\/wordpress\/wp-content\/uploads\/2022\/12\/fc78cc97-2ded-4cd2-9ed6-e4cd0d1c72b2-150x150.jpg\" class=\"attachment-thumbnail size-thumbnail\" alt=\"\" \/><\/a>\n\t\t\t\t<\/dt><\/dl><br style=\"clear: both\" \/>\n\t\t\t<\/div>\n\n<p>&nbsp;<\/p>\n<p><strong>di Gianni Santomaso<\/strong><\/p>\n<audio class=\"wp-audio-shortcode\" id=\"audio-309146-3\" preload=\"none\" style=\"width: 100%;\" controls=\"controls\"><source type=\"audio\/mpeg\" src=\"https:\/\/www.radiopiu.net\/wordpress\/wp-content\/uploads\/2022\/12\/GIANNI-GARIBALDI-AGORDO.mp3?_=3\" \/><a href=\"https:\/\/www.radiopiu.net\/wordpress\/wp-content\/uploads\/2022\/12\/GIANNI-GARIBALDI-AGORDO.mp3\">https:\/\/www.radiopiu.net\/wordpress\/wp-content\/uploads\/2022\/12\/GIANNI-GARIBALDI-AGORDO.mp3<\/a><\/audio>\n<p>&nbsp;<\/p>\n<p>&nbsp;<\/p>\n<hr \/>\n<p>&nbsp;<\/p>\n<p>&nbsp;<\/p>\n<blockquote>\n<h3><a class=\"dt-pswp-item\" href=\"https:\/\/www.radiopiu.net\/wordpress\/wp-content\/uploads\/2022\/12\/Senza-nome-4.jpg\" data-dt-img-description=\"\" data-large_image_width=\"334\" data-large_image_height=\"253\"><img loading=\"lazy\" decoding=\"async\" class=\"wp-image-309347 alignleft\" src=\"https:\/\/www.radiopiu.net\/wordpress\/wp-content\/uploads\/2022\/12\/Senza-nome-4-300x227.jpg\" alt=\"\" width=\"159\" height=\"120\" srcset=\"https:\/\/www.radiopiu.net\/wordpress\/wp-content\/uploads\/2022\/12\/Senza-nome-4-300x227.jpg 300w, https:\/\/www.radiopiu.net\/wordpress\/wp-content\/uploads\/2022\/12\/Senza-nome-4.jpg 334w\" sizes=\"auto, (max-width: 159px) 100vw, 159px\" \/><\/a>IL LUTTO, GLI AMICI DEL SERVA PIANGONO IGNAZIO &#8220;FRANCO&#8221;<\/h3>\n<\/blockquote>\n<p>E&#8217; mancato &#8220;Franco&#8221; Spagnolo l&#8217;anima del Serva, la montagna dei bellunesi.\u00a0 Franco era l&#8217;amico della casera Pian dei Fioc con l&#8217;amata moglie Francesca. Erano gli &#8220;amici del Serva&#8221;. Franco \u00e8 &#8220;salito fin l\u00ec&#8221; 327 volte nella sua vita. Adesso \u00e8 salito ancora pi\u00f9 in alto.<\/p>\n<p>&nbsp;<\/p>\n<p>&nbsp;<\/p>\n<hr \/>\n<p>&nbsp;<\/p>\n<blockquote>\n<h3>OGGI I FUNERALI DI OMAR<\/h3>\n<\/blockquote>\n<p><a class=\"dt-pswp-item\" href=\"https:\/\/www.radiopiu.net\/wordpress\/wp-content\/uploads\/2022\/12\/Senza-nome-5.jpg\" data-dt-img-description=\"\" data-large_image_width=\"233\" data-large_image_height=\"221\"><img loading=\"lazy\" decoding=\"async\" class=\"wp-image-309349 alignleft\" src=\"https:\/\/www.radiopiu.net\/wordpress\/wp-content\/uploads\/2022\/12\/Senza-nome-5.jpg\" alt=\"\" width=\"129\" height=\"122\" \/><\/a><strong>BELLUNO<\/strong> Omar De Vecchi \u00e8 morto a soli\u00a0 55 anni. E&#8217; mancato\u00a0 lunedi sera, strappato alla vita da un infarto che non gli ha dato scampo. Molto conosciuto nel Castionese, De Vecchi lascia la moglie Antonella,\u00a0 segretaria del Gruppo De Bona, la figlia Nicole, i genitori Silvana e Nino e il fratello Oscar. I funerali si svolgeranno domani alle 11 nella chiesa arcipretale di Castion.<\/p>\n<p>&nbsp;<\/p>\n<p>&nbsp;<\/p>\n<p>&nbsp;<\/p>\n<hr \/>\n<p>&nbsp;<\/p>\n<blockquote>\n<h3>DOMANI L&#8217;ADDIO AD ERNESTO, L&#8217;UOMO DEL PD di BELLUNO<\/h3>\n<\/blockquote>\n<p><strong><a class=\"dt-pswp-item\" href=\"https:\/\/www.radiopiu.net\/wordpress\/wp-content\/uploads\/2022\/12\/Senza-nome-8.jpg\" data-dt-img-description=\"\" data-large_image_width=\"249\" data-large_image_height=\"300\"><img loading=\"lazy\" decoding=\"async\" class=\"wp-image-309358 alignleft\" src=\"https:\/\/www.radiopiu.net\/wordpress\/wp-content\/uploads\/2022\/12\/Senza-nome-8.jpg\" alt=\"\" width=\"142\" height=\"171\" \/><\/a>LIMANA<\/strong> Si \u00e8 spento a 69 anni Ernesto Reolon per gran parte della vita in politica, tra le fila del Pd di Belluno, del quale era stato uno dei massimi esponenti. Gi\u00e0 sindacalista della Cgil, nel 2021 Reolon aveva retto il Pd per sei mesi come commissario in attesa del successivo congresso che avrebbe poi eletto l&#8217;attuale guida Monica Lotto. A Limana ha ricoperto la carica di assessore all&#8217;urbanistica e ai lavori pubblici, tra il 1999 e il 2009 con il sindaco Elvi Sommacal. Ernesto era sposato con Tiziana e aveva due figlie, Silvia e Sara.\u00a0 I funerali domani\u00a0 alle 10.30, nel cimitero di Limana, dove Reolon verr\u00e0 sepolto. Eventuali offerte saranno devolute all&#8217;Ail, associazione italiana contro le leucemie, linfomi e mieloma.<\/p>\n<p>&nbsp;<\/p>\n<p>&nbsp;<\/p>\n<p>&nbsp;<\/p>\n<hr \/>\n<p>&nbsp;<\/p>\n<blockquote class=\"wp-embedded-content\" data-secret=\"Fw139uYeYm\"><p><a href=\"https:\/\/www.radiopiu.net\/wordpress\/aziendazerodicembre-01\/\">IN TERAPIA INTENSIVA 59 PAZIENTI GRAVI,  41 RICOVERI IN 24 ORE, 12 I DECESSI<\/a><\/p><\/blockquote>\n<p><iframe loading=\"lazy\" class=\"wp-embedded-content\" sandbox=\"allow-scripts\" security=\"restricted\" style=\"position: absolute; clip: rect(1px, 1px, 1px, 1px);\" title=\"&#8220;IN TERAPIA INTENSIVA 59 PAZIENTI GRAVI,  41 RICOVERI IN 24 ORE, 12 I DECESSI&#8221; &#8212; Radio Pi\u00f9\" src=\"https:\/\/www.radiopiu.net\/wordpress\/aziendazerodicembre-01\/embed\/#?secret=76OyLSG70o#?secret=Fw139uYeYm\" data-secret=\"Fw139uYeYm\" width=\"600\" height=\"338\" frameborder=\"0\" marginwidth=\"0\" marginheight=\"0\" scrolling=\"no\"><\/iframe><\/p>\n<p>&nbsp;<\/p>\n<p><strong>DI TIZIANO DE COL<\/strong><\/p>\n\n\t\t\t<style type='text\/css'>\n\t\t\t\t#gallery-3 {\n\t\t\t\t\tmargin: auto;\n\t\t\t\t}\n\t\t\t\t#gallery-3 .gallery-item {\n\t\t\t\t\tfloat: left;\n\t\t\t\t\tmargin-top: 10px;\n\t\t\t\t\ttext-align: center;\n\t\t\t\t\twidth: 33%;\n\t\t\t\t}\n\t\t\t\t#gallery-3 img {\n\t\t\t\t\tborder: 2px solid #cfcfcf;\n\t\t\t\t}\n\t\t\t\t#gallery-3 .gallery-caption {\n\t\t\t\t\tmargin-left: 0;\n\t\t\t\t}\n\t\t\t\t\/* see gallery_shortcode() in wp-includes\/media.php *\/\n\t\t\t<\/style>\n\t\t<div id='gallery-3' class='dt-gallery-container gallery galleryid-309146 gallery-columns-3 gallery-size-medium'><dl class='gallery-item'>\n\t\t\t\t<dt class='gallery-icon landscape'>\n\t\t\t\t\t<a class=\"rollover rollover-zoom dt-pswp-item\" title=\"b0c0f6fb-32ee-4024-bfc0-5664bb751f54\" data-dt-img-description=\"\" data-large_image_width=\"603\" data-large_image_height=\"359\"href='https:\/\/www.radiopiu.net\/wordpress\/wp-content\/uploads\/2022\/12\/b0c0f6fb-32ee-4024-bfc0-5664bb751f54.jpg'><img loading=\"lazy\" decoding=\"async\" width=\"300\" height=\"179\" src=\"https:\/\/www.radiopiu.net\/wordpress\/wp-content\/uploads\/2022\/12\/b0c0f6fb-32ee-4024-bfc0-5664bb751f54-300x179.jpg\" class=\"attachment-medium size-medium\" alt=\"\" srcset=\"https:\/\/www.radiopiu.net\/wordpress\/wp-content\/uploads\/2022\/12\/b0c0f6fb-32ee-4024-bfc0-5664bb751f54-300x179.jpg 300w, https:\/\/www.radiopiu.net\/wordpress\/wp-content\/uploads\/2022\/12\/b0c0f6fb-32ee-4024-bfc0-5664bb751f54.jpg 603w\" sizes=\"auto, (max-width: 300px) 100vw, 300px\" \/><\/a>\n\t\t\t\t<\/dt><\/dl><dl class='gallery-item'>\n\t\t\t\t<dt class='gallery-icon landscape'>\n\t\t\t\t\t<a class=\"rollover rollover-zoom dt-pswp-item\" title=\"8ac83116-dc7b-4764-a0ee-3a20f65c0fde\" data-dt-img-description=\"\" data-large_image_width=\"622\" data-large_image_height=\"363\"href='https:\/\/www.radiopiu.net\/wordpress\/wp-content\/uploads\/2022\/12\/8ac83116-dc7b-4764-a0ee-3a20f65c0fde.jpg'><img loading=\"lazy\" decoding=\"async\" width=\"300\" height=\"175\" src=\"https:\/\/www.radiopiu.net\/wordpress\/wp-content\/uploads\/2022\/12\/8ac83116-dc7b-4764-a0ee-3a20f65c0fde-300x175.jpg\" class=\"attachment-medium size-medium\" alt=\"\" srcset=\"https:\/\/www.radiopiu.net\/wordpress\/wp-content\/uploads\/2022\/12\/8ac83116-dc7b-4764-a0ee-3a20f65c0fde-300x175.jpg 300w, https:\/\/www.radiopiu.net\/wordpress\/wp-content\/uploads\/2022\/12\/8ac83116-dc7b-4764-a0ee-3a20f65c0fde.jpg 622w\" sizes=\"auto, (max-width: 300px) 100vw, 300px\" \/><\/a>\n\t\t\t\t<\/dt><\/dl><dl class='gallery-item'>\n\t\t\t\t<dt class='gallery-icon landscape'>\n\t\t\t\t\t<a class=\"rollover rollover-zoom dt-pswp-item\" title=\"58bf804f-45e0-408b-8a08-1f890ad7369e\" data-dt-img-description=\"\" data-large_image_width=\"586\" data-large_image_height=\"363\"href='https:\/\/www.radiopiu.net\/wordpress\/wp-content\/uploads\/2022\/12\/58bf804f-45e0-408b-8a08-1f890ad7369e.jpg'><img loading=\"lazy\" decoding=\"async\" width=\"300\" height=\"186\" src=\"https:\/\/www.radiopiu.net\/wordpress\/wp-content\/uploads\/2022\/12\/58bf804f-45e0-408b-8a08-1f890ad7369e-300x186.jpg\" class=\"attachment-medium size-medium\" alt=\"\" srcset=\"https:\/\/www.radiopiu.net\/wordpress\/wp-content\/uploads\/2022\/12\/58bf804f-45e0-408b-8a08-1f890ad7369e-300x186.jpg 300w, https:\/\/www.radiopiu.net\/wordpress\/wp-content\/uploads\/2022\/12\/58bf804f-45e0-408b-8a08-1f890ad7369e.jpg 586w\" sizes=\"auto, (max-width: 300px) 100vw, 300px\" \/><\/a>\n\t\t\t\t<\/dt><\/dl><br style=\"clear: both\" \/>\n\t\t\t<\/div>\n\n<p>&nbsp;<\/p>\n<hr \/>\n<p>&nbsp;<\/p>\n<blockquote>\n<h3>IL BAR DELL&#8217;OSPEDALE DI FELTRE CAMBIA GESTORE<\/h3>\n<\/blockquote>\n<p><a class=\"dt-pswp-item\" href=\"https:\/\/www.radiopiu.net\/wordpress\/wp-content\/uploads\/2018\/01\/Feltre-Ulss-2-Santa-Maria-del-Prato-Foto-ANSA-Imc.jpg\" data-dt-img-description=\"Una veduta esterna dell'ospedale di Feltre dove sono stati ricoverati alcuni feriti dell'incidente che ha coinvolto un pullman ribaltatosi in zona Carpen, vicino Feltre, 29 maggio 2014. ANSA\/ ANDREA SOLERO\" data-large_image_width=\"1000\" data-large_image_height=\"666\"><img loading=\"lazy\" decoding=\"async\" class=\"wp-image-42393 alignleft\" src=\"https:\/\/www.radiopiu.net\/wordpress\/wp-content\/uploads\/2018\/01\/Feltre-Ulss-2-Santa-Maria-del-Prato-Foto-ANSA-Imc-300x200.jpg\" alt=\"\" width=\"137\" height=\"91\" srcset=\"https:\/\/www.radiopiu.net\/wordpress\/wp-content\/uploads\/2018\/01\/Feltre-Ulss-2-Santa-Maria-del-Prato-Foto-ANSA-Imc-300x200.jpg 300w, https:\/\/www.radiopiu.net\/wordpress\/wp-content\/uploads\/2018\/01\/Feltre-Ulss-2-Santa-Maria-del-Prato-Foto-ANSA-Imc-768x511.jpg 768w, https:\/\/www.radiopiu.net\/wordpress\/wp-content\/uploads\/2018\/01\/Feltre-Ulss-2-Santa-Maria-del-Prato-Foto-ANSA-Imc.jpg 1000w\" sizes=\"auto, (max-width: 137px) 100vw, 137px\" \/><\/a><strong>FELTRE<\/strong> In seguito alla nuova procedura di gara, il servizio di gestione del bar all\u2019interno dell\u2019Ospedale di Feltre, con rivendita giornali e riviste, \u00e8 stato dato in gestione alla ditta Ristorazione Servizi Italia srl per un periodo di due anni, rinnovabili per eguale periodo. Da ieri il servizio bar \u00e8 temporaneamente sospeso e sar\u00e0 ripristinato entro il prossimo 12 dicembre per permettere l\u2019avvio della nuova gestione e ripristinare l\u2019importante servizio per pazienti, visitatori e utenti dell\u2019ospedale oltre che per i dipendenti. Il personale in servizio con la precedente gestione, \u00e8 stato assorbito dalla nuova ditta. Nella procedura che ha portato all\u2019assegnazione del servizio alla nuova ditta, sono stati valutati, oltre all\u2019organizzazione del servizio, i prodotti utilizzati e venduti, l\u2019offerta editoriale, cos\u00ec come i sistemi operativi relativi agli aspetti igienico\/sanitari e la formazione del personale, al fine di garantire la qualit\u00e0 del servizio. Inoltre, il canone di concessione mensile \u00e8 stato ridefinito tenendo conto anche dei minori accessi alle strutture sanitarie legati alla pandemia Covid.<\/p>\n<p>&nbsp;<\/p>\n<p>&nbsp;<\/p>\n<hr \/>\n<p>&nbsp;<\/p>\n<blockquote>\n<h3>AVVIATO IL SERVIZIO CIVILE REGIONALE 2022 &#8220;INCONTRO DI GENERAZIONI&#8221;<\/h3>\n<\/blockquote>\n<p><strong><a class=\"dt-pswp-item\" href=\"https:\/\/www.radiopiu.net\/wordpress\/wp-content\/uploads\/2018\/08\/servizio-civile.jpg\" data-dt-img-description=\"\" data-large_image_width=\"582\" data-large_image_height=\"615\"><img loading=\"lazy\" decoding=\"async\" class=\" wp-image-59107 alignleft\" src=\"https:\/\/www.radiopiu.net\/wordpress\/wp-content\/uploads\/2018\/08\/servizio-civile-284x300.jpg\" alt=\"\" width=\"118\" height=\"125\" srcset=\"https:\/\/www.radiopiu.net\/wordpress\/wp-content\/uploads\/2018\/08\/servizio-civile-284x300.jpg 284w, https:\/\/www.radiopiu.net\/wordpress\/wp-content\/uploads\/2018\/08\/servizio-civile.jpg 582w\" sizes=\"auto, (max-width: 118px) 100vw, 118px\" \/><\/a>VENEZIA <\/strong>Con la chiusura del mese di novembre, prende avvio il Servizio Civile regionale volontario dell\u2019annualit\u00e0 2022, i cui progetti riservati ai giovani prenderanno forma da ora. Sono 313 le candidature pervenute agli enti coinvolti e ritenute ammissibili, a seguito dello specifico bando che nell\u2019edizione di quest\u2019anno \u00e8 dedicato al tema &#8220;Incontro di generazioni&#8221;. \u201cI giovani selezionati presteranno servizio per un anno all\u2019interno dei 19 progetti approvati dalla Regione e proposti da 14 enti di Servizio civile attivi in Veneto \u2013 sottolinea l\u2019assessore alla Sanit\u00e0 e alle Politiche sociali, Manuela Lanzarin -. Di questi, 16 progetti prevedono un servizio di 24 ore settimanali, 3 ne prevedono 18. Mando un saluto a tutti i giovani che hanno deciso di cogliere questa occasione&#8221;.<\/p>\n<p>&nbsp;<\/p>\n<p>&nbsp;<\/p>\n<hr \/>\n<p>&nbsp;<\/p>\n<blockquote>\n<h3>BILANCIO 10 ANNI DI ATTIVITA\u2019 DELL\u2019UNITA\u2019 DI CRISI AZIENDALI REGIONALE<\/h3>\n<\/blockquote>\n<p><strong><a class=\"dt-pswp-item\" href=\"https:\/\/www.radiopiu.net\/wordpress\/wp-content\/uploads\/2022\/12\/2438-2022-WhatsApp-Image-2022-12-01-at-17.20.01.jpeg\" data-dt-img-description=\"\" data-large_image_width=\"1600\" data-large_image_height=\"1200\"><img loading=\"lazy\" decoding=\"async\" class=\" wp-image-309299 alignleft\" src=\"https:\/\/www.radiopiu.net\/wordpress\/wp-content\/uploads\/2022\/12\/2438-2022-WhatsApp-Image-2022-12-01-at-17.20.01-300x225.jpeg\" alt=\"\" width=\"173\" height=\"130\" srcset=\"https:\/\/www.radiopiu.net\/wordpress\/wp-content\/uploads\/2022\/12\/2438-2022-WhatsApp-Image-2022-12-01-at-17.20.01-300x225.jpeg 300w, https:\/\/www.radiopiu.net\/wordpress\/wp-content\/uploads\/2022\/12\/2438-2022-WhatsApp-Image-2022-12-01-at-17.20.01-1024x768.jpeg 1024w, https:\/\/www.radiopiu.net\/wordpress\/wp-content\/uploads\/2022\/12\/2438-2022-WhatsApp-Image-2022-12-01-at-17.20.01-768x576.jpeg 768w, https:\/\/www.radiopiu.net\/wordpress\/wp-content\/uploads\/2022\/12\/2438-2022-WhatsApp-Image-2022-12-01-at-17.20.01-1536x1152.jpeg 1536w, https:\/\/www.radiopiu.net\/wordpress\/wp-content\/uploads\/2022\/12\/2438-2022-WhatsApp-Image-2022-12-01-at-17.20.01.jpeg 1600w\" sizes=\"auto, (max-width: 173px) 100vw, 173px\" \/><\/a>VENEZIA <\/strong>\u201c<em>Il modello sviluppato in questi dieci anni nella gestione delle crisi aziendali in Veneto \u00e8 un esempio virtuoso di come l\u2019ente pubblico possa diventare autorevole e affidabile punto di riferimento e facilitatore nei processi di trasformazione delle imprese. 277 crisi complesse sono state trattate e risolte con 50.000 lavoratori coinvolti. Numeri significativi che non descrivono l\u2019enorme impegno e lavoro messo in campo per portare a soluzioni i casi pi\u00f9 complessi, come sono stati, solo per citarne alcuni, Ideal Standard, Ferroli e Melegatti. Crisi risolte grazie ad un lavoro corale che ha portato a salvare produzioni e posti di lavoro<\/em>\u201d. Cos\u00ec il Presidente della Regione del Veneto Luca Zaia commenta i risultati dei dieci anni di attivit\u00e0 dell\u2019Unit\u00e0 di Crisi aziendali regionale presentati, dall\u2019Assessore regionale al lavoro Elena Donazzan e dal responsabile dell\u2019Unit\u00e0 di crisi aziendali di Veneto Lavoro Mattia Losego nel corso di un convegno svoltosi nell\u2019Aula magna dell\u2019Universit\u00e0 Iuav di Venezia, che ha visto la partecipazione dell\u2019intero mondo del lavoro veneto: dalle parti datoriali ai rappresentanti del mondo del lavoro fino alle parti sociali.<\/p>\n<p>&nbsp;<\/p>\n<p>&nbsp;<\/p>\n<hr \/>\n<p>&nbsp;<\/p>\n<blockquote>\n<h3>SI CONCLUDE IL PROGETTO RICE. DOMANI L&#8217;ULTIMO ATTO<\/h3>\n<\/blockquote>\n<p><strong><a class=\"dt-pswp-item\" href=\"https:\/\/www.radiopiu.net\/wordpress\/wp-content\/uploads\/2020\/04\/PIAZZA-MARTIRI-BELLUNO.jpg\" data-dt-img-description=\"\" data-large_image_width=\"550\" data-large_image_height=\"388\"><img loading=\"lazy\" decoding=\"async\" class=\" wp-image-130647 alignleft\" src=\"https:\/\/www.radiopiu.net\/wordpress\/wp-content\/uploads\/2020\/04\/PIAZZA-MARTIRI-BELLUNO-300x212.jpg\" alt=\"\" width=\"192\" height=\"136\" srcset=\"https:\/\/www.radiopiu.net\/wordpress\/wp-content\/uploads\/2020\/04\/PIAZZA-MARTIRI-BELLUNO-300x212.jpg 300w, https:\/\/www.radiopiu.net\/wordpress\/wp-content\/uploads\/2020\/04\/PIAZZA-MARTIRI-BELLUNO.jpg 550w\" sizes=\"auto, (max-width: 192px) 100vw, 192px\" \/><\/a>BELLUNO <\/strong>Belluno tira le fila sul progetto R.I.C.E. Domani dalle 9 alle 13 si terr\u00e0, online, il convegno conclusivo dal titolo \u201cBelluno e Borgo Valbelluna: citt\u00e0 dell\u2019educazione tra processi di inclusione e di co-educazione\u201d. L&#8217;evento \u00e8 organizzato dallo IUSVE con la collaborazione del Comune di Belluno, dell&#8217;Universit\u00e0 di Bologna, dell&#8217;Universit\u00e0 di MONS (Belgio) e dei partner del Progetto RICE (Rete Internazionale delle Citt\u00e0 dell&#8217;Educazione). Interverranno in qualit\u00e0 di relatori Roberto Dainese, professore ordinario all\u2019Universit\u00e0 di Bologna, Mara Padovan coordinatrice responsabile di rete del progetto Rice \u2013 Iusve, Anna Pileri coordinatrice scientifica responsabile della ricerca, del progetto Rice, Iusve e Unibo e Valeria Friso professoressa all\u2019Universit\u00e0 di Bologna. Sar\u00e0 l\u2019occasione per presentare le attivit\u00e0 svolte nei nidi e nelle scuole dal 2019 ad oggi. A met\u00e0 mattinata infatti, dalle 11 alle 12 circa, uno spazio sar\u00e0 dedicato alle coordinatrici pedagogiche e alle direttrici degli istituti coinvolti che porteranno la loro esperienza e racconteranno le iniziative concrete realizzate e i risultati ottenuti.<\/p>\n<p><strong>ROBERTA OLIVOTTO, ASSESSORE ALLE POLITICHE GIOVANILI DI BELLUNO<\/strong><\/p>\n<audio class=\"wp-audio-shortcode\" id=\"audio-309146-4\" preload=\"none\" style=\"width: 100%;\" controls=\"controls\"><source type=\"audio\/mpeg\" src=\"https:\/\/www.radiopiu.net\/wordpress\/wp-content\/uploads\/2022\/12\/Olivotto-su-Rice.mp3?_=4\" \/><a href=\"https:\/\/www.radiopiu.net\/wordpress\/wp-content\/uploads\/2022\/12\/Olivotto-su-Rice.mp3\">https:\/\/www.radiopiu.net\/wordpress\/wp-content\/uploads\/2022\/12\/Olivotto-su-Rice.mp3<\/a><\/audio>\n<p>&nbsp;<\/p>\n<hr \/>\n<p>&nbsp;<\/p>\n<blockquote>\n<h3>CONVENZIONE CON L&#8217;ASILO NIDO DI LOZZO, FIRME DI CALALZO E VIGO<\/h3>\n<\/blockquote>\n<p><strong><a class=\"dt-pswp-item\" href=\"https:\/\/www.radiopiu.net\/wordpress\/wp-content\/uploads\/2020\/10\/mani-bambini.jpg\" data-dt-img-description=\"\" data-large_image_width=\"1920\" data-large_image_height=\"1280\"><img loading=\"lazy\" decoding=\"async\" class=\" wp-image-164891 alignleft\" src=\"https:\/\/www.radiopiu.net\/wordpress\/wp-content\/uploads\/2020\/10\/mani-bambini-300x200.jpg\" alt=\"\" width=\"176\" height=\"117\" srcset=\"https:\/\/www.radiopiu.net\/wordpress\/wp-content\/uploads\/2020\/10\/mani-bambini-300x200.jpg 300w, https:\/\/www.radiopiu.net\/wordpress\/wp-content\/uploads\/2020\/10\/mani-bambini-1024x683.jpg 1024w, https:\/\/www.radiopiu.net\/wordpress\/wp-content\/uploads\/2020\/10\/mani-bambini-768x512.jpg 768w, https:\/\/www.radiopiu.net\/wordpress\/wp-content\/uploads\/2020\/10\/mani-bambini-1536x1024.jpg 1536w, https:\/\/www.radiopiu.net\/wordpress\/wp-content\/uploads\/2020\/10\/mani-bambini.jpg 1920w\" sizes=\"auto, (max-width: 176px) 100vw, 176px\" \/><\/a>CALALZO DI CADORE<\/strong> I Comuni di Calalzo di Cadore e di Vigo di Cadore siglano una convenzione con l&#8217;asilo nido di Lozzo di Cadore per sostenere la struttura e garantire il servizio alle famiglie del territorio: la giunta di Vigo guidata dal Sindaco Silvia Calligaro ha approvato la delibera che d\u00e0 il via libera convenzione con la struttura di Lozzo, cos\u00ec come fatto da Calalzo, il cui primo cittadino Luca De Carlo aveva da tempo sottolineato l&#8217;importanza del servizio per l&#8217;intero Centro Cadore. Lo scorso agosto era infatti arrivata la conferma del finanziamento ai comuni per \u201cincrementare il numero di posti nei servizi educativi per l&#8217;infanzia per il raggiungimento del livello minimo essenziale delle prestazioni\u201c: un contributo da 120 milioni di euro complessivi a livello nazionale per il 2022, che per i comuni dell&#8217;Unione Montana Centro Cadore ha significato un trasferimento di 7673,12 euro ciascuno.<\/p>\n<p>&nbsp;<\/p>\n<p>&nbsp;<\/p>\n<hr \/>\n<p>&nbsp;<\/p>\n<blockquote>\n<h3>BONUS SPORT PER 16 ASSOCIAZIONI DI PONTE NELLE ALPI<\/h3>\n<\/blockquote>\n<p><strong><a class=\"dt-pswp-item\" href=\"https:\/\/www.radiopiu.net\/wordpress\/wp-content\/uploads\/2022\/12\/Bonus_Sport_Ponte.jpg\" data-dt-img-description=\"\" data-large_image_width=\"768\" data-large_image_height=\"1024\"><img loading=\"lazy\" decoding=\"async\" class=\" wp-image-309222 alignleft\" src=\"https:\/\/www.radiopiu.net\/wordpress\/wp-content\/uploads\/2022\/12\/Bonus_Sport_Ponte-225x300.jpg\" alt=\"\" width=\"131\" height=\"175\" srcset=\"https:\/\/www.radiopiu.net\/wordpress\/wp-content\/uploads\/2022\/12\/Bonus_Sport_Ponte-225x300.jpg 225w, https:\/\/www.radiopiu.net\/wordpress\/wp-content\/uploads\/2022\/12\/Bonus_Sport_Ponte.jpg 768w\" sizes=\"auto, (max-width: 131px) 100vw, 131px\" \/><\/a>PONTE NELLE ALPI<\/strong> Il Comune di Ponte nelle Alpi ha deliberato un \u201cbonus\u201d da circa 10mila euro complessivi a 16 associazioni sportive del suo territorio: un segnale di vicinanza a queste realt\u00e0 che si somma agli interventi realizzati e in programma sulle strutture sportive pontalpine.<\/p>\n<p><strong>di Daniele Dalvit<\/strong><\/p>\n<audio class=\"wp-audio-shortcode\" id=\"audio-309146-5\" preload=\"none\" style=\"width: 100%;\" controls=\"controls\"><source type=\"audio\/mpeg\" src=\"https:\/\/www.radiopiu.net\/wordpress\/wp-content\/uploads\/2022\/12\/DALVIT-ASSOCIAZIONI-SPORTIVE-PONTE.mp3?_=5\" \/><a href=\"https:\/\/www.radiopiu.net\/wordpress\/wp-content\/uploads\/2022\/12\/DALVIT-ASSOCIAZIONI-SPORTIVE-PONTE.mp3\">https:\/\/www.radiopiu.net\/wordpress\/wp-content\/uploads\/2022\/12\/DALVIT-ASSOCIAZIONI-SPORTIVE-PONTE.mp3<\/a><\/audio>\n<p>&nbsp;<\/p>\n<p><strong>PONTE NELLE ALPI <\/strong>Sedici associazioni sportive del Comune di Ponte nelle Alpi beneficeranno del Bonus Sport. A tale proposito, l\u2019assessora competente in materia, Marta Viel, ha presentato in giunta la delibera che riconosce un contributo di circa 10mila euro a favore dei gruppi sportivi del territorio.<span class=\"gmail-Apple-converted-space\"> \u00a0<\/span>In questo modo, il Comune intende sostenere e incentivare l\u2019attivit\u00e0 delle societ\u00e0 che operano in particolare nel settore giovanile, promuovendo l\u2019aggregazione, l\u2019integrazione e la socializzazione. \u00abPonte nelle Alpi &#8211; ha affermato Marta Viel &#8211; \u00e8 una comunit\u00e0 dalla forte e radicata vocazione sportiva. Una caratteristica distintiva che, come amministrazione, vogliamo valorizzare e potenziare per far s\u00ec che i nostri sodalizi possano continuare a essere vicini ai giovani e a ottenere risultati importanti, in grado di dare lustro e prestigio al territorio\u00bb.<span class=\"gmail-Apple-converted-space\">\u00a0<\/span><\/p>\n<p>&nbsp;<\/p>\n<p>&nbsp;<\/p>\n<hr \/>\n<p>&nbsp;<\/p>\n<blockquote>\n<h3>ALLA RADIO, IL LIBRO DI MICHELE TALO. DEDICATO ALLA LEGGENDA BOB DYLAN<\/h3>\n<\/blockquote>\n<p>&nbsp;<\/p>\n<p><strong><img loading=\"lazy\" decoding=\"async\" class=\"alignleft\" src=\"https:\/\/www.radiopiu.net\/wordpress\/wp-content\/uploads\/2022\/12\/Senza-nome-3.jpg\" width=\"159\" height=\"156\" \/>REDAZIONE<\/strong> &#8220;Bob trasparente come il vento, Dylan ruvido e rissoso&#8221; \u00e8 il libro di Michele Talo. Un&#8217;analisi su &#8220;nuove espressioni poetiche all&#8217;interno della grande tradizione della canzone americana&#8221; con un particolare approfondimento dell&#8217;ultimo disco del cantautore. Oggi alle 17 alla UrbanHub la presentazione del volume (Flamingo Edizioni).<\/p>\n<p>&nbsp;<\/p>\n<p><strong>L&#8217;INTERVISTA ALLA RADIO, di\u00a0 mirko mezzacasa<br \/>\n<span style=\"color: #ff0000;\">Con la collaborazione della Tipografia Castaldi ad Agordo la storia della produzione che unisce cultura, lavoro e tempo libero<\/span><\/strong><\/p>\n<p>&nbsp;<\/p>\n<audio class=\"wp-audio-shortcode\" id=\"audio-309146-6\" preload=\"none\" style=\"width: 100%;\" controls=\"controls\"><source type=\"audio\/mpeg\" src=\"https:\/\/www.radiopiu.net\/wordpress\/wp-content\/uploads\/2022\/12\/SPECIALE-MICHELE-TALO.mp3?_=6\" \/><a href=\"https:\/\/www.radiopiu.net\/wordpress\/wp-content\/uploads\/2022\/12\/SPECIALE-MICHELE-TALO.mp3\">https:\/\/www.radiopiu.net\/wordpress\/wp-content\/uploads\/2022\/12\/SPECIALE-MICHELE-TALO.mp3<\/a><\/audio>\n<p>&nbsp;<\/p>\n<p><a class=\"dt-pswp-item\" href=\"https:\/\/www.radiopiu.net\/wordpress\/wp-content\/uploads\/2022\/12\/Senza-nome-2.jpg\" data-dt-img-description=\"\" data-large_image_width=\"374\" data-large_image_height=\"193\"><img loading=\"lazy\" decoding=\"async\" class=\"aligncenter wp-image-309209 size-full\" src=\"https:\/\/www.radiopiu.net\/wordpress\/wp-content\/uploads\/2022\/12\/Senza-nome-2.jpg\" alt=\"\" width=\"374\" height=\"193\" srcset=\"https:\/\/www.radiopiu.net\/wordpress\/wp-content\/uploads\/2022\/12\/Senza-nome-2.jpg 374w, https:\/\/www.radiopiu.net\/wordpress\/wp-content\/uploads\/2022\/12\/Senza-nome-2-300x155.jpg 300w\" sizes=\"auto, (max-width: 374px) 100vw, 374px\" \/><\/a><\/p>\n<p>&nbsp;<\/p>\n<p>&nbsp;<\/p>\n<hr \/>\n<p>&nbsp;<\/p>\n<blockquote>\n<h3>&#8220;CAMPAGNA RECLUTAMENTO VOLONTARI&#8221;\u00a0, PARLANO LE ASSOCIAZIONI<\/h3>\n<\/blockquote>\n<h3><span style=\"color: #ff0000;\">Il nuovo programma radiofonico sul volontariato bellunese<\/span><\/h3>\n<p>il <strong>Comitato d\u2019Intesa<\/strong>\u00a0si lancia in un nuovo progetto.\u00a0<strong>\u201cUna Finestra sul Volontariato\u201d<\/strong> \u00e8 il programma radiofonico\u00a0 che ha l\u2019obiettivo di raccontare il mondo del volontariato nella provincia di Belluno, con le sue sfaccettature e la sua ricchezza. L\u2019iniziativa \u00e8 rivolta alla cittadinanza interessata a conoscere qualcosa di pi\u00f9 sul Terzo Settore, e alle associazioni che vogliono restare aggiornate e scoprire nuove opportunit\u00e0. Potete ascoltarci ogni <strong>secondo venerd\u00ec del mese<\/strong>\u00a0alle\u00a0<strong>ore 10.30<\/strong>\u00a0e alle\u00a0<strong>ore 19.00<\/strong> sulle frequenze di Radio Pi\u00f9.<\/p>\n<p>&nbsp;<\/p>\n<p><span style=\"color: #ff0000;\"><strong>NELLA PROSSIMA PUNTATA, VENERDI 9 NOVEMBRE, CON ELISA ROLDO, RENZO ANDRICH E SISTO DA ROIT\u00a0\u00a0<\/strong><\/span><\/p>\n<p><a class=\"dt-pswp-item\" href=\"https:\/\/www.radiopiu.net\/wordpress\/wp-content\/uploads\/2022\/11\/th-18.jpg\" data-dt-img-description=\"\" data-large_image_width=\"474\" data-large_image_height=\"474\"><img loading=\"lazy\" decoding=\"async\" class=\"wp-image-309011 alignleft\" src=\"https:\/\/www.radiopiu.net\/wordpress\/wp-content\/uploads\/2022\/11\/th-18-300x300.jpg\" alt=\"\" width=\"157\" height=\"157\" srcset=\"https:\/\/www.radiopiu.net\/wordpress\/wp-content\/uploads\/2022\/11\/th-18-300x300.jpg 300w, https:\/\/www.radiopiu.net\/wordpress\/wp-content\/uploads\/2022\/11\/th-18-150x150.jpg 150w, https:\/\/www.radiopiu.net\/wordpress\/wp-content\/uploads\/2022\/11\/th-18.jpg 474w\" sizes=\"auto, (max-width: 157px) 100vw, 157px\" \/><\/a>RADIO PIU&#8217; DA VOCE ALLE ASSOCIAZIONI, NEL NOTIZIARIO PRINCIPALE DELLE 12.30<\/p>\n<p><strong>LUIGI CENTA, ASSOCIAZIONI CINOFILI (FELTRE)<\/strong><\/p>\n<audio class=\"wp-audio-shortcode\" id=\"audio-309146-7\" preload=\"none\" style=\"width: 100%;\" controls=\"controls\"><source type=\"audio\/mpeg\" src=\"https:\/\/www.radiopiu.net\/wordpress\/wp-content\/uploads\/2022\/11\/centa-luigi-odd-cinofili.mp3?_=7\" \/><a href=\"https:\/\/www.radiopiu.net\/wordpress\/wp-content\/uploads\/2022\/11\/centa-luigi-odd-cinofili.mp3\">https:\/\/www.radiopiu.net\/wordpress\/wp-content\/uploads\/2022\/11\/centa-luigi-odd-cinofili.mp3<\/a><\/audio>\n<p>&nbsp;<\/p>\n<p><strong><a class=\"dt-pswp-item\" href=\"https:\/\/www.radiopiu.net\/wordpress\/wp-content\/uploads\/2022\/12\/th.jpg\" data-dt-img-description=\"\" data-large_image_width=\"474\" data-large_image_height=\"266\"><img loading=\"lazy\" decoding=\"async\" class=\"wp-image-309368 alignleft\" src=\"https:\/\/www.radiopiu.net\/wordpress\/wp-content\/uploads\/2022\/12\/th-300x168.jpg\" alt=\"\" width=\"152\" height=\"85\" srcset=\"https:\/\/www.radiopiu.net\/wordpress\/wp-content\/uploads\/2022\/12\/th-300x168.jpg 300w, https:\/\/www.radiopiu.net\/wordpress\/wp-content\/uploads\/2022\/12\/th.jpg 474w\" sizes=\"auto, (max-width: 152px) 100vw, 152px\" \/><\/a>MARCO LOMBARDO, ASSOCIAZIONE GRUPPO AUTISMO<\/strong><\/p>\n<audio class=\"wp-audio-shortcode\" id=\"audio-309146-8\" preload=\"none\" style=\"width: 100%;\" controls=\"controls\"><source type=\"audio\/mpeg\" src=\"https:\/\/www.radiopiu.net\/wordpress\/wp-content\/uploads\/2022\/11\/Marco-Lombardo-Presidente-Associazione-Gruppo-Autismo-Belluno.mp3?_=8\" \/><a href=\"https:\/\/www.radiopiu.net\/wordpress\/wp-content\/uploads\/2022\/11\/Marco-Lombardo-Presidente-Associazione-Gruppo-Autismo-Belluno.mp3\">https:\/\/www.radiopiu.net\/wordpress\/wp-content\/uploads\/2022\/11\/Marco-Lombardo-Presidente-Associazione-Gruppo-Autismo-Belluno.mp3<\/a><\/audio>\n<p>&nbsp;<\/p>\n<p>&nbsp;<\/p>\n<hr \/>\n<p>&nbsp;<\/p>\n<div class=\"page-title-head hgroup\">\n<blockquote>\n<h3 class=\"entry-title\">SPECIALE SPI CGIL CON MARIA RITA GENTILIN<\/h3>\n<\/blockquote>\n<\/div>\n<div class=\"page-title-breadcrumbs\"><\/div>\n<p><a class=\"dt-pswp-item\" href=\"https:\/\/www.radiopiu.net\/wordpress\/wp-content\/uploads\/2019\/02\/Logo_Spi-CGIL-800x445.jpg\" data-dt-img-description=\"\" data-large_image_width=\"800\" data-large_image_height=\"445\"><img loading=\"lazy\" decoding=\"async\" class=\"size-medium wp-image-75538 alignleft\" src=\"https:\/\/www.radiopiu.net\/wordpress\/wp-content\/uploads\/2019\/02\/Logo_Spi-CGIL-800x445-300x167.jpg\" alt=\"\" width=\"300\" height=\"167\" srcset=\"https:\/\/www.radiopiu.net\/wordpress\/wp-content\/uploads\/2019\/02\/Logo_Spi-CGIL-800x445-300x167.jpg 300w, https:\/\/www.radiopiu.net\/wordpress\/wp-content\/uploads\/2019\/02\/Logo_Spi-CGIL-800x445-768x427.jpg 768w, https:\/\/www.radiopiu.net\/wordpress\/wp-content\/uploads\/2019\/02\/Logo_Spi-CGIL-800x445.jpg 800w\" sizes=\"auto, (max-width: 300px) 100vw, 300px\" \/><\/a>di\u00a0 Mirko Mezzacasa<\/p>\n<p>&nbsp;<\/p>\n<p>&nbsp;<\/p>\n<p>&nbsp;<\/p>\n<p>&nbsp;<\/p>\n<p>&nbsp;<\/p>\n<p><strong>PUNTATA DEL 30 novembre 2022<\/strong><\/p>\n<audio class=\"wp-audio-shortcode\" id=\"audio-309146-9\" preload=\"none\" style=\"width: 100%;\" controls=\"controls\"><source type=\"audio\/mpeg\" src=\"https:\/\/www.radiopiu.net\/wordpress\/wp-content\/uploads\/2022\/12\/SPI-CGIL-DICEMBRE.mp3?_=9\" \/><a href=\"https:\/\/www.radiopiu.net\/wordpress\/wp-content\/uploads\/2022\/12\/SPI-CGIL-DICEMBRE.mp3\">https:\/\/www.radiopiu.net\/wordpress\/wp-content\/uploads\/2022\/12\/SPI-CGIL-DICEMBRE.mp3<\/a><\/audio>\n<p>&nbsp;<\/p>\n<p>&nbsp;<\/p>\n<p>&nbsp;<\/p>\n<hr \/>\n<p>&nbsp;<\/p>\n<blockquote>\n<h2>LUNEDI LA SANITA&#8217; IN VENETO E L&#8217;OSPEDALE DI AGORDO<\/h2>\n<\/blockquote>\n<p><strong><a class=\"dt-pswp-item\" href=\"https:\/\/www.radiopiu.net\/wordpress\/wp-content\/uploads\/2022\/11\/ad716ddd-eb34-4115-bb0d-e2c527396d7c.jpg\" data-dt-img-description=\"\" data-large_image_width=\"645\" data-large_image_height=\"437\"><img loading=\"lazy\" decoding=\"async\" class=\" wp-image-309158 alignleft\" src=\"https:\/\/www.radiopiu.net\/wordpress\/wp-content\/uploads\/2022\/11\/ad716ddd-eb34-4115-bb0d-e2c527396d7c-300x203.jpg\" alt=\"\" width=\"260\" height=\"176\" srcset=\"https:\/\/www.radiopiu.net\/wordpress\/wp-content\/uploads\/2022\/11\/ad716ddd-eb34-4115-bb0d-e2c527396d7c-300x203.jpg 300w, https:\/\/www.radiopiu.net\/wordpress\/wp-content\/uploads\/2022\/11\/ad716ddd-eb34-4115-bb0d-e2c527396d7c.jpg 645w\" sizes=\"auto, (max-width: 260px) 100vw, 260px\" \/><\/a>REDAZIONE<\/strong> Lo scorso agosto le telecamere di Report sono arrivate in provincia, fino all&#8217;ospedale di Agordo per uno speciale sulla sanit\u00e0. Lunedi la messa in onda del servizio, atteso soprattutto dal Comitato Sanit\u00e0 Agordina che ha interessato i cronisti di Rai 3. Lo speciale \u00e8 in onda alle 21.10<\/p>\n<p>&nbsp;<\/p>\n<p>&nbsp;<\/p>\n<p><span style=\"color: #ff0000;\">\u00a0<\/span><\/p>\n<p>&nbsp;<\/p>\n<p><span style=\"color: #ff0000;\">ARCHIVIO RADIO PIU&#8217; AGOSTO 2022<\/span><\/p>\n<p>&nbsp;<\/p>\n<blockquote>\n<h3>I GIORNALISTI DI REPORT ALL&#8217;OSPEDALE DI AGORDO<\/h3>\n<\/blockquote>\n<p><strong>AGORDO<\/strong> Il Comitato Sanit\u00e0 Agordina capitanato da Guido Trento dalle 10 di questa mattina \u00e8 in attesa dei giornalisti di &#8220;Report&#8221;, la trasmissione televisiva di Rai Tre che evidentemente si prepara a confezionare uno speciale sulla sanit\u00e0 del bellunese anche passando per l&#8217;ospedale di Agordo. Abbiamo chiesto il motivo di questo incontro all&#8217;ex consigliere regionale Guido Trento, Coordinatore dei comitati Agordo e Pieve di Cadore<\/p>\n<p>https:\/\/www.facebook.com\/marco.baghy.1\/videos\/1035172073862491<\/p>\n<p>&nbsp;<\/p>\n<p>&nbsp;<\/p>\n<hr \/>\n<p>&nbsp;<\/p>\n<p>&nbsp;<\/p>\n<blockquote>\n<h3>L&#8217;IMPRESA DI STEFANO E PAOLO PER POLLICINO<\/h3>\n<\/blockquote>\n<p><img loading=\"lazy\" decoding=\"async\" class=\"aligncenter\" src=\"https:\/\/www.radiopiu.net\/wordpress\/wp-content\/uploads\/2022\/12\/c5fe2125-07a4-4cfa-bd64-a18bfa352332.jpg\" width=\"397\" height=\"224\" \/><\/p>\n<p><strong>\u00a0<\/strong><\/p>\n<p><strong>BELLUNO<\/strong><\/p>\n<p><strong>DI MORENO GIOLI<\/strong><\/p>\n<p>&nbsp;<\/p>\n<audio class=\"wp-audio-shortcode\" id=\"audio-309146-10\" preload=\"none\" style=\"width: 100%;\" controls=\"controls\"><source type=\"audio\/mpeg\" src=\"https:\/\/www.radiopiu.net\/wordpress\/wp-content\/uploads\/2022\/12\/Finisterre-per-Pollicino.mp3?_=10\" \/><a href=\"https:\/\/www.radiopiu.net\/wordpress\/wp-content\/uploads\/2022\/12\/Finisterre-per-Pollicino.mp3\">https:\/\/www.radiopiu.net\/wordpress\/wp-content\/uploads\/2022\/12\/Finisterre-per-Pollicino.mp3<\/a><\/audio>\n<p>&nbsp;<\/p>\n<p>&nbsp;<\/p>\n<hr \/>\n<blockquote>\n<h3><span style=\"color: #000000;\">\u00a0<\/span><\/h3>\n<h3><span style=\"color: #000000;\">SCUOLA APERTA, PRESENTAZIONE A PUNTATE DELL&#8217;OFFERTA SCOLASTICA DEL FOLLADOR-DE ROSSI<\/span><\/h3>\n<\/blockquote>\n<p><span style=\"color: #0000ff;\"><strong>\u00a0<\/strong><\/span><\/p>\n<p><strong>LA RACCOLTA COMPLETA<\/strong><\/p>\n<blockquote class=\"wp-embedded-content\" data-secret=\"CBnPU2Uocu\"><p><a href=\"https:\/\/www.radiopiu.net\/wordpress\/scuola-aperta-quarta-puntata-istituto-enogastronomico\/\">SCUOLA APERTA, QUARTA PUNTATA &#8220;ISTITUTO ENOGASTRONOMICO&#8221;<\/a><\/p><\/blockquote>\n<p><iframe loading=\"lazy\" class=\"wp-embedded-content\" sandbox=\"allow-scripts\" security=\"restricted\" style=\"position: absolute; clip: rect(1px, 1px, 1px, 1px);\" title=\"&#8220;SCUOLA APERTA, QUARTA PUNTATA &#8220;ISTITUTO ENOGASTRONOMICO&#8221;&#8221; &#8212; Radio Pi\u00f9\" src=\"https:\/\/www.radiopiu.net\/wordpress\/scuola-aperta-quarta-puntata-istituto-enogastronomico\/embed\/#?secret=WNuhkrWGKh#?secret=CBnPU2Uocu\" data-secret=\"CBnPU2Uocu\" width=\"600\" height=\"338\" frameborder=\"0\" marginwidth=\"0\" marginheight=\"0\" scrolling=\"no\"><\/iframe><\/p>\n<p>&nbsp;<\/p>\n<hr \/>\n<p>&nbsp;<\/p>\n<blockquote>\n<h3>FELTRE RENDE OMAGGIO A DINO BUZZATI<\/h3>\n<\/blockquote>\n<p><strong><a class=\"dt-pswp-item\" href=\"https:\/\/www.radiopiu.net\/wordpress\/wp-content\/uploads\/2022\/12\/7660ab59-43c9-457a-86d4-0d2f4c3e8ae4.jpg\" data-dt-img-description=\"\" data-large_image_width=\"2048\" data-large_image_height=\"1154\"><img loading=\"lazy\" decoding=\"async\" class=\" wp-image-309282 alignleft\" src=\"https:\/\/www.radiopiu.net\/wordpress\/wp-content\/uploads\/2022\/12\/7660ab59-43c9-457a-86d4-0d2f4c3e8ae4-300x169.jpg\" alt=\"\" width=\"183\" height=\"103\" srcset=\"https:\/\/www.radiopiu.net\/wordpress\/wp-content\/uploads\/2022\/12\/7660ab59-43c9-457a-86d4-0d2f4c3e8ae4-300x169.jpg 300w, https:\/\/www.radiopiu.net\/wordpress\/wp-content\/uploads\/2022\/12\/7660ab59-43c9-457a-86d4-0d2f4c3e8ae4-1024x577.jpg 1024w, https:\/\/www.radiopiu.net\/wordpress\/wp-content\/uploads\/2022\/12\/7660ab59-43c9-457a-86d4-0d2f4c3e8ae4-768x433.jpg 768w, https:\/\/www.radiopiu.net\/wordpress\/wp-content\/uploads\/2022\/12\/7660ab59-43c9-457a-86d4-0d2f4c3e8ae4-1536x866.jpg 1536w, https:\/\/www.radiopiu.net\/wordpress\/wp-content\/uploads\/2022\/12\/7660ab59-43c9-457a-86d4-0d2f4c3e8ae4.jpg 2048w\" sizes=\"auto, (max-width: 183px) 100vw, 183px\" \/><\/a>FELTRE<\/strong><\/p>\n<p>di Moreno Gioli<\/p>\n<audio class=\"wp-audio-shortcode\" id=\"audio-309146-11\" preload=\"none\" style=\"width: 100%;\" controls=\"controls\"><source type=\"audio\/mpeg\" src=\"https:\/\/www.radiopiu.net\/wordpress\/wp-content\/uploads\/2022\/12\/GIOLI-MOSTRA-BUZZATI.mp3?_=11\" \/><a href=\"https:\/\/www.radiopiu.net\/wordpress\/wp-content\/uploads\/2022\/12\/GIOLI-MOSTRA-BUZZATI.mp3\">https:\/\/www.radiopiu.net\/wordpress\/wp-content\/uploads\/2022\/12\/GIOLI-MOSTRA-BUZZATI.mp3<\/a><\/audio>\n<p>&nbsp;<\/p>\n\n\t\t\t<style type='text\/css'>\n\t\t\t\t#gallery-4 {\n\t\t\t\t\tmargin: auto;\n\t\t\t\t}\n\t\t\t\t#gallery-4 .gallery-item {\n\t\t\t\t\tfloat: left;\n\t\t\t\t\tmargin-top: 10px;\n\t\t\t\t\ttext-align: center;\n\t\t\t\t\twidth: 50%;\n\t\t\t\t}\n\t\t\t\t#gallery-4 img {\n\t\t\t\t\tborder: 2px solid #cfcfcf;\n\t\t\t\t}\n\t\t\t\t#gallery-4 .gallery-caption {\n\t\t\t\t\tmargin-left: 0;\n\t\t\t\t}\n\t\t\t\t\/* see gallery_shortcode() in wp-includes\/media.php *\/\n\t\t\t<\/style>\n\t\t<div id='gallery-4' class='dt-gallery-container gallery galleryid-309146 gallery-columns-2 gallery-size-medium'><dl class='gallery-item'>\n\t\t\t\t<dt class='gallery-icon landscape'>\n\t\t\t\t\t<a class=\"rollover rollover-zoom dt-pswp-item\" title=\"Corrispondenze 1\" data-dt-img-description=\"\" data-large_image_width=\"2560\" data-large_image_height=\"1440\"href='https:\/\/www.radiopiu.net\/wordpress\/wp-content\/uploads\/2022\/12\/Corrispondenze-1-scaled.jpg'><img loading=\"lazy\" decoding=\"async\" width=\"300\" height=\"169\" src=\"https:\/\/www.radiopiu.net\/wordpress\/wp-content\/uploads\/2022\/12\/Corrispondenze-1-300x169.jpg\" class=\"attachment-medium size-medium\" alt=\"\" srcset=\"https:\/\/www.radiopiu.net\/wordpress\/wp-content\/uploads\/2022\/12\/Corrispondenze-1-300x169.jpg 300w, https:\/\/www.radiopiu.net\/wordpress\/wp-content\/uploads\/2022\/12\/Corrispondenze-1-1024x576.jpg 1024w, https:\/\/www.radiopiu.net\/wordpress\/wp-content\/uploads\/2022\/12\/Corrispondenze-1-768x432.jpg 768w, https:\/\/www.radiopiu.net\/wordpress\/wp-content\/uploads\/2022\/12\/Corrispondenze-1-1536x864.jpg 1536w, https:\/\/www.radiopiu.net\/wordpress\/wp-content\/uploads\/2022\/12\/Corrispondenze-1-2048x1152.jpg 2048w\" sizes=\"auto, (max-width: 300px) 100vw, 300px\" \/><\/a>\n\t\t\t\t<\/dt><\/dl><dl class='gallery-item'>\n\t\t\t\t<dt class='gallery-icon landscape'>\n\t\t\t\t\t<a class=\"rollover rollover-zoom dt-pswp-item\" title=\"Corrispondenze 2\" data-dt-img-description=\"\" data-large_image_width=\"2560\" data-large_image_height=\"1440\"href='https:\/\/www.radiopiu.net\/wordpress\/wp-content\/uploads\/2022\/12\/Corrispondenze-2-scaled.jpg'><img loading=\"lazy\" decoding=\"async\" width=\"300\" height=\"169\" src=\"https:\/\/www.radiopiu.net\/wordpress\/wp-content\/uploads\/2022\/12\/Corrispondenze-2-300x169.jpg\" class=\"attachment-medium size-medium\" alt=\"\" srcset=\"https:\/\/www.radiopiu.net\/wordpress\/wp-content\/uploads\/2022\/12\/Corrispondenze-2-300x169.jpg 300w, https:\/\/www.radiopiu.net\/wordpress\/wp-content\/uploads\/2022\/12\/Corrispondenze-2-1024x576.jpg 1024w, https:\/\/www.radiopiu.net\/wordpress\/wp-content\/uploads\/2022\/12\/Corrispondenze-2-768x432.jpg 768w, https:\/\/www.radiopiu.net\/wordpress\/wp-content\/uploads\/2022\/12\/Corrispondenze-2-1536x864.jpg 1536w, https:\/\/www.radiopiu.net\/wordpress\/wp-content\/uploads\/2022\/12\/Corrispondenze-2-2048x1152.jpg 2048w\" sizes=\"auto, (max-width: 300px) 100vw, 300px\" \/><\/a>\n\t\t\t\t<\/dt><\/dl><br style=\"clear: both\" \/>\n\t\t\t<\/div>\n\n<p>&nbsp;<\/p>\n<hr \/>\n<p>&nbsp;<\/p>\n<blockquote>\n<h3>NASCONO I PREMI \u201cARRIGONI\u201d E \u201cBRISTOT\u201d PER VALORIZZARE IL VOLONTARIATO BELLUNESE. DOMANI LE PREMIAZIONI<\/h3>\n<\/blockquote>\n<p><strong><a class=\"dt-pswp-item\" href=\"https:\/\/www.radiopiu.net\/wordpress\/wp-content\/uploads\/2022\/12\/Gruppo-giovani-Afdvs.jpg\" data-dt-img-description=\"\" data-large_image_width=\"2048\" data-large_image_height=\"1536\"><img loading=\"lazy\" decoding=\"async\" class=\" wp-image-309233 alignleft\" src=\"https:\/\/www.radiopiu.net\/wordpress\/wp-content\/uploads\/2022\/12\/Gruppo-giovani-Afdvs-300x225.jpg\" alt=\"\" width=\"173\" height=\"130\" srcset=\"https:\/\/www.radiopiu.net\/wordpress\/wp-content\/uploads\/2022\/12\/Gruppo-giovani-Afdvs-300x225.jpg 300w, https:\/\/www.radiopiu.net\/wordpress\/wp-content\/uploads\/2022\/12\/Gruppo-giovani-Afdvs-1024x768.jpg 1024w, https:\/\/www.radiopiu.net\/wordpress\/wp-content\/uploads\/2022\/12\/Gruppo-giovani-Afdvs-768x576.jpg 768w, https:\/\/www.radiopiu.net\/wordpress\/wp-content\/uploads\/2022\/12\/Gruppo-giovani-Afdvs-1536x1152.jpg 1536w, https:\/\/www.radiopiu.net\/wordpress\/wp-content\/uploads\/2022\/12\/Gruppo-giovani-Afdvs.jpg 2048w\" sizes=\"auto, (max-width: 173px) 100vw, 173px\" \/><\/a>BELLUNO <\/strong>Associazioni e volontari bellunesi sugli scudi grazie al Comitato d\u2019Intesa che presenta quest\u2019anno una bella novit\u00e0: l\u2019istituzione di due premi che andranno a riconoscere l\u2019operato da un lato di enti del Terzo settore bellunesi meritevoli, dall\u2019altro di giovani volontari che gi\u00e0 si sono distinti nell\u2019ambito del volontariato. I premi, entrambi alla prima edizione, sono istituiti alla memoria di due personalit\u00e0 legate al Comitato d\u2019Intesa e mancate entrambe quest\u2019anno: Giambattista Arrigoni, gi\u00e0 presidente onorario del Comitato d\u2019Intesa, e Romeo Bristot, gi\u00e0 segretario e tesoriere della stessa associazione. Per questa prima edizione il Premio \u201cArrigoni\u201d verr\u00e0 assegnato a un\u2019associazione che si \u00e8 particolarmente distinta per dinamicit\u00e0, coinvolgimento di giovani volontari e sostegno a iniziative benefiche o ad altre associazioni. Il Premio \u201cBristot\u201d \u00e8 invece volto al riconoscimento di un\/a giovane, sotto i 25 anni, che si \u00e8 particolarmente distinto\/a nell\u2019associazione in cui opera per dedizione, risultati, capacit\u00e0 operativa e di guida, azioni particolari intraprese. Inoltre vi saranno quest\u2019anno due menzioni speciali sempre in memoria di due generose benefattrici nei confronti del Comitato: nell\u2019ambito del Premio \u201cArrigoni\u201d quella a Maria Da Rold e nell\u2019ambito del Premio \u201cBristot\u201d quella ad Anna B\u00e4rlocher. Le premiazioni si terranno domani, a partire dalle 15 in Sala \u201cBianchi\u201d a Belluno nell\u2019ambito dell\u2019assemblea ordinaria del Comitato d\u2019Intesa.<\/p>\n<p>&nbsp;<\/p>\n<p>&nbsp;<\/p>\n<hr \/>\n<p>&nbsp;<\/p>\n<blockquote>\n<h3>DA DOMANI SI SCIA NELLA SKI AREA ALPE LUSIA\/SAN PELLEGRINO<\/h3>\n<\/blockquote>\n<p><strong>FALCADE <\/strong>Da domani si torna a sciare nella ski area Alpe Lusia\/San Pellegrino. Il valico alpino che si estende da Moena a Falcade, tra le province di Trento e Belluno, apre oltre 15 km piste gi\u00e0 nel primo weekend di dicembre. L\u2019efficace sistema di innevamento programmato rende questo comprensorio sciistico una meta ideale per dare il via alla stagione dello sci. Nella Ski Area San Pellegrino si debutta con l\u2019apertura della Nera punta di diamante, La VolatA che parte dal Col Margherita con una lunghezza di 2400 m per 630 m di dislivello e muri che sfiorano la pendenza del 50%. Su La VolatA si \u00e8 messo alla prova negli anni scorsi il gotha dello sci alpino italiano, tra cui le sciatrici azzurre Brignone, Bassino, Goggia, Pirovano, ma anche le atlete della nazionale tedesca, slovena e non solo. Tra i big che si sono potuti ammirare su questa pista anche Peter Fill, Dominik Paris e Christof Innerhofer. La VolatA era anche la pista di allenamento per le prove in Europa scelta da Lindsey Vonn, ex sciatrice alpina statunitense. Proprio alla partenza di questa adrenalinica discesa ad attendere turisti e sciatori c\u2019\u00e8 un\u2019altra novit\u00e0: InAlto Alfio Ghezzi Dolomites, il nuovo progetto dello chef Alfio Ghezzi patron del ristorante Senso Mart, selezionato nella Guida MICHELIN Italia 2023 con una stella Michelin. Sempre nella Ski Area San Pellegrino aperte anche le seggiovie Costabella e Del Passo per l\u2019accesso alle omonime piste, per un totale di 6 km da vivere in tutta sicurezza tra sport e relax. Divertimento assicurato per tutti i tipi di sciatori anche all\u2019Alpe Lusia dove sono gi\u00e0 perfette e pronte per essere affrontate le piste: Fiamme Oro 2, Mediolanum, Campo Scuola Valbona, Le Cune, Skiweg Campo \u2013 Fassane, Le Fassane e Fraine. Apre domani anche il Lusialand con servizio miniclub. Condizioni meteo permettendo, si potr\u00e0 sciare sul 40% delle piste dell\u2019Alpe Lusia. L\u2019aggiornamento degli impianti operativi si pu\u00f2 consultare sul sito: <a href=\"https:\/\/www.dolomitisuperski.com\/it\/Scopri\/Zone-sciistiche\/Alpe-Lusia-San-Pellegrino\/Piste\">https:\/\/www.dolomitisuperski.com\/it\/Scopri\/Zone-sciistiche\/Alpe-Lusia-San-Pellegrino\/Piste<\/a><\/p>\n\n\t\t\t<style type='text\/css'>\n\t\t\t\t#gallery-5 {\n\t\t\t\t\tmargin: auto;\n\t\t\t\t}\n\t\t\t\t#gallery-5 .gallery-item {\n\t\t\t\t\tfloat: left;\n\t\t\t\t\tmargin-top: 10px;\n\t\t\t\t\ttext-align: center;\n\t\t\t\t\twidth: 33%;\n\t\t\t\t}\n\t\t\t\t#gallery-5 img {\n\t\t\t\t\tborder: 2px solid #cfcfcf;\n\t\t\t\t}\n\t\t\t\t#gallery-5 .gallery-caption {\n\t\t\t\t\tmargin-left: 0;\n\t\t\t\t}\n\t\t\t\t\/* see gallery_shortcode() in wp-includes\/media.php *\/\n\t\t\t<\/style>\n\t\t<div id='gallery-5' class='dt-gallery-container gallery galleryid-309146 gallery-columns-3 gallery-size-medium'><dl class='gallery-item'>\n\t\t\t\t<dt class='gallery-icon landscape'>\n\t\t\t\t\t<a class=\"rollover rollover-zoom dt-pswp-item\" title=\"default\" data-dt-img-description=\"\" data-large_image_width=\"2560\" data-large_image_height=\"1918\"href='https:\/\/www.radiopiu.net\/wordpress\/wp-content\/uploads\/2022\/12\/dji_fly_20221123_112942_262_1669199548875_photo-scaled.jpeg'><img loading=\"lazy\" decoding=\"async\" width=\"300\" height=\"225\" src=\"https:\/\/www.radiopiu.net\/wordpress\/wp-content\/uploads\/2022\/12\/dji_fly_20221123_112942_262_1669199548875_photo-300x225.jpeg\" class=\"attachment-medium size-medium\" alt=\"\" srcset=\"https:\/\/www.radiopiu.net\/wordpress\/wp-content\/uploads\/2022\/12\/dji_fly_20221123_112942_262_1669199548875_photo-300x225.jpeg 300w, https:\/\/www.radiopiu.net\/wordpress\/wp-content\/uploads\/2022\/12\/dji_fly_20221123_112942_262_1669199548875_photo-1024x767.jpeg 1024w, https:\/\/www.radiopiu.net\/wordpress\/wp-content\/uploads\/2022\/12\/dji_fly_20221123_112942_262_1669199548875_photo-768x575.jpeg 768w, https:\/\/www.radiopiu.net\/wordpress\/wp-content\/uploads\/2022\/12\/dji_fly_20221123_112942_262_1669199548875_photo-1536x1151.jpeg 1536w, https:\/\/www.radiopiu.net\/wordpress\/wp-content\/uploads\/2022\/12\/dji_fly_20221123_112942_262_1669199548875_photo-2048x1534.jpeg 2048w\" sizes=\"auto, (max-width: 300px) 100vw, 300px\" \/><\/a>\n\t\t\t\t<\/dt><\/dl><dl class='gallery-item'>\n\t\t\t\t<dt class='gallery-icon landscape'>\n\t\t\t\t\t<a class=\"rollover rollover-zoom dt-pswp-item\" title=\"default\" data-dt-img-description=\"\" data-large_image_width=\"2560\" data-large_image_height=\"1918\"href='https:\/\/www.radiopiu.net\/wordpress\/wp-content\/uploads\/2022\/12\/dji_fly_20221123_113006_266_1669199550380_photo-scaled.jpeg'><img loading=\"lazy\" decoding=\"async\" width=\"300\" height=\"225\" src=\"https:\/\/www.radiopiu.net\/wordpress\/wp-content\/uploads\/2022\/12\/dji_fly_20221123_113006_266_1669199550380_photo-300x225.jpeg\" class=\"attachment-medium size-medium\" alt=\"\" srcset=\"https:\/\/www.radiopiu.net\/wordpress\/wp-content\/uploads\/2022\/12\/dji_fly_20221123_113006_266_1669199550380_photo-300x225.jpeg 300w, https:\/\/www.radiopiu.net\/wordpress\/wp-content\/uploads\/2022\/12\/dji_fly_20221123_113006_266_1669199550380_photo-1024x767.jpeg 1024w, https:\/\/www.radiopiu.net\/wordpress\/wp-content\/uploads\/2022\/12\/dji_fly_20221123_113006_266_1669199550380_photo-768x575.jpeg 768w, https:\/\/www.radiopiu.net\/wordpress\/wp-content\/uploads\/2022\/12\/dji_fly_20221123_113006_266_1669199550380_photo-1536x1151.jpeg 1536w, https:\/\/www.radiopiu.net\/wordpress\/wp-content\/uploads\/2022\/12\/dji_fly_20221123_113006_266_1669199550380_photo-2048x1534.jpeg 2048w\" sizes=\"auto, (max-width: 300px) 100vw, 300px\" \/><\/a>\n\t\t\t\t<\/dt><\/dl><dl class='gallery-item'>\n\t\t\t\t<dt class='gallery-icon landscape'>\n\t\t\t\t\t<a class=\"rollover rollover-zoom dt-pswp-item\" title=\"default\" data-dt-img-description=\"\" data-large_image_width=\"2560\" data-large_image_height=\"1918\"href='https:\/\/www.radiopiu.net\/wordpress\/wp-content\/uploads\/2022\/12\/dji_fly_20221123_101022_234_1669196762098_photo-scaled.jpeg'><img loading=\"lazy\" decoding=\"async\" width=\"300\" height=\"225\" src=\"https:\/\/www.radiopiu.net\/wordpress\/wp-content\/uploads\/2022\/12\/dji_fly_20221123_101022_234_1669196762098_photo-300x225.jpeg\" class=\"attachment-medium size-medium\" alt=\"\" srcset=\"https:\/\/www.radiopiu.net\/wordpress\/wp-content\/uploads\/2022\/12\/dji_fly_20221123_101022_234_1669196762098_photo-300x225.jpeg 300w, https:\/\/www.radiopiu.net\/wordpress\/wp-content\/uploads\/2022\/12\/dji_fly_20221123_101022_234_1669196762098_photo-1024x767.jpeg 1024w, https:\/\/www.radiopiu.net\/wordpress\/wp-content\/uploads\/2022\/12\/dji_fly_20221123_101022_234_1669196762098_photo-768x575.jpeg 768w, https:\/\/www.radiopiu.net\/wordpress\/wp-content\/uploads\/2022\/12\/dji_fly_20221123_101022_234_1669196762098_photo-1536x1151.jpeg 1536w, https:\/\/www.radiopiu.net\/wordpress\/wp-content\/uploads\/2022\/12\/dji_fly_20221123_101022_234_1669196762098_photo-2048x1534.jpeg 2048w\" sizes=\"auto, (max-width: 300px) 100vw, 300px\" \/><\/a>\n\t\t\t\t<\/dt><\/dl><br style=\"clear: both\" \/>\n\t\t\t<\/div>\n\n<p>&nbsp;<\/p>\n<hr \/>\n<p>&nbsp;<\/p>\n<blockquote>\n<h3>VOLA DA PARIGI A LONGARONE LA SEDE LEGALE DI ARTGLACE, LA CONFEDERAZIONE DEI GELATIERI EUROPEI<\/h3>\n<\/blockquote>\n<p><strong><a class=\"dt-pswp-item\" href=\"https:\/\/www.radiopiu.net\/wordpress\/wp-content\/uploads\/2022\/12\/Da-sx-Dal-Farra-Olivier-Belmonte.jpg\" data-dt-img-description=\"\" data-large_image_width=\"2300\" data-large_image_height=\"1538\"><img loading=\"lazy\" decoding=\"async\" class=\" wp-image-309236 alignleft\" src=\"https:\/\/www.radiopiu.net\/wordpress\/wp-content\/uploads\/2022\/12\/Da-sx-Dal-Farra-Olivier-Belmonte-300x201.jpg\" alt=\"\" width=\"190\" height=\"127\" srcset=\"https:\/\/www.radiopiu.net\/wordpress\/wp-content\/uploads\/2022\/12\/Da-sx-Dal-Farra-Olivier-Belmonte-300x201.jpg 300w, https:\/\/www.radiopiu.net\/wordpress\/wp-content\/uploads\/2022\/12\/Da-sx-Dal-Farra-Olivier-Belmonte-1024x685.jpg 1024w, https:\/\/www.radiopiu.net\/wordpress\/wp-content\/uploads\/2022\/12\/Da-sx-Dal-Farra-Olivier-Belmonte-768x514.jpg 768w, https:\/\/www.radiopiu.net\/wordpress\/wp-content\/uploads\/2022\/12\/Da-sx-Dal-Farra-Olivier-Belmonte-1536x1027.jpg 1536w, https:\/\/www.radiopiu.net\/wordpress\/wp-content\/uploads\/2022\/12\/Da-sx-Dal-Farra-Olivier-Belmonte-2048x1369.jpg 2048w\" sizes=\"auto, (max-width: 190px) 100vw, 190px\" \/><\/a>LONGARONE <\/strong>In questi giorni, durante la 62a MIG \u2013 Mostra Internazionale del Gelato Artigianale, le Associazioni dei gelatieri europee aderenti ad Artglace si sono ritrovate in Assemblea ed hanno approvato il nuovo Statuto, spostando la sede legale da Parigi a Longarone \u2013 BL, presso Longarone Fiere Dolomiti. Un passaggio dal forte significato simbolico che riconosce di fatto nella MIG la casa dei gelatieri. Onorato il Presidente di Artglace, Domenico Belmonte, che commenta \u201cdopo lunghi anni di battaglie, siamo riusciti a portare la sede da Parigi a Longarone\u201d. E rivolgendosi al Presidente della Fiera, Michele Dal Farra, e al Coordinatore della MIG, Dario Olivier, continua con un augurio: \u201cgrazie per averci ospitato e speriamo in un bel futuro di Artglace e MIG\u201d.<\/p>\n<p>&nbsp;<\/p>\n<p>&nbsp;<\/p>\n<hr \/>\n<p>&nbsp;<\/p>\n<blockquote>\n<h3>L&#8217;ASSEMBLEA STRAORDINARIA DELL&#8217;AUSER &#8220;COL BEL&#8221;<\/h3>\n<\/blockquote>\n<p><strong>GOSALDO<\/strong> \u00c8 in programma per domani alle 15 nella sala dell&#8217;Auser Col Bel di Tiser a Gosaldo, l&#8217;assemblea straordinaria dei soci. Gli iscritti sono chiamati all&#8217;approvazione dello statuto adeguato al codice unico del terzo settore. Il presidente Valter Dario Todesco invita tutti a partecipare.<\/p>\n<p>&nbsp;<\/p>\n<p>&nbsp;<\/p>\n<hr \/>\n<p>&nbsp;<\/p>\n<blockquote>\n<h3>STRUTTURE OBSOLETE NEI TERRITORI MONTANI<\/h3>\n<\/blockquote>\n<p><strong>BELLUNO<\/strong> L\u2019Ordine degli Architetti PPC di Belluno, in collaborazione con la Fondazione Architettura Belluno Dolomiti, la Fondazione Dolomiti UNESCO, la Provincia di Belluno e il Comune di Belluno, organizza il Convegno &#8220;AI MARGINI DEL PAESAGGIO. Strutture obsolete nei territori montani tra abbandono e recupero\u201d. L&#8217;appuntamento \u00e8 per oggi dalle 10 alle 13 e dalle 14:30 alle 17:30 in sala Bianchi &#8220;Eliseo Dal Pont&#8221; a Belluno. Il Convegno intende presentare il tema delle strutture obsolete, condividere approcci e prospettive a partire da alcuni esempi concreti, offrendo chiavi di lettura articolate su diversi piani: architettonico, estetico, sociale, culturale, antropologico, geografico e filosofico.<\/p>\n<p>&nbsp;<\/p>\n<p>&nbsp;<\/p>\n<hr \/>\n<p>&nbsp;<\/p>\n<blockquote>\n<h3>SANTA BARBARA A SOSPIROLO<\/h3>\n<\/blockquote>\n<p><strong>SOSPIROLO<\/strong> Il Comitato di Santa Barbara, Minatori, Famiglia ex Emigranti, Artiglieri, Vigili del Fuoco e Marinai con il patrocinio del Comune di Sospirolo organizzano la Festa di Santa Barbara per domenica 4 dicembre. Il programma al mattino prevede alle 8.30 ritrovo a Gron per la deposizione di un omaggio floreale al monumento ai Caduti, alle 9.15 ritrovo in cimitero a Sospirolo per la deposizione di un omaggio floreale all&#8217;altro monumento ai Caduti. Alle 10 si terr\u00e0 la Santa Messa nella chiesa parrocchiale di Sospirolo; seguiranno la processione con la statua della Santa e la deposizione di un omaggio floreale al Monumento ai Caduti sul Lavoro in Piazza Lexy. Nel pomeriggio alle 17.30 al Centro civico la Pro loco &#8220;Monti del Sole&#8221; propone il concerto per Santa Barbara con il Coro Minimo Bellunese diretto da Gianluca Nicolai, dedicato ai collaboratori della Pro loco purtroppo mancati nel corso dell&#8217;ultimo anno: Luisa Vall Graells, Luigi Selle, Quinto Meneghel, Arcangela Vedana, Fulvio Vedana e Giordano Tegner, persone che tanto si sono impegnate, collaborando con la Pro loco, per migliorare Sospirolo partecipi di quel volontariato che costituisce l\u2019anima di un paese e ne d\u00e0 l\u2019identit\u00e0.\u00a0 Ingresso libero fino ad esaurimento posti. Per info: <a href=\"http:\/\/www.sospirolo.net\" target=\"_blank\" rel=\"noopener\">www.sospirolo.net<\/a>, <a href=\"mailto:proloco@sospirolo.net\" target=\"_blank\" rel=\"noopener\">proloco@sospirolo.net<\/a>, 320 334 2082<\/p>\n<p>&nbsp;<\/p>\n<hr \/>\n<p>&nbsp;<\/p>\n<blockquote>\n<h2>NATALE A BELLUNO CON L&#8217;ASSOCIAZIONE CAMPEDEL<\/h2>\n<\/blockquote>\n<p><strong>BELLUNO<\/strong> Anche per questo Natale l\u2019Associazione Campedel propone una serie di visite guidate gratuite a 3 chiese di Belluno. Il primo appuntamento \u00e8 previsto per sabato alle 15 presso la Cattedrale.\u00a0 Il 10 dicembre\u00a0 alle 15 la visita alla chiesa di Santo Stefano.\u00a0 Il 17 dicembre alle 15, la chiesa dei Santi Quirico e Giulitta, l\u2019antica parrocchiale di Cavarzano. Le visite guidate sono gratuite e organizzate in collaborazione con le parrocchie Duomo-Loreto, di Santo Stefano e di Cavarzano. Non \u00e8 necessaria l\u2019iscrizione. Appuntamento davanti alle chiese.<\/p>\n<p>&nbsp;<\/p>\n<p>&nbsp;<\/p>\n<hr \/>\n<p>&nbsp;<\/p>\n<blockquote>\n<h3>IL PIANO COMUNALE DI PROTEZIONE CIVILE DI TAIBON<\/h3>\n<\/blockquote>\n<p><strong>TAIBON<\/strong> L&#8217;amministrazione comunale invita la cittadinanza alla presentazione del piano comunale di Protezione Civile del comune di Taibon. La serata \u00e8 in programma oggi nella sala Don Tamis di Agordo con inizio alle 20. Sar\u00e0 il redattore del piano di Protezione Civile, l&#8217;ingegner Girola, a presentare la serata. Tutta la popolazione \u00e8 invitata.<\/p>\n<p>&nbsp;<\/p>\n<p>&nbsp;<\/p>\n<hr \/>\n<p>&nbsp;<\/p>\n<blockquote>\n<h3>CONOSCERE PER AGIRE CON LO SPI CGIL<\/h3>\n<\/blockquote>\n<p><strong>BELLUNO <\/strong>Conoscere per agire \u00e8 il titolo dell\u2019iniziativa di domani che si rif\u00e0 alla giornata appena commemorata contro la violenza sulle donne. Dentro a questa iniziativa ci sar\u00e0 la presentazione del libro PER SEMPRE, ALTROVE. Sar\u00e0 presente l\u2019autrice Barbara Cagni. La dottoressa Paola Mantuano psicologa e psicoterapeuta interverr\u00e0 per nel contesto sociologico anche ad indicare nuove strade di prevenzione alla violenza. Domani alle 17.15 palazzo Bembo secondo piano via Loreto 2 Belluno<\/p>\n<p>&nbsp;<\/p>\n<p>&nbsp;<\/p>\n<hr \/>\n<p>&nbsp;<\/p>\n<blockquote>\n<h3>IL BANDO PER L&#8217;ASSEGNAZIONE DELLE BORSE DI STUDIO AD ALLEGHE<\/h3>\n<\/blockquote>\n<p><strong>ALLEGHE<\/strong> Il Comune di Alleghe ha pubblicato il bando per l\u2019assegnazione di borse di studio comunali agli studenti, residenti, frequentanti le scuole superiori, che hanno conseguito il diploma di maturit\u00e0 nel 2022 o laureatesi entro il mese di ottobre 2022. Il modulo di domanda si pu\u00f2 reperire all\u2019albo pretorio online nel sito del Comune di Alleghe o richiedere direttamente all\u2019Ufficio Servizi Demografici; le domande potranno essere inoltrate fino al 19 dicembre 2022<\/p>\n<p>&nbsp;<\/p>\n<p>&nbsp;<\/p>\n<hr \/>\n<p>&nbsp;<\/p>\n<blockquote>\n<h3><span dir=\"ltr\" role=\"presentation\">AIUTI FINALIZZATI<\/span> <span dir=\"ltr\" role=\"presentation\">ALL&#8217;ACQUISTO<\/span> <span dir=\"ltr\" role=\"presentation\">DI <\/span><span dir=\"ltr\" role=\"presentation\">GENERI ALIMENTARI O PRODOTTI DI PRIMA<\/span> <span dir=\"ltr\" role=\"presentation\">NECESSIT\u00c0<\/span><\/h3>\n<\/blockquote>\n<p><strong>ALLEGHE<\/strong> Le<span dir=\"ltr\" role=\"presentation\"> persone e le famiglie residenti nel Comune che<\/span><span dir=\"ltr\" role=\"presentation\">, a causa degli effetti economici <\/span><span dir=\"ltr\" role=\"presentation\">derivanti dall\u2019emergenza epidemiologica<\/span> <span dir=\"ltr\" role=\"presentation\">dovuta alla diffusione del virus Covid<\/span><span dir=\"ltr\" role=\"presentation\">&#8211;<\/span><span dir=\"ltr\" role=\"presentation\">19,<\/span> <span dir=\"ltr\" role=\"presentation\">si trovino in uno <\/span><span dir=\"ltr\" role=\"presentation\">stato di bisogno per soddisfare le necessit\u00e0 pi\u00f9 urgenti ed essenziali<\/span><span dir=\"ltr\" role=\"presentation\">, <\/span><span dir=\"ltr\" role=\"presentation\">possono<\/span> <span dir=\"ltr\" role=\"presentation\">chiedere che vengano loro riconosciuti i buoni spesa per l&#8217;acquisto di generi alimentari o prodotti di prima necessit\u00e0. L<\/span><span dir=\"ltr\" role=\"presentation\">\u2019entit\u00e0 dell\u2019importo verr\u00e0 definito con successivo <\/span><span dir=\"ltr\" role=\"presentation\">provvedimento, partendo da un<\/span> <span dir=\"ltr\" role=\"presentation\">importo minimo di 50euro<\/span><span dir=\"ltr\" role=\"presentation\">, sulla base del numero dei <\/span><span dir=\"ltr\" role=\"presentation\">componenti il nucleo familiare e in consi<\/span><span dir=\"ltr\" role=\"presentation\">derazione delle necessit\u00e0 dichiarate dal richiedente. <\/span><span dir=\"ltr\" role=\"presentation\">Le richieste, <\/span><span dir=\"ltr\" role=\"presentation\">redatte sull\u2019apposito modulo dovranno <\/span><span dir=\"ltr\" role=\"presentation\">p<\/span><span dir=\"ltr\" role=\"presentation\">ervenire<\/span> <span dir=\"ltr\" role=\"presentation\">al<\/span> <span dir=\"ltr\" role=\"presentation\">Comune<\/span> <span dir=\"ltr\" role=\"presentation\">di<\/span> <span dir=\"ltr\" role=\"presentation\">Alleghe<\/span> <span dir=\"ltr\" role=\"presentation\">mediante<\/span> <span dir=\"ltr\" role=\"presentation\">invio<\/span> <span dir=\"ltr\" role=\"presentation\">di<\/span> <span dir=\"ltr\" role=\"presentation\">posta<\/span> <span dir=\"ltr\" role=\"presentation\">elettronica, s<\/span><span dir=\"ltr\" role=\"presentation\">olo via residuale<\/span> <span dir=\"ltr\" role=\"presentation\">la domanda potr\u00e0 essere presentata telefonicamente allo<\/span>\u00a0<span dir=\"ltr\" role=\"presentation\">0437 <\/span><span dir=\"ltr\" role=\"presentation\">523300<\/span> <span dir=\"ltr\" role=\"presentation\">dal luned\u00ec al venerd\u00ec<\/span> <span dir=\"ltr\" role=\"presentation\">dalle 8 alle 10<\/span><span dir=\"ltr\" role=\"presentation\">. <\/span><span dir=\"ltr\" role=\"presentation\">Il modulo \u00e8 scaricabile dal sito internet<\/span> <span dir=\"ltr\" role=\"presentation\">www.comune.alleghe.bl.it<\/span><span dir=\"ltr\" role=\"presentation\">, oppure ritirabile presso gli esercizi <\/span><span dir=\"ltr\" role=\"presentation\">comunali dei generi alimentari del territorio.<\/span><\/p>\n<p>&nbsp;<\/p>\n<p>&nbsp;<\/p>\n<hr \/>\n<p>&nbsp;<\/p>\n<blockquote>\n<h3>SANTA BARBARA, LA PATRONA DEI VIGILI DEL FUOCO<\/h3>\n<\/blockquote>\n<p><strong><a class=\"dt-pswp-item\" href=\"https:\/\/www.radiopiu.net\/wordpress\/wp-content\/uploads\/2022\/09\/VIGILI-DEL-FUOCO-8-1.jpg\" data-dt-img-description=\"\" data-large_image_width=\"1599\" data-large_image_height=\"899\"><img loading=\"lazy\" decoding=\"async\" class=\" wp-image-299555 alignleft\" src=\"https:\/\/www.radiopiu.net\/wordpress\/wp-content\/uploads\/2022\/09\/VIGILI-DEL-FUOCO-8-1-300x169.jpg\" alt=\"\" width=\"205\" height=\"115\" srcset=\"https:\/\/www.radiopiu.net\/wordpress\/wp-content\/uploads\/2022\/09\/VIGILI-DEL-FUOCO-8-1-300x169.jpg 300w, https:\/\/www.radiopiu.net\/wordpress\/wp-content\/uploads\/2022\/09\/VIGILI-DEL-FUOCO-8-1-1024x576.jpg 1024w, https:\/\/www.radiopiu.net\/wordpress\/wp-content\/uploads\/2022\/09\/VIGILI-DEL-FUOCO-8-1-768x432.jpg 768w, https:\/\/www.radiopiu.net\/wordpress\/wp-content\/uploads\/2022\/09\/VIGILI-DEL-FUOCO-8-1-1536x864.jpg 1536w, https:\/\/www.radiopiu.net\/wordpress\/wp-content\/uploads\/2022\/09\/VIGILI-DEL-FUOCO-8-1.jpg 1599w\" sizes=\"auto, (max-width: 205px) 100vw, 205px\" \/><\/a>BELLUNO <\/strong>Domenica 4 dicembre ricorre la tradizionale festivita\u0300 di Santa Barbara, patrona del Corpo Nazionale dei Vigili del Fuoco. Nella la sede centrale di via Col da Ren si svolgera\u0300 la celebrazione patronale a carattere provinciale ma momenti celebrativi sono comunque previsti anche nelle sedi distaccate. Alle 10 la deposione della corona d&#8217;alloro al monumento in onore dei Vigili del Fuoco caduti in servizio, alle 10:30 la santa messa e alle 11:30 il saluto del comandante e la consegna dei diplomi di lodevole servizio e delle croci di anzianit\u00e0. Esposizione dei mezzi sul piazzale della sede e nell&#8217;atrio principale della sede la mostra fotografica di Carlotta Osta.<\/p>\n<p>&nbsp;<\/p>\n<p>&nbsp;<\/p>\n<hr \/>\n<p>&nbsp;<\/p>\n<p>&nbsp;<\/p>\n<blockquote>\n<h3>LA SANTA BARBARA DEI PERITI MINERARI<\/h3>\n<\/blockquote>\n<p><strong>AGORDO<\/strong> I periti minerari\u00a0 dell&#8217;Apim si preparano a festeggiare la loro patrona, santa Barbara. L&#8217;appuntamento \u00e8 per domani, con il ritrovo alle 9,45 nella chiesa arcidiaconale e poi alle 10 la celebrazione della messa, accompagnata dalla Schola cantorum di La Valle, diretta da Lucio De Cassan. Alle 11\u00a0 in sala &#8220;Don Tamis&#8221;,\u00a0 tradizionale cerimonia di consegna delle borse di studio agli studenti del Follador pi\u00f9 meritevoli.<\/p>\n<p>&nbsp;<\/p>\n<p>&nbsp;<\/p>\n<hr \/>\n<p>&nbsp;<\/p>\n<blockquote>\n<h3>OTHELLO TANGO, VENERDI 9 DICEMBRE AL TEATRO COMUNALE DI BELLUNO<\/h3>\n<\/blockquote>\n<div><\/div>\n<blockquote>\n<div><a class=\"dt-pswp-item\" href=\"https:\/\/www.radiopiu.net\/wordpress\/wp-content\/uploads\/2022\/11\/Senza-nome-114.jpg\" data-dt-img-description=\"\" data-large_image_width=\"524\" data-large_image_height=\"278\"><img loading=\"lazy\" decoding=\"async\" class=\" wp-image-308653 alignleft\" src=\"https:\/\/www.radiopiu.net\/wordpress\/wp-content\/uploads\/2022\/11\/Senza-nome-114-300x159.jpg\" alt=\"\" width=\"285\" height=\"151\" srcset=\"https:\/\/www.radiopiu.net\/wordpress\/wp-content\/uploads\/2022\/11\/Senza-nome-114-300x159.jpg 300w, https:\/\/www.radiopiu.net\/wordpress\/wp-content\/uploads\/2022\/11\/Senza-nome-114.jpg 524w\" sizes=\"auto, (max-width: 285px) 100vw, 285px\" \/><\/a><br role=\"presentation\" \/><em><span dir=\"ltr\" role=\"presentation\">\u201c<\/span><span dir=\"ltr\" role=\"presentation\">Guardatevi dalla gelosia, mio signore! \u00c8 un mostro dagli occhi verdi che si<\/span><\/em><br role=\"presentation\" \/><em><span dir=\"ltr\" role=\"presentation\">diletta col cibo di cui si nutre<\/span><span dir=\"ltr\" role=\"presentation\">.\u201d W. Shakespeare \/ Othello<\/span><\/em><\/div>\n<\/blockquote>\n<div class=\"textLayer\"><strong><span dir=\"ltr\" role=\"presentation\">RASSEGNA DI DANZA, <\/span><\/strong><span dir=\"ltr\" role=\"presentation\">Venerd\u00ec 9 dicembre\u00a0 alle\u00a0 21 al Teatro Comunale di Belluno. <\/span><span dir=\"ltr\" role=\"presentation\">Dopo il successo strepitoso di Romeo y Julieta Tango la compagnia Naturalis Labor torna ad <\/span><span dir=\"ltr\" role=\"presentation\">esplorare attraverso il linguaggio della danza e del tango Shakespeare in uno <\/span><span dir=\"ltr\" role=\"presentation\">dei suoi testi pi\u00f9 conosciuti l\u2019Othello, con un cast di dodici danzatori. <\/span><span dir=\"ltr\" role=\"presentation\">Il tango rappresenta nell\u2019immaginario collettivo la passione, la sensualit\u00e0. <\/span><span dir=\"ltr\" role=\"presentation\">Qui il coreografo Luciano Padovani con un linguaggio sempre in bilico tra il <\/span><span dir=\"ltr\" role=\"presentation\">tango<\/span> <span dir=\"ltr\" role=\"presentation\">e<\/span> <span dir=\"ltr\" role=\"presentation\">la danza ci racconta una storia di amore e di morte. Un lavoro <\/span><span dir=\"ltr\" role=\"presentation\">attento con un cast di dodici poliedrici danzatori\/tangueros con le scene di <\/span><span dir=\"ltr\" role=\"presentation\">Mauro Zocchetta e Gloria Gandini, i costumi di<\/span> <span dir=\"ltr\" role=\"presentation\">Chiara Defant e le luci di <\/span><span dir=\"ltr\" role=\"presentation\">Thomas Heuger.<\/span><\/div>\n<div><\/div>\n<div>\n<p><iframe loading=\"lazy\" title=\"Othello Tango, in scena passione e gelosia.\" width=\"1200\" height=\"675\" src=\"https:\/\/www.youtube.com\/embed\/sgUa08f_opM?feature=oembed\" frameborder=\"0\" allow=\"accelerometer; autoplay; clipboard-write; encrypted-media; gyroscope; picture-in-picture\" allowfullscreen><\/iframe><\/p>\n<\/div>\n<p><strong><span dir=\"ltr\" role=\"presentation\">BIGLIETTERIA FISICA<\/span><span dir=\"ltr\" role=\"presentation\">: <\/span><\/strong><span dir=\"ltr\" role=\"presentation\">\u2013 MUSEO CIVICO DI BELLUNO \u2013 PALAZZO FULCIS <\/span><span dir=\"ltr\" role=\"presentation\">Via Roma, 28 \u2013 32100 Belluno (BL): 0437 913323 <\/span><strong><span dir=\"ltr\" role=\"presentation\">BIGLIETTERIA ONLINE<\/span><\/strong> <span dir=\"ltr\" role=\"presentation\">su www.midaticket.it o www.vivaticket.com <\/span><span dir=\"ltr\" style=\"color: #ff0000;\" role=\"presentation\">ABBONAMENTO<\/span> <span dir=\"ltr\" role=\"presentation\">platea e galleria centrale <\/span><span dir=\"ltr\" role=\"presentation\">&#8211; Intero \u20ac 76 <\/span><span dir=\"ltr\" role=\"presentation\">\u00a0Ridotto (Over 60 \u2013 Under 30) \u20ac 56<\/span><br role=\"presentation\" \/><span dir=\"ltr\" role=\"presentation\"><span style=\"color: #ff0000;\">BIGLIETTI<\/span> <\/span><span dir=\"ltr\" role=\"presentation\">&#8211;<\/span><span dir=\"ltr\" role=\"presentation\">INTERO <\/span><span dir=\"ltr\" role=\"presentation\">Platea e galleria centrale \u20ac 32 <\/span><span dir=\"ltr\" role=\"presentation\">Galleria laterale \u20ac 27 <\/span><span dir=\"ltr\" role=\"presentation\">Loggione centrale \u20ac 18 <\/span><span dir=\"ltr\" role=\"presentation\">Per le<\/span> <span dir=\"ltr\" role=\"presentation\">PROMOZIONI DEDICATE<\/span> <span dir=\"ltr\" role=\"presentation\">a riferirsi alla biglietteria presso il<\/span> <span dir=\"ltr\" role=\"presentation\">Museo Civico <\/span>di Belluno &#8211; Tel al 0437 913323 \u2013 SCUOLE DI DANZA \u2013 FAMIGLIA (2 adulti + 2 under 18) \u2013 RIDUZIONI EXTRA \u2013 CARTA DOCENTI<\/p>\n<p>&nbsp;<\/p>\n<p>&nbsp;<\/p>\n<hr \/>\n<p>&nbsp;<\/p>\n<blockquote>\n<h3>LIMANA E I SUOI COLORI<\/h3>\n<\/blockquote>\n<p><strong>LIMANA <\/strong>Il Comune di Limana, Ufficio Cultura e Biblioteca, ed il Circolo Artistico &#8220;Mario Morales&#8221;, inaugureranno la\u00a0 60^ Collettiva Circolo Artistico &#8220;Mario Morales&#8221; Limana E I Suoi Colori. L&#8217;appuntamento \u00e8 per domenica alle 11 al municipio di Limana. La mostra sar\u00e0 visitabile fino al 26 dicembre. Orari di apertura: Venerd\u00ec, sabato, domenica dalle 15.00 alle 17.00. Domenica 25 dicembre chiuso. Luned\u00ec 26 dicembre dalle 15.00 alle 17.00<\/p>\n<p>&nbsp;<\/p>\n<p>&nbsp;<\/p>\n<hr \/>\n<p>&nbsp;<\/p>\n<blockquote>\n<h3>I VOLONTARI EMERGENCY NELLE PIAZZE DI BELLUNO E FELTRE<\/h3>\n<\/blockquote>\n<p><strong>BELLUNO<\/strong> Da gioved\u00ec 8 a domenica 11 dicembre 2022 EMERGENCY sar\u00e0 con i suoi volontari nelle piazze di Belluno e Feltre dalle 9 alle 17 con il \u201cPanettone fatto per Bene\u201d. Un modo per sostenere le attivit\u00e0 umanitarie dell\u2019organizzazione in Italia e nel mondo, dando il proprio contributo per garantire il diritto a cure gratuite e uguali per tutti.<\/p>\n<p>&nbsp;<\/p>\n<p>&nbsp;<\/p>\n<hr \/>\n<p>&nbsp;<\/p>\n<blockquote>\n<h3>PROLUNGATA FINO AL 31 NOVEMBRE LA MOSTRA &#8220;FORESTE INFRANTE<\/h3>\n<\/blockquote>\n<p><strong>BELLUNO<\/strong> Si potr\u00e0 visitare fino al 31 dicembre la mostra \u201cForeste Infrante\u201d, che racconta, a partire dalle immagini dei francobolli, le tematiche ecologiche e della sostenibilit\u00e0, quattro anni dopo la tempesta Vaia. L\u2019esposizione \u00e8 realizzata in collaborazione con il Museo Postale e Telegrafico della Mitteleuropa di Trieste e potr\u00e0 essere visitata nell\u2019orario di apertura dell\u2019Ufficio Postale Belluno Castello (luned\u00ec \u2013 venerd\u00ec 8.20 \u2013 19.05; sabato 8.20 \u2013 12.35).<\/p>\n<p>&nbsp;<\/p>\n<p>&nbsp;<\/p>\n<hr \/>\n<p>&nbsp;<\/p>\n<a href=\"https:\/\/www.radiopiu.net\/wordpress\/wp-content\/uploads\/2022\/11\/locandina-MOVEMBER_23.11.22-1.pdf\" class=\"pdfemb-viewer\" style=\"\" data-width=\"max\" data-height=\"max\" data-toolbar=\"top\" data-toolbar-fixed=\"on\">locandina MOVEMBER_23.11.22<\/a>\n<p>&nbsp;<\/p>\n<hr \/>\n<p>&nbsp;<\/p>\n<a href=\"https:\/\/www.radiopiu.net\/wordpress\/wp-content\/uploads\/2022\/11\/03cf07e4-6473-49de-963e-d33951be129d.pdf\" class=\"pdfemb-viewer\" style=\"\" data-width=\"max\" data-height=\"max\" data-toolbar=\"top\" data-toolbar-fixed=\"on\">03cf07e4-6473-49de-963e-d33951be129d<\/a>\n<p>&nbsp;<\/p>\n<hr \/>\n<p>&nbsp;<\/p>\n<blockquote>\n<h3>I SERVIZI DI AUTOCORRIERA FORNITI IN PASSATO DA ATESINA, SAD ED AUTOMOBILISTICA CADORE<\/h3>\n<\/blockquote>\n<p><strong>di Renato Bona<\/strong><\/p>\n<p>Forti della collaborazione di Gianni De Vecchi (e molti altri, a dire il vero), lo scomparso Renato Fiabane ed il suo amico Lionello Fiori hanno curato nel luglio del 2000 per conto di DolomitiBus (stampa della bellunese tipografia Piave) e con il prezioso contributo di Provincia di Belluno, comuni di Belluno e Sedico, Comitato festeggiamenti Bribano, Circolo bellunese \u201cBerto Gidoni\u201d Auto-moto d\u2019epoca, la realizzazione dell\u2019ottimo libro \u201cUn secolo in corriera nella provincia di Belluno\u201d con presentazione dell\u2019allora presidente della Provincia, Oscar De Bona, e del sindaco del capoluogo, Maurizio Fistarol, oltre che del presidente di DolomitiBus spa, Ugo De Lorenzo Smit. Ci siamo gi\u00e0 occupati di quasi tutti i capitoli in cui si articola la pubblicazione ed oggi ci soffermiamo su quelli intitolati: \u201cL\u2019Atesina collega il Trentino anche con la provincia di Belluno\u201d, \u201cLa Sad collega Belluno e provincia con l\u2019Alto Adige\u201d, \u201cI servizi e le corriere della Sad nell\u2019Ampezzano e in Cadore\u201d, \u201cStoria della A.C. (Automobilistica Cadore\u201d. Nel primo, grazie a notizie che erano state fornite agli autori del libro direttamente dalla societ\u00e0, si ricorda che \u201cDopo la prima guerra mondiale, il rilancio dell\u2019autotrasporto trentino doveva avvenire bel 1919 ad opera di due societ\u00e0: Stat e Isat. Nonostante la presa in concessione da parte della prima delle pi\u00f9 redditizie linee automobilistiche in Alto Adige e nell\u2019Ampezzano, e delle buone prospettive della Isat, le due realt\u00e0 non riuscirono a decollare e furono messe in liquidazione. Ancora storia: negli anni 1927-28 fu deliberato l\u2019acquisto di nuovi autobus ma\u2026 il capitale per le spese e per altri vari motivi si ridusse e quindi le linee fuori provincia furono soppresse e le concessioni di Belluno e Bolzano vennero cedute alla Sad. Va detto comunque che nel 1986 Atesina contava 697 dipendenti e disponeva di 382 autobus con cui aveva percorso nell\u2019anno qualcosa come 14 milioni di chilometri. E l\u2019azienda \u201c\u00e8 sempre in evoluzione sia con i mezzi che con il personale\u201d. Ed eccoci alla Sad con notizie che Fiabane-Fiori hanno ricavato dalla testimonianza dell\u2019autista di Anz\u00f9 di Feltre, Virginio Marchet, e da una pubblicazione edita dalla stessa societ\u00e0 che \u201cnacque a Cortina d\u2019Ampezzo nel 1927 per il turismo di \u00e9lite della \u2018Perla delle Dolomiti\u2019 e che da allora \u00e8 cresciuta estendendosi anche in tutto l\u2019Alto Adige. Ha sede a Bolzano dove fu trasferita nel 1958. Privilegiava il \u201cgranturismo\u201d dei villeggianti ma era impegnata anche a soddisfare le esigenze di spostamento di studenti, lavoratori, ambulanti ed altri; serviva in particolare il Cadore, l\u2019Ampezzano, la Pusteria (da Pieve a Cima Sappada, da Calalzo a Cortina, da San Candido a Calalzo, da Dobbiaco a Tai di Cadore con numerose corse giornaliere (con minor frequenza effettuava corse dirette anche a Belluno mentre nel Feltrino era attiva con varie linee di collegamento verso Bolzano e tutto l\u2019Alto Adige). Per anni la sede amministrativa era a Cortina dove operava pure l\u2019officina centrale ed un\u2019altra si trovava a Feltre. E\u2019 del 1983 la cessione delle linee del Feltrino e Primiero all\u2019Atesina e del 1984 alla DolomitiBus delle restanti che operavano in provincia di Belluno. Fra i ricordi dell\u2019autista di Padola di Comelico Superiore, Valentino Ribul Alfier, le copiose nevicate dell\u2019inverno 1950-51 quando lo strato di neve a Cortina e Sappada raggiunse i cinque metri di altezza! E concludiamo la rassegna con la Automobilistica Cadore della quale ha riferito Antonio Balbinot, che era titolare della ditta dove faceva anche l\u2019autista e il bigliettaio. Ed era nata dopo la rinuncia della Sad di Bolzano alle linee del trasporto pubblico del Cadore, Comelico, Sappada e Feltrino. Grazie all\u2019impegno del personale ed in particolare del capogruppo Roberto Del Longo il servizio veniva effettuato in modo efficiente. In seguito, le linee vennero date in gestione dalla Regione Veneto a due aziende pubbliche: la Fap, Ferrari autoservizi pubblici e l\u2019Atvo, Azienda trasporti Veneto orientale, entrambe di San Don\u00e0 di Piave, per quanto riguarda le zone del Cadore, Comelico, Sappada, e all\u2019Atesina di Trento per la zona del Feltrino, in attesa della costituzione del Consorzio di Bacino di Belluno per poi confluire, il 1. luglio 1982, nella DolomitiBus.<\/p>\n\n\t\t\t<style type='text\/css'>\n\t\t\t\t#gallery-6 {\n\t\t\t\t\tmargin: auto;\n\t\t\t\t}\n\t\t\t\t#gallery-6 .gallery-item {\n\t\t\t\t\tfloat: left;\n\t\t\t\t\tmargin-top: 10px;\n\t\t\t\t\ttext-align: center;\n\t\t\t\t\twidth: 14%;\n\t\t\t\t}\n\t\t\t\t#gallery-6 img {\n\t\t\t\t\tborder: 2px solid #cfcfcf;\n\t\t\t\t}\n\t\t\t\t#gallery-6 .gallery-caption {\n\t\t\t\t\tmargin-left: 0;\n\t\t\t\t}\n\t\t\t\t\/* see gallery_shortcode() in wp-includes\/media.php *\/\n\t\t\t<\/style>\n\t\t<div id='gallery-6' class='dt-gallery-container gallery galleryid-309146 gallery-columns-7 gallery-size-thumbnail'><dl class='gallery-item'>\n\t\t\t\t<dt class='gallery-icon landscape'>\n\t\t\t\t\t<a class=\"rollover rollover-zoom dt-pswp-item\" title=\"315515659_533035525505397_4853767503966310353_n\" data-dt-img-description=\"\" data-large_image_width=\"707\" data-large_image_height=\"403\"href='https:\/\/www.radiopiu.net\/wordpress\/wp-content\/uploads\/2022\/12\/315515659_533035525505397_4853767503966310353_n.jpg'><img loading=\"lazy\" decoding=\"async\" width=\"150\" height=\"150\" src=\"https:\/\/www.radiopiu.net\/wordpress\/wp-content\/uploads\/2022\/12\/315515659_533035525505397_4853767503966310353_n-150x150.jpg\" class=\"attachment-thumbnail size-thumbnail\" alt=\"\" \/><\/a>\n\t\t\t\t<\/dt><\/dl><dl class='gallery-item'>\n\t\t\t\t<dt class='gallery-icon landscape'>\n\t\t\t\t\t<a class=\"rollover rollover-zoom dt-pswp-item\" title=\"316582426_549692449862020_164188748351876372_n\" data-dt-img-description=\"\" data-large_image_width=\"621\" data-large_image_height=\"403\"href='https:\/\/www.radiopiu.net\/wordpress\/wp-content\/uploads\/2022\/12\/316582426_549692449862020_164188748351876372_n.jpg'><img loading=\"lazy\" decoding=\"async\" width=\"150\" height=\"150\" src=\"https:\/\/www.radiopiu.net\/wordpress\/wp-content\/uploads\/2022\/12\/316582426_549692449862020_164188748351876372_n-150x150.jpg\" class=\"attachment-thumbnail size-thumbnail\" alt=\"\" \/><\/a>\n\t\t\t\t<\/dt><\/dl><dl class='gallery-item'>\n\t\t\t\t<dt class='gallery-icon landscape'>\n\t\t\t\t\t<a class=\"rollover rollover-zoom dt-pswp-item\" title=\"316599712_3339396752974039_7997944556363734291_n\" data-dt-img-description=\"\" data-large_image_width=\"730\" data-large_image_height=\"403\"href='https:\/\/www.radiopiu.net\/wordpress\/wp-content\/uploads\/2022\/12\/316599712_3339396752974039_7997944556363734291_n.jpg'><img loading=\"lazy\" decoding=\"async\" width=\"150\" height=\"150\" src=\"https:\/\/www.radiopiu.net\/wordpress\/wp-content\/uploads\/2022\/12\/316599712_3339396752974039_7997944556363734291_n-150x150.jpg\" class=\"attachment-thumbnail size-thumbnail\" alt=\"\" \/><\/a>\n\t\t\t\t<\/dt><\/dl><dl class='gallery-item'>\n\t\t\t\t<dt class='gallery-icon landscape'>\n\t\t\t\t\t<a class=\"rollover rollover-zoom dt-pswp-item\" title=\"316874719_869810934193852_3611392296613542282_n\" data-dt-img-description=\"\" data-large_image_width=\"621\" data-large_image_height=\"403\"href='https:\/\/www.radiopiu.net\/wordpress\/wp-content\/uploads\/2022\/12\/316874719_869810934193852_3611392296613542282_n.jpg'><img loading=\"lazy\" decoding=\"async\" width=\"150\" height=\"150\" src=\"https:\/\/www.radiopiu.net\/wordpress\/wp-content\/uploads\/2022\/12\/316874719_869810934193852_3611392296613542282_n-150x150.jpg\" class=\"attachment-thumbnail size-thumbnail\" alt=\"\" \/><\/a>\n\t\t\t\t<\/dt><\/dl><dl class='gallery-item'>\n\t\t\t\t<dt class='gallery-icon landscape'>\n\t\t\t\t\t<a class=\"rollover rollover-zoom dt-pswp-item\" title=\"314403679_679601343696987_6123858702981043825_n\" data-dt-img-description=\"\" data-large_image_width=\"610\" data-large_image_height=\"403\"href='https:\/\/www.radiopiu.net\/wordpress\/wp-content\/uploads\/2022\/12\/314403679_679601343696987_6123858702981043825_n.jpg'><img loading=\"lazy\" decoding=\"async\" width=\"150\" height=\"150\" src=\"https:\/\/www.radiopiu.net\/wordpress\/wp-content\/uploads\/2022\/12\/314403679_679601343696987_6123858702981043825_n-150x150.jpg\" class=\"attachment-thumbnail size-thumbnail\" alt=\"\" \/><\/a>\n\t\t\t\t<\/dt><\/dl><dl class='gallery-item'>\n\t\t\t\t<dt class='gallery-icon landscape'>\n\t\t\t\t\t<a class=\"rollover rollover-zoom dt-pswp-item\" title=\"315497361_864956357984099_5293440392790134482_n\" data-dt-img-description=\"\" data-large_image_width=\"640\" data-large_image_height=\"400\"href='https:\/\/www.radiopiu.net\/wordpress\/wp-content\/uploads\/2022\/12\/315497361_864956357984099_5293440392790134482_n.jpg'><img loading=\"lazy\" decoding=\"async\" width=\"150\" height=\"150\" src=\"https:\/\/www.radiopiu.net\/wordpress\/wp-content\/uploads\/2022\/12\/315497361_864956357984099_5293440392790134482_n-150x150.jpg\" class=\"attachment-thumbnail size-thumbnail\" alt=\"\" \/><\/a>\n\t\t\t\t<\/dt><\/dl><dl class='gallery-item'>\n\t\t\t\t<dt class='gallery-icon landscape'>\n\t\t\t\t\t<a class=\"rollover rollover-zoom dt-pswp-item\" title=\"316570911_4208462992712413_1452938294419403508_n\" data-dt-img-description=\"\" data-large_image_width=\"591\" data-large_image_height=\"403\"href='https:\/\/www.radiopiu.net\/wordpress\/wp-content\/uploads\/2022\/12\/316570911_4208462992712413_1452938294419403508_n.jpg'><img loading=\"lazy\" decoding=\"async\" width=\"150\" height=\"150\" src=\"https:\/\/www.radiopiu.net\/wordpress\/wp-content\/uploads\/2022\/12\/316570911_4208462992712413_1452938294419403508_n-150x150.jpg\" class=\"attachment-thumbnail size-thumbnail\" alt=\"\" \/><\/a>\n\t\t\t\t<\/dt><\/dl><br style=\"clear: both\" \/><dl class='gallery-item'>\n\t\t\t\t<dt class='gallery-icon landscape'>\n\t\t\t\t\t<a class=\"rollover rollover-zoom dt-pswp-item\" title=\"317634184_852259459531602_5449916019004208335_n\" data-dt-img-description=\"\" data-large_image_width=\"600\" data-large_image_height=\"401\"href='https:\/\/www.radiopiu.net\/wordpress\/wp-content\/uploads\/2022\/12\/317634184_852259459531602_5449916019004208335_n.jpg'><img loading=\"lazy\" decoding=\"async\" width=\"150\" height=\"150\" src=\"https:\/\/www.radiopiu.net\/wordpress\/wp-content\/uploads\/2022\/12\/317634184_852259459531602_5449916019004208335_n-150x150.jpg\" class=\"attachment-thumbnail size-thumbnail\" alt=\"\" \/><\/a>\n\t\t\t\t<\/dt><\/dl><dl class='gallery-item'>\n\t\t\t\t<dt class='gallery-icon landscape'>\n\t\t\t\t\t<a class=\"rollover rollover-zoom dt-pswp-item\" title=\"315531775_710841117131842_7730329861076983368_n\" data-dt-img-description=\"\" data-large_image_width=\"622\" data-large_image_height=\"403\"href='https:\/\/www.radiopiu.net\/wordpress\/wp-content\/uploads\/2022\/12\/315531775_710841117131842_7730329861076983368_n.jpg'><img loading=\"lazy\" decoding=\"async\" width=\"150\" height=\"150\" src=\"https:\/\/www.radiopiu.net\/wordpress\/wp-content\/uploads\/2022\/12\/315531775_710841117131842_7730329861076983368_n-150x150.jpg\" class=\"attachment-thumbnail size-thumbnail\" alt=\"\" \/><\/a>\n\t\t\t\t<\/dt><\/dl><dl class='gallery-item'>\n\t\t\t\t<dt class='gallery-icon landscape'>\n\t\t\t\t\t<a class=\"rollover rollover-zoom dt-pswp-item\" title=\"316190676_1150820652241683_3960351303852136872_n\" data-dt-img-description=\"\" data-large_image_width=\"621\" data-large_image_height=\"403\"href='https:\/\/www.radiopiu.net\/wordpress\/wp-content\/uploads\/2022\/12\/316190676_1150820652241683_3960351303852136872_n.jpg'><img loading=\"lazy\" decoding=\"async\" width=\"150\" height=\"150\" src=\"https:\/\/www.radiopiu.net\/wordpress\/wp-content\/uploads\/2022\/12\/316190676_1150820652241683_3960351303852136872_n-150x150.jpg\" class=\"attachment-thumbnail size-thumbnail\" alt=\"\" \/><\/a>\n\t\t\t\t<\/dt><\/dl><dl class='gallery-item'>\n\t\t\t\t<dt class='gallery-icon portrait'>\n\t\t\t\t\t<a class=\"rollover rollover-zoom dt-pswp-item\" title=\"315525617_1455076978319926_3201695569518630744_n\" data-dt-img-description=\"\" data-large_image_width=\"350\" data-large_image_height=\"403\"href='https:\/\/www.radiopiu.net\/wordpress\/wp-content\/uploads\/2022\/12\/315525617_1455076978319926_3201695569518630744_n.jpg'><img loading=\"lazy\" decoding=\"async\" width=\"150\" height=\"150\" src=\"https:\/\/www.radiopiu.net\/wordpress\/wp-content\/uploads\/2022\/12\/315525617_1455076978319926_3201695569518630744_n-150x150.jpg\" class=\"attachment-thumbnail size-thumbnail\" alt=\"\" \/><\/a>\n\t\t\t\t<\/dt><\/dl><dl class='gallery-item'>\n\t\t\t\t<dt class='gallery-icon landscape'>\n\t\t\t\t\t<a class=\"rollover rollover-zoom dt-pswp-item\" title=\"317122161_1842365039434970_1554871382639115634_n\" data-dt-img-description=\"\" data-large_image_width=\"617\" data-large_image_height=\"403\"href='https:\/\/www.radiopiu.net\/wordpress\/wp-content\/uploads\/2022\/12\/317122161_1842365039434970_1554871382639115634_n.jpg'><img loading=\"lazy\" decoding=\"async\" width=\"150\" height=\"150\" src=\"https:\/\/www.radiopiu.net\/wordpress\/wp-content\/uploads\/2022\/12\/317122161_1842365039434970_1554871382639115634_n-150x150.jpg\" class=\"attachment-thumbnail size-thumbnail\" alt=\"\" \/><\/a>\n\t\t\t\t<\/dt><\/dl><dl class='gallery-item'>\n\t\t\t\t<dt class='gallery-icon landscape'>\n\t\t\t\t\t<a class=\"rollover rollover-zoom dt-pswp-item\" title=\"317298548_671057378069775_3989885381615847856_n\" data-dt-img-description=\"\" data-large_image_width=\"615\" data-large_image_height=\"403\"href='https:\/\/www.radiopiu.net\/wordpress\/wp-content\/uploads\/2022\/12\/317298548_671057378069775_3989885381615847856_n.jpg'><img loading=\"lazy\" decoding=\"async\" width=\"150\" height=\"150\" src=\"https:\/\/www.radiopiu.net\/wordpress\/wp-content\/uploads\/2022\/12\/317298548_671057378069775_3989885381615847856_n-150x150.jpg\" class=\"attachment-thumbnail size-thumbnail\" alt=\"\" \/><\/a>\n\t\t\t\t<\/dt><\/dl>\n\t\t\t\t<br style='clear: both' \/>\n\t\t\t<\/div>\n\n<p>&nbsp;<\/p>\n<p>NELLE FOTO (riproduzioni dal libro di Renato Fiabane e Lionello Fiori): anno 1925: autocorriera dell\u2019Atesina in sosta a Feltre davanti al Caff\u00e8 Commercio; Fiat della Stat, ora Atesina, sosta a Fonzaso; autocorriere in sosta alla stazione ferroviaria di Calalzo; anno 1951: Alfa Romeo 500 in piazza a Santo Stefano di Cadore, in primo piano l\u2019autista Valentino Ribul ed il bigliettaio; anni \u201850 una corriera della Sad in servizio sulla Padola-Belluno; Fiat 666 carrozzata Sicca, della ditta Sad; anno 1960, Fiat 306 Sicca Gt della Sad di Bolzano in servizio nelle linee dolomitiche; anni \u201860 Om Leoncino in servizio sulla linea turistica Misurina-Tre Cime di Lavaredo; anno 195Fiat 306 carrozzata Dalla Via, della Sad, vicino alla stazione ferroviaria di Feltre nel corso di una gita scolastica; autocorriera della Sad con l\u2019autista Caneve; altro mezzo della stessa azienda; anno 1926: corriera della Stat, ora Atesina, davanti all\u2019albergo Sant\u2019Antonio di Fonzaso; anni \u201860: Om Leoncino carrozzata Barbi, della Sad, in servizio sperimentale sulla tratta Lozzo di Cadore-Pian dei Buoi.<\/p>\n<p>&nbsp;<\/p>\n<p>&nbsp;<\/p>\n<hr \/>\n<p>&nbsp;<\/p>\n<h2><span style=\"color: #ff00ff;\">IN VIVO VERSO<\/span><\/h2>\n<p><strong>E TU di LORELLA DE BON<\/strong><\/p>\n<p><strong>AUDIO<\/strong><\/p>\n<audio class=\"wp-audio-shortcode\" id=\"audio-309146-12\" preload=\"none\" style=\"width: 100%;\" controls=\"controls\"><source type=\"audio\/mpeg\" src=\"https:\/\/www.radiopiu.net\/wordpress\/wp-content\/uploads\/2022\/11\/04-LORELLA-DE-BON-E-TU.mp3?_=12\" \/><a href=\"https:\/\/www.radiopiu.net\/wordpress\/wp-content\/uploads\/2022\/11\/04-LORELLA-DE-BON-E-TU.mp3\">https:\/\/www.radiopiu.net\/wordpress\/wp-content\/uploads\/2022\/11\/04-LORELLA-DE-BON-E-TU.mp3<\/a><\/audio>\n<p>&nbsp;<\/p>\n<p><a class=\"dt-pswp-item\" href=\"https:\/\/www.radiopiu.net\/wordpress\/wp-content\/uploads\/2022\/12\/4-LORELLA-DE-BON.jpg\" data-dt-img-description=\"\" data-large_image_width=\"256\" data-large_image_height=\"256\"><img loading=\"lazy\" decoding=\"async\" class=\" wp-image-309199 alignleft\" src=\"https:\/\/www.radiopiu.net\/wordpress\/wp-content\/uploads\/2022\/12\/4-LORELLA-DE-BON.jpg\" alt=\"\" width=\"228\" height=\"228\" srcset=\"https:\/\/www.radiopiu.net\/wordpress\/wp-content\/uploads\/2022\/12\/4-LORELLA-DE-BON.jpg 256w, https:\/\/www.radiopiu.net\/wordpress\/wp-content\/uploads\/2022\/12\/4-LORELLA-DE-BON-150x150.jpg 150w\" sizes=\"auto, (max-width: 228px) 100vw, 228px\" \/><\/a>Lorella De Bon<br \/>\nE TU<\/p>\n<p>Sar\u00f2 forse la vergogna di tutti<br \/>\ne mi saranno alle spalle,<br \/>\ndiranno la mia follia, il corpo<br \/>\ndi pane che in te non trova radici.<br \/>\nMa continuo il cammino<br \/>\ndentro solchi cosparsi di fiori<br \/>\ne tu, che mi voli negli occhi<br \/>\ne sei la stella pi\u00f9 feroce<br \/>\nnel mio cielo di domande.<\/p>\n<p>&nbsp;<\/p>\n<p>LA RACCOLTA COMPLETA<\/p>\n<blockquote class=\"wp-embedded-content\" data-secret=\"M6DxNc3vVN\"><p><a href=\"https:\/\/www.radiopiu.net\/wordpress\/in-vivo-verso\/\">In Vivo Verso<\/a><\/p><\/blockquote>\n<p><iframe loading=\"lazy\" class=\"wp-embedded-content\" sandbox=\"allow-scripts\" security=\"restricted\" style=\"position: absolute; clip: rect(1px, 1px, 1px, 1px);\" title=\"&#8220;In Vivo Verso&#8221; &#8212; Radio Pi\u00f9\" src=\"https:\/\/www.radiopiu.net\/wordpress\/in-vivo-verso\/embed\/#?secret=M2skI1Nz1G#?secret=M6DxNc3vVN\" data-secret=\"M6DxNc3vVN\" width=\"600\" height=\"338\" frameborder=\"0\" marginwidth=\"0\" marginheight=\"0\" scrolling=\"no\"><\/iframe><\/p>\n<p>&nbsp;<\/p>\n<hr \/>\n<p>&nbsp;<\/p>\n<div>\n<div class=\"b654a4as d2edcug0\">\n<div class=\"rq0escxv hkbzh7o3 jwdofwj8 n8tt0mok r8blr3vg hyh9befq\">\n<p><a class=\"dt-pswp-item\" href=\"https:\/\/www.radiopiu.net\/wordpress\/wp-content\/uploads\/2020\/10\/pp.jpg\" data-dt-img-description=\"\" data-large_image_width=\"640\" data-large_image_height=\"640\"><img loading=\"lazy\" decoding=\"async\" class=\"wp-image-163678 alignleft\" src=\"https:\/\/www.radiopiu.net\/wordpress\/wp-content\/uploads\/2020\/10\/pp-300x300.jpg\" alt=\"\" width=\"106\" height=\"106\" srcset=\"https:\/\/www.radiopiu.net\/wordpress\/wp-content\/uploads\/2020\/10\/pp-300x300.jpg 300w, https:\/\/www.radiopiu.net\/wordpress\/wp-content\/uploads\/2020\/10\/pp-150x150.jpg 150w, https:\/\/www.radiopiu.net\/wordpress\/wp-content\/uploads\/2020\/10\/pp-125x125.jpg 125w, https:\/\/www.radiopiu.net\/wordpress\/wp-content\/uploads\/2020\/10\/pp-200x200.jpg 200w, https:\/\/www.radiopiu.net\/wordpress\/wp-content\/uploads\/2020\/10\/pp-80x80.jpg 80w, https:\/\/www.radiopiu.net\/wordpress\/wp-content\/uploads\/2020\/10\/pp-480x480.jpg 480w, https:\/\/www.radiopiu.net\/wordpress\/wp-content\/uploads\/2020\/10\/pp.jpg 640w\" sizes=\"auto, (max-width: 106px) 100vw, 106px\" \/><\/a><\/p>\n<\/div>\n<\/div>\n<\/div>\n<div>\n<div class=\"page-title-head hgroup\">\n<div class=\"page-title-head hgroup\">\n<div class=\"b654a4as d2edcug0\">\n<div class=\"j83agx80 btwxx1t3 lhclo0ds hop8lmos nkwizq5d scwd0bx6 roh60bw9\">\n<div class=\"rq0escxv hkbzh7o3 jwdofwj8 n8tt0mok r8blr3vg hyh9befq\">\n<div class=\"do00u71z l9j0dhe7 k4urcfbm\">\n<h2><span style=\"color: #000080;\">DON CESARE, IL PENSIERO DEL GIORNO. ALLA RADIO ALLE 7 DEL MATTINO E ALLE 19.30 DELLA SERA\u00a0<\/span><\/h2>\n<audio class=\"wp-audio-shortcode\" id=\"audio-309146-13\" preload=\"none\" style=\"width: 100%;\" controls=\"controls\"><source type=\"audio\/mpeg\" src=\"https:\/\/www.radiopiu.net\/wordpress\/wp-content\/uploads\/2022\/12\/CESARE-1.mp3?_=13\" \/><a href=\"https:\/\/www.radiopiu.net\/wordpress\/wp-content\/uploads\/2022\/12\/CESARE-1.mp3\">https:\/\/www.radiopiu.net\/wordpress\/wp-content\/uploads\/2022\/12\/CESARE-1.mp3<\/a><\/audio>\n<\/div>\n<\/div>\n<\/div>\n<\/div>\n<\/div>\n<\/div>\n<\/div>\n<p>&nbsp;<\/p>\n<hr \/>\n<p>&nbsp;<\/p>\n<h2><span style=\"color: #339966;\">COLLAGE OPERAZIONE NOSTALGIA<\/span><\/h2>\n<p><strong><a class=\"dt-pswp-item\" href=\"https:\/\/www.radiopiu.net\/wordpress\/wp-content\/uploads\/2022\/11\/simon-garfunkel.jpg\" data-dt-img-description=\"\" data-large_image_width=\"460\" data-large_image_height=\"360\"><img loading=\"lazy\" decoding=\"async\" class=\" wp-image-308480 alignleft\" src=\"https:\/\/www.radiopiu.net\/wordpress\/wp-content\/uploads\/2022\/11\/simon-garfunkel-300x235.jpg\" alt=\"\" width=\"175\" height=\"137\" srcset=\"https:\/\/www.radiopiu.net\/wordpress\/wp-content\/uploads\/2022\/11\/simon-garfunkel-300x235.jpg 300w, https:\/\/www.radiopiu.net\/wordpress\/wp-content\/uploads\/2022\/11\/simon-garfunkel.jpg 460w\" sizes=\"auto, (max-width: 175px) 100vw, 175px\" \/><\/a>di Loris Scussel<\/strong><\/p>\n<p>La nuova settimana di Collage si aprir\u00e0 a ritmo di rock in particolare con i Deep Purple di \u201cHush\u201d, marted\u00ec brani di musica classica e non, mercoled\u00ec sar\u00e0 la volta dei gruppi italiani degli anni 70 con \u201cIo vagabondo\u201d dei Nomadi e cos\u00ec via, la trasmissione di gioved\u00ec sar\u00e0 dedicata ai cantautori e si aprir\u00e0 con \u201cLa luce dell\u2019est\u201d di Lucio Battisti, infine chiuderemo la settimana in bellezza venerd\u00ec con una selezione di successi internazionali come \u201cThe sound of silence\u201d di Simon e Garfunkel. Collage va in onda dal luned\u00ec al venerd\u00ec alle 16,00 e alle 23,00 naturalmente su Radio Pi\u00f9<\/p>\n<p><strong>PUNTATA DEL LUNEDI, 671<\/strong><\/p>\n<audio class=\"wp-audio-shortcode\" id=\"audio-309146-14\" preload=\"none\" style=\"width: 100%;\" controls=\"controls\"><source type=\"audio\/mpeg\" src=\"https:\/\/www.radiopiu.net\/wordpress\/wp-content\/uploads\/2022\/11\/Collage-671.mp3?_=14\" \/><a href=\"https:\/\/www.radiopiu.net\/wordpress\/wp-content\/uploads\/2022\/11\/Collage-671.mp3\">https:\/\/www.radiopiu.net\/wordpress\/wp-content\/uploads\/2022\/11\/Collage-671.mp3<\/a><\/audio>\n<p><strong>PUNTATA DEL MARTEDI, 672<\/strong><\/p>\n<audio class=\"wp-audio-shortcode\" id=\"audio-309146-15\" preload=\"none\" style=\"width: 100%;\" controls=\"controls\"><source type=\"audio\/mpeg\" src=\"https:\/\/www.radiopiu.net\/wordpress\/wp-content\/uploads\/2022\/11\/Collage-672.mp3?_=15\" \/><a href=\"https:\/\/www.radiopiu.net\/wordpress\/wp-content\/uploads\/2022\/11\/Collage-672.mp3\">https:\/\/www.radiopiu.net\/wordpress\/wp-content\/uploads\/2022\/11\/Collage-672.mp3<\/a><\/audio>\n<p><strong>PUNTATA DEL MERCOLEDI, 673<\/strong><\/p>\n<audio class=\"wp-audio-shortcode\" id=\"audio-309146-16\" preload=\"none\" style=\"width: 100%;\" controls=\"controls\"><source type=\"audio\/mpeg\" src=\"https:\/\/www.radiopiu.net\/wordpress\/wp-content\/uploads\/2022\/11\/Collage-673.mp3?_=16\" \/><a href=\"https:\/\/www.radiopiu.net\/wordpress\/wp-content\/uploads\/2022\/11\/Collage-673.mp3\">https:\/\/www.radiopiu.net\/wordpress\/wp-content\/uploads\/2022\/11\/Collage-673.mp3<\/a><\/audio>\n<p><strong>PUNTATA DEL GIOVEDI, 674<\/strong><\/p>\n<audio class=\"wp-audio-shortcode\" id=\"audio-309146-17\" preload=\"none\" style=\"width: 100%;\" controls=\"controls\"><source type=\"audio\/mpeg\" src=\"https:\/\/www.radiopiu.net\/wordpress\/wp-content\/uploads\/2022\/11\/Collage-674.mp3?_=17\" \/><a href=\"https:\/\/www.radiopiu.net\/wordpress\/wp-content\/uploads\/2022\/11\/Collage-674.mp3\">https:\/\/www.radiopiu.net\/wordpress\/wp-content\/uploads\/2022\/11\/Collage-674.mp3<\/a><\/audio>\n<p>&nbsp;<\/p>\n<hr \/>\n<p>&nbsp;<\/p>\n<h2><span style=\"color: #800080;\">DEDICHE E RICHIESTE &#8211; PUNTATA DEL 30 NOVEMBRE 2022<\/span><\/h2>\n<p><strong><a class=\"dt-pswp-item\" href=\"https:\/\/www.radiopiu.net\/wordpress\/wp-content\/uploads\/2022\/12\/4aa71717-bd89-4d53-b4c3-830ef391d1f2.jpg\" data-dt-img-description=\"\" data-large_image_width=\"1019\" data-large_image_height=\"581\"><img loading=\"lazy\" decoding=\"async\" class=\" wp-image-309260 alignleft\" src=\"https:\/\/www.radiopiu.net\/wordpress\/wp-content\/uploads\/2022\/12\/4aa71717-bd89-4d53-b4c3-830ef391d1f2-300x171.jpg\" alt=\"\" width=\"181\" height=\"103\" srcset=\"https:\/\/www.radiopiu.net\/wordpress\/wp-content\/uploads\/2022\/12\/4aa71717-bd89-4d53-b4c3-830ef391d1f2-300x171.jpg 300w, https:\/\/www.radiopiu.net\/wordpress\/wp-content\/uploads\/2022\/12\/4aa71717-bd89-4d53-b4c3-830ef391d1f2-768x438.jpg 768w, https:\/\/www.radiopiu.net\/wordpress\/wp-content\/uploads\/2022\/12\/4aa71717-bd89-4d53-b4c3-830ef391d1f2.jpg 1019w\" sizes=\"auto, (max-width: 181px) 100vw, 181px\" \/><\/a>REDAZIONE<\/strong> E&#8217; andata in onda la puntata di &#8220;Dediche e Richieste&#8221; programma del mercoled\u00ec sera che vi fa ascoltare la vostra musica preferita intervallata da interventi vari. Tra gli ospiti telefonici di questa settimana: Andrea Chicca (Radio Club 103), Luca Zaia (Presidente del Veneto), Roberto Padrin (Presidente della provincia di Belluno), Damiano Tormen (giornalista), Eros DJ.<\/p>\n<p><strong>ASCOLTA LA PUNTATA<\/strong><\/p>\n<audio class=\"wp-audio-shortcode\" id=\"audio-309146-18\" preload=\"none\" style=\"width: 100%;\" controls=\"controls\"><source type=\"audio\/mpeg\" src=\"https:\/\/www.radiopiu.net\/wordpress\/wp-content\/uploads\/2022\/12\/PUNTATA-MERCOLEDI.mp3?_=18\" \/><a href=\"https:\/\/www.radiopiu.net\/wordpress\/wp-content\/uploads\/2022\/12\/PUNTATA-MERCOLEDI.mp3\">https:\/\/www.radiopiu.net\/wordpress\/wp-content\/uploads\/2022\/12\/PUNTATA-MERCOLEDI.mp3<\/a><\/audio>\n<p>&nbsp;<\/p>\n<hr \/>\n<p>&nbsp;<\/p>\n<p><img loading=\"lazy\" decoding=\"async\" class=\"aligncenter wp-image-61954 size-full\" src=\"https:\/\/www.radiopiu.net\/wordpress\/wp-content\/uploads\/2018\/09\/viabilita.jpeg\" sizes=\"auto, (max-width: 800px) 100vw, 800px\" srcset=\"https:\/\/www.radiopiu.net\/wordpress\/wp-content\/uploads\/2018\/09\/viabilita.jpeg 800w, https:\/\/www.radiopiu.net\/wordpress\/wp-content\/uploads\/2018\/09\/viabilita-300x38.jpeg 300w, https:\/\/www.radiopiu.net\/wordpress\/wp-content\/uploads\/2018\/09\/viabilita-768x96.jpeg 768w\" alt=\"\" width=\"800\" height=\"100\" \/><\/p>\n<p>&nbsp;<\/p>\n<p>&nbsp;<\/p>\n<p><strong>AGGIORNAMENTO VENETO STRADE, AGGIORNAMENTO CONTINUO H 24<\/strong><\/p>\n<p>&nbsp;<\/p>\n<blockquote class=\"wp-embedded-content\" data-secret=\"ItOIQg8e1V\"><p><a href=\"https:\/\/www.radiopiu.net\/wordpress\/viabilita\/\">viabilita<\/a><\/p><\/blockquote>\n<p><iframe loading=\"lazy\" class=\"wp-embedded-content\" sandbox=\"allow-scripts\" security=\"restricted\" style=\"position: absolute; clip: rect(1px, 1px, 1px, 1px);\" title=\"&#8220;viabilita&#8221; &#8212; Radio Pi\u00f9\" src=\"https:\/\/www.radiopiu.net\/wordpress\/viabilita\/embed\/#?secret=QP4u3vDrNB#?secret=ItOIQg8e1V\" data-secret=\"ItOIQg8e1V\" width=\"600\" height=\"338\" frameborder=\"0\" marginwidth=\"0\" marginheight=\"0\" scrolling=\"no\"><\/iframe><\/p>\n<p>&nbsp;<\/p>\n<p>&nbsp;<\/p>\n<hr \/>\n<p>&nbsp;<\/p>\n<p><a class=\"dt-pswp-item\" href=\"https:\/\/www.radiopiu.net\/wordpress\/wp-content\/uploads\/2018\/09\/WhatsApp-Image-2018-09-20-at-16.04.06.jpeg\" data-dt-img-description=\"\" data-large_image_width=\"800\" data-large_image_height=\"100\"><img loading=\"lazy\" decoding=\"async\" class=\"wp-image-61378 size-full aligncenter\" src=\"https:\/\/www.radiopiu.net\/wordpress\/wp-content\/uploads\/2018\/09\/WhatsApp-Image-2018-09-20-at-16.04.06.jpeg\" alt=\"\" width=\"800\" height=\"100\" srcset=\"https:\/\/www.radiopiu.net\/wordpress\/wp-content\/uploads\/2018\/09\/WhatsApp-Image-2018-09-20-at-16.04.06.jpeg 800w, https:\/\/www.radiopiu.net\/wordpress\/wp-content\/uploads\/2018\/09\/WhatsApp-Image-2018-09-20-at-16.04.06-300x38.jpeg 300w, https:\/\/www.radiopiu.net\/wordpress\/wp-content\/uploads\/2018\/09\/WhatsApp-Image-2018-09-20-at-16.04.06-768x96.jpeg 768w\" sizes=\"auto, (max-width: 800px) 100vw, 800px\" \/><\/a><\/p>\n<p>&nbsp;<\/p>\n<p><center><b>OGGI<\/b><\/center>Maggiore ed estesa copertura nuvolosa, gi\u00e0 dalle prime ore della notte, tant&#8217;\u00e8 che il cielo risulter\u00e0 coperto per gran parte del giorno, salvo brevi schiarite al pomeriggio, quando ci sar\u00e0 un&#8217;attenuazione della nuvolosit\u00e0 e lunghe pause senza fenomeni. Contesto termico assai pi\u00f9 fresco e uggioso nelle valli, anche un po&#8217; pi\u00f9 freddo in alta quota.<br \/>\n<b>Precipitazioni: <\/b>Probabilit\u00e0 crescente fino ad alta (80-90%), dapprima per deboli fenomeni sparsi notturni, poi pi\u00f9 diffusi al mattino, ma sempre deboli. Il limite neve sar\u00e0 sui 600-800 m sulle Dolomiti e 800-900 m sulle Prealpi. Al pomeriggio fenomeni intermittenti, prima di esaurirsi (30-40%). Gli apporti saranno compresi tra 2 e 5 mm, localmente fino a 10 mm, con altrettanti cm di neve oltre i 1000\/1200 m.<br \/>\n<b>Temperature: <\/b>Ad eccezione di un aumento delle minime nelle valli, le temperature saranno in generale calo, specie le massime.<\/p>\n<hr \/>\n<p><center><b>DOMANI<\/b><\/center>Cielo gi\u00e0 coperto al mattino e inizio di un peggioramento del tempo fino a risultare perturbato al pomeriggio\/sera, con deboli precipitazioni, a tratti anche moderate sulle Prealpi a fine giornata. Riduzione del freddo, specie al pomeriggio per lieve effetto sciroccale.<br \/>\n<b>Precipitazioni: <\/b>Nel corso del mattino prime debolissime precipitazioni (50-70%), nevose sopra gli 800-1000 m. Al pomeriggio maggiore probabilit\u00e0 di fenomeni (80-90%), con rialzo del limite della neve sui 1000-1200 su Dolomiti e 1200-1500 m su Prealpi. Gli apporti a fine giornata saranno compresi tra 2 e 5 mm, localmente fino a 8-10 mm sulle Prealpi, con altrettanti cm di neve oltre i 1200\/1400 m.<br \/>\n<b>Temperature: <\/b>In lieve ripresa rispetto a venerd\u00ec, salvo stazionariet\u00e0 delle minime alle quote medie (tra 1600 e 2400 m).<\/p>\n<hr \/>\n<p><center><b>Domenica 4<\/b><\/center>Maltempo con diffuse precipitazioni di moderata intensit\u00e0, saranno di maggiore entit\u00e0 sulle Prealpi rispetto alle Dolomiti. Il limite della neve sar\u00e0 inizialmente a 1100-1200 m e risalir\u00e0 fino a 1400-1600 m in alcuni momenti della giornata. Temperature in aumento per avvezione sciroccale.<\/p>\n<hr \/>\n<p><center><b>Lunedi 5<\/b><\/center>Nottetempo e al mattino cielo molto nuvoloso con residue precipitazioni, nevose oltre i 1100-1400 m. Al pomeriggio riduzione della nuvolosit\u00e0 e schiarite a partire da ovest. Temperature in generale diminuzione, eccetto stazionariet\u00e0 o lieve ripresa delle massime nelle valli pi\u00f9 esposte al soleggiamento.<\/p>\n<p>&nbsp;<\/p>\n<hr \/>\n<p>&nbsp;<\/p>\n<p>&nbsp;<\/p>\n<p><a class=\"dt-pswp-item\" href=\"https:\/\/www.radiopiu.net\/wordpress\/wp-content\/uploads\/2018\/09\/sport.jpg\" data-dt-img-description=\"\" data-large_image_width=\"800\" data-large_image_height=\"100\"><img loading=\"lazy\" decoding=\"async\" class=\"aligncenter wp-image-60761 size-full\" src=\"https:\/\/www.radiopiu.net\/wordpress\/wp-content\/uploads\/2018\/09\/sport.jpg\" alt=\"\" width=\"800\" height=\"100\" srcset=\"https:\/\/www.radiopiu.net\/wordpress\/wp-content\/uploads\/2018\/09\/sport.jpg 800w, https:\/\/www.radiopiu.net\/wordpress\/wp-content\/uploads\/2018\/09\/sport-300x38.jpg 300w, https:\/\/www.radiopiu.net\/wordpress\/wp-content\/uploads\/2018\/09\/sport-768x96.jpg 768w\" sizes=\"auto, (max-width: 800px) 100vw, 800px\" \/><\/a><\/p>\n<p>&nbsp;<\/p>\n<p><span style=\"color: #0000ff;\"><strong>PALLAVOLO<\/strong><\/span><\/p>\n<blockquote>\n<h3>UN FINE SETTIMANA SODDISFACENTE PER IL VOLLEY CLUB AGORDINO<\/h3>\n<\/blockquote>\n<p><strong><a class=\"dt-pswp-item\" href=\"https:\/\/www.radiopiu.net\/wordpress\/wp-content\/uploads\/2022\/04\/VOLLEY-CLUB-AGORDINO.jpg\" data-dt-img-description=\"\" data-large_image_width=\"500\" data-large_image_height=\"512\"><img loading=\"lazy\" decoding=\"async\" class=\" wp-image-268787 alignleft\" src=\"https:\/\/www.radiopiu.net\/wordpress\/wp-content\/uploads\/2022\/04\/VOLLEY-CLUB-AGORDINO-293x300.jpg\" alt=\"\" width=\"116\" height=\"119\" srcset=\"https:\/\/www.radiopiu.net\/wordpress\/wp-content\/uploads\/2022\/04\/VOLLEY-CLUB-AGORDINO-293x300.jpg 293w, https:\/\/www.radiopiu.net\/wordpress\/wp-content\/uploads\/2022\/04\/VOLLEY-CLUB-AGORDINO.jpg 500w\" sizes=\"auto, (max-width: 116px) 100vw, 116px\" \/><\/a>di Marco Gaz\u00a0<\/strong><\/p>\n<p>Continua l&#8217;avventura del Volley Club Agordino nei campionati FIPAV di Prima Divisione e Under 16 delle provincie di Treviso e Belluno. Nello scorso fine settimana due vittorie per la squadra di Agordo. La prima squadra allenata da De Nardin ha strappato due punti nel match del PalaRova contro il Vedelago. Dopo due settimane difficili le agordine hanno rialzato la testa con un match infinito che ha visto il Volley Club Agordino vincere al tie break con le trevigiane. Una sfida in cui ci sono state alcune lacune nelle fila agordine ma il risultato finale ha premiato le ragazze di De Nardin che con i punti conquistati raggiungono il quarto posto della classifica del girone B di Prima Divisione. Buona prova anche delle ragazze pi\u00f9 giovani che sempre ad Agordo hanno incamerato una vittoria importante contro la Spes Belluno. 3 a 1 il risultato finale del derby bellunese con il Volley Club Agordino che ha perso solo il secondo set. 12 punti in classifica per la squadra pi\u00f9 giovane di Agordo che consolida la quarta posizione nella graduatoria del girone A Under 16.<\/p>\n<p>&nbsp;<\/p>\n","protected":false},"excerpt":{"rendered":"<p>RADIO PIU INFORMAZIONE il canale su TELEGRAM informazione di prima\u00a0 mano e in tempo reale. iscriviti ed aiutaci a farlo conoscere\u00a0 \u00a0 &nbsp; IL VIDEO CHAT TELEGRAM VIABILITA&#8217; PROVINCIA DI BELLUNO &#8220;VPB&#8221; oggi, ore 05.00 di\u00a0 Axel De Pellegrini foto Passo Falzarego, Moreno e stamane code sulla 203, pecore in transito in localit\u00e0 La Stanga,&hellip;<\/p>\n","protected":false},"author":4,"featured_media":309362,"comment_status":"closed","ping_status":"closed","sticky":false,"template":"","format":"standard","meta":{"_monsterinsights_skip_tracking":false,"_monsterinsights_sitenote_active":false,"_monsterinsights_sitenote_note":"","_monsterinsights_sitenote_category":0,"footnotes":""},"categories":[104,86,49],"tags":[],"class_list":["post-309146","post","type-post","status-publish","format-standard","has-post-thumbnail","hentry","category-evidenza_3","category-gr","category-news-18","category-104","category-86","category-49","description-off"],"img_url":"https:\/\/www.radiopiu.net\/wordpress\/wp-content\/uploads\/2022\/12\/Senza-nome-9.jpg","_links":{"self":[{"href":"https:\/\/www.radiopiu.net\/wordpress\/wp-json\/wp\/v2\/posts\/309146","targetHints":{"allow":["GET"]}}],"collection":[{"href":"https:\/\/www.radiopiu.net\/wordpress\/wp-json\/wp\/v2\/posts"}],"about":[{"href":"https:\/\/www.radiopiu.net\/wordpress\/wp-json\/wp\/v2\/types\/post"}],"author":[{"embeddable":true,"href":"https:\/\/www.radiopiu.net\/wordpress\/wp-json\/wp\/v2\/users\/4"}],"replies":[{"embeddable":true,"href":"https:\/\/www.radiopiu.net\/wordpress\/wp-json\/wp\/v2\/comments?post=309146"}],"version-history":[{"count":0,"href":"https:\/\/www.radiopiu.net\/wordpress\/wp-json\/wp\/v2\/posts\/309146\/revisions"}],"wp:featuredmedia":[{"embeddable":true,"href":"https:\/\/www.radiopiu.net\/wordpress\/wp-json\/wp\/v2\/media\/309362"}],"wp:attachment":[{"href":"https:\/\/www.radiopiu.net\/wordpress\/wp-json\/wp\/v2\/media?parent=309146"}],"wp:term":[{"taxonomy":"category","embeddable":true,"href":"https:\/\/www.radiopiu.net\/wordpress\/wp-json\/wp\/v2\/categories?post=309146"},{"taxonomy":"post_tag","embeddable":true,"href":"https:\/\/www.radiopiu.net\/wordpress\/wp-json\/wp\/v2\/tags?post=309146"}],"curies":[{"name":"wp","href":"https:\/\/api.w.org\/{rel}","templated":true}]}}