{"id":309147,"date":"2022-12-01T05:34:42","date_gmt":"2022-12-01T04:34:42","guid":{"rendered":"https:\/\/www.radiopiu.net\/wordpress\/?p=309147"},"modified":"2022-12-01T05:43:22","modified_gmt":"2022-12-01T04:43:22","slug":"5-chimici-senza-professore-le-considerazioni-del-dirigente","status":"publish","type":"post","link":"https:\/\/www.radiopiu.net\/wordpress\/5-chimici-senza-professore-le-considerazioni-del-dirigente\/","title":{"rendered":"5^ CHIMICI SENZA  PROFESSORE, LE CONSIDERAZIONI DEL DIRIGENTE"},"content":{"rendered":"<p>REDAZIONE Abbiamo pubblicato ieri la lettera degli studenti della quinta chimici al polo scolastico Follador-De Rossi di Agordo, riprendiamo oggi l&#8217;argomento con la replica del dirigente scolastico, il professor Claudio Magalini che pubblichiamo integralmente.<\/p>\n<p>&nbsp;<\/p>\n<div class=\"moz-text-html\" lang=\"x-western\">\n<div class=\"elementToProof\">\n<p dir=\"ltr\"><span class=\"ContentPasted0\"><a class=\"dt-pswp-item\" href=\"https:\/\/www.radiopiu.net\/wordpress\/wp-content\/uploads\/2022\/08\/CLAUDIO-MAGALINI.jpg\" data-dt-img-description=\"\" data-large_image_width=\"1600\" data-large_image_height=\"1309\"><img loading=\"lazy\" decoding=\"async\" class=\" wp-image-292088 alignleft\" src=\"https:\/\/www.radiopiu.net\/wordpress\/wp-content\/uploads\/2022\/08\/CLAUDIO-MAGALINI-300x245.jpg\" alt=\"\" width=\"238\" height=\"194\" srcset=\"https:\/\/www.radiopiu.net\/wordpress\/wp-content\/uploads\/2022\/08\/CLAUDIO-MAGALINI-300x245.jpg 300w, https:\/\/www.radiopiu.net\/wordpress\/wp-content\/uploads\/2022\/08\/CLAUDIO-MAGALINI-1024x838.jpg 1024w, https:\/\/www.radiopiu.net\/wordpress\/wp-content\/uploads\/2022\/08\/CLAUDIO-MAGALINI-768x628.jpg 768w, https:\/\/www.radiopiu.net\/wordpress\/wp-content\/uploads\/2022\/08\/CLAUDIO-MAGALINI-1536x1257.jpg 1536w, https:\/\/www.radiopiu.net\/wordpress\/wp-content\/uploads\/2022\/08\/CLAUDIO-MAGALINI.jpg 1600w\" sizes=\"auto, (max-width: 238px) 100vw, 238px\" \/><\/a>Con riferimento alla lettera presentata dai ragazzi della classe 5^ dell&#8217;indirizzo chimico, sono molto stupito e amareggiato per il loro intervento. <\/span><span class=\"ContentPasted0\">E\u2019 innegabile che il disagio esiste ma l\u2019impeto, la drammaticit\u00e0 e la frettolosit\u00e0 che caratterizzano i giovani adolescenti li ha portati a conclusioni completamente esagerate e inopportune. <\/span><span class=\"ContentPasted0\">Innanzitutto preciso che il problema dell\u2019assenza dell\u2019insegnante si \u00e8 verificato da pochi giorni, precisamente dal 21 Novembre, giorno previsto per la presa di servizio del docente sulla nuova cattedra a questi assegnata in quanto vincitore del concorso straordinario. <\/span><span class=\"ContentPasted0\">Appena saputo della nomina, io e i miei collaboratori ci siamo subito attivati per trovare una soluzione che per\u00f2 non poteva, e non pu\u00f2, avere risoluzione immediata perch\u00e9 ogni volta che una cattedra risulta libera servono dei tempi tecnici per l\u2019individuazione del docente che la ricoprir\u00e0 (scorrimento di una graduatoria provinciale con chiamata dei docenti che hanno il diritto di valutare l\u2019opportunit\u00e0 di accettare o meno il nuovo incarico e, se non ce ne sono di disponibili, verifica delle graduatorie di istituto e degli istituti viciniori e poi ancora consultazione delle messe a disposizione ed infine interpello a livello nazionale presso altri uffici scolastici provinciali): fin da subito comunque l\u2019Ufficio scolastico provinciale si \u00e8 attivato per la parte di sua competenza. <\/span><span class=\"ContentPasted0\">L&#8217;individuazione e l\u2019assegnazione del ruolo a migliaia di docenti \u00e8 una risposta importante al precariato nella scuola e questo \u00e8 un dato di fatto molto positivo anche se la tempistica sta creando qualche problema. <\/span><span class=\"ContentPasted0\">Tutto questo, ai ragazzi, \u00e8 stato spiegato ed \u00e8 stato chiesto loro di avere pazienza e fiducia in chi stava intervenendo, ma constato con rammarico che evidentemente non \u00e8 bastato.<\/span><\/p>\n<p dir=\"ltr\"><strong>Il dirigente scolastico<\/strong><\/p>\n<\/div>\n<div class=\"elementToProof\"><strong>prof. Claudio Magalini<\/strong><\/div>\n<\/div>\n<div><\/div>\n<div><\/div>\n<div><\/div>\n<div><strong>Ieri, la lettera<\/strong><\/div>\n<div>\n<p><strong>REDAZIONE<\/strong> Riceviamo e pubblichiamo una lettera aperta arrivata dalla <img loading=\"lazy\" decoding=\"async\" class=\"alignleft\" src=\"https:\/\/www.radiopiu.net\/wordpress\/wp-content\/uploads\/2022\/11\/th-15.jpg\" width=\"284\" height=\"91\" \/>classe quinta chimici dell&#8217;istituto Follador-De Rossi. Una classe preoccupata per la mancanza di un insegnate di tecnologia chimica industriale, materia fondamentale per il raggiungimento della maturit\u00e0.<\/p>\n<blockquote><p><em>A nome di tutta la classe quinta frequentante l\u2019istituto tecnico tecnologico indirizzo chimica e materiali presso l\u2019Istituto di Istruzione Superiore \u201cFollador &#8211; De Rossi\u201d di Agordo, vorrei porre alla Vostra attenzione la preoccupante situazione che si \u00e8 venuta a creare proprio in questi giorni. Attualmente la nostra classe \u00e8 senza il professore di \u201ctecnologia chimica industriale\u201d, a seguito dell\u2019assegnazione allo stesso della cattedra presso l\u2019Istituto di Istruzione Superiore \u201cTomaso Catullo\u201d di Belluno, con annesso passaggio di ruolo. L\u2019apprensione legata a questo evento nasce dal fatto che si tratta di una materia fondamentale del percorso formativo dell\u2019indirizzo, oltre ad essere molto probabilmente la disciplina sulla quale verter\u00e0 la seconda prova dell\u2019esame di Stato. Inoltre, vorremmo sottolineare che il professore si ritrova ora a dover coprire le ore d\u2019insegnamento su due Istituti distinti, mantenendo ad Agordo l\u2019istruzione di alcune classi dell\u2019indirizzo stesso. Per quanto riguarda l\u2019orario della nostra classe, per\u00f2, il professore \u00e8 impossibilitato a svolgere le lezioni in quanto occupato in altra sede. Ovviamente siamo fiduciosi che la situazione possa risolversi in tempi brevi, visto anche l\u2019interessamento dell\u2019Istituto \u201cU. Follador &#8211; A. De Rossi\u201d al riguardo. Tuttavia, riteniamo che queste decisioni prese a fine novembre da chi di competenza in Regione si ripercuotano in modo negativo sull\u2019apprendimento degli studenti, soprattutto di coloro che a fine anno devono sostenere l\u2019esame di maturit\u00e0.<\/em><\/p>\n<p><em>Classe 5^ chimico<\/em><\/p><\/blockquote>\n<p>&nbsp;<\/p>\n<\/div>\n<div><\/div>\n","protected":false},"excerpt":{"rendered":"<p>REDAZIONE Abbiamo pubblicato ieri la lettera degli studenti della quinta chimici al polo scolastico Follador-De Rossi di Agordo, riprendiamo oggi l&#8217;argomento con la replica del dirigente scolastico, il professor Claudio Magalini che pubblichiamo integralmente. &nbsp; Con riferimento alla lettera presentata dai ragazzi della classe 5^ dell&#8217;indirizzo chimico, sono molto stupito e amareggiato per il loro&hellip;<\/p>\n","protected":false},"author":4,"featured_media":309148,"comment_status":"closed","ping_status":"closed","sticky":false,"template":"","format":"standard","meta":{"_monsterinsights_skip_tracking":false,"_monsterinsights_sitenote_active":false,"_monsterinsights_sitenote_note":"","_monsterinsights_sitenote_category":0,"footnotes":""},"categories":[51,49],"tags":[],"class_list":["post-309147","post","type-post","status-publish","format-standard","has-post-thumbnail","hentry","category-evidenza-top","category-news-18","category-51","category-49","description-off"],"img_url":"https:\/\/www.radiopiu.net\/wordpress\/wp-content\/uploads\/2022\/11\/th-19.jpg","_links":{"self":[{"href":"https:\/\/www.radiopiu.net\/wordpress\/wp-json\/wp\/v2\/posts\/309147","targetHints":{"allow":["GET"]}}],"collection":[{"href":"https:\/\/www.radiopiu.net\/wordpress\/wp-json\/wp\/v2\/posts"}],"about":[{"href":"https:\/\/www.radiopiu.net\/wordpress\/wp-json\/wp\/v2\/types\/post"}],"author":[{"embeddable":true,"href":"https:\/\/www.radiopiu.net\/wordpress\/wp-json\/wp\/v2\/users\/4"}],"replies":[{"embeddable":true,"href":"https:\/\/www.radiopiu.net\/wordpress\/wp-json\/wp\/v2\/comments?post=309147"}],"version-history":[{"count":0,"href":"https:\/\/www.radiopiu.net\/wordpress\/wp-json\/wp\/v2\/posts\/309147\/revisions"}],"wp:featuredmedia":[{"embeddable":true,"href":"https:\/\/www.radiopiu.net\/wordpress\/wp-json\/wp\/v2\/media\/309148"}],"wp:attachment":[{"href":"https:\/\/www.radiopiu.net\/wordpress\/wp-json\/wp\/v2\/media?parent=309147"}],"wp:term":[{"taxonomy":"category","embeddable":true,"href":"https:\/\/www.radiopiu.net\/wordpress\/wp-json\/wp\/v2\/categories?post=309147"},{"taxonomy":"post_tag","embeddable":true,"href":"https:\/\/www.radiopiu.net\/wordpress\/wp-json\/wp\/v2\/tags?post=309147"}],"curies":[{"name":"wp","href":"https:\/\/api.w.org\/{rel}","templated":true}]}}