{"id":309164,"date":"2022-12-03T05:12:49","date_gmt":"2022-12-03T04:12:49","guid":{"rendered":"https:\/\/www.radiopiu.net\/wordpress\/?p=309164"},"modified":"2022-12-03T05:13:02","modified_gmt":"2022-12-03T04:13:02","slug":"ladri-in-casa-sentono-le-urla-e-se-la-danno-a-gambe-levate","status":"publish","type":"post","link":"https:\/\/www.radiopiu.net\/wordpress\/ladri-in-casa-sentono-le-urla-e-se-la-danno-a-gambe-levate\/","title":{"rendered":"LADRI IN CASA, SENTONO LE URLA E SE LA DANNO A GAMBE LEVATE"},"content":{"rendered":"<div><\/div>\n<div><strong>REDAZIONE<\/strong> La percezione di sicurezza finisce sotto i tacchi, ogni giorno ce n&#8217;\u00e8 una. Dopo la settimana di furti ad Agordo, terminata con il fermo di un giovane di 19 anni bloccato da Germano Moretti e Fabrizio Vigilante nei pressi della Fabbrica in Pedavena Valle Agordina e supermercato W Store in localit\u00e0 Le Campe, sono ripresi i furti in Valbelluna e nel feltrino e a tutt&#8217;oggi gli autori sono impuniti. Di pochi giorni fa i colpi a Lentiai (in una villetta) e Borgo Valbelluna (in un garage). Pi\u00f9 recentemente il nuovo tentativo di furto sempre a Lentiai. Solo tentato perch\u00e9 la &#8220;banda&#8221; \u00e8 stata scoperta dalla proprietaria di un&#8217;abitazione che dal piano superiore ha sentito dei rumori, ha subito capito che aveva gente indesiderata in casa, almeno tre persone. Uscita sul terrazzo ha iniziato a gridare mettendo i malviventi in fuga. Dall&#8217;abitazione non \u00e8 stato sottratto nemmeno i contanti del portafoglio trovato in casa.<\/div>\n<div><\/div>\n<blockquote>\n<div><\/div>\n<\/blockquote>\n<div><strong>NOTIZIARIO DEL 1 DICEMBRE 2022<\/strong><\/div>\n<blockquote>\n<h3>LADRI A FELTRE, I MALVIVENTI IN FUGA IN BICICLETTA E CON PREZIOSI IN ORO<\/h3>\n<h3 class=\"testoArticolo\"><em><img loading=\"lazy\" decoding=\"async\" class=\"alignleft\" src=\"https:\/\/www.radiopiu.net\/wordpress\/wp-content\/uploads\/2022\/12\/burglar-4194213__340.jpg\" width=\"221\" height=\"147\" \/>Dopo i furti a Pedavena, Lentiai e Borgo Valbelluna malviventi di nuovo in azione nel feltrino<\/em><\/h3>\n<\/blockquote>\n<p><strong>FELTRE<\/strong> Una storia che si ripete, con le stesse modalit\u00e0 di un anno fa. Ormai \u00e8 diventata una stagione, quella dei furti nelle abitazioni. Dopo un periodo di tregua i ladri sono tornati e con loro la paura di incontrarli dietro la porta di casa. Hanno colpito a Farra-Boscariz, sono riusciti ad entrare in una villetta in centro e in due garage. Indisturbati sono arrivati, indisturbati hanno compiuto l&#8217;azione ladresca e poi via con l&#8217;oro senza che nessuno li abbia notati. I Carabinieri indagano nella villetta messa a soqquadro e anche nei garage da dove sono sparite le biciclette di valore. I ladri non hanno agito di notte, ma nel corso del tardo pomeriggio\u00a0 attorno alle 18 approfittando dell&#8217;assenza dei proprietari.<\/p>\n<p>&nbsp;<\/p>\n<p>&nbsp;<\/p>\n<p>&nbsp;<\/p>\n<hr \/>\n<div class=\"testoArticolo\"><\/div>\n","protected":false},"excerpt":{"rendered":"<p>REDAZIONE La percezione di sicurezza finisce sotto i tacchi, ogni giorno ce n&#8217;\u00e8 una. Dopo la settimana di furti ad Agordo, terminata con il fermo di un giovane di 19 anni bloccato da Germano Moretti e Fabrizio Vigilante nei pressi della Fabbrica in Pedavena Valle Agordina e supermercato W Store in localit\u00e0 Le Campe, sono&hellip;<\/p>\n","protected":false},"author":4,"featured_media":309165,"comment_status":"closed","ping_status":"closed","sticky":false,"template":"","format":"standard","meta":{"_monsterinsights_skip_tracking":false,"_monsterinsights_sitenote_active":false,"_monsterinsights_sitenote_note":"","_monsterinsights_sitenote_category":0,"footnotes":""},"categories":[51,49],"tags":[],"class_list":["post-309164","post","type-post","status-publish","format-standard","has-post-thumbnail","hentry","category-evidenza-top","category-news-18","category-51","category-49","description-off"],"img_url":"https:\/\/www.radiopiu.net\/wordpress\/wp-content\/uploads\/2022\/12\/burglar-4194213__340.jpg","_links":{"self":[{"href":"https:\/\/www.radiopiu.net\/wordpress\/wp-json\/wp\/v2\/posts\/309164","targetHints":{"allow":["GET"]}}],"collection":[{"href":"https:\/\/www.radiopiu.net\/wordpress\/wp-json\/wp\/v2\/posts"}],"about":[{"href":"https:\/\/www.radiopiu.net\/wordpress\/wp-json\/wp\/v2\/types\/post"}],"author":[{"embeddable":true,"href":"https:\/\/www.radiopiu.net\/wordpress\/wp-json\/wp\/v2\/users\/4"}],"replies":[{"embeddable":true,"href":"https:\/\/www.radiopiu.net\/wordpress\/wp-json\/wp\/v2\/comments?post=309164"}],"version-history":[{"count":0,"href":"https:\/\/www.radiopiu.net\/wordpress\/wp-json\/wp\/v2\/posts\/309164\/revisions"}],"wp:featuredmedia":[{"embeddable":true,"href":"https:\/\/www.radiopiu.net\/wordpress\/wp-json\/wp\/v2\/media\/309165"}],"wp:attachment":[{"href":"https:\/\/www.radiopiu.net\/wordpress\/wp-json\/wp\/v2\/media?parent=309164"}],"wp:term":[{"taxonomy":"category","embeddable":true,"href":"https:\/\/www.radiopiu.net\/wordpress\/wp-json\/wp\/v2\/categories?post=309164"},{"taxonomy":"post_tag","embeddable":true,"href":"https:\/\/www.radiopiu.net\/wordpress\/wp-json\/wp\/v2\/tags?post=309164"}],"curies":[{"name":"wp","href":"https:\/\/api.w.org\/{rel}","templated":true}]}}