{"id":309269,"date":"2022-12-01T18:09:02","date_gmt":"2022-12-01T17:09:02","guid":{"rendered":"https:\/\/www.radiopiu.net\/wordpress\/?p=309269"},"modified":"2022-12-01T18:09:02","modified_gmt":"2022-12-01T17:09:02","slug":"cera-una-volta-giuseppe-garibaldi","status":"publish","type":"post","link":"https:\/\/www.radiopiu.net\/wordpress\/cera-una-volta-giuseppe-garibaldi\/","title":{"rendered":"C&#8217;ERA UNA VOLTA GIUSEPPE GARIBALDI&#8230;"},"content":{"rendered":"<p><strong><a href=\"https:\/\/www.radiopiu.net\/wordpress\/wp-content\/uploads\/2022\/12\/Giuseppe-Garibaldi-3000-3x2gty-56fd8ac53df78c7d9e043261.webp\"><img loading=\"lazy\" decoding=\"async\" class=\"wp-image-309274 alignleft\" src=\"https:\/\/www.radiopiu.net\/wordpress\/wp-content\/uploads\/2022\/12\/Giuseppe-Garibaldi-3000-3x2gty-56fd8ac53df78c7d9e043261-300x207.webp\" alt=\"\" width=\"180\" height=\"124\" srcset=\"https:\/\/www.radiopiu.net\/wordpress\/wp-content\/uploads\/2022\/12\/Giuseppe-Garibaldi-3000-3x2gty-56fd8ac53df78c7d9e043261-300x207.webp 300w, https:\/\/www.radiopiu.net\/wordpress\/wp-content\/uploads\/2022\/12\/Giuseppe-Garibaldi-3000-3x2gty-56fd8ac53df78c7d9e043261-1024x705.webp 1024w, https:\/\/www.radiopiu.net\/wordpress\/wp-content\/uploads\/2022\/12\/Giuseppe-Garibaldi-3000-3x2gty-56fd8ac53df78c7d9e043261-768x529.webp 768w, https:\/\/www.radiopiu.net\/wordpress\/wp-content\/uploads\/2022\/12\/Giuseppe-Garibaldi-3000-3x2gty-56fd8ac53df78c7d9e043261.webp 1500w\" sizes=\"auto, (max-width: 180px) 100vw, 180px\" \/><\/a>AGORDO<\/strong> Un nostro fedelissimo della RADIOPIU&#8217;\u00a0 \u00a0l&#8217;ha domanda se l&#8217;\u00e8 posta <em>&#8220;Non l&#8217;avranno mica rimandato a Caprera*?&#8221;. <\/em>Infatti, sulla parete del Bar che guarda il Broi c&#8217;era una volta il ritratto di un certo Cecchinato, il pittore amico di Vico Calabr\u00f2 e la storia racconta quanto il compianto Toni Guadagnini si fosse prodigato\u00a0 tanto\u00a0 per la lapide (che fortunatamente non \u00e8 stata ridipinta) che per il ritratto. Purtroppo il ritratto di Garibaldi non c&#8217;\u00e8 pi\u00f9, anzi c&#8217;\u00e8 ma sotto una mano o pi\u00f9 di intonaco. La cosa non \u00e8 passata inosservata, probabilmente nemmeno agli occhi dei consiglieri comunali di ieri e di oggi e di quantI\u00a0 come noi hanno ammirato a lungo quello che fu un capolavoro.<\/p>\n<p><em>*Caprera dove l\u2019eroe dei due mondi visse i suoi ultimi anni dedicandosi all\u2019agricoltura, ma continuando anche a fare politica. <span id=\"urn:local-text-annotation-ye1e8cqh9ebrsjh1amf5r2rhw3gewcrf\" class=\"textannotation disambiguated wl-person\">Giuseppe Garibaldi<\/span> fu mandato in esilio a Caprera dopo le sue innumerevoli battaglie per la libert\u00e0. Detta in altro modo,\u00a0 una sorta di prigione imposta dal Re d\u2019Italia.<\/em><br \/>\n<em>\u00a0anche se di propriet\u00e0 dello stesso Garibaldi.<\/em><\/p>\n\n\t\t\t<style type='text\/css'>\n\t\t\t\t#gallery-1 {\n\t\t\t\t\tmargin: auto;\n\t\t\t\t}\n\t\t\t\t#gallery-1 .gallery-item {\n\t\t\t\t\tfloat: left;\n\t\t\t\t\tmargin-top: 10px;\n\t\t\t\t\ttext-align: center;\n\t\t\t\t\twidth: 33%;\n\t\t\t\t}\n\t\t\t\t#gallery-1 img {\n\t\t\t\t\tborder: 2px solid #cfcfcf;\n\t\t\t\t}\n\t\t\t\t#gallery-1 .gallery-caption {\n\t\t\t\t\tmargin-left: 0;\n\t\t\t\t}\n\t\t\t\t\/* see gallery_shortcode() in wp-includes\/media.php *\/\n\t\t\t<\/style>\n\t\t<div id='gallery-1' class='dt-gallery-container gallery galleryid-309269 gallery-columns-3 gallery-size-thumbnail'><dl class='gallery-item'>\n\t\t\t\t<dt class='gallery-icon portrait'>\n\t\t\t\t\t<a class=\"rollover rollover-zoom dt-pswp-item\" title=\"45db3cbd-1628-423f-a240-9c2b37256512\" data-dt-img-description=\"\" data-large_image_width=\"922\" data-large_image_height=\"2000\"href='https:\/\/www.radiopiu.net\/wordpress\/wp-content\/uploads\/2022\/12\/45db3cbd-1628-423f-a240-9c2b37256512.jpg'><img loading=\"lazy\" decoding=\"async\" width=\"150\" height=\"150\" src=\"https:\/\/www.radiopiu.net\/wordpress\/wp-content\/uploads\/2022\/12\/45db3cbd-1628-423f-a240-9c2b37256512-150x150.jpg\" class=\"attachment-thumbnail size-thumbnail\" alt=\"\" aria-describedby=\"gallery-1-309271\" \/><\/a>\n\t\t\t\t<\/dt>\n\t\t\t\t\t<dd class='wp-caption-text gallery-caption' id='gallery-1-309271'>\n\t\t\t\t\tOGGI\n\t\t\t\t\t<\/dd><\/dl><dl class='gallery-item'>\n\t\t\t\t<dt class='gallery-icon landscape'>\n\t\t\t\t\t<a class=\"rollover rollover-zoom dt-pswp-item\" title=\"164a4f3a-1726-4031-b486-6bd43c05c828\" data-dt-img-description=\"\" data-large_image_width=\"1600\" data-large_image_height=\"1066\"href='https:\/\/www.radiopiu.net\/wordpress\/wp-content\/uploads\/2022\/12\/164a4f3a-1726-4031-b486-6bd43c05c828.jpg'><img loading=\"lazy\" decoding=\"async\" width=\"150\" height=\"150\" src=\"https:\/\/www.radiopiu.net\/wordpress\/wp-content\/uploads\/2022\/12\/164a4f3a-1726-4031-b486-6bd43c05c828-150x150.jpg\" class=\"attachment-thumbnail size-thumbnail\" alt=\"\" aria-describedby=\"gallery-1-309272\" \/><\/a>\n\t\t\t\t<\/dt>\n\t\t\t\t\t<dd class='wp-caption-text gallery-caption' id='gallery-1-309272'>\n\t\t\t\t\tIERI, SI SCORGE IL DIPINTO\n\t\t\t\t\t<\/dd><\/dl><dl class='gallery-item'>\n\t\t\t\t<dt class='gallery-icon landscape'>\n\t\t\t\t\t<a class=\"rollover rollover-zoom dt-pswp-item\" title=\"fc78cc97-2ded-4cd2-9ed6-e4cd0d1c72b2\" data-dt-img-description=\"\" data-large_image_width=\"1600\" data-large_image_height=\"1200\"href='https:\/\/www.radiopiu.net\/wordpress\/wp-content\/uploads\/2022\/12\/fc78cc97-2ded-4cd2-9ed6-e4cd0d1c72b2.jpg'><img loading=\"lazy\" decoding=\"async\" width=\"150\" height=\"150\" src=\"https:\/\/www.radiopiu.net\/wordpress\/wp-content\/uploads\/2022\/12\/fc78cc97-2ded-4cd2-9ed6-e4cd0d1c72b2-150x150.jpg\" class=\"attachment-thumbnail size-thumbnail\" alt=\"\" \/><\/a>\n\t\t\t\t<\/dt><\/dl><br style=\"clear: both\" \/>\n\t\t\t<\/div>\n\n","protected":false},"excerpt":{"rendered":"<p>AGORDO Un nostro fedelissimo della RADIOPIU&#8217;\u00a0 \u00a0l&#8217;ha domanda se l&#8217;\u00e8 posta &#8220;Non l&#8217;avranno mica rimandato a Caprera*?&#8221;. Infatti, sulla parete del Bar che guarda il Broi c&#8217;era una volta il ritratto di un certo Cecchinato, il pittore amico di Vico Calabr\u00f2 e la storia racconta quanto il compianto Toni Guadagnini si fosse prodigato\u00a0 tanto\u00a0 per&hellip;<\/p>\n","protected":false},"author":4,"featured_media":309273,"comment_status":"closed","ping_status":"closed","sticky":false,"template":"","format":"standard","meta":{"_monsterinsights_skip_tracking":false,"_monsterinsights_sitenote_active":false,"_monsterinsights_sitenote_note":"","_monsterinsights_sitenote_category":0,"footnotes":""},"categories":[51,49],"tags":[],"class_list":["post-309269","post","type-post","status-publish","format-standard","has-post-thumbnail","hentry","category-evidenza-top","category-news-18","category-51","category-49","description-off"],"img_url":"https:\/\/www.radiopiu.net\/wordpress\/wp-content\/uploads\/2022\/12\/gar.jpg","_links":{"self":[{"href":"https:\/\/www.radiopiu.net\/wordpress\/wp-json\/wp\/v2\/posts\/309269","targetHints":{"allow":["GET"]}}],"collection":[{"href":"https:\/\/www.radiopiu.net\/wordpress\/wp-json\/wp\/v2\/posts"}],"about":[{"href":"https:\/\/www.radiopiu.net\/wordpress\/wp-json\/wp\/v2\/types\/post"}],"author":[{"embeddable":true,"href":"https:\/\/www.radiopiu.net\/wordpress\/wp-json\/wp\/v2\/users\/4"}],"replies":[{"embeddable":true,"href":"https:\/\/www.radiopiu.net\/wordpress\/wp-json\/wp\/v2\/comments?post=309269"}],"version-history":[{"count":0,"href":"https:\/\/www.radiopiu.net\/wordpress\/wp-json\/wp\/v2\/posts\/309269\/revisions"}],"wp:featuredmedia":[{"embeddable":true,"href":"https:\/\/www.radiopiu.net\/wordpress\/wp-json\/wp\/v2\/media\/309273"}],"wp:attachment":[{"href":"https:\/\/www.radiopiu.net\/wordpress\/wp-json\/wp\/v2\/media?parent=309269"}],"wp:term":[{"taxonomy":"category","embeddable":true,"href":"https:\/\/www.radiopiu.net\/wordpress\/wp-json\/wp\/v2\/categories?post=309269"},{"taxonomy":"post_tag","embeddable":true,"href":"https:\/\/www.radiopiu.net\/wordpress\/wp-json\/wp\/v2\/tags?post=309269"}],"curies":[{"name":"wp","href":"https:\/\/api.w.org\/{rel}","templated":true}]}}