{"id":309321,"date":"2022-12-03T05:53:16","date_gmt":"2022-12-03T04:53:16","guid":{"rendered":"https:\/\/www.radiopiu.net\/wordpress\/?p=309321"},"modified":"2022-12-03T07:38:34","modified_gmt":"2022-12-03T06:38:34","slug":"giornale-radiopiu-03-dicembre-2022-direttore-mirko-mezzacasa","status":"publish","type":"post","link":"https:\/\/www.radiopiu.net\/wordpress\/giornale-radiopiu-03-dicembre-2022-direttore-mirko-mezzacasa\/","title":{"rendered":"GIORNALE RADIOPIU 03 DICEMBRE 2022 DIRETTORE MIRKO MEZZACASA"},"content":{"rendered":"<h3 class=\"kvgmc6g5 cxmmr5t8 oygrvhab hcukyx3x c1et5uql\"><span style=\"color: #0000ff;\"><strong>RADIO PIU INFORMAZIONE il canale su TELEGRAM informazione di prima\u00a0 <\/strong><strong>mano e in tempo reale. iscriviti ed aiutaci a farlo conoscere\u00a0 \u00a0<\/strong><\/span><\/h3>\n<p>&nbsp;<\/p>\n<p>I CAPOLAVORO DI PIER ALDO VIGNAZIA\u00a0 (VIP)<\/p>\n<h3 class=\"kvgmc6g5 cxmmr5t8 oygrvhab hcukyx3x c1et5uql\"><span style=\"color: #0000ff;\"><strong> <a class=\"dt-pswp-item\" href=\"https:\/\/www.radiopiu.net\/wordpress\/wp-content\/uploads\/2022\/12\/bba40adf-6ffc-4be2-9a12-d128da9bd402.jpg\" data-dt-img-description=\"\" data-large_image_width=\"903\" data-large_image_height=\"896\"><img loading=\"lazy\" decoding=\"async\" class=\"size-medium wp-image-309560 aligncenter\" src=\"https:\/\/www.radiopiu.net\/wordpress\/wp-content\/uploads\/2022\/12\/bba40adf-6ffc-4be2-9a12-d128da9bd402-300x298.jpg\" alt=\"\" width=\"300\" height=\"298\" srcset=\"https:\/\/www.radiopiu.net\/wordpress\/wp-content\/uploads\/2022\/12\/bba40adf-6ffc-4be2-9a12-d128da9bd402-300x298.jpg 300w, https:\/\/www.radiopiu.net\/wordpress\/wp-content\/uploads\/2022\/12\/bba40adf-6ffc-4be2-9a12-d128da9bd402-150x150.jpg 150w, https:\/\/www.radiopiu.net\/wordpress\/wp-content\/uploads\/2022\/12\/bba40adf-6ffc-4be2-9a12-d128da9bd402-768x762.jpg 768w, https:\/\/www.radiopiu.net\/wordpress\/wp-content\/uploads\/2022\/12\/bba40adf-6ffc-4be2-9a12-d128da9bd402.jpg 903w\" sizes=\"auto, (max-width: 300px) 100vw, 300px\" \/><\/a><\/strong><\/span><\/h3>\n<blockquote>\n<h3><\/h3>\n<h3>LA SANTA BARBARA DEI PERITI MINERARI <span style=\"color: #ff0000;\">dalle 11 diretta sui canali facebook di RADIOPIU<\/span><\/h3>\n<\/blockquote>\n<p><strong>AGORDO<\/strong> I periti minerari\u00a0 dell&#8217;Apim si preparano a festeggiare la loro patrona, santa Barbara. L&#8217;appuntamento \u00e8 per oggi, con il ritrovo alle 9,45 nella chiesa arcidiaconale e poi alle 10 la celebrazione della messa, accompagnata dalla Schola cantorum di La Valle, diretta da Lucio De Cassan. Alle 11\u00a0 in sala &#8220;Don Tamis&#8221;,\u00a0 tradizionale cerimonia di consegna delle borse di studio agli studenti del Follador pi\u00f9 meritevoli.<\/p>\n<p><strong>di Gianni Santomaso<\/strong><\/p>\n<audio class=\"wp-audio-shortcode\" id=\"audio-309321-1\" preload=\"none\" style=\"width: 100%;\" controls=\"controls\"><source type=\"audio\/mpeg\" src=\"https:\/\/www.radiopiu.net\/wordpress\/wp-content\/uploads\/2022\/12\/GIANNI-SANTA-BARBARA-AGORDO-PERITI-MINERARI-1.mp3?_=1\" \/><a href=\"https:\/\/www.radiopiu.net\/wordpress\/wp-content\/uploads\/2022\/12\/GIANNI-SANTA-BARBARA-AGORDO-PERITI-MINERARI-1.mp3\">https:\/\/www.radiopiu.net\/wordpress\/wp-content\/uploads\/2022\/12\/GIANNI-SANTA-BARBARA-AGORDO-PERITI-MINERARI-1.mp3<\/a><\/audio>\n<p>&nbsp;<\/p>\n<p>&nbsp;<\/p>\n<p>&nbsp;<\/p>\n<blockquote>\n<h3>IL BARD A CENCENIGHE PER PARLARE DELLA LINGUA LADINA<span style=\"color: #ff0000;\"> dalle 18 diretta sui canali facebook di RADIOPIU<\/span><\/h3>\n<\/blockquote>\n<p><strong><a class=\"dt-pswp-item\" href=\"https:\/\/www.radiopiu.net\/wordpress\/wp-content\/uploads\/2021\/12\/BARD.png\" data-dt-img-description=\"\" data-large_image_width=\"452\" data-large_image_height=\"448\"><img loading=\"lazy\" decoding=\"async\" class=\" wp-image-247298 alignleft\" src=\"https:\/\/www.radiopiu.net\/wordpress\/wp-content\/uploads\/2021\/12\/BARD-300x297.png\" alt=\"\" width=\"142\" height=\"141\" srcset=\"https:\/\/www.radiopiu.net\/wordpress\/wp-content\/uploads\/2021\/12\/BARD-300x297.png 300w, https:\/\/www.radiopiu.net\/wordpress\/wp-content\/uploads\/2021\/12\/BARD-150x150.png 150w, https:\/\/www.radiopiu.net\/wordpress\/wp-content\/uploads\/2021\/12\/BARD.png 452w\" sizes=\"auto, (max-width: 142px) 100vw, 142px\" \/><\/a>CENCENIGHE<\/strong><\/p>\n<p>di Gianni Santomaso<\/p>\n<audio class=\"wp-audio-shortcode\" id=\"audio-309321-2\" preload=\"none\" style=\"width: 100%;\" controls=\"controls\"><source type=\"audio\/mpeg\" src=\"https:\/\/www.radiopiu.net\/wordpress\/wp-content\/uploads\/2022\/12\/GIANNI-BARD-A-CENCENIGHE-1.mp3?_=2\" \/><a href=\"https:\/\/www.radiopiu.net\/wordpress\/wp-content\/uploads\/2022\/12\/GIANNI-BARD-A-CENCENIGHE-1.mp3\">https:\/\/www.radiopiu.net\/wordpress\/wp-content\/uploads\/2022\/12\/GIANNI-BARD-A-CENCENIGHE-1.mp3<\/a><\/audio>\n<p>&nbsp;<\/p>\n<blockquote>\n<h3>OGGI ALLE 16 L&#8217;INAUGURAZIONE DELLA NUOVA FIORERIA DE TOFFOL, AD AGORDO IN VIA 27 APRILE. <span style=\"color: #ff0000;\">diretta sui canali facebook di RADIOPIU<\/span><\/h3>\n<\/blockquote>\n<p>&nbsp;<\/p>\n<hr \/>\n<p>&nbsp;<\/p>\n<blockquote>\n<h2>TRA GLI ARTICOLI PIU&#8217; CLICCATI DELLE ULTIME 48 ORE, PUBBLICATO VENERDI SERA<\/h2>\n<\/blockquote>\n<p>&nbsp;<\/p>\n<p><span style=\"color: #ff0000;\"><strong>FESTEGGIATI I 40 ANNI IN AZIENDA PER 27 DIPENDENTI ESSILORLUXOTTICA\u00a0<\/strong><\/span><\/p>\n<p>&nbsp;<\/p>\n<p>&nbsp;<\/p>\n<p><strong><a class=\"dt-pswp-item\" href=\"https:\/\/www.radiopiu.net\/wordpress\/wp-content\/uploads\/2022\/12\/3T4A5490-scaled.jpg\" data-dt-img-description=\"\" data-large_image_width=\"2560\" data-large_image_height=\"1707\"><img loading=\"lazy\" decoding=\"async\" class=\" wp-image-309314 aligncenter\" src=\"https:\/\/www.radiopiu.net\/wordpress\/wp-content\/uploads\/2022\/12\/3T4A5490-300x200.jpg\" alt=\"\" width=\"444\" height=\"296\" srcset=\"https:\/\/www.radiopiu.net\/wordpress\/wp-content\/uploads\/2022\/12\/3T4A5490-300x200.jpg 300w, https:\/\/www.radiopiu.net\/wordpress\/wp-content\/uploads\/2022\/12\/3T4A5490-1024x683.jpg 1024w, https:\/\/www.radiopiu.net\/wordpress\/wp-content\/uploads\/2022\/12\/3T4A5490-768x512.jpg 768w, https:\/\/www.radiopiu.net\/wordpress\/wp-content\/uploads\/2022\/12\/3T4A5490-1536x1024.jpg 1536w, https:\/\/www.radiopiu.net\/wordpress\/wp-content\/uploads\/2022\/12\/3T4A5490-2048x1365.jpg 2048w\" sizes=\"auto, (max-width: 444px) 100vw, 444px\" \/><\/a><\/strong><\/p>\n<p>&nbsp;<\/p>\n<p><strong>AGORDO <\/strong>Si \u00e8 tenuta oggi alla presenza di Francesco Milleri, Presidente e Amministratore Delegato e di Leonardo Maria Del Vecchio, Chief Strategy Officer di EssilorLuxottica la cerimonia dedicata ai dipendenti che hanno festeggiato i 40 anni in azienda. Quest\u2019anno si tratta di 27 lavoratori degli stabilimenti di Agordo, Sedico, Cencenighe e Barberini. L\u2019importante ricorrenza ha rafforzato il legame tra il Gruppo e le sue persone e a premiare coloro i quali hanno passato un\u2019intera vita lavorativa in azienda raggiungendo questo importante traguardo \u00e8 stato il Presidente Onorario di Luxottica Cav. Luigi Francavilla insieme a Giorgio Striano, Chief Operating Officer e Federico Buffa, R&amp;D, product and style Director.\u00a0 I riconoscimenti sono stati consegnati durante un pranzo con men\u00f9 speciale presso lo storico stabilimento di Agordo.<\/p>\n<p>I nomi dei dipendenti che hanno festeggiato i 40 anni: PAOLO BROTTO, FELICINO DECIMA, DIEGO DEL ZENERO, VANDA FACCIOTTO,\u00a0 LORELLA FONTANIVE,\u00a0 GIUSEPPINA FOSSEN,\u00a0 BRUNA FUSINA,\u00a0 LORIS GUIZZO,\u00a0 SANDRO LENA, MARIO PAGANIN, MORENA SCOLA, BRUNO SECCHI, TIZIANA SELLE, LILIANA SOPPELSA, MARIA ANGELA COSTA,\u00a0 GIANFRANCO DE DONA&#8217;,\u00a0 GRAZIELLA FAE&#8217;, ALDO FONTANIVE, SILVANO GANZ,\u00a0 ANNA SOPPELSA, EZIO BERTOLDI, DANIELA DE BERNARD, MARISA CASCINI, DARIO ERASMI, GIUSEPPE FERRETTI, GIANFRANCO DE LEONIBUS, PIERDOMENICO BALLARINI<\/p>\n<p>&nbsp;<\/p>\n<p>&nbsp;<\/p>\n<p>&nbsp;<\/p>\n<p>&nbsp;<\/p>\n<p>&nbsp;<\/p>\n<hr \/>\n<p>&nbsp;<\/p>\n<p><em>IL PONTE IN PROSSIMITA&#8217; DELLA PISCINA DI AGORDO E&#8217; CHIUSO, E LO SARA&#8217; FINO AL 7 DICEMBRE PER LAVORI. NESSUN PROBLEMA PER RAGGIUNGERE LA PISCINA, INFATTI, SI POTRA&#8217; PERCORRERE LA STRADA COMUNALE IN SINISTRA OROGRAFICA DEL TORRENTE ROVA, DIFRONTE AI CAMPI DA TENNIS. IN SENSO CONTRARIO ANCORA PIU&#8217; SEMPLICE L&#8217;INTERSEZIONE CON LA REGIONALE DEL DURAN (AGORDO-LA VALLE) E QUINDI DISCESA PER PONTE ROVA.<\/em><\/p>\n<p><a class=\"dt-pswp-item\" href=\"https:\/\/www.radiopiu.net\/wordpress\/wp-content\/uploads\/2022\/11\/40c7f37e-2f1c-4c85-8811-ef09d82428cd.jpg\" data-dt-img-description=\"\" data-large_image_width=\"960\" data-large_image_height=\"1280\"><img loading=\"lazy\" decoding=\"async\" class=\"size-medium wp-image-308789 aligncenter\" src=\"https:\/\/www.radiopiu.net\/wordpress\/wp-content\/uploads\/2022\/11\/40c7f37e-2f1c-4c85-8811-ef09d82428cd-225x300.jpg\" alt=\"\" width=\"225\" height=\"300\" srcset=\"https:\/\/www.radiopiu.net\/wordpress\/wp-content\/uploads\/2022\/11\/40c7f37e-2f1c-4c85-8811-ef09d82428cd-225x300.jpg 225w, https:\/\/www.radiopiu.net\/wordpress\/wp-content\/uploads\/2022\/11\/40c7f37e-2f1c-4c85-8811-ef09d82428cd-768x1024.jpg 768w, https:\/\/www.radiopiu.net\/wordpress\/wp-content\/uploads\/2022\/11\/40c7f37e-2f1c-4c85-8811-ef09d82428cd.jpg 960w\" sizes=\"auto, (max-width: 225px) 100vw, 225px\" \/><\/a><\/p>\n<p>&nbsp;<\/p>\n<p>&nbsp;<\/p>\n<hr \/>\n<p>&nbsp;<\/p>\n<blockquote>\n<h3>DI NUOVO POTABILE L&#8217;ACQUA A GOSALDO<\/h3>\n<\/blockquote>\n<p><strong>GOSALDO<\/strong> Gestione Servizi Pubblici informa che a GOSALDO nelle localit\u00e0 LE CASE, CURTI e INCASAL l&#8217;acqua erogata dall&#8217;acquedotto \u00e8 di nuovo potabile e pu\u00f2 essere usata, quindi, per scopi alimentari.<\/p>\n<p>&nbsp;<\/p>\n<blockquote>\n<h3>GSP INTERRUZIONI PROGRAMMATE<\/h3>\n<\/blockquote>\n<p><b>GOSALDO\u00a0 <\/b>Gestione Servizi Pubblici informa che, per lavori alla rete idrica comunale, lunedi\u00a0 5 dicembre\u00a0 dalle 8 a fine lavori, verr\u00e0 sospesa l\u2019erogazione dell\u2019acqua a\u00a0 nelle localit\u00e0 Bezzoi, Carrera, Ciet, Coda, Foch, Marchet, Masoch, Mele, Nadai, Nori, Pette, Piole, Sarasin, Stefanoi, Stuer, Titele e Zavat,<\/p>\n<p><strong>AGORDO\u00a0 <\/strong>Per lavori alla rete idrica comunale, lunedi e martedi\u00a0 dalle 8 alle 17 verr\u00e0 sospesa l\u2019erogazione dell\u2019acqua nelle localit\u00e0 Crostolin, Grave, Veran, Col di Foglia e nelle Vie Pragrande Paganini Molin dei Cot<\/p>\n<p>&nbsp;<\/p>\n<p>&nbsp;<\/p>\n<hr \/>\n<p>&nbsp;<\/p>\n<blockquote>\n<h3>LADRI IN CASA, SENTONO LE URLA E SE LA DANNO A GAMBE LEVATE<\/h3>\n<\/blockquote>\n<div>\n<h3 class=\"testoArticolo\"><em><img loading=\"lazy\" decoding=\"async\" class=\"alignleft\" src=\"https:\/\/www.radiopiu.net\/wordpress\/wp-content\/uploads\/2022\/12\/burglar-4194213__340.jpg\" width=\"221\" height=\"147\" \/><\/em><\/h3>\n<p><strong>REDAZIONE<\/strong> La percezione di sicurezza finisce sotto i tacchi, ogni giorno ce n&#8217;\u00e8 una. Dopo la settimana di furti ad Agordo, terminata con il fermo di un giovane di 19 anni bloccato da Germano Moretti e Fabrizio Vigilante nei pressi della Fabbrica in Pedavena Valle Agordina e supermercato W Store in localit\u00e0 Le Campe, sono ripresi i furti in Valbelluna e nel feltrino e a tutt&#8217;oggi gli autori sono impuniti. Di pochi giorni fa i colpi a Lentiai (in una villetta) e Borgo Valbelluna (in un garage). Pi\u00f9 recentemente il nuovo tentativo di furto sempre a Lentiai. Solo tentato perch\u00e9 la &#8220;banda&#8221; \u00e8 stata scoperta dalla proprietaria di un&#8217;abitazione che dal piano superiore ha sentito dei rumori, ha subito capito che aveva gente indesiderata in casa, almeno tre persone. Uscita sul terrazzo ha iniziato a gridare mettendo i malviventi in fuga. Dall&#8217;abitazione non \u00e8 stato sottratto nemmeno i contanti del portafoglio trovato in casa.<\/p>\n<\/div>\n<div><\/div>\n<div><\/div>\n<div>\n<hr \/>\n<\/div>\n<blockquote>\n<h3>\u00a0RAPINA AL MARKET DI PONTE NELLE ALPI, PRESI DUE MINORENNI<\/h3>\n<\/blockquote>\n<div><strong>OGGI SUL CORRIERE DELLE ALPI<\/strong><br \/>\n<strong>DI GIGI SOSSO\u00a0<\/strong><\/div>\n<div><\/div>\n<div><strong><a class=\"dt-pswp-item\" href=\"https:\/\/www.radiopiu.net\/wordpress\/wp-content\/uploads\/2022\/12\/Senza-nome-18.jpg\" data-dt-img-description=\"\" data-large_image_width=\"270\" data-large_image_height=\"238\"><img loading=\"lazy\" decoding=\"async\" class=\"size-full wp-image-309542 alignleft\" src=\"https:\/\/www.radiopiu.net\/wordpress\/wp-content\/uploads\/2022\/12\/Senza-nome-18.jpg\" alt=\"\" width=\"270\" height=\"238\" \/><\/a>PONTE NELLE ALPI <\/strong>Due arresti per la rapina di Ponte nelle Alpi. La Procura dei Minori di Venezia ha chiesto la misura cautelare per dei diciasettenni maghrebini di seconda generazione, uno di Borgo Valbelluna e l&#8217;altro di Alpago. Nelle perquisizioni eseguite nei giorni scorsi, la Squadra mobile della polizia ha trovato i necessari riscontri a immagini e testimonianze dirette, di conseguenza per entrambi ci sono almeno gravi indizi di reato. Il primo \u00e8 stato portato nel carcere minorile di Bologna ed \u00e8 difeso dall&#8217;avvocato bellunese Enrico Rech: sarebbe quello che la sera del 4 novembre ha chiesto l&#8217;incasso al negoziante Franco Ardivel e, di fronte al suo rifiuto, l&#8217;ha colpito con cinque coltellate al braccio sinistro e una testata sul naso. Il secondo \u00e8 in una comunit\u00e0 di Tessera, in provincia di Venezia e ha come difensore l&#8217;avvocato lagunare Carlo Costantini. \u00c8 accusato di aver minacciato l&#8217;amico del commerciante, Giorgio Rova con una pistola ad aria compressa puntata in mezzo agli occhi e di averlo colpito in un secondo momento con il calcio tra il mento e la bocca, rendendo necessaria l&#8217;applicazione di alcuni punti di sutura all&#8217;ospedale. Le ipotesi di reato contestate sono quelle di rapina pluriaggravata e lesioni aggravate, ma la seconda accusa potrebbe anche diventare quella pi\u00f9 grave di tentato omicidio.<\/div>\n<div><\/div>\n<div><\/div>\n<div><\/div>\n<div>\n<hr \/>\n<\/div>\n<blockquote>\n<h3>\u00a0PROFESSORE CINQUANTENNE DI CORTINA ARRESTATO PER STALKING ALL&#8217;AQUILA<\/h3>\n<\/blockquote>\n<div><\/div>\n<div><strong><a class=\"dt-pswp-item\" href=\"https:\/\/www.radiopiu.net\/wordpress\/wp-content\/uploads\/2022\/05\/POLIZIA-2.jpg\" data-dt-img-description=\"\" data-large_image_width=\"1920\" data-large_image_height=\"1080\"><img loading=\"lazy\" decoding=\"async\" class=\" wp-image-278033 alignleft\" src=\"https:\/\/www.radiopiu.net\/wordpress\/wp-content\/uploads\/2022\/05\/POLIZIA-2-300x169.jpg\" alt=\"\" width=\"218\" height=\"123\" srcset=\"https:\/\/www.radiopiu.net\/wordpress\/wp-content\/uploads\/2022\/05\/POLIZIA-2-300x169.jpg 300w, https:\/\/www.radiopiu.net\/wordpress\/wp-content\/uploads\/2022\/05\/POLIZIA-2-1024x576.jpg 1024w, https:\/\/www.radiopiu.net\/wordpress\/wp-content\/uploads\/2022\/05\/POLIZIA-2-768x432.jpg 768w, https:\/\/www.radiopiu.net\/wordpress\/wp-content\/uploads\/2022\/05\/POLIZIA-2-1536x864.jpg 1536w, https:\/\/www.radiopiu.net\/wordpress\/wp-content\/uploads\/2022\/05\/POLIZIA-2.jpg 1920w\" sizes=\"auto, (max-width: 218px) 100vw, 218px\" \/><\/a>CORTINA<\/strong><\/p>\n<div>S&#8217;\u00e8 fatto 700 chilometri per vedere la donna che lo ha attratto e lei, nel panico, ha avvisato le forze dell&#8217;ordine e lo ha fatto arrestare al Bar, luogo dell&#8217;appuntamento. G.M., insegnante a Cortina, si \u00e8 ritrovato dietro le sbarre con l&#8217;ipotesi di accusa di essere uno stalker. L&#8217;uomo aveva conosciuto la donna in facebook ed ha iniziato ad inviargli messaggi fino ad essere bloccato, ma non ha desistito. Quando\u00a0 la donna ha\u00a0 saputo che il prof.\u00a0 stava arrivando in Abruzzo, si \u00e8 rivolta alla polizia.\u00a0 Il giudice per le indagini preliminari del Tribunale dell&#8217;Aquila ha\u00a0 disposto la custodia cautelare in carcere e, contestualmente, il Questore dell&#8217;Aquila ha emesso foglio di via obbligatorio dal comune capoluogo, con divieto di ritorno.<strong><br \/>\n<\/strong><\/div>\n<div><\/div>\n<p>o.<\/p><\/div>\n<div><\/div>\n<div><\/div>\n<hr \/>\n<p>&nbsp;<\/p>\n<blockquote>\n<h3>TRUFFE AGLI ANZIANI, ANCHE QUANDO UN SOLO CASO E&#8217; DI TROPPO<\/h3>\n<\/blockquote>\n<p><strong><img loading=\"lazy\" decoding=\"async\" class=\"alignleft\" src=\"https:\/\/www.radiopiu.net\/wordpress\/wp-content\/uploads\/2022\/12\/d2999640-a531-4b91-83f0-ce1272cb1b09.jpg\" width=\"233\" height=\"155\" \/><\/strong><\/p>\n<p>&nbsp;<\/p>\n<p>&nbsp;<\/p>\n<p>&nbsp;<\/p>\n<p>&nbsp;<\/p>\n<p><strong>BELLUNO<\/strong><\/p>\n<p><strong>di\u00a0 MORENO GIOLI<\/strong><\/p>\n<audio class=\"wp-audio-shortcode\" id=\"audio-309321-3\" preload=\"none\" style=\"width: 100%;\" controls=\"controls\"><source type=\"audio\/mpeg\" src=\"https:\/\/www.radiopiu.net\/wordpress\/wp-content\/uploads\/2022\/12\/Opuscolo-truffe-anziani.mp3?_=3\" \/><a href=\"https:\/\/www.radiopiu.net\/wordpress\/wp-content\/uploads\/2022\/12\/Opuscolo-truffe-anziani.mp3\">https:\/\/www.radiopiu.net\/wordpress\/wp-content\/uploads\/2022\/12\/Opuscolo-truffe-anziani.mp3<\/a><\/audio>\n<p>&nbsp;<\/p>\n<p>&nbsp;<\/p>\n<p align=\"CENTER\"><span style=\"font-family: Times New Roman, serif;\"><span style=\"font-size: medium;\"><b>CARABINIERI BELLUNO. PRESENTATA LA CAMPAGNA DI PREVENZIONE CONTRO LE TRUFFE AGLI ANZIANI<\/b><\/span><\/span><\/p>\n<p align=\"JUSTIFY\"><span style=\"font-family: Times New Roman, serif;\"><span style=\"font-size: medium;\">Maria (<\/span><\/span><span style=\"font-family: Times New Roman, serif;\"><span style=\"font-size: medium;\"><i>nome di fantasia<\/i><\/span><\/span><span style=\"font-family: Times New Roman, serif;\"><span style=\"font-size: medium;\">) \u00e8 una gentile signora di 80 anni. Come ogni mattina, dopo essersi sistemata e aver rassettato la casa, si sta preparando per uscire a fare la spesa quando riceve una telefonata. \u201c<\/span><\/span><span style=\"font-family: Times New Roman, serif;\"><span style=\"font-size: medium;\"><i>Signora, suo nipote ha causato un incidente, sta bene, ma sono intervenuti i Carabinieri e lo hanno portato in Caserma. Purtroppo l\u2019incidente \u00e8 colpa di suo nipote, i danni sono tanti, e per risolvere questo problema bisogna pagare subito, dare del denaro alle altre persone coinvolte nell\u2019incidente, per evitare che suo nipote finisca nei guai. Potrebbe anche essere arrestato<\/i><\/span><\/span><span style=\"font-family: Times New Roman, serif;\"><span style=\"font-size: medium;\">\u201d. La signora Maria rimane senza fiato. Farebbe di tutto per suo nipote, ma non sa cosa fare. Poi ammette candidamente di non avere molti soldi in casa. Ma dall\u2019altra parte del telefono la soluzione \u00e8 facilmente trovata \u201c<\/span><\/span><span style=\"font-family: Times New Roman, serif;\"><span style=\"font-size: medium;\"><i>non si preoccupi, va bene quello che ha, se non ha contanti va bene anche qualche gioiello, oro, quello che pu\u00f2 signora<\/i><\/span><\/span><span style=\"font-family: Times New Roman, serif;\"><span style=\"font-size: medium;\">\u201d. Maria ancora pensa a suo nipote e a come aiutarlo, chiede \u201c<\/span><\/span><span style=\"font-family: Times New Roman, serif;\"><span style=\"font-size: medium;\"><i>cosa devo fare? Dove devo venire?<\/i><\/span><\/span><span style=\"font-family: Times New Roman, serif;\"><span style=\"font-size: medium;\">\u201d. Anche in questo caso la risposta \u00e8 tanto rapida quanto semplice \u201c<\/span><\/span><span style=\"font-family: Times New Roman, serif;\"><span style=\"font-size: medium;\"><i>non si preoccupi, passer\u00e0 qualcuno da lei<\/i><\/span><\/span><span style=\"font-family: Times New Roman, serif;\"><span style=\"font-size: medium;\">\u201d. La telefonata si chiude. Non passano che pochi minuti e una persona distinta, ben vestita, che parla un buon italiano, bussa alla porta. Con fare rassicurante conferma la versione del complice al telefono e Maria consegna in una busta tutto quello che ha in casa. E quando quella persona se ne va, i primi dubbi, il sospetto, e la telefonata a qualche parente, fino a scoprire di essere stata truffata.\u00a0\u00a0<\/span><\/span><\/p>\n<a href=\"https:\/\/www.radiopiu.net\/wordpress\/wp-content\/uploads\/2022\/12\/2022-Brochure-Truffe-ANZIANI-BL.pdf\" class=\"pdfemb-viewer\" style=\"\" data-width=\"max\" data-height=\"max\" data-toolbar=\"top\" data-toolbar-fixed=\"on\">2022 - Brochure - Truffe ANZIANI BL<\/a>\n<p>&nbsp;<\/p>\n<p>&nbsp;<\/p>\n<hr \/>\n<p>&nbsp;<\/p>\n<blockquote>\n<h2>OLTRE 100 OSSERVAZIONI AL PIANO DEGLI INTERVENTI DI FALCADE<\/h2>\n<\/blockquote>\n<p><a class=\"dt-pswp-item\" href=\"https:\/\/www.radiopiu.net\/wordpress\/wp-content\/uploads\/2021\/07\/mauro-salvaterra.jpg\" data-dt-img-description=\"MAURO SALVATERRA\" data-large_image_width=\"1563\" data-large_image_height=\"2243\"><img loading=\"lazy\" decoding=\"async\" class=\"wp-image-219404 alignleft\" src=\"https:\/\/www.radiopiu.net\/wordpress\/wp-content\/uploads\/2021\/07\/mauro-salvaterra-209x300.jpg\" alt=\"\" width=\"130\" height=\"187\" srcset=\"https:\/\/www.radiopiu.net\/wordpress\/wp-content\/uploads\/2021\/07\/mauro-salvaterra-209x300.jpg 209w, https:\/\/www.radiopiu.net\/wordpress\/wp-content\/uploads\/2021\/07\/mauro-salvaterra-714x1024.jpg 714w, https:\/\/www.radiopiu.net\/wordpress\/wp-content\/uploads\/2021\/07\/mauro-salvaterra-768x1102.jpg 768w, https:\/\/www.radiopiu.net\/wordpress\/wp-content\/uploads\/2021\/07\/mauro-salvaterra-1070x1536.jpg 1070w, https:\/\/www.radiopiu.net\/wordpress\/wp-content\/uploads\/2021\/07\/mauro-salvaterra-1427x2048.jpg 1427w, https:\/\/www.radiopiu.net\/wordpress\/wp-content\/uploads\/2021\/07\/mauro-salvaterra.jpg 1563w\" sizes=\"auto, (max-width: 130px) 100vw, 130px\" \/><\/a><strong>FALCADE<\/strong><\/p>\n<p>di Gianni Santomaso<\/p>\n<audio class=\"wp-audio-shortcode\" id=\"audio-309321-4\" preload=\"none\" style=\"width: 100%;\" controls=\"controls\"><source type=\"audio\/mpeg\" src=\"https:\/\/www.radiopiu.net\/wordpress\/wp-content\/uploads\/2022\/11\/GIANNI-OLTRE-100-OSSERVAZIONI-AL-PIANO-DEGLI-INTERVENTI-A-FALCADE.mp3?_=4\" \/><a href=\"https:\/\/www.radiopiu.net\/wordpress\/wp-content\/uploads\/2022\/11\/GIANNI-OLTRE-100-OSSERVAZIONI-AL-PIANO-DEGLI-INTERVENTI-A-FALCADE.mp3\">https:\/\/www.radiopiu.net\/wordpress\/wp-content\/uploads\/2022\/11\/GIANNI-OLTRE-100-OSSERVAZIONI-AL-PIANO-DEGLI-INTERVENTI-A-FALCADE.mp3<\/a><\/audio>\n<p>&nbsp;<\/p>\n<p>&nbsp;<\/p>\n<p>&nbsp;<\/p>\n<p>&nbsp;<\/p>\n<hr \/>\n<p>&nbsp;<\/p>\n<blockquote>\n<h3>IMPRONTE SULLA NEVE CON LA PROMO FALCADE, DAL 17 DICEMBRE<\/h3>\n<\/blockquote>\n<blockquote><p><em><span id=\"page3R_mcid152\" class=\"markedContent\"><span dir=\"ltr\" role=\"presentation\"><a class=\"dt-pswp-item\" href=\"https:\/\/www.radiopiu.net\/wordpress\/wp-content\/uploads\/2022\/12\/Senza-nome-12.jpg\" data-dt-img-description=\"\" data-large_image_width=\"363\" data-large_image_height=\"270\"><img loading=\"lazy\" decoding=\"async\" class=\" wp-image-309400 alignleft\" src=\"https:\/\/www.radiopiu.net\/wordpress\/wp-content\/uploads\/2022\/12\/Senza-nome-12-300x223.jpg\" alt=\"\" width=\"262\" height=\"195\" srcset=\"https:\/\/www.radiopiu.net\/wordpress\/wp-content\/uploads\/2022\/12\/Senza-nome-12-300x223.jpg 300w, https:\/\/www.radiopiu.net\/wordpress\/wp-content\/uploads\/2022\/12\/Senza-nome-12.jpg 363w\" sizes=\"auto, (max-width: 262px) 100vw, 262px\" \/><\/a>U<\/span><\/span><span id=\"page3R_mcid153\" class=\"markedContent\"><span dir=\"ltr\" role=\"presentation\">na<\/span><\/span><span id=\"page3R_mcid154\" class=\"markedContent\"> <span dir=\"ltr\" role=\"presentation\">mostra<\/span><\/span><span id=\"page3R_mcid155\" class=\"markedContent\"><span dir=\"ltr\" role=\"presentation\">&#8211;<\/span><\/span><span id=\"page3R_mcid156\" class=\"markedContent\"><span dir=\"ltr\" role=\"presentation\">itinerante<\/span><\/span><span id=\"page3R_mcid157\" class=\"markedContent\"> <span dir=\"ltr\" role=\"presentation\">q<\/span><\/span><span id=\"page3R_mcid158\" class=\"markedContent\"><span dir=\"ltr\" role=\"presentation\">uindi<\/span><\/span><span id=\"page3R_mcid159\" class=\"markedContent\"><\/span><span id=\"page3R_mcid160\" class=\"markedContent\"> <span dir=\"ltr\" role=\"presentation\">con esposizion<\/span><\/span><span id=\"page3R_mcid161\" class=\"markedContent\"><span dir=\"ltr\" role=\"presentation\">e delle opere<\/span><\/span><span id=\"page3R_mcid162\" class=\"markedContent\"><\/span><span id=\"page3R_mcid163\" class=\"markedContent\"> <span dir=\"ltr\" role=\"presentation\">i<\/span><\/span><span id=\"page3R_mcid164\" class=\"markedContent\"><span dir=\"ltr\" role=\"presentation\">n vari luoghi pubblici<\/span><\/span><span id=\"page3R_mcid165\" class=\"markedContent\"><\/span><span id=\"page3R_mcid166\" class=\"markedContent\"> <span dir=\"ltr\" role=\"presentation\">o privati<\/span><\/span><span id=\"page3R_mcid167\" class=\"markedContent\"><\/span><span id=\"page3R_mcid168\" class=\"markedContent\"><br role=\"presentation\" \/><span dir=\"ltr\" role=\"presentation\">del<\/span><\/span><span id=\"page3R_mcid169\" class=\"markedContent\"><span dir=\"ltr\" role=\"presentation\">la Val del Biois<\/span><\/span><\/em><\/p><\/blockquote>\n<p><strong>FALCADE<\/strong> Dal 17 dicembre <span id=\"page3R_mcid33\" class=\"markedContent\"><span dir=\"ltr\" role=\"presentation\">mostra d\u2019arte contemporanea<\/span><\/span><span id=\"page3R_mcid34\" class=\"markedContent\"><\/span><span id=\"page3R_mcid35\" class=\"markedContent\"> <span dir=\"ltr\" role=\"presentation\">itinera<\/span><\/span><span id=\"page3R_mcid36\" class=\"markedContent\"><span dir=\"ltr\" role=\"presentation\">n<\/span><\/span><span id=\"page3R_mcid37\" class=\"markedContent\"><span dir=\"ltr\" role=\"presentation\">te<\/span><\/span><span id=\"page3R_mcid38\" class=\"markedContent\"><\/span><span id=\"page3R_mcid39\" class=\"markedContent\"> <span dir=\"ltr\" role=\"presentation\">denominat<\/span><\/span><span id=\"page3R_mcid40\" class=\"markedContent\"><span dir=\"ltr\" role=\"presentation\">a Impronte sulla neve. <\/span><\/span><span id=\"page3R_mcid48\" class=\"markedContent\"><span dir=\"ltr\" role=\"presentation\">L\u2019esposizione<\/span><\/span><span id=\"page3R_mcid49\" class=\"markedContent\"><\/span><span id=\"page3R_mcid50\" class=\"markedContent\"> <span dir=\"ltr\" role=\"presentation\">rientra nel progetto<\/span><\/span><span id=\"page3R_mcid51\" class=\"markedContent\"> <span dir=\"ltr\" role=\"presentation\">\u201cL\u2019Arte Non Si Ferma\u201d dell\u2019Associazione ArteMETA\u00a0 <\/span><\/span><span id=\"page3R_mcid52\" class=\"markedContent\"><span dir=\"ltr\" role=\"presentation\">che ha ottenuto il Patrocinio dell\u2019Accademia di Belle Arti di Brera di Milano. <\/span><\/span><span id=\"page3R_mcid56\" class=\"markedContent\"><span dir=\"ltr\" role=\"presentation\">La mostra<\/span><\/span><span id=\"page3R_mcid57\" class=\"markedContent\"><span dir=\"ltr\" role=\"presentation\">,<\/span><\/span><span id=\"page3R_mcid58\" class=\"markedContent\"><\/span><span id=\"page3R_mcid59\" class=\"markedContent\"> <span dir=\"ltr\" role=\"presentation\">con la direzione artistica del professor Angelo Antonio Falmi<\/span><\/span><span id=\"page3R_mcid60\" class=\"markedContent\"><span dir=\"ltr\" role=\"presentation\">,<\/span><\/span><span id=\"page3R_mcid61\" class=\"markedContent\"><\/span><span id=\"page3R_mcid62\" class=\"markedContent\"> <span dir=\"ltr\" role=\"presentation\">si compone di<\/span><\/span><span id=\"page3R_mcid63\" class=\"markedContent\"><\/span><span id=\"page3R_mcid64\" class=\"markedContent\"> <span dir=\"ltr\" role=\"presentation\">pi\u00f9 di 45 <\/span><\/span><span id=\"page3R_mcid65\" class=\"markedContent\"><span dir=\"ltr\" role=\"presentation\">opere realizzate da artisti<\/span><\/span><span id=\"page3R_mcid66\" class=\"markedContent\"><\/span><span id=\"page3R_mcid67\" class=\"markedContent\"> <span dir=\"ltr\" role=\"presentation\">e<\/span><\/span><span id=\"page3R_mcid68\" class=\"markedContent\"><\/span><span id=\"page3R_mcid69\" class=\"markedContent\"> <span dir=\"ltr\" role=\"presentation\">allievi ed ex allievi del Dipartimento di Arti Visive dell\u2019Accademia<\/span><\/span><span id=\"page3R_mcid70\" class=\"markedContent\"><br role=\"presentation\" \/><span dir=\"ltr\" role=\"presentation\">di Brera di Milano<\/span><\/span><span id=\"page3R_mcid71\" class=\"markedContent\"> <span dir=\"ltr\" role=\"presentation\">&#8211;<\/span><\/span><span id=\"page3R_mcid72\" class=\"markedContent\"><\/span><span id=\"page3R_mcid73\" class=\"markedContent\"> <span dir=\"ltr\" role=\"presentation\">corso di Tecniche Pittoriche e di Pittura dei proff. Carlo Pizzichini e <\/span><\/span><span id=\"page3R_mcid74\" class=\"markedContent\"><span dir=\"ltr\" role=\"presentation\">Alberto Reggianini. <\/span><\/span><span id=\"page3R_mcid77\" class=\"markedContent\"><span dir=\"ltr\" role=\"presentation\">Le opere realizzate<\/span><\/span><span id=\"page3R_mcid78\" class=\"markedContent\"><\/span><span id=\"page3R_mcid79\" class=\"markedContent\"> <span dir=\"ltr\" role=\"presentation\">in varie mi<\/span><\/span><span id=\"page3R_mcid80\" class=\"markedContent\"><span dir=\"ltr\" role=\"presentation\">sure e<\/span><\/span><span id=\"page3R_mcid81\" class=\"markedContent\"><\/span><span id=\"page3R_mcid82\" class=\"markedContent\"> <span dir=\"ltr\" role=\"presentation\">con diverse tecniche pittoriche,<\/span><\/span><span id=\"page3R_mcid83\" class=\"markedContent\"> <span dir=\"ltr\" role=\"presentation\">matita,<\/span><\/span><span id=\"page3R_mcid84\" class=\"markedContent\"> <span dir=\"ltr\" role=\"presentation\">olio<\/span><\/span><span id=\"page3R_mcid85\" class=\"markedContent\"><\/span><span id=\"page3R_mcid86\" class=\"markedContent\"> <span dir=\"ltr\" role=\"presentation\">e tecniche <\/span><\/span><span id=\"page3R_mcid87\" class=\"markedContent\"><span dir=\"ltr\" role=\"presentation\">miste<\/span><\/span><span id=\"page3R_mcid88\" class=\"markedContent\"><span dir=\"ltr\" role=\"presentation\">,<\/span><\/span><span id=\"page3R_mcid89\" class=\"markedContent\"><\/span><span id=\"page3R_mcid90\" class=\"markedContent\"> <span dir=\"ltr\" role=\"presentation\">rappresentano e interpretano in modo originale<\/span><\/span><span id=\"page3R_mcid91\" class=\"markedContent\"> <span dir=\"ltr\" role=\"presentation\">personaggi, paesaggio e storia della <\/span><\/span><span id=\"page3R_mcid92\" class=\"markedContent\"><span dir=\"ltr\" role=\"presentation\">Val<\/span><\/span><span id=\"page3R_mcid93\" class=\"markedContent\"><\/span><span id=\"page3R_mcid94\" class=\"markedContent\"> <span dir=\"ltr\" role=\"presentation\">del Biois,<\/span><\/span><span id=\"page3R_mcid95\" class=\"markedContent\"> <span dir=\"ltr\" role=\"presentation\">attraverso la descrizione pittorica delle sue architetture (chiese<\/span><\/span><span id=\"page3R_mcid96\" class=\"markedContent\"><span dir=\"ltr\" role=\"presentation\">,<\/span><\/span><span id=\"page3R_mcid97\" class=\"markedContent\"> <span dir=\"ltr\" role=\"presentation\">tab<\/span><\/span><span id=\"page3R_mcid98\" class=\"markedContent\"><span dir=\"ltr\" role=\"presentation\">i\u00e0<\/span><\/span><span id=\"page3R_mcid99\" class=\"markedContent\"><span dir=\"ltr\" role=\"presentation\">,<\/span><\/span><span id=\"page3R_mcid100\" class=\"markedContent\"> <span dir=\"ltr\" role=\"presentation\">baite<\/span><\/span><span id=\"page3R_mcid101\" class=\"markedContent\"><span dir=\"ltr\" role=\"presentation\">). <\/span><\/span><span id=\"page3R_mcid102\" class=\"markedContent\"><span dir=\"ltr\" role=\"presentation\">In<\/span><\/span><span id=\"page3R_mcid103\" class=\"markedContent\"> <span dir=\"ltr\" role=\"presentation\">alcuni dipinti viene descritta per esempio la famosa \u201cDesmontegada<\/span><\/span><span id=\"page3R_mcid104\" class=\"markedContent\"><span dir=\"ltr\" role=\"presentation\">\u201d<\/span><\/span><span id=\"page3R_mcid105\" class=\"markedContent\"><span dir=\"ltr\" role=\"presentation\">,<\/span><\/span><span id=\"page3R_mcid106\" class=\"markedContent\"><\/span><span id=\"page3R_mcid107\" class=\"markedContent\"> <span dir=\"ltr\" role=\"presentation\">ovvero il ritorno del <\/span><\/span><span id=\"page3R_mcid108\" class=\"markedContent\"><span dir=\"ltr\" role=\"presentation\">bestiame dagli alpeggi verso il fondovalle<\/span><\/span><span id=\"page3R_mcid109\" class=\"markedContent\"><span dir=\"ltr\" role=\"presentation\">. <\/span><\/span><span id=\"page3R_mcid113\" class=\"markedContent\"><span dir=\"ltr\" role=\"presentation\">Le opere saranno esposte negli hotel<\/span><\/span><span id=\"page3R_mcid114\" class=\"markedContent\"><span dir=\"ltr\" role=\"presentation\">, nei rifugi, nei ristoranti<\/span><\/span><span id=\"page3R_mcid115\" class=\"markedContent\"><\/span><span id=\"page3R_mcid116\" class=\"markedContent\"> <span dir=\"ltr\" role=\"presentation\">e nelle attivit\u00e0 commerciali <\/span><\/span><span id=\"page3R_mcid117\" class=\"markedContent\"><span dir=\"ltr\" role=\"presentation\">della Val del Biois che hanno aderito di buon grado all\u2019iniziativa accettando di ospitare uno <\/span><\/span><span id=\"page3R_mcid118\" class=\"markedContent\"><span dir=\"ltr\" role=\"presentation\">o pi\u00f9 dipinti all\u2019interno del proprio locale.<\/span><\/span><span id=\"page3R_mcid119\" class=\"markedContent\"><\/span><span id=\"page3R_mcid120\" class=\"markedContent\"> <span dir=\"ltr\" role=\"presentation\">A<\/span><\/span><span id=\"page3R_mcid121\" class=\"markedContent\"><span dir=\"ltr\" role=\"presentation\">nche<\/span><\/span><span id=\"page3R_mcid122\" class=\"markedContent\"><\/span><span id=\"page3R_mcid123\" class=\"markedContent\"> <span dir=\"ltr\" role=\"presentation\">presso il MusAL<\/span><\/span><span id=\"page3R_mcid124\" class=\"markedContent\"><\/span><span id=\"page3R_mcid125\" class=\"markedContent\"> <span dir=\"ltr\" role=\"presentation\">a<\/span><\/span><span id=\"page3R_mcid126\" class=\"markedContent\"> <span dir=\"ltr\" role=\"presentation\">Canale d\u2019Agordo<\/span><\/span><span id=\"page3R_mcid127\" class=\"markedContent\"><span dir=\"ltr\" role=\"presentation\">,<\/span><\/span><span id=\"page3R_mcid128\" class=\"markedContent\"><\/span><span id=\"page3R_mcid129\" class=\"markedContent\"> <span dir=\"ltr\" role=\"presentation\">ci <\/span><\/span><span id=\"page3R_mcid130\" class=\"markedContent\"><span dir=\"ltr\" role=\"presentation\">saranno due dipinti del Beato Papa Luciani<\/span><\/span><span id=\"page3R_mcid131\" class=\"markedContent\"><span dir=\"ltr\" role=\"presentation\">.\u00a0<\/span><\/span><span id=\"page17R_mcid0\" class=\"markedContent\"><span dir=\"ltr\" role=\"presentation\">I<\/span><\/span><span id=\"page17R_mcid1\" class=\"markedContent\"> <span dir=\"ltr\" role=\"presentation\">vari<\/span><\/span><span id=\"page17R_mcid2\" class=\"markedContent\"> <span dir=\"ltr\" role=\"presentation\">punti espositivi sono stati <\/span><\/span><span id=\"page17R_mcid3\" class=\"markedContent\"><span dir=\"ltr\" role=\"presentation\">precisati<\/span><\/span><span id=\"page17R_mcid4\" class=\"markedContent\"> <span dir=\"ltr\" role=\"presentation\">in una piantina<\/span><\/span><span id=\"page17R_mcid5\" class=\"markedContent\"><\/span><span id=\"page17R_mcid6\" class=\"markedContent\"> <span dir=\"ltr\" role=\"presentation\">realizzata<\/span><\/span><span id=\"page17R_mcid7\" class=\"markedContent\"> <span dir=\"ltr\" role=\"presentation\">dagli artisti<\/span><\/span><span id=\"page17R_mcid8\" class=\"markedContent\"> <span dir=\"ltr\" role=\"presentation\">a <\/span><\/span><span id=\"page17R_mcid9\" class=\"markedContent\"><span dir=\"ltr\" role=\"presentation\">supporto di chi vorr\u00e0<\/span><\/span><span id=\"page17R_mcid10\" class=\"markedContent\"> <span dir=\"ltr\" role=\"presentation\">visitare l\u2019intera<\/span><\/span><span id=\"page17R_mcid11\" class=\"markedContent\"><\/span><span id=\"page17R_mcid12\" class=\"markedContent\"> <span dir=\"ltr\" role=\"presentation\">mostra<\/span><\/span><span id=\"page17R_mcid13\" class=\"markedContent\"><\/span><span id=\"page17R_mcid14\" class=\"markedContent\"> <span dir=\"ltr\" role=\"presentation\">itinerante.<\/span><\/span><\/p>\n<p>&nbsp;<\/p>\n<p>&nbsp;<\/p>\n<hr \/>\n<p>&nbsp;<\/p>\n<p>&nbsp;<\/p>\n<blockquote>\n<h3><span id=\"page3R_mcid70\" class=\"markedContent\"><span dir=\"ltr\" role=\"presentation\"><a class=\"dt-pswp-item\" href=\"https:\/\/www.radiopiu.net\/wordpress\/wp-content\/uploads\/2022\/12\/Senza-nome-11.jpg\" data-dt-img-description=\"\" data-large_image_width=\"237\" data-large_image_height=\"195\"><img loading=\"lazy\" decoding=\"async\" class=\" wp-image-309399 alignleft\" src=\"https:\/\/www.radiopiu.net\/wordpress\/wp-content\/uploads\/2022\/12\/Senza-nome-11.jpg\" alt=\"\" width=\"202\" height=\"166\" \/><\/a><\/span><\/span>DOPO LA REYER DEL BASKET IL VENEZIA DEL CALCIO IN RITIRO A FALCADE<\/h3>\n<\/blockquote>\n<p><strong>FALCADE<\/strong> Del ritiro del Venezia calcio, temporaneamente in serie B, se ne parla da un po&#8217; sotto al Focobon, ne ha accennato anche Antonella Schena preannunciando l&#8217;assemblea di Promo Falcade che si \u00e8 tenuta ieri sera. Sarebbe un bel colpo, senza dubbio, e Falcade con il nuovo impianto sportivo se lo merita. Nell&#8217;assemblea di ieri sera anche i prossimi eventi a Falcade, dall&#8217;accensione dell&#8217;albero al capodanno al Parco Giochi di Falcade, dai mercatini in Piazza ed a Caviola alla mostra itinierante degli allievi dell&#8217;Accademia di Brera. Nell&#8217;audio che serve l&#8217;intervento di ieri pomeriggio di Antonella Schena alla radio, LUNEDI ALLE 10.30 E ALLE 19 LO SPECIALE interverr\u00e0 anche Matteo Cagnati, presidente dello Sci Club Val Biois<\/p>\n<p><strong>di Mirko Mezzacasa<\/strong><\/p>\n<audio class=\"wp-audio-shortcode\" id=\"audio-309321-5\" preload=\"none\" style=\"width: 100%;\" controls=\"controls\"><source type=\"audio\/mpeg\" src=\"https:\/\/www.radiopiu.net\/wordpress\/wp-content\/uploads\/2022\/12\/antonella.mp3?_=5\" \/><a href=\"https:\/\/www.radiopiu.net\/wordpress\/wp-content\/uploads\/2022\/12\/antonella.mp3\">https:\/\/www.radiopiu.net\/wordpress\/wp-content\/uploads\/2022\/12\/antonella.mp3<\/a><\/audio>\n<p>&nbsp;<\/p>\n<p>&nbsp;<\/p>\n<hr \/>\n<p>&nbsp;<\/p>\n<p>&nbsp;<\/p>\n<blockquote>\n<h3>UNA SETTIMANA CARICA DI EVENTI TRA FALCADE E CAVIOLA<\/h3>\n<\/blockquote>\n<p><strong><a class=\"dt-pswp-item\" href=\"https:\/\/www.radiopiu.net\/wordpress\/wp-content\/uploads\/2021\/11\/250px-ChiesaFalcade.jpg\" data-dt-img-description=\"\" data-large_image_width=\"250\" data-large_image_height=\"188\"><img loading=\"lazy\" decoding=\"async\" class=\" wp-image-240437 alignleft\" src=\"https:\/\/www.radiopiu.net\/wordpress\/wp-content\/uploads\/2021\/11\/250px-ChiesaFalcade.jpg\" alt=\"\" width=\"144\" height=\"108\" \/><\/a>FALCADE<\/strong><\/p>\n<p>di Gianni Santomaso<\/p>\n<audio class=\"wp-audio-shortcode\" id=\"audio-309321-6\" preload=\"none\" style=\"width: 100%;\" controls=\"controls\"><source type=\"audio\/mpeg\" src=\"https:\/\/www.radiopiu.net\/wordpress\/wp-content\/uploads\/2022\/12\/GIANNI-EVENTI-A-FALCADE-E-CAVIOLA-1.mp3?_=6\" \/><a href=\"https:\/\/www.radiopiu.net\/wordpress\/wp-content\/uploads\/2022\/12\/GIANNI-EVENTI-A-FALCADE-E-CAVIOLA-1.mp3\">https:\/\/www.radiopiu.net\/wordpress\/wp-content\/uploads\/2022\/12\/GIANNI-EVENTI-A-FALCADE-E-CAVIOLA-1.mp3<\/a><\/audio>\n<p>&nbsp;<\/p>\n<p>&nbsp;<\/p>\n<hr \/>\n<p>&nbsp;<\/p>\n<blockquote>\n<h3>SEAM, TRASPORTO PUBBLICO E SERVIZIO CHE NON C&#8217;E&#8217;<\/h3>\n<\/blockquote>\n<p><em>A quanto pare, gli utili di bilancio contano di pi\u00f9 del servizio ai cittadini e degli autisti del settore.\u00a0<\/em><\/p>\n<p><strong><a class=\"dt-pswp-item\" href=\"https:\/\/www.radiopiu.net\/wordpress\/wp-content\/uploads\/2022\/12\/Senza-nome-14.jpg\" data-dt-img-description=\"\" data-large_image_width=\"108\" data-large_image_height=\"133\"><img loading=\"lazy\" decoding=\"async\" class=\"size-full wp-image-309405 alignleft\" src=\"https:\/\/www.radiopiu.net\/wordpress\/wp-content\/uploads\/2022\/12\/Senza-nome-14.jpg\" alt=\"\" width=\"108\" height=\"133\" \/><\/a>BELLUNO <em>&#8220;<\/em><\/strong><em>La politica, le aziende di trasporto pubblico hanno deciso di proseguire con la loro politica fallimentare: taglio del servizio. Meno corse, meno utenti, pi\u00f9 difficolt\u00e0 di costruire i turni, meno autisti, meno corse. Mancheranno gli skibus, il servizio per i pendolari, per gli studenti e per i cittadini&#8221;.<\/em> Lo dice e lo scrive Alessandra Fontana segretaria generale della Filt Cgil Belluno .\u00a0 <em>&#8220;Prendiamo atto\u00a0 continua.-\u00a0 che il servizio pubblico \u00e8 fallito. Un\u2019unica cortesia: la si finisca di addossare la responsabilit\u00e0 agli autisti che, per poco pi\u00f9 di 1000 euro svolgono questo lavoro e che chiedono solo qualche certezza sulla propria vita lavorativa e privata&#8221;.<\/em>\u00a0 Secondo la sindacalista la responsabilit\u00e0 \u00e8 esclusivamente in capo ai Comuni, che hanno deciso di non occuparsi pi\u00f9 dei propri cittadini e del servizio, rinunciando a contrattare, della Provincia che, malgrado le rassicurazioni, non ha alcun interesse a svolgere il proprio ruolo strategico di Ente di governo e di aziende di trasporto pubblico che hanno dimenticato la propria natura di servizio pubblico a fronte di politiche privatistiche di efficientamento e di business che, con i diritti, hanno ben poco da spartire.<\/p>\n<p>&nbsp;<\/p>\n<p>&nbsp;<\/p>\n<p>&nbsp;<\/p>\n<hr \/>\n<p>&nbsp;<\/p>\n<blockquote>\n<h3>PENSIONATI IN PIAZZA CONTRO LA LEGGE DI BILANCIO DEL GOVERNO MELONI<\/h3>\n<\/blockquote>\n<p><em>Il 16 dicembre sanno in piazza a Roma anche i pensionati dello Spi Cgil di Belluno.<\/em><\/p>\n<p><strong><a class=\"dt-pswp-item\" href=\"https:\/\/www.radiopiu.net\/wordpress\/wp-content\/uploads\/2019\/02\/Logo_Spi-CGIL-800x445.jpg\" data-dt-img-description=\"\" data-large_image_width=\"800\" data-large_image_height=\"445\"><img loading=\"lazy\" decoding=\"async\" class=\"wp-image-75538 alignleft\" src=\"https:\/\/www.radiopiu.net\/wordpress\/wp-content\/uploads\/2019\/02\/Logo_Spi-CGIL-800x445-300x167.jpg\" alt=\"\" width=\"199\" height=\"111\" srcset=\"https:\/\/www.radiopiu.net\/wordpress\/wp-content\/uploads\/2019\/02\/Logo_Spi-CGIL-800x445-300x167.jpg 300w, https:\/\/www.radiopiu.net\/wordpress\/wp-content\/uploads\/2019\/02\/Logo_Spi-CGIL-800x445-768x427.jpg 768w, https:\/\/www.radiopiu.net\/wordpress\/wp-content\/uploads\/2019\/02\/Logo_Spi-CGIL-800x445.jpg 800w\" sizes=\"auto, (max-width: 199px) 100vw, 199px\" \/><\/a>BELLUNO<\/strong> Lo Spi Cgil ha indetto una manifestazione nazionale a Roma, il 16 dicembre: \u201cIl governo taglia la rivalutazione delle pensioni, si accanisce contro uomini e donne che hanno lavorato duramente per una vita versando tutti i contributi e smonta una conquista del sindacato senza alcun confronto&#8221;, afferma il sindacato pensionati Cgil in una nota.\u00a0 In Provincia di Belluno saranno 8.771 gli assegni pensionistici penalizzati dal nuovo meccanismo di adeguamento economico. <em>&#8220;Non possiamo restare fermi di fronte a un grave e pesante attacco ai diritti di milioni di pensionati &#8211; prosegue lo Spi &#8211; e per questo il prossimo 16 dicembre saremo in piazza Santi Apostoli a Roma per manifestare tutto il nostro dissenso. La manifestazione nazionale del 16 dicembre \u00e8 da considerarsi solo l\u2019inizio di un lungo percorso di mobilitazione che si render\u00e0 necessario per respingere decisioni politiche che colpiscono cos\u00ec duramente milioni di pensionati e di persone anziane\u201d.<\/em><\/p>\n<p>&nbsp;<\/p>\n<p>&nbsp;<\/p>\n<p>&nbsp;<\/p>\n<hr \/>\n<p>&nbsp;<\/p>\n<blockquote>\n<h3>AUTOVELOX: IL GIUDICE RESPINGE UN RICORSO CHE ERA STATO ACCOLTO IN PRIMO GRADO<\/h3>\n<\/blockquote>\n<p><strong class=\"photoswipe-wrapper\"><a class=\"dt-pswp-item pspw-wrap-ready\" href=\"https:\/\/www.radiopiu.net\/wordpress\/wp-content\/uploads\/2022\/12\/autovelox-1.jpg\" data-dt-img-description=\"\" data-large_image_width=\"1217\" data-large_image_height=\"694\"><img loading=\"lazy\" decoding=\"async\" class=\" wp-image-309364 alignleft\" src=\"https:\/\/www.radiopiu.net\/wordpress\/wp-content\/uploads\/2022\/12\/autovelox-1-300x171.jpg\" sizes=\"auto, (max-width: 188px) 100vw, 188px\" srcset=\"https:\/\/www.radiopiu.net\/wordpress\/wp-content\/uploads\/2022\/12\/autovelox-1-300x171.jpg 300w, https:\/\/www.radiopiu.net\/wordpress\/wp-content\/uploads\/2022\/12\/autovelox-1-1024x584.jpg 1024w, https:\/\/www.radiopiu.net\/wordpress\/wp-content\/uploads\/2022\/12\/autovelox-1-768x438.jpg 768w, https:\/\/www.radiopiu.net\/wordpress\/wp-content\/uploads\/2022\/12\/autovelox-1.jpg 1217w\" alt=\"\" width=\"188\" height=\"107\" \/><\/a>BELLUNO<\/strong>\u00a0<em>\u201cNon andiamo indietro di molte settimane, era lo scorso 11 novembre 2022, quando la Suprema Corte di Cassazione, pronunciandosi ancora a nostro favore, annullava una sentenza sbagliata del Tribunale di Avellino, che aveva rigettato il ricorso di un cittadino, vinto in primo grado dal Giudice di Pace. Come avvenuto oggi per l\u2019autovelox di Levego e qualche mese fa per l\u2019autovelox di Quero Vas, il Tribunale di Belluno ha deciso che omologazione ed approvazione devono considerarsi procedure equivalenti e pertanto, le multe vanno pagate<\/em>\u201c. E\u2019 la considerazione dei legali del sito Altvelox dopo le decisioni prese ieri con la sentenza di secondo grado, ne abbiamo riferito nei notiziari odierni.\u00a0 Quindi Altvelox propone la lezione di storia tornando indietro di 20 anni\u00a0<em>\u201cDal 2001 sono state emesse a favore della omologazione ben 23 sentenze della Suprema Corte di Cassazione, 2 Sentenze della Corte Costituzionale, numerosissime dei Tribunali e persino una pesantissima del TAR Veneto che ha condannato il Comune di Padova al risarcimento per aver installato degli apparecchi privi di omologazione. Tutte queste sentenze condannano le varie Amministrazioni Pubbliche e annullano le sentenze dei Tribunali, obbligando l\u2019utilizzo solo di autovelox debitamente omologati e per tutti i misuratori elettronici spazio\/tempo usati per le infrazioni stradali\u201d.<\/em>\u00a0 Nonostante questo viene fatto notare come accada, come a Belluno, che un cittadino si veda respingere il ricorso gi\u00e0 accolto in primo grado dal Giudice di Pace, perch\u00e9 le Amministrazioni Comunali promuovono ( a spese del cittadino) ricorso ai Tribunali, trovando a volte il Giudice che non fonda la legge sulle pregresse Sentenze della Suprema Corte di Cassazione (organo giudicante superiore al Tribunale).\u00a0<em>\u201cRispettiamo sempre le sentenze \u2013 dicono i legali di Alvelox \u2013\u00a0 \u00e8 ovvio che il risultato di un parere avverso come quello di Belluno,\u00a0 sia un invito per il cittadino a mettersi da parte pagando la multa per evitare di spendere molti pi\u00f9 soldi per chiedere una giustizia alla Suprema Corte di Cassazione\u201d.\u00a0<\/em><\/p>\n<p>&nbsp;<\/p>\n<p>&nbsp;<\/p>\n<hr \/>\n<p>&nbsp;<\/p>\n<blockquote>\n<h3 class=\"entry-title\">PER LA SICUREZZA DEI PEDONI AGORDO INVESTE SUI DISSUASORI DI VELOCITA\u2019 DIGITALI<\/h3>\n<\/blockquote>\n<p class=\"photoswipe-wrapper\"><strong>AGORDO<\/strong>\u00a0 Dissuasori di velocit\u00e0 digitali, non autovelox. Il Comune di Agordo ha deciso, per la salvaguardia dei pedoni in primis, di investire sulla prevenzione con messaggi luminosi che invitino l\u2019automobilista a moderare la velocit\u00e0. Saranno installati a primavera in prossimit\u00e0 del centro, nelle\u00a0<a class=\"dt-pswp-item pspw-wrap-ready\" href=\"https:\/\/www.radiopiu.net\/wordpress\/wp-content\/uploads\/2022\/11\/CLAUDIO-SITO.jpg\" data-dt-img-description=\"\" data-large_image_width=\"960\" data-large_image_height=\"540\"><img loading=\"lazy\" decoding=\"async\" class=\"size-medium wp-image-308403 alignleft\" src=\"https:\/\/www.radiopiu.net\/wordpress\/wp-content\/uploads\/2022\/11\/CLAUDIO-SITO-300x169.jpg\" sizes=\"auto, (max-width: 300px) 100vw, 300px\" srcset=\"https:\/\/www.radiopiu.net\/wordpress\/wp-content\/uploads\/2022\/11\/CLAUDIO-SITO-300x169.jpg 300w, https:\/\/www.radiopiu.net\/wordpress\/wp-content\/uploads\/2022\/11\/CLAUDIO-SITO-768x432.jpg 768w, https:\/\/www.radiopiu.net\/wordpress\/wp-content\/uploads\/2022\/11\/CLAUDIO-SITO.jpg 960w\" alt=\"\" width=\"300\" height=\"169\" \/><\/a>zone a maggiore rischio lungo la regionale 203 agordina. Ne abbiamo parlato con l\u2019assessore al bilancio e attivit\u00e0 produttive Claudio Sito<\/p>\n<p>&nbsp;<\/p>\n<p>&nbsp;<\/p>\n<p>&nbsp;<\/p>\n<p>&nbsp;<\/p>\n<p><strong>AUDIO<\/strong><\/p>\n<audio class=\"wp-audio-shortcode\" id=\"audio-309321-7\" preload=\"none\" style=\"width: 100%;\" controls=\"controls\"><source type=\"audio\/mpeg\" src=\"https:\/\/www.radiopiu.net\/wordpress\/wp-content\/uploads\/2022\/12\/claudio-sito.mp3?_=7\" \/><a href=\"https:\/\/www.radiopiu.net\/wordpress\/wp-content\/uploads\/2022\/12\/claudio-sito.mp3\">https:\/\/www.radiopiu.net\/wordpress\/wp-content\/uploads\/2022\/12\/claudio-sito.mp3<\/a><\/audio>\n<p>&nbsp;<\/p>\n<hr \/>\n<p>&nbsp;<\/p>\n<p>&nbsp;<\/p>\n<blockquote>\n<h3>L&#8217;ISTITUTO FOLLADOR-DE ROSSI IN CIMA ALLA CLASSIFICA PROVINCIALE PER INDICE DI OCCUPABILITA&#8217;<\/h3>\n<\/blockquote>\n<p><strong><a class=\"dt-pswp-item\" href=\"https:\/\/www.radiopiu.net\/wordpress\/wp-content\/uploads\/2022\/03\/FOLLADOR-DE-ROSSI.jpg\" data-dt-img-description=\"\" data-large_image_width=\"950\" data-large_image_height=\"355\"><img loading=\"lazy\" decoding=\"async\" class=\"size-medium wp-image-263174 alignleft\" src=\"https:\/\/www.radiopiu.net\/wordpress\/wp-content\/uploads\/2022\/03\/FOLLADOR-DE-ROSSI-300x112.jpg\" alt=\"\" width=\"300\" height=\"112\" srcset=\"https:\/\/www.radiopiu.net\/wordpress\/wp-content\/uploads\/2022\/03\/FOLLADOR-DE-ROSSI-300x112.jpg 300w, https:\/\/www.radiopiu.net\/wordpress\/wp-content\/uploads\/2022\/03\/FOLLADOR-DE-ROSSI-768x287.jpg 768w, https:\/\/www.radiopiu.net\/wordpress\/wp-content\/uploads\/2022\/03\/FOLLADOR-DE-ROSSI.jpg 950w\" sizes=\"auto, (max-width: 300px) 100vw, 300px\" \/><\/a>AGORDO<\/strong> L\u2019Istituto Tecnico Tecnologico del Follador-De Rossi di Agordo in cima alla classifica provinciale per indice di occupabilit\u00e0. E\u2019 questo il responso del progetto Eduscopio sostenuto dalla Fondazione Agnelli, che si occupa di evidenziare in diversi ambiti l\u2019efficacia della proposta formativa delle scuole italiane. Il Follador-De Rossi di Agordo con il suo indirizzo Tecnico-Tecnologico (Geotecnico e Chimico) ha espresso il miglior dato, tra le scuole Tecniche della provincia di Belluno, per grado di occupabilit\u00e0 dei suoi diplomati. In altre parole, i ragazzi che escono dalla scuola agordina trovano lavoro con maggiore facilit\u00e0 sia nel settore specifico all\u2019interno del quale hanno studiato, ma anche in altri ambiti lavorativi, a testimonianza della qualit\u00e0 della preparazione tecnica offerta dal Follador-De Rossi. Un risultato prestigioso, riconosciuto da un ente autorevole, che gratifica per il lavoro svolto dalla scuola e incoraggia a proseguire per essere sempre all\u2019altezza del compito formativo ad essa affidato dalle famiglie.<\/p>\n<p>&nbsp;<\/p>\n<p>&nbsp;<\/p>\n<hr \/>\n<p>&nbsp;<\/p>\n<blockquote>\n<h3>SPORTELLO LINGUISTICO LADINO ATTIVO ANCHE A LIVINALLONGO<\/h3>\n<\/blockquote>\n<p><strong>LIVINALLONGO<\/strong><\/p>\n<p>di Lorenzo Soratroi<\/p>\n<audio class=\"wp-audio-shortcode\" id=\"audio-309321-8\" preload=\"none\" style=\"width: 100%;\" controls=\"controls\"><source type=\"audio\/mpeg\" src=\"https:\/\/www.radiopiu.net\/wordpress\/wp-content\/uploads\/2022\/12\/SORATROI-NUOVA-SEDE-PER-LISTITUTO-LADIN-CESA-DE-JAN.mp3?_=8\" \/><a href=\"https:\/\/www.radiopiu.net\/wordpress\/wp-content\/uploads\/2022\/12\/SORATROI-NUOVA-SEDE-PER-LISTITUTO-LADIN-CESA-DE-JAN.mp3\">https:\/\/www.radiopiu.net\/wordpress\/wp-content\/uploads\/2022\/12\/SORATROI-NUOVA-SEDE-PER-LISTITUTO-LADIN-CESA-DE-JAN.mp3<\/a><\/audio>\n<p>&nbsp;<\/p>\n\n\t\t\t<style type='text\/css'>\n\t\t\t\t#gallery-1 {\n\t\t\t\t\tmargin: auto;\n\t\t\t\t}\n\t\t\t\t#gallery-1 .gallery-item {\n\t\t\t\t\tfloat: left;\n\t\t\t\t\tmargin-top: 10px;\n\t\t\t\t\ttext-align: center;\n\t\t\t\t\twidth: 33%;\n\t\t\t\t}\n\t\t\t\t#gallery-1 img {\n\t\t\t\t\tborder: 2px solid #cfcfcf;\n\t\t\t\t}\n\t\t\t\t#gallery-1 .gallery-caption {\n\t\t\t\t\tmargin-left: 0;\n\t\t\t\t}\n\t\t\t\t\/* see gallery_shortcode() in wp-includes\/media.php *\/\n\t\t\t<\/style>\n\t\t<div id='gallery-1' class='dt-gallery-container gallery galleryid-309321 gallery-columns-3 gallery-size-thumbnail'><dl class='gallery-item'>\n\t\t\t\t<dt class='gallery-icon portrait'>\n\t\t\t\t\t<a class=\"rollover rollover-zoom dt-pswp-item\" title=\"sportel linguistich_1\" data-dt-img-description=\"\" data-large_image_width=\"1200\" data-large_image_height=\"1600\"href='https:\/\/www.radiopiu.net\/wordpress\/wp-content\/uploads\/2022\/12\/sportel-linguistich_1.jpg'><img loading=\"lazy\" decoding=\"async\" width=\"150\" height=\"150\" src=\"https:\/\/www.radiopiu.net\/wordpress\/wp-content\/uploads\/2022\/12\/sportel-linguistich_1-150x150.jpg\" class=\"attachment-thumbnail size-thumbnail\" alt=\"\" \/><\/a>\n\t\t\t\t<\/dt><\/dl><dl class='gallery-item'>\n\t\t\t\t<dt class='gallery-icon landscape'>\n\t\t\t\t\t<a class=\"rollover rollover-zoom dt-pswp-item\" title=\"sportel linguistich_2\" data-dt-img-description=\"\" data-large_image_width=\"960\" data-large_image_height=\"960\"href='https:\/\/www.radiopiu.net\/wordpress\/wp-content\/uploads\/2022\/12\/sportel-linguistich_2.jpg'><img loading=\"lazy\" decoding=\"async\" width=\"150\" height=\"150\" src=\"https:\/\/www.radiopiu.net\/wordpress\/wp-content\/uploads\/2022\/12\/sportel-linguistich_2-150x150.jpg\" class=\"attachment-thumbnail size-thumbnail\" alt=\"\" srcset=\"https:\/\/www.radiopiu.net\/wordpress\/wp-content\/uploads\/2022\/12\/sportel-linguistich_2-150x150.jpg 150w, https:\/\/www.radiopiu.net\/wordpress\/wp-content\/uploads\/2022\/12\/sportel-linguistich_2-300x300.jpg 300w, https:\/\/www.radiopiu.net\/wordpress\/wp-content\/uploads\/2022\/12\/sportel-linguistich_2-768x768.jpg 768w, https:\/\/www.radiopiu.net\/wordpress\/wp-content\/uploads\/2022\/12\/sportel-linguistich_2.jpg 960w\" sizes=\"auto, (max-width: 150px) 100vw, 150px\" \/><\/a>\n\t\t\t\t<\/dt><\/dl><dl class='gallery-item'>\n\t\t\t\t<dt class='gallery-icon landscape'>\n\t\t\t\t\t<a class=\"rollover rollover-zoom dt-pswp-item\" title=\"sportel linguistich_3\" data-dt-img-description=\"\" data-large_image_width=\"2048\" data-large_image_height=\"2048\"href='https:\/\/www.radiopiu.net\/wordpress\/wp-content\/uploads\/2022\/12\/sportel-linguistich_3.jpg'><img loading=\"lazy\" decoding=\"async\" width=\"150\" height=\"150\" src=\"https:\/\/www.radiopiu.net\/wordpress\/wp-content\/uploads\/2022\/12\/sportel-linguistich_3-150x150.jpg\" class=\"attachment-thumbnail size-thumbnail\" alt=\"\" srcset=\"https:\/\/www.radiopiu.net\/wordpress\/wp-content\/uploads\/2022\/12\/sportel-linguistich_3-150x150.jpg 150w, https:\/\/www.radiopiu.net\/wordpress\/wp-content\/uploads\/2022\/12\/sportel-linguistich_3-300x300.jpg 300w, https:\/\/www.radiopiu.net\/wordpress\/wp-content\/uploads\/2022\/12\/sportel-linguistich_3-1024x1024.jpg 1024w, https:\/\/www.radiopiu.net\/wordpress\/wp-content\/uploads\/2022\/12\/sportel-linguistich_3-768x768.jpg 768w, https:\/\/www.radiopiu.net\/wordpress\/wp-content\/uploads\/2022\/12\/sportel-linguistich_3-1536x1536.jpg 1536w, https:\/\/www.radiopiu.net\/wordpress\/wp-content\/uploads\/2022\/12\/sportel-linguistich_3.jpg 2048w\" sizes=\"auto, (max-width: 150px) 100vw, 150px\" \/><\/a>\n\t\t\t\t<\/dt><\/dl><br style=\"clear: both\" \/>\n\t\t\t<\/div>\n\n<p>&nbsp;<\/p>\n<p>&nbsp;<\/p>\n<p>&nbsp;<\/p>\n<hr \/>\n<p>&nbsp;<\/p>\n<blockquote>\n<h3>POCHI PAZIENTI ALL&#8217;ISTITUTO PIO XII DI MISURINA. LA DIRETTRICE SANITARIA ANNALISA COGO FA CHIAREZZA<\/h3>\n<\/blockquote>\n<p><strong><a class=\"dt-pswp-item\" href=\"https:\/\/www.radiopiu.net\/wordpress\/wp-content\/uploads\/2019\/09\/PIO-XI-MISURINA-300x200.jpeg\" data-dt-img-description=\"\" data-large_image_width=\"300\" data-large_image_height=\"200\"><img loading=\"lazy\" decoding=\"async\" class=\"size-medium wp-image-97057 alignleft\" src=\"https:\/\/www.radiopiu.net\/wordpress\/wp-content\/uploads\/2019\/09\/PIO-XI-MISURINA-300x200-300x200.jpeg\" alt=\"\" width=\"300\" height=\"200\" \/><\/a>MISURINA<\/strong> Una lettera aperta a firma della direttrice sanitaria della struttura di Misurina Annalisa Cogo. Viene confermato quanto pi\u00f9 volte esposto dalla Regione Veneto e dalla stessa propriet\u00e0, sugli scarsissimi numeri di pazienti.<\/p>\n<blockquote><p><em>E\u2019 necessario fare chiarezza relativamente alla chiusura dell\u2019Istituto Pio XII annunciata a fine settembre e prevista per il 31 dicembre 2022. Il basso numero di ricoveri in alcuni mesi dell\u2019anno e l\u2019incremento dei costi non rende al momento sostenibile l\u2019operativit\u00e0 della struttura. La Regione Veneto dopo gli interventi gi\u00e0 attuati nel 2019, quest\u2019anno ha messo in campo altre azioni finalizzate al sostegno dell\u2019Istituto: ampliamento dello spettro di patologie curabili in struttura con l\u2019avviamento del programma per bambini e ragazzi col deficit di attenzione e di apprendimento (ADHD), aggiornamento delle tariffe di rimborso delle prestazioni, inserimento dell\u2019Istituto Pio XII nel percorso diagnostico-assistenziale (PDTA) della Regione Veneto per l\u2019asma grave con la previsione di ricoveri di poche settimane per consentire lo stretto monitoraggio dei pazienti e l\u2019attivit\u00e0 educazionale sulla gestione dell\u2019asma. Queste attivit\u00e0 hanno per\u00f2 inevitabilmente tempi lunghi per essere efficaci e al momento non hanno ancora portato al numero di ricoveri auspicato e necessario per la copertura dei costi. Va anche precisato che non \u00e8 vero che da gennaio ad agosto c\u2019\u00e8 stato un solo paziente ricoverato. Infatti, in luglio e agosto ci sono stati mediamente 35 ricoveri giornalieri. \u201cUn solo paziente\u201d si riferiva alla numerosit\u00e0 dei lungo degenti cio\u00e8 dei pazienti che presso l\u2019Istituto trascorrono tutto l\u2019anno scolastico. Ad oggi, oltre alla lungodegente, sono ricoverati in struttura una decina di pazienti per ricoveri brevi. Alcuni di loro saranno dimessi oggi e altri arriveranno la prossima settimana e prevediamo di continuare cos\u00ec fino al 24 dicembre.<\/em><\/p>\n<p><em>Professoressa Annalisa Cogo<\/em><\/p><\/blockquote>\n<p>&nbsp;<\/p>\n<p>&nbsp;<\/p>\n<hr \/>\n<p>&nbsp;<\/p>\n<blockquote>\n<h3>SALARI PIU&#8217; ALTI, CRESCITA IN AZIENDA E MAGGIOR TEMPO LIBERO. L&#8217;ANALISI DELLA CISL SUL MONDO DEL LAVORO<\/h3>\n<\/blockquote>\n<p><strong><a class=\"dt-pswp-item\" href=\"https:\/\/www.radiopiu.net\/wordpress\/wp-content\/uploads\/2018\/05\/lavoro.jpg\" data-dt-img-description=\"\" data-large_image_width=\"1280\" data-large_image_height=\"720\"><img loading=\"lazy\" decoding=\"async\" class=\" wp-image-49672 alignleft\" src=\"https:\/\/www.radiopiu.net\/wordpress\/wp-content\/uploads\/2018\/05\/lavoro-300x169.jpg\" alt=\"\" width=\"247\" height=\"139\" srcset=\"https:\/\/www.radiopiu.net\/wordpress\/wp-content\/uploads\/2018\/05\/lavoro-300x169.jpg 300w, https:\/\/www.radiopiu.net\/wordpress\/wp-content\/uploads\/2018\/05\/lavoro-768x432.jpg 768w, https:\/\/www.radiopiu.net\/wordpress\/wp-content\/uploads\/2018\/05\/lavoro-1024x576.jpg 1024w, https:\/\/www.radiopiu.net\/wordpress\/wp-content\/uploads\/2018\/05\/lavoro.jpg 1280w\" sizes=\"auto, (max-width: 247px) 100vw, 247px\" \/><\/a>BELLUNO<\/strong><\/p>\n<p>di Moreno Gioli<\/p>\n<p><em>Intervista a Massimiliano Paglini, segretario della CISL Belluno-Treviso<\/em><\/p>\n<audio class=\"wp-audio-shortcode\" id=\"audio-309321-9\" preload=\"none\" style=\"width: 100%;\" controls=\"controls\"><source type=\"audio\/mpeg\" src=\"https:\/\/www.radiopiu.net\/wordpress\/wp-content\/uploads\/2022\/12\/analisi-lavoro-cisl.mp3?_=9\" \/><a href=\"https:\/\/www.radiopiu.net\/wordpress\/wp-content\/uploads\/2022\/12\/analisi-lavoro-cisl.mp3\">https:\/\/www.radiopiu.net\/wordpress\/wp-content\/uploads\/2022\/12\/analisi-lavoro-cisl.mp3<\/a><\/audio>\n<p>&nbsp;<\/p>\n<hr \/>\n<p>&nbsp;<\/p>\n<p>&nbsp;<\/p>\n<blockquote>\n<h3>CERTIFICATA LA PRESENZA DELLA LONTRA EUROPEA IN PROVINCIA DI BELLUNO<\/h3>\n<\/blockquote>\n<p><strong><a class=\"dt-pswp-item\" href=\"https:\/\/www.radiopiu.net\/wordpress\/wp-content\/uploads\/2022\/12\/conferenza-stampa-Lontra-scaled.jpg\" data-dt-img-description=\"\" data-large_image_width=\"2560\" data-large_image_height=\"1920\"><img loading=\"lazy\" decoding=\"async\" class=\" wp-image-309476 alignleft\" src=\"https:\/\/www.radiopiu.net\/wordpress\/wp-content\/uploads\/2022\/12\/conferenza-stampa-Lontra-300x225.jpg\" alt=\"\" width=\"195\" height=\"146\" srcset=\"https:\/\/www.radiopiu.net\/wordpress\/wp-content\/uploads\/2022\/12\/conferenza-stampa-Lontra-300x225.jpg 300w, https:\/\/www.radiopiu.net\/wordpress\/wp-content\/uploads\/2022\/12\/conferenza-stampa-Lontra-1024x768.jpg 1024w, https:\/\/www.radiopiu.net\/wordpress\/wp-content\/uploads\/2022\/12\/conferenza-stampa-Lontra-768x576.jpg 768w, https:\/\/www.radiopiu.net\/wordpress\/wp-content\/uploads\/2022\/12\/conferenza-stampa-Lontra-1536x1152.jpg 1536w, https:\/\/www.radiopiu.net\/wordpress\/wp-content\/uploads\/2022\/12\/conferenza-stampa-Lontra-2048x1536.jpg 2048w\" sizes=\"auto, (max-width: 195px) 100vw, 195px\" \/><\/a>BELLUNO<\/strong><\/p>\n<p>di Moreno Gioli<\/p>\n<audio class=\"wp-audio-shortcode\" id=\"audio-309321-10\" preload=\"none\" style=\"width: 100%;\" controls=\"controls\"><source type=\"audio\/mpeg\" src=\"https:\/\/www.radiopiu.net\/wordpress\/wp-content\/uploads\/2022\/12\/Lontra-in-Comelico.mp3?_=10\" \/><a href=\"https:\/\/www.radiopiu.net\/wordpress\/wp-content\/uploads\/2022\/12\/Lontra-in-Comelico.mp3\">https:\/\/www.radiopiu.net\/wordpress\/wp-content\/uploads\/2022\/12\/Lontra-in-Comelico.mp3<\/a><\/audio>\n<p>&nbsp;<\/p>\n<p>&nbsp;<\/p>\n<p>&nbsp;<\/p>\n<hr \/>\n<p>&nbsp;<\/p>\n<blockquote>\n<h3>IN PRIMAVERA I LAVORI ALLE FERRATE DELLA SCHIARA<\/h3>\n<\/blockquote>\n<p><strong>BELLUNO<\/strong> Stanziati altri 10 mila euro per l\u2019anello di ferrate della Schiara: entro l\u2019estate 2023 la Sperti sar\u00e0 messa in sicurezza e torner\u00e0 fruibile. Con il fondo si interverr\u00e0 anche sulla Berti e sulla Marmol.Secondo il quadro economico acquisito il 31 ottobre di quest\u2019anno, il costo complessivo dell\u2019operazione di ripristino \u00e8 di circa 133 mila euro, ma la cifra potrebbe essere abbattuta dall\u2019intervento, in termini di volontariato, dei soci del Cai. L\u2019Unione Montana Valbelluna nell\u2019ambito del progetto \u201cMiglioramento dell\u2019offerta turistica di alta montagna nelle aree di confine della provincia di <a class=\"dt-pswp-item\" href=\"https:\/\/www.radiopiu.net\/wordpress\/wp-content\/uploads\/2022\/12\/Senza-nome-13.jpg\" data-dt-img-description=\"\" data-large_image_width=\"423\" data-large_image_height=\"460\"><img loading=\"lazy\" decoding=\"async\" class=\" wp-image-309404 alignleft\" src=\"https:\/\/www.radiopiu.net\/wordpress\/wp-content\/uploads\/2022\/12\/Senza-nome-13-276x300.jpg\" alt=\"\" width=\"151\" height=\"164\" srcset=\"https:\/\/www.radiopiu.net\/wordpress\/wp-content\/uploads\/2022\/12\/Senza-nome-13-276x300.jpg 276w, https:\/\/www.radiopiu.net\/wordpress\/wp-content\/uploads\/2022\/12\/Senza-nome-13.jpg 423w\" sizes=\"auto, (max-width: 151px) 100vw, 151px\" \/><\/a>Belluno\u201d \u00e8 risultata destinataria di un contributo della Regione Veneto, a valere sul Fondo comuni di confine, di 78 mila euro; altri 5 mila euro arriveranno dall\u2019ente Parco, 5 mila euro dal Comune di Sedico e 20 mila da quello di Belluno. Con lo stesso gruzzolo si interverr\u00e0 anche in qualche punto della Berti e della Marmol dove, a causa di smottamenti ed eventi atmosferici violenti, \u00e8 saltato qualche chiodo. Le due vie sono tuttavia aperte e fruibili in sicurezza, hanno solo bisogno di piccole manutenzioni.<\/p>\n<p>&nbsp;<\/p>\n<p>&nbsp;<\/p>\n<p><strong>L&#8217;ASSESSORE AL TURISMO, PAOLO LUCIANI (foto)<\/strong><\/p>\n<audio class=\"wp-audio-shortcode\" id=\"audio-309321-11\" preload=\"none\" style=\"width: 100%;\" controls=\"controls\"><source type=\"audio\/mpeg\" src=\"https:\/\/www.radiopiu.net\/wordpress\/wp-content\/uploads\/2022\/12\/luciani.mp3?_=11\" \/><a href=\"https:\/\/www.radiopiu.net\/wordpress\/wp-content\/uploads\/2022\/12\/luciani.mp3\">https:\/\/www.radiopiu.net\/wordpress\/wp-content\/uploads\/2022\/12\/luciani.mp3<\/a><\/audio>\n<p>&nbsp;<\/p>\n<p>&nbsp;<\/p>\n<hr \/>\n<p>&nbsp;<\/p>\n<blockquote>\n<h3>LA BIBLIOTECA APRE ANCHE IL VENERDI POMERIGGIO<\/h3>\n<\/blockquote>\n<p><strong><a class=\"dt-pswp-item\" href=\"https:\/\/www.radiopiu.net\/wordpress\/wp-content\/uploads\/2020\/11\/biblioteca_migrazioni_dino_buzzati.jpg\" data-dt-img-description=\"\" data-large_image_width=\"600\" data-large_image_height=\"498\"><img loading=\"lazy\" decoding=\"async\" class=\"wp-image-171075 alignleft\" src=\"https:\/\/www.radiopiu.net\/wordpress\/wp-content\/uploads\/2020\/11\/biblioteca_migrazioni_dino_buzzati-300x249.jpg\" alt=\"\" width=\"163\" height=\"135\" srcset=\"https:\/\/www.radiopiu.net\/wordpress\/wp-content\/uploads\/2020\/11\/biblioteca_migrazioni_dino_buzzati-300x249.jpg 300w, https:\/\/www.radiopiu.net\/wordpress\/wp-content\/uploads\/2020\/11\/biblioteca_migrazioni_dino_buzzati.jpg 600w\" sizes=\"auto, (max-width: 163px) 100vw, 163px\" \/><\/a>BELLUNO<\/strong><\/p>\n<p>&nbsp;<\/p>\n<p>&nbsp;<\/p>\n<p><strong>AUDIO, ASSESSORE RAFFAELE ADDAMIANO<\/strong><\/p>\n<p>&nbsp;<\/p>\n<audio class=\"wp-audio-shortcode\" id=\"audio-309321-12\" preload=\"none\" style=\"width: 100%;\" controls=\"controls\"><source type=\"audio\/mpeg\" src=\"https:\/\/www.radiopiu.net\/wordpress\/wp-content\/uploads\/2022\/12\/ADDAMIANO.mp3?_=12\" \/><a href=\"https:\/\/www.radiopiu.net\/wordpress\/wp-content\/uploads\/2022\/12\/ADDAMIANO.mp3\">https:\/\/www.radiopiu.net\/wordpress\/wp-content\/uploads\/2022\/12\/ADDAMIANO.mp3<\/a><\/audio>\n<p>&nbsp;<\/p>\n<hr \/>\n<p>&nbsp;<\/p>\n<blockquote>\n<h3>\u201cAI MARGINI DEL PAESAGGIO\u201d, IL RECUPERO EDILIZIO CONSAPEVOLE NEI TERRITORI MONTANI<\/h3>\n<\/blockquote>\n<p><strong>BELLUNO<\/strong> \u201cAi margini del paesaggio. Strutture obsolete nei territori montani tra abbandono e recupero\u201d. Questo il tema del convegno che si \u00e8 tenuto ieri\u00a0 a Belluno. Un\u2019iniziativa organizzata dall\u2019Ordine degli architetti pianificatori, paesaggisti e conservatori di Belluno, in collaborazione con la Fondazione Dolomiti UNESCO, la Fondazione Architettura Belluno Dolomiti, la Provincia e il Comune di Belluno. Sotto la lente degli esperti, \u00e8 stato indagato il tema delle strutture obsolete, prendendo spunto dalla ricerca \u201cStrutture Obsolete e Paesaggi Eccezionali. Valori e disvalori nel paesaggio delle Dolomiti e nella gestione del Sito UNESCO\u201d conclusa nel 2018 dalla Rete funzionale del Paesaggio e delle Aree Protette della Fondazione Dolomiti UNESCO grazie al lavoro di coordinamento della Regione Friuli Venezia Giulia. Il convegno \u00e8 stato inaugurato alla presenza di Simone Deola, consigliere delegato all\u2019ambiente e alla cultura della Provincia di Belluno, che ha portato i saluti del presidente Roberto Padrin, da poche settimane anche vicepresidente della Fondazione Dolomiti UNESCO. Cosa si intende per strutture obsolete e abbandono? A chiunque frequenta le Dolomiti possono venire subito in mente diversi esempi: attrezzature per l\u2019escursionismo abbandonate, baracche, infrastrutture e impianti in disuso e, in generale, tutti quegli elementi che per qualche motivo \u201cstonano\u201d nel contesto in cui si trovano. Tuttavia la rimozione e il ripristino paesaggistico non sono l\u2019unica soluzione, a volte le strutture abbandonate possono essere rigenerate dando cos\u00ec impulso a nuove modalit\u00e0 di fruizione del territorio.<\/p>\n\n\t\t\t<style type='text\/css'>\n\t\t\t\t#gallery-2 {\n\t\t\t\t\tmargin: auto;\n\t\t\t\t}\n\t\t\t\t#gallery-2 .gallery-item {\n\t\t\t\t\tfloat: left;\n\t\t\t\t\tmargin-top: 10px;\n\t\t\t\t\ttext-align: center;\n\t\t\t\t\twidth: 50%;\n\t\t\t\t}\n\t\t\t\t#gallery-2 img {\n\t\t\t\t\tborder: 2px solid #cfcfcf;\n\t\t\t\t}\n\t\t\t\t#gallery-2 .gallery-caption {\n\t\t\t\t\tmargin-left: 0;\n\t\t\t\t}\n\t\t\t\t\/* see gallery_shortcode() in wp-includes\/media.php *\/\n\t\t\t<\/style>\n\t\t<div id='gallery-2' class='dt-gallery-container gallery galleryid-309321 gallery-columns-2 gallery-size-medium'><dl class='gallery-item'>\n\t\t\t\t<dt class='gallery-icon landscape'>\n\t\t\t\t\t<a class=\"rollover rollover-zoom dt-pswp-item\" title=\"ai margini del paesaggio\" data-dt-img-description=\"\" data-large_image_width=\"2000\" data-large_image_height=\"968\"href='https:\/\/www.radiopiu.net\/wordpress\/wp-content\/uploads\/2022\/12\/ai-margini-del-paesaggio.jpg'><img loading=\"lazy\" decoding=\"async\" width=\"300\" height=\"145\" src=\"https:\/\/www.radiopiu.net\/wordpress\/wp-content\/uploads\/2022\/12\/ai-margini-del-paesaggio-300x145.jpg\" class=\"attachment-medium size-medium\" alt=\"\" srcset=\"https:\/\/www.radiopiu.net\/wordpress\/wp-content\/uploads\/2022\/12\/ai-margini-del-paesaggio-300x145.jpg 300w, https:\/\/www.radiopiu.net\/wordpress\/wp-content\/uploads\/2022\/12\/ai-margini-del-paesaggio-1024x496.jpg 1024w, https:\/\/www.radiopiu.net\/wordpress\/wp-content\/uploads\/2022\/12\/ai-margini-del-paesaggio-768x372.jpg 768w, https:\/\/www.radiopiu.net\/wordpress\/wp-content\/uploads\/2022\/12\/ai-margini-del-paesaggio-1536x743.jpg 1536w, https:\/\/www.radiopiu.net\/wordpress\/wp-content\/uploads\/2022\/12\/ai-margini-del-paesaggio.jpg 2000w\" sizes=\"auto, (max-width: 300px) 100vw, 300px\" \/><\/a>\n\t\t\t\t<\/dt><\/dl><dl class='gallery-item'>\n\t\t\t\t<dt class='gallery-icon landscape'>\n\t\t\t\t\t<a class=\"rollover rollover-zoom dt-pswp-item\" title=\"Ai margini del paesaggio 2\" data-dt-img-description=\"\" data-large_image_width=\"2016\" data-large_image_height=\"1512\"href='https:\/\/www.radiopiu.net\/wordpress\/wp-content\/uploads\/2022\/12\/Ai-margini-del-paesaggio-2.jpg'><img loading=\"lazy\" decoding=\"async\" width=\"300\" height=\"225\" src=\"https:\/\/www.radiopiu.net\/wordpress\/wp-content\/uploads\/2022\/12\/Ai-margini-del-paesaggio-2-300x225.jpg\" class=\"attachment-medium size-medium\" alt=\"\" srcset=\"https:\/\/www.radiopiu.net\/wordpress\/wp-content\/uploads\/2022\/12\/Ai-margini-del-paesaggio-2-300x225.jpg 300w, https:\/\/www.radiopiu.net\/wordpress\/wp-content\/uploads\/2022\/12\/Ai-margini-del-paesaggio-2-1024x768.jpg 1024w, https:\/\/www.radiopiu.net\/wordpress\/wp-content\/uploads\/2022\/12\/Ai-margini-del-paesaggio-2-768x576.jpg 768w, https:\/\/www.radiopiu.net\/wordpress\/wp-content\/uploads\/2022\/12\/Ai-margini-del-paesaggio-2-1536x1152.jpg 1536w, https:\/\/www.radiopiu.net\/wordpress\/wp-content\/uploads\/2022\/12\/Ai-margini-del-paesaggio-2.jpg 2016w\" sizes=\"auto, (max-width: 300px) 100vw, 300px\" \/><\/a>\n\t\t\t\t<\/dt><\/dl><br style=\"clear: both\" \/>\n\t\t\t<\/div>\n\n<p>&nbsp;<\/p>\n<hr \/>\n<p>&nbsp;<\/p>\n<blockquote>\n<h3>NUOVI DEBATTERIZZATORI DELL&#8217;ACQUA A SEREN<\/h3>\n<\/blockquote>\n<p><a class=\"dt-pswp-item\" href=\"https:\/\/www.radiopiu.net\/wordpress\/wp-content\/uploads\/2022\/12\/Debatterizzatore_UV_Seren_1.jpg\" data-dt-img-description=\"\" data-large_image_width=\"1181\" data-large_image_height=\"886\"><img loading=\"lazy\" decoding=\"async\" class=\"wp-image-309407 alignleft\" src=\"https:\/\/www.radiopiu.net\/wordpress\/wp-content\/uploads\/2022\/12\/Debatterizzatore_UV_Seren_1-300x225.jpg\" alt=\"\" width=\"199\" height=\"149\" srcset=\"https:\/\/www.radiopiu.net\/wordpress\/wp-content\/uploads\/2022\/12\/Debatterizzatore_UV_Seren_1-300x225.jpg 300w, https:\/\/www.radiopiu.net\/wordpress\/wp-content\/uploads\/2022\/12\/Debatterizzatore_UV_Seren_1-1024x768.jpg 1024w, https:\/\/www.radiopiu.net\/wordpress\/wp-content\/uploads\/2022\/12\/Debatterizzatore_UV_Seren_1-768x576.jpg 768w, https:\/\/www.radiopiu.net\/wordpress\/wp-content\/uploads\/2022\/12\/Debatterizzatore_UV_Seren_1.jpg 1181w\" sizes=\"auto, (max-width: 199px) 100vw, 199px\" \/><\/a><strong>SEREN DEL GRAPPA\u00a0<\/strong> Prosegue\u00a0 l\u2019attivit\u00e0 di Bim Gsp per il potenziamento del processo di disinfezione dell\u2019acqua erogata in provincia di Belluno. Nei giorni scorsi, infatti, la societ\u00e0 ha provveduto ad installare due nuovi debatterizzatori a raggi ultravioletti nel serbatoio, denominato partitore, alimentato dalla sorgente Lavazz\u00e8 e a servizio di buona parte del comune di Seren del Grappa e delle frazioni di Tomo e Villaga di Feltre. Le nuove apparecchiature, dotate di lampade UV, sono state posate nelle due linee in uscita dall\u2019impianto che approvvigionano rispettivamente i serbatoi e le utenze di Tomo, Villaga, Rasai, Caupo e Seren capoluogo.\u00a0 <em>&#8220;Nel comune di Seren \u2013 spiega il Sindaco Dario Scopel &#8211; abbiamo complessivamente otto impianti di disinfezione a raggi ultravioletti. Sistemi assolutamente efficaci ed ecologici: rispetto all\u2019utilizzo di prodotti chimici a base di cloro, infatti, questa tipologia di trattamento mantiene inalterate le caratteristiche organolettiche dell\u2019acqua. Avendo una risorsa gi\u00e0 buona all\u2019origine nelle nostre sorgenti, \u00e8 la miglior garanzia di qualit\u00e0 che possiamo dare ai nostri cittadini che la utilizzano&#8221;.\u00a0<\/em><\/p>\n<p>&nbsp;<\/p>\n<p>&nbsp;<\/p>\n<hr \/>\n<p>&nbsp;<\/p>\n<blockquote>\n<h3>PONTE NELLE ALPI, CITTA&#8217; CHE LEGGE<\/h3>\n<\/blockquote>\n<h3><a class=\"dt-pswp-item\" href=\"https:\/\/www.radiopiu.net\/wordpress\/wp-content\/uploads\/2022\/12\/Biblioteca_civica_di_Ponte_nelle_Alpi.jpg\" data-dt-img-description=\"\" data-large_image_width=\"1024\" data-large_image_height=\"768\"><img loading=\"lazy\" decoding=\"async\" class=\"size-medium wp-image-309408 alignleft\" src=\"https:\/\/www.radiopiu.net\/wordpress\/wp-content\/uploads\/2022\/12\/Biblioteca_civica_di_Ponte_nelle_Alpi-300x225.jpg\" alt=\"\" width=\"300\" height=\"225\" srcset=\"https:\/\/www.radiopiu.net\/wordpress\/wp-content\/uploads\/2022\/12\/Biblioteca_civica_di_Ponte_nelle_Alpi-300x225.jpg 300w, https:\/\/www.radiopiu.net\/wordpress\/wp-content\/uploads\/2022\/12\/Biblioteca_civica_di_Ponte_nelle_Alpi-768x576.jpg 768w, https:\/\/www.radiopiu.net\/wordpress\/wp-content\/uploads\/2022\/12\/Biblioteca_civica_di_Ponte_nelle_Alpi.jpg 1024w\" sizes=\"auto, (max-width: 300px) 100vw, 300px\" \/><\/a><\/h3>\n<p><strong>PONTE NELLE ALPI<\/strong> Il \u201cCentro nazionale per il libro e la lettura\u201d e il Ministero della Cultura, d\u2019intesa con l\u2019Anci (Associazione Nazionale Comuni Italiani), hanno pubblicato il 17 novembre l\u2019elenco dei comuni che si sono meritati la speciale qualifica: fra cui, Ponte nelle Alpi. In questo senso, sono premiate le amministrazioni che si impegnano a svolgere con continuit\u00e0 politiche pubbliche di promozione della lettura sul proprio territorio.\u00a0Attraverso la qualifica, il Ministero della Cultura vuole riconoscere e sostenere la crescita socio-culturale delle comunit\u00e0 urbane, attraverso la diffusione della lettura come valore riconosciuto e condiviso, in grado di influenzare positivamente la qualit\u00e0 della vita individuale e collettiva. In pi\u00f9, ai Comuni che hanno ottenuto la qualifica 2022-2023 \u00e8 riservata la partecipazione all\u2019omonimo bando di finanziamento \u201cCitt\u00e0 che legge\u201d per progetti meritevoli.\u00a0 <em>\u00ab\u00c8 un ulteriore riconoscimento di grande valore &#8211; ha affermato il sindaco Paolo Vendramini &#8211; frutto del lavoro congiunto del settore cultura del Comune, delle associazioni di volontariato e del mondo della scuola. Abbiamo un Biblioteca civica molto frequentata, soprattutto da giovani, e manifestazioni e iniziative che si sviluppano nell&#8217;intero arco dell\u2019anno\u00bb.\u00a0<\/em><\/p>\n<p>&nbsp;<\/p>\n<p>&nbsp;<\/p>\n<hr \/>\n<blockquote>\n<h3><\/h3>\n<h3><em>GIORNATA INTERNAZIONALE DELLE PERSONE CON DISABILIT\u00c0<\/em><\/h3>\n<\/blockquote>\n<h3><em><a class=\"dt-pswp-item\" href=\"https:\/\/www.radiopiu.net\/wordpress\/wp-content\/uploads\/2022\/12\/barriere-architettoniche.jpeg\" data-dt-img-description=\"\" data-large_image_width=\"1204\" data-large_image_height=\"1600\"><img loading=\"lazy\" decoding=\"async\" class=\"wp-image-309409 alignleft\" src=\"https:\/\/www.radiopiu.net\/wordpress\/wp-content\/uploads\/2022\/12\/barriere-architettoniche-226x300.jpeg\" alt=\"\" width=\"148\" height=\"196\" srcset=\"https:\/\/www.radiopiu.net\/wordpress\/wp-content\/uploads\/2022\/12\/barriere-architettoniche-226x300.jpeg 226w, https:\/\/www.radiopiu.net\/wordpress\/wp-content\/uploads\/2022\/12\/barriere-architettoniche-771x1024.jpeg 771w, https:\/\/www.radiopiu.net\/wordpress\/wp-content\/uploads\/2022\/12\/barriere-architettoniche-768x1021.jpeg 768w, https:\/\/www.radiopiu.net\/wordpress\/wp-content\/uploads\/2022\/12\/barriere-architettoniche-1156x1536.jpeg 1156w, https:\/\/www.radiopiu.net\/wordpress\/wp-content\/uploads\/2022\/12\/barriere-architettoniche.jpeg 1204w\" sizes=\"auto, (max-width: 148px) 100vw, 148px\" \/><\/a><\/em><\/h3>\n<p><strong>BELLUNO<\/strong> In occasione della ricorrenza che si celebra ogni anno il 3 dicembre Poste Italiane\u00a0 conferma l\u2019impegno a favorire l\u2019inclusione delle persone con disabilit\u00e0 contribuendo in questo modo all\u2019abbattimento delle barriere culturali, sensoriali e fisiche nella propria rete che in provincia di Belluno \u00e8 composta da 104 Uffici Postali.\u00a0 Nei comuni della provincia sono 12 gli interventi di vario tipo fatti per agevolare l\u2019accesso e l\u2019utilizzo dell\u2019ufficio postale.Inoltre tutti gli Uffici Postali di nuova generazione sono dotati di percorsi tattili sul pavimento per consentire ai portatori di disabilit\u00e0 visiva di orientarsi e fruire dei servizi disponibili.<\/p>\n<p>&nbsp;<\/p>\n<p>&nbsp;<\/p>\n<p>&nbsp;<\/p>\n<p>&nbsp;<\/p>\n<p>&nbsp;<\/p>\n<hr \/>\n<p>&nbsp;<\/p>\n<p>&nbsp;<\/p>\n<h3><a class=\"dt-pswp-item\" href=\"https:\/\/www.radiopiu.net\/wordpress\/wp-content\/uploads\/2022\/12\/Senza-nome-15.jpg\" data-dt-img-description=\"\" data-large_image_width=\"431\" data-large_image_height=\"257\"><img loading=\"lazy\" decoding=\"async\" class=\"wp-image-309406 alignleft\" src=\"https:\/\/www.radiopiu.net\/wordpress\/wp-content\/uploads\/2022\/12\/Senza-nome-15-300x179.jpg\" alt=\"\" width=\"233\" height=\"139\" srcset=\"https:\/\/www.radiopiu.net\/wordpress\/wp-content\/uploads\/2022\/12\/Senza-nome-15-300x179.jpg 300w, https:\/\/www.radiopiu.net\/wordpress\/wp-content\/uploads\/2022\/12\/Senza-nome-15.jpg 431w\" sizes=\"auto, (max-width: 233px) 100vw, 233px\" \/><\/a>MERCATINO SOLIDALE AD AGORDO<\/h3>\n<p>&nbsp;<\/p>\n<p><strong>AGORDO<\/strong>\u00a0 Il prossimo 11 dicembre dalle 9 alle 12\u00a0 nella sacrestia della Chiesa Arcidiaconale di Agordo ci sar\u00e0 un Mercatino di Natale solidale organizzato dall&#8217;Associazione &#8220;La Forza delle Donne&#8221; di Agordo con il sostegno della Pieve Arcidiaconale e dei Volontari Agordini San Martino Onlus,<br \/>\nIl ricavato sar\u00e0 devoluto all&#8217;Associazione Italiana Sindrome Fibromialgica ODV che da moltissimi anni \u00e8 presente con una sezione in Provincia di Belluno<\/p>\n<p>&nbsp;<\/p>\n<p>&nbsp;<\/p>\n<p>&nbsp;<\/p>\n<hr \/>\n<p>&nbsp;<\/p>\n<blockquote class=\"wp-embedded-content\" data-secret=\"FBqAdQPaiE\"><p><a href=\"https:\/\/www.radiopiu.net\/wordpress\/aziendazerodicembre-02\/\">NUOVI POSITIVI SOTTO QUOTA 5000, RICOVERI +6, DECESSI 9<\/a><\/p><\/blockquote>\n<p><iframe loading=\"lazy\" class=\"wp-embedded-content\" sandbox=\"allow-scripts\" security=\"restricted\" style=\"position: absolute; clip: rect(1px, 1px, 1px, 1px);\" title=\"&#8220;NUOVI POSITIVI SOTTO QUOTA 5000, RICOVERI +6, DECESSI 9&#8221; &#8212; Radio Pi\u00f9\" src=\"https:\/\/www.radiopiu.net\/wordpress\/aziendazerodicembre-02\/embed\/#?secret=47S6IMkaps#?secret=FBqAdQPaiE\" data-secret=\"FBqAdQPaiE\" width=\"600\" height=\"338\" frameborder=\"0\" marginwidth=\"0\" marginheight=\"0\" scrolling=\"no\"><\/iframe><\/p>\n<p>&nbsp;<\/p>\n<p>&nbsp;<\/p>\n<p><strong>DI TIZIANO DE COL<\/strong><\/p>\n\n\t\t\t<style type='text\/css'>\n\t\t\t\t#gallery-3 {\n\t\t\t\t\tmargin: auto;\n\t\t\t\t}\n\t\t\t\t#gallery-3 .gallery-item {\n\t\t\t\t\tfloat: left;\n\t\t\t\t\tmargin-top: 10px;\n\t\t\t\t\ttext-align: center;\n\t\t\t\t\twidth: 33%;\n\t\t\t\t}\n\t\t\t\t#gallery-3 img {\n\t\t\t\t\tborder: 2px solid #cfcfcf;\n\t\t\t\t}\n\t\t\t\t#gallery-3 .gallery-caption {\n\t\t\t\t\tmargin-left: 0;\n\t\t\t\t}\n\t\t\t\t\/* see gallery_shortcode() in wp-includes\/media.php *\/\n\t\t\t<\/style>\n\t\t<div id='gallery-3' class='dt-gallery-container gallery galleryid-309321 gallery-columns-3 gallery-size-thumbnail'><dl class='gallery-item'>\n\t\t\t\t<dt class='gallery-icon landscape'>\n\t\t\t\t\t<a class=\"rollover\" href='https:\/\/www.radiopiu.net\/wordpress\/giornale-radiopiu-03-dicembre-2022-direttore-mirko-mezzacasa\/80e73db4-6546-4a71-8a80-e0c33d218943\/'><img loading=\"lazy\" decoding=\"async\" width=\"150\" height=\"150\" src=\"https:\/\/www.radiopiu.net\/wordpress\/wp-content\/uploads\/2022\/12\/80e73db4-6546-4a71-8a80-e0c33d218943-150x150.jpg\" class=\"attachment-thumbnail size-thumbnail\" alt=\"\" \/><\/a>\n\t\t\t\t<\/dt><\/dl><dl class='gallery-item'>\n\t\t\t\t<dt class='gallery-icon landscape'>\n\t\t\t\t\t<a class=\"rollover\" href='https:\/\/www.radiopiu.net\/wordpress\/giornale-radiopiu-03-dicembre-2022-direttore-mirko-mezzacasa\/4abcefc7-82e8-4949-9d1f-755250682eed\/'><img loading=\"lazy\" decoding=\"async\" width=\"150\" height=\"150\" src=\"https:\/\/www.radiopiu.net\/wordpress\/wp-content\/uploads\/2022\/12\/4abcefc7-82e8-4949-9d1f-755250682eed-150x150.jpg\" class=\"attachment-thumbnail size-thumbnail\" alt=\"\" \/><\/a>\n\t\t\t\t<\/dt><\/dl><dl class='gallery-item'>\n\t\t\t\t<dt class='gallery-icon landscape'>\n\t\t\t\t\t<a class=\"rollover\" href='https:\/\/www.radiopiu.net\/wordpress\/giornale-radiopiu-03-dicembre-2022-direttore-mirko-mezzacasa\/877defd0-e48d-4aec-9dd8-1c583f145c64\/'><img loading=\"lazy\" decoding=\"async\" width=\"150\" height=\"150\" src=\"https:\/\/www.radiopiu.net\/wordpress\/wp-content\/uploads\/2022\/12\/877defd0-e48d-4aec-9dd8-1c583f145c64-150x150.jpg\" class=\"attachment-thumbnail size-thumbnail\" alt=\"\" \/><\/a>\n\t\t\t\t<\/dt><\/dl><br style=\"clear: both\" \/>\n\t\t\t<\/div>\n\n<p>&nbsp;<\/p>\n<hr \/>\n<p>&nbsp;<\/p>\n<blockquote>\n<h3>AUTONOMIA: LE PAROLE DI ZAIA DOPO L&#8217;INCONTRO CON IL MINISTRO CALDEROLI<\/h3>\n<\/blockquote>\n<p><strong><a class=\"dt-pswp-item\" href=\"https:\/\/www.radiopiu.net\/wordpress\/wp-content\/uploads\/2022\/11\/ZAIA.jpg\" data-dt-img-description=\"\" data-large_image_width=\"1024\" data-large_image_height=\"761\"><img loading=\"lazy\" decoding=\"async\" class=\" wp-image-306973 alignleft\" src=\"https:\/\/www.radiopiu.net\/wordpress\/wp-content\/uploads\/2022\/11\/ZAIA-300x223.jpg\" alt=\"\" width=\"167\" height=\"124\" srcset=\"https:\/\/www.radiopiu.net\/wordpress\/wp-content\/uploads\/2022\/11\/ZAIA-300x223.jpg 300w, https:\/\/www.radiopiu.net\/wordpress\/wp-content\/uploads\/2022\/11\/ZAIA-768x571.jpg 768w, https:\/\/www.radiopiu.net\/wordpress\/wp-content\/uploads\/2022\/11\/ZAIA.jpg 1024w\" sizes=\"auto, (max-width: 167px) 100vw, 167px\" \/><\/a>VENEZIA <\/strong>\u201c<em>L\u2019autonomia non \u00e8 la richiesta di un\u2019amministrazione ma di un popolo, su basi democratiche; il Veneto se la aspetta fino in fondo. Ringrazio il ministro Calderoli perch\u00e9, dopo aver avuto a che fare con cinque esecutivi, finalmente ci troviamo di fronte ad un Governo che, in 43 giorni, \u00e8 al lavoro con concretezza su una bozza di legge di attuazione, frutto anche del dialogo con i territori. Ma soprattutto perch\u00e9 in una manovra ora c\u2019\u00e8 un articolo specifico che mette ordine e stabilisce che i LEP si devono definire entro 12 mesi, terminati i quali dovr\u00e0 intervenire un commissario<\/em>\u201d. Queste le parole del Presidente della Regione del Veneto, Luca Zaia a Palazzo Balbi, a conclusione dell\u2019incontro con il Ministro per gli Affari regionali e le Autonomie, Roberto Calderoli.<\/p>\n<p>&nbsp;<\/p>\n<p>&nbsp;<\/p>\n<hr \/>\n<p>&nbsp;<\/p>\n<blockquote>\n<h2>LUNEDI LA SANITA&#8217; IN VENETO E L&#8217;OSPEDALE DI AGORDO<\/h2>\n<\/blockquote>\n<p><strong><a class=\"dt-pswp-item\" href=\"https:\/\/www.radiopiu.net\/wordpress\/wp-content\/uploads\/2022\/11\/ad716ddd-eb34-4115-bb0d-e2c527396d7c.jpg\" data-dt-img-description=\"\" data-large_image_width=\"645\" data-large_image_height=\"437\"><img loading=\"lazy\" decoding=\"async\" class=\" wp-image-309158 alignleft\" src=\"https:\/\/www.radiopiu.net\/wordpress\/wp-content\/uploads\/2022\/11\/ad716ddd-eb34-4115-bb0d-e2c527396d7c-300x203.jpg\" alt=\"\" width=\"260\" height=\"176\" srcset=\"https:\/\/www.radiopiu.net\/wordpress\/wp-content\/uploads\/2022\/11\/ad716ddd-eb34-4115-bb0d-e2c527396d7c-300x203.jpg 300w, https:\/\/www.radiopiu.net\/wordpress\/wp-content\/uploads\/2022\/11\/ad716ddd-eb34-4115-bb0d-e2c527396d7c.jpg 645w\" sizes=\"auto, (max-width: 260px) 100vw, 260px\" \/><\/a>REDAZIONE<\/strong> Lo scorso agosto le telecamere di Report sono arrivate in provincia, fino all&#8217;ospedale di Agordo per uno speciale sulla sanit\u00e0. Lunedi la messa in onda del servizio, atteso soprattutto dal Comitato Sanit\u00e0 Agordina che ha interessato i cronisti di Rai 3. Lo speciale \u00e8 in onda alle 21.10<\/p>\n<p>&nbsp;<\/p>\n<p>&nbsp;<\/p>\n<p><span style=\"color: #ff0000;\">\u00a0<\/span><\/p>\n<p>&nbsp;<\/p>\n<h3><\/h3>\n<hr \/>\n<p>&nbsp;<\/p>\n<blockquote>\n<h3>SPARKASSE, VICINA ALLE FAMIGLIE ED ALLE IMPRESE DEL BELLUNESE<\/h3>\n<p><a class=\"dt-pswp-item\" href=\"https:\/\/www.radiopiu.net\/wordpress\/wp-content\/uploads\/2022\/12\/Consulta-Belluno-1.jpg\" data-dt-img-description=\"\" data-large_image_width=\"1800\" data-large_image_height=\"1710\"><img loading=\"lazy\" decoding=\"async\" class=\"size-medium wp-image-309433 alignleft\" src=\"https:\/\/www.radiopiu.net\/wordpress\/wp-content\/uploads\/2022\/12\/Consulta-Belluno-1-300x285.jpg\" alt=\"\" width=\"300\" height=\"285\" srcset=\"https:\/\/www.radiopiu.net\/wordpress\/wp-content\/uploads\/2022\/12\/Consulta-Belluno-1-300x285.jpg 300w, https:\/\/www.radiopiu.net\/wordpress\/wp-content\/uploads\/2022\/12\/Consulta-Belluno-1-1024x973.jpg 1024w, https:\/\/www.radiopiu.net\/wordpress\/wp-content\/uploads\/2022\/12\/Consulta-Belluno-1-768x730.jpg 768w, https:\/\/www.radiopiu.net\/wordpress\/wp-content\/uploads\/2022\/12\/Consulta-Belluno-1-1536x1459.jpg 1536w, https:\/\/www.radiopiu.net\/wordpress\/wp-content\/uploads\/2022\/12\/Consulta-Belluno-1.jpg 1800w\" sizes=\"auto, (max-width: 300px) 100vw, 300px\" \/><\/a><strong>BELLUNO<\/strong> Si \u00e8 riunita la Consulta Territoriale di Sparkasse nella provincia di Belluno, presieduta da Paolo Doglioni, gi\u00e0 Presidente della Camera di Commercio bellunese e attuale Presidente di Confcommercio di Belluno.\u00a0 Incontro focalizzato su alcuni temi prioritari per l\u2019economia e le comunit\u00e0 locali. Scopo della Consulta \u00e8 di creare un punto di ascolto territoriale per recepire le esigenze delle aziende e degli abitanti della comunit\u00e0 locale stessa, individuando iniziative e progetti da proporre alla Banca.\u00a0 La crisi geopolitica in atto derivante dal conflitto Russia-Ucraina pone molte<br \/>\n<a class=\"dt-pswp-item\" href=\"https:\/\/www.radiopiu.net\/wordpress\/wp-content\/uploads\/2022\/12\/Senza-nome-17.jpg\" data-dt-img-description=\"\" data-large_image_width=\"273\" data-large_image_height=\"76\"><img loading=\"lazy\" decoding=\"async\" class=\"size-full wp-image-309434 alignright\" src=\"https:\/\/www.radiopiu.net\/wordpress\/wp-content\/uploads\/2022\/12\/Senza-nome-17.jpg\" alt=\"\" width=\"273\" height=\"76\" \/><\/a>incertezze rispetto all\u2019evoluzione dello scenario economico per questo il \u00a0Gruppo Sparkasse ha attivato un plafond di 100 milioni di euro di finanziamenti specifici, a sostegno delle imprese, a condizioni agevolate, per far fronte ai fabbisogni di liquidit\u00e0 derivanti dall\u2019aumento dei costi dell\u2019energia e pi\u00f9 in generale delle materie prime. Il plafond stanziato \u00e8 una conferma di questa volont\u00e0 e della concreta vicinanza al territorio. Ne abbiamo parlato con il Presidente Paolo Doglioni<\/p>\n<p>Nella foto da sinistra a destra Mirco Magnanini Responsabile Area Nordest Retail, Paolo Doglioni e Joachim Mair Responsabile Retail<\/p>\n<p><strong>AUDIO<\/strong><\/p>\n<audio class=\"wp-audio-shortcode\" id=\"audio-309321-13\" preload=\"none\" style=\"width: 100%;\" controls=\"controls\"><source type=\"audio\/mpeg\" src=\"https:\/\/www.radiopiu.net\/wordpress\/wp-content\/uploads\/2022\/12\/PAOLO-DOGLIONI.mp3?_=13\" \/><a href=\"https:\/\/www.radiopiu.net\/wordpress\/wp-content\/uploads\/2022\/12\/PAOLO-DOGLIONI.mp3\">https:\/\/www.radiopiu.net\/wordpress\/wp-content\/uploads\/2022\/12\/PAOLO-DOGLIONI.mp3<\/a><\/audio>\n<p>&nbsp;<\/p><\/blockquote>\n<p>&nbsp;<\/p>\n<p>&nbsp;<\/p>\n<hr \/>\n<p>&nbsp;<\/p>\n<blockquote>\n<h3><span style=\"color: #000000;\">SCUOLA APERTA, PRESENTAZIONE A PUNTATE DELL&#8217;OFFERTA SCOLASTICA DEL FOLLADOR-DE ROSSI<\/span><strong style=\"color: #0000ff; font-size: 14px;\">\u00a0<\/strong><\/h3>\n<\/blockquote>\n<p><strong>LA RACCOLTA COMPLETA<\/strong><\/p>\n<blockquote class=\"wp-embedded-content\" data-secret=\"2YpXFDVD9t\"><p><a href=\"https:\/\/www.radiopiu.net\/wordpress\/scuola-aperta-quinta-puntata-istituto-chimico\/\">SCUOLA APERTA, QUINTA PUNTATA &#8220;ISTITUTO CHIMICO&#8221;<\/a><\/p><\/blockquote>\n<p><iframe loading=\"lazy\" class=\"wp-embedded-content\" sandbox=\"allow-scripts\" security=\"restricted\" style=\"position: absolute; clip: rect(1px, 1px, 1px, 1px);\" title=\"&#8220;SCUOLA APERTA, QUINTA PUNTATA &#8220;ISTITUTO CHIMICO&#8221;&#8221; &#8212; Radio Pi\u00f9\" src=\"https:\/\/www.radiopiu.net\/wordpress\/scuola-aperta-quinta-puntata-istituto-chimico\/embed\/#?secret=12k8B9rktH#?secret=2YpXFDVD9t\" data-secret=\"2YpXFDVD9t\" width=\"600\" height=\"338\" frameborder=\"0\" marginwidth=\"0\" marginheight=\"0\" scrolling=\"no\"><\/iframe><\/p>\n<p>&nbsp;<\/p>\n<hr \/>\n<p>&nbsp;<\/p>\n<blockquote>\n<h3>C&#8217;E&#8217; TEMPO FINO AL 15 DICEMBRE PER VOTARE &#8220;I LUOGHI DEL CUORE&#8221; DEL FAI<\/h3>\n<\/blockquote>\n<p><strong>BELLUNO <\/strong>Mancano pochi giorni alla conclusione dell\u2019undicesima edizione de \u201cI Luoghi del Cuore\u201d, il pi\u00f9 grande censimento spontaneo del patrimonio culturale italiano promosso dal Fai &#8211; Fondo per l\u2019Ambiente Italiano -, in collaborazione con Intesa Sanpaolo. Fino al 15 dicembre 2022 sar\u00e0 possibile votare i propri luoghi pi\u00f9 cari, che consideriamo speciali e che, per questo, vogliamo proteggere, valorizzare e far conoscere a sempre pi\u00f9 persone. La classifica nazionale provvisoria dei luoghi pi\u00f9 amati dagli italiani &#8211; consultabile sul sito www.iluoghidelcuore.it &#8211; registra continui cambi di posizione tra gli oltre 37.000 luoghi votati. La modalit\u00e0 di partecipazione al censimento \u00e8 semplice e basta un clic sul sito www.iluoghidelcuore.it. Attualmente i luoghi della provincia di Belluno inseriti nel portale nazionale sono oltre 300, una mappatura unica e spontanea di siti dalle tipologie pi\u00f9 varie: area naturale, chiesa, borgo, palazzo storico, archeologia industriale, villa, area urbana, area archeologica, castello, bosco, fiume\/lago. A oggi il sito bellunese pi\u00f9 votato \u00e8 il Seminario Gregoriano di Belluno con le sue due biblioteche storiche, la Gregoriana e la Lolliniana, al cui interno si conservano alcuni pregevoli codici manoscritti, con 660 voti al momento della redazione di questo articolo (e al 144\u00b0 posto nella classifica nazionale). Al secondo posto si colloca il Ponte della Vittoria di Belluno, che ha superato i 500 voti (178\u00b0 posto nella classifica nazionale). A campata unica, \u00e8 stato progettato nel 1923 dall\u2019ingegnere Eugenio Miozzi (famoso per aver realizzato il Ponte della Libert\u00e0 a Venezia) e inaugurato dal re Vittorio Emanuele III nel 1926. L\u2019architetto Riccardo Alfar\u00e8 si occup\u00f2 invece della parte decorativa e degli elementi architettonici lavorati a martellina. Segue la Scuola elementare \u201cBambini del Vajont\u201d di Longarone, con oltre 450 voti, costruita nel 1964, all\u2019indomani della tragedia, su progetto di Costantino Dardi che, nel 1976 ne progett\u00f2 anche l&#8217;ampliamento. Hanno superato i 300 voti: Villa Zuppani di Pasa di Sedico, di origine cinquecentesca e ampliata e abbellita nel Settecento; i resti del castello di S. Giorgio presso Soccher di Ponte nelle Alpi; la chiesetta di Sant\u2019Antonio abate a Sottoguda; la Vena d\u2019oro in comune di Ponte nelle Alpi, con le sue acque sorgive dalle propriet\u00e0 terapeutiche e l\u2019ex stabilimento che a fine Ottocento divenne un\u2019importante stazione climatica d\u2019elite. La candidatura della chiesetta di Sant\u2019Antonio, posizionata circa a met\u00e0 della gola dei Serrai di Sottoguda e fondata in epoca lontana con lo scopo di proteggere i viandanti che si fossero avventurati nella forra, idealmente completerebbe il lavoro di recupero dei Serrai di Sottoguda, duramente colpiti dalla tempesta Vaia nell\u2019ottobre 2018 e che nel giro di poche settimane avevano raccolto migliaia di firme per quell\u2019edizione dei Luoghi del cuore.<\/p>\n\n\t\t\t<style type='text\/css'>\n\t\t\t\t#gallery-4 {\n\t\t\t\t\tmargin: auto;\n\t\t\t\t}\n\t\t\t\t#gallery-4 .gallery-item {\n\t\t\t\t\tfloat: left;\n\t\t\t\t\tmargin-top: 10px;\n\t\t\t\t\ttext-align: center;\n\t\t\t\t\twidth: 50%;\n\t\t\t\t}\n\t\t\t\t#gallery-4 img {\n\t\t\t\t\tborder: 2px solid #cfcfcf;\n\t\t\t\t}\n\t\t\t\t#gallery-4 .gallery-caption {\n\t\t\t\t\tmargin-left: 0;\n\t\t\t\t}\n\t\t\t\t\/* see gallery_shortcode() in wp-includes\/media.php *\/\n\t\t\t<\/style>\n\t\t<div id='gallery-4' class='dt-gallery-container gallery galleryid-309321 gallery-columns-2 gallery-size-medium'><dl class='gallery-item'>\n\t\t\t\t<dt class='gallery-icon landscape'>\n\t\t\t\t\t<a class=\"rollover rollover-zoom dt-pswp-item\" title=\"Chiesetta dei Serrai di Sottoguda\" data-dt-img-description=\"\" data-large_image_width=\"1600\" data-large_image_height=\"1200\"href='https:\/\/www.radiopiu.net\/wordpress\/wp-content\/uploads\/2022\/12\/Chiesetta-dei-Serrai-di-Sottoguda.jpg'><img loading=\"lazy\" decoding=\"async\" width=\"300\" height=\"225\" src=\"https:\/\/www.radiopiu.net\/wordpress\/wp-content\/uploads\/2022\/12\/Chiesetta-dei-Serrai-di-Sottoguda-300x225.jpg\" class=\"attachment-medium size-medium\" alt=\"\" aria-describedby=\"gallery-4-309478\" srcset=\"https:\/\/www.radiopiu.net\/wordpress\/wp-content\/uploads\/2022\/12\/Chiesetta-dei-Serrai-di-Sottoguda-300x225.jpg 300w, https:\/\/www.radiopiu.net\/wordpress\/wp-content\/uploads\/2022\/12\/Chiesetta-dei-Serrai-di-Sottoguda-1024x768.jpg 1024w, https:\/\/www.radiopiu.net\/wordpress\/wp-content\/uploads\/2022\/12\/Chiesetta-dei-Serrai-di-Sottoguda-768x576.jpg 768w, https:\/\/www.radiopiu.net\/wordpress\/wp-content\/uploads\/2022\/12\/Chiesetta-dei-Serrai-di-Sottoguda-1536x1152.jpg 1536w, https:\/\/www.radiopiu.net\/wordpress\/wp-content\/uploads\/2022\/12\/Chiesetta-dei-Serrai-di-Sottoguda.jpg 1600w\" sizes=\"auto, (max-width: 300px) 100vw, 300px\" \/><\/a>\n\t\t\t\t<\/dt>\n\t\t\t\t\t<dd class='wp-caption-text gallery-caption' id='gallery-4-309478'>\n\t\t\t\t\tCHIESETTA SERRAI DI SOTTOGUDA\n\t\t\t\t\t<\/dd><\/dl><dl class='gallery-item'>\n\t\t\t\t<dt class='gallery-icon landscape'>\n\t\t\t\t\t<a class=\"rollover rollover-zoom dt-pswp-item\" title=\"Ponte della Vittoria\" data-dt-img-description=\"\" data-large_image_width=\"1920\" data-large_image_height=\"1080\"href='https:\/\/www.radiopiu.net\/wordpress\/wp-content\/uploads\/2022\/12\/Ponte-della-Vittoria.jpg'><img loading=\"lazy\" decoding=\"async\" width=\"300\" height=\"169\" src=\"https:\/\/www.radiopiu.net\/wordpress\/wp-content\/uploads\/2022\/12\/Ponte-della-Vittoria-300x169.jpg\" class=\"attachment-medium size-medium\" alt=\"\" srcset=\"https:\/\/www.radiopiu.net\/wordpress\/wp-content\/uploads\/2022\/12\/Ponte-della-Vittoria-300x169.jpg 300w, https:\/\/www.radiopiu.net\/wordpress\/wp-content\/uploads\/2022\/12\/Ponte-della-Vittoria-1024x576.jpg 1024w, https:\/\/www.radiopiu.net\/wordpress\/wp-content\/uploads\/2022\/12\/Ponte-della-Vittoria-768x432.jpg 768w, https:\/\/www.radiopiu.net\/wordpress\/wp-content\/uploads\/2022\/12\/Ponte-della-Vittoria-1536x864.jpg 1536w, https:\/\/www.radiopiu.net\/wordpress\/wp-content\/uploads\/2022\/12\/Ponte-della-Vittoria.jpg 1920w\" sizes=\"auto, (max-width: 300px) 100vw, 300px\" \/><\/a>\n\t\t\t\t<\/dt><\/dl><br style=\"clear: both\" \/><dl class='gallery-item'>\n\t\t\t\t<dt class='gallery-icon landscape'>\n\t\t\t\t\t<a class=\"rollover rollover-zoom dt-pswp-item\" title=\"Scuola elementare Bambini del Vajont\" data-dt-img-description=\"\" data-large_image_width=\"935\" data-large_image_height=\"642\"href='https:\/\/www.radiopiu.net\/wordpress\/wp-content\/uploads\/2022\/12\/Scuola-elementare-Bambini-del-Vajont.jpg'><img loading=\"lazy\" decoding=\"async\" width=\"300\" height=\"206\" src=\"https:\/\/www.radiopiu.net\/wordpress\/wp-content\/uploads\/2022\/12\/Scuola-elementare-Bambini-del-Vajont-300x206.jpg\" class=\"attachment-medium size-medium\" alt=\"\" aria-describedby=\"gallery-4-309480\" srcset=\"https:\/\/www.radiopiu.net\/wordpress\/wp-content\/uploads\/2022\/12\/Scuola-elementare-Bambini-del-Vajont-300x206.jpg 300w, https:\/\/www.radiopiu.net\/wordpress\/wp-content\/uploads\/2022\/12\/Scuola-elementare-Bambini-del-Vajont-768x527.jpg 768w, https:\/\/www.radiopiu.net\/wordpress\/wp-content\/uploads\/2022\/12\/Scuola-elementare-Bambini-del-Vajont.jpg 935w\" sizes=\"auto, (max-width: 300px) 100vw, 300px\" \/><\/a>\n\t\t\t\t<\/dt>\n\t\t\t\t\t<dd class='wp-caption-text gallery-caption' id='gallery-4-309480'>\n\t\t\t\t\tSCUOLA ELEMENTARE BAMBINI DEL VAJONT\n\t\t\t\t\t<\/dd><\/dl><dl class='gallery-item'>\n\t\t\t\t<dt class='gallery-icon landscape'>\n\t\t\t\t\t<a class=\"rollover rollover-zoom dt-pswp-item\" title=\"Seminario Gregoriano Belluno\" data-dt-img-description=\"\" data-large_image_width=\"2560\" data-large_image_height=\"1920\"href='https:\/\/www.radiopiu.net\/wordpress\/wp-content\/uploads\/2022\/12\/Seminario-Gregoriano-Belluno.jpg'><img loading=\"lazy\" decoding=\"async\" width=\"300\" height=\"225\" src=\"https:\/\/www.radiopiu.net\/wordpress\/wp-content\/uploads\/2022\/12\/Seminario-Gregoriano-Belluno-300x225.jpg\" class=\"attachment-medium size-medium\" alt=\"\" aria-describedby=\"gallery-4-309481\" srcset=\"https:\/\/www.radiopiu.net\/wordpress\/wp-content\/uploads\/2022\/12\/Seminario-Gregoriano-Belluno-300x225.jpg 300w, https:\/\/www.radiopiu.net\/wordpress\/wp-content\/uploads\/2022\/12\/Seminario-Gregoriano-Belluno-1024x768.jpg 1024w, https:\/\/www.radiopiu.net\/wordpress\/wp-content\/uploads\/2022\/12\/Seminario-Gregoriano-Belluno-768x576.jpg 768w, https:\/\/www.radiopiu.net\/wordpress\/wp-content\/uploads\/2022\/12\/Seminario-Gregoriano-Belluno-1536x1152.jpg 1536w, https:\/\/www.radiopiu.net\/wordpress\/wp-content\/uploads\/2022\/12\/Seminario-Gregoriano-Belluno-2048x1536.jpg 2048w\" sizes=\"auto, (max-width: 300px) 100vw, 300px\" \/><\/a>\n\t\t\t\t<\/dt>\n\t\t\t\t\t<dd class='wp-caption-text gallery-caption' id='gallery-4-309481'>\n\t\t\t\t\tSEMINARIO GREGORIANO\n\t\t\t\t\t<\/dd><\/dl><br style=\"clear: both\" \/>\n\t\t\t<\/div>\n\n<p>&nbsp;<\/p>\n<p>&nbsp;<\/p>\n<hr \/>\n<p>&nbsp;<\/p>\n<blockquote>\n<h3>L&#8217;ASSEMBLEA STRAORDINARIA DELL&#8217;AUSER &#8220;COL BEL&#8221;<\/h3>\n<\/blockquote>\n<p><strong>GOSALDO<\/strong> \u00c8 in programma per oggi alle 15 nella sala dell&#8217;Auser Col Bel di Tiser a Gosaldo, l&#8217;assemblea straordinaria dei soci. Gli iscritti sono chiamati all&#8217;approvazione dello statuto adeguato al codice unico del terzo settore. Il presidente Valter Dario Todesco invita tutti a partecipare.<\/p>\n<p>&nbsp;<\/p>\n<p>&nbsp;<\/p>\n<hr \/>\n<p>&nbsp;<\/p>\n<blockquote>\n<h2>NATALE A BELLUNO CON L&#8217;ASSOCIAZIONE CAMPEDEL<\/h2>\n<\/blockquote>\n<p><strong>BELLUNO<\/strong> Anche per questo Natale l\u2019Associazione Campedel propone una serie di visite guidate gratuite a 3 chiese di Belluno. Il primo appuntamento \u00e8 previsto per sabato alle 15 presso la Cattedrale.\u00a0 Il 10 dicembre\u00a0 alle 15 la visita alla chiesa di Santo Stefano.\u00a0 Il 17 dicembre alle 15, la chiesa dei Santi Quirico e Giulitta, l\u2019antica parrocchiale di Cavarzano. Le visite guidate sono gratuite e organizzate in collaborazione con le parrocchie Duomo-Loreto, di Santo Stefano e di Cavarzano. Non \u00e8 necessaria l\u2019iscrizione. Appuntamento davanti alle chiese.<\/p>\n<p>&nbsp;<\/p>\n<hr \/>\n<p>&nbsp;<\/p>\n<blockquote>\n<h3>CONOSCERE PER AGIRE CON LO SPI CGIL<\/h3>\n<\/blockquote>\n<p><strong>BELLUNO <\/strong>Conoscere per agire \u00e8 il titolo dell\u2019iniziativa di oggi che si rif\u00e0 alla giornata appena commemorata contro la violenza sulle donne. Dentro a questa iniziativa ci sar\u00e0 la presentazione del libro PER SEMPRE, ALTROVE. Sar\u00e0 presente l\u2019autrice Barbara Cagni. La dottoressa Paola Mantuano psicologa e psicoterapeuta interverr\u00e0 nel contesto sociologico anche ad indicare nuove strade di prevenzione alla violenza. Oggi alle 17.15 palazzo Bembo secondo piano via Loreto 2 Belluno<\/p>\n<p>&nbsp;<\/p>\n<p>&nbsp;<\/p>\n<hr \/>\n<p>&nbsp;<\/p>\n<blockquote>\n<h3>IL BANDO PER L&#8217;ASSEGNAZIONE DELLE BORSE DI STUDIO AD ALLEGHE<\/h3>\n<\/blockquote>\n<p><strong>ALLEGHE<\/strong> Il Comune di Alleghe ha pubblicato il bando per l\u2019assegnazione di borse di studio comunali agli studenti, residenti, frequentanti le scuole superiori, che hanno conseguito il diploma di maturit\u00e0 nel 2022 o laureatesi entro il mese di ottobre 2022. Il modulo di domanda si pu\u00f2 reperire all\u2019albo pretorio online nel sito del Comune di Alleghe o richiedere direttamente all\u2019Ufficio Servizi Demografici; le domande potranno essere inoltrate fino al 19 dicembre 2022<\/p>\n<p>&nbsp;<\/p>\n<p>&nbsp;<\/p>\n<hr \/>\n<p>&nbsp;<\/p>\n<blockquote>\n<h3><span dir=\"ltr\" role=\"presentation\">AIUTI FINALIZZATI<\/span> <span dir=\"ltr\" role=\"presentation\">ALL&#8217;ACQUISTO<\/span> <span dir=\"ltr\" role=\"presentation\">DI <\/span><span dir=\"ltr\" role=\"presentation\">GENERI ALIMENTARI O PRODOTTI DI PRIMA<\/span> <span dir=\"ltr\" role=\"presentation\">NECESSIT\u00c0<\/span><\/h3>\n<\/blockquote>\n<p><strong>ALLEGHE<\/strong> Le<span dir=\"ltr\" role=\"presentation\"> persone e le famiglie residenti nel Comune che<\/span><span dir=\"ltr\" role=\"presentation\">, a causa degli effetti economici <\/span><span dir=\"ltr\" role=\"presentation\">derivanti dall\u2019emergenza epidemiologica<\/span> <span dir=\"ltr\" role=\"presentation\">dovuta alla diffusione del virus Covid<\/span><span dir=\"ltr\" role=\"presentation\">&#8211;<\/span><span dir=\"ltr\" role=\"presentation\">19,<\/span> <span dir=\"ltr\" role=\"presentation\">si trovino in uno <\/span><span dir=\"ltr\" role=\"presentation\">stato di bisogno per soddisfare le necessit\u00e0 pi\u00f9 urgenti ed essenziali<\/span><span dir=\"ltr\" role=\"presentation\">, <\/span><span dir=\"ltr\" role=\"presentation\">possono<\/span> <span dir=\"ltr\" role=\"presentation\">chiedere che vengano loro riconosciuti i buoni spesa per l&#8217;acquisto di generi alimentari o prodotti di prima necessit\u00e0. L<\/span><span dir=\"ltr\" role=\"presentation\">\u2019entit\u00e0 dell\u2019importo verr\u00e0 definito con successivo <\/span><span dir=\"ltr\" role=\"presentation\">provvedimento, partendo da un<\/span> <span dir=\"ltr\" role=\"presentation\">importo minimo di 50euro<\/span><span dir=\"ltr\" role=\"presentation\">, sulla base del numero dei <\/span><span dir=\"ltr\" role=\"presentation\">componenti il nucleo familiare e in consi<\/span><span dir=\"ltr\" role=\"presentation\">derazione delle necessit\u00e0 dichiarate dal richiedente. <\/span><span dir=\"ltr\" role=\"presentation\">Le richieste, <\/span><span dir=\"ltr\" role=\"presentation\">redatte sull\u2019apposito modulo dovranno <\/span><span dir=\"ltr\" role=\"presentation\">p<\/span><span dir=\"ltr\" role=\"presentation\">ervenire<\/span> <span dir=\"ltr\" role=\"presentation\">al<\/span> <span dir=\"ltr\" role=\"presentation\">Comune<\/span> <span dir=\"ltr\" role=\"presentation\">di<\/span> <span dir=\"ltr\" role=\"presentation\">Alleghe<\/span> <span dir=\"ltr\" role=\"presentation\">mediante<\/span> <span dir=\"ltr\" role=\"presentation\">invio<\/span> <span dir=\"ltr\" role=\"presentation\">di<\/span> <span dir=\"ltr\" role=\"presentation\">posta<\/span> <span dir=\"ltr\" role=\"presentation\">elettronica, s<\/span><span dir=\"ltr\" role=\"presentation\">olo via residuale<\/span> <span dir=\"ltr\" role=\"presentation\">la domanda potr\u00e0 essere presentata telefonicamente allo<\/span>\u00a0<span dir=\"ltr\" role=\"presentation\">0437 <\/span><span dir=\"ltr\" role=\"presentation\">523300<\/span> <span dir=\"ltr\" role=\"presentation\">dal luned\u00ec al venerd\u00ec<\/span> <span dir=\"ltr\" role=\"presentation\">dalle 8 alle 10<\/span><span dir=\"ltr\" role=\"presentation\">. <\/span><span dir=\"ltr\" role=\"presentation\">Il modulo \u00e8 scaricabile dal sito internet<\/span> <span dir=\"ltr\" role=\"presentation\">www.comune.alleghe.bl.it<\/span><span dir=\"ltr\" role=\"presentation\">, oppure ritirabile presso gli esercizi <\/span><span dir=\"ltr\" role=\"presentation\">comunali dei generi alimentari del territorio.<\/span><\/p>\n<p>&nbsp;<\/p>\n<p>&nbsp;<\/p>\n<hr \/>\n<p>&nbsp;<\/p>\n<blockquote>\n<h3>SANTA BARBARA, LA PATRONA DEI VIGILI DEL FUOCO<\/h3>\n<\/blockquote>\n<p><strong><a class=\"dt-pswp-item\" href=\"https:\/\/www.radiopiu.net\/wordpress\/wp-content\/uploads\/2022\/09\/VIGILI-DEL-FUOCO-8-1.jpg\" data-dt-img-description=\"\" data-large_image_width=\"1599\" data-large_image_height=\"899\"><img loading=\"lazy\" decoding=\"async\" class=\" wp-image-299555 alignleft\" src=\"https:\/\/www.radiopiu.net\/wordpress\/wp-content\/uploads\/2022\/09\/VIGILI-DEL-FUOCO-8-1-300x169.jpg\" alt=\"\" width=\"205\" height=\"115\" srcset=\"https:\/\/www.radiopiu.net\/wordpress\/wp-content\/uploads\/2022\/09\/VIGILI-DEL-FUOCO-8-1-300x169.jpg 300w, https:\/\/www.radiopiu.net\/wordpress\/wp-content\/uploads\/2022\/09\/VIGILI-DEL-FUOCO-8-1-1024x576.jpg 1024w, https:\/\/www.radiopiu.net\/wordpress\/wp-content\/uploads\/2022\/09\/VIGILI-DEL-FUOCO-8-1-768x432.jpg 768w, https:\/\/www.radiopiu.net\/wordpress\/wp-content\/uploads\/2022\/09\/VIGILI-DEL-FUOCO-8-1-1536x864.jpg 1536w, https:\/\/www.radiopiu.net\/wordpress\/wp-content\/uploads\/2022\/09\/VIGILI-DEL-FUOCO-8-1.jpg 1599w\" sizes=\"auto, (max-width: 205px) 100vw, 205px\" \/><\/a>BELLUNO <\/strong>Domani ricorre la tradizionale festivita\u0300 di Santa Barbara, patrona del Corpo Nazionale dei Vigili del Fuoco. Nella la sede centrale di via Col da Ren si svolgera\u0300 la celebrazione patronale a carattere provinciale ma momenti celebrativi sono comunque previsti anche nelle sedi distaccate. Alle 10 la deposizione della corona d&#8217;alloro al monumento in onore dei Vigili del Fuoco caduti in servizio, alle 10:30 la santa messa e alle 11:30 il saluto del comandante e la consegna dei diplomi di lodevole servizio e delle croci di anzianit\u00e0. Esposizione dei mezzi sul piazzale della sede e nell&#8217;atrio principale della sede la mostra fotografica di Carlotta Osta.<\/p>\n<p>&nbsp;<\/p>\n<p>&nbsp;<\/p>\n<p>&nbsp;<\/p>\n<hr \/>\n<p>&nbsp;<\/p>\n<blockquote>\n<h3>SANTA BARBARA A SOSPIROLO<\/h3>\n<\/blockquote>\n<p><strong>SOSPIROLO<\/strong> Il Comitato di Santa Barbara, Minatori, Famiglia ex Emigranti, Artiglieri, Vigili del Fuoco e Marinai con il patrocinio del Comune di Sospirolo organizzano la Festa di Santa Barbara per domani. Il programma al mattino prevede alle 8.30 ritrovo a Gron per la deposizione di un omaggio floreale al monumento ai Caduti, alle 9.15 ritrovo in cimitero a Sospirolo per la deposizione di un omaggio floreale all&#8217;altro monumento ai Caduti. Alle 10 si terr\u00e0 la Santa Messa nella chiesa parrocchiale di Sospirolo; seguiranno la processione con la statua della Santa e la deposizione di un omaggio floreale al Monumento ai Caduti sul Lavoro in Piazza Lexy. Nel pomeriggio alle 17.30 al Centro civico la Pro loco &#8220;Monti del Sole&#8221; propone il concerto per Santa Barbara con il Coro Minimo Bellunese diretto da Gianluca Nicolai, dedicato ai collaboratori della Pro loco purtroppo mancati nel corso dell&#8217;ultimo anno: Luisa Vall Graells, Luigi Selle, Quinto Meneghel, Arcangela Vedana, Fulvio Vedana e Giordano Tegner, persone che tanto si sono impegnate, collaborando con la Pro loco, per migliorare Sospirolo partecipi di quel volontariato che costituisce l\u2019anima di un paese e ne d\u00e0 l\u2019identit\u00e0.\u00a0 Ingresso libero fino ad esaurimento posti. Per info: <a href=\"http:\/\/www.sospirolo.net\" target=\"_blank\" rel=\"noopener\">www.sospirolo.net<\/a>, <a href=\"mailto:proloco@sospirolo.net\" target=\"_blank\" rel=\"noopener\">proloco@sospirolo.net<\/a>, 320 334 2082<\/p>\n<p>&nbsp;<\/p>\n<p>&nbsp;<\/p>\n<hr \/>\n<p>&nbsp;<\/p>\n<blockquote>\n<h3>IL 10 DICEMBRE EUGENIO BIEN SI RACCONTA ALLA POPOLAZIONE<\/h3>\n<\/blockquote>\n<p><strong>AGORDO\u00a0<\/strong>Si intitola &#8220;Il fascino della montagna innevata&#8221; l&#8217;appuntamento in programma sabato 10 dicembre in sala Don Tamis ad Agordo. Ospite Eugenio Bien che si racconter\u00e0 al pubblico. L&#8217;evento \u00e8 organizzato dalla Biblioteca di Agordo e il Circolo Culturale Agordino. Inizio alle 17 con ingresso libero.<\/p>\n<p>&nbsp;<\/p>\n<p>&nbsp;<\/p>\n<hr \/>\n<p>&nbsp;<\/p>\n<blockquote>\n<h3>PATTINAGGIO LIBERO AD ALLEGHE<\/h3>\n<\/blockquote>\n<p><strong>ALLEGHE<\/strong> Dal 8 all&#8217;11 dicembre lo stadio Alvise De Toni di Alleghe apre al pubblico. Si potr\u00e0 pattinare gioved\u00ec, venerd\u00ec e sabato dalle 17 alle 19. Venerd\u00ec turno serale dalle 21 alle 23. Domenica solo al pomeriggio dalle 14:30 alle 16:30. Per informazioni 388 1866668<\/p>\n<p>&nbsp;<\/p>\n<p>&nbsp;<\/p>\n<hr \/>\n<p>&nbsp;<\/p>\n<blockquote>\n<h3><span style=\"color: #ff0000;\">IERI ALLA RADIO\u00a0<\/span><\/h3>\n<\/blockquote>\n<h2><span style=\"color: #008000;\">SOLIDARIETA&#8217; VENETO FONDO PENSIONE, dicembre 2022<\/span><\/h2>\n<p>&nbsp;<\/p>\n<blockquote>\n<h2><a href=\"https:\/\/www.radiopiu.net\/wordpress\/speciale-solidarieta-veneto\/solidarieta-veneto-3\/\" rel=\"attachment wp-att-134366\"><img loading=\"lazy\" decoding=\"async\" class=\"wp-image-134366 alignleft\" src=\"https:\/\/www.radiopiu.net\/wordpress\/wp-content\/uploads\/2020\/05\/solidariet\u00e0-veneto-300x210.jpg\" alt=\"\" width=\"179\" height=\"125\" srcset=\"https:\/\/www.radiopiu.net\/wordpress\/wp-content\/uploads\/2020\/05\/solidariet\u00e0-veneto-300x210.jpg 300w, https:\/\/www.radiopiu.net\/wordpress\/wp-content\/uploads\/2020\/05\/solidariet\u00e0-veneto-1024x717.jpg 1024w, https:\/\/www.radiopiu.net\/wordpress\/wp-content\/uploads\/2020\/05\/solidariet\u00e0-veneto-768x538.jpg 768w, https:\/\/www.radiopiu.net\/wordpress\/wp-content\/uploads\/2020\/05\/solidariet\u00e0-veneto.jpg 1373w\" sizes=\"auto, (max-width: 179px) 100vw, 179px\" \/><\/a>IERI ALLA RADIO,\u00a0 IN ONDA IL PRIMO VENERDI DEL MESE ALLE 10.30 E ALLE 19.00 QUINTA STAGIONE<\/h2>\n<\/blockquote>\n<p>di\u00a0 Mirko Mezzacasa<\/p>\n<h1><\/h1>\n<h1><\/h1>\n<h3>LA PUNTATA DEL 06 MAGGIO 2022<\/h3>\n<audio class=\"wp-audio-shortcode\" id=\"audio-309321-14\" preload=\"none\" style=\"width: 100%;\" controls=\"controls\"><source type=\"audio\/mpeg\" src=\"https:\/\/www.radiopiu.net\/wordpress\/wp-content\/uploads\/2022\/12\/PAOLO-STEFANO-DICEMBRE-2022-PAOLO.mp3?_=14\" \/><a href=\"https:\/\/www.radiopiu.net\/wordpress\/wp-content\/uploads\/2022\/12\/PAOLO-STEFANO-DICEMBRE-2022-PAOLO.mp3\">https:\/\/www.radiopiu.net\/wordpress\/wp-content\/uploads\/2022\/12\/PAOLO-STEFANO-DICEMBRE-2022-PAOLO.mp3<\/a><\/audio>\n<h3><\/h3>\n<h3>\u00a0LA RACCOLTA COMPLETA<\/h3>\n<blockquote class=\"wp-embedded-content\" data-secret=\"BHvePGRPTZ\"><p><a href=\"https:\/\/www.radiopiu.net\/wordpress\/solidarieta-veneto\/\">Solidariet\u00e0 Veneto<\/a><\/p><\/blockquote>\n<p><iframe loading=\"lazy\" class=\"wp-embedded-content\" sandbox=\"allow-scripts\" security=\"restricted\" style=\"position: absolute; clip: rect(1px, 1px, 1px, 1px);\" title=\"&#8220;Solidariet\u00e0 Veneto&#8221; &#8212; Radio Pi\u00f9\" src=\"https:\/\/www.radiopiu.net\/wordpress\/solidarieta-veneto\/embed\/#?secret=PKxBFoqKeV#?secret=BHvePGRPTZ\" data-secret=\"BHvePGRPTZ\" width=\"600\" height=\"338\" frameborder=\"0\" marginwidth=\"0\" marginheight=\"0\" scrolling=\"no\"><\/iframe><\/p>\n<p>&nbsp;<\/p>\n<hr \/>\n<p>&nbsp;<\/p>\n<p>&nbsp;<\/p>\n<blockquote>\n<h3>ALLA RADIO, IL NUOVO LIBRO DI LUCA ZAIA &#8211; PRESIDENTE REGIONE VENETO &#8211;<\/h3>\n<\/blockquote>\n<p><a class=\"dt-pswp-item\" href=\"https:\/\/www.radiopiu.net\/wordpress\/wp-content\/uploads\/2022\/12\/cd866684-6de7-4f39-9cd2-3a96c633743a.jpg\" data-dt-img-description=\"\" data-large_image_width=\"1080\" data-large_image_height=\"1920\"><img loading=\"lazy\" decoding=\"async\" class=\"size-medium wp-image-309426 alignleft\" src=\"https:\/\/www.radiopiu.net\/wordpress\/wp-content\/uploads\/2022\/12\/cd866684-6de7-4f39-9cd2-3a96c633743a-169x300.jpg\" alt=\"\" width=\"169\" height=\"300\" srcset=\"https:\/\/www.radiopiu.net\/wordpress\/wp-content\/uploads\/2022\/12\/cd866684-6de7-4f39-9cd2-3a96c633743a-169x300.jpg 169w, https:\/\/www.radiopiu.net\/wordpress\/wp-content\/uploads\/2022\/12\/cd866684-6de7-4f39-9cd2-3a96c633743a-576x1024.jpg 576w, https:\/\/www.radiopiu.net\/wordpress\/wp-content\/uploads\/2022\/12\/cd866684-6de7-4f39-9cd2-3a96c633743a-768x1365.jpg 768w, https:\/\/www.radiopiu.net\/wordpress\/wp-content\/uploads\/2022\/12\/cd866684-6de7-4f39-9cd2-3a96c633743a-864x1536.jpg 864w, https:\/\/www.radiopiu.net\/wordpress\/wp-content\/uploads\/2022\/12\/cd866684-6de7-4f39-9cd2-3a96c633743a.jpg 1080w\" sizes=\"auto, (max-width: 169px) 100vw, 169px\" \/><\/a><\/p>\n<p>&nbsp;<\/p>\n<p>&nbsp;<\/p>\n<p>&nbsp;<\/p>\n<p>&nbsp;<\/p>\n<p>&nbsp;<\/p>\n<p>L&#8217;INTERVISTA<\/p>\n<p>di Mirko Mezzacasa<\/p>\n<p>&nbsp;<\/p>\n<p>&nbsp;<\/p>\n<p>&nbsp;<\/p>\n<p><strong>audio<\/strong><\/p>\n<audio class=\"wp-audio-shortcode\" id=\"audio-309321-15\" preload=\"none\" style=\"width: 100%;\" controls=\"controls\"><source type=\"audio\/mpeg\" src=\"https:\/\/www.radiopiu.net\/wordpress\/wp-content\/uploads\/2022\/11\/LUCA-ZAIA-LIBRO.mp3?_=15\" \/><a href=\"https:\/\/www.radiopiu.net\/wordpress\/wp-content\/uploads\/2022\/11\/LUCA-ZAIA-LIBRO.mp3\">https:\/\/www.radiopiu.net\/wordpress\/wp-content\/uploads\/2022\/11\/LUCA-ZAIA-LIBRO.mp3<\/a><\/audio>\n<p>&nbsp;<\/p>\n<p>&nbsp;<\/p>\n<hr \/>\n<p>&nbsp;<\/p>\n<blockquote>\n<h3>RE UNION IN CONCERTO IERI SERA ALLA BIRRERIA IN PEDAVENA VALLE AGORDINA<\/h3>\n<\/blockquote>\n<p><a href=\"https:\/\/www.facebook.com\/mirko.mezzacasa\/videos\/692450685654077\">https:\/\/www.facebook.com\/mirko.mezzacasa\/videos\/692450685654077<\/a><\/p>\n<p>&nbsp;<\/p>\n<p>&nbsp;<\/p>\n<hr \/>\n<p>&nbsp;<\/p>\n<blockquote>\n<h3>OTHELLO TANGO, VENERDI 9 DICEMBRE AL TEATRO COMUNALE DI BELLUNO<\/h3>\n<\/blockquote>\n<div><\/div>\n<blockquote>\n<div><a class=\"dt-pswp-item\" href=\"https:\/\/www.radiopiu.net\/wordpress\/wp-content\/uploads\/2022\/11\/Senza-nome-114.jpg\" data-dt-img-description=\"\" data-large_image_width=\"524\" data-large_image_height=\"278\"><img loading=\"lazy\" decoding=\"async\" class=\" wp-image-308653 alignleft\" src=\"https:\/\/www.radiopiu.net\/wordpress\/wp-content\/uploads\/2022\/11\/Senza-nome-114-300x159.jpg\" alt=\"\" width=\"285\" height=\"151\" srcset=\"https:\/\/www.radiopiu.net\/wordpress\/wp-content\/uploads\/2022\/11\/Senza-nome-114-300x159.jpg 300w, https:\/\/www.radiopiu.net\/wordpress\/wp-content\/uploads\/2022\/11\/Senza-nome-114.jpg 524w\" sizes=\"auto, (max-width: 285px) 100vw, 285px\" \/><\/a><br role=\"presentation\" \/><em><span dir=\"ltr\" role=\"presentation\">\u201c<\/span><span dir=\"ltr\" role=\"presentation\">Guardatevi dalla gelosia, mio signore! \u00c8 un mostro dagli occhi verdi che si<\/span><\/em><br role=\"presentation\" \/><em><span dir=\"ltr\" role=\"presentation\">diletta col cibo di cui si nutre<\/span><span dir=\"ltr\" role=\"presentation\">.\u201d W. Shakespeare \/ Othello<\/span><\/em><\/div>\n<\/blockquote>\n<div class=\"textLayer\"><strong><span dir=\"ltr\" role=\"presentation\">RASSEGNA DI DANZA, <\/span><\/strong><span dir=\"ltr\" role=\"presentation\">Venerd\u00ec 9 dicembre\u00a0 alle\u00a0 21 al Teatro Comunale di Belluno. <\/span><span dir=\"ltr\" role=\"presentation\">Dopo il successo strepitoso di Romeo y Julieta Tango la compagnia Naturalis Labor torna ad <\/span><span dir=\"ltr\" role=\"presentation\">esplorare attraverso il linguaggio della danza e del tango Shakespeare in uno <\/span><span dir=\"ltr\" role=\"presentation\">dei suoi testi pi\u00f9 conosciuti l\u2019Othello, con un cast di dodici danzatori. <\/span><span dir=\"ltr\" role=\"presentation\">Il tango rappresenta nell\u2019immaginario collettivo la passione, la sensualit\u00e0. <\/span><span dir=\"ltr\" role=\"presentation\">Qui il coreografo Luciano Padovani con un linguaggio sempre in bilico tra il <\/span><span dir=\"ltr\" role=\"presentation\">tango<\/span> <span dir=\"ltr\" role=\"presentation\">e<\/span> <span dir=\"ltr\" role=\"presentation\">la danza ci racconta una storia di amore e di morte. Un lavoro <\/span><span dir=\"ltr\" role=\"presentation\">attento con un cast di dodici poliedrici danzatori\/tangueros con le scene di <\/span><span dir=\"ltr\" role=\"presentation\">Mauro Zocchetta e Gloria Gandini, i costumi di<\/span> <span dir=\"ltr\" role=\"presentation\">Chiara Defant e le luci di <\/span><span dir=\"ltr\" role=\"presentation\">Thomas Heuger.<\/span><\/div>\n<div><\/div>\n<div>\n<p><iframe loading=\"lazy\" title=\"Othello Tango, in scena passione e gelosia.\" width=\"1200\" height=\"675\" src=\"https:\/\/www.youtube.com\/embed\/sgUa08f_opM?feature=oembed\" frameborder=\"0\" allow=\"accelerometer; autoplay; clipboard-write; encrypted-media; gyroscope; picture-in-picture\" allowfullscreen><\/iframe><\/p>\n<\/div>\n<p><strong><span dir=\"ltr\" role=\"presentation\">BIGLIETTERIA FISICA<\/span><span dir=\"ltr\" role=\"presentation\">: <\/span><\/strong><span dir=\"ltr\" role=\"presentation\">\u2013 MUSEO CIVICO DI BELLUNO \u2013 PALAZZO FULCIS <\/span><span dir=\"ltr\" role=\"presentation\">Via Roma, 28 \u2013 32100 Belluno (BL): 0437 913323 <\/span><strong><span dir=\"ltr\" role=\"presentation\">BIGLIETTERIA ONLINE<\/span><\/strong> <span dir=\"ltr\" role=\"presentation\">su www.midaticket.it o www.vivaticket.com <\/span><span dir=\"ltr\" style=\"color: #ff0000;\" role=\"presentation\">ABBONAMENTO<\/span> <span dir=\"ltr\" role=\"presentation\">platea e galleria centrale <\/span><span dir=\"ltr\" role=\"presentation\">&#8211; Intero \u20ac 76 <\/span><span dir=\"ltr\" role=\"presentation\">\u00a0Ridotto (Over 60 \u2013 Under 30) \u20ac 56<\/span><br role=\"presentation\" \/><span dir=\"ltr\" role=\"presentation\"><span style=\"color: #ff0000;\">BIGLIETTI<\/span> <\/span><span dir=\"ltr\" role=\"presentation\">&#8211;<\/span><span dir=\"ltr\" role=\"presentation\">INTERO <\/span><span dir=\"ltr\" role=\"presentation\">Platea e galleria centrale \u20ac 32 <\/span><span dir=\"ltr\" role=\"presentation\">Galleria laterale \u20ac 27 <\/span><span dir=\"ltr\" role=\"presentation\">Loggione centrale \u20ac 18 <\/span><span dir=\"ltr\" role=\"presentation\">Per le<\/span> <span dir=\"ltr\" role=\"presentation\">PROMOZIONI DEDICATE<\/span> <span dir=\"ltr\" role=\"presentation\">a riferirsi alla biglietteria presso il<\/span> <span dir=\"ltr\" role=\"presentation\">Museo Civico <\/span>di Belluno &#8211; Tel al 0437 913323 \u2013 SCUOLE DI DANZA \u2013 FAMIGLIA (2 adulti + 2 under 18) \u2013 RIDUZIONI EXTRA \u2013 CARTA DOCENTI<\/p>\n<p>&nbsp;<\/p>\n<p>&nbsp;<\/p>\n<hr \/>\n<p>&nbsp;<\/p>\n<blockquote>\n<h3>LIMANA E I SUOI COLORI<\/h3>\n<\/blockquote>\n<p><strong>LIMANA <\/strong>Il Comune di Limana, Ufficio Cultura e Biblioteca, ed il Circolo Artistico &#8220;Mario Morales&#8221;, inaugureranno la\u00a0 60^ Collettiva Circolo Artistico &#8220;Mario Morales&#8221; Limana E I Suoi Colori. L&#8217;appuntamento \u00e8 per domani alle 11 al municipio di Limana. La mostra sar\u00e0 visitabile fino al 26 dicembre. Orari di apertura: Venerd\u00ec, sabato, domenica dalle 15.00 alle 17.00. Domenica 25 dicembre chiuso. Luned\u00ec 26 dicembre dalle 15.00 alle 17.00<\/p>\n<p>&nbsp;<\/p>\n<p>&nbsp;<\/p>\n<hr \/>\n<p>&nbsp;<\/p>\n<blockquote>\n<h3>I VOLONTARI EMERGENCY NELLE PIAZZE DI BELLUNO E FELTRE<\/h3>\n<\/blockquote>\n<p><strong>BELLUNO<\/strong> Da gioved\u00ec 8 a domenica 11 dicembre 2022 EMERGENCY sar\u00e0 con i suoi volontari nelle piazze di Belluno e Feltre dalle 9 alle 17 con il \u201cPanettone fatto per Bene\u201d. Un modo per sostenere le attivit\u00e0 umanitarie dell\u2019organizzazione in Italia e nel mondo, dando il proprio contributo per garantire il diritto a cure gratuite e uguali per tutti.<\/p>\n<p>&nbsp;<\/p>\n<p>&nbsp;<\/p>\n<hr \/>\n<p>&nbsp;<\/p>\n<blockquote>\n<h3>PROLUNGATA FINO AL 31 NOVEMBRE LA MOSTRA &#8220;FORESTE INFRANTE<\/h3>\n<\/blockquote>\n<p><strong>BELLUNO<\/strong> Si potr\u00e0 visitare fino al 31 dicembre la mostra \u201cForeste Infrante\u201d, che racconta, a partire dalle immagini dei francobolli, le tematiche ecologiche e della sostenibilit\u00e0, quattro anni dopo la tempesta Vaia. L\u2019esposizione \u00e8 realizzata in collaborazione con il Museo Postale e Telegrafico della Mitteleuropa di Trieste e potr\u00e0 essere visitata nell\u2019orario di apertura dell\u2019Ufficio Postale Belluno Castello (luned\u00ec \u2013 venerd\u00ec 8.20 \u2013 19.05; sabato 8.20 \u2013 12.35).<\/p>\n<p>&nbsp;<\/p>\n<hr \/>\n<p>&nbsp;<\/p>\n<blockquote>\n<h3><img loading=\"lazy\" decoding=\"async\" class=\"alignleft\" src=\"https:\/\/www.radiopiu.net\/wordpress\/wp-content\/uploads\/2022\/12\/th-2.jpg\" width=\"238\" height=\"158\" \/>SANTA BARBARA. DI JOHN FRANCIS DELLA PIETRA<\/h3>\n<\/blockquote>\n<p><strong>AUDIO<\/strong><\/p>\n<audio class=\"wp-audio-shortcode\" id=\"audio-309321-16\" preload=\"none\" style=\"width: 100%;\" controls=\"controls\"><source type=\"audio\/mpeg\" src=\"https:\/\/www.radiopiu.net\/wordpress\/wp-content\/uploads\/2022\/12\/john-barbara.mp3?_=16\" \/><a href=\"https:\/\/www.radiopiu.net\/wordpress\/wp-content\/uploads\/2022\/12\/john-barbara.mp3\">https:\/\/www.radiopiu.net\/wordpress\/wp-content\/uploads\/2022\/12\/john-barbara.mp3<\/a><\/audio>\n<p>&nbsp;<\/p>\n<p><a class=\"dt-pswp-item\" href=\"https:\/\/www.radiopiu.net\/wordpress\/wp-content\/uploads\/2022\/12\/d32fb799-b375-4267-8997-d5eb8e404369.jpg\" data-dt-img-description=\"\" data-large_image_width=\"1200\" data-large_image_height=\"1600\"><img loading=\"lazy\" decoding=\"async\" class=\"wp-image-309552 aligncenter\" src=\"https:\/\/www.radiopiu.net\/wordpress\/wp-content\/uploads\/2022\/12\/d32fb799-b375-4267-8997-d5eb8e404369.jpg\" alt=\"\" width=\"378\" height=\"504\" srcset=\"https:\/\/www.radiopiu.net\/wordpress\/wp-content\/uploads\/2022\/12\/d32fb799-b375-4267-8997-d5eb8e404369.jpg 1200w, https:\/\/www.radiopiu.net\/wordpress\/wp-content\/uploads\/2022\/12\/d32fb799-b375-4267-8997-d5eb8e404369-225x300.jpg 225w, https:\/\/www.radiopiu.net\/wordpress\/wp-content\/uploads\/2022\/12\/d32fb799-b375-4267-8997-d5eb8e404369-768x1024.jpg 768w, https:\/\/www.radiopiu.net\/wordpress\/wp-content\/uploads\/2022\/12\/d32fb799-b375-4267-8997-d5eb8e404369-1152x1536.jpg 1152w\" sizes=\"auto, (max-width: 378px) 100vw, 378px\" \/><\/a><\/p>\n<p>&nbsp;<\/p>\n<p>&nbsp;<\/p>\n<p>&nbsp;<\/p>\n<hr \/>\n<p>&nbsp;<\/p>\n<h2><span style=\"color: #ff00ff;\">IN VIVO VERSO<\/span><\/h2>\n<blockquote>\n<h3>UN GIORNO NUOVO, di LOREDANA BORGHETTO<\/h3>\n<\/blockquote>\n<p><strong>AUDIO<\/strong><\/p>\n<audio class=\"wp-audio-shortcode\" id=\"audio-309321-17\" preload=\"none\" style=\"width: 100%;\" controls=\"controls\"><source type=\"audio\/mpeg\" src=\"https:\/\/www.radiopiu.net\/wordpress\/wp-content\/uploads\/2022\/11\/5-LOREDANA-BORGHETTO-UN-GIORNO-NUOVO.mp3?_=17\" \/><a href=\"https:\/\/www.radiopiu.net\/wordpress\/wp-content\/uploads\/2022\/11\/5-LOREDANA-BORGHETTO-UN-GIORNO-NUOVO.mp3\">https:\/\/www.radiopiu.net\/wordpress\/wp-content\/uploads\/2022\/11\/5-LOREDANA-BORGHETTO-UN-GIORNO-NUOVO.mp3<\/a><\/audio>\n<p>&nbsp;<\/p>\n<p>&nbsp;<\/p>\n<p><a class=\"dt-pswp-item\" href=\"https:\/\/www.radiopiu.net\/wordpress\/wp-content\/uploads\/2022\/12\/5-LOREDANA-BORGHETTO.jpg\" data-dt-img-description=\"\" data-large_image_width=\"750\" data-large_image_height=\"755\"><img loading=\"lazy\" decoding=\"async\" class=\" wp-image-309548 alignleft\" src=\"https:\/\/www.radiopiu.net\/wordpress\/wp-content\/uploads\/2022\/12\/5-LOREDANA-BORGHETTO-298x300.jpg\" alt=\"\" width=\"226\" height=\"228\" srcset=\"https:\/\/www.radiopiu.net\/wordpress\/wp-content\/uploads\/2022\/12\/5-LOREDANA-BORGHETTO-298x300.jpg 298w, https:\/\/www.radiopiu.net\/wordpress\/wp-content\/uploads\/2022\/12\/5-LOREDANA-BORGHETTO-150x150.jpg 150w, https:\/\/www.radiopiu.net\/wordpress\/wp-content\/uploads\/2022\/12\/5-LOREDANA-BORGHETTO.jpg 750w\" sizes=\"auto, (max-width: 226px) 100vw, 226px\" \/><\/a>Loredana Borghetto<br \/>\nUN GIORNO NUOVO<\/p>\n<p>Quasi non mi riconosco stamattina<br \/>\nmi guardo allo specchio<br \/>\nnon sono quella di ieri,<br \/>\nmi stendo la pelle del viso e del collo<br \/>\nqualche piega rimane<br \/>\nma mi sorride.<br \/>\nNella monotonia dei capelli<br \/>\naffiorano isole di luce<br \/>\nsar\u00e0 quel raggio di sole<br \/>\nche ostinato s\u2019intrufola<br \/>\ntra le assi del balcone.<\/p>\n<p>Non sono miei quei vestiti<br \/>\nbuttati sulla sedia. Apro l\u2019armadio<br \/>\ne respiro colori dimenticati,<br \/>\nsposto svuoto ammonticchio<br \/>\nsul letto sul pavimento<br \/>\nfinch\u00e9 ritrovo quel vestito nero, corto<br \/>\ndalla generosa scollatura<br \/>\ncon i fiori appena sbocciati<br \/>\nverdi viola d\u2019oro.<br \/>\nOggi voglio sbocciare tra loro<br \/>\ne fiorire in un giardino accogliente.<\/p>\n<p>Calzo scarpe nuove<br \/>\ndevo percorrere strade diverse<br \/>\nper ritrovarmi\u2026dove?<br \/>\nForse dove sono stata felice<br \/>\no forse dove un\u2019altra felicit\u00e0<br \/>\nper me \u00e8 preparata.<\/p>\n<p>Accadr\u00e0, in un giorno qualunque<br \/>\ne sar\u00e0 un giorno nuovo.<\/p>\n<p>&nbsp;<\/p>\n<p>LA RACCOLTA COMPLETA<\/p>\n<blockquote class=\"wp-embedded-content\" data-secret=\"REqqFhCk5u\"><p><a href=\"https:\/\/www.radiopiu.net\/wordpress\/in-vivo-verso\/\">In Vivo Verso<\/a><\/p><\/blockquote>\n<p><iframe loading=\"lazy\" class=\"wp-embedded-content\" sandbox=\"allow-scripts\" security=\"restricted\" style=\"position: absolute; clip: rect(1px, 1px, 1px, 1px);\" title=\"&#8220;In Vivo Verso&#8221; &#8212; Radio Pi\u00f9\" src=\"https:\/\/www.radiopiu.net\/wordpress\/in-vivo-verso\/embed\/#?secret=16It6Apq4C#?secret=REqqFhCk5u\" data-secret=\"REqqFhCk5u\" width=\"600\" height=\"338\" frameborder=\"0\" marginwidth=\"0\" marginheight=\"0\" scrolling=\"no\"><\/iframe><\/p>\n<p>&nbsp;<\/p>\n<hr \/>\n<p>&nbsp;<\/p>\n<div>\n<div class=\"b654a4as d2edcug0\">\n<div class=\"rq0escxv hkbzh7o3 jwdofwj8 n8tt0mok r8blr3vg hyh9befq\">\n<p><a class=\"dt-pswp-item\" href=\"https:\/\/www.radiopiu.net\/wordpress\/wp-content\/uploads\/2020\/10\/pp.jpg\" data-dt-img-description=\"\" data-large_image_width=\"640\" data-large_image_height=\"640\"><img loading=\"lazy\" decoding=\"async\" class=\"wp-image-163678 alignleft\" src=\"https:\/\/www.radiopiu.net\/wordpress\/wp-content\/uploads\/2020\/10\/pp-300x300.jpg\" alt=\"\" width=\"106\" height=\"106\" srcset=\"https:\/\/www.radiopiu.net\/wordpress\/wp-content\/uploads\/2020\/10\/pp-300x300.jpg 300w, https:\/\/www.radiopiu.net\/wordpress\/wp-content\/uploads\/2020\/10\/pp-150x150.jpg 150w, https:\/\/www.radiopiu.net\/wordpress\/wp-content\/uploads\/2020\/10\/pp-125x125.jpg 125w, https:\/\/www.radiopiu.net\/wordpress\/wp-content\/uploads\/2020\/10\/pp-200x200.jpg 200w, https:\/\/www.radiopiu.net\/wordpress\/wp-content\/uploads\/2020\/10\/pp-80x80.jpg 80w, https:\/\/www.radiopiu.net\/wordpress\/wp-content\/uploads\/2020\/10\/pp-480x480.jpg 480w, https:\/\/www.radiopiu.net\/wordpress\/wp-content\/uploads\/2020\/10\/pp.jpg 640w\" sizes=\"auto, (max-width: 106px) 100vw, 106px\" \/><\/a><\/p>\n<\/div>\n<\/div>\n<\/div>\n<div>\n<div class=\"page-title-head hgroup\">\n<div class=\"page-title-head hgroup\">\n<div class=\"b654a4as d2edcug0\">\n<div class=\"j83agx80 btwxx1t3 lhclo0ds hop8lmos nkwizq5d scwd0bx6 roh60bw9\">\n<div class=\"rq0escxv hkbzh7o3 jwdofwj8 n8tt0mok r8blr3vg hyh9befq\">\n<div class=\"do00u71z l9j0dhe7 k4urcfbm\">\n<h2><span style=\"color: #000080;\">DON CESARE, IL PENSIERO DEL GIORNO. ALLA RADIO ALLE 7 DEL MATTINO E ALLE 19.30 DELLA SERA\u00a0<\/span><\/h2>\n<audio class=\"wp-audio-shortcode\" id=\"audio-309321-18\" preload=\"none\" style=\"width: 100%;\" controls=\"controls\"><source type=\"audio\/mpeg\" src=\"https:\/\/www.radiopiu.net\/wordpress\/wp-content\/uploads\/2022\/12\/CESARE-2.mp3?_=18\" \/><a href=\"https:\/\/www.radiopiu.net\/wordpress\/wp-content\/uploads\/2022\/12\/CESARE-2.mp3\">https:\/\/www.radiopiu.net\/wordpress\/wp-content\/uploads\/2022\/12\/CESARE-2.mp3<\/a><\/audio>\n<p>&nbsp;<\/p>\n<p>&nbsp;<\/p>\n<\/div>\n<\/div>\n<\/div>\n<\/div>\n<\/div>\n<\/div>\n<\/div>\n<p>&nbsp;<\/p>\n<hr \/>\n<p>&nbsp;<\/p>\n<h2><span style=\"color: #339966;\">COLLAGE OPERAZIONE NOSTALGIA<\/span><\/h2>\n<p><strong><a class=\"dt-pswp-item\" href=\"https:\/\/www.radiopiu.net\/wordpress\/wp-content\/uploads\/2022\/11\/simon-garfunkel.jpg\" data-dt-img-description=\"\" data-large_image_width=\"460\" data-large_image_height=\"360\"><img loading=\"lazy\" decoding=\"async\" class=\" wp-image-308480 alignleft\" src=\"https:\/\/www.radiopiu.net\/wordpress\/wp-content\/uploads\/2022\/11\/simon-garfunkel-300x235.jpg\" alt=\"\" width=\"175\" height=\"137\" srcset=\"https:\/\/www.radiopiu.net\/wordpress\/wp-content\/uploads\/2022\/11\/simon-garfunkel-300x235.jpg 300w, https:\/\/www.radiopiu.net\/wordpress\/wp-content\/uploads\/2022\/11\/simon-garfunkel.jpg 460w\" sizes=\"auto, (max-width: 175px) 100vw, 175px\" \/><\/a>di Loris Scussel<\/strong><\/p>\n<p>La nuova settimana di Collage si aprir\u00e0 a ritmo di rock in particolare con i Deep Purple di \u201cHush\u201d, marted\u00ec brani di musica classica e non, mercoled\u00ec sar\u00e0 la volta dei gruppi italiani degli anni 70 con \u201cIo vagabondo\u201d dei Nomadi e cos\u00ec via, la trasmissione di gioved\u00ec sar\u00e0 dedicata ai cantautori e si aprir\u00e0 con \u201cLa luce dell\u2019est\u201d di Lucio Battisti, infine chiuderemo la settimana in bellezza venerd\u00ec con una selezione di successi internazionali come \u201cThe sound of silence\u201d di Simon e Garfunkel. Collage va in onda dal luned\u00ec al venerd\u00ec alle 16,00 e alle 23,00 naturalmente su Radio Pi\u00f9<\/p>\n<p><strong>PUNTATA DEL LUNEDI, 671<\/strong><\/p>\n<audio class=\"wp-audio-shortcode\" id=\"audio-309321-19\" preload=\"none\" style=\"width: 100%;\" controls=\"controls\"><source type=\"audio\/mpeg\" src=\"https:\/\/www.radiopiu.net\/wordpress\/wp-content\/uploads\/2022\/11\/Collage-671.mp3?_=19\" \/><a href=\"https:\/\/www.radiopiu.net\/wordpress\/wp-content\/uploads\/2022\/11\/Collage-671.mp3\">https:\/\/www.radiopiu.net\/wordpress\/wp-content\/uploads\/2022\/11\/Collage-671.mp3<\/a><\/audio>\n<p><strong>PUNTATA DEL MARTEDI, 672<\/strong><\/p>\n<audio class=\"wp-audio-shortcode\" id=\"audio-309321-20\" preload=\"none\" style=\"width: 100%;\" controls=\"controls\"><source type=\"audio\/mpeg\" src=\"https:\/\/www.radiopiu.net\/wordpress\/wp-content\/uploads\/2022\/11\/Collage-672.mp3?_=20\" \/><a href=\"https:\/\/www.radiopiu.net\/wordpress\/wp-content\/uploads\/2022\/11\/Collage-672.mp3\">https:\/\/www.radiopiu.net\/wordpress\/wp-content\/uploads\/2022\/11\/Collage-672.mp3<\/a><\/audio>\n<p><strong>PUNTATA DEL MERCOLEDI, 673<\/strong><\/p>\n<audio class=\"wp-audio-shortcode\" id=\"audio-309321-21\" preload=\"none\" style=\"width: 100%;\" controls=\"controls\"><source type=\"audio\/mpeg\" src=\"https:\/\/www.radiopiu.net\/wordpress\/wp-content\/uploads\/2022\/11\/Collage-673.mp3?_=21\" \/><a href=\"https:\/\/www.radiopiu.net\/wordpress\/wp-content\/uploads\/2022\/11\/Collage-673.mp3\">https:\/\/www.radiopiu.net\/wordpress\/wp-content\/uploads\/2022\/11\/Collage-673.mp3<\/a><\/audio>\n<p><strong>PUNTATA DEL GIOVEDI, 674<\/strong><\/p>\n<audio class=\"wp-audio-shortcode\" id=\"audio-309321-22\" preload=\"none\" style=\"width: 100%;\" controls=\"controls\"><source type=\"audio\/mpeg\" src=\"https:\/\/www.radiopiu.net\/wordpress\/wp-content\/uploads\/2022\/11\/Collage-674.mp3?_=22\" \/><a href=\"https:\/\/www.radiopiu.net\/wordpress\/wp-content\/uploads\/2022\/11\/Collage-674.mp3\">https:\/\/www.radiopiu.net\/wordpress\/wp-content\/uploads\/2022\/11\/Collage-674.mp3<\/a><\/audio>\n<p><strong>PUNTATA DEL VENERDI, 675<\/strong><\/p>\n<audio class=\"wp-audio-shortcode\" id=\"audio-309321-23\" preload=\"none\" style=\"width: 100%;\" controls=\"controls\"><source type=\"audio\/mpeg\" src=\"https:\/\/www.radiopiu.net\/wordpress\/wp-content\/uploads\/2022\/11\/Collage-675.mp3?_=23\" \/><a href=\"https:\/\/www.radiopiu.net\/wordpress\/wp-content\/uploads\/2022\/11\/Collage-675.mp3\">https:\/\/www.radiopiu.net\/wordpress\/wp-content\/uploads\/2022\/11\/Collage-675.mp3<\/a><\/audio>\n<p>&nbsp;<\/p>\n<hr \/>\n<p>&nbsp;<\/p>\n<h2><span style=\"color: #800080;\">DEDICHE E RICHIESTE &#8211; PUNTATA DEL 30 NOVEMBRE 2022<\/span><\/h2>\n<p><strong><a class=\"dt-pswp-item\" href=\"https:\/\/www.radiopiu.net\/wordpress\/wp-content\/uploads\/2022\/12\/4aa71717-bd89-4d53-b4c3-830ef391d1f2.jpg\" data-dt-img-description=\"\" data-large_image_width=\"1019\" data-large_image_height=\"581\"><img loading=\"lazy\" decoding=\"async\" class=\" wp-image-309260 alignleft\" src=\"https:\/\/www.radiopiu.net\/wordpress\/wp-content\/uploads\/2022\/12\/4aa71717-bd89-4d53-b4c3-830ef391d1f2-300x171.jpg\" alt=\"\" width=\"181\" height=\"103\" srcset=\"https:\/\/www.radiopiu.net\/wordpress\/wp-content\/uploads\/2022\/12\/4aa71717-bd89-4d53-b4c3-830ef391d1f2-300x171.jpg 300w, https:\/\/www.radiopiu.net\/wordpress\/wp-content\/uploads\/2022\/12\/4aa71717-bd89-4d53-b4c3-830ef391d1f2-768x438.jpg 768w, https:\/\/www.radiopiu.net\/wordpress\/wp-content\/uploads\/2022\/12\/4aa71717-bd89-4d53-b4c3-830ef391d1f2.jpg 1019w\" sizes=\"auto, (max-width: 181px) 100vw, 181px\" \/><\/a>REDAZIONE<\/strong> E&#8217; andata in onda la puntata di &#8220;Dediche e Richieste&#8221; programma del mercoled\u00ec sera che vi fa ascoltare la vostra musica preferita intervallata da interventi vari. Tra gli ospiti telefonici di questa settimana: Andrea Chicca (Radio Club 103), Luca Zaia (Presidente del Veneto), Roberto Padrin (Presidente della provincia di Belluno), Damiano Tormen (giornalista), Eros DJ.<\/p>\n<p><strong>ASCOLTA LA PUNTATA<\/strong><\/p>\n<audio class=\"wp-audio-shortcode\" id=\"audio-309321-24\" preload=\"none\" style=\"width: 100%;\" controls=\"controls\"><source type=\"audio\/mpeg\" src=\"https:\/\/www.radiopiu.net\/wordpress\/wp-content\/uploads\/2022\/12\/PUNTATA-MERCOLEDI.mp3?_=24\" \/><a href=\"https:\/\/www.radiopiu.net\/wordpress\/wp-content\/uploads\/2022\/12\/PUNTATA-MERCOLEDI.mp3\">https:\/\/www.radiopiu.net\/wordpress\/wp-content\/uploads\/2022\/12\/PUNTATA-MERCOLEDI.mp3<\/a><\/audio>\n<p>&nbsp;<\/p>\n<hr \/>\n<p>&nbsp;<\/p>\n<p><img loading=\"lazy\" decoding=\"async\" class=\"aligncenter wp-image-61954 size-full\" src=\"https:\/\/www.radiopiu.net\/wordpress\/wp-content\/uploads\/2018\/09\/viabilita.jpeg\" sizes=\"auto, (max-width: 800px) 100vw, 800px\" srcset=\"https:\/\/www.radiopiu.net\/wordpress\/wp-content\/uploads\/2018\/09\/viabilita.jpeg 800w, https:\/\/www.radiopiu.net\/wordpress\/wp-content\/uploads\/2018\/09\/viabilita-300x38.jpeg 300w, https:\/\/www.radiopiu.net\/wordpress\/wp-content\/uploads\/2018\/09\/viabilita-768x96.jpeg 768w\" alt=\"\" width=\"800\" height=\"100\" \/><\/p>\n<p>&nbsp;<\/p>\n<p>&nbsp;<\/p>\n<p><strong>AGGIORNAMENTO VENETO STRADE, AGGIORNAMENTO CONTINUO H 24<\/strong><\/p>\n<p>&nbsp;<\/p>\n<blockquote class=\"wp-embedded-content\" data-secret=\"RG648p2m7c\"><p><a href=\"https:\/\/www.radiopiu.net\/wordpress\/viabilita\/\">viabilita<\/a><\/p><\/blockquote>\n<p><iframe loading=\"lazy\" class=\"wp-embedded-content\" sandbox=\"allow-scripts\" security=\"restricted\" style=\"position: absolute; clip: rect(1px, 1px, 1px, 1px);\" title=\"&#8220;viabilita&#8221; &#8212; Radio Pi\u00f9\" src=\"https:\/\/www.radiopiu.net\/wordpress\/viabilita\/embed\/#?secret=s4V0eF97Kf#?secret=RG648p2m7c\" data-secret=\"RG648p2m7c\" width=\"600\" height=\"338\" frameborder=\"0\" marginwidth=\"0\" marginheight=\"0\" scrolling=\"no\"><\/iframe><\/p>\n<p>&nbsp;<\/p>\n<p>&nbsp;<\/p>\n<hr \/>\n<p>&nbsp;<\/p>\n<p><a class=\"dt-pswp-item\" href=\"https:\/\/www.radiopiu.net\/wordpress\/wp-content\/uploads\/2018\/09\/WhatsApp-Image-2018-09-20-at-16.04.06.jpeg\" data-dt-img-description=\"\" data-large_image_width=\"800\" data-large_image_height=\"100\"><img loading=\"lazy\" decoding=\"async\" class=\"wp-image-61378 size-full aligncenter\" src=\"https:\/\/www.radiopiu.net\/wordpress\/wp-content\/uploads\/2018\/09\/WhatsApp-Image-2018-09-20-at-16.04.06.jpeg\" alt=\"\" width=\"800\" height=\"100\" srcset=\"https:\/\/www.radiopiu.net\/wordpress\/wp-content\/uploads\/2018\/09\/WhatsApp-Image-2018-09-20-at-16.04.06.jpeg 800w, https:\/\/www.radiopiu.net\/wordpress\/wp-content\/uploads\/2018\/09\/WhatsApp-Image-2018-09-20-at-16.04.06-300x38.jpeg 300w, https:\/\/www.radiopiu.net\/wordpress\/wp-content\/uploads\/2018\/09\/WhatsApp-Image-2018-09-20-at-16.04.06-768x96.jpeg 768w\" sizes=\"auto, (max-width: 800px) 100vw, 800px\" \/><\/a><\/p>\n<p>&nbsp;<\/p>\n<div><b>OGGI <\/b>Graduale peggioramento del tempo con cielo coperto e primi deboli fenomeni sparsi al mattino. Successivamente il tempo diventer\u00e0 lievemente perturbato con precipitazioni via via pi\u00f9 diffuse. In quota il relativo freddo del mattino si smorzer\u00e0 al pomeriggio per primi accenni sciroccali. Nelle valli ambiente molto uggioso. Nel corso del mattino\u00a0 prime debolissime precipitazioni, nevose sopra gli 800-1000 m. Al pomeriggio maggiore probabilit\u00e0 di fenomeni\u00a0 ancora deboli e localmente moderati ma solo alla sera e sulle Prealpi, con rialzo del limite della neve sui 1100-1200 su Dolomiti e 1300-1500 m su Prealpi.<\/div>\n<div><strong>DOMANI<\/strong><b> <\/b>Maltempo con cielo coperto e diffuse precipitazioni perlopi\u00f9 deboli sulle Dolomiti settentrionali e di maggiore entit\u00e0 altrove, specie sulle Prealpi. Atmosfera uggiosa e meno fredda per il costante richiamo sciroccale, pi\u00f9 avvertito sulla fascia prealpina.<b> <\/b>Probabilit\u00e0 molto alta di precipitazione diffuse, deboli ma continue sulle Dolomiti settentrionali e man mano di maggiore intensit\u00e0 ed entit\u00e0 spostandosi verso la fascia prealpina. Il limite della neve sar\u00e0 inizialmente a 1200-1300 m e risalir\u00e0 fino a 1400-1600 m in giornata. Gli apporti complessivi tra sabato e domenica saranno compresi tra 15 e 20 mm, localmente fino a 25-35 mm sulle Prealpi, anche 40 mm nei settori esposti. Alle quote pi\u00f9 basse il contributo pioggia o neve bagnata ridurr\u00e0 sensibilmente i cumuli di neve fresca.<\/div>\n<div><strong>LUNEDI<\/strong> Nottetempo cielo molto nuvoloso con residue precipitazioni, nevose oltre i 1100-1400 m. In giornata il cielo rimarr\u00e0 molto nuvoloso, ma con una temporanea pausa dei fenomeni, prima che ricominci a precipitare al pomeriggio, con limite della neve in abbassamento fino a 1000-1200 m alla sera. Temperature in generale lieve calo, eccetto stazionariet\u00e0 delle minime.<\/div>\n<div><strong>MARTEDI<\/strong> Stupende condizioni meteorologiche con sole, cielo sereno, aria tersa e ottima visibilit\u00e0. Contesto termico pi\u00f9 freddo di notte con diffuse gelate, compreso nei fondovalle prealpini; in giornata ripresa delle massime a tutte le quote, eccetto nelle valli in ombra dove resister\u00e0 un po&#8217; del freddo della notte.<\/div>\n<p>&nbsp;<\/p>\n<blockquote class=\"wp-embedded-content\" data-secret=\"j4vbNrRpxc\"><p><a href=\"https:\/\/www.radiopiu.net\/wordpress\/trentacinque-centimetri-di-neve-sui-monti-alti-di-ornella\/\">TRENTACINQUE  CENTIMETRI DI NEVE SUI MONTI ALTI DI ORNELLA<\/a><\/p><\/blockquote>\n<p><iframe loading=\"lazy\" class=\"wp-embedded-content\" sandbox=\"allow-scripts\" security=\"restricted\" style=\"position: absolute; clip: rect(1px, 1px, 1px, 1px);\" title=\"&#8220;TRENTACINQUE  CENTIMETRI DI NEVE SUI MONTI ALTI DI ORNELLA&#8221; &#8212; Radio Pi\u00f9\" src=\"https:\/\/www.radiopiu.net\/wordpress\/trentacinque-centimetri-di-neve-sui-monti-alti-di-ornella\/embed\/#?secret=iOSKLHYiA9#?secret=j4vbNrRpxc\" data-secret=\"j4vbNrRpxc\" width=\"600\" height=\"338\" frameborder=\"0\" marginwidth=\"0\" marginheight=\"0\" scrolling=\"no\"><\/iframe><\/p>\n<p>&nbsp;<\/p>\n<p>&nbsp;<\/p>\n<p>&nbsp;<\/p>\n<p>&nbsp;<\/p>\n<hr \/>\n<p>&nbsp;<\/p>\n<p>&nbsp;<\/p>\n<p><a class=\"dt-pswp-item\" href=\"https:\/\/www.radiopiu.net\/wordpress\/wp-content\/uploads\/2018\/09\/sport.jpg\" data-dt-img-description=\"\" data-large_image_width=\"800\" data-large_image_height=\"100\"><img loading=\"lazy\" decoding=\"async\" class=\"aligncenter wp-image-60761 size-full\" src=\"https:\/\/www.radiopiu.net\/wordpress\/wp-content\/uploads\/2018\/09\/sport.jpg\" alt=\"\" width=\"800\" height=\"100\" srcset=\"https:\/\/www.radiopiu.net\/wordpress\/wp-content\/uploads\/2018\/09\/sport.jpg 800w, https:\/\/www.radiopiu.net\/wordpress\/wp-content\/uploads\/2018\/09\/sport-300x38.jpg 300w, https:\/\/www.radiopiu.net\/wordpress\/wp-content\/uploads\/2018\/09\/sport-768x96.jpg 768w\" sizes=\"auto, (max-width: 800px) 100vw, 800px\" \/><\/a><\/p>\n<p>&nbsp;<\/p>\n<p>&nbsp;<\/p>\n<p><span style=\"color: #0000ff;\"><strong>CALCIO A 5<\/strong><\/span><\/p>\n<blockquote>\n<h3>INIZIA OGGI IL TORNEO DEGLI ANGELI AL PALAROVA DI AGORDO<\/h3>\n<\/blockquote>\n<p><strong><a class=\"dt-pswp-item\" href=\"https:\/\/www.radiopiu.net\/wordpress\/wp-content\/uploads\/2022\/11\/torneo-angeli-2022.png\" data-dt-img-description=\"\" data-large_image_width=\"1094\" data-large_image_height=\"596\"><img loading=\"lazy\" decoding=\"async\" class=\" wp-image-305197 alignleft\" src=\"https:\/\/www.radiopiu.net\/wordpress\/wp-content\/uploads\/2022\/11\/torneo-angeli-2022-300x163.png\" alt=\"\" width=\"213\" height=\"116\" srcset=\"https:\/\/www.radiopiu.net\/wordpress\/wp-content\/uploads\/2022\/11\/torneo-angeli-2022-300x163.png 300w, https:\/\/www.radiopiu.net\/wordpress\/wp-content\/uploads\/2022\/11\/torneo-angeli-2022-1024x558.png 1024w, https:\/\/www.radiopiu.net\/wordpress\/wp-content\/uploads\/2022\/11\/torneo-angeli-2022-768x418.png 768w, https:\/\/www.radiopiu.net\/wordpress\/wp-content\/uploads\/2022\/11\/torneo-angeli-2022.png 1094w\" sizes=\"auto, (max-width: 213px) 100vw, 213px\" \/><\/a>di Marco Gaz<\/strong><\/p>\n<p><strong>AGORDO<\/strong> Inizia ufficialmente oggi pomeriggio la quindicesima edizione del Torneo Degli Angeli, l&#8217;appuntamento invernale organizzato da l&#8217;U.S. Le Ville in memoria di Thierry Brancaleone e Denis Benvegn\u00f9. Oggi e domani si giocheranno le partite valide per i gironi eliminatori. Nove le squadre iscritte a questa edizione e tre i gironi di qualificazione. Le Ville, Extra, Bar Ristorante Da Carla, Break Time, Zuita Futsal Team, Republica Cioka, Alleghe, Voltago e Kosova sono le formazioni che si sfideranno nella palestra a fianco alla piscina. Al termine delle prime due giornate si decreteranno le 8 squadre che si sfideranno nei quarti di finale in programma domenica 11 dicembre. Atto finale del torneo domenica 18 con le semifinali e la finalissima in programma alle 18. A seguire le premiazioni e il classico rinfresco natalizio offerto dagli organizzatori.<\/p>\n<p>&nbsp;<\/p>\n<p>&nbsp;<\/p>\n<p>&nbsp;<\/p>\n<p>&nbsp;<\/p>\n<p><span style=\"color: #0000ff;\"><strong>CALCIO<\/strong><\/span><\/p>\n<blockquote>\n<h3>ALLIEVI E PRIMA SQUADRA DELL&#8217;AGORDINA IN CAMPO DOMANI<\/h3>\n<\/blockquote>\n<p><strong><a class=\"dt-pswp-item\" href=\"https:\/\/www.radiopiu.net\/wordpress\/wp-content\/uploads\/2022\/04\/CALCIO.jpg\" data-dt-img-description=\"\" data-large_image_width=\"1920\" data-large_image_height=\"1280\"><img loading=\"lazy\" decoding=\"async\" class=\" wp-image-270520 alignleft\" src=\"https:\/\/www.radiopiu.net\/wordpress\/wp-content\/uploads\/2022\/04\/CALCIO-300x200.jpg\" alt=\"\" width=\"174\" height=\"116\" srcset=\"https:\/\/www.radiopiu.net\/wordpress\/wp-content\/uploads\/2022\/04\/CALCIO-300x200.jpg 300w, https:\/\/www.radiopiu.net\/wordpress\/wp-content\/uploads\/2022\/04\/CALCIO-1024x683.jpg 1024w, https:\/\/www.radiopiu.net\/wordpress\/wp-content\/uploads\/2022\/04\/CALCIO-768x512.jpg 768w, https:\/\/www.radiopiu.net\/wordpress\/wp-content\/uploads\/2022\/04\/CALCIO-1536x1024.jpg 1536w, https:\/\/www.radiopiu.net\/wordpress\/wp-content\/uploads\/2022\/04\/CALCIO.jpg 1920w\" sizes=\"auto, (max-width: 174px) 100vw, 174px\" \/><\/a>di Marco Gaz<\/strong><\/p>\n<p><strong>REDAZIONE<\/strong> Rimangono solo due campionati in attivit\u00e0 per l&#8217;Agordina Calcio. Infatti a partire da questa settimana inizia la pausa invernale per i campionati provinciali giovanili. Giovanissimi e Juniores torneranno in campo la prima domenica di marzo per continuare le rispettive stagioni. Si continua a giocare solo nei campionati a livello regionale e domani ci saranno due sfide in cui l&#8217;Agordina \u00e8 protagonista. Gli Allievi allenati da Orzetti cercheranno di rialzare la testa contro il Lovispresiano. Il match \u00e8 stato posticipato alle 15 e si giocher\u00e0 all&#8217;Ivano Dorigo di Agordo. Una sfida di bassa classifica con gli agordini che potrebbero puntare ai 3 punti in palio. Due squadre che stanno faticando e non poco in questo campionato regionale. Domani alle 14:30 in campo anche la prima squadra che non avr\u00e0 vita facile contro la capolista Juventina Mugnai. I ragazzi di Lorenzi non riescono a fare punti. Tanti errori in attacco ma anche in difesa per l&#8217;Agordina di Seconda Categoria. Penultima partita prima della pausa per le festivit\u00e0 natalizie che Radio Pi\u00f9 seguir\u00e0 in diretta all&#8217;interno di Domenica Pi\u00f9 Sport.<\/p>\n<p>&nbsp;<\/p>\n<p>&nbsp;<\/p>\n<hr \/>\n<p>&nbsp;<\/p>\n<p><span style=\"color: #0000ff;\"><strong>HOCKEY SU GHIACCIO<\/strong><\/span><\/p>\n<blockquote>\n<h3>CIVETTE A BRESSANONE CONTRO I FALCHI<\/h3>\n<\/blockquote>\n<p><strong><a class=\"dt-pswp-item\" href=\"https:\/\/www.radiopiu.net\/wordpress\/wp-content\/uploads\/2022\/12\/8d890e57-1414-4c8f-9fe8-b2132d9561de.jpg\" data-dt-img-description=\"\" data-large_image_width=\"1024\" data-large_image_height=\"627\"><img loading=\"lazy\" decoding=\"async\" class=\" wp-image-309450 alignleft\" src=\"https:\/\/www.radiopiu.net\/wordpress\/wp-content\/uploads\/2022\/12\/8d890e57-1414-4c8f-9fe8-b2132d9561de-300x184.jpg\" alt=\"\" width=\"194\" height=\"119\" srcset=\"https:\/\/www.radiopiu.net\/wordpress\/wp-content\/uploads\/2022\/12\/8d890e57-1414-4c8f-9fe8-b2132d9561de-300x184.jpg 300w, https:\/\/www.radiopiu.net\/wordpress\/wp-content\/uploads\/2022\/12\/8d890e57-1414-4c8f-9fe8-b2132d9561de-768x470.jpg 768w, https:\/\/www.radiopiu.net\/wordpress\/wp-content\/uploads\/2022\/12\/8d890e57-1414-4c8f-9fe8-b2132d9561de.jpg 1024w\" sizes=\"auto, (max-width: 194px) 100vw, 194px\" \/><\/a>di Roberto Miana, portavoce dell&#8217;Alleghe Hockey<\/strong><\/p>\n<p>Tredicesima giornata (4^di ritorno) del campionato di Italian Hockey League 2022\/2023. Sabato 3 dicembre alle 20:00 le Civette giocano in trasferta alla Eishalle Arena contro i Falchi di Bressanone. Nell&#8217;ultima gara contro il Varese, alla Acinque Ice Arena, i biancorossi hanno subito una pesante sconfitta 2-6, pi\u00f9 preoccupante dal punto di vista del poco gioco espresso che del punteggio, contro un avversario che ha offerto una grande prova di forza e mostrato un eccellente forma fisica. Primo drittel da dimenticare per i nostri ragazzi che dopo pochi secondi di gara hanno subito la prima rete dei padroni di casa. Nel secondo tempo la timida reazione alleghese \u00e8 coronata dalla rete dello svedese Colton #9. Terzo tempo giocato alla pari con una bella marcatura del capitano Milos Ganz #23, quando ormai le sorti della gara erano per\u00f2 segnate. Il Bressanone \u00e8 reduce dalla bruciante sconfitta maturata contro i Pirati in quel di Appiano. I Falchi, portatisi sul doppio vantaggio ad inizio match, hanno perso la partita 3-5 negli ultimi secondi di gioco, quando tutto lasciava presagire che per sancire la vincente della contesa si sarebbe andati all&#8217;overtime. Degli altoatesini, ottavi in classifica con 12 punti, non devono ingannare le quattro sconfitte subite nelle ultime cinque gare, perch\u00e9 i Falchi hanno comunque dimostrato di essere in netta crescita avendo prima battuto la capolista Caldaro e poi messo in seria difficolt\u00e0 l&#8217;Appiano secondo in classifica. Tra i nostri prossimi avversari da segnalare l&#8217;italo-canadese Daniel Eruzione che da ultimo arrivato in casa Bressanone (sei gare disputate per lui) ha totalizzato 4 gol e 5 assist e il brunicense Michael Purdeller con un 6+4 a referto. Dalla stagione 2018\/2019, da quando Alleghe e Bressanone si affrontano nel campionato di serie B di hockey su ghiaccio (IHL), le Civette hanno incrociato le stecche con i Falchi 9 volte. Il bilancio generale conta 5 vittorie alleghesi e 4 brissinesi. Se prendiamo in considerazione le sole gare disputate alla Eishalle Arena, il bilancio \u00e8 in perfetta parit\u00e0 con due successi per parte. Nell&#8217;ultima gara giocata in Alto Adige, il 27 novembre 2021, si sono imposti i padroni di casa 1-0. Nella gara di andata il Bressanone ha vinto 2-1 sul neutro di Feltre. Conteggiando le reti totali segnate in questa sfida l\u2019Alleghe ha messo a segno 28 marcature contro 20 del Bressanone.<\/p>\n<p><strong>BRESSANONE &#8211; ALLEGHE <\/strong>Sabato 3 dicembre ore 20:00 &#8211; Eishalle Arena di Bressanone (Bz). Arbitri: Fabio Tirelli e Luca Zatta con giudici di linea Martin Mair e Alberto Plancher. Collegamenti in DIRETTA RADIOFONICA su Radio Pi\u00f9 (www.radiopiu.net) con \u201cHockey al punto giusto\u201d, in studio Marco Gaz e da Bressanone interventi di Massimo Zanardi<\/p>\n<p>&nbsp;<\/p>\n<p>&nbsp;<\/p>\n<hr \/>\n<p>&nbsp;<\/p>\n<p><span style=\"color: #0000ff;\"><strong>RUGBY<\/strong><\/span><\/p>\n<blockquote>\n<h3>RIPARTE IL CAMPIONATO PER IL RUGBY BELLUNO<\/h3>\n<\/blockquote>\n<p><strong><a class=\"dt-pswp-item\" href=\"https:\/\/www.radiopiu.net\/wordpress\/wp-content\/uploads\/2022\/12\/RUGBY.jpg\" data-dt-img-description=\"\" data-large_image_width=\"1920\" data-large_image_height=\"1280\"><img loading=\"lazy\" decoding=\"async\" class=\" wp-image-309456 alignleft\" src=\"https:\/\/www.radiopiu.net\/wordpress\/wp-content\/uploads\/2022\/12\/RUGBY-300x200.jpg\" alt=\"\" width=\"162\" height=\"108\" srcset=\"https:\/\/www.radiopiu.net\/wordpress\/wp-content\/uploads\/2022\/12\/RUGBY-300x200.jpg 300w, https:\/\/www.radiopiu.net\/wordpress\/wp-content\/uploads\/2022\/12\/RUGBY-1024x683.jpg 1024w, https:\/\/www.radiopiu.net\/wordpress\/wp-content\/uploads\/2022\/12\/RUGBY-768x512.jpg 768w, https:\/\/www.radiopiu.net\/wordpress\/wp-content\/uploads\/2022\/12\/RUGBY-1536x1024.jpg 1536w, https:\/\/www.radiopiu.net\/wordpress\/wp-content\/uploads\/2022\/12\/RUGBY.jpg 1920w\" sizes=\"auto, (max-width: 162px) 100vw, 162px\" \/><\/a>BELLUNO<\/strong> Il campionato di rugby di serie C1 riparte domenica col botto: alla prima giornata della fase che porter\u00e0 una squadra alla promozione in serie B c&#8217;\u00e8 gi\u00e0 il derby tra Alpago e Belluno.<\/p>\n<p><strong>di Daniele Dalvit<\/strong><\/p>\n<audio class=\"wp-audio-shortcode\" id=\"audio-309321-25\" preload=\"none\" style=\"width: 100%;\" controls=\"controls\"><source type=\"audio\/mpeg\" src=\"https:\/\/www.radiopiu.net\/wordpress\/wp-content\/uploads\/2022\/12\/DALVIT-RUGBY-BELLUNO.mp3?_=25\" \/><a href=\"https:\/\/www.radiopiu.net\/wordpress\/wp-content\/uploads\/2022\/12\/DALVIT-RUGBY-BELLUNO.mp3\">https:\/\/www.radiopiu.net\/wordpress\/wp-content\/uploads\/2022\/12\/DALVIT-RUGBY-BELLUNO.mp3<\/a><\/audio>\n<p>&nbsp;<\/p>\n<hr \/>\n<p>&nbsp;<\/p>\n<p><span style=\"color: #0000ff;\"><strong>PALLAVOLO<\/strong><\/span><\/p>\n<blockquote>\n<h3>LUPE A SILEA CONTRO IL FANALINO DI CODA DEL CAMPIONATO<\/h3>\n<\/blockquote>\n<p><strong><a class=\"dt-pswp-item\" href=\"https:\/\/www.radiopiu.net\/wordpress\/wp-content\/uploads\/2022\/12\/Vendramini_insieme_a_Casagrande.jpg\" data-dt-img-description=\"\" data-large_image_width=\"1280\" data-large_image_height=\"855\"><img loading=\"lazy\" decoding=\"async\" class=\" wp-image-309462 alignleft\" src=\"https:\/\/www.radiopiu.net\/wordpress\/wp-content\/uploads\/2022\/12\/Vendramini_insieme_a_Casagrande-300x200.jpg\" alt=\"\" width=\"168\" height=\"112\" srcset=\"https:\/\/www.radiopiu.net\/wordpress\/wp-content\/uploads\/2022\/12\/Vendramini_insieme_a_Casagrande-300x200.jpg 300w, https:\/\/www.radiopiu.net\/wordpress\/wp-content\/uploads\/2022\/12\/Vendramini_insieme_a_Casagrande-1024x684.jpg 1024w, https:\/\/www.radiopiu.net\/wordpress\/wp-content\/uploads\/2022\/12\/Vendramini_insieme_a_Casagrande-768x513.jpg 768w, https:\/\/www.radiopiu.net\/wordpress\/wp-content\/uploads\/2022\/12\/Vendramini_insieme_a_Casagrande.jpg 1280w\" sizes=\"auto, (max-width: 168px) 100vw, 168px\" \/><\/a>BELLUNO <\/strong>La grande occasione per riannodare il filo col successo si presenta stasera alle 21: a Silea, infatti, la Pallavolo Belluno Femminile affronter\u00e0 un sestetto ancora a secco di vittorie e ancorato in fondo alla graduatoria del campionato femminile di serie C. Nessun dubbio: l\u2019opportunit\u00e0 di rimettersi in careggiata \u00e8 davvero ghiotta per le bellunesi. Le quali, dopo la bella vittoria in trasferta all\u2019esordio, non sono pi\u00f9 riuscite a muovere la classifica.<span class=\"gmail-Apple-converted-space\"> \u00a0<\/span>Anche se, dal punto di vista del gioco e dell\u2019approccio, i passi avanti sono stati evidenti. Come conferma la palleggiatrice Gloria Vendramini: \u00abNella partita di sabato scorso, contro l\u2019Imarc Rossano, \u00e8 emersa la voglia di ognuna di noi di portare a casa il risultato. Anche se poi l&#8217;esito finale non ci ha sorriso. Nonostante questa sconfitta, siamo uscite dal campo abbastanza contente per l\u2019atteggiamento avuto, anche perch\u00e9 stiamo attraversando un periodo difficile a livello di squadra\u00bb. Vendramini e le sue compagne hanno le idee chiare. E intendono renderle concrete: \u00abDobbiamo continuare a spingere e a mettercela tutta, fino in fondo, per uscire dal buio di questa fase. Dal punto di vista personale, a Belluno mi trovo benissimo: sia con la societ\u00e0, sempre molto disponibile, sia con l\u2019allenatore e le mie compagne\u00bb.<span class=\"gmail-Apple-converted-space\">\u00a0<\/span><\/p>\n<p>&nbsp;<\/p>\n<p>&nbsp;<\/p>\n<p>&nbsp;<\/p>\n<p>&nbsp;<\/p>\n","protected":false},"excerpt":{"rendered":"<p>RADIO PIU INFORMAZIONE il canale su TELEGRAM informazione di prima\u00a0 mano e in tempo reale. iscriviti ed aiutaci a farlo conoscere\u00a0 \u00a0 &nbsp; I CAPOLAVORO DI PIER ALDO VIGNAZIA\u00a0 (VIP) LA SANTA BARBARA DEI PERITI MINERARI dalle 11 diretta sui canali facebook di RADIOPIU AGORDO I periti minerari\u00a0 dell&#8217;Apim si preparano a festeggiare la loro&hellip;<\/p>\n","protected":false},"author":4,"featured_media":309560,"comment_status":"closed","ping_status":"closed","sticky":false,"template":"","format":"standard","meta":{"_monsterinsights_skip_tracking":false,"_monsterinsights_sitenote_active":false,"_monsterinsights_sitenote_note":"","_monsterinsights_sitenote_category":0,"footnotes":""},"categories":[104,86,49],"tags":[],"class_list":["post-309321","post","type-post","status-publish","format-standard","has-post-thumbnail","hentry","category-evidenza_3","category-gr","category-news-18","category-104","category-86","category-49","description-off"],"img_url":"https:\/\/www.radiopiu.net\/wordpress\/wp-content\/uploads\/2022\/12\/bba40adf-6ffc-4be2-9a12-d128da9bd402.jpg","_links":{"self":[{"href":"https:\/\/www.radiopiu.net\/wordpress\/wp-json\/wp\/v2\/posts\/309321","targetHints":{"allow":["GET"]}}],"collection":[{"href":"https:\/\/www.radiopiu.net\/wordpress\/wp-json\/wp\/v2\/posts"}],"about":[{"href":"https:\/\/www.radiopiu.net\/wordpress\/wp-json\/wp\/v2\/types\/post"}],"author":[{"embeddable":true,"href":"https:\/\/www.radiopiu.net\/wordpress\/wp-json\/wp\/v2\/users\/4"}],"replies":[{"embeddable":true,"href":"https:\/\/www.radiopiu.net\/wordpress\/wp-json\/wp\/v2\/comments?post=309321"}],"version-history":[{"count":0,"href":"https:\/\/www.radiopiu.net\/wordpress\/wp-json\/wp\/v2\/posts\/309321\/revisions"}],"wp:featuredmedia":[{"embeddable":true,"href":"https:\/\/www.radiopiu.net\/wordpress\/wp-json\/wp\/v2\/media\/309560"}],"wp:attachment":[{"href":"https:\/\/www.radiopiu.net\/wordpress\/wp-json\/wp\/v2\/media?parent=309321"}],"wp:term":[{"taxonomy":"category","embeddable":true,"href":"https:\/\/www.radiopiu.net\/wordpress\/wp-json\/wp\/v2\/categories?post=309321"},{"taxonomy":"post_tag","embeddable":true,"href":"https:\/\/www.radiopiu.net\/wordpress\/wp-json\/wp\/v2\/tags?post=309321"}],"curies":[{"name":"wp","href":"https:\/\/api.w.org\/{rel}","templated":true}]}}