{"id":309377,"date":"2022-12-02T07:55:21","date_gmt":"2022-12-02T06:55:21","guid":{"rendered":"https:\/\/www.radiopiu.net\/wordpress\/?p=309377"},"modified":"2022-12-02T08:08:05","modified_gmt":"2022-12-02T07:08:05","slug":"la-rassegna-stampa-locale-dal-1983-di-mirko-mezzacasa","status":"publish","type":"post","link":"https:\/\/www.radiopiu.net\/wordpress\/la-rassegna-stampa-locale-dal-1983-di-mirko-mezzacasa\/","title":{"rendered":"LA RASSEGNA STAMPA LOCALE, DAL 1983 di Mirko Mezzacasa"},"content":{"rendered":"<p><strong>PONTE NELLE ALPI<\/strong> Per la rapina al market di Franco Ardivel ci sono tre indagati, tutti giovanissimi, svolta nelle indagini sul colpo dello scorso 4 novembre, scattano le perquisizioni nelle abitazioni, la polizia sulle tracce dei delinquenti dopo la visione dei filmati. <strong>LUTTI<\/strong> E\u2019 mancato \u201cFranco\u201d Spagnolo l\u2019anima del Serva, la montagna dei bellunesi. O Omar De Vecchi \u00e8 morto a soli 55 anni. E\u2019 mancato lunedi sera, strappato alla vita da un infarto che non gli ha dato scampo. Molto conosciuto nel Castionese. Si \u00e8 spento a 69 anni Ernesto Reolon per gran parte della vita in politica, tra le fila del Pd di Belluno, del quale era stato uno dei massimi esponenti. Gi\u00e0 sindacalista della Cgil, nel 2021 Reolon aveva retto il Pd per sei mesi come commissario <strong>BELLUNO<\/strong> Il tribunale di Belluno in secondo grado da ragione al Comune di Belluno e valida le contravvenzioni con l&#8217;autovelox di Levego, sentenza diversa rispetto a quella del giudice di pace. <strong>AGORDO<\/strong> Si \u00e8 tenuta ieri alla presenza di Francesco Milleri, Presidente e Amministratore Delegato e di Leonardo Maria Del Vecchio, Chief Strategy Officer di EssilorLuxottica la cerimonia dedicata ai dipendenti che hanno festeggiato i 40 anni in azienda. <strong>LA VALLE AGORDINA<\/strong> Anche il territorio comunale lavallese non \u00e8 esente dalla presenza del lupo. Il carnivoro ha lasciato le tracce o meglio i denti del suo passaggio in localit\u00e0 Conaggia NEVE Nel fine settimana impianti aperti a Cortina, Arabba, San Pellegrino e Zoldo. L&#8217;area Ski Civetta apre la prossima settimana. <strong>LIVINALLONGO<\/strong> Tempi duri, difficili, anche per Villa San Giuseppe A Livinallongo del Col di Lana che ha due nuovi operatori, ma non gli alloggi. Necessita un\u2019abitazione in affitto a prezzi giusti. Si sta muovendo anche il Comune <strong>ALPAGO<\/strong> Ha chiuso i battenti nelle ultime ore l\u2019unico negozio di alimentari presente nella frazione Santa Croce di Alpago. La crisi economica si fa sentire anche nei piccoli negozi e i consiglieri di \u201cAlpago, Insieme per il futuro\u201d hanno scritto al sindaco Alberto Peterle per chiedere pi\u00f9 attenzione e dei sussidi per i negozi di prossimit\u00e0<br \/>\n<strong>AGORDO<\/strong> C&#8217;era una volta Garibaldi, cancellato il dipinto di Cecchinato sulla parete del Bar che guarda il Broi, la storia racconta quanto il compianto Toni Guadagnini si fosse prodigato tanto per la lapide che ha resistito ai lavori di ristrutturazione. <strong>BELLUNO<\/strong> Belluno tira le fila sul progetto R.I.C.E. Domani dalle 9 alle 13 si terr\u00e0, online, il convegno conclusivo dal titolo \u201cBelluno e Borgo Valbelluna <strong>PONTE NELLE ALPI<\/strong> Il Comune di Ponte nelle Alpi ha deliberato un \u201cbonus\u201d da circa 10mila euro complessivi a 16 associazioni sportive del suo territorio: un segnale di vicinanza a queste realt\u00e0 che si somma agli interventi realizzati e in programma sulle strutture sportive pontalpine. <strong>REDAZIONE<\/strong> Lo scorso agosto le telecamere di Report sono arrivate in provincia, fino all\u2019ospedale di Agordo per uno speciale sulla sanit\u00e0. Lunedi la messa in onda del servizio, atteso soprattutto dal Comitato Sanit\u00e0 Agordina che ha interessato i cronisti di Rai 3. Lo speciale \u00e8 in onda alle 21.10 <strong>BELLUNO<\/strong> Associazioni e volontari bellunesi sugli scudi grazie al Comitato d\u2019Intesa che presenta quest\u2019anno una bella novit\u00e0: l\u2019istituzione di due premi che andranno a riconoscere l\u2019operato da un lato di enti del Terzo settore bellunesi meritevoli <strong>RASSEGNA DI DANZA<\/strong>, Venerd\u00ec 9 dicembre alle 21 al Teatro Comunale di Belluno. Dopo il successo strepitoso di Romeo y Julieta Tango la compagnia Naturalis Labor torna ad esplorare attraverso il linguaggio della danza e del tango Shakespeare in uno dei suoi testi pi\u00f9 conosciuti l\u2019Othello, con un cast di dodici danzatori.<\/p>\n<p>&nbsp;<\/p>\n<p>&nbsp;<\/p>\n<p><iframe loading=\"lazy\" title=\"RASSEGNA STAMPA LOCALE\" width=\"1200\" height=\"675\" src=\"https:\/\/www.youtube.com\/embed\/boOKCaDBtpE?feature=oembed\" frameborder=\"0\" allow=\"accelerometer; autoplay; clipboard-write; encrypted-media; gyroscope; picture-in-picture\" allowfullscreen><\/iframe><\/p>\n<p>&nbsp;<\/p>\n<p>&nbsp;<\/p>\n<p>&nbsp;<\/p>\n<p>____<\/p>\n","protected":false},"excerpt":{"rendered":"<p>PONTE NELLE ALPI Per la rapina al market di Franco Ardivel ci sono tre indagati, tutti giovanissimi, svolta nelle indagini sul colpo dello scorso 4 novembre, scattano le perquisizioni nelle abitazioni, la polizia sulle tracce dei delinquenti dopo la visione dei filmati. LUTTI E\u2019 mancato \u201cFranco\u201d Spagnolo l\u2019anima del Serva, la montagna dei bellunesi. O&hellip;<\/p>\n","protected":false},"author":4,"featured_media":309375,"comment_status":"closed","ping_status":"closed","sticky":false,"template":"","format":"standard","meta":{"_monsterinsights_skip_tracking":false,"_monsterinsights_sitenote_active":false,"_monsterinsights_sitenote_note":"","_monsterinsights_sitenote_category":0,"footnotes":""},"categories":[104,49,142],"tags":[],"class_list":["post-309377","post","type-post","status-publish","format-standard","has-post-thumbnail","hentry","category-evidenza_3","category-news-18","category-rassegna-stampa","category-104","category-49","category-142","description-off"],"img_url":"https:\/\/www.radiopiu.net\/wordpress\/wp-content\/uploads\/2022\/11\/Senza-nome-126.jpg","_links":{"self":[{"href":"https:\/\/www.radiopiu.net\/wordpress\/wp-json\/wp\/v2\/posts\/309377","targetHints":{"allow":["GET"]}}],"collection":[{"href":"https:\/\/www.radiopiu.net\/wordpress\/wp-json\/wp\/v2\/posts"}],"about":[{"href":"https:\/\/www.radiopiu.net\/wordpress\/wp-json\/wp\/v2\/types\/post"}],"author":[{"embeddable":true,"href":"https:\/\/www.radiopiu.net\/wordpress\/wp-json\/wp\/v2\/users\/4"}],"replies":[{"embeddable":true,"href":"https:\/\/www.radiopiu.net\/wordpress\/wp-json\/wp\/v2\/comments?post=309377"}],"version-history":[{"count":0,"href":"https:\/\/www.radiopiu.net\/wordpress\/wp-json\/wp\/v2\/posts\/309377\/revisions"}],"wp:featuredmedia":[{"embeddable":true,"href":"https:\/\/www.radiopiu.net\/wordpress\/wp-json\/wp\/v2\/media\/309375"}],"wp:attachment":[{"href":"https:\/\/www.radiopiu.net\/wordpress\/wp-json\/wp\/v2\/media?parent=309377"}],"wp:term":[{"taxonomy":"category","embeddable":true,"href":"https:\/\/www.radiopiu.net\/wordpress\/wp-json\/wp\/v2\/categories?post=309377"},{"taxonomy":"post_tag","embeddable":true,"href":"https:\/\/www.radiopiu.net\/wordpress\/wp-json\/wp\/v2\/tags?post=309377"}],"curies":[{"name":"wp","href":"https:\/\/api.w.org\/{rel}","templated":true}]}}