{"id":309431,"date":"2022-12-02T14:55:24","date_gmt":"2022-12-02T13:55:24","guid":{"rendered":"https:\/\/www.radiopiu.net\/wordpress\/?p=309431"},"modified":"2022-12-02T14:57:50","modified_gmt":"2022-12-02T13:57:50","slug":"sparkasse-vicina-alle-famiglie","status":"publish","type":"post","link":"https:\/\/www.radiopiu.net\/wordpress\/sparkasse-vicina-alle-famiglie\/","title":{"rendered":"SPARKASSE, VICINA ALLE FAMIGLIE ED ALLE IMPRESE DEL BELLUNESE"},"content":{"rendered":"<p><a class=\"dt-pswp-item\" href=\"https:\/\/www.radiopiu.net\/wordpress\/wp-content\/uploads\/2022\/12\/Consulta-Belluno-1.jpg\" data-dt-img-description=\"\" data-large_image_width=\"1800\" data-large_image_height=\"1710\"><img loading=\"lazy\" decoding=\"async\" class=\"size-medium wp-image-309433 alignleft\" src=\"https:\/\/www.radiopiu.net\/wordpress\/wp-content\/uploads\/2022\/12\/Consulta-Belluno-1-300x285.jpg\" alt=\"\" width=\"300\" height=\"285\" srcset=\"https:\/\/www.radiopiu.net\/wordpress\/wp-content\/uploads\/2022\/12\/Consulta-Belluno-1-300x285.jpg 300w, https:\/\/www.radiopiu.net\/wordpress\/wp-content\/uploads\/2022\/12\/Consulta-Belluno-1-1024x973.jpg 1024w, https:\/\/www.radiopiu.net\/wordpress\/wp-content\/uploads\/2022\/12\/Consulta-Belluno-1-768x730.jpg 768w, https:\/\/www.radiopiu.net\/wordpress\/wp-content\/uploads\/2022\/12\/Consulta-Belluno-1-1536x1459.jpg 1536w, https:\/\/www.radiopiu.net\/wordpress\/wp-content\/uploads\/2022\/12\/Consulta-Belluno-1.jpg 1800w\" sizes=\"auto, (max-width: 300px) 100vw, 300px\" \/><\/a><strong>BELLUNO<\/strong> Si \u00e8 riunita la Consulta Territoriale di Sparkasse nella provincia di Belluno, presieduta da Paolo Doglioni, gi\u00e0 Presidente della Camera di Commercio bellunese e attuale Presidente di Confcommercio di Belluno.\u00a0 Incontro focalizzato su alcuni temi prioritari per l\u2019economia e le comunit\u00e0 locali. Scopo della Consulta \u00e8 di creare un punto di ascolto territoriale per recepire le esigenze delle aziende e degli abitanti della comunit\u00e0 locale stessa, individuando iniziative e progetti da proporre alla Banca.\u00a0 La crisi geopolitica in atto derivante dal conflitto Russia-Ucraina pone molte<br \/>\n<a class=\"dt-pswp-item\" href=\"https:\/\/www.radiopiu.net\/wordpress\/wp-content\/uploads\/2022\/12\/Senza-nome-17.jpg\" data-dt-img-description=\"\" data-large_image_width=\"273\" data-large_image_height=\"76\"><img loading=\"lazy\" decoding=\"async\" class=\"size-full wp-image-309434 alignright\" src=\"https:\/\/www.radiopiu.net\/wordpress\/wp-content\/uploads\/2022\/12\/Senza-nome-17.jpg\" alt=\"\" width=\"273\" height=\"76\" \/><\/a>incertezze rispetto all\u2019evoluzione dello scenario economico per questo il \u00a0Gruppo Sparkasse ha attivato un plafond di 100 milioni di euro di finanziamenti specifici, a sostegno delle imprese, a condizioni agevolate, per far fronte ai fabbisogni di liquidit\u00e0 derivanti dall\u2019aumento dei costi dell\u2019energia e pi\u00f9 in generale delle materie prime. Il plafond stanziato \u00e8 una conferma di questa volont\u00e0 e della concreta vicinanza al territorio. Ne abbiamo parlato con il Presidente Paolo Doglioni<\/p>\n<p>Nella foto da sinistra a destra Mirco Magnanini Responsabile Area Nordest Retail, Paolo Doglioni e Joachim Mair Responsabile Retail<\/p>\n<p>AUDIO<\/p>\n<audio class=\"wp-audio-shortcode\" id=\"audio-309431-1\" preload=\"none\" style=\"width: 100%;\" controls=\"controls\"><source type=\"audio\/mpeg\" src=\"https:\/\/www.radiopiu.net\/wordpress\/wp-content\/uploads\/2022\/12\/PAOLO-DOGLIONI.mp3?_=1\" \/><a href=\"https:\/\/www.radiopiu.net\/wordpress\/wp-content\/uploads\/2022\/12\/PAOLO-DOGLIONI.mp3\">https:\/\/www.radiopiu.net\/wordpress\/wp-content\/uploads\/2022\/12\/PAOLO-DOGLIONI.mp3<\/a><\/audio>\n<p>&nbsp;<\/p>\n<hr \/>\n<p>&nbsp;<\/p>\n","protected":false},"excerpt":{"rendered":"<p>BELLUNO Si \u00e8 riunita la Consulta Territoriale di Sparkasse nella provincia di Belluno, presieduta da Paolo Doglioni, gi\u00e0 Presidente della Camera di Commercio bellunese e attuale Presidente di Confcommercio di Belluno.\u00a0 Incontro focalizzato su alcuni temi prioritari per l\u2019economia e le comunit\u00e0 locali. Scopo della Consulta \u00e8 di creare un punto di ascolto territoriale per&hellip;<\/p>\n","protected":false},"author":4,"featured_media":309434,"comment_status":"closed","ping_status":"closed","sticky":false,"template":"","format":"standard","meta":{"_monsterinsights_skip_tracking":false,"_monsterinsights_sitenote_active":false,"_monsterinsights_sitenote_note":"","_monsterinsights_sitenote_category":0,"footnotes":""},"categories":[51,49],"tags":[],"class_list":["post-309431","post","type-post","status-publish","format-standard","has-post-thumbnail","hentry","category-evidenza-top","category-news-18","category-51","category-49","description-off"],"img_url":"https:\/\/www.radiopiu.net\/wordpress\/wp-content\/uploads\/2022\/12\/Senza-nome-17.jpg","_links":{"self":[{"href":"https:\/\/www.radiopiu.net\/wordpress\/wp-json\/wp\/v2\/posts\/309431","targetHints":{"allow":["GET"]}}],"collection":[{"href":"https:\/\/www.radiopiu.net\/wordpress\/wp-json\/wp\/v2\/posts"}],"about":[{"href":"https:\/\/www.radiopiu.net\/wordpress\/wp-json\/wp\/v2\/types\/post"}],"author":[{"embeddable":true,"href":"https:\/\/www.radiopiu.net\/wordpress\/wp-json\/wp\/v2\/users\/4"}],"replies":[{"embeddable":true,"href":"https:\/\/www.radiopiu.net\/wordpress\/wp-json\/wp\/v2\/comments?post=309431"}],"version-history":[{"count":0,"href":"https:\/\/www.radiopiu.net\/wordpress\/wp-json\/wp\/v2\/posts\/309431\/revisions"}],"wp:featuredmedia":[{"embeddable":true,"href":"https:\/\/www.radiopiu.net\/wordpress\/wp-json\/wp\/v2\/media\/309434"}],"wp:attachment":[{"href":"https:\/\/www.radiopiu.net\/wordpress\/wp-json\/wp\/v2\/media?parent=309431"}],"wp:term":[{"taxonomy":"category","embeddable":true,"href":"https:\/\/www.radiopiu.net\/wordpress\/wp-json\/wp\/v2\/categories?post=309431"},{"taxonomy":"post_tag","embeddable":true,"href":"https:\/\/www.radiopiu.net\/wordpress\/wp-json\/wp\/v2\/tags?post=309431"}],"curies":[{"name":"wp","href":"https:\/\/api.w.org\/{rel}","templated":true}]}}