{"id":309471,"date":"2022-12-02T23:59:06","date_gmt":"2022-12-02T22:59:06","guid":{"rendered":"https:\/\/www.radiopiu.net\/wordpress\/?p=309471"},"modified":"2022-12-02T16:24:29","modified_gmt":"2022-12-02T15:24:29","slug":"allievi-e-prima-squadra-dellagordina-in-campo-domani","status":"publish","type":"post","link":"https:\/\/www.radiopiu.net\/wordpress\/allievi-e-prima-squadra-dellagordina-in-campo-domani\/","title":{"rendered":"ALLIEVI E PRIMA SQUADRA DELL&#8217;AGORDINA IN CAMPO DOMANI"},"content":{"rendered":"<p><strong><a class=\"dt-pswp-item\" href=\"https:\/\/www.radiopiu.net\/wordpress\/wp-content\/uploads\/2022\/04\/CALCIO.jpg\" data-dt-img-description=\"\" data-large_image_width=\"1920\" data-large_image_height=\"1280\"><img loading=\"lazy\" decoding=\"async\" class=\" wp-image-270520 alignleft\" src=\"https:\/\/www.radiopiu.net\/wordpress\/wp-content\/uploads\/2022\/04\/CALCIO-300x200.jpg\" alt=\"\" width=\"174\" height=\"116\" srcset=\"https:\/\/www.radiopiu.net\/wordpress\/wp-content\/uploads\/2022\/04\/CALCIO-300x200.jpg 300w, https:\/\/www.radiopiu.net\/wordpress\/wp-content\/uploads\/2022\/04\/CALCIO-1024x683.jpg 1024w, https:\/\/www.radiopiu.net\/wordpress\/wp-content\/uploads\/2022\/04\/CALCIO-768x512.jpg 768w, https:\/\/www.radiopiu.net\/wordpress\/wp-content\/uploads\/2022\/04\/CALCIO-1536x1024.jpg 1536w, https:\/\/www.radiopiu.net\/wordpress\/wp-content\/uploads\/2022\/04\/CALCIO.jpg 1920w\" sizes=\"auto, (max-width: 174px) 100vw, 174px\" \/><\/a>di Marco Gaz<\/strong><\/p>\n<p><strong>REDAZIONE<\/strong> Rimangono solo due campionati in attivit\u00e0 per l&#8217;Agordina Calcio. Infatti a partire da questa settimana inizia la pausa invernale per i campionati provinciali giovanili. Giovanissimi e Juniores torneranno in campo la prima domenica di marzo per continuare le rispettive stagioni. Si continua a giocare solo nei campionati a livello regionale e domani ci saranno due sfide in cui l&#8217;Agordina \u00e8 protagonista. Gli Allievi allenati da Orzetti cercheranno di rialzare la testa contro il Lovispresiano. Il match \u00e8 stato posticipato alle 15 e si giocher\u00e0 all&#8217;Ivano Dorigo di Agordo. Una sfida di bassa classifica con gli agordini che potrebbero puntare ai 3 punti in palio. Due squadre che stanno faticando e non poco in questo campionato regionale. Domani alle 14:30 in campo anche la prima squadra che non avr\u00e0 vita facile contro la capolista Juventina Mugnai. I ragazzi di Lorenzi non riescono a fare punti. Tanti errori in attacco ma anche in difesa per l&#8217;Agordina di Seconda Categoria. Penultima partita prima della pausa per le festivit\u00e0 natalizie che Radio Pi\u00f9 seguir\u00e0 in diretta all&#8217;interno di Domenica Pi\u00f9 Sport.<\/p>\n<p>&nbsp;<\/p>\n<p>&nbsp;<\/p>\n<p>****<\/p>\n","protected":false},"excerpt":{"rendered":"<p>di Marco Gaz REDAZIONE Rimangono solo due campionati in attivit\u00e0 per l&#8217;Agordina Calcio. Infatti a partire da questa settimana inizia la pausa invernale per i campionati provinciali giovanili. Giovanissimi e Juniores torneranno in campo la prima domenica di marzo per continuare le rispettive stagioni. Si continua a giocare solo nei campionati a livello regionale e&hellip;<\/p>\n","protected":false},"author":4,"featured_media":270520,"comment_status":"closed","ping_status":"closed","sticky":false,"template":"","format":"standard","meta":{"_monsterinsights_skip_tracking":false,"_monsterinsights_sitenote_active":false,"_monsterinsights_sitenote_note":"","_monsterinsights_sitenote_category":0,"footnotes":""},"categories":[49],"tags":[],"class_list":["post-309471","post","type-post","status-publish","format-standard","has-post-thumbnail","hentry","category-news-18","category-49","description-off"],"img_url":"https:\/\/www.radiopiu.net\/wordpress\/wp-content\/uploads\/2022\/04\/CALCIO.jpg","_links":{"self":[{"href":"https:\/\/www.radiopiu.net\/wordpress\/wp-json\/wp\/v2\/posts\/309471","targetHints":{"allow":["GET"]}}],"collection":[{"href":"https:\/\/www.radiopiu.net\/wordpress\/wp-json\/wp\/v2\/posts"}],"about":[{"href":"https:\/\/www.radiopiu.net\/wordpress\/wp-json\/wp\/v2\/types\/post"}],"author":[{"embeddable":true,"href":"https:\/\/www.radiopiu.net\/wordpress\/wp-json\/wp\/v2\/users\/4"}],"replies":[{"embeddable":true,"href":"https:\/\/www.radiopiu.net\/wordpress\/wp-json\/wp\/v2\/comments?post=309471"}],"version-history":[{"count":0,"href":"https:\/\/www.radiopiu.net\/wordpress\/wp-json\/wp\/v2\/posts\/309471\/revisions"}],"wp:featuredmedia":[{"embeddable":true,"href":"https:\/\/www.radiopiu.net\/wordpress\/wp-json\/wp\/v2\/media\/270520"}],"wp:attachment":[{"href":"https:\/\/www.radiopiu.net\/wordpress\/wp-json\/wp\/v2\/media?parent=309471"}],"wp:term":[{"taxonomy":"category","embeddable":true,"href":"https:\/\/www.radiopiu.net\/wordpress\/wp-json\/wp\/v2\/categories?post=309471"},{"taxonomy":"post_tag","embeddable":true,"href":"https:\/\/www.radiopiu.net\/wordpress\/wp-json\/wp\/v2\/tags?post=309471"}],"curies":[{"name":"wp","href":"https:\/\/api.w.org\/{rel}","templated":true}]}}