{"id":309621,"date":"2022-12-03T13:26:26","date_gmt":"2022-12-03T12:26:26","guid":{"rendered":"https:\/\/www.radiopiu.net\/wordpress\/?p=309621"},"modified":"2022-12-03T13:26:26","modified_gmt":"2022-12-03T12:26:26","slug":"case-della-comunita-di-agordo-e-feltre-appaltati-i-lavori","status":"publish","type":"post","link":"https:\/\/www.radiopiu.net\/wordpress\/case-della-comunita-di-agordo-e-feltre-appaltati-i-lavori\/","title":{"rendered":"CASE DELLA COMUNITA&#8217; DI AGORDO E FELTRE:  APPALTATI I LAVORI"},"content":{"rendered":"<p><strong><a class=\"dt-pswp-item\" href=\"https:\/\/www.radiopiu.net\/wordpress\/wp-content\/uploads\/2021\/03\/ULSS-1.jpg\" data-dt-img-description=\"\" data-large_image_width=\"776\" data-large_image_height=\"408\"><img loading=\"lazy\" decoding=\"async\" class=\" wp-image-198838 alignleft\" src=\"https:\/\/www.radiopiu.net\/wordpress\/wp-content\/uploads\/2021\/03\/ULSS-1-300x158.jpg\" alt=\"\" width=\"192\" height=\"101\" srcset=\"https:\/\/www.radiopiu.net\/wordpress\/wp-content\/uploads\/2021\/03\/ULSS-1-300x158.jpg 300w, https:\/\/www.radiopiu.net\/wordpress\/wp-content\/uploads\/2021\/03\/ULSS-1-768x404.jpg 768w, https:\/\/www.radiopiu.net\/wordpress\/wp-content\/uploads\/2021\/03\/ULSS-1.jpg 776w\" sizes=\"auto, (max-width: 192px) 100vw, 192px\" \/><\/a>BELLUNO <\/strong>Procede spedito l\u2019iter per la realizzazione delle Case di Comunit\u00e0 di Agordo e Feltre: sono stati aggiudicati in tempi strettissimi i lavori per la creazione della case della comunit\u00e0 di Agordo e Feltre, in esito ai bandi di gara indetti a inizio novembre.<\/p>\n<h3><strong>Casa della Comunit\u00e0 di Agordo\u00a0 <\/strong><\/h3>\n<p>L\u2019esecuzione dei lavori di realizzazione della Casa della Comunit\u00e0 di Agordo \u00e8 stata affidata \u00a0all\u2019impresa Radar s.r.l. di Noventa Padovana (PD) , per l\u2019importo netto contrattuale di \u20ac 1.391.390,87, in virt\u00f9 del ribasso d\u2019asta offerto del 8,14%. La Casa della Comunit\u00e0 di Agordo sar\u00e0 realizzata grazie a un un investimento di 2,5 milioni di euro di cui 1,5 finanziati col PNRR e 1 col FSR. Il progetto, realizzato dalla societ\u00e0 Pool Engineering, prevede la riqualificazione del primo piano dell\u2019ala ovest del corpo C del complesso Ospedaliero di Agordo, attualmente in disuso, oltre al miglioramento sismico del corpo che prevede lavorazioni puntuali a tutti i piani. Il progetto, prevede un intervento di ristrutturazione su una superficie totale di circa 507 mq. Il layout prevede la realizzazione di 5 ambulatori specialistici in cui saranno erogati servizi diagnostici per il monitoraggio della cronicit\u00e0, un punto unico di accesso e un punto unico di accesso integrato (PUA), un locale dedicato all\u2019assistenza domiciliare integrata (ADI), locali per attivit\u00e0 dedicate al sociale, un locale polivalente, spazi dedicati alle attivit\u00e0 di segreteria e archivio, un locale per il coordinatore, un ufficio per attivit\u00e0 di segreteria e un ufficio direzionale, oltre ai locali di servizio a supporto alle attivit\u00e0 prevalenti. L\u2019accesso alla Casa della Comunit\u00e0 avviene dal vano scale e ascensore adiacente, posto a est. Vi \u00e8 inoltre una scala di emergenza che funge da via di fuga posta sul fronte nord. Il progetto rispetta l&#8217;assetto esistente che prevede la distribuzione tramite un corridoio centrale. Le funzioni di supporto sono state allocate in testa al reparto e nello snodo centrale, mentre le attivit\u00e0 ambulatoriali sono disposte in posizione baricentrica e lungo il fronte sud. Vi sono due grandi sale d&#8217;attesa in posizione contrapposta, in modo tale da poter differenziare la tipologia di utenza. L\u2019accesso al piano si apre su una visuale aperta sull\u2019ampio corridoio di ingresso che termina sulla prima sala d\u2019attesa, facilitando l\u2019orientamento dell\u2019utenza. Di fronte alla sala di attesa si trovano i punti di accesso, dai quali si pu\u00f2 essere indirizzati nell\u2019ambulatorio di riferimento. Dal punto di vista impiantistico, si prevede il completo rifacimento degli impianti esistenti. Oltre alla ristrutturazione interna al piano, sono previsti degli interventi puntuali alle strutture, con l\u2019obiettivo di migliorare sismicamente l\u2019edificio.<\/p>\n<h3><strong>Casa della Comunit\u00e0 di Feltre<\/strong><\/h3>\n<p>L\u2019esecuzione dei\u00a0\u00a0 lavori\u00a0\u00a0 di\u00a0\u00a0 realizzazione\u00a0\u00a0 della\u00a0\u00a0 Casa\u00a0\u00a0 della\u00a0\u00a0 Comunit\u00e0\u00a0\u00a0 di\u00a0\u00a0 Feltre sono stati affidati all\u2019Impresa Costruzioni Tollot s.r.l. con sede in Ponte nelle Alpi (BL) \u2013 Frazione La Secca,\u00a0 per l\u2019importo netto contrattuale di \u20ac 2.781.730,08, in virt\u00f9 del ribasso d\u2019asta offerto del 4,727%. La Casa di Comunit\u00e0 di Feltre sar\u00e0 realizzata nella ex casa di cura Bellati in via Marconi, grazie a un finanziamento con fondi PNRR e con fondi FSR. Il progetto, redatto dalla societ\u00e0 di Ingegneria Areatecnica, prevede il rinforzo strutturale e la ristrutturazione del piano terra e del primo piano e l\u2019adeguamento antincendio. Il vero centro del progetto sar\u00e0 la riorganizzazione degli spazi interni, in particolare al primo piano. La Nuova Casa di Comunit\u00e0 di Feltre, piano primo della Ex Casa di cura Bellati, si sviluppa per Aree funzionali: Area criticit\u00e0; Punto Unico di Accesso a tutti i servizi territoriali; Area direzionale; Area sanitaria consultoriale e di salute pubblica. L\u2019area criticit\u00e0 ospita 9 ambulatori (specialistici, infermieristici, per infermieri di famiglia), una centrale di telemedicina. Il PUA (Punto Unico di Accesso) ospita l\u2019ufficio anagrafe, lo sportello amministrativo per telemedicina e l\u2019ufficio ausili e presidi, insieme ad un locale attesa; l\u2019area direzionale accoglie 12 uffici. L\u2019area consultoriale e di salute pubblica ospita 4 ambulatori.<\/p>\n<p>&nbsp;<\/p>\n<p>&nbsp;<\/p>\n<p>*******<\/p>\n","protected":false},"excerpt":{"rendered":"<p>BELLUNO Procede spedito l\u2019iter per la realizzazione delle Case di Comunit\u00e0 di Agordo e Feltre: sono stati aggiudicati in tempi strettissimi i lavori per la creazione della case della comunit\u00e0 di Agordo e Feltre, in esito ai bandi di gara indetti a inizio novembre. Casa della Comunit\u00e0 di Agordo\u00a0 L\u2019esecuzione dei lavori di realizzazione della&hellip;<\/p>\n","protected":false},"author":4,"featured_media":198838,"comment_status":"closed","ping_status":"closed","sticky":false,"template":"","format":"standard","meta":{"_monsterinsights_skip_tracking":false,"_monsterinsights_sitenote_active":false,"_monsterinsights_sitenote_note":"","_monsterinsights_sitenote_category":0,"footnotes":""},"categories":[49],"tags":[],"class_list":["post-309621","post","type-post","status-publish","format-standard","has-post-thumbnail","hentry","category-news-18","category-49","description-off"],"img_url":"https:\/\/www.radiopiu.net\/wordpress\/wp-content\/uploads\/2021\/03\/ULSS-1.jpg","_links":{"self":[{"href":"https:\/\/www.radiopiu.net\/wordpress\/wp-json\/wp\/v2\/posts\/309621","targetHints":{"allow":["GET"]}}],"collection":[{"href":"https:\/\/www.radiopiu.net\/wordpress\/wp-json\/wp\/v2\/posts"}],"about":[{"href":"https:\/\/www.radiopiu.net\/wordpress\/wp-json\/wp\/v2\/types\/post"}],"author":[{"embeddable":true,"href":"https:\/\/www.radiopiu.net\/wordpress\/wp-json\/wp\/v2\/users\/4"}],"replies":[{"embeddable":true,"href":"https:\/\/www.radiopiu.net\/wordpress\/wp-json\/wp\/v2\/comments?post=309621"}],"version-history":[{"count":0,"href":"https:\/\/www.radiopiu.net\/wordpress\/wp-json\/wp\/v2\/posts\/309621\/revisions"}],"wp:featuredmedia":[{"embeddable":true,"href":"https:\/\/www.radiopiu.net\/wordpress\/wp-json\/wp\/v2\/media\/198838"}],"wp:attachment":[{"href":"https:\/\/www.radiopiu.net\/wordpress\/wp-json\/wp\/v2\/media?parent=309621"}],"wp:term":[{"taxonomy":"category","embeddable":true,"href":"https:\/\/www.radiopiu.net\/wordpress\/wp-json\/wp\/v2\/categories?post=309621"},{"taxonomy":"post_tag","embeddable":true,"href":"https:\/\/www.radiopiu.net\/wordpress\/wp-json\/wp\/v2\/tags?post=309621"}],"curies":[{"name":"wp","href":"https:\/\/api.w.org\/{rel}","templated":true}]}}