{"id":309635,"date":"2022-12-03T14:20:09","date_gmt":"2022-12-03T13:20:09","guid":{"rendered":"https:\/\/www.radiopiu.net\/wordpress\/?p=309635"},"modified":"2022-12-03T14:47:50","modified_gmt":"2022-12-03T13:47:50","slug":"dottor-moschini","status":"publish","type":"post","link":"https:\/\/www.radiopiu.net\/wordpress\/dottor-moschini\/","title":{"rendered":"E&#8217; MORTO IL DOTTOR MOSCHINI, STORICO PRIMARIO DELLA CHIRURGIA DI FELTRE"},"content":{"rendered":"<p><strong><a class=\"dt-pswp-item\" href=\"https:\/\/www.radiopiu.net\/wordpress\/wp-content\/uploads\/2022\/12\/WhatsApp-Image-2022-12-03-at-14.07.45.jpeg\" data-dt-img-description=\"\" data-large_image_width=\"492\" data-large_image_height=\"684\"><img loading=\"lazy\" decoding=\"async\" class=\" wp-image-309636 alignleft\" src=\"https:\/\/www.radiopiu.net\/wordpress\/wp-content\/uploads\/2022\/12\/WhatsApp-Image-2022-12-03-at-14.07.45-216x300.jpeg\" alt=\"\" width=\"139\" height=\"193\" srcset=\"https:\/\/www.radiopiu.net\/wordpress\/wp-content\/uploads\/2022\/12\/WhatsApp-Image-2022-12-03-at-14.07.45-216x300.jpeg 216w, https:\/\/www.radiopiu.net\/wordpress\/wp-content\/uploads\/2022\/12\/WhatsApp-Image-2022-12-03-at-14.07.45.jpeg 492w\" sizes=\"auto, (max-width: 139px) 100vw, 139px\" \/><\/a>FELTRE <\/strong>Nella mattinata di oggi, all\u2019ospedale di Feltre che tanto ha amato, circondato dai suoi cari, \u00e8 morto il dottor Alvise Moschini, storico primario della Chirurgia di Feltre. L\u2019Ulss Dolomiti, profondamente addolorata per la scomparsa di uno dei professionisti che pi\u00f9 hanno fatto crescere l\u2019ospedale di Feltre e un\u2019intera generazione di medici, esprime il suo cordoglio e la vicinanza alla famiglia del dottor Moschini. Nato il 9 novembre 1940 nel padovano, Alvise Moschini si era formato all\u2019Universit\u00e0 di Padova per poi approdare a Feltre nel maggio 1980. Fin da subito si fece riconoscere ed apprezzare per le sue doti di chirurgo, la capacit\u00e0 di far crescere i collaboratori e soprattutto per la grande umanit\u00e0. \u00c8 stato direttore della Chirurgia di Feltre fino al 2006, con una attivit\u00e0 chirurgica di oltre 30 mila interventi e lo sviluppo, al Santa Maria del Prato, di nuovi campi come l\u2019introduzione delle tecniche mininvasive in chirurgia e l\u2019avvio del servizio di day surgery.\u00a0 Molto apprezzato per le doti umane, di rara cortesia e disponibilit\u00e0, era un riferimento per tutto l\u2019ospedale oltre che per\u00a0 la comunit\u00e0 feltrina, da cui era molto amato e in cui era attivo nella vita\u00a0 sociale e professionale. Ha sempre riservato grande attenzione alle persone, aveva una spiccata umanit\u00e0 che abbinava alla competenza e alla continua ricerca. Sempre disponibile, senza guardare l\u2019orologio, l\u2019ospedale era la sua seconda casa e la sua porta era sempre aperta. Ha fatto crescere una solida generazione di giovani professionisti col suo esempio e con i suoi insegnamenti, spronandoli ad innovare e coltivare un clima di collaborazione, punto di forza non solo del reparto da lui diretto ma di tutto l\u2019ospedale.<\/p>\n<p>&nbsp;<\/p>\n<p><strong>IL CORDOGLIO DEL SINDACO DI FELTRE VIVIANA FUSARO<\/strong><\/p>\n<p><strong>FELTRE<\/strong><\/p>\n<p>\u201cCon lui se ne va un autentico pilastro della storia recente dell\u2019ospedale di Feltre e della sanit\u00e0 feltrina, un uomo che \u00e8 riuscito a lasciare una profonda traccia di s\u00e9 sia dentro che fuori le sale operatorie\u201d. Con queste parole il sindaco di Feltre Viviana Fusaro, esprime a nome personale, dell\u2019Amministrazione e di tutta la citt\u00e0 il profondo cordoglio per la scomparsa, avvenuta stamane all\u2019et\u00e0 di 82 anni, del dottor Alvise Moschini, a lungo medico e primario del reparto di chirurgia del \u201cSanta Maria del Parto\u201d. \u201cQuelle con cui lo ricordiamo oggi sono parole molto sentite. Chiunque abbia avuto modo di conoscerlo, aggiunge il sindaco di Feltre, ne ha apprezzato sia le grandi capacit\u00e0 mediche e professionali &#8211; che lo videro protagonista di una stagione luminosa della chirurgia feltrina a partire dall\u2019inizio degli anni \u201880 del secolo scorso, quando giunse nella nostra citt\u00e0-, sia le straordinarie doti umane di disponibilit\u00e0, discrezione ed equilibrio. Ai familiari e agli amici giunga il cordoglio sincero di tutta la comunit\u00e0 feltrina, che porter\u00e0 vivo nel cuore con gratitudine il ricordo del dottor Moschini\u201d, conclude il sindaco Fusaro.<\/p>\n<p>&nbsp;<\/p>\n<p>&nbsp;<\/p>\n<p>*******<\/p>\n","protected":false},"excerpt":{"rendered":"<p>FELTRE Nella mattinata di oggi, all\u2019ospedale di Feltre che tanto ha amato, circondato dai suoi cari, \u00e8 morto il dottor Alvise Moschini, storico primario della Chirurgia di Feltre. L\u2019Ulss Dolomiti, profondamente addolorata per la scomparsa di uno dei professionisti che pi\u00f9 hanno fatto crescere l\u2019ospedale di Feltre e un\u2019intera generazione di medici, esprime il suo&hellip;<\/p>\n","protected":false},"author":4,"featured_media":309638,"comment_status":"closed","ping_status":"closed","sticky":false,"template":"","format":"standard","meta":{"_monsterinsights_skip_tracking":false,"_monsterinsights_sitenote_active":false,"_monsterinsights_sitenote_note":"","_monsterinsights_sitenote_category":0,"footnotes":""},"categories":[51,49],"tags":[],"class_list":["post-309635","post","type-post","status-publish","format-standard","has-post-thumbnail","hentry","category-evidenza-top","category-news-18","category-51","category-49","description-off"],"img_url":"https:\/\/www.radiopiu.net\/wordpress\/wp-content\/uploads\/2022\/12\/Schermata-2022-12-03-alle-14.19.51.png","_links":{"self":[{"href":"https:\/\/www.radiopiu.net\/wordpress\/wp-json\/wp\/v2\/posts\/309635","targetHints":{"allow":["GET"]}}],"collection":[{"href":"https:\/\/www.radiopiu.net\/wordpress\/wp-json\/wp\/v2\/posts"}],"about":[{"href":"https:\/\/www.radiopiu.net\/wordpress\/wp-json\/wp\/v2\/types\/post"}],"author":[{"embeddable":true,"href":"https:\/\/www.radiopiu.net\/wordpress\/wp-json\/wp\/v2\/users\/4"}],"replies":[{"embeddable":true,"href":"https:\/\/www.radiopiu.net\/wordpress\/wp-json\/wp\/v2\/comments?post=309635"}],"version-history":[{"count":0,"href":"https:\/\/www.radiopiu.net\/wordpress\/wp-json\/wp\/v2\/posts\/309635\/revisions"}],"wp:featuredmedia":[{"embeddable":true,"href":"https:\/\/www.radiopiu.net\/wordpress\/wp-json\/wp\/v2\/media\/309638"}],"wp:attachment":[{"href":"https:\/\/www.radiopiu.net\/wordpress\/wp-json\/wp\/v2\/media?parent=309635"}],"wp:term":[{"taxonomy":"category","embeddable":true,"href":"https:\/\/www.radiopiu.net\/wordpress\/wp-json\/wp\/v2\/categories?post=309635"},{"taxonomy":"post_tag","embeddable":true,"href":"https:\/\/www.radiopiu.net\/wordpress\/wp-json\/wp\/v2\/tags?post=309635"}],"curies":[{"name":"wp","href":"https:\/\/api.w.org\/{rel}","templated":true}]}}