{"id":309650,"date":"2022-12-03T15:17:13","date_gmt":"2022-12-03T14:17:13","guid":{"rendered":"https:\/\/www.radiopiu.net\/wordpress\/?p=309650"},"modified":"2022-12-03T15:19:05","modified_gmt":"2022-12-03T14:19:05","slug":"dillo-a-radio-piu-il-futuro-di-la-dolomiti-ambiente","status":"publish","type":"post","link":"https:\/\/www.radiopiu.net\/wordpress\/dillo-a-radio-piu-il-futuro-di-la-dolomiti-ambiente\/","title":{"rendered":"DILLO A RADIO PIU&#8217;&#8230;IL FUTURO DI LA DOLOMITI AMBIENTE VERSO L&#8217;ACQUISIZIONE DA PARTE DELLA ALTRE SOCIETA&#8217; PER LA RACCOLTA RIFIUTI"},"content":{"rendered":"<p><strong><a class=\"dt-pswp-item\" href=\"https:\/\/www.radiopiu.net\/wordpress\/wp-content\/uploads\/2020\/10\/Raccolta_Ponte_nelle_Alpi.jpg\" data-dt-img-description=\"\" data-large_image_width=\"924\" data-large_image_height=\"616\"><img loading=\"lazy\" decoding=\"async\" class=\"size-medium wp-image-166380 alignleft\" src=\"https:\/\/www.radiopiu.net\/wordpress\/wp-content\/uploads\/2020\/10\/Raccolta_Ponte_nelle_Alpi-300x200.jpg\" alt=\"\" width=\"300\" height=\"200\" srcset=\"https:\/\/www.radiopiu.net\/wordpress\/wp-content\/uploads\/2020\/10\/Raccolta_Ponte_nelle_Alpi-300x200.jpg 300w, https:\/\/www.radiopiu.net\/wordpress\/wp-content\/uploads\/2020\/10\/Raccolta_Ponte_nelle_Alpi-768x512.jpg 768w, https:\/\/www.radiopiu.net\/wordpress\/wp-content\/uploads\/2020\/10\/Raccolta_Ponte_nelle_Alpi.jpg 924w\" sizes=\"auto, (max-width: 300px) 100vw, 300px\" \/><\/a>REDAZIONE<\/strong> Riceviamo e pubblichiamo alcune considerazioni di Dario Dal Magro riguardo all&#8217;acquisizione di La Dolomiti Ambiente SPA da parte delle societ\u00e0 a controllo pubblico che gestiscono l raccolta dei rifiuti.<\/p>\n<blockquote><p><em>In questi giorni i vari consigli comunali si debbono esprimere circa l&#8217;indirizzo da dare o meno \u00a0a Bellunum, Valpe, Ecomont e Ponte Servizi di acquisire la societ\u00e0 La Dolomiti Ambiente SpA (che gestisce il Maserot di Santa Giustina ) e controllata al 92,39% dalla Provincia di Belluno e per il 7,61% da Bim Gestione Servizi Pubblici SpA. Come cittadino mi chiedo: i costi di acquisizione della societ\u00e0 (stimata con perizia dalla Provincia circa 2,4\/mln, mentre a suo tempo una due diligence fatta da Bellunum \u00a0dichiarava un valore di \u20ac 22.000) quanto incideranno in aumento sulle tariffe dei rifiuti applicate ai cittadini ed alle imprese? E quanto coster\u00e0 l&#8217;indebitamento delle 4 societ\u00e0 aggregate, che gi\u00e0 alla data odierna presentano un debito totale di 4\/mln? Pi\u00f9 ancora, sempre con il buon senso del padre di famiglia, mi chiedo se vale la pena indebitarsi per acquisire una societ\u00e0 , La Dolomiti Ambiente, che dal 2009 ha chiuso in perdita ben 9 esercizi e che nel 2021 ha chiuso in perdita di \u20ac 403.000.\u00a0 Dati che hanno indotto a richiedere \u00a0un parere alla Corte dei Conti per verificare la legalit\u00e0 dell&#8217;operazione. Di fronte a questi dati uno si chiede: ma se la compro, che previsioni ho di ritorno dell&#8217;investimento? Ovvero abbiamo un business plan? Certo che ci vorrebbe una sterzata a 360 gradi visti i risultati economici di questi ultimi anni a gestione pubblica. E poi, dal punto di vista tecnico, i 2\/mln che ha in cassa La Dolomiti Ambiente finalizzati alla gestione post mortem della discarica Pr\u00e0 de Anta (che risale al 2014) sono sufficienti? Il Maserot sorge su area demaniale: abbiamo avuto il rinnovo della concessione? Il plusvalore dato dalla perizia \u00a0della Provincia agli impianti (900.000 \u20ac) ed all&#8217;avviamento (200.000,00\u20ac) \u00a0corrispondono a valori di mercato? Vi \u00e8 poi una questione politica: c&#8217;\u00e8 una norma che prevede che i Comuni attuino il servizio integrato dei rifiuti, ovvero vengano gestiti dalla raccolta alla discarica od inceneritore\u00a0 passando per la \u00a0differenziazione fra umido e secco svolto attualmente al Maserot. La paura per gli amministratori \u00e8 che se il servizio del Maserot viene svolto da privati non possono controllare \u00a0i prezzi dello smaltimento. Ma non si pu\u00f2 stilare una convenzione che preveda un massimo dei costi pena la revoca della concessione? Certo la Provincia deve mettere all&#8217;asta la sua partecipazione; ma in questo modo verifichiamo anche il reale valore dell&#8217;impianto e nel contratto possiamo prevedere clausole a tutela dei costi del servizio.<\/em><\/p>\n<p><em>Dario Dal Magro<\/em><\/p><\/blockquote>\n<p>&nbsp;<\/p>\n<p>&nbsp;<\/p>\n<p>*******<\/p>\n","protected":false},"excerpt":{"rendered":"<p>REDAZIONE Riceviamo e pubblichiamo alcune considerazioni di Dario Dal Magro riguardo all&#8217;acquisizione di La Dolomiti Ambiente SPA da parte delle societ\u00e0 a controllo pubblico che gestiscono l raccolta dei rifiuti. In questi giorni i vari consigli comunali si debbono esprimere circa l&#8217;indirizzo da dare o meno \u00a0a Bellunum, Valpe, Ecomont e Ponte Servizi di acquisire&hellip;<\/p>\n","protected":false},"author":4,"featured_media":166380,"comment_status":"closed","ping_status":"closed","sticky":false,"template":"","format":"standard","meta":{"_monsterinsights_skip_tracking":false,"_monsterinsights_sitenote_active":false,"_monsterinsights_sitenote_note":"","_monsterinsights_sitenote_category":0,"footnotes":""},"categories":[49],"tags":[],"class_list":["post-309650","post","type-post","status-publish","format-standard","has-post-thumbnail","hentry","category-news-18","category-49","description-off"],"img_url":"https:\/\/www.radiopiu.net\/wordpress\/wp-content\/uploads\/2020\/10\/Raccolta_Ponte_nelle_Alpi.jpg","_links":{"self":[{"href":"https:\/\/www.radiopiu.net\/wordpress\/wp-json\/wp\/v2\/posts\/309650","targetHints":{"allow":["GET"]}}],"collection":[{"href":"https:\/\/www.radiopiu.net\/wordpress\/wp-json\/wp\/v2\/posts"}],"about":[{"href":"https:\/\/www.radiopiu.net\/wordpress\/wp-json\/wp\/v2\/types\/post"}],"author":[{"embeddable":true,"href":"https:\/\/www.radiopiu.net\/wordpress\/wp-json\/wp\/v2\/users\/4"}],"replies":[{"embeddable":true,"href":"https:\/\/www.radiopiu.net\/wordpress\/wp-json\/wp\/v2\/comments?post=309650"}],"version-history":[{"count":0,"href":"https:\/\/www.radiopiu.net\/wordpress\/wp-json\/wp\/v2\/posts\/309650\/revisions"}],"wp:featuredmedia":[{"embeddable":true,"href":"https:\/\/www.radiopiu.net\/wordpress\/wp-json\/wp\/v2\/media\/166380"}],"wp:attachment":[{"href":"https:\/\/www.radiopiu.net\/wordpress\/wp-json\/wp\/v2\/media?parent=309650"}],"wp:term":[{"taxonomy":"category","embeddable":true,"href":"https:\/\/www.radiopiu.net\/wordpress\/wp-json\/wp\/v2\/categories?post=309650"},{"taxonomy":"post_tag","embeddable":true,"href":"https:\/\/www.radiopiu.net\/wordpress\/wp-json\/wp\/v2\/tags?post=309650"}],"curies":[{"name":"wp","href":"https:\/\/api.w.org\/{rel}","templated":true}]}}