{"id":309889,"date":"2022-12-05T05:17:52","date_gmt":"2022-12-05T04:17:52","guid":{"rendered":"https:\/\/www.radiopiu.net\/wordpress\/?p=309889"},"modified":"2022-12-05T05:26:24","modified_gmt":"2022-12-05T04:26:24","slug":"la-santa-barbara-dei-vigili-del-fuoco-di-belluno-consegnate-le-croci-e-i-diplomi","status":"publish","type":"post","link":"https:\/\/www.radiopiu.net\/wordpress\/la-santa-barbara-dei-vigili-del-fuoco-di-belluno-consegnate-le-croci-e-i-diplomi\/","title":{"rendered":"LA SANTA BARBARA DEI VIGILI DEL FUOCO DI BELLUNO. CONSEGNATE LE CROCI E I DIPLOMI"},"content":{"rendered":"<p><strong><a class=\"dt-pswp-item\" href=\"https:\/\/www.radiopiu.net\/wordpress\/wp-content\/uploads\/2022\/09\/VIGILI-DEL-FUOCO-8-1.jpg\" data-dt-img-description=\"\" data-large_image_width=\"1599\" data-large_image_height=\"899\"><img loading=\"lazy\" decoding=\"async\" class=\"size-medium wp-image-299555 alignleft\" src=\"https:\/\/www.radiopiu.net\/wordpress\/wp-content\/uploads\/2022\/09\/VIGILI-DEL-FUOCO-8-1-300x169.jpg\" alt=\"\" width=\"300\" height=\"169\" srcset=\"https:\/\/www.radiopiu.net\/wordpress\/wp-content\/uploads\/2022\/09\/VIGILI-DEL-FUOCO-8-1-300x169.jpg 300w, https:\/\/www.radiopiu.net\/wordpress\/wp-content\/uploads\/2022\/09\/VIGILI-DEL-FUOCO-8-1-1024x576.jpg 1024w, https:\/\/www.radiopiu.net\/wordpress\/wp-content\/uploads\/2022\/09\/VIGILI-DEL-FUOCO-8-1-768x432.jpg 768w, https:\/\/www.radiopiu.net\/wordpress\/wp-content\/uploads\/2022\/09\/VIGILI-DEL-FUOCO-8-1-1536x864.jpg 1536w, https:\/\/www.radiopiu.net\/wordpress\/wp-content\/uploads\/2022\/09\/VIGILI-DEL-FUOCO-8-1.jpg 1599w\" sizes=\"auto, (max-width: 300px) 100vw, 300px\" \/><\/a>BELLUNO<\/strong> Nella giornata di Santa Barbara i Vigili del Fuoco di Belluno hanno tirato le somme delle attivit\u00e0 salienti con le statistiche e le tabelle riassuntive legate alle attivit\u00e0 svolte dal Comando provinciale. Oltre a festeggiare la santa patrona dei pompieri con la messa celebrata da Monsignor Giorgio Lise, nella caserma di Belluno sono state attribuite le benemerenze ai Vigili del Fuoco, la consegna dei diplomi di lodevole servizio e delle croci di anzianit\u00e0. Questi i premiati: Elvio Xaiz, Diploma di Lodevole Servizio; Fabiano Larese Diploma di Lodevole Servizio; Claudio Sacchet Diploma di Lodevole Servizio; Ezio De Lorenzo Poz Diploma di Lodevole Servizio; Orazio Zampieri Diploma di Lodevole Servizio; Vittorio Dal Borgo Diploma di Lodevole Servizio; Livio Cadorin Diploma di Lodevole Servizio; Luciano Fontana Diploma di Lodevole Servizio; Mirco dal Farra Diploma di Lodevole Servizio; Gualtiero Cesco Frare Diploma di Lodevole Servizio; Oscar Mosena Diploma di Lodevole Servizio; Nello Costa Diploma di Lodevole Servizio; Celestino Agostini Diploma di Lodevole Servizio; Bruno Pomar\u00e8 Montin Diploma di Lodevole Servizio; Dario Da Riz Croce 15 anni anzianit\u00e0 di servizio; Giancarlo Bellante Croce 15 anni anzianit\u00e0 di servizio; Elisa Bertagnin Croce 15 anni anzianit\u00e0 di servizio; Marco Bertagnin Croce 15 anni anzianit\u00e0 di servizio; Fabio Costa Croce 15 anni anzianit\u00e0 di servizio; Christian De Martin Scola Croce 15 anni anzianit\u00e0 di servizio; Giorgio De Michiel Croce 15 anni anzianit\u00e0 di servizio; Paolo Marcon Croce 15 anni anzianit\u00e0 di servizio; Matteo Masoch Croce 15 anni anzianit\u00e0 di servizio; Stefano Olivier Croce 15 anni anzianit\u00e0 di servizio; Samuel Panciera Croce 15 anni anzianit\u00e0 di servizio; Mario Ruggeri Croce 15 anni anzianit\u00e0 di servizio; Claudio Tancon Croce 15 anni anzianit\u00e0 di servizio.<\/p>\n<p><strong>L&#8217;OPUSCOLO DEI VIGILI DEL FUOCO CON IL RIASSUNTO DELLE ATTIVITA&#8217; SVOLTE (12 PAGINE)<\/strong><\/p>\n<a href=\"https:\/\/www.radiopiu.net\/wordpress\/wp-content\/uploads\/2022\/12\/Santa-barbara-opuscolo-2022-HQ.pdf\" class=\"pdfemb-viewer\" style=\"\" data-width=\"max\" data-height=\"max\" data-toolbar=\"top\" data-toolbar-fixed=\"on\">Santa barbara opuscolo 2022 HQ<\/a>\n<p>&nbsp;<\/p>\n<p>&nbsp;<\/p>\n<p>******<\/p>\n","protected":false},"excerpt":{"rendered":"<p>BELLUNO Nella giornata di Santa Barbara i Vigili del Fuoco di Belluno hanno tirato le somme delle attivit\u00e0 salienti con le statistiche e le tabelle riassuntive legate alle attivit\u00e0 svolte dal Comando provinciale. Oltre a festeggiare la santa patrona dei pompieri con la messa celebrata da Monsignor Giorgio Lise, nella caserma di Belluno sono state&hellip;<\/p>\n","protected":false},"author":4,"featured_media":299555,"comment_status":"closed","ping_status":"closed","sticky":false,"template":"","format":"standard","meta":{"_monsterinsights_skip_tracking":false,"_monsterinsights_sitenote_active":false,"_monsterinsights_sitenote_note":"","_monsterinsights_sitenote_category":0,"footnotes":""},"categories":[51,49],"tags":[],"class_list":["post-309889","post","type-post","status-publish","format-standard","has-post-thumbnail","hentry","category-evidenza-top","category-news-18","category-51","category-49","description-off"],"img_url":"https:\/\/www.radiopiu.net\/wordpress\/wp-content\/uploads\/2022\/09\/VIGILI-DEL-FUOCO-8-1.jpg","_links":{"self":[{"href":"https:\/\/www.radiopiu.net\/wordpress\/wp-json\/wp\/v2\/posts\/309889","targetHints":{"allow":["GET"]}}],"collection":[{"href":"https:\/\/www.radiopiu.net\/wordpress\/wp-json\/wp\/v2\/posts"}],"about":[{"href":"https:\/\/www.radiopiu.net\/wordpress\/wp-json\/wp\/v2\/types\/post"}],"author":[{"embeddable":true,"href":"https:\/\/www.radiopiu.net\/wordpress\/wp-json\/wp\/v2\/users\/4"}],"replies":[{"embeddable":true,"href":"https:\/\/www.radiopiu.net\/wordpress\/wp-json\/wp\/v2\/comments?post=309889"}],"version-history":[{"count":0,"href":"https:\/\/www.radiopiu.net\/wordpress\/wp-json\/wp\/v2\/posts\/309889\/revisions"}],"wp:featuredmedia":[{"embeddable":true,"href":"https:\/\/www.radiopiu.net\/wordpress\/wp-json\/wp\/v2\/media\/299555"}],"wp:attachment":[{"href":"https:\/\/www.radiopiu.net\/wordpress\/wp-json\/wp\/v2\/media?parent=309889"}],"wp:term":[{"taxonomy":"category","embeddable":true,"href":"https:\/\/www.radiopiu.net\/wordpress\/wp-json\/wp\/v2\/categories?post=309889"},{"taxonomy":"post_tag","embeddable":true,"href":"https:\/\/www.radiopiu.net\/wordpress\/wp-json\/wp\/v2\/tags?post=309889"}],"curies":[{"name":"wp","href":"https:\/\/api.w.org\/{rel}","templated":true}]}}