{"id":309936,"date":"2022-12-05T05:20:21","date_gmt":"2022-12-05T04:20:21","guid":{"rendered":"https:\/\/www.radiopiu.net\/wordpress\/?p=309936"},"modified":"2022-12-05T05:24:30","modified_gmt":"2022-12-05T04:24:30","slug":"rapina-a-ponte-nelle-alpi-laltro-minore-potrebbe-confessare","status":"publish","type":"post","link":"https:\/\/www.radiopiu.net\/wordpress\/rapina-a-ponte-nelle-alpi-laltro-minore-potrebbe-confessare\/","title":{"rendered":"RAPINA A PONTE NELLE ALPI, L&#8217;ALTRO MINORE POTREBBE CONFESSARE"},"content":{"rendered":"<p><strong>OGGI SUL CORRIERE DELLE ALPI<\/strong><\/p>\n<p><strong><a class=\"dt-pswp-item\" href=\"https:\/\/www.radiopiu.net\/wordpress\/wp-content\/uploads\/2022\/12\/Senza-nome-18.jpg\" data-dt-img-description=\"\" data-large_image_width=\"270\" data-large_image_height=\"238\"><img loading=\"lazy\" decoding=\"async\" class=\"size-full wp-image-309542 alignleft\" src=\"https:\/\/www.radiopiu.net\/wordpress\/wp-content\/uploads\/2022\/12\/Senza-nome-18.jpg\" alt=\"\" width=\"270\" height=\"238\" \/><\/a>DI GIGI SOSSO<\/strong> Dovrebbe confessare l&#8217;altro 17enne indagato per la rapina di Ponte. Stamattina, di fronte al giudice per le indagini preliminari del Tribunale dei Minori di Venezia, c&#8217;\u00e8 l&#8217;interrogatorio di garanzia per Y. il ragazzo di Alpago che ha partecipato all&#8217;assalto a mano armata al market Ardivel del 4 novembre. La sua posizione \u00e8 meno pesante, rispetto a quella di M. che sabato mattina si \u00e8 avvalso della facolt\u00e0 di non rispondere al giudice di Bologna e rimane nel carcere minorile di via de Pratello, in attesa della fissazione di un&#8217;udienza. Y \u00e8 accusato di aver minacciato Giorgio Rova con una pistola ad aria compressa per poi colpirlo al volto con il calcio. Durante la perquisizione dei giorni scorsi, la Squadra mobile gli ha trovato in casa non solo l&#8217;arma, ma anche i vestiti che indossava quella sera e sono stati ripresi dalle telecamere dell&#8217;edicola Dolomiti e della videosorveglianza urbana di Ponte nelle Alpi. E&#8217; difeso dall&#8217;avvocato veneziano Carlo Costantini, che gli ha spiegato la situazione: pi\u00f9 \u00e8 collaborativo e maggiori sono le possibilit\u00e0 di tornare a casa e a scuola velocemente. Chiaro che dovr\u00e0 seguire un percorso educativo e comportarsi da buon cittadino, anche perch\u00e9 l&#8217;anno prossimo sar\u00e0 maggiorenne e il carcere \u00e8 tutta un&#8217;altra cosa. Avrebbe un solo precedente penale per furto aggravato, a differenza di M, il coetaneo di Borgo Valbelluna difeso dall&#8217;avvocato Enrico Rech che polizia e carabinieri conoscono molto meglio e hanno gi\u00e0 indagato diverse volte. Quest&#8217;ultimo \u00e8 accusato di aver accoltellato per cinque volte il commerciante Franco Ardivel al braccio sinistro, dopo essersi visto negare l&#8217;incasso della giornata, anzi il fondo cassa.<\/p>\n<p>&nbsp;<\/p>\n<hr \/>\n<p>&nbsp;<\/p>\n","protected":false},"excerpt":{"rendered":"<p>OGGI SUL CORRIERE DELLE ALPI DI GIGI SOSSO Dovrebbe confessare l&#8217;altro 17enne indagato per la rapina di Ponte. Stamattina, di fronte al giudice per le indagini preliminari del Tribunale dei Minori di Venezia, c&#8217;\u00e8 l&#8217;interrogatorio di garanzia per Y. il ragazzo di Alpago che ha partecipato all&#8217;assalto a mano armata al market Ardivel del 4&hellip;<\/p>\n","protected":false},"author":4,"featured_media":309542,"comment_status":"closed","ping_status":"closed","sticky":false,"template":"","format":"standard","meta":{"_monsterinsights_skip_tracking":false,"_monsterinsights_sitenote_active":false,"_monsterinsights_sitenote_note":"","_monsterinsights_sitenote_category":0,"footnotes":""},"categories":[51,49],"tags":[],"class_list":["post-309936","post","type-post","status-publish","format-standard","has-post-thumbnail","hentry","category-evidenza-top","category-news-18","category-51","category-49","description-off"],"img_url":"https:\/\/www.radiopiu.net\/wordpress\/wp-content\/uploads\/2022\/12\/Senza-nome-18.jpg","_links":{"self":[{"href":"https:\/\/www.radiopiu.net\/wordpress\/wp-json\/wp\/v2\/posts\/309936","targetHints":{"allow":["GET"]}}],"collection":[{"href":"https:\/\/www.radiopiu.net\/wordpress\/wp-json\/wp\/v2\/posts"}],"about":[{"href":"https:\/\/www.radiopiu.net\/wordpress\/wp-json\/wp\/v2\/types\/post"}],"author":[{"embeddable":true,"href":"https:\/\/www.radiopiu.net\/wordpress\/wp-json\/wp\/v2\/users\/4"}],"replies":[{"embeddable":true,"href":"https:\/\/www.radiopiu.net\/wordpress\/wp-json\/wp\/v2\/comments?post=309936"}],"version-history":[{"count":0,"href":"https:\/\/www.radiopiu.net\/wordpress\/wp-json\/wp\/v2\/posts\/309936\/revisions"}],"wp:featuredmedia":[{"embeddable":true,"href":"https:\/\/www.radiopiu.net\/wordpress\/wp-json\/wp\/v2\/media\/309542"}],"wp:attachment":[{"href":"https:\/\/www.radiopiu.net\/wordpress\/wp-json\/wp\/v2\/media?parent=309936"}],"wp:term":[{"taxonomy":"category","embeddable":true,"href":"https:\/\/www.radiopiu.net\/wordpress\/wp-json\/wp\/v2\/categories?post=309936"},{"taxonomy":"post_tag","embeddable":true,"href":"https:\/\/www.radiopiu.net\/wordpress\/wp-json\/wp\/v2\/tags?post=309936"}],"curies":[{"name":"wp","href":"https:\/\/api.w.org\/{rel}","templated":true}]}}