{"id":309960,"date":"2022-12-06T05:28:17","date_gmt":"2022-12-06T04:28:17","guid":{"rendered":"https:\/\/www.radiopiu.net\/wordpress\/?p=309960"},"modified":"2022-12-06T10:03:30","modified_gmt":"2022-12-06T09:03:30","slug":"giornale-radiopiu-06-dicembre-2022-direttore-mirko-mezzacasa","status":"publish","type":"post","link":"https:\/\/www.radiopiu.net\/wordpress\/giornale-radiopiu-06-dicembre-2022-direttore-mirko-mezzacasa\/","title":{"rendered":"GIORNALE RADIOPIU 06 DICEMBRE 2022 DIRETTORE MIRKO MEZZACASA"},"content":{"rendered":"<h3 class=\"kvgmc6g5 cxmmr5t8 oygrvhab hcukyx3x c1et5uql\"><span style=\"color: #0000ff;\"><strong>RADIO PIU INFORMAZIONE il canale su TELEGRAM informazione di prima\u00a0 <\/strong><strong>mano e in tempo reale. iscriviti ed aiutaci a farlo conoscere\u00a0 \u00a0<\/strong><\/span><\/h3>\n<p>&nbsp;<\/p>\n<h2><span style=\"color: #ff0000;\">ISCRIVITI AL NOSTRO CANALE YOUTUBE PER SEGUIRE IN DIRETTA I PRINCIPALI PROGRAMMI DI RADIO PIU&#8217; E LE FUTURE DIRETTE IN ESTERNA. PER ISCRIVERTI <a style=\"color: #ff0000;\" href=\"https:\/\/youtube.com\/@radiopiu1527\">CLICCA QUI<\/a> E PREMI IL TASTO &#8220;Iscriviti&#8221;<\/span><\/h2>\n<p>&nbsp;<\/p>\n<hr \/>\n<p>&nbsp;<\/p>\n<p><em>IL PONTE IN PROSSIMITA&#8217; DELLA PISCINA DI AGORDO E&#8217; CHIUSO, E LO SARA&#8217; FINO AL 7 DICEMBRE PER LAVORI. NESSUN PROBLEMA PER RAGGIUNGERE LA PISCINA, INFATTI, SI POTRA&#8217; PERCORRERE LA STRADA COMUNALE IN SINISTRA OROGRAFICA DEL TORRENTE ROVA, DIFRONTE AI CAMPI DA TENNIS. IN SENSO CONTRARIO ANCORA PIU&#8217; SEMPLICE L&#8217;INTERSEZIONE CON LA REGIONALE DEL DURAN (AGORDO-LA VALLE) E QUINDI DISCESA PER PONTE ROVA.<\/em><\/p>\n<p>La Valle Agordina, revoca parziale della precedente ordinanza, divieto di transito veicolare di via Fades sul ponte che attraversa il torrente Missiaga, apertura al transito pedonale sul ponte.<\/p>\n<p>&nbsp;<\/p>\n<hr \/>\n<p>&nbsp;<\/p>\n<blockquote>\n<h3>GSP INTERRUZIONI PROGRAMMATE<\/h3>\n<\/blockquote>\n<p><strong>AGORDO\u00a0 <\/strong>Per lavori alla rete idrica comunale, oggi dalle 8 alle 17 verr\u00e0 sospesa l\u2019erogazione dell\u2019acqua nelle localit\u00e0 Crostolin, Grave, Veran, Col di Foglia e nelle Vie Pragrande Paganini, Molin dei Cot<\/p>\n<p>&nbsp;<\/p>\n<p>&nbsp;<\/p>\n<hr \/>\n<p>&nbsp;<\/p>\n<blockquote>\n<h2>LUTTO, E&#8217; MANCATO IL DOTTOR CIELO<\/h2>\n<\/blockquote>\n<p><strong><img loading=\"lazy\" decoding=\"async\" class=\"alignleft\" src=\"https:\/\/www.radiopiu.net\/wordpress\/wp-content\/uploads\/2022\/12\/cielo.jpg\" width=\"137\" height=\"162\" \/>BELLUNO<\/strong> <span style=\"font-size: medium;\">L\u2019Ulss Dolomiti porge le pi\u00f9 sentite condoglianze alle famiglia del dr Roberto Cielo, apprezzato primario di Medicina prima all\u2019ospedale di Feltre poi all\u2019ospedale di Belluno. <\/span><span style=\"font-size: medium;\">Classe 1933, vicentino di origine, il dottor Cielo \u00e8 stato primario della Medicina dal maggio del 1987 al febbraio del 1994 all\u2019ospedale di Feltre per poi diventare direttore della Medicina di Belluno fino al 1998. Tra i suoi meriti, quello di aver consolidato i servizi e favorito lo sviluppo di servizi innovativi per l\u2019epoca, come la diabetologia, mettendo al centro il paziente.\u00a0<\/span><\/p>\n<p>&nbsp;<\/p>\n<p>&nbsp;<\/p>\n<p>&nbsp;<\/p>\n<blockquote>\n<h3><a class=\"dt-pswp-item\" href=\"https:\/\/www.radiopiu.net\/wordpress\/wp-content\/uploads\/2022\/12\/Schermata-2022-12-03-alle-14.19.51.png\" data-dt-img-description=\"\" data-large_image_width=\"960\" data-large_image_height=\"666\"><img loading=\"lazy\" decoding=\"async\" class=\"wp-image-309638 alignleft\" src=\"https:\/\/www.radiopiu.net\/wordpress\/wp-content\/uploads\/2022\/12\/Schermata-2022-12-03-alle-14.19.51-300x208.png\" alt=\"\" width=\"138\" height=\"96\" srcset=\"https:\/\/www.radiopiu.net\/wordpress\/wp-content\/uploads\/2022\/12\/Schermata-2022-12-03-alle-14.19.51-300x208.png 300w, https:\/\/www.radiopiu.net\/wordpress\/wp-content\/uploads\/2022\/12\/Schermata-2022-12-03-alle-14.19.51-768x533.png 768w, https:\/\/www.radiopiu.net\/wordpress\/wp-content\/uploads\/2022\/12\/Schermata-2022-12-03-alle-14.19.51.png 960w\" sizes=\"auto, (max-width: 138px) 100vw, 138px\" \/><\/a>DOMANI L&#8217;ULTIMO SALUTO ALL&#8217;EX PRIMARIO MOSCHINI<\/h3>\n<\/blockquote>\n<p><strong>FELTRE<\/strong> Si svolgeranno domani alle 15 in Duomo i funerali di\u00a0 Alvise Moschini, amatissimo ex primario di Chirurgia morto a 82 anni nel &#8220;suo&#8221; ospedale sabato mattina.\u00a0 Alvise Moschini lascia i figli Luli, Giovanna e Francesco che con le famiglie invitano\u00a0 a devolvere eventuali offerte a favore del Santa Maria del Prato.<\/p>\n<p>&nbsp;<\/p>\n<hr \/>\n<p>&nbsp;<\/p>\n<div class=\"page-title-head hgroup\">\n<blockquote>\n<h3 class=\"entry-title\">INCUBO 348 FELTRINA, BLOCCATA PER ORE PER UN TIR DI TRAVERSO<\/h3>\n<\/blockquote>\n<\/div>\n<div class=\"page-title-breadcrumbs\">\n<p><strong><a class=\"dt-pswp-item\" href=\"https:\/\/www.radiopiu.net\/wordpress\/wp-content\/uploads\/2022\/12\/Senza-nome-26.jpg\" data-dt-img-description=\"\" data-large_image_width=\"508\" data-large_image_height=\"332\"><img loading=\"lazy\" decoding=\"async\" class=\"size-medium wp-image-310040 alignleft\" src=\"https:\/\/www.radiopiu.net\/wordpress\/wp-content\/uploads\/2022\/12\/Senza-nome-26-300x196.jpg\" alt=\"\" width=\"300\" height=\"196\" srcset=\"https:\/\/www.radiopiu.net\/wordpress\/wp-content\/uploads\/2022\/12\/Senza-nome-26-300x196.jpg 300w, https:\/\/www.radiopiu.net\/wordpress\/wp-content\/uploads\/2022\/12\/Senza-nome-26.jpg 508w\" sizes=\"auto, (max-width: 300px) 100vw, 300px\" \/><\/a>FELTRE regionale 348 Feltrina<\/strong>\u00a0 chiusa per ore con evidenti disagi per chi avrebbe voluto raggiungere Feltre con una certa facilit\u00e0. La causa un incidente stradale avvenuto nella tarda mattinata di ieri. Un autoarticolato \u00e8 sbandato finendo di\u00a0\u00a0traverso e con la motrice parzialmente fuori strada,\u00a0\u00a0bloccando la carreggiata all\u2019altezza della Chiusa di Anz\u00f9. Nessun ferito, ma strada riaperta solo attorno alle <a class=\"dt-pswp-item\" href=\"https:\/\/www.radiopiu.net\/wordpress\/wp-content\/uploads\/2022\/12\/c1d443b2-c9c7-4ab5-bb3e-09d50d3dd47d.jpg\" data-dt-img-description=\"\" data-large_image_width=\"1280\" data-large_image_height=\"960\"><img loading=\"lazy\" decoding=\"async\" class=\"size-medium wp-image-310017 alignright\" src=\"https:\/\/www.radiopiu.net\/wordpress\/wp-content\/uploads\/2022\/12\/c1d443b2-c9c7-4ab5-bb3e-09d50d3dd47d-300x225.jpg\" alt=\"\" width=\"300\" height=\"225\" srcset=\"https:\/\/www.radiopiu.net\/wordpress\/wp-content\/uploads\/2022\/12\/c1d443b2-c9c7-4ab5-bb3e-09d50d3dd47d-300x225.jpg 300w, https:\/\/www.radiopiu.net\/wordpress\/wp-content\/uploads\/2022\/12\/c1d443b2-c9c7-4ab5-bb3e-09d50d3dd47d-1024x768.jpg 1024w, https:\/\/www.radiopiu.net\/wordpress\/wp-content\/uploads\/2022\/12\/c1d443b2-c9c7-4ab5-bb3e-09d50d3dd47d-768x576.jpg 768w, https:\/\/www.radiopiu.net\/wordpress\/wp-content\/uploads\/2022\/12\/c1d443b2-c9c7-4ab5-bb3e-09d50d3dd47d.jpg 1280w\" sizes=\"auto, (max-width: 300px) 100vw, 300px\" \/><\/a>16,30. i vigili del fuoco di Feltre sono intervenuti per risolvere la situazione e ripristinare la carreggiata ma le operazioni hanno richiesto parecchio tempo: per rimuovere il mezzo pesante e ripristinare la circolazione lungo la strada che collega Feltre alla provincia di Treviso \u00e8 stato necessario l\u2019intervento dell\u2019autogru. Gli agenti della polizia locale di Feltre,\u00a0 hanno\u00a0 chiuso l\u2019accesso alla Feltrina alla rotatoria di Anz\u00f9, facendo tornare indietro i veicoli in direzione di Busche. Pesanti le ripercussioni sulla viabilit\u00e0 a causa dell\u2019incidente.<\/p>\n<p><span style=\"color: #0000ff;\"><strong>FOTO CHAT VIABILITA&#8217; PROVINCIA DI BELLUNO by\u00a0 TELEGRAM\u00a0<\/strong><\/span><\/p>\n<\/div>\n<p>&nbsp;<\/p>\n<p>&nbsp;<\/p>\n<hr \/>\n<p>&nbsp;<\/p>\n<div class=\"page-title-head hgroup\">\n<blockquote>\n<h3 class=\"entry-title\">METTERE IL NASO NELLE RSA BELLUNESI \u201cNESSUN RILIEVO SUGLI APPALTI\u201d<\/h3>\n<\/blockquote>\n<\/div>\n<div class=\"page-title-breadcrumbs\">\n<p><img loading=\"lazy\" decoding=\"async\" class=\"alignleft\" src=\"https:\/\/www.radiopiu.net\/wordpress\/wp-content\/uploads\/2022\/12\/th-3.jpg\" width=\"334\" height=\"175\" \/>I NAS acronimo di Nucleo Antisofisticazione e sanit\u00e0 dei Carabinieri hanno visitato le strutture sanitarie per anziani anche del Bellunese, non solo\u00a0 nel Veneziano e Trevigiano. In Veneto cosa hanno rilevato? Una mancata autorizzazione all\u2019esercizio, una carenza requisiti strutturali, tecnologici e organizzativi, due inadeguatezze igienico-strutturali, un estintore scaduto. Verificato soprattutto il rispetto dei contratti di appalto delle societ\u00e0 esterne. I Nas di Treviso coordinati dal tenente colonnello Giuseppe Mercatali, hanno visitato anche tre strutture Rsa nella zona del Bellunese, nei dintorni del capoluogo: la questione appalti non ha prodotto irregolarit\u00e0, ma in due strutture i carabinieri hanno trovato qualche inadeguatezza igienico strutturale. Non sono state elevate sanzioni.<\/p>\n<blockquote><p><strong>NUCLEI ANTISOFISTICAZIONE E SANITA&#8217; (N.A.S.) DEI CARABINIERI<\/strong><\/p>\n<p><em>Tra i suoi compiti d&#8217;istituto l&#8217;Arma ha sempre avuto anche quello di vegliare sulla salute pubblica attraverso la vigilanza sulla genuinit\u00e0 delle sostanze alimentari. Le norme relative ricevettero dettagliata menzione nell&#8217;allegato C al Regolamento Generale dei Carabinieri edito nel 1892 ed in quello del 1912. A seguito della legge n. 283 del 30 aprile 1962, relativa alla disciplina igienica della produzione e commercio delle sostanze alimentari e delle bevande, il Comando Generale dell&#8217;Arma, d&#8217;intesa con i Ministeri della Sanit\u00e0 e della Difesa, dispose la creazione, nelle principali citt\u00e0, dei primi sei N.A.S. Carabinieri, sigla che allora si identificava con i &#8220;Nuclei Anti Sofisticazioni&#8221; e che oggi, per l&#8217;ampliamento dei campi d&#8217;intervento, vuol dire &#8220;Nuclei Antisofisticazioni e Sanit\u00e0&#8221;.<\/em><\/p><\/blockquote>\n<p>&nbsp;<\/p>\n<p>A livello nazionale i controlli disposti con il ministero della salute hanno avuto ben altri riscontri.\u00a0 I Nas hanno segnalato 205 persone, tra responsabili di cooperative, titolari di strutture sanitarie ed operatori sanitari, di cui 83 all\u2019autorit\u00e0\u00a0 giudiziaria e 122 a quella amministrativa. Deferiti 8 titolari di cooperative per l\u2019ipotesi di reato di frode ed inadempimento nelle pubbliche forniture. Ci sono anche aziende che hanno\u00a0 impiegato semplice personale ausiliario, privo del prescritto titolo abilitativo, anzich\u00e9 figure professionali socio-sanitarie (o.s.s.), e personale medico non specializzato per l\u2019incarico da ricoprire.<\/p>\n<p>&nbsp;<\/p>\n<hr \/>\n<p>&nbsp;<\/p>\n<blockquote>\n<h3>DOPO LA RAPINA LA FUGA IN TRENO<br \/>\n<strong>\u00a0<\/strong><\/h3>\n<\/blockquote>\n<p><strong>OGGI SUL CORRIERE DELLE ALPI<\/strong><\/p>\n<p><strong>DI GIGI SOSSO<\/strong><\/p>\n<p><a class=\"dt-pswp-item\" href=\"https:\/\/www.radiopiu.net\/wordpress\/wp-content\/uploads\/2022\/12\/Senza-nome-31.jpg\" data-dt-img-description=\"\" data-large_image_width=\"299\" data-large_image_height=\"187\"><img loading=\"lazy\" decoding=\"async\" class=\" wp-image-310100 alignleft\" src=\"https:\/\/www.radiopiu.net\/wordpress\/wp-content\/uploads\/2022\/12\/Senza-nome-31.jpg\" alt=\"\" width=\"253\" height=\"158\" \/><\/a><strong>PONTE NELLA ALPI<\/strong> IConfessione piena. Nell&#8217;interrogatorio di garanzia, Y. ha ammesso le proprie responsabilit\u00e0 sulla rapina a mano armata al negozio di alimentari di Ponte nelle Alpi, confermando di aver partecipato al colpo della sera del 4 novembre. Rimarr\u00e0 per qualche tempo nella comunit\u00e0 di Tessera, che lo ospita dalla settimana scorsa, in attesa del processo per rapina pluriaggravata in concorso e lesioni a Giorgio Rova, l&#8217;amico del commerciante Franco Ardivel (foto). Ci dovrebbe essere un rito immediato, nel quale l&#8217;avvocato Carlo Costantini &#8211; che lo assiste &#8211;\u00a0 chieder\u00e0 al giudice la messa alla prova. Un percorso educativo, nel quale dovr\u00e0 comportarsi da cittadino ineccepibile.\u00a0 \u00a0Il ragazzo \u00e8 arrivato a Ponte nelle Alpi con un mezzo pubblico e qui \u00e8 entrato nel market di viale Dolomiti insieme al coetaneo M. Ci sono le immagini dell&#8217;edicola Dolomiti, di una concessionaria di auto e della videosorveglianza di Ponte a certificare sia l&#8217;ingresso che l&#8217;uscita.Secondo una prima ricostruzione, fuga precipitosa verso la stazione ferroviaria da parte dei due giovani marocchini, dove ci sono delle altre telecamere con un bottino di un centinaio di euro.<\/p>\n<p>&nbsp;<\/p>\n<hr \/>\n<p>&nbsp;<\/p>\n<blockquote>\n<h2>FRANE A CENCENIGHE, AGGIORNAMENTO DELLE SETTE<\/h2>\n<\/blockquote>\n<p><strong>CENCENIGHE<\/strong> L&#8217;ultima notizia battuta ieri sera faceva riferimento a scariche di sassi sopra il paese. Questa mattina ecco la prima fotografia. La zona interessata \u00e8 sulla vecchia strada 203 agordina (peraltro chiusa con ordinanza).<\/p>\n<p><em>\u00a0&#8220;Tra l&#8217;altro &#8211; dice il sindaco Mauro Soppelsa &#8211; ci sono state anche delle scariche di sassi in zona Veronetta, gi\u00e0 nota per questi episodi. A breve ci sar\u00e0 un sopralluogo con i tecnici della Provincia&#8221;.<\/em><\/p>\n<p><a class=\"dt-pswp-item\" href=\"https:\/\/www.radiopiu.net\/wordpress\/wp-content\/uploads\/2022\/12\/WhatsApp-Image-2022-12-06-at-07.44.36.jpeg\" data-dt-img-description=\"\" data-large_image_width=\"1600\" data-large_image_height=\"974\"><img loading=\"lazy\" decoding=\"async\" class=\"aligncenter wp-image-310130 size-large\" src=\"https:\/\/www.radiopiu.net\/wordpress\/wp-content\/uploads\/2022\/12\/WhatsApp-Image-2022-12-06-at-07.44.36-1024x623.jpeg\" alt=\"\" width=\"1024\" height=\"623\" srcset=\"https:\/\/www.radiopiu.net\/wordpress\/wp-content\/uploads\/2022\/12\/WhatsApp-Image-2022-12-06-at-07.44.36-1024x623.jpeg 1024w, https:\/\/www.radiopiu.net\/wordpress\/wp-content\/uploads\/2022\/12\/WhatsApp-Image-2022-12-06-at-07.44.36-300x183.jpeg 300w, https:\/\/www.radiopiu.net\/wordpress\/wp-content\/uploads\/2022\/12\/WhatsApp-Image-2022-12-06-at-07.44.36-768x468.jpeg 768w, https:\/\/www.radiopiu.net\/wordpress\/wp-content\/uploads\/2022\/12\/WhatsApp-Image-2022-12-06-at-07.44.36-1536x935.jpeg 1536w, https:\/\/www.radiopiu.net\/wordpress\/wp-content\/uploads\/2022\/12\/WhatsApp-Image-2022-12-06-at-07.44.36.jpeg 1600w\" sizes=\"auto, (max-width: 1024px) 100vw, 1024px\" \/><\/a><\/p>\n<div style=\"width: 1200px;\" class=\"wp-video\"><video class=\"wp-video-shortcode\" id=\"video-309960-1\" width=\"1200\" height=\"675\" preload=\"metadata\" controls=\"controls\"><source type=\"video\/mp4\" src=\"https:\/\/www.radiopiu.net\/wordpress\/wp-content\/uploads\/2022\/12\/WhatsApp-Video-2022-12-05-at-23.50.06.mp4?_=1\" \/><a href=\"https:\/\/www.radiopiu.net\/wordpress\/wp-content\/uploads\/2022\/12\/WhatsApp-Video-2022-12-05-at-23.50.06.mp4\">https:\/\/www.radiopiu.net\/wordpress\/wp-content\/uploads\/2022\/12\/WhatsApp-Video-2022-12-05-at-23.50.06.mp4<\/a><\/video><\/div>\n<p>&nbsp;<\/p>\n<p>&nbsp;<\/p>\n<hr \/>\n<p>&nbsp;<\/p>\n<p>&nbsp;<\/p>\n<blockquote>\n<h3>FORCELLA EUROPA DEMOLITA COL TRITOLO, CAUSA IN CASSAZIONE<\/h3>\n<\/blockquote>\n<p><strong>OGGI SUL CORRIERE DELLE ALPI<\/strong><br \/>\n<strong>DI IRENE ALIPRANDI\u00a0<\/strong><\/p>\n<p><strong><img loading=\"lazy\" decoding=\"async\" class=\"alignleft\" src=\"https:\/\/www.radiopiu.net\/wordpress\/wp-content\/uploads\/2022\/12\/Senza-nome-32.jpg\" width=\"204\" height=\"128\" \/>BELLUNO \/ LIVINALLONGO<\/strong>\u00a0 Il tritolo per costruire gli impianti, alla fine degli anni Ottanta per la DMC Europa. Oltre 900 metri di dislivello divisi in tre stazioni tra Arabba e Forcella Europa. O meglio, l&#8217;ex Forcella Europa, perch\u00e9 quello sperone di roccia dolomitica non esiste pi\u00f9.\u00a0 La legge individua la Provincia quale ente titolato a ricorrere per chiedere il risarcimento del danno ambientale&#8230; Nel 1993 la Procura di Belluno chiese e ottenne il rinvio a giudizio di quattro persone: L.P. (presidente del cda Sofma), E.P. (legale rappresentante), T.D.B. (direzione lavori) e U.C. (legale rappresentante di una delle ditte che aveva lavorato all&#8217;impianto).Ben 27 i capi di imputazione contestati.\u00a0 Nell&#8217;Appello del 2001 rimase fermo il riconoscimento del danno subito dalla Provincia di\u00a0 650 mila euro, come da sentenza del Tribunale civile di Belluno del 2020.\u00a0 In queste settimane i soccombenti hanno fatto ricorso alla Corte Suprema di Cassazione. La Provincia ha naturalmente deciso di resistere, affidando l&#8217;incarico all&#8217;avvocato Antonio Prade.<\/p>\n<\/div>\n<p>&nbsp;<\/p>\n<hr \/>\n<p>&nbsp;<\/p>\n<blockquote>\n<h3>LE VOCI IN CELLA, PER QUESTO IL FUOCO DIETRO LE SBARRE<\/h3>\n<\/blockquote>\n<p><strong>BELLUNO\u00a0<\/strong> Lo scorso settembre di tre anni fa ha incendiato il materasso della branda perch\u00e9 &#8220;sentiva delle voci&#8221;. L&#8217;ospite della sezione transessuali ha inoltre minacciato gli agenti della polizia penitenziaria. Nell&#8217;udienza di ieri per resistenza a pubblico ufficiale aggravata il pubblico ministero Tricoli aveva chiesto un anno di reclusione, la condanna: sei mesi.<\/p>\n<p>&nbsp;<\/p>\n<hr \/>\n<p>&nbsp;<\/p>\n<blockquote>\n<h3>LUCA LUCHETTA E&#8217; IL NUOVO PRESIDENTE DELLA FAMIGLIA EX EMIGRANTI AGORDINO<\/h3>\n<\/blockquote>\n<p><strong><a class=\"dt-pswp-item\" href=\"https:\/\/www.radiopiu.net\/wordpress\/wp-content\/uploads\/2022\/12\/luca_luchetta.jpg\" data-dt-img-description=\"\" data-large_image_width=\"400\" data-large_image_height=\"400\"><img loading=\"lazy\" decoding=\"async\" class=\" wp-image-310001 alignleft\" src=\"https:\/\/www.radiopiu.net\/wordpress\/wp-content\/uploads\/2022\/12\/luca_luchetta-300x300.jpg\" alt=\"\" width=\"169\" height=\"169\" srcset=\"https:\/\/www.radiopiu.net\/wordpress\/wp-content\/uploads\/2022\/12\/luca_luchetta-300x300.jpg 300w, https:\/\/www.radiopiu.net\/wordpress\/wp-content\/uploads\/2022\/12\/luca_luchetta-150x150.jpg 150w, https:\/\/www.radiopiu.net\/wordpress\/wp-content\/uploads\/2022\/12\/luca_luchetta.jpg 400w\" sizes=\"auto, (max-width: 169px) 100vw, 169px\" \/><\/a>BELLUNO<\/strong> Luca Luchetta, gi\u00e0 consigliere del Direttivo dell\u2019Associazione Bellunesi nel Mondo, \u00e8 il nuovo presidente della Famiglia Ex emigranti dell\u2019Agordino. Ad eleggerlo il Comitato del sodalizio, riunitosi nella Sala della Biblioteca comunale di Cencenighe Agordino marted\u00ec 8 novembre. Per la carica di vice presidenti sono stati eletti Danilo De Zaiacomo e Daniele Scola. Fortunata Levrini, detta \u201cVally\u201d, seguir\u00e0 la segreteria coprendo anche la funzione di tesoriere. \u00abAuguro a Luchetta e a tutto il Comitato di gestione &#8211; le parole del presidente Abm Oscar De Bona &#8211; un buon lavoro, fiducioso delle molteplici attivit\u00e0 che condurranno in tutto il territorio dell\u2019Agordino\u00bb. La Famiglia Ex emigranti dell\u2019Agordino rappresenta infatti ben sedici comuni del Bellunese. Un\u2019area vasta, in cui il fenomeno migratorio ha interessato intere famiglie. \u00abDa parte della Casa madre ci sar\u00e0 la massima collaborazione e il totale supporto. Azioni che diamo quotidianamente a tutte le nostre Famiglie\u00bb. Parole di plauso giungono anche da Antonio Dazzi, coordinatore delle Famiglie Ex emigranti: \u00abMi complimento con Luchetta per la sua nomina. Avr\u00f2 modo di incontrare il Comitato nelle prossime settimane in modo da supportarlo al meglio\u00bb.<\/p>\n<p>&nbsp;<\/p>\n<p>&nbsp;<\/p>\n<hr \/>\n<p>&nbsp;<\/p>\n<blockquote>\n<h3>SCI: STAGIONE AL VIA. MA COME RIPARTE IL TURISMO?<\/h3>\n<\/blockquote>\n<p><strong><a class=\"dt-pswp-item\" href=\"https:\/\/www.radiopiu.net\/wordpress\/wp-content\/uploads\/2022\/03\/Pordoi-sfondo-Sella-credits-Arabba-Fodom-Turismo.jpg\" data-dt-img-description=\"\" data-large_image_width=\"2000\" data-large_image_height=\"1333\"><img loading=\"lazy\" decoding=\"async\" class=\" wp-image-263994 alignleft\" src=\"https:\/\/www.radiopiu.net\/wordpress\/wp-content\/uploads\/2022\/03\/Pordoi-sfondo-Sella-credits-Arabba-Fodom-Turismo-300x200.jpg\" alt=\"\" width=\"176\" height=\"117\" srcset=\"https:\/\/www.radiopiu.net\/wordpress\/wp-content\/uploads\/2022\/03\/Pordoi-sfondo-Sella-credits-Arabba-Fodom-Turismo-300x200.jpg 300w, https:\/\/www.radiopiu.net\/wordpress\/wp-content\/uploads\/2022\/03\/Pordoi-sfondo-Sella-credits-Arabba-Fodom-Turismo-1024x682.jpg 1024w, https:\/\/www.radiopiu.net\/wordpress\/wp-content\/uploads\/2022\/03\/Pordoi-sfondo-Sella-credits-Arabba-Fodom-Turismo-768x512.jpg 768w, https:\/\/www.radiopiu.net\/wordpress\/wp-content\/uploads\/2022\/03\/Pordoi-sfondo-Sella-credits-Arabba-Fodom-Turismo-1536x1024.jpg 1536w, https:\/\/www.radiopiu.net\/wordpress\/wp-content\/uploads\/2022\/03\/Pordoi-sfondo-Sella-credits-Arabba-Fodom-Turismo.jpg 2000w\" sizes=\"auto, (max-width: 176px) 100vw, 176px\" \/><\/a>ROMA<\/strong> La stagione sciistica e turistica invernale 2022-2023 parte ufficialmente l&#8217;8 dicembre. L&#8217;Immacolata \u00e8 il primo ponte per gli appassionati e mai come quest&#8217;anno vi \u00e8 grandissima attenzione, aspettativa, non solo del mondo della montagna. Il nuovo Ministro del Turismo Daniela Santanch\u00e9 ha promesso stanziamenti e attenzione, e gi\u00e0 alcuni segnali (in primis 200milioni di euro in 5 anni nella legge di bilancio per la manutenzione degli impianti di risalita) ci sono. Oltre a risorse per i &#8220;Comuni a vocazione turistica&#8221;. Sar\u00e0 il Parlamento da dare seguito e approvare la Finanziaria. Ma come Uncem non possiamo non essere attenti all&#8217;avvio della stagione, la prima &#8220;post-covid&#8221; probabilmente, la prima segnata per\u00f2 da un caro-energia che condiziona impiantisti e albergatori, ristoratori, tutti gli operatori del turismo. &#8220;Abbiamo molto bisogno di capire cosa stia succedendo &#8211; spiega Marco Bussone, Presidente Uncem &#8211; come si parte e cosa succeder\u00e0. Quali sono le aspettative e le preoccupazioni degli operatori. Il sistema turistico invernale \u00e8 il pilastro dell&#8217;economia di tanti territori. Nulla pu\u00f2 essere lasciato indietro e dobbiamo lavorare, anche come Uncem, per unire sistema pubblico e privato&#8221;.<\/p>\n<p>&nbsp;<\/p>\n<hr \/>\n<p>&nbsp;<\/p>\n<p>&nbsp;<\/p>\n<h2><span style=\"color: #ff0000;\">IERI ALLA RADIO\u00a0<\/span><\/h2>\n<h2><strong><a class=\"dt-pswp-item\" href=\"https:\/\/www.radiopiu.net\/wordpress\/wp-content\/uploads\/2018\/02\/falcade-pista-fondo-2018.jpg\" data-dt-img-description=\"\" data-large_image_width=\"1200\" data-large_image_height=\"800\"><img loading=\"lazy\" decoding=\"async\" class=\" wp-image-43503 alignleft\" src=\"https:\/\/www.radiopiu.net\/wordpress\/wp-content\/uploads\/2018\/02\/falcade-pista-fondo-2018-300x200.jpg\" alt=\"\" width=\"176\" height=\"117\" srcset=\"https:\/\/www.radiopiu.net\/wordpress\/wp-content\/uploads\/2018\/02\/falcade-pista-fondo-2018-300x200.jpg 300w, https:\/\/www.radiopiu.net\/wordpress\/wp-content\/uploads\/2018\/02\/falcade-pista-fondo-2018-768x512.jpg 768w, https:\/\/www.radiopiu.net\/wordpress\/wp-content\/uploads\/2018\/02\/falcade-pista-fondo-2018-1024x683.jpg 1024w, https:\/\/www.radiopiu.net\/wordpress\/wp-content\/uploads\/2018\/02\/falcade-pista-fondo-2018.jpg 1200w\" sizes=\"auto, (max-width: 176px) 100vw, 176px\" \/><\/a><span style=\"color: #33cccc;\">GLI APPUNTAMENTI A FALCADE CON PROMO FALCADE E SCI CLUB VAL BIOIS<\/span><\/strong><\/h2>\n<p><strong>di Mirko Mezzacasa<\/strong><\/p>\n<p>OSPITI: Antonella Schena di Promo Falcade e Matteo Cagnati presidente dello Sci Club Val Biois<\/p>\n<audio class=\"wp-audio-shortcode\" id=\"audio-309960-1\" preload=\"none\" style=\"width: 100%;\" controls=\"controls\"><source type=\"audio\/mpeg\" src=\"https:\/\/www.radiopiu.net\/wordpress\/wp-content\/uploads\/2022\/12\/ANTONELLA-SCHENA-E-MATTEO-CAGNATI.mp3?_=1\" \/><a href=\"https:\/\/www.radiopiu.net\/wordpress\/wp-content\/uploads\/2022\/12\/ANTONELLA-SCHENA-E-MATTEO-CAGNATI.mp3\">https:\/\/www.radiopiu.net\/wordpress\/wp-content\/uploads\/2022\/12\/ANTONELLA-SCHENA-E-MATTEO-CAGNATI.mp3<\/a><\/audio>\n<p>&nbsp;<\/p>\n<p>&nbsp;<\/p>\n<hr \/>\n<p>&nbsp;<\/p>\n<blockquote>\n<h3>VENETO, ANAS: AVANZA IL PIANO DI POTENZIAMENTO DELLA VIABILIT\u00c0 IN PROVINCIA DI BELLUNO<\/h3>\n<\/blockquote>\n<p>&nbsp;<\/p>\n<p>di MORENO GIOLI<\/p>\n<audio class=\"wp-audio-shortcode\" id=\"audio-309960-2\" preload=\"none\" style=\"width: 100%;\" controls=\"controls\"><source type=\"audio\/mpeg\" src=\"https:\/\/www.radiopiu.net\/wordpress\/wp-content\/uploads\/2022\/12\/varianti-anas.mp3?_=2\" \/><a href=\"https:\/\/www.radiopiu.net\/wordpress\/wp-content\/uploads\/2022\/12\/varianti-anas.mp3\">https:\/\/www.radiopiu.net\/wordpress\/wp-content\/uploads\/2022\/12\/varianti-anas.mp3<\/a><\/audio>\n<p>&nbsp;<\/p>\n<p>&nbsp;<\/p>\n<p><strong><img decoding=\"async\" class=\"alignleft\" src=\"https:\/\/www.radiopiu.net\/wordpress\/wp-content\/uploads\/2021\/06\/anas.png\" \/>BELLUNO <\/strong>Questa mattina il Commissario di Governo per l\u2019attuazione del Piano nonch\u00e9\u00a0Presidente di Anas,\u00a0Edoardo Valente, nel corso di un incontro organizzato presso la Prefettura di Belluno ha inteso effettuare, con tutti gli Enti interessati, un punto di aggiornamento e informazione sullo stato di avanzamento dei lavori. Sono stati conclusi 40 interventi (per 63,2 milioni di euro) sui 49 presenti nel \u201cPiano Cortina\u201d. Anas pubblicher\u00e0 il prossimo 7 dicembre i bandi di gara in Gazzetta Ufficiale, per un valore di 250,2 milioni di euro. L\u2019obiettivo sfidante \u00e8 di completare le lavorazioni entro dicembre del 2025. La Variante di San Vito di Cadore, con un investimento 64,8 milioni di euro, avr\u00e0 una lunghezza di 2,3 km e si innester\u00e0 al tratto della SS 51 esistente mediante la realizzazione di due rotatorie.\u00a0 La Variante di Valle di Cadore, lunga circa 1,1 km, vede un investimento di 75,6 milioni di euro e si innester\u00e0 sulla statale mediante una rotatoria dal lato di Tai di Cadore e uno svincolo dal lato verso Cortina d\u2019Ampezzo.\u00a0 La Variante di Tai di Cadore, con un investimento di 109,8 milioni di euro, avr\u00e0 una lunghezza di 1,16 km e si collegher\u00e0 alla SS51 ed alla SS51 bis mediante rotatorie. Sulle strade statali 51 Bis e 52 \u201cCarnica\u201d il piano, per un investimento complessivo pari a 31,8 milioni di euro, comprende la realizzazione di 24 interventi di potenziamento, riqualificazione e messa in sicurezza 7 dei quali sono stati ultimati (per 6,4 milioni di euro): 2 sulla SS51 bis e 5 sulla SS52.<\/p>\n<p>&nbsp;<\/p>\n<p>&nbsp;<\/p>\n<hr \/>\n<p>&nbsp;<\/p>\n<blockquote>\n<h3>CONOSCERE BELLUNO IN RETE, LE MAPPE PER UNA VISITA ORGANIZZATA<\/h3>\n<\/blockquote>\n<p><strong><img loading=\"lazy\" decoding=\"async\" class=\"alignleft\" src=\"https:\/\/www.radiopiu.net\/wordpress\/wp-content\/uploads\/2022\/12\/WhatsApp-Image-2022-12-05-at-15.44.05.jpeg\" width=\"201\" height=\"150\" \/>BELLUNO\u00a0<\/strong>Da oggi disponibile sul sito del Comune di Belluno una mappa interattiva di 100 edifici storici, completa di foto e storia del palazzo: un&#8217;operazione realizzata dal capoluogo insieme al Rotary Club Belluno.<\/p>\n<p>&nbsp;<\/p>\n<p><strong>DI DANIELE DALVIT<\/strong><\/p>\n<audio class=\"wp-audio-shortcode\" id=\"audio-309960-3\" preload=\"none\" style=\"width: 100%;\" controls=\"controls\"><source type=\"audio\/mpeg\" src=\"https:\/\/www.radiopiu.net\/wordpress\/wp-content\/uploads\/2022\/12\/DANIELE-DAL-VIT-100-EDIFICI.mp3?_=3\" \/><a href=\"https:\/\/www.radiopiu.net\/wordpress\/wp-content\/uploads\/2022\/12\/DANIELE-DAL-VIT-100-EDIFICI.mp3\">https:\/\/www.radiopiu.net\/wordpress\/wp-content\/uploads\/2022\/12\/DANIELE-DAL-VIT-100-EDIFICI.mp3<\/a><\/audio>\n<p>&nbsp;<\/p>\n<p>&nbsp;<\/p>\n<hr \/>\n<p>&nbsp;<\/p>\n<blockquote>\n<h3 class=\"entry-title\">L\u2019AUTOVELOX NASCOSTO E\u2019 REATO DI TRUFFA<\/h3>\n<\/blockquote>\n<p><strong class=\"photoswipe-wrapper\"><a class=\"dt-pswp-item pspw-wrap-ready\" href=\"https:\/\/www.radiopiu.net\/wordpress\/wp-content\/uploads\/2022\/12\/AUTOVELOX.jpg\" data-dt-img-description=\"\" data-large_image_width=\"1920\" data-large_image_height=\"1280\"><img loading=\"lazy\" decoding=\"async\" class=\" wp-image-310004 alignleft\" src=\"https:\/\/www.radiopiu.net\/wordpress\/wp-content\/uploads\/2022\/12\/AUTOVELOX-300x200.jpg\" sizes=\"auto, (max-width: 180px) 100vw, 180px\" srcset=\"https:\/\/www.radiopiu.net\/wordpress\/wp-content\/uploads\/2022\/12\/AUTOVELOX-300x200.jpg 300w, https:\/\/www.radiopiu.net\/wordpress\/wp-content\/uploads\/2022\/12\/AUTOVELOX-1024x683.jpg 1024w, https:\/\/www.radiopiu.net\/wordpress\/wp-content\/uploads\/2022\/12\/AUTOVELOX-768x512.jpg 768w, https:\/\/www.radiopiu.net\/wordpress\/wp-content\/uploads\/2022\/12\/AUTOVELOX-1536x1024.jpg 1536w, https:\/\/www.radiopiu.net\/wordpress\/wp-content\/uploads\/2022\/12\/AUTOVELOX.jpg 1920w\" alt=\"\" width=\"180\" height=\"120\" \/><\/a>BELLUNO<\/strong>\u00a0<span class=\"_2PHJq public-DraftStyleDefault-ltr\">I limiti di velocit\u00e0 devono essere sempre rispettati, cos\u00ec come tutte le altre regole del codice della strada. A volte, per\u00f2, la ricerca di chi stia viaggiando ad una velocit\u00e0 troppo alta raggiunge dei paradossi assurdi, facendo sembrare questi automobilisti dei ladri, anche se non lo sono, e come dei bersagli da colpire. Sono innumerevoli gli stratagemmi, che sono escogitati da poliziotti e vigili, per stanare chi eccede con i limiti di velocit\u00e0. Uno degli obiettivi pi\u00f9 amb\u00ecti \u00e8 quello di cercare di rendere il pi\u00f9 possibile invisibile l\u2019autovelox, in modo da poter cogliere in flagrante gli automobilisti con il piede pesante sull\u2019acceleratore. In questo modo il mal capitato di turno si accorge di aver incrociato l\u2019autovelox, solo e soltanto nel momento in cui ricevere il verbale e la multa direttamente a casa.\u00a0<\/span><strong><span class=\"_2PHJq public-DraftStyleDefault-ltr\">Ma \u00e8 lecito e corretto nascondere l\u2019autovelox in un\u2019auto civetta?\u00a0<\/span><\/strong><span class=\"_2PHJq public-DraftStyleDefault-ltr\">S<\/span><span class=\"_2PHJq public-DraftStyleDefault-ltr\">i \u00e8 occupata direttamente la Corte Costituzionale, con l\u2019ordinanza dello scorso febbraio, che ha provveduto ad annullare sanzione e taglio dei punti sulla patente di un automobilista, che si era visto recapitare una sanzione inflitta grazie ad un autovelox montato all\u2019interno di un\u2019auto civetta dei vigili urbani. La stessa, per passare completamente inosservata, era priva di scritte di servizio e lampeggianti blu. Non \u00e8 stato sufficiente il cartello di presegnalazione a far in modo che il verbale fosse valido. Ebbene, la Corte non ha ritenuto persuasiva la prima opzione interpretativa, secondo cui il requisito della visibilit\u00e0 sarebbe da riferire ai cartelli segnaletici e non alle postazioni di controllo. L\u2019affermazione che un cartello segnaletico deve essere ben visibile\u2002\u00e8 \u2013 per la Corte \u2013 puramente tautologica, giacch\u00e8 un cartello segnaletico non pu\u00f2 essere tale se non \u00e8 collocato in modo da risultare ben visibile.\u00a0<\/span><span class=\"_2PHJq public-DraftStyleDefault-ltr\">Nello specifico: l\u2019interpretazione letterale impone di valorizzare il significato proprio delle parole, sicch\u00e8 deve rilevarsi che il senso del sintagma \u201cpreventivamente segnalate\u201d \u00e8 diverso dal significato del sintagma \u201cben visibili\u201d: un oggetto o uno stato dei luoghi pu\u00f2 essere invero preventivamente segnalato e non essere ben visibile (generalmente, anzi, la segnalazione preventiva tende ad ovviare proprio ad un deficit di visibilit\u00e0) e viceversa.\u00a0<\/span><span class=\"_2PHJq public-DraftStyleDefault-ltr\">L\u2019interpretazione teleologica, poi, porta a considerare che la disposizione che prescrive la preventiva segnalazione della postazione di rilevazione della velocit\u00e0\u2002ha uno scopo diverso da quello della disposizione che prescrive la visibilit\u00e0 di detta postazione: rileva infatti la Corte che la prima disposizione tende a garantire che gli automobilisti vengano informati della presenza di una postazione di controllo della velocit\u00e0\u2002prima di transitare davanti alla stessa, onde orientarne la condotta di guida e preavvertirli del possibile accertamento; la seconda disposizione, per contro, tende a garantire che gli automobilisti vengano posti in condizione di individuare la postazione di controllo della velocit\u00e0\u2002 quando transitano davanti alla stessa, onde avere contezza del tempo e del luogo della rilevazione.<\/span><\/p>\n<p><strong>FONTE ALTVELOX.IT\u00a0<\/strong><\/p>\n<p>&nbsp;<\/p>\n<hr \/>\n<p>&nbsp;<\/p>\n<blockquote>\n<h3>3 TONNELLATE DI PRODOTTI ALIMENTARI, E&#8217; LA SOLIDARIETA&#8217; AGORDINA<\/h3>\n<\/blockquote>\n<p><strong><img loading=\"lazy\" decoding=\"async\" class=\"alignleft\" src=\"https:\/\/www.radiopiu.net\/wordpress\/wp-content\/uploads\/2022\/12\/14a77ce7-7d47-4991-9f23-0dc9b1b3735f.jpg\" width=\"256\" height=\"191\" \/>AGORDO<\/strong><\/p>\n<p><strong>DI GIANNI SANTOMASO<\/strong><\/p>\n<audio class=\"wp-audio-shortcode\" id=\"audio-309960-4\" preload=\"none\" style=\"width: 100%;\" controls=\"controls\"><source type=\"audio\/mpeg\" src=\"https:\/\/www.radiopiu.net\/wordpress\/wp-content\/uploads\/2022\/12\/GIANNI-SANTOMASOcolletta-alimentare.mp3?_=4\" \/><a href=\"https:\/\/www.radiopiu.net\/wordpress\/wp-content\/uploads\/2022\/12\/GIANNI-SANTOMASOcolletta-alimentare.mp3\">https:\/\/www.radiopiu.net\/wordpress\/wp-content\/uploads\/2022\/12\/GIANNI-SANTOMASOcolletta-alimentare.mp3<\/a><\/audio>\n<p>&nbsp;<\/p>\n<p>&nbsp;<\/p>\n<hr \/>\n<p>&nbsp;<\/p>\n<p>&nbsp;<\/p>\n<blockquote>\n<h3>SABATO L&#8217;INCONTRO CON I NEO DICIOTTENNI A CANALE<\/h3>\n<\/blockquote>\n<p><strong><a class=\"dt-pswp-item\" href=\"https:\/\/www.radiopiu.net\/wordpress\/wp-content\/uploads\/2022\/12\/Senza-nome-33.jpg\" data-dt-img-description=\"\" data-large_image_width=\"474\" data-large_image_height=\"247\"><img loading=\"lazy\" decoding=\"async\" class=\"size-medium wp-image-310112 alignleft\" src=\"https:\/\/www.radiopiu.net\/wordpress\/wp-content\/uploads\/2022\/12\/Senza-nome-33-300x156.jpg\" alt=\"\" width=\"300\" height=\"156\" srcset=\"https:\/\/www.radiopiu.net\/wordpress\/wp-content\/uploads\/2022\/12\/Senza-nome-33-300x156.jpg 300w, https:\/\/www.radiopiu.net\/wordpress\/wp-content\/uploads\/2022\/12\/Senza-nome-33.jpg 474w\" sizes=\"auto, (max-width: 300px) 100vw, 300px\" \/><\/a>CANALE D&#8217;AGORDO<\/strong> I sindaci di Canale D&#8217;Agordo e Vallada incontreranno i giovani che hanno appena compiuto i 18 anni nella sala Lina Zand\u00f2 di Canale d&#8217;Agordo. L&#8217;appuntamento \u00e8 per sabato alle 16:30. Interverr\u00e0 anche il presidio LIBERA dell&#8217;Agordino, l&#8217;associazione contro le mafie presieduta da Don Luigi Ciotti che proporr\u00e0 ai giovani una riflessione <a class=\"dt-pswp-item\" href=\"https:\/\/www.radiopiu.net\/wordpress\/wp-content\/uploads\/2022\/12\/foto-Marilisa.jpg\" data-dt-img-description=\"\" data-large_image_width=\"227\" data-large_image_height=\"280\"><img loading=\"lazy\" decoding=\"async\" class=\" wp-image-310161 alignright\" src=\"https:\/\/www.radiopiu.net\/wordpress\/wp-content\/uploads\/2022\/12\/foto-Marilisa.jpg\" alt=\"\" width=\"98\" height=\"121\" \/><\/a>sull&#8217;uso di un linguaggio rispettoso delle persone, e l&#8217;associazione Donatori del sangue di Canale-Vallada.<\/p>\n<p><strong>L&#8217;ASSESSORE MARILISA LUCHETTA<\/strong><\/p>\n<audio class=\"wp-audio-shortcode\" id=\"audio-309960-5\" preload=\"none\" style=\"width: 100%;\" controls=\"controls\"><source type=\"audio\/mpeg\" src=\"https:\/\/www.radiopiu.net\/wordpress\/wp-content\/uploads\/2022\/12\/MARILISA.mp3?_=5\" \/><a href=\"https:\/\/www.radiopiu.net\/wordpress\/wp-content\/uploads\/2022\/12\/MARILISA.mp3\">https:\/\/www.radiopiu.net\/wordpress\/wp-content\/uploads\/2022\/12\/MARILISA.mp3<\/a><\/audio>\n<p>&nbsp;<\/p>\n<blockquote><p><em><strong>VALLADA La &#8220;Gru raccogli alberi&#8221; vale il primo premio gli studenti della primaria Ronchi. Hanno vinto nella sezione Oggetto di design, concorso &#8220;Circolar&#8230;mente&#8221; della Camera di Commercio. Hanno ben interpretato il tema dell&#8217;economia circolare con un prototipo originale assemblato con materiali di scarto delle utenze domestiche e impianti produttivi. Consegnato il diploma e un assegno da 2500 euro.<\/strong><\/em><\/p><\/blockquote>\n<p>&nbsp;<\/p>\n<p>&nbsp;<\/p>\n<hr \/>\n<p>&nbsp;<\/p>\n<blockquote>\n<h3>AGGIORNAMENTO SETTIMANALE, 2 DECESSI PER COVID IN SETTE GIORNI<\/h3>\n<\/blockquote>\n<p><strong>BELLUNO<\/strong> L\u2019incidenza settimanale si attesta su valori prossimi a 400 casi su 100 mila abitanti. Tale incidenza \u00e8 stata calcolata, come da ultime indicazioni, tenendo conto delle reinfezioni a carico di soggetti precedentemente classificati come casi covid. Nella settimana qui analizzata i nuovi casi si collocano, come di consueto, prevalentemente nella fascia d\u2019et\u00e0 centrale 45-64 anni.\u00a0 IN OSPEDALE 38 pazienti in area non critica, 7 negli ospedali di comunit\u00e0. DECESSI 28\/11: \u00e8 deceduta una donna di anni 97 01\/12: \u00e8 deceduto un uomo di anni 78<\/p>\n<p>LA MAPPA DEI CONTAGI Sempre meglio, nessuno Comune segnala nuovi casi oltre i 2000 per 100mila abitanti, aumentano anche i Comuni che non hanno registrato nessun nuovo caso (colore bianco).<\/p>\n\n\t\t\t<style type='text\/css'>\n\t\t\t\t#gallery-1 {\n\t\t\t\t\tmargin: auto;\n\t\t\t\t}\n\t\t\t\t#gallery-1 .gallery-item {\n\t\t\t\t\tfloat: left;\n\t\t\t\t\tmargin-top: 10px;\n\t\t\t\t\ttext-align: center;\n\t\t\t\t\twidth: 33%;\n\t\t\t\t}\n\t\t\t\t#gallery-1 img {\n\t\t\t\t\tborder: 2px solid #cfcfcf;\n\t\t\t\t}\n\t\t\t\t#gallery-1 .gallery-caption {\n\t\t\t\t\tmargin-left: 0;\n\t\t\t\t}\n\t\t\t\t\/* see gallery_shortcode() in wp-includes\/media.php *\/\n\t\t\t<\/style>\n\t\t<div id='gallery-1' class='dt-gallery-container gallery galleryid-309960 gallery-columns-3 gallery-size-thumbnail'><dl class='gallery-item'>\n\t\t\t\t<dt class='gallery-icon portrait'>\n\t\t\t\t\t<a class=\"rollover rollover-zoom dt-pswp-item\" title=\"62654b4d-3703-43ea-b7b5-144e6852bbb9\" data-dt-img-description=\"\" data-large_image_width=\"897\" data-large_image_height=\"1005\"href='https:\/\/www.radiopiu.net\/wordpress\/wp-content\/uploads\/2022\/12\/62654b4d-3703-43ea-b7b5-144e6852bbb9.jpg'><img loading=\"lazy\" decoding=\"async\" width=\"150\" height=\"150\" src=\"https:\/\/www.radiopiu.net\/wordpress\/wp-content\/uploads\/2022\/12\/62654b4d-3703-43ea-b7b5-144e6852bbb9-150x150.jpg\" class=\"attachment-thumbnail size-thumbnail\" alt=\"\" \/><\/a>\n\t\t\t\t<\/dt><\/dl><dl class='gallery-item'>\n\t\t\t\t<dt class='gallery-icon landscape'>\n\t\t\t\t\t<a class=\"rollover rollover-zoom dt-pswp-item\" title=\"a82d50dd-6469-4e8a-956a-3fe5490bad85\" data-dt-img-description=\"\" data-large_image_width=\"833\" data-large_image_height=\"539\"href='https:\/\/www.radiopiu.net\/wordpress\/wp-content\/uploads\/2022\/12\/a82d50dd-6469-4e8a-956a-3fe5490bad85.jpg'><img loading=\"lazy\" decoding=\"async\" width=\"150\" height=\"150\" src=\"https:\/\/www.radiopiu.net\/wordpress\/wp-content\/uploads\/2022\/12\/a82d50dd-6469-4e8a-956a-3fe5490bad85-150x150.jpg\" class=\"attachment-thumbnail size-thumbnail\" alt=\"\" \/><\/a>\n\t\t\t\t<\/dt><\/dl><dl class='gallery-item'>\n\t\t\t\t<dt class='gallery-icon landscape'>\n\t\t\t\t\t<a class=\"rollover rollover-zoom dt-pswp-item\" title=\"30dd9eb0-05fb-4780-9a64-68d5c9907a81\" data-dt-img-description=\"\" data-large_image_width=\"852\" data-large_image_height=\"438\"href='https:\/\/www.radiopiu.net\/wordpress\/wp-content\/uploads\/2022\/12\/30dd9eb0-05fb-4780-9a64-68d5c9907a81.jpg'><img loading=\"lazy\" decoding=\"async\" width=\"150\" height=\"150\" src=\"https:\/\/www.radiopiu.net\/wordpress\/wp-content\/uploads\/2022\/12\/30dd9eb0-05fb-4780-9a64-68d5c9907a81-150x150.jpg\" class=\"attachment-thumbnail size-thumbnail\" alt=\"\" \/><\/a>\n\t\t\t\t<\/dt><\/dl><br style=\"clear: both\" \/>\n\t\t\t<\/div>\n\n<p>&nbsp;<\/p>\n<p>&nbsp;<\/p>\n<hr \/>\n<p>&nbsp;<\/p>\n<blockquote>\n<h2>ANCHE IL COMUNE DI SOVERZENE &#8220;SPOSA&#8221; LA CAUSA ADMO<\/h2>\n<\/blockquote>\n<p><strong>SOVERZENE<\/strong> Il Comune di Soverzene scende in campo a fianco dell&#8217;Associazione Donatori di Midollo Osseo e lancia sul suo territorio una campagna che coinvolger\u00e0 i pi\u00f9 giovani.<\/p>\n<p><strong>di DANIELE DALVIT<\/strong><\/p>\n<audio class=\"wp-audio-shortcode\" id=\"audio-309960-6\" preload=\"none\" style=\"width: 100%;\" controls=\"controls\"><source type=\"audio\/mpeg\" src=\"https:\/\/www.radiopiu.net\/wordpress\/wp-content\/uploads\/2022\/12\/DANIELE-ADMO.mp3?_=6\" \/><a href=\"https:\/\/www.radiopiu.net\/wordpress\/wp-content\/uploads\/2022\/12\/DANIELE-ADMO.mp3\">https:\/\/www.radiopiu.net\/wordpress\/wp-content\/uploads\/2022\/12\/DANIELE-ADMO.mp3<\/a><\/audio>\n<p>&nbsp;<\/p>\n\n\t\t\t<style type='text\/css'>\n\t\t\t\t#gallery-2 {\n\t\t\t\t\tmargin: auto;\n\t\t\t\t}\n\t\t\t\t#gallery-2 .gallery-item {\n\t\t\t\t\tfloat: left;\n\t\t\t\t\tmargin-top: 10px;\n\t\t\t\t\ttext-align: center;\n\t\t\t\t\twidth: 50%;\n\t\t\t\t}\n\t\t\t\t#gallery-2 img {\n\t\t\t\t\tborder: 2px solid #cfcfcf;\n\t\t\t\t}\n\t\t\t\t#gallery-2 .gallery-caption {\n\t\t\t\t\tmargin-left: 0;\n\t\t\t\t}\n\t\t\t\t\/* see gallery_shortcode() in wp-includes\/media.php *\/\n\t\t\t<\/style>\n\t\t<div id='gallery-2' class='dt-gallery-container gallery galleryid-309960 gallery-columns-2 gallery-size-thumbnail'><dl class='gallery-item'>\n\t\t\t\t<dt class='gallery-icon portrait'>\n\t\t\t\t\t<a class=\"rollover rollover-zoom dt-pswp-item\" title=\"WhatsApp Image 2022-12-05 at 18.25.17\" data-dt-img-description=\"\" data-large_image_width=\"587\" data-large_image_height=\"960\"href='https:\/\/www.radiopiu.net\/wordpress\/wp-content\/uploads\/2022\/12\/WhatsApp-Image-2022-12-05-at-18.25.17.jpeg'><img loading=\"lazy\" decoding=\"async\" width=\"150\" height=\"150\" src=\"https:\/\/www.radiopiu.net\/wordpress\/wp-content\/uploads\/2022\/12\/WhatsApp-Image-2022-12-05-at-18.25.17-150x150.jpeg\" class=\"attachment-thumbnail size-thumbnail\" alt=\"\" \/><\/a>\n\t\t\t\t<\/dt><\/dl><dl class='gallery-item'>\n\t\t\t\t<dt class='gallery-icon portrait'>\n\t\t\t\t\t<a class=\"rollover rollover-zoom dt-pswp-item\" title=\"acfd7562-bfff-4f36-ab7c-c1709a1a5e39\" data-dt-img-description=\"\" data-large_image_width=\"900\" data-large_image_height=\"1600\"href='https:\/\/www.radiopiu.net\/wordpress\/wp-content\/uploads\/2022\/12\/acfd7562-bfff-4f36-ab7c-c1709a1a5e39.jpg'><img loading=\"lazy\" decoding=\"async\" width=\"150\" height=\"150\" src=\"https:\/\/www.radiopiu.net\/wordpress\/wp-content\/uploads\/2022\/12\/acfd7562-bfff-4f36-ab7c-c1709a1a5e39-150x150.jpg\" class=\"attachment-thumbnail size-thumbnail\" alt=\"\" \/><\/a>\n\t\t\t\t<\/dt><\/dl><br style=\"clear: both\" \/>\n\t\t\t<\/div>\n\n<p>&nbsp;<\/p>\n<p>&nbsp;<\/p>\n<hr \/>\n<p>&nbsp;<\/p>\n<p>&nbsp;<\/p>\n<p>&nbsp;<\/p>\n<blockquote class=\"wp-embedded-content\" data-secret=\"U699g6qaHH\"><p><a href=\"https:\/\/www.radiopiu.net\/wordpress\/aziendazerodicembre-05\/\">OTTO DECESSI E 1174 NUOVE POSITIVITA&#8217; IN 24 ORE. AUMENATNO I RICOVERI<\/a><\/p><\/blockquote>\n<p><iframe loading=\"lazy\" class=\"wp-embedded-content\" sandbox=\"allow-scripts\" security=\"restricted\" style=\"position: absolute; clip: rect(1px, 1px, 1px, 1px);\" title=\"&#8220;OTTO DECESSI E 1174 NUOVE POSITIVITA&#8217; IN 24 ORE. AUMENATNO I RICOVERI&#8221; &#8212; Radio Pi\u00f9\" src=\"https:\/\/www.radiopiu.net\/wordpress\/aziendazerodicembre-05\/embed\/#?secret=BO8UTgWkUA#?secret=U699g6qaHH\" data-secret=\"U699g6qaHH\" width=\"600\" height=\"338\" frameborder=\"0\" marginwidth=\"0\" marginheight=\"0\" scrolling=\"no\"><\/iframe><\/p>\n<p>&nbsp;<\/p>\n<p><strong>DI TIZIANO DE COL<\/strong><\/p>\n\n\t\t\t<style type='text\/css'>\n\t\t\t\t#gallery-3 {\n\t\t\t\t\tmargin: auto;\n\t\t\t\t}\n\t\t\t\t#gallery-3 .gallery-item {\n\t\t\t\t\tfloat: left;\n\t\t\t\t\tmargin-top: 10px;\n\t\t\t\t\ttext-align: center;\n\t\t\t\t\twidth: 25%;\n\t\t\t\t}\n\t\t\t\t#gallery-3 img {\n\t\t\t\t\tborder: 2px solid #cfcfcf;\n\t\t\t\t}\n\t\t\t\t#gallery-3 .gallery-caption {\n\t\t\t\t\tmargin-left: 0;\n\t\t\t\t}\n\t\t\t\t\/* see gallery_shortcode() in wp-includes\/media.php *\/\n\t\t\t<\/style>\n\t\t<div id='gallery-3' class='dt-gallery-container gallery galleryid-309960 gallery-columns-4 gallery-size-thumbnail'><dl class='gallery-item'>\n\t\t\t\t<dt class='gallery-icon landscape'>\n\t\t\t\t\t<a class=\"rollover rollover-zoom dt-pswp-item\" title=\"493fe204-8efc-4544-bf22-bcfdfeef0d75\" data-dt-img-description=\"\" data-large_image_width=\"594\" data-large_image_height=\"368\"href='https:\/\/www.radiopiu.net\/wordpress\/wp-content\/uploads\/2022\/12\/493fe204-8efc-4544-bf22-bcfdfeef0d75.jpg'><img loading=\"lazy\" decoding=\"async\" width=\"150\" height=\"150\" src=\"https:\/\/www.radiopiu.net\/wordpress\/wp-content\/uploads\/2022\/12\/493fe204-8efc-4544-bf22-bcfdfeef0d75-150x150.jpg\" class=\"attachment-thumbnail size-thumbnail\" alt=\"\" \/><\/a>\n\t\t\t\t<\/dt><\/dl><dl class='gallery-item'>\n\t\t\t\t<dt class='gallery-icon landscape'>\n\t\t\t\t\t<a class=\"rollover rollover-zoom dt-pswp-item\" title=\"345f34cc-8774-4245-bd1e-5d415d1aa231\" data-dt-img-description=\"\" data-large_image_width=\"604\" data-large_image_height=\"359\"href='https:\/\/www.radiopiu.net\/wordpress\/wp-content\/uploads\/2022\/12\/345f34cc-8774-4245-bd1e-5d415d1aa231.jpg'><img loading=\"lazy\" decoding=\"async\" width=\"150\" height=\"150\" src=\"https:\/\/www.radiopiu.net\/wordpress\/wp-content\/uploads\/2022\/12\/345f34cc-8774-4245-bd1e-5d415d1aa231-150x150.jpg\" class=\"attachment-thumbnail size-thumbnail\" alt=\"\" \/><\/a>\n\t\t\t\t<\/dt><\/dl><dl class='gallery-item'>\n\t\t\t\t<dt class='gallery-icon landscape'>\n\t\t\t\t\t<a class=\"rollover rollover-zoom dt-pswp-item\" title=\"091e9a44-07e5-41bd-8540-f68396b440fd\" data-dt-img-description=\"\" data-large_image_width=\"610\" data-large_image_height=\"369\"href='https:\/\/www.radiopiu.net\/wordpress\/wp-content\/uploads\/2022\/12\/091e9a44-07e5-41bd-8540-f68396b440fd.jpg'><img loading=\"lazy\" decoding=\"async\" width=\"150\" height=\"150\" src=\"https:\/\/www.radiopiu.net\/wordpress\/wp-content\/uploads\/2022\/12\/091e9a44-07e5-41bd-8540-f68396b440fd-150x150.jpg\" class=\"attachment-thumbnail size-thumbnail\" alt=\"\" \/><\/a>\n\t\t\t\t<\/dt><\/dl><dl class='gallery-item'>\n\t\t\t\t<dt class='gallery-icon landscape'>\n\t\t\t\t\t<a class=\"rollover rollover-zoom dt-pswp-item\" title=\"8655f39e-4e01-4991-85f6-91d7941b38d6\" data-dt-img-description=\"\" data-large_image_width=\"582\" data-large_image_height=\"353\"href='https:\/\/www.radiopiu.net\/wordpress\/wp-content\/uploads\/2022\/12\/8655f39e-4e01-4991-85f6-91d7941b38d6.jpg'><img loading=\"lazy\" decoding=\"async\" width=\"150\" height=\"150\" src=\"https:\/\/www.radiopiu.net\/wordpress\/wp-content\/uploads\/2022\/12\/8655f39e-4e01-4991-85f6-91d7941b38d6-150x150.jpg\" class=\"attachment-thumbnail size-thumbnail\" alt=\"\" \/><\/a>\n\t\t\t\t<\/dt><\/dl><br style=\"clear: both\" \/>\n\t\t\t<\/div>\n\n<hr \/>\n<p>&nbsp;<\/p>\n<p>&nbsp;<\/p>\n<blockquote>\n<h3><strong>Screening Epatite C: <\/strong><strong>avviata la chiamata a favore delle prime 2.670 persone (anno di nascita 1969)<\/strong><\/h3>\n<\/blockquote>\n<p>&nbsp;<\/p>\n<p><strong>BELLUNO<\/strong> Nell\u2019ambito del programma regionale di screening per l\u2019Epatite C, rivolto a tutte le persone nate tra il 1969 e il 1989, \u00e8 stata avviata ieri in Ulss Dolomiti la fase di chiamata attiva con l\u2019invio delle lettere di invito ad aderire allo screening. Oggi \u00e8 stato inviato il primo gruppo di inviti che saranno recapitati a 2.670 cittadini nati nel 1969 e residenti nel territorio bellunese. Il prossimo invio a met\u00e0 mese coinvolger\u00e0 i nati nell\u2019anno 1970 e successivamente, con cadenza quindicinale, seguiranno gli invii per le successive coorti di nascita. I cittadini che riceveranno l\u2019invito potranno sottoporsi al test gratuitamente, secondo le modalit\u00e0 indicate nella lettera, sottoponendosi ad un esame del sangue che ricerca la presenza di anticorpi contro il virus dell\u2019epatite C (HCV), causa della malattia.<\/p>\n<p>&nbsp;<\/p>\n<blockquote><p><em>Lo screening gratuito per l\u2019epatite C si inserisce in un progetto nazionale che ha come obiettivo quello di eliminare il virus HCV dal territorio nazionale, rilevando le infezioni non ancora diagnosticate e trattandole precocemente. Questo programma ambizioso \u00e8 possibile grazie agli immensi risultati della ricerca scientifica che, in circa 30 anni, ha permesso l\u2019identificazione del virus HCV e lo sviluppo di terapie altamente efficaci. Grazie alle nuove terapie e alla disponibilit\u00e0 di vaccini per prevenire le altre epatiti (A e B), l\u2019Organizzazione Mondiale della Sanit\u00e0 (OMS) nel 2016 ha posto l\u2019obiettivo di eliminare a livello mondiale le epatiti virali, riducendo la nuova insorgenza del 90% e la mortalit\u00e0 del 65% entro il 2030.\u00a0<\/em><\/p><\/blockquote>\n<p>&nbsp;<\/p>\n<hr \/>\n<p>&nbsp;<\/p>\n<blockquote>\n<h2>LA MAGIA DEL NATALE IN PEDIATRIA A BELLUNO<\/h2>\n<\/blockquote>\n<p>&nbsp;<\/p>\n<p><strong>BELLUNO<\/strong>\u00a0 Una visita speciale alla Pediatria di Belluno: come da tradizione \u00e8 arrivato San Nicol\u00f2.<br \/>\nAccompagnato dagli zampognari, anticipato dalle campanelle, tra l\u2019attesa stupefatta dei bimbi e il sorriso dei grandi, San Nicol\u00f2 ha fatto capolino al San Martino di Belluno dove tra una risata e l\u2019altra ha portato dei doni ai piccoli degenti per rallegrare un momento difficile come pu\u00f2 essere quello di un ricovero. Ad aspettarlo con gioia c\u2019erano gli alunni della scuola Gabelli, che hanno intonato dei canti natalizi con la spontaneit\u00e0 che solo i bambini sanno avere. Un grazie a Giuseppe Menini, agli zampognari Pedra, agli alunni della scuola Gabelli e alla maestra Anna Reolon e il Rotary Club per aver portato la magia del Natale e questa ventata di gioia e spensieratezza in ospedale.Arriva la magia del Natale nella Pediatria di Belluno con San Nicol\u00f2<\/p>\n<p>&nbsp;<\/p>\n\n\t\t\t<style type='text\/css'>\n\t\t\t\t#gallery-4 {\n\t\t\t\t\tmargin: auto;\n\t\t\t\t}\n\t\t\t\t#gallery-4 .gallery-item {\n\t\t\t\t\tfloat: left;\n\t\t\t\t\tmargin-top: 10px;\n\t\t\t\t\ttext-align: center;\n\t\t\t\t\twidth: 50%;\n\t\t\t\t}\n\t\t\t\t#gallery-4 img {\n\t\t\t\t\tborder: 2px solid #cfcfcf;\n\t\t\t\t}\n\t\t\t\t#gallery-4 .gallery-caption {\n\t\t\t\t\tmargin-left: 0;\n\t\t\t\t}\n\t\t\t\t\/* see gallery_shortcode() in wp-includes\/media.php *\/\n\t\t\t<\/style>\n\t\t<div id='gallery-4' class='dt-gallery-container gallery galleryid-309960 gallery-columns-2 gallery-size-thumbnail'><dl class='gallery-item'>\n\t\t\t\t<dt class='gallery-icon landscape'>\n\t\t\t\t\t<a class=\"rollover rollover-zoom dt-pswp-item\" title=\"Senza nome\" data-dt-img-description=\"\" data-large_image_width=\"983\" data-large_image_height=\"547\"href='https:\/\/www.radiopiu.net\/wordpress\/wp-content\/uploads\/2022\/12\/Senza-nome-29.jpg'><img loading=\"lazy\" decoding=\"async\" width=\"150\" height=\"150\" src=\"https:\/\/www.radiopiu.net\/wordpress\/wp-content\/uploads\/2022\/12\/Senza-nome-29-150x150.jpg\" class=\"attachment-thumbnail size-thumbnail\" alt=\"\" \/><\/a>\n\t\t\t\t<\/dt><\/dl><dl class='gallery-item'>\n\t\t\t\t<dt class='gallery-icon landscape'>\n\t\t\t\t\t<a class=\"rollover rollover-zoom dt-pswp-item\" title=\"Senza nome\" data-dt-img-description=\"\" data-large_image_width=\"630\" data-large_image_height=\"380\"href='https:\/\/www.radiopiu.net\/wordpress\/wp-content\/uploads\/2022\/12\/Senza-nome-30.jpg'><img loading=\"lazy\" decoding=\"async\" width=\"150\" height=\"150\" src=\"https:\/\/www.radiopiu.net\/wordpress\/wp-content\/uploads\/2022\/12\/Senza-nome-30-150x150.jpg\" class=\"attachment-thumbnail size-thumbnail\" alt=\"\" \/><\/a>\n\t\t\t\t<\/dt><\/dl><br style=\"clear: both\" \/>\n\t\t\t<\/div>\n\n<p>&nbsp;<\/p>\n<p>&nbsp;<\/p>\n<hr \/>\n<p>&nbsp;<\/p>\n<blockquote>\n<h3>A BELLUNO AL VIA I LAVORI PER IL\u00a0 CALENDARIO CONDIVISO DEGLI EVENTI<\/h3>\n<\/blockquote>\n<p><a class=\"dt-pswp-item\" href=\"https:\/\/www.radiopiu.net\/wordpress\/wp-content\/uploads\/2020\/04\/PIAZZA-MARTIRI-BELLUNO.jpg\" data-dt-img-description=\"\" data-large_image_width=\"550\" data-large_image_height=\"388\"><img loading=\"lazy\" decoding=\"async\" class=\" wp-image-130647 alignleft\" src=\"https:\/\/www.radiopiu.net\/wordpress\/wp-content\/uploads\/2020\/04\/PIAZZA-MARTIRI-BELLUNO-300x212.jpg\" alt=\"\" width=\"178\" height=\"126\" srcset=\"https:\/\/www.radiopiu.net\/wordpress\/wp-content\/uploads\/2020\/04\/PIAZZA-MARTIRI-BELLUNO-300x212.jpg 300w, https:\/\/www.radiopiu.net\/wordpress\/wp-content\/uploads\/2020\/04\/PIAZZA-MARTIRI-BELLUNO.jpg 550w\" sizes=\"auto, (max-width: 178px) 100vw, 178px\" \/><\/a><strong>BELLUNO <\/strong>Sono iniziati i lavori per il calendario condiviso degli eventi 2023. Nei giorni scorsi l\u2019amministrazione ha inviato alle associazioni del territorio la lettera di invito a presentare, entro il 19 dicembre, le proprie proposte. Il Comune le raccoglier\u00e0 e poi chiamer\u00e0 tutti ad un primo incontro, da fissare all\u2019inizio del prossimo anno. Seguir\u00e0 un\u2019altra call, e questa \u00e8 la novit\u00e0: a ridosso della stagione estiva una seconda call solleciter\u00e0 nuovamente gli enti del terzo settore a presentare le loro proposte per arricchire a aggiornare ulteriormente il calendario.<\/p>\n<p><strong>PAOLO LUCIANI, ASSESSORE AGLI EVENTI DEL COMUNE DI BELLUNO<\/strong><\/p>\n<audio class=\"wp-audio-shortcode\" id=\"audio-309960-7\" preload=\"none\" style=\"width: 100%;\" controls=\"controls\"><source type=\"audio\/mpeg\" src=\"https:\/\/www.radiopiu.net\/wordpress\/wp-content\/uploads\/2022\/12\/Assessore-Luciani-su-calendario-condiviso-eventi.mp3?_=7\" \/><a href=\"https:\/\/www.radiopiu.net\/wordpress\/wp-content\/uploads\/2022\/12\/Assessore-Luciani-su-calendario-condiviso-eventi.mp3\">https:\/\/www.radiopiu.net\/wordpress\/wp-content\/uploads\/2022\/12\/Assessore-Luciani-su-calendario-condiviso-eventi.mp3<\/a><\/audio>\n<p>&nbsp;<\/p>\n<p>&nbsp;<\/p>\n<hr \/>\n<p>&nbsp;<\/p>\n<blockquote>\n<h3>DOLOMITI ASSICURAZIONI, IL TAGLIO DEL NASTRO AL CONDOMINIO LA CORTE<\/h3>\n<\/blockquote>\n<p><strong>AGORDO<\/strong> Inaugurazione dei nuovi uffici della Dolomiti Assicurazioni (Cattolica), trasferimento degli uffici da Piazza Libert\u00e0 a Via Insurrezione presso Condominio La Corte Agordina<\/p>\n<p>&nbsp;<\/p>\n<p><iframe loading=\"lazy\" title=\"INAUGURAZIONE DOLOMITI ASSICURAZIONI AGORDO\" width=\"1200\" height=\"675\" src=\"https:\/\/www.youtube.com\/embed\/tzSc4-scmc0?feature=oembed\" frameborder=\"0\" allow=\"accelerometer; autoplay; clipboard-write; encrypted-media; gyroscope; picture-in-picture\" allowfullscreen><\/iframe><\/p>\n<p>&nbsp;<\/p>\n<p>&nbsp;<\/p>\n<p>&nbsp;<\/p>\n<hr \/>\n<p>&nbsp;<\/p>\n<blockquote>\n<h3>LA CAMPAGNA NATALIZIA DI CONFARTIGIANATO PER REGALI A KM 0<\/h3>\n<\/blockquote>\n<p><strong><a class=\"dt-pswp-item\" href=\"https:\/\/www.radiopiu.net\/wordpress\/wp-content\/uploads\/2022\/12\/vetrina-Buono-come-il-pane-183.jpg\" data-dt-img-description=\"\" data-large_image_width=\"1636\" data-large_image_height=\"2241\"><img loading=\"lazy\" decoding=\"async\" class=\" wp-image-310021 alignleft\" src=\"https:\/\/www.radiopiu.net\/wordpress\/wp-content\/uploads\/2022\/12\/vetrina-Buono-come-il-pane-183-219x300.jpg\" alt=\"\" width=\"88\" height=\"120\" srcset=\"https:\/\/www.radiopiu.net\/wordpress\/wp-content\/uploads\/2022\/12\/vetrina-Buono-come-il-pane-183-219x300.jpg 219w, https:\/\/www.radiopiu.net\/wordpress\/wp-content\/uploads\/2022\/12\/vetrina-Buono-come-il-pane-183-748x1024.jpg 748w, https:\/\/www.radiopiu.net\/wordpress\/wp-content\/uploads\/2022\/12\/vetrina-Buono-come-il-pane-183-768x1052.jpg 768w, https:\/\/www.radiopiu.net\/wordpress\/wp-content\/uploads\/2022\/12\/vetrina-Buono-come-il-pane-183-1121x1536.jpg 1121w, https:\/\/www.radiopiu.net\/wordpress\/wp-content\/uploads\/2022\/12\/vetrina-Buono-come-il-pane-183-1495x2048.jpg 1495w, https:\/\/www.radiopiu.net\/wordpress\/wp-content\/uploads\/2022\/12\/vetrina-Buono-come-il-pane-183.jpg 1636w\" sizes=\"auto, (max-width: 88px) 100vw, 88px\" \/><\/a>BELLUNO <\/strong>L\u2019inflazione preme. Ma dicembre rimane il mese degli acquisti da mettere sotto l\u2019albero. Doni natalizi, ceste regalo, ma anche prodotti alimentari per preparare il cenone e il pranzo di Natale, i piatti del veglione di fine anno, e molto altro. Un mare di acquisti che valgono tantissimo per l\u2019artigianato. Le spese legate alle festivit\u00e0, infatti, fanno registrare un valore delle vendite al dettaglio superiore del 25,5% rispetto alla media annuale. E gran parte si indirizza sulle piccole, medie e micro imprese.\u00a0 Lo dicono le rilevazioni di Confartigianato Nazionale, da cui parte anche quest\u2019anno la campagna di Confartigianato Belluno a favore del \u201cNatale artigiano\u201d. Una campagna di sensibilizzazione per spingere lo shopping natalizio verso le piccole, le micro e le medie imprese locali.<\/p>\n<p>&nbsp;<\/p>\n<hr \/>\n<p>&nbsp;<\/p>\n<p>&nbsp;<\/p>\n<blockquote>\n<h3>NOMI LOCALI DEL COMUNE DI FALCADE<\/h3>\n<\/blockquote>\n<p><strong>FALCADE<\/strong>\u00a0 Venerdi alle 17 nella sala consigliare del Comune presentazione del libro &#8220;Nomi locali del Comune di Falcade, con mappa dei toponimi, localit\u00e0 e sentieri&#8221;. Introduzione a cura di Bepi Pellegrinon, accademico del Cai, scrittore, alpinista e storico dell&#8217;alpinismo. A cura della Stazione del Soccorso Alpino della Valle del Biois.<\/p>\n<p>&nbsp;<\/p>\n<p>&nbsp;<\/p>\n<p>&nbsp;<\/p>\n<hr \/>\n<p>&nbsp;<\/p>\n<blockquote>\n<h2>L&#8217;ALBERO DEI BUONI AUSPICI<\/h2>\n<p><a class=\"dt-pswp-item\" href=\"https:\/\/www.radiopiu.net\/wordpress\/wp-content\/uploads\/2022\/12\/lalbero-dei-buoni-auspici-2.jpg\" data-dt-img-description=\"\" data-large_image_width=\"1414\" data-large_image_height=\"2000\"><img loading=\"lazy\" decoding=\"async\" class=\"size-medium wp-image-310043 aligncenter\" src=\"https:\/\/www.radiopiu.net\/wordpress\/wp-content\/uploads\/2022\/12\/lalbero-dei-buoni-auspici-2-212x300.jpg\" alt=\"\" width=\"212\" height=\"300\" srcset=\"https:\/\/www.radiopiu.net\/wordpress\/wp-content\/uploads\/2022\/12\/lalbero-dei-buoni-auspici-2-212x300.jpg 212w, https:\/\/www.radiopiu.net\/wordpress\/wp-content\/uploads\/2022\/12\/lalbero-dei-buoni-auspici-2-724x1024.jpg 724w, https:\/\/www.radiopiu.net\/wordpress\/wp-content\/uploads\/2022\/12\/lalbero-dei-buoni-auspici-2-768x1086.jpg 768w, https:\/\/www.radiopiu.net\/wordpress\/wp-content\/uploads\/2022\/12\/lalbero-dei-buoni-auspici-2-1086x1536.jpg 1086w, https:\/\/www.radiopiu.net\/wordpress\/wp-content\/uploads\/2022\/12\/lalbero-dei-buoni-auspici-2.jpg 1414w\" sizes=\"auto, (max-width: 212px) 100vw, 212px\" \/><\/a><strong>CENCENIGHE<\/strong> Domenica 18 dicembre alle 16 accensione dell&#8217;albero di Natale con i bambini dell&#8217;asilo e della scuola primaria. Decoreranno l&#8217;albero che all&#8217;imbrunire si accender\u00e0 di mille luci.<\/p><\/blockquote>\n<p>&nbsp;<\/p>\n<p>&nbsp;<\/p>\n<hr \/>\n<p>&nbsp;<\/p>\n<blockquote>\n<h3>&#8220;CAMPAGNA RECLUTAMENTO VOLONTARI&#8221;\u00a0, PARLANO LE ASSOCIAZIONI<\/h3>\n<\/blockquote>\n<h3><span style=\"color: #ff0000;\">Il nuovo programma radiofonico sul volontariato bellunese<\/span><\/h3>\n<p>il <strong>Comitato d\u2019Intesa<\/strong>\u00a0si lancia in un nuovo progetto.\u00a0<strong>\u201cUna Finestra sul Volontariato\u201d<\/strong> \u00e8 il programma radiofonico\u00a0 che ha l\u2019obiettivo di raccontare il mondo del volontariato nella provincia di Belluno, con le sue sfaccettature e la sua ricchezza. L\u2019iniziativa \u00e8 rivolta alla cittadinanza interessata a conoscere qualcosa di pi\u00f9 sul Terzo Settore, e alle associazioni che vogliono restare aggiornate e scoprire nuove opportunit\u00e0. Potete ascoltarci ogni <strong>secondo venerd\u00ec del mese<\/strong>\u00a0alle\u00a0<strong>ore 10.30<\/strong>\u00a0e alle\u00a0<strong>ore 19.00<\/strong> sulle frequenze di Radio Pi\u00f9.<\/p>\n<p>&nbsp;<\/p>\n<p><span style=\"color: #ff0000;\"><strong>NELLA PROSSIMA PUNTATA, VENERDI 9 NOVEMBRE, CON ELISA ROLDO, RENZO ANDRICH E SISTO DA ROIT\u00a0 \u00a0<\/strong><\/span><\/p>\n<p>&nbsp;<\/p>\n<p><strong> <img loading=\"lazy\" decoding=\"async\" class=\"alignleft\" src=\"https:\/\/www.radiopiu.net\/wordpress\/wp-content\/uploads\/2022\/11\/th-21.jpg\" width=\"167\" height=\"118\" \/>RADIO PIU&#8217; DA VOCE ALLE ASSOCIAZIONI, NEL NOTIZIARIO PRINCIPALE DELLE 12.30<\/strong><\/p>\n<audio class=\"wp-audio-shortcode\" id=\"audio-309960-8\" preload=\"none\" style=\"width: 100%;\" controls=\"controls\"><source type=\"audio\/mpeg\" src=\"https:\/\/www.radiopiu.net\/wordpress\/wp-content\/uploads\/2022\/11\/laura-miana.mp3?_=8\" \/><a href=\"https:\/\/www.radiopiu.net\/wordpress\/wp-content\/uploads\/2022\/11\/laura-miana.mp3\">https:\/\/www.radiopiu.net\/wordpress\/wp-content\/uploads\/2022\/11\/laura-miana.mp3<\/a><\/audio>\n<p>&nbsp;<\/p>\n<p><span style=\"color: #ff0000;\"><strong>LA RACCOLTA COMPLETA<\/strong><\/span><\/p>\n<blockquote class=\"wp-embedded-content\" data-secret=\"8Fk4G6jV4P\"><p><a href=\"https:\/\/www.radiopiu.net\/wordpress\/puntata03\/\">&#8220;CAMPAGNA RECLUTAMENTO VOLONTARI&#8221;\u00a0, PARLANO LE ASSOCIAZIONI<\/a><\/p><\/blockquote>\n<p><iframe loading=\"lazy\" class=\"wp-embedded-content\" sandbox=\"allow-scripts\" security=\"restricted\" style=\"position: absolute; clip: rect(1px, 1px, 1px, 1px);\" title=\"&#8220;&#8220;CAMPAGNA RECLUTAMENTO VOLONTARI&#8221;\u00a0, PARLANO LE ASSOCIAZIONI&#8221; &#8212; Radio Pi\u00f9\" src=\"https:\/\/www.radiopiu.net\/wordpress\/puntata03\/embed\/#?secret=7cJdS6kuum#?secret=8Fk4G6jV4P\" data-secret=\"8Fk4G6jV4P\" width=\"600\" height=\"338\" frameborder=\"0\" marginwidth=\"0\" marginheight=\"0\" scrolling=\"no\"><\/iframe><\/p>\n<p>&nbsp;<\/p>\n<p>&nbsp;<\/p>\n<hr \/>\n<p>&nbsp;<\/p>\n<blockquote>\n<h3>IL BANDO PER L&#8217;ASSEGNAZIONE DELLE BORSE DI STUDIO AD ALLEGHE<\/h3>\n<\/blockquote>\n<p><strong>ALLEGHE<\/strong> Il Comune di Alleghe ha pubblicato il bando per l\u2019assegnazione di borse di studio comunali agli studenti, residenti, frequentanti le scuole superiori, che hanno conseguito il diploma di maturit\u00e0 nel 2022 o laureatesi entro il mese di ottobre 2022. Il modulo di domanda si pu\u00f2 reperire all\u2019albo pretorio online nel sito del Comune di Alleghe o richiedere direttamente all\u2019Ufficio Servizi Demografici; le domande potranno essere inoltrate fino al 19 dicembre 2022<\/p>\n<p>&nbsp;<\/p>\n<p>&nbsp;<\/p>\n<hr \/>\n<p>&nbsp;<\/p>\n<blockquote>\n<h3><span dir=\"ltr\" role=\"presentation\">AIUTI FINALIZZATI<\/span> <span dir=\"ltr\" role=\"presentation\">ALL&#8217;ACQUISTO<\/span> <span dir=\"ltr\" role=\"presentation\">DI <\/span><span dir=\"ltr\" role=\"presentation\">GENERI ALIMENTARI O PRODOTTI DI PRIMA<\/span> <span dir=\"ltr\" role=\"presentation\">NECESSIT\u00c0<\/span><\/h3>\n<\/blockquote>\n<p><strong>ALLEGHE<\/strong> Le<span dir=\"ltr\" role=\"presentation\"> persone e le famiglie residenti nel Comune che<\/span><span dir=\"ltr\" role=\"presentation\">, a causa degli effetti economici <\/span><span dir=\"ltr\" role=\"presentation\">derivanti dall\u2019emergenza epidemiologica<\/span> <span dir=\"ltr\" role=\"presentation\">dovuta alla diffusione del virus Covid<\/span><span dir=\"ltr\" role=\"presentation\">&#8211;<\/span><span dir=\"ltr\" role=\"presentation\">19,<\/span> <span dir=\"ltr\" role=\"presentation\">si trovino in uno <\/span><span dir=\"ltr\" role=\"presentation\">stato di bisogno per soddisfare le necessit\u00e0 pi\u00f9 urgenti ed essenziali<\/span><span dir=\"ltr\" role=\"presentation\">, <\/span><span dir=\"ltr\" role=\"presentation\">possono<\/span> <span dir=\"ltr\" role=\"presentation\">chiedere che vengano loro riconosciuti i buoni spesa per l&#8217;acquisto di generi alimentari o prodotti di prima necessit\u00e0. L<\/span><span dir=\"ltr\" role=\"presentation\">\u2019entit\u00e0 dell\u2019importo verr\u00e0 definito con successivo <\/span><span dir=\"ltr\" role=\"presentation\">provvedimento, partendo da un<\/span> <span dir=\"ltr\" role=\"presentation\">importo minimo di 50euro<\/span><span dir=\"ltr\" role=\"presentation\">, sulla base del numero dei <\/span><span dir=\"ltr\" role=\"presentation\">componenti il nucleo familiare e in consi<\/span><span dir=\"ltr\" role=\"presentation\">derazione delle necessit\u00e0 dichiarate dal richiedente. <\/span><span dir=\"ltr\" role=\"presentation\">Le richieste, <\/span><span dir=\"ltr\" role=\"presentation\">redatte sull\u2019apposito modulo dovranno <\/span><span dir=\"ltr\" role=\"presentation\">p<\/span><span dir=\"ltr\" role=\"presentation\">ervenire<\/span> <span dir=\"ltr\" role=\"presentation\">al<\/span> <span dir=\"ltr\" role=\"presentation\">Comune<\/span> <span dir=\"ltr\" role=\"presentation\">di<\/span> <span dir=\"ltr\" role=\"presentation\">Alleghe<\/span> <span dir=\"ltr\" role=\"presentation\">mediante<\/span> <span dir=\"ltr\" role=\"presentation\">invio<\/span> <span dir=\"ltr\" role=\"presentation\">di<\/span> <span dir=\"ltr\" role=\"presentation\">posta<\/span> <span dir=\"ltr\" role=\"presentation\">elettronica, s<\/span><span dir=\"ltr\" role=\"presentation\">olo via residuale<\/span> <span dir=\"ltr\" role=\"presentation\">la domanda potr\u00e0 essere presentata telefonicamente allo<\/span>\u00a0<span dir=\"ltr\" role=\"presentation\">0437 <\/span><span dir=\"ltr\" role=\"presentation\">523300<\/span> <span dir=\"ltr\" role=\"presentation\">dal luned\u00ec al venerd\u00ec<\/span> <span dir=\"ltr\" role=\"presentation\">dalle 8 alle 10<\/span><span dir=\"ltr\" role=\"presentation\">. <\/span><span dir=\"ltr\" role=\"presentation\">Il modulo \u00e8 scaricabile dal sito internet<\/span> <span dir=\"ltr\" role=\"presentation\">www.comune.alleghe.bl.it<\/span><span dir=\"ltr\" role=\"presentation\">, oppure ritirabile presso gli esercizi <\/span><span dir=\"ltr\" role=\"presentation\">comunali dei generi alimentari del territorio.<\/span><\/p>\n<p>&nbsp;<\/p>\n<p>&nbsp;<\/p>\n<hr \/>\n<p>&nbsp;<\/p>\n<blockquote>\n<h3>OTHELLO TANGO, VENERDI 9 DICEMBRE AL TEATRO COMUNALE DI BELLUNO<\/h3>\n<\/blockquote>\n<div><\/div>\n<blockquote>\n<div><a class=\"dt-pswp-item\" href=\"https:\/\/www.radiopiu.net\/wordpress\/wp-content\/uploads\/2022\/11\/Senza-nome-114.jpg\" data-dt-img-description=\"\" data-large_image_width=\"524\" data-large_image_height=\"278\"><img loading=\"lazy\" decoding=\"async\" class=\" wp-image-308653 alignleft\" src=\"https:\/\/www.radiopiu.net\/wordpress\/wp-content\/uploads\/2022\/11\/Senza-nome-114-300x159.jpg\" alt=\"\" width=\"285\" height=\"151\" srcset=\"https:\/\/www.radiopiu.net\/wordpress\/wp-content\/uploads\/2022\/11\/Senza-nome-114-300x159.jpg 300w, https:\/\/www.radiopiu.net\/wordpress\/wp-content\/uploads\/2022\/11\/Senza-nome-114.jpg 524w\" sizes=\"auto, (max-width: 285px) 100vw, 285px\" \/><\/a><br role=\"presentation\" \/><em><span dir=\"ltr\" role=\"presentation\">\u201c<\/span><span dir=\"ltr\" role=\"presentation\">Guardatevi dalla gelosia, mio signore! \u00c8 un mostro dagli occhi verdi che si<\/span><\/em><br role=\"presentation\" \/><em><span dir=\"ltr\" role=\"presentation\">diletta col cibo di cui si nutre<\/span><span dir=\"ltr\" role=\"presentation\">.\u201d W. Shakespeare \/ Othello<\/span><\/em><\/div>\n<\/blockquote>\n<div class=\"textLayer\"><strong><span dir=\"ltr\" role=\"presentation\">RASSEGNA DI DANZA, <\/span><\/strong><span dir=\"ltr\" role=\"presentation\">Venerd\u00ec 9 dicembre\u00a0 alle\u00a0 21 al Teatro Comunale di Belluno. <\/span><span dir=\"ltr\" role=\"presentation\">Dopo il successo strepitoso di Romeo y Julieta Tango la compagnia Naturalis Labor torna ad <\/span><span dir=\"ltr\" role=\"presentation\">esplorare attraverso il linguaggio della danza e del tango Shakespeare in uno <\/span><span dir=\"ltr\" role=\"presentation\">dei suoi testi pi\u00f9 conosciuti l\u2019Othello, con un cast di dodici danzatori. <\/span><span dir=\"ltr\" role=\"presentation\">Il tango rappresenta nell\u2019immaginario collettivo la passione, la sensualit\u00e0. <\/span><span dir=\"ltr\" role=\"presentation\">Qui il coreografo Luciano Padovani con un linguaggio sempre in bilico tra il <\/span><span dir=\"ltr\" role=\"presentation\">tango<\/span> <span dir=\"ltr\" role=\"presentation\">e<\/span> <span dir=\"ltr\" role=\"presentation\">la danza ci racconta una storia di amore e di morte. Un lavoro <\/span><span dir=\"ltr\" role=\"presentation\">attento con un cast di dodici poliedrici danzatori\/tangueros con le scene di <\/span><span dir=\"ltr\" role=\"presentation\">Mauro Zocchetta e Gloria Gandini, i costumi di<\/span> <span dir=\"ltr\" role=\"presentation\">Chiara Defant e le luci di <\/span><span dir=\"ltr\" role=\"presentation\">Thomas Heuger.<\/span><\/div>\n<div><\/div>\n<div>\n<p><iframe loading=\"lazy\" title=\"Othello Tango, in scena passione e gelosia.\" width=\"1200\" height=\"675\" src=\"https:\/\/www.youtube.com\/embed\/sgUa08f_opM?feature=oembed\" frameborder=\"0\" allow=\"accelerometer; autoplay; clipboard-write; encrypted-media; gyroscope; picture-in-picture\" allowfullscreen><\/iframe><\/p>\n<\/div>\n<p><strong><span dir=\"ltr\" role=\"presentation\">BIGLIETTERIA FISICA<\/span><span dir=\"ltr\" role=\"presentation\">: <\/span><\/strong><span dir=\"ltr\" role=\"presentation\">\u2013 MUSEO CIVICO DI BELLUNO \u2013 PALAZZO FULCIS <\/span><span dir=\"ltr\" role=\"presentation\">Via Roma, 28 \u2013 32100 Belluno (BL): 0437 913323 <\/span><strong><span dir=\"ltr\" role=\"presentation\">BIGLIETTERIA ONLINE<\/span><\/strong> <span dir=\"ltr\" role=\"presentation\">su www.midaticket.it o www.vivaticket.com <\/span><span dir=\"ltr\" style=\"color: #ff0000;\" role=\"presentation\">ABBONAMENTO<\/span> <span dir=\"ltr\" role=\"presentation\">platea e galleria centrale <\/span><span dir=\"ltr\" role=\"presentation\">&#8211; Intero \u20ac 76 <\/span><span dir=\"ltr\" role=\"presentation\">\u00a0Ridotto (Over 60 \u2013 Under 30) \u20ac 56<\/span><br role=\"presentation\" \/><span dir=\"ltr\" role=\"presentation\"><span style=\"color: #ff0000;\">BIGLIETTI<\/span> <\/span><span dir=\"ltr\" role=\"presentation\">&#8211;<\/span><span dir=\"ltr\" role=\"presentation\">INTERO <\/span><span dir=\"ltr\" role=\"presentation\">Platea e galleria centrale \u20ac 32 <\/span><span dir=\"ltr\" role=\"presentation\">Galleria laterale \u20ac 27 <\/span><span dir=\"ltr\" role=\"presentation\">Loggione centrale \u20ac 18 <\/span><span dir=\"ltr\" role=\"presentation\">Per le<\/span> <span dir=\"ltr\" role=\"presentation\">PROMOZIONI DEDICATE<\/span> <span dir=\"ltr\" role=\"presentation\">a riferirsi alla biglietteria presso il<\/span> <span dir=\"ltr\" role=\"presentation\">Museo Civico <\/span>di Belluno &#8211; Tel al 0437 913323 \u2013 SCUOLE DI DANZA \u2013 FAMIGLIA (2 adulti + 2 under 18) \u2013 RIDUZIONI EXTRA \u2013 CARTA DOCENTI<\/p>\n<p>&nbsp;<\/p>\n<hr \/>\n<p>&nbsp;<\/p>\n<blockquote>\n<h3>IL GIRO PIZZA PER PONTE SERRA<\/h3>\n<\/blockquote>\n<p><strong>LAMON <\/strong>Domani\u00a0 \u00a0presso i tendoni riscaldati di via ferd, a Lamon dalle 19 serata benefica interamente a favore dell&#8217;Osteria Ponte Serra che ha recentemente subito un grave incendio. La serata vedr\u00e0 la partecipazione dei pizzaioli della &#8220;Pizzeria La Noghera&#8221;, e nel dopo cena ci sar\u00e0 della musica con dj. Organizza Comune e Proloco di Lamon.<\/p>\n<p>&nbsp;<\/p>\n<hr \/>\n<p>&nbsp;<\/p>\n<blockquote>\n<h3>LE STELLE DI NATALE DELL&#8217;AIL AL CENTRO COMMERCIALE CORTE AGORDINA DI AGORDO<\/h3>\n<\/blockquote>\n<p><strong>AGORDO<\/strong> \u00c8 in programma nei giorni 8-9-10-11 Dicembre all\u2019interno della Corte Agordina di Agordo, la vendita delle Stelle di Natale per AIL &#8211; Associazione Italiana, Contro le Leucemie &#8211; Lonfomi e Mielomi.<\/p>\n<p>&nbsp;<\/p>\n<p>&nbsp;<\/p>\n<hr \/>\n<p>&nbsp;<\/p>\n<blockquote>\n<h3>I VOLONTARI EMERGENCY NELLE PIAZZE DI BELLUNO E FELTRE<\/h3>\n<\/blockquote>\n<p><strong>BELLUNO<\/strong> Da gioved\u00ec 8 a domenica 11 dicembre 2022 EMERGENCY sar\u00e0 con i suoi volontari nelle piazze di Belluno e Feltre dalle 9 alle 17 con il \u201cPanettone fatto per Bene\u201d. Un modo per sostenere le attivit\u00e0 umanitarie dell\u2019organizzazione in Italia e nel mondo, dando il proprio contributo per garantire il diritto a cure gratuite e uguali per tutti.<\/p>\n<p>&nbsp;<\/p>\n<p>&nbsp;<\/p>\n<hr \/>\n<p>&nbsp;<\/p>\n<p>&nbsp;<\/p>\n<blockquote>\n<h3>MERCATINO DI NATALE CON IL GRUPPO MISSIONARIO PARROCCHIALE<\/h3>\n<\/blockquote>\n<p><strong>TRICHIANA<\/strong> Il Gruppo Missionario della Parrocchia Trichiana organizza presso il locale oratorio il mercatino di Natale. Sar\u00e0 aperto dal 10 al 14 dicembre con orario 9-12 \/ 14 &#8211; 18,30. Tanti volontari hanno realizzato oggetti artigianali che si potranno utilizzare per un regalo originale tramite una offerta libera che andr\u00e0 a fin di bene. Infatti il ricavato sar\u00e0 devoluto per aiutare i bambini ospiti della comunit\u00e0 di Padre Maria Susai, sacerdote\u00a0\u00a0nella zona di Kanyakumari, nel sud dello stato del Kerala in India. Il Padre \u00e8 coordinatore dell&#8217;associazione Vidivelli che significa stella mattutina. Questa associazione \u00a0promuove attivit\u00e0 di formazione e crescita attraverso un\u2019accoglienza solidale, innovativa, propositiva per bambini e adulti, in particolare le donne. Svolge un\u2019importante funzione di assistenza e di coesione sociale molto pi\u00f9 ampia del ruolo specifico che riveste.<br \/>\nIl ricavato servir\u00e0 per aiutare i bambini poveri, e\u00a0in particolare gli orfani, ad ottenere l&#8217;istruzione primaria.<\/p>\n<p><a class=\"dt-pswp-item\" href=\"https:\/\/www.radiopiu.net\/wordpress\/wp-content\/uploads\/2022\/12\/image001.jpg\" data-dt-img-description=\"\" data-large_image_width=\"1400\" data-large_image_height=\"765\"><img loading=\"lazy\" decoding=\"async\" class=\"size-medium wp-image-310072 aligncenter\" src=\"https:\/\/www.radiopiu.net\/wordpress\/wp-content\/uploads\/2022\/12\/image001-300x164.jpg\" alt=\"\" width=\"300\" height=\"164\" srcset=\"https:\/\/www.radiopiu.net\/wordpress\/wp-content\/uploads\/2022\/12\/image001-300x164.jpg 300w, https:\/\/www.radiopiu.net\/wordpress\/wp-content\/uploads\/2022\/12\/image001-1024x560.jpg 1024w, https:\/\/www.radiopiu.net\/wordpress\/wp-content\/uploads\/2022\/12\/image001-768x420.jpg 768w, https:\/\/www.radiopiu.net\/wordpress\/wp-content\/uploads\/2022\/12\/image001.jpg 1400w\" sizes=\"auto, (max-width: 300px) 100vw, 300px\" \/><\/a><\/p>\n<p>&nbsp;<\/p>\n<p>&nbsp;<\/p>\n<hr \/>\n<p>&nbsp;<\/p>\n<blockquote>\n<h3>IL 10 DICEMBRE EUGENIO BIEN SI RACCONTA ALLA POPOLAZIONE<\/h3>\n<\/blockquote>\n<p><strong>AGORDO\u00a0<\/strong>Si intitola &#8220;Il fascino della montagna innevata&#8221; l&#8217;appuntamento in programma sabato 10 dicembre in sala Don Tamis ad Agordo. Ospite Eugenio Bien che si racconter\u00e0 al pubblico. L&#8217;evento \u00e8 organizzato dalla Biblioteca di Agordo e il Circolo Culturale Agordino. Inizio alle 17 con ingresso libero.<\/p>\n<p>&nbsp;<\/p>\n<hr \/>\n<p>&nbsp;<\/p>\n<blockquote>\n<h3>SPAZIO ALLA PACE<\/h3>\n<\/blockquote>\n<p><strong>BELLUNO\u00a0<\/strong> Sabato a Belluno, Casa dei Beni Comuni alle 12.30 e a Palazzo Bembo alla 18, incontro con Pasquale Pugliese. Alla casa il pranzo-incontro, a Palazzo Bembo la conferenza su Guerra in Ucraina e conflitti internazionali: principi e saperi della non violenza<\/p>\n<p>&nbsp;<\/p>\n<p>&nbsp;<\/p>\n<p>&nbsp;<\/p>\n<hr \/>\n<p>&nbsp;<\/p>\n<blockquote>\n<h3>CONCERTO DEL CORO MINIMO PER I 60 ANNI<\/h3>\n<\/blockquote>\n<p><b>BELLUNO\u00a0 <\/b>Domenica 18 dicembre alle 17.30 al Teatro Comunale concerto del Coro Minimo Bellunese &#8211; con ingresso libero &#8211; in occasione dei 60 anni della fondazione, sar\u00e0 presentata l&#8217;ottava incisione.<\/p>\n<p>&nbsp;<\/p>\n<p>&nbsp;<\/p>\n<hr \/>\n<p>&nbsp;<\/p>\n<h2><span style=\"color: #800080;\">SALUTE &amp; SOCIETA&#8217;<\/span><\/h2>\n<p><a class=\"dt-pswp-item\" href=\"https:\/\/www.radiopiu.net\/wordpress\/wp-content\/uploads\/2022\/12\/7cbf3fff-5c1a-a34e-4578-f6a4964882b3.jpg\" data-dt-img-description=\"Specialized criminalistic police performs hematological analysis with forensic test kit in a murder in a crime lab, conceptual image\" data-large_image_width=\"800\" data-large_image_height=\"445\"><img loading=\"lazy\" decoding=\"async\" class=\"wp-image-309995 size-medium alignleft\" src=\"https:\/\/www.radiopiu.net\/wordpress\/wp-content\/uploads\/2022\/12\/7cbf3fff-5c1a-a34e-4578-f6a4964882b3-300x167.jpg\" alt=\"\" width=\"300\" height=\"167\" srcset=\"https:\/\/www.radiopiu.net\/wordpress\/wp-content\/uploads\/2022\/12\/7cbf3fff-5c1a-a34e-4578-f6a4964882b3-300x167.jpg 300w, https:\/\/www.radiopiu.net\/wordpress\/wp-content\/uploads\/2022\/12\/7cbf3fff-5c1a-a34e-4578-f6a4964882b3-768x427.jpg 768w, https:\/\/www.radiopiu.net\/wordpress\/wp-content\/uploads\/2022\/12\/7cbf3fff-5c1a-a34e-4578-f6a4964882b3.jpg 800w\" sizes=\"auto, (max-width: 300px) 100vw, 300px\" \/><\/a><strong>PUNTATA DEL 05 DICEMBRE 2022<\/strong><\/p>\n<p><strong>Linfoma diffuso a cellule B <\/strong>Linfoma diffuso a cellule B, AIFA raccomanda la rimborsabilit\u00e0 di tafasitamab sulla base dei risultati dello studio L-MIND che ha mostrato una sopravvivenza globale mediana di 33,5 mesi.<br \/>\n<strong>Diabete, valutazione partecipata <\/strong>FederDiabete Lazio ha avviato un processo di valutazione dei servizi erogati dalla regione, coinvolgendo diabetologi, medici di famiglia, pediatri e pazienti.<br \/>\n<strong>Rischio di frattura nell\u2019osteoporosi <\/strong>Romosozumab, un farmaco nuovo e innovativo per la riduzione del rischio di frattura in chi ha l\u2019osteoporosi.<\/p>\n<audio class=\"wp-audio-shortcode\" id=\"audio-309960-9\" preload=\"none\" style=\"width: 100%;\" controls=\"controls\"><source type=\"audio\/mpeg\" src=\"https:\/\/www.radiopiu.net\/wordpress\/wp-content\/uploads\/2022\/12\/SALUTE.mp3?_=9\" \/><a href=\"https:\/\/www.radiopiu.net\/wordpress\/wp-content\/uploads\/2022\/12\/SALUTE.mp3\">https:\/\/www.radiopiu.net\/wordpress\/wp-content\/uploads\/2022\/12\/SALUTE.mp3<\/a><\/audio>\n<p>&nbsp;<\/p>\n<p><strong>LA RACCOLTA<\/strong><\/p>\n<blockquote class=\"wp-embedded-content\" data-secret=\"hZc0t0e72J\"><p><a href=\"https:\/\/www.radiopiu.net\/wordpress\/saluteesocieta\/\">Salute e Societ\u00e0<\/a><\/p><\/blockquote>\n<p><iframe loading=\"lazy\" class=\"wp-embedded-content\" sandbox=\"allow-scripts\" security=\"restricted\" style=\"position: absolute; clip: rect(1px, 1px, 1px, 1px);\" title=\"&#8220;Salute e Societ\u00e0&#8221; &#8212; Radio Pi\u00f9\" src=\"https:\/\/www.radiopiu.net\/wordpress\/saluteesocieta\/embed\/#?secret=0cRyCQrFIu#?secret=hZc0t0e72J\" data-secret=\"hZc0t0e72J\" width=\"600\" height=\"338\" frameborder=\"0\" marginwidth=\"0\" marginheight=\"0\" scrolling=\"no\"><\/iframe><\/p>\n<hr \/>\n<p>&nbsp;<\/p>\n<p>&nbsp;<\/p>\n<h1>LE DIRETTE DI RADIOPIU<\/h1>\n<blockquote class=\"wp-embedded-content\" data-secret=\"QukLYGjTeV\"><p><a href=\"https:\/\/www.radiopiu.net\/wordpress\/il-valore-della-lingua-ladina-nellincontro-organizzato-dal-bard\/\">IL VALORE DELLA LINGUA LADINA NELL&#8217;INCONTRO ORGANIZZATO DAL BARD<\/a><\/p><\/blockquote>\n<p><iframe loading=\"lazy\" class=\"wp-embedded-content\" sandbox=\"allow-scripts\" security=\"restricted\" style=\"position: absolute; clip: rect(1px, 1px, 1px, 1px);\" title=\"&#8220;IL VALORE DELLA LINGUA LADINA NELL&#8217;INCONTRO ORGANIZZATO DAL BARD&#8221; &#8212; Radio Pi\u00f9\" src=\"https:\/\/www.radiopiu.net\/wordpress\/il-valore-della-lingua-ladina-nellincontro-organizzato-dal-bard\/embed\/#?secret=9RB2BRCJKN#?secret=QukLYGjTeV\" data-secret=\"QukLYGjTeV\" width=\"600\" height=\"338\" frameborder=\"0\" marginwidth=\"0\" marginheight=\"0\" scrolling=\"no\"><\/iframe><\/p>\n<p>&nbsp;<\/p>\n<blockquote class=\"wp-embedded-content\" data-secret=\"ntLnMJpJG1\"><p><a href=\"https:\/\/www.radiopiu.net\/wordpress\/opere-di-mitigazione-idraulica-pre-e-post-vaia-sul-missiaga-a-cugnago-di-la-valle-agordina\/\">OPERE DI MITIGAZIONE IDRAULICA PRE E POST VAIA SUL MISSIAGA A CUGNAGO DI LA VALLE AGORDINA<\/a><\/p><\/blockquote>\n<p><iframe loading=\"lazy\" class=\"wp-embedded-content\" sandbox=\"allow-scripts\" security=\"restricted\" style=\"position: absolute; clip: rect(1px, 1px, 1px, 1px);\" title=\"&#8220;OPERE DI MITIGAZIONE IDRAULICA PRE E POST VAIA SUL MISSIAGA A CUGNAGO DI LA VALLE AGORDINA&#8221; &#8212; Radio Pi\u00f9\" src=\"https:\/\/www.radiopiu.net\/wordpress\/opere-di-mitigazione-idraulica-pre-e-post-vaia-sul-missiaga-a-cugnago-di-la-valle-agordina\/embed\/#?secret=whlVMrNZtn#?secret=ntLnMJpJG1\" data-secret=\"ntLnMJpJG1\" width=\"600\" height=\"338\" frameborder=\"0\" marginwidth=\"0\" marginheight=\"0\" scrolling=\"no\"><\/iframe><\/p>\n<p>&nbsp;<\/p>\n<p>&nbsp;<\/p>\n<hr \/>\n<p>&nbsp;<\/p>\n<div>\n<div class=\"b654a4as d2edcug0\">\n<div class=\"rq0escxv hkbzh7o3 jwdofwj8 n8tt0mok r8blr3vg hyh9befq\">\n<p><a class=\"dt-pswp-item\" href=\"https:\/\/www.radiopiu.net\/wordpress\/wp-content\/uploads\/2020\/10\/pp.jpg\" data-dt-img-description=\"\" data-large_image_width=\"640\" data-large_image_height=\"640\"><img loading=\"lazy\" decoding=\"async\" class=\"wp-image-163678 alignleft\" src=\"https:\/\/www.radiopiu.net\/wordpress\/wp-content\/uploads\/2020\/10\/pp-300x300.jpg\" alt=\"\" width=\"106\" height=\"106\" srcset=\"https:\/\/www.radiopiu.net\/wordpress\/wp-content\/uploads\/2020\/10\/pp-300x300.jpg 300w, https:\/\/www.radiopiu.net\/wordpress\/wp-content\/uploads\/2020\/10\/pp-150x150.jpg 150w, https:\/\/www.radiopiu.net\/wordpress\/wp-content\/uploads\/2020\/10\/pp-125x125.jpg 125w, https:\/\/www.radiopiu.net\/wordpress\/wp-content\/uploads\/2020\/10\/pp-200x200.jpg 200w, https:\/\/www.radiopiu.net\/wordpress\/wp-content\/uploads\/2020\/10\/pp-80x80.jpg 80w, https:\/\/www.radiopiu.net\/wordpress\/wp-content\/uploads\/2020\/10\/pp-480x480.jpg 480w, https:\/\/www.radiopiu.net\/wordpress\/wp-content\/uploads\/2020\/10\/pp.jpg 640w\" sizes=\"auto, (max-width: 106px) 100vw, 106px\" \/><\/a><\/p>\n<\/div>\n<\/div>\n<\/div>\n<div>\n<div class=\"page-title-head hgroup\">\n<div class=\"page-title-head hgroup\">\n<div class=\"b654a4as d2edcug0\">\n<div class=\"j83agx80 btwxx1t3 lhclo0ds hop8lmos nkwizq5d scwd0bx6 roh60bw9\">\n<div class=\"rq0escxv hkbzh7o3 jwdofwj8 n8tt0mok r8blr3vg hyh9befq\">\n<div class=\"do00u71z l9j0dhe7 k4urcfbm\">\n<h2><span style=\"color: #000080;\">DON CESARE, IL PENSIERO DEL GIORNO. ALLA RADIO ALLE 7 DEL MATTINO E ALLE 19.30 DELLA SERA\u00a0<\/span><\/h2>\n<audio class=\"wp-audio-shortcode\" id=\"audio-309960-10\" preload=\"none\" style=\"width: 100%;\" controls=\"controls\"><source type=\"audio\/mpeg\" src=\"https:\/\/www.radiopiu.net\/wordpress\/wp-content\/uploads\/2022\/12\/CESARE-4.mp3?_=10\" \/><a href=\"https:\/\/www.radiopiu.net\/wordpress\/wp-content\/uploads\/2022\/12\/CESARE-4.mp3\">https:\/\/www.radiopiu.net\/wordpress\/wp-content\/uploads\/2022\/12\/CESARE-4.mp3<\/a><\/audio>\n<p>&nbsp;<\/p>\n<p>&nbsp;<\/p>\n<hr \/>\n<p>&nbsp;<\/p>\n<p><strong><a class=\"dt-pswp-item\" href=\"https:\/\/www.radiopiu.net\/wordpress\/wp-content\/uploads\/2022\/12\/0b455e6b-165f-4248-bbf2-5b19a48d4e50.jpg\" data-dt-img-description=\"\" data-large_image_width=\"1440\" data-large_image_height=\"1080\"><img loading=\"lazy\" decoding=\"async\" class=\"size-medium wp-image-309903 alignleft\" src=\"https:\/\/www.radiopiu.net\/wordpress\/wp-content\/uploads\/2022\/12\/0b455e6b-165f-4248-bbf2-5b19a48d4e50-300x225.jpg\" alt=\"\" width=\"300\" height=\"225\" srcset=\"https:\/\/www.radiopiu.net\/wordpress\/wp-content\/uploads\/2022\/12\/0b455e6b-165f-4248-bbf2-5b19a48d4e50-300x225.jpg 300w, https:\/\/www.radiopiu.net\/wordpress\/wp-content\/uploads\/2022\/12\/0b455e6b-165f-4248-bbf2-5b19a48d4e50-1024x768.jpg 1024w, https:\/\/www.radiopiu.net\/wordpress\/wp-content\/uploads\/2022\/12\/0b455e6b-165f-4248-bbf2-5b19a48d4e50-768x576.jpg 768w, https:\/\/www.radiopiu.net\/wordpress\/wp-content\/uploads\/2022\/12\/0b455e6b-165f-4248-bbf2-5b19a48d4e50.jpg 1440w\" sizes=\"auto, (max-width: 300px) 100vw, 300px\" \/><\/a>SAN NICOLO&#8217;\u00a0<\/strong><br \/>\n<strong>DI JOHN FRANCIS DELLA PIETRA\u00a0<\/strong><\/p>\n<p>S. Nicol\u00f2 dei popi<\/p>\n<p>La notte \u00e8 passata<br \/>\nLa mattina \u00e8 arrivata<br \/>\nIl rito \u00e8 stato rinnovato<br \/>\nLa magia ancora una volta s \u00e8 compiuta<br \/>\nIl piatto \u00e8 vuoto<br \/>\nIl muset stanco ed affamato ha leccato il sale e mangiato la carota<br \/>\nS. Nicol\u00f2 infreddolito per riscaldarsi ha bevuto dal bicchierino la corroborante grappa<br \/>\nIl loro carico s \u00e8 alleggerito<br \/>\nVicino ai vuoti<br \/>\nSono spuntati dei pacchi regalo<br \/>\nI bimbi strabuzzano gl occhi<br \/>\nPoi svelti svelti con le piccole manine<br \/>\nScartano i doni<br \/>\nE rimangono meravigliati<br \/>\nChe bravo quel santo<br \/>\nA leggere letterine e pensieri<br \/>\nProprio quello che i piccoli sognavano<br \/>\nOra felici con i giocattoli nuovi<br \/>\nUn ultimo sguardo dalla finestra<br \/>\nMentre spunta l alba<br \/>\nGrazie<br \/>\nS. Nicol\u00f2 dei popi<\/p>\n<p><strong>AUDIO\u00a0<\/strong><\/p>\n<audio class=\"wp-audio-shortcode\" id=\"audio-309960-11\" preload=\"none\" style=\"width: 100%;\" controls=\"controls\"><source type=\"audio\/mpeg\" src=\"https:\/\/www.radiopiu.net\/wordpress\/wp-content\/uploads\/2022\/12\/joon.mp3?_=11\" \/><a href=\"https:\/\/www.radiopiu.net\/wordpress\/wp-content\/uploads\/2022\/12\/joon.mp3\">https:\/\/www.radiopiu.net\/wordpress\/wp-content\/uploads\/2022\/12\/joon.mp3<\/a><\/audio>\n<p>&nbsp;<\/p>\n<p>&nbsp;<\/p>\n<\/div>\n<\/div>\n<\/div>\n<\/div>\n<\/div>\n<\/div>\n<\/div>\n<p>&nbsp;<\/p>\n<hr \/>\n<p>&nbsp;<\/p>\n<h2><span style=\"color: #ff00ff;\">IN VIVO VERSO<\/span><\/h2>\n<h3>HO SPERATO di ANTONIETTA CREPAZ<\/h3>\n<p><strong>AUDIO<\/strong><\/p>\n<audio class=\"wp-audio-shortcode\" id=\"audio-309960-12\" preload=\"none\" style=\"width: 100%;\" controls=\"controls\"><source type=\"audio\/mpeg\" src=\"https:\/\/www.radiopiu.net\/wordpress\/wp-content\/uploads\/2022\/12\/ANTONIETTA-CREPAZ-HO-SPERATO.mp3?_=12\" \/><a href=\"https:\/\/www.radiopiu.net\/wordpress\/wp-content\/uploads\/2022\/12\/ANTONIETTA-CREPAZ-HO-SPERATO.mp3\">https:\/\/www.radiopiu.net\/wordpress\/wp-content\/uploads\/2022\/12\/ANTONIETTA-CREPAZ-HO-SPERATO.mp3<\/a><\/audio>\n<p>&nbsp;<\/p>\n<p><img loading=\"lazy\" decoding=\"async\" class=\"alignleft\" src=\"https:\/\/www.radiopiu.net\/wordpress\/wp-content\/uploads\/2022\/12\/1-CREPAZ-300x300.jpg\" width=\"132\" height=\"132\" \/>Antonietta Crepaz<br \/>\nHO SPERATO<\/p>\n<p>Ho sperato<br \/>\ntra un filo di canapa<br \/>\nun passo di madre<br \/>\nho superato il pianto<br \/>\ndi un libro bruciato<br \/>\nho guardato il cielo<br \/>\ncome un puzzle spezzato<br \/>\ntra fronde e rami<br \/>\nho camminato sola<br \/>\nin compagnia di me stessa<br \/>\nho trovato risposte<br \/>\nnella sabbia e nel sole<br \/>\ne dubbi incastrati tra i sassi.<br \/>\nMa fin da quel primo vagito<br \/>\nti ho amato Vita.<\/p>\n<p><strong>LA RACCOLTA COMPLETA<\/strong><\/p>\n<blockquote class=\"wp-embedded-content\" data-secret=\"e2SmAtxxYU\"><p><a href=\"https:\/\/www.radiopiu.net\/wordpress\/in-vivo-verso\/\">In Vivo Verso<\/a><\/p><\/blockquote>\n<p><iframe loading=\"lazy\" class=\"wp-embedded-content\" sandbox=\"allow-scripts\" security=\"restricted\" style=\"position: absolute; clip: rect(1px, 1px, 1px, 1px);\" title=\"&#8220;In Vivo Verso&#8221; &#8212; Radio Pi\u00f9\" src=\"https:\/\/www.radiopiu.net\/wordpress\/in-vivo-verso\/embed\/#?secret=ZMDKGcljbI#?secret=e2SmAtxxYU\" data-secret=\"e2SmAtxxYU\" width=\"600\" height=\"338\" frameborder=\"0\" marginwidth=\"0\" marginheight=\"0\" scrolling=\"no\"><\/iframe><\/p>\n<p>&nbsp;<\/p>\n<hr \/>\n<p>&nbsp;<\/p>\n<h2><span style=\"color: #993300;\">SCUOLA APERTA AL FOLLADOR &#8211; DE ROSSI<\/span><\/h2>\n<blockquote class=\"wp-embedded-content\" data-secret=\"ohOuf9CiQJ\"><p><a href=\"https:\/\/www.radiopiu.net\/wordpress\/scuola-aperta-quinta-puntata-istituto-chimico\/\">SCUOLA APERTA,  SESTA PUNTATA &#8220;CORSO PER MANUTENTORI, SU SOLIDE BASI&#8221;<\/a><\/p><\/blockquote>\n<p><iframe loading=\"lazy\" class=\"wp-embedded-content\" sandbox=\"allow-scripts\" security=\"restricted\" style=\"position: absolute; clip: rect(1px, 1px, 1px, 1px);\" title=\"&#8220;SCUOLA APERTA,  SESTA PUNTATA &#8220;CORSO PER MANUTENTORI, SU SOLIDE BASI&#8221;&#8221; &#8212; Radio Pi\u00f9\" src=\"https:\/\/www.radiopiu.net\/wordpress\/scuola-aperta-quinta-puntata-istituto-chimico\/embed\/#?secret=yqTct0UBvW#?secret=ohOuf9CiQJ\" data-secret=\"ohOuf9CiQJ\" width=\"600\" height=\"338\" frameborder=\"0\" marginwidth=\"0\" marginheight=\"0\" scrolling=\"no\"><\/iframe><\/p>\n<p>&nbsp;<\/p>\n<hr \/>\n<p>&nbsp;<\/p>\n<h2><span style=\"color: #339966;\">COLLAGE OPERAZIONE NOSTALGIA<\/span><\/h2>\n<p><strong><a class=\"dt-pswp-item\" href=\"https:\/\/www.radiopiu.net\/wordpress\/wp-content\/uploads\/2022\/12\/The-Kingston-Trio.jpg\" data-dt-img-description=\"\" data-large_image_width=\"360\" data-large_image_height=\"360\"><img loading=\"lazy\" decoding=\"async\" class=\" wp-image-309781 alignleft\" src=\"https:\/\/www.radiopiu.net\/wordpress\/wp-content\/uploads\/2022\/12\/The-Kingston-Trio-300x300.jpg\" alt=\"\" width=\"131\" height=\"131\" srcset=\"https:\/\/www.radiopiu.net\/wordpress\/wp-content\/uploads\/2022\/12\/The-Kingston-Trio-300x300.jpg 300w, https:\/\/www.radiopiu.net\/wordpress\/wp-content\/uploads\/2022\/12\/The-Kingston-Trio-150x150.jpg 150w, https:\/\/www.radiopiu.net\/wordpress\/wp-content\/uploads\/2022\/12\/The-Kingston-Trio.jpg 360w\" sizes=\"auto, (max-width: 131px) 100vw, 131px\" \/><\/a>di Loris Scussel<\/strong><\/p>\n<p>Anche questa settimana Collage proporr\u00e0 un menu di musica varia iniziando dalle canzoni italiane degli anni 60 come \u201cBandiera gialla\u201d e \u201cMonja\u201d, marted\u00ec ci sposteremo oltre Oceano con il Kingston Trio, Willie Nelson etc., mercoled\u00ec spazio al rock prog italiano degli anni 70 con la PFM, Jenny Sorrenti e cos\u00ec via, gioved\u00ec musica anglo americana da Rod Steward ai Fleetwood Mac, la scaletta di venerd\u00ec infine \u00e8 dedicata ad alcuni successi firmati da Corrado Castellari. Collage va in onda dal luned\u00ec al venerd\u00ec alle 16,00 e alle 23,00 naturalmente su Radio Pi\u00f9.<\/p>\n<p><strong>LA PUNTATA DEL LUNEDI, 676<\/strong><\/p>\n<audio class=\"wp-audio-shortcode\" id=\"audio-309960-13\" preload=\"none\" style=\"width: 100%;\" controls=\"controls\"><source type=\"audio\/mpeg\" src=\"https:\/\/www.radiopiu.net\/wordpress\/wp-content\/uploads\/2022\/12\/Collage-676.mp3?_=13\" \/><a href=\"https:\/\/www.radiopiu.net\/wordpress\/wp-content\/uploads\/2022\/12\/Collage-676.mp3\">https:\/\/www.radiopiu.net\/wordpress\/wp-content\/uploads\/2022\/12\/Collage-676.mp3<\/a><\/audio>\n<p>&nbsp;<\/p>\n<hr \/>\n<p>&nbsp;<\/p>\n<blockquote>\n<h2>I NOSTRI DJ&#8230; LA NOSTRA GENERAZIONE<\/h2>\n<\/blockquote>\n<p><strong><a class=\"dt-pswp-item\" href=\"https:\/\/www.radiopiu.net\/wordpress\/wp-content\/uploads\/2022\/12\/b6f3119d-d7cf-42a2-bbff-adfe6bd02a91.jpg\" data-dt-img-description=\"\" data-large_image_width=\"576\" data-large_image_height=\"1024\"><img loading=\"lazy\" decoding=\"async\" class=\"size-medium wp-image-309919 alignleft\" src=\"https:\/\/www.radiopiu.net\/wordpress\/wp-content\/uploads\/2022\/12\/b6f3119d-d7cf-42a2-bbff-adfe6bd02a91-169x300.jpg\" alt=\"\" width=\"169\" height=\"300\" srcset=\"https:\/\/www.radiopiu.net\/wordpress\/wp-content\/uploads\/2022\/12\/b6f3119d-d7cf-42a2-bbff-adfe6bd02a91-169x300.jpg 169w, https:\/\/www.radiopiu.net\/wordpress\/wp-content\/uploads\/2022\/12\/b6f3119d-d7cf-42a2-bbff-adfe6bd02a91.jpg 576w\" sizes=\"auto, (max-width: 169px) 100vw, 169px\" \/><\/a>BELLUNO<\/strong> Nella fotografia Gigi e Marco, Gigi Dj e Marco Ossanna, quello che al Paradiso montava le tastiere e dava lezioni di musica dal vivo. Era la discoteca della domenica pomeriggio e del sabato sera con vigliacche fughe lungo la 203 agordina, fino a Sedico. Erano i miei 16-18 anni, prima con l&#8217;autostop che era di moda, poi con la A112 di Paolo Moretti, quella con le nuvole che non passava mai inosservata, nemmeno ai posti di blocco. Gigi lo abbiamo avuto ospite a RADIOPIU ha aperto il programma sognato, voluto, organizzato da Moreno Tocchetto che da sempre \u00e8 stata la voce amata della RADIO, sono convinto che Moreno sarebbe pronto a depilarsi anche le ciglia pur di avere anche Marco Ossanna per un sabato sera negli studi di RADIOPIU&#8230;<br \/>\nMi permetto anche di ricordare\u00a0 Ottorino Casagrande, in arte Dj Otto. Uno dei pi\u00f9 famosi disk jockey del Veneto (aveva collaborato anche con Fiorello e Mario Biondi) \u00e8 mancato un anno fa lasciando il testimone nelle mani del fratello Marzio, altro dj che merita il rispetto. E un altro pensiero per OttoMix, il Dj di Cortina che inIziava la sua carriera nel 1983 proprio nei giorni in cui nasceva RADIOPIU e anche per questo si creano i legami.<\/p>\n<p>Tornando al programma di Moreno &#8220;PIU&#8217; MIX IN LIVE&#8221;, quello del sabato sera, come editore radiofonico non posso che ringraziarlo. Lo ha mosso la passione per la musica, l&#8217;amore per la RADIOPIU che ha sempre avuto e portato nel cuore, non l&#8217;ha e non mi ha mai tradito. Lunghe pause lontano dagli studi certo, ma sempre con il pensiero alla musica, alla Radio, in ogni occasione -e non sono state rare &#8211; scambiare quattro parole sulla RADIOPIU era un imperativo. Da consigliere comunale, assessore, alpino non ha mai mancato di ricorrere alla sua RADIOPIU, si perch\u00e9 Moreno la radio ce l&#8217;ha nel sangue e nel cuore, quindi la sua RADIOPIU. Ribadisco, voce e presenza storica e poi ci vogliamo bene. Ne abbiamo combinate cos\u00ec tante assieme&#8230;condividendo i successi, gli insuccessi, le risate e le lacrime quando la\u00a0 vita \u00e8 stata pi\u00f9 avara del previsto.<br \/>\nDicevo tornando al programma ne sta uscendo un prodotto invidiabile nella vasta FM, prima GIgi, ieri sera Eros Mix che ci ha fatto rivivere gli anni Ottanta, le serate allo Chalet al lago di Pedy e Francesca&#8230; e non \u00e8 ancora finita. La storia che Moreno sta riscrivendo \u00e8 appena iniziata, continuer\u00e0 nei prossimi fine settimana con lo scopo di portare i migliori DJ del sabato sera alla Radio, parlare con loro, condividere storie ed emozioni.\u00a0 Il mio sogno \u00e8 di rivedere anche Moreno Tocchetto in consolle, ma per ora mi dice che rimarr\u00e0 tale, male che vada me lo porto a casa e gli chiedo di fare una serata per me, poi da &#8220;bastardone&#8221; lo registro e ve la condivido, ma non fateglielo capire\u00a0 perch\u00e9 \u00e8 molto furbo e se annusa la truffa&#8230; mi frega e arriva a Taibon con la raccolta di Raul Casadei.<\/p>\n<p>&nbsp;<\/p>\n<h1>ARCHIVIO RADIO PIU&#8230;. LA PRIMA SERATA CON GIGI<\/h1>\n<p>&nbsp;<\/p>\n<blockquote class=\"wp-embedded-content\" data-secret=\"wvyBeLK6WV\"><p><a href=\"https:\/\/www.radiopiu.net\/wordpress\/la-prima-puntata-di-piu-mix-in-live-con-gigi-dj\/\">LA PRIMA PUNTATA DI PIU&#8217; MIX IN LIVE CON GIGI DJ<\/a><\/p><\/blockquote>\n<p><iframe loading=\"lazy\" class=\"wp-embedded-content\" sandbox=\"allow-scripts\" security=\"restricted\" style=\"position: absolute; clip: rect(1px, 1px, 1px, 1px);\" title=\"&#8220;LA PRIMA PUNTATA DI PIU&#8217; MIX IN LIVE CON GIGI DJ&#8221; &#8212; Radio Pi\u00f9\" src=\"https:\/\/www.radiopiu.net\/wordpress\/la-prima-puntata-di-piu-mix-in-live-con-gigi-dj\/embed\/#?secret=K0ykM2VqJi#?secret=wvyBeLK6WV\" data-secret=\"wvyBeLK6WV\" width=\"600\" height=\"338\" frameborder=\"0\" marginwidth=\"0\" marginheight=\"0\" scrolling=\"no\"><\/iframe><\/p>\n<p>&nbsp;<\/p>\n<p>&nbsp;<\/p>\n<p>&nbsp;<\/p>\n<hr \/>\n<p>&nbsp;<\/p>\n<h2><span style=\"color: #800080;\">DEDICHE E RICHIESTE &#8211; PUNTATA DEL 30 NOVEMBRE 2022<\/span><\/h2>\n<p><strong><a class=\"dt-pswp-item\" href=\"https:\/\/www.radiopiu.net\/wordpress\/wp-content\/uploads\/2022\/12\/4aa71717-bd89-4d53-b4c3-830ef391d1f2.jpg\" data-dt-img-description=\"\" data-large_image_width=\"1019\" data-large_image_height=\"581\"><img loading=\"lazy\" decoding=\"async\" class=\" wp-image-309260 alignleft\" src=\"https:\/\/www.radiopiu.net\/wordpress\/wp-content\/uploads\/2022\/12\/4aa71717-bd89-4d53-b4c3-830ef391d1f2-300x171.jpg\" alt=\"\" width=\"181\" height=\"103\" srcset=\"https:\/\/www.radiopiu.net\/wordpress\/wp-content\/uploads\/2022\/12\/4aa71717-bd89-4d53-b4c3-830ef391d1f2-300x171.jpg 300w, https:\/\/www.radiopiu.net\/wordpress\/wp-content\/uploads\/2022\/12\/4aa71717-bd89-4d53-b4c3-830ef391d1f2-768x438.jpg 768w, https:\/\/www.radiopiu.net\/wordpress\/wp-content\/uploads\/2022\/12\/4aa71717-bd89-4d53-b4c3-830ef391d1f2.jpg 1019w\" sizes=\"auto, (max-width: 181px) 100vw, 181px\" \/><\/a>REDAZIONE<\/strong> E&#8217; andata in onda la puntata di &#8220;Dediche e Richieste&#8221; programma del mercoled\u00ec sera che vi fa ascoltare la vostra musica preferita intervallata da interventi vari. Tra gli ospiti telefonici di questa settimana: Andrea Chicca (Radio Club 103), Luca Zaia (Presidente del Veneto), Roberto Padrin (Presidente della provincia di Belluno), Damiano Tormen (giornalista), Eros DJ.<\/p>\n<p><strong>ASCOLTA LA PUNTATA<\/strong><\/p>\n<audio class=\"wp-audio-shortcode\" id=\"audio-309960-14\" preload=\"none\" style=\"width: 100%;\" controls=\"controls\"><source type=\"audio\/mpeg\" src=\"https:\/\/www.radiopiu.net\/wordpress\/wp-content\/uploads\/2022\/12\/PUNTATA-MERCOLEDI.mp3?_=14\" \/><a href=\"https:\/\/www.radiopiu.net\/wordpress\/wp-content\/uploads\/2022\/12\/PUNTATA-MERCOLEDI.mp3\">https:\/\/www.radiopiu.net\/wordpress\/wp-content\/uploads\/2022\/12\/PUNTATA-MERCOLEDI.mp3<\/a><\/audio>\n<p>&nbsp;<\/p>\n<hr \/>\n<p>&nbsp;<\/p>\n<p><img loading=\"lazy\" decoding=\"async\" class=\"aligncenter wp-image-61954 size-full\" src=\"https:\/\/www.radiopiu.net\/wordpress\/wp-content\/uploads\/2018\/09\/viabilita.jpeg\" sizes=\"auto, (max-width: 800px) 100vw, 800px\" srcset=\"https:\/\/www.radiopiu.net\/wordpress\/wp-content\/uploads\/2018\/09\/viabilita.jpeg 800w, https:\/\/www.radiopiu.net\/wordpress\/wp-content\/uploads\/2018\/09\/viabilita-300x38.jpeg 300w, https:\/\/www.radiopiu.net\/wordpress\/wp-content\/uploads\/2018\/09\/viabilita-768x96.jpeg 768w\" alt=\"\" width=\"800\" height=\"100\" \/><\/p>\n<p>&nbsp;<\/p>\n<p>&nbsp;<\/p>\n<p><strong>AGGIORNAMENTO VENETO STRADE, AGGIORNAMENTO CONTINUO H 24<\/strong><\/p>\n<p>&nbsp;<\/p>\n<blockquote class=\"wp-embedded-content\" data-secret=\"w9s1C3OqYa\"><p><a href=\"https:\/\/www.radiopiu.net\/wordpress\/viabilita\/\">viabilita<\/a><\/p><\/blockquote>\n<p><iframe loading=\"lazy\" class=\"wp-embedded-content\" sandbox=\"allow-scripts\" security=\"restricted\" style=\"position: absolute; clip: rect(1px, 1px, 1px, 1px);\" title=\"&#8220;viabilita&#8221; &#8212; Radio Pi\u00f9\" src=\"https:\/\/www.radiopiu.net\/wordpress\/viabilita\/embed\/#?secret=ZQ1ur7DJw6#?secret=w9s1C3OqYa\" data-secret=\"w9s1C3OqYa\" width=\"600\" height=\"338\" frameborder=\"0\" marginwidth=\"0\" marginheight=\"0\" scrolling=\"no\"><\/iframe><\/p>\n<p>&nbsp;<\/p>\n<p>&nbsp;<\/p>\n<hr \/>\n<p>&nbsp;<\/p>\n<p><a class=\"dt-pswp-item\" href=\"https:\/\/www.radiopiu.net\/wordpress\/wp-content\/uploads\/2018\/09\/WhatsApp-Image-2018-09-20-at-16.04.06.jpeg\" data-dt-img-description=\"\" data-large_image_width=\"800\" data-large_image_height=\"100\"><img loading=\"lazy\" decoding=\"async\" class=\"wp-image-61378 size-full aligncenter\" src=\"https:\/\/www.radiopiu.net\/wordpress\/wp-content\/uploads\/2018\/09\/WhatsApp-Image-2018-09-20-at-16.04.06.jpeg\" alt=\"\" width=\"800\" height=\"100\" srcset=\"https:\/\/www.radiopiu.net\/wordpress\/wp-content\/uploads\/2018\/09\/WhatsApp-Image-2018-09-20-at-16.04.06.jpeg 800w, https:\/\/www.radiopiu.net\/wordpress\/wp-content\/uploads\/2018\/09\/WhatsApp-Image-2018-09-20-at-16.04.06-300x38.jpeg 300w, https:\/\/www.radiopiu.net\/wordpress\/wp-content\/uploads\/2018\/09\/WhatsApp-Image-2018-09-20-at-16.04.06-768x96.jpeg 768w\" sizes=\"auto, (max-width: 800px) 100vw, 800px\" \/><\/a><\/p>\n<p>&nbsp;<\/p>\n<p><b>OGGI <\/b>Ben soleggiato con cielo sereno, aria tersa e ottima visibilit\u00e0 soprattutto in alta montagna, salvo temporanei banchi di nubi basse fino all&#8217;alba in alcune valli prealpine, localmente anche in quelle dolomitiche. Contesto termico pi\u00f9 freddo di notte, per maggior irraggiamento notturno rispetto ai giorni precedenti.<br \/>\n<b>Precipitazioni: <\/b>Assenti <b>Temperature: <\/b>In generale calo, specie le minime nelle valli, salvo locali aumenti delle massime nelle valli esposte al soleggiamento diurno<\/p>\n<hr \/>\n<p><b>DOMANI <\/b>Tempo ancora ben soleggiato con cielo perlopi\u00f9 sereno; eventuali formazioni di nubi basse in alcune valli, ma un po&#8217;meno probabili rispetto a marted\u00ec. Nel corso della giornata passaggi di lievi velature.<br \/>\n<b>Precipitazioni: <\/b>Assenti <b>Temperature: <\/b>Minime in ulteriore lieve o contenuto calo e misurate a fine giornata in alta montagna, con diffuse gelate anche nelle conche prealpine.<\/p>\n<hr \/>\n<p><b>Giovedi\u00a0 <\/b>Al mattino ancora in prevalenza soleggiato con transito di nubi alte. Nel corso del pomeriggio graduale aumento e intensificazione della nuvolosit\u00e0, specie dalla sera a partire dalle Prealpi occidentali, in successiva estensione a tutte le zone montane nella notte, con le prime precipitazioni, perlopi\u00f9 locali e molto deboli. Il limite delle eventuali nevicate sar\u00e0 intorno ai 1000 m. Temperature minime stazionarie o in ulteriore lieve calo, massime in contenuta diminuzione.<\/p>\n<p>&nbsp;<\/p>\n<hr \/>\n<p><b>\u00a0<\/b><\/p>\n<p><b>Venerdi <\/b>Tempo perturbato con precipitazioni diffuse, nelle prime ore di debole intensit\u00e0 in successiva moderata intensificazione nel corso della mattinata specie sulle zone prealpine; quota neve 1100-1400 m sulle Prealpi, 900-1200 m sulle Dolomiti, localmente pi\u00f9 in basso nelle valli strette e fredde, poco esposte al soleggiamento diurno.<\/p>\n<p>&nbsp;<\/p>\n<blockquote class=\"wp-embedded-content\" data-secret=\"UnecdUKfRp\"><p><a href=\"https:\/\/www.radiopiu.net\/wordpress\/venti-centimetri-di-neve-fresca-sulle-dolomiti-il-bollettino-neve-al-suolo\/\">VENTI CENTIMETRI DI NEVE FRESCA SULLE DOLOMITI. IL BOLLETTINO NEVE AL SUOLO<\/a><\/p><\/blockquote>\n<p><iframe loading=\"lazy\" class=\"wp-embedded-content\" sandbox=\"allow-scripts\" security=\"restricted\" style=\"position: absolute; clip: rect(1px, 1px, 1px, 1px);\" title=\"&#8220;VENTI CENTIMETRI DI NEVE FRESCA SULLE DOLOMITI. IL BOLLETTINO NEVE AL SUOLO&#8221; &#8212; Radio Pi\u00f9\" src=\"https:\/\/www.radiopiu.net\/wordpress\/venti-centimetri-di-neve-fresca-sulle-dolomiti-il-bollettino-neve-al-suolo\/embed\/#?secret=K5u70cjaCO#?secret=UnecdUKfRp\" data-secret=\"UnecdUKfRp\" width=\"600\" height=\"338\" frameborder=\"0\" marginwidth=\"0\" marginheight=\"0\" scrolling=\"no\"><\/iframe><\/p>\n<p>&nbsp;<\/p>\n<hr \/>\n<p>&nbsp;<\/p>\n<p>&nbsp;<\/p>\n<p><a class=\"dt-pswp-item\" href=\"https:\/\/www.radiopiu.net\/wordpress\/wp-content\/uploads\/2018\/09\/sport.jpg\" data-dt-img-description=\"\" data-large_image_width=\"800\" data-large_image_height=\"100\"><img loading=\"lazy\" decoding=\"async\" class=\"aligncenter wp-image-60761 size-full\" src=\"https:\/\/www.radiopiu.net\/wordpress\/wp-content\/uploads\/2018\/09\/sport.jpg\" alt=\"\" width=\"800\" height=\"100\" srcset=\"https:\/\/www.radiopiu.net\/wordpress\/wp-content\/uploads\/2018\/09\/sport.jpg 800w, https:\/\/www.radiopiu.net\/wordpress\/wp-content\/uploads\/2018\/09\/sport-300x38.jpg 300w, https:\/\/www.radiopiu.net\/wordpress\/wp-content\/uploads\/2018\/09\/sport-768x96.jpg 768w\" sizes=\"auto, (max-width: 800px) 100vw, 800px\" \/><\/a><\/p>\n<p>&nbsp;<\/p>\n<p><span style=\"color: #0000ff;\"><strong>HOCKEY SU GHIACCIO<\/strong><\/span><\/p>\n<blockquote>\n<h3>ALLEGHE ANCORA A QUOTA ZERO DOPO 13 PARTITE<\/h3>\n<\/blockquote>\n<p><strong><a class=\"dt-pswp-item\" href=\"https:\/\/www.radiopiu.net\/wordpress\/wp-content\/uploads\/2021\/09\/ALLEGHE-PANCHINA.jpg\" data-dt-img-description=\"\" data-large_image_width=\"1000\" data-large_image_height=\"665\"><img loading=\"lazy\" decoding=\"async\" class=\" wp-image-233998 alignleft\" src=\"https:\/\/www.radiopiu.net\/wordpress\/wp-content\/uploads\/2021\/09\/ALLEGHE-PANCHINA-300x200.jpg\" alt=\"\" width=\"186\" height=\"124\" srcset=\"https:\/\/www.radiopiu.net\/wordpress\/wp-content\/uploads\/2021\/09\/ALLEGHE-PANCHINA-300x200.jpg 300w, https:\/\/www.radiopiu.net\/wordpress\/wp-content\/uploads\/2021\/09\/ALLEGHE-PANCHINA-768x511.jpg 768w, https:\/\/www.radiopiu.net\/wordpress\/wp-content\/uploads\/2021\/09\/ALLEGHE-PANCHINA.jpg 1000w\" sizes=\"auto, (max-width: 186px) 100vw, 186px\" \/><\/a>di Marco Gaz<\/strong><\/p>\n<p><strong>REDAZIONE<\/strong> Non vanno bene le cose per l&#8217;Alleghe Hockey IHL che continua il periodo nero. Un 2022 da dimenticare fino ad ora. Le civette hanno giocato 13 partite di campionato ed hanno racimolato altrettante sconfitte. L&#8217;ultima sabato sera con il Bressanone dopo una partita rimasta in bilico fino a pochi minuti dal termine della sfida. Gli altoatesini hanno sfruttato due disattenzioni difensive per portare a casa i 3 punti in palio. Da alcuni giorni la squadra alleghese \u00e8 tornata ad allenarsi allo stadio Alvise De Toni di Alleghe e quindi coach Fontana pu\u00f2 contare su una struttura dove poter fare pi\u00f9 allenamenti in modo da preparare atleticamente e mentalmente i suoi giocatori. Gioved\u00ec sera turno infrasettimanale con i biancorossi che tornano a giocare tra le mura amiche dopo pi\u00f9 di due mesi a Feltre. Al De Toni arriva il Fiemme.<\/p>\n<p><strong>ALESSANDRO FONTANA, ALLENATORE DELL&#8217;ALLEGHE HOCKEY<\/strong><\/p>\n<audio class=\"wp-audio-shortcode\" id=\"audio-309960-15\" preload=\"none\" style=\"width: 100%;\" controls=\"controls\"><source type=\"audio\/mpeg\" src=\"https:\/\/www.radiopiu.net\/wordpress\/wp-content\/uploads\/2022\/12\/FONTANA-sito.mp3?_=15\" \/><a href=\"https:\/\/www.radiopiu.net\/wordpress\/wp-content\/uploads\/2022\/12\/FONTANA-sito.mp3\">https:\/\/www.radiopiu.net\/wordpress\/wp-content\/uploads\/2022\/12\/FONTANA-sito.mp3<\/a><\/audio>\n<p>&nbsp;<\/p>\n<p>&nbsp;<\/p>\n<p>&nbsp;<\/p>\n","protected":false},"excerpt":{"rendered":"<p>RADIO PIU INFORMAZIONE il canale su TELEGRAM informazione di prima\u00a0 mano e in tempo reale. iscriviti ed aiutaci a farlo conoscere\u00a0 \u00a0 &nbsp; ISCRIVITI AL NOSTRO CANALE YOUTUBE PER SEGUIRE IN DIRETTA I PRINCIPALI PROGRAMMI DI RADIO PIU&#8217; E LE FUTURE DIRETTE IN ESTERNA. PER ISCRIVERTI CLICCA QUI E PREMI IL TASTO &#8220;Iscriviti&#8221; &nbsp; &nbsp;&hellip;<\/p>\n","protected":false},"author":4,"featured_media":310096,"comment_status":"closed","ping_status":"closed","sticky":false,"template":"","format":"standard","meta":{"_monsterinsights_skip_tracking":false,"_monsterinsights_sitenote_active":false,"_monsterinsights_sitenote_note":"","_monsterinsights_sitenote_category":0,"footnotes":""},"categories":[104,86,49],"tags":[],"class_list":["post-309960","post","type-post","status-publish","format-standard","has-post-thumbnail","hentry","category-evidenza_3","category-gr","category-news-18","category-104","category-86","category-49","description-off"],"img_url":"https:\/\/www.radiopiu.net\/wordpress\/wp-content\/uploads\/2022\/12\/20adb394-ae41-4b07-b00a-9ff74d059eac.jpg","_links":{"self":[{"href":"https:\/\/www.radiopiu.net\/wordpress\/wp-json\/wp\/v2\/posts\/309960","targetHints":{"allow":["GET"]}}],"collection":[{"href":"https:\/\/www.radiopiu.net\/wordpress\/wp-json\/wp\/v2\/posts"}],"about":[{"href":"https:\/\/www.radiopiu.net\/wordpress\/wp-json\/wp\/v2\/types\/post"}],"author":[{"embeddable":true,"href":"https:\/\/www.radiopiu.net\/wordpress\/wp-json\/wp\/v2\/users\/4"}],"replies":[{"embeddable":true,"href":"https:\/\/www.radiopiu.net\/wordpress\/wp-json\/wp\/v2\/comments?post=309960"}],"version-history":[{"count":0,"href":"https:\/\/www.radiopiu.net\/wordpress\/wp-json\/wp\/v2\/posts\/309960\/revisions"}],"wp:featuredmedia":[{"embeddable":true,"href":"https:\/\/www.radiopiu.net\/wordpress\/wp-json\/wp\/v2\/media\/310096"}],"wp:attachment":[{"href":"https:\/\/www.radiopiu.net\/wordpress\/wp-json\/wp\/v2\/media?parent=309960"}],"wp:term":[{"taxonomy":"category","embeddable":true,"href":"https:\/\/www.radiopiu.net\/wordpress\/wp-json\/wp\/v2\/categories?post=309960"},{"taxonomy":"post_tag","embeddable":true,"href":"https:\/\/www.radiopiu.net\/wordpress\/wp-json\/wp\/v2\/tags?post=309960"}],"curies":[{"name":"wp","href":"https:\/\/api.w.org\/{rel}","templated":true}]}}