{"id":309967,"date":"2022-12-05T10:06:09","date_gmt":"2022-12-05T09:06:09","guid":{"rendered":"https:\/\/www.radiopiu.net\/wordpress\/?p=309967"},"modified":"2022-12-05T10:06:09","modified_gmt":"2022-12-05T09:06:09","slug":"venti-centimetri-di-neve-fresca-sulle-dolomiti-il-bollettino-neve-al-suolo","status":"publish","type":"post","link":"https:\/\/www.radiopiu.net\/wordpress\/venti-centimetri-di-neve-fresca-sulle-dolomiti-il-bollettino-neve-al-suolo\/","title":{"rendered":"VENTI CENTIMETRI DI NEVE FRESCA SULLE DOLOMITI. IL BOLLETTINO NEVE AL SUOLO"},"content":{"rendered":"<p><strong>REDAZIONE<\/strong> Pi\u00f9 di venti centimetri di neve fresca sulle dolomiti nelle ultime 24 ore. A comunicarlo il Centro Valanghe di Arabba nel puntuale bollettino neve al suolo. Sulle Dolomiti settentrionali si sono registrati 20 cm di cumulo in quasi tutti i punti di rilevazione. La zona dove la neve \u00e8 scesa pi\u00f9 copiosa \u00e8 Col Dei Baldi ad Alleghe con 30 cm in 24 ore.<\/p>\n<p><strong>IL BOLLETTINO NEVE AL SUOLO<\/strong><\/p>\n<a href=\"https:\/\/www.radiopiu.net\/wordpress\/wp-content\/uploads\/2022\/12\/2022_12_05_Dolomiti-Neve-al-Suolo.pdf\" class=\"pdfemb-viewer\" style=\"\" data-width=\"max\" data-height=\"max\" data-toolbar=\"top\" data-toolbar-fixed=\"on\">2022_12_05_Dolomiti Neve al Suolo<\/a>\n<p>&nbsp;<\/p>\n<p>&nbsp;<\/p>\n<p>*****<\/p>\n","protected":false},"excerpt":{"rendered":"<p>REDAZIONE Pi\u00f9 di venti centimetri di neve fresca sulle dolomiti nelle ultime 24 ore. A comunicarlo il Centro Valanghe di Arabba nel puntuale bollettino neve al suolo. Sulle Dolomiti settentrionali si sono registrati 20 cm di cumulo in quasi tutti i punti di rilevazione. La zona dove la neve \u00e8 scesa pi\u00f9 copiosa \u00e8 Col&hellip;<\/p>\n","protected":false},"author":4,"featured_media":181963,"comment_status":"closed","ping_status":"closed","sticky":false,"template":"","format":"standard","meta":{"_monsterinsights_skip_tracking":false,"_monsterinsights_sitenote_active":false,"_monsterinsights_sitenote_note":"","_monsterinsights_sitenote_category":0,"footnotes":""},"categories":[49],"tags":[],"class_list":["post-309967","post","type-post","status-publish","format-standard","has-post-thumbnail","hentry","category-news-18","category-49","description-off"],"img_url":"https:\/\/www.radiopiu.net\/wordpress\/wp-content\/uploads\/2020\/12\/NEVE-ALBERI.jpg","_links":{"self":[{"href":"https:\/\/www.radiopiu.net\/wordpress\/wp-json\/wp\/v2\/posts\/309967","targetHints":{"allow":["GET"]}}],"collection":[{"href":"https:\/\/www.radiopiu.net\/wordpress\/wp-json\/wp\/v2\/posts"}],"about":[{"href":"https:\/\/www.radiopiu.net\/wordpress\/wp-json\/wp\/v2\/types\/post"}],"author":[{"embeddable":true,"href":"https:\/\/www.radiopiu.net\/wordpress\/wp-json\/wp\/v2\/users\/4"}],"replies":[{"embeddable":true,"href":"https:\/\/www.radiopiu.net\/wordpress\/wp-json\/wp\/v2\/comments?post=309967"}],"version-history":[{"count":0,"href":"https:\/\/www.radiopiu.net\/wordpress\/wp-json\/wp\/v2\/posts\/309967\/revisions"}],"wp:featuredmedia":[{"embeddable":true,"href":"https:\/\/www.radiopiu.net\/wordpress\/wp-json\/wp\/v2\/media\/181963"}],"wp:attachment":[{"href":"https:\/\/www.radiopiu.net\/wordpress\/wp-json\/wp\/v2\/media?parent=309967"}],"wp:term":[{"taxonomy":"category","embeddable":true,"href":"https:\/\/www.radiopiu.net\/wordpress\/wp-json\/wp\/v2\/categories?post=309967"},{"taxonomy":"post_tag","embeddable":true,"href":"https:\/\/www.radiopiu.net\/wordpress\/wp-json\/wp\/v2\/tags?post=309967"}],"curies":[{"name":"wp","href":"https:\/\/api.w.org\/{rel}","templated":true}]}}