{"id":310113,"date":"2022-12-06T06:35:31","date_gmt":"2022-12-06T05:35:31","guid":{"rendered":"https:\/\/www.radiopiu.net\/wordpress\/?p=310113"},"modified":"2022-12-06T10:02:25","modified_gmt":"2022-12-06T09:02:25","slug":"sabato-lincontro-con-i-neo-diciottenni-a-canale-vallada-alunni-da-primo-premio-in-camera-di-commercio","status":"publish","type":"post","link":"https:\/\/www.radiopiu.net\/wordpress\/sabato-lincontro-con-i-neo-diciottenni-a-canale-vallada-alunni-da-primo-premio-in-camera-di-commercio\/","title":{"rendered":"SABATO L&#8217;INCONTRO CON I NEO DICIOTTENNI A CANALE. VALLADA, ALUNNI DA PRIMO PREMIO IN CAMERA DI COMMERCIO"},"content":{"rendered":"<blockquote>\n<h3><\/h3>\n<\/blockquote>\n<p><strong><a class=\"dt-pswp-item\" href=\"https:\/\/www.radiopiu.net\/wordpress\/wp-content\/uploads\/2022\/12\/Senza-nome-33.jpg\" data-dt-img-description=\"\" data-large_image_width=\"474\" data-large_image_height=\"247\"><img loading=\"lazy\" decoding=\"async\" class=\"size-medium wp-image-310112 alignleft\" src=\"https:\/\/www.radiopiu.net\/wordpress\/wp-content\/uploads\/2022\/12\/Senza-nome-33-300x156.jpg\" alt=\"\" width=\"300\" height=\"156\" srcset=\"https:\/\/www.radiopiu.net\/wordpress\/wp-content\/uploads\/2022\/12\/Senza-nome-33-300x156.jpg 300w, https:\/\/www.radiopiu.net\/wordpress\/wp-content\/uploads\/2022\/12\/Senza-nome-33.jpg 474w\" sizes=\"auto, (max-width: 300px) 100vw, 300px\" \/><\/a>CANALE D&#8217;AGORDO<\/strong> I sindaci di Canale D&#8217;Agordo e Vallada incontreranno i giovani che hanno appena compiuto i 18 anni nella sala Lina Zand\u00f2 di Canale d&#8217;Agordo. L&#8217;appuntamento \u00e8 per sabato alle 16:30. Interverr\u00e0 anche il presidio LIBERA dell&#8217;Agordino, l&#8217;associazione contro le mafie presieduta da Don Luigi Ciotti che proporr\u00e0 ai giovani una riflessione <a class=\"dt-pswp-item\" href=\"https:\/\/www.radiopiu.net\/wordpress\/wp-content\/uploads\/2022\/12\/foto-Marilisa.jpg\" data-dt-img-description=\"\" data-large_image_width=\"227\" data-large_image_height=\"280\"><img loading=\"lazy\" decoding=\"async\" class=\" wp-image-310161 alignright\" src=\"https:\/\/www.radiopiu.net\/wordpress\/wp-content\/uploads\/2022\/12\/foto-Marilisa.jpg\" alt=\"\" width=\"101\" height=\"125\" \/><\/a>sull&#8217;uso di un linguaggio rispettoso delle persone, e l&#8217;associazione Donatori del sangue di Canale-Vallada.<\/p>\n<p><strong>L&#8217;ASSESSORE MARILISA LUCHETTA<\/strong><\/p>\n<audio class=\"wp-audio-shortcode\" id=\"audio-310113-1\" preload=\"none\" style=\"width: 100%;\" controls=\"controls\"><source type=\"audio\/mpeg\" src=\"https:\/\/www.radiopiu.net\/wordpress\/wp-content\/uploads\/2022\/12\/MARILISA.mp3?_=1\" \/><a href=\"https:\/\/www.radiopiu.net\/wordpress\/wp-content\/uploads\/2022\/12\/MARILISA.mp3\">https:\/\/www.radiopiu.net\/wordpress\/wp-content\/uploads\/2022\/12\/MARILISA.mp3<\/a><\/audio>\n<p>&nbsp;<\/p>\n<blockquote><p><em><strong>VALLADA La &#8220;Gru raccogli alberi&#8221; vale il primo premio gli studenti della primaria Ronchi. Hanno vinto nella sezione Oggetto di design, concorso &#8220;Circolar&#8230;mente&#8221; della Camera di Commercio. Hanno ben interpretato il tema dell&#8217;economia circolare con un prototipo originale assemblato con materiali di scarto delle utenze domestiche e impianti produttivi. Consegnato il diploma e un assegno da 2500 euro.<\/strong><\/em><\/p><\/blockquote>\n<p>&nbsp;<\/p>\n<hr \/>\n<p>&nbsp;<\/p>\n","protected":false},"excerpt":{"rendered":"<p>CANALE D&#8217;AGORDO I sindaci di Canale D&#8217;Agordo e Vallada incontreranno i giovani che hanno appena compiuto i 18 anni nella sala Lina Zand\u00f2 di Canale d&#8217;Agordo. L&#8217;appuntamento \u00e8 per sabato alle 16:30. Interverr\u00e0 anche il presidio LIBERA dell&#8217;Agordino, l&#8217;associazione contro le mafie presieduta da Don Luigi Ciotti che proporr\u00e0 ai giovani una riflessione sull&#8217;uso di&hellip;<\/p>\n","protected":false},"author":4,"featured_media":310112,"comment_status":"closed","ping_status":"closed","sticky":false,"template":"","format":"standard","meta":{"_monsterinsights_skip_tracking":false,"_monsterinsights_sitenote_active":false,"_monsterinsights_sitenote_note":"","_monsterinsights_sitenote_category":0,"footnotes":""},"categories":[49],"tags":[],"class_list":["post-310113","post","type-post","status-publish","format-standard","has-post-thumbnail","hentry","category-news-18","category-49","description-off"],"img_url":"https:\/\/www.radiopiu.net\/wordpress\/wp-content\/uploads\/2022\/12\/Senza-nome-33.jpg","_links":{"self":[{"href":"https:\/\/www.radiopiu.net\/wordpress\/wp-json\/wp\/v2\/posts\/310113","targetHints":{"allow":["GET"]}}],"collection":[{"href":"https:\/\/www.radiopiu.net\/wordpress\/wp-json\/wp\/v2\/posts"}],"about":[{"href":"https:\/\/www.radiopiu.net\/wordpress\/wp-json\/wp\/v2\/types\/post"}],"author":[{"embeddable":true,"href":"https:\/\/www.radiopiu.net\/wordpress\/wp-json\/wp\/v2\/users\/4"}],"replies":[{"embeddable":true,"href":"https:\/\/www.radiopiu.net\/wordpress\/wp-json\/wp\/v2\/comments?post=310113"}],"version-history":[{"count":0,"href":"https:\/\/www.radiopiu.net\/wordpress\/wp-json\/wp\/v2\/posts\/310113\/revisions"}],"wp:featuredmedia":[{"embeddable":true,"href":"https:\/\/www.radiopiu.net\/wordpress\/wp-json\/wp\/v2\/media\/310112"}],"wp:attachment":[{"href":"https:\/\/www.radiopiu.net\/wordpress\/wp-json\/wp\/v2\/media?parent=310113"}],"wp:term":[{"taxonomy":"category","embeddable":true,"href":"https:\/\/www.radiopiu.net\/wordpress\/wp-json\/wp\/v2\/categories?post=310113"},{"taxonomy":"post_tag","embeddable":true,"href":"https:\/\/www.radiopiu.net\/wordpress\/wp-json\/wp\/v2\/tags?post=310113"}],"curies":[{"name":"wp","href":"https:\/\/api.w.org\/{rel}","templated":true}]}}