{"id":310135,"date":"2022-12-07T05:44:48","date_gmt":"2022-12-07T04:44:48","guid":{"rendered":"https:\/\/www.radiopiu.net\/wordpress\/?p=310135"},"modified":"2022-12-07T10:14:31","modified_gmt":"2022-12-07T09:14:31","slug":"giornale-radiopiu-07-dicembre-2022-direttore-mirko-mezzacasa","status":"publish","type":"post","link":"https:\/\/www.radiopiu.net\/wordpress\/giornale-radiopiu-07-dicembre-2022-direttore-mirko-mezzacasa\/","title":{"rendered":"GIORNALE RADIOPIU 07 DICEMBRE 2022 DIRETTORE MIRKO MEZZACASA"},"content":{"rendered":"<h3 class=\"kvgmc6g5 cxmmr5t8 oygrvhab hcukyx3x c1et5uql\"><span style=\"color: #0000ff;\"><strong>RADIO PIU INFORMAZIONE il canale su TELEGRAM informazione di prima\u00a0 <\/strong><strong>mano e in tempo reale. iscriviti ed aiutaci a farlo conoscere\u00a0 \u00a0<\/strong><\/span><\/h3>\n<p>&nbsp;<\/p>\n<h2><span style=\"color: #ff0000;\">ISCRIVITI AL NOSTRO CANALE YOUTUBE PER SEGUIRE IN DIRETTA I PRINCIPALI PROGRAMMI DI RADIO PIU&#8217; E LE FUTURE DIRETTE IN ESTERNA. PER ISCRIVERTI <a style=\"color: #ff0000;\" href=\"https:\/\/youtube.com\/@radiopiu1527\">CLICCA QUI<\/a> E PREMI IL TASTO &#8220;Iscriviti&#8221;<\/span><\/h2>\n<p>&nbsp;<\/p>\n<hr \/>\n<p>&nbsp;<\/p>\n<p><strong>SEDICO<\/strong> Veneto Strade comunica che\u00a0 oggi dalle 8 alle 12 la SP 347 del Passo Cereda e Duran sar\u00e0 interessata da un\u2019interdizione al traffico in comune di Val di Zoldo. Pi\u00f9 precisamente in localit\u00e0 Pradel, bivio con Foppa. La chiusura \u00e8 necessaria per dei lavori di ripristino attraversamento idraulico.<\/p>\n<p>&nbsp;<\/p>\n<p><strong>AGORDO <\/strong><em>IL PONTE IN PROSSIMITA&#8217; DELLA PISCINA DI AGORDO E&#8217; CHIUSO, E LO SARA&#8217; FINO\u00a0 AD OGGI PER LAVORI. NESSUN PROBLEMA PER RAGGIUNGERE LA PISCINA, INFATTI, SI POTRA&#8217; PERCORRERE LA STRADA COMUNALE IN SINISTRA OROGRAFICA DEL TORRENTE ROVA, DIFRONTE AI CAMPI DA TENNIS. IN SENSO CONTRARIO ANCORA PIU&#8217; SEMPLICE L&#8217;INTERSEZIONE CON LA REGIONALE DEL DURAN (AGORDO-LA VALLE) E QUINDI DISCESA PER PONTE ROVA.<\/em><\/p>\n<p>&nbsp;<\/p>\n<p><strong>LA VALLE\u00a0<\/strong> revoca parziale della precedente ordinanza, divieto di transito veicolare di via Fades sul ponte che attraversa il torrente Missiaga, apertura al transito pedonale sul ponte.<\/p>\n<p>&nbsp;<\/p>\n<p><strong>ALPAGO<\/strong> Domani dalle 8.30 alle 12.30 punto tamponi a Paludi per persone con sintomatologia covid, ad accesso libero<\/p>\n<div class=\"addthis_sharing_toolbox\" data-url=\"http:\/\/sfoglio.corrierealpi.gelocal.it\/share_article.php?article_id=11421220\" data-title=\"Passaggio pedonaledosso e piazzetta:pedoni pi\u00f9 sicurisulle strade di RasaiDisagi sulla 251, ritardip...\"><\/div>\n<div class=\"articlePlainText\"><strong>ERTO E CASSO<\/strong> Fino al 20 dicembre lungo l&#8217;ex statale 251 della Valcellina &#8211; Val di Zoldo transito regolato da semaforo 24 ore su 24<\/div>\n<div><\/div>\n<hr \/>\n<p>&nbsp;<\/p>\n<blockquote>\n<h2>VALANGA SULLA MARMOLADA DE BERNARDIN &#8220;E&#8217; NORMALE, CHI VIVE IN MONTAGNA LO SA&#8221;<\/h2>\n<\/blockquote>\n<p>&nbsp;<\/p>\n<p><strong><img loading=\"lazy\" decoding=\"async\" class=\"alignleft\" src=\"https:\/\/www.radiopiu.net\/wordpress\/wp-content\/uploads\/2022\/07\/marmolada.jpg\" width=\"204\" height=\"153\" \/>TRENTO <\/strong>Una valanga con un fronte di circa 30 metri ed una lunghezza di circa 300 metri si \u00e8 staccata ieri mattina lungo il versante trentino della Regina delle Dolomiti, nella zona di Pian dei Fiacconi, sotto il Sass Bianchet, il distacco nevoso ha travolto parzialmente uno scialpinista, un uomo di 30 anni residente nel Padovano, che si trovava a una quota di 2.800 metri, circa 200 metri pi\u00f9 a monte del rifugio Pian dei Fiacconi. Dopo l&#8217;evento la centrale unica 112 ha allertato il sistema trentino di Protezione civile chiedendo l&#8217;intervento dell&#8217;elicottero, mentre gli operatori della stazione Alta Val di Fassa si sono portati in piazzola a Canazei e due unit\u00e0 cinofile si sono rese disponibili a Moena.\u00a0 Un operatore della stazione Alta Fassa \u00e8 stato in seguito elitrasportato sul posto per verificare insieme al tecnico di elisoccorso che non ci fossero altre persone coinvolte. L&#8217;intervento si \u00e8 quindi concluso intorno alle 13 e 10, senza il bisogno di coinvolgere le unit\u00e0 cinofile, verificata l&#8217;assenza di altre persone coinvolte dal distacco.<\/p>\n<p style=\"font-weight: 400;\"><b>IL SINDACO DI ROCCA PIETORE ANDREA DE BERNARDIN<\/b><\/p>\n<audio class=\"wp-audio-shortcode\" id=\"audio-310135-1\" preload=\"none\" style=\"width: 100%;\" controls=\"controls\"><source type=\"audio\/mpeg\" src=\"https:\/\/www.radiopiu.net\/wordpress\/wp-content\/uploads\/2022\/12\/andrea.mp3?_=1\" \/><a href=\"https:\/\/www.radiopiu.net\/wordpress\/wp-content\/uploads\/2022\/12\/andrea.mp3\">https:\/\/www.radiopiu.net\/wordpress\/wp-content\/uploads\/2022\/12\/andrea.mp3<\/a><\/audio>\n<p>&nbsp;<\/p>\n<p>&nbsp;<\/p>\n<hr \/>\n<p>&nbsp;<\/p>\n<blockquote>\n<h3><a class=\"dt-pswp-item\" href=\"https:\/\/www.radiopiu.net\/wordpress\/wp-content\/uploads\/2022\/12\/Senza-nome-38.jpg\" data-dt-img-description=\"\" data-large_image_width=\"341\" data-large_image_height=\"172\"><img loading=\"lazy\" decoding=\"async\" class=\"wp-image-310250 alignleft\" src=\"https:\/\/www.radiopiu.net\/wordpress\/wp-content\/uploads\/2022\/12\/Senza-nome-38-300x151.jpg\" alt=\"\" width=\"165\" height=\"83\" srcset=\"https:\/\/www.radiopiu.net\/wordpress\/wp-content\/uploads\/2022\/12\/Senza-nome-38-300x151.jpg 300w, https:\/\/www.radiopiu.net\/wordpress\/wp-content\/uploads\/2022\/12\/Senza-nome-38.jpg 341w\" sizes=\"auto, (max-width: 165px) 100vw, 165px\" \/><\/a>LIEVE SCOSSA DI TERREMOTO A SEREN DEL GRAPPA<\/h3>\n<\/blockquote>\n<p><strong>SEREN DEL GRAPPA<\/strong> In considerazione dell&#8217;ora e della lieve entit\u00e0 della scossa di terremoto probabilmente se ne sono accorti in pochi, forse chi abita ai piani alti delle abitazioni. La terra, dai rilevamenti dell&#8217;INGV di Roma ha tremato alle 3.36.54. Scossa di terremoto di magnitudo 1,2, epicentro a 3 chilometri da Seren del Grappa ad una profondit\u00e0 di 8 chilometri<\/p>\n<p><strong>IL SISMOGRAFO DI AGORDO<\/strong><\/p>\n<p><a class=\"dt-pswp-item\" href=\"https:\/\/www.radiopiu.net\/wordpress\/wp-content\/uploads\/2022\/12\/ADRI.EHZ_.png\" data-dt-img-description=\"\" data-large_image_width=\"792\" data-large_image_height=\"612\"><img loading=\"lazy\" decoding=\"async\" class=\"alignnone size-medium wp-image-310253\" src=\"https:\/\/www.radiopiu.net\/wordpress\/wp-content\/uploads\/2022\/12\/ADRI.EHZ_-300x232.png\" alt=\"\" width=\"300\" height=\"232\" srcset=\"https:\/\/www.radiopiu.net\/wordpress\/wp-content\/uploads\/2022\/12\/ADRI.EHZ_-300x232.png 300w, https:\/\/www.radiopiu.net\/wordpress\/wp-content\/uploads\/2022\/12\/ADRI.EHZ_-768x593.png 768w, https:\/\/www.radiopiu.net\/wordpress\/wp-content\/uploads\/2022\/12\/ADRI.EHZ_.png 792w\" sizes=\"auto, (max-width: 300px) 100vw, 300px\" \/><\/a><\/p>\n<p>&nbsp;<\/p>\n<p>&nbsp;<\/p>\n<hr \/>\n<p>&nbsp;<\/p>\n<blockquote>\n<h3>SANITA&#8217; E REPORT DALLA PAGINA FACEBOOK DIFENDIAMO L&#8217;OSPEDALE SAN MARTINO<\/h3>\n<\/blockquote>\n<div dir=\"auto\"><img decoding=\"async\" class=\"alignleft\" src=\"https:\/\/www.radiopiu.net\/wordpress\/wp-content\/uploads\/2022\/12\/318327585_475379514706932_3428681026887246074_n.jpg\" \/><strong>REPORT, SINDACI E NOI<\/strong><\/div>\n<div dir=\"auto\">Report lunedi era ha solo fotografato quanto gi\u00e0 sapevamo. Nonostante questo stato di cose preoccupante pochi, pressoch\u00e9 nessuno, i Sindaci che prendono una consapevole posizione delle dinamiche in atto, effettuano proposte alternative condivise e poi supportano con decisione in ogni sede quelle stesse proposte (per ogni sede si intende soprattutto Venezia). Se i primi a non crederci e a rinunciare colpevolmente a difendere i servizi sanitari e sociosanitari sul territorio sono loro\u2026 a chi devono rivolgersi le comunit\u00e0 della montagna? A chi?<\/div>\n<div dir=\"auto\"><\/div>\n<div dir=\"auto\"><\/div>\n<div dir=\"auto\"><\/div>\n<div dir=\"auto\">\n<hr \/>\n<\/div>\n<div dir=\"auto\"><\/div>\n<blockquote>\n<div dir=\"auto\"><\/div>\n<\/blockquote>\n<div dir=\"auto\"><\/div>\n<div dir=\"auto\">\n<hr \/>\n<\/div>\n<blockquote>\n<h2 dir=\"auto\">UNA PERMUTA PER &#8220;SALVARE&#8221; L&#8217;EX TIRO A SEGNO DI CROSTOLIN<\/h2>\n<\/blockquote>\n<div dir=\"auto\">\n<p><strong>AGORDO<\/strong><\/p>\n<p><strong>DI GIANNI SANTOMASO<\/strong><\/p>\n<audio class=\"wp-audio-shortcode\" id=\"audio-310135-2\" preload=\"none\" style=\"width: 100%;\" controls=\"controls\"><source type=\"audio\/mpeg\" src=\"https:\/\/www.radiopiu.net\/wordpress\/wp-content\/uploads\/2022\/12\/GIANNI-PEZZO.mp3?_=2\" \/><a href=\"https:\/\/www.radiopiu.net\/wordpress\/wp-content\/uploads\/2022\/12\/GIANNI-PEZZO.mp3\">https:\/\/www.radiopiu.net\/wordpress\/wp-content\/uploads\/2022\/12\/GIANNI-PEZZO.mp3<\/a><\/audio>\n<p>&nbsp;<\/p>\n<p><strong>ARCHIVIO RADIO PIU<\/strong><\/p>\n<blockquote class=\"wp-embedded-content\" data-secret=\"BkRGFBHORL\"><p><a href=\"https:\/\/www.radiopiu.net\/wordpress\/tiro-a-segno-a-crostolin-di-agordo-area-degradata-il-comune-chiede-aiuto-alla-politica\/\">TIRO A SEGNO A CROSTOLIN DI AGORDO, AREA DEGRADATA. IL COMUNE CHIEDE AIUTO ALLA POLITICA<\/a><\/p><\/blockquote>\n<p><iframe loading=\"lazy\" class=\"wp-embedded-content\" sandbox=\"allow-scripts\" security=\"restricted\" style=\"position: absolute; clip: rect(1px, 1px, 1px, 1px);\" title=\"&#8220;TIRO A SEGNO A CROSTOLIN DI AGORDO, AREA DEGRADATA. IL COMUNE CHIEDE AIUTO ALLA POLITICA&#8221; &#8212; Radio Pi\u00f9\" src=\"https:\/\/www.radiopiu.net\/wordpress\/tiro-a-segno-a-crostolin-di-agordo-area-degradata-il-comune-chiede-aiuto-alla-politica\/embed\/#?secret=DFaN9ky7x1#?secret=BkRGFBHORL\" data-secret=\"BkRGFBHORL\" width=\"600\" height=\"338\" frameborder=\"0\" marginwidth=\"0\" marginheight=\"0\" scrolling=\"no\"><\/iframe><\/p>\n<p>&nbsp;<\/p>\n<hr \/>\n<p>&nbsp;<\/p>\n<p>&nbsp;<\/p>\n<blockquote><p>&nbsp;<\/p><\/blockquote>\n<p>&nbsp;<\/p>\n<hr \/>\n<\/div>\n<div dir=\"auto\"><\/div>\n<div dir=\"auto\"><\/div>\n<blockquote>\n<h3 dir=\"auto\">CADONO PER STRADA, VOLEVANO SOLDI DAL COMUNE DI CANALE D&#8217;AGORDO CHE NON PAGHERA&#8217;<\/h3>\n<\/blockquote>\n<div dir=\"auto\">\n<p><strong>OGGI SUL CORRIERE DELLE ALPI<\/strong><\/p>\n<p><strong>DI GIGI SOSSO<\/strong><\/p>\n<p><img loading=\"lazy\" decoding=\"async\" class=\"alignleft\" src=\"https:\/\/www.radiopiu.net\/wordpress\/wp-content\/uploads\/2021\/02\/Canale-dAgordo-4.jpeg\" width=\"207\" height=\"155\" \/><strong>BELLUNO<\/strong> Cadono sul marciapiede, ma non saranno risarciti. Patrizia Trolese e Gian Franco Pancin ci hanno provato fino alla Corte di Cassazione, chiamando in causa Comune di Canale d&#8217;Agordo, Provincia di Belluno con Generali assicurazioni e Veneto Strade, tuttavia il loro ricorso \u00e8 stato dichiarato improcedibile e il ora contenzioso \u00e8 perso per sempre.Era il 26 agosto quando i due turisti si erano fatti male, mentre camminavano su un marciapiede di nuova costruzione, che porta nel centro del paese. Trolese \u00e8 inciampata e nella caduta ha trascinato a terra il marito, che le era accanto. Entrambi avevano sofferto gravi lesioni e, secondo loro, la colpa era dell&#8217;abbassamento della soletta, che creava un pericoloso gradino non visibile. Chiedevano danni per\u00a0 14 mila 400 euro.<\/p>\n<p>&nbsp;<\/p>\n<hr \/>\n<p>&nbsp;<\/p>\n<\/div>\n<p>&nbsp;<\/p>\n<blockquote><p>&nbsp;<\/p><\/blockquote>\n<div dir=\"auto\">\n<hr \/>\n<\/div>\n<div dir=\"auto\"><\/div>\n<blockquote>\n<h3 dir=\"auto\">E&#8217; MANCATO L&#8217;UOMO DEI MASSAGGI &#8220;CIAO MORVI&#8221;<\/h3>\n<\/blockquote>\n<div dir=\"auto\"><strong><a class=\"dt-pswp-item\" href=\"https:\/\/www.radiopiu.net\/wordpress\/wp-content\/uploads\/2022\/12\/uomo-massaggi.jpg\" data-dt-img-description=\"\" data-large_image_width=\"264\" data-large_image_height=\"267\"><img loading=\"lazy\" decoding=\"async\" class=\" wp-image-310234 alignleft\" src=\"https:\/\/www.radiopiu.net\/wordpress\/wp-content\/uploads\/2022\/12\/uomo-massaggi.jpg\" alt=\"\" width=\"173\" height=\"175\" \/><\/a>COMELICO<\/strong> All&#8217;et\u00e0 di 73 anni, \u00e8 mancato Giorgio Morvidoni,\u00a0 professionista nel settore sportivo. Di origini umbre, una volta in pensione aveva scelto di vivere\u00a0 a Santo Stefano con la moglie del luogo.\u00a0 Ha continuato a dedicare la sua professionalit\u00e0 nel massaggio soprattutto ai giocatori del Cadore calcio, ma non solo. Morvidoni lascia anche una figlia. I funerali venerd\u00ec alle 14. 30 a Santo Stefano, preceduti dal rosario alle 14. Al termine, la salma proseguir\u00e0 per la cremazione. Eventuali offerte saranno devolute all&#8217;associazione di volontariato &#8220;Il girasole&#8221; di Comelico e Sappada. In Cadore e altrove era conosciuto come \u00a0l&#8217;uomo dei massaggi, ha lavorato con le nazionali italiane di rugby ed era persente nello staff tecnico di Ciccio Graziani nel Cervia del reality show &#8220;Campioni&#8221;. Tra le foto del profilo Facebook spicca uno scatto in cui massaggia il figlio di Diego Armando Maradona, giocatore\u00a0 del Cervia.<\/div>\n<p>&nbsp;<\/p>\n<p>&nbsp;<\/p>\n<hr \/>\n<p>&nbsp;<\/p>\n<blockquote>\n<h3>L&#8217;EDUCAZIONE STRADALE A BELLUNO CON LA POLIZIA LOCALE<\/h3>\n<\/blockquote>\n<p><strong><img loading=\"lazy\" decoding=\"async\" class=\"alignleft\" src=\"https:\/\/www.radiopiu.net\/wordpress\/wp-content\/uploads\/2022\/12\/38c40bd5-213b-4cbf-ba66-9ff5589fa1fb.jpg\" width=\"207\" height=\"155\" \/>BELLUNO <\/strong>\u00c8 ripresa da qualche settimana a Belluno l&#8217;attivit\u00e0 di educazione stradale nelle scuole che vede impegnata la Polizia Locale del capoluogo in lezioni teoriche e attivit\u00e0 pratiche.<strong><br \/>\n<\/strong><\/p>\n<p>&nbsp;<\/p>\n<p><strong>DANIELE DALVIT<\/strong><\/p>\n<audio class=\"wp-audio-shortcode\" id=\"audio-310135-3\" preload=\"none\" style=\"width: 100%;\" controls=\"controls\"><source type=\"audio\/mpeg\" src=\"https:\/\/www.radiopiu.net\/wordpress\/wp-content\/uploads\/2022\/12\/dal-vit-polizia.mp3?_=3\" \/><a href=\"https:\/\/www.radiopiu.net\/wordpress\/wp-content\/uploads\/2022\/12\/dal-vit-polizia.mp3\">https:\/\/www.radiopiu.net\/wordpress\/wp-content\/uploads\/2022\/12\/dal-vit-polizia.mp3<\/a><\/audio>\n<p>&nbsp;<\/p>\n<p>&nbsp;<\/p>\n<hr \/>\n<p>&nbsp;<\/p>\n<blockquote>\n<h3><em><a class=\"dt-pswp-item\" href=\"https:\/\/www.radiopiu.net\/wordpress\/wp-content\/uploads\/2021\/08\/972ec435-fa04-49e8-bf1e-048263cab367.jpg\" data-dt-img-description=\"\" data-large_image_width=\"1024\" data-large_image_height=\"684\"><img loading=\"lazy\" decoding=\"async\" class=\"wp-image-226219 alignleft\" src=\"https:\/\/www.radiopiu.net\/wordpress\/wp-content\/uploads\/2021\/08\/972ec435-fa04-49e8-bf1e-048263cab367-300x200.jpg\" alt=\"\" width=\"143\" height=\"95\" srcset=\"https:\/\/www.radiopiu.net\/wordpress\/wp-content\/uploads\/2021\/08\/972ec435-fa04-49e8-bf1e-048263cab367-300x200.jpg 300w, https:\/\/www.radiopiu.net\/wordpress\/wp-content\/uploads\/2021\/08\/972ec435-fa04-49e8-bf1e-048263cab367-768x513.jpg 768w, https:\/\/www.radiopiu.net\/wordpress\/wp-content\/uploads\/2021\/08\/972ec435-fa04-49e8-bf1e-048263cab367.jpg 1024w\" sizes=\"auto, (max-width: 143px) 100vw, 143px\" \/><\/a>Piano di risparmio energetico nel Comune di Seren: a gennaio lampioni stradali accesi in modo alternato.Il sindaco Dario Scopel: \u201cNelle piazze alberi di Natale addobbati senza luminarie: un segno di rispetto e coerenza con la situazione che viviamo\u201d.<\/em><\/h3>\n<\/blockquote>\n<p><strong>AUDIO ALLA RADIO<\/strong><\/p>\n<audio class=\"wp-audio-shortcode\" id=\"audio-310135-4\" preload=\"none\" style=\"width: 100%;\" controls=\"controls\"><source type=\"audio\/mpeg\" src=\"https:\/\/www.radiopiu.net\/wordpress\/wp-content\/uploads\/2022\/12\/SCOPEL.mp3?_=4\" \/><a href=\"https:\/\/www.radiopiu.net\/wordpress\/wp-content\/uploads\/2022\/12\/SCOPEL.mp3\">https:\/\/www.radiopiu.net\/wordpress\/wp-content\/uploads\/2022\/12\/SCOPEL.mp3<\/a><\/audio>\n<p>&nbsp;<\/p>\n<hr \/>\n<p>&nbsp;<\/p>\n<blockquote>\n<h2>Swarovski e EssilorLuxottica firmano un accordo di licenza decennale<\/h2>\n<\/blockquote>\n<p><strong><img loading=\"lazy\" decoding=\"async\" class=\"alignleft\" src=\"https:\/\/www.radiopiu.net\/wordpress\/wp-content\/uploads\/2022\/06\/LUXOTTICA-LUTTO-3.jpg\" width=\"289\" height=\"163\" \/>AGORDO<\/strong> Swarovski e EssilorLuxottica annunciano di aver firmato un accordo di licenza in esclusiva per lo sviluppo, il design, la produzione, e la distribuzione a livello globale degli occhiali Swarovski Eyewear. L\u2019accordo sar\u00e0 in vigore fino al 31 dicembre 2028, con opzione di rinnovo automatico per ulteriori 5 anni. La prima collezione sar\u00e0 disponibile sul mercato da settembre 2023. Questo accordo mette insieme la creativit\u00e0 e il savoir-faire di Swarovski con l\u2019artigianalit\u00e0, l\u2019innovazione e le competenze di EssilorLuxottica. La partnership nasce dalla volont\u00e0 di Swarovski di fare dell\u2019occhiale un accessorio di punta. Gli occhiali, che traggono ispirazione dal design dei suoi gioielli, aggiungono un\u2019ulteriore sfaccettatura all\u2019offerta Swarovski completando le straordinarie collezioni del brand che includono gioielli, home d\u00e9cor, e accessori. La prima collezione sar\u00e0 sviluppata sotto la guida creativa di Giovanna Engelbert, Creative Director di Swarovski, e lanciata in occasione della stagione FW23. Alexis Nasard, Amministratore Delegato di Swarovski, ha dichiarato: \u201cSiamo entusiasti di sviluppare ulteriormente il business degli occhiali Swarovski Eyewear con un leader di settore a livello globale come EssilorLuxottica. Questo accordo va nella direzione della nostra visione sempre pi\u00f9 orientata al lusso e rappresenta una collaborazione strategica che nasce dalla passione condivisa per la bellezza del design unita all\u2019eccellenza nella qualit\u00e0 e all\u2019artigianalit\u00e0\u201d. Francesco Milleri, Presidente e Amministratore Delegato di EssilorLuxottica, ha aggiunto: \u201cSiamo felici di iniziare questo nuovo percorso con Swarovski, un brand conosciuto in tutto il mondo per il design sofisticato e la straordinaria attenzione al dettaglio. Abbiamo sempre concepito l\u2019occhiale come un\u2019opera d\u2019arte da indossare: una visione, la nostra, che ci pone in perfetta sintonia con Swarovski e la sua storia\u201d.<\/p>\n<p>&nbsp;<\/p>\n<p>&nbsp;<\/p>\n<p>&nbsp;<\/p>\n<hr \/>\n<h2><strong><a class=\"dt-pswp-item\" href=\"https:\/\/www.radiopiu.net\/wordpress\/wp-content\/uploads\/2019\/12\/SKICIVETTA-1.jpg\" data-dt-img-description=\"\" data-large_image_width=\"1772\" data-large_image_height=\"1179\"><img loading=\"lazy\" decoding=\"async\" class=\" wp-image-108967 alignleft\" src=\"https:\/\/www.radiopiu.net\/wordpress\/wp-content\/uploads\/2019\/12\/SKICIVETTA-1-300x200.jpg\" alt=\"\" width=\"185\" height=\"123\" srcset=\"https:\/\/www.radiopiu.net\/wordpress\/wp-content\/uploads\/2019\/12\/SKICIVETTA-1-300x200.jpg 300w, https:\/\/www.radiopiu.net\/wordpress\/wp-content\/uploads\/2019\/12\/SKICIVETTA-1-1024x681.jpg 1024w, https:\/\/www.radiopiu.net\/wordpress\/wp-content\/uploads\/2019\/12\/SKICIVETTA-1-768x511.jpg 768w, https:\/\/www.radiopiu.net\/wordpress\/wp-content\/uploads\/2019\/12\/SKICIVETTA-1-1536x1022.jpg 1536w, https:\/\/www.radiopiu.net\/wordpress\/wp-content\/uploads\/2019\/12\/SKICIVETTA-1.jpg 1772w\" sizes=\"auto, (max-width: 185px) 100vw, 185px\" \/><\/a><span style=\"color: #3366ff;\">AL VIA LA STAGIONE INVERNALE SUL COMPRENSORIO SKI CIVETTA<\/span><\/strong><\/h2>\n<p><strong>di Mirko Mezzacasa<\/strong><\/p>\n<p>OSPITI: Cristian Moretti e Andrea Dal Farra<\/p>\n<audio class=\"wp-audio-shortcode\" id=\"audio-310135-5\" preload=\"none\" style=\"width: 100%;\" controls=\"controls\"><source type=\"audio\/mpeg\" src=\"https:\/\/www.radiopiu.net\/wordpress\/wp-content\/uploads\/2022\/12\/ANDREA-E-CHRISTIAN-SKI-CIVETTA.mp3?_=5\" \/><a href=\"https:\/\/www.radiopiu.net\/wordpress\/wp-content\/uploads\/2022\/12\/ANDREA-E-CHRISTIAN-SKI-CIVETTA.mp3\">https:\/\/www.radiopiu.net\/wordpress\/wp-content\/uploads\/2022\/12\/ANDREA-E-CHRISTIAN-SKI-CIVETTA.mp3<\/a><\/audio>\n<p>&nbsp;<\/p>\n<p>&nbsp;<\/p>\n<p>&nbsp;<\/p>\n<hr \/>\n<p>&nbsp;<\/p>\n<blockquote>\n<h3>UNCEM A VALDITARA: SALVAGUARDIAMO SCUOLE E ISTITUTI SCOLASTICI IN AREE MONTANE.<\/h3>\n<\/blockquote>\n<p><strong>di Marco Bussone<\/strong><\/p>\n<p><a class=\"dt-pswp-item\" href=\"https:\/\/www.radiopiu.net\/wordpress\/wp-content\/uploads\/2020\/11\/logoUNCEM_no_scritta-wdtr.jpg\" data-dt-img-description=\"\" data-large_image_width=\"640\" data-large_image_height=\"640\"><img loading=\"lazy\" decoding=\"async\" class=\" wp-image-170846 alignleft\" src=\"https:\/\/www.radiopiu.net\/wordpress\/wp-content\/uploads\/2020\/11\/logoUNCEM_no_scritta-wdtr-300x300.jpg\" alt=\"\" width=\"196\" height=\"196\" srcset=\"https:\/\/www.radiopiu.net\/wordpress\/wp-content\/uploads\/2020\/11\/logoUNCEM_no_scritta-wdtr-300x300.jpg 300w, https:\/\/www.radiopiu.net\/wordpress\/wp-content\/uploads\/2020\/11\/logoUNCEM_no_scritta-wdtr-150x150.jpg 150w, https:\/\/www.radiopiu.net\/wordpress\/wp-content\/uploads\/2020\/11\/logoUNCEM_no_scritta-wdtr.jpg 640w\" sizes=\"auto, (max-width: 196px) 100vw, 196px\" \/><\/a>&#8220;Al Ministro Valditara, Uncem dice che per la Montagna italiana i parametri per le scuole devono essere diversi. Dobbiamo insieme valorizzare le scuole di montagna. Tagliare \u00e8 inutile e dannoso. Chiudere plessi o accorparli, ridurre le dirigenze scolastiche, introdurre nuove &#8216;reggenze&#8217;, togliere istituti comprensivi \u00e8 dannoso, miope, \u00e8 figlio di un passato che non vogliamo pi\u00f9 rivedere. Per questo l&#8217;articolo oggi presente nella legge di bilancio, il 99, va completamente rivisto. Lo scorso anno venne previsto un efficace sistema, sempre nella finanziaria, che differenziava i numeri per le zone montane. Abbiamo chiesto al Ministro, a tutti i gruppi parlamentari di farne un emendamento al testo di legge attuale&#8221; Afferma che i Dirigenti scolastici sono assegnati agli istituti autonomi costituiti da un numero di alunni inferiore a 500 unit\u00e0, ridotto fino a 300 unit\u00e0 per le scuole collocate nelle piccole isole, nei Comuni montani o nelle aree geografiche caratterizzate da specificit\u00e0 linguistiche. \u00c8 solo buonsenso. \u00c8 lo Stato che si fa presente sui territori, che valorizza il capitale umano, in classe, studenti, docenti, presidi. Uno Stato che fa quanto si afferma nella legge sui piccoli Comuni, nella Strategia per le aree interne, introducendo un vero patto educativo con il sistema delle Autonomie locali, con le scuole stesse. I tagli sono dannosi, prima di tutto per lo Stato, per la coesione del Paese, per gli studenti e per l&#8217;organizzazione seria e differenziata di un Paese complesso e articolato, quale \u00e8 l&#8217;Italia&#8221;.<\/p>\n<p>&nbsp;<\/p>\n<p>&nbsp;<\/p>\n<p>&nbsp;<\/p>\n<hr \/>\n<p>&nbsp;<\/p>\n<blockquote class=\"wp-embedded-content\" data-secret=\"wCP41pnXpt\"><p><a href=\"https:\/\/www.radiopiu.net\/wordpress\/aziendazerodicembre-06\/\">OLTRE 6500 NUOVE POSITIVITA&#8217; E 21 DECESSI IN 24 ORE IN VENETO. RICOVERI STABILI<\/a><\/p><\/blockquote>\n<p><iframe loading=\"lazy\" class=\"wp-embedded-content\" sandbox=\"allow-scripts\" security=\"restricted\" style=\"position: absolute; clip: rect(1px, 1px, 1px, 1px);\" title=\"&#8220;OLTRE 6500 NUOVE POSITIVITA&#8217; E 21 DECESSI IN 24 ORE IN VENETO. RICOVERI STABILI&#8221; &#8212; Radio Pi\u00f9\" src=\"https:\/\/www.radiopiu.net\/wordpress\/aziendazerodicembre-06\/embed\/#?secret=T0tVjIt5JL#?secret=wCP41pnXpt\" data-secret=\"wCP41pnXpt\" width=\"600\" height=\"338\" frameborder=\"0\" marginwidth=\"0\" marginheight=\"0\" scrolling=\"no\"><\/iframe><\/p>\n<p>&nbsp;<\/p>\n<p><strong>DI TIZIANO DE COL<\/strong><\/p>\n\n\t\t\t<style type='text\/css'>\n\t\t\t\t#gallery-1 {\n\t\t\t\t\tmargin: auto;\n\t\t\t\t}\n\t\t\t\t#gallery-1 .gallery-item {\n\t\t\t\t\tfloat: left;\n\t\t\t\t\tmargin-top: 10px;\n\t\t\t\t\ttext-align: center;\n\t\t\t\t\twidth: 25%;\n\t\t\t\t}\n\t\t\t\t#gallery-1 img {\n\t\t\t\t\tborder: 2px solid #cfcfcf;\n\t\t\t\t}\n\t\t\t\t#gallery-1 .gallery-caption {\n\t\t\t\t\tmargin-left: 0;\n\t\t\t\t}\n\t\t\t\t\/* see gallery_shortcode() in wp-includes\/media.php *\/\n\t\t\t<\/style>\n\t\t<div id='gallery-1' class='dt-gallery-container gallery galleryid-310135 gallery-columns-4 gallery-size-thumbnail'><dl class='gallery-item'>\n\t\t\t\t<dt class='gallery-icon landscape'>\n\t\t\t\t\t<a class=\"rollover\" href='https:\/\/www.radiopiu.net\/wordpress\/giornale-radiopiu-07-dicembre-2022-direttore-mirko-mezzacasa\/f52f3f32-15f0-49a4-a2cd-9a6b5ff9efb8\/'><img loading=\"lazy\" decoding=\"async\" width=\"150\" height=\"150\" src=\"https:\/\/www.radiopiu.net\/wordpress\/wp-content\/uploads\/2022\/12\/f52f3f32-15f0-49a4-a2cd-9a6b5ff9efb8-150x150.jpg\" class=\"attachment-thumbnail size-thumbnail\" alt=\"\" \/><\/a>\n\t\t\t\t<\/dt><\/dl><dl class='gallery-item'>\n\t\t\t\t<dt class='gallery-icon landscape'>\n\t\t\t\t\t<a class=\"rollover\" href='https:\/\/www.radiopiu.net\/wordpress\/giornale-radiopiu-07-dicembre-2022-direttore-mirko-mezzacasa\/1341c380-b235-485d-bcc8-4822146286e3\/'><img loading=\"lazy\" decoding=\"async\" width=\"150\" height=\"150\" src=\"https:\/\/www.radiopiu.net\/wordpress\/wp-content\/uploads\/2022\/12\/1341c380-b235-485d-bcc8-4822146286e3-150x150.jpg\" class=\"attachment-thumbnail size-thumbnail\" alt=\"\" \/><\/a>\n\t\t\t\t<\/dt><\/dl><dl class='gallery-item'>\n\t\t\t\t<dt class='gallery-icon landscape'>\n\t\t\t\t\t<a class=\"rollover\" href='https:\/\/www.radiopiu.net\/wordpress\/giornale-radiopiu-07-dicembre-2022-direttore-mirko-mezzacasa\/a3c78527-6917-46f9-90d2-7a8d767ec63a\/'><img loading=\"lazy\" decoding=\"async\" width=\"150\" height=\"150\" src=\"https:\/\/www.radiopiu.net\/wordpress\/wp-content\/uploads\/2022\/12\/a3c78527-6917-46f9-90d2-7a8d767ec63a-150x150.jpg\" class=\"attachment-thumbnail size-thumbnail\" alt=\"\" \/><\/a>\n\t\t\t\t<\/dt><\/dl><dl class='gallery-item'>\n\t\t\t\t<dt class='gallery-icon landscape'>\n\t\t\t\t\t<a class=\"rollover\" href='https:\/\/www.radiopiu.net\/wordpress\/giornale-radiopiu-07-dicembre-2022-direttore-mirko-mezzacasa\/680dcd4c-e45f-4379-9e75-e204fba79954\/'><img loading=\"lazy\" decoding=\"async\" width=\"150\" height=\"150\" src=\"https:\/\/www.radiopiu.net\/wordpress\/wp-content\/uploads\/2022\/12\/680dcd4c-e45f-4379-9e75-e204fba79954-150x150.jpg\" class=\"attachment-thumbnail size-thumbnail\" alt=\"\" \/><\/a>\n\t\t\t\t<\/dt><\/dl><br style=\"clear: both\" \/>\n\t\t\t<\/div>\n\n<p>&nbsp;<\/p>\n<hr \/>\n<p>&nbsp;<\/p>\n<blockquote>\n<h2>Radiologia di Belluno: restyling per accogliere nuove tecnologie<\/h2>\n<\/blockquote>\n<p><strong><img loading=\"lazy\" decoding=\"async\" class=\"alignleft\" src=\"https:\/\/www.radiopiu.net\/wordpress\/wp-content\/uploads\/2022\/12\/WhatsApp-Image-2022-12-06-at-17.15.49-300x300.jpeg\" width=\"198\" height=\"198\" \/>BELLUNO<\/strong> La Radiologia di Belluno si prepara ad accogliere nuove importanti attrezzature grazie al rinnovo del parco tecnologico finanziato col PNRR che vedr\u00e0 un importante upgrade delle apparecchiature in uso. Mentre sono in corso le procedure per l\u2019acquisto di una nuova Risonanza Magnetica, due sistemi radiologici diretti e un sistema telecomandato per la radiologia di Belluno e uno per la radiologia di Pieve di Cadore, l\u2019Azienda ha avviato l\u2019iter per la realizzazione dei lavori di ristrutturazione dei locali che andranno ad ospitare le nuove tecnologie nella Radiologia di Belluno. L\u2019Ulss Dolomiti ha quindi commissionato la progettazione e la direzione lavori degli interventi : la ristrutturazione del locale per la risonanza magnetica e la sala d\u2019aspetto, che vede un investimento di 1,5 mln di euro, sar\u00e0 progettato dallo studio Engineering Platform; i lavori di adeguamento per l\u2019installazione dei sistemi radiologici diretti e telecomandati, che prevedono un investimento di 650 mila euro, saranno invece progettati dall\u2019Ing. Francesca Saltarin.<\/p>\n<p>&nbsp;<\/p>\n<p>&nbsp;<\/p>\n<p>&nbsp;<\/p>\n<hr \/>\n<p align=\"CENTER\"><span style=\"font-size: large;\"><b>\u00a0<\/b><\/span><\/p>\n<blockquote>\n<h3 align=\"CENTER\"><span style=\"font-size: large;\"><b>Rinnovata la convenzione con il Gaslini per turni di pediatria<\/b><\/span><\/h3>\n<\/blockquote>\n<p><strong>BELLUNO<\/strong> \u00c8 stata rinnovata, anche per il 2023, la convenzione con l\u2019 Istituto Gaslini di Genova per attivit\u00e0 di consulenza in pediatria nelle unit\u00e0 operative di Belluno e Feltre. La convenzione con l\u2019Istituto Giannina Gaslini di Genova prevede almeno tre accessi di 12 ore mensili. Le convenzioni con gli ospedali universitari per accessi di specialisti nelle unit\u00e0 operative dell\u2019ulss Dolomiti \u00e8 fondamentale, non solo per garantire i turni di guardia utili per garantire l\u2019operativit\u00e0 dei servizi, ma anche per un importante scambio culturale tra medici, che in questi anni ha portato a una crescita professionale grazie alle occasioni di conoscenza e confronto create.<\/p>\n<p>&nbsp;<\/p>\n<p>&nbsp;<\/p>\n<hr \/>\n<blockquote>\n<h3><\/h3>\n<h3>BONIFICA AMBIENTALE NELL\u2019AREA DEL CAMPO SPORTIVO DI CASTION. LA REGIONE IN AIUTO AL COMUNE DI BELLUNO.<\/h3>\n<\/blockquote>\n<p><strong>VENEZIA<\/strong> Su proposta dell\u2019Assessore all\u2019Ambiente Gianpaolo Bottacin, la Giunta regionale ha stanziato un contributo straordinario a favore del Comune di Belluno per procedere alla caratterizzazione e alla successiva bonifica di un sito potenzialmente contaminato da idrocarburi, a causa della lesione di un serbatoio interrato presente nell\u2019area di pertinenza del campo sportivo di Castion. <em>\u201cA seguito dell\u2019attuazione delle prime attivit\u00e0 di messa in sicurezza di emergenza, dove \u00e8 stata fatta la bonifica e la pulizia del serbatoio interrato in modo da eliminare la sorgente primaria della contaminazione, &#8211; spiega l\u2019Assessore &#8211; il Comune ha evidenziato la necessit\u00e0 di stendere il piano della caratterizzazione per verificare lo stato di contaminazione dell\u2019area\u201d. <\/em>In favore del Comune \u00e8 stato pertanto deliberato un contributo di 70mila euro, secondo quanto preventivato dal Comune stesso nella previsione di spesa.<\/p>\n<p>&nbsp;<\/p>\n<p>&nbsp;<\/p>\n<hr \/>\n<p>&nbsp;<\/p>\n<blockquote><p>&nbsp;<\/p>\n<h3>AD AURONZO IL PALAZZO DEL GHIACCIO SARA&#8217; DEMOLITO<strong><a class=\"dt-pswp-item\" href=\"https:\/\/www.radiopiu.net\/wordpress\/wp-content\/uploads\/2022\/12\/Senza-nome-37.jpg\" data-dt-img-description=\"\" data-large_image_width=\"463\" data-large_image_height=\"192\"><img loading=\"lazy\" decoding=\"async\" class=\"size-medium wp-image-310240 alignleft\" src=\"https:\/\/www.radiopiu.net\/wordpress\/wp-content\/uploads\/2022\/12\/Senza-nome-37-300x124.jpg\" alt=\"\" width=\"300\" height=\"124\" srcset=\"https:\/\/www.radiopiu.net\/wordpress\/wp-content\/uploads\/2022\/12\/Senza-nome-37-300x124.jpg 300w, https:\/\/www.radiopiu.net\/wordpress\/wp-content\/uploads\/2022\/12\/Senza-nome-37.jpg 463w\" sizes=\"auto, (max-width: 300px) 100vw, 300px\" \/><\/a><\/strong><\/h3>\n<\/blockquote>\n<p><strong>AURONZO<\/strong> L&#8217;amministrazione comunale ha deciso, lo aveva anticipato in campagna elettorale ed \u00e8 irremovibile: il palaghiaccio sar\u00e0 abbattuto poich\u00e9 struttura obsoleta, segnata dal tempo. Cosa nascer\u00e0 al suo posto lo valuteranno gli amministratori in accordo con le associazioni sportive, sar\u00e0 comunque una struttura per la pratica degli sport sul ghiaccio.\u00a0 Gli amanti del ghiaccio potranno pattinare\u00a0 in piazza sulla pista all&#8217;aperto<\/p>\n<p>C&#8217;era una volta i Zandegiacomo, i Vecelio, i Cibien. Anche l&#8217;Agordino ha nei ricordi l&#8217;Auronzo, perch\u00e8 avversario nella massima serie quando la provincia vantava formazioni di rilievo ad Alleghe, Cortina, Zoldo, Auronzo, Feltre. L&#8217;Auronzo ha debuttato in serie A nella\u00a0<a title=\"Campionato italiano di hockey su ghiaccio 1949-1950\" href=\"https:\/\/it.wikipedia.org\/wiki\/Campionato_italiano_di_hockey_su_ghiaccio_1949-1950\">stagione 1949-50<\/a>\u00a0sostituendo nella massima serie la formazione del\u00a0<a title=\"Tofana (hockey su ghiaccio)\" href=\"https:\/\/it.wikipedia.org\/wiki\/Tofana_(hockey_su_ghiaccio)\">Tofana<\/a>. L&#8217;ultima apparizione nel massimo campionato nazionale \u00e8 della\u00a0<a title=\"Campionato italiano di hockey su ghiaccio 1999-2000\" href=\"https:\/\/it.wikipedia.org\/wiki\/Campionato_italiano_di_hockey_su_ghiaccio_1999-2000\">stagione 1999\/00<\/a>. Attualmente ad Auronzo \u00e8 attivo solo il settore giovanile (under-12 ed under-10), con la denominazione di Unione Sportiva Tre Cime.\u00a0 Il\u00a0<a title=\"Campionato italiano di hockey su ghiaccio\" href=\"https:\/\/it.wikipedia.org\/wiki\/Campionato_italiano_di_hockey_su_ghiaccio#Podi\">massimo risultato raggiunto in serie A<\/a>\u00a0dall&#8217;HC Auronzo \u00e8 un secondo posto nella\u00a0<a title=\"Campionato italiano di hockey su ghiaccio 1950-1951\" href=\"https:\/\/it.wikipedia.org\/wiki\/Campionato_italiano_di_hockey_su_ghiaccio_1950-1951\">stagione 1950-51<\/a>\u00a0quando, nell&#8217;ultima gara in programma nel girone finale, quella decisiva, il\u00a0<a class=\"mw-redirect\" title=\"HC Milano Inter\" href=\"https:\/\/it.wikipedia.org\/wiki\/HC_Milano_Inter\">Milano Inter<\/a>\u00a0batt\u00e9 i cadorini per 5-1 e si riconferm\u00f2 Campione d&#8217;Italia. Tre i terzi posti: stagioni\u00a0<a title=\"Campionato italiano di hockey su ghiaccio 1951-1952\" href=\"https:\/\/it.wikipedia.org\/wiki\/Campionato_italiano_di_hockey_su_ghiaccio_1951-1952\">1951-52<\/a>,\u00a0<a title=\"Campionato italiano di hockey su ghiaccio 1954-1955\" href=\"https:\/\/it.wikipedia.org\/wiki\/Campionato_italiano_di_hockey_su_ghiaccio_1954-1955\">1954-55<\/a>\u00a0(<i>ex aequo<\/i>\u00a0col\u00a0<a class=\"mw-redirect\" title=\"SG Cortina\" href=\"https:\/\/it.wikipedia.org\/wiki\/SG_Cortina\">Cortina<\/a>) e\u00a0<a title=\"Campionato italiano di hockey su ghiaccio 1956-1957\" href=\"https:\/\/it.wikipedia.org\/wiki\/Campionato_italiano_di_hockey_su_ghiaccio_1956-1957\">1956-57<\/a>. L&#8217;Auronzo ha vinto inoltre per 2 volte la serie A2 (stagioni\u00a0<a title=\"Campionato italiano di hockey su ghiaccio 1983-1984\" href=\"https:\/\/it.wikipedia.org\/wiki\/Campionato_italiano_di_hockey_su_ghiaccio_1983-1984\">1983\/84<\/a>\u00a0e\u00a0<a title=\"Campionato italiano di hockey su ghiaccio 1998-1999\" href=\"https:\/\/it.wikipedia.org\/wiki\/Campionato_italiano_di_hockey_su_ghiaccio_1998-1999\">1998\/99<\/a>) battendo in finale, in entrambe le occasioni, il\u00a0<a title=\"Associazione Hockey Como\" href=\"https:\/\/it.wikipedia.org\/wiki\/Associazione_Hockey_Como\">Como<\/a>.<\/p>\n<p>&nbsp;<\/p>\n<p>&nbsp;<\/p>\n<hr \/>\n<blockquote>\n<h3><\/h3>\n<h3>AVVIATI I LAVORI DI ASFALTATURA A BELLUNO<\/h3>\n<\/blockquote>\n<p><strong>BELLUNO <\/strong>Avviato il ripristino di parte degli asfalti dove mesi fa \u00e8 stata posata la fibra. Entro la fine dell\u2019anno, se il meteo sar\u00e0 favorevole, le vie della citt\u00e0 interessate per prime dai lavori saranno sistemate.<\/p>\n<p><strong>L&#8217;ASSESSORE AI LAVORI PUBBLICI FRANCO ROCCON<\/strong><\/p>\n<audio class=\"wp-audio-shortcode\" id=\"audio-310135-6\" preload=\"none\" style=\"width: 100%;\" controls=\"controls\"><source type=\"audio\/mpeg\" src=\"https:\/\/www.radiopiu.net\/wordpress\/wp-content\/uploads\/2022\/12\/Assessore-Roccon-su-asfaltature.mp3?_=6\" \/><a href=\"https:\/\/www.radiopiu.net\/wordpress\/wp-content\/uploads\/2022\/12\/Assessore-Roccon-su-asfaltature.mp3\">https:\/\/www.radiopiu.net\/wordpress\/wp-content\/uploads\/2022\/12\/Assessore-Roccon-su-asfaltature.mp3<\/a><\/audio>\n<p>&nbsp;<\/p>\n\n\t\t\t<style type='text\/css'>\n\t\t\t\t#gallery-2 {\n\t\t\t\t\tmargin: auto;\n\t\t\t\t}\n\t\t\t\t#gallery-2 .gallery-item {\n\t\t\t\t\tfloat: left;\n\t\t\t\t\tmargin-top: 10px;\n\t\t\t\t\ttext-align: center;\n\t\t\t\t\twidth: 50%;\n\t\t\t\t}\n\t\t\t\t#gallery-2 img {\n\t\t\t\t\tborder: 2px solid #cfcfcf;\n\t\t\t\t}\n\t\t\t\t#gallery-2 .gallery-caption {\n\t\t\t\t\tmargin-left: 0;\n\t\t\t\t}\n\t\t\t\t\/* see gallery_shortcode() in wp-includes\/media.php *\/\n\t\t\t<\/style>\n\t\t<div id='gallery-2' class='dt-gallery-container gallery galleryid-310135 gallery-columns-2 gallery-size-thumbnail'><dl class='gallery-item'>\n\t\t\t\t<dt class='gallery-icon portrait'>\n\t\t\t\t\t<a class=\"rollover rollover-zoom dt-pswp-item\" title=\"Fotonotizia asfalti_Cavarzano1\" data-dt-img-description=\"\" data-large_image_width=\"1080\" data-large_image_height=\"1920\"href='https:\/\/www.radiopiu.net\/wordpress\/wp-content\/uploads\/2022\/12\/Fotonotizia-asfalti_Cavarzano1.jpeg'><img loading=\"lazy\" decoding=\"async\" width=\"150\" height=\"150\" src=\"https:\/\/www.radiopiu.net\/wordpress\/wp-content\/uploads\/2022\/12\/Fotonotizia-asfalti_Cavarzano1-150x150.jpeg\" class=\"attachment-thumbnail size-thumbnail\" alt=\"\" \/><\/a>\n\t\t\t\t<\/dt><\/dl><dl class='gallery-item'>\n\t\t\t\t<dt class='gallery-icon portrait'>\n\t\t\t\t\t<a class=\"rollover rollover-zoom dt-pswp-item\" title=\"Fotonotizia asfalti_Cavarzano\" data-dt-img-description=\"\" data-large_image_width=\"1200\" data-large_image_height=\"1600\"href='https:\/\/www.radiopiu.net\/wordpress\/wp-content\/uploads\/2022\/12\/Fotonotizia-asfalti_Cavarzano.jpeg'><img loading=\"lazy\" decoding=\"async\" width=\"150\" height=\"150\" src=\"https:\/\/www.radiopiu.net\/wordpress\/wp-content\/uploads\/2022\/12\/Fotonotizia-asfalti_Cavarzano-150x150.jpeg\" class=\"attachment-thumbnail size-thumbnail\" alt=\"\" \/><\/a>\n\t\t\t\t<\/dt><\/dl><br style=\"clear: both\" \/>\n\t\t\t<\/div>\n\n<p>&nbsp;<\/p>\n<hr \/>\n<p>&nbsp;<\/p>\n<p>&nbsp;<\/p>\n<blockquote>\n<h3><a class=\"dt-pswp-item\" href=\"https:\/\/www.radiopiu.net\/wordpress\/wp-content\/uploads\/2022\/12\/Congresso-Lega-Belluno.jpeg\" data-dt-img-description=\"\" data-large_image_width=\"2048\" data-large_image_height=\"1536\"><img loading=\"lazy\" decoding=\"async\" class=\" wp-image-310183 alignleft\" src=\"https:\/\/www.radiopiu.net\/wordpress\/wp-content\/uploads\/2022\/12\/Congresso-Lega-Belluno-300x225.jpeg\" alt=\"\" width=\"197\" height=\"148\" srcset=\"https:\/\/www.radiopiu.net\/wordpress\/wp-content\/uploads\/2022\/12\/Congresso-Lega-Belluno-300x225.jpeg 300w, https:\/\/www.radiopiu.net\/wordpress\/wp-content\/uploads\/2022\/12\/Congresso-Lega-Belluno-1024x768.jpeg 1024w, https:\/\/www.radiopiu.net\/wordpress\/wp-content\/uploads\/2022\/12\/Congresso-Lega-Belluno-768x576.jpeg 768w, https:\/\/www.radiopiu.net\/wordpress\/wp-content\/uploads\/2022\/12\/Congresso-Lega-Belluno-1536x1152.jpeg 1536w, https:\/\/www.radiopiu.net\/wordpress\/wp-content\/uploads\/2022\/12\/Congresso-Lega-Belluno.jpeg 2048w\" sizes=\"auto, (max-width: 197px) 100vw, 197px\" \/><\/a>CONGRESSO DELLA LEGA SEZIONE DI BELLUNO. PAOLO LUCIANI CONFERMATO SEGRETARIO<\/h3>\n<\/blockquote>\n<p><strong>BELLUNO<\/strong> Paolo Luciani confermato alla guida della sezione Lega di Belluno. Nel congresso tenutosi in sede luned\u00ec sera i militanti hanno votato all\u2019unanimit\u00e0 per la continuit\u00e0, rimettendo il ruolo di segretario di sezione in mano a Luciani. Nella stessa serata \u00e8 stato eletto anche il nuovo direttivo, composto da sei persone di cui tre new entry.<\/p>\n<p><strong>IL SEGRETARIO DELLA LEGA BELLUNO PAOLO LUCIANI<\/strong><\/p>\n<audio class=\"wp-audio-shortcode\" id=\"audio-310135-7\" preload=\"none\" style=\"width: 100%;\" controls=\"controls\"><source type=\"audio\/mpeg\" src=\"https:\/\/www.radiopiu.net\/wordpress\/wp-content\/uploads\/2022\/12\/Luciani-su-congresso-sezione-Belluno.mp3?_=7\" \/><a href=\"https:\/\/www.radiopiu.net\/wordpress\/wp-content\/uploads\/2022\/12\/Luciani-su-congresso-sezione-Belluno.mp3\">https:\/\/www.radiopiu.net\/wordpress\/wp-content\/uploads\/2022\/12\/Luciani-su-congresso-sezione-Belluno.mp3<\/a><\/audio>\n<p>&nbsp;<\/p>\n<p>&nbsp;<\/p>\n<hr \/>\n<p>&nbsp;<\/p>\n<blockquote>\n<h3>RINUNCIA DEGLI AGGIUDICATARI DELLA GESTIONE DI PALAZZO GAZZI, IL COMUNE: \u201cSCELTA INCOMPRENSIBILE<\/h3>\n<\/blockquote>\n<p><strong><a class=\"dt-pswp-item\" href=\"https:\/\/www.radiopiu.net\/wordpress\/wp-content\/uploads\/2022\/12\/Palazzo-Gazzi.jpg\" data-dt-img-description=\"\" data-large_image_width=\"1599\" data-large_image_height=\"1154\"><img loading=\"lazy\" decoding=\"async\" class=\" wp-image-310178 alignleft\" src=\"https:\/\/www.radiopiu.net\/wordpress\/wp-content\/uploads\/2022\/12\/Palazzo-Gazzi-300x217.jpg\" alt=\"\" width=\"181\" height=\"131\" srcset=\"https:\/\/www.radiopiu.net\/wordpress\/wp-content\/uploads\/2022\/12\/Palazzo-Gazzi-300x217.jpg 300w, https:\/\/www.radiopiu.net\/wordpress\/wp-content\/uploads\/2022\/12\/Palazzo-Gazzi-1024x739.jpg 1024w, https:\/\/www.radiopiu.net\/wordpress\/wp-content\/uploads\/2022\/12\/Palazzo-Gazzi-768x554.jpg 768w, https:\/\/www.radiopiu.net\/wordpress\/wp-content\/uploads\/2022\/12\/Palazzo-Gazzi-1536x1109.jpg 1536w, https:\/\/www.radiopiu.net\/wordpress\/wp-content\/uploads\/2022\/12\/Palazzo-Gazzi.jpg 1599w\" sizes=\"auto, (max-width: 181px) 100vw, 181px\" \/><\/a>FELTRE <\/strong>L\u2019Amministrazione comunale di Feltre interviene con una nota sulla vicenda della ventilata rinuncia da parte della societ\u00e0 aggiudicataria della nuova gestione di Palazzo Gazzi, in Piazza Maggiore. \u201cSiamo stupefatti di quanti apparso sulla stampa locale in ordine all\u2019annunciata rinuncia da parte della societ\u00e0 aggiudicataria della nuova gestione di Palazzo Gazzi e lo siamo per diversi motivi. Anzitutto per il modo con cui \u00e8 avvenuta la comunicazione, ovvero attraverso gli organi di informazione locali, ancor prima che attraverso i canali \u201cordinari\u201d, come si converrebbe in rapporti istituzionali e anche economicamente rilevanti di questo tipo. Lo siamo per\u00f2 ancora di pi\u00f9 per il contenuto delle dichiarazioni rilasciate dagli aggiudicatari. Non si capisce infatti quali siano le \u201csorprese\u201d emerse in prossimit\u00e0 della firma del contratto preliminare, tali da far decadere l\u2019impegno assunto. Va rimarcato che la societ\u00e0 si \u00e8 aggiudicata infatti un bando di gara pubblico in cui erano ben evidenziate tutte le specifiche del caso e a fronte del quale l\u2019Amministrazione ha provveduto, tra l\u2019altro, ad ulteriori 40 mila euro di investimenti. I lavori su Palazzo Gazzi termineranno entro la fine dell\u2019anno e la struttura \u00e8 gestibile quindi gi\u00e0 dalla prossima primavera-estate; \u00e8 del tutto evidente che la rinuncia annunciata da parte degli aggiudicatari profila anche un danno economico non irrilevante per il bilancio comunale\u201d.<\/p>\n<p>&nbsp;<\/p>\n<hr \/>\n<p>&nbsp;<\/p>\n<blockquote>\n<h3>\u00a0Bim Gsp e CFS di Belluno in partnership<\/h3>\n<\/blockquote>\n<p><strong>BELLUNO<\/strong>\u00a0Educare i giovani al lavoro e costruire figure specializzate partendo gi\u00e0 dai banchi di scuola. E\u2019 il cuore dell\u2019accordo sottoscritto nei giorni scorsi da Bim Gsp, gestore del servizio idrico nel bellunese, e il Centro per la Formazione e la Sicurezza di Belluno. L\u2019accordo, in particolare, prevede l\u2019avvio di una collaborazione affinch\u00e9, in provincia di Belluno, vengano formate figure tecniche da reimpiegare, in futuro, nel servizio idrico bellunese.<\/p>\n<p>&nbsp;<\/p>\n<hr \/>\n<p>&nbsp;<\/p>\n<blockquote>\n<h3>AL VIA DOMANI IL NATALE FELTRINO CON I CORI DEI RAGAZZI PER LE VIE DELLA CITT\u00c0<\/h3>\n<\/blockquote>\n<p><strong><a class=\"dt-pswp-item\" href=\"https:\/\/www.radiopiu.net\/wordpress\/wp-content\/uploads\/2020\/06\/94e3b68b-d386-4f94-8aa8-30105c25932b.jpg\" data-dt-img-description=\"\" data-large_image_width=\"960\" data-large_image_height=\"720\"><img loading=\"lazy\" decoding=\"async\" class=\" wp-image-145789 alignleft\" src=\"https:\/\/www.radiopiu.net\/wordpress\/wp-content\/uploads\/2020\/06\/94e3b68b-d386-4f94-8aa8-30105c25932b-300x225.jpg\" alt=\"\" width=\"168\" height=\"126\" srcset=\"https:\/\/www.radiopiu.net\/wordpress\/wp-content\/uploads\/2020\/06\/94e3b68b-d386-4f94-8aa8-30105c25932b-300x225.jpg 300w, https:\/\/www.radiopiu.net\/wordpress\/wp-content\/uploads\/2020\/06\/94e3b68b-d386-4f94-8aa8-30105c25932b-768x576.jpg 768w, https:\/\/www.radiopiu.net\/wordpress\/wp-content\/uploads\/2020\/06\/94e3b68b-d386-4f94-8aa8-30105c25932b.jpg 960w\" sizes=\"auto, (max-width: 168px) 100vw, 168px\" \/><\/a>FELTRE <\/strong>Prende il via ufficialmente oggi, il Natale feltrino. Protagonisti saranno i cori che allieteranno le vie della citt\u00e0 nel pomeriggio. A intonare i canti della tradizione natalizia saranno i ragazzi della scuola primaria di Nemeggio e della scuola annessa a CISEIA, quelli della primaria \u201cVittorino da Feltre\u201d, il coro Musicaliceo del liceo \u201cDal Piaz\u201d e gli studenti dell\u2019indirizzo musicale della scuola media \u201cRocca\u201d. Domani, poi, triplice appuntamento: al mattino con la Corsa di Babbo Natale che, con partenza e arrivo alla Birreria di Pedavena, transiter\u00e0 con il suo percorso \u201clungo\u201d attraverso la citt\u00e0; il centro storico sar\u00e0 anche teatro del primo dei tre appuntamenti di dicembre (gli altri sono previsti nelle domeniche dell\u201911 e del 18) con la Fiera dell\u2019Oggetto Ritrovato. Alle 17.30, infine, in piazza Maggiore \u00e8 in programma l\u2019accensione simbolica dell\u2019Albero di Natale. Per poter vivere al meglio ed in piena sicurezza tutti gli eventi del palinsesto natalizio, il Comando di Polizia Locale ha messo a punto, di concerto con l\u2019Amministrazione, alcune modifiche alla viabilit\u00e0 cittadina, che riguardano le giornate del 7,8,10,11,17,18,23 e 24 dicembre.<\/p>\n<p>&nbsp;<\/p>\n<p>&nbsp;<\/p>\n<hr \/>\n<p>&nbsp;<\/p>\n<blockquote><p><strong>FINANZA E IMPRESE \u2013 INCONTRO A PALAZZO BEMBO CON LUISS BUSINESS SCHOOL E CONFINDUSTRIA BELLUNO DOLOMITI<\/strong><\/p>\n<p>&nbsp;<\/p>\n<p><strong>BELLUNO<\/strong> Crescere e creare valore, superando le tante emergenze del periodo: questo l\u2019obiettivo dell\u2019incontro che si terr\u00e0\u00a0 oggi alle 10, nella sede dell\u2019hub veneto delle Dolomiti di Luiss Business School, a palazzo Bembo in via Loreto 34.\u00a0 A intervenire saranno Raffaele Oriani, Dean Luiss Business School, e Gianmarco Russo, direttore generale Veneto Sviluppo Spa, con le testimonianze d\u2019eccezione di Mirco Maschio presidente di Maschio Gaspardo e Pierluca Corno, presidente e socio Liking\/Candy Factory.<\/p><\/blockquote>\n<p>&nbsp;<\/p>\n<hr \/>\n<p>&nbsp;<\/p>\n<blockquote><p><span style=\"font-size: large;\"><b>La 62. MIG conferma che la seconda lingua del gelato \u00e8 il tedesco<\/b><\/span><\/p>\n<p><span style=\"font-size: medium;\"><i><b>Germania e Austria protagoniste alla Mostra Internazionale del Gelato a Longarone<\/b><\/i><\/span><\/p>\n<p align=\"JUSTIFY\"><a class=\"dt-pswp-item\" href=\"https:\/\/www.radiopiu.net\/wordpress\/wp-content\/uploads\/2022\/12\/Asemblea-Uniteis.jpg\" data-dt-img-description=\"\" data-large_image_width=\"2500\" data-large_image_height=\"1407\"><img loading=\"lazy\" decoding=\"async\" class=\"size-medium wp-image-310219 alignleft\" src=\"https:\/\/www.radiopiu.net\/wordpress\/wp-content\/uploads\/2022\/12\/Asemblea-Uniteis-300x169.jpg\" alt=\"\" width=\"300\" height=\"169\" srcset=\"https:\/\/www.radiopiu.net\/wordpress\/wp-content\/uploads\/2022\/12\/Asemblea-Uniteis-300x169.jpg 300w, https:\/\/www.radiopiu.net\/wordpress\/wp-content\/uploads\/2022\/12\/Asemblea-Uniteis-1024x576.jpg 1024w, https:\/\/www.radiopiu.net\/wordpress\/wp-content\/uploads\/2022\/12\/Asemblea-Uniteis-768x432.jpg 768w, https:\/\/www.radiopiu.net\/wordpress\/wp-content\/uploads\/2022\/12\/Asemblea-Uniteis-1536x864.jpg 1536w, https:\/\/www.radiopiu.net\/wordpress\/wp-content\/uploads\/2022\/12\/Asemblea-Uniteis-2048x1153.jpg 2048w\" sizes=\"auto, (max-width: 300px) 100vw, 300px\" \/><\/a><strong>LONGARONE<\/strong> A questa 62a edizione della Mig hanno confermato la loro presenza importante gli operatori del settore provenienti da Germania e Austria, che insieme rappresentano oltre il 75% dei visitatori stranieri. Significativa la partecipazione delle Associazioni quali Uniteis e.V., l\u2019Unione dei gelatieri italiani in Germania, e AGIA, l\u2019Associazione dei gelatieri italiani in Austria.<\/p>\n<p align=\"JUSTIFY\">Soddisfatto sicuramente il presidente di Uniteis, <b>Stefano Bortolot<\/b>: <em>\u201cLa Mig \u00e8 andata bene. Abbiamo avuto delle sensazioni positive, in linea con una stagione altrettanto positiva che in parte ha contribuito al successo di questa edizione. Bisogna dare atto anche al lavoro fatto per prepararla che sicuramente ha dato i suoi frutti. A noi fa particolarmente piacere, perch\u00e9 questa \u00e8 la nostra Fiera, essendo Uniteis anche Socio di Longarone Fiere Dolomiti. La soddisfazione quindi \u00e8 doppia, anche per aver contribuito in maniera importante nel trasferimento della sede di Artglace a Longarone. Mi viene da dire che il Gelato \u00e8 tornato a casa\u201d.<\/em><\/p>\n<\/blockquote>\n<p>&nbsp;<\/p>\n<p>&nbsp;<\/p>\n<hr \/>\n<p>&nbsp;<\/p>\n<blockquote>\n<h3>SABATO L&#8217;INCONTRO CON I NEO DICIOTTENNI A CANALE<\/h3>\n<\/blockquote>\n<p><strong><a class=\"dt-pswp-item\" href=\"https:\/\/www.radiopiu.net\/wordpress\/wp-content\/uploads\/2022\/12\/Senza-nome-33.jpg\" data-dt-img-description=\"\" data-large_image_width=\"474\" data-large_image_height=\"247\"><img loading=\"lazy\" decoding=\"async\" class=\"size-medium wp-image-310112 alignleft\" src=\"https:\/\/www.radiopiu.net\/wordpress\/wp-content\/uploads\/2022\/12\/Senza-nome-33-300x156.jpg\" alt=\"\" width=\"300\" height=\"156\" srcset=\"https:\/\/www.radiopiu.net\/wordpress\/wp-content\/uploads\/2022\/12\/Senza-nome-33-300x156.jpg 300w, https:\/\/www.radiopiu.net\/wordpress\/wp-content\/uploads\/2022\/12\/Senza-nome-33.jpg 474w\" sizes=\"auto, (max-width: 300px) 100vw, 300px\" \/><\/a>CANALE D&#8217;AGORDO<\/strong> I sindaci di Canale D&#8217;Agordo e Vallada incontreranno i giovani che hanno appena compiuto i 18 anni nella sala Lina Zand\u00f2 di Canale d&#8217;Agordo. L&#8217;appuntamento \u00e8 per sabato alle 16:30. Interverr\u00e0 anche il presidio LIBERA dell&#8217;Agordino, l&#8217;associazione contro le mafie presieduta da Don Luigi Ciotti che proporr\u00e0 ai giovani una riflessione <a class=\"dt-pswp-item\" href=\"https:\/\/www.radiopiu.net\/wordpress\/wp-content\/uploads\/2022\/12\/foto-Marilisa.jpg\" data-dt-img-description=\"\" data-large_image_width=\"227\" data-large_image_height=\"280\"><img loading=\"lazy\" decoding=\"async\" class=\" wp-image-310161 alignright\" src=\"https:\/\/www.radiopiu.net\/wordpress\/wp-content\/uploads\/2022\/12\/foto-Marilisa.jpg\" alt=\"\" width=\"98\" height=\"121\" \/><\/a>sull&#8217;uso di un linguaggio rispettoso delle persone, e l&#8217;associazione Donatori del sangue di Canale-Vallada.<\/p>\n<p><strong>L&#8217;ASSESSORE MARILISA LUCHETTA<\/strong><\/p>\n<audio class=\"wp-audio-shortcode\" id=\"audio-310135-8\" preload=\"none\" style=\"width: 100%;\" controls=\"controls\"><source type=\"audio\/mpeg\" src=\"https:\/\/www.radiopiu.net\/wordpress\/wp-content\/uploads\/2022\/12\/MARILISA.mp3?_=8\" \/><a href=\"https:\/\/www.radiopiu.net\/wordpress\/wp-content\/uploads\/2022\/12\/MARILISA.mp3\">https:\/\/www.radiopiu.net\/wordpress\/wp-content\/uploads\/2022\/12\/MARILISA.mp3<\/a><\/audio>\n<p>&nbsp;<\/p>\n<hr \/>\n<p>&nbsp;<\/p>\n<blockquote>\n<h3>SERVIZIO POSTALE IN CADORE, MANCANO I PORTALETTERE<\/h3>\n<\/blockquote>\n<p><strong>CADORE\u00a0<\/strong> Poste italiane ha lanciato una campagna di reclutamento di personale da inserire nel proprio organico di Cadore, Cortina e Comelico, nessun titolo di studio specifico. Gli interessati dovranno avanzare la propria candidatura. Lo stipendio: tra i 1200 ed i 1300 euro mensili.<\/p>\n<p>&nbsp;<\/p>\n<hr \/>\n<p>&nbsp;<\/p>\n<blockquote>\n<h3>NOMI LOCALI DEL COMUNE DI FALCADE<\/h3>\n<\/blockquote>\n<p><strong>FALCADE<\/strong>\u00a0 Venerdi alle 17 nella sala consigliare del Comune presentazione del libro &#8220;Nomi locali del Comune di Falcade, con mappa dei toponimi, localit\u00e0 e sentieri&#8221;. Introduzione a cura di Bepi Pellegrinon, accademico del Cai, scrittore, alpinista e storico dell&#8217;alpinismo. A cura della Stazione del Soccorso Alpino della Valle del Biois.<\/p>\n<p>&nbsp;<\/p>\n<hr \/>\n<p>&nbsp;<\/p>\n<blockquote>\n<h3>IL NATALE A LA VALLE, CALENDARIO DI EVENTI DA SAN NICOLO&#8217; ALLA BEFANA<\/h3>\n<\/blockquote>\n<p><strong><a class=\"dt-pswp-item\" href=\"https:\/\/www.radiopiu.net\/wordpress\/wp-content\/uploads\/2022\/12\/5e9aedad-b893-44ff-9579-9f18cabba57b.jpg\" data-dt-img-description=\"\" data-large_image_width=\"1448\" data-large_image_height=\"2048\"><img loading=\"lazy\" decoding=\"async\" class=\"wp-image-310224 alignleft\" src=\"https:\/\/www.radiopiu.net\/wordpress\/wp-content\/uploads\/2022\/12\/5e9aedad-b893-44ff-9579-9f18cabba57b-212x300.jpg\" alt=\"\" width=\"158\" height=\"224\" srcset=\"https:\/\/www.radiopiu.net\/wordpress\/wp-content\/uploads\/2022\/12\/5e9aedad-b893-44ff-9579-9f18cabba57b-212x300.jpg 212w, https:\/\/www.radiopiu.net\/wordpress\/wp-content\/uploads\/2022\/12\/5e9aedad-b893-44ff-9579-9f18cabba57b-724x1024.jpg 724w, https:\/\/www.radiopiu.net\/wordpress\/wp-content\/uploads\/2022\/12\/5e9aedad-b893-44ff-9579-9f18cabba57b-768x1086.jpg 768w, https:\/\/www.radiopiu.net\/wordpress\/wp-content\/uploads\/2022\/12\/5e9aedad-b893-44ff-9579-9f18cabba57b-1086x1536.jpg 1086w, https:\/\/www.radiopiu.net\/wordpress\/wp-content\/uploads\/2022\/12\/5e9aedad-b893-44ff-9579-9f18cabba57b.jpg 1448w\" sizes=\"auto, (max-width: 158px) 100vw, 158px\" \/><\/a>LA VALLE AGORDINA<\/strong> Con il passaggio di San Nicolo&#8217; \u00e8 entrato il Natale lavallese per iniziativa della Proloco del paese. Domenica 11 dicembre \u00e8 in programma El Merc\u00e0 de L&#8217;invern, gemellato con Riva Nadal (in programma a Rivamonte il 18 dicembre) e prevede dalle 10 il mercatino dei prodotti\u00a0 tipici selezionati nella piazza della chiesa fino alle 19. Alle 15.30 la lettura per bambini sotto l&#8217;albero con le ragazze della libreria Quatrocchi, di seguito i canti di Natale con i bambini dell&#8217;asilo e l&#8217;accensione dell&#8217;albero. Funzioner\u00e0 un punto di ristoro per tutto il giorno. Dal 21 dicembre &#8220;inte per anter&#8221; i presepi tra le burele di La Valle, sar\u00e0 distribuita la mappa dei partecipanti anche per agevolare le votazioni. Venerdi 23 Doi note per le Vile con la Schola Cantorum e dalle 20 serata di musica itinerante tra Cugnach, Fades e Lantrago. Sabato 24 dicembre gli auguri sotto l&#8217;albero e la messa di mezzanotte. Infine giovedi 5 gennaio l&#8217;arrivo della befana e delle donaze con la premiazione del concorso inter per anter.<\/p>\n<p>&nbsp;<\/p>\n<p>&nbsp;<\/p>\n<p>&nbsp;<\/p>\n<hr \/>\n<p>&nbsp;<\/p>\n<blockquote>\n<h2>L&#8217;ALBERO DEI BUONI AUSPICI<\/h2>\n<p><a class=\"dt-pswp-item\" href=\"https:\/\/www.radiopiu.net\/wordpress\/wp-content\/uploads\/2022\/12\/lalbero-dei-buoni-auspici-2.jpg\" data-dt-img-description=\"\" data-large_image_width=\"1414\" data-large_image_height=\"2000\"><img loading=\"lazy\" decoding=\"async\" class=\"size-medium wp-image-310043 aligncenter\" src=\"https:\/\/www.radiopiu.net\/wordpress\/wp-content\/uploads\/2022\/12\/lalbero-dei-buoni-auspici-2-212x300.jpg\" alt=\"\" width=\"212\" height=\"300\" srcset=\"https:\/\/www.radiopiu.net\/wordpress\/wp-content\/uploads\/2022\/12\/lalbero-dei-buoni-auspici-2-212x300.jpg 212w, https:\/\/www.radiopiu.net\/wordpress\/wp-content\/uploads\/2022\/12\/lalbero-dei-buoni-auspici-2-724x1024.jpg 724w, https:\/\/www.radiopiu.net\/wordpress\/wp-content\/uploads\/2022\/12\/lalbero-dei-buoni-auspici-2-768x1086.jpg 768w, https:\/\/www.radiopiu.net\/wordpress\/wp-content\/uploads\/2022\/12\/lalbero-dei-buoni-auspici-2-1086x1536.jpg 1086w, https:\/\/www.radiopiu.net\/wordpress\/wp-content\/uploads\/2022\/12\/lalbero-dei-buoni-auspici-2.jpg 1414w\" sizes=\"auto, (max-width: 212px) 100vw, 212px\" \/><\/a><strong>CENCENIGHE<\/strong> Domenica 18 dicembre alle 16 accensione dell&#8217;albero di Natale con i bambini dell&#8217;asilo e della scuola primaria. Decoreranno l&#8217;albero che all&#8217;imbrunire si accender\u00e0 di mille luci.<\/p><\/blockquote>\n<p>&nbsp;<\/p>\n<hr \/>\n<p>&nbsp;<\/p>\n<blockquote>\n<h3>IL BANDO PER L&#8217;ASSEGNAZIONE DELLE BORSE DI STUDIO AD ALLEGHE<\/h3>\n<\/blockquote>\n<p><strong>ALLEGHE<\/strong> Il Comune di Alleghe ha pubblicato il bando per l\u2019assegnazione di borse di studio comunali agli studenti, residenti, frequentanti le scuole superiori, che hanno conseguito il diploma di maturit\u00e0 nel 2022 o laureatesi entro il mese di ottobre 2022. Il modulo di domanda si pu\u00f2 reperire all\u2019albo pretorio online nel sito del Comune di Alleghe o richiedere direttamente all\u2019Ufficio Servizi Demografici; le domande potranno essere inoltrate fino al 19 dicembre 2022<\/p>\n<p>&nbsp;<\/p>\n<p>&nbsp;<\/p>\n<hr \/>\n<p>&nbsp;<\/p>\n<blockquote>\n<h3><span dir=\"ltr\" role=\"presentation\">AIUTI FINALIZZATI<\/span> <span dir=\"ltr\" role=\"presentation\">ALL&#8217;ACQUISTO<\/span> <span dir=\"ltr\" role=\"presentation\">DI <\/span><span dir=\"ltr\" role=\"presentation\">GENERI ALIMENTARI O PRODOTTI DI PRIMA<\/span> <span dir=\"ltr\" role=\"presentation\">NECESSIT\u00c0<\/span><\/h3>\n<\/blockquote>\n<p><strong>ALLEGHE<\/strong> Le<span dir=\"ltr\" role=\"presentation\"> persone e le famiglie residenti nel Comune che<\/span><span dir=\"ltr\" role=\"presentation\">, a causa degli effetti economici <\/span><span dir=\"ltr\" role=\"presentation\">derivanti dall\u2019emergenza epidemiologica<\/span> <span dir=\"ltr\" role=\"presentation\">dovuta alla diffusione del virus Covid<\/span><span dir=\"ltr\" role=\"presentation\">&#8211;<\/span><span dir=\"ltr\" role=\"presentation\">19,<\/span> <span dir=\"ltr\" role=\"presentation\">si trovino in uno <\/span><span dir=\"ltr\" role=\"presentation\">stato di bisogno per soddisfare le necessit\u00e0 pi\u00f9 urgenti ed essenziali<\/span><span dir=\"ltr\" role=\"presentation\">, <\/span><span dir=\"ltr\" role=\"presentation\">possono<\/span> <span dir=\"ltr\" role=\"presentation\">chiedere che vengano loro riconosciuti i buoni spesa per l&#8217;acquisto di generi alimentari o prodotti di prima necessit\u00e0. L<\/span><span dir=\"ltr\" role=\"presentation\">\u2019entit\u00e0 dell\u2019importo verr\u00e0 definito con successivo <\/span><span dir=\"ltr\" role=\"presentation\">provvedimento, partendo da un<\/span> <span dir=\"ltr\" role=\"presentation\">importo minimo di 50euro<\/span><span dir=\"ltr\" role=\"presentation\">, sulla base del numero dei <\/span><span dir=\"ltr\" role=\"presentation\">componenti il nucleo familiare e in consi<\/span><span dir=\"ltr\" role=\"presentation\">derazione delle necessit\u00e0 dichiarate dal richiedente. <\/span><span dir=\"ltr\" role=\"presentation\">Le richieste, <\/span><span dir=\"ltr\" role=\"presentation\">redatte sull\u2019apposito modulo dovranno <\/span><span dir=\"ltr\" role=\"presentation\">p<\/span><span dir=\"ltr\" role=\"presentation\">ervenire<\/span> <span dir=\"ltr\" role=\"presentation\">al<\/span> <span dir=\"ltr\" role=\"presentation\">Comune<\/span> <span dir=\"ltr\" role=\"presentation\">di<\/span> <span dir=\"ltr\" role=\"presentation\">Alleghe<\/span> <span dir=\"ltr\" role=\"presentation\">mediante<\/span> <span dir=\"ltr\" role=\"presentation\">invio<\/span> <span dir=\"ltr\" role=\"presentation\">di<\/span> <span dir=\"ltr\" role=\"presentation\">posta<\/span> <span dir=\"ltr\" role=\"presentation\">elettronica, s<\/span><span dir=\"ltr\" role=\"presentation\">olo via residuale<\/span> <span dir=\"ltr\" role=\"presentation\">la domanda potr\u00e0 essere presentata telefonicamente allo<\/span>\u00a0<span dir=\"ltr\" role=\"presentation\">0437 <\/span><span dir=\"ltr\" role=\"presentation\">523300<\/span> <span dir=\"ltr\" role=\"presentation\">dal luned\u00ec al venerd\u00ec<\/span> <span dir=\"ltr\" role=\"presentation\">dalle 8 alle 10<\/span><span dir=\"ltr\" role=\"presentation\">. <\/span><span dir=\"ltr\" role=\"presentation\">Il modulo \u00e8 scaricabile dal sito internet<\/span> <span dir=\"ltr\" role=\"presentation\">www.comune.alleghe.bl.it<\/span><span dir=\"ltr\" role=\"presentation\">, oppure ritirabile presso gli esercizi <\/span><span dir=\"ltr\" role=\"presentation\">comunali dei generi alimentari del territorio.<\/span><\/p>\n<p>&nbsp;<\/p>\n<p>&nbsp;<\/p>\n<hr \/>\n<p>&nbsp;<\/p>\n<blockquote>\n<h3>OTHELLO TANGO, VENERDI 9 DICEMBRE AL TEATRO COMUNALE DI BELLUNO<\/h3>\n<\/blockquote>\n<div><\/div>\n<blockquote>\n<div><a class=\"dt-pswp-item\" href=\"https:\/\/www.radiopiu.net\/wordpress\/wp-content\/uploads\/2022\/11\/Senza-nome-114.jpg\" data-dt-img-description=\"\" data-large_image_width=\"524\" data-large_image_height=\"278\"><img loading=\"lazy\" decoding=\"async\" class=\" wp-image-308653 alignleft\" src=\"https:\/\/www.radiopiu.net\/wordpress\/wp-content\/uploads\/2022\/11\/Senza-nome-114-300x159.jpg\" alt=\"\" width=\"285\" height=\"151\" srcset=\"https:\/\/www.radiopiu.net\/wordpress\/wp-content\/uploads\/2022\/11\/Senza-nome-114-300x159.jpg 300w, https:\/\/www.radiopiu.net\/wordpress\/wp-content\/uploads\/2022\/11\/Senza-nome-114.jpg 524w\" sizes=\"auto, (max-width: 285px) 100vw, 285px\" \/><\/a><br role=\"presentation\" \/><em><span dir=\"ltr\" role=\"presentation\">\u201c<\/span><span dir=\"ltr\" role=\"presentation\">Guardatevi dalla gelosia, mio signore! \u00c8 un mostro dagli occhi verdi che si<\/span><\/em><br role=\"presentation\" \/><em><span dir=\"ltr\" role=\"presentation\">diletta col cibo di cui si nutre<\/span><span dir=\"ltr\" role=\"presentation\">.\u201d W. Shakespeare \/ Othello<\/span><\/em><\/div>\n<\/blockquote>\n<div class=\"textLayer\"><strong><span dir=\"ltr\" role=\"presentation\">RASSEGNA DI DANZA, <\/span><\/strong><span dir=\"ltr\" role=\"presentation\">Venerd\u00ec 9 dicembre\u00a0 alle\u00a0 21 al Teatro Comunale di Belluno. <\/span><span dir=\"ltr\" role=\"presentation\">Dopo il successo strepitoso di Romeo y Julieta Tango la compagnia Naturalis Labor torna ad <\/span><span dir=\"ltr\" role=\"presentation\">esplorare attraverso il linguaggio della danza e del tango Shakespeare in uno <\/span><span dir=\"ltr\" role=\"presentation\">dei suoi testi pi\u00f9 conosciuti l\u2019Othello, con un cast di dodici danzatori. <\/span><span dir=\"ltr\" role=\"presentation\">Il tango rappresenta nell\u2019immaginario collettivo la passione, la sensualit\u00e0. <\/span><span dir=\"ltr\" role=\"presentation\">Qui il coreografo Luciano Padovani con un linguaggio sempre in bilico tra il <\/span><span dir=\"ltr\" role=\"presentation\">tango<\/span> <span dir=\"ltr\" role=\"presentation\">e<\/span> <span dir=\"ltr\" role=\"presentation\">la danza ci racconta una storia di amore e di morte. Un lavoro <\/span><span dir=\"ltr\" role=\"presentation\">attento con un cast di dodici poliedrici danzatori\/tangueros con le scene di <\/span><span dir=\"ltr\" role=\"presentation\">Mauro Zocchetta e Gloria Gandini, i costumi di<\/span> <span dir=\"ltr\" role=\"presentation\">Chiara Defant e le luci di <\/span><span dir=\"ltr\" role=\"presentation\">Thomas Heuger.<\/span><\/div>\n<div><\/div>\n<div>\n<p><iframe loading=\"lazy\" title=\"Othello Tango, in scena passione e gelosia.\" width=\"1200\" height=\"675\" src=\"https:\/\/www.youtube.com\/embed\/sgUa08f_opM?feature=oembed\" frameborder=\"0\" allow=\"accelerometer; autoplay; clipboard-write; encrypted-media; gyroscope; picture-in-picture\" allowfullscreen><\/iframe><\/p>\n<\/div>\n<p><strong><span dir=\"ltr\" role=\"presentation\">BIGLIETTERIA FISICA<\/span><span dir=\"ltr\" role=\"presentation\">: <\/span><\/strong><span dir=\"ltr\" role=\"presentation\">\u2013 MUSEO CIVICO DI BELLUNO \u2013 PALAZZO FULCIS <\/span><span dir=\"ltr\" role=\"presentation\">Via Roma, 28 \u2013 32100 Belluno (BL): 0437 913323 <\/span><strong><span dir=\"ltr\" role=\"presentation\">BIGLIETTERIA ONLINE<\/span><\/strong> <span dir=\"ltr\" role=\"presentation\">su www.midaticket.it o www.vivaticket.com <\/span><span dir=\"ltr\" style=\"color: #ff0000;\" role=\"presentation\">ABBONAMENTO<\/span> <span dir=\"ltr\" role=\"presentation\">platea e galleria centrale <\/span><span dir=\"ltr\" role=\"presentation\">&#8211; Intero \u20ac 76 <\/span><span dir=\"ltr\" role=\"presentation\">\u00a0Ridotto (Over 60 \u2013 Under 30) \u20ac 56<\/span><br role=\"presentation\" \/><span dir=\"ltr\" role=\"presentation\"><span style=\"color: #ff0000;\">BIGLIETTI<\/span> <\/span><span dir=\"ltr\" role=\"presentation\">&#8211;<\/span><span dir=\"ltr\" role=\"presentation\">INTERO <\/span><span dir=\"ltr\" role=\"presentation\">Platea e galleria centrale \u20ac 32 <\/span><span dir=\"ltr\" role=\"presentation\">Galleria laterale \u20ac 27 <\/span><span dir=\"ltr\" role=\"presentation\">Loggione centrale \u20ac 18 <\/span><span dir=\"ltr\" role=\"presentation\">Per le<\/span> <span dir=\"ltr\" role=\"presentation\">PROMOZIONI DEDICATE<\/span> <span dir=\"ltr\" role=\"presentation\">a riferirsi alla biglietteria presso il<\/span> <span dir=\"ltr\" role=\"presentation\">Museo Civico <\/span>di Belluno &#8211; Tel al 0437 913323 \u2013 SCUOLE DI DANZA \u2013 FAMIGLIA (2 adulti + 2 under 18) \u2013 RIDUZIONI EXTRA \u2013 CARTA DOCENTI<\/p>\n<p>&nbsp;<\/p>\n<hr \/>\n<p>&nbsp;<\/p>\n<blockquote>\n<h3>IL GIRO PIZZA PER PONTE SERRA<\/h3>\n<\/blockquote>\n<p><strong>LAMON <\/strong>Oggi\u00a0 presso i tendoni riscaldati di via ferd, a Lamon dalle 19 serata benefica interamente a favore dell&#8217;Osteria Ponte Serra che ha recentemente subito un grave incendio. La serata vedr\u00e0 la partecipazione dei pizzaioli della &#8220;Pizzeria La Noghera&#8221;, e nel dopo cena ci sar\u00e0 della musica con dj. Organizza Comune e Proloco di Lamon.<\/p>\n<p>&nbsp;<\/p>\n<hr \/>\n<p>&nbsp;<\/p>\n<blockquote>\n<h3>LE STELLE DI NATALE DELL&#8217;AIL AL CENTRO COMMERCIALE CORTE AGORDINA DI AGORDO<\/h3>\n<\/blockquote>\n<p><strong>AGORDO<\/strong> \u00c8 in programma nei giorni 8-9-10-11 Dicembre all\u2019interno della Corte Agordina di Agordo, la vendita delle Stelle di Natale per AIL &#8211; Associazione Italiana, Contro le Leucemie &#8211; Lonfomi e Mielomi.<\/p>\n<p>&nbsp;<\/p>\n<p>&nbsp;<\/p>\n<hr \/>\n<p>&nbsp;<\/p>\n<blockquote>\n<h3>I VOLONTARI EMERGENCY NELLE PIAZZE DI BELLUNO E FELTRE<\/h3>\n<\/blockquote>\n<p><strong>BELLUNO<\/strong> Da domani a domenica EMERGENCY sar\u00e0 con i suoi volontari nelle piazze di Belluno e Feltre dalle 9 alle 17 con il \u201cPanettone fatto per Bene\u201d. Un modo per sostenere le attivit\u00e0 umanitarie dell\u2019organizzazione in Italia e nel mondo, dando il proprio contributo per garantire il diritto a cure gratuite e uguali per tutti.<\/p>\n<p>&nbsp;<\/p>\n<hr \/>\n<p>&nbsp;<\/p>\n<blockquote>\n<h3><strong>L&#8217;ASSEMBLEA DEL GRUPPO ALPINI DI FRASSENE&#8217;<\/strong><\/h3>\n<h3><strong>E&#8217; in programma per domenica, ritrovo 9.30, seguir\u00e0 la messa e l&#8217;assemblea nella sede con la relazione del capogruppo e del segretario. Apertura tesseramento 2023. Alle 13 il pranzo al ristorante Stella Alpina. Info 348 2602896<\/strong><\/h3>\n<\/blockquote>\n<p>&nbsp;<\/p>\n<p>&nbsp;<\/p>\n<hr \/>\n<p>&nbsp;<\/p>\n<p>&nbsp;<\/p>\n<blockquote>\n<h3>MERCATINO DI NATALE CON IL GRUPPO MISSIONARIO PARROCCHIALE<\/h3>\n<\/blockquote>\n<p><strong>TRICHIANA<\/strong> Il Gruppo Missionario della Parrocchia Trichiana organizza presso il locale oratorio il mercatino di Natale. Sar\u00e0 aperto dal 10 al 14 dicembre con orario 9-12 \/ 14 &#8211; 18,30. Tanti volontari hanno realizzato oggetti artigianali che si potranno utilizzare per un regalo originale tramite una offerta libera che andr\u00e0 a fin di bene. Infatti il ricavato sar\u00e0 devoluto per aiutare i bambini ospiti della comunit\u00e0 di Padre Maria Susai, sacerdote\u00a0\u00a0nella zona di Kanyakumari, nel sud dello stato del Kerala in India. Il Padre \u00e8 coordinatore dell&#8217;associazione Vidivelli che significa stella mattutina. Questa associazione \u00a0promuove attivit\u00e0 di formazione e crescita attraverso un\u2019accoglienza solidale, innovativa, propositiva per bambini e adulti, in particolare le donne. Svolge un\u2019importante funzione di assistenza e di coesione sociale molto pi\u00f9 ampia del ruolo specifico che riveste. Il ricavato servir\u00e0 per aiutare i bambini poveri, e\u00a0in particolare gli orfani, ad ottenere l&#8217;istruzione primaria.<\/p>\n<p><a class=\"dt-pswp-item\" href=\"https:\/\/www.radiopiu.net\/wordpress\/wp-content\/uploads\/2022\/12\/image001.jpg\" data-dt-img-description=\"\" data-large_image_width=\"1400\" data-large_image_height=\"765\"><img loading=\"lazy\" decoding=\"async\" class=\"size-medium wp-image-310072 aligncenter\" src=\"https:\/\/www.radiopiu.net\/wordpress\/wp-content\/uploads\/2022\/12\/image001-300x164.jpg\" alt=\"\" width=\"300\" height=\"164\" srcset=\"https:\/\/www.radiopiu.net\/wordpress\/wp-content\/uploads\/2022\/12\/image001-300x164.jpg 300w, https:\/\/www.radiopiu.net\/wordpress\/wp-content\/uploads\/2022\/12\/image001-1024x560.jpg 1024w, https:\/\/www.radiopiu.net\/wordpress\/wp-content\/uploads\/2022\/12\/image001-768x420.jpg 768w, https:\/\/www.radiopiu.net\/wordpress\/wp-content\/uploads\/2022\/12\/image001.jpg 1400w\" sizes=\"auto, (max-width: 300px) 100vw, 300px\" \/><\/a><\/p>\n<p>&nbsp;<\/p>\n<p>&nbsp;<\/p>\n<hr \/>\n<p>&nbsp;<\/p>\n<blockquote>\n<h3>IL 10 DICEMBRE EUGENIO BIEN SI RACCONTA ALLA POPOLAZIONE<\/h3>\n<\/blockquote>\n<p><strong>AGORDO\u00a0<\/strong>Si intitola &#8220;Il fascino della montagna innevata&#8221; l&#8217;appuntamento in programma sabato 10 dicembre in sala Don Tamis ad Agordo. Ospite Eugenio Bien che si racconter\u00e0 al pubblico. L&#8217;evento \u00e8 organizzato dalla Biblioteca di Agordo e il Circolo Culturale Agordino. Inizio alle 17 con ingresso libero.<\/p>\n<p>&nbsp;<\/p>\n<hr \/>\n<p>&nbsp;<\/p>\n<blockquote>\n<h3>SPAZIO ALLA PACE<\/h3>\n<\/blockquote>\n<p><strong>BELLUNO\u00a0<\/strong> Sabato a Belluno, Casa dei Beni Comuni alle 12.30 e a Palazzo Bembo alla 18, incontro con Pasquale Pugliese. Alla casa il pranzo-incontro, a Palazzo Bembo la conferenza su Guerra in Ucraina e conflitti internazionali: principi e saperi della non violenza<\/p>\n<p>&nbsp;<\/p>\n<p>&nbsp;<\/p>\n<hr \/>\n<p>&nbsp;<\/p>\n<blockquote>\n<h3>CONCERTO DEL CORO MINIMO PER I 60 ANNI<\/h3>\n<\/blockquote>\n<p><b>BELLUNO\u00a0 <\/b>Domenica 18 dicembre alle 17.30 al Teatro Comunale concerto del Coro Minimo Bellunese &#8211; con ingresso libero &#8211; in occasione dei 60 anni della fondazione, sar\u00e0 presentata l&#8217;ottava incisione.<\/p>\n<p>&nbsp;<\/p>\n<hr \/>\n<p>&nbsp;<\/p>\n<blockquote>\n<h3>LA RANA DEL LAGO DI VEDANA<\/h3>\n<\/blockquote>\n<p><strong>SOSPIROLO<\/strong> Sabato 10 dicembre alle 10.30 al Centro civico di Sospirolo si terr\u00e0 la presentazione del libro per bambini \u201cLa favolosa storia della rana del lago di Vedana\u201d (Dbs edizioni): una favola scritta da Eugenia Caldart e illustrata da GianAntonio Cecchin. L\u2019appuntamento \u00e8 proposto dal Comune di Sospirolo, che patrocina l&#8217;iniziativa, con la collaborazione della Pro loco \u201cMonti del Sole\u201d.<\/p>\n<p>&nbsp;<\/p>\n<p>&nbsp;<\/p>\n<hr \/>\n<p>&nbsp;<\/p>\n<blockquote>\n<h3>&#8220;CAMPAGNA RECLUTAMENTO VOLONTARI&#8221;\u00a0, PARLANO LE ASSOCIAZIONI<\/h3>\n<\/blockquote>\n<h3><span style=\"color: #ff0000;\">Il nuovo programma radiofonico sul volontariato bellunese<\/span><\/h3>\n<p>il <strong>Comitato d\u2019Intesa<\/strong>\u00a0si lancia in un nuovo progetto.\u00a0<strong>\u201cUna Finestra sul Volontariato\u201d<\/strong> \u00e8 il programma radiofonico\u00a0 che ha l\u2019obiettivo di raccontare il mondo del volontariato nella provincia di Belluno, con le sue sfaccettature e la sua ricchezza. L\u2019iniziativa \u00e8 rivolta alla cittadinanza interessata a conoscere qualcosa di pi\u00f9 sul Terzo Settore, e alle associazioni che vogliono restare aggiornate e scoprire nuove opportunit\u00e0. Potete ascoltarci ogni <strong>secondo venerd\u00ec del mese<\/strong>\u00a0alle\u00a0<strong>ore 10.30<\/strong>\u00a0e alle\u00a0<strong>ore 19.00<\/strong> sulle frequenze di Radio Pi\u00f9.<\/p>\n<p>&nbsp;<\/p>\n<p><span style=\"color: #ff0000;\"><strong>NELLA PROSSIMA PUNTATA, VENERDI 9 NOVEMBRE, CON ELISA ROLDO, RENZO ANDRICH E SISTO DA ROIT\u00a0 \u00a0<\/strong><\/span><\/p>\n<p><strong>ROBERTO, MAURIZIO, ELISA E LUCIA. FILO&#8217; SANTA CROCE DEL LAGO<\/strong><\/p>\n<audio class=\"wp-audio-shortcode\" id=\"audio-310135-9\" preload=\"none\" style=\"width: 100%;\" controls=\"controls\"><source type=\"audio\/mpeg\" src=\"https:\/\/www.radiopiu.net\/wordpress\/wp-content\/uploads\/2022\/12\/SANTA-CROCE.mp3?_=9\" \/><a href=\"https:\/\/www.radiopiu.net\/wordpress\/wp-content\/uploads\/2022\/12\/SANTA-CROCE.mp3\">https:\/\/www.radiopiu.net\/wordpress\/wp-content\/uploads\/2022\/12\/SANTA-CROCE.mp3<\/a><\/audio>\n<p>&nbsp;<\/p>\n<p>&nbsp;<\/p>\n<p><span style=\"color: #ff0000;\"><strong>LA RACCOLTA COMPLETA<\/strong><\/span><\/p>\n<blockquote class=\"wp-embedded-content\" data-secret=\"wxYNHbcN52\"><p><a href=\"https:\/\/www.radiopiu.net\/wordpress\/puntata03\/\">&#8220;CAMPAGNA RECLUTAMENTO VOLONTARI&#8221;\u00a0, PARLANO LE ASSOCIAZIONI<\/a><\/p><\/blockquote>\n<p><iframe loading=\"lazy\" class=\"wp-embedded-content\" sandbox=\"allow-scripts\" security=\"restricted\" style=\"position: absolute; clip: rect(1px, 1px, 1px, 1px);\" title=\"&#8220;&#8220;CAMPAGNA RECLUTAMENTO VOLONTARI&#8221;\u00a0, PARLANO LE ASSOCIAZIONI&#8221; &#8212; Radio Pi\u00f9\" src=\"https:\/\/www.radiopiu.net\/wordpress\/puntata03\/embed\/#?secret=MdrDo4kOm9#?secret=wxYNHbcN52\" data-secret=\"wxYNHbcN52\" width=\"600\" height=\"338\" frameborder=\"0\" marginwidth=\"0\" marginheight=\"0\" scrolling=\"no\"><\/iframe><\/p>\n<p>&nbsp;<\/p>\n<hr \/>\n<p>&nbsp;<\/p>\n<blockquote>\n<h3>SAN NICOLO&#8217;\u00a0 ALLA VERTIK AREA DI SAN TOMASO<\/h3>\n<\/blockquote>\n<p><strong>SAN TOMASO<\/strong> Anche alla Vertik Area di San Tomaso \u00e8 arrivato San Nicolo&#8217;. Calandosi dall&#8217;alto con le corde \u00e8 andato dai bambini a consegnare i doni.<\/p>\n<div style=\"width: 848px;\" class=\"wp-video\"><video class=\"wp-video-shortcode\" id=\"video-310135-1\" width=\"848\" height=\"480\" preload=\"metadata\" controls=\"controls\"><source type=\"video\/mp4\" src=\"https:\/\/www.radiopiu.net\/wordpress\/wp-content\/uploads\/2022\/12\/WhatsApp-Video-2022-12-06-at-09.09.02.mp4?_=1\" \/><a href=\"https:\/\/www.radiopiu.net\/wordpress\/wp-content\/uploads\/2022\/12\/WhatsApp-Video-2022-12-06-at-09.09.02.mp4\">https:\/\/www.radiopiu.net\/wordpress\/wp-content\/uploads\/2022\/12\/WhatsApp-Video-2022-12-06-at-09.09.02.mp4<\/a><\/video><\/div>\n<p>&nbsp;<\/p>\n<p><strong>SAN NICOLO&#8217; A FRASSENE&#8217; FOTO PAOLO DELLA LUCIA Alpini ! : vuol dire anche attenzione per i pi\u00f9 piccoli<\/strong><\/p>\n\n\t\t\t<style type='text\/css'>\n\t\t\t\t#gallery-3 {\n\t\t\t\t\tmargin: auto;\n\t\t\t\t}\n\t\t\t\t#gallery-3 .gallery-item {\n\t\t\t\t\tfloat: left;\n\t\t\t\t\tmargin-top: 10px;\n\t\t\t\t\ttext-align: center;\n\t\t\t\t\twidth: 33%;\n\t\t\t\t}\n\t\t\t\t#gallery-3 img {\n\t\t\t\t\tborder: 2px solid #cfcfcf;\n\t\t\t\t}\n\t\t\t\t#gallery-3 .gallery-caption {\n\t\t\t\t\tmargin-left: 0;\n\t\t\t\t}\n\t\t\t\t\/* see gallery_shortcode() in wp-includes\/media.php *\/\n\t\t\t<\/style>\n\t\t<div id='gallery-3' class='dt-gallery-container gallery galleryid-310135 gallery-columns-3 gallery-size-thumbnail'><dl class='gallery-item'>\n\t\t\t\t<dt class='gallery-icon portrait'>\n\t\t\t\t\t<a class=\"rollover rollover-zoom dt-pswp-item\" title=\"318313297_10220467909080457_3247672106928678271_n\" data-dt-img-description=\"\" data-large_image_width=\"1536\" data-large_image_height=\"2048\"href='https:\/\/www.radiopiu.net\/wordpress\/wp-content\/uploads\/2022\/12\/318313297_10220467909080457_3247672106928678271_n.jpg'><img loading=\"lazy\" decoding=\"async\" width=\"150\" height=\"150\" src=\"https:\/\/www.radiopiu.net\/wordpress\/wp-content\/uploads\/2022\/12\/318313297_10220467909080457_3247672106928678271_n-150x150.jpg\" class=\"attachment-thumbnail size-thumbnail\" alt=\"\" \/><\/a>\n\t\t\t\t<\/dt><\/dl><dl class='gallery-item'>\n\t\t\t\t<dt class='gallery-icon landscape'>\n\t\t\t\t\t<a class=\"rollover rollover-zoom dt-pswp-item\" title=\"318547346_10220467909880477_3404508706183271054_n\" data-dt-img-description=\"\" data-large_image_width=\"1024\" data-large_image_height=\"768\"href='https:\/\/www.radiopiu.net\/wordpress\/wp-content\/uploads\/2022\/12\/318547346_10220467909880477_3404508706183271054_n.jpg'><img loading=\"lazy\" decoding=\"async\" width=\"150\" height=\"150\" src=\"https:\/\/www.radiopiu.net\/wordpress\/wp-content\/uploads\/2022\/12\/318547346_10220467909880477_3404508706183271054_n-150x150.jpg\" class=\"attachment-thumbnail size-thumbnail\" alt=\"\" \/><\/a>\n\t\t\t\t<\/dt><\/dl><dl class='gallery-item'>\n\t\t\t\t<dt class='gallery-icon landscape'>\n\t\t\t\t\t<a class=\"rollover rollover-zoom dt-pswp-item\" title=\"318484790_10220467909520468_7527099714512014110_n\" data-dt-img-description=\"\" data-large_image_width=\"1024\" data-large_image_height=\"768\"href='https:\/\/www.radiopiu.net\/wordpress\/wp-content\/uploads\/2022\/12\/318484790_10220467909520468_7527099714512014110_n.jpg'><img loading=\"lazy\" decoding=\"async\" width=\"150\" height=\"150\" src=\"https:\/\/www.radiopiu.net\/wordpress\/wp-content\/uploads\/2022\/12\/318484790_10220467909520468_7527099714512014110_n-150x150.jpg\" class=\"attachment-thumbnail size-thumbnail\" alt=\"\" \/><\/a>\n\t\t\t\t<\/dt><\/dl><br style=\"clear: both\" \/>\n\t\t\t<\/div>\n\n<p>&nbsp;<\/p>\n<p>&nbsp;<\/p>\n<hr \/>\n<p>&nbsp;<\/p>\n<h1>LE DIRETTE DI RADIOPIU<\/h1>\n<blockquote class=\"wp-embedded-content\" data-secret=\"KFNxoe2Ce7\"><p><a href=\"https:\/\/www.radiopiu.net\/wordpress\/il-valore-della-lingua-ladina-nellincontro-organizzato-dal-bard\/\">IL VALORE DELLA LINGUA LADINA NELL&#8217;INCONTRO ORGANIZZATO DAL BARD<\/a><\/p><\/blockquote>\n<p><iframe loading=\"lazy\" class=\"wp-embedded-content\" sandbox=\"allow-scripts\" security=\"restricted\" style=\"position: absolute; clip: rect(1px, 1px, 1px, 1px);\" title=\"&#8220;IL VALORE DELLA LINGUA LADINA NELL&#8217;INCONTRO ORGANIZZATO DAL BARD&#8221; &#8212; Radio Pi\u00f9\" src=\"https:\/\/www.radiopiu.net\/wordpress\/il-valore-della-lingua-ladina-nellincontro-organizzato-dal-bard\/embed\/#?secret=a1SEf64JtI#?secret=KFNxoe2Ce7\" data-secret=\"KFNxoe2Ce7\" width=\"600\" height=\"338\" frameborder=\"0\" marginwidth=\"0\" marginheight=\"0\" scrolling=\"no\"><\/iframe><\/p>\n<p>&nbsp;<\/p>\n<blockquote class=\"wp-embedded-content\" data-secret=\"8mAt91uBUp\"><p><a href=\"https:\/\/www.radiopiu.net\/wordpress\/opere-di-mitigazione-idraulica-pre-e-post-vaia-sul-missiaga-a-cugnago-di-la-valle-agordina\/\">OPERE DI MITIGAZIONE IDRAULICA PRE E POST VAIA SUL MISSIAGA A CUGNAGO DI LA VALLE AGORDINA<\/a><\/p><\/blockquote>\n<p><iframe loading=\"lazy\" class=\"wp-embedded-content\" sandbox=\"allow-scripts\" security=\"restricted\" style=\"position: absolute; clip: rect(1px, 1px, 1px, 1px);\" title=\"&#8220;OPERE DI MITIGAZIONE IDRAULICA PRE E POST VAIA SUL MISSIAGA A CUGNAGO DI LA VALLE AGORDINA&#8221; &#8212; Radio Pi\u00f9\" src=\"https:\/\/www.radiopiu.net\/wordpress\/opere-di-mitigazione-idraulica-pre-e-post-vaia-sul-missiaga-a-cugnago-di-la-valle-agordina\/embed\/#?secret=cXsqGNvmHu#?secret=8mAt91uBUp\" data-secret=\"8mAt91uBUp\" width=\"600\" height=\"338\" frameborder=\"0\" marginwidth=\"0\" marginheight=\"0\" scrolling=\"no\"><\/iframe><\/p>\n<p>&nbsp;<\/p>\n<hr \/>\n<p>&nbsp;<\/p>\n<div>\n<div class=\"b654a4as d2edcug0\">\n<div class=\"rq0escxv hkbzh7o3 jwdofwj8 n8tt0mok r8blr3vg hyh9befq\">\n<p><a class=\"dt-pswp-item\" href=\"https:\/\/www.radiopiu.net\/wordpress\/wp-content\/uploads\/2020\/10\/pp.jpg\" data-dt-img-description=\"\" data-large_image_width=\"640\" data-large_image_height=\"640\"><img loading=\"lazy\" decoding=\"async\" class=\"wp-image-163678 alignleft\" src=\"https:\/\/www.radiopiu.net\/wordpress\/wp-content\/uploads\/2020\/10\/pp-300x300.jpg\" alt=\"\" width=\"106\" height=\"106\" srcset=\"https:\/\/www.radiopiu.net\/wordpress\/wp-content\/uploads\/2020\/10\/pp-300x300.jpg 300w, https:\/\/www.radiopiu.net\/wordpress\/wp-content\/uploads\/2020\/10\/pp-150x150.jpg 150w, https:\/\/www.radiopiu.net\/wordpress\/wp-content\/uploads\/2020\/10\/pp-125x125.jpg 125w, https:\/\/www.radiopiu.net\/wordpress\/wp-content\/uploads\/2020\/10\/pp-200x200.jpg 200w, https:\/\/www.radiopiu.net\/wordpress\/wp-content\/uploads\/2020\/10\/pp-80x80.jpg 80w, https:\/\/www.radiopiu.net\/wordpress\/wp-content\/uploads\/2020\/10\/pp-480x480.jpg 480w, https:\/\/www.radiopiu.net\/wordpress\/wp-content\/uploads\/2020\/10\/pp.jpg 640w\" sizes=\"auto, (max-width: 106px) 100vw, 106px\" \/><\/a><\/p>\n<\/div>\n<\/div>\n<\/div>\n<div>\n<div class=\"page-title-head hgroup\">\n<div class=\"page-title-head hgroup\">\n<div class=\"b654a4as d2edcug0\">\n<div class=\"j83agx80 btwxx1t3 lhclo0ds hop8lmos nkwizq5d scwd0bx6 roh60bw9\">\n<div class=\"rq0escxv hkbzh7o3 jwdofwj8 n8tt0mok r8blr3vg hyh9befq\">\n<div class=\"do00u71z l9j0dhe7 k4urcfbm\">\n<h2><span style=\"color: #000080;\">DON CESARE, IL PENSIERO DEL GIORNO. ALLA RADIO ALLE 7 DEL MATTINO E ALLE 19.30 DELLA SERA\u00a0<\/span><\/h2>\n<audio class=\"wp-audio-shortcode\" id=\"audio-310135-10\" preload=\"none\" style=\"width: 100%;\" controls=\"controls\"><source type=\"audio\/mpeg\" src=\"https:\/\/www.radiopiu.net\/wordpress\/wp-content\/uploads\/2022\/12\/CESARE-5.mp3?_=10\" \/><a href=\"https:\/\/www.radiopiu.net\/wordpress\/wp-content\/uploads\/2022\/12\/CESARE-5.mp3\">https:\/\/www.radiopiu.net\/wordpress\/wp-content\/uploads\/2022\/12\/CESARE-5.mp3<\/a><\/audio>\n<p>&nbsp;<\/p>\n<p>&nbsp;<\/p>\n<hr \/>\n<p>&nbsp;<\/p>\n<h2><span style=\"color: #ff00ff;\">IN VIVO VERSO<\/span><\/h2>\n<blockquote>\n<h3>AFFIORASSE L&#8217;ANIMA di LU PAER<\/h3>\n<\/blockquote>\n<p><strong>AUDIO<\/strong><\/p>\n<audio class=\"wp-audio-shortcode\" id=\"audio-310135-11\" preload=\"none\" style=\"width: 100%;\" controls=\"controls\"><source type=\"audio\/mpeg\" src=\"https:\/\/www.radiopiu.net\/wordpress\/wp-content\/uploads\/2022\/12\/LU-PAER-AFFIORASSE-LANIMA.mp3?_=11\" \/><a href=\"https:\/\/www.radiopiu.net\/wordpress\/wp-content\/uploads\/2022\/12\/LU-PAER-AFFIORASSE-LANIMA.mp3\">https:\/\/www.radiopiu.net\/wordpress\/wp-content\/uploads\/2022\/12\/LU-PAER-AFFIORASSE-LANIMA.mp3<\/a><\/audio>\n<p>&nbsp;<\/p>\n<p><img loading=\"lazy\" decoding=\"async\" class=\"alignleft\" src=\"https:\/\/www.radiopiu.net\/wordpress\/wp-content\/uploads\/2022\/12\/2-LU-PAER.jpg\" width=\"142\" height=\"170\" \/>Lu Paer<br \/>\nAFFIORASSE L&#8217;ANIMA<\/p>\n<p>Affiorasse l&#8217;anima<br \/>\nprima della carne<br \/>\nforse ci riconosceremmo<br \/>\nquali spiriti affini<br \/>\npunti di contatto<br \/>\nNon pi\u00f9 isole.<\/p>\n<p><strong>LA RACCOLTA COMPLETA<\/strong><\/p>\n<blockquote class=\"wp-embedded-content\" data-secret=\"Tfu9u0uXOg\"><p><a href=\"https:\/\/www.radiopiu.net\/wordpress\/in-vivo-verso\/\">In Vivo Verso<\/a><\/p><\/blockquote>\n<p><iframe loading=\"lazy\" class=\"wp-embedded-content\" sandbox=\"allow-scripts\" security=\"restricted\" style=\"position: absolute; clip: rect(1px, 1px, 1px, 1px);\" title=\"&#8220;In Vivo Verso&#8221; &#8212; Radio Pi\u00f9\" src=\"https:\/\/www.radiopiu.net\/wordpress\/in-vivo-verso\/embed\/#?secret=x7baeNMHG0#?secret=Tfu9u0uXOg\" data-secret=\"Tfu9u0uXOg\" width=\"600\" height=\"338\" frameborder=\"0\" marginwidth=\"0\" marginheight=\"0\" scrolling=\"no\"><\/iframe><\/p>\n<p>&nbsp;<\/p>\n<hr \/>\n<p>&nbsp;<\/p>\n<h2><span style=\"color: #993300;\">SCUOLA APERTA AL FOLLADOR &#8211; DE ROSSI<\/span><\/h2>\n<blockquote class=\"wp-embedded-content\" data-secret=\"SvrIJvPH7g\"><p><a href=\"https:\/\/www.radiopiu.net\/wordpress\/scuola-aperta-quinta-puntata-istituto-chimico\/\">SCUOLA APERTA,  SESTA PUNTATA &#8220;CORSO PER MANUTENTORI, SU SOLIDE BASI&#8221;<\/a><\/p><\/blockquote>\n<p><iframe loading=\"lazy\" class=\"wp-embedded-content\" sandbox=\"allow-scripts\" security=\"restricted\" style=\"position: absolute; clip: rect(1px, 1px, 1px, 1px);\" title=\"&#8220;SCUOLA APERTA,  SESTA PUNTATA &#8220;CORSO PER MANUTENTORI, SU SOLIDE BASI&#8221;&#8221; &#8212; Radio Pi\u00f9\" src=\"https:\/\/www.radiopiu.net\/wordpress\/scuola-aperta-quinta-puntata-istituto-chimico\/embed\/#?secret=KJJJqYiFPk#?secret=SvrIJvPH7g\" data-secret=\"SvrIJvPH7g\" width=\"600\" height=\"338\" frameborder=\"0\" marginwidth=\"0\" marginheight=\"0\" scrolling=\"no\"><\/iframe><\/p>\n<p>&nbsp;<\/p>\n<hr \/>\n<p>&nbsp;<\/p>\n<h2><span style=\"color: #339966;\">COLLAGE OPERAZIONE NOSTALGIA<\/span><\/h2>\n<p><strong><a class=\"dt-pswp-item\" href=\"https:\/\/www.radiopiu.net\/wordpress\/wp-content\/uploads\/2022\/12\/The-Kingston-Trio.jpg\" data-dt-img-description=\"\" data-large_image_width=\"360\" data-large_image_height=\"360\"><img loading=\"lazy\" decoding=\"async\" class=\" wp-image-309781 alignleft\" src=\"https:\/\/www.radiopiu.net\/wordpress\/wp-content\/uploads\/2022\/12\/The-Kingston-Trio-300x300.jpg\" alt=\"\" width=\"131\" height=\"131\" srcset=\"https:\/\/www.radiopiu.net\/wordpress\/wp-content\/uploads\/2022\/12\/The-Kingston-Trio-300x300.jpg 300w, https:\/\/www.radiopiu.net\/wordpress\/wp-content\/uploads\/2022\/12\/The-Kingston-Trio-150x150.jpg 150w, https:\/\/www.radiopiu.net\/wordpress\/wp-content\/uploads\/2022\/12\/The-Kingston-Trio.jpg 360w\" sizes=\"auto, (max-width: 131px) 100vw, 131px\" \/><\/a>di Loris Scussel<\/strong><\/p>\n<p>Anche questa settimana Collage proporr\u00e0 un menu di musica varia iniziando dalle canzoni italiane degli anni 60 come \u201cBandiera gialla\u201d e \u201cMonja\u201d, marted\u00ec ci sposteremo oltre Oceano con il Kingston Trio, Willie Nelson etc., mercoled\u00ec spazio al rock prog italiano degli anni 70 con la PFM, Jenny Sorrenti e cos\u00ec via, gioved\u00ec musica anglo americana da Rod Steward ai Fleetwood Mac, la scaletta di venerd\u00ec infine \u00e8 dedicata ad alcuni successi firmati da Corrado Castellari. Collage va in onda dal luned\u00ec al venerd\u00ec alle 16,00 e alle 23,00 naturalmente su Radio Pi\u00f9.<\/p>\n<p><strong>LA PUNTATA DEL LUNEDI, 676<\/strong><\/p>\n<audio class=\"wp-audio-shortcode\" id=\"audio-310135-12\" preload=\"none\" style=\"width: 100%;\" controls=\"controls\"><source type=\"audio\/mpeg\" src=\"https:\/\/www.radiopiu.net\/wordpress\/wp-content\/uploads\/2022\/12\/Collage-676.mp3?_=12\" \/><a href=\"https:\/\/www.radiopiu.net\/wordpress\/wp-content\/uploads\/2022\/12\/Collage-676.mp3\">https:\/\/www.radiopiu.net\/wordpress\/wp-content\/uploads\/2022\/12\/Collage-676.mp3<\/a><\/audio>\n<p><strong>LA PUNTATA DEL MARTEDI, 677<\/strong><\/p>\n<audio class=\"wp-audio-shortcode\" id=\"audio-310135-13\" preload=\"none\" style=\"width: 100%;\" controls=\"controls\"><source type=\"audio\/mpeg\" src=\"https:\/\/www.radiopiu.net\/wordpress\/wp-content\/uploads\/2022\/12\/Collage-677.mp3?_=13\" \/><a href=\"https:\/\/www.radiopiu.net\/wordpress\/wp-content\/uploads\/2022\/12\/Collage-677.mp3\">https:\/\/www.radiopiu.net\/wordpress\/wp-content\/uploads\/2022\/12\/Collage-677.mp3<\/a><\/audio>\n<p>&nbsp;<\/p>\n<p>&nbsp;<\/p>\n<hr \/>\n<p>&nbsp;<\/p>\n<p><img loading=\"lazy\" decoding=\"async\" class=\"aligncenter wp-image-61954 size-full\" src=\"https:\/\/www.radiopiu.net\/wordpress\/wp-content\/uploads\/2018\/09\/viabilita.jpeg\" sizes=\"auto, (max-width: 800px) 100vw, 800px\" srcset=\"https:\/\/www.radiopiu.net\/wordpress\/wp-content\/uploads\/2018\/09\/viabilita.jpeg 800w, https:\/\/www.radiopiu.net\/wordpress\/wp-content\/uploads\/2018\/09\/viabilita-300x38.jpeg 300w, https:\/\/www.radiopiu.net\/wordpress\/wp-content\/uploads\/2018\/09\/viabilita-768x96.jpeg 768w\" alt=\"\" width=\"800\" height=\"100\" \/><\/p>\n<p>&nbsp;<\/p>\n<p>&nbsp;<\/p>\n<p><strong>AGGIORNAMENTO VENETO STRADE, AGGIORNAMENTO CONTINUO H 24<\/strong><\/p>\n<p>&nbsp;<\/p>\n<blockquote class=\"wp-embedded-content\" data-secret=\"7bYfAK4wyg\"><p><a href=\"https:\/\/www.radiopiu.net\/wordpress\/viabilita\/\">viabilita<\/a><\/p><\/blockquote>\n<p><iframe loading=\"lazy\" class=\"wp-embedded-content\" sandbox=\"allow-scripts\" security=\"restricted\" style=\"position: absolute; clip: rect(1px, 1px, 1px, 1px);\" title=\"&#8220;viabilita&#8221; &#8212; Radio Pi\u00f9\" src=\"https:\/\/www.radiopiu.net\/wordpress\/viabilita\/embed\/#?secret=wkP6Q3VA2R#?secret=7bYfAK4wyg\" data-secret=\"7bYfAK4wyg\" width=\"600\" height=\"338\" frameborder=\"0\" marginwidth=\"0\" marginheight=\"0\" scrolling=\"no\"><\/iframe><\/p>\n<p>&nbsp;<\/p>\n<p>&nbsp;<\/p>\n<hr \/>\n<p>&nbsp;<\/p>\n<p><a class=\"dt-pswp-item\" href=\"https:\/\/www.radiopiu.net\/wordpress\/wp-content\/uploads\/2018\/09\/WhatsApp-Image-2018-09-20-at-16.04.06.jpeg\" data-dt-img-description=\"\" data-large_image_width=\"800\" data-large_image_height=\"100\"><img loading=\"lazy\" decoding=\"async\" class=\"wp-image-61378 size-full aligncenter\" src=\"https:\/\/www.radiopiu.net\/wordpress\/wp-content\/uploads\/2018\/09\/WhatsApp-Image-2018-09-20-at-16.04.06.jpeg\" alt=\"\" width=\"800\" height=\"100\" srcset=\"https:\/\/www.radiopiu.net\/wordpress\/wp-content\/uploads\/2018\/09\/WhatsApp-Image-2018-09-20-at-16.04.06.jpeg 800w, https:\/\/www.radiopiu.net\/wordpress\/wp-content\/uploads\/2018\/09\/WhatsApp-Image-2018-09-20-at-16.04.06-300x38.jpeg 300w, https:\/\/www.radiopiu.net\/wordpress\/wp-content\/uploads\/2018\/09\/WhatsApp-Image-2018-09-20-at-16.04.06-768x96.jpeg 768w\" sizes=\"auto, (max-width: 800px) 100vw, 800px\" \/><\/a><\/p>\n<p>&nbsp;<\/p>\n<p><center><b>Mercoledi 7<\/b><\/center><b>Tempo atteso: <\/b>Tempo stabile e ancora ben soleggiato con cielo sereno o al pi\u00f9 poco nuvoloso per probabili passaggi di lievi velature, specie al mattino; eventuali formazioni di nubi basse in alcune valli, ma un po&#8217; meno probabili e meno estese rispetto a marted\u00ec mattina.<br \/>\n<b>Precipitazioni: <\/b>Assenti (0%).<br \/>\n<b>Temperature: <\/b>Minime in ulteriore lieve o contenuto calo e misurate a fine giornata in alta montagna, con diffuse gelate anche in molte conche prealpine, massime in leggera flessione o stazionarie.<\/p>\n<hr \/>\n<p><center><b>Giovedi 8<\/b><\/center><b>Tempo atteso: <\/b>Al mattino ancora in prevalenza stabile e soleggiato. Nel corso del pomeriggio graduale aumento della nuvolosit\u00e0, specie dalla sera a partire dalle Prealpi occidentali, in successiva estensione a tutte le zone montane nella notte, con le prime precipitazioni, perlopi\u00f9 locali e molto deboli a partire da ovest.<br \/>\n<b>Precipitazioni: <\/b>Fino al tardo pomeriggio assenti (0%). Verso sera possibili locali e deboli precipitazioni (20-40%) sulle zone prealpine centro-occidentali, eventualmente nevose oltre i 1000 m.<br \/>\n<b>Temperature: <\/b>In ulteriore calo specie le massime, su valori prossimi alla norma.<\/p>\n<hr \/>\n<p><center><b>Venerdi 9<\/b><\/center>Tempo perturbato con precipitazioni intermittenti da sparse a diffuse; nelle prime ore di debole intensit\u00e0, in successiva moderata intensificazione nel corso della mattinata, specie sulle zone prealpine. Quota neve da 1000 m a 1300-1600 m sulle Prealpi, da 800 m a 1100-1400 m sulle Dolomiti, localmente pi\u00f9 in basso nelle valli strette e fredde, poco esposte al soleggiamento diurno. Temperature minime in aumento anche sensibile nelle valli, massime in diminuzione.<\/p>\n<hr \/>\n<p><center><b>Sabato 10<\/b><\/center>Tempo ancora perturbato per gran parte della giornata con precipitazioni intermittenti di debole o di moderata intensit\u00e0, nevose intorno ai 1100-1400 m sulle Dolomiti e a 1300-1600 m sulle Prealpi. Temperature minime in aumento anche sensibile, massime senza notevoli variazioni.<\/p>\n<p>&nbsp;<\/p>\n<blockquote class=\"wp-embedded-content\" data-secret=\"0gE55ZdczD\"><p><a href=\"https:\/\/www.radiopiu.net\/wordpress\/la-neve-e-scesa-copiosa-sulle-dolomiti-il-bollettino-neve-al-suolo\/\">LA NEVE E&#8217; SCESA COPIOSA SULLE DOLOMITI. IL BOLLETTINO NEVE AL SUOLO<\/a><\/p><\/blockquote>\n<p><iframe loading=\"lazy\" class=\"wp-embedded-content\" sandbox=\"allow-scripts\" security=\"restricted\" style=\"position: absolute; clip: rect(1px, 1px, 1px, 1px);\" title=\"&#8220;LA NEVE E&#8217; SCESA COPIOSA SULLE DOLOMITI. IL BOLLETTINO NEVE AL SUOLO&#8221; &#8212; Radio Pi\u00f9\" src=\"https:\/\/www.radiopiu.net\/wordpress\/la-neve-e-scesa-copiosa-sulle-dolomiti-il-bollettino-neve-al-suolo\/embed\/#?secret=buD7oUI5kU#?secret=0gE55ZdczD\" data-secret=\"0gE55ZdczD\" width=\"600\" height=\"338\" frameborder=\"0\" marginwidth=\"0\" marginheight=\"0\" scrolling=\"no\"><\/iframe><\/p>\n<p>&nbsp;<\/p>\n<hr \/>\n<p>&nbsp;<\/p>\n<p>&nbsp;<\/p>\n<p><a class=\"dt-pswp-item\" href=\"https:\/\/www.radiopiu.net\/wordpress\/wp-content\/uploads\/2018\/09\/sport.jpg\" data-dt-img-description=\"\" data-large_image_width=\"800\" data-large_image_height=\"100\"><img loading=\"lazy\" decoding=\"async\" class=\"aligncenter wp-image-60761 size-full\" src=\"https:\/\/www.radiopiu.net\/wordpress\/wp-content\/uploads\/2018\/09\/sport.jpg\" alt=\"\" width=\"800\" height=\"100\" srcset=\"https:\/\/www.radiopiu.net\/wordpress\/wp-content\/uploads\/2018\/09\/sport.jpg 800w, https:\/\/www.radiopiu.net\/wordpress\/wp-content\/uploads\/2018\/09\/sport-300x38.jpg 300w, https:\/\/www.radiopiu.net\/wordpress\/wp-content\/uploads\/2018\/09\/sport-768x96.jpg 768w\" sizes=\"auto, (max-width: 800px) 100vw, 800px\" \/><\/a><\/p>\n<p>&nbsp;<\/p>\n<p><span style=\"color: #0000ff;\"><strong>PALLAVOLO<\/strong><\/span><\/p>\n<blockquote>\n<h3>DUE RISULTATI NEGATIVI PER IL VOLLEY CLUB AGORDINO<\/h3>\n<\/blockquote>\n<p><strong><a class=\"dt-pswp-item\" href=\"https:\/\/www.radiopiu.net\/wordpress\/wp-content\/uploads\/2022\/04\/VOLLEY-CLUB-AGORDINO.jpg\" data-dt-img-description=\"\" data-large_image_width=\"500\" data-large_image_height=\"512\"><img loading=\"lazy\" decoding=\"async\" class=\" wp-image-268787 alignleft\" src=\"https:\/\/www.radiopiu.net\/wordpress\/wp-content\/uploads\/2022\/04\/VOLLEY-CLUB-AGORDINO-293x300.jpg\" alt=\"\" width=\"143\" height=\"146\" srcset=\"https:\/\/www.radiopiu.net\/wordpress\/wp-content\/uploads\/2022\/04\/VOLLEY-CLUB-AGORDINO-293x300.jpg 293w, https:\/\/www.radiopiu.net\/wordpress\/wp-content\/uploads\/2022\/04\/VOLLEY-CLUB-AGORDINO.jpg 500w\" sizes=\"auto, (max-width: 143px) 100vw, 143px\" \/><\/a>di Marco Gaz<\/strong><\/p>\n<p><strong>REDAZIONE\u00a0<\/strong>Non \u00e8 stato certamente un weekend da incorniciare per il Volley Club Agordino che chiude il primo fine settimana di dicembre con due sconfitte. La prima squadra non \u00e8 riuscita a fare punti nella trasferta in terra trevigiana contro il Mareno. Una partita da dimenticare in fretta per le ragazze di De Nardin. Una sfida iniziata male con i primi due set vinti facilmente dal Mareno. Il Volley Club Agordino ha risposto nel terzo parziale ma le trevigiane hanno chiuso la contesa subito dopo. Non \u00e8 andata meglio al settore giovanile. Una sconfitta che fa scalare di due posizioni in classifica le agordine. L&#8217;under 16 ha perso in trasferta contro il Trichiana Una partita in fotocopia di quella della prima squadra con le padrone di casa che chiudono la sfida nel quarto set. Quarta posizione in classifica per le giovani atlete agordine.<\/p>\n<p>&nbsp;<\/p>\n<p>&nbsp;<\/p>\n<hr \/>\n<p>&nbsp;<\/p>\n<p><span style=\"color: #0000ff;\"><strong>NUOTO<\/strong><\/span><\/p>\n<blockquote>\n<h3>ATLETI DI CATEGORIA: SERIE DI PODI NELLE GARE DI MONTEBELLUNA<\/h3>\n<\/blockquote>\n<p><strong><a class=\"dt-pswp-item\" href=\"https:\/\/www.radiopiu.net\/wordpress\/wp-content\/uploads\/2022\/12\/Atleti_di_categoria.png\" data-dt-img-description=\"\" data-large_image_width=\"640\" data-large_image_height=\"426\"><img loading=\"lazy\" decoding=\"async\" class=\" wp-image-310145 alignleft\" src=\"https:\/\/www.radiopiu.net\/wordpress\/wp-content\/uploads\/2022\/12\/Atleti_di_categoria-300x200.png\" alt=\"\" width=\"197\" height=\"131\" srcset=\"https:\/\/www.radiopiu.net\/wordpress\/wp-content\/uploads\/2022\/12\/Atleti_di_categoria-300x200.png 300w, https:\/\/www.radiopiu.net\/wordpress\/wp-content\/uploads\/2022\/12\/Atleti_di_categoria.png 640w\" sizes=\"auto, (max-width: 197px) 100vw, 197px\" \/><\/a>BELLUNO <\/strong><span lang=\"it-IT\">La Sportivamente Belluno recita da protagonista nella seconda giornata di attivit<\/span>\u00e0 <span lang=\"it-IT\">di categoria. <\/span><span lang=\"it-IT\">A Montebelluna, continuano i progressi generali della squadra, frutto del lavoro svolto in acqua a Lambioi. Sugli scudi, in particolare, Filippo Monestier: l\u2019atleta,<\/span><span lang=\"pt-PT\"> classe 2007, <\/span><span lang=\"it-IT\">si impone<\/span> <span lang=\"it-IT\">fra i Ragazzi nei 200 stile, con l<\/span>\u2019<span lang=\"it-IT\">ottimo riscontro cronometrico di 1\u2019<\/span>56<span lang=\"it-IT\">\u201d<\/span>6<span lang=\"it-IT\">, e nei 100 delfino. Senza considerare il merito di aver<\/span> traina<span lang=\"it-IT\">to la staffetta maschile 4&#215;100 stile al terzo posto. <\/span><span lang=\"it-IT\">Netti miglioramenti anche <\/span><span lang=\"da-DK\">per Anna Simon<\/span><span lang=\"it-IT\"> (2009), sul gradino pi\u00f9 alto nei 200 rana e nei 100 dorso, oltre che per Eleonora Bortot (2010) e Sofia Caldart <\/span>(2006)<span lang=\"it-IT\">, sempre nei 200 rana. Primati personali pure per Samuele Gashi, Matteo Longi, Levi Cervo, Greta Viel, Angelica Visentini, Andrea Frisaldi, Giacomo Bianchini e Ivan Somacal. <\/span><span lang=\"it-IT\">Tra i pi\u00f9 grandi della categoria, Junior e Cadetti,<\/span> <span lang=\"it-IT\">prosegue<\/span> <span lang=\"it-IT\">inoltre la sua crescita Elisa Petten<\/span>\u00f2<span lang=\"it-IT\">: da applausi nei 100 dorso,<\/span> <span lang=\"it-IT\">come<\/span> <span lang=\"it-IT\">nella staffetta 4&#215;100 stile con le compagne Minerva Dall<\/span>\u2019<span lang=\"it-IT\">\u00d2, Valentina Sovilla e Sara Sommacal,<\/span> <span lang=\"it-IT\">a stabilire il record societario assoluto. <\/span><span lang=\"it-IT\">Molto soddisfatti i tecnici Giulia Bortot e Alberto Cassol per i miglioramenti e lo spirito agonistico dimostrato da tutti i ragazzi scesi in vasca.\u00a0<\/span><\/p>\n<p>&nbsp;<\/p>\n<p><strong><span style=\"color: #0000ff;\">HOCKEY\u00a0\u00a0<\/span><\/strong><\/p>\n<blockquote>\n<h3 class=\"null\">Nazionale U20, gli Azzurrini si preparano per il Mondiale di 1^ Divisione Gruppo B<\/h3>\n<\/blockquote>\n<table width=\"100%\">\n<tbody>\n<tr>\n<td>\n<table width=\"100%\">\n<tbody>\n<tr>\n<td>\n<h3>Dall&#8217;11 al 17 dicembre i ragazzi di coach De Bettin se la vedranno contro Giappone, Ucraina, Estonia, Polonia e Corea del Sud.<\/h3>\n<\/td>\n<\/tr>\n<\/tbody>\n<\/table>\n<\/td>\n<\/tr>\n<\/tbody>\n<\/table>\n<table width=\"100%\">\n<tbody>\n<tr>\n<td>\n<table width=\"100%\">\n<tbody>\n<tr>\n<td>\n<h4><a class=\"dt-pswp-item\" href=\"https:\/\/www.radiopiu.net\/wordpress\/wp-content\/uploads\/2022\/12\/0da39088-d62d-503c-4fe6-7f9f7bd930b9.jpeg\" data-dt-img-description=\"\" data-large_image_width=\"764\" data-large_image_height=\"588\"><img loading=\"lazy\" decoding=\"async\" class=\" wp-image-310220 alignleft\" src=\"https:\/\/www.radiopiu.net\/wordpress\/wp-content\/uploads\/2022\/12\/0da39088-d62d-503c-4fe6-7f9f7bd930b9-300x231.jpeg\" alt=\"\" width=\"264\" height=\"203\" srcset=\"https:\/\/www.radiopiu.net\/wordpress\/wp-content\/uploads\/2022\/12\/0da39088-d62d-503c-4fe6-7f9f7bd930b9-300x231.jpeg 300w, https:\/\/www.radiopiu.net\/wordpress\/wp-content\/uploads\/2022\/12\/0da39088-d62d-503c-4fe6-7f9f7bd930b9.jpeg 764w\" sizes=\"auto, (max-width: 264px) 100vw, 264px\" \/><\/a>Grande impegno all\u2019orizzonte per la <strong>Nazionale italiana di hockey U20<\/strong>, che in questi giorni sta svolgendo a Cortina il raduno in vista del <strong>Mondiale di 1^ Divisione Gruppo B di Bytom<\/strong>, in Polonia. I ragazzi allenati da coach Giorgio De Bettin partiranno gi\u00e0 domani alla volta di Bled, in Slovenia, dove alle ore 16:00 giocheranno un&#8217;amichevole contro i padroni di casa. Poi il trasferimento in Polonia per la kermesse internazionale, <strong>in programma dall\u201911 al 17 dicembre<\/strong>: dopo la promozione ottenuta l\u2019anno scorso, gli Azzurrini cercheranno di mantenere la categoria affrontando <strong>Giappone, Ucraina, Estonia, Polonia e Corea del Sud<\/strong>.<\/h4>\n<p>\u201c<em>L\u2019obiettivo iniziale \u00e8 sicuramente il mantenimento di categoria<\/em> \u2013 afferma coach Giorgio De Bettin \u2013,<em> anche se \u00e8 difficile capire realmente il livello in cui ci troviamo: in U20 i giocatori e le squadre cambiano spesso, in pi\u00f9 affronteremo compagini che incontriamo raramente. Saranno quindi importanti le prime due partite contro Ucraina e Giappone: l\u00ec fisseremo la nostra asticella e capiremo a cosa possiamo puntare. Ho detto ai ragazzi di affrontare al meglio ogni partita e sono sicuro che potremo fare bene<\/em>\u201d.<\/td>\n<\/tr>\n<\/tbody>\n<\/table>\n<\/td>\n<\/tr>\n<\/tbody>\n<\/table>\n<p>&nbsp;<\/p>\n<p>&nbsp;<\/p>\n<\/div>\n<\/div>\n<\/div>\n<\/div>\n<\/div>\n<\/div>\n<\/div>\n","protected":false},"excerpt":{"rendered":"<p>RADIO PIU INFORMAZIONE il canale su TELEGRAM informazione di prima\u00a0 mano e in tempo reale. iscriviti ed aiutaci a farlo conoscere\u00a0 \u00a0 &nbsp; ISCRIVITI AL NOSTRO CANALE YOUTUBE PER SEGUIRE IN DIRETTA I PRINCIPALI PROGRAMMI DI RADIO PIU&#8217; E LE FUTURE DIRETTE IN ESTERNA. PER ISCRIVERTI CLICCA QUI E PREMI IL TASTO &#8220;Iscriviti&#8221; &nbsp; &nbsp;&hellip;<\/p>\n","protected":false},"author":4,"featured_media":310145,"comment_status":"closed","ping_status":"closed","sticky":false,"template":"","format":"standard","meta":{"_monsterinsights_skip_tracking":false,"_monsterinsights_sitenote_active":false,"_monsterinsights_sitenote_note":"","_monsterinsights_sitenote_category":0,"footnotes":""},"categories":[86,49],"tags":[],"class_list":["post-310135","post","type-post","status-publish","format-standard","has-post-thumbnail","hentry","category-gr","category-news-18","category-86","category-49","description-off"],"img_url":"https:\/\/www.radiopiu.net\/wordpress\/wp-content\/uploads\/2022\/12\/Atleti_di_categoria.png","_links":{"self":[{"href":"https:\/\/www.radiopiu.net\/wordpress\/wp-json\/wp\/v2\/posts\/310135","targetHints":{"allow":["GET"]}}],"collection":[{"href":"https:\/\/www.radiopiu.net\/wordpress\/wp-json\/wp\/v2\/posts"}],"about":[{"href":"https:\/\/www.radiopiu.net\/wordpress\/wp-json\/wp\/v2\/types\/post"}],"author":[{"embeddable":true,"href":"https:\/\/www.radiopiu.net\/wordpress\/wp-json\/wp\/v2\/users\/4"}],"replies":[{"embeddable":true,"href":"https:\/\/www.radiopiu.net\/wordpress\/wp-json\/wp\/v2\/comments?post=310135"}],"version-history":[{"count":0,"href":"https:\/\/www.radiopiu.net\/wordpress\/wp-json\/wp\/v2\/posts\/310135\/revisions"}],"wp:featuredmedia":[{"embeddable":true,"href":"https:\/\/www.radiopiu.net\/wordpress\/wp-json\/wp\/v2\/media\/310145"}],"wp:attachment":[{"href":"https:\/\/www.radiopiu.net\/wordpress\/wp-json\/wp\/v2\/media?parent=310135"}],"wp:term":[{"taxonomy":"category","embeddable":true,"href":"https:\/\/www.radiopiu.net\/wordpress\/wp-json\/wp\/v2\/categories?post=310135"},{"taxonomy":"post_tag","embeddable":true,"href":"https:\/\/www.radiopiu.net\/wordpress\/wp-json\/wp\/v2\/tags?post=310135"}],"curies":[{"name":"wp","href":"https:\/\/api.w.org\/{rel}","templated":true}]}}