{"id":310221,"date":"2022-12-06T20:51:26","date_gmt":"2022-12-06T19:51:26","guid":{"rendered":"https:\/\/www.radiopiu.net\/wordpress\/?p=310221"},"modified":"2022-12-06T20:51:26","modified_gmt":"2022-12-06T19:51:26","slug":"la-luna-nasconde-marte-di-claudio-pra","status":"publish","type":"post","link":"https:\/\/www.radiopiu.net\/wordpress\/la-luna-nasconde-marte-di-claudio-pra\/","title":{"rendered":"LA LUNA NASCONDE MARTE, DI CLAUDIO PRA"},"content":{"rendered":"<p><img loading=\"lazy\" decoding=\"async\" class=\"alignleft\" src=\"https:\/\/www.radiopiu.net\/wordpress\/wp-content\/uploads\/2022\/12\/61e535b1-c362-48bd-b698-4d24085e57e1.jpg\" width=\"246\" height=\"257\" \/><strong>REDAZIONE<\/strong>\u00a0 Un raro evento astronomico \u00e8 in programma gioved\u00ec 8 dicembre all&#8217; alba. Protagonisti saranno la Luna piena e Marte, con il nostro satellite naturale che occulter\u00e0 il pianeta. Alzandosi verso le 5.00, gi\u00e0 ad occhio nudo ma meglio con un binocolo, si potr\u00e0\u00a0osservare una stella di color rosso intenso (appunto Marte, non a caso chiamato il &#8220;Pianeta Rosso&#8221;) vicinissima alla Luna. Alle 6.07 Marte sparir\u00e0 dietro al lembo lunare ed in questo caso un binocolo sar\u00e0 necessario per cogliere il momento, cos\u00ec come per veder riapparire Marte dalla parte opposta alle 7.04, con la luce ormai intensa e gli oggetti piuttosto bassi sull&#8217;orizzonte. Ovviamente un telescopio offrir\u00e0 un\u2019osservazione ancora pi\u00f9 interessante, permettendo di distinguere Marte come pianeta. Al momento del fenomeno il &#8220;Pianeta Rosso&#8221; dister\u00e0 circa 80 milioni di km. dalla Terra e sar\u00e0 in opposizione al Sole, situazione favorevolissima per osservarlo. La Luna dister\u00e0 invece &#8220;soltanto&#8221; 400.000 km. e passando fra noi e Marte ce lo nasconder\u00e0. Facendo un esempio \u00e8 come se da bordo strada stessimo osservando una persona dalla parte opposta e questa sparisse per poi riapparire per il passaggio di un autobus. Fenomeno ovviamente di prospettiva dunque, che chiama in causa il cielo e per questo capace di stupire e affascinare.<\/p>\n<p>&nbsp;<\/p>\n<p>&nbsp;<\/p>\n<p>&nbsp;<\/p>\n<p>____<\/p>\n","protected":false},"excerpt":{"rendered":"<p>REDAZIONE\u00a0 Un raro evento astronomico \u00e8 in programma gioved\u00ec 8 dicembre all&#8217; alba. Protagonisti saranno la Luna piena e Marte, con il nostro satellite naturale che occulter\u00e0 il pianeta. Alzandosi verso le 5.00, gi\u00e0 ad occhio nudo ma meglio con un binocolo, si potr\u00e0\u00a0osservare una stella di color rosso intenso (appunto Marte, non a caso&hellip;<\/p>\n","protected":false},"author":4,"featured_media":310214,"comment_status":"closed","ping_status":"closed","sticky":false,"template":"","format":"standard","meta":{"_monsterinsights_skip_tracking":false,"_monsterinsights_sitenote_active":false,"_monsterinsights_sitenote_note":"","_monsterinsights_sitenote_category":0,"footnotes":""},"categories":[104,49],"tags":[],"class_list":["post-310221","post","type-post","status-publish","format-standard","has-post-thumbnail","hentry","category-evidenza_3","category-news-18","category-104","category-49","description-off"],"img_url":"https:\/\/www.radiopiu.net\/wordpress\/wp-content\/uploads\/2022\/12\/61e535b1-c362-48bd-b698-4d24085e57e1.jpg","_links":{"self":[{"href":"https:\/\/www.radiopiu.net\/wordpress\/wp-json\/wp\/v2\/posts\/310221","targetHints":{"allow":["GET"]}}],"collection":[{"href":"https:\/\/www.radiopiu.net\/wordpress\/wp-json\/wp\/v2\/posts"}],"about":[{"href":"https:\/\/www.radiopiu.net\/wordpress\/wp-json\/wp\/v2\/types\/post"}],"author":[{"embeddable":true,"href":"https:\/\/www.radiopiu.net\/wordpress\/wp-json\/wp\/v2\/users\/4"}],"replies":[{"embeddable":true,"href":"https:\/\/www.radiopiu.net\/wordpress\/wp-json\/wp\/v2\/comments?post=310221"}],"version-history":[{"count":0,"href":"https:\/\/www.radiopiu.net\/wordpress\/wp-json\/wp\/v2\/posts\/310221\/revisions"}],"wp:featuredmedia":[{"embeddable":true,"href":"https:\/\/www.radiopiu.net\/wordpress\/wp-json\/wp\/v2\/media\/310214"}],"wp:attachment":[{"href":"https:\/\/www.radiopiu.net\/wordpress\/wp-json\/wp\/v2\/media?parent=310221"}],"wp:term":[{"taxonomy":"category","embeddable":true,"href":"https:\/\/www.radiopiu.net\/wordpress\/wp-json\/wp\/v2\/categories?post=310221"},{"taxonomy":"post_tag","embeddable":true,"href":"https:\/\/www.radiopiu.net\/wordpress\/wp-json\/wp\/v2\/tags?post=310221"}],"curies":[{"name":"wp","href":"https:\/\/api.w.org\/{rel}","templated":true}]}}