{"id":310223,"date":"2022-12-06T20:58:37","date_gmt":"2022-12-06T19:58:37","guid":{"rendered":"https:\/\/www.radiopiu.net\/wordpress\/?p=310223"},"modified":"2022-12-06T20:58:37","modified_gmt":"2022-12-06T19:58:37","slug":"il-natale-a-la-valle-calendario-di-eventi-da-san-nicolo-alla-befana","status":"publish","type":"post","link":"https:\/\/www.radiopiu.net\/wordpress\/il-natale-a-la-valle-calendario-di-eventi-da-san-nicolo-alla-befana\/","title":{"rendered":"IL NATALE A LA VALLE, CALENDARIO DI EVENTI DA SAN NICOLO&#8217; ALLA BEFANA"},"content":{"rendered":"<p><strong><a class=\"dt-pswp-item\" href=\"https:\/\/www.radiopiu.net\/wordpress\/wp-content\/uploads\/2022\/12\/5e9aedad-b893-44ff-9579-9f18cabba57b.jpg\" data-dt-img-description=\"\" data-large_image_width=\"1448\" data-large_image_height=\"2048\"><img loading=\"lazy\" decoding=\"async\" class=\"wp-image-310224 alignleft\" src=\"https:\/\/www.radiopiu.net\/wordpress\/wp-content\/uploads\/2022\/12\/5e9aedad-b893-44ff-9579-9f18cabba57b-212x300.jpg\" alt=\"\" width=\"158\" height=\"224\" srcset=\"https:\/\/www.radiopiu.net\/wordpress\/wp-content\/uploads\/2022\/12\/5e9aedad-b893-44ff-9579-9f18cabba57b-212x300.jpg 212w, https:\/\/www.radiopiu.net\/wordpress\/wp-content\/uploads\/2022\/12\/5e9aedad-b893-44ff-9579-9f18cabba57b-724x1024.jpg 724w, https:\/\/www.radiopiu.net\/wordpress\/wp-content\/uploads\/2022\/12\/5e9aedad-b893-44ff-9579-9f18cabba57b-768x1086.jpg 768w, https:\/\/www.radiopiu.net\/wordpress\/wp-content\/uploads\/2022\/12\/5e9aedad-b893-44ff-9579-9f18cabba57b-1086x1536.jpg 1086w, https:\/\/www.radiopiu.net\/wordpress\/wp-content\/uploads\/2022\/12\/5e9aedad-b893-44ff-9579-9f18cabba57b.jpg 1448w\" sizes=\"auto, (max-width: 158px) 100vw, 158px\" \/><\/a>LA VALLE AGORDINA<\/strong> Con il passaggio di San Nicolo&#8217; \u00e8 entrato il Natale lavallese per iniziativa della Proloco del paese. Domenica 11 dicembre \u00e8 in programma El Merc\u00e0 de L&#8217;invern, gemellato con Riva Nadal (in programma a Rivamonte il 18 dicembre) e prevede dalle 10 il mercatino dei prodotti\u00a0 tipici selezionati nella piazza della chiesa fino alle 19. Alle 15.30 la lettura per bambini sotto l&#8217;albero con le ragazze della libreria Quatrocchi, di seguito i canti di Natale con i bambini dell&#8217;asilo e l&#8217;accensione dell&#8217;albero. Funzioner\u00e0 un punto di ristoro per tutto il giorno. Dal 21 dicembre &#8220;inte per anter&#8221; i presepi tra le burele di La Valle, sar\u00e0 distribuita la mappa dei partecipanti anche per agevolare le votazioni. Venerdi 23 Doi note per le Vile con la Schola Cantorum e dalle 20 serata di musica itinerante tra Cugnach, Fades e Lantrago. Sabato 24 dicembre gli auguri sotto l&#8217;albero e la messa di mezzanotte. Infine giovedi 5 gennaio l&#8217;arrivo della befana e delle donaze con la premiazione del concorso inter per anter.<\/p>\n<p>&nbsp;<\/p>\n<p>___<\/p>\n","protected":false},"excerpt":{"rendered":"<p>LA VALLE AGORDINA Con il passaggio di San Nicolo&#8217; \u00e8 entrato il Natale lavallese per iniziativa della Proloco del paese. Domenica 11 dicembre \u00e8 in programma El Merc\u00e0 de L&#8217;invern, gemellato con Riva Nadal (in programma a Rivamonte il 18 dicembre) e prevede dalle 10 il mercatino dei prodotti\u00a0 tipici selezionati nella piazza della chiesa&hellip;<\/p>\n","protected":false},"author":4,"featured_media":310225,"comment_status":"closed","ping_status":"closed","sticky":false,"template":"","format":"standard","meta":{"_monsterinsights_skip_tracking":false,"_monsterinsights_sitenote_active":false,"_monsterinsights_sitenote_note":"","_monsterinsights_sitenote_category":0,"footnotes":""},"categories":[49],"tags":[],"class_list":["post-310223","post","type-post","status-publish","format-standard","has-post-thumbnail","hentry","category-news-18","category-49","description-off"],"img_url":"https:\/\/www.radiopiu.net\/wordpress\/wp-content\/uploads\/2022\/12\/Senza-nome-35.jpg","_links":{"self":[{"href":"https:\/\/www.radiopiu.net\/wordpress\/wp-json\/wp\/v2\/posts\/310223","targetHints":{"allow":["GET"]}}],"collection":[{"href":"https:\/\/www.radiopiu.net\/wordpress\/wp-json\/wp\/v2\/posts"}],"about":[{"href":"https:\/\/www.radiopiu.net\/wordpress\/wp-json\/wp\/v2\/types\/post"}],"author":[{"embeddable":true,"href":"https:\/\/www.radiopiu.net\/wordpress\/wp-json\/wp\/v2\/users\/4"}],"replies":[{"embeddable":true,"href":"https:\/\/www.radiopiu.net\/wordpress\/wp-json\/wp\/v2\/comments?post=310223"}],"version-history":[{"count":0,"href":"https:\/\/www.radiopiu.net\/wordpress\/wp-json\/wp\/v2\/posts\/310223\/revisions"}],"wp:featuredmedia":[{"embeddable":true,"href":"https:\/\/www.radiopiu.net\/wordpress\/wp-json\/wp\/v2\/media\/310225"}],"wp:attachment":[{"href":"https:\/\/www.radiopiu.net\/wordpress\/wp-json\/wp\/v2\/media?parent=310223"}],"wp:term":[{"taxonomy":"category","embeddable":true,"href":"https:\/\/www.radiopiu.net\/wordpress\/wp-json\/wp\/v2\/categories?post=310223"},{"taxonomy":"post_tag","embeddable":true,"href":"https:\/\/www.radiopiu.net\/wordpress\/wp-json\/wp\/v2\/tags?post=310223"}],"curies":[{"name":"wp","href":"https:\/\/api.w.org\/{rel}","templated":true}]}}