{"id":310269,"date":"2022-12-07T07:55:55","date_gmt":"2022-12-07T06:55:55","guid":{"rendered":"https:\/\/www.radiopiu.net\/wordpress\/?p=310269"},"modified":"2022-12-07T08:50:51","modified_gmt":"2022-12-07T07:50:51","slug":"dal-1983-la-rassegna-stampa-locale-alle-8-del-mattino-con-mirko-mezzacasa","status":"publish","type":"post","link":"https:\/\/www.radiopiu.net\/wordpress\/dal-1983-la-rassegna-stampa-locale-alle-8-del-mattino-con-mirko-mezzacasa\/","title":{"rendered":"DAL 1983 LA RASSEGNA STAMPA LOCALE ALLE 8 DEL MATTINO CON MIRKO MEZZACASA"},"content":{"rendered":"<p><strong>VALANGA<\/strong> in Marmolada, travolto uno scialpinista, il sindaco Andrea De Bernardin auspica non se ne faccia un dramma &#8220;non \u00e8 la Marmolada pericolosa, eventi cos\u00ec ci sono sempre stati&#8221;. Gli esperti &#8220;Nessuno andrebbe in Marmolada con le condizioni meteo come ieri, la neve \u00e8 instabile&#8221;. <strong>CADORE-COMELICO<\/strong> L&#8217;addio a Giorgio Morvidoni, l&#8217;uomo dei massaggi agli sportivi, lavoro&#8217; anche con Graziani nel reality e massaggio&#8217; il figlio di Diego Armando Maradona nel Cervia. <strong>TERREMOTO<\/strong> Lieve scossa a Seren del Grappa, stamane alle 3.36 rilevata anche dal sismografo di Agordo <strong>STAGIONE<\/strong> Tutto pronto per il ponte dell&#8217;Immacolata, impianti aperti e negli alberghi si registra il tutto esaurito. Completato l&#8217;innevamento da Alleghe a Falcade ed Arabba. <strong>AGORDO<\/strong> La caserma dei vigili del fuoco in cambio dell&#8217;ex poligono di Crostolin, prove tecniche dell&#8217;amministrazione comunale <strong>CANALE D&#8217;AGORDO<\/strong> Cade in strada con il marito, fa causa al Comune ma non otterr\u00e0 un euro. <strong>BELLUNO<\/strong> Per il campo sportivo di Castion la regione assegna 70mila euro per la bonifica di un&#8217;area avvelenata da idrocarburi. <strong>LEGA<\/strong> Confermato alla guida del partito Paolo Luciani. <strong>BELLUNO<\/strong> \u00c8 ripresa da qualche settimana a Belluno l\u2019attivit\u00e0 di educazione stradale nelle scuole che vede impegnata la Polizia Locale del capoluogo in lezioni teoriche e attivit\u00e0 pratiche. <strong>SEREN DEL GRAPPA<\/strong> Piano di risparmio energetico nel Comune di Seren: a gennaio lampioni stradali accesi in modo alternato.Il sindaco Dario Scopel: \u201cNelle piazze alberi di Natale addobbati senza luminarie: un segno di rispetto e coerenza con la situazione che viviamo\u201d.<br \/>\n<strong>BELLUNO<\/strong> Radiologia di Belluno: restyling per accogliere nuove tecnologie <strong>AURONZO<\/strong> Il palaghiaccio sar\u00e0 demolito, lo ha deciso l&#8217;amministrazione comunale al suo posto non \u00e8 ancora chiaro cosa sorger\u00e0 in accordo con le societ\u00e0 del territorio. <strong>SAN NICOLO&#8217;<\/strong> Tradizioni rispettate, il santo in arrampicata alla vertik area a San Tomaso, con gli alpini a Frassene&#8217; di Voltago.<\/p>\n<p>&nbsp;<\/p>\n<p><iframe loading=\"lazy\" title=\"RASSEGNA STAMPA LOCALE\" width=\"1200\" height=\"675\" src=\"https:\/\/www.youtube.com\/embed\/mLuihvvTGS8?feature=oembed\" frameborder=\"0\" allow=\"accelerometer; autoplay; clipboard-write; encrypted-media; gyroscope; picture-in-picture\" allowfullscreen><\/iframe><\/p>\n<p>&nbsp;<\/p>\n<p>&nbsp;<\/p>\n<p>___<\/p>\n","protected":false},"excerpt":{"rendered":"<p>VALANGA in Marmolada, travolto uno scialpinista, il sindaco Andrea De Bernardin auspica non se ne faccia un dramma &#8220;non \u00e8 la Marmolada pericolosa, eventi cos\u00ec ci sono sempre stati&#8221;. Gli esperti &#8220;Nessuno andrebbe in Marmolada con le condizioni meteo come ieri, la neve \u00e8 instabile&#8221;. CADORE-COMELICO L&#8217;addio a Giorgio Morvidoni, l&#8217;uomo dei massaggi agli sportivi,&hellip;<\/p>\n","protected":false},"author":4,"featured_media":310239,"comment_status":"closed","ping_status":"closed","sticky":false,"template":"","format":"standard","meta":{"_monsterinsights_skip_tracking":false,"_monsterinsights_sitenote_active":false,"_monsterinsights_sitenote_note":"","_monsterinsights_sitenote_category":0,"footnotes":""},"categories":[104,49,142],"tags":[],"class_list":["post-310269","post","type-post","status-publish","format-standard","has-post-thumbnail","hentry","category-evidenza_3","category-news-18","category-rassegna-stampa","category-104","category-49","category-142","description-off"],"img_url":"https:\/\/www.radiopiu.net\/wordpress\/wp-content\/uploads\/2022\/12\/Senza-nome-36.jpg","_links":{"self":[{"href":"https:\/\/www.radiopiu.net\/wordpress\/wp-json\/wp\/v2\/posts\/310269","targetHints":{"allow":["GET"]}}],"collection":[{"href":"https:\/\/www.radiopiu.net\/wordpress\/wp-json\/wp\/v2\/posts"}],"about":[{"href":"https:\/\/www.radiopiu.net\/wordpress\/wp-json\/wp\/v2\/types\/post"}],"author":[{"embeddable":true,"href":"https:\/\/www.radiopiu.net\/wordpress\/wp-json\/wp\/v2\/users\/4"}],"replies":[{"embeddable":true,"href":"https:\/\/www.radiopiu.net\/wordpress\/wp-json\/wp\/v2\/comments?post=310269"}],"version-history":[{"count":0,"href":"https:\/\/www.radiopiu.net\/wordpress\/wp-json\/wp\/v2\/posts\/310269\/revisions"}],"wp:featuredmedia":[{"embeddable":true,"href":"https:\/\/www.radiopiu.net\/wordpress\/wp-json\/wp\/v2\/media\/310239"}],"wp:attachment":[{"href":"https:\/\/www.radiopiu.net\/wordpress\/wp-json\/wp\/v2\/media?parent=310269"}],"wp:term":[{"taxonomy":"category","embeddable":true,"href":"https:\/\/www.radiopiu.net\/wordpress\/wp-json\/wp\/v2\/categories?post=310269"},{"taxonomy":"post_tag","embeddable":true,"href":"https:\/\/www.radiopiu.net\/wordpress\/wp-json\/wp\/v2\/tags?post=310269"}],"curies":[{"name":"wp","href":"https:\/\/api.w.org\/{rel}","templated":true}]}}