{"id":310285,"date":"2022-12-09T05:26:14","date_gmt":"2022-12-09T04:26:14","guid":{"rendered":"https:\/\/www.radiopiu.net\/wordpress\/?p=310285"},"modified":"2022-12-09T07:02:27","modified_gmt":"2022-12-09T06:02:27","slug":"giornale-radiopiu-09-dicembre-2022-direttore-mirko-mezzacasa","status":"publish","type":"post","link":"https:\/\/www.radiopiu.net\/wordpress\/giornale-radiopiu-09-dicembre-2022-direttore-mirko-mezzacasa\/","title":{"rendered":"GIORNALE RADIOPIU 09 DICEMBRE 2022 DIRETTORE MIRKO MEZZACASA"},"content":{"rendered":"<h3 class=\"kvgmc6g5 cxmmr5t8 oygrvhab hcukyx3x c1et5uql\"><span style=\"color: #0000ff;\"><strong>RADIO PIU INFORMAZIONE il canale su TELEGRAM informazione di prima\u00a0 <\/strong><strong>mano e in tempo reale. iscriviti ed aiutaci a farlo conoscere\u00a0 \u00a0<\/strong><\/span><\/h3>\n<p>&nbsp;<\/p>\n<h2><span style=\"color: #ff0000;\">ISCRIVITI AL NOSTRO CANALE YOUTUBE PER SEGUIRE IN DIRETTA I PRINCIPALI PROGRAMMI DI RADIO PIU&#8217; E LE FUTURE DIRETTE IN ESTERNA. PER ISCRIVERTI <a style=\"color: #ff0000;\" href=\"https:\/\/youtube.com\/@radiopiu1527\">CLICCA QUI<\/a> E PREMI IL TASTO &#8220;Iscriviti&#8221;<\/span><\/h2>\n<p>&nbsp;<\/p>\n<hr \/>\n<p>&nbsp;<\/p>\n<p><strong>LA VALLE\u00a0<\/strong> revoca parziale della precedente ordinanza, divieto di transito veicolare di via Fades sul ponte che attraversa il torrente Missiaga, apertura al transito pedonale sul ponte.<\/p>\n<div class=\"addthis_sharing_toolbox\" data-url=\"http:\/\/sfoglio.corrierealpi.gelocal.it\/share_article.php?article_id=11421220\" data-title=\"Passaggio pedonaledosso e piazzetta:pedoni pi\u00f9 sicurisulle strade di RasaiDisagi sulla 251, ritardip...\"><\/div>\n<p class=\"articlePlainText\"><strong>ERTO E CASSO<\/strong> Fino al 20 dicembre lungo l&#8217;ex statale 251 della Valcellina &#8211; Val di Zoldo transito regolato da semaforo 24 ore su 24<\/p>\n<p>&nbsp;<\/p>\n<hr \/>\n<p>&nbsp;<\/p>\n<blockquote>\n<h3>TUTTI IN CODA! FINALMENTE IL RITORNO ALLA NORMALITA&#8217; E IL PIENONE TURISTICO<\/h3>\n<\/blockquote>\n<div id=\"articleContent\" class=\"mercuryWrapper\">\n<div class=\"mercuryScroller\">\n<div class=\"mercuryElement\">\n<div class=\"mercuryBox\">\n<div id=\"articlePlain\">\n<div class=\"articlePlainText\">\n<p><strong>REDAZIONE<\/strong>\u00a0 Neve, sole, cielo azzurro, luna piena, feste sotto l&#8217;albero, mercatini. Eccezionale fine settimana dell&#8217;Immacolata con il pienone sulle piste e sulle strade. Centinaia i turisti\u00a0 in viaggio e file interminabili\u00a0 con la\u00a0 viabilit\u00e0 in affanno per ore, anche all&#8217;interno dei paesi. Traffico intenso lungo l&#8217;Alemagna, in salita verso il Cadore, Cortina e Auronzo, lungo la 203 e la 346 del San Pellegrino per le mete agordine. L&#8217;uscita dell&#8217;A27 a Pian di Vedoia ha registrato le prime code prima delle 8. (foto Telegram Viabilit\u00e0 Provincia Belluno &#8211; vpb)<\/p>\n\n\t\t\t<style type='text\/css'>\n\t\t\t\t#gallery-1 {\n\t\t\t\t\tmargin: auto;\n\t\t\t\t}\n\t\t\t\t#gallery-1 .gallery-item {\n\t\t\t\t\tfloat: left;\n\t\t\t\t\tmargin-top: 10px;\n\t\t\t\t\ttext-align: center;\n\t\t\t\t\twidth: 50%;\n\t\t\t\t}\n\t\t\t\t#gallery-1 img {\n\t\t\t\t\tborder: 2px solid #cfcfcf;\n\t\t\t\t}\n\t\t\t\t#gallery-1 .gallery-caption {\n\t\t\t\t\tmargin-left: 0;\n\t\t\t\t}\n\t\t\t\t\/* see gallery_shortcode() in wp-includes\/media.php *\/\n\t\t\t<\/style>\n\t\t<div id='gallery-1' class='dt-gallery-container gallery galleryid-310285 gallery-columns-2 gallery-size-medium'><dl class='gallery-item'>\n\t\t\t\t<dt class='gallery-icon landscape'>\n\t\t\t\t\t<a class=\"rollover rollover-zoom dt-pswp-item\" title=\"25f3bde4-aadd-4656-9ede-22baa6502ffb\" data-dt-img-description=\"\" data-large_image_width=\"958\" data-large_image_height=\"623\"href='https:\/\/www.radiopiu.net\/wordpress\/wp-content\/uploads\/2022\/12\/25f3bde4-aadd-4656-9ede-22baa6502ffb.jpg'><img loading=\"lazy\" decoding=\"async\" width=\"300\" height=\"195\" src=\"https:\/\/www.radiopiu.net\/wordpress\/wp-content\/uploads\/2022\/12\/25f3bde4-aadd-4656-9ede-22baa6502ffb-300x195.jpg\" class=\"attachment-medium size-medium\" alt=\"\" srcset=\"https:\/\/www.radiopiu.net\/wordpress\/wp-content\/uploads\/2022\/12\/25f3bde4-aadd-4656-9ede-22baa6502ffb-300x195.jpg 300w, https:\/\/www.radiopiu.net\/wordpress\/wp-content\/uploads\/2022\/12\/25f3bde4-aadd-4656-9ede-22baa6502ffb-768x499.jpg 768w, https:\/\/www.radiopiu.net\/wordpress\/wp-content\/uploads\/2022\/12\/25f3bde4-aadd-4656-9ede-22baa6502ffb.jpg 958w\" sizes=\"auto, (max-width: 300px) 100vw, 300px\" \/><\/a>\n\t\t\t\t<\/dt><\/dl><dl class='gallery-item'>\n\t\t\t\t<dt class='gallery-icon portrait'>\n\t\t\t\t\t<a class=\"rollover rollover-zoom dt-pswp-item\" title=\"825f5751-a9e3-4137-8f09-3bcd8289eaa3\" data-dt-img-description=\"\" data-large_image_width=\"960\" data-large_image_height=\"1280\"href='https:\/\/www.radiopiu.net\/wordpress\/wp-content\/uploads\/2022\/12\/825f5751-a9e3-4137-8f09-3bcd8289eaa3.jpg'><img loading=\"lazy\" decoding=\"async\" width=\"225\" height=\"300\" src=\"https:\/\/www.radiopiu.net\/wordpress\/wp-content\/uploads\/2022\/12\/825f5751-a9e3-4137-8f09-3bcd8289eaa3-225x300.jpg\" class=\"attachment-medium size-medium\" alt=\"\" srcset=\"https:\/\/www.radiopiu.net\/wordpress\/wp-content\/uploads\/2022\/12\/825f5751-a9e3-4137-8f09-3bcd8289eaa3-225x300.jpg 225w, https:\/\/www.radiopiu.net\/wordpress\/wp-content\/uploads\/2022\/12\/825f5751-a9e3-4137-8f09-3bcd8289eaa3-768x1024.jpg 768w, https:\/\/www.radiopiu.net\/wordpress\/wp-content\/uploads\/2022\/12\/825f5751-a9e3-4137-8f09-3bcd8289eaa3.jpg 960w\" sizes=\"auto, (max-width: 225px) 100vw, 225px\" \/><\/a>\n\t\t\t\t<\/dt><\/dl><br style=\"clear: both\" \/>\n\t\t\t<\/div>\n\n<\/div>\n<\/div>\n<\/div>\n<\/div>\n<\/div>\n<\/div>\n<hr \/>\n<p>&nbsp;<\/p>\n<blockquote>\n<h3>I BALORDI &#8220;LOCALI&#8221; AUTORI DELLA RAPINA A PONTE NELLE ALPI<\/h3>\n<\/blockquote>\n<p><strong>BELLUNO <\/strong>Due misure, una cautelare in carcere, nei confronti di un 17enne e un 16enne considerati autori materiali della sanguinosa rapina. Altri due sono indagati per favoreggiamento. La squadra mobile della questura di Belluno ha dato una svolta alle indagini sulla rapina al minimarket Ardivel di Ponte nelle Alpi individuando i due presunti autori e altri due ragazzi presunti e probabilmente ignari fiancheggiatori.<\/p>\n<p><strong> DI MORENO GIOLI<\/strong><\/p>\n<audio class=\"wp-audio-shortcode\" id=\"audio-310285-1\" preload=\"none\" style=\"width: 100%;\" controls=\"controls\"><source type=\"audio\/mpeg\" src=\"https:\/\/www.radiopiu.net\/wordpress\/wp-content\/uploads\/2022\/12\/arrresti-rapina-ponte-1.mp3?_=1\" \/><a href=\"https:\/\/www.radiopiu.net\/wordpress\/wp-content\/uploads\/2022\/12\/arrresti-rapina-ponte-1.mp3\">https:\/\/www.radiopiu.net\/wordpress\/wp-content\/uploads\/2022\/12\/arrresti-rapina-ponte-1.mp3<\/a><\/audio>\n<blockquote><p><em>&#8220;ipotesi di reato: rapina pluriaggravata, lesioni personali aggravate e porto abusivo di oggetti atti a offendere. Per i due indagati l\u2019accusa \u00e8 di favoreggiamento, forse inconsapevolmente avrebbero custodito i vestiti dei presunti autori della rapina&#8221;. <\/em><\/p><\/blockquote>\n\n\t\t\t<style type='text\/css'>\n\t\t\t\t#gallery-2 {\n\t\t\t\t\tmargin: auto;\n\t\t\t\t}\n\t\t\t\t#gallery-2 .gallery-item {\n\t\t\t\t\tfloat: left;\n\t\t\t\t\tmargin-top: 10px;\n\t\t\t\t\ttext-align: center;\n\t\t\t\t\twidth: 50%;\n\t\t\t\t}\n\t\t\t\t#gallery-2 img {\n\t\t\t\t\tborder: 2px solid #cfcfcf;\n\t\t\t\t}\n\t\t\t\t#gallery-2 .gallery-caption {\n\t\t\t\t\tmargin-left: 0;\n\t\t\t\t}\n\t\t\t\t\/* see gallery_shortcode() in wp-includes\/media.php *\/\n\t\t\t<\/style>\n\t\t<div id='gallery-2' class='dt-gallery-container gallery galleryid-310285 gallery-columns-2 gallery-size-thumbnail'><dl class='gallery-item'>\n\t\t\t\t<dt class='gallery-icon landscape'>\n\t\t\t\t\t<a class=\"rollover rollover-zoom dt-pswp-item\" title=\"b4095caa-2ef6-4a56-88a9-701f76457be1\" data-dt-img-description=\"\" data-large_image_width=\"1600\" data-large_image_height=\"902\"href='https:\/\/www.radiopiu.net\/wordpress\/wp-content\/uploads\/2022\/12\/b4095caa-2ef6-4a56-88a9-701f76457be1.jpg'><img loading=\"lazy\" decoding=\"async\" width=\"150\" height=\"150\" src=\"https:\/\/www.radiopiu.net\/wordpress\/wp-content\/uploads\/2022\/12\/b4095caa-2ef6-4a56-88a9-701f76457be1-150x150.jpg\" class=\"attachment-thumbnail size-thumbnail\" alt=\"\" \/><\/a>\n\t\t\t\t<\/dt><\/dl><dl class='gallery-item'>\n\t\t\t\t<dt class='gallery-icon landscape'>\n\t\t\t\t\t<a class=\"rollover rollover-zoom dt-pswp-item\" title=\"dc30fc38-37c3-4b11-99e0-4cf6e776effd\" data-dt-img-description=\"\" data-large_image_width=\"1600\" data-large_image_height=\"902\"href='https:\/\/www.radiopiu.net\/wordpress\/wp-content\/uploads\/2022\/12\/dc30fc38-37c3-4b11-99e0-4cf6e776effd.jpg'><img loading=\"lazy\" decoding=\"async\" width=\"150\" height=\"150\" src=\"https:\/\/www.radiopiu.net\/wordpress\/wp-content\/uploads\/2022\/12\/dc30fc38-37c3-4b11-99e0-4cf6e776effd-150x150.jpg\" class=\"attachment-thumbnail size-thumbnail\" alt=\"\" \/><\/a>\n\t\t\t\t<\/dt><\/dl><br style=\"clear: both\" \/>\n\t\t\t<\/div>\n\n<blockquote><p><em>&#8220;Delinquenti nati in provincia,\u00a0 gi\u00e0 con precedenti e\u00a0 frequentatori del gruppo al parco citt\u00e0 di Bologna&#8221;.\u00a0<\/em><\/p><\/blockquote>\n<p>&nbsp;<\/p>\n<hr \/>\n<p>&nbsp;<\/p>\n<blockquote>\n<h3>INCIDENTE CON GLI SCI A CIMA UOMO<\/h3>\n<\/blockquote>\n<p><strong>PASSO SAN PELLEGRINO<\/strong> Intervento nella mattinata di ieri dell&#8217;elicottero del SUEM a Cima Uomo. Nella mattinata uno sciatore che stava facendo fuori pista \u00e8 caduto rovinosamente tanto da dover richiedere l&#8217;intervento dei soccorsi, L&#8217;elicottero ha recuperato lo sciatore.<\/p>\n<div style=\"width: 640px;\" class=\"wp-video\"><video class=\"wp-video-shortcode\" id=\"video-310285-1\" width=\"640\" height=\"352\" preload=\"metadata\" controls=\"controls\"><source type=\"video\/mp4\" src=\"https:\/\/www.radiopiu.net\/wordpress\/wp-content\/uploads\/2022\/12\/WhatsApp-Video-2022-12-08-at-12.47.09.mp4?_=1\" \/><a href=\"https:\/\/www.radiopiu.net\/wordpress\/wp-content\/uploads\/2022\/12\/WhatsApp-Video-2022-12-08-at-12.47.09.mp4\">https:\/\/www.radiopiu.net\/wordpress\/wp-content\/uploads\/2022\/12\/WhatsApp-Video-2022-12-08-at-12.47.09.mp4<\/a><\/video><\/div>\n<p>&nbsp;<\/p>\n<hr \/>\n<p>&nbsp;<\/p>\n<blockquote>\n<h3>MINIBUS BLOCCATO SUL FEDAIA. I VIGILI DEL FUOCO DI CAPRILE CORRONO IN AIUTO<\/h3>\n<\/blockquote>\n<p><strong><a class=\"dt-pswp-item\" href=\"https:\/\/www.radiopiu.net\/wordpress\/wp-content\/uploads\/2022\/12\/318323165_1548291872265555_5371294103456230984_n.jpg\" data-dt-img-description=\"\" data-large_image_width=\"720\" data-large_image_height=\"540\"><img loading=\"lazy\" decoding=\"async\" class=\" wp-image-310312 alignleft\" src=\"https:\/\/www.radiopiu.net\/wordpress\/wp-content\/uploads\/2022\/12\/318323165_1548291872265555_5371294103456230984_n-300x225.jpg\" alt=\"\" width=\"129\" height=\"97\" srcset=\"https:\/\/www.radiopiu.net\/wordpress\/wp-content\/uploads\/2022\/12\/318323165_1548291872265555_5371294103456230984_n-300x225.jpg 300w, https:\/\/www.radiopiu.net\/wordpress\/wp-content\/uploads\/2022\/12\/318323165_1548291872265555_5371294103456230984_n.jpg 720w\" sizes=\"auto, (max-width: 129px) 100vw, 129px\" \/><\/a>ROCCA PIETORE<\/strong> Nella notte tra luned\u00ec e marted\u00ec i Vigili Del Fuoco volontari di Caprile sono saliti sul passo Fedaia per la richiesta di aiuto di un autista di un minibus che era rimasto bloccato sul passo a causa della neve. Allertati dalla sala operativa di Belluno, i pompieri sono saliti sul passo per recuperare il mezzo. Intervenuti anche i Carabinieri di Caprile. Ricordiamo che in questo periodo dell&#8217;anno vige l&#8217;obbligo dell&#8217;utilizzo di gomme invernali o di catene a bordo.<\/p>\n<p>&nbsp;<\/p>\n<p>&nbsp;<\/p>\n<hr \/>\n<p>&nbsp;<\/p>\n<blockquote>\n<h3>QUANDO L&#8217;AUSTRALIANA TI METTE A LETTO, RIECCO L&#8217;INFLUENZA<\/h3>\n<\/blockquote>\n<p><strong>BELLUNO<\/strong><\/p>\n<p><strong>DI MORENO GIOLI<\/strong><\/p>\n<audio class=\"wp-audio-shortcode\" id=\"audio-310285-2\" preload=\"none\" style=\"width: 100%;\" controls=\"controls\"><source type=\"audio\/mpeg\" src=\"https:\/\/www.radiopiu.net\/wordpress\/wp-content\/uploads\/2022\/12\/INFLUENZA.mp3?_=2\" \/><a href=\"https:\/\/www.radiopiu.net\/wordpress\/wp-content\/uploads\/2022\/12\/INFLUENZA.mp3\">https:\/\/www.radiopiu.net\/wordpress\/wp-content\/uploads\/2022\/12\/INFLUENZA.mp3<\/a><\/audio>\n<p>&nbsp;<\/p>\n<p><strong>IL DIRETTORE DEL DIPARTIMENTO PREVENZIONE DELL&#8217;ULSS1, SANDRO CINQUETTI<\/strong><\/p>\n<audio class=\"wp-audio-shortcode\" id=\"audio-310285-3\" preload=\"none\" style=\"width: 100%;\" controls=\"controls\"><source type=\"audio\/mpeg\" src=\"https:\/\/www.radiopiu.net\/wordpress\/wp-content\/uploads\/2022\/12\/CINQUETTI.mp3?_=3\" \/><a href=\"https:\/\/www.radiopiu.net\/wordpress\/wp-content\/uploads\/2022\/12\/CINQUETTI.mp3\">https:\/\/www.radiopiu.net\/wordpress\/wp-content\/uploads\/2022\/12\/CINQUETTI.mp3<\/a><\/audio>\n<p>&nbsp;<\/p>\n<hr \/>\n<p>&nbsp;<\/p>\n<blockquote>\n<h3>MULTE E TASSE NON PAGATE, IN PROVINCIA DI BELLUNO UN BUCO SUPERIORE AI 20 MILIONI DI EURO<\/h3>\n<\/blockquote>\n<p><strong><a class=\"dt-pswp-item\" href=\"https:\/\/www.radiopiu.net\/wordpress\/wp-content\/uploads\/2019\/02\/Logo_Spi-CGIL-800x445.jpg\" data-dt-img-description=\"\" data-large_image_width=\"800\" data-large_image_height=\"445\"><img loading=\"lazy\" decoding=\"async\" class=\" wp-image-75538 alignleft\" src=\"https:\/\/www.radiopiu.net\/wordpress\/wp-content\/uploads\/2019\/02\/Logo_Spi-CGIL-800x445-300x167.jpg\" alt=\"\" width=\"187\" height=\"104\" srcset=\"https:\/\/www.radiopiu.net\/wordpress\/wp-content\/uploads\/2019\/02\/Logo_Spi-CGIL-800x445-300x167.jpg 300w, https:\/\/www.radiopiu.net\/wordpress\/wp-content\/uploads\/2019\/02\/Logo_Spi-CGIL-800x445-768x427.jpg 768w, https:\/\/www.radiopiu.net\/wordpress\/wp-content\/uploads\/2019\/02\/Logo_Spi-CGIL-800x445.jpg 800w\" sizes=\"auto, (max-width: 187px) 100vw, 187px\" \/><\/a>BELLUNO<\/strong> Il teorema \u00e8 purtroppo semplice se non scontato. Quando cittadini e imprenditori evadono tasse e imposte, nelle casse delle amministrazioni locali vengono a mancare risorse indispensabili per il welfare e, in particolare, per le persone fragili, come disabili e anziani. Anche nel Bellunese il teorema trova conferma nei dati del Mef che, purtroppo, parlano chiaro. Nel 2021 &#8211; a causa del mancato pagamento di multe stradali, oneri di urbanizzazione, proventi derivanti dalla lotta all\u2019evasione e tributi vari &#8211; i bilanci dei Comuni bellunesi registrano una voragine di oltre 20 milioni di euro, circa l\u201911% dei crediti attualmente attivi. In pratica quella somma risulta difficilmente recuperabile dagli Enti locali e viene dunque coperta tramite un apposito fondo dal nome eloquente: \u201ccrediti di dubbia esigibilit\u00e0\u201d. Per farsi un\u2019idea, ogni cittadino residente in provincia &#8211; neonati compresi &#8211; dovrebbe sborsare 101,54 euro per coprire il buco. \u201c<em>Questi dati ci preoccupano e ci fanno riflettere &#8211; \u00e8 l\u2019amaro commento di Maria Rita Gentilin, segretaria generale dello Spi Cgil di Belluno -. Cosa si potrebbe fare nella nostra provincia con quei 20 milioni di euro? Penso ai nostri anziani che vivono in un territorio molto complesso, dove si rischia l\u2019isolamento se non si attuano politiche adeguate sul fronte dell\u2019assistenza e dei trasporti. Penso alle persone non autosufficienti, ai disabili, alle donne che si devono prendersi cura di familiari anziani, non pi\u00f9 in grado di badare a loro stessi. Quando non si paga una multa o si evade un\u2019imposta, si fa del male alla collettivit\u00e0 e, in particolare, si fa un danno ai soggetti pi\u00f9 fragili e soli che nel Bellunese sono molti proprio per le caratteristiche di questo particolare territorio<\/em>\u201d. A livello comunale, il capoluogo, ovviamente, sconta i dati pi\u00f9 emblematici. Al 2021 l\u2019amministrazione di Belluno ha attivi circa 21 milioni e 800 mila euro di crediti e di questi 6 milioni e 300 mila con ogni probabilit\u00e0 non entreranno mai nelle casse del Comune. In pratica, il capoluogo perder\u00e0 con ogni probabilit\u00e0, il 30% degli introiti, quasi 180 euro per ogni residente. Tutte le amministrazioni, per\u00f2, devono fare i conti con questi buchi che nei bilanci vengono coperti, in parte, da un apposito fondo di accantonamento. Emblematico il caso di Cortina. Qui i crediti attivi ammontano a circa 12 milioni e 500 mila euro, di cui un quarto, 3 milioni, difficilmente recuperabili. Mancano all\u2019appello in media 514,95 euro a residente. \u201c<em>Le politiche fiscali &#8211; conclude Gentilin &#8211; sono lo strumento fondamentale per contrastare le diseguaglianze e realizzare un\u2019equa redistribuzione delle risorse. Il nostro sindacato \u00e8 da sempre in prima linea contro l\u2019evasione, per il semplice fatto che le risorse tolte al Fisco sono molto spesso risorse tolte alle politiche sociali, quindi alle persone fragili fra le quali annoveriamo anche molti dei nostri anziani. I dati mostrano come i crediti che difficilmente verranno recuperati dagli enti e dallo Stato raggiungano cifre ragguardevoli e danno l\u2019idea che siamo in un Paese in cui i pi\u00f9 furbi vengono premiati a scapito delle tante persone oneste che, anche a costo di grandi sacrifici, pagano tutte le imposte, dal primo all\u2019ultimo euro. Ora siamo molto preoccupati perch\u00e9 il nuovo governo ha avviato la politica dei condoni chiamata pace o tregua fiscale. Noi rifiutiamo con forza questi provvedimenti e anzi, diciamo da sempre che il tema dell\u2019evasione fiscale va affrontato inasprendo i controlli e le sanzioni nei confronti degli evasori, evitando i condoni e l\u2019introduzione di una tassa piatta che favorisce solo i redditi alti e colpisce ancora una volta i redditi da lavoro e da pensione. Per una vera giustizia sociale va introdotta invece una tassazione sui grandi patrimoni<\/em>\u201d.<\/p>\n<p>&nbsp;<\/p>\n<p>&nbsp;<\/p>\n<hr \/>\n<p>&nbsp;<\/p>\n<blockquote>\n<h3>LA COOPERATIVA LATTERIA DI VALLATA RIMANE A TOCCOL<\/h3>\n<\/blockquote>\n<p><strong><a class=\"dt-pswp-item\" href=\"https:\/\/www.radiopiu.net\/wordpress\/wp-content\/uploads\/2022\/12\/Schermata-2022-12-07-alle-23.07.08.png\" data-dt-img-description=\"\" data-large_image_width=\"1550\" data-large_image_height=\"904\"><img loading=\"lazy\" decoding=\"async\" class=\" wp-image-310434 alignleft\" src=\"https:\/\/www.radiopiu.net\/wordpress\/wp-content\/uploads\/2022\/12\/Schermata-2022-12-07-alle-23.07.08-300x175.png\" alt=\"\" width=\"201\" height=\"117\" srcset=\"https:\/\/www.radiopiu.net\/wordpress\/wp-content\/uploads\/2022\/12\/Schermata-2022-12-07-alle-23.07.08-300x175.png 300w, https:\/\/www.radiopiu.net\/wordpress\/wp-content\/uploads\/2022\/12\/Schermata-2022-12-07-alle-23.07.08-1024x597.png 1024w, https:\/\/www.radiopiu.net\/wordpress\/wp-content\/uploads\/2022\/12\/Schermata-2022-12-07-alle-23.07.08-768x448.png 768w, https:\/\/www.radiopiu.net\/wordpress\/wp-content\/uploads\/2022\/12\/Schermata-2022-12-07-alle-23.07.08-1536x896.png 1536w, https:\/\/www.radiopiu.net\/wordpress\/wp-content\/uploads\/2022\/12\/Schermata-2022-12-07-alle-23.07.08.png 1550w\" sizes=\"auto, (max-width: 201px) 100vw, 201px\" \/><\/a>AGORDO<\/strong><\/p>\n<p>di Gianni Santomaso<\/p>\n<audio class=\"wp-audio-shortcode\" id=\"audio-310285-4\" preload=\"none\" style=\"width: 100%;\" controls=\"controls\"><source type=\"audio\/mpeg\" src=\"https:\/\/www.radiopiu.net\/wordpress\/wp-content\/uploads\/2022\/12\/GIANNI-LA-COOPERATIVA-LATTERIA-DI-VALLATA-RIMANE-A-TOCCOL.mp3?_=4\" \/><a href=\"https:\/\/www.radiopiu.net\/wordpress\/wp-content\/uploads\/2022\/12\/GIANNI-LA-COOPERATIVA-LATTERIA-DI-VALLATA-RIMANE-A-TOCCOL.mp3\">https:\/\/www.radiopiu.net\/wordpress\/wp-content\/uploads\/2022\/12\/GIANNI-LA-COOPERATIVA-LATTERIA-DI-VALLATA-RIMANE-A-TOCCOL.mp3<\/a><\/audio>\n<p>&nbsp;<\/p>\n<hr \/>\n<p>&nbsp;<\/p>\n<blockquote>\n<h3>LA NUOVA NORMATIVA VA IN CONTRO AI COMUNI CHE CERCANO PERSONALE PER GLI UFFICI TECNICI<\/h3>\n<\/blockquote>\n<p><strong><a class=\"dt-pswp-item\" href=\"https:\/\/www.radiopiu.net\/wordpress\/wp-content\/uploads\/2021\/09\/DJI_0036-scaled.jpg\" data-dt-img-description=\"\" data-large_image_width=\"2560\" data-large_image_height=\"1920\"><img loading=\"lazy\" decoding=\"async\" class=\" wp-image-232647 alignleft\" src=\"https:\/\/www.radiopiu.net\/wordpress\/wp-content\/uploads\/2021\/09\/DJI_0036-300x225.jpg\" alt=\"\" width=\"169\" height=\"127\" srcset=\"https:\/\/www.radiopiu.net\/wordpress\/wp-content\/uploads\/2021\/09\/DJI_0036-300x225.jpg 300w, https:\/\/www.radiopiu.net\/wordpress\/wp-content\/uploads\/2021\/09\/DJI_0036-1024x768.jpg 1024w, https:\/\/www.radiopiu.net\/wordpress\/wp-content\/uploads\/2021\/09\/DJI_0036-768x576.jpg 768w, https:\/\/www.radiopiu.net\/wordpress\/wp-content\/uploads\/2021\/09\/DJI_0036-1536x1152.jpg 1536w, https:\/\/www.radiopiu.net\/wordpress\/wp-content\/uploads\/2021\/09\/DJI_0036-2048x1536.jpg 2048w\" sizes=\"auto, (max-width: 169px) 100vw, 169px\" \/><\/a>AGORDO<\/strong><\/p>\n<p>di Gianni Santomaso<\/p>\n<audio class=\"wp-audio-shortcode\" id=\"audio-310285-5\" preload=\"none\" style=\"width: 100%;\" controls=\"controls\"><source type=\"audio\/mpeg\" src=\"https:\/\/www.radiopiu.net\/wordpress\/wp-content\/uploads\/2022\/12\/GIANNI-LA-NUOVA-NORMATIVA-VA-IN-CONTRO-AI-COMUNI-CHE-CERCANO-PERSONALE-PER-GLI-UFFICI-TECNICI.mp3?_=5\" \/><a href=\"https:\/\/www.radiopiu.net\/wordpress\/wp-content\/uploads\/2022\/12\/GIANNI-LA-NUOVA-NORMATIVA-VA-IN-CONTRO-AI-COMUNI-CHE-CERCANO-PERSONALE-PER-GLI-UFFICI-TECNICI.mp3\">https:\/\/www.radiopiu.net\/wordpress\/wp-content\/uploads\/2022\/12\/GIANNI-LA-NUOVA-NORMATIVA-VA-IN-CONTRO-AI-COMUNI-CHE-CERCANO-PERSONALE-PER-GLI-UFFICI-TECNICI.mp3<\/a><\/audio>\n<p>&nbsp;<\/p>\n<hr \/>\n<p>&nbsp;<\/p>\n<blockquote>\n<h3 class=\"entry-title\">DILLO A RADIO PIU\u2019\u2026 SI PRENDA ESEMPIO DAL SINDACO DI CENCENIGHE<\/h3>\n<\/blockquote>\n<p><strong>Riceviamo e volentieri pubblichiamo<\/strong><\/p>\n<p>Sabato 3 dicembre ho partecipato alla presentazione del rapporto sull\u2019estinzione delle minoranze linguistiche ladine e dello spopolamento della parte alta della nostra provincia redatto da Diego Cason. \u00c8 stato interessante ascoltare l\u2019impietosa disamina della realt\u00e0 provinciale da parte dei diversi relatori e dei rappresentanti del BARD. A questo proposito mi pare importante sottolineare anche l\u2019impegno, le competenze e la passione dei giovani relatori intervenuti. Ci\u00f2 che mi ha invece colpito negativamente \u00e8 stata la quasi totale assenza dei primi cittadini agordini. Mi auguro che la loro scelta non sia stata dettata da volont\u00e0 politica. La loro presenza infatti, avrebbe significato un segnale di coesione, nonch\u00e9 un apprezzamento del lavoro svolto in questi mesi e anni da persone che hanno a cuore il futuro dei nostri paesi. Diversamente da alcuni suoi colleghi, il sindaco di Cencenighe Mauro Soppelsa era presente in sala, e ha ricordato il glottologo Giovan Battista Pellegrini al quale \u00e8 stata intitolata la piazza del paese. Anche Colle S. Lucia ha dato i natali a un altrettanto illustre glottologo: Vito Pallabazzer. Credo che l\u2019amministrazione comunale di Colle oppure l\u2019Istitut Cultural Ladin \u201cCesa de Jan\u201d potrebbero \u2013 e dovrebbero \u2013 seguire l\u2019esempio dei vicini di Cencenighe e riconoscere ufficialmente la grande eredit\u00e0 che ci ha lasciato Pallabazzer intitolando a suo nome la nostra piazza, oppure, la sede dell\u2019istituto di cultura.<\/p>\n<p>Davide Colcuc \u2013 Colle Santa Lucia<\/p>\n<p>&nbsp;<\/p>\n<p><strong>IL SINDACO, MAURO SOPPELSA<\/strong><\/p>\n<p>Ringrazio Davide Colcuc per il gentile riferimento alla mia presenza all\u2019incontro organizzato dal BARD il 3 dicembre, con riferimento anche alla piazza intitolata a Giovan Battista Pellegrini da parte dell\u2019amministrazione di Cencenighe lo scorso anno. Mi premeva evidenziare anche il mio intervento a ricordo di Gio Batta Rossi, autore del Vocabolario Agordino, nel centenario della nascita. Due grandi protagonisti della nostra storia legati da fraterna amicizia.<\/p>\n<p>&nbsp;<\/p>\n<p>&nbsp;<\/p>\n<hr \/>\n<p>&nbsp;<\/p>\n<blockquote>\n<h3>IVA SUL PELLET. AZIONE DETERMINANTE DEI PARTITI. AMPIA CONVERGENZA SULLA RICHIESTA UNCEM<\/h3>\n<\/blockquote>\n<p><strong><a class=\"dt-pswp-item\" href=\"https:\/\/www.radiopiu.net\/wordpress\/wp-content\/uploads\/2022\/12\/PELLET.jpg\" data-dt-img-description=\"\" data-large_image_width=\"152\" data-large_image_height=\"106\"><img loading=\"lazy\" decoding=\"async\" class=\"size-full wp-image-310489 alignleft\" src=\"https:\/\/www.radiopiu.net\/wordpress\/wp-content\/uploads\/2022\/12\/PELLET.jpg\" alt=\"\" width=\"152\" height=\"106\" srcset=\"https:\/\/www.radiopiu.net\/wordpress\/wp-content\/uploads\/2022\/12\/PELLET.jpg 152w, https:\/\/www.radiopiu.net\/wordpress\/wp-content\/uploads\/2022\/12\/PELLET-150x106.jpg 150w\" sizes=\"auto, (max-width: 152px) 100vw, 152px\" \/><\/a>ROMA<\/strong> &#8220;Rispetto alla riduzione dell&#8217;iva sul pellet, all&#8217;aliquota pi\u00f9 bassa possibile, ho riscontrato una ottima disponibilit\u00e0 dei partiti e delle forze politiche. Sono molte quelle che hanno raccolto la proposta Uncem e anche dell&#8217;associazione Amministrazioni per l&#8217;ambiente, per ridurre l&#8217;iva. Le nostre istanze sono state trasformate in emendamenti alla legge di bilancio che nei prossimi giorni verranno discussi in commissione alla Camera e mi auguro accolti dal Parlamento, con parere favorevole del Governo. Ridurre l&#8217;iva sul pellet e sulla legna da ardere ha un costo importante per lo Stato, ma \u00e8 una misura che va incontro alle comunit\u00e0 dei territori, in particolare quelle ove non esiste rete di metano, che usano pellet e legna. Da questa iniziativa sull&#8217;iva, dovranno seguirne altre per sviluppare filiere del pellet italiane, locali, con segherie di valle incentivate da fondi pubblici&#8221;. Lo afferma Marco Bussone, Presidente nazionale Uncem.<\/p>\n<p>&nbsp;<\/p>\n<hr \/>\n<p>&nbsp;<\/p>\n<p><span style=\"color: #ff0000;\">SOLIDARIETA&#8217; AD AGORDO, FORZA DELLE DONNE ED AIL<\/span><\/p>\n<blockquote>\n<h3>LE STELLE DI NATALE DELL&#8217;AIL AL CENTRO COMMERCIALE CORTE AGORDINA DI AGORDO<\/h3>\n<\/blockquote>\n<p><strong>AGORDO <\/strong>Fino all&#8217;11 Dicembre all\u2019interno della Corte Agordina di Agordo, la vendita delle Stelle di Natale per AIL &#8211; Associazione Italiana, Contro le Leucemie &#8211; Lonfomi e Mielomi.<\/p>\n<p>&nbsp;<\/p>\n<p>&nbsp;<\/p>\n<hr \/>\n<p>&nbsp;<\/p>\n<blockquote>\n<h3>IL MERCATINO DELLA FORZA DELLE DONNE<\/h3>\n<\/blockquote>\n<p><strong>AGORDO<\/strong> Domenica in chiesa ad Agordo (sacrestia)\u00a0 mercatino di Natale, il\u00a0 ricavato \u00e8 destinato alla sezione bellunese dell&#8217;Associazione italiana sindrome fibromialgica.<\/p>\n<p>&nbsp;<\/p>\n<hr \/>\n<p>&nbsp;<\/p>\n<blockquote>\n<h3>I VOLONTARI EMERGENCY NELLE PIAZZE DI BELLUNO E FELTRE<\/h3>\n<\/blockquote>\n<p><strong>BELLUNO<\/strong> Fino a domenica EMERGENCY sar\u00e0 con i suoi volontari nelle piazze di Belluno e Feltre dalle 9 alle 17 con il \u201cPanettone fatto per Bene\u201d. Un modo per sostenere le attivit\u00e0 umanitarie dell\u2019organizzazione in Italia e nel mondo, dando il proprio contributo per garantire il diritto a cure gratuite e uguali per tutti.<\/p>\n<p>&nbsp;<\/p>\n<p>&nbsp;<\/p>\n<hr \/>\n<p>&nbsp;<\/p>\n<blockquote class=\"wp-embedded-content\" data-secret=\"8XD3Cab65M\"><p><a href=\"https:\/\/www.radiopiu.net\/wordpress\/aziendazerodicembre-08\/\">FORTE AUMENTO DEI RICOVERI, 14 DECESSI E 4260 NUOVI POSITIVI IN VENETO<\/a><\/p><\/blockquote>\n<p><iframe loading=\"lazy\" class=\"wp-embedded-content\" sandbox=\"allow-scripts\" security=\"restricted\" style=\"position: absolute; clip: rect(1px, 1px, 1px, 1px);\" title=\"&#8220;FORTE AUMENTO DEI RICOVERI, 14 DECESSI E 4260 NUOVI POSITIVI IN VENETO&#8221; &#8212; Radio Pi\u00f9\" src=\"https:\/\/www.radiopiu.net\/wordpress\/aziendazerodicembre-08\/embed\/#?secret=WFJncdQTwX#?secret=8XD3Cab65M\" data-secret=\"8XD3Cab65M\" width=\"600\" height=\"338\" frameborder=\"0\" marginwidth=\"0\" marginheight=\"0\" scrolling=\"no\"><\/iframe><\/p>\n<p>&nbsp;<\/p>\n<p><strong>DI TIZIANO DE COL<\/strong><\/p>\n\n\t\t\t<style type='text\/css'>\n\t\t\t\t#gallery-3 {\n\t\t\t\t\tmargin: auto;\n\t\t\t\t}\n\t\t\t\t#gallery-3 .gallery-item {\n\t\t\t\t\tfloat: left;\n\t\t\t\t\tmargin-top: 10px;\n\t\t\t\t\ttext-align: center;\n\t\t\t\t\twidth: 25%;\n\t\t\t\t}\n\t\t\t\t#gallery-3 img {\n\t\t\t\t\tborder: 2px solid #cfcfcf;\n\t\t\t\t}\n\t\t\t\t#gallery-3 .gallery-caption {\n\t\t\t\t\tmargin-left: 0;\n\t\t\t\t}\n\t\t\t\t\/* see gallery_shortcode() in wp-includes\/media.php *\/\n\t\t\t<\/style>\n\t\t<div id='gallery-3' class='dt-gallery-container gallery galleryid-310285 gallery-columns-4 gallery-size-medium'><dl class='gallery-item'>\n\t\t\t\t<dt class='gallery-icon landscape'>\n\t\t\t\t\t<a class=\"rollover rollover-zoom dt-pswp-item\" title=\"1a8d1ce7-d28a-4a83-8d20-61125c2b3c51\" data-dt-img-description=\"\" data-large_image_width=\"599\" data-large_image_height=\"360\"href='https:\/\/www.radiopiu.net\/wordpress\/wp-content\/uploads\/2022\/12\/1a8d1ce7-d28a-4a83-8d20-61125c2b3c51.jpg'><img loading=\"lazy\" decoding=\"async\" width=\"300\" height=\"180\" src=\"https:\/\/www.radiopiu.net\/wordpress\/wp-content\/uploads\/2022\/12\/1a8d1ce7-d28a-4a83-8d20-61125c2b3c51-300x180.jpg\" class=\"attachment-medium size-medium\" alt=\"\" srcset=\"https:\/\/www.radiopiu.net\/wordpress\/wp-content\/uploads\/2022\/12\/1a8d1ce7-d28a-4a83-8d20-61125c2b3c51-300x180.jpg 300w, https:\/\/www.radiopiu.net\/wordpress\/wp-content\/uploads\/2022\/12\/1a8d1ce7-d28a-4a83-8d20-61125c2b3c51.jpg 599w\" sizes=\"auto, (max-width: 300px) 100vw, 300px\" \/><\/a>\n\t\t\t\t<\/dt><\/dl><dl class='gallery-item'>\n\t\t\t\t<dt class='gallery-icon landscape'>\n\t\t\t\t\t<a class=\"rollover rollover-zoom dt-pswp-item\" title=\"f41e937e-f781-4c8d-a38a-54bbd45e763d\" data-dt-img-description=\"\" data-large_image_width=\"604\" data-large_image_height=\"369\"href='https:\/\/www.radiopiu.net\/wordpress\/wp-content\/uploads\/2022\/12\/f41e937e-f781-4c8d-a38a-54bbd45e763d.jpg'><img loading=\"lazy\" decoding=\"async\" width=\"300\" height=\"183\" src=\"https:\/\/www.radiopiu.net\/wordpress\/wp-content\/uploads\/2022\/12\/f41e937e-f781-4c8d-a38a-54bbd45e763d-300x183.jpg\" class=\"attachment-medium size-medium\" alt=\"\" srcset=\"https:\/\/www.radiopiu.net\/wordpress\/wp-content\/uploads\/2022\/12\/f41e937e-f781-4c8d-a38a-54bbd45e763d-300x183.jpg 300w, https:\/\/www.radiopiu.net\/wordpress\/wp-content\/uploads\/2022\/12\/f41e937e-f781-4c8d-a38a-54bbd45e763d.jpg 604w\" sizes=\"auto, (max-width: 300px) 100vw, 300px\" \/><\/a>\n\t\t\t\t<\/dt><\/dl><dl class='gallery-item'>\n\t\t\t\t<dt class='gallery-icon landscape'>\n\t\t\t\t\t<a class=\"rollover rollover-zoom dt-pswp-item\" title=\"926f4496-821f-4961-bd9b-a799ea089618\" data-dt-img-description=\"\" data-large_image_width=\"614\" data-large_image_height=\"363\"href='https:\/\/www.radiopiu.net\/wordpress\/wp-content\/uploads\/2022\/12\/926f4496-821f-4961-bd9b-a799ea089618.jpg'><img loading=\"lazy\" decoding=\"async\" width=\"300\" height=\"177\" src=\"https:\/\/www.radiopiu.net\/wordpress\/wp-content\/uploads\/2022\/12\/926f4496-821f-4961-bd9b-a799ea089618-300x177.jpg\" class=\"attachment-medium size-medium\" alt=\"\" srcset=\"https:\/\/www.radiopiu.net\/wordpress\/wp-content\/uploads\/2022\/12\/926f4496-821f-4961-bd9b-a799ea089618-300x177.jpg 300w, https:\/\/www.radiopiu.net\/wordpress\/wp-content\/uploads\/2022\/12\/926f4496-821f-4961-bd9b-a799ea089618.jpg 614w\" sizes=\"auto, (max-width: 300px) 100vw, 300px\" \/><\/a>\n\t\t\t\t<\/dt><\/dl><dl class='gallery-item'>\n\t\t\t\t<dt class='gallery-icon landscape'>\n\t\t\t\t\t<a class=\"rollover rollover-zoom dt-pswp-item\" title=\"0d167f35-6456-4e5e-ba05-234c6b221e00\" data-dt-img-description=\"\" data-large_image_width=\"592\" data-large_image_height=\"369\"href='https:\/\/www.radiopiu.net\/wordpress\/wp-content\/uploads\/2022\/12\/0d167f35-6456-4e5e-ba05-234c6b221e00.jpg'><img loading=\"lazy\" decoding=\"async\" width=\"300\" height=\"187\" src=\"https:\/\/www.radiopiu.net\/wordpress\/wp-content\/uploads\/2022\/12\/0d167f35-6456-4e5e-ba05-234c6b221e00-300x187.jpg\" class=\"attachment-medium size-medium\" alt=\"\" srcset=\"https:\/\/www.radiopiu.net\/wordpress\/wp-content\/uploads\/2022\/12\/0d167f35-6456-4e5e-ba05-234c6b221e00-300x187.jpg 300w, https:\/\/www.radiopiu.net\/wordpress\/wp-content\/uploads\/2022\/12\/0d167f35-6456-4e5e-ba05-234c6b221e00.jpg 592w\" sizes=\"auto, (max-width: 300px) 100vw, 300px\" \/><\/a>\n\t\t\t\t<\/dt><\/dl><br style=\"clear: both\" \/>\n\t\t\t<\/div>\n\n<p>&nbsp;<\/p>\n<hr \/>\n<p>&nbsp;<\/p>\n<blockquote>\n<h3>L&#8217;IMPORTANZA DELLO SCREENING ONCOLOGICO, L&#8217;INVITO AI BELLUNESI INVIATO PER LETTERA<\/h3>\n<\/blockquote>\n<p><strong><a class=\"dt-pswp-item\" href=\"https:\/\/www.radiopiu.net\/wordpress\/wp-content\/uploads\/2020\/11\/cinquetti.jpg\" data-dt-img-description=\"\" data-large_image_width=\"600\" data-large_image_height=\"800\"><img loading=\"lazy\" decoding=\"async\" class=\" wp-image-171790 alignleft\" src=\"https:\/\/www.radiopiu.net\/wordpress\/wp-content\/uploads\/2020\/11\/cinquetti-225x300.jpg\" alt=\"\" width=\"135\" height=\"180\" srcset=\"https:\/\/www.radiopiu.net\/wordpress\/wp-content\/uploads\/2020\/11\/cinquetti-225x300.jpg 225w, https:\/\/www.radiopiu.net\/wordpress\/wp-content\/uploads\/2020\/11\/cinquetti.jpg 600w\" sizes=\"auto, (max-width: 135px) 100vw, 135px\" \/><\/a>REDAZIONE <\/strong>In Italia secondo i dati del rapporto Airtum I numeri del cancro in Italia 2020 sono circa 1.030 al giorno i nuovi casi di tumore. Di questi il 40% circa pu\u00f2 essere prevenuto adottando uno stile di vita corretto ed essere diagnosticato in fase iniziale, prima, cio\u00e8, che si manifesti a livello clinico. Per garantire equit\u00e0 nell&#8217;accesso a una diagnosi precoce, il Servizio sanitario nazionale effettua tre programmi di screening per la prevenzione dei tumori di cui due tipicamente femminili, seno e collo dell&#8217;utero, e il terzo dedicato a lei e a lui: lo screening per il tumore del colon-retto, una malattia divenuta la seconda neoplasia nelle donne e la terza negli uomini. Perch\u00e9 solo tre programmi di screening? Non per tutti i tipi di tumore esistono esami di screening efficaci, capaci cio\u00e8 di individuare il tumore in fase precoce, prima ancora che si manifestino i sintomi, e in grado, quindi, di selezionare tra i gruppi di popolazione esaminati quelli che richiedono ulteriori accertamenti. Parlane con il tuo medico, fai visite ed esami consigliati. Aderisci allo screening, se rientri nelle fasce di et\u00e0 a rischio.<\/p>\n<p><strong>L&#8217;INTERVISTA A SANDRO CINQUETTI, DIRETTORE DEL REPARTO DI PREVENZIONE ULSS 1 DOLOMITI<\/strong><\/p>\n<audio class=\"wp-audio-shortcode\" id=\"audio-310285-6\" preload=\"none\" style=\"width: 100%;\" controls=\"controls\"><source type=\"audio\/mpeg\" src=\"https:\/\/www.radiopiu.net\/wordpress\/wp-content\/uploads\/2022\/12\/sanro-cinquetti.mp3?_=6\" \/><a href=\"https:\/\/www.radiopiu.net\/wordpress\/wp-content\/uploads\/2022\/12\/sanro-cinquetti.mp3\">https:\/\/www.radiopiu.net\/wordpress\/wp-content\/uploads\/2022\/12\/sanro-cinquetti.mp3<\/a><\/audio>\n<p>&nbsp;<\/p>\n<hr \/>\n<p>&nbsp;<\/p>\n<blockquote>\n<h3>APPROVATA LA NOTA DI AGGIORNAMENTO AL DEFR 2023-2025<\/h3>\n<\/blockquote>\n<p><strong>VENEZIA <\/strong>Il Consiglio regionale del Veneto ha approvato la Nota di Aggiornamento al Documento di Economia e Finanza Regionale (DEFR) per il triennio 2023-2025, lo strumento di programmazione alla base della prossima manovra di bilancio. La Nota di aggiornamento al DEFR delinea, in un momento complesso a livello mondiale, sia per il proseguire degli effetti della fase pandemica sia per quelli drammatici legati al conflitto in corso in Ucraina, la situazione economica e sociale della regione, individuando 38 obbiettivi strategici da perseguire attraverso specifici obbiettivi operativi prioritari. Nella Nota di aggiornamento viene dedicato uno spazio specifico al Piano Nazionale di Ripresa e Resilienza (PNRR) e alla programmazione comunitaria 2021-2027, importanti opportunit\u00e0 di finanziamento da sfruttare in Veneto nei prossimi anni, in numerosi campi.<\/p>\n<p>&nbsp;<\/p>\n<p>&nbsp;<\/p>\n<hr \/>\n<p>&nbsp;<\/p>\n<blockquote>\n<h3>LUISS FINANZA E IMPRESE, IL CONVEGNO DI CONFINDUSTRIA<\/h3>\n<\/blockquote>\n<p><strong><img loading=\"lazy\" decoding=\"async\" class=\"alignleft\" src=\"https:\/\/www.radiopiu.net\/wordpress\/wp-content\/uploads\/2022\/12\/c4af4fe3-dc70-48a5-886b-30ef998bbd4c.jpg\" width=\"223\" height=\"167\" \/>BELLUNO\u00a0<\/strong> Luiss, Confindustria Belluno e Veneto Sviluppo unite per parlare alle imprese dei nuovi strumenti di crescita: teatro dell&#8217;appuntamento \u00e8 stato l&#8217;Hub Veneto delle Dolomiti della Luiss, ospitato a Belluno a Palazzo Bembo.<\/p>\n<p><strong>DI DANIELE DALVIT<\/strong><\/p>\n<audio class=\"wp-audio-shortcode\" id=\"audio-310285-7\" preload=\"none\" style=\"width: 100%;\" controls=\"controls\"><source type=\"audio\/mpeg\" src=\"https:\/\/www.radiopiu.net\/wordpress\/wp-content\/uploads\/2022\/12\/DANIELE-DAL-VIT.mp3?_=7\" \/><a href=\"https:\/\/www.radiopiu.net\/wordpress\/wp-content\/uploads\/2022\/12\/DANIELE-DAL-VIT.mp3\">https:\/\/www.radiopiu.net\/wordpress\/wp-content\/uploads\/2022\/12\/DANIELE-DAL-VIT.mp3<\/a><\/audio>\n<p>&nbsp;<\/p>\n<p>&nbsp;<\/p>\n<hr \/>\n<p>&nbsp;<\/p>\n<blockquote>\n<h3>PUBBLICATO IL BANDO DI GARA PER I LAVORI DI REALIZZAZIONE DELLA VARIANTE ALLA SS 51 \u201cDI ALEMAGNA\u201d DI TAI DI CADORE<\/h3>\n<\/blockquote>\n<p><strong><a class=\"dt-pswp-item\" href=\"https:\/\/www.radiopiu.net\/wordpress\/wp-content\/uploads\/2021\/06\/anas.png\" data-dt-img-description=\"\" data-large_image_width=\"299\" data-large_image_height=\"169\"><img loading=\"lazy\" decoding=\"async\" class=\" wp-image-213422 alignleft\" src=\"https:\/\/www.radiopiu.net\/wordpress\/wp-content\/uploads\/2021\/06\/anas.png\" alt=\"\" width=\"154\" height=\"87\" \/><\/a>VENEZIA <\/strong>Pubblicato sulla Gazzetta Ufficiale il bando di gara Anas (Gruppo FS Italiane) per il lavori di realizzazione della variante alla strada statale 51 \u201cdi Alemagna\u201d di Tai di Cadore in Comune di Pieve di Cadore, in provincia di Belluno. L\u2019appalto \u2013 con un importo lavori e servizi complessivo di oltre 72,4 milioni di euro &#8211; rientra nel piano straordinario di potenziamento della viabilit\u00e0 per Cortina ed interessanti tutta la rete in provincia di Belluno. La durata del contratto di appalto \u00e8 pari a 1.014 giorni. La nuova opera sar\u00e0 lunga 1,16 km e si collegher\u00e0 alla SS 51 e alla SS 51 bis mediante rotatorie. Gli interventi comprendono anche la costruzione di una galleria di circa 985 metri, per un investimento complessivo di 109,8 milioni di euro. Anas aggiudicher\u00e0 l\u2019appalto mediante il criterio dell\u2019offerta economicamente pi\u00f9 vantaggiosa sulla base del miglior rapporto qualit\u00e0\/prezzo. Le domande di partecipazione dovranno pervenire, in modalit\u00e0 telematica e corredate della documentazione richiesta, a pena di esclusione entro le ore 9:00 di luned\u00ec 23 gennaio 2023, attraverso il Portale Acquisti di Anas<\/p>\n<p>&nbsp;<\/p>\n<p>&nbsp;<\/p>\n<hr \/>\n<p>&nbsp;<\/p>\n<blockquote>\n<h3>TERMINATO L\u2019INTERVENTO DI MODIFICA SULLE CALOTTE DI CARTE E PLASTICA NELLE ISOLE ECOLOGICHE DELLA FRAZIONE DI MUGNAI<\/h3>\n<\/blockquote>\n<p><strong>FELTRE <\/strong>Si sono conclusi marted\u00ec, a cura dei tecnici di Bellunum, gli interventi di adeguamento delle calotte sulle campane per il conferimento della carta\/cartone e della plastica\/lattine posizionati nelle isole ecologiche della frazione di Mugnai (nello specifico le piazzole sono collocate in via Canture, via Gorda, via della Grande e presso gli impianti sportivi frazionali). Pu\u00f2 cos\u00ec prendere il via l\u2019annunciata sperimentazione &#8211; riguardo alla quale tutti i nuclei familiari interessati hanno gi\u00e0 ricevuto specifica e dettagliata comunicazione &#8211; che consentir\u00e0 ai residenti di conferire nei cassonetti giallo e azzurro i materiali in modo libero, ovvero senza la necessit\u00e0 di utilizzo della tessera magnetica per l\u2019apertura. \u201c<em>Si tratta di una sperimentazione che l\u2019Amministrazione ha voluto avviare al fine di testare questa modalit\u00e0, con l\u2019intento di rendere il conferimento pi\u00f9 agevole e meno faticoso soprattutto per le persone pi\u00f9 anziane o con difficolt\u00e0<\/em>\u201d, sottolinea il consigliere delegato Sebastiano Slongo. &#8220;<em>Monitoreremo attentamente l\u2019evolversi della situazione, soprattutto in questo periodo di sperimentazione, anche grazie all\u2019ausilio della Polizia Locale per evitare eventuali immotivati fenomeni di \u201cmigrazione dei rifiuti\u201d (immotivati perch\u00e9, come detto, il conferimento \u00e8 comunque gratuito sia in presenza di calotta ad apertura magnetica che ad accesso libero) e\/o di abbandono a terra. Anche gli ultimi dati della classifica di Legambiente hanno collocato il Comune di Feltre ai primi posti tra le citt\u00e0 virtuose nella raccolta differenziata dei rifiuti; siamo fiduciosi che anche in questo caso i nostri concittadini sapranno dimostrare senso ed educazione civica nel collaborare a questo ulteriore passaggio che mira a migliorare uno dei servizi pi\u00f9 importanti e delicati per la collettivit\u00e0. Di pari passo con la sperimentazione &#8211; conclude il consigliere Slongo &#8211; effettueremo un\u2019analisi puntuale sui dati relativi alla qualit\u00e0 e alla quantit\u00e0 del rifiuto conferito per poter procedere poi alle valutazioni del caso sulla base di dati certi<\/em>\u201d.<\/p>\n\n\t\t\t<style type='text\/css'>\n\t\t\t\t#gallery-4 {\n\t\t\t\t\tmargin: auto;\n\t\t\t\t}\n\t\t\t\t#gallery-4 .gallery-item {\n\t\t\t\t\tfloat: left;\n\t\t\t\t\tmargin-top: 10px;\n\t\t\t\t\ttext-align: center;\n\t\t\t\t\twidth: 50%;\n\t\t\t\t}\n\t\t\t\t#gallery-4 img {\n\t\t\t\t\tborder: 2px solid #cfcfcf;\n\t\t\t\t}\n\t\t\t\t#gallery-4 .gallery-caption {\n\t\t\t\t\tmargin-left: 0;\n\t\t\t\t}\n\t\t\t\t\/* see gallery_shortcode() in wp-includes\/media.php *\/\n\t\t\t<\/style>\n\t\t<div id='gallery-4' class='dt-gallery-container gallery galleryid-310285 gallery-columns-2 gallery-size-medium'><dl class='gallery-item'>\n\t\t\t\t<dt class='gallery-icon landscape'>\n\t\t\t\t\t<a class=\"rollover rollover-zoom dt-pswp-item\" title=\"Cassonetti Mugnai 1\" data-dt-img-description=\"\" data-large_image_width=\"1600\" data-large_image_height=\"923\"href='https:\/\/www.radiopiu.net\/wordpress\/wp-content\/uploads\/2022\/12\/Cassonetti-Mugnai-1.jpg'><img loading=\"lazy\" decoding=\"async\" width=\"300\" height=\"173\" src=\"https:\/\/www.radiopiu.net\/wordpress\/wp-content\/uploads\/2022\/12\/Cassonetti-Mugnai-1-300x173.jpg\" class=\"attachment-medium size-medium\" alt=\"\" srcset=\"https:\/\/www.radiopiu.net\/wordpress\/wp-content\/uploads\/2022\/12\/Cassonetti-Mugnai-1-300x173.jpg 300w, https:\/\/www.radiopiu.net\/wordpress\/wp-content\/uploads\/2022\/12\/Cassonetti-Mugnai-1-1024x591.jpg 1024w, https:\/\/www.radiopiu.net\/wordpress\/wp-content\/uploads\/2022\/12\/Cassonetti-Mugnai-1-768x443.jpg 768w, https:\/\/www.radiopiu.net\/wordpress\/wp-content\/uploads\/2022\/12\/Cassonetti-Mugnai-1-1536x886.jpg 1536w, https:\/\/www.radiopiu.net\/wordpress\/wp-content\/uploads\/2022\/12\/Cassonetti-Mugnai-1.jpg 1600w\" sizes=\"auto, (max-width: 300px) 100vw, 300px\" \/><\/a>\n\t\t\t\t<\/dt><\/dl><dl class='gallery-item'>\n\t\t\t\t<dt class='gallery-icon landscape'>\n\t\t\t\t\t<a class=\"rollover rollover-zoom dt-pswp-item\" title=\"Cassonetti Mugnai 2\" data-dt-img-description=\"\" data-large_image_width=\"1592\" data-large_image_height=\"897\"href='https:\/\/www.radiopiu.net\/wordpress\/wp-content\/uploads\/2022\/12\/Cassonetti-Mugnai-2.jpg'><img loading=\"lazy\" decoding=\"async\" width=\"300\" height=\"169\" src=\"https:\/\/www.radiopiu.net\/wordpress\/wp-content\/uploads\/2022\/12\/Cassonetti-Mugnai-2-300x169.jpg\" class=\"attachment-medium size-medium\" alt=\"\" srcset=\"https:\/\/www.radiopiu.net\/wordpress\/wp-content\/uploads\/2022\/12\/Cassonetti-Mugnai-2-300x169.jpg 300w, https:\/\/www.radiopiu.net\/wordpress\/wp-content\/uploads\/2022\/12\/Cassonetti-Mugnai-2-1024x577.jpg 1024w, https:\/\/www.radiopiu.net\/wordpress\/wp-content\/uploads\/2022\/12\/Cassonetti-Mugnai-2-768x433.jpg 768w, https:\/\/www.radiopiu.net\/wordpress\/wp-content\/uploads\/2022\/12\/Cassonetti-Mugnai-2-1536x865.jpg 1536w, https:\/\/www.radiopiu.net\/wordpress\/wp-content\/uploads\/2022\/12\/Cassonetti-Mugnai-2.jpg 1592w\" sizes=\"auto, (max-width: 300px) 100vw, 300px\" \/><\/a>\n\t\t\t\t<\/dt><\/dl><br style=\"clear: both\" \/>\n\t\t\t<\/div>\n\n<p>&nbsp;<\/p>\n<hr \/>\n<p>&nbsp;<\/p>\n<blockquote>\n<h3>DIVENTA RICCO IN POCHE ORE, VOLONTARI CERCASI<\/h3>\n<\/blockquote>\n<p><strong><img loading=\"lazy\" decoding=\"async\" class=\"alignleft\" src=\"https:\/\/www.radiopiu.net\/wordpress\/wp-content\/uploads\/2022\/12\/1f4f3835-9d62-4ccc-9a5b-cb4b9c6d489b.jpg\" width=\"294\" height=\"214\" \/>BELLUNO<\/strong> Al via la nuova campagna del Comitato d&#8217;Intesa di Belluno, supportato dal Centro Servizi per il Volontariato di Belluno-Treviso, per cercare nuovi volontarie per le associazioni del territorio. Si chiama \u201cDiventa ricco in poche ore\u201d e vedr\u00e0 la nostra emittente come media partner.<\/p>\n<p><strong>DI DANIELE DALVIT<\/strong><\/p>\n<audio class=\"wp-audio-shortcode\" id=\"audio-310285-8\" preload=\"none\" style=\"width: 100%;\" controls=\"controls\"><source type=\"audio\/mpeg\" src=\"https:\/\/www.radiopiu.net\/wordpress\/wp-content\/uploads\/2022\/12\/DANIELE-DIVENTA-RICCO.mp3?_=8\" \/><a href=\"https:\/\/www.radiopiu.net\/wordpress\/wp-content\/uploads\/2022\/12\/DANIELE-DIVENTA-RICCO.mp3\">https:\/\/www.radiopiu.net\/wordpress\/wp-content\/uploads\/2022\/12\/DANIELE-DIVENTA-RICCO.mp3<\/a><\/audio>\n<p>&nbsp;<\/p>\n<hr \/>\n<p>&nbsp;<\/p>\n<blockquote>\n<h3>INIZIA UFFICIALMENTE IL NATALE A FALCADE. L&#8217;ACCENSIONE DELL&#8217;ALBERO<\/h3>\n<\/blockquote>\n<p><strong>FALCADE<\/strong> Inizia ufficialmente il periodo natalizio a Falcade. Con l&#8217;accensione dell&#8217;albero al via anche i mercatini in centro paese.<\/p>\n<p><strong>L&#8217;ACCENSIONE DELL&#8217;ALBERO DI NATALE DI FALCADE &#8211; LA DIRETTA<\/strong><\/p>\n<p>https:\/\/www.facebook.com\/marco.baghy.1\/videos\/478005177790859<\/p>\n<p>&nbsp;<\/p>\n<p><strong>VIDEO 2<\/strong><\/p>\n<p>https:\/\/www.facebook.com\/marco.baghy.1\/videos\/5119528771482260<\/p>\n<p>&nbsp;<\/p>\n<hr \/>\n<p>&nbsp;<\/p>\n<blockquote>\n<h3>ACCESO L&#8217;ALBERO DI NATALE A POLPET<\/h3>\n<\/blockquote>\n<p><strong><a class=\"dt-pswp-item\" href=\"https:\/\/www.radiopiu.net\/wordpress\/wp-content\/uploads\/2022\/12\/Albero_di_Natale_a_Polpet.jpg\" data-dt-img-description=\"\" data-large_image_width=\"1317\" data-large_image_height=\"1312\"><img loading=\"lazy\" decoding=\"async\" class=\" wp-image-310331 alignleft\" src=\"https:\/\/www.radiopiu.net\/wordpress\/wp-content\/uploads\/2022\/12\/Albero_di_Natale_a_Polpet-300x300.jpg\" alt=\"\" width=\"153\" height=\"153\" srcset=\"https:\/\/www.radiopiu.net\/wordpress\/wp-content\/uploads\/2022\/12\/Albero_di_Natale_a_Polpet-300x300.jpg 300w, https:\/\/www.radiopiu.net\/wordpress\/wp-content\/uploads\/2022\/12\/Albero_di_Natale_a_Polpet-1024x1020.jpg 1024w, https:\/\/www.radiopiu.net\/wordpress\/wp-content\/uploads\/2022\/12\/Albero_di_Natale_a_Polpet-150x150.jpg 150w, https:\/\/www.radiopiu.net\/wordpress\/wp-content\/uploads\/2022\/12\/Albero_di_Natale_a_Polpet-768x765.jpg 768w, https:\/\/www.radiopiu.net\/wordpress\/wp-content\/uploads\/2022\/12\/Albero_di_Natale_a_Polpet.jpg 1317w\" sizes=\"auto, (max-width: 153px) 100vw, 153px\" \/><\/a>PONTE NELLE ALPI <\/strong>Una magia che rinnova la tradizione. Grande presenza di pubblico per la cerimonia di accensione dell\u2019albero di Natale, a Polpet.<span class=\"gmail-Apple-converted-space\"> \u00a0<\/span>Con questo significativo appuntamento hanno preso il via le molteplici iniziative del comune pontalpino. Sar\u00e0 un Natale pi\u00f9 sobrio nell\u2019illuminazione e nelle luminarie, ma con un ricco cartellone di eventi in tutte le ventuno frazioni del territorio.<span class=\"gmail-Apple-converted-space\"> \u00a0<\/span>Numerose attivit\u00e0 saranno svolte nei locali della Biblioteca civica, mentre il 18 dicembre ci sar\u00e0 spazio per i canti natalizi nei borghi e nelle vie di Polpet.<span class=\"gmail-Apple-converted-space\"> \u00a0<\/span>Nella stessa giornata, \u201cNegozi Aperti\u201d a Ponte nelle Alpi con un\u2019adesione di circa 40 esercizi che propongono addobbi e con l\u2019esposizione nelle vetrine di fotografie dei giovani protagonisti del progetto \u201cAAA Offresi\u201d.<span class=\"gmail-Apple-converted-space\"> \u00a0<\/span>Da domani, occhi puntati sulla mostra del pittore Pino Levanto, in municipio, a Cadola; il 23 dicembre, tutti al Teatro \u201cPierobon\u201d di Paiane per lo spettacolo della Banda Valcantuna, alle 20.45. E sabato 31 (ore 15), ecco la corsa non competitiva \u201cCori a Cugnan\u201d. Nei vari paesi saranno poi allestiti gli alberi di Natale e i presepi.<span class=\"gmail-Apple-converted-space\">\u00a0<\/span><\/p>\n<p>&nbsp;<\/p>\n<hr \/>\n<p>&nbsp;<\/p>\n<blockquote>\n<h2>L&#8217;ALBERO DEI BUONI AUSPICI<\/h2>\n<p><a class=\"dt-pswp-item\" href=\"https:\/\/www.radiopiu.net\/wordpress\/wp-content\/uploads\/2022\/12\/lalbero-dei-buoni-auspici-2.jpg\" data-dt-img-description=\"\" data-large_image_width=\"1414\" data-large_image_height=\"2000\"><img loading=\"lazy\" decoding=\"async\" class=\"size-medium wp-image-310043 aligncenter\" src=\"https:\/\/www.radiopiu.net\/wordpress\/wp-content\/uploads\/2022\/12\/lalbero-dei-buoni-auspici-2-212x300.jpg\" alt=\"\" width=\"212\" height=\"300\" srcset=\"https:\/\/www.radiopiu.net\/wordpress\/wp-content\/uploads\/2022\/12\/lalbero-dei-buoni-auspici-2-212x300.jpg 212w, https:\/\/www.radiopiu.net\/wordpress\/wp-content\/uploads\/2022\/12\/lalbero-dei-buoni-auspici-2-724x1024.jpg 724w, https:\/\/www.radiopiu.net\/wordpress\/wp-content\/uploads\/2022\/12\/lalbero-dei-buoni-auspici-2-768x1086.jpg 768w, https:\/\/www.radiopiu.net\/wordpress\/wp-content\/uploads\/2022\/12\/lalbero-dei-buoni-auspici-2-1086x1536.jpg 1086w, https:\/\/www.radiopiu.net\/wordpress\/wp-content\/uploads\/2022\/12\/lalbero-dei-buoni-auspici-2.jpg 1414w\" sizes=\"auto, (max-width: 212px) 100vw, 212px\" \/><\/a><strong>CENCENIGHE<\/strong> Domenica 18 dicembre alle 16 accensione dell&#8217;albero di Natale con i bambini dell&#8217;asilo e della scuola primaria. Decoreranno l&#8217;albero che all&#8217;imbrunire si accender\u00e0 di mille luci.<\/p><\/blockquote>\n<p>&nbsp;<\/p>\n<hr \/>\n<p>&nbsp;<\/p>\n<blockquote>\n<h3>I KRAMPUS A FRASSENE&#8217;<\/h3>\n<\/blockquote>\n<p><strong>VOLTAGO<\/strong> Torna la tradizione dei Krampus a Frassen\u00e8. E&#8217; in programma per domani sera alle 19 in piazza della frazione di Voltago una serata con gli &#8220;orchi&#8221; che spaventano i bambini.<\/p>\n<p>&nbsp;<\/p>\n<hr \/>\n<p>&nbsp;<\/p>\n<blockquote>\n<h3>La spettacolare occultazione lunare di Marte<\/h3>\n<\/blockquote>\n<p><strong>Nell&#8217; alba fredda ma tersa dell&#8217;otto dicembre si \u00e8 consumata la spettacolare occultazione lunare di Marte, con il pianeta che per poco meno di un&#8217;ora si \u00e8 nascosto dietro al nostro satellite naturale. Personalmente ho seguito e fotograto il fenomeno, che vi propongo in queste immagini<br \/>\nClaudio Pra<\/strong><\/p>\n\n\t\t\t<style type='text\/css'>\n\t\t\t\t#gallery-5 {\n\t\t\t\t\tmargin: auto;\n\t\t\t\t}\n\t\t\t\t#gallery-5 .gallery-item {\n\t\t\t\t\tfloat: left;\n\t\t\t\t\tmargin-top: 10px;\n\t\t\t\t\ttext-align: center;\n\t\t\t\t\twidth: 50%;\n\t\t\t\t}\n\t\t\t\t#gallery-5 img {\n\t\t\t\t\tborder: 2px solid #cfcfcf;\n\t\t\t\t}\n\t\t\t\t#gallery-5 .gallery-caption {\n\t\t\t\t\tmargin-left: 0;\n\t\t\t\t}\n\t\t\t\t\/* see gallery_shortcode() in wp-includes\/media.php *\/\n\t\t\t<\/style>\n\t\t<div id='gallery-5' class='dt-gallery-container gallery galleryid-310285 gallery-columns-2 gallery-size-medium'><dl class='gallery-item'>\n\t\t\t\t<dt class='gallery-icon landscape'>\n\t\t\t\t\t<a class=\"rollover rollover-zoom dt-pswp-item\" title=\"6f25b9cf-1ce9-460a-9e6b-0b2b13cb34a7\" data-dt-img-description=\"\" data-large_image_width=\"1172\" data-large_image_height=\"568\"href='https:\/\/www.radiopiu.net\/wordpress\/wp-content\/uploads\/2022\/12\/6f25b9cf-1ce9-460a-9e6b-0b2b13cb34a7.jpg'><img loading=\"lazy\" decoding=\"async\" width=\"300\" height=\"145\" src=\"https:\/\/www.radiopiu.net\/wordpress\/wp-content\/uploads\/2022\/12\/6f25b9cf-1ce9-460a-9e6b-0b2b13cb34a7-300x145.jpg\" class=\"attachment-medium size-medium\" alt=\"\" srcset=\"https:\/\/www.radiopiu.net\/wordpress\/wp-content\/uploads\/2022\/12\/6f25b9cf-1ce9-460a-9e6b-0b2b13cb34a7-300x145.jpg 300w, https:\/\/www.radiopiu.net\/wordpress\/wp-content\/uploads\/2022\/12\/6f25b9cf-1ce9-460a-9e6b-0b2b13cb34a7-1024x496.jpg 1024w, https:\/\/www.radiopiu.net\/wordpress\/wp-content\/uploads\/2022\/12\/6f25b9cf-1ce9-460a-9e6b-0b2b13cb34a7-768x372.jpg 768w, https:\/\/www.radiopiu.net\/wordpress\/wp-content\/uploads\/2022\/12\/6f25b9cf-1ce9-460a-9e6b-0b2b13cb34a7.jpg 1172w\" sizes=\"auto, (max-width: 300px) 100vw, 300px\" \/><\/a>\n\t\t\t\t<\/dt><\/dl><dl class='gallery-item'>\n\t\t\t\t<dt class='gallery-icon landscape'>\n\t\t\t\t\t<a class=\"rollover rollover-zoom dt-pswp-item\" title=\"a4e9edbe-f440-4a8c-bfe5-bb8c1cac0904\" data-dt-img-description=\"\" data-large_image_width=\"1500\" data-large_image_height=\"844\"href='https:\/\/www.radiopiu.net\/wordpress\/wp-content\/uploads\/2022\/12\/a4e9edbe-f440-4a8c-bfe5-bb8c1cac0904.jpg'><img loading=\"lazy\" decoding=\"async\" width=\"300\" height=\"169\" src=\"https:\/\/www.radiopiu.net\/wordpress\/wp-content\/uploads\/2022\/12\/a4e9edbe-f440-4a8c-bfe5-bb8c1cac0904-300x169.jpg\" class=\"attachment-medium size-medium\" alt=\"\" srcset=\"https:\/\/www.radiopiu.net\/wordpress\/wp-content\/uploads\/2022\/12\/a4e9edbe-f440-4a8c-bfe5-bb8c1cac0904-300x169.jpg 300w, https:\/\/www.radiopiu.net\/wordpress\/wp-content\/uploads\/2022\/12\/a4e9edbe-f440-4a8c-bfe5-bb8c1cac0904-1024x576.jpg 1024w, https:\/\/www.radiopiu.net\/wordpress\/wp-content\/uploads\/2022\/12\/a4e9edbe-f440-4a8c-bfe5-bb8c1cac0904-768x432.jpg 768w, https:\/\/www.radiopiu.net\/wordpress\/wp-content\/uploads\/2022\/12\/a4e9edbe-f440-4a8c-bfe5-bb8c1cac0904.jpg 1500w\" sizes=\"auto, (max-width: 300px) 100vw, 300px\" \/><\/a>\n\t\t\t\t<\/dt><\/dl><br style=\"clear: both\" \/>\n\t\t\t<\/div>\n\n<p>&nbsp;<\/p>\n<hr \/>\n<p>&nbsp;<\/p>\n<blockquote>\n<h3>LO SCOIATTOLO SI FA BELLO IN ATTESA DELLA NEVICATA<\/h3>\n<\/blockquote>\n<p><strong>REDAZIONE<\/strong> All&#8217;obbiettivo di Mario De Marco (Voltago) lo scoiattolo rosso\u00a0 in un particolare momento di vita, mentre con attenzione si fa la toilette dopo aver pranzato con le noci in attesa della neve. <em>&#8220;Il video &#8211; racconta Mario &#8211; \u00e8 stato girato nei pressi di Voltago. Da notare che questa meravigliosa creatura \u00e8 stata minacciata dall&#8217;introduzione dello scoiattolo grigio americano fortunatamente adesso \u00e8 in ripresa&#8221;<\/em><\/p>\n<div style=\"width: 640px;\" class=\"wp-video\"><video class=\"wp-video-shortcode\" id=\"video-310285-2\" width=\"640\" height=\"352\" preload=\"metadata\" controls=\"controls\"><source type=\"video\/mp4\" src=\"https:\/\/www.radiopiu.net\/wordpress\/wp-content\/uploads\/2022\/12\/WhatsApp-Video-2022-12-07-at-12.53.08.mp4?_=2\" \/><a href=\"https:\/\/www.radiopiu.net\/wordpress\/wp-content\/uploads\/2022\/12\/WhatsApp-Video-2022-12-07-at-12.53.08.mp4\">https:\/\/www.radiopiu.net\/wordpress\/wp-content\/uploads\/2022\/12\/WhatsApp-Video-2022-12-07-at-12.53.08.mp4<\/a><\/video><\/div>\n<p>&nbsp;<\/p>\n<p>&nbsp;<\/p>\n<p>&nbsp;<\/p>\n<hr \/>\n<p>&nbsp;<\/p>\n<blockquote>\n<h3>INAUGURATA LA NUOVA SEDE OPERATIVA DI HYPERMETEO A ROVERETO<\/h3>\n<\/blockquote>\n<p><strong>REDAZIONE<\/strong> Inaugurata la nuova sede operativa di Hypermeteo (tecnologia e cultura del clima che cambia) a Rovereto. Oltre al Coro Torre Franca, c&#8217;\u00e8 stato un ottimo buffet accompagnato da una interessante degustazione di vini trentini. Presente anche Massimo Crespi, presidente e fondatore di Radarmeteo srl e di Hypermeteo srl, nonch\u00e9 storico dirigente del Centro Valanghe di Arabba della Regione Veneto. Massimo Crespi \u00e8 stato lo storico direttore dal 1981 al 1991, nonch\u00e9 ideatore insieme al dott. Battista Costantini, del Centro Neve e Valanghe di Arabba, nato come struttura territoriale montana di studio, ricerca, innovazione e operativit\u00e0 del settore del Dipartimento Foreste ed Economia montana della Regione Veneto.<\/p>\n\n\t\t\t<style type='text\/css'>\n\t\t\t\t#gallery-6 {\n\t\t\t\t\tmargin: auto;\n\t\t\t\t}\n\t\t\t\t#gallery-6 .gallery-item {\n\t\t\t\t\tfloat: left;\n\t\t\t\t\tmargin-top: 10px;\n\t\t\t\t\ttext-align: center;\n\t\t\t\t\twidth: 33%;\n\t\t\t\t}\n\t\t\t\t#gallery-6 img {\n\t\t\t\t\tborder: 2px solid #cfcfcf;\n\t\t\t\t}\n\t\t\t\t#gallery-6 .gallery-caption {\n\t\t\t\t\tmargin-left: 0;\n\t\t\t\t}\n\t\t\t\t\/* see gallery_shortcode() in wp-includes\/media.php *\/\n\t\t\t<\/style>\n\t\t<div id='gallery-6' class='dt-gallery-container gallery galleryid-310285 gallery-columns-3 gallery-size-thumbnail'><dl class='gallery-item'>\n\t\t\t\t<dt class='gallery-icon landscape'>\n\t\t\t\t\t<a class=\"rollover rollover-zoom dt-pswp-item\" title=\"1e7961c4-748e-47ee-acc3-eacbf52e0fc5\" data-dt-img-description=\"\" data-large_image_width=\"1920\" data-large_image_height=\"1080\"href='https:\/\/www.radiopiu.net\/wordpress\/wp-content\/uploads\/2022\/12\/1e7961c4-748e-47ee-acc3-eacbf52e0fc5.jpg'><img loading=\"lazy\" decoding=\"async\" width=\"150\" height=\"150\" src=\"https:\/\/www.radiopiu.net\/wordpress\/wp-content\/uploads\/2022\/12\/1e7961c4-748e-47ee-acc3-eacbf52e0fc5-150x150.jpg\" class=\"attachment-thumbnail size-thumbnail\" alt=\"\" \/><\/a>\n\t\t\t\t<\/dt><\/dl><dl class='gallery-item'>\n\t\t\t\t<dt class='gallery-icon landscape'>\n\t\t\t\t\t<a class=\"rollover rollover-zoom dt-pswp-item\" title=\"f2ebd8f4-ad57-4a19-9f8c-ac32bc0c5a0d\" data-dt-img-description=\"\" data-large_image_width=\"2048\" data-large_image_height=\"1536\"href='https:\/\/www.radiopiu.net\/wordpress\/wp-content\/uploads\/2022\/12\/f2ebd8f4-ad57-4a19-9f8c-ac32bc0c5a0d.jpg'><img loading=\"lazy\" decoding=\"async\" width=\"150\" height=\"150\" src=\"https:\/\/www.radiopiu.net\/wordpress\/wp-content\/uploads\/2022\/12\/f2ebd8f4-ad57-4a19-9f8c-ac32bc0c5a0d-150x150.jpg\" class=\"attachment-thumbnail size-thumbnail\" alt=\"\" \/><\/a>\n\t\t\t\t<\/dt><\/dl><dl class='gallery-item'>\n\t\t\t\t<dt class='gallery-icon portrait'>\n\t\t\t\t\t<a class=\"rollover rollover-zoom dt-pswp-item\" title=\"cf406095-3c5c-4b7c-b03f-d612aea400e2\" data-dt-img-description=\"\" data-large_image_width=\"1080\" data-large_image_height=\"1527\"href='https:\/\/www.radiopiu.net\/wordpress\/wp-content\/uploads\/2022\/12\/cf406095-3c5c-4b7c-b03f-d612aea400e2.jpg'><img loading=\"lazy\" decoding=\"async\" width=\"150\" height=\"150\" src=\"https:\/\/www.radiopiu.net\/wordpress\/wp-content\/uploads\/2022\/12\/cf406095-3c5c-4b7c-b03f-d612aea400e2-150x150.jpg\" class=\"attachment-thumbnail size-thumbnail\" alt=\"\" \/><\/a>\n\t\t\t\t<\/dt><\/dl><br style=\"clear: both\" \/>\n\t\t\t<\/div>\n\n<p>&nbsp;<\/p>\n<div style=\"width: 640px;\" class=\"wp-video\"><video class=\"wp-video-shortcode\" id=\"video-310285-3\" width=\"640\" height=\"352\" preload=\"metadata\" controls=\"controls\"><source type=\"video\/mp4\" src=\"https:\/\/www.radiopiu.net\/wordpress\/wp-content\/uploads\/2022\/12\/WhatsApp-Video-2022-12-08-at-10.35.15.mp4?_=3\" \/><a href=\"https:\/\/www.radiopiu.net\/wordpress\/wp-content\/uploads\/2022\/12\/WhatsApp-Video-2022-12-08-at-10.35.15.mp4\">https:\/\/www.radiopiu.net\/wordpress\/wp-content\/uploads\/2022\/12\/WhatsApp-Video-2022-12-08-at-10.35.15.mp4<\/a><\/video><\/div>\n<p>&nbsp;<\/p>\n<hr \/>\n<p>&nbsp;<\/p>\n<blockquote>\n<h3>AL PALAZZO DELLE CONTESSE RIVIVE IL RICORDO DI PATRIZIA<\/h3>\n<\/blockquote>\n<p><strong><a class=\"dt-pswp-item\" href=\"https:\/\/www.radiopiu.net\/wordpress\/wp-content\/uploads\/2022\/12\/9a385386-505e-4647-a806-d4a6f76b468f.jpg\" data-dt-img-description=\"\" data-large_image_width=\"999\" data-large_image_height=\"1024\"><img loading=\"lazy\" decoding=\"async\" class=\" wp-image-310383 alignleft\" src=\"https:\/\/www.radiopiu.net\/wordpress\/wp-content\/uploads\/2022\/12\/9a385386-505e-4647-a806-d4a6f76b468f-293x300.jpg\" alt=\"\" width=\"212\" height=\"217\" srcset=\"https:\/\/www.radiopiu.net\/wordpress\/wp-content\/uploads\/2022\/12\/9a385386-505e-4647-a806-d4a6f76b468f-293x300.jpg 293w, https:\/\/www.radiopiu.net\/wordpress\/wp-content\/uploads\/2022\/12\/9a385386-505e-4647-a806-d4a6f76b468f-768x787.jpg 768w, https:\/\/www.radiopiu.net\/wordpress\/wp-content\/uploads\/2022\/12\/9a385386-505e-4647-a806-d4a6f76b468f.jpg 999w\" sizes=\"auto, (max-width: 212px) 100vw, 212px\" \/><\/a>di\u00a0 BRUNELLA MORO<\/strong><\/p>\n<p>Un\u2019altra serata all\u2019 insegna di Patrizia Burigo. Ancora una sala gremita, questa volta al palazzo delle Contesse di Mel, dove gli amici di sempre, che con lei hanno condiviso versi, dipinti e musica hanno reso un commosso e sentito omaggio alla sua arte. Questa volta protagonisti sono i suoi colorati e meravigliosi quadri , frutto di un insieme di tecniche polivalenti che insieme ad altre opere e sculture di autori locali hanno allestito le sale espositive del palazzo. Una donna che ha lasciato il segno, nel territorio bellunese, e che si far\u00e0 ricordare attraverso ci\u00f2 che di eterno rimane. La sua arte.<\/p>\n<p><strong>FOTO Paola Bettiol con Carla Maresia<\/strong><\/p>\n<p>&nbsp;<\/p>\n<p>&nbsp;<\/p>\n<p>&nbsp;<\/p>\n\n\t\t\t<style type='text\/css'>\n\t\t\t\t#gallery-7 {\n\t\t\t\t\tmargin: auto;\n\t\t\t\t}\n\t\t\t\t#gallery-7 .gallery-item {\n\t\t\t\t\tfloat: left;\n\t\t\t\t\tmargin-top: 10px;\n\t\t\t\t\ttext-align: center;\n\t\t\t\t\twidth: 25%;\n\t\t\t\t}\n\t\t\t\t#gallery-7 img {\n\t\t\t\t\tborder: 2px solid #cfcfcf;\n\t\t\t\t}\n\t\t\t\t#gallery-7 .gallery-caption {\n\t\t\t\t\tmargin-left: 0;\n\t\t\t\t}\n\t\t\t\t\/* see gallery_shortcode() in wp-includes\/media.php *\/\n\t\t\t<\/style>\n\t\t<div id='gallery-7' class='dt-gallery-container gallery galleryid-310285 gallery-columns-4 gallery-size-thumbnail'><dl class='gallery-item'>\n\t\t\t\t<dt class='gallery-icon portrait'>\n\t\t\t\t\t<a class=\"rollover rollover-zoom dt-pswp-item\" title=\"a675eb86-f4d1-4ea3-9a8c-c4698c1e2276\" data-dt-img-description=\"\" data-large_image_width=\"768\" data-large_image_height=\"1024\"href='https:\/\/www.radiopiu.net\/wordpress\/wp-content\/uploads\/2022\/12\/a675eb86-f4d1-4ea3-9a8c-c4698c1e2276.jpg'><img loading=\"lazy\" decoding=\"async\" width=\"150\" height=\"150\" src=\"https:\/\/www.radiopiu.net\/wordpress\/wp-content\/uploads\/2022\/12\/a675eb86-f4d1-4ea3-9a8c-c4698c1e2276-150x150.jpg\" class=\"attachment-thumbnail size-thumbnail\" alt=\"\" \/><\/a>\n\t\t\t\t<\/dt><\/dl><dl class='gallery-item'>\n\t\t\t\t<dt class='gallery-icon portrait'>\n\t\t\t\t\t<a class=\"rollover rollover-zoom dt-pswp-item\" title=\"bb933751-ed49-4273-96d8-84e4dd2443ac\" data-dt-img-description=\"\" data-large_image_width=\"768\" data-large_image_height=\"1024\"href='https:\/\/www.radiopiu.net\/wordpress\/wp-content\/uploads\/2022\/12\/bb933751-ed49-4273-96d8-84e4dd2443ac.jpg'><img loading=\"lazy\" decoding=\"async\" width=\"150\" height=\"150\" src=\"https:\/\/www.radiopiu.net\/wordpress\/wp-content\/uploads\/2022\/12\/bb933751-ed49-4273-96d8-84e4dd2443ac-150x150.jpg\" class=\"attachment-thumbnail size-thumbnail\" alt=\"\" \/><\/a>\n\t\t\t\t<\/dt><\/dl><dl class='gallery-item'>\n\t\t\t\t<dt class='gallery-icon portrait'>\n\t\t\t\t\t<a class=\"rollover rollover-zoom dt-pswp-item\" title=\"f5e87f1c-7f82-4da3-ba11-05c4b9efcf8b\" data-dt-img-description=\"\" data-large_image_width=\"768\" data-large_image_height=\"1024\"href='https:\/\/www.radiopiu.net\/wordpress\/wp-content\/uploads\/2022\/12\/f5e87f1c-7f82-4da3-ba11-05c4b9efcf8b.jpg'><img loading=\"lazy\" decoding=\"async\" width=\"150\" height=\"150\" src=\"https:\/\/www.radiopiu.net\/wordpress\/wp-content\/uploads\/2022\/12\/f5e87f1c-7f82-4da3-ba11-05c4b9efcf8b-150x150.jpg\" class=\"attachment-thumbnail size-thumbnail\" alt=\"\" \/><\/a>\n\t\t\t\t<\/dt><\/dl><dl class='gallery-item'>\n\t\t\t\t<dt class='gallery-icon portrait'>\n\t\t\t\t\t<a class=\"rollover rollover-zoom dt-pswp-item\" title=\"6109fe50-0413-43de-8b7b-6e97ec6b976b\" data-dt-img-description=\"\" data-large_image_width=\"768\" data-large_image_height=\"1024\"href='https:\/\/www.radiopiu.net\/wordpress\/wp-content\/uploads\/2022\/12\/6109fe50-0413-43de-8b7b-6e97ec6b976b.jpg'><img loading=\"lazy\" decoding=\"async\" width=\"150\" height=\"150\" src=\"https:\/\/www.radiopiu.net\/wordpress\/wp-content\/uploads\/2022\/12\/6109fe50-0413-43de-8b7b-6e97ec6b976b-150x150.jpg\" class=\"attachment-thumbnail size-thumbnail\" alt=\"\" \/><\/a>\n\t\t\t\t<\/dt><\/dl><br style=\"clear: both\" \/><dl class='gallery-item'>\n\t\t\t\t<dt class='gallery-icon portrait'>\n\t\t\t\t\t<a class=\"rollover rollover-zoom dt-pswp-item\" title=\"bf964d33-7bc1-458a-a685-74e5edbb2476\" data-dt-img-description=\"\" data-large_image_width=\"768\" data-large_image_height=\"1024\"href='https:\/\/www.radiopiu.net\/wordpress\/wp-content\/uploads\/2022\/12\/bf964d33-7bc1-458a-a685-74e5edbb2476.jpg'><img loading=\"lazy\" decoding=\"async\" width=\"150\" height=\"150\" src=\"https:\/\/www.radiopiu.net\/wordpress\/wp-content\/uploads\/2022\/12\/bf964d33-7bc1-458a-a685-74e5edbb2476-150x150.jpg\" class=\"attachment-thumbnail size-thumbnail\" alt=\"\" \/><\/a>\n\t\t\t\t<\/dt><\/dl><dl class='gallery-item'>\n\t\t\t\t<dt class='gallery-icon portrait'>\n\t\t\t\t\t<a class=\"rollover rollover-zoom dt-pswp-item\" title=\"39e0422c-b898-47f9-b8aa-d89303098a43\" data-dt-img-description=\"\" data-large_image_width=\"768\" data-large_image_height=\"1024\"href='https:\/\/www.radiopiu.net\/wordpress\/wp-content\/uploads\/2022\/12\/39e0422c-b898-47f9-b8aa-d89303098a43.jpg'><img loading=\"lazy\" decoding=\"async\" width=\"150\" height=\"150\" src=\"https:\/\/www.radiopiu.net\/wordpress\/wp-content\/uploads\/2022\/12\/39e0422c-b898-47f9-b8aa-d89303098a43-150x150.jpg\" class=\"attachment-thumbnail size-thumbnail\" alt=\"\" \/><\/a>\n\t\t\t\t<\/dt><\/dl><dl class='gallery-item'>\n\t\t\t\t<dt class='gallery-icon portrait'>\n\t\t\t\t\t<a class=\"rollover rollover-zoom dt-pswp-item\" title=\"dfd615c4-c9e5-4229-8ef0-ce230b7cbff9\" data-dt-img-description=\"\" data-large_image_width=\"768\" data-large_image_height=\"1024\"href='https:\/\/www.radiopiu.net\/wordpress\/wp-content\/uploads\/2022\/12\/dfd615c4-c9e5-4229-8ef0-ce230b7cbff9.jpg'><img loading=\"lazy\" decoding=\"async\" width=\"150\" height=\"150\" src=\"https:\/\/www.radiopiu.net\/wordpress\/wp-content\/uploads\/2022\/12\/dfd615c4-c9e5-4229-8ef0-ce230b7cbff9-150x150.jpg\" class=\"attachment-thumbnail size-thumbnail\" alt=\"\" \/><\/a>\n\t\t\t\t<\/dt><\/dl>\n\t\t\t\t<br style='clear: both' \/>\n\t\t\t<\/div>\n\n<p>&nbsp;<\/p>\n<hr \/>\n<p>&nbsp;<\/p>\n<blockquote>\n<h3 class=\"entry-title\">\u201cSCAIE DE COR\u201d DI FABIO RUFUS BRISTOT<\/h3>\n<p><em class=\"photoswipe-wrapper\"><a class=\"dt-pswp-item pspw-wrap-ready\" href=\"https:\/\/www.radiopiu.net\/wordpress\/wp-content\/uploads\/2022\/12\/rufus-SCAIE-52-copia.jpg\" data-dt-img-description=\"\" data-large_image_width=\"2500\" data-large_image_height=\"1786\"><img loading=\"lazy\" decoding=\"async\" class=\"size-medium wp-image-310370 alignleft\" src=\"https:\/\/www.radiopiu.net\/wordpress\/wp-content\/uploads\/2022\/12\/rufus-SCAIE-52-copia-300x214.jpg\" sizes=\"auto, (max-width: 300px) 100vw, 300px\" srcset=\"https:\/\/www.radiopiu.net\/wordpress\/wp-content\/uploads\/2022\/12\/rufus-SCAIE-52-copia-300x214.jpg 300w, https:\/\/www.radiopiu.net\/wordpress\/wp-content\/uploads\/2022\/12\/rufus-SCAIE-52-copia-1024x732.jpg 1024w, https:\/\/www.radiopiu.net\/wordpress\/wp-content\/uploads\/2022\/12\/rufus-SCAIE-52-copia-768x549.jpg 768w, https:\/\/www.radiopiu.net\/wordpress\/wp-content\/uploads\/2022\/12\/rufus-SCAIE-52-copia-1536x1097.jpg 1536w, https:\/\/www.radiopiu.net\/wordpress\/wp-content\/uploads\/2022\/12\/rufus-SCAIE-52-copia-2048x1463.jpg 2048w\" alt=\"\" width=\"300\" height=\"214\" \/><\/a>\u201cun\u2019iniziativa magari modesta, ma che nel medio periodo ha avuto diverse sollecitazioni perch\u00e8 fosse finalizzata e diventasse un libretto\u201d.<\/em><\/p><\/blockquote>\n<p><strong>BELLUNO\u00a0<\/strong> Venerd\u00ec 16 dicembre\u00a0 alle 18.30 in Sala Muccin \u2013 Centro Giovanni XXIII (Piazza Piloni \u2013 Belluno), si terr\u00e0 la presentazione del volume \u201cScaie de Cor, pensieri e parole in dialetto belumat\u201d, realizzato da Fabio Rufus Bristot.\u00a0 Dall\u2019 \u201cabstract\u201d\u00a0<em>\u201cScaie de cor\u201d, scaglie, pezzi \u2018del\u2019 cuore e \u2018dal\u2019 cuore, cuore che si spezza, dunque, in tante scaglie, pezzi che si generano, erompono e si dipartono da un\u2019intimit\u00e0 reale o da una, viceversa, apparente e illusoria, dove invece la fantasia \u00e8 diventata padrona assoluta del dire\u201d.\u00a0<\/em><em>\u201cScaie<\/em>\u00a0<em>de cor<\/em>\u201d, scaglie, pezzi \u2018del\u2019 cuore e \u2018dal\u2019 cuore, stati emotivi che possono essere anche assimilati o associati ad altri soggetti o alle dinamiche del nostro vivere sociale e alle sue distorsioni e devianze, all\u2019immoralit\u00e0 di talune circostanze o di determinati contesti.\u00a0 \u00a0Presenter\u00e0 e moderer\u00e0 la serata Dino Bridda, mentre dar\u00e0 lettura di alcuni brani Sandro Neri<\/p>\n<p>&nbsp;<\/p>\n<p>&nbsp;<\/p>\n<hr \/>\n<p>&nbsp;<\/p>\n<blockquote>\n<h3>DOMANI L&#8217;INCONTRO CON I NEO DICIOTTENNI A CANALE<\/h3>\n<\/blockquote>\n<p><strong><a class=\"dt-pswp-item\" href=\"https:\/\/www.radiopiu.net\/wordpress\/wp-content\/uploads\/2022\/12\/Senza-nome-33.jpg\" data-dt-img-description=\"\" data-large_image_width=\"474\" data-large_image_height=\"247\"><img loading=\"lazy\" decoding=\"async\" class=\"size-medium wp-image-310112 alignleft\" src=\"https:\/\/www.radiopiu.net\/wordpress\/wp-content\/uploads\/2022\/12\/Senza-nome-33-300x156.jpg\" alt=\"\" width=\"300\" height=\"156\" srcset=\"https:\/\/www.radiopiu.net\/wordpress\/wp-content\/uploads\/2022\/12\/Senza-nome-33-300x156.jpg 300w, https:\/\/www.radiopiu.net\/wordpress\/wp-content\/uploads\/2022\/12\/Senza-nome-33.jpg 474w\" sizes=\"auto, (max-width: 300px) 100vw, 300px\" \/><\/a>CANALE D&#8217;AGORDO<\/strong> I sindaci di Canale D&#8217;Agordo e Vallada incontreranno i giovani che hanno appena compiuto i 18 anni nella sala Lina Zand\u00f2 di Canale d&#8217;Agordo. L&#8217;appuntamento \u00e8 per domani alle 16:30. Interverr\u00e0 anche il presidio LIBERA dell&#8217;Agordino, l&#8217;associazione contro le mafie presieduta da Don Luigi Ciotti che proporr\u00e0 ai giovani una riflessione <a class=\"dt-pswp-item\" href=\"https:\/\/www.radiopiu.net\/wordpress\/wp-content\/uploads\/2022\/12\/foto-Marilisa.jpg\" data-dt-img-description=\"\" data-large_image_width=\"227\" data-large_image_height=\"280\"><img loading=\"lazy\" decoding=\"async\" class=\" wp-image-310161 alignright\" src=\"https:\/\/www.radiopiu.net\/wordpress\/wp-content\/uploads\/2022\/12\/foto-Marilisa.jpg\" alt=\"\" width=\"98\" height=\"121\" \/><\/a>sull&#8217;uso di un linguaggio rispettoso delle persone, e l&#8217;associazione Donatori del sangue di Canale-Vallada.<\/p>\n<p><strong>L&#8217;ASSESSORE MARILISA LUCHETTA<\/strong><\/p>\n<audio class=\"wp-audio-shortcode\" id=\"audio-310285-9\" preload=\"none\" style=\"width: 100%;\" controls=\"controls\"><source type=\"audio\/mpeg\" src=\"https:\/\/www.radiopiu.net\/wordpress\/wp-content\/uploads\/2022\/12\/MARILISA.mp3?_=9\" \/><a href=\"https:\/\/www.radiopiu.net\/wordpress\/wp-content\/uploads\/2022\/12\/MARILISA.mp3\">https:\/\/www.radiopiu.net\/wordpress\/wp-content\/uploads\/2022\/12\/MARILISA.mp3<\/a><\/audio>\n<p>&nbsp;<\/p>\n<hr \/>\n<p>&nbsp;<\/p>\n<blockquote>\n<h3>SERVIZIO POSTALE IN CADORE, MANCANO I PORTALETTERE<\/h3>\n<\/blockquote>\n<p><strong>CADORE\u00a0<\/strong> Poste italiane ha lanciato una campagna di reclutamento di personale da inserire nel proprio organico di Cadore, Cortina e Comelico, nessun titolo di studio specifico. Gli interessati dovranno avanzare la propria candidatura. Lo stipendio: tra i 1200 ed i 1300 euro mensili.<\/p>\n<p>&nbsp;<\/p>\n<p>&nbsp;<\/p>\n<hr \/>\n<p>&nbsp;<\/p>\n<blockquote>\n<h3>GLI APPUNTAMENTI CON LA BIBLIOTECA DI AGORDO<\/h3>\n<\/blockquote>\n<p><strong><a class=\"dt-pswp-item\" href=\"https:\/\/www.radiopiu.net\/wordpress\/wp-content\/uploads\/2021\/11\/libri.jpg\" data-dt-img-description=\"\" data-large_image_width=\"1920\" data-large_image_height=\"1276\"><img loading=\"lazy\" decoding=\"async\" class=\" wp-image-242680 alignleft\" src=\"https:\/\/www.radiopiu.net\/wordpress\/wp-content\/uploads\/2021\/11\/libri-300x199.jpg\" alt=\"\" width=\"220\" height=\"146\" srcset=\"https:\/\/www.radiopiu.net\/wordpress\/wp-content\/uploads\/2021\/11\/libri-300x199.jpg 300w, https:\/\/www.radiopiu.net\/wordpress\/wp-content\/uploads\/2021\/11\/libri-1024x681.jpg 1024w, https:\/\/www.radiopiu.net\/wordpress\/wp-content\/uploads\/2021\/11\/libri-768x510.jpg 768w, https:\/\/www.radiopiu.net\/wordpress\/wp-content\/uploads\/2021\/11\/libri-1536x1021.jpg 1536w, https:\/\/www.radiopiu.net\/wordpress\/wp-content\/uploads\/2021\/11\/libri.jpg 1920w\" sizes=\"auto, (max-width: 220px) 100vw, 220px\" \/><\/a>AGORDO<\/strong><\/p>\n<p>di Gianni Santomaso<\/p>\n<audio class=\"wp-audio-shortcode\" id=\"audio-310285-10\" preload=\"none\" style=\"width: 100%;\" controls=\"controls\"><source type=\"audio\/mpeg\" src=\"https:\/\/www.radiopiu.net\/wordpress\/wp-content\/uploads\/2022\/12\/GIANNI-GLI-APPUNTAMENTI-DELLA-BIBLIOTECA-DI-AGORDO.mp3?_=10\" \/><a href=\"https:\/\/www.radiopiu.net\/wordpress\/wp-content\/uploads\/2022\/12\/GIANNI-GLI-APPUNTAMENTI-DELLA-BIBLIOTECA-DI-AGORDO.mp3\">https:\/\/www.radiopiu.net\/wordpress\/wp-content\/uploads\/2022\/12\/GIANNI-GLI-APPUNTAMENTI-DELLA-BIBLIOTECA-DI-AGORDO.mp3<\/a><\/audio>\n<p>&nbsp;<\/p>\n<p>&nbsp;<\/p>\n<p>&nbsp;<\/p>\n<hr \/>\n<p>&nbsp;<\/p>\n<blockquote>\n<h3>IL MERCATINO DI NATALE DELL&#8217;ASSOCIAZIONE CUCCHINI<\/h3>\n<\/blockquote>\n<p><strong><a class=\"dt-pswp-item\" href=\"https:\/\/www.radiopiu.net\/wordpress\/wp-content\/uploads\/2022\/12\/FOTO-NATALE-CUORE-CUCCHINI.jpg\" data-dt-img-description=\"\" data-large_image_width=\"600\" data-large_image_height=\"600\"><img loading=\"lazy\" decoding=\"async\" class=\" wp-image-310491 alignleft\" src=\"https:\/\/www.radiopiu.net\/wordpress\/wp-content\/uploads\/2022\/12\/FOTO-NATALE-CUORE-CUCCHINI-300x300.jpg\" alt=\"\" width=\"170\" height=\"170\" srcset=\"https:\/\/www.radiopiu.net\/wordpress\/wp-content\/uploads\/2022\/12\/FOTO-NATALE-CUORE-CUCCHINI-300x300.jpg 300w, https:\/\/www.radiopiu.net\/wordpress\/wp-content\/uploads\/2022\/12\/FOTO-NATALE-CUORE-CUCCHINI-150x150.jpg 150w, https:\/\/www.radiopiu.net\/wordpress\/wp-content\/uploads\/2022\/12\/FOTO-NATALE-CUORE-CUCCHINI.jpg 600w\" sizes=\"auto, (max-width: 170px) 100vw, 170px\" \/><\/a>BELLUNO <\/strong>Anche quest\u2019anno la Cucchini celebra il Natale con un\u2019attenzione particolare alla solidariet\u00e0. Come da tradizione, vengono proposti i prodotti natalizi, confezionati dai volontari dell\u2019associazione bellunese, che da oltre 30 anni si occupa di dare sostegno alle persone ammalate e ai loro famigliari. Le ceste e le confezioni preparate dalla Cucchini sono un ottimo regalo di Natale. Contengono prodotti locali, a km0, come le marmellate e i biscotti delle Dolomiti Bellunesi, raccolti dalle piccole aziende produttrici bellunesi; ma anche l\u2019ormai famoso \u201cRiso Cucchini\u201d proveniente dalle migliori risaie del Piemonte, oltre a prodotti per la casa. \u00abSono un ottimo regalo per Natale, ma anche un dono alla nostra associazione, per permetterle di continuare le sue attivit\u00e0 a beneficio del territorio bellunese\u00bb spiega il presidente della Cucchini Paolo Colleselli. \u00abTutto quello che viene ricavato dal mercatino, infatti, va a sostegno dell\u2019attivit\u00e0 dei volontari e delle volontarie che prestano il loro servizio a sostegno delle persone ammalate, nell\u2019hospice e anche a domicilio con la consegna degli ausili\u00bb. Il mercatino di Natale della Cucchini sar\u00e0 allestito nella sala riunioni della sede, di fianco a Casa Tua Due. Sar\u00e0 aperto venerd\u00ec (9 dicembre) dalle 9 alle 12 e dalle 15 alle 18, e anche nel pomeriggio del sabato.<\/p>\n<p>&nbsp;<\/p>\n<p>&nbsp;<\/p>\n<hr \/>\n<p>&nbsp;<\/p>\n<blockquote>\n<h3>IL NATALE A LA VALLE, CALENDARIO DI EVENTI DA SAN NICOLO&#8217; ALLA BEFANA<\/h3>\n<\/blockquote>\n<p><strong><a class=\"dt-pswp-item\" href=\"https:\/\/www.radiopiu.net\/wordpress\/wp-content\/uploads\/2022\/12\/5e9aedad-b893-44ff-9579-9f18cabba57b.jpg\" data-dt-img-description=\"\" data-large_image_width=\"1448\" data-large_image_height=\"2048\"><img loading=\"lazy\" decoding=\"async\" class=\"wp-image-310224 alignleft\" src=\"https:\/\/www.radiopiu.net\/wordpress\/wp-content\/uploads\/2022\/12\/5e9aedad-b893-44ff-9579-9f18cabba57b-212x300.jpg\" alt=\"\" width=\"158\" height=\"224\" srcset=\"https:\/\/www.radiopiu.net\/wordpress\/wp-content\/uploads\/2022\/12\/5e9aedad-b893-44ff-9579-9f18cabba57b-212x300.jpg 212w, https:\/\/www.radiopiu.net\/wordpress\/wp-content\/uploads\/2022\/12\/5e9aedad-b893-44ff-9579-9f18cabba57b-724x1024.jpg 724w, https:\/\/www.radiopiu.net\/wordpress\/wp-content\/uploads\/2022\/12\/5e9aedad-b893-44ff-9579-9f18cabba57b-768x1086.jpg 768w, https:\/\/www.radiopiu.net\/wordpress\/wp-content\/uploads\/2022\/12\/5e9aedad-b893-44ff-9579-9f18cabba57b-1086x1536.jpg 1086w, https:\/\/www.radiopiu.net\/wordpress\/wp-content\/uploads\/2022\/12\/5e9aedad-b893-44ff-9579-9f18cabba57b.jpg 1448w\" sizes=\"auto, (max-width: 158px) 100vw, 158px\" \/><\/a>LA VALLE AGORDINA<\/strong> Con il passaggio di San Nicolo&#8217; \u00e8 entrato il Natale lavallese per iniziativa della Proloco del paese. Domenica 11 dicembre \u00e8 in programma El Merc\u00e0 de L&#8217;invern, gemellato con Riva Nadal (in programma a Rivamonte il 18 dicembre) e prevede dalle 10 il mercatino dei prodotti\u00a0 tipici selezionati nella piazza della chiesa fino alle 19. Alle 15.30 la lettura per bambini sotto l&#8217;albero con le ragazze della libreria Quatrocchi, di seguito i canti di Natale con i bambini dell&#8217;asilo e l&#8217;accensione dell&#8217;albero. Funzioner\u00e0 un punto di ristoro per tutto il giorno. Dal 21 dicembre &#8220;inte per anter&#8221; i presepi tra le burele di La Valle, sar\u00e0 distribuita la mappa dei partecipanti anche per agevolare le votazioni. Venerdi 23 Doi note per le Vile con la Schola Cantorum e dalle 20 serata di musica itinerante tra Cugnach, Fades e Lantrago. Sabato 24 dicembre gli auguri sotto l&#8217;albero e la messa di mezzanotte. Infine giovedi 5 gennaio l&#8217;arrivo della befana e delle donaze con la premiazione del concorso inter per anter.<\/p>\n<p>&nbsp;<\/p>\n<p>&nbsp;<\/p>\n<p>&nbsp;<\/p>\n<p>&nbsp;<\/p>\n<hr \/>\n<p>&nbsp;<\/p>\n<blockquote>\n<h3>IL BANDO PER L&#8217;ASSEGNAZIONE DELLE BORSE DI STUDIO AD ALLEGHE<\/h3>\n<\/blockquote>\n<p><strong>ALLEGHE<\/strong> Il Comune di Alleghe ha pubblicato il bando per l\u2019assegnazione di borse di studio comunali agli studenti, residenti, frequentanti le scuole superiori, che hanno conseguito il diploma di maturit\u00e0 nel 2022 o laureatesi entro il mese di ottobre 2022. Il modulo di domanda si pu\u00f2 reperire all\u2019albo pretorio online nel sito del Comune di Alleghe o richiedere direttamente all\u2019Ufficio Servizi Demografici; le domande potranno essere inoltrate fino al 19 dicembre 2022<\/p>\n<p>&nbsp;<\/p>\n<p>&nbsp;<\/p>\n<hr \/>\n<p>&nbsp;<\/p>\n<blockquote>\n<h3><span dir=\"ltr\" role=\"presentation\">AIUTI FINALIZZATI<\/span> <span dir=\"ltr\" role=\"presentation\">ALL&#8217;ACQUISTO<\/span> <span dir=\"ltr\" role=\"presentation\">DI <\/span><span dir=\"ltr\" role=\"presentation\">GENERI ALIMENTARI O PRODOTTI DI PRIMA<\/span> <span dir=\"ltr\" role=\"presentation\">NECESSIT\u00c0<\/span><\/h3>\n<\/blockquote>\n<p><strong>ALLEGHE<\/strong> Le<span dir=\"ltr\" role=\"presentation\"> persone e le famiglie residenti nel Comune che<\/span><span dir=\"ltr\" role=\"presentation\">, a causa degli effetti economici <\/span><span dir=\"ltr\" role=\"presentation\">derivanti dall\u2019emergenza epidemiologica<\/span> <span dir=\"ltr\" role=\"presentation\">dovuta alla diffusione del virus Covid<\/span><span dir=\"ltr\" role=\"presentation\">&#8211;<\/span><span dir=\"ltr\" role=\"presentation\">19,<\/span> <span dir=\"ltr\" role=\"presentation\">si trovino in uno <\/span><span dir=\"ltr\" role=\"presentation\">stato di bisogno per soddisfare le necessit\u00e0 pi\u00f9 urgenti ed essenziali<\/span><span dir=\"ltr\" role=\"presentation\">, <\/span><span dir=\"ltr\" role=\"presentation\">possono<\/span> <span dir=\"ltr\" role=\"presentation\">chiedere che vengano loro riconosciuti i buoni spesa per l&#8217;acquisto di generi alimentari o prodotti di prima necessit\u00e0. L<\/span><span dir=\"ltr\" role=\"presentation\">\u2019entit\u00e0 dell\u2019importo verr\u00e0 definito con successivo <\/span><span dir=\"ltr\" role=\"presentation\">provvedimento, partendo da un<\/span> <span dir=\"ltr\" role=\"presentation\">importo minimo di 50euro<\/span><span dir=\"ltr\" role=\"presentation\">, sulla base del numero dei <\/span><span dir=\"ltr\" role=\"presentation\">componenti il nucleo familiare e in consi<\/span><span dir=\"ltr\" role=\"presentation\">derazione delle necessit\u00e0 dichiarate dal richiedente. <\/span><span dir=\"ltr\" role=\"presentation\">Le richieste, <\/span><span dir=\"ltr\" role=\"presentation\">redatte sull\u2019apposito modulo dovranno <\/span><span dir=\"ltr\" role=\"presentation\">p<\/span><span dir=\"ltr\" role=\"presentation\">ervenire<\/span> <span dir=\"ltr\" role=\"presentation\">al<\/span> <span dir=\"ltr\" role=\"presentation\">Comune<\/span> <span dir=\"ltr\" role=\"presentation\">di<\/span> <span dir=\"ltr\" role=\"presentation\">Alleghe<\/span> <span dir=\"ltr\" role=\"presentation\">mediante<\/span> <span dir=\"ltr\" role=\"presentation\">invio<\/span> <span dir=\"ltr\" role=\"presentation\">di<\/span> <span dir=\"ltr\" role=\"presentation\">posta<\/span> <span dir=\"ltr\" role=\"presentation\">elettronica, s<\/span><span dir=\"ltr\" role=\"presentation\">olo via residuale<\/span> <span dir=\"ltr\" role=\"presentation\">la domanda potr\u00e0 essere presentata telefonicamente allo<\/span>\u00a0<span dir=\"ltr\" role=\"presentation\">0437 <\/span><span dir=\"ltr\" role=\"presentation\">523300<\/span> <span dir=\"ltr\" role=\"presentation\">dal luned\u00ec al venerd\u00ec<\/span> <span dir=\"ltr\" role=\"presentation\">dalle 8 alle 10<\/span><span dir=\"ltr\" role=\"presentation\">. <\/span><span dir=\"ltr\" role=\"presentation\">Il modulo \u00e8 scaricabile dal sito internet<\/span> <span dir=\"ltr\" role=\"presentation\">www.comune.alleghe.bl.it<\/span><span dir=\"ltr\" role=\"presentation\">, oppure ritirabile presso gli esercizi <\/span><span dir=\"ltr\" role=\"presentation\">comunali dei generi alimentari del territorio.<\/span><\/p>\n<p>&nbsp;<\/p>\n<p>&nbsp;<\/p>\n<hr \/>\n<p>&nbsp;<\/p>\n<blockquote>\n<h3>OTHELLO TANGO, VENERDI 9 DICEMBRE AL TEATRO COMUNALE DI BELLUNO<\/h3>\n<\/blockquote>\n<div>L&#8217;INTERVISTA ALLA PRESIDENTE TIZIANI PAGANI CESA<\/div>\n<div>\n<audio class=\"wp-audio-shortcode\" id=\"audio-310285-11\" preload=\"none\" style=\"width: 100%;\" controls=\"controls\"><source type=\"audio\/mpeg\" src=\"https:\/\/www.radiopiu.net\/wordpress\/wp-content\/uploads\/2022\/11\/TIZIANA-PAGANI-CESA.mp3?_=11\" \/><a href=\"https:\/\/www.radiopiu.net\/wordpress\/wp-content\/uploads\/2022\/11\/TIZIANA-PAGANI-CESA.mp3\">https:\/\/www.radiopiu.net\/wordpress\/wp-content\/uploads\/2022\/11\/TIZIANA-PAGANI-CESA.mp3<\/a><\/audio>\n<\/div>\n<div><\/div>\n<blockquote>\n<div><a class=\"dt-pswp-item\" href=\"https:\/\/www.radiopiu.net\/wordpress\/wp-content\/uploads\/2022\/11\/Senza-nome-114.jpg\" data-dt-img-description=\"\" data-large_image_width=\"524\" data-large_image_height=\"278\"><img loading=\"lazy\" decoding=\"async\" class=\" wp-image-308653 alignleft\" src=\"https:\/\/www.radiopiu.net\/wordpress\/wp-content\/uploads\/2022\/11\/Senza-nome-114-300x159.jpg\" alt=\"\" width=\"285\" height=\"151\" srcset=\"https:\/\/www.radiopiu.net\/wordpress\/wp-content\/uploads\/2022\/11\/Senza-nome-114-300x159.jpg 300w, https:\/\/www.radiopiu.net\/wordpress\/wp-content\/uploads\/2022\/11\/Senza-nome-114.jpg 524w\" sizes=\"auto, (max-width: 285px) 100vw, 285px\" \/><\/a><br role=\"presentation\" \/><em><span dir=\"ltr\" role=\"presentation\">\u201c<\/span><span dir=\"ltr\" role=\"presentation\">Guardatevi dalla gelosia, mio signore! \u00c8 un mostro dagli occhi verdi che si<\/span><\/em><br role=\"presentation\" \/><em><span dir=\"ltr\" role=\"presentation\">diletta col cibo di cui si nutre<\/span><span dir=\"ltr\" role=\"presentation\">.\u201d W. Shakespeare \/ Othello<\/span><\/em><\/div>\n<\/blockquote>\n<div class=\"textLayer\"><strong><span dir=\"ltr\" role=\"presentation\">RASSEGNA DI DANZA, <\/span><\/strong><span dir=\"ltr\" role=\"presentation\">Oggi<\/span><span dir=\"ltr\" role=\"presentation\">\u00a0 alle\u00a0 21 al Teatro Comunale di Belluno. <\/span><span dir=\"ltr\" role=\"presentation\">Dopo il successo strepitoso di Romeo y Julieta Tango la compagnia Naturalis Labor torna ad <\/span><span dir=\"ltr\" role=\"presentation\">esplorare attraverso il linguaggio della danza e del tango Shakespeare in uno <\/span><span dir=\"ltr\" role=\"presentation\">dei suoi testi pi\u00f9 conosciuti l\u2019Othello, con un cast di dodici danzatori. <\/span><span dir=\"ltr\" role=\"presentation\">Il tango rappresenta nell\u2019immaginario collettivo la passione, la sensualit\u00e0. <\/span><span dir=\"ltr\" role=\"presentation\">Qui il coreografo Luciano Padovani con un linguaggio sempre in bilico tra il <\/span><span dir=\"ltr\" role=\"presentation\">tango<\/span> <span dir=\"ltr\" role=\"presentation\">e<\/span> <span dir=\"ltr\" role=\"presentation\">la danza ci racconta una storia di amore e di morte. Un lavoro <\/span><span dir=\"ltr\" role=\"presentation\">attento con un cast di dodici poliedrici danzatori\/tangueros con le scene di <\/span><span dir=\"ltr\" role=\"presentation\">Mauro Zocchetta e Gloria Gandini, i costumi di<\/span> <span dir=\"ltr\" role=\"presentation\">Chiara Defant e le luci di <\/span><span dir=\"ltr\" role=\"presentation\">Thomas Heuger.<\/span><\/div>\n<div><\/div>\n<div>\n<p><iframe loading=\"lazy\" title=\"Othello Tango, in scena passione e gelosia.\" width=\"1200\" height=\"675\" src=\"https:\/\/www.youtube.com\/embed\/sgUa08f_opM?feature=oembed\" frameborder=\"0\" allow=\"accelerometer; autoplay; clipboard-write; encrypted-media; gyroscope; picture-in-picture\" allowfullscreen><\/iframe><\/p>\n<\/div>\n<p><strong><span dir=\"ltr\" role=\"presentation\">BIGLIETTERIA FISICA<\/span><span dir=\"ltr\" role=\"presentation\">: <\/span><\/strong><span dir=\"ltr\" role=\"presentation\">\u2013 MUSEO CIVICO DI BELLUNO \u2013 PALAZZO FULCIS <\/span><span dir=\"ltr\" role=\"presentation\">Via Roma, 28 \u2013 32100 Belluno (BL): 0437 913323 <\/span><strong><span dir=\"ltr\" role=\"presentation\">BIGLIETTERIA ONLINE<\/span><\/strong> <span dir=\"ltr\" role=\"presentation\">su www.midaticket.it o www.vivaticket.com <\/span><span dir=\"ltr\" style=\"color: #ff0000;\" role=\"presentation\">ABBONAMENTO<\/span> <span dir=\"ltr\" role=\"presentation\">platea e galleria centrale <\/span><span dir=\"ltr\" role=\"presentation\">&#8211; Intero \u20ac 76 <\/span><span dir=\"ltr\" role=\"presentation\">\u00a0Ridotto (Over 60 \u2013 Under 30) \u20ac 56<\/span><br role=\"presentation\" \/><span dir=\"ltr\" role=\"presentation\"><span style=\"color: #ff0000;\">BIGLIETTI<\/span> <\/span><span dir=\"ltr\" role=\"presentation\">&#8211;<\/span><span dir=\"ltr\" role=\"presentation\">INTERO <\/span><span dir=\"ltr\" role=\"presentation\">Platea e galleria centrale \u20ac 32 <\/span><span dir=\"ltr\" role=\"presentation\">Galleria laterale \u20ac 27 <\/span><span dir=\"ltr\" role=\"presentation\">Loggione centrale \u20ac 18 <\/span><span dir=\"ltr\" role=\"presentation\">Per le<\/span> <span dir=\"ltr\" role=\"presentation\">PROMOZIONI DEDICATE<\/span> <span dir=\"ltr\" role=\"presentation\">a riferirsi alla biglietteria presso il<\/span> <span dir=\"ltr\" role=\"presentation\">Museo Civico <\/span>di Belluno &#8211; Tel al 0437 913323 \u2013 SCUOLE DI DANZA \u2013 FAMIGLIA (2 adulti + 2 under 18) \u2013 RIDUZIONI EXTRA \u2013 CARTA DOCENTI<\/p>\n<p>&nbsp;<\/p>\n<p>&nbsp;<\/p>\n<hr \/>\n<p>&nbsp;<\/p>\n<blockquote>\n<h3><strong>L&#8217;ASSEMBLEA DEL GRUPPO ALPINI DI FRASSENE&#8217;<\/strong><\/h3>\n<h3><strong>E&#8217; in programma per domenica, ritrovo 9.30, seguir\u00e0 la messa e l&#8217;assemblea nella sede con la relazione del capogruppo e del segretario. Apertura tesseramento 2023. Alle 13 il pranzo al ristorante Stella Alpina. Info 348 2602896<\/strong><\/h3>\n<\/blockquote>\n<p>&nbsp;<\/p>\n<p>&nbsp;<\/p>\n<hr \/>\n<p>&nbsp;<\/p>\n<blockquote>\n<h3>L&#8217;INCONTRO PER COSTITUIRE IL GRUPPO AUSER DI CENCENIGHE<\/h3>\n<\/blockquote>\n<p><strong>CENCENIGHE<\/strong> Si terr\u00e0 venerd\u00ec 16 dicembre alle 17:30 nella sala consigliare del Comune di Cencenighe la riunione per la costituzione del nuovo gruppo Auser di Cencenighe. Saranno presenti il presidente Auser di Canale D&#8217;Agordo, il sindaco di Cencenighe Mauro Soppelsa e gli assistenti di ASCA Servizi Sociali Agordino. La popolazione \u00e8 invitata a partecipare<\/p>\n<p>&nbsp;<\/p>\n<p>&nbsp;<\/p>\n<hr \/>\n<p>&nbsp;<\/p>\n<blockquote>\n<h3>MERCATINO DI NATALE CON IL GRUPPO MISSIONARIO PARROCCHIALE<\/h3>\n<\/blockquote>\n<p><strong>TRICHIANA<\/strong> Il Gruppo Missionario della Parrocchia Trichiana organizza presso il locale oratorio il mercatino di Natale. Sar\u00e0 aperto dal 10 al 14 dicembre con orario 9-12 \/ 14 &#8211; 18,30. Tanti volontari hanno realizzato oggetti artigianali che si potranno utilizzare per un regalo originale tramite una offerta libera che andr\u00e0 a fin di bene. Infatti il ricavato sar\u00e0 devoluto per aiutare i bambini ospiti della comunit\u00e0 di Padre Maria Susai, sacerdote\u00a0\u00a0nella zona di Kanyakumari, nel sud dello stato del Kerala in India. Il Padre \u00e8 coordinatore dell&#8217;associazione Vidivelli che significa stella mattutina. Questa associazione \u00a0promuove attivit\u00e0 di formazione e crescita attraverso un\u2019accoglienza solidale, innovativa, propositiva per bambini e adulti, in particolare le donne. Svolge un\u2019importante funzione di assistenza e di coesione sociale molto pi\u00f9 ampia del ruolo specifico che riveste. Il ricavato servir\u00e0 per aiutare i bambini poveri, e\u00a0in particolare gli orfani, ad ottenere l&#8217;istruzione primaria.<\/p>\n<p><a class=\"dt-pswp-item\" href=\"https:\/\/www.radiopiu.net\/wordpress\/wp-content\/uploads\/2022\/12\/image001.jpg\" data-dt-img-description=\"\" data-large_image_width=\"1400\" data-large_image_height=\"765\"><img loading=\"lazy\" decoding=\"async\" class=\"size-medium wp-image-310072 aligncenter\" src=\"https:\/\/www.radiopiu.net\/wordpress\/wp-content\/uploads\/2022\/12\/image001-300x164.jpg\" alt=\"\" width=\"300\" height=\"164\" srcset=\"https:\/\/www.radiopiu.net\/wordpress\/wp-content\/uploads\/2022\/12\/image001-300x164.jpg 300w, https:\/\/www.radiopiu.net\/wordpress\/wp-content\/uploads\/2022\/12\/image001-1024x560.jpg 1024w, https:\/\/www.radiopiu.net\/wordpress\/wp-content\/uploads\/2022\/12\/image001-768x420.jpg 768w, https:\/\/www.radiopiu.net\/wordpress\/wp-content\/uploads\/2022\/12\/image001.jpg 1400w\" sizes=\"auto, (max-width: 300px) 100vw, 300px\" \/><\/a><\/p>\n<p>&nbsp;<\/p>\n<p>&nbsp;<\/p>\n<hr \/>\n<p>&nbsp;<\/p>\n<blockquote>\n<h3>EUGENIO BIEN SI RACCONTA<\/h3>\n<\/blockquote>\n<p><strong>AGORDO\u00a0<\/strong>Si intitola &#8220;Il fascino della montagna innevata&#8221; l&#8217;appuntamento in programma domani in sala Don Tamis ad Agordo. Ospite Eugenio Bien che si racconter\u00e0 al pubblico. L&#8217;evento \u00e8 organizzato dalla Biblioteca di Agordo e il Circolo Culturale Agordino. Inizio alle 17 con ingresso libero.<\/p>\n<p>&nbsp;<\/p>\n<hr \/>\n<p>&nbsp;<\/p>\n<blockquote>\n<h3>SPAZIO ALLA PACE<\/h3>\n<\/blockquote>\n<p><strong>BELLUNO\u00a0<\/strong> Domani a Belluno, Casa dei Beni Comuni alle 12.30 e a Palazzo Bembo alla 18, incontro con Pasquale Pugliese. Alla casa il pranzo-incontro, a Palazzo Bembo la conferenza su Guerra in Ucraina e conflitti internazionali: principi e saperi della non violenza<\/p>\n<p>&nbsp;<\/p>\n<p>&nbsp;<\/p>\n<hr \/>\n<p>&nbsp;<\/p>\n<blockquote>\n<h3>CONCERTO DEL CORO MINIMO PER I 60 ANNI<\/h3>\n<\/blockquote>\n<p><b>BELLUNO\u00a0 <\/b>Domenica 18 dicembre alle 17.30 al Teatro Comunale concerto del Coro Minimo Bellunese &#8211; con ingresso libero &#8211; in occasione dei 60 anni della fondazione, sar\u00e0 presentata l&#8217;ottava incisione.<\/p>\n<p>&nbsp;<\/p>\n<hr \/>\n<p>&nbsp;<\/p>\n<blockquote>\n<h3>LA RANA DEL LAGO DI VEDANA<\/h3>\n<\/blockquote>\n<p><strong>SOSPIROLO<\/strong> Domani alle 10.30 al Centro civico di Sospirolo si terr\u00e0 la presentazione del libro per bambini \u201cLa favolosa storia della rana del lago di Vedana\u201d (Dbs edizioni): una favola scritta da Eugenia Caldart e illustrata da GianAntonio Cecchin. L\u2019appuntamento \u00e8 proposto dal Comune di Sospirolo, che patrocina l&#8217;iniziativa, con la collaborazione della Pro loco \u201cMonti del Sole\u201d.<\/p>\n<p>&nbsp;<\/p>\n<p>&nbsp;<\/p>\n<hr \/>\n<p>&nbsp;<\/p>\n<blockquote>\n<h3>LA PENNA ALPINA PER LA NOSTRA MONTAGNA<\/h3>\n<\/blockquote>\n<p><strong>FELTRE<\/strong> Il Gruppo Alpini di Feltre organizza per sabato 17 dicembre alle 20:30, all&#8217;Auditorium Canossiano di Feltre, la serata dedicata al premio &#8220;La Penna Alpina Per La Nostra Montagna&#8221;. Nella serata anche l&#8217;esibizione del coro La Spineta con Infinito Villaggio, una commedia musicale dove la musica e il canto viaggeranno in tempi e luoghi vicini e lontani.<\/p>\n<p>&nbsp;<\/p>\n<p>&nbsp;<\/p>\n<hr \/>\n<p>&nbsp;<\/p>\n<blockquote>\n<h3>LA STORIA DI LIMANA<\/h3>\n<\/blockquote>\n<p><strong>LIMANA<\/strong> Terzo appuntamento con la storia di Limana. Lo storico Marco Perale presenter\u00e0 il suo libro gioved\u00ec alle 20 al centro culturale Al Vejo di Valmorel.<\/p>\n<p>&nbsp;<\/p>\n<p>&nbsp;<\/p>\n<hr \/>\n<p>&nbsp;<\/p>\n<blockquote>\n<h3>&#8220;CAMPAGNA RECLUTAMENTO VOLONTARI&#8221;\u00a0, PARLANO LE ASSOCIAZIONI<\/h3>\n<\/blockquote>\n<h3><span style=\"color: #ff0000;\">Il nuovo programma radiofonico sul volontariato bellunese<\/span><\/h3>\n<p>il <strong>Comitato d\u2019Intesa<\/strong>\u00a0si lancia in un nuovo progetto.\u00a0<strong>\u201cUna Finestra sul Volontariato\u201d<\/strong> \u00e8 il programma radiofonico\u00a0 che ha l\u2019obiettivo di raccontare il mondo del volontariato nella provincia di Belluno, con le sue sfaccettature e la sua ricchezza. L\u2019iniziativa \u00e8 rivolta alla cittadinanza interessata a conoscere qualcosa di pi\u00f9 sul Terzo Settore, e alle associazioni che vogliono restare aggiornate e scoprire nuove opportunit\u00e0. Potete ascoltarci ogni <strong>secondo venerd\u00ec del mese<\/strong>\u00a0alle\u00a0<strong>ore 10.30<\/strong>\u00a0e alle\u00a0<strong>ore 19.00<\/strong> sulle frequenze di Radio Pi\u00f9.<\/p>\n<p>&nbsp;<\/p>\n<p><span style=\"color: #ff0000;\"><strong>OGGI ALLA RADIO, CON ELISA ROLDO, RENZO ANDRICH E SISTO DA ROIT\u00a0 \u00a0<\/strong><\/span><\/p>\n<p>&nbsp;<\/p>\n<p><strong>ROBERTO, MAURIZIO, ELISA E LUCIA. FILO&#8217; SANTA CROCE DEL LAGO<\/strong><\/p>\n<audio class=\"wp-audio-shortcode\" id=\"audio-310285-12\" preload=\"none\" style=\"width: 100%;\" controls=\"controls\"><source type=\"audio\/mpeg\" src=\"https:\/\/www.radiopiu.net\/wordpress\/wp-content\/uploads\/2022\/12\/SANTA-CROCE.mp3?_=12\" \/><a href=\"https:\/\/www.radiopiu.net\/wordpress\/wp-content\/uploads\/2022\/12\/SANTA-CROCE.mp3\">https:\/\/www.radiopiu.net\/wordpress\/wp-content\/uploads\/2022\/12\/SANTA-CROCE.mp3<\/a><\/audio>\n<p>&nbsp;<\/p>\n<p>&nbsp;<\/p>\n<p><span style=\"color: #ff0000;\"><strong>LA RACCOLTA COMPLETA<\/strong><\/span><\/p>\n<p>&nbsp;<\/p>\n<blockquote class=\"wp-embedded-content\" data-secret=\"5HQutw6ksA\"><p><a href=\"https:\/\/www.radiopiu.net\/wordpress\/puntata04\/\">&#8220;CAMPAGNA RECLUTAMENTO VOLONTARI&#8221;\u00a0, PARLANO LE ASSOCIAZIONI<\/a><\/p><\/blockquote>\n<p><iframe loading=\"lazy\" class=\"wp-embedded-content\" sandbox=\"allow-scripts\" security=\"restricted\" style=\"position: absolute; clip: rect(1px, 1px, 1px, 1px);\" title=\"&#8220;&#8220;CAMPAGNA RECLUTAMENTO VOLONTARI&#8221;\u00a0, PARLANO LE ASSOCIAZIONI&#8221; &#8212; Radio Pi\u00f9\" src=\"https:\/\/www.radiopiu.net\/wordpress\/puntata04\/embed\/#?secret=k96QmBox0B#?secret=5HQutw6ksA\" data-secret=\"5HQutw6ksA\" width=\"600\" height=\"338\" frameborder=\"0\" marginwidth=\"0\" marginheight=\"0\" scrolling=\"no\"><\/iframe><\/p>\n<p>&nbsp;<\/p>\n<p>&nbsp;<\/p>\n<p>&nbsp;<\/p>\n<p>&nbsp;<\/p>\n<hr \/>\n<p>&nbsp;<\/p>\n<h2><span style=\"color: #ff6600;\"><strong>IERI ALLA RADIO<\/strong><\/span><\/h2>\n<h2><strong><a class=\"dt-pswp-item\" href=\"https:\/\/www.radiopiu.net\/wordpress\/wp-content\/uploads\/2020\/11\/Schermata-2020-11-11-alle-12.25.13.png\" data-dt-img-description=\"\" data-large_image_width=\"594\" data-large_image_height=\"310\"><img loading=\"lazy\" decoding=\"async\" class=\"size-medium wp-image-172025 alignleft\" src=\"https:\/\/www.radiopiu.net\/wordpress\/wp-content\/uploads\/2020\/11\/Schermata-2020-11-11-alle-12.25.13-300x157.png\" alt=\"\" width=\"300\" height=\"157\" srcset=\"https:\/\/www.radiopiu.net\/wordpress\/wp-content\/uploads\/2020\/11\/Schermata-2020-11-11-alle-12.25.13-300x157.png 300w, https:\/\/www.radiopiu.net\/wordpress\/wp-content\/uploads\/2020\/11\/Schermata-2020-11-11-alle-12.25.13.png 594w\" sizes=\"auto, (max-width: 300px) 100vw, 300px\" \/><\/a><\/strong><span style=\"color: #008000;\">CISL LA VOCE PER I LAVORATORI<\/span><\/h2>\n<p><strong>di Mirko Mezzacasa<\/strong><\/p>\n<p>OSPITE: Alessio Piccoli, operatore CISL Belluno-Treviso<\/p>\n<audio class=\"wp-audio-shortcode\" id=\"audio-310285-13\" preload=\"none\" style=\"width: 100%;\" controls=\"controls\"><source type=\"audio\/mpeg\" src=\"https:\/\/www.radiopiu.net\/wordpress\/wp-content\/uploads\/2022\/12\/CISL-1-FEMCA-2.mp3?_=13\" \/><a href=\"https:\/\/www.radiopiu.net\/wordpress\/wp-content\/uploads\/2022\/12\/CISL-1-FEMCA-2.mp3\">https:\/\/www.radiopiu.net\/wordpress\/wp-content\/uploads\/2022\/12\/CISL-1-FEMCA-2.mp3<\/a><\/audio>\n<p>&nbsp;<\/p>\n<h2>\u00a0LA RACCOLTA COMPLETA<\/h2>\n<blockquote class=\"wp-embedded-content\" data-secret=\"A8Y5vzx2Mi\"><p><a href=\"https:\/\/www.radiopiu.net\/wordpress\/cisl-e-femca-cisl-la-voce-per-i-lavoratori\/\">CISL E FEMCA CISL  LA VOCE PER I LAVORATORI<\/a><\/p><\/blockquote>\n<p><iframe loading=\"lazy\" class=\"wp-embedded-content\" sandbox=\"allow-scripts\" security=\"restricted\" style=\"position: absolute; clip: rect(1px, 1px, 1px, 1px);\" title=\"&#8220;CISL E FEMCA CISL  LA VOCE PER I LAVORATORI&#8221; &#8212; Radio Pi\u00f9\" src=\"https:\/\/www.radiopiu.net\/wordpress\/cisl-e-femca-cisl-la-voce-per-i-lavoratori\/embed\/#?secret=uwPA8Q1Cge#?secret=A8Y5vzx2Mi\" data-secret=\"A8Y5vzx2Mi\" width=\"600\" height=\"338\" frameborder=\"0\" marginwidth=\"0\" marginheight=\"0\" scrolling=\"no\"><\/iframe><\/p>\n<p>&nbsp;<\/p>\n<hr \/>\n<p>&nbsp;<\/p>\n<blockquote>\n<h2>CMP&#8230;UN MARCHIO, UNA STORIA, DALL&#8217;8 DICEMBRE ANCHE AD AGORDO<\/h2>\n<\/blockquote>\n<p><strong>REDAZIONE\u00a0 1948 <\/strong>Piazza Bassano il banco di Maria,<strong> 1979 <\/strong>Via Nardi Fellette: 16mila metri quadrati, <strong>1982 <\/strong>Puma e Reebok<strong>, 1988 <\/strong>Germania<strong>,\u00a0 1993 <\/strong>Romania,<strong> 1999<\/strong> Kilkenny,<strong> 2000 <\/strong>Romania e Tunisia<strong>, 2010 <\/strong>CMP<strong>, 2014 <\/strong>Austria,<strong>\u00a0 2018 <\/strong>Francia,<strong> 2022 Agordo in Corso Alpini. <\/strong>\u00a0Alcune date, ma la storia \u00e8 ben pi\u00f9 lunga e la raccontiamo nell&#8217;intervista con il dottor Fabio Campagnolo (<a href=\"https:\/\/www.lecoqsport.it\/notizie\/la-storia-dun-marchio-italiano-cmp\/\">leggila qui<\/a>) Dove fino a poco tempo fa Daniele Carlin apriva le porte del negozio Sport Agordo, dal ponte dell&#8217;Immacolata riceve il testimone la CMP, l&#8217;inaugurazione ufficiale del negozio \u00e8 calendarizzata per il 16 dicembre.<\/p>\n<p>&nbsp;<\/p>\n<p><strong><a class=\"dt-pswp-item\" href=\"https:\/\/www.radiopiu.net\/wordpress\/wp-content\/uploads\/2022\/12\/cd7d5c8e-2df1-4236-8392-db68226c4017.jpg\" data-dt-img-description=\"\" data-large_image_width=\"1920\" data-large_image_height=\"1080\"><img loading=\"lazy\" decoding=\"async\" class=\"wp-image-310355 alignleft\" src=\"https:\/\/www.radiopiu.net\/wordpress\/wp-content\/uploads\/2022\/12\/cd7d5c8e-2df1-4236-8392-db68226c4017-300x169.jpg\" alt=\"\" width=\"156\" height=\"88\" srcset=\"https:\/\/www.radiopiu.net\/wordpress\/wp-content\/uploads\/2022\/12\/cd7d5c8e-2df1-4236-8392-db68226c4017-300x169.jpg 300w, https:\/\/www.radiopiu.net\/wordpress\/wp-content\/uploads\/2022\/12\/cd7d5c8e-2df1-4236-8392-db68226c4017-1024x576.jpg 1024w, https:\/\/www.radiopiu.net\/wordpress\/wp-content\/uploads\/2022\/12\/cd7d5c8e-2df1-4236-8392-db68226c4017-768x432.jpg 768w, https:\/\/www.radiopiu.net\/wordpress\/wp-content\/uploads\/2022\/12\/cd7d5c8e-2df1-4236-8392-db68226c4017-1536x864.jpg 1536w, https:\/\/www.radiopiu.net\/wordpress\/wp-content\/uploads\/2022\/12\/cd7d5c8e-2df1-4236-8392-db68226c4017.jpg 1920w\" sizes=\"auto, (max-width: 156px) 100vw, 156px\" \/><\/a><\/strong><\/p>\n<p><strong>LO SPOT ALLA RADIO<\/strong><\/p>\n<p><em>&#8220;Benvenuti nel nostro mondo: dove l\u2019amore per la natura e per la vita sana si fondono a stile e colore per creare capi dai contenuti tecnologici all\u2019avanguardia&#8221;.<\/em><\/p>\n<audio class=\"wp-audio-shortcode\" id=\"audio-310285-14\" preload=\"none\" style=\"width: 100%;\" controls=\"controls\"><source type=\"audio\/mpeg\" src=\"https:\/\/www.radiopiu.net\/wordpress\/wp-content\/uploads\/2022\/12\/cmp-store-c.mp3?_=14\" \/><a href=\"https:\/\/www.radiopiu.net\/wordpress\/wp-content\/uploads\/2022\/12\/cmp-store-c.mp3\">https:\/\/www.radiopiu.net\/wordpress\/wp-content\/uploads\/2022\/12\/cmp-store-c.mp3<\/a><\/audio>\n<p>&nbsp;<\/p>\n<p><a class=\"dt-pswp-item\" href=\"https:\/\/www.radiopiu.net\/wordpress\/wp-content\/uploads\/2022\/12\/3c5cd573-2885-48e0-a3c9-08af25bd605e.jpg\" data-dt-img-description=\"\" data-large_image_width=\"1920\" data-large_image_height=\"1080\"><img loading=\"lazy\" decoding=\"async\" class=\"size-medium wp-image-310356 aligncenter\" src=\"https:\/\/www.radiopiu.net\/wordpress\/wp-content\/uploads\/2022\/12\/3c5cd573-2885-48e0-a3c9-08af25bd605e-300x169.jpg\" alt=\"\" width=\"300\" height=\"169\" srcset=\"https:\/\/www.radiopiu.net\/wordpress\/wp-content\/uploads\/2022\/12\/3c5cd573-2885-48e0-a3c9-08af25bd605e-300x169.jpg 300w, https:\/\/www.radiopiu.net\/wordpress\/wp-content\/uploads\/2022\/12\/3c5cd573-2885-48e0-a3c9-08af25bd605e-1024x576.jpg 1024w, https:\/\/www.radiopiu.net\/wordpress\/wp-content\/uploads\/2022\/12\/3c5cd573-2885-48e0-a3c9-08af25bd605e-768x432.jpg 768w, https:\/\/www.radiopiu.net\/wordpress\/wp-content\/uploads\/2022\/12\/3c5cd573-2885-48e0-a3c9-08af25bd605e-1536x864.jpg 1536w, https:\/\/www.radiopiu.net\/wordpress\/wp-content\/uploads\/2022\/12\/3c5cd573-2885-48e0-a3c9-08af25bd605e.jpg 1920w\" sizes=\"auto, (max-width: 300px) 100vw, 300px\" \/><\/a><\/p>\n<p><strong>L&#8217;INTERVISTA ALLA RADIO, OSPITE IL DOTTOR FABIO CAMPAGNOLO<\/strong><\/p>\n<blockquote><p><em>&#8220;Gli anni difficili del secondo dopoguerra. Una mamma e cinque figli da crescere. Maria Disegna ha un banco nella piazza di Bassano del Grappa&#8221;.<\/em><\/p><\/blockquote>\n<audio class=\"wp-audio-shortcode\" id=\"audio-310285-15\" preload=\"none\" style=\"width: 100%;\" controls=\"controls\"><source type=\"audio\/mpeg\" src=\"https:\/\/www.radiopiu.net\/wordpress\/wp-content\/uploads\/2022\/12\/CAMPAGNOLO-MONTATO.mp3?_=15\" \/><a href=\"https:\/\/www.radiopiu.net\/wordpress\/wp-content\/uploads\/2022\/12\/CAMPAGNOLO-MONTATO.mp3\">https:\/\/www.radiopiu.net\/wordpress\/wp-content\/uploads\/2022\/12\/CAMPAGNOLO-MONTATO.mp3<\/a><\/audio>\n<p>&nbsp;<\/p>\n<p>08<\/p>\n<p><img decoding=\"async\" src=\"https:\/\/www.radiopiu.net\/wordpress\/wp-content\/uploads\/2022\/12\/f0244e6e-a581-420a-a156-2afe299e2362.jpg\" \/><\/p>\n<p>&nbsp;<\/p>\n<p>&nbsp;<\/p>\n<p>&nbsp;<\/p>\n<hr \/>\n<p>&nbsp;<\/p>\n<h2><span style=\"color: #800080;\">SE NON LA SMETTI TI MANDO DAL PRESIDE<\/span><\/h2>\n<p><strong>OTTAVA PUNTATA<\/strong><\/p>\n<audio class=\"wp-audio-shortcode\" id=\"audio-310285-16\" preload=\"none\" style=\"width: 100%;\" controls=\"controls\"><source type=\"audio\/mpeg\" src=\"https:\/\/www.radiopiu.net\/wordpress\/wp-content\/uploads\/2022\/12\/se-non-la-smetti-puntata8.mp3?_=16\" \/><a href=\"https:\/\/www.radiopiu.net\/wordpress\/wp-content\/uploads\/2022\/12\/se-non-la-smetti-puntata8.mp3\">https:\/\/www.radiopiu.net\/wordpress\/wp-content\/uploads\/2022\/12\/se-non-la-smetti-puntata8.mp3<\/a><\/audio>\n<p>&nbsp;<\/p>\n<blockquote class=\"wp-embedded-content\" data-secret=\"SsYMryrvB4\"><p><a href=\"https:\/\/www.radiopiu.net\/wordpress\/se-non-la-smetti-di-mando-dal-preside\/\">SE NON LA SMETTI TI MANDO DAL PRESIDE<\/a><\/p><\/blockquote>\n<p><iframe loading=\"lazy\" class=\"wp-embedded-content\" sandbox=\"allow-scripts\" security=\"restricted\" style=\"position: absolute; clip: rect(1px, 1px, 1px, 1px);\" title=\"&#8220;SE NON LA SMETTI TI MANDO DAL PRESIDE&#8221; &#8212; Radio Pi\u00f9\" src=\"https:\/\/www.radiopiu.net\/wordpress\/se-non-la-smetti-di-mando-dal-preside\/embed\/#?secret=wOszFi54Wk#?secret=SsYMryrvB4\" data-secret=\"SsYMryrvB4\" width=\"600\" height=\"338\" frameborder=\"0\" marginwidth=\"0\" marginheight=\"0\" scrolling=\"no\"><\/iframe><\/p>\n<p>&nbsp;<\/p>\n<hr \/>\n<p>&nbsp;<\/p>\n<blockquote class=\"wp-embedded-content\" data-secret=\"wlux1CfHvS\"><p><a href=\"https:\/\/www.radiopiu.net\/wordpress\/cmp-un-marchio-una-storia-dall8-dicembre-anche-ad-agordo\/\">CMP&#8230;UN MARCHIO, UNA STORIA, DALL&#8217;8 DICEMBRE ANCHE AD AGORDO<\/a><\/p><\/blockquote>\n<p><iframe loading=\"lazy\" class=\"wp-embedded-content\" sandbox=\"allow-scripts\" security=\"restricted\" style=\"position: absolute; clip: rect(1px, 1px, 1px, 1px);\" title=\"&#8220;CMP&#8230;UN MARCHIO, UNA STORIA, DALL&#8217;8 DICEMBRE ANCHE AD AGORDO&#8221; &#8212; Radio Pi\u00f9\" src=\"https:\/\/www.radiopiu.net\/wordpress\/cmp-un-marchio-una-storia-dall8-dicembre-anche-ad-agordo\/embed\/#?secret=NQZ3N1PE01#?secret=wlux1CfHvS\" data-secret=\"wlux1CfHvS\" width=\"600\" height=\"338\" frameborder=\"0\" marginwidth=\"0\" marginheight=\"0\" scrolling=\"no\"><\/iframe><\/p>\n<p>&nbsp;<\/p>\n<hr \/>\n<p>&nbsp;<\/p>\n<blockquote>\n<h3>DOMANI AL COMUNALE, OPERA LIRICA E MUSICA SINFONICA<\/h3>\n<\/blockquote>\n<p><strong>BELLUNO<\/strong><\/p>\n<p>di Mirko Mezzacasa<\/p>\n<p><strong>L&#8217;INTERVISTA ALLA RADIO, OSPITE IL DIRETTORE DELIO CASSETTA<\/strong><\/p>\n<audio class=\"wp-audio-shortcode\" id=\"audio-310285-17\" preload=\"none\" style=\"width: 100%;\" controls=\"controls\"><source type=\"audio\/mpeg\" src=\"https:\/\/www.radiopiu.net\/wordpress\/wp-content\/uploads\/2022\/12\/DELIO-CASSETTA.mp3?_=17\" \/><a href=\"https:\/\/www.radiopiu.net\/wordpress\/wp-content\/uploads\/2022\/12\/DELIO-CASSETTA.mp3\">https:\/\/www.radiopiu.net\/wordpress\/wp-content\/uploads\/2022\/12\/DELIO-CASSETTA.mp3<\/a><\/audio>\n<p>&nbsp;<\/p>\n<p>&nbsp;<\/p>\n<p><a class=\"dt-pswp-item\" href=\"https:\/\/www.radiopiu.net\/wordpress\/wp-content\/uploads\/2022\/12\/Schermata-2022-10-07-alle-15.43.07.png\" data-dt-img-description=\"\" data-large_image_width=\"1280\" data-large_image_height=\"646\"><img loading=\"lazy\" decoding=\"async\" class=\"alignnone wp-image-310381 size-full\" src=\"https:\/\/www.radiopiu.net\/wordpress\/wp-content\/uploads\/2022\/12\/Schermata-2022-10-07-alle-15.43.07.png\" alt=\"\" width=\"1280\" height=\"646\" srcset=\"https:\/\/www.radiopiu.net\/wordpress\/wp-content\/uploads\/2022\/12\/Schermata-2022-10-07-alle-15.43.07.png 1280w, https:\/\/www.radiopiu.net\/wordpress\/wp-content\/uploads\/2022\/12\/Schermata-2022-10-07-alle-15.43.07-300x151.png 300w, https:\/\/www.radiopiu.net\/wordpress\/wp-content\/uploads\/2022\/12\/Schermata-2022-10-07-alle-15.43.07-1024x517.png 1024w, https:\/\/www.radiopiu.net\/wordpress\/wp-content\/uploads\/2022\/12\/Schermata-2022-10-07-alle-15.43.07-768x388.png 768w\" sizes=\"auto, (max-width: 1280px) 100vw, 1280px\" \/><\/a><\/p>\n<p>&nbsp;<\/p>\n<p>&nbsp;<\/p>\n<hr \/>\n<p>&nbsp;<\/p>\n<h1>LE DIRETTE DI RADIOPIU<\/h1>\n<blockquote class=\"wp-embedded-content\" data-secret=\"TwfmSHG9al\"><p><a href=\"https:\/\/www.radiopiu.net\/wordpress\/il-valore-della-lingua-ladina-nellincontro-organizzato-dal-bard\/\">IL VALORE DELLA LINGUA LADINA NELL&#8217;INCONTRO ORGANIZZATO DAL BARD<\/a><\/p><\/blockquote>\n<p><iframe loading=\"lazy\" class=\"wp-embedded-content\" sandbox=\"allow-scripts\" security=\"restricted\" style=\"position: absolute; clip: rect(1px, 1px, 1px, 1px);\" title=\"&#8220;IL VALORE DELLA LINGUA LADINA NELL&#8217;INCONTRO ORGANIZZATO DAL BARD&#8221; &#8212; Radio Pi\u00f9\" src=\"https:\/\/www.radiopiu.net\/wordpress\/il-valore-della-lingua-ladina-nellincontro-organizzato-dal-bard\/embed\/#?secret=QbKyMVQ5tN#?secret=TwfmSHG9al\" data-secret=\"TwfmSHG9al\" width=\"600\" height=\"338\" frameborder=\"0\" marginwidth=\"0\" marginheight=\"0\" scrolling=\"no\"><\/iframe><\/p>\n<p>&nbsp;<\/p>\n<blockquote class=\"wp-embedded-content\" data-secret=\"nk6lbGeC3I\"><p><a href=\"https:\/\/www.radiopiu.net\/wordpress\/opere-di-mitigazione-idraulica-pre-e-post-vaia-sul-missiaga-a-cugnago-di-la-valle-agordina\/\">OPERE DI MITIGAZIONE IDRAULICA PRE E POST VAIA SUL MISSIAGA A CUGNAGO DI LA VALLE AGORDINA<\/a><\/p><\/blockquote>\n<p><iframe loading=\"lazy\" class=\"wp-embedded-content\" sandbox=\"allow-scripts\" security=\"restricted\" style=\"position: absolute; clip: rect(1px, 1px, 1px, 1px);\" title=\"&#8220;OPERE DI MITIGAZIONE IDRAULICA PRE E POST VAIA SUL MISSIAGA A CUGNAGO DI LA VALLE AGORDINA&#8221; &#8212; Radio Pi\u00f9\" src=\"https:\/\/www.radiopiu.net\/wordpress\/opere-di-mitigazione-idraulica-pre-e-post-vaia-sul-missiaga-a-cugnago-di-la-valle-agordina\/embed\/#?secret=4EPoBkmPuX#?secret=nk6lbGeC3I\" data-secret=\"nk6lbGeC3I\" width=\"600\" height=\"338\" frameborder=\"0\" marginwidth=\"0\" marginheight=\"0\" scrolling=\"no\"><\/iframe><\/p>\n<p>&nbsp;<\/p>\n<hr \/>\n<p>&nbsp;<\/p>\n<div>\n<div class=\"b654a4as d2edcug0\">\n<div class=\"rq0escxv hkbzh7o3 jwdofwj8 n8tt0mok r8blr3vg hyh9befq\">\n<p><a class=\"dt-pswp-item\" href=\"https:\/\/www.radiopiu.net\/wordpress\/wp-content\/uploads\/2020\/10\/pp.jpg\" data-dt-img-description=\"\" data-large_image_width=\"640\" data-large_image_height=\"640\"><img loading=\"lazy\" decoding=\"async\" class=\"wp-image-163678 alignleft\" src=\"https:\/\/www.radiopiu.net\/wordpress\/wp-content\/uploads\/2020\/10\/pp-300x300.jpg\" alt=\"\" width=\"106\" height=\"106\" srcset=\"https:\/\/www.radiopiu.net\/wordpress\/wp-content\/uploads\/2020\/10\/pp-300x300.jpg 300w, https:\/\/www.radiopiu.net\/wordpress\/wp-content\/uploads\/2020\/10\/pp-150x150.jpg 150w, https:\/\/www.radiopiu.net\/wordpress\/wp-content\/uploads\/2020\/10\/pp-125x125.jpg 125w, https:\/\/www.radiopiu.net\/wordpress\/wp-content\/uploads\/2020\/10\/pp-200x200.jpg 200w, https:\/\/www.radiopiu.net\/wordpress\/wp-content\/uploads\/2020\/10\/pp-80x80.jpg 80w, https:\/\/www.radiopiu.net\/wordpress\/wp-content\/uploads\/2020\/10\/pp-480x480.jpg 480w, https:\/\/www.radiopiu.net\/wordpress\/wp-content\/uploads\/2020\/10\/pp.jpg 640w\" sizes=\"auto, (max-width: 106px) 100vw, 106px\" \/><\/a><\/p>\n<\/div>\n<\/div>\n<\/div>\n<div>\n<div class=\"page-title-head hgroup\">\n<div class=\"page-title-head hgroup\">\n<div class=\"b654a4as d2edcug0\">\n<div class=\"j83agx80 btwxx1t3 lhclo0ds hop8lmos nkwizq5d scwd0bx6 roh60bw9\">\n<div class=\"rq0escxv hkbzh7o3 jwdofwj8 n8tt0mok r8blr3vg hyh9befq\">\n<div class=\"do00u71z l9j0dhe7 k4urcfbm\">\n<h2><span style=\"color: #000080;\">DON CESARE, IL PENSIERO DEL GIORNO. ALLA RADIO ALLE 7 DEL MATTINO E ALLE 19.30 DELLA SERA\u00a0<\/span><\/h2>\n<audio class=\"wp-audio-shortcode\" id=\"audio-310285-18\" preload=\"none\" style=\"width: 100%;\" controls=\"controls\"><source type=\"audio\/mpeg\" src=\"https:\/\/www.radiopiu.net\/wordpress\/wp-content\/uploads\/2022\/12\/CESARE-6.mp3?_=18\" \/><a href=\"https:\/\/www.radiopiu.net\/wordpress\/wp-content\/uploads\/2022\/12\/CESARE-6.mp3\">https:\/\/www.radiopiu.net\/wordpress\/wp-content\/uploads\/2022\/12\/CESARE-6.mp3<\/a><\/audio>\n<p>&nbsp;<\/p>\n<hr \/>\n<p>&nbsp;<\/p>\n<h2><span style=\"color: #ff00ff;\">IN VIVO VERSO<\/span><\/h2>\n<h3>CI SONO GIORNI di CINZIA TANZINI<\/h3>\n<p><strong>AUDIO<\/strong><\/p>\n<audio class=\"wp-audio-shortcode\" id=\"audio-310285-19\" preload=\"none\" style=\"width: 100%;\" controls=\"controls\"><source type=\"audio\/mpeg\" src=\"https:\/\/www.radiopiu.net\/wordpress\/wp-content\/uploads\/2022\/12\/CINZIA-TANZINI-CI-SONO-GIORNI.mp3?_=19\" \/><a href=\"https:\/\/www.radiopiu.net\/wordpress\/wp-content\/uploads\/2022\/12\/CINZIA-TANZINI-CI-SONO-GIORNI.mp3\">https:\/\/www.radiopiu.net\/wordpress\/wp-content\/uploads\/2022\/12\/CINZIA-TANZINI-CI-SONO-GIORNI.mp3<\/a><\/audio>\n<p>&nbsp;<\/p>\n<p>&nbsp;<\/p>\n<p><strong><a class=\"dt-pswp-item\" href=\"https:\/\/www.radiopiu.net\/wordpress\/wp-content\/uploads\/2022\/12\/4-TANZINI.jpg\" data-dt-img-description=\"\" data-large_image_width=\"770\" data-large_image_height=\"1024\"><img loading=\"lazy\" decoding=\"async\" class=\"size-medium wp-image-310345 alignleft\" src=\"https:\/\/www.radiopiu.net\/wordpress\/wp-content\/uploads\/2022\/12\/4-TANZINI-226x300.jpg\" alt=\"\" width=\"226\" height=\"300\" srcset=\"https:\/\/www.radiopiu.net\/wordpress\/wp-content\/uploads\/2022\/12\/4-TANZINI-226x300.jpg 226w, https:\/\/www.radiopiu.net\/wordpress\/wp-content\/uploads\/2022\/12\/4-TANZINI-768x1021.jpg 768w, https:\/\/www.radiopiu.net\/wordpress\/wp-content\/uploads\/2022\/12\/4-TANZINI.jpg 770w\" sizes=\"auto, (max-width: 226px) 100vw, 226px\" \/><\/a>Cinzia Tanzini<\/strong><br \/>\n<strong>CI SONO GIORNI<\/strong><\/p>\n<p>Ci sono giorni in cui tutto \u00e8 in disordine.<br \/>\nI capelli.<br \/>\nIl letto.<br \/>\nLe parole.<br \/>\nI pensieri.<br \/>\nLa vita.<br \/>\n\u2026.ma poi tutto andr\u00e0 a posto&#8230;tutto sar\u00e0<br \/>\ndi nuovo in ordine.<\/p>\n<p>Bisogna solo capire quando.<\/p>\n<p>&nbsp;<\/p>\n<p>&nbsp;<\/p>\n<p>&nbsp;<\/p>\n<p><strong>LA RACCOLTA COMPLETA<\/strong><\/p>\n<blockquote class=\"wp-embedded-content\" data-secret=\"V2xeJvDnIR\"><p><a href=\"https:\/\/www.radiopiu.net\/wordpress\/in-vivo-verso\/\">In Vivo Verso<\/a><\/p><\/blockquote>\n<p><iframe loading=\"lazy\" class=\"wp-embedded-content\" sandbox=\"allow-scripts\" security=\"restricted\" style=\"position: absolute; clip: rect(1px, 1px, 1px, 1px);\" title=\"&#8220;In Vivo Verso&#8221; &#8212; Radio Pi\u00f9\" src=\"https:\/\/www.radiopiu.net\/wordpress\/in-vivo-verso\/embed\/#?secret=9P8LRoHDJT#?secret=V2xeJvDnIR\" data-secret=\"V2xeJvDnIR\" width=\"600\" height=\"338\" frameborder=\"0\" marginwidth=\"0\" marginheight=\"0\" scrolling=\"no\"><\/iframe><\/p>\n<p>&nbsp;<\/p>\n<hr \/>\n<p>&nbsp;<\/p>\n<h2><span style=\"color: #993300;\">SCUOLA APERTA AL FOLLADOR &#8211; DE ROSSI<\/span><\/h2>\n<blockquote class=\"wp-embedded-content\" data-secret=\"LXKxuiTGmw\"><p><a href=\"https:\/\/www.radiopiu.net\/wordpress\/scuola-aperta-una-settimana-alla-radio-lofferta-formativa-del-follador-de-rossi\/\">SCUOLA APERTA UNA SETTIMANA ALLA RADIO&#8230;L&#8217;OFFERTA FORMATIVA DEL FOLLADOR-DE ROSSI<\/a><\/p><\/blockquote>\n<p><iframe loading=\"lazy\" class=\"wp-embedded-content\" sandbox=\"allow-scripts\" security=\"restricted\" style=\"position: absolute; clip: rect(1px, 1px, 1px, 1px);\" title=\"&#8220;SCUOLA APERTA UNA SETTIMANA ALLA RADIO&#8230;L&#8217;OFFERTA FORMATIVA DEL FOLLADOR-DE ROSSI&#8221; &#8212; Radio Pi\u00f9\" src=\"https:\/\/www.radiopiu.net\/wordpress\/scuola-aperta-una-settimana-alla-radio-lofferta-formativa-del-follador-de-rossi\/embed\/#?secret=RflPR7pPZb#?secret=LXKxuiTGmw\" data-secret=\"LXKxuiTGmw\" width=\"600\" height=\"338\" frameborder=\"0\" marginwidth=\"0\" marginheight=\"0\" scrolling=\"no\"><\/iframe><\/p>\n<p>&nbsp;<\/p>\n<hr \/>\n<p>&nbsp;<\/p>\n<h2><span style=\"color: #339966;\">COLLAGE OPERAZIONE NOSTALGIA<\/span><\/h2>\n<p><strong><a class=\"dt-pswp-item\" href=\"https:\/\/www.radiopiu.net\/wordpress\/wp-content\/uploads\/2022\/12\/The-Kingston-Trio.jpg\" data-dt-img-description=\"\" data-large_image_width=\"360\" data-large_image_height=\"360\"><img loading=\"lazy\" decoding=\"async\" class=\" wp-image-309781 alignleft\" src=\"https:\/\/www.radiopiu.net\/wordpress\/wp-content\/uploads\/2022\/12\/The-Kingston-Trio-300x300.jpg\" alt=\"\" width=\"131\" height=\"131\" srcset=\"https:\/\/www.radiopiu.net\/wordpress\/wp-content\/uploads\/2022\/12\/The-Kingston-Trio-300x300.jpg 300w, https:\/\/www.radiopiu.net\/wordpress\/wp-content\/uploads\/2022\/12\/The-Kingston-Trio-150x150.jpg 150w, https:\/\/www.radiopiu.net\/wordpress\/wp-content\/uploads\/2022\/12\/The-Kingston-Trio.jpg 360w\" sizes=\"auto, (max-width: 131px) 100vw, 131px\" \/><\/a>di Loris Scussel<\/strong><\/p>\n<p>Anche questa settimana Collage proporr\u00e0 un menu di musica varia iniziando dalle canzoni italiane degli anni 60 come \u201cBandiera gialla\u201d e \u201cMonja\u201d, marted\u00ec ci sposteremo oltre Oceano con il Kingston Trio, Willie Nelson etc., mercoled\u00ec spazio al rock prog italiano degli anni 70 con la PFM, Jenny Sorrenti e cos\u00ec via, gioved\u00ec musica anglo americana da Rod Steward ai Fleetwood Mac, la scaletta di venerd\u00ec infine \u00e8 dedicata ad alcuni successi firmati da Corrado Castellari. Collage va in onda dal luned\u00ec al venerd\u00ec alle 16,00 e alle 23,00 naturalmente su Radio Pi\u00f9.<\/p>\n<p><strong>LA PUNTATA DEL LUNEDI, 676<\/strong><\/p>\n<audio class=\"wp-audio-shortcode\" id=\"audio-310285-20\" preload=\"none\" style=\"width: 100%;\" controls=\"controls\"><source type=\"audio\/mpeg\" src=\"https:\/\/www.radiopiu.net\/wordpress\/wp-content\/uploads\/2022\/12\/Collage-676.mp3?_=20\" \/><a href=\"https:\/\/www.radiopiu.net\/wordpress\/wp-content\/uploads\/2022\/12\/Collage-676.mp3\">https:\/\/www.radiopiu.net\/wordpress\/wp-content\/uploads\/2022\/12\/Collage-676.mp3<\/a><\/audio>\n<p><strong>LA PUNTATA DEL MARTEDI, 677<\/strong><\/p>\n<audio class=\"wp-audio-shortcode\" id=\"audio-310285-21\" preload=\"none\" style=\"width: 100%;\" controls=\"controls\"><source type=\"audio\/mpeg\" src=\"https:\/\/www.radiopiu.net\/wordpress\/wp-content\/uploads\/2022\/12\/Collage-677.mp3?_=21\" \/><a href=\"https:\/\/www.radiopiu.net\/wordpress\/wp-content\/uploads\/2022\/12\/Collage-677.mp3\">https:\/\/www.radiopiu.net\/wordpress\/wp-content\/uploads\/2022\/12\/Collage-677.mp3<\/a><\/audio>\n<p><strong>LA PUNTATA DEL MERCOLEDI, 678<\/strong><\/p>\n<audio class=\"wp-audio-shortcode\" id=\"audio-310285-22\" preload=\"none\" style=\"width: 100%;\" controls=\"controls\"><source type=\"audio\/mpeg\" src=\"https:\/\/www.radiopiu.net\/wordpress\/wp-content\/uploads\/2022\/12\/Collage-678.mp3?_=22\" \/><a href=\"https:\/\/www.radiopiu.net\/wordpress\/wp-content\/uploads\/2022\/12\/Collage-678.mp3\">https:\/\/www.radiopiu.net\/wordpress\/wp-content\/uploads\/2022\/12\/Collage-678.mp3<\/a><\/audio>\n<p><strong>LA PUNTATA DEL GIOVEDI, 679<\/strong><\/p>\n<audio class=\"wp-audio-shortcode\" id=\"audio-310285-23\" preload=\"none\" style=\"width: 100%;\" controls=\"controls\"><source type=\"audio\/mpeg\" src=\"https:\/\/www.radiopiu.net\/wordpress\/wp-content\/uploads\/2022\/12\/Collage-679.mp3?_=23\" \/><a href=\"https:\/\/www.radiopiu.net\/wordpress\/wp-content\/uploads\/2022\/12\/Collage-679.mp3\">https:\/\/www.radiopiu.net\/wordpress\/wp-content\/uploads\/2022\/12\/Collage-679.mp3<\/a><\/audio>\n<p>&nbsp;<\/p>\n<hr \/>\n<p>&nbsp;<\/p>\n<p><img loading=\"lazy\" decoding=\"async\" class=\"aligncenter wp-image-61954 size-full\" src=\"https:\/\/www.radiopiu.net\/wordpress\/wp-content\/uploads\/2018\/09\/viabilita.jpeg\" sizes=\"auto, (max-width: 800px) 100vw, 800px\" srcset=\"https:\/\/www.radiopiu.net\/wordpress\/wp-content\/uploads\/2018\/09\/viabilita.jpeg 800w, https:\/\/www.radiopiu.net\/wordpress\/wp-content\/uploads\/2018\/09\/viabilita-300x38.jpeg 300w, https:\/\/www.radiopiu.net\/wordpress\/wp-content\/uploads\/2018\/09\/viabilita-768x96.jpeg 768w\" alt=\"\" width=\"800\" height=\"100\" \/><\/p>\n<p>&nbsp;<\/p>\n<p>&nbsp;<\/p>\n<p><strong>AGGIORNAMENTO VENETO STRADE, AGGIORNAMENTO CONTINUO H 24<\/strong><\/p>\n<p>&nbsp;<\/p>\n<blockquote class=\"wp-embedded-content\" data-secret=\"cD3IdI79d5\"><p><a href=\"https:\/\/www.radiopiu.net\/wordpress\/viabilita\/\">viabilita<\/a><\/p><\/blockquote>\n<p><iframe loading=\"lazy\" class=\"wp-embedded-content\" sandbox=\"allow-scripts\" security=\"restricted\" style=\"position: absolute; clip: rect(1px, 1px, 1px, 1px);\" title=\"&#8220;viabilita&#8221; &#8212; Radio Pi\u00f9\" src=\"https:\/\/www.radiopiu.net\/wordpress\/viabilita\/embed\/#?secret=1nvI5HKYoa#?secret=cD3IdI79d5\" data-secret=\"cD3IdI79d5\" width=\"600\" height=\"338\" frameborder=\"0\" marginwidth=\"0\" marginheight=\"0\" scrolling=\"no\"><\/iframe><\/p>\n<p>&nbsp;<\/p>\n<p>&nbsp;<\/p>\n<hr \/>\n<p>&nbsp;<\/p>\n<p><a class=\"dt-pswp-item\" href=\"https:\/\/www.radiopiu.net\/wordpress\/wp-content\/uploads\/2018\/09\/WhatsApp-Image-2018-09-20-at-16.04.06.jpeg\" data-dt-img-description=\"\" data-large_image_width=\"800\" data-large_image_height=\"100\"><img loading=\"lazy\" decoding=\"async\" class=\"wp-image-61378 size-full aligncenter\" src=\"https:\/\/www.radiopiu.net\/wordpress\/wp-content\/uploads\/2018\/09\/WhatsApp-Image-2018-09-20-at-16.04.06.jpeg\" alt=\"\" width=\"800\" height=\"100\" srcset=\"https:\/\/www.radiopiu.net\/wordpress\/wp-content\/uploads\/2018\/09\/WhatsApp-Image-2018-09-20-at-16.04.06.jpeg 800w, https:\/\/www.radiopiu.net\/wordpress\/wp-content\/uploads\/2018\/09\/WhatsApp-Image-2018-09-20-at-16.04.06-300x38.jpeg 300w, https:\/\/www.radiopiu.net\/wordpress\/wp-content\/uploads\/2018\/09\/WhatsApp-Image-2018-09-20-at-16.04.06-768x96.jpeg 768w\" sizes=\"auto, (max-width: 800px) 100vw, 800px\" \/><\/a><\/p>\n<p>&nbsp;<\/p>\n<p style=\"text-align: center;\"><strong>Venerdi 9<\/strong><\/p>\n<p><strong>Tempo atteso: <\/strong>Cielo in prevalenza molto nuvoloso o coperto con tempo diffusamente perturbato, specie al mattino.<br \/>\n<strong>Precipitazioni: <\/strong>Al mattino, probabilit\u00e0 alta (75-100%) di precipitazioni; nelle prime saranno ore a carattere intermittente e di debole intensit\u00e0, in successiva moderata intensificazione nel corso della mattinata, specie sulle zone prealpine. Quota neve sulle Prealpi da 700-1000 m a 1300-1500 m, sulle Dolomiti da fondovalle a 1000-1300 m, localmente pi\u00f9 in basso nelle valli chiuse e strette, poco esposte al soleggiamento diurno. Parziale attenuazione dei fenomeni nella seconda parte della giornata, che saranno perlopi\u00f9 a carattere sparso e intermittente (25-50%) e di scarsa entit\u00e0. Sono previsti in media quantitativi compresi tra i 10 e i 20 mm sulle Dolomiti e tra 20 e i 30 mm sulle Prealpi con punte di 40 mm, con altrettanti cm di neve fresca oltre i 1500 m.<br \/>\n<strong>Temperature: <\/strong>Minime in aumento anche sensibile nelle valli, massime in prevalenza stazionarie.<\/p>\n<p style=\"text-align: center;\"><strong>Sabato 10<\/strong><\/p>\n<p><strong>Tempo atteso: <\/strong>Tempo variabile, specie al mattino con qualche parziale e temporanea schiarita; nel pomeriggio cielo pi\u00f9 coperto, con tempo ancora moderatamente perturbato.<br \/>\n<strong>Precipitazioni: <\/strong>Al mattino probabilit\u00e0 medio-bassa (25-50%) di precipitazioni deboli e perlopi\u00f9 locali, eventualmente nevose intorno ai 1000-1300 m; nel corso del pomeriggio probabilit\u00e0 medio-alta (70-75%) di precipitazioni intermittenti da sparse a diffuse di debole o di moderata intensit\u00e0, con quota neve in graduale contenuto calo, nevose fino intorno agli 800-1000 m. Sono previsti quantitativi in media compresi tra i 10 e i 20 mm, con altrettanti cm di neve fresca oltre i 1500 m.<br \/>\n<strong>Temperature: <\/strong>Minime in aumento anche sensibile nelle valli, in alta montagna misurate a fine giornata, massime senza notevoli variazioni.<\/p>\n<p style=\"text-align: center;\"><strong>Domenica 11<\/strong><\/p>\n<p>Cielo molto nuvoloso o coperto con precipitazioni da sparse, anche diffuse nel pomeriggio e con qualche rovescio, ma complessivamente di modesta entit\u00e0. Possibili nevicate anche a quote basse 400-700 m, specie nel corso del pomeriggio; probabili parziali schiarite nella notte a partire dalle Prealpi occidentali. Temperature in sensibile diminuzione, soprattutto le minime che saranno misurate a fine giornata.<\/p>\n<p style=\"text-align: center;\"><strong>Lunedi 12<\/strong><\/p>\n<p>Tempo stabile e soleggiato con cielo sereno o poco nuvoloso. Temperature in diminuzione, specie le massime con valori ben inferiori alle medie stagionali. Clima tipicamente invernale.<\/p>\n<p>&nbsp;<\/p>\n<p>&nbsp;<\/p>\n<hr \/>\n<p>&nbsp;<\/p>\n<p>&nbsp;<\/p>\n<p><a class=\"dt-pswp-item\" href=\"https:\/\/www.radiopiu.net\/wordpress\/wp-content\/uploads\/2018\/09\/sport.jpg\" data-dt-img-description=\"\" data-large_image_width=\"800\" data-large_image_height=\"100\"><img loading=\"lazy\" decoding=\"async\" class=\"aligncenter wp-image-60761 size-full\" src=\"https:\/\/www.radiopiu.net\/wordpress\/wp-content\/uploads\/2018\/09\/sport.jpg\" alt=\"\" width=\"800\" height=\"100\" srcset=\"https:\/\/www.radiopiu.net\/wordpress\/wp-content\/uploads\/2018\/09\/sport.jpg 800w, https:\/\/www.radiopiu.net\/wordpress\/wp-content\/uploads\/2018\/09\/sport-300x38.jpg 300w, https:\/\/www.radiopiu.net\/wordpress\/wp-content\/uploads\/2018\/09\/sport-768x96.jpg 768w\" sizes=\"auto, (max-width: 800px) 100vw, 800px\" \/><\/a><\/p>\n<p>&nbsp;<\/p>\n<p><span style=\"color: #0000ff;\"><strong>HOCKEY SU GHIACCIO<\/strong><\/span><\/p>\n<blockquote>\n<h3>UNA STAGIONE DA INCUBO PER L&#8217;ALLEGHE. QUATTORDICESIMA SCONFITTA CONSECUTIVA<\/h3>\n<\/blockquote>\n<p><strong><a class=\"dt-pswp-item\" href=\"https:\/\/www.radiopiu.net\/wordpress\/wp-content\/uploads\/2019\/08\/logo-alleghe-hockey.png\" data-dt-img-description=\"\" data-large_image_width=\"547\" data-large_image_height=\"512\"><img loading=\"lazy\" decoding=\"async\" class=\" wp-image-95699 alignleft\" src=\"https:\/\/www.radiopiu.net\/wordpress\/wp-content\/uploads\/2019\/08\/logo-alleghe-hockey-300x281.png\" alt=\"\" width=\"153\" height=\"143\" srcset=\"https:\/\/www.radiopiu.net\/wordpress\/wp-content\/uploads\/2019\/08\/logo-alleghe-hockey-300x281.png 300w, https:\/\/www.radiopiu.net\/wordpress\/wp-content\/uploads\/2019\/08\/logo-alleghe-hockey.png 547w\" sizes=\"auto, (max-width: 153px) 100vw, 153px\" \/><\/a>di Marco Gaz<\/strong><\/p>\n<p><strong>ALLEGHE \u2013 FIEMME 0-6<\/strong><\/p>\n<p>PARZIALI: 0-3, 0-2, 0-1<\/p>\n<p>GOL: pt. 11\u201916\u201d Chelodi, 12\u201932\u201d e 19\u201922\u201d Mlynar. st. 2\u201916\u201d e 16\u201932\u201d Moucka. tt. 6\u201926\u201d Odorizzi<\/p>\n<p>Un vero proprio incubo la stagione dell\u2019Alleghe Hockey. I biancorossi continuano a perdere partita dopo partita. \u00c8 la quattordicesima partita consecutiva senza punti per la formazione di Fontana. Questa volta ad avare la meglio \u00e8 il Fiemme che al De Toni di Alleghe mette le cose in chiaro dopo appena 30\u2019. Un ritorno tra le mura amiche al quanto amaro per le civette che sabato sera saranno di nuovo in casa per giocare contro il Valpellice. Due giorni per mettere in ordine le idee dopo una prestazione che lascia a desiderare. \u00a0Prima parte di gara con le squadre che partono subito all\u2019attacco. Civette e trentini hanno un paio di occasioni ma il punteggio non si sblocca. Agordini che provano a sfruttare la prima superiorit\u00e0 numerica ma il gol non arriva. Il Fiemme riesce a passare in vantaggio. \u00c8 Chelodi che sblocca il punteggio su rebound. Sembrano in difficolt\u00e0 gli uomini di Fontana che subito dopo subiscono la seconda marcatura. Gol in fotocopia ma questa volta a battere Zanardi \u00e8 Mlynar. Nel finale della prima frazione i trentini allungano con la doppietta del nuovo arrivato Mlynar. Nel secondo periodo di gioco l\u2019Alleghe sembra avere una marcia in pi\u00f9. Colton e De Val si avvicinano al gol ma il golie fiemmese non si fa superare. Trentini che calano il poker con un contropiede fulminante con Moucka che mette la firma alla quarta rete della serata. Gli agordini non riescono ad impensierire gli avversari neanche in powerplay dove il portiere trentino non viene praticamente impegnato. Anche Moucka punisce di nuovo Zanardi e i fiemmesi chiudono definitivamente la sfida. Nel terzo tempo viene sostituito il portiere alleghese ma la trama della partita non cambia. Il Fiemme continua a spingere nonostante l\u2019ampio vantaggio ma gli agordini sembrano pi\u00f9 attenti in fase difensiva. Ma \u00e8 solo un\u2019impressione perch\u00e9 gli ospiti trovano la sesta marcatura con Odorizzi. Alleghe che si vede annullare un gol per uomo in area e la sfida termina con i trentini che espugnano con facilit\u00e0 il De Toni.<\/p>\n<p>&nbsp;<\/p>\n<p>&nbsp;<\/p>\n<hr \/>\n<p>&nbsp;<\/p>\n<p><span style=\"color: #0000ff;\"><strong>PALLAVOLO<\/strong><\/span><\/p>\n<blockquote>\n<h3>TRE DERBY SU TRE PER LA PALLAVOLO MASCHILE BELLUNO<\/h3>\n<\/blockquote>\n<p><b><a class=\"dt-pswp-item\" href=\"https:\/\/www.radiopiu.net\/wordpress\/wp-content\/uploads\/2022\/12\/DRL_in_festa_a_Montecchio.jpg\" data-dt-img-description=\"\" data-large_image_width=\"1600\" data-large_image_height=\"1200\"><img loading=\"lazy\" decoding=\"async\" class=\" wp-image-310528 alignleft\" src=\"https:\/\/www.radiopiu.net\/wordpress\/wp-content\/uploads\/2022\/12\/DRL_in_festa_a_Montecchio-300x225.jpg\" alt=\"\" width=\"195\" height=\"146\" srcset=\"https:\/\/www.radiopiu.net\/wordpress\/wp-content\/uploads\/2022\/12\/DRL_in_festa_a_Montecchio-300x225.jpg 300w, https:\/\/www.radiopiu.net\/wordpress\/wp-content\/uploads\/2022\/12\/DRL_in_festa_a_Montecchio-1024x768.jpg 1024w, https:\/\/www.radiopiu.net\/wordpress\/wp-content\/uploads\/2022\/12\/DRL_in_festa_a_Montecchio-768x576.jpg 768w, https:\/\/www.radiopiu.net\/wordpress\/wp-content\/uploads\/2022\/12\/DRL_in_festa_a_Montecchio-1536x1152.jpg 1536w, https:\/\/www.radiopiu.net\/wordpress\/wp-content\/uploads\/2022\/12\/DRL_in_festa_a_Montecchio.jpg 1600w\" sizes=\"auto, (max-width: 195px) 100vw, 195px\" \/><\/a>SOL LUCERNARI MONTECCHIO MAGGIORE-DA ROLD LOGISTICS BELLUNO 0-3 (<\/b><strong>24-26, 24-26, 18-25)<\/strong><\/p>\n<p>Terzo derby e terza gioia per la Da Rold Logistics Belluno: dopo aver battuto San Don\u00e0 e Monselice, nelle prime due giornate di campionato, i rinoceronti superano anche il Sol Lucernari Montecchio Maggiore. Per di pi\u00f9, in terra vicentina e in soli tre set. Archiviato il brutto ko con Parma, i rinoceronti rialzano subito la testa, sfoderano orgoglio e carattere, ma anche una prova di spessore dal punto di vista tecnico. Come al servizio (7 ace, a fronte di soli 11 errori), a muro (6 palloni inchiodati nella met\u00e0 campo avversaria) e in attacco (55 per cento). A proposito di attacco, Marco Novello \u00e8 il mattatore di serata con 22 punti (pure tre muri per il bomber), ben spalleggiato da un ottimo Graziani (14 con 3 ace).<span class=\"gmail-Apple-converted-space\">\u00a0<\/span><\/p>\n<p>&nbsp;<\/p>\n<blockquote>\n<h3><a class=\"dt-pswp-item\" href=\"https:\/\/www.radiopiu.net\/wordpress\/wp-content\/uploads\/2022\/12\/Schermata-2022-12-08-alle-23.07.45.png\" data-dt-img-description=\"\" data-large_image_width=\"822\" data-large_image_height=\"484\"><img loading=\"lazy\" decoding=\"async\" class=\" wp-image-310529 alignleft\" src=\"https:\/\/www.radiopiu.net\/wordpress\/wp-content\/uploads\/2022\/12\/Schermata-2022-12-08-alle-23.07.45-300x177.png\" alt=\"\" width=\"165\" height=\"97\" srcset=\"https:\/\/www.radiopiu.net\/wordpress\/wp-content\/uploads\/2022\/12\/Schermata-2022-12-08-alle-23.07.45-300x177.png 300w, https:\/\/www.radiopiu.net\/wordpress\/wp-content\/uploads\/2022\/12\/Schermata-2022-12-08-alle-23.07.45-768x452.png 768w, https:\/\/www.radiopiu.net\/wordpress\/wp-content\/uploads\/2022\/12\/Schermata-2022-12-08-alle-23.07.45.png 822w\" sizes=\"auto, (max-width: 165px) 100vw, 165px\" \/><\/a>LORENZO NESELLO E&#8217; IL NUOVO ALLENATORE DELLE LUPE<\/h3>\n<\/blockquote>\n<p><strong>BELLUNO<\/strong> Cambio di guida tecnica per la Pallavolo Femminile Belluno: la formazione impegnata nel campionato femminile di serie C \u00e8 stata affidata a Lorenzo Nesello. Reduce da un\u2019esperienza in Serie A3, in qualit\u00e0 di vice allenatore della Da Rold Logistics Belluno (era il braccio destro di Diego Poletto), Nesello prende il posto di Paolo Viel.<span class=\"gmail-Apple-converted-space\">\u00a0<\/span><\/p>\n<p>&nbsp;<\/p>\n<hr \/>\n<p>&nbsp;<\/p>\n<p><span style=\"color: #0000ff;\"><strong>NUOTO<\/strong><\/span><\/p>\n<blockquote>\n<h3>TROFEO CITTA&#8217; DI BELLUNO: UN GRANDE SUCCESSO DENTRO E FUORI DALL\u2019ACQUA<\/h3>\n<\/blockquote>\n<p><strong>BELLUNO\u00a0 <\/strong><span lang=\"it-IT\">Grazie a uno splendido, armonioso ed efficace gioco di squadra, la Sportivamente Belluno manda in archivio con successo quella che \u00e8 ormai diventata la festa del nuoto, rivolta ai Master. Una \u201cfesta\u201d andata in scena domenica scorsa, nella piscina di Lambioi, e alla quale hanno contribuito i dirigenti e gli atleti della societ\u00e0.\u00a0 <\/span><span lang=\"it-IT\">La quinta edizione era abbinata al Trofeo C<\/span><span lang=\"en-US\">itt<\/span>\u00e0 <span lang=\"it-IT\">di Belluno e valida come seconda tappa del Grand<\/span><span lang=\"da-DK\"> Prix Veneto<\/span><span lang=\"it-IT\">: tappa diventata ormai irrinunciabile<\/span> <span lang=\"it-IT\">anche per i nuotatori che provengono da fuori regione<\/span>. <span lang=\"it-IT\">Come confermano le cifre:<\/span>\u00a0<span lang=\"it-IT\">50 squadre partecipanti (le pi\u00f9 importanti del Veneto e con un\u2019ampia rappresentanza dal Trentino)<\/span> <span lang=\"it-IT\">e<\/span> 700 atleti<span lang=\"it-IT\">, divisi in due sessioni di gare, al mattino e al pomeriggio.<\/span> <span lang=\"it-IT\">Senza considerare le<\/span> 1<span lang=\"it-IT\">.300 presenze gara e le 64 staffette. Numeri in costante crescita, quindi, che premiamo l<\/span>\u2019<span lang=\"it-IT\">ottimo lavoro svolto negli anni dalla Sportivamente Belluno.\u00a0 <\/span><span lang=\"it-IT\">Nonostante l<\/span>\u2019<span lang=\"it-IT\">impegno organizzativo, la squadra Master bellunese ha ottenuto eccellenti risultati in acqua, classificandosi al quinto posto nella classifica assoluta e al terzo in quella a fasce. A livello individuale, vanno sottolineate le vittorie di Laura Etzi (<\/span>50<span lang=\"it-IT\"> rana e 200 stile), Roberto Zannoni (50 stile), Tullio Franceschini (100 dorso), Giulia De Bona (100 dorso), Giulia Bortot (<\/span>50 rana<span lang=\"it-IT\">) e Daniela Bianchet (<\/span>200 stile<span lang=\"it-IT\">)<\/span>,<span lang=\"it-IT\"> oltre che della staffetta mista a stile con Fant, Sogne, Bianchet e Fava. <\/span><span lang=\"it-IT\">Notevoli miglioramenti pure per i cinque<\/span> atleti <span lang=\"it-IT\">Finp (Federazione italiana nuoto paralimpico) che hanno completato e arricchito la squadra della Sportivamente: nello specifico, Francesca Vanzo (impegnata nei 50 stile e 100 dorso), Daniela Belletti (50 dorso), Eleonora Dal Paos (50 dorso e <\/span>100 <span lang=\"it-IT\">stile, in cui \u00e8 riuscita ad abbassare ulteriormente il suo personale), Enrico Giacomin (100 e 200 stile) e Niccol\u00f2 Pierni (limato il personale nei 200 stile). Molto soddisfatta<\/span> <span lang=\"it-IT\">la guida tecnica Silvia Casagrande: sia dei risultati, sia del protocollo Fin-<\/span>Finp<span lang=\"it-IT\">, che permette agli atleti di gareggiare insieme. <\/span><span lang=\"it-IT\">Allargando l\u2019orizzonte, risalta inoltre il nuovo record italiano stabilito dalla Nottoli Nuoto nella staffetta mista 4&#215;100 stile (categoria<\/span> <span lang=\"it-IT\">M<\/span>100<span lang=\"it-IT\">&#8211;<\/span>119<span lang=\"it-IT\">): record che sottolinea l<\/span>\u2019<span lang=\"it-IT\">alto<\/span>\u00a0<span lang=\"it-IT\">livello della competizione ospitata nella piscina del capoluogo. <\/span><span lang=\"it-IT\">In casa Sportivamente Belluno, orgoglio e soddisfazione si intrecciano al termine delle gare. E gi\u00e0 si guarda con ottimismo alla prossima edizione.<\/span><\/p>\n\n\t\t\t<style type='text\/css'>\n\t\t\t\t#gallery-8 {\n\t\t\t\t\tmargin: auto;\n\t\t\t\t}\n\t\t\t\t#gallery-8 .gallery-item {\n\t\t\t\t\tfloat: left;\n\t\t\t\t\tmargin-top: 10px;\n\t\t\t\t\ttext-align: center;\n\t\t\t\t\twidth: 25%;\n\t\t\t\t}\n\t\t\t\t#gallery-8 img {\n\t\t\t\t\tborder: 2px solid #cfcfcf;\n\t\t\t\t}\n\t\t\t\t#gallery-8 .gallery-caption {\n\t\t\t\t\tmargin-left: 0;\n\t\t\t\t}\n\t\t\t\t\/* see gallery_shortcode() in wp-includes\/media.php *\/\n\t\t\t<\/style>\n\t\t<div id='gallery-8' class='dt-gallery-container gallery galleryid-310285 gallery-columns-4 gallery-size-thumbnail'><dl class='gallery-item'>\n\t\t\t\t<dt class='gallery-icon portrait'>\n\t\t\t\t\t<a class=\"rollover rollover-zoom dt-pswp-item\" title=\"Trofeo_1\" data-dt-img-description=\"\" data-large_image_width=\"1232\" data-large_image_height=\"1640\"href='https:\/\/www.radiopiu.net\/wordpress\/wp-content\/uploads\/2022\/12\/Trofeo_1.jpg'><img loading=\"lazy\" decoding=\"async\" width=\"150\" height=\"150\" src=\"https:\/\/www.radiopiu.net\/wordpress\/wp-content\/uploads\/2022\/12\/Trofeo_1-150x150.jpg\" class=\"attachment-thumbnail size-thumbnail\" alt=\"\" \/><\/a>\n\t\t\t\t<\/dt><\/dl><dl class='gallery-item'>\n\t\t\t\t<dt class='gallery-icon landscape'>\n\t\t\t\t\t<a class=\"rollover rollover-zoom dt-pswp-item\" title=\"Trofeo_2\" data-dt-img-description=\"\" data-large_image_width=\"1198\" data-large_image_height=\"798\"href='https:\/\/www.radiopiu.net\/wordpress\/wp-content\/uploads\/2022\/12\/Trofeo_2.jpg'><img loading=\"lazy\" decoding=\"async\" width=\"150\" height=\"150\" src=\"https:\/\/www.radiopiu.net\/wordpress\/wp-content\/uploads\/2022\/12\/Trofeo_2-150x150.jpg\" class=\"attachment-thumbnail size-thumbnail\" alt=\"\" \/><\/a>\n\t\t\t\t<\/dt><\/dl><dl class='gallery-item'>\n\t\t\t\t<dt class='gallery-icon landscape'>\n\t\t\t\t\t<a class=\"rollover rollover-zoom dt-pswp-item\" title=\"Trofeo_3\" data-dt-img-description=\"\" data-large_image_width=\"1198\" data-large_image_height=\"798\"href='https:\/\/www.radiopiu.net\/wordpress\/wp-content\/uploads\/2022\/12\/Trofeo_3.jpg'><img loading=\"lazy\" decoding=\"async\" width=\"150\" height=\"150\" src=\"https:\/\/www.radiopiu.net\/wordpress\/wp-content\/uploads\/2022\/12\/Trofeo_3-150x150.jpg\" class=\"attachment-thumbnail size-thumbnail\" alt=\"\" \/><\/a>\n\t\t\t\t<\/dt><\/dl><dl class='gallery-item'>\n\t\t\t\t<dt class='gallery-icon landscape'>\n\t\t\t\t\t<a class=\"rollover rollover-zoom dt-pswp-item\" title=\"Master_BL\" data-dt-img-description=\"\" data-large_image_width=\"640\" data-large_image_height=\"480\"href='https:\/\/www.radiopiu.net\/wordpress\/wp-content\/uploads\/2022\/12\/Master_BL.jpg'><img loading=\"lazy\" decoding=\"async\" width=\"150\" height=\"150\" src=\"https:\/\/www.radiopiu.net\/wordpress\/wp-content\/uploads\/2022\/12\/Master_BL-150x150.jpg\" class=\"attachment-thumbnail size-thumbnail\" alt=\"\" \/><\/a>\n\t\t\t\t<\/dt><\/dl><br style=\"clear: both\" \/>\n\t\t\t<\/div>\n\n<p>&nbsp;<\/p>\n<\/div>\n<\/div>\n<\/div>\n<\/div>\n<\/div>\n<\/div>\n<\/div>\n","protected":false},"excerpt":{"rendered":"<p>RADIO PIU INFORMAZIONE il canale su TELEGRAM informazione di prima\u00a0 mano e in tempo reale. iscriviti ed aiutaci a farlo conoscere\u00a0 \u00a0 &nbsp; ISCRIVITI AL NOSTRO CANALE YOUTUBE PER SEGUIRE IN DIRETTA I PRINCIPALI PROGRAMMI DI RADIO PIU&#8217; E LE FUTURE DIRETTE IN ESTERNA. PER ISCRIVERTI CLICCA QUI E PREMI IL TASTO &#8220;Iscriviti&#8221; &nbsp; &nbsp;&hellip;<\/p>\n","protected":false},"author":4,"featured_media":310542,"comment_status":"closed","ping_status":"closed","sticky":false,"template":"","format":"standard","meta":{"_monsterinsights_skip_tracking":false,"_monsterinsights_sitenote_active":false,"_monsterinsights_sitenote_note":"","_monsterinsights_sitenote_category":0,"footnotes":""},"categories":[86,49],"tags":[],"class_list":["post-310285","post","type-post","status-publish","format-standard","has-post-thumbnail","hentry","category-gr","category-news-18","category-86","category-49","description-off"],"img_url":"https:\/\/www.radiopiu.net\/wordpress\/wp-content\/uploads\/2022\/12\/Senza-nome-40.jpg","_links":{"self":[{"href":"https:\/\/www.radiopiu.net\/wordpress\/wp-json\/wp\/v2\/posts\/310285","targetHints":{"allow":["GET"]}}],"collection":[{"href":"https:\/\/www.radiopiu.net\/wordpress\/wp-json\/wp\/v2\/posts"}],"about":[{"href":"https:\/\/www.radiopiu.net\/wordpress\/wp-json\/wp\/v2\/types\/post"}],"author":[{"embeddable":true,"href":"https:\/\/www.radiopiu.net\/wordpress\/wp-json\/wp\/v2\/users\/4"}],"replies":[{"embeddable":true,"href":"https:\/\/www.radiopiu.net\/wordpress\/wp-json\/wp\/v2\/comments?post=310285"}],"version-history":[{"count":0,"href":"https:\/\/www.radiopiu.net\/wordpress\/wp-json\/wp\/v2\/posts\/310285\/revisions"}],"wp:featuredmedia":[{"embeddable":true,"href":"https:\/\/www.radiopiu.net\/wordpress\/wp-json\/wp\/v2\/media\/310542"}],"wp:attachment":[{"href":"https:\/\/www.radiopiu.net\/wordpress\/wp-json\/wp\/v2\/media?parent=310285"}],"wp:term":[{"taxonomy":"category","embeddable":true,"href":"https:\/\/www.radiopiu.net\/wordpress\/wp-json\/wp\/v2\/categories?post=310285"},{"taxonomy":"post_tag","embeddable":true,"href":"https:\/\/www.radiopiu.net\/wordpress\/wp-json\/wp\/v2\/tags?post=310285"}],"curies":[{"name":"wp","href":"https:\/\/api.w.org\/{rel}","templated":true}]}}