{"id":310328,"date":"2022-12-07T12:45:26","date_gmt":"2022-12-07T11:45:26","guid":{"rendered":"https:\/\/www.radiopiu.net\/wordpress\/?p=310328"},"modified":"2022-12-07T12:45:26","modified_gmt":"2022-12-07T11:45:26","slug":"pubblicato-il-bando-di-gara-per-i-lavori-di-realizzazione-della-variante-alla-ss-51-di-alemagna-di-tai-di-cadore","status":"publish","type":"post","link":"https:\/\/www.radiopiu.net\/wordpress\/pubblicato-il-bando-di-gara-per-i-lavori-di-realizzazione-della-variante-alla-ss-51-di-alemagna-di-tai-di-cadore\/","title":{"rendered":"PUBBLICATO IL BANDO DI GARA PER I LAVORI DI REALIZZAZIONE DELLA VARIANTE ALLA SS 51 \u201cDI ALEMAGNA\u201d DI TAI DI CADORE"},"content":{"rendered":"<p><strong><a class=\"dt-pswp-item\" href=\"https:\/\/www.radiopiu.net\/wordpress\/wp-content\/uploads\/2021\/06\/anas.png\" data-dt-img-description=\"\" data-large_image_width=\"299\" data-large_image_height=\"169\"><img loading=\"lazy\" decoding=\"async\" class=\" wp-image-213422 alignleft\" src=\"https:\/\/www.radiopiu.net\/wordpress\/wp-content\/uploads\/2021\/06\/anas.png\" alt=\"\" width=\"154\" height=\"87\" \/><\/a>VENEZIA <\/strong>Pubblicato sulla Gazzetta Ufficiale il bando di gara Anas (Gruppo FS Italiane) per il lavori di realizzazione della variante alla strada statale 51 \u201cdi Alemagna\u201d di Tai di Cadore in Comune di Pieve di Cadore, in provincia di Belluno. L\u2019appalto \u2013 con un importo lavori e servizi complessivo di oltre 72,4 milioni di euro &#8211; rientra nel piano straordinario di potenziamento della viabilit\u00e0 per Cortina ed interessanti tutta la rete in provincia di Belluno. La durata del contratto di appalto \u00e8 pari a 1.014 giorni. La nuova opera sar\u00e0 lunga 1,16 km e si collegher\u00e0 alla SS 51 e alla SS 51 bis mediante rotatorie. Gli interventi comprendono anche la costruzione di una galleria di circa 985 metri, per un investimento complessivo di 109,8 milioni di euro. Anas aggiudicher\u00e0 l\u2019appalto mediante il criterio dell\u2019offerta economicamente pi\u00f9 vantaggiosa sulla base del miglior rapporto qualit\u00e0\/prezzo. Le domande di partecipazione dovranno pervenire, in modalit\u00e0 telematica e corredate della documentazione richiesta, a pena di esclusione entro le ore 9:00 di luned\u00ec 23 gennaio 2023, attraverso il Portale Acquisti di Anas<\/p>\n<p>&nbsp;<\/p>\n<p>&nbsp;<\/p>\n<p>*****<\/p>\n","protected":false},"excerpt":{"rendered":"<p>VENEZIA Pubblicato sulla Gazzetta Ufficiale il bando di gara Anas (Gruppo FS Italiane) per il lavori di realizzazione della variante alla strada statale 51 \u201cdi Alemagna\u201d di Tai di Cadore in Comune di Pieve di Cadore, in provincia di Belluno. L\u2019appalto \u2013 con un importo lavori e servizi complessivo di oltre 72,4 milioni di euro&hellip;<\/p>\n","protected":false},"author":4,"featured_media":213422,"comment_status":"closed","ping_status":"closed","sticky":false,"template":"","format":"standard","meta":{"_monsterinsights_skip_tracking":false,"_monsterinsights_sitenote_active":false,"_monsterinsights_sitenote_note":"","_monsterinsights_sitenote_category":0,"footnotes":""},"categories":[49],"tags":[],"class_list":["post-310328","post","type-post","status-publish","format-standard","has-post-thumbnail","hentry","category-news-18","category-49","description-off"],"img_url":"https:\/\/www.radiopiu.net\/wordpress\/wp-content\/uploads\/2021\/06\/anas.png","_links":{"self":[{"href":"https:\/\/www.radiopiu.net\/wordpress\/wp-json\/wp\/v2\/posts\/310328","targetHints":{"allow":["GET"]}}],"collection":[{"href":"https:\/\/www.radiopiu.net\/wordpress\/wp-json\/wp\/v2\/posts"}],"about":[{"href":"https:\/\/www.radiopiu.net\/wordpress\/wp-json\/wp\/v2\/types\/post"}],"author":[{"embeddable":true,"href":"https:\/\/www.radiopiu.net\/wordpress\/wp-json\/wp\/v2\/users\/4"}],"replies":[{"embeddable":true,"href":"https:\/\/www.radiopiu.net\/wordpress\/wp-json\/wp\/v2\/comments?post=310328"}],"version-history":[{"count":0,"href":"https:\/\/www.radiopiu.net\/wordpress\/wp-json\/wp\/v2\/posts\/310328\/revisions"}],"wp:featuredmedia":[{"embeddable":true,"href":"https:\/\/www.radiopiu.net\/wordpress\/wp-json\/wp\/v2\/media\/213422"}],"wp:attachment":[{"href":"https:\/\/www.radiopiu.net\/wordpress\/wp-json\/wp\/v2\/media?parent=310328"}],"wp:term":[{"taxonomy":"category","embeddable":true,"href":"https:\/\/www.radiopiu.net\/wordpress\/wp-json\/wp\/v2\/categories?post=310328"},{"taxonomy":"post_tag","embeddable":true,"href":"https:\/\/www.radiopiu.net\/wordpress\/wp-json\/wp\/v2\/tags?post=310328"}],"curies":[{"name":"wp","href":"https:\/\/api.w.org\/{rel}","templated":true}]}}