{"id":310369,"date":"2022-12-07T15:14:20","date_gmt":"2022-12-07T14:14:20","guid":{"rendered":"https:\/\/www.radiopiu.net\/wordpress\/?p=310369"},"modified":"2022-12-07T15:14:20","modified_gmt":"2022-12-07T14:14:20","slug":"scaie-de-cor-di-fabio-rufus-bristot","status":"publish","type":"post","link":"https:\/\/www.radiopiu.net\/wordpress\/scaie-de-cor-di-fabio-rufus-bristot\/","title":{"rendered":"&#8220;SCAIE DE COR&#8221; di FABIO RUFUS BRISTOT"},"content":{"rendered":"<p>&nbsp;<\/p>\n<blockquote><p><em><a class=\"dt-pswp-item\" href=\"https:\/\/www.radiopiu.net\/wordpress\/wp-content\/uploads\/2022\/12\/rufus-SCAIE-52-copia.jpg\" data-dt-img-description=\"\" data-large_image_width=\"2500\" data-large_image_height=\"1786\"><img loading=\"lazy\" decoding=\"async\" class=\"size-medium wp-image-310370 alignleft\" src=\"https:\/\/www.radiopiu.net\/wordpress\/wp-content\/uploads\/2022\/12\/rufus-SCAIE-52-copia-300x214.jpg\" alt=\"\" width=\"300\" height=\"214\" srcset=\"https:\/\/www.radiopiu.net\/wordpress\/wp-content\/uploads\/2022\/12\/rufus-SCAIE-52-copia-300x214.jpg 300w, https:\/\/www.radiopiu.net\/wordpress\/wp-content\/uploads\/2022\/12\/rufus-SCAIE-52-copia-1024x732.jpg 1024w, https:\/\/www.radiopiu.net\/wordpress\/wp-content\/uploads\/2022\/12\/rufus-SCAIE-52-copia-768x549.jpg 768w, https:\/\/www.radiopiu.net\/wordpress\/wp-content\/uploads\/2022\/12\/rufus-SCAIE-52-copia-1536x1097.jpg 1536w, https:\/\/www.radiopiu.net\/wordpress\/wp-content\/uploads\/2022\/12\/rufus-SCAIE-52-copia-2048x1463.jpg 2048w\" sizes=\"auto, (max-width: 300px) 100vw, 300px\" \/><\/a>&#8220;un&#8217;iniziativa magari modesta, ma che nel medio periodo ha avuto diverse sollecitazioni perch\u00e8 fosse finalizzata e diventasse un libretto&#8221;.<\/em><\/p><\/blockquote>\n<p>BELLUNO\u00a0 Venerd\u00ec 16 dicembre\u00a0 alle 18.30 in Sala Muccin &#8211; Centro Giovanni XXIII (Piazza Piloni &#8211; Belluno), si terr\u00e0 la presentazione del volume &#8220;Scaie de Cor, pensieri e parole in dialetto belumat&#8221;, realizzato da Fabio Rufus Bristot.\u00a0 Dall&#8217; &#8220;abstract&#8221; <em>\u201cScaie de cor\u201d, scaglie, pezzi \u2018del\u2019 cuore e \u2018dal\u2019 cuore, cuore che si spezza, dunque, in tante scaglie, pezzi che si generano, erompono e si dipartono da un\u2019intimit\u00e0 reale o da una, viceversa, apparente e illusoria, dove invece la fantasia \u00e8 diventata padrona assoluta del dire&#8221;. <\/em><em>\u201cScaie<\/em> <em>de cor<\/em>\u201d, scaglie, pezzi \u2018del\u2019 cuore e \u2018dal\u2019 cuore, stati emotivi che possono essere anche assimilati o associati ad altri soggetti o alle dinamiche del nostro vivere sociale e alle sue distorsioni e devianze, all\u2019immoralit\u00e0 di talune circostanze o di determinati contesti.\u00a0 \u00a0Presenter\u00e0 e moderer\u00e0 la serata Dino Bridda, mentre dar\u00e0 lettura di alcuni brani Sandro Neri<\/p>\n<p>&nbsp;<\/p>\n<p>___<\/p>\n<p>&nbsp;<\/p>\n","protected":false},"excerpt":{"rendered":"<p>&nbsp; &#8220;un&#8217;iniziativa magari modesta, ma che nel medio periodo ha avuto diverse sollecitazioni perch\u00e8 fosse finalizzata e diventasse un libretto&#8221;. BELLUNO\u00a0 Venerd\u00ec 16 dicembre\u00a0 alle 18.30 in Sala Muccin &#8211; Centro Giovanni XXIII (Piazza Piloni &#8211; Belluno), si terr\u00e0 la presentazione del volume &#8220;Scaie de Cor, pensieri e parole in dialetto belumat&#8221;, realizzato da Fabio&hellip;<\/p>\n","protected":false},"author":4,"featured_media":310370,"comment_status":"closed","ping_status":"closed","sticky":false,"template":"","format":"standard","meta":{"_monsterinsights_skip_tracking":false,"_monsterinsights_sitenote_active":false,"_monsterinsights_sitenote_note":"","_monsterinsights_sitenote_category":0,"footnotes":""},"categories":[104,49],"tags":[],"class_list":["post-310369","post","type-post","status-publish","format-standard","has-post-thumbnail","hentry","category-evidenza_3","category-news-18","category-104","category-49","description-off"],"img_url":"https:\/\/www.radiopiu.net\/wordpress\/wp-content\/uploads\/2022\/12\/rufus-SCAIE-52-copia.jpg","_links":{"self":[{"href":"https:\/\/www.radiopiu.net\/wordpress\/wp-json\/wp\/v2\/posts\/310369","targetHints":{"allow":["GET"]}}],"collection":[{"href":"https:\/\/www.radiopiu.net\/wordpress\/wp-json\/wp\/v2\/posts"}],"about":[{"href":"https:\/\/www.radiopiu.net\/wordpress\/wp-json\/wp\/v2\/types\/post"}],"author":[{"embeddable":true,"href":"https:\/\/www.radiopiu.net\/wordpress\/wp-json\/wp\/v2\/users\/4"}],"replies":[{"embeddable":true,"href":"https:\/\/www.radiopiu.net\/wordpress\/wp-json\/wp\/v2\/comments?post=310369"}],"version-history":[{"count":0,"href":"https:\/\/www.radiopiu.net\/wordpress\/wp-json\/wp\/v2\/posts\/310369\/revisions"}],"wp:featuredmedia":[{"embeddable":true,"href":"https:\/\/www.radiopiu.net\/wordpress\/wp-json\/wp\/v2\/media\/310370"}],"wp:attachment":[{"href":"https:\/\/www.radiopiu.net\/wordpress\/wp-json\/wp\/v2\/media?parent=310369"}],"wp:term":[{"taxonomy":"category","embeddable":true,"href":"https:\/\/www.radiopiu.net\/wordpress\/wp-json\/wp\/v2\/categories?post=310369"},{"taxonomy":"post_tag","embeddable":true,"href":"https:\/\/www.radiopiu.net\/wordpress\/wp-json\/wp\/v2\/tags?post=310369"}],"curies":[{"name":"wp","href":"https:\/\/api.w.org\/{rel}","templated":true}]}}