{"id":310514,"date":"2022-12-01T23:59:26","date_gmt":"2022-12-01T22:59:26","guid":{"rendered":"https:\/\/www.radiopiu.net\/wordpress\/?p=310514"},"modified":"2022-12-10T19:34:22","modified_gmt":"2022-12-10T18:34:22","slug":"calcio-di-seconda-categoria-agordina-gemelle-rinviata","status":"publish","type":"post","link":"https:\/\/www.radiopiu.net\/wordpress\/calcio-di-seconda-categoria-agordina-gemelle-rinviata\/","title":{"rendered":"CALCIO DI SECONDA CATEGORIA: AGORDINA \u2013 GEMELLE RINVIATA PER NEVE"},"content":{"rendered":"<p>&nbsp;<\/p>\n<p><strong><a class=\"dt-pswp-item\" href=\"https:\/\/www.radiopiu.net\/wordpress\/wp-content\/uploads\/2022\/12\/Schermata-2022-12-10-alle-11.56.39.png\" data-dt-img-description=\"\" data-large_image_width=\"1312\" data-large_image_height=\"704\"><img loading=\"lazy\" decoding=\"async\" class=\" wp-image-310773 alignleft\" src=\"https:\/\/www.radiopiu.net\/wordpress\/wp-content\/uploads\/2022\/12\/Schermata-2022-12-10-alle-11.56.39-300x161.png\" alt=\"\" width=\"211\" height=\"113\" srcset=\"https:\/\/www.radiopiu.net\/wordpress\/wp-content\/uploads\/2022\/12\/Schermata-2022-12-10-alle-11.56.39-300x161.png 300w, https:\/\/www.radiopiu.net\/wordpress\/wp-content\/uploads\/2022\/12\/Schermata-2022-12-10-alle-11.56.39-1024x549.png 1024w, https:\/\/www.radiopiu.net\/wordpress\/wp-content\/uploads\/2022\/12\/Schermata-2022-12-10-alle-11.56.39-768x412.png 768w, https:\/\/www.radiopiu.net\/wordpress\/wp-content\/uploads\/2022\/12\/Schermata-2022-12-10-alle-11.56.39.png 1312w\" sizes=\"auto, (max-width: 211px) 100vw, 211px\" \/><\/a>di Marco Gaz<\/strong><\/p>\n<p><strong>REDAZIONE<\/strong> La notizia era nell&#8217;aria ma la conferma \u00e8 arrivata poco fa. La delegazione provinciale della LND, con a capo Orazio Zanin, ha rinviato la sfida in programma domani alle 14:30 tra Agordina e Gemelle valida per il campionato di Seconda Categoria girone T. Il match che si doveva giocare all&#8217;Ivano Dorigo di Agordo \u00e8 stato rinviato a data da destinarsi dopo le precipitazioni nevose che hanno interessato l&#8217;Agordino nelle ultime ore. Il campo di Agordo non \u00e8 praticabile e quindi di comune accordo le due societ\u00e0 hanno optato per recuperare la sfida pi\u00f9 avanti. Al momento \u00e8 l&#8217;unica partita del campionato di seconda Categoria rinviata per il maltempo.<\/p>\n<p>&nbsp;<\/p>\n<p>*****<\/p>\n","protected":false},"excerpt":{"rendered":"<p>&nbsp; di Marco Gaz REDAZIONE La notizia era nell&#8217;aria ma la conferma \u00e8 arrivata poco fa. La delegazione provinciale della LND, con a capo Orazio Zanin, ha rinviato la sfida in programma domani alle 14:30 tra Agordina e Gemelle valida per il campionato di Seconda Categoria girone T. Il match che si doveva giocare all&#8217;Ivano&hellip;<\/p>\n","protected":false},"author":4,"featured_media":301842,"comment_status":"closed","ping_status":"closed","sticky":false,"template":"","format":"standard","meta":{"_monsterinsights_skip_tracking":false,"_monsterinsights_sitenote_active":false,"_monsterinsights_sitenote_note":"","_monsterinsights_sitenote_category":0,"footnotes":""},"categories":[104,49],"tags":[],"class_list":["post-310514","post","type-post","status-publish","format-standard","has-post-thumbnail","hentry","category-evidenza_3","category-news-18","category-104","category-49","description-off"],"img_url":"https:\/\/www.radiopiu.net\/wordpress\/wp-content\/uploads\/2022\/10\/CALCIO-2022-e1665937841126.jpg","_links":{"self":[{"href":"https:\/\/www.radiopiu.net\/wordpress\/wp-json\/wp\/v2\/posts\/310514","targetHints":{"allow":["GET"]}}],"collection":[{"href":"https:\/\/www.radiopiu.net\/wordpress\/wp-json\/wp\/v2\/posts"}],"about":[{"href":"https:\/\/www.radiopiu.net\/wordpress\/wp-json\/wp\/v2\/types\/post"}],"author":[{"embeddable":true,"href":"https:\/\/www.radiopiu.net\/wordpress\/wp-json\/wp\/v2\/users\/4"}],"replies":[{"embeddable":true,"href":"https:\/\/www.radiopiu.net\/wordpress\/wp-json\/wp\/v2\/comments?post=310514"}],"version-history":[{"count":0,"href":"https:\/\/www.radiopiu.net\/wordpress\/wp-json\/wp\/v2\/posts\/310514\/revisions"}],"wp:featuredmedia":[{"embeddable":true,"href":"https:\/\/www.radiopiu.net\/wordpress\/wp-json\/wp\/v2\/media\/301842"}],"wp:attachment":[{"href":"https:\/\/www.radiopiu.net\/wordpress\/wp-json\/wp\/v2\/media?parent=310514"}],"wp:term":[{"taxonomy":"category","embeddable":true,"href":"https:\/\/www.radiopiu.net\/wordpress\/wp-json\/wp\/v2\/categories?post=310514"},{"taxonomy":"post_tag","embeddable":true,"href":"https:\/\/www.radiopiu.net\/wordpress\/wp-json\/wp\/v2\/tags?post=310514"}],"curies":[{"name":"wp","href":"https:\/\/api.w.org\/{rel}","templated":true}]}}