{"id":310516,"date":"2022-12-10T05:17:29","date_gmt":"2022-12-10T04:17:29","guid":{"rendered":"https:\/\/www.radiopiu.net\/wordpress\/?p=310516"},"modified":"2022-12-10T06:41:36","modified_gmt":"2022-12-10T05:41:36","slug":"giornale-radiopiu-10-dicembre-2022-direttore-mirko-mezzacasa","status":"publish","type":"post","link":"https:\/\/www.radiopiu.net\/wordpress\/giornale-radiopiu-10-dicembre-2022-direttore-mirko-mezzacasa\/","title":{"rendered":"GIORNALE RADIOPIU 10 DICEMBRE 2022 DIRETTORE MIRKO MEZZACASA"},"content":{"rendered":"<h3 class=\"kvgmc6g5 cxmmr5t8 oygrvhab hcukyx3x c1et5uql\"><span style=\"color: #0000ff;\"><strong>RADIO PIU INFORMAZIONE il canale su TELEGRAM informazione di prima\u00a0 <\/strong><strong>mano e in tempo reale. iscriviti ed aiutaci a farlo conoscere\u00a0 \u00a0<\/strong><\/span><\/h3>\n<p>&nbsp;<\/p>\n<h2><span style=\"color: #ff0000;\">ISCRIVITI AL NOSTRO CANALE YOUTUBE PER SEGUIRE IN DIRETTA I PRINCIPALI PROGRAMMI DI RADIO PIU&#8217; E LE FUTURE DIRETTE IN ESTERNA. PER ISCRIVERTI <a style=\"color: #ff0000;\" href=\"https:\/\/youtube.com\/@radiopiu1527\">CLICCA QUI<\/a> E PREMI IL TASTO &#8220;Iscriviti&#8221;<\/span><\/h2>\n<p>&nbsp;<\/p>\n<hr \/>\n<p align=\"CENTER\"><span style=\"color: #222222;\"><span style=\"font-family: Arial, serif;\"><span style=\"font-size: medium;\"><b>\u00a0<\/b><\/span><\/span><\/span><\/p>\n<p align=\"CENTER\"><span style=\"color: #222222;\"><span style=\"font-family: Arial, serif;\"><span style=\"font-size: medium;\"><b>Seduta vaccinale per antinfluenzale aggiuntiva marted\u00ec 13 dicembre a Salce<\/b><\/span><\/span><\/span><\/p>\n<p align=\"JUSTIFY\"><span style=\"color: #222222;\"><span style=\"font-family: Arial, serif;\"><span style=\"font-size: medium;\">L&#8217;Ulss Dolomiti ha attivato una seduta straordinaria di vaccinazione antinfluenzale per <\/span><\/span><\/span><span style=\"color: #222222;\"><span style=\"font-family: Arial, serif;\"><span style=\"font-size: medium;\">marted\u00ec 13 dicembre prossimo dalle 14 alle 18, al CVP di Salce<\/span><\/span><\/span><span style=\"color: #222222;\"><span style=\"font-family: Arial, serif;\"><span style=\"font-size: medium;\"> esclusivamente su prenotazione dal sito <\/span><\/span><\/span><a href=\"http:\/\/www.aulss1.veneto.it\"><span style=\"font-family: Arial, serif;\"><span style=\"font-size: medium;\">www.aulss1.veneto.it<\/span><\/span><\/a><span style=\"color: #222222;\"><span style=\"font-family: Arial, serif;\"><span style=\"font-size: medium;\">.\u00a0<\/span><\/span><\/span><\/p>\n<p><strong>PUNTO TAMPONI DOMENICA A PALUDI\u00a0 <\/strong><\/p>\n<p>L\u2019Ulss Dolomiti attiva per DOMANI\u00a0 dalle 8.30 alle 12.30 un punto tamponi a Paludi per persone con sintomatologia covid, ad ACCESSO LIBERO.<\/p>\n<p>&nbsp;<\/p>\n<p>&nbsp;<\/p>\n<hr \/>\n<p>&nbsp;<\/p>\n<blockquote>\n<h3>CIAO VINICIO, IL PEDIATRA DI TANTI AGORDINI<\/h3>\n<\/blockquote>\n<p><strong>di GIANNI SANTOMASO\u00a0 Corriere delle Alpi<\/strong><\/p>\n<audio class=\"wp-audio-shortcode\" id=\"audio-310516-1\" preload=\"none\" style=\"width: 100%;\" controls=\"controls\"><source type=\"audio\/mpeg\" src=\"https:\/\/www.radiopiu.net\/wordpress\/wp-content\/uploads\/2022\/12\/marconcini-gianni.mp3?_=1\" \/><a href=\"https:\/\/www.radiopiu.net\/wordpress\/wp-content\/uploads\/2022\/12\/marconcini-gianni.mp3\">https:\/\/www.radiopiu.net\/wordpress\/wp-content\/uploads\/2022\/12\/marconcini-gianni.mp3<\/a><\/audio>\n<blockquote><p>&nbsp;<\/p><\/blockquote>\n<div class=\"x11i5rnm xat24cr x1mh8g0r x1vvkbs xdj266r x126k92a\">\n<div dir=\"auto\"><span style=\"color: #ff0000;\"><a class=\"dt-pswp-item\" href=\"https:\/\/www.radiopiu.net\/wordpress\/wp-content\/uploads\/2022\/12\/318471979_10229436816249486_3420609922946758567_n.jpg\" data-dt-img-description=\"\" data-large_image_width=\"526\" data-large_image_height=\"701\"><img loading=\"lazy\" decoding=\"async\" class=\" wp-image-310572 alignleft\" src=\"https:\/\/www.radiopiu.net\/wordpress\/wp-content\/uploads\/2022\/12\/318471979_10229436816249486_3420609922946758567_n-225x300.jpg\" alt=\"\" width=\"177\" height=\"236\" srcset=\"https:\/\/www.radiopiu.net\/wordpress\/wp-content\/uploads\/2022\/12\/318471979_10229436816249486_3420609922946758567_n-225x300.jpg 225w, https:\/\/www.radiopiu.net\/wordpress\/wp-content\/uploads\/2022\/12\/318471979_10229436816249486_3420609922946758567_n.jpg 526w\" sizes=\"auto, (max-width: 177px) 100vw, 177px\" \/><\/a>DALLA PAGINA FACEBOOK &#8220;DOLOMITICI&#8221;<\/span><\/div>\n<div dir=\"auto\"><\/div>\n<div dir=\"auto\"><strong>AGORDO <\/strong>Il Dottor Marconcini, il Pediatra di tanti di noi agordini degli anni \u201860, arriv\u00f3 con competenza, simpatia e una grande famiglia all\u2019Ospedale di Agordo nel 1972 e, anche quando torn\u00f3 in Provincia di Verona, una buona parte del suo cuore rimase ad Agordo e molti di noi ricordano il Marconcini\u2019s team con grande e immutato affetto. I social, anche nel caso \u201cdel Dot\u00f3r\u201d, hanno fatto un buon lavoro e Vinicio era spesso tra di noi a commentare, spessissimo a leggerci. Giungano alla famiglia Marconcini duecentomila abbracci DoloMitici! oggi che il Dott. Vinicio \u00e8 salito pi\u00f9 in alto. Una preghiera e il silenzio delle sue\/nostre amate Dolomiti. Grazie dottore per avermi cresciuto!<\/div>\n<div dir=\"auto\">Dario Ganz<\/div>\n<\/div>\n<div dir=\"auto\"><\/div>\n<div dir=\"auto\">\n<div dir=\"auto\"><strong>IL RICORDO DI LORIS SANTOMASO<\/strong><\/div>\n<div dir=\"auto\"><\/div>\n<div dir=\"auto\"><em>Dispiace tanto anche a me per la dipartita del dottor Vinicio Marconcini, una bella persona e ottimo pediatra in coppia con l&#8217;altrettanto ottimo dottor Romano Costantini, prima che cominciasse lo smantellamento del nostro ospedale. Vinicio \u00e8 stato con me anche consigliere comunale, ma di minoranza, sempre corretto e serio, nella prima amministrazione\u00a0 con il sindaco e Senatore Armando Da Roit\u00a0 tra il 1975 e il 1980.\u00a0<\/em><\/div>\n<div dir=\"auto\"><\/div>\n<\/div>\n<div dir=\"auto\">\n<div dir=\"auto\">\n<div dir=\"auto\"><strong>Il funerale si svolger\u00e0 Mercoled\u00ec 14 alle ore 15 Presso il Duomo di Lonigo (VI)<\/strong><\/div>\n<div dir=\"auto\"><\/div>\n<div dir=\"auto\">\n<div dir=\"auto\">FOTO Un ricordo del Dottor Vinicio Marconcini in Piazza Libert\u00e1 ad Agordo. La foto \u00e8 di questa estate.<\/div>\n<\/div>\n<div dir=\"auto\"><\/div>\n<div dir=\"auto\"><\/div>\n<div dir=\"auto\"><\/div>\n<div dir=\"auto\">\n<hr \/>\n<\/div>\n<div dir=\"auto\"><\/div>\n<div dir=\"auto\"><a class=\"dt-pswp-item\" href=\"https:\/\/www.radiopiu.net\/wordpress\/wp-content\/uploads\/2022\/12\/MyRadioPiu_miaidea.png\" data-dt-img-description=\"\" data-large_image_width=\"483\" data-large_image_height=\"374\"><img loading=\"lazy\" decoding=\"async\" class=\"size-medium wp-image-310718 aligncenter\" src=\"https:\/\/www.radiopiu.net\/wordpress\/wp-content\/uploads\/2022\/12\/MyRadioPiu_miaidea-300x232.png\" alt=\"\" width=\"300\" height=\"232\" srcset=\"https:\/\/www.radiopiu.net\/wordpress\/wp-content\/uploads\/2022\/12\/MyRadioPiu_miaidea-300x232.png 300w, https:\/\/www.radiopiu.net\/wordpress\/wp-content\/uploads\/2022\/12\/MyRadioPiu_miaidea.png 483w\" sizes=\"auto, (max-width: 300px) 100vw, 300px\" \/><\/a><\/div>\n<div dir=\"auto\"><\/div>\n<div dir=\"auto\">\n<hr \/>\n<\/div>\n<blockquote>\n<h3 dir=\"auto\"><\/h3>\n<h3 dir=\"auto\"><a class=\"dt-pswp-item\" href=\"https:\/\/www.radiopiu.net\/wordpress\/wp-content\/uploads\/2022\/12\/ccf60de6-9da6-4e7d-824b-a9b025d36184.jpg\" data-dt-img-description=\"TANGENZIALE AGORDO ORE 13.00\" data-large_image_width=\"600\" data-large_image_height=\"800\"><img loading=\"lazy\" decoding=\"async\" class=\"size-medium wp-image-310638 alignleft\" src=\"https:\/\/www.radiopiu.net\/wordpress\/wp-content\/uploads\/2022\/12\/ccf60de6-9da6-4e7d-824b-a9b025d36184-225x300.jpg\" alt=\"\" width=\"225\" height=\"300\" srcset=\"https:\/\/www.radiopiu.net\/wordpress\/wp-content\/uploads\/2022\/12\/ccf60de6-9da6-4e7d-824b-a9b025d36184-225x300.jpg 225w, https:\/\/www.radiopiu.net\/wordpress\/wp-content\/uploads\/2022\/12\/ccf60de6-9da6-4e7d-824b-a9b025d36184.jpg 600w\" sizes=\"auto, (max-width: 225px) 100vw, 225px\" \/><\/a>LE CATENE IN GARAGE, AUTO FERME A BORDO STRADA. INUTILI GLI APPELLI ALLA PRUDENZA<\/h3>\n<\/blockquote>\n<div dir=\"auto\">foto TANGENZIALE AGORDO ORE 13.00<strong>BELLUNO<\/strong> Molti gli automobilisti che\u00a0 si sono fatti sorprendere dalla nevicata, almeno venti gli interventi dei vigili del fuoco in particolare in Cadore.\u00a0 A Cortina fuoristrada un mezzo della nettezza urbana e in Cadore, a un pulmino riservato ai disabili. Nessuna conseguenza per il conducente e per i passeggeri. Sulla statale 51 di Alemagna,\u00a0 l&#8217;Anas ha istituito un posto di controllo prima a Caralte (Perarolo di Cadore), all&#8217;altezza dell&#8217;area di servizio e poi all&#8217;ingresso di Longarone. Non sono stati segnalati incidenti stradali, tranne quello tra un camion e un&#8217;autovettura, sulla 51. l&#8217;autista del mezzo pesante non si sarebbe nemmeno fermato, dopo aver provocato, comunque, un danno limitato. Nessuna conseguenza per gli occupanti dell&#8217;auto.<\/div>\n<div dir=\"auto\"><\/div>\n<div dir=\"auto\"><\/div>\n<div dir=\"auto\">\n<p>&nbsp;<\/p>\n<blockquote>\n<h3>LA NEVICATA DELL&#8217;IMMACOLATA, AGGIORNAMENTO RADIOPIU_VIABILITA&#8217; PROVINCIA DI BELLUNO (Telegram)<\/h3>\n<\/blockquote>\n<blockquote class=\"wp-embedded-content\" data-secret=\"yr1fvxpLIp\"><p><a href=\"https:\/\/www.radiopiu.net\/wordpress\/terzo-aggiornamentoa\/\">NEVICATA IN CORSO DAL FELTRINO ALL&#8217;AGORDINO aggiornamento continuo h24<\/a><\/p><\/blockquote>\n<p><iframe loading=\"lazy\" class=\"wp-embedded-content\" sandbox=\"allow-scripts\" security=\"restricted\" style=\"position: absolute; clip: rect(1px, 1px, 1px, 1px);\" title=\"&#8220;NEVICATA IN CORSO DAL FELTRINO ALL&#8217;AGORDINO aggiornamento continuo h24&#8221; &#8212; Radio Pi\u00f9\" src=\"https:\/\/www.radiopiu.net\/wordpress\/terzo-aggiornamentoa\/embed\/#?secret=MlmLyPPGvd#?secret=yr1fvxpLIp\" data-secret=\"yr1fvxpLIp\" width=\"600\" height=\"338\" frameborder=\"0\" marginwidth=\"0\" marginheight=\"0\" scrolling=\"no\"><\/iframe><\/p>\n<p>&nbsp;<\/p>\n<p>&nbsp;<\/p>\n<\/div>\n<div dir=\"auto\"><\/div>\n<div dir=\"auto\">\n<hr \/>\n<\/div>\n<div dir=\"auto\"><\/div>\n<div dir=\"auto\">\n<div class=\"page-title-head hgroup\">\n<blockquote>\n<h3 class=\"entry-title\">DA LUNEDI CHIUSURA DELLA GALLERIA DI SAN VITO SS 50<\/h3>\n<\/blockquote>\n<\/div>\n<div class=\"page-title-breadcrumbs\"><\/div>\n<\/div>\n<\/div>\n<\/div>\n<p><strong><img decoding=\"async\" class=\"alignleft\" src=\"https:\/\/www.radiopiu.net\/wordpress\/wp-content\/uploads\/2021\/06\/anas.png\" \/>VENEZIA<\/strong> Avanzano i lavori di manutenzione degli impianti della galleria \u2018San Vito\u2019, lungo la strada statale 50 bis\/var \u201cdel Grappa e del passo Rolle\u201d tra Valbrenta\u00a0 e Arsi\u00e9. Da luned\u00ec 12 e fino a venerd\u00ec 23 dicembre, dalle ore 21 alle 6 del mattino successivo, sar\u00e0 istituita la chiusura al traffico \u2013 in entrambe le direzioni di marcia &#8211; della galleria \u2018San Vito\u2019. Durante questa modifica notturna alla circolazione il traffico veicolare sar\u00e0 deviato sulla viabilit\u00e0 alternativa, come di seguito specificato.<\/p>\n<p>I\u00a0<strong>mezzi leggeri<\/strong>\u00a0diretti verso Feltre\/Belluno, potranno percorrere la deviazione pi\u00f9 breve che da Primolano porta ad Arsi\u00e9 (passando per le scale di Primolano SR50bis) per poi tornare sulla SS 50 Bis\/Var al km 5,200 circa. Per chi viaggia in direzione Bassano\/Trento \u00e8 previsto lo stesso percorso in direzione opposta.<\/p>\n<p>Per\u00a0<strong>i mezzi pesanti<\/strong>\u00a0con peso superiore alle 3,5 tonnellate che viaggiano in direzione Feltre\/Belluno il percorso alternativo consigliato, partendo dalla SS 47, prevede: da via Molinetto, mediante 3\u00b0 uscita dalla rotatoria, la percorrenza di via De Gasperi (SP57) per poi uscire al 1\u00b0 svincolo della successiva rotatoria su via Dante Alighieri e procedere percorrendo la SP26; seguire le indicazioni per Valdobbiadene\/Feltre per imboccare la SR348 e giungere a Feltre. Percorso inverso per i mezzi che viaggiano in direzione Bassano del Grappa\/Trento. Per i mezzi pesanti con peso superiore alle 3,5 tonnellate diretti a\u00a0Feltre\/Belluno, \u00e8 possibile, in alternativa, percorrere le scale di Primolano SR50bis.<\/p>\n<p>&nbsp;<\/p>\n<hr \/>\n<p>&nbsp;<\/p>\n<blockquote>\n<h3>VIA TUTTI I DIVIETI DALLA 251, PROVINCIALE RIAPERTA<\/h3>\n<\/blockquote>\n<p><strong>VAL DI ZOLDO<\/strong>\u00a0 Entro la fine dell&#8217;anno l&#8217;intero tratto compreso fra il Comune di Val di Zoldo e Longarone verr\u00e0 riaperto al traffico e verranno tolte le limitazioni tuttora esistenti: cio\u00e8 tutti i quasi 20 chilometri avranno le due corsie aperte senza che vi siano semafori a regolare tratti a senso unico alternato e la strada sar\u00e0 interamente percorribile anche per moto e biciclette.\u00a0L&#8217;annuncio arriva dal sindaco Camillo De Pellegrin (Val di Zoldo) ed \u00e8 confermato da Michele Artusato (direttore operativo Veneto Strade)<\/p>\n<p>&nbsp;<\/p>\n<hr \/>\n<p>&nbsp;<\/p>\n<blockquote>\n<h3>MACCHINA CON DUE SOSPETTI BLOCCATA IN LARGO UGO NERI<\/h3>\n<\/blockquote>\n<p><strong>OGGI SUL CORRIERE DELLE ALPI<\/strong><br \/>\n<strong>DI GIGI SOSSO<\/strong><\/p>\n<p><img decoding=\"async\" class=\"alignleft\" src=\"https:\/\/www.radiopiu.net\/wordpress\/wp-content\/uploads\/2022\/12\/Senza-nome-51.jpg\" \/><strong>BELLUNO<\/strong> Bloccata un&#8217;auto con due sospetti. Polizia e carabinieri ipotizzano che si tratti dei topi di appartamento degli ultimi furti in Valbelluna e stanno facendo tutti gli accertamenti necessari sul loro conto. Non risultano ancora esserci stati degli arresti o dei fermi e la fase \u00e8 ancora quella dell&#8217;identificazione e della perquisizione delle autovetture, alla ricerca dei classici attrezzi da scasso, dal grosso cacciavite, al leverino e fino al piede di porco&#8230;\u00a0 Era quasi l&#8217;una del pomeriggio, quando il veicolo in questione \u00e8 stato intercettato da volante della polizia e gazzella dei carabinieri, nella zona del magazzino di Poste italiane, proveniente da via Vittorio Veneto. Non avrebbe tentato la fuga, come se gli occupanti non avessero niente da nascondere, ma dopo la richiesta dei documenti \u00e8 significativo il fatto che conducente e passeggero siano stati fatti accomodare sulle auto di servizio e portati tra questura e comando di viale Europa per i necessari approfondimenti&#8230;<\/p>\n<p>&nbsp;<\/p>\n<hr \/>\n<blockquote>\n<h3><\/h3>\n<h3>A FELTRE I LADRI CONTINUANO A RUBARE INDISTURBATI, CITTADINI SEMPRE PIU&#8217; PREOCCUPATI<\/h3>\n<\/blockquote>\n<div class=\"addthis_sharing_toolbox\" data-url=\"http:\/\/sfoglio.corrierealpi.gelocal.it\/share_article.php?article_id=11434716\" data-title=\"Macchina con due sospettibloccata in largo Ugo NeriLadri agili come gattivisitata una villetta\"><\/div>\n<div class=\"articlePlainText\"><strong>FELTRE<\/strong> Scalano il muro ed entrano dopo aver forzato una finestra. E&#8217; accaduto\u00a0 nel\u00a0 quartiere Regina Margherita. A Feltre i furti sono all&#8217;ordine del giorno, i malviventi si muovono indisturbati e il povero cittadino conta i danni. Il colpo ha riguardato una delle villette unifamigliari. La banda \u00e8 entrata in azione nel tardo pomeriggio approfittando dell&#8217;oscurit\u00e0 e dell&#8217;assenza della coppia che abita nella casa. Stanze sotto sopra e bottino non noto.<\/div>\n<p>&nbsp;<\/p>\n<hr \/>\n<p>&nbsp;<\/p>\n<blockquote>\n<h3>FIAMME SULLA TERRAZZA, PAURA IN\u00a0 CADORE<\/h3>\n<\/blockquote>\n<p><strong>PIEVE DI CADORE<\/strong>\u00a0Fiamme su un terrazzo, dopo i paesani sono intervenuti i vigili del fuoco del vicino distaccamento. L&#8217;allarme alle 15.30, al primo piano di un condominio di via Cortina. Le fiamme si erano sprigionate da una stufa a pellets con lo scarico a parete. Non ci sono state conseguenze per gli altri appartamenti. Non ci sono n\u00e9 ustionati n\u00e9 intossicati, nel giro di pochi minuti, la situazione \u00e8 tornata alla normalit\u00e0.<\/p>\n<p>&nbsp;<\/p>\n<p>&nbsp;<\/p>\n<hr \/>\n<p>&nbsp;<\/p>\n<blockquote>\n<h3>PIO XII MISURINA, ZANONI &#8220;BOCCIATURA ODG, GRAVE COLPO DI SPUGNA&#8221;<\/h3>\n<\/blockquote>\n<p><strong><a class=\"dt-pswp-item\" href=\"https:\/\/www.radiopiu.net\/wordpress\/wp-content\/uploads\/2021\/09\/ZANONI-1-scaled.jpg\" data-dt-img-description=\"\" data-large_image_width=\"2560\" data-large_image_height=\"1707\"><img loading=\"lazy\" decoding=\"async\" class=\"size-medium wp-image-233260 alignleft\" src=\"https:\/\/www.radiopiu.net\/wordpress\/wp-content\/uploads\/2021\/09\/ZANONI-1-300x200.jpg\" alt=\"\" width=\"300\" height=\"200\" srcset=\"https:\/\/www.radiopiu.net\/wordpress\/wp-content\/uploads\/2021\/09\/ZANONI-1-300x200.jpg 300w, https:\/\/www.radiopiu.net\/wordpress\/wp-content\/uploads\/2021\/09\/ZANONI-1-1024x683.jpg 1024w, https:\/\/www.radiopiu.net\/wordpress\/wp-content\/uploads\/2021\/09\/ZANONI-1-768x512.jpg 768w, https:\/\/www.radiopiu.net\/wordpress\/wp-content\/uploads\/2021\/09\/ZANONI-1-1536x1024.jpg 1536w, https:\/\/www.radiopiu.net\/wordpress\/wp-content\/uploads\/2021\/09\/ZANONI-1-2048x1365.jpg 2048w\" sizes=\"auto, (max-width: 300px) 100vw, 300px\" \/><\/a>VENEZIA\u00a0 <\/strong><em>&#8220;La bocciatura del nostro ordine del giorno, che chiedeva alla Giunta regionale di scongiurare con ogni mezzo la chiusura del Centro Pio XII di Misurina, rappresenta un grave colpo di spugna, destinato a cancellare ogni speranza di futuro per questa realt\u00e0 terapeutica che vanta condizioni climatiche senza pari ed ottimali per la cura dei bambini e dei giovani con patologie respiratorie&#8221;. <\/em>La considerazione \u00e8 del consigliere regionale del PD Veneto, Andrea Zanoni, dopo che l&#8217;ODG da lui presentato e sottoscritto da tutti i consiglieri di opposizione \u00e8 stato respinto dalla maggioranza (34 contrari, 10 favorevoli). <em>&#8220;In aula ho ricordato ai colleghi che per rilevare questa struttura, attualmente privata, basterebbe appena il 10% di quegli 85 milioni che verranno approvati in bilancio per realizzare la pista da Bob di Cortina. Zaia dimostra di avere pi\u00f9 a cuore questo impianto che, dopo i pochi giorni di Olimpiade, \u00e8 destinato all&#8217;inutilizzo quasi costante, visti i numeri risicatissimi di praticanti del bob, piuttosto che i cittadini veneti poco fortunati e bisognosi di cure&#8221;.<\/em>L&#8217;esponente dem sottolinea come &#8220;questo Centro ha tutte le potenzialit\u00e0 per essere rilanciato. \u00c8 infatti un unicum in Europa, dato che si trova a 1.700 metri di altitudine dove c&#8217;\u00e8 un&#8217;aria tra le piu&#8217; pulite di tutto il continente. E proprio per questo potrebbe essere il luogo ideale dove curare non solo i bambini ma anche gli adulti affetti da patologie ambientali &#8216;da carico tossico&#8217; dovute all&#8217;aumento di inquinanti nell&#8217;aria, nelle acque, nel cibo e nei suoli. Come ad esempio la Sensibilit\u00e0 Chimica Multipla, la sindrome da stanchezza cronica e la Fibromialgia. Gettare la spugna &#8211; conclude Zanoni &#8211; \u00e8 proprio per questo scellerato&#8221;.<\/p>\n<p>&nbsp;<\/p>\n<hr \/>\n<p>&nbsp;<\/p>\n<blockquote>\n<h3>CONVEGNO SUL VOLONTARIATO VENERDI&#8217; 16 AL COMUNALE<\/h3>\n<\/blockquote>\n<p align=\"JUSTIFY\"><span style=\"color: #000000;\"><strong>BELLUNO<\/strong> Il convegno \u201cIl volontariato bellunese sfida il futuro\u201d \u00e8 promosso e organizzato dall\u2019amministrazione comunale di Belluno, \u00e8 in programma per venerd\u00ec dalle 8.30 alle 17.30 al Teatro comunale di Belluno, vuole essere un appuntamento per tutti. Un momento di incontro, di confronto e di dialogo sulle prospettive future del volontariato in provincia e non solo.<em>\u00a0\u201cL\u2019obiettivo \u2013 spiega il sindaco, Oscar De Pellegrin -, \u00e8 quello di partire da qui per costruire un appuntamento annuale capace di diventare un punto di riferimento per tutto il settore e anche per le istituzioni. Serve fermarci un attimo a pensare, l\u2019obiettivo \u00e8 chiaro ma occorre prendere la mira per centrare il bersaglio. Sostenere il mondo del volontariato, capirne le difficolt\u00e0 e prevedere le prospettive future \u00e8 fondamentale per continuare ad assicurare servizi essenziali alla nostra comunit\u00e0\u201d. <\/em><\/span><span style=\"color: #000000;\">seguenti alla nuova legge regionale sulle competenze del sociale\u201d. Oltre al sindaco interverranno diverse associazioni. <\/span><span style=\"color: #000000;\">Dalle 11.15 \u00e8 prevista la presentazione \u201cSpunti di collaborazione tra servizi sociali e il mondo del volontariato\u201d con moderatore Gianluca Corsetti presidente del Comitato d\u2019Intesa Belluno. Nel<\/span><span style=\"color: #000000;\"> pomeriggio altri\u00a0 interventi e al\u00a0 termine la tavola rotonda<\/span><span style=\"color: #000000;\"> \u201cCriticit\u00e0 e prospettive del volontariato\u201d. con l\u2019avvocato Enrico Gaz.<\/span><\/p>\n<p><strong>MARCO\u00a0 DAL PONT\u00a0assesore al sociale,\u00a0 rapporti con le associazioni e politiche per la famiglia,<\/strong><\/p>\n<div style=\"width: 848px;\" class=\"wp-video\"><video class=\"wp-video-shortcode\" id=\"video-310516-1\" width=\"848\" height=\"480\" preload=\"metadata\" controls=\"controls\"><source type=\"video\/mp4\" src=\"https:\/\/www.radiopiu.net\/wordpress\/wp-content\/uploads\/2022\/12\/WhatsApp-Video-2022-12-09-at-11.49.20.mp4?_=1\" \/><a href=\"https:\/\/www.radiopiu.net\/wordpress\/wp-content\/uploads\/2022\/12\/WhatsApp-Video-2022-12-09-at-11.49.20.mp4\">https:\/\/www.radiopiu.net\/wordpress\/wp-content\/uploads\/2022\/12\/WhatsApp-Video-2022-12-09-at-11.49.20.mp4<\/a><\/video><\/div>\n<p>&nbsp;<\/p>\n<hr \/>\n<p>&nbsp;<\/p>\n<blockquote>\n<h3>SERVIZIO SCORTA E CARENZA DI PERSONALE, QUESTIONE NOTA ANCHE ALL&#8217;EX MINISTRO D&#8217;INCA&#8217;<\/h3>\n<\/blockquote>\n<p><img decoding=\"async\" class=\"alignleft\" src=\"https:\/\/www.radiopiu.net\/wordpress\/wp-content\/uploads\/2022\/12\/INCA.jpg\" \/><strong>BELLUNO<\/strong> l&#8217;Ex Ministro Federico D&#8217;Inc\u00e0 sul Corriere della Sera interviene sul tema del \u00a0servizio di tutela che ha dato l&#8217;opportunit\u00e0 al Siulp, sindacato di Polizia, di tornare sul tema dei servizi ordinari disposti dalla Questura. La questione e\u2019 sempre quella quella \u00a0carenza di personale. Scrive il sindacato<em>: <\/em><\/p>\n<p><em>&#8220;La Questura di Belluno non dispone di un nucleo scorte, ovvero di un <\/em><em>ufficio (con relativo personale) dedicato alla scorta,\u00a0 <\/em><em>attivit\u00e0\u00a0 che viene garantita da personale\u00a0 qualificato <\/em><em>ma che presta servizio nelle diverse articolazioni della questura. Ogni impegno, quindi, che riguarda i servizi di scorta\/tutela, costituisce una \u00a0parallela sottrazione di risorse che vengono distolte dalle <\/em><em>ordinarie mansioni, \u00a0comporta un aggravio nella gestione dei correnti servizi ed un aumento dei carichi di lavoro sul restante personale con delle inevitabili ricadute anche sul servizio reso alla comunit\u00e0. Sicuramente il servizio destinato all\u2019ex ministro\u00a0 rappresenta un notevole carico operativo, trattandosi di personalit\u00e0 residente in\u00a0 provincia la cui Questura deve farsi interamente carico di tutto il \u201cpacchetto\u201d della tutela. Impiego che si moltiplica in occasione delle imminenti festivit\u00e0 con l\u2019arrivo di numerose altre personalit\u00e0\u00a0 alle quali vanno garantiti pari (se non superiori) servizi di sicurezza. In questo scenario, apprendere che l\u2019auspicio dell\u2019ex ministro \u00e8 quello di rientrare il prima possibile ai ritmi di una vita \u201cnormale\u201d, senza scorta, non pu\u00f2 che conciliarsi con la visione e speranza di questo sindacato. fermo restando che \u00e8\u00a0 giusto tutelare chi \u00e8\u00a0 esposto a minacce e violenze \u00e8\u00a0 altrettanto importante revocare il dispositivo al venir meno di tali presupposti restituendo tempestivamente uomini e risorse agli ordinari servizi a beneficio della collettivit\u00e0. Se la necessit\u00e0 di protezione per l\u2019ex ministro \u00e8 cessata &#8211; conclude il segretario provinciale del Siulp, Albino Rossa &#8211;\u00a0 significa che sono subentrati rassicuranti indicatori a suo favore con l\u2019altrettanto positivo risultato in termini di razionalizzazione di servizi e di impiego di poliziotti&#8221;<\/em><\/p>\n<p>&nbsp;<\/p>\n<p><a class=\"dt-pswp-item\" href=\"https:\/\/www.radiopiu.net\/wordpress\/wp-content\/uploads\/2022\/12\/Senza-nome-46.jpg\" data-dt-img-description=\"\" data-large_image_width=\"603\" data-large_image_height=\"417\"><img loading=\"lazy\" decoding=\"async\" class=\"alignnone wp-image-310643 size-full\" src=\"https:\/\/www.radiopiu.net\/wordpress\/wp-content\/uploads\/2022\/12\/Senza-nome-46.jpg\" alt=\"\" width=\"603\" height=\"417\" srcset=\"https:\/\/www.radiopiu.net\/wordpress\/wp-content\/uploads\/2022\/12\/Senza-nome-46.jpg 603w, https:\/\/www.radiopiu.net\/wordpress\/wp-content\/uploads\/2022\/12\/Senza-nome-46-300x207.jpg 300w\" sizes=\"auto, (max-width: 603px) 100vw, 603px\" \/><\/a><\/p>\n<p>&nbsp;<\/p>\n<hr \/>\n<p>&nbsp;<\/p>\n<blockquote>\n<h3>DA CANALE D&#8217;AGORDO A ROMA PER CONSEGNARE AL PAPA IL LIBRO DEL GIUBILEO 2000<\/h3>\n<\/blockquote>\n<p><strong><a class=\"dt-pswp-item\" href=\"https:\/\/www.radiopiu.net\/wordpress\/wp-content\/uploads\/2022\/12\/Consegna-al-Papa-Italo-DInca-e-Gianluca-Cometto-Vatican-Media-scaled.jpg\" data-dt-img-description=\"\" data-large_image_width=\"2560\" data-large_image_height=\"1707\"><img loading=\"lazy\" decoding=\"async\" class=\"size-medium wp-image-310661 alignleft\" src=\"https:\/\/www.radiopiu.net\/wordpress\/wp-content\/uploads\/2022\/12\/Consegna-al-Papa-Italo-DInca-e-Gianluca-Cometto-Vatican-Media-300x200.jpg\" alt=\"\" width=\"300\" height=\"200\" srcset=\"https:\/\/www.radiopiu.net\/wordpress\/wp-content\/uploads\/2022\/12\/Consegna-al-Papa-Italo-DInca-e-Gianluca-Cometto-Vatican-Media-300x200.jpg 300w, https:\/\/www.radiopiu.net\/wordpress\/wp-content\/uploads\/2022\/12\/Consegna-al-Papa-Italo-DInca-e-Gianluca-Cometto-Vatican-Media-1024x683.jpg 1024w, https:\/\/www.radiopiu.net\/wordpress\/wp-content\/uploads\/2022\/12\/Consegna-al-Papa-Italo-DInca-e-Gianluca-Cometto-Vatican-Media-768x512.jpg 768w, https:\/\/www.radiopiu.net\/wordpress\/wp-content\/uploads\/2022\/12\/Consegna-al-Papa-Italo-DInca-e-Gianluca-Cometto-Vatican-Media-1536x1024.jpg 1536w, https:\/\/www.radiopiu.net\/wordpress\/wp-content\/uploads\/2022\/12\/Consegna-al-Papa-Italo-DInca-e-Gianluca-Cometto-Vatican-Media-2048x1365.jpg 2048w\" sizes=\"auto, (max-width: 300px) 100vw, 300px\" \/><\/a>CANALE D&#8217;AGORDO <\/strong>Il libro del pellegrinaggio a cavallo nel 2000 \u00e8 arrivato a Roma. Una copia \u00e8 stata consegnata al Presidente della Repubblica Sergio Mattarella nel pomeriggio del 6 dicembre. L\u2019indomani mattina un\u2019altra copia \u00e8 stata consegnata a Papa Francesco, a margine dell\u2019udienza generale del mercoled\u00ec. Il libro, realizzato da Italo D\u2019Inc\u00e0 e Gianluca Cometto (con la partecipazione della Provincia), ha avuto una stampa limitata a pochi esemplari: racconta con ampia documentazione fotografica il viaggio da Canale d\u2019Agordo a Roma che il gruppo Natura a Cavallo intraprese nell\u2019estate del 2000, in occasione del grande Giubileo. Immagini e memorie di un pellegrinaggio che port\u00f2 150 persone dal paese natale di Papa Luciani fino in Piazza San Pietro. Trentasei cavalieri (con un seguito di vetture di servizio per allestire gli accampamenti) percorsero l\u2019Italia da nord a sud. Un viaggio di 33 giorni e quasi 1.000 chilometri, la maggior parte dei quali su strade sterrate, tratturi e sentieri, per giungere sulla tomba di Albino Luciani. <em>\u00abDa quell\u2019esperienza \u00e8 nato un libro che abbiamo voluto consegnare al Presidente Mattarella e al Papa, con un messaggio di pace visti i periodi bui che stiamo vivendo\u00bb spiega l\u2019autore, Italo D\u2019Inc\u00e0, che \u00e8 stato accompagnato al Quirinale e in Vaticano da una delegazione bellunese di cui facevano parte anche don Giorgio Benedetti e l\u2019ex ministro Federico D\u2019Inc\u00e0. \u00abIl Papa ha sfogliato subito il libro, rimanendo colpito dalle fotografie dei cavalli, che ha definito \u201cla sua passione\u201d. Anche il Presidente Mattarella ha manifestato gradimento\u00bb.<\/em><em><a class=\"dt-pswp-item\" href=\"https:\/\/www.radiopiu.net\/wordpress\/wp-content\/uploads\/2022\/12\/Consegna-al-Presidente-della-Repubblica.jpg\" data-dt-img-description=\"\" data-large_image_width=\"1024\" data-large_image_height=\"688\"> <img loading=\"lazy\" decoding=\"async\" class=\"size-medium wp-image-310662 alignright\" src=\"https:\/\/www.radiopiu.net\/wordpress\/wp-content\/uploads\/2022\/12\/Consegna-al-Presidente-della-Repubblica-300x202.jpg\" alt=\"\" width=\"300\" height=\"202\" srcset=\"https:\/\/www.radiopiu.net\/wordpress\/wp-content\/uploads\/2022\/12\/Consegna-al-Presidente-della-Repubblica-300x202.jpg 300w, https:\/\/www.radiopiu.net\/wordpress\/wp-content\/uploads\/2022\/12\/Consegna-al-Presidente-della-Repubblica-768x516.jpg 768w, https:\/\/www.radiopiu.net\/wordpress\/wp-content\/uploads\/2022\/12\/Consegna-al-Presidente-della-Repubblica.jpg 1024w\" sizes=\"auto, (max-width: 300px) 100vw, 300px\" \/><\/a>\u00abHo partecipato a tutto il viaggio del Giubileo del 2000 come volontario, un\u2019esperienza spirituale indimenticabile\u00bb sottolinea Federico D\u2019Inc\u00e0. \u00abLa consegna del libro rappresenta la consegna ideale del messaggio di pace da parte di tutte le centinaia di volontari che hanno permesso la realizzazione di questo importante viaggio. E ho letto nello sguardo e nella voce, l\u2019emozione del Presidente Mattarella nel ricevere un libro che rappresenta proprio i volontari e il loro mettersi a disposizione per grandi progetti e ideali nobili\u00bb. <\/em>Alla duplice consegna era presente anche il presidente della Provincia di Belluno. <em>\u00abIl pellegrinaggio a cavallo fu una iniziativa particolarissima, unica nel suo genere, che l\u2019amministrazione provinciale di allora spos\u00f2 con grande entusiasmo e che noi oggi abbiamo la possibilit\u00e0 di ricordare attraverso questo libro\u00bb commenta il presidente Roberto Padrin. \u00abRingrazio gli autori, perch\u00e9 il loro lavoro ci permette di raccontare il nostro territorio e di lanciare un messaggio di pace\u00bb.<\/em><\/p>\n<p>&nbsp;<\/p>\n<hr \/>\n<p>&nbsp;<\/p>\n<p>&nbsp;<\/p>\n<blockquote><p><strong>NEVE IN MONTAGNA. PRESIDENTE ZAIA, \u201cLA STAGIONE PARTE CON IL PIEDE GIUSTO. PRECIPITAZIONI AIUTANO ANCHE A CONTENERE SPESE PER INNEVAMENTO\u201d<\/strong><\/p><\/blockquote>\n<p><strong><a class=\"dt-pswp-item\" href=\"https:\/\/www.radiopiu.net\/wordpress\/wp-content\/uploads\/2022\/12\/th-7.jpg\" data-dt-img-description=\"\" data-large_image_width=\"467\" data-large_image_height=\"315\"><img loading=\"lazy\" decoding=\"async\" class=\" wp-image-310681 alignleft\" src=\"https:\/\/www.radiopiu.net\/wordpress\/wp-content\/uploads\/2022\/12\/th-7-300x202.jpg\" alt=\"\" width=\"244\" height=\"164\" srcset=\"https:\/\/www.radiopiu.net\/wordpress\/wp-content\/uploads\/2022\/12\/th-7-300x202.jpg 300w, https:\/\/www.radiopiu.net\/wordpress\/wp-content\/uploads\/2022\/12\/th-7.jpg 467w\" sizes=\"auto, (max-width: 244px) 100vw, 244px\" \/><\/a>VENEZIA<\/strong> <em>\u201cIl meteo ha regalato alla montagna un ottimo avvio della stagione invernale. La neve che continua a cadere in queste ore \u00e8 un bel segnale per le nostre localit\u00e0 sciistiche che in questo primo fine settimana stanno registrando il tutto esaurito. Il meteo \u00e8 stato dalla nostra parte, utilizzare la neve artificiale in un momento come questo caratterizzato da alti costi energetici sarebbe stato particolarmente oneroso per le societ\u00e0 che gestiscono gli impianti sciistici\u201d. <\/em>Lo dice il presidente della Regione del Veneto Luca Zaia che porge gli auguri per l\u2019avvio della stagione invernale agli operatori. <em>\u201cI principali impianti sciistici sono ormai aperti &#8211; aggiunge Zaia \u2013 A Cortina d\u2019Ampezzo sono stati aperti 13 impianti, ad Arabba\/Marmolada 15, nel comprensorio del Civetta 15. Si scia anche nell\u2019Altopiano di Asiago. Un ringraziamento a tutti i professionisti ed i tecnici del settore: a chi ha preparato le piste, ai maestri di sci, al personale che garantisce la sicurezza. \u00c8 stato fatto un grande lavoro, per una stagione che \u00e8 partita nel migliore dei modi\u201d.<\/em><\/p>\n<p>&nbsp;<\/p>\n<hr \/>\n<p>&nbsp;<\/p>\n<blockquote>\n<h3>TRUFFE ON LINE, ATTENZIONE ALLE FALSE MAIL INPS &#8220;phishing&#8221;<\/h3>\n<\/blockquote>\n<p><a class=\"dt-pswp-item\" href=\"https:\/\/www.radiopiu.net\/wordpress\/wp-content\/uploads\/2022\/12\/Senza-nome-50.jpg\" data-dt-img-description=\"\" data-large_image_width=\"405\" data-large_image_height=\"315\"><img loading=\"lazy\" decoding=\"async\" class=\"size-medium wp-image-310686 alignleft\" src=\"https:\/\/www.radiopiu.net\/wordpress\/wp-content\/uploads\/2022\/12\/Senza-nome-50-300x233.jpg\" alt=\"\" width=\"300\" height=\"233\" srcset=\"https:\/\/www.radiopiu.net\/wordpress\/wp-content\/uploads\/2022\/12\/Senza-nome-50-300x233.jpg 300w, https:\/\/www.radiopiu.net\/wordpress\/wp-content\/uploads\/2022\/12\/Senza-nome-50.jpg 405w\" sizes=\"auto, (max-width: 300px) 100vw, 300px\" \/><\/a><\/p>\n<p><em>Cara Radio Pi\u00f9&#8230; volevo segnalare che c\u2019\u00e8 questa truffa che gira\u2026mi \u00e8 arrivata questa e mail ma sembra davvero fatta da inps poi cliccando sulla mail del mittente esce un indirizzo fasullo<\/em><\/p>\n<p>&nbsp;<\/p>\n<p>Una delle truffe pi\u00f9 diffuse e pericolose \u00e8 il\u00a0<strong>phishing<\/strong>. Questa \u00e8 un tipo di frode informatica che mira al\u00a0<strong>furto dei dati sensibili<\/strong> attraverso l\u2019invio di email che fingono di provenire dall\u2019Istituto. <span style=\"color: #ff0000;\">NON COMUNICARE I DATI SENSIBILI<\/span><\/p>\n<p>L\u2019INPS ha ricevuto numerose segnalazioni dagli utenti su questo fronte: una delle modalit\u00e0 riscontrate pi\u00f9 di frequente \u00e8 l&#8217;invio di\u00a0<a title=\"Vai alla scheda\" href=\"https:\/\/www.inps.it\/pages\/permalink\/54020\"><strong>false email<\/strong><\/a>\u00a0che invitano ad aggiornare i propri dati personali o le proprie coordinate bancarie, tramite\u00a0<strong>un link cliccabile<\/strong>, per ricevere l\u2019accredito di\u00a0<a title=\"Vai alla scheda\" href=\"https:\/\/www.inps.it\/pages\/permalink\/54147\">pagamenti e rimborsi<\/a>\u00a0da <a class=\"dt-pswp-item\" href=\"https:\/\/www.radiopiu.net\/wordpress\/wp-content\/uploads\/2022\/12\/Truffe-online_img01.jpg\" data-dt-img-description=\"\" data-large_image_width=\"1038\" data-large_image_height=\"394\"><img loading=\"lazy\" decoding=\"async\" class=\"size-medium wp-image-310687 alignright\" src=\"https:\/\/www.radiopiu.net\/wordpress\/wp-content\/uploads\/2022\/12\/Truffe-online_img01-300x114.jpg\" alt=\"\" width=\"300\" height=\"114\" srcset=\"https:\/\/www.radiopiu.net\/wordpress\/wp-content\/uploads\/2022\/12\/Truffe-online_img01-300x114.jpg 300w, https:\/\/www.radiopiu.net\/wordpress\/wp-content\/uploads\/2022\/12\/Truffe-online_img01-1024x389.jpg 1024w, https:\/\/www.radiopiu.net\/wordpress\/wp-content\/uploads\/2022\/12\/Truffe-online_img01-768x292.jpg 768w, https:\/\/www.radiopiu.net\/wordpress\/wp-content\/uploads\/2022\/12\/Truffe-online_img01.jpg 1038w\" sizes=\"auto, (max-width: 300px) 100vw, 300px\" \/><\/a>parte dell\u2019Istituto. In alcuni casi il link apre una\u00a0<a title=\"Vai alla scheda\" href=\"https:\/\/www.inps.it\/pages\/permalink\/52074\">falsa pagina<\/a>\u00a0dei\u00a0<strong>servizi INPS<\/strong>.<\/p>\n<p>In altri casi dietro la promessa di un\u00a0<strong>rimborso economico<\/strong>\u00a0o dietro la notifica di un\u00a0<strong>mancato versamento di contribut<\/strong>i, il mittente richiede un aggiornamento delle coordinate bancarie o un\u00a0<strong>bonifico immediato per evitare sanzioni<\/strong>, oppure attraverso\u00a0<a href=\"https:\/\/servizi2.inps.it\/servizi\/ComunicatiStampa\/DownloadCS.aspx?ID_COMUNICATO=3019\">email truffaldine<\/a>\u00a0(pdf 118KB) un\u00a0<strong>sedicente servizio clienti INPS<\/strong>\u00a0finge di ravvisare problemi in merito all\u2019esecuzione di un bonifico.<\/p>\n<p>&nbsp;<\/p>\n<hr \/>\n<p>&nbsp;<\/p>\n<blockquote>\n<h3>IL PRESEPIO INCANTATO DI ROE DI SEDICO<\/h3>\n<\/blockquote>\n<p>&nbsp;<\/p>\n<p><strong>L&#8217;INTERVISTA\u00a0 A FABIO SOMMACAL (presidente), ANDREA FONTANIVE, E DAVIDE LOVISOTTO DEL GRUPPO AMICI DEL PRESEPIO DI ROE.<\/strong><\/p>\n<p>di Mirko Mezzacasa<\/p>\n<p><iframe loading=\"lazy\" title=\"PRESEPE ROE DI SEDICO - DIRETTA RADIO PIU di MIRKO MEZZACASA\" width=\"1200\" height=\"675\" src=\"https:\/\/www.youtube.com\/embed\/B4rGHCoGgaw?feature=oembed\" frameborder=\"0\" allow=\"accelerometer; autoplay; clipboard-write; encrypted-media; gyroscope; picture-in-picture\" allowfullscreen><\/iframe><\/p>\n<p>&nbsp;<\/p>\n<p><span style=\"color: #ff0000;\"><strong>GALLERIA FOTOGRAFICA<\/strong><\/span><\/p>\n\n\t\t\t<style type='text\/css'>\n\t\t\t\t#gallery-1 {\n\t\t\t\t\tmargin: auto;\n\t\t\t\t}\n\t\t\t\t#gallery-1 .gallery-item {\n\t\t\t\t\tfloat: left;\n\t\t\t\t\tmargin-top: 10px;\n\t\t\t\t\ttext-align: center;\n\t\t\t\t\twidth: 25%;\n\t\t\t\t}\n\t\t\t\t#gallery-1 img {\n\t\t\t\t\tborder: 2px solid #cfcfcf;\n\t\t\t\t}\n\t\t\t\t#gallery-1 .gallery-caption {\n\t\t\t\t\tmargin-left: 0;\n\t\t\t\t}\n\t\t\t\t\/* see gallery_shortcode() in wp-includes\/media.php *\/\n\t\t\t<\/style>\n\t\t<div id='gallery-1' class='dt-gallery-container gallery galleryid-310516 gallery-columns-4 gallery-size-thumbnail'><dl class='gallery-item'>\n\t\t\t\t<dt class='gallery-icon portrait'>\n\t\t\t\t\t<a class=\"rollover rollover-zoom dt-pswp-item\" title=\"44a77155-b042-43fa-8505-99e5ddedc76d\" data-dt-img-description=\"\" data-large_image_width=\"1152\" data-large_image_height=\"2048\"href='https:\/\/www.radiopiu.net\/wordpress\/wp-content\/uploads\/2022\/12\/44a77155-b042-43fa-8505-99e5ddedc76d.jpg'><img loading=\"lazy\" decoding=\"async\" width=\"150\" height=\"150\" src=\"https:\/\/www.radiopiu.net\/wordpress\/wp-content\/uploads\/2022\/12\/44a77155-b042-43fa-8505-99e5ddedc76d-150x150.jpg\" class=\"attachment-thumbnail size-thumbnail\" alt=\"\" \/><\/a>\n\t\t\t\t<\/dt><\/dl><dl class='gallery-item'>\n\t\t\t\t<dt class='gallery-icon landscape'>\n\t\t\t\t\t<a class=\"rollover rollover-zoom dt-pswp-item\" title=\"5ce26a43-f95b-4bb2-99e5-3d9b079ba288\" data-dt-img-description=\"\" data-large_image_width=\"1024\" data-large_image_height=\"768\"href='https:\/\/www.radiopiu.net\/wordpress\/wp-content\/uploads\/2022\/12\/5ce26a43-f95b-4bb2-99e5-3d9b079ba288.jpg'><img loading=\"lazy\" decoding=\"async\" width=\"150\" height=\"150\" src=\"https:\/\/www.radiopiu.net\/wordpress\/wp-content\/uploads\/2022\/12\/5ce26a43-f95b-4bb2-99e5-3d9b079ba288-150x150.jpg\" class=\"attachment-thumbnail size-thumbnail\" alt=\"\" aria-describedby=\"gallery-1-310700\" \/><\/a>\n\t\t\t\t<\/dt>\n\t\t\t\t\t<dd class='wp-caption-text gallery-caption' id='gallery-1-310700'>\n\t\t\t\t\tFABIOM, DAVIDE E ANDREA\n\t\t\t\t\t<\/dd><\/dl><dl class='gallery-item'>\n\t\t\t\t<dt class='gallery-icon landscape'>\n\t\t\t\t\t<a class=\"rollover rollover-zoom dt-pswp-item\" title=\"9ae09f98-cc8e-44d0-b6b9-84122b97439a\" data-dt-img-description=\"\" data-large_image_width=\"1024\" data-large_image_height=\"768\"href='https:\/\/www.radiopiu.net\/wordpress\/wp-content\/uploads\/2022\/12\/9ae09f98-cc8e-44d0-b6b9-84122b97439a.jpg'><img loading=\"lazy\" decoding=\"async\" width=\"150\" height=\"150\" src=\"https:\/\/www.radiopiu.net\/wordpress\/wp-content\/uploads\/2022\/12\/9ae09f98-cc8e-44d0-b6b9-84122b97439a-150x150.jpg\" class=\"attachment-thumbnail size-thumbnail\" alt=\"\" \/><\/a>\n\t\t\t\t<\/dt><\/dl><dl class='gallery-item'>\n\t\t\t\t<dt class='gallery-icon landscape'>\n\t\t\t\t\t<a class=\"rollover rollover-zoom dt-pswp-item\" title=\"b4e4b70a-eea1-4244-82b3-c0df85a22626\" data-dt-img-description=\"\" data-large_image_width=\"1024\" data-large_image_height=\"768\"href='https:\/\/www.radiopiu.net\/wordpress\/wp-content\/uploads\/2022\/12\/b4e4b70a-eea1-4244-82b3-c0df85a22626.jpg'><img loading=\"lazy\" decoding=\"async\" width=\"150\" height=\"150\" src=\"https:\/\/www.radiopiu.net\/wordpress\/wp-content\/uploads\/2022\/12\/b4e4b70a-eea1-4244-82b3-c0df85a22626-150x150.jpg\" class=\"attachment-thumbnail size-thumbnail\" alt=\"\" \/><\/a>\n\t\t\t\t<\/dt><\/dl><br style=\"clear: both\" \/><dl class='gallery-item'>\n\t\t\t\t<dt class='gallery-icon landscape'>\n\t\t\t\t\t<a class=\"rollover rollover-zoom dt-pswp-item\" title=\"60991841-f529-4979-a289-db7bcfa4ea3e\" data-dt-img-description=\"\" data-large_image_width=\"1024\" data-large_image_height=\"768\"href='https:\/\/www.radiopiu.net\/wordpress\/wp-content\/uploads\/2022\/12\/60991841-f529-4979-a289-db7bcfa4ea3e.jpg'><img loading=\"lazy\" decoding=\"async\" width=\"150\" height=\"150\" src=\"https:\/\/www.radiopiu.net\/wordpress\/wp-content\/uploads\/2022\/12\/60991841-f529-4979-a289-db7bcfa4ea3e-150x150.jpg\" class=\"attachment-thumbnail size-thumbnail\" alt=\"\" \/><\/a>\n\t\t\t\t<\/dt><\/dl><dl class='gallery-item'>\n\t\t\t\t<dt class='gallery-icon landscape'>\n\t\t\t\t\t<a class=\"rollover rollover-zoom dt-pswp-item\" title=\"05548d2c-f32e-48a6-9106-128cd8177f9c\" data-dt-img-description=\"\" data-large_image_width=\"1024\" data-large_image_height=\"768\"href='https:\/\/www.radiopiu.net\/wordpress\/wp-content\/uploads\/2022\/12\/05548d2c-f32e-48a6-9106-128cd8177f9c.jpg'><img loading=\"lazy\" decoding=\"async\" width=\"150\" height=\"150\" src=\"https:\/\/www.radiopiu.net\/wordpress\/wp-content\/uploads\/2022\/12\/05548d2c-f32e-48a6-9106-128cd8177f9c-150x150.jpg\" class=\"attachment-thumbnail size-thumbnail\" alt=\"\" \/><\/a>\n\t\t\t\t<\/dt><\/dl><dl class='gallery-item'>\n\t\t\t\t<dt class='gallery-icon landscape'>\n\t\t\t\t\t<a class=\"rollover rollover-zoom dt-pswp-item\" title=\"268d064e-785f-4baf-a85b-db38b87a3448\" data-dt-img-description=\"\" data-large_image_width=\"1024\" data-large_image_height=\"768\"href='https:\/\/www.radiopiu.net\/wordpress\/wp-content\/uploads\/2022\/12\/268d064e-785f-4baf-a85b-db38b87a3448.jpg'><img loading=\"lazy\" decoding=\"async\" width=\"150\" height=\"150\" src=\"https:\/\/www.radiopiu.net\/wordpress\/wp-content\/uploads\/2022\/12\/268d064e-785f-4baf-a85b-db38b87a3448-150x150.jpg\" class=\"attachment-thumbnail size-thumbnail\" alt=\"\" \/><\/a>\n\t\t\t\t<\/dt><\/dl><dl class='gallery-item'>\n\t\t\t\t<dt class='gallery-icon landscape'>\n\t\t\t\t\t<a class=\"rollover rollover-zoom dt-pswp-item\" title=\"80c2e3f5-4d15-4240-a1db-0a176794f3b8\" data-dt-img-description=\"\" data-large_image_width=\"1024\" data-large_image_height=\"768\"href='https:\/\/www.radiopiu.net\/wordpress\/wp-content\/uploads\/2022\/12\/80c2e3f5-4d15-4240-a1db-0a176794f3b8.jpg'><img loading=\"lazy\" decoding=\"async\" width=\"150\" height=\"150\" src=\"https:\/\/www.radiopiu.net\/wordpress\/wp-content\/uploads\/2022\/12\/80c2e3f5-4d15-4240-a1db-0a176794f3b8-150x150.jpg\" class=\"attachment-thumbnail size-thumbnail\" alt=\"\" \/><\/a>\n\t\t\t\t<\/dt><\/dl><br style=\"clear: both\" \/>\n\t\t\t<\/div>\n\n<p>&nbsp;<\/p>\n<p>&nbsp;<\/p>\n<hr \/>\n<p>&nbsp;<\/p>\n<blockquote class=\"wp-embedded-content\" data-secret=\"vZi1Hh6jBw\"><p><a href=\"https:\/\/www.radiopiu.net\/wordpress\/aziendazerodicembre-09\/\">CONTABILITA&#8217; FESTIVA: 1220 NUOVI CASI, 10 RICOVERI, 3 DECESSI<\/a><\/p><\/blockquote>\n<p><iframe loading=\"lazy\" class=\"wp-embedded-content\" sandbox=\"allow-scripts\" security=\"restricted\" style=\"position: absolute; clip: rect(1px, 1px, 1px, 1px);\" title=\"&#8220;CONTABILITA&#8217; FESTIVA: 1220 NUOVI CASI, 10 RICOVERI, 3 DECESSI&#8221; &#8212; Radio Pi\u00f9\" src=\"https:\/\/www.radiopiu.net\/wordpress\/aziendazerodicembre-09\/embed\/#?secret=CYABq9SGOS#?secret=vZi1Hh6jBw\" data-secret=\"vZi1Hh6jBw\" width=\"600\" height=\"338\" frameborder=\"0\" marginwidth=\"0\" marginheight=\"0\" scrolling=\"no\"><\/iframe><\/p>\n<p>&nbsp;<\/p>\n<p><strong>di Tiziano De Col\u00a0<\/strong><\/p>\n\n\t\t\t<style type='text\/css'>\n\t\t\t\t#gallery-2 {\n\t\t\t\t\tmargin: auto;\n\t\t\t\t}\n\t\t\t\t#gallery-2 .gallery-item {\n\t\t\t\t\tfloat: left;\n\t\t\t\t\tmargin-top: 10px;\n\t\t\t\t\ttext-align: center;\n\t\t\t\t\twidth: 33%;\n\t\t\t\t}\n\t\t\t\t#gallery-2 img {\n\t\t\t\t\tborder: 2px solid #cfcfcf;\n\t\t\t\t}\n\t\t\t\t#gallery-2 .gallery-caption {\n\t\t\t\t\tmargin-left: 0;\n\t\t\t\t}\n\t\t\t\t\/* see gallery_shortcode() in wp-includes\/media.php *\/\n\t\t\t<\/style>\n\t\t<div id='gallery-2' class='dt-gallery-container gallery galleryid-310516 gallery-columns-3 gallery-size-thumbnail'><dl class='gallery-item'>\n\t\t\t\t<dt class='gallery-icon landscape'>\n\t\t\t\t\t<a class=\"rollover\" href='https:\/\/www.radiopiu.net\/wordpress\/giornale-radiopiu-10-dicembre-2022-direttore-mirko-mezzacasa\/ebb6570c-b324-4505-b6e2-9e003707b15e\/'><img loading=\"lazy\" decoding=\"async\" width=\"150\" height=\"150\" src=\"https:\/\/www.radiopiu.net\/wordpress\/wp-content\/uploads\/2022\/12\/ebb6570c-b324-4505-b6e2-9e003707b15e-150x150.jpg\" class=\"attachment-thumbnail size-thumbnail\" alt=\"\" \/><\/a>\n\t\t\t\t<\/dt><\/dl><dl class='gallery-item'>\n\t\t\t\t<dt class='gallery-icon landscape'>\n\t\t\t\t\t<a class=\"rollover\" href='https:\/\/www.radiopiu.net\/wordpress\/giornale-radiopiu-10-dicembre-2022-direttore-mirko-mezzacasa\/2d490654-3b52-41ba-b943-40b12b6e57bb\/'><img loading=\"lazy\" decoding=\"async\" width=\"150\" height=\"150\" src=\"https:\/\/www.radiopiu.net\/wordpress\/wp-content\/uploads\/2022\/12\/2d490654-3b52-41ba-b943-40b12b6e57bb-150x150.jpg\" class=\"attachment-thumbnail size-thumbnail\" alt=\"\" \/><\/a>\n\t\t\t\t<\/dt><\/dl><dl class='gallery-item'>\n\t\t\t\t<dt class='gallery-icon landscape'>\n\t\t\t\t\t<a class=\"rollover\" href='https:\/\/www.radiopiu.net\/wordpress\/giornale-radiopiu-10-dicembre-2022-direttore-mirko-mezzacasa\/adf1185f-9f8d-4371-887f-d0a856008784\/'><img loading=\"lazy\" decoding=\"async\" width=\"150\" height=\"150\" src=\"https:\/\/www.radiopiu.net\/wordpress\/wp-content\/uploads\/2022\/12\/adf1185f-9f8d-4371-887f-d0a856008784-150x150.jpg\" class=\"attachment-thumbnail size-thumbnail\" alt=\"\" \/><\/a>\n\t\t\t\t<\/dt><\/dl><br style=\"clear: both\" \/><dl class='gallery-item'>\n\t\t\t\t<dt class='gallery-icon landscape'>\n\t\t\t\t\t<a class=\"rollover\" href='https:\/\/www.radiopiu.net\/wordpress\/giornale-radiopiu-10-dicembre-2022-direttore-mirko-mezzacasa\/59c38b54-eb1b-4a9c-81be-59b34db52966\/'><img loading=\"lazy\" decoding=\"async\" width=\"150\" height=\"150\" src=\"https:\/\/www.radiopiu.net\/wordpress\/wp-content\/uploads\/2022\/12\/59c38b54-eb1b-4a9c-81be-59b34db52966-150x150.jpg\" class=\"attachment-thumbnail size-thumbnail\" alt=\"\" \/><\/a>\n\t\t\t\t<\/dt><\/dl><dl class='gallery-item'>\n\t\t\t\t<dt class='gallery-icon landscape'>\n\t\t\t\t\t<a class=\"rollover\" href='https:\/\/www.radiopiu.net\/wordpress\/giornale-radiopiu-10-dicembre-2022-direttore-mirko-mezzacasa\/3f33d981-d7da-4eed-a93e-7c9b0a9fe3ab\/'><img loading=\"lazy\" decoding=\"async\" width=\"150\" height=\"150\" src=\"https:\/\/www.radiopiu.net\/wordpress\/wp-content\/uploads\/2022\/12\/3f33d981-d7da-4eed-a93e-7c9b0a9fe3ab-150x150.jpg\" class=\"attachment-thumbnail size-thumbnail\" alt=\"\" \/><\/a>\n\t\t\t\t<\/dt><\/dl>\n\t\t\t\t<br style='clear: both' \/>\n\t\t\t<\/div>\n\n<p>&nbsp;<\/p>\n<hr \/>\n<p>&nbsp;<\/p>\n<blockquote>\n<h2>\u201cVerso Casa\u201d: un laboratorio per trasformare in musica le proprie emozioni -IL VIDEO &#8211;<\/h2>\n<\/blockquote>\n<p><strong>BELLUNO\u00a0<\/strong> <em>\u201cMille passi verso casa, foglie gialle cadono nel sole, nel silenzio di una pausa, sei la risposta a tutto&#8230;<\/em>\u201d questo il ritornello della canzone<strong> \u201cVerso Casa\u201d<\/strong>, scritta, musicata e cantata dai partecipanti al <strong>laboratorio musicale di <em>song writing<\/em><\/strong>, organizzato dal Dipartimento delle Dipendenze dell\u2019Ulss Dolomiti e concluso nelle scorse settimane. \u00a0Una <strong>canzone<\/strong> e un <strong>video<\/strong> realizzati dai ragazzi, tra arrangiamenti musicali e un testo intenso, che accende in chi ascolta, la speranza di chi ha ancora dei sogni da realizzare. Il laboratorio ha coinvolto i partecipanti in sei incontri, tenuti dal musicoterapeuta Marco Anzovino, con l\u2019obiettivo di creare un gruppo, che attraverso un percorso artistico, aggregativo e di condivisione potesse imparare a comunicare, a raccontarsi e a esprimere le proprie emozioni attraverso il testo di canzoni, la melodia di una musica e il canto. La musica, infatti, ci accompagna nelle nostre giornate e spesso nei momenti significativi della vita, diventando un linguaggio simbolico per trasmettere i nostri stati d\u2019animo.<\/p>\n<p>IL VIDEO<\/p>\n<p><iframe loading=\"lazy\" title=\"Dipartimento Dipendenze-SerD Ulss 1 Dolomiti\" width=\"1200\" height=\"675\" src=\"https:\/\/www.youtube.com\/embed\/qXnhMTcsGIg?feature=oembed\" frameborder=\"0\" allow=\"accelerometer; autoplay; clipboard-write; encrypted-media; gyroscope; picture-in-picture\" allowfullscreen><\/iframe><\/p>\n<p>&nbsp;<\/p>\n<hr \/>\n<p>&nbsp;<\/p>\n<blockquote>\n<h2>A TEATRO CON MAMMA E PAPA&#8217; 2023<\/h2>\n<\/blockquote>\n<p><strong><a class=\"dt-pswp-item\" href=\"https:\/\/www.radiopiu.net\/wordpress\/wp-content\/uploads\/2022\/12\/4c7bc993-9d1f-4053-86c6-1c2323d5775d.jpg\" data-dt-img-description=\"\" data-large_image_width=\"2048\" data-large_image_height=\"1536\"><img loading=\"lazy\" decoding=\"async\" class=\" wp-image-310672 alignleft\" src=\"https:\/\/www.radiopiu.net\/wordpress\/wp-content\/uploads\/2022\/12\/4c7bc993-9d1f-4053-86c6-1c2323d5775d-300x225.jpg\" alt=\"\" width=\"185\" height=\"139\" srcset=\"https:\/\/www.radiopiu.net\/wordpress\/wp-content\/uploads\/2022\/12\/4c7bc993-9d1f-4053-86c6-1c2323d5775d-300x225.jpg 300w, https:\/\/www.radiopiu.net\/wordpress\/wp-content\/uploads\/2022\/12\/4c7bc993-9d1f-4053-86c6-1c2323d5775d-1024x768.jpg 1024w, https:\/\/www.radiopiu.net\/wordpress\/wp-content\/uploads\/2022\/12\/4c7bc993-9d1f-4053-86c6-1c2323d5775d-768x576.jpg 768w, https:\/\/www.radiopiu.net\/wordpress\/wp-content\/uploads\/2022\/12\/4c7bc993-9d1f-4053-86c6-1c2323d5775d-1536x1152.jpg 1536w, https:\/\/www.radiopiu.net\/wordpress\/wp-content\/uploads\/2022\/12\/4c7bc993-9d1f-4053-86c6-1c2323d5775d.jpg 2048w\" sizes=\"auto, (max-width: 185px) 100vw, 185px\" \/><\/a>BELLUNO\u00a0 <\/strong>Cinque spettacoli per i bambini dai 3 anni in su, dalle bolle di sapone al teatro: torna per la 16esima edizione a Ponte nelle Alpi \u201cA teatro con mamma e pap\u00e0\u201d, la rassegna teatrale dedicata ai pi\u00f9 piccoli organizzata da Belluno Kids, con il supporto del Comune e della Pro Loco di Ponte nelle Alpi.<\/p>\n<p><strong>di DANIELE DAL VIT<\/strong><\/p>\n<audio class=\"wp-audio-shortcode\" id=\"audio-310516-2\" preload=\"none\" style=\"width: 100%;\" controls=\"controls\"><source type=\"audio\/mpeg\" src=\"https:\/\/www.radiopiu.net\/wordpress\/wp-content\/uploads\/2022\/12\/DANIELE-TEATRO.mp3?_=2\" \/><a href=\"https:\/\/www.radiopiu.net\/wordpress\/wp-content\/uploads\/2022\/12\/DANIELE-TEATRO.mp3\">https:\/\/www.radiopiu.net\/wordpress\/wp-content\/uploads\/2022\/12\/DANIELE-TEATRO.mp3<\/a><\/audio>\n<p>&nbsp;<\/p>\n<p>&nbsp;<\/p>\n<hr \/>\n<p>&nbsp;<\/p>\n<blockquote>\n<h3>12MILA EURO PER LE ASSOCIAZIONI DI VOLONTARIATO<\/h3>\n<\/blockquote>\n<p><a class=\"dt-pswp-item\" href=\"https:\/\/www.radiopiu.net\/wordpress\/wp-content\/uploads\/2022\/12\/Municipio_di_Ponte_nelle_Alpi.jpg\" data-dt-img-description=\"\" data-large_image_width=\"1591\" data-large_image_height=\"1193\"><img loading=\"lazy\" decoding=\"async\" class=\" wp-image-310651 alignleft\" src=\"https:\/\/www.radiopiu.net\/wordpress\/wp-content\/uploads\/2022\/12\/Municipio_di_Ponte_nelle_Alpi-300x225.jpg\" alt=\"\" width=\"227\" height=\"170\" srcset=\"https:\/\/www.radiopiu.net\/wordpress\/wp-content\/uploads\/2022\/12\/Municipio_di_Ponte_nelle_Alpi-300x225.jpg 300w, https:\/\/www.radiopiu.net\/wordpress\/wp-content\/uploads\/2022\/12\/Municipio_di_Ponte_nelle_Alpi-1024x768.jpg 1024w, https:\/\/www.radiopiu.net\/wordpress\/wp-content\/uploads\/2022\/12\/Municipio_di_Ponte_nelle_Alpi-768x576.jpg 768w, https:\/\/www.radiopiu.net\/wordpress\/wp-content\/uploads\/2022\/12\/Municipio_di_Ponte_nelle_Alpi-1536x1152.jpg 1536w, https:\/\/www.radiopiu.net\/wordpress\/wp-content\/uploads\/2022\/12\/Municipio_di_Ponte_nelle_Alpi.jpg 1591w\" sizes=\"auto, (max-width: 227px) 100vw, 227px\" \/><\/a><strong>PONTE NELLE ALPI<\/strong> Il Comune eroga 12mila euro di contributi alle associazioni di volontariato che operano in favore della comunit\u00e0.<span class=\"gmail-Apple-converted-space\">\u00a0<\/span>Si va dall\u2019Associazione Bellunesi nel Mondo, a quelle dei Marinai e degli Alpini, dalla Pro Loco all\u2019Eco-Museo, dalla Riserva alpina ai Comitati frazionali. L\u2019assessora Marta Viel ha presentato in giunta la delibera, insieme alla vice sindaca Lucia Da Rold, all\u2019assessore al Bilancio Andrea Pontello e alla consigliere delegata al volontariato Sabrina Dassi\u00e8: <em>\u00abIl Comune di Ponte nelle Alpi &#8211; hanno sottolineato gli amministratori &#8211; ha come principio il sostegno all\u2019associazionismo locale perch\u00e9 il volontariato \u00e8 una delle colonne portanti della comunit\u00e0. Lo \u00e8, in quanto promuove la solidariet\u00e0, la sussidiariet\u00e0 e la reciprocit\u00e0 coinvolgendo, con progetti condivisi e meritevoli, la popolazione e l\u2019intero territorio\u00bb.<span class=\"gmail-Apple-converted-space\">\u00a0<\/span><\/em><\/p>\n<p>&nbsp;<\/p>\n<p>&nbsp;<\/p>\n<hr \/>\n<p>&nbsp;<\/p>\n<blockquote>\n<h3 class=\"entry-title\">\u201cSCAIE DE COR\u201d DI FABIO RUFUS BRISTOT<\/h3>\n<p><em class=\"photoswipe-wrapper\"><a class=\"dt-pswp-item pspw-wrap-ready\" href=\"https:\/\/www.radiopiu.net\/wordpress\/wp-content\/uploads\/2022\/12\/rufus-SCAIE-52-copia.jpg\" data-dt-img-description=\"\" data-large_image_width=\"2500\" data-large_image_height=\"1786\"><img loading=\"lazy\" decoding=\"async\" class=\"size-medium wp-image-310370 alignleft\" src=\"https:\/\/www.radiopiu.net\/wordpress\/wp-content\/uploads\/2022\/12\/rufus-SCAIE-52-copia-300x214.jpg\" sizes=\"auto, (max-width: 300px) 100vw, 300px\" srcset=\"https:\/\/www.radiopiu.net\/wordpress\/wp-content\/uploads\/2022\/12\/rufus-SCAIE-52-copia-300x214.jpg 300w, https:\/\/www.radiopiu.net\/wordpress\/wp-content\/uploads\/2022\/12\/rufus-SCAIE-52-copia-1024x732.jpg 1024w, https:\/\/www.radiopiu.net\/wordpress\/wp-content\/uploads\/2022\/12\/rufus-SCAIE-52-copia-768x549.jpg 768w, https:\/\/www.radiopiu.net\/wordpress\/wp-content\/uploads\/2022\/12\/rufus-SCAIE-52-copia-1536x1097.jpg 1536w, https:\/\/www.radiopiu.net\/wordpress\/wp-content\/uploads\/2022\/12\/rufus-SCAIE-52-copia-2048x1463.jpg 2048w\" alt=\"\" width=\"300\" height=\"214\" \/><\/a>\u201cun\u2019iniziativa magari modesta, ma che nel medio periodo ha avuto diverse sollecitazioni perch\u00e8 fosse finalizzata e diventasse un libretto\u201d.<\/em><\/p><\/blockquote>\n<p><strong>BELLUNO\u00a0<\/strong> Venerd\u00ec 16 dicembre\u00a0 alle 18.30 in Sala Muccin \u2013 Centro Giovanni XXIII (Piazza Piloni \u2013 Belluno), si terr\u00e0 la presentazione del volume \u201cScaie de Cor, pensieri e parole in dialetto belumat\u201d, realizzato da Fabio Rufus Bristot.\u00a0 Dall\u2019 \u201cabstract\u201d\u00a0<em>\u201cScaie de cor\u201d, scaglie, pezzi \u2018del\u2019 cuore e \u2018dal\u2019 cuore, cuore che si spezza, dunque, in tante scaglie, pezzi che si generano, erompono e si dipartono da un\u2019intimit\u00e0 reale o da una, viceversa, apparente e illusoria, dove invece la fantasia \u00e8 diventata padrona assoluta del dire\u201d.\u00a0<\/em><em>\u201cScaie<\/em>\u00a0<em>de cor<\/em>\u201d, scaglie, pezzi \u2018del\u2019 cuore e \u2018dal\u2019 cuore, stati emotivi che possono essere anche assimilati o associati ad altri soggetti o alle dinamiche del nostro vivere sociale e alle sue distorsioni e devianze, all\u2019immoralit\u00e0 di talune circostanze o di determinati contesti.\u00a0 \u00a0Presenter\u00e0 e moderer\u00e0 la serata Dino Bridda, mentre dar\u00e0 lettura di alcuni brani Sandro Neri<\/p>\n<p>&nbsp;<\/p>\n<p>&nbsp;<\/p>\n<hr \/>\n<p>&nbsp;<\/p>\n<blockquote>\n<h3>OGGI L&#8217;INCONTRO CON I NEO DICIOTTENNI A CANALE<\/h3>\n<\/blockquote>\n<p><strong><a class=\"dt-pswp-item\" href=\"https:\/\/www.radiopiu.net\/wordpress\/wp-content\/uploads\/2022\/12\/Senza-nome-33.jpg\" data-dt-img-description=\"\" data-large_image_width=\"474\" data-large_image_height=\"247\"><img loading=\"lazy\" decoding=\"async\" class=\"size-medium wp-image-310112 alignleft\" src=\"https:\/\/www.radiopiu.net\/wordpress\/wp-content\/uploads\/2022\/12\/Senza-nome-33-300x156.jpg\" alt=\"\" width=\"300\" height=\"156\" srcset=\"https:\/\/www.radiopiu.net\/wordpress\/wp-content\/uploads\/2022\/12\/Senza-nome-33-300x156.jpg 300w, https:\/\/www.radiopiu.net\/wordpress\/wp-content\/uploads\/2022\/12\/Senza-nome-33.jpg 474w\" sizes=\"auto, (max-width: 300px) 100vw, 300px\" \/><\/a>CANALE D&#8217;AGORDO<\/strong> I sindaci di Canale D&#8217;Agordo e Vallada incontreranno i giovani che hanno appena compiuto i 18 anni nella sala Lina Zand\u00f2 di Canale d&#8217;Agordo. L&#8217;appuntamento \u00e8 per oggi alle 16:30. Interverr\u00e0 anche il presidio LIBERA dell&#8217;Agordino, l&#8217;associazione contro le mafie presieduta da Don Luigi Ciotti che proporr\u00e0 ai giovani una riflessione <a class=\"dt-pswp-item\" href=\"https:\/\/www.radiopiu.net\/wordpress\/wp-content\/uploads\/2022\/12\/foto-Marilisa.jpg\" data-dt-img-description=\"\" data-large_image_width=\"227\" data-large_image_height=\"280\"><img loading=\"lazy\" decoding=\"async\" class=\" wp-image-310161 alignright\" src=\"https:\/\/www.radiopiu.net\/wordpress\/wp-content\/uploads\/2022\/12\/foto-Marilisa.jpg\" alt=\"\" width=\"98\" height=\"121\" \/><\/a>sull&#8217;uso di un linguaggio rispettoso delle persone, e l&#8217;associazione Donatori del sangue di Canale-Vallada.<\/p>\n<p><strong>L&#8217;ASSESSORE MARILISA LUCHETTA<\/strong><\/p>\n<audio class=\"wp-audio-shortcode\" id=\"audio-310516-3\" preload=\"none\" style=\"width: 100%;\" controls=\"controls\"><source type=\"audio\/mpeg\" src=\"https:\/\/www.radiopiu.net\/wordpress\/wp-content\/uploads\/2022\/12\/MARILISA.mp3?_=3\" \/><a href=\"https:\/\/www.radiopiu.net\/wordpress\/wp-content\/uploads\/2022\/12\/MARILISA.mp3\">https:\/\/www.radiopiu.net\/wordpress\/wp-content\/uploads\/2022\/12\/MARILISA.mp3<\/a><\/audio>\n<p>&nbsp;<\/p>\n<hr \/>\n<p>&nbsp;<\/p>\n<p>&nbsp;<\/p>\n<blockquote>\n<h3><a class=\"dt-pswp-item\" href=\"https:\/\/www.radiopiu.net\/wordpress\/wp-content\/uploads\/2022\/12\/San-Nicolo-a-Listolade-scaled.jpg\" data-dt-img-description=\"Exif_JPEG_420\" data-large_image_width=\"2560\" data-large_image_height=\"1928\"><img loading=\"lazy\" decoding=\"async\" class=\"wp-image-310564 alignleft\" src=\"https:\/\/www.radiopiu.net\/wordpress\/wp-content\/uploads\/2022\/12\/San-Nicolo-a-Listolade-scaled.jpg\" alt=\"\" width=\"257\" height=\"193\" srcset=\"https:\/\/www.radiopiu.net\/wordpress\/wp-content\/uploads\/2022\/12\/San-Nicolo-a-Listolade-scaled.jpg 2560w, https:\/\/www.radiopiu.net\/wordpress\/wp-content\/uploads\/2022\/12\/San-Nicolo-a-Listolade-300x226.jpg 300w, https:\/\/www.radiopiu.net\/wordpress\/wp-content\/uploads\/2022\/12\/San-Nicolo-a-Listolade-1024x771.jpg 1024w, https:\/\/www.radiopiu.net\/wordpress\/wp-content\/uploads\/2022\/12\/San-Nicolo-a-Listolade-768x578.jpg 768w, https:\/\/www.radiopiu.net\/wordpress\/wp-content\/uploads\/2022\/12\/San-Nicolo-a-Listolade-1536x1157.jpg 1536w, https:\/\/www.radiopiu.net\/wordpress\/wp-content\/uploads\/2022\/12\/San-Nicolo-a-Listolade-2048x1542.jpg 2048w\" sizes=\"auto, (max-width: 257px) 100vw, 257px\" \/><\/a>SAN NICOLO&#8217;&#8230; A LISTOLADE DI TAIBON AGORDINO<\/h3>\n<\/blockquote>\n<p><strong>TAIBON<\/strong> Nonostante il pomeriggio alquanto fresco, erano ben 38 i piccoli di Listolade che hanno pazientemente aspettato San Nicol\u00f2. Questi puntualmente, come promesso, \u00e8 arrivato dalla Val Corpassa con il suo carrettino pieno di regalini per i bambini e bambine della frazione. Ad ognuno di loro ha regalato un simpatico portachiavi a forma di zucca e un piccolo panettone. San Nicol\u00f2 ha confidato poi che avendo esaurito i regali aveva dovuto ordinare i portachiavi a Ylenia che a sua volta \u00e8 stata ben contenta di venire incontro alla difficolt\u00e0 di San Nicol\u00f2 di accontentare tutti i piccoli. Grazie Ylenia. Non sono mancate le foto di rito e un buon bicchiere di the caldo o brul\u00e8 con una fetta di panettone per festeggiare il passaggio anche a Listolade di San Nicol\u00f2 ed augurare buone feste ai bimbi, genitori e nonni presenti.<\/p>\n<p>&nbsp;<\/p>\n<p>&nbsp;<\/p>\n<p>&nbsp;<\/p>\n<hr \/>\n<p>&nbsp;<\/p>\n<blockquote>\n<h3>I KRAMPUS A FRASSENE&#8217;<\/h3>\n<\/blockquote>\n<p><strong>VOLTAGO<\/strong> Torna la tradizione dei Krampus a Frassen\u00e8. E&#8217; in programma per stasera alle 19 in piazza della frazione di Voltago una serata con gli &#8220;orchi&#8221; che spaventano i bambini.<\/p>\n<p>&nbsp;<\/p>\n<p>&nbsp;<\/p>\n<hr \/>\n<p>&nbsp;<\/p>\n<blockquote>\n<h3>IL MERCATINO DI NATALE DELL&#8217;ASSOCIAZIONE CUCCHINI<\/h3>\n<\/blockquote>\n<p><strong>BELLUNO <\/strong>Anche quest\u2019anno la Cucchini celebra il Natale con un\u2019attenzione particolare alla solidariet\u00e0. Come da tradizione, vengono proposti i prodotti natalizi, confezionati dai volontari dell\u2019associazione bellunese, che da oltre 30 anni si occupa di dare sostegno alle persone ammalate e ai loro famigliari. Il mercatino di Natale della Cucchini sar\u00e0 allestito nella sala riunioni della sede, di fianco a Casa Tua Due. Sar\u00e0 aperto nel pomeriggio del sabato.<\/p>\n<p>&nbsp;<\/p>\n<p>&nbsp;<\/p>\n<hr \/>\n<p>&nbsp;<\/p>\n<blockquote>\n<h2>L&#8217;ALBERO DEI BUONI AUSPICI<\/h2>\n<p><a class=\"dt-pswp-item\" href=\"https:\/\/www.radiopiu.net\/wordpress\/wp-content\/uploads\/2022\/12\/lalbero-dei-buoni-auspici-2.jpg\" data-dt-img-description=\"\" data-large_image_width=\"1414\" data-large_image_height=\"2000\"><img loading=\"lazy\" decoding=\"async\" class=\"size-medium wp-image-310043 aligncenter\" src=\"https:\/\/www.radiopiu.net\/wordpress\/wp-content\/uploads\/2022\/12\/lalbero-dei-buoni-auspici-2-212x300.jpg\" alt=\"\" width=\"212\" height=\"300\" srcset=\"https:\/\/www.radiopiu.net\/wordpress\/wp-content\/uploads\/2022\/12\/lalbero-dei-buoni-auspici-2-212x300.jpg 212w, https:\/\/www.radiopiu.net\/wordpress\/wp-content\/uploads\/2022\/12\/lalbero-dei-buoni-auspici-2-724x1024.jpg 724w, https:\/\/www.radiopiu.net\/wordpress\/wp-content\/uploads\/2022\/12\/lalbero-dei-buoni-auspici-2-768x1086.jpg 768w, https:\/\/www.radiopiu.net\/wordpress\/wp-content\/uploads\/2022\/12\/lalbero-dei-buoni-auspici-2-1086x1536.jpg 1086w, https:\/\/www.radiopiu.net\/wordpress\/wp-content\/uploads\/2022\/12\/lalbero-dei-buoni-auspici-2.jpg 1414w\" sizes=\"auto, (max-width: 212px) 100vw, 212px\" \/><\/a><strong>CENCENIGHE<\/strong> Domenica 18 dicembre alle 16 accensione dell&#8217;albero di Natale con i bambini dell&#8217;asilo e della scuola primaria. Decoreranno l&#8217;albero che all&#8217;imbrunire si accender\u00e0 di mille luci.<\/p><\/blockquote>\n<p>&nbsp;<\/p>\n<p>&nbsp;<\/p>\n<hr \/>\n<p>&nbsp;<\/p>\n<blockquote>\n<h3>LE STELLE DI NATALE DELL&#8217;AIL AL CENTRO COMMERCIALE CORTE AGORDINA DI AGORDO<\/h3>\n<\/blockquote>\n<p><strong>AGORDO <\/strong>Fino all&#8217;11 Dicembre all\u2019interno della Corte Agordina di Agordo, la vendita delle Stelle di Natale per AIL &#8211; Associazione Italiana, Contro le Leucemie &#8211; Lonfomi e Mielomi.<\/p>\n<p>&nbsp;<\/p>\n<blockquote>\n<h3>IL MERCATINO DELLA FORZA DELLE DONNE<\/h3>\n<\/blockquote>\n<p><strong>AGORDO<\/strong>\u00a0Domenica in chiesa ad Agordo (sacrestia)\u00a0 mercatino di Natale, il\u00a0 ricavato \u00e8 destinato alla sezione bellunese dell\u2019Associazione italiana sindrome fibromialgica.<\/p>\n<p>&nbsp;<\/p>\n<blockquote>\n<h3>I VOLONTARI EMERGENCY NELLE PIAZZE DI BELLUNO E FELTRE<\/h3>\n<\/blockquote>\n<p><strong>BELLUNO<\/strong> Fino a domani EMERGENCY sar\u00e0 con i suoi volontari nelle piazze di Belluno e Feltre dalle 9 alle 17 con il \u201cPanettone fatto per Bene\u201d. Un modo per sostenere le attivit\u00e0 umanitarie dell\u2019organizzazione in Italia e nel mondo, dando il proprio contributo per garantire il diritto a cure gratuite e uguali per tutti.<\/p>\n<p>&nbsp;<\/p>\n<p>&nbsp;<\/p>\n<hr \/>\n<p>&nbsp;<\/p>\n<blockquote>\n<h3>L&#8217;INCONTRO PER COSTITUIRE IL GRUPPO AUSER DI CENCENIGHE<\/h3>\n<\/blockquote>\n<p><strong>CENCENIGHE<\/strong> Si terr\u00e0 venerd\u00ec 16 dicembre alle 17:30 nella sala consigliare del Comune di Cencenighe la riunione per la costituzione del nuovo gruppo Auser di Cencenighe. Saranno presenti il presidente Auser di Canale D&#8217;Agordo, il sindaco di Cencenighe Mauro Soppelsa e gli assistenti di ASCA Servizi Sociali Agordino. La popolazione \u00e8 invitata a partecipare<\/p>\n<p>&nbsp;<\/p>\n<p>&nbsp;<\/p>\n<hr \/>\n<p>&nbsp;<\/p>\n<blockquote>\n<h3>MERCATINO DI NATALE CON IL GRUPPO MISSIONARIO PARROCCHIALE<\/h3>\n<\/blockquote>\n<p><strong>TRICHIANA<\/strong> Il Gruppo Missionario della Parrocchia Trichiana organizza presso il locale oratorio il mercatino di Natale. Sar\u00e0 aperto dal 10 al 14 dicembre con orario 9-12 \/ 14 &#8211; 18,30<\/p>\n<p>&nbsp;<\/p>\n<p>&nbsp;<\/p>\n<hr \/>\n<p>&nbsp;<\/p>\n<blockquote>\n<h3><b>NATALE CON INSIEME SI PUO&#8217;, DUE GIORNI DI EVENTI<\/b><\/h3>\n<\/blockquote>\n<p><strong>PONTE NELLE ALPI\u00a0<\/strong> Oggi e domani \u00a0presso la sede di Insieme si pu\u00f2 in Piazzetta Bivio 4 a Ponte nelle Alpi mercatino equo-solidale aperto a tutti, con oggetti di artigianato da tutto il mondo,\u00a0 non mancher\u00e0 la proposta dei 10 Regali Senza Frontiere, i regali solidali a sostegno di 10 progetti di Insieme si pu\u00f2 nel mondo con i\u00a0 disegni delle Formiche di Fabio Vettori. Oggi alle 17 inaugurazione del grande Presepe della Solidariet\u00e0, un\u00a0 lavoro di Giorgio Roncada.<\/p>\n<p>&nbsp;<\/p>\n<hr \/>\n<p>&nbsp;<\/p>\n<blockquote>\n<h3>EUGENIO BIEN SI RACCONTA ALLA POPOLAZIONE<\/h3>\n<\/blockquote>\n<p><strong>AGORDO\u00a0<\/strong>Si intitola &#8220;Il fascino della montagna innevata&#8221; l&#8217;appuntamento in programma oggi in sala Don Tamis ad Agordo. Ospite Eugenio Bien che si racconter\u00e0 al pubblico. L&#8217;evento \u00e8 organizzato dalla Biblioteca di Agordo e il Circolo Culturale Agordino. Inizio alle 17 con ingresso libero.<\/p>\n<p>&nbsp;<\/p>\n<hr \/>\n<p>&nbsp;<\/p>\n<blockquote>\n<h3>SPAZIO ALLA PACE<\/h3>\n<\/blockquote>\n<p><strong>BELLUNO\u00a0<\/strong> Oggi a Belluno, Casa dei Beni Comuni alle 12.30 e a Palazzo Bembo alla 18, incontro con Pasquale Pugliese. Alla casa il pranzo-incontro, a Palazzo Bembo la conferenza su Guerra in Ucraina e conflitti internazionali: principi e saperi della non violenza<\/p>\n<p>&nbsp;<\/p>\n<p>&nbsp;<\/p>\n<hr \/>\n<p>&nbsp;<\/p>\n<blockquote>\n<h3>CONCERTO DEL CORO MINIMO PER I 60 ANNI<\/h3>\n<\/blockquote>\n<p><b>BELLUNO\u00a0 <\/b>Domenica 18 dicembre alle 17.30 al Teatro Comunale concerto del Coro Minimo Bellunese &#8211; con ingresso libero &#8211; in occasione dei 60 anni della fondazione, sar\u00e0 presentata l&#8217;ottava incisione.<\/p>\n<p>&nbsp;<\/p>\n<hr \/>\n<p>&nbsp;<\/p>\n<blockquote>\n<h3>LA RANA DEL LAGO DI VEDANA<\/h3>\n<\/blockquote>\n<p><strong>SOSPIROLO<\/strong> Oggi alle 10.30 al Centro civico di Sospirolo si terr\u00e0 la presentazione del libro per bambini \u201cLa favolosa storia della rana del lago di Vedana\u201d (Dbs edizioni): una favola scritta da Eugenia Caldart e illustrata da GianAntonio Cecchin. L\u2019appuntamento \u00e8 proposto dal Comune di Sospirolo, che patrocina l&#8217;iniziativa, con la collaborazione della Pro loco \u201cMonti del Sole\u201d.<\/p>\n<p>&nbsp;<\/p>\n<p>&nbsp;<\/p>\n<hr \/>\n<p>&nbsp;<\/p>\n<blockquote>\n<blockquote>\n<h3><\/h3>\n<h3>ASPETTANDO IL NATALE CON GLI ALPINI A FELTRE<\/h3>\n<\/blockquote>\n<p><a class=\"dt-pswp-item\" href=\"https:\/\/www.radiopiu.net\/wordpress\/wp-content\/uploads\/2022\/12\/Senza-nome-43.jpg\" data-dt-img-description=\"\" data-large_image_width=\"155\" data-large_image_height=\"106\"><img loading=\"lazy\" decoding=\"async\" class=\"size-full wp-image-310574 alignleft\" src=\"https:\/\/www.radiopiu.net\/wordpress\/wp-content\/uploads\/2022\/12\/Senza-nome-43.jpg\" alt=\"\" width=\"155\" height=\"106\" \/><\/a><strong>FELTRE<\/strong> Sabato 17 dicembre alle 20.30 nell\u2019Auditorium delle canossiane a Feltre consegna dei premi \u201cLa penna alpina per la montagna\u201d e \u201cGenerale Giangi Bonzo\u201d, giunti alla loro 12^ edizione, che porteranno sul palco le personalit\u00e0 che maggiormente avranno saputo interpretare i valori della montagna e promuovere l\u2019immagine della provincia di Belluno, assieme ad un rappresentante delle Forze Armate, il cui valore \u00e8 stato valutato meritevole di essere segnalato. Seguir\u00e0 la donazione da parte della Sezione di una somma all\u2019Ulss 1 Dolomiti, quale contributo per borse di studio rivolte a studenti delle facolt\u00e0 di ambito sanitario presenti sul territorio locale. Sar\u00e0 presente il\u00a0 coro \u201cLa Spineta\u201d e saranno messi in vendita i panettoni e pandori per la \u00a0raccolta di fondi destinati ai campi<br \/>\nestivi per i giovani<\/p>\n<p>&nbsp;<\/p>\n<p>&nbsp;<\/p>\n<hr \/>\n<p>&nbsp;<\/p>\n<h3><a class=\"dt-pswp-item\" href=\"https:\/\/www.radiopiu.net\/wordpress\/wp-content\/uploads\/2022\/12\/Cantagiro.jpg\" data-dt-img-description=\"\" data-large_image_width=\"1280\" data-large_image_height=\"1024\"><img loading=\"lazy\" decoding=\"async\" class=\" wp-image-310654 alignleft\" src=\"https:\/\/www.radiopiu.net\/wordpress\/wp-content\/uploads\/2022\/12\/Cantagiro-300x240.jpg\" alt=\"\" width=\"178\" height=\"142\" srcset=\"https:\/\/www.radiopiu.net\/wordpress\/wp-content\/uploads\/2022\/12\/Cantagiro-300x240.jpg 300w, https:\/\/www.radiopiu.net\/wordpress\/wp-content\/uploads\/2022\/12\/Cantagiro-1024x819.jpg 1024w, https:\/\/www.radiopiu.net\/wordpress\/wp-content\/uploads\/2022\/12\/Cantagiro-768x614.jpg 768w, https:\/\/www.radiopiu.net\/wordpress\/wp-content\/uploads\/2022\/12\/Cantagiro.jpg 1280w\" sizes=\"auto, (max-width: 178px) 100vw, 178px\" \/><\/a>DOMANI IL CANTAGIRO A FELTRE<\/h3>\n<\/blockquote>\n<p><strong>FELTRE<\/strong>\u00a0 il \u201cCantagiro per la Citt\u00e0\u201d approda a Feltre. \u00c8 inserito dal circuito teatrale regionale Arteven all&#8217;interno del progetto di \u201cNatale con un sorriso 2022\u201d. Ad animarlo, le \u201cCikale Comic Vocal Trio\u201d, Anna Marcato, Beatrice Niero e Isabella Girardini, con la consulenza drammaturgica di Domenico Ferrari. Partenza alle 15.30 da <strong>Piazza Maggiore<\/strong>, per toccare in successione <strong>Piazza Trento<\/strong> <strong>Trieste<\/strong>, <strong>Largo Castaldi<\/strong> e il <strong>Duomo<\/strong>. Il tutto, animando le singole tappe a tempo di musica.<\/p>\n<blockquote><p>&nbsp;<\/p><\/blockquote>\n<hr \/>\n<blockquote><p>&nbsp;<\/p>\n<h3>LA RIFORMA DELLA SPORT, IL CONVEGNO<\/h3>\n<\/blockquote>\n<p><i>Sabato 17 dicembre alle\u00a0 10, a cura del Comitato Provinciale C.S.E.N. di Belluno, presso la sala riunioni di Sport e Salute in Via Cipro, 30 Belluno, si terr\u00e0 un seminario dal titolo \u201cLa Riforma dello Sport\u201d. L\u2019iniziativa, a titolo gratuito, rivolta alle associazioni e societ\u00e0 sportive dilettantistiche affiliate e non a CSEN. Relatore Dott. Giuliano Zocca Presidente del Comitato C.S.E.N. di Belluno.\u00a0 Informazioni tel. o whatsapp 389\/5079423.<\/i><\/p>\n<blockquote><p>&nbsp;<\/p>\n<p>&nbsp;<\/p><\/blockquote>\n<hr \/>\n<blockquote>\n<hr \/>\n<p>&nbsp;<\/p>\n<blockquote>\n<h3><strong>L&#8217;ASSEMBLEA DEL GRUPPO ALPINI DI FRASSENE&#8217;<\/strong><\/h3>\n<h3><strong>E&#8217; in programma per domani, ritrovo 9.30, seguir\u00e0 la messa e l&#8217;assemblea nella sede con la relazione del capogruppo e del segretario. Apertura tesseramento 2023. Alle 13 il pranzo al ristorante Stella Alpina. Info 348 2602896<\/strong><\/h3>\n<\/blockquote>\n<p>&nbsp;<\/p>\n<p>&nbsp;<\/p><\/blockquote>\n<p>&nbsp;<\/p>\n<hr \/>\n<p>&nbsp;<\/p>\n<blockquote>\n<h3>LA STORIA DI LIMANA<\/h3>\n<\/blockquote>\n<p><strong>LIMANA<\/strong> Terzo appuntamento con la storia di Limana. Lo storico Marco Perale presenter\u00e0 il suo libro gioved\u00ec alle 20 al centro culturale Al Vejo di Valmorel.<\/p>\n<p>&nbsp;<\/p>\n<p>&nbsp;<\/p>\n<hr \/>\n<p>&nbsp;<\/p>\n<blockquote>\n<h3>&#8220;CAMPAGNA RECLUTAMENTO VOLONTARI&#8221;\u00a0, PARLANO LE ASSOCIAZIONI<\/h3>\n<\/blockquote>\n<h3><span style=\"color: #ff0000;\">Il nuovo programma radiofonico sul volontariato bellunese<\/span><\/h3>\n<p>il <strong>Comitato d\u2019Intesa<\/strong>\u00a0si lancia in un nuovo progetto.\u00a0<strong>\u201cUna Finestra sul Volontariato\u201d<\/strong> \u00e8 il programma radiofonico\u00a0 che ha l\u2019obiettivo di raccontare il mondo del volontariato nella provincia di Belluno, con le sue sfaccettature e la sua ricchezza. L\u2019iniziativa \u00e8 rivolta alla cittadinanza interessata a conoscere qualcosa di pi\u00f9 sul Terzo Settore, e alle associazioni che vogliono restare aggiornate e scoprire nuove opportunit\u00e0. Potete ascoltarci ogni <strong>secondo venerd\u00ec del mese<\/strong>\u00a0alle\u00a0<strong>ore 10.30<\/strong>\u00a0e alle\u00a0<strong>ore 19.00<\/strong> sulle frequenze di Radio Pi\u00f9.<\/p>\n<p>&nbsp;<\/p>\n<p><span style=\"color: #ff0000;\"><strong>NELLA PROSSIMA PUNTATA, VENERDI 9 NOVEMBRE, CON ELISA ROLDO, RENZO ANDRICH E SISTO DA ROIT\u00a0 \u00a0<\/strong><\/span><\/p>\n<p><strong>ROBERTO, MAURIZIO, ELISA E LUCIA. FILO&#8217; SANTA CROCE DEL LAGO<\/strong><\/p>\n<audio class=\"wp-audio-shortcode\" id=\"audio-310516-4\" preload=\"none\" style=\"width: 100%;\" controls=\"controls\"><source type=\"audio\/mpeg\" src=\"https:\/\/www.radiopiu.net\/wordpress\/wp-content\/uploads\/2022\/12\/SANTA-CROCE.mp3?_=4\" \/><a href=\"https:\/\/www.radiopiu.net\/wordpress\/wp-content\/uploads\/2022\/12\/SANTA-CROCE.mp3\">https:\/\/www.radiopiu.net\/wordpress\/wp-content\/uploads\/2022\/12\/SANTA-CROCE.mp3<\/a><\/audio>\n<p>&nbsp;<\/p>\n<p>&nbsp;<\/p>\n<p><span style=\"color: #ff0000;\"><strong>LA RACCOLTA COMPLETA<\/strong><\/span><\/p>\n<p>&nbsp;<\/p>\n<blockquote class=\"wp-embedded-content\" data-secret=\"XCdOpT2MKM\"><p><a href=\"https:\/\/www.radiopiu.net\/wordpress\/puntata04\/\">&#8220;CAMPAGNA RECLUTAMENTO VOLONTARI&#8221;\u00a0, PARLANO LE ASSOCIAZIONI<\/a><\/p><\/blockquote>\n<p><iframe loading=\"lazy\" class=\"wp-embedded-content\" sandbox=\"allow-scripts\" security=\"restricted\" style=\"position: absolute; clip: rect(1px, 1px, 1px, 1px);\" title=\"&#8220;&#8220;CAMPAGNA RECLUTAMENTO VOLONTARI&#8221;\u00a0, PARLANO LE ASSOCIAZIONI&#8221; &#8212; Radio Pi\u00f9\" src=\"https:\/\/www.radiopiu.net\/wordpress\/puntata04\/embed\/#?secret=rdGtJQO6Qo#?secret=XCdOpT2MKM\" data-secret=\"XCdOpT2MKM\" width=\"600\" height=\"338\" frameborder=\"0\" marginwidth=\"0\" marginheight=\"0\" scrolling=\"no\"><\/iframe><\/p>\n<p>&nbsp;<\/p>\n<hr \/>\n<p>&nbsp;<\/p>\n<h2><span style=\"color: #008080;\">&#8220;DINTORN E FORA VIA&#8221;\u00a0<\/span><span style=\"color: #008080;\"> IL PROGRAMMA\u00a0 <\/span><span style=\"color: #008080;\">A CURA DEL MUSLA\u00a0\u00a0<\/span><\/h2>\n<p>&nbsp;<\/p>\n<p>&nbsp;<\/p>\n<p style=\"text-align: left;\"><strong><a class=\"dt-pswp-item\" href=\"https:\/\/www.radiopiu.net\/wordpress\/wp-content\/uploads\/2022\/12\/4976854b-2ebb-422c-b381-973c2456ee0e.jpg\" data-dt-img-description=\"\" data-large_image_width=\"454\" data-large_image_height=\"111\"><img loading=\"lazy\" decoding=\"async\" class=\"wp-image-310547 alignleft\" src=\"https:\/\/www.radiopiu.net\/wordpress\/wp-content\/uploads\/2022\/12\/4976854b-2ebb-422c-b381-973c2456ee0e-300x73.jpg\" alt=\"\" width=\"214\" height=\"52\" srcset=\"https:\/\/www.radiopiu.net\/wordpress\/wp-content\/uploads\/2022\/12\/4976854b-2ebb-422c-b381-973c2456ee0e-300x73.jpg 300w, https:\/\/www.radiopiu.net\/wordpress\/wp-content\/uploads\/2022\/12\/4976854b-2ebb-422c-b381-973c2456ee0e.jpg 454w\" sizes=\"auto, (max-width: 214px) 100vw, 214px\" \/><\/a>PUNTATA DEL 09 DICEMBRE DAVIDE CONEDERA<\/strong><\/p>\n<audio class=\"wp-audio-shortcode\" id=\"audio-310516-5\" preload=\"none\" style=\"width: 100%;\" controls=\"controls\"><source type=\"audio\/mpeg\" src=\"https:\/\/www.radiopiu.net\/wordpress\/wp-content\/uploads\/2022\/12\/MUSLA-3.mp3?_=5\" \/><a href=\"https:\/\/www.radiopiu.net\/wordpress\/wp-content\/uploads\/2022\/12\/MUSLA-3.mp3\">https:\/\/www.radiopiu.net\/wordpress\/wp-content\/uploads\/2022\/12\/MUSLA-3.mp3<\/a><\/audio>\n<p>&nbsp;<\/p>\n<p>&nbsp;<\/p>\n<hr \/>\n<p>&nbsp;<\/p>\n<h2><span style=\"color: #ff6600;\"><strong>IERI ALLA RADIO<\/strong><\/span><\/h2>\n<h2><span style=\"color: #339966;\"><a class=\"dt-pswp-item\" href=\"https:\/\/www.radiopiu.net\/wordpress\/wp-content\/uploads\/2022\/12\/1f4f3835-9d62-4ccc-9a5b-cb4b9c6d489b.jpg\" data-dt-img-description=\"\" data-large_image_width=\"2048\" data-large_image_height=\"1490\"><img loading=\"lazy\" decoding=\"async\" class=\"wp-image-310426 alignleft\" src=\"https:\/\/www.radiopiu.net\/wordpress\/wp-content\/uploads\/2022\/12\/1f4f3835-9d62-4ccc-9a5b-cb4b9c6d489b-300x218.jpg\" alt=\"\" width=\"211\" height=\"153\" srcset=\"https:\/\/www.radiopiu.net\/wordpress\/wp-content\/uploads\/2022\/12\/1f4f3835-9d62-4ccc-9a5b-cb4b9c6d489b-300x218.jpg 300w, https:\/\/www.radiopiu.net\/wordpress\/wp-content\/uploads\/2022\/12\/1f4f3835-9d62-4ccc-9a5b-cb4b9c6d489b-1024x745.jpg 1024w, https:\/\/www.radiopiu.net\/wordpress\/wp-content\/uploads\/2022\/12\/1f4f3835-9d62-4ccc-9a5b-cb4b9c6d489b-768x559.jpg 768w, https:\/\/www.radiopiu.net\/wordpress\/wp-content\/uploads\/2022\/12\/1f4f3835-9d62-4ccc-9a5b-cb4b9c6d489b-1536x1118.jpg 1536w, https:\/\/www.radiopiu.net\/wordpress\/wp-content\/uploads\/2022\/12\/1f4f3835-9d62-4ccc-9a5b-cb4b9c6d489b.jpg 2048w\" sizes=\"auto, (max-width: 211px) 100vw, 211px\" \/><\/a><\/span><\/h2>\n<h2><\/h2>\n<h2><span style=\"color: #339966;\">PUNTATA DEL 09 DICEMBRE 2022<\/span><\/h2>\n<p>Ospiti Renzo Andrich, Elisa Da Rolf, Sisto Da Roit. Diventa volontario anche tu<\/p>\n<audio class=\"wp-audio-shortcode\" id=\"audio-310516-6\" preload=\"none\" style=\"width: 100%;\" controls=\"controls\"><source type=\"audio\/mpeg\" src=\"https:\/\/www.radiopiu.net\/wordpress\/wp-content\/uploads\/2022\/12\/UNA-FINESTRA-SUL-VOLONTARIATO-DICEMBRE.mp3?_=6\" \/><a href=\"https:\/\/www.radiopiu.net\/wordpress\/wp-content\/uploads\/2022\/12\/UNA-FINESTRA-SUL-VOLONTARIATO-DICEMBRE.mp3\">https:\/\/www.radiopiu.net\/wordpress\/wp-content\/uploads\/2022\/12\/UNA-FINESTRA-SUL-VOLONTARIATO-DICEMBRE.mp3<\/a><\/audio>\n<p>&nbsp;<\/p>\n<p>LA RACCOLTA COMPLETA<\/p>\n<blockquote class=\"wp-embedded-content\" data-secret=\"NBQYn6hFkT\"><p><a href=\"https:\/\/www.radiopiu.net\/wordpress\/una-finestra-sul-volontariato-del-comitato-dintesa\/\">UNA FINESTRA SUL VOLONTARIATO DEL COMITATO D&#8217;INTESA<\/a><\/p><\/blockquote>\n<p><iframe loading=\"lazy\" class=\"wp-embedded-content\" sandbox=\"allow-scripts\" security=\"restricted\" style=\"position: absolute; clip: rect(1px, 1px, 1px, 1px);\" title=\"&#8220;UNA FINESTRA SUL VOLONTARIATO DEL COMITATO D&#8217;INTESA&#8221; &#8212; Radio Pi\u00f9\" src=\"https:\/\/www.radiopiu.net\/wordpress\/una-finestra-sul-volontariato-del-comitato-dintesa\/embed\/#?secret=U8WrDJbrFX#?secret=NBQYn6hFkT\" data-secret=\"NBQYn6hFkT\" width=\"600\" height=\"338\" frameborder=\"0\" marginwidth=\"0\" marginheight=\"0\" scrolling=\"no\"><\/iframe><\/p>\n<p>&nbsp;<\/p>\n<hr \/>\n<p>&nbsp;<\/p>\n<div>\n<div class=\"b654a4as d2edcug0\">\n<div class=\"rq0escxv hkbzh7o3 jwdofwj8 n8tt0mok r8blr3vg hyh9befq\">\n<p><a class=\"dt-pswp-item\" href=\"https:\/\/www.radiopiu.net\/wordpress\/wp-content\/uploads\/2020\/10\/pp.jpg\" data-dt-img-description=\"\" data-large_image_width=\"640\" data-large_image_height=\"640\"><img loading=\"lazy\" decoding=\"async\" class=\"wp-image-163678 alignleft\" src=\"https:\/\/www.radiopiu.net\/wordpress\/wp-content\/uploads\/2020\/10\/pp-300x300.jpg\" alt=\"\" width=\"106\" height=\"106\" srcset=\"https:\/\/www.radiopiu.net\/wordpress\/wp-content\/uploads\/2020\/10\/pp-300x300.jpg 300w, https:\/\/www.radiopiu.net\/wordpress\/wp-content\/uploads\/2020\/10\/pp-150x150.jpg 150w, https:\/\/www.radiopiu.net\/wordpress\/wp-content\/uploads\/2020\/10\/pp-125x125.jpg 125w, https:\/\/www.radiopiu.net\/wordpress\/wp-content\/uploads\/2020\/10\/pp-200x200.jpg 200w, https:\/\/www.radiopiu.net\/wordpress\/wp-content\/uploads\/2020\/10\/pp-80x80.jpg 80w, https:\/\/www.radiopiu.net\/wordpress\/wp-content\/uploads\/2020\/10\/pp-480x480.jpg 480w, https:\/\/www.radiopiu.net\/wordpress\/wp-content\/uploads\/2020\/10\/pp.jpg 640w\" sizes=\"auto, (max-width: 106px) 100vw, 106px\" \/><\/a><\/p>\n<\/div>\n<\/div>\n<\/div>\n<div>\n<div class=\"page-title-head hgroup\">\n<div class=\"page-title-head hgroup\">\n<div class=\"b654a4as d2edcug0\">\n<div class=\"j83agx80 btwxx1t3 lhclo0ds hop8lmos nkwizq5d scwd0bx6 roh60bw9\">\n<div class=\"rq0escxv hkbzh7o3 jwdofwj8 n8tt0mok r8blr3vg hyh9befq\">\n<div class=\"do00u71z l9j0dhe7 k4urcfbm\">\n<h2><span style=\"color: #000080;\">DON CESARE, IL PENSIERO DEL GIORNO. ALLA RADIO ALLE 7 DEL MATTINO E ALLE 19.30 DELLA SERA\u00a0<\/span><\/h2>\n<audio class=\"wp-audio-shortcode\" id=\"audio-310516-7\" preload=\"none\" style=\"width: 100%;\" controls=\"controls\"><source type=\"audio\/mpeg\" src=\"https:\/\/www.radiopiu.net\/wordpress\/wp-content\/uploads\/2022\/12\/CESARE-7.mp3?_=7\" \/><a href=\"https:\/\/www.radiopiu.net\/wordpress\/wp-content\/uploads\/2022\/12\/CESARE-7.mp3\">https:\/\/www.radiopiu.net\/wordpress\/wp-content\/uploads\/2022\/12\/CESARE-7.mp3<\/a><\/audio>\n<p>&nbsp;<\/p>\n<hr \/>\n<p>&nbsp;<\/p>\n<h2><span style=\"color: #ff00ff;\">IN VIVO VERSO<\/span><\/h2>\n<blockquote>\n<h3>TEMP CHE COR di JOHN FRANCIS DELLA PIETRA<\/h3>\n<\/blockquote>\n<p><strong>AUDIO<\/strong><\/p>\n<audio class=\"wp-audio-shortcode\" id=\"audio-310516-8\" preload=\"none\" style=\"width: 100%;\" controls=\"controls\"><source type=\"audio\/mpeg\" src=\"https:\/\/www.radiopiu.net\/wordpress\/wp-content\/uploads\/2022\/12\/JOHN-FRANCIS-DELLA-PIETRA_TEMPO-CHE-COR.mp3?_=8\" \/><a href=\"https:\/\/www.radiopiu.net\/wordpress\/wp-content\/uploads\/2022\/12\/JOHN-FRANCIS-DELLA-PIETRA_TEMPO-CHE-COR.mp3\">https:\/\/www.radiopiu.net\/wordpress\/wp-content\/uploads\/2022\/12\/JOHN-FRANCIS-DELLA-PIETRA_TEMPO-CHE-COR.mp3<\/a><\/audio>\n<p>&nbsp;<\/p>\n<p><strong><a class=\"dt-pswp-item\" href=\"https:\/\/www.radiopiu.net\/wordpress\/wp-content\/uploads\/2022\/12\/jonh-per-in-vivo-verso.jpg\" data-dt-img-description=\"\" data-large_image_width=\"768\" data-large_image_height=\"1024\"><img loading=\"lazy\" decoding=\"async\" class=\" wp-image-310348 alignleft\" src=\"https:\/\/www.radiopiu.net\/wordpress\/wp-content\/uploads\/2022\/12\/jonh-per-in-vivo-verso-225x300.jpg\" alt=\"\" width=\"135\" height=\"180\" srcset=\"https:\/\/www.radiopiu.net\/wordpress\/wp-content\/uploads\/2022\/12\/jonh-per-in-vivo-verso-225x300.jpg 225w, https:\/\/www.radiopiu.net\/wordpress\/wp-content\/uploads\/2022\/12\/jonh-per-in-vivo-verso.jpg 768w\" sizes=\"auto, (max-width: 135px) 100vw, 135px\" \/><\/a>John Francis Della Pietra<\/strong><\/p>\n<p><strong>TEMP CHE COR&#8230;<\/strong>.<\/p>\n<p>Prim de dicembre<br \/>\nEl domilavintidoi encora nol s&#8217;arende<br \/>\nGhe resta bogn trenta d\u00ec<br \/>\nDap\u00f2 El sar\u00e0 fen\u00ec<br \/>\nLe mese l&#8217;\u00e8 ora de tir\u00e1 a una<br \/>\nNo emporta se s&#8217;ha fat miseria o fortuna<br \/>\nPrest sar\u00e0<br \/>\nTemp de empiant\u00e0 l\u00e0<br \/>\nManca poch p\u00ec de quater sfrazade<br \/>\nPrima che tute le dornade<br \/>\nD\u00f9 par la brega le sie andade<br \/>\nPolito l&#8217;\u00e9 da s\u00e9 pareci\u00e0<br \/>\nPar sto Nadal che vienar\u00e0<br \/>\nSar\u00e0 p\u00ec pochi lusor<br \/>\nE manco regai e busnor<br \/>\nMa basta podei se vard\u00e0 &#8216; nte i oci<br \/>\nEn fameja e con calche soci<br \/>\nAss\u00e0 core fora i pensieri da la testa<br \/>\nE come na botha dintorn an bel foch fa bona festa<br \/>\nForza alora se no noi finir\u00e8 mai<br \/>\nDel domilavintidoi i dafai&#8230;<\/p>\n<p><strong>LA RACCOLTA COMPLETA<\/strong><\/p>\n<blockquote class=\"wp-embedded-content\" data-secret=\"4wtLElOlsk\"><p><a href=\"https:\/\/www.radiopiu.net\/wordpress\/in-vivo-verso\/\">In Vivo Verso<\/a><\/p><\/blockquote>\n<p><iframe loading=\"lazy\" class=\"wp-embedded-content\" sandbox=\"allow-scripts\" security=\"restricted\" style=\"position: absolute; clip: rect(1px, 1px, 1px, 1px);\" title=\"&#8220;In Vivo Verso&#8221; &#8212; Radio Pi\u00f9\" src=\"https:\/\/www.radiopiu.net\/wordpress\/in-vivo-verso\/embed\/#?secret=j1QMXVo0Sk#?secret=4wtLElOlsk\" data-secret=\"4wtLElOlsk\" width=\"600\" height=\"338\" frameborder=\"0\" marginwidth=\"0\" marginheight=\"0\" scrolling=\"no\"><\/iframe><\/p>\n<p>&nbsp;<\/p>\n<hr \/>\n<p>&nbsp;<\/p>\n<h2><span style=\"color: #993300;\">SCUOLA APERTA AL FOLLADOR &#8211; DE ROSSI<\/span><\/h2>\n<blockquote class=\"wp-embedded-content\" data-secret=\"AS0wrT5CaA\"><p><a href=\"https:\/\/www.radiopiu.net\/wordpress\/scuola-aperta-una-settimana-alla-radio-lofferta-formativa-del-follador-de-rossi\/\">SCUOLA APERTA UNA SETTIMANA ALLA RADIO&#8230;L&#8217;OFFERTA FORMATIVA DEL FOLLADOR-DE ROSSI<\/a><\/p><\/blockquote>\n<p><iframe loading=\"lazy\" class=\"wp-embedded-content\" sandbox=\"allow-scripts\" security=\"restricted\" style=\"position: absolute; clip: rect(1px, 1px, 1px, 1px);\" title=\"&#8220;SCUOLA APERTA UNA SETTIMANA ALLA RADIO&#8230;L&#8217;OFFERTA FORMATIVA DEL FOLLADOR-DE ROSSI&#8221; &#8212; Radio Pi\u00f9\" src=\"https:\/\/www.radiopiu.net\/wordpress\/scuola-aperta-una-settimana-alla-radio-lofferta-formativa-del-follador-de-rossi\/embed\/#?secret=lDplKPgQ7k#?secret=AS0wrT5CaA\" data-secret=\"AS0wrT5CaA\" width=\"600\" height=\"338\" frameborder=\"0\" marginwidth=\"0\" marginheight=\"0\" scrolling=\"no\"><\/iframe><\/p>\n<p>&nbsp;<\/p>\n<hr \/>\n<p>&nbsp;<\/p>\n<h2><span style=\"color: #339966;\">COLLAGE OPERAZIONE NOSTALGIA<\/span><\/h2>\n<p><strong><a class=\"dt-pswp-item\" href=\"https:\/\/www.radiopiu.net\/wordpress\/wp-content\/uploads\/2022\/12\/The-Kingston-Trio.jpg\" data-dt-img-description=\"\" data-large_image_width=\"360\" data-large_image_height=\"360\"><img loading=\"lazy\" decoding=\"async\" class=\" wp-image-309781 alignleft\" src=\"https:\/\/www.radiopiu.net\/wordpress\/wp-content\/uploads\/2022\/12\/The-Kingston-Trio-300x300.jpg\" alt=\"\" width=\"131\" height=\"131\" srcset=\"https:\/\/www.radiopiu.net\/wordpress\/wp-content\/uploads\/2022\/12\/The-Kingston-Trio-300x300.jpg 300w, https:\/\/www.radiopiu.net\/wordpress\/wp-content\/uploads\/2022\/12\/The-Kingston-Trio-150x150.jpg 150w, https:\/\/www.radiopiu.net\/wordpress\/wp-content\/uploads\/2022\/12\/The-Kingston-Trio.jpg 360w\" sizes=\"auto, (max-width: 131px) 100vw, 131px\" \/><\/a>di Loris Scussel<\/strong><\/p>\n<p>Anche questa settimana Collage proporr\u00e0 un menu di musica varia iniziando dalle canzoni italiane degli anni 60 come \u201cBandiera gialla\u201d e \u201cMonja\u201d, marted\u00ec ci sposteremo oltre Oceano con il Kingston Trio, Willie Nelson etc., mercoled\u00ec spazio al rock prog italiano degli anni 70 con la PFM, Jenny Sorrenti e cos\u00ec via, gioved\u00ec musica anglo americana da Rod Steward ai Fleetwood Mac, la scaletta di venerd\u00ec infine \u00e8 dedicata ad alcuni successi firmati da Corrado Castellari. Collage va in onda dal luned\u00ec al venerd\u00ec alle 16,00 e alle 23,00 naturalmente su Radio Pi\u00f9.<\/p>\n<p><strong>LA PUNTATA DEL LUNEDI, 676<\/strong><\/p>\n<audio class=\"wp-audio-shortcode\" id=\"audio-310516-9\" preload=\"none\" style=\"width: 100%;\" controls=\"controls\"><source type=\"audio\/mpeg\" src=\"https:\/\/www.radiopiu.net\/wordpress\/wp-content\/uploads\/2022\/12\/Collage-676.mp3?_=9\" \/><a href=\"https:\/\/www.radiopiu.net\/wordpress\/wp-content\/uploads\/2022\/12\/Collage-676.mp3\">https:\/\/www.radiopiu.net\/wordpress\/wp-content\/uploads\/2022\/12\/Collage-676.mp3<\/a><\/audio>\n<p><strong>LA PUNTATA DEL MARTEDI, 677<\/strong><\/p>\n<audio class=\"wp-audio-shortcode\" id=\"audio-310516-10\" preload=\"none\" style=\"width: 100%;\" controls=\"controls\"><source type=\"audio\/mpeg\" src=\"https:\/\/www.radiopiu.net\/wordpress\/wp-content\/uploads\/2022\/12\/Collage-677.mp3?_=10\" \/><a href=\"https:\/\/www.radiopiu.net\/wordpress\/wp-content\/uploads\/2022\/12\/Collage-677.mp3\">https:\/\/www.radiopiu.net\/wordpress\/wp-content\/uploads\/2022\/12\/Collage-677.mp3<\/a><\/audio>\n<p><strong>LA PUNTATA DEL MERCOLEDI, 678<\/strong><\/p>\n<audio class=\"wp-audio-shortcode\" id=\"audio-310516-11\" preload=\"none\" style=\"width: 100%;\" controls=\"controls\"><source type=\"audio\/mpeg\" src=\"https:\/\/www.radiopiu.net\/wordpress\/wp-content\/uploads\/2022\/12\/Collage-678.mp3?_=11\" \/><a href=\"https:\/\/www.radiopiu.net\/wordpress\/wp-content\/uploads\/2022\/12\/Collage-678.mp3\">https:\/\/www.radiopiu.net\/wordpress\/wp-content\/uploads\/2022\/12\/Collage-678.mp3<\/a><\/audio>\n<p><strong>LA PUNTATA DEL GIOVEDI, 679<\/strong><\/p>\n<audio class=\"wp-audio-shortcode\" id=\"audio-310516-12\" preload=\"none\" style=\"width: 100%;\" controls=\"controls\"><source type=\"audio\/mpeg\" src=\"https:\/\/www.radiopiu.net\/wordpress\/wp-content\/uploads\/2022\/12\/Collage-679.mp3?_=12\" \/><a href=\"https:\/\/www.radiopiu.net\/wordpress\/wp-content\/uploads\/2022\/12\/Collage-679.mp3\">https:\/\/www.radiopiu.net\/wordpress\/wp-content\/uploads\/2022\/12\/Collage-679.mp3<\/a><\/audio>\n<p><strong>LA PUNTATA DEL VENERDI, 680<\/strong><\/p>\n<audio class=\"wp-audio-shortcode\" id=\"audio-310516-13\" preload=\"none\" style=\"width: 100%;\" controls=\"controls\"><source type=\"audio\/mpeg\" src=\"https:\/\/www.radiopiu.net\/wordpress\/wp-content\/uploads\/2022\/12\/Collage-680.mp3?_=13\" \/><a href=\"https:\/\/www.radiopiu.net\/wordpress\/wp-content\/uploads\/2022\/12\/Collage-680.mp3\">https:\/\/www.radiopiu.net\/wordpress\/wp-content\/uploads\/2022\/12\/Collage-680.mp3<\/a><\/audio>\n<p>&nbsp;<\/p>\n<hr \/>\n<p>&nbsp;<\/p>\n<p><img loading=\"lazy\" decoding=\"async\" class=\"aligncenter wp-image-61954 size-full\" src=\"https:\/\/www.radiopiu.net\/wordpress\/wp-content\/uploads\/2018\/09\/viabilita.jpeg\" sizes=\"auto, (max-width: 800px) 100vw, 800px\" srcset=\"https:\/\/www.radiopiu.net\/wordpress\/wp-content\/uploads\/2018\/09\/viabilita.jpeg 800w, https:\/\/www.radiopiu.net\/wordpress\/wp-content\/uploads\/2018\/09\/viabilita-300x38.jpeg 300w, https:\/\/www.radiopiu.net\/wordpress\/wp-content\/uploads\/2018\/09\/viabilita-768x96.jpeg 768w\" alt=\"\" width=\"800\" height=\"100\" \/><\/p>\n<p>&nbsp;<\/p>\n<p>&nbsp;<\/p>\n<p><strong>AGGIORNAMENTO VENETO STRADE, AGGIORNAMENTO CONTINUO H 24<\/strong><\/p>\n<p>&nbsp;<\/p>\n<blockquote class=\"wp-embedded-content\" data-secret=\"MyMvc7or9U\"><p><a href=\"https:\/\/www.radiopiu.net\/wordpress\/viabilita\/\">viabilita<\/a><\/p><\/blockquote>\n<p><iframe loading=\"lazy\" class=\"wp-embedded-content\" sandbox=\"allow-scripts\" security=\"restricted\" style=\"position: absolute; clip: rect(1px, 1px, 1px, 1px);\" title=\"&#8220;viabilita&#8221; &#8212; Radio Pi\u00f9\" src=\"https:\/\/www.radiopiu.net\/wordpress\/viabilita\/embed\/#?secret=ZdcyeRqMVj#?secret=MyMvc7or9U\" data-secret=\"MyMvc7or9U\" width=\"600\" height=\"338\" frameborder=\"0\" marginwidth=\"0\" marginheight=\"0\" scrolling=\"no\"><\/iframe><\/p>\n<p>&nbsp;<\/p>\n<p>&nbsp;<\/p>\n<hr \/>\n<p>&nbsp;<\/p>\n<p><a class=\"dt-pswp-item\" href=\"https:\/\/www.radiopiu.net\/wordpress\/wp-content\/uploads\/2018\/09\/WhatsApp-Image-2018-09-20-at-16.04.06.jpeg\" data-dt-img-description=\"\" data-large_image_width=\"800\" data-large_image_height=\"100\"><img loading=\"lazy\" decoding=\"async\" class=\"wp-image-61378 size-full aligncenter\" src=\"https:\/\/www.radiopiu.net\/wordpress\/wp-content\/uploads\/2018\/09\/WhatsApp-Image-2018-09-20-at-16.04.06.jpeg\" alt=\"\" width=\"800\" height=\"100\" srcset=\"https:\/\/www.radiopiu.net\/wordpress\/wp-content\/uploads\/2018\/09\/WhatsApp-Image-2018-09-20-at-16.04.06.jpeg 800w, https:\/\/www.radiopiu.net\/wordpress\/wp-content\/uploads\/2018\/09\/WhatsApp-Image-2018-09-20-at-16.04.06-300x38.jpeg 300w, https:\/\/www.radiopiu.net\/wordpress\/wp-content\/uploads\/2018\/09\/WhatsApp-Image-2018-09-20-at-16.04.06-768x96.jpeg 768w\" sizes=\"auto, (max-width: 800px) 100vw, 800px\" \/><\/a><\/p>\n<p><b>OGGI <\/b>Tempo variabile, specie al mattino con qualche parziale e temporanea schiarita; nel pomeriggio cielo pi\u00f9 coperto, con tempo ancora a tratti lievemente perturbato. <b>Precipitazioni: <\/b>Al mattino probabilit\u00e0 medio-bassa di precipitazioni deboli e perlopi\u00f9 locali, eventualmente nevose intorno ai 1000-1300 m; nel corso del pomeriggio probabilit\u00e0 medio-alta di precipitazioni intermittenti a carattere sparso di debole o localmente di moderata intensit\u00e0, con quota neve in graduale contenuto calo, nevose fino intorno ai 900-1200 m. Sono previsti quantitativi molto modesti in media compresi tra i 3 e i 10 mm, con altrettanti cm di neve fresca oltre i 1500 m. <b>Temperature: <\/b>Minime in aumento anche sensibile nelle valli, in alta montagna misurate a fine giornata, massime senza notevoli variazioni o in lieve aumento<\/p>\n<hr \/>\n<p><b>DOMANI <\/b>Cielo molto nuvoloso o coperto specie al mattino con precipitazioni da sparse, anche diffuse con qualche rovescio soprattutto sulle zone prealpine; schiarite verso sera. <b>Precipitazioni: <\/b>Al mattino e fino al primo pomeriggio probabilit\u00e0 medio-alta\u00a0 di brevi precipitazioni intermittenti, con nevicate anche a quote basse intorno ai 400-700 m; probabilit\u00e0 medio-bassa in seguito con attenuazione dei fenomeni verso sera. I quantitativi previsti saranno ancora piuttosto modesti e in media compresi tra 3 e i 10 mm con altrettanti cm di neve fresca oltre i 1500 m. <b>Temperature: <\/b>In sensibile diminuzione<\/p>\n<hr \/>\n<p><b>LUNEDI <\/b>Tempo stabile e soleggiato con cielo sereno o poco nuvoloso. Temperature in diminuzione, specie le massime con valori ben inferiori alle medie stagionali. Clima tipicamente invernale.<\/p>\n<hr \/>\n<p><b>MARTEDI <\/b>Al mattino ancora tempo stabile e soleggiato con cielo sereno. Nel corso della giornata moderato aumento della nuvolosit\u00e0 per transito di nubi medio-alte e non \u00e8 del tutto escluso qualche fiocco di neve verso sera fino a quote basse. Temperature in ulteriore diminuzione, con valori ben inferiori alle medie stagionali. Clima tipicamente invernale. Venti in quota deboli o moderati al mattino da nord ovest, in seguito in rotazione da ovest.<\/p>\n<p>&nbsp;<\/p>\n<blockquote class=\"wp-embedded-content\" data-secret=\"OCEB8wq82I\"><p><a href=\"https:\/\/www.radiopiu.net\/wordpress\/neve-aggiornamento-alle-8-di-questa-mattina\/\">NEVE: AGGIORNAMENTO ALLE 8 DI QUESTA MATTINA.<\/a><\/p><\/blockquote>\n<p><iframe loading=\"lazy\" class=\"wp-embedded-content\" sandbox=\"allow-scripts\" security=\"restricted\" style=\"position: absolute; clip: rect(1px, 1px, 1px, 1px);\" title=\"&#8220;NEVE: AGGIORNAMENTO ALLE 8 DI QUESTA MATTINA.&#8221; &#8212; Radio Pi\u00f9\" src=\"https:\/\/www.radiopiu.net\/wordpress\/neve-aggiornamento-alle-8-di-questa-mattina\/embed\/#?secret=Co4GDxY6TZ#?secret=OCEB8wq82I\" data-secret=\"OCEB8wq82I\" width=\"600\" height=\"338\" frameborder=\"0\" marginwidth=\"0\" marginheight=\"0\" scrolling=\"no\"><\/iframe><\/p>\n<p>&nbsp;<\/p>\n<p>&nbsp;<\/p>\n<hr \/>\n<p>&nbsp;<\/p>\n<p>&nbsp;<\/p>\n<p><a class=\"dt-pswp-item\" href=\"https:\/\/www.radiopiu.net\/wordpress\/wp-content\/uploads\/2018\/09\/sport.jpg\" data-dt-img-description=\"\" data-large_image_width=\"800\" data-large_image_height=\"100\"><img loading=\"lazy\" decoding=\"async\" class=\"aligncenter wp-image-60761 size-full\" src=\"https:\/\/www.radiopiu.net\/wordpress\/wp-content\/uploads\/2018\/09\/sport.jpg\" alt=\"\" width=\"800\" height=\"100\" srcset=\"https:\/\/www.radiopiu.net\/wordpress\/wp-content\/uploads\/2018\/09\/sport.jpg 800w, https:\/\/www.radiopiu.net\/wordpress\/wp-content\/uploads\/2018\/09\/sport-300x38.jpg 300w, https:\/\/www.radiopiu.net\/wordpress\/wp-content\/uploads\/2018\/09\/sport-768x96.jpg 768w\" sizes=\"auto, (max-width: 800px) 100vw, 800px\" \/><\/a><\/p>\n<p>&nbsp;<\/p>\n<p>HOCKEY GHIACCIO<\/p>\n<blockquote>\n<h3>AD ALLEGHE ARRIVA IL VALPELLICE<\/h3>\n<\/blockquote>\n<p><strong><a class=\"dt-pswp-item\" href=\"https:\/\/www.radiopiu.net\/wordpress\/wp-content\/uploads\/2019\/08\/logo-alleghe-hockey.png\" data-dt-img-description=\"\" data-large_image_width=\"547\" data-large_image_height=\"512\"><img loading=\"lazy\" decoding=\"async\" class=\" wp-image-95699 alignleft\" src=\"https:\/\/www.radiopiu.net\/wordpress\/wp-content\/uploads\/2019\/08\/logo-alleghe-hockey-300x281.png\" alt=\"\" width=\"211\" height=\"198\" srcset=\"https:\/\/www.radiopiu.net\/wordpress\/wp-content\/uploads\/2019\/08\/logo-alleghe-hockey-300x281.png 300w, https:\/\/www.radiopiu.net\/wordpress\/wp-content\/uploads\/2019\/08\/logo-alleghe-hockey.png 547w\" sizes=\"auto, (max-width: 211px) 100vw, 211px\" \/><\/a>Di Roberto Miana, portavoce dell\u2019Alleghe Hockey<\/strong><\/p>\n<p>Quindicesima giornata (sesta del girone di ritorno) del campionato di Italian Hockey League 2022\/2023 Questa sera\u00a0 alle 20:30 le Civette ospitano al &#8220;De Toni &#8221; di Alleghe il Valpellice. Il ritorno tra le mura amiche del \u201cDe Toni\u201d, nel turno infrasettimanale di gioved\u00ec scorso, non \u00e8 bastato ai ragazzi di coach Fontana per conquistare i primi punti stagionali. I biancorossi hanno incassato un netto 0-6 al cospetto di un agguerrito Valdifiemme presentatosi in riva al lago schierando due nuovi stranieri che hanno permesso, con il loro contributo decisivo, ai gialloneri trentini di portare meritatamente a casa i tre punti. Il Valpellice a sua volta arriva dalla sconfitta 2-4 maturata sul ghiaccio di Varese, contro una delle squadre pi\u00f9 in forma del campionato. Tra i migliori attaccanti piemontesi da segnalare i fratelli Tommaso e Filippo Salvai, Federico Cordin ed il meneghino Marco Pozzi. I Bulldogs occupano la nona posizione in classifica con nove punti e sono reduci da quattro sconfitte consecutive. Dalla stagione 2019\/2020, da quando Alleghe e Valpellice si affrontano nel campionato di serie B di hockey su ghiaccio (IHL), le Civette hanno incrociato le stecche con i Bulldogs 3 volte. Il bilancio conta 1 vittoria alleghese e 2 torresi. Nell&#8217;unica gara disputata tra le due squadre in serie B ai piedi del Civetta, il 5 ottobre 2019, si sono imposti i biancorossi 5-3. Conteggiando le reti totali segnate in questa sfida l\u2019Alleghe ha messo a referto 8 marcature contro 15 del Valpellice.<\/p>\n<p>ALLEGHE &#8211; VALPELLICE Questa sera alle 20:30, Palaghiaccio &#8220;Alvise De Toni&#8221; di Alleghe (BL). Arbitri: Antonio Piras e Stefano Ricco con giudici di linea Federico Fecchio e Alexander Wiest. PARTITA APERTA AL PUBBLICO Si invitano tifosi valligiani e turisti a sostenere le Civette al &#8220;De Toni&#8221; di Alleghe per festeggiare assieme il ritorno nella nostra casa. Aggiornamenti in DIRETTA RADIOFONICA su Radio Pi\u00f9 (www.radiopiu.net) con \u201cHockey al punto giusto\u201d, in studio Marco Gaz<\/p>\n<p>&nbsp;<\/p>\n<hr \/>\n<p>&nbsp;<\/p>\n<p><span style=\"color: #0000ff;\"><strong>CALCIO<\/strong><\/span><\/p>\n<blockquote>\n<h3>ALLIEVI E PRIMA SQUADRA DELL&#8217;AGORDINA IN CAMPO NEL FINE SETTIMANA<\/h3>\n<\/blockquote>\n<p><strong><a class=\"dt-pswp-item\" href=\"https:\/\/www.radiopiu.net\/wordpress\/wp-content\/uploads\/2022\/10\/CALCIO-2022-e1665937841126.jpg\" data-dt-img-description=\"\" data-large_image_width=\"400\" data-large_image_height=\"250\"><img loading=\"lazy\" decoding=\"async\" class=\" wp-image-301842 alignleft\" src=\"https:\/\/www.radiopiu.net\/wordpress\/wp-content\/uploads\/2022\/10\/CALCIO-2022-e1665937841126-300x188.jpg\" alt=\"\" width=\"219\" height=\"137\" srcset=\"https:\/\/www.radiopiu.net\/wordpress\/wp-content\/uploads\/2022\/10\/CALCIO-2022-e1665937841126-300x188.jpg 300w, https:\/\/www.radiopiu.net\/wordpress\/wp-content\/uploads\/2022\/10\/CALCIO-2022-e1665937841126.jpg 400w\" sizes=\"auto, (max-width: 219px) 100vw, 219px\" \/><\/a>di Marco Gaz<\/strong><\/p>\n<p><strong>REDAZIONE<\/strong> Ultimo fine settimana ufficiale per i campionati regionali FIGC. L&#8217;Agordina Calcio continua la sua stagione e nel fine settimana sar\u00e0 in campo con due delle quattro squadre iscritte ai vari campionati. Riposo invernale per Giovanissimi e Juniores che stanno disputando i tornei a livello provinciale. Domani mattina saranno regolarmente in campo gli allievi di Renato Orzetti. Fino ad ora un solo punto messo a segno dai giovani agordini dopo 12 partite giocate. Questa settimana l&#8217;Agordina giovanile sar\u00e0 in trasferta e di fronte si trover\u00e0 la prima forza del campionato, il Cavarzano Limana. Non sar\u00e0 una partita facile per i ragazzi di Agordo nell&#8217;ultima partita prima della pausa natalizia. La prima squadra allenata da Lorenzi continua la sua avventura nel campionato di Seconda Categoria. Domani alle 14:30 ultima partita del 2022 all&#8217;Ivano Dorigo di Agordo. Una sfida importante per la classifica con gli agordini che giocheranno contro il Gemelle. Un match di bassa classifica ma di vitale importanza per gli uomini di Lorenzi che stanno cercando la salvezza il prima possibile. Intanto si \u00e8 decisa la data del recupero con la Juventina, partita rinviata per impraticabilit\u00e0 del campo una settimana fa. La sfida verr\u00e0 recuperata il 18 dicembre. Radio Pi\u00f9 seguir\u00e0 in diretta la partita dell&#8217;Agordina all&#8217;interno di &#8220;Domenica Pi\u00f9 Sport&#8221;.<\/p>\n<p>&nbsp;<\/p>\n<hr \/>\n<blockquote>\n<h3><\/h3>\n<h3>NUOVO CORSO PROVINCIALE PER GIUDICI DI ATLETICA LEGGERA<\/h3>\n<p><em><span id=\"page3R_mcid14\" class=\"markedContent\"><span dir=\"ltr\" role=\"presentation\">Inizio nel periodo fine dicembre 2022. Per gli\u00a0 <span id=\"page3R_mcid8\" class=\"markedContent\">appassionati di Atletica Leggera; <\/span><span id=\"page3R_mcid9\" class=\"markedContent\">curiosi verso questo ruolo generalmente poco conosciuto; Et\u00e0 richiesta almeno 16 anni, disponibili ad impegnarsi per qualche fine settimana.<\/span><\/span><\/span><\/em><\/p><\/blockquote>\n<p><span id=\"page3R_mcid4\" class=\"markedContent\"><span dir=\"ltr\" role=\"presentation\">Il Gruppo Giudici Gare di Belluno invita atleti, ex atleti, genitori, parenti e chiunque abbia la passione per l\u2019atletica leg<\/span><span dir=\"ltr\" role=\"presentation\">gera a <\/span><span dir=\"ltr\" role=\"presentation\">partecipare al nuovo corso provinciale per Giudici di Atletica<\/span> <span dir=\"ltr\" role=\"presentation\">Leggera.\u00a0 <\/span><\/span><span id=\"page3R_mcid6\" class=\"markedContent\"><span dir=\"ltr\" role=\"presentation\">Il corso si svolge su iniziativa del GGG di Padova ma coinvolge anche le altre province e viene coordinato<\/span> <span dir=\"ltr\" role=\"presentation\">dal Fiduciario <\/span><span dir=\"ltr\" role=\"presentation\">Regiona<\/span><span dir=\"ltr\" role=\"presentation\">le. <span id=\"page3R_mcid19\" class=\"markedContent\">Al termine degli incontri on line si svolger\u00e0 la parte pratica in pista di atletica (naturalmente quando la stagione lo consentir\u00e0). e durante alcune gare provinciali a partire dalla primavera 2023.<\/span> <span id=\"page3R_mcid21\" class=\"markedContent\">Modalit\u00e0 di iscrizione: \u00e8<\/span><span id=\"page3R_mcid22\" class=\"markedContent\"> sufficiente cliccare sul link e compilare il modulo: <\/span><span id=\"page3R_mcid23\" class=\"markedContent\">https:\/\/forms.gle\/NFjymSKSg1k9Vydi6<\/span><\/span><\/span><\/p>\n<p>&nbsp;<\/p>\n<p>&nbsp;<\/p>\n<\/div>\n<\/div>\n<\/div>\n<\/div>\n<\/div>\n<\/div>\n<\/div>\n","protected":false},"excerpt":{"rendered":"<p>RADIO PIU INFORMAZIONE il canale su TELEGRAM informazione di prima\u00a0 mano e in tempo reale. iscriviti ed aiutaci a farlo conoscere\u00a0 \u00a0 &nbsp; ISCRIVITI AL NOSTRO CANALE YOUTUBE PER SEGUIRE IN DIRETTA I PRINCIPALI PROGRAMMI DI RADIO PIU&#8217; E LE FUTURE DIRETTE IN ESTERNA. PER ISCRIVERTI CLICCA QUI E PREMI IL TASTO &#8220;Iscriviti&#8221; &nbsp; \u00a0&hellip;<\/p>\n","protected":false},"author":4,"featured_media":310661,"comment_status":"closed","ping_status":"closed","sticky":false,"template":"","format":"standard","meta":{"_monsterinsights_skip_tracking":false,"_monsterinsights_sitenote_active":false,"_monsterinsights_sitenote_note":"","_monsterinsights_sitenote_category":0,"footnotes":""},"categories":[51,86,49],"tags":[],"class_list":["post-310516","post","type-post","status-publish","format-standard","has-post-thumbnail","hentry","category-evidenza-top","category-gr","category-news-18","category-51","category-86","category-49","description-off"],"img_url":"https:\/\/www.radiopiu.net\/wordpress\/wp-content\/uploads\/2022\/12\/Consegna-al-Papa-Italo-DInca-e-Gianluca-Cometto-Vatican-Media-scaled.jpg","_links":{"self":[{"href":"https:\/\/www.radiopiu.net\/wordpress\/wp-json\/wp\/v2\/posts\/310516","targetHints":{"allow":["GET"]}}],"collection":[{"href":"https:\/\/www.radiopiu.net\/wordpress\/wp-json\/wp\/v2\/posts"}],"about":[{"href":"https:\/\/www.radiopiu.net\/wordpress\/wp-json\/wp\/v2\/types\/post"}],"author":[{"embeddable":true,"href":"https:\/\/www.radiopiu.net\/wordpress\/wp-json\/wp\/v2\/users\/4"}],"replies":[{"embeddable":true,"href":"https:\/\/www.radiopiu.net\/wordpress\/wp-json\/wp\/v2\/comments?post=310516"}],"version-history":[{"count":0,"href":"https:\/\/www.radiopiu.net\/wordpress\/wp-json\/wp\/v2\/posts\/310516\/revisions"}],"wp:featuredmedia":[{"embeddable":true,"href":"https:\/\/www.radiopiu.net\/wordpress\/wp-json\/wp\/v2\/media\/310661"}],"wp:attachment":[{"href":"https:\/\/www.radiopiu.net\/wordpress\/wp-json\/wp\/v2\/media?parent=310516"}],"wp:term":[{"taxonomy":"category","embeddable":true,"href":"https:\/\/www.radiopiu.net\/wordpress\/wp-json\/wp\/v2\/categories?post=310516"},{"taxonomy":"post_tag","embeddable":true,"href":"https:\/\/www.radiopiu.net\/wordpress\/wp-json\/wp\/v2\/tags?post=310516"}],"curies":[{"name":"wp","href":"https:\/\/api.w.org\/{rel}","templated":true}]}}