{"id":310563,"date":"2022-12-09T09:48:03","date_gmt":"2022-12-09T08:48:03","guid":{"rendered":"https:\/\/www.radiopiu.net\/wordpress\/?p=310563"},"modified":"2022-12-10T05:27:22","modified_gmt":"2022-12-10T04:27:22","slug":"san-nicolo-a-listolade-di-taibon-agordino","status":"publish","type":"post","link":"https:\/\/www.radiopiu.net\/wordpress\/san-nicolo-a-listolade-di-taibon-agordino\/","title":{"rendered":"SAN NICOLO&#8217;&#8230; A LISTOLADE DI TAIBON AGORDINO"},"content":{"rendered":"<p><strong>TAIBON<\/strong> Nonostante il pomeriggio alquanto fresco, erano ben 38 i piccoli di Listolade che hanno pazientemente aspettato San Nicol\u00f2. Questi puntualmente, come promesso, \u00e8 arrivato dalla Val Corpassa con il suo carrettino pieno di regalini per i bambini e bambine della frazione. Ad ognuno di loro ha regalato un simpatico portachiavi a forma di zucca e un piccolo panettone. San Nicol\u00f2 ha confidato poi che avendo esaurito i regali aveva dovuto ordinare i portachiavi a Ylenia che a sua volta \u00e8 stata ben contenta di venire incontro alla difficolt\u00e0 di San Nicol\u00f2 di accontentare tutti i piccoli. Grazie Ylenia. Non sono mancate le foto di rito e un buon bicchiere di the caldo o brul\u00e8 con una fetta di panettone per festeggiare il passaggio anche a Listolade di San Nicol\u00f2 ed augurare buone feste ai bimbi, genitori e nonni presenti.<\/p>\n<p>&nbsp;<\/p>\n<p><a class=\"dt-pswp-item\" href=\"https:\/\/www.radiopiu.net\/wordpress\/wp-content\/uploads\/2022\/12\/San-Nicolo-a-Listolade-scaled.jpg\" data-dt-img-description=\"Exif_JPEG_420\" data-large_image_width=\"2560\" data-large_image_height=\"1928\"><img loading=\"lazy\" decoding=\"async\" class=\"wp-image-310564 size-full\" src=\"https:\/\/www.radiopiu.net\/wordpress\/wp-content\/uploads\/2022\/12\/San-Nicolo-a-Listolade-scaled.jpg\" alt=\"\" width=\"2560\" height=\"1928\" srcset=\"https:\/\/www.radiopiu.net\/wordpress\/wp-content\/uploads\/2022\/12\/San-Nicolo-a-Listolade-scaled.jpg 2560w, https:\/\/www.radiopiu.net\/wordpress\/wp-content\/uploads\/2022\/12\/San-Nicolo-a-Listolade-300x226.jpg 300w, https:\/\/www.radiopiu.net\/wordpress\/wp-content\/uploads\/2022\/12\/San-Nicolo-a-Listolade-1024x771.jpg 1024w, https:\/\/www.radiopiu.net\/wordpress\/wp-content\/uploads\/2022\/12\/San-Nicolo-a-Listolade-768x578.jpg 768w, https:\/\/www.radiopiu.net\/wordpress\/wp-content\/uploads\/2022\/12\/San-Nicolo-a-Listolade-1536x1157.jpg 1536w, https:\/\/www.radiopiu.net\/wordpress\/wp-content\/uploads\/2022\/12\/San-Nicolo-a-Listolade-2048x1542.jpg 2048w\" sizes=\"auto, (max-width: 2560px) 100vw, 2560px\" \/><\/a><\/p>\n<p>&nbsp;<\/p>\n<p>&nbsp;<\/p>\n<hr \/>\n<p>&nbsp;<\/p>\n","protected":false},"excerpt":{"rendered":"<p>TAIBON Nonostante il pomeriggio alquanto fresco, erano ben 38 i piccoli di Listolade che hanno pazientemente aspettato San Nicol\u00f2. Questi puntualmente, come promesso, \u00e8 arrivato dalla Val Corpassa con il suo carrettino pieno di regalini per i bambini e bambine della frazione. Ad ognuno di loro ha regalato un simpatico portachiavi a forma di zucca&hellip;<\/p>\n","protected":false},"author":4,"featured_media":310564,"comment_status":"closed","ping_status":"closed","sticky":false,"template":"","format":"standard","meta":{"_monsterinsights_skip_tracking":false,"_monsterinsights_sitenote_active":false,"_monsterinsights_sitenote_note":"","_monsterinsights_sitenote_category":0,"footnotes":""},"categories":[104,49],"tags":[],"class_list":["post-310563","post","type-post","status-publish","format-standard","has-post-thumbnail","hentry","category-evidenza_3","category-news-18","category-104","category-49","description-off"],"img_url":"https:\/\/www.radiopiu.net\/wordpress\/wp-content\/uploads\/2022\/12\/San-Nicolo-a-Listolade-scaled.jpg","_links":{"self":[{"href":"https:\/\/www.radiopiu.net\/wordpress\/wp-json\/wp\/v2\/posts\/310563","targetHints":{"allow":["GET"]}}],"collection":[{"href":"https:\/\/www.radiopiu.net\/wordpress\/wp-json\/wp\/v2\/posts"}],"about":[{"href":"https:\/\/www.radiopiu.net\/wordpress\/wp-json\/wp\/v2\/types\/post"}],"author":[{"embeddable":true,"href":"https:\/\/www.radiopiu.net\/wordpress\/wp-json\/wp\/v2\/users\/4"}],"replies":[{"embeddable":true,"href":"https:\/\/www.radiopiu.net\/wordpress\/wp-json\/wp\/v2\/comments?post=310563"}],"version-history":[{"count":0,"href":"https:\/\/www.radiopiu.net\/wordpress\/wp-json\/wp\/v2\/posts\/310563\/revisions"}],"wp:featuredmedia":[{"embeddable":true,"href":"https:\/\/www.radiopiu.net\/wordpress\/wp-json\/wp\/v2\/media\/310564"}],"wp:attachment":[{"href":"https:\/\/www.radiopiu.net\/wordpress\/wp-json\/wp\/v2\/media?parent=310563"}],"wp:term":[{"taxonomy":"category","embeddable":true,"href":"https:\/\/www.radiopiu.net\/wordpress\/wp-json\/wp\/v2\/categories?post=310563"},{"taxonomy":"post_tag","embeddable":true,"href":"https:\/\/www.radiopiu.net\/wordpress\/wp-json\/wp\/v2\/tags?post=310563"}],"curies":[{"name":"wp","href":"https:\/\/api.w.org\/{rel}","templated":true}]}}