{"id":310722,"date":"2022-12-10T07:55:52","date_gmt":"2022-12-10T06:55:52","guid":{"rendered":"https:\/\/www.radiopiu.net\/wordpress\/?p=310722"},"modified":"2022-12-10T07:57:34","modified_gmt":"2022-12-10T06:57:34","slug":"dal-1983-alle-otto-del-mattino-la-rassegna-stampa-locale-di-mirko-mezzacasa","status":"publish","type":"post","link":"https:\/\/www.radiopiu.net\/wordpress\/dal-1983-alle-otto-del-mattino-la-rassegna-stampa-locale-di-mirko-mezzacasa\/","title":{"rendered":"DAL 1983 ALLE OTTO DEL MATTINO, LA RASSEGNA STAMPA LOCALE di mirko mezzacasa"},"content":{"rendered":"<p><strong>MISURINA<\/strong> PIO XII Verso la chiusura, gli ospiti saranno rimandati a casa, dal PD (Zanoni) non mancano le critiche. <strong>AGORDO<\/strong> Lutto per la morte del dottor Vinicio Marconcini, l&#8217;uomo che con Costantini guid\u00f2 la pediatria all&#8217;ospedale di Agordo, lo ricorda Dario Ganz (Dolomitici) e l&#8217;amico Loris Santomaso. <strong>PRECIPITAZIONI<\/strong> Dai 15 ai 20 centimetri, continuer\u00e0 a nevicare anche nel fine settimana. Ambiente natalizio, stamane il tempo migliorer\u00e0 anche se per poche ore. Almeno 20 gli interventi dei vigili del fuoco per le auto fuori strada e i mezzi non dotati di pneumatici adeguati. <strong>FURTI<\/strong> Ancora furti nel feltrino, presa di mira una villetta, malviventi indisturbati. A Belluno i Carabinieri fermano un&#8217;auto sospetta. Da lunedi chiusura della galleria di San Vito lungo la statale 50. <strong>CADORE<\/strong> Fiamme sulla terrazza, paura in Cadore, ci pensano i Vigili del fuoco. <strong>SCORTE AI VIP<\/strong> Il Siulp (sindaco di polizia) anticipa le difficolt\u00e0, l&#8217;ex Ministro D&#8217;Inc\u00e0 nonostante i &#8220;zero titoli&#8221; \u00e8 ancora sotto protezione per le minacce dei gruppi no vax. <strong>CANALE D&#8217;AGORDO<\/strong> Italo D\u2019Inc\u00e0 e Gianluca Cometto da Canale d&#8217;Agordo a Roma con il cavallo per incontrare Papa Francesco e consegnare libro del Giubileo del 2000, visita alla tomba di Papa Luciani e incontro anche con il Presidente della Repubblica Sergio Mattarella. <strong>PONTE NELLE ALPI<\/strong> Il Comune eroga 12mila euro di contributi alle associazioni di volontariato che operano in favore della comunit\u00e0. <strong>CANALE D\u2019AGORDO<\/strong> I sindaci di Canale D\u2019Agordo e Vallada incontreranno i giovani che hanno appena compiuto i 18 anni nella sala Lina Zand\u00f2 di Canale d\u2019Agordo. L\u2019appuntamento \u00e8 per oggi alle 16:30. <strong>BELLUNO<\/strong> Il convegno \u201cIl volontariato bellunese sfida il futuro\u201d \u00e8 promosso e organizzato dall\u2019amministrazione comunale di Belluno, \u00e8 in programma per venerd\u00ec dalle 8.30 alle 17.30 al Teatro comunale <strong>SEDICO<\/strong> Aperto a Roe il presepio incantato, una storia di 32 anni di volontariato con gli amici del presepio di Roe, da visitare.<br \/>\n<strong>BELLUNO<\/strong> \u201cMille passi verso casa, foglie gialle cadono nel sole, nel silenzio di una pausa, sei la risposta a tutto\u2026\u201d questo il ritornello della canzone \u201cVerso Casa\u201d, scritta, musicata e cantata dai partecipanti al laboratorio musicale di song writing, organizzato dal Dipartimento delle Dipendenze dell\u2019Ulss Dolomiti e concluso nelle scorse settimane. Una canzone e un video <strong>BELLUNO<\/strong> Cinque spettacoli per i bambini dai 3 anni in su, dalle bolle di sapone al teatro: torna per la 16esima edizione a Ponte nelle Alpi \u201cA teatro con mamma e pap\u00e0\u201d, la rassegna teatrale dedicata ai pi\u00f9 piccoli organizzata da Belluno Kids, con il supporto del Comune e della Pro Loco di Ponte nelle Alpi.<\/p>\n<p>&nbsp;<\/p>\n<p><iframe loading=\"lazy\" title=\"RASSEGNA STAMPA LOCALE\" width=\"1200\" height=\"675\" src=\"https:\/\/www.youtube.com\/embed\/7-jdoh5iAxQ?feature=oembed\" frameborder=\"0\" allow=\"accelerometer; autoplay; clipboard-write; encrypted-media; gyroscope; picture-in-picture\" allowfullscreen><\/iframe><\/p>\n<p>&nbsp;<\/p>\n<p>&nbsp;<\/p>\n<p>___<\/p>\n","protected":false},"excerpt":{"rendered":"<p>MISURINA PIO XII Verso la chiusura, gli ospiti saranno rimandati a casa, dal PD (Zanoni) non mancano le critiche. AGORDO Lutto per la morte del dottor Vinicio Marconcini, l&#8217;uomo che con Costantini guid\u00f2 la pediatria all&#8217;ospedale di Agordo, lo ricorda Dario Ganz (Dolomitici) e l&#8217;amico Loris Santomaso. PRECIPITAZIONI Dai 15 ai 20 centimetri, continuer\u00e0 a&hellip;<\/p>\n","protected":false},"author":4,"featured_media":310723,"comment_status":"closed","ping_status":"closed","sticky":false,"template":"","format":"standard","meta":{"_monsterinsights_skip_tracking":false,"_monsterinsights_sitenote_active":false,"_monsterinsights_sitenote_note":"","_monsterinsights_sitenote_category":0,"footnotes":""},"categories":[104,49],"tags":[],"class_list":["post-310722","post","type-post","status-publish","format-standard","has-post-thumbnail","hentry","category-evidenza_3","category-news-18","category-104","category-49","description-off"],"img_url":"https:\/\/www.radiopiu.net\/wordpress\/wp-content\/uploads\/2022\/12\/Senza-nome-52.jpg","_links":{"self":[{"href":"https:\/\/www.radiopiu.net\/wordpress\/wp-json\/wp\/v2\/posts\/310722","targetHints":{"allow":["GET"]}}],"collection":[{"href":"https:\/\/www.radiopiu.net\/wordpress\/wp-json\/wp\/v2\/posts"}],"about":[{"href":"https:\/\/www.radiopiu.net\/wordpress\/wp-json\/wp\/v2\/types\/post"}],"author":[{"embeddable":true,"href":"https:\/\/www.radiopiu.net\/wordpress\/wp-json\/wp\/v2\/users\/4"}],"replies":[{"embeddable":true,"href":"https:\/\/www.radiopiu.net\/wordpress\/wp-json\/wp\/v2\/comments?post=310722"}],"version-history":[{"count":0,"href":"https:\/\/www.radiopiu.net\/wordpress\/wp-json\/wp\/v2\/posts\/310722\/revisions"}],"wp:featuredmedia":[{"embeddable":true,"href":"https:\/\/www.radiopiu.net\/wordpress\/wp-json\/wp\/v2\/media\/310723"}],"wp:attachment":[{"href":"https:\/\/www.radiopiu.net\/wordpress\/wp-json\/wp\/v2\/media?parent=310722"}],"wp:term":[{"taxonomy":"category","embeddable":true,"href":"https:\/\/www.radiopiu.net\/wordpress\/wp-json\/wp\/v2\/categories?post=310722"},{"taxonomy":"post_tag","embeddable":true,"href":"https:\/\/www.radiopiu.net\/wordpress\/wp-json\/wp\/v2\/tags?post=310722"}],"curies":[{"name":"wp","href":"https:\/\/api.w.org\/{rel}","templated":true}]}}