{"id":310740,"date":"2022-12-10T10:07:57","date_gmt":"2022-12-10T09:07:57","guid":{"rendered":"https:\/\/www.radiopiu.net\/wordpress\/?p=310740"},"modified":"2022-12-10T10:08:40","modified_gmt":"2022-12-10T09:08:40","slug":"dillo-a-radio-piu-sos-siamo-senzacqua","status":"publish","type":"post","link":"https:\/\/www.radiopiu.net\/wordpress\/dillo-a-radio-piu-sos-siamo-senzacqua\/","title":{"rendered":"DILLO A RADIO PIU&#8230;. &#8220;SOS SIAMO SENZ&#8217;ACQUA&#8221;"},"content":{"rendered":"<p><strong><a class=\"dt-pswp-item\" href=\"https:\/\/www.radiopiu.net\/wordpress\/wp-content\/uploads\/2022\/05\/acqua.jpg\" data-dt-img-description=\"\" data-large_image_width=\"1920\" data-large_image_height=\"1275\"><img loading=\"lazy\" decoding=\"async\" class=\" wp-image-274889 alignleft\" src=\"https:\/\/www.radiopiu.net\/wordpress\/wp-content\/uploads\/2022\/05\/acqua-300x199.jpg\" alt=\"\" width=\"181\" height=\"120\" srcset=\"https:\/\/www.radiopiu.net\/wordpress\/wp-content\/uploads\/2022\/05\/acqua-300x199.jpg 300w, https:\/\/www.radiopiu.net\/wordpress\/wp-content\/uploads\/2022\/05\/acqua-1024x680.jpg 1024w, https:\/\/www.radiopiu.net\/wordpress\/wp-content\/uploads\/2022\/05\/acqua-768x510.jpg 768w, https:\/\/www.radiopiu.net\/wordpress\/wp-content\/uploads\/2022\/05\/acqua-1536x1020.jpg 1536w, https:\/\/www.radiopiu.net\/wordpress\/wp-content\/uploads\/2022\/05\/acqua.jpg 1920w\" sizes=\"auto, (max-width: 181px) 100vw, 181px\" \/><\/a>REDAZIONE<\/strong> Riceviamo e volentieri pubblichiamo una segnalazione che arriva da una nostra ascoltatrice riguardante la mancanza di acqua nella frazione di Fregona a Canale D&#8217;Agordo<\/p>\n<blockquote><p><em>Volevo segnalare che come succede spesso a Fregona siamo senza acqua da ieri sera. Abbiamo segnalato a GSP da subito il guasto, gi\u00e0 ieri sera alle 22.30 ma quando questa mattina tutti hanno richiamato continuano a dire che non ci sono segnalazioni ( solo dopo aver insistito molto hanno trovato le segnalazioni di ieri). Ci chiediamo se \u00e8 possibile che , dopo anni &#8211; succede sempre pi\u00f9 spesso, specie sotto le feste, che GSP non riesca a trovare una soluzione. \u00c8 inammissibile. Aiutateci a segnalare questa cosa anche ai sindaci affinch\u00e9 trovino presto una soluzione.<\/em><\/p>\n<p><em>Silvia<\/em><\/p><\/blockquote>\n<p>&nbsp;<\/p>\n<p>&nbsp;<\/p>\n<p>&nbsp;<\/p>\n<p>*******<\/p>\n","protected":false},"excerpt":{"rendered":"<p>REDAZIONE Riceviamo e volentieri pubblichiamo una segnalazione che arriva da una nostra ascoltatrice riguardante la mancanza di acqua nella frazione di Fregona a Canale D&#8217;Agordo Volevo segnalare che come succede spesso a Fregona siamo senza acqua da ieri sera. Abbiamo segnalato a GSP da subito il guasto, gi\u00e0 ieri sera alle 22.30 ma quando questa&hellip;<\/p>\n","protected":false},"author":4,"featured_media":274889,"comment_status":"closed","ping_status":"closed","sticky":false,"template":"","format":"standard","meta":{"_monsterinsights_skip_tracking":false,"_monsterinsights_sitenote_active":false,"_monsterinsights_sitenote_note":"","_monsterinsights_sitenote_category":0,"footnotes":""},"categories":[49],"tags":[],"class_list":["post-310740","post","type-post","status-publish","format-standard","has-post-thumbnail","hentry","category-news-18","category-49","description-off"],"img_url":"https:\/\/www.radiopiu.net\/wordpress\/wp-content\/uploads\/2022\/05\/acqua.jpg","_links":{"self":[{"href":"https:\/\/www.radiopiu.net\/wordpress\/wp-json\/wp\/v2\/posts\/310740","targetHints":{"allow":["GET"]}}],"collection":[{"href":"https:\/\/www.radiopiu.net\/wordpress\/wp-json\/wp\/v2\/posts"}],"about":[{"href":"https:\/\/www.radiopiu.net\/wordpress\/wp-json\/wp\/v2\/types\/post"}],"author":[{"embeddable":true,"href":"https:\/\/www.radiopiu.net\/wordpress\/wp-json\/wp\/v2\/users\/4"}],"replies":[{"embeddable":true,"href":"https:\/\/www.radiopiu.net\/wordpress\/wp-json\/wp\/v2\/comments?post=310740"}],"version-history":[{"count":0,"href":"https:\/\/www.radiopiu.net\/wordpress\/wp-json\/wp\/v2\/posts\/310740\/revisions"}],"wp:featuredmedia":[{"embeddable":true,"href":"https:\/\/www.radiopiu.net\/wordpress\/wp-json\/wp\/v2\/media\/274889"}],"wp:attachment":[{"href":"https:\/\/www.radiopiu.net\/wordpress\/wp-json\/wp\/v2\/media?parent=310740"}],"wp:term":[{"taxonomy":"category","embeddable":true,"href":"https:\/\/www.radiopiu.net\/wordpress\/wp-json\/wp\/v2\/categories?post=310740"},{"taxonomy":"post_tag","embeddable":true,"href":"https:\/\/www.radiopiu.net\/wordpress\/wp-json\/wp\/v2\/tags?post=310740"}],"curies":[{"name":"wp","href":"https:\/\/api.w.org\/{rel}","templated":true}]}}