{"id":310747,"date":"2022-12-10T10:19:13","date_gmt":"2022-12-10T09:19:13","guid":{"rendered":"https:\/\/www.radiopiu.net\/wordpress\/?p=310747"},"modified":"2022-12-10T19:25:18","modified_gmt":"2022-12-10T18:25:18","slug":"a-malga-losch-22-centimetri-di-neve-fresca-in-24-ore-il-bollettino-neve-al-suolo","status":"publish","type":"post","link":"https:\/\/www.radiopiu.net\/wordpress\/a-malga-losch-22-centimetri-di-neve-fresca-in-24-ore-il-bollettino-neve-al-suolo\/","title":{"rendered":"A MALGA LOSCH 22 CENTIMETRI DI NEVE FRESCA IN 24 ORE. IL BOLLETTINO NEVE AL SUOLO"},"content":{"rendered":"<p><strong>REDAZIONE<\/strong> Con la perturbazione che ha interessato le Dolomiti nelle ultime ore, il Centro Valanghe Arabba ha diramato il Bollettino Neve Al Suolo per distribuire i dati raccolti sulle varie localit\u00e0 in cui viene misurata la neve fresca. La zona in cui la neve \u00e8 scesa pi\u00f9 copiosa \u00e8 Malga Losch a Frassen\u00e8 con 22 cm di cumulo nelle ultime 24 ore. Si evince che la localit\u00e0 che ha raggiunto il maggior cumulo nelle ultime nevicate \u00e8 sulle prealpi vicentine. a Campomolon con 67 cm in totale.<\/p>\n<p><strong>IL BOLLETTINO NEVE AL SUOLO<\/strong><\/p>\n<a href=\"https:\/\/www.radiopiu.net\/wordpress\/wp-content\/uploads\/2022\/12\/DolomitiNeveAlSuolo-2.pdf\" class=\"pdfemb-viewer\" style=\"\" data-width=\"max\" data-height=\"max\" data-toolbar=\"top\" data-toolbar-fixed=\"on\">DolomitiNeveAlSuolo<\/a>\n<p>&nbsp;<\/p>\n<p>&nbsp;<\/p>\n<p>*****<\/p>\n","protected":false},"excerpt":{"rendered":"<p>REDAZIONE Con la perturbazione che ha interessato le Dolomiti nelle ultime ore, il Centro Valanghe Arabba ha diramato il Bollettino Neve Al Suolo per distribuire i dati raccolti sulle varie localit\u00e0 in cui viene misurata la neve fresca. La zona in cui la neve \u00e8 scesa pi\u00f9 copiosa \u00e8 Malga Losch a Frassen\u00e8 con 22&hellip;<\/p>\n","protected":false},"author":4,"featured_media":181837,"comment_status":"closed","ping_status":"closed","sticky":false,"template":"","format":"standard","meta":{"_monsterinsights_skip_tracking":false,"_monsterinsights_sitenote_active":false,"_monsterinsights_sitenote_note":"","_monsterinsights_sitenote_category":0,"footnotes":""},"categories":[51,49],"tags":[],"class_list":["post-310747","post","type-post","status-publish","format-standard","has-post-thumbnail","hentry","category-evidenza-top","category-news-18","category-51","category-49","description-off"],"img_url":"https:\/\/www.radiopiu.net\/wordpress\/wp-content\/uploads\/2020\/12\/NEVE-1.jpg","_links":{"self":[{"href":"https:\/\/www.radiopiu.net\/wordpress\/wp-json\/wp\/v2\/posts\/310747","targetHints":{"allow":["GET"]}}],"collection":[{"href":"https:\/\/www.radiopiu.net\/wordpress\/wp-json\/wp\/v2\/posts"}],"about":[{"href":"https:\/\/www.radiopiu.net\/wordpress\/wp-json\/wp\/v2\/types\/post"}],"author":[{"embeddable":true,"href":"https:\/\/www.radiopiu.net\/wordpress\/wp-json\/wp\/v2\/users\/4"}],"replies":[{"embeddable":true,"href":"https:\/\/www.radiopiu.net\/wordpress\/wp-json\/wp\/v2\/comments?post=310747"}],"version-history":[{"count":0,"href":"https:\/\/www.radiopiu.net\/wordpress\/wp-json\/wp\/v2\/posts\/310747\/revisions"}],"wp:featuredmedia":[{"embeddable":true,"href":"https:\/\/www.radiopiu.net\/wordpress\/wp-json\/wp\/v2\/media\/181837"}],"wp:attachment":[{"href":"https:\/\/www.radiopiu.net\/wordpress\/wp-json\/wp\/v2\/media?parent=310747"}],"wp:term":[{"taxonomy":"category","embeddable":true,"href":"https:\/\/www.radiopiu.net\/wordpress\/wp-json\/wp\/v2\/categories?post=310747"},{"taxonomy":"post_tag","embeddable":true,"href":"https:\/\/www.radiopiu.net\/wordpress\/wp-json\/wp\/v2\/tags?post=310747"}],"curies":[{"name":"wp","href":"https:\/\/api.w.org\/{rel}","templated":true}]}}