{"id":310768,"date":"2022-12-10T11:46:54","date_gmt":"2022-12-10T10:46:54","guid":{"rendered":"https:\/\/www.radiopiu.net\/wordpress\/?p=310768"},"modified":"2022-12-10T11:46:54","modified_gmt":"2022-12-10T10:46:54","slug":"un-nuovo-corso-di-formazione-per-giudici-provinciali-di-atletica-leggera","status":"publish","type":"post","link":"https:\/\/www.radiopiu.net\/wordpress\/un-nuovo-corso-di-formazione-per-giudici-provinciali-di-atletica-leggera\/","title":{"rendered":"UN NUOVO CORSO DI FORMAZIONE PER GIUDICI PROVINCIALI DI ATLETICA LEGGERA"},"content":{"rendered":"<p><strong><a class=\"dt-pswp-item\" href=\"https:\/\/www.radiopiu.net\/wordpress\/wp-content\/uploads\/2022\/12\/PISTA-ATLETICA.png\" data-dt-img-description=\"\" data-large_image_width=\"1002\" data-large_image_height=\"510\"><img loading=\"lazy\" decoding=\"async\" class=\" wp-image-310769 alignleft\" src=\"https:\/\/www.radiopiu.net\/wordpress\/wp-content\/uploads\/2022\/12\/PISTA-ATLETICA-300x153.png\" alt=\"\" width=\"180\" height=\"92\" srcset=\"https:\/\/www.radiopiu.net\/wordpress\/wp-content\/uploads\/2022\/12\/PISTA-ATLETICA-300x153.png 300w, https:\/\/www.radiopiu.net\/wordpress\/wp-content\/uploads\/2022\/12\/PISTA-ATLETICA-768x391.png 768w, https:\/\/www.radiopiu.net\/wordpress\/wp-content\/uploads\/2022\/12\/PISTA-ATLETICA.png 1002w\" sizes=\"auto, (max-width: 180px) 100vw, 180px\" \/><\/a>BELLUNO <\/strong>Il Gruppo Giudici Gare di Belluno invita genitori, atleti ed ex atleti, dirigenti, tecnici e appassionati a partecipare al nuovo corso per la formazione di Giudici Provinciali di Atletica Leggera; il corso si svolge sotto l\u2019organizzazione del Gruppo Giudici di Padova e comprende anche le altre province venete; la pre-iscrizione deve essere fatta online accedendo al sito www.fidalpadova.it, nelle prima pagina si troveranno le informazioni sul corso e il link per accedere al modulo di pre-iscrizione; Il corso sar\u00e0 svolto online in 3 o 4 serate in base agli iscritti e si svolger\u00e0 tra la fine di dicembre e l\u2019inizio di gennaio; successivamente quando il clima lo consentir\u00e0 si andr\u00e0 in campo per mettere in pratica quanto imparato durante il corso. La figura del Giudice di Atletica Leggera \u00e8 fondamentale per il regolare svolgimento delle gare in quanto si fa garante della corretta interpretazione delle regole delle varie discipline, purtroppo per\u00f2 siamo in pochi e abbiamo bisogno di voi.<\/p>\n<p>&nbsp;<\/p>\n<p>&nbsp;<\/p>\n<p>******<\/p>\n","protected":false},"excerpt":{"rendered":"<p>BELLUNO Il Gruppo Giudici Gare di Belluno invita genitori, atleti ed ex atleti, dirigenti, tecnici e appassionati a partecipare al nuovo corso per la formazione di Giudici Provinciali di Atletica Leggera; il corso si svolge sotto l\u2019organizzazione del Gruppo Giudici di Padova e comprende anche le altre province venete; la pre-iscrizione deve essere fatta online&hellip;<\/p>\n","protected":false},"author":4,"featured_media":310769,"comment_status":"closed","ping_status":"closed","sticky":false,"template":"","format":"standard","meta":{"_monsterinsights_skip_tracking":false,"_monsterinsights_sitenote_active":false,"_monsterinsights_sitenote_note":"","_monsterinsights_sitenote_category":0,"footnotes":""},"categories":[49],"tags":[],"class_list":["post-310768","post","type-post","status-publish","format-standard","has-post-thumbnail","hentry","category-news-18","category-49","description-off"],"img_url":"https:\/\/www.radiopiu.net\/wordpress\/wp-content\/uploads\/2022\/12\/PISTA-ATLETICA.png","_links":{"self":[{"href":"https:\/\/www.radiopiu.net\/wordpress\/wp-json\/wp\/v2\/posts\/310768","targetHints":{"allow":["GET"]}}],"collection":[{"href":"https:\/\/www.radiopiu.net\/wordpress\/wp-json\/wp\/v2\/posts"}],"about":[{"href":"https:\/\/www.radiopiu.net\/wordpress\/wp-json\/wp\/v2\/types\/post"}],"author":[{"embeddable":true,"href":"https:\/\/www.radiopiu.net\/wordpress\/wp-json\/wp\/v2\/users\/4"}],"replies":[{"embeddable":true,"href":"https:\/\/www.radiopiu.net\/wordpress\/wp-json\/wp\/v2\/comments?post=310768"}],"version-history":[{"count":0,"href":"https:\/\/www.radiopiu.net\/wordpress\/wp-json\/wp\/v2\/posts\/310768\/revisions"}],"wp:featuredmedia":[{"embeddable":true,"href":"https:\/\/www.radiopiu.net\/wordpress\/wp-json\/wp\/v2\/media\/310769"}],"wp:attachment":[{"href":"https:\/\/www.radiopiu.net\/wordpress\/wp-json\/wp\/v2\/media?parent=310768"}],"wp:term":[{"taxonomy":"category","embeddable":true,"href":"https:\/\/www.radiopiu.net\/wordpress\/wp-json\/wp\/v2\/categories?post=310768"},{"taxonomy":"post_tag","embeddable":true,"href":"https:\/\/www.radiopiu.net\/wordpress\/wp-json\/wp\/v2\/tags?post=310768"}],"curies":[{"name":"wp","href":"https:\/\/api.w.org\/{rel}","templated":true}]}}