{"id":310777,"date":"2022-12-10T12:26:43","date_gmt":"2022-12-10T11:26:43","guid":{"rendered":"https:\/\/www.radiopiu.net\/wordpress\/?p=310777"},"modified":"2022-12-10T19:24:51","modified_gmt":"2022-12-10T18:24:51","slug":"mille-euro-di-buoni-in-cartiera-a-tutti-i-215-lavoratori","status":"publish","type":"post","link":"https:\/\/www.radiopiu.net\/wordpress\/mille-euro-di-buoni-in-cartiera-a-tutti-i-215-lavoratori\/","title":{"rendered":"MILLE EURO DI BUONI IN CARTIERA, A TUTTI I 215 LAVORATORI"},"content":{"rendered":"<p><strong><a class=\"dt-pswp-item\" href=\"https:\/\/www.radiopiu.net\/wordpress\/wp-content\/uploads\/2022\/02\/soldi-banche-300x212-1.jpg\" data-dt-img-description=\"\" data-large_image_width=\"300\" data-large_image_height=\"212\"><img loading=\"lazy\" decoding=\"async\" class=\" wp-image-257339 alignleft\" src=\"https:\/\/www.radiopiu.net\/wordpress\/wp-content\/uploads\/2022\/02\/soldi-banche-300x212-1.jpg\" alt=\"\" width=\"198\" height=\"140\" \/><\/a>BELLUNO <\/strong>Dicembre 2022 verr\u00e0 sicuramente ricordato come un mese difficile da un punto di vista finanziario per molte famiglie, con il rincaro, l\u2019ennesimo, del carburante, dell\u2019energia e con la crescita dell\u2019inflazione. \u201cLa Direzione aziendale ci chiama e ci comunica che erogher\u00e0, insieme alle tredicesime, buoni per un valore fino a 1000 Euro: una notizia arrivata davvero come un fulmine a ciel sereno portando una ventata di ottimismo e serenit\u00e0. La nostra richiesta \u00e8 stata accolta, tutti i dipendenti, somministrati inclusi, riceveranno due voucher, che, per chi \u00e8 stato presente tutti i 12 mesi del 2022, ammontano a 200,00 Euro di buoni benzina e 800,00 di carrello spesa\u201d questo quanto ci racconta la RSU di RDM Santa Giustina (Alessandro Pellencin, Francesco Pauletti e Gianvittore Bettega, rispettivamente di UIL, CISL e CGIL). Con questo gesto il Gruppo RDM conferma la solidit\u00e0 economica, l\u2019attenzione verso i propri dipendenti, consapevole dello sforzo richiesto ai collaboratori e alle famiglie, con una seriet\u00e0 che caratterizza l\u2019azienda da sempre. \u201c<em>Lavorare in cartiera non \u00e8 una passeggiata, il ciclo continuo ha vantaggi innegabili, ma non fa per tutti. Le retribuzioni sono in linea con il mercato, senza esagerazioni, ma sappiamo di avere le spalle coperte economicamente che, in momenti di incertezza come questi, \u00e8 importante, stiamo infatti patendo meno di altri. Negli ultimi anni sono entrati diversi giovani, che stanno imparando un mestiere complesso, sia in fabbricazione che al taglio. Ci sono stati riconosciuti il grande impegno, la prontezza e la flessibilit\u00e0 che dobbiamo avere, siamo molto soddisfatti<\/em>\u201d cos\u00ec Alessandro Pellencin. \u201c<em>In un momento in cui l\u2019inflazione aggredisce le nostre buste paga con aumenti delle bollette e del carrello spesa fuori controllo, il riconoscimento del fringe benefit da parte dell\u2019azienda \u00e8 sicuramente un segnale importante per le famiglie dei dipendenti<\/em>\u201d, questo quando ha esternato con riconoscenza Francesco Pauletti. \u201c<em>L\u2019azienda ha risposto alla nostra domanda in ritardo rispetto ad altri competitor del settore, ma, mi permetto di dire che \u00e8 valsa la pena attendere<\/em>\u201d, ecco il commento di Giuseppe Vallotto, Territoriale FISTEL CISL. Fabrizio De Bortoli, UILCOM UIL, ha espresso \u201c<em>soddisfazione per questo segno di concretezza economica, \u00a0che viene erogato senza creare distinzione alcuna tra i lavoratori, con giusta equit\u00e0, il che fa la differenza<\/em>\u201d. Lo stabilimento RDM ha rallentato leggermente la produzione a ridosso del Natale, i magazzini sono saturi, dopo la fermata si riprender\u00e0 al solito ritmo, verranno fatte alcune assunzioni, in vista dei pensionamenti e del potenziamento dell\u2019organico. Un settore storico quello della produzione della carta che, in RDM, si mantiene al passo con i tempi, rimanendo fedele ai valori del territorio, a cui la Cartiera \u00e8 molto legata. Con un occhio al 2023, ecco cosa ci racconta Mauro De Carli, Segretario SLC CGIL\u00a0\u201c<em>A chiusura di un anno complesso nel campo delle relazioni industriali con la Reno de Medici, pur in un quadro congiunturale\u00a0di rallentamento produttivo, otteniamo un riconoscimento serio sul fronte salariale per tutti, somministrati compresi, e una rassicurazione sulla tenuta occupazionale complessiva dell&#8217;organico.\u00a0 Sono segnali che rappresentano in concreto la volont\u00e0 di sviluppo dello stabilimento di Santa Giustina, in cui la ricerca di nuovo personale \u00e8 finalizzata a ruoli indispensabili per l&#8217;organizzazione produttiva dentro percorsi di stabilizzazione<\/em>\u201d.<\/p>\n<p>&nbsp;<\/p>\n<p>&nbsp;<\/p>\n<p>******<\/p>\n","protected":false},"excerpt":{"rendered":"<p>BELLUNO Dicembre 2022 verr\u00e0 sicuramente ricordato come un mese difficile da un punto di vista finanziario per molte famiglie, con il rincaro, l\u2019ennesimo, del carburante, dell\u2019energia e con la crescita dell\u2019inflazione. \u201cLa Direzione aziendale ci chiama e ci comunica che erogher\u00e0, insieme alle tredicesime, buoni per un valore fino a 1000 Euro: una notizia arrivata&hellip;<\/p>\n","protected":false},"author":4,"featured_media":228818,"comment_status":"closed","ping_status":"closed","sticky":false,"template":"","format":"standard","meta":{"_monsterinsights_skip_tracking":false,"_monsterinsights_sitenote_active":false,"_monsterinsights_sitenote_note":"","_monsterinsights_sitenote_category":0,"footnotes":""},"categories":[51,49],"tags":[],"class_list":["post-310777","post","type-post","status-publish","format-standard","has-post-thumbnail","hentry","category-evidenza-top","category-news-18","category-51","category-49","description-off"],"img_url":"https:\/\/www.radiopiu.net\/wordpress\/wp-content\/uploads\/2021\/08\/soldi-banche.jpg","_links":{"self":[{"href":"https:\/\/www.radiopiu.net\/wordpress\/wp-json\/wp\/v2\/posts\/310777","targetHints":{"allow":["GET"]}}],"collection":[{"href":"https:\/\/www.radiopiu.net\/wordpress\/wp-json\/wp\/v2\/posts"}],"about":[{"href":"https:\/\/www.radiopiu.net\/wordpress\/wp-json\/wp\/v2\/types\/post"}],"author":[{"embeddable":true,"href":"https:\/\/www.radiopiu.net\/wordpress\/wp-json\/wp\/v2\/users\/4"}],"replies":[{"embeddable":true,"href":"https:\/\/www.radiopiu.net\/wordpress\/wp-json\/wp\/v2\/comments?post=310777"}],"version-history":[{"count":0,"href":"https:\/\/www.radiopiu.net\/wordpress\/wp-json\/wp\/v2\/posts\/310777\/revisions"}],"wp:featuredmedia":[{"embeddable":true,"href":"https:\/\/www.radiopiu.net\/wordpress\/wp-json\/wp\/v2\/media\/228818"}],"wp:attachment":[{"href":"https:\/\/www.radiopiu.net\/wordpress\/wp-json\/wp\/v2\/media?parent=310777"}],"wp:term":[{"taxonomy":"category","embeddable":true,"href":"https:\/\/www.radiopiu.net\/wordpress\/wp-json\/wp\/v2\/categories?post=310777"},{"taxonomy":"post_tag","embeddable":true,"href":"https:\/\/www.radiopiu.net\/wordpress\/wp-json\/wp\/v2\/tags?post=310777"}],"curies":[{"name":"wp","href":"https:\/\/api.w.org\/{rel}","templated":true}]}}