{"id":310814,"date":"2022-12-10T18:01:46","date_gmt":"2022-12-10T17:01:46","guid":{"rendered":"https:\/\/www.radiopiu.net\/wordpress\/?p=310814"},"modified":"2022-12-10T18:01:46","modified_gmt":"2022-12-10T17:01:46","slug":"civica-benemerenza-e-nomina-a-socio-emerito-per-i-51-anni-nel-cnsas-di-giulio-de-bortoli","status":"publish","type":"post","link":"https:\/\/www.radiopiu.net\/wordpress\/civica-benemerenza-e-nomina-a-socio-emerito-per-i-51-anni-nel-cnsas-di-giulio-de-bortoli\/","title":{"rendered":"CIVICA BENEMERENZA E NOMINA A SOCIO EMERITO PER I 51 ANNI NEL CNSAS DI GIULIO DE BORTOLI"},"content":{"rendered":"<p><strong>FELTRE<\/strong> Un doppio riconoscimento \u00e8 stato tributato questa mattina a Giulio De Bortoli per i suoi 51 anni di impegno all\u2019interno della Stazione del Soccorso alpino di Feltre: la civica benemerenza assegnata dal Comune di Feltre e la nomina a socio emerito da parte del Corpo nazionale soccorso alpino e speleologico. Un pensiero voluto per ringraziare Giulio compiuti i 75 anni &#8211; coincidenti con il limite anagrafico previsto dallo statuto del Cnsas &#8211; per gli oltre 5 decenni di spirito di solidariet\u00e0, dedizione agli altri, trasmissione di valori. Non \u00e8 stato semplice tenergli nascosta l\u2019organizzazione del duplice appuntamento, il primo ospitato in sala Consiliare nel corso di una seduta straordinaria con un unico punto all\u2019ordine del giorno, il secondo svoltosi subito dopo in una gremita Sala degli stemmi. Esempio e modestia sono state le parole pi\u00f9 ripetute per descrivere Giulio, un \u2018unicum\u2019 all\u2019interno del Cnsas, il volontario con maggiore anzianit\u00e0 di servizio in Italia, dal 30 settembre del 1971 al 3 novembre del 2022: 419 missioni di soccorso, 390 tra addestramenti ed esercitazioni, quasi un trentennio come capo o vicecapo della Stazione del Soccorso alpino di Feltre, senza dimenticare tutte le giornate dedicate ad altre incombenze istituzionali. Un\u2019attivit\u00e0 straordinaria e appassionata, nel Soccorso alpino e nel Cai di Feltre, dove \u00e8 stato istruttore nazionale della Scuola di alpinismo, nonch\u00e9 all\u2019interno del Gruppo rocciatori feltrini, che lo vede tra i fondatori. Prima della consegna della Civica benemerenza da parte del sindaco di Feltre Viviana Fusaro, sono state numerose le testimonianze di profonda riconoscenza dei consiglieri comunali. \u201cDi forti alpinisti ce ne sono tanti, forse di grandi uomini non altrettanto\u201d, \u00e8 stato detto riferendosi a Giulio come un perfetto rappresentante di valori quali amicizia, profondo altruismo, umilt\u00e0, condivisione, \u201cGrazie a uomini come lui i giovani alpinisti crescono e imparano ad amare la montagna\u201d. In sala degli Stemmi si sono raccolti soccorritori storici e l\u2019intera Stazione di oggi, i suoi compagni di cordata, i rappresentanti di Cai, Unione montana, Amministrazioni comunali di Feltre, Seren del Grappa, Pedavena e Cesiomaggiore, forze dell\u2019ordine ed Associazioni di Protezione civile, amici. \u201cSono indiscusse le sue doti alpinistiche, come la grandissima conoscenza del territorio \u2013 ha ricordato l\u2019attuale capo del Soccorso alpino di Feltre Franco Casanova \u2013 Giulio \u00e8 stato e sempre sar\u00e0 un punto di riferimento. Cito solo due delle vie aperte: la diretta sud del Sass de Mura e la direttissima alla Parete Piatta, sua \u00e8 la creazione della prima Guida delle Vette Feltrine. Un elemento trainante, tanti soccorritori sono stati forgiati dal suo carattere\u201d. Giulio ha ricevuto la targa di socio emerito dal presidente nazionale del Cnsas Maurizio Dellantonio, affiancato dal consigliere nazionale Fabio Bristot, dal presidente regionale Rodolfo Selenati, dal delegato Alex Barattin, da Sigfrido Chico Dalla Rosa, ex capostazione, ad ogni intervento solo tributi di orgoglio e di gratitudine. Emozionato e commosso, Giulio ha ringraziato dei conferimenti: \u201cSiete stati troppo buoni con me\u201d. Un grazie sentito \u00e8 stato rivolto anche alla famiglia di Giulio, alla moglie Rosanna e al figlio Isidoro. Nell\u2019occasione \u00e8 stato consegnato un attestato di stima anche a Gianni Mezzomo, ex delegato del Soccorso alpino Dolomiti Bellunesi.<\/p>\n<p><strong>LE FOTO DI SERGIO INNOCENTE<\/strong><\/p>\n\n\t\t\t<style type='text\/css'>\n\t\t\t\t#gallery-1 {\n\t\t\t\t\tmargin: auto;\n\t\t\t\t}\n\t\t\t\t#gallery-1 .gallery-item {\n\t\t\t\t\tfloat: left;\n\t\t\t\t\tmargin-top: 10px;\n\t\t\t\t\ttext-align: center;\n\t\t\t\t\twidth: 50%;\n\t\t\t\t}\n\t\t\t\t#gallery-1 img {\n\t\t\t\t\tborder: 2px solid #cfcfcf;\n\t\t\t\t}\n\t\t\t\t#gallery-1 .gallery-caption {\n\t\t\t\t\tmargin-left: 0;\n\t\t\t\t}\n\t\t\t\t\/* see gallery_shortcode() in wp-includes\/media.php *\/\n\t\t\t<\/style>\n\t\t<div id='gallery-1' class='dt-gallery-container gallery galleryid-310814 gallery-columns-2 gallery-size-medium'><dl class='gallery-item'>\n\t\t\t\t<dt class='gallery-icon landscape'>\n\t\t\t\t\t<a class=\"rollover rollover-zoom dt-pswp-item\" title=\"IMG-20221210-WA0015\" data-dt-img-description=\"\" data-large_image_width=\"1600\" data-large_image_height=\"1116\"href='https:\/\/www.radiopiu.net\/wordpress\/wp-content\/uploads\/2022\/12\/IMG-20221210-WA0015.jpg'><img loading=\"lazy\" decoding=\"async\" width=\"300\" height=\"209\" src=\"https:\/\/www.radiopiu.net\/wordpress\/wp-content\/uploads\/2022\/12\/IMG-20221210-WA0015-300x209.jpg\" class=\"attachment-medium size-medium\" alt=\"\" srcset=\"https:\/\/www.radiopiu.net\/wordpress\/wp-content\/uploads\/2022\/12\/IMG-20221210-WA0015-300x209.jpg 300w, https:\/\/www.radiopiu.net\/wordpress\/wp-content\/uploads\/2022\/12\/IMG-20221210-WA0015-1024x714.jpg 1024w, https:\/\/www.radiopiu.net\/wordpress\/wp-content\/uploads\/2022\/12\/IMG-20221210-WA0015-768x536.jpg 768w, https:\/\/www.radiopiu.net\/wordpress\/wp-content\/uploads\/2022\/12\/IMG-20221210-WA0015-1536x1071.jpg 1536w, https:\/\/www.radiopiu.net\/wordpress\/wp-content\/uploads\/2022\/12\/IMG-20221210-WA0015.jpg 1600w\" sizes=\"auto, (max-width: 300px) 100vw, 300px\" \/><\/a>\n\t\t\t\t<\/dt><\/dl><dl class='gallery-item'>\n\t\t\t\t<dt class='gallery-icon landscape'>\n\t\t\t\t\t<a class=\"rollover rollover-zoom dt-pswp-item\" title=\"IMG-20221210-WA0012\" data-dt-img-description=\"\" data-large_image_width=\"1600\" data-large_image_height=\"997\"href='https:\/\/www.radiopiu.net\/wordpress\/wp-content\/uploads\/2022\/12\/IMG-20221210-WA0012.jpg'><img loading=\"lazy\" decoding=\"async\" width=\"300\" height=\"187\" src=\"https:\/\/www.radiopiu.net\/wordpress\/wp-content\/uploads\/2022\/12\/IMG-20221210-WA0012-300x187.jpg\" class=\"attachment-medium size-medium\" alt=\"\" srcset=\"https:\/\/www.radiopiu.net\/wordpress\/wp-content\/uploads\/2022\/12\/IMG-20221210-WA0012-300x187.jpg 300w, https:\/\/www.radiopiu.net\/wordpress\/wp-content\/uploads\/2022\/12\/IMG-20221210-WA0012-1024x638.jpg 1024w, https:\/\/www.radiopiu.net\/wordpress\/wp-content\/uploads\/2022\/12\/IMG-20221210-WA0012-768x479.jpg 768w, https:\/\/www.radiopiu.net\/wordpress\/wp-content\/uploads\/2022\/12\/IMG-20221210-WA0012-1536x957.jpg 1536w, https:\/\/www.radiopiu.net\/wordpress\/wp-content\/uploads\/2022\/12\/IMG-20221210-WA0012.jpg 1600w\" sizes=\"auto, (max-width: 300px) 100vw, 300px\" \/><\/a>\n\t\t\t\t<\/dt><\/dl><br style=\"clear: both\" \/><dl class='gallery-item'>\n\t\t\t\t<dt class='gallery-icon landscape'>\n\t\t\t\t\t<a class=\"rollover rollover-zoom dt-pswp-item\" title=\"IMG-20221210-WA0014\" data-dt-img-description=\"\" data-large_image_width=\"1600\" data-large_image_height=\"1068\"href='https:\/\/www.radiopiu.net\/wordpress\/wp-content\/uploads\/2022\/12\/IMG-20221210-WA0014.jpg'><img loading=\"lazy\" decoding=\"async\" width=\"300\" height=\"200\" src=\"https:\/\/www.radiopiu.net\/wordpress\/wp-content\/uploads\/2022\/12\/IMG-20221210-WA0014-300x200.jpg\" class=\"attachment-medium size-medium\" alt=\"\" srcset=\"https:\/\/www.radiopiu.net\/wordpress\/wp-content\/uploads\/2022\/12\/IMG-20221210-WA0014-300x200.jpg 300w, https:\/\/www.radiopiu.net\/wordpress\/wp-content\/uploads\/2022\/12\/IMG-20221210-WA0014-1024x684.jpg 1024w, https:\/\/www.radiopiu.net\/wordpress\/wp-content\/uploads\/2022\/12\/IMG-20221210-WA0014-768x513.jpg 768w, https:\/\/www.radiopiu.net\/wordpress\/wp-content\/uploads\/2022\/12\/IMG-20221210-WA0014-1536x1025.jpg 1536w, https:\/\/www.radiopiu.net\/wordpress\/wp-content\/uploads\/2022\/12\/IMG-20221210-WA0014.jpg 1600w\" sizes=\"auto, (max-width: 300px) 100vw, 300px\" \/><\/a>\n\t\t\t\t<\/dt><\/dl><dl class='gallery-item'>\n\t\t\t\t<dt class='gallery-icon landscape'>\n\t\t\t\t\t<a class=\"rollover rollover-zoom dt-pswp-item\" title=\"IMG-20221210-WA0013\" data-dt-img-description=\"\" data-large_image_width=\"1600\" data-large_image_height=\"1068\"href='https:\/\/www.radiopiu.net\/wordpress\/wp-content\/uploads\/2022\/12\/IMG-20221210-WA0013.jpg'><img loading=\"lazy\" decoding=\"async\" width=\"300\" height=\"200\" src=\"https:\/\/www.radiopiu.net\/wordpress\/wp-content\/uploads\/2022\/12\/IMG-20221210-WA0013-300x200.jpg\" class=\"attachment-medium size-medium\" alt=\"\" srcset=\"https:\/\/www.radiopiu.net\/wordpress\/wp-content\/uploads\/2022\/12\/IMG-20221210-WA0013-300x200.jpg 300w, https:\/\/www.radiopiu.net\/wordpress\/wp-content\/uploads\/2022\/12\/IMG-20221210-WA0013-1024x684.jpg 1024w, https:\/\/www.radiopiu.net\/wordpress\/wp-content\/uploads\/2022\/12\/IMG-20221210-WA0013-768x513.jpg 768w, https:\/\/www.radiopiu.net\/wordpress\/wp-content\/uploads\/2022\/12\/IMG-20221210-WA0013-1536x1025.jpg 1536w, https:\/\/www.radiopiu.net\/wordpress\/wp-content\/uploads\/2022\/12\/IMG-20221210-WA0013.jpg 1600w\" sizes=\"auto, (max-width: 300px) 100vw, 300px\" \/><\/a>\n\t\t\t\t<\/dt><\/dl><br style=\"clear: both\" \/>\n\t\t\t<\/div>\n\n<p>&nbsp;<\/p>\n<p>&nbsp;<\/p>\n<p>******<\/p>\n","protected":false},"excerpt":{"rendered":"<p>FELTRE Un doppio riconoscimento \u00e8 stato tributato questa mattina a Giulio De Bortoli per i suoi 51 anni di impegno all\u2019interno della Stazione del Soccorso alpino di Feltre: la civica benemerenza assegnata dal Comune di Feltre e la nomina a socio emerito da parte del Corpo nazionale soccorso alpino e speleologico. Un pensiero voluto per&hellip;<\/p>\n","protected":false},"author":4,"featured_media":310815,"comment_status":"closed","ping_status":"closed","sticky":false,"template":"","format":"standard","meta":{"_monsterinsights_skip_tracking":false,"_monsterinsights_sitenote_active":false,"_monsterinsights_sitenote_note":"","_monsterinsights_sitenote_category":0,"footnotes":""},"categories":[51,49],"tags":[],"class_list":["post-310814","post","type-post","status-publish","format-standard","has-post-thumbnail","hentry","category-evidenza-top","category-news-18","category-51","category-49","description-off"],"img_url":"https:\/\/www.radiopiu.net\/wordpress\/wp-content\/uploads\/2022\/12\/IMG-20221210-WA0015.jpg","_links":{"self":[{"href":"https:\/\/www.radiopiu.net\/wordpress\/wp-json\/wp\/v2\/posts\/310814","targetHints":{"allow":["GET"]}}],"collection":[{"href":"https:\/\/www.radiopiu.net\/wordpress\/wp-json\/wp\/v2\/posts"}],"about":[{"href":"https:\/\/www.radiopiu.net\/wordpress\/wp-json\/wp\/v2\/types\/post"}],"author":[{"embeddable":true,"href":"https:\/\/www.radiopiu.net\/wordpress\/wp-json\/wp\/v2\/users\/4"}],"replies":[{"embeddable":true,"href":"https:\/\/www.radiopiu.net\/wordpress\/wp-json\/wp\/v2\/comments?post=310814"}],"version-history":[{"count":0,"href":"https:\/\/www.radiopiu.net\/wordpress\/wp-json\/wp\/v2\/posts\/310814\/revisions"}],"wp:featuredmedia":[{"embeddable":true,"href":"https:\/\/www.radiopiu.net\/wordpress\/wp-json\/wp\/v2\/media\/310815"}],"wp:attachment":[{"href":"https:\/\/www.radiopiu.net\/wordpress\/wp-json\/wp\/v2\/media?parent=310814"}],"wp:term":[{"taxonomy":"category","embeddable":true,"href":"https:\/\/www.radiopiu.net\/wordpress\/wp-json\/wp\/v2\/categories?post=310814"},{"taxonomy":"post_tag","embeddable":true,"href":"https:\/\/www.radiopiu.net\/wordpress\/wp-json\/wp\/v2\/tags?post=310814"}],"curies":[{"name":"wp","href":"https:\/\/api.w.org\/{rel}","templated":true}]}}