{"id":311062,"date":"2022-12-11T23:59:27","date_gmt":"2022-12-11T22:59:27","guid":{"rendered":"https:\/\/www.radiopiu.net\/wordpress\/?p=311062"},"modified":"2022-12-11T17:37:15","modified_gmt":"2022-12-11T16:37:15","slug":"agordina-gemelle-rinviata-per-neve-male-gli-allievi-9-gol-subiti-dal-cavarzano-limana","status":"publish","type":"post","link":"https:\/\/www.radiopiu.net\/wordpress\/agordina-gemelle-rinviata-per-neve-male-gli-allievi-9-gol-subiti-dal-cavarzano-limana\/","title":{"rendered":"AGORDINA &#8211; GEMELLE RINVIATA PER NEVE. MALE GLI ALLIEVI, 9 GOL SUBITI DAL CAVARZANO LIMANA"},"content":{"rendered":"<p><strong><a class=\"dt-pswp-item\" href=\"https:\/\/www.radiopiu.net\/wordpress\/wp-content\/uploads\/2022\/12\/Schermata-2022-12-10-alle-11.56.39.png\" data-dt-img-description=\"\" data-large_image_width=\"1312\" data-large_image_height=\"704\"><img loading=\"lazy\" decoding=\"async\" class=\" wp-image-310773 alignleft\" src=\"https:\/\/www.radiopiu.net\/wordpress\/wp-content\/uploads\/2022\/12\/Schermata-2022-12-10-alle-11.56.39-300x161.png\" alt=\"\" width=\"211\" height=\"113\" srcset=\"https:\/\/www.radiopiu.net\/wordpress\/wp-content\/uploads\/2022\/12\/Schermata-2022-12-10-alle-11.56.39-300x161.png 300w, https:\/\/www.radiopiu.net\/wordpress\/wp-content\/uploads\/2022\/12\/Schermata-2022-12-10-alle-11.56.39-1024x549.png 1024w, https:\/\/www.radiopiu.net\/wordpress\/wp-content\/uploads\/2022\/12\/Schermata-2022-12-10-alle-11.56.39-768x412.png 768w, https:\/\/www.radiopiu.net\/wordpress\/wp-content\/uploads\/2022\/12\/Schermata-2022-12-10-alle-11.56.39.png 1312w\" sizes=\"auto, (max-width: 211px) 100vw, 211px\" \/><\/a>di Marco Gaz<\/strong><\/p>\n<p><strong>SECONDA CATEGORIA GIR. T \/ AGORDINA &#8211; GEMELLE RINVIATA A DATA DA DESTINARSI<\/strong><\/p>\n<p>La notizia era nell&#8217;aria ma la conferma \u00e8 arrivata poche ore prima del calcio d&#8217;inizio. La delegazione provinciale della LND, con a capo Orazio Zanin, ha rinviato la sfida\u00a0 tra Agordina e Gemelle valida per il campionato di Seconda Categoria girone T. Il match che si doveva giocare all&#8217;Ivano Dorigo di Agordo \u00e8 stato rinviato a data da destinarsi dopo le precipitazioni nevose che hanno interessato l&#8217;Agordino nelle ultime ore. Il campo di Agordo non \u00e8 praticabile e quindi di comune accordo le due societ\u00e0 hanno optato per recuperare la sfida pi\u00f9 avanti.<\/p>\n<p><strong>COSMO FORCELLA, PRESIDENTE DELL&#8217;AGORDINA<\/strong><\/p>\n<audio class=\"wp-audio-shortcode\" id=\"audio-311062-1\" preload=\"none\" style=\"width: 100%;\" controls=\"controls\"><source type=\"audio\/mpeg\" src=\"https:\/\/www.radiopiu.net\/wordpress\/wp-content\/uploads\/2022\/12\/COSMO-AGORDINA.mp3?_=1\" \/><a href=\"https:\/\/www.radiopiu.net\/wordpress\/wp-content\/uploads\/2022\/12\/COSMO-AGORDINA.mp3\">https:\/\/www.radiopiu.net\/wordpress\/wp-content\/uploads\/2022\/12\/COSMO-AGORDINA.mp3<\/a><\/audio>\n<p>&nbsp;<\/p>\n<p><strong>GIOVANISSIMI PROVINCIALI \/ AGORDINA RIPOSO INVERNALE<\/strong><\/p>\n<p>&nbsp;<\/p>\n<p><strong>ALLIEVI REGIONALI \/ CAVARZANO LIMANA \u2013 AGORDINA 9-0<\/strong><\/p>\n<p>Poco da dire per quanto riguarda il derby bellunese contro la prima della classe Cavarzano Limana. L\u2019Agordina non riesce a tenere il passo degli avversari che dilagano mettendo a segno ben 9 marcature. Partita a senso unico e agordini ancora in fondo alla classifica del torneo regionale.<\/p>\n<p>&nbsp;<\/p>\n<p><strong>JUNIORES PROVINCIALI \/ AGORDINA RIPOSO INVERNALE<\/strong><\/p>\n<p>&nbsp;<\/p>\n<p><strong>JUNIORES REGIONALI \/ MONTELLO \u2013 FIORI BARP 2-1<\/strong><\/p>\n<p>Seconda sconfitta consecutiva per la formazione allenata da De Lazzer e ancora una volta di misura. Sabato pomeriggio il Montello ha superato 2 a 1 il Fiori Barp nella partita valida per il campionato regionale Juniores. Un match giocato alla pari ma i trevigiani hanno avuto la meglio. Per il Fiori Barp a segno Hykolli.<\/p>\n<p>&nbsp;<\/p>\n<p>&nbsp;<\/p>\n<p>*****<\/p>\n","protected":false},"excerpt":{"rendered":"<p>di Marco Gaz SECONDA CATEGORIA GIR. T \/ AGORDINA &#8211; GEMELLE RINVIATA A DATA DA DESTINARSI La notizia era nell&#8217;aria ma la conferma \u00e8 arrivata poche ore prima del calcio d&#8217;inizio. La delegazione provinciale della LND, con a capo Orazio Zanin, ha rinviato la sfida\u00a0 tra Agordina e Gemelle valida per il campionato di Seconda&hellip;<\/p>\n","protected":false},"author":4,"featured_media":310773,"comment_status":"closed","ping_status":"closed","sticky":false,"template":"","format":"standard","meta":{"_monsterinsights_skip_tracking":false,"_monsterinsights_sitenote_active":false,"_monsterinsights_sitenote_note":"","_monsterinsights_sitenote_category":0,"footnotes":""},"categories":[49],"tags":[],"class_list":["post-311062","post","type-post","status-publish","format-standard","has-post-thumbnail","hentry","category-news-18","category-49","description-off"],"img_url":"https:\/\/www.radiopiu.net\/wordpress\/wp-content\/uploads\/2022\/12\/Schermata-2022-12-10-alle-11.56.39.png","_links":{"self":[{"href":"https:\/\/www.radiopiu.net\/wordpress\/wp-json\/wp\/v2\/posts\/311062","targetHints":{"allow":["GET"]}}],"collection":[{"href":"https:\/\/www.radiopiu.net\/wordpress\/wp-json\/wp\/v2\/posts"}],"about":[{"href":"https:\/\/www.radiopiu.net\/wordpress\/wp-json\/wp\/v2\/types\/post"}],"author":[{"embeddable":true,"href":"https:\/\/www.radiopiu.net\/wordpress\/wp-json\/wp\/v2\/users\/4"}],"replies":[{"embeddable":true,"href":"https:\/\/www.radiopiu.net\/wordpress\/wp-json\/wp\/v2\/comments?post=311062"}],"version-history":[{"count":0,"href":"https:\/\/www.radiopiu.net\/wordpress\/wp-json\/wp\/v2\/posts\/311062\/revisions"}],"wp:featuredmedia":[{"embeddable":true,"href":"https:\/\/www.radiopiu.net\/wordpress\/wp-json\/wp\/v2\/media\/310773"}],"wp:attachment":[{"href":"https:\/\/www.radiopiu.net\/wordpress\/wp-json\/wp\/v2\/media?parent=311062"}],"wp:term":[{"taxonomy":"category","embeddable":true,"href":"https:\/\/www.radiopiu.net\/wordpress\/wp-json\/wp\/v2\/categories?post=311062"},{"taxonomy":"post_tag","embeddable":true,"href":"https:\/\/www.radiopiu.net\/wordpress\/wp-json\/wp\/v2\/tags?post=311062"}],"curies":[{"name":"wp","href":"https:\/\/api.w.org\/{rel}","templated":true}]}}