{"id":311100,"date":"2022-12-13T05:39:26","date_gmt":"2022-12-13T04:39:26","guid":{"rendered":"https:\/\/www.radiopiu.net\/wordpress\/?p=311100"},"modified":"2022-12-13T08:56:02","modified_gmt":"2022-12-13T07:56:02","slug":"giornale-radiopiu-13-dicembre-2022-direttore-mirko-mezzacasa","status":"publish","type":"post","link":"https:\/\/www.radiopiu.net\/wordpress\/giornale-radiopiu-13-dicembre-2022-direttore-mirko-mezzacasa\/","title":{"rendered":"GIORNALE RADIOPIU 13 DICEMBRE 2022 DIRETTORE MIRKO MEZZACASA"},"content":{"rendered":"<h3 class=\"kvgmc6g5 cxmmr5t8 oygrvhab hcukyx3x c1et5uql\"><span style=\"color: #0000ff;\"><strong>RADIO PIU INFORMAZIONE il canale su TELEGRAM informazione di prima\u00a0 <\/strong><strong>mano e in tempo reale. iscriviti ed aiutaci a farlo conoscere<\/strong><\/span><\/h3>\n<p>&nbsp;<\/p>\n<div class=\"page-title-head hgroup\">\n<blockquote>\n<h3 class=\"entry-title\">MA CHE FREDDO FA?<\/h3>\n<\/blockquote>\n<\/div>\n<div class=\"page-title-breadcrumbs\">\n<div dir=\"ltr\"><img loading=\"lazy\" decoding=\"async\" class=\"alignleft\" src=\"https:\/\/www.radiopiu.net\/wordpress\/wp-content\/uploads\/2020\/10\/gelo-brina.jpg\" width=\"180\" height=\"135\" \/>Come previsto le temperature si sono abbassate, parecchio. Ecco i valori pi\u00f9 significativi misurati la scorsa notte. Castana (420 m-Valle del Posina) <b>-10.3\u00b0C <\/b>Santo Stefano di Cadore (905 m) &#8211;<b>13.5\u00b0C <\/b>Asiago (1016 m) <b>-21.9\u00b0C <\/b>Falcade (1150 m) <b>-14.0\u00b0C <\/b>Rocca Pietore-Boscoverde<span class=\"gmail_default\"> (1200 m)<\/span> <b>-15.5\u00b0C <\/b><b style=\"font-family: verdana, sans-serif;\">Per gli altri paesi e citt\u00e0 della regione si veda questa <a href=\"http:\/\/www.arpa.veneto.it\/bollettini\/meteo\/h24\/minmaxoggi\/minmaxodierne.htm\" target=\"_blank\" rel=\"noopener\">tabella<\/a><\/b><\/div>\n<div dir=\"ltr\"><b style=\"font-family: verdana, sans-serif;\">Si segnalano inoltre le temperature minime nelle localit\u00e0 normalmente pi\u00f9 fredde: <\/b><span class=\"gmail_default\">Val Visdende<\/span>\u00a0(BL-1240 m)<span class=\"gmail_default\"> <b>-18.8\u00b0<\/b><\/span><strong>C <\/strong><span class=\"gmail_default\">Paludetto di Misurina (BL-1741 m) <b>-29.8\u00b0C <\/b><\/span><span class=\"gmail_default\">Passo Cimabanche<\/span>\u00a0(BL-1530 m)\u00a0<span class=\"gmail_default\"><b>-22.6\u00b0C <\/b><\/span><span class=\"gmail_default\">Marmolada- arrivo funivia<\/span>\u00a0(BL-3256 m)<span class=\"gmail_default\"><b>-24.4\u00b0C <\/b><\/span><span class=\"gmail_default\">Piana di Marcesina<\/span>\u00a0(VI-1310 m)<span class=\"gmail_default\"><b>-25.2\u00b0C <\/b><\/span><span style=\"font-family: verdana, sans-serif;\"><span class=\"gmail_default\">Dolina Campoluzzo<\/span>\u00a0(VI-1768 m)<span class=\"gmail_default\"><b>-38.1\u00b0C <\/b><\/span><\/span><i><span style=\"font-family: verdana, sans-serif;\">Quest<span class=\"gmail_default\">&#8216;ultimo <\/span>dato va considerato come semplice curiosit\u00e0<span class=\"gmail_default\">, perch\u00e8 dovuto ad un particolare microclima<\/span> (registrato <span class=\"gmail_default\">inoltre <\/span>sul fondo di una conca, in una sperduta zona di montagna)\u00a0<\/span><\/i><\/div>\n<\/div>\n<p>&nbsp;<\/p>\n<p>&nbsp;<\/p>\n<p>&nbsp;<\/p>\n<h2><span style=\"color: #ff0000;\">ISCRIVITI AL NOSTRO CANALE YOUTUBE PER SEGUIRE IN DIRETTA I PRINCIPALI PROGRAMMI DI RADIO PIU&#8217; E LE FUTURE DIRETTE IN ESTERNA. PER ISCRIVERTI <a style=\"color: #ff0000;\" href=\"https:\/\/youtube.com\/@radiopiu1527\">CLICCA QUI<\/a> E PREMI IL TASTO &#8220;Iscriviti&#8221;<\/span><\/h2>\n<p>&nbsp;<\/p>\n<p>&nbsp;<\/p>\n<p><span dir=\"ltr\" role=\"presentation\">Su tutta la rete stradale in gestione a Veneto Strade<\/span><span dir=\"ltr\" role=\"presentation\"> la viabilit\u00e0 risulta regolare. <\/span><span dir=\"ltr\" role=\"presentation\">Si consiglia per il transito sui passi ad elevata pendenza di avere al seguito le catene da neve da <\/span><span dir=\"ltr\" role=\"presentation\">allestire sul veicolo in caso di necessit\u00e0, e prestare attenzione nei tratti in ombra di tratti ghiacciati. <\/span><span dir=\"ltr\" role=\"presentation\">Si raccomanda di prestare particolare attenzione per la presenza di mezzi sgombraneve in azione. <\/span><span dir=\"ltr\" role=\"presentation\">E\u2019 chiuso per periodo invernale il seguente tratto stradale: <\/span><span dir=\"ltr\" role=\"presentation\">&#8211;<\/span> <span dir=\"ltr\" role=\"presentation\">S.P. 33 \u201cdi Sauris\u201d<\/span> <span dir=\"ltr\" role=\"presentation\">dal km 0+000 (innesto S.P. 619) al km 6+800 (confine Provincia di Udine)\u00a0<\/span><\/p>\n<p>&nbsp;<\/p>\n<hr \/>\n<p>&nbsp;<\/p>\n<blockquote>\n<h3 class=\"entry-title\">E\u2019 MANCATO ROBERTO, LUTTO IN VALLE DEL BIOIS<\/h3>\n<\/blockquote>\n<p><strong><a class=\"dt-pswp-item\" href=\"https:\/\/www.radiopiu.net\/wordpress\/wp-content\/uploads\/2022\/12\/Senza-nome-61.jpg\" data-dt-img-description=\"\" data-large_image_width=\"224\" data-large_image_height=\"249\"><img loading=\"lazy\" decoding=\"async\" class=\"wp-image-311244 alignleft\" src=\"https:\/\/www.radiopiu.net\/wordpress\/wp-content\/uploads\/2022\/12\/Senza-nome-61.jpg\" alt=\"\" width=\"153\" height=\"170\" \/><\/a>FALCADE<\/strong> Un dolore, un dolore immenso, un&#8217;intera valle piegata dalla morte di un suo figlio, un giovane spentosi a soli 54 anni. Il finanziere Roberto Ganz, uomo del volontariato che ha dedicato molte ore della sua esistenza al Soccorso Alpino e alla passione per la montagna,\u00a0 come testimonia la fotografia sull&#8217;epigrafe che ha tolto il fiato agli amici, ai conoscenti che in queste ore stanno partecipando al dolore della moglie Patrizia e della figlia Valentina. Era il coscritto pi\u00f9 giovane del 1967, nato nell&#8217;ultimo giorno dell&#8217;anno. Roberto ha raggiunto il pap\u00e0 scomparso da poche settimane. Una malattia incurabile lo ha strappato agli affetti pi\u00f9 cari che oggi ringraziano la dottoressa Corazzin, il Dottor Magra, Giulia e Laura e il personale di Casa Tua Due di Belluno. I funerali si svolgeranno mercoledi alle 14.30 (preceduti dal rosario alle 14.30) nella chiesa parrocchiale di Falcade. Non mancheranno gli ex colleghi di Passo Rolle dove ha terminato il servizio con la Finanza, n\u00e8 quelli di Cortina, nel capoluogo ampezzano ha infatti lavorato per tanti\u00a0 anni.\u00a0 Ai famigliari di Roberto giunga l&#8217;abbraccio anche della redazione di Radio Pi\u00f9.<\/p>\n<blockquote><p><em>Il sindaco di Falcade, Mauro Salvaterra, \u00e8 anche coscritto di Roberto e nell&#8217;Agordino la coscrizione \u00e8 un legame importante e indissolubile che si cementa nel tempo. &#8220;Sono costernato &#8211; dice il sindaco &#8211; per una perdita gravissima per la sua famiglia soprattutto e per la comunit\u00e0,\u00a0 anche in considerazione del suo grande impegno nel Soccorso Alpino. Mi stringo alla famiglia portando il messaggio di cordoglio dell&#8217;amministrazione comunale e dell&#8217;intera comunit\u00e0 che rappresenta. Per noi \u00e8 un dolore immenso&#8221;.<\/em><\/p><\/blockquote>\n<p>&nbsp;<\/p>\n<p>&nbsp;<\/p>\n<hr \/>\n<p>&nbsp;<\/p>\n<blockquote>\n<h3 class=\"entry-title\">LUTTO IN CADORE, E\u2019 MANCATA L\u2019AMATA SUORA BRUNA DE MARCHI<\/h3>\n<p><em>Una vita spesa per il mondo dell\u2019educazione e per la pastorale sociale e del lavoro. Suor Bruna De Marchi, la religiosa di Candiana. Era il 19 novembre del 1956 quando suor Bruna,\u00a0<img decoding=\"async\" class=\"alignleft\" src=\"https:\/\/www.radiopiu.net\/wordpress\/wp-content\/uploads\/2022\/12\/Senza-nome-62.jpg\" \/>all\u2019et\u00e0 di 18 anni, veniva ordinata alla vita religiosa nella chiesa di Sant\u2019Alvise a Venezia. Il primo incarico la vide impegnata nell\u2019insegnamento in una scuola elementare di Trieste, per poi essere trasferita in un Istituto di Calalzo di Cadore in qualit\u00e0 di madre superiora.<\/em><\/p><\/blockquote>\n<p><strong>CADORE<\/strong>\u00a0Ultimo respiro per madre Bruna De Marchi nella comunit\u00e0 delle Suore Canossiane di Fonzaso. Aveva 84 anni ed \u00e8 stata l\u2019amata madre superiora della scuola materna di Calalzo. Ben 66 anni di impegno con le \u201cFiglie della Carit\u00e0 Canossiane, serve dei poveri\u201d. A darne notizia, dalla sua pagina facebook, Floriano Pellegrini che cos\u00ec la ricorda\u00a0<em>\u201cDonna estremamente dinamica, intraprendente, a Calalzo di Cadore era stata superiora della scuola materna negli anni \u201980. Insieme con lei, suor Ida, suor Maria e altre. La scuola materna sotto la loro guida divenne un cardine della vita del paese, in quegli anni in pieno sviluppo economico; sindaco, tra altri, era Giacomo Frescura, parroco don Lino Del Favero. Alla scuola materna si svolgevano incontri vocazionali, festicciole, proiezioni, dibattiti aperti al pubblico; poi, al sabato pomeriggio, una mezz\u2019oretta di preghiera nella bella cappellina\u201d.\u00a0<\/em>Era nata a Candiana (Padova) nel 1938 e si trovava a Fonzaso solo da due settimane, nella speranza di un recupero della salute, da tempo cagionevole. Madre Bruna era nota un po\u2019 in tutto il centro Cadore per il suo andare nelle case dei pi\u00f9 bisognosi a dire una parola di incoraggiamento, sia agli anziani come ai giovani, ma in particolare alle mamme, di cui era l\u2019indiscussa confidente.<\/p>\n<p>&nbsp;<\/p>\n<hr \/>\n<p>&nbsp;<\/p>\n<blockquote>\n<h3>LO SCI ALPINISTA TRAVOLTO DALLA VALANGA IN VAL DI FASSA NON CE L&#8217;HA FATTA<\/h3>\n<\/blockquote>\n<p><strong><img decoding=\"async\" class=\"alignleft\" src=\"https:\/\/www.radiopiu.net\/wordpress\/wp-content\/uploads\/2022\/12\/Senza-nome-63.jpg\" \/>CANAZEI<\/strong> Alessandro De Marchi, 44 anni di Cremona \u00e8 la prima vittima della stagione invernale iniziata da pochi giorni dopo le prime nevicate. Lo sci alpinista \u00e8 stato travolto da una valanga lo scorso sabato a San Nicolo&#8217; in alta Val di Fassa.\u00a0 Lavorava a Bolzano, \u00e8 rimasto sepolto dalla massa nevosa per oltre un&#8217;ora dalla\u00a0 valanga con un fronte di 70 metri. Due gli alpinisti coinvolti, Alessandro che ha perso la vita e un secondo sci alpinista che sepolto parzialmente \u00e8 riuscito a liberarsi. I soccorritori avevano estratto l&#8217;uomo in fin di vita, trasferito a valle senza l&#8217;ausilio dell&#8217;elicottero impossibilitato a prendere il volo a causa della nebbia. Il decesso all&#8217;ospedale Santa Chiara di Trento.<\/p>\n<p>&nbsp;<\/p>\n<hr \/>\n<p>&nbsp;<\/p>\n<blockquote>\n<h3>BLOCCATI DAGLI SCHIANTI E SENZA PILE PER ILLUMINARE IL SENTIERO<\/h3>\n<\/blockquote>\n<p><strong><a class=\"dt-pswp-item\" href=\"https:\/\/www.radiopiu.net\/wordpress\/wp-content\/uploads\/2018\/08\/soccorsoalpino.jpg\" data-dt-img-description=\"\" data-large_image_width=\"1200\" data-large_image_height=\"1200\"><img loading=\"lazy\" decoding=\"async\" class=\"wp-image-59164 alignleft\" src=\"https:\/\/www.radiopiu.net\/wordpress\/wp-content\/uploads\/2018\/08\/soccorsoalpino-300x300.jpg\" alt=\"\" width=\"106\" height=\"106\" srcset=\"https:\/\/www.radiopiu.net\/wordpress\/wp-content\/uploads\/2018\/08\/soccorsoalpino-300x300.jpg 300w, https:\/\/www.radiopiu.net\/wordpress\/wp-content\/uploads\/2018\/08\/soccorsoalpino-150x150.jpg 150w, https:\/\/www.radiopiu.net\/wordpress\/wp-content\/uploads\/2018\/08\/soccorsoalpino-768x768.jpg 768w, https:\/\/www.radiopiu.net\/wordpress\/wp-content\/uploads\/2018\/08\/soccorsoalpino-1024x1024.jpg 1024w, https:\/\/www.radiopiu.net\/wordpress\/wp-content\/uploads\/2018\/08\/soccorsoalpino.jpg 1200w\" sizes=\"auto, (max-width: 106px) 100vw, 106px\" \/><\/a>VAL DI ZOLDO<\/strong> Attorno alle 17 la Centrale del Suem ha allertato il Soccorso alpino della Val di Zoldo, a seguito della richiesta di una coppia di escursionisti, bloccati fuori sentiero dagli schianti, senza pile ormai tramontato il sole. I due 57enni di Padova, dopo essere saliti sullo Spiz Zuel, Agnelezze, durante il rientro, credendo di tagliare verso il paese, avevano iniziato a scendere lungo un canalone, finch\u00e9 ormai buio e ostacolati dalle piante a terra, avevano chiesto aiuto. Ottenuta la loro posizione Gps, una squadra \u00e8 risalita dal basso, l\u00ec ha individuati e raggiunti. Assieme all&#8217;uomo e alla donna, i soccorritori sono quindi tornati sul sentiero e poi a valle.<\/p>\n<p>&nbsp;<\/p>\n<hr \/>\n<p>&nbsp;<\/p>\n<blockquote>\n<h3>LA COMMOVENTE LETTERA DI AMY<\/h3>\n<\/blockquote>\n<p><img loading=\"lazy\" decoding=\"async\" class=\"alignleft\" src=\"https:\/\/www.radiopiu.net\/wordpress\/wp-content\/uploads\/2019\/09\/PIO-XI-MISURINA-300x200.jpeg\" width=\"143\" height=\"95\" \/><strong>VOLTAGO<\/strong>Riceviamo e volentieri pubblichiamo il pensiero di una giovanissima di Voltago inviato a Monsignor Enrico Solmi della Diocesi di Parma. Il riferimento al PioXII di Misurina ormai alle battute finali.<\/p>\n<p>&nbsp;<\/p>\n<blockquote><p><em>Ciao sono Amy\u00a0 ho dieci anni vivo con pap\u00e0 e mamma a Voltago Agordino provincia di Belluno, e ho una malattia: l&#8217;asma. Ho trovato dei medici che\u00a0 s&#8217;impegnano per curare questi piccoli ma grandi mostri che non mi fanno respirare bene. Dove?\u00a0 All&#8217;istituto Pio XII di Misurina. Le mando questa lettera per chiederle se pu\u00f2 apprezzare il lavoro dei pediatri\u00a0 pneumologi, psicologi e infermieri tenendo aperto l&#8217;istituto di Misurina. In pi\u00f9 aiuterebbe tutti noi bambini e ragazzi a combattere questi mostri del respiro. Quindi le richiedo di tenere aperto\u00a0 l&#8217;istituto Pio xII di Misurina . Ci aiuti a respirare e non ci tolga il respiro.<\/em><\/p>\n<div dir=\"auto\"><em>Grazie Amy\u00a0<\/em><\/div>\n<\/blockquote>\n<p>&nbsp;<\/p>\n<hr \/>\n<p>&nbsp;<\/p>\n<blockquote>\n<h2>ENEL E LA CENTRALE CHE NON C&#8217;E&#8217; PIU&#8217;<\/h2>\n<\/blockquote>\n<blockquote><p><em>L\u2019inaugurazione della centrale, nel 2017, era stata salutata come un significativo passaggio verso un\u2019economia e una produzione pi\u00f9 sostenibile, con l\u2019utilizzo della risorsa legno. Oggi quella centrale non esiste pi\u00f9. Conoscendo il mondo Luxottica viene comunque da pensare che l\u00ec non rimarr\u00e0 un &#8230; buco<\/em><\/p><\/blockquote>\n<p><strong><a class=\"dt-pswp-item\" href=\"https:\/\/www.radiopiu.net\/wordpress\/wp-content\/uploads\/2022\/12\/5f7a82d8-6dd8-4b9b-9bbe-b7ee328b2314.jpg\" data-dt-img-description=\"\" data-large_image_width=\"1600\" data-large_image_height=\"900\"><img loading=\"lazy\" decoding=\"async\" class=\"size-medium wp-image-311182 alignleft\" src=\"https:\/\/www.radiopiu.net\/wordpress\/wp-content\/uploads\/2022\/12\/5f7a82d8-6dd8-4b9b-9bbe-b7ee328b2314-300x169.jpg\" alt=\"\" width=\"300\" height=\"169\" srcset=\"https:\/\/www.radiopiu.net\/wordpress\/wp-content\/uploads\/2022\/12\/5f7a82d8-6dd8-4b9b-9bbe-b7ee328b2314-300x169.jpg 300w, https:\/\/www.radiopiu.net\/wordpress\/wp-content\/uploads\/2022\/12\/5f7a82d8-6dd8-4b9b-9bbe-b7ee328b2314-1024x576.jpg 1024w, https:\/\/www.radiopiu.net\/wordpress\/wp-content\/uploads\/2022\/12\/5f7a82d8-6dd8-4b9b-9bbe-b7ee328b2314-768x432.jpg 768w, https:\/\/www.radiopiu.net\/wordpress\/wp-content\/uploads\/2022\/12\/5f7a82d8-6dd8-4b9b-9bbe-b7ee328b2314-1536x864.jpg 1536w, https:\/\/www.radiopiu.net\/wordpress\/wp-content\/uploads\/2022\/12\/5f7a82d8-6dd8-4b9b-9bbe-b7ee328b2314.jpg 1600w\" sizes=\"auto, (max-width: 300px) 100vw, 300px\" \/><\/a>AGORDO<\/strong> La centrale Enel realizzata cinque anni fa in localit\u00e0 Valcozzena \u00e8 stata smontata pezzo per pezzo.<\/p>\n<p><em>&#8220;Questo progetto rappresenta un primo importante passo verso la creazione di una rete di impianti di generazione distribuita di piccola taglia su tutto il territorio nazionale, a servizio delle imprese. La scelta di Luxottica come nostro partner \u00e8 stata dettata dalla condivisione di valori importanti come l\u2019attenzione alla sostenibilit\u00e0 ambientale, sociale ed economica del territorio&#8221;<\/em> Una dichiarazione di\u00a0 Francesco Venturini, Direttore della divisone global e-Solutions di Enel, risale\u00a0 a cinque anni fa, quando nel settembre del 2017 venne inaugurata in pompa magna la centrale nei pressi dello stabilimento Luxottica di Agordo in localit\u00e0 Valcozzena. Cos\u00ec venivano anticipati gli scopi:\u00a0 una collaborazione con gli stakeholders locali per favorire la creazione di una filiera corta, con materiali provenienti dalla sola valle agordina, rendendo inoltre disponibile energia termica verde a basso costo per ridurre i consumi di combustibile fossile e le emissioni atmosferiche inquinanti. Era un progetto accattivante:\u00a0 potenza di 199kWe e 1,2MWt,\u00a0 impianto di minibiomassa trigenerativo che avrebbe soddisfatto il 40% del fabbisogno termico e il 60% del fabbisogno frigorifero dello stabilimento Luxottica.<\/p>\n<p>Dunque un impianto\u00a0 con obiettivo condiviso alla ricerca di un percorso di sostenibilit\u00e0 ambientale e sociale all\u2019interno del territorio agordino, area ad alto valore naturalistico ed inserita nella Strategia Nazionale di sviluppo delle Aree Interne. L\u2019impianto\u00a0 infatti doveva essere alimentato da sottoprodotti e scarti di origine forestale provenienti da filiera corta, non un&#8217;eccezione dopo l&#8217;uragano Vaia. Nell&#8217;ottobre del 2021 in un servizio a firma di Gianni Santomaso riportavamo:\u00a0 <em>&#8220;Delle tre parole, elettricit\u00e0, caldo e freddo, usate nel settembre di quattro anni fa da Enel e Luxottica nel presentare la centrale trigenerativa a biomasse realizzata a Valcozzena di Agordo, \u00e8 rimasta solo l\u2019ultima. Dal 10 ottobre 2020 la centrale che assicurava la quasi totalit\u00e0 del fabbisogno energetico dello stabilimento Luxottica di Agordo non funziona e le biomasse prodotte nella vallata agordina e destinate all\u2019impianto finiscono invece a Ravenna e Catania&#8221;.<\/em> Era sicuramente l&#8217;anticipazione a quanto si pu\u00f2 vedere quest&#8217;oggi alle spalle della grande struttura blu.<\/p>\n<p>&nbsp;<\/p>\n<p><strong>ARCHIVIO RADIOPIU, SETTEMBRE 2017 IL GIORNO DELL&#8217;INAUGURAZIONE<\/strong><\/p>\n\n\t\t\t<style type='text\/css'>\n\t\t\t\t#gallery-1 {\n\t\t\t\t\tmargin: auto;\n\t\t\t\t}\n\t\t\t\t#gallery-1 .gallery-item {\n\t\t\t\t\tfloat: left;\n\t\t\t\t\tmargin-top: 10px;\n\t\t\t\t\ttext-align: center;\n\t\t\t\t\twidth: 33%;\n\t\t\t\t}\n\t\t\t\t#gallery-1 img {\n\t\t\t\t\tborder: 2px solid #cfcfcf;\n\t\t\t\t}\n\t\t\t\t#gallery-1 .gallery-caption {\n\t\t\t\t\tmargin-left: 0;\n\t\t\t\t}\n\t\t\t\t\/* see gallery_shortcode() in wp-includes\/media.php *\/\n\t\t\t<\/style>\n\t\t<div id='gallery-1' class='dt-gallery-container gallery galleryid-311100 gallery-columns-3 gallery-size-thumbnail'><dl class='gallery-item'>\n\t\t\t\t<dt class='gallery-icon landscape'>\n\t\t\t\t\t<a class=\"rollover rollover-zoom dt-pswp-item\" title=\"2017-09-22 11.35.50\" data-dt-img-description=\"\" data-large_image_width=\"640\" data-large_image_height=\"480\"href='https:\/\/www.radiopiu.net\/wordpress\/wp-content\/uploads\/2022\/12\/2017-09-22-11.35.50.jpg'><img loading=\"lazy\" decoding=\"async\" width=\"150\" height=\"150\" src=\"https:\/\/www.radiopiu.net\/wordpress\/wp-content\/uploads\/2022\/12\/2017-09-22-11.35.50-150x150.jpg\" class=\"attachment-thumbnail size-thumbnail\" alt=\"\" \/><\/a>\n\t\t\t\t<\/dt><\/dl><dl class='gallery-item'>\n\t\t\t\t<dt class='gallery-icon landscape'>\n\t\t\t\t\t<a class=\"rollover rollover-zoom dt-pswp-item\" title=\"2017-09-22 11.30.44\" data-dt-img-description=\"\" data-large_image_width=\"640\" data-large_image_height=\"480\"href='https:\/\/www.radiopiu.net\/wordpress\/wp-content\/uploads\/2022\/12\/2017-09-22-11.30.44.jpg'><img loading=\"lazy\" decoding=\"async\" width=\"150\" height=\"150\" src=\"https:\/\/www.radiopiu.net\/wordpress\/wp-content\/uploads\/2022\/12\/2017-09-22-11.30.44-150x150.jpg\" class=\"attachment-thumbnail size-thumbnail\" alt=\"\" \/><\/a>\n\t\t\t\t<\/dt><\/dl><dl class='gallery-item'>\n\t\t\t\t<dt class='gallery-icon landscape'>\n\t\t\t\t\t<a class=\"rollover rollover-zoom dt-pswp-item\" title=\"2017-09-22 11.37.15\" data-dt-img-description=\"\" data-large_image_width=\"640\" data-large_image_height=\"480\"href='https:\/\/www.radiopiu.net\/wordpress\/wp-content\/uploads\/2022\/12\/2017-09-22-11.37.15.jpg'><img loading=\"lazy\" decoding=\"async\" width=\"150\" height=\"150\" src=\"https:\/\/www.radiopiu.net\/wordpress\/wp-content\/uploads\/2022\/12\/2017-09-22-11.37.15-150x150.jpg\" class=\"attachment-thumbnail size-thumbnail\" alt=\"\" \/><\/a>\n\t\t\t\t<\/dt><\/dl><br style=\"clear: both\" \/>\n\t\t\t<\/div>\n\n<p>&nbsp;<\/p>\n<p>&nbsp;<\/p>\n<hr \/>\n<p>&nbsp;<\/p>\n<blockquote>\n<h3>UNA SCARICA DI SASSI PIEGA UN PILONE DELL&#8217;ALTA TENSIONE TRA LISTOLADE E CENCENIGHE<\/h3>\n<\/blockquote>\n<p><strong>di Marco Gaz<\/strong><\/p>\n<p><strong>TAIBON<\/strong> Nella notte tra sabato e domenica una scarica di sassi ha colpito un pilone dell&#8217;alta tensione in Val Dei Gaf, la zona tra Listolade e Cencenighe sul versante delle Pale di San Lucano. Il traliccio \u00e8 stato completamente divelto dalla sua base dopo essere colpito da pi\u00f9 di un masso di grandi dimensioni. I tecnici di Terna sono gi\u00e0 stati sul posto per constatare i danni causati dalla frana. Purtroppo la zona \u00e8 spesso colpita da caduta massi. Dopo l&#8217;incendio del 2018 il terreno \u00e8 diventato fragile e il materiale scende a valle ancora oggi. Sembra che al momento la Valle del Biois sia alimentata dalla linea proveniente dalla Val di Fassa e che i tecnici di Terna abbiano gi\u00e0 portato dei generatori a Caviola e in localit\u00e0 Molino di Falcade.<\/p>\n<p>Terna ha anche provveduto ad inviare i generatori di corrente per far fronte alle necessit\u00e0 di elettricit\u00e0 delle utenze. Un mezzo pesante con un generatore di corrente utilizzato in queste situazioni \u00e8 stato messo in funzione nei pressi del piazzale del Dollaro, a Falcade. Un altro apparato\u00a0 per la produzione di corrente \u00e8 stato inviato al Piazzale dello Sport. \u00a0 &#8220;<em>Ho chiesto a Terna, parlando anche con il nostro ufficio tecnico &#8211; anticipa il sindaco Mauro Salvaterra- di non posizionare i generatori al Parco Giochi se si prevedono tempi lunghi per il ripristino della linea da 130mila volt. Questo per non creare ostacoli e quindi problema al grande evento previsto per fine anno con la festa al Parco Giochi di Falcade alla quale stiamo lavorando da tempo. Credo che la soluzione migliore si si posizionare i generatori in prossimit\u00e0 delle centrale Enel a Molino&#8221;.<\/em><\/p>\n\n\t\t\t<style type='text\/css'>\n\t\t\t\t#gallery-2 {\n\t\t\t\t\tmargin: auto;\n\t\t\t\t}\n\t\t\t\t#gallery-2 .gallery-item {\n\t\t\t\t\tfloat: left;\n\t\t\t\t\tmargin-top: 10px;\n\t\t\t\t\ttext-align: center;\n\t\t\t\t\twidth: 25%;\n\t\t\t\t}\n\t\t\t\t#gallery-2 img {\n\t\t\t\t\tborder: 2px solid #cfcfcf;\n\t\t\t\t}\n\t\t\t\t#gallery-2 .gallery-caption {\n\t\t\t\t\tmargin-left: 0;\n\t\t\t\t}\n\t\t\t\t\/* see gallery_shortcode() in wp-includes\/media.php *\/\n\t\t\t<\/style>\n\t\t<div id='gallery-2' class='dt-gallery-container gallery galleryid-311100 gallery-columns-4 gallery-size-thumbnail'><dl class='gallery-item'>\n\t\t\t\t<dt class='gallery-icon landscape'>\n\t\t\t\t\t<a class=\"rollover rollover-zoom dt-pswp-item\" title=\"pilone\" data-dt-img-description=\"\" data-large_image_width=\"964\" data-large_image_height=\"690\"href='https:\/\/www.radiopiu.net\/wordpress\/wp-content\/uploads\/2022\/12\/pilone.jpg'><img loading=\"lazy\" decoding=\"async\" width=\"150\" height=\"150\" src=\"https:\/\/www.radiopiu.net\/wordpress\/wp-content\/uploads\/2022\/12\/pilone-150x150.jpg\" class=\"attachment-thumbnail size-thumbnail\" alt=\"\" \/><\/a>\n\t\t\t\t<\/dt><\/dl><dl class='gallery-item'>\n\t\t\t\t<dt class='gallery-icon portrait'>\n\t\t\t\t\t<a class=\"rollover rollover-zoom dt-pswp-item\" title=\"8faf2b88-2da1-47bc-8c5e-2d71663ffa7f\" data-dt-img-description=\"\" data-large_image_width=\"1200\" data-large_image_height=\"1600\"href='https:\/\/www.radiopiu.net\/wordpress\/wp-content\/uploads\/2022\/12\/8faf2b88-2da1-47bc-8c5e-2d71663ffa7f.jpg'><img loading=\"lazy\" decoding=\"async\" width=\"150\" height=\"150\" src=\"https:\/\/www.radiopiu.net\/wordpress\/wp-content\/uploads\/2022\/12\/8faf2b88-2da1-47bc-8c5e-2d71663ffa7f-150x150.jpg\" class=\"attachment-thumbnail size-thumbnail\" alt=\"\" \/><\/a>\n\t\t\t\t<\/dt><\/dl><dl class='gallery-item'>\n\t\t\t\t<dt class='gallery-icon portrait'>\n\t\t\t\t\t<a class=\"rollover rollover-zoom dt-pswp-item\" title=\"9742b7ec-8a39-46c2-a050-165ebc2cd25c\" data-dt-img-description=\"\" data-large_image_width=\"1200\" data-large_image_height=\"1600\"href='https:\/\/www.radiopiu.net\/wordpress\/wp-content\/uploads\/2022\/12\/9742b7ec-8a39-46c2-a050-165ebc2cd25c.jpg'><img loading=\"lazy\" decoding=\"async\" width=\"150\" height=\"150\" src=\"https:\/\/www.radiopiu.net\/wordpress\/wp-content\/uploads\/2022\/12\/9742b7ec-8a39-46c2-a050-165ebc2cd25c-150x150.jpg\" class=\"attachment-thumbnail size-thumbnail\" alt=\"\" \/><\/a>\n\t\t\t\t<\/dt><\/dl><dl class='gallery-item'>\n\t\t\t\t<dt class='gallery-icon portrait'>\n\t\t\t\t\t<a class=\"rollover rollover-zoom dt-pswp-item\" title=\"57bb43ea-09c6-4dbd-b29c-e077cc176e82\" data-dt-img-description=\"\" data-large_image_width=\"1200\" data-large_image_height=\"1600\"href='https:\/\/www.radiopiu.net\/wordpress\/wp-content\/uploads\/2022\/12\/57bb43ea-09c6-4dbd-b29c-e077cc176e82.jpg'><img loading=\"lazy\" decoding=\"async\" width=\"150\" height=\"150\" src=\"https:\/\/www.radiopiu.net\/wordpress\/wp-content\/uploads\/2022\/12\/57bb43ea-09c6-4dbd-b29c-e077cc176e82-150x150.jpg\" class=\"attachment-thumbnail size-thumbnail\" alt=\"\" \/><\/a>\n\t\t\t\t<\/dt><\/dl><br style=\"clear: both\" \/><dl class='gallery-item'>\n\t\t\t\t<dt class='gallery-icon portrait'>\n\t\t\t\t\t<a class=\"rollover rollover-zoom dt-pswp-item\" title=\"748a7ca6-cf13-460c-b386-bd9d17a426d8\" data-dt-img-description=\"\" data-large_image_width=\"1200\" data-large_image_height=\"1600\"href='https:\/\/www.radiopiu.net\/wordpress\/wp-content\/uploads\/2022\/12\/748a7ca6-cf13-460c-b386-bd9d17a426d8.jpg'><img loading=\"lazy\" decoding=\"async\" width=\"150\" height=\"150\" src=\"https:\/\/www.radiopiu.net\/wordpress\/wp-content\/uploads\/2022\/12\/748a7ca6-cf13-460c-b386-bd9d17a426d8-150x150.jpg\" class=\"attachment-thumbnail size-thumbnail\" alt=\"\" \/><\/a>\n\t\t\t\t<\/dt><\/dl><dl class='gallery-item'>\n\t\t\t\t<dt class='gallery-icon portrait'>\n\t\t\t\t\t<a class=\"rollover rollover-zoom dt-pswp-item\" title=\"b33fc419-9fa8-4d08-b473-854fd61440fc\" data-dt-img-description=\"\" data-large_image_width=\"1200\" data-large_image_height=\"1600\"href='https:\/\/www.radiopiu.net\/wordpress\/wp-content\/uploads\/2022\/12\/b33fc419-9fa8-4d08-b473-854fd61440fc.jpg'><img loading=\"lazy\" decoding=\"async\" width=\"150\" height=\"150\" src=\"https:\/\/www.radiopiu.net\/wordpress\/wp-content\/uploads\/2022\/12\/b33fc419-9fa8-4d08-b473-854fd61440fc-150x150.jpg\" class=\"attachment-thumbnail size-thumbnail\" alt=\"\" \/><\/a>\n\t\t\t\t<\/dt><\/dl><dl class='gallery-item'>\n\t\t\t\t<dt class='gallery-icon portrait'>\n\t\t\t\t\t<a class=\"rollover rollover-zoom dt-pswp-item\" title=\"ca0221e2-b053-4e3f-af4b-a29e08dfb3c5\" data-dt-img-description=\"\" data-large_image_width=\"1200\" data-large_image_height=\"1600\"href='https:\/\/www.radiopiu.net\/wordpress\/wp-content\/uploads\/2022\/12\/ca0221e2-b053-4e3f-af4b-a29e08dfb3c5.jpg'><img loading=\"lazy\" decoding=\"async\" width=\"150\" height=\"150\" src=\"https:\/\/www.radiopiu.net\/wordpress\/wp-content\/uploads\/2022\/12\/ca0221e2-b053-4e3f-af4b-a29e08dfb3c5-150x150.jpg\" class=\"attachment-thumbnail size-thumbnail\" alt=\"\" \/><\/a>\n\t\t\t\t<\/dt><\/dl>\n\t\t\t\t<br style='clear: both' \/>\n\t\t\t<\/div>\n\n<p>&nbsp;<\/p>\n<hr \/>\n<p>&nbsp;<\/p>\n<blockquote>\n<h3>UNA PERICOLOSA PERDITA D&#8217;ACQUA SULLA STRADA DI CROSTOLIN<\/h3>\n<\/blockquote>\n<p><strong>AGORDO<\/strong> Il problema \u00e8 cronico, si ripresenta puntualmente,\u00a0 ma d&#8217;inverno \u00e8 anche peggio perch\u00e9 si forma uno spesso strato di ghiaccio che mette a rischio l&#8217;incolumit\u00e0 dei pedoni. Tra l&#8217;altro la strada\u00a0 in esame &#8211; privata- non risulta illuminata, l&#8217;unica luce filtra dalle abitazioni e dal parcheggio della vicina Pizzeria da Meto, quando le serrande non sono abbassate. Stiamo parlando della perdita d&#8217;acqua a Crostolin di Agordo, la traversa alla regionale 347 del Duran e Cereda che da Agordo porta a La Valle Agordina. Un abitante ha scritto a Gsp, che gi\u00e0 la scorsa estate \u00e8 pi\u00f9 volte intervenuto in zona,\u00a0 chiedendo per l&#8217;ennesima volta una risposta <em>&#8220;Avviso della perdita d&#8217;acqua dall&#8217;acquedotto con conseguenze versamento d&#8217;acqua lungo la strada di via Crostolin, fronte parcheggio pizzeria da Meto. La perdita insiste da un anno e mezzo. Chiediamo pertanto un intervento di sistemazione in modo da evitare disagi, particolarmente nel periodo invernale quando si forma uno strato di ghiaccio&#8221;<\/em>. Gsp a stretto giro di posta elettronica ha risposto, inviando la mail per conoscenza all&#8217;ufficio tecnico comunale<em> &#8220;La perdita in oggetto non ha origine dalle tubazioni dell&#8217;acquedotto gestito da Gestione Servizi Pubblici come gi\u00e0 comunicato dal tecnico di zona, abbiamo provveduto ad informare i tecnici competenti del Comune di Agordo. Trattandosi di acque meteoriche siamo spiacenti di comunicare che non possiamo intervenire alla problematica segnalata&#8221;. <\/em>Quindi il problema rimane, gli abitanti della zona di Crostolin dovranno imparare a convivere con la speranza che nessuno prima o poi scivoli e batta la testa, ma in quel caso, sicuramente, ci saranno le opportune indagini per stabilire competenze e responsabilit\u00e0.<em><br \/>\n<\/em><\/p>\n<p><em>foto 12 dicembre 2022<\/em><\/p>\n\n\t\t\t<style type='text\/css'>\n\t\t\t\t#gallery-3 {\n\t\t\t\t\tmargin: auto;\n\t\t\t\t}\n\t\t\t\t#gallery-3 .gallery-item {\n\t\t\t\t\tfloat: left;\n\t\t\t\t\tmargin-top: 10px;\n\t\t\t\t\ttext-align: center;\n\t\t\t\t\twidth: 33%;\n\t\t\t\t}\n\t\t\t\t#gallery-3 img {\n\t\t\t\t\tborder: 2px solid #cfcfcf;\n\t\t\t\t}\n\t\t\t\t#gallery-3 .gallery-caption {\n\t\t\t\t\tmargin-left: 0;\n\t\t\t\t}\n\t\t\t\t\/* see gallery_shortcode() in wp-includes\/media.php *\/\n\t\t\t<\/style>\n\t\t<div id='gallery-3' class='dt-gallery-container gallery galleryid-311100 gallery-columns-3 gallery-size-thumbnail'><dl class='gallery-item'>\n\t\t\t\t<dt class='gallery-icon portrait'>\n\t\t\t\t\t<a class=\"rollover rollover-zoom dt-pswp-item\" title=\"6169e7e3-2968-4b8d-8a70-255a0af6ec50\" data-dt-img-description=\"\" data-large_image_width=\"1200\" data-large_image_height=\"1600\"href='https:\/\/www.radiopiu.net\/wordpress\/wp-content\/uploads\/2022\/12\/6169e7e3-2968-4b8d-8a70-255a0af6ec50.jpg'><img loading=\"lazy\" decoding=\"async\" width=\"150\" height=\"150\" src=\"https:\/\/www.radiopiu.net\/wordpress\/wp-content\/uploads\/2022\/12\/6169e7e3-2968-4b8d-8a70-255a0af6ec50-150x150.jpg\" class=\"attachment-thumbnail size-thumbnail\" alt=\"\" \/><\/a>\n\t\t\t\t<\/dt><\/dl><dl class='gallery-item'>\n\t\t\t\t<dt class='gallery-icon landscape'>\n\t\t\t\t\t<a class=\"rollover rollover-zoom dt-pswp-item\" title=\"472e53af-f253-4626-8502-52a953ae8303\" data-dt-img-description=\"\" data-large_image_width=\"1600\" data-large_image_height=\"1200\"href='https:\/\/www.radiopiu.net\/wordpress\/wp-content\/uploads\/2022\/12\/472e53af-f253-4626-8502-52a953ae8303.jpg'><img loading=\"lazy\" decoding=\"async\" width=\"150\" height=\"150\" src=\"https:\/\/www.radiopiu.net\/wordpress\/wp-content\/uploads\/2022\/12\/472e53af-f253-4626-8502-52a953ae8303-150x150.jpg\" class=\"attachment-thumbnail size-thumbnail\" alt=\"\" \/><\/a>\n\t\t\t\t<\/dt><\/dl><dl class='gallery-item'>\n\t\t\t\t<dt class='gallery-icon landscape'>\n\t\t\t\t\t<a class=\"rollover rollover-zoom dt-pswp-item\" title=\"57a79d93-d3ce-473d-bb5b-261a4a148bac\" data-dt-img-description=\"\" data-large_image_width=\"1600\" data-large_image_height=\"1200\"href='https:\/\/www.radiopiu.net\/wordpress\/wp-content\/uploads\/2022\/12\/57a79d93-d3ce-473d-bb5b-261a4a148bac.jpg'><img loading=\"lazy\" decoding=\"async\" width=\"150\" height=\"150\" src=\"https:\/\/www.radiopiu.net\/wordpress\/wp-content\/uploads\/2022\/12\/57a79d93-d3ce-473d-bb5b-261a4a148bac-150x150.jpg\" class=\"attachment-thumbnail size-thumbnail\" alt=\"\" \/><\/a>\n\t\t\t\t<\/dt><\/dl><br style=\"clear: both\" \/>\n\t\t\t<\/div>\n\n<p>&nbsp;<\/p>\n<p><strong>\u00a0AD AGORDO PROBLEMA NOTO DA\u00a0 UN ANNO\u00a0<\/strong><\/p>\n<p><strong>AGORDO <\/strong><span class=\"x193iq5w xeuugli x13faqbe x1vvkbs x1xmvt09 x1lliihq x1s928wv xhkezso x1gmr53x x1cpjm7i x1fgarty x1943h6x xudqn12 x3x7a5m x6prxxf xvq8zen xo1l8bm xzsf02u x1yc453h\" dir=\"auto\">Persiste il problema a Crostolin di Agordo, dove la strada \u00e8 diventata uno specchio di ghiaccio tra le proteste di chi vi abita. GSP prende le distanze dicendo che non e&#8217; un suo problema (anche se in zona vi ha lavorato nel corso della bella stagione), per questo scrive al Comune di Agordo (Ufficio Tecnico). E qui casca l&#8217;asino, l&#8217;ufficio tecnico che non c&#8217;\u00e8. Non \u00e8 un problema nuovo, ma \u00e8 noto fin dallo scorso anno, dopo la riunione di Giunta convocata dall&#8217;assessore Giulio Favretti e che gi\u00e0 avevamo evidenziato nei notiziari dell&#8217;ottobre dello scorso anno.<\/span><\/p>\n<p><strong>ARCHIVIO RADIOPIU GENNAIO 2022<\/strong><\/p>\n<p><strong><a href=\"https:\/\/www.radiopiu.net\/wordpress\/una-semplice\/a6f2e1ab-3eee-4bd8-94c2-1e61077f1e91\/\" rel=\"attachment wp-att-151435\"><img loading=\"lazy\" decoding=\"async\" class=\"size-medium wp-image-151435 alignleft\" src=\"https:\/\/www.radiopiu.net\/wordpress\/wp-content\/uploads\/2020\/07\/a6f2e1ab-3eee-4bd8-94c2-1e61077f1e91-300x225.jpg\" alt=\"\" width=\"300\" height=\"225\" srcset=\"https:\/\/www.radiopiu.net\/wordpress\/wp-content\/uploads\/2020\/07\/a6f2e1ab-3eee-4bd8-94c2-1e61077f1e91-300x225.jpg 300w, https:\/\/www.radiopiu.net\/wordpress\/wp-content\/uploads\/2020\/07\/a6f2e1ab-3eee-4bd8-94c2-1e61077f1e91-768x576.jpg 768w, https:\/\/www.radiopiu.net\/wordpress\/wp-content\/uploads\/2020\/07\/a6f2e1ab-3eee-4bd8-94c2-1e61077f1e91.jpg 960w\" sizes=\"auto, (max-width: 300px) 100vw, 300px\" \/><\/a>AGORDO<\/strong><\/p>\n<p>di Gianni Santomaso<\/p>\n<audio class=\"wp-audio-shortcode\" id=\"audio-311100-1\" preload=\"none\" style=\"width: 100%;\" controls=\"controls\"><source type=\"audio\/mpeg\" src=\"https:\/\/www.radiopiu.net\/wordpress\/wp-content\/uploads\/2022\/01\/GIANNI-UFFICIO-TECNICO-AGORDO.mp3?_=1\" \/><a href=\"https:\/\/www.radiopiu.net\/wordpress\/wp-content\/uploads\/2022\/01\/GIANNI-UFFICIO-TECNICO-AGORDO.mp3\">https:\/\/www.radiopiu.net\/wordpress\/wp-content\/uploads\/2022\/01\/GIANNI-UFFICIO-TECNICO-AGORDO.mp3<\/a><\/audio>\n<p>&nbsp;<\/p>\n<p>&nbsp;<\/p>\n<p>&nbsp;<\/p>\n<hr \/>\n<p>&nbsp;<\/p>\n<blockquote>\n<h3>RIPRISTINATO IL GUASTO ALL&#8217;ACQUEDOTTO DI SORARU&#8217; E PEZZE&#8217;<\/h3>\n<\/blockquote>\n<p><strong><a class=\"dt-pswp-item\" href=\"https:\/\/www.radiopiu.net\/wordpress\/wp-content\/uploads\/2021\/09\/BICCHIERE-ACQUA-1.jpg\" data-dt-img-description=\"\" data-large_image_width=\"1920\" data-large_image_height=\"1280\"><img loading=\"lazy\" decoding=\"async\" class=\" wp-image-234653 alignleft\" src=\"https:\/\/www.radiopiu.net\/wordpress\/wp-content\/uploads\/2021\/09\/BICCHIERE-ACQUA-1-300x200.jpg\" alt=\"\" width=\"140\" height=\"93\" srcset=\"https:\/\/www.radiopiu.net\/wordpress\/wp-content\/uploads\/2021\/09\/BICCHIERE-ACQUA-1-300x200.jpg 300w, https:\/\/www.radiopiu.net\/wordpress\/wp-content\/uploads\/2021\/09\/BICCHIERE-ACQUA-1-1024x683.jpg 1024w, https:\/\/www.radiopiu.net\/wordpress\/wp-content\/uploads\/2021\/09\/BICCHIERE-ACQUA-1-768x512.jpg 768w, https:\/\/www.radiopiu.net\/wordpress\/wp-content\/uploads\/2021\/09\/BICCHIERE-ACQUA-1-1536x1024.jpg 1536w, https:\/\/www.radiopiu.net\/wordpress\/wp-content\/uploads\/2021\/09\/BICCHIERE-ACQUA-1.jpg 1920w\" sizes=\"auto, (max-width: 140px) 100vw, 140px\" \/><\/a>ROCCA PIETORE<\/strong> E&#8217; stato ripristinato il guasto che ha interessato le frazioni di Sorar\u00f9 e Pezz\u00e8 a Rocca Pietore. Un guasto avvenuto di domenica e il team di GSP ha riportato alla normalit\u00e0 la situazione. &#8220;Tutte le case dovrebbero essere quindi rientrate nella normalit\u00e0. Ringrazio i tecnici del Gsp che hanno lavorato con celerit\u00e0 a temperature esterne non certo piacevoli&#8221; le parole del primo cittadino Andrea De Bernardin.<\/p>\n<p>&nbsp;<\/p>\n<hr \/>\n<p>&nbsp;<\/p>\n<blockquote>\n<h3>SOLO DANNI AI VEICOLI NELL&#8217;INCIDENTE ALL&#8217;ALTANON<\/h3>\n<\/blockquote>\n<p><strong>FELTRE<\/strong> Botto per \u00a0una mancata precedenza ieri mattina attorno alle 9\u00a0 alla rotatoria dell&#8217;Altanon, incidente fortunatamente senza feriti, ma con diversi danni. Un trevigiano\u00a0 ha centrato con il suo Renault Kangoo una Mercedes condotta da una donna. Sul posto la polizia locale di Feltre<\/p>\n<p>&nbsp;<\/p>\n<hr \/>\n<p>&nbsp;<\/p>\n<blockquote>\n<h3>CONTROLLI SUL LAVORO, 30MILA EURO DI SANZIONI PER VIOLAZIONI IN MATERIA DI SICUREZZA<\/h3>\n<\/blockquote>\n<p><em>\u00a0 <strong><a class=\"dt-pswp-item\" href=\"https:\/\/www.radiopiu.net\/wordpress\/wp-content\/uploads\/2022\/12\/ec0f436c-20f8-4114-bab2-829e2d26a4ac.jpg\" data-dt-img-description=\"\" data-large_image_width=\"1024\" data-large_image_height=\"768\"><img loading=\"lazy\" decoding=\"async\" class=\" wp-image-311207 alignleft\" src=\"https:\/\/www.radiopiu.net\/wordpress\/wp-content\/uploads\/2022\/12\/ec0f436c-20f8-4114-bab2-829e2d26a4ac-300x225.jpg\" alt=\"\" width=\"244\" height=\"183\" srcset=\"https:\/\/www.radiopiu.net\/wordpress\/wp-content\/uploads\/2022\/12\/ec0f436c-20f8-4114-bab2-829e2d26a4ac-300x225.jpg 300w, https:\/\/www.radiopiu.net\/wordpress\/wp-content\/uploads\/2022\/12\/ec0f436c-20f8-4114-bab2-829e2d26a4ac-768x576.jpg 768w, https:\/\/www.radiopiu.net\/wordpress\/wp-content\/uploads\/2022\/12\/ec0f436c-20f8-4114-bab2-829e2d26a4ac.jpg 1024w\" sizes=\"auto, (max-width: 244px) 100vw, 244px\" \/><\/a>BELLUNO<\/strong> Nel corso dell\u2019ultimo bimestre i Carabinieri del Nucleo di Belluno hanno controllato\u00a0 18 aziende del settore edile, commerciale e\u00a0 studi professionali. I rappresentanti legali di queste attivit\u00e0 sono stati\u00a0 sanzionati per circa 30.000 euro e deferiti all\u2019Autorit\u00e0 Giudiziaria per una serie di violazioni in materia di sicurezza sul lavoro. Tra le condotte rilevate dai Carabinieri la mancanza di formazione al personale, l\u2019omissione delle visite mediche, ma anche il mancato aggiornamento del documento di valutazione dei rischi, obbligatorio per legge. Sono state controllate\u00a0 30 aziende ed esaminate 88 posizioni lavorative delle quali 5 non sono risultate in regola e sprovviste di ogni forma di copertura previdenziale e assicurativa. Due attivit\u00e0 di cantiere sono state sanzionate per 6.000 euro e sospese per gravi violazioni in materia di sicurezza nei luoghi di lavoro. Infine sono state accertate 15 violazioni amministrative per un valore di 26.000 euro a carico di alcuni legali rappresentanti, riferite alla disciplina che regola la legislazione sociale, ovvero le disposizioni legislative che tutelano le categorie dei lavoratori, con riferimento all\u2019infedele registrazione sul Libro Unico del Lavoro ed i contratti di lavoro irregolari. Le attivit\u00e0 di verifica e controllo dei Carabinieri del Nucleo Ispettorato del Lavoro proseguiranno anche nei prossimi mesi, attraverso un\u2019azione coordinata con le Stazioni territoriali, capaci di una efficace attivit\u00e0 di controllo del territorio.\u00a0<\/em><\/p>\n<p>&nbsp;<\/p>\n<p>&nbsp;<\/p>\n<hr \/>\n<p>&nbsp;<\/p>\n<blockquote>\n<h3>QUALITA&#8217; DELLA VITA, BELLUNO E MEDICI DI BASE 99^ POSIZIONE, PESANTI LE ORE DI CASSA INTEGRAZIONE (94^)<\/h3>\n<\/blockquote>\n<p><strong><img loading=\"lazy\" decoding=\"async\" class=\"alignleft\" src=\"https:\/\/www.radiopiu.net\/wordpress\/wp-content\/uploads\/2022\/01\/PADRIN-RADIO.png\" width=\"228\" height=\"132\" \/>BELLUNO<\/strong><\/p>\n<p><strong>di MORENO GIOLI OSPITE ROBERTO PADRIN<\/strong><\/p>\n<audio class=\"wp-audio-shortcode\" id=\"audio-311100-2\" preload=\"none\" style=\"width: 100%;\" controls=\"controls\"><source type=\"audio\/mpeg\" src=\"https:\/\/www.radiopiu.net\/wordpress\/wp-content\/uploads\/2022\/12\/moreno-gioli-qualita-della-vita.mp3?_=2\" \/><a href=\"https:\/\/www.radiopiu.net\/wordpress\/wp-content\/uploads\/2022\/12\/moreno-gioli-qualita-della-vita.mp3\">https:\/\/www.radiopiu.net\/wordpress\/wp-content\/uploads\/2022\/12\/moreno-gioli-qualita-della-vita.mp3<\/a><\/audio>\n<p>&nbsp;<\/p>\n<hr \/>\n<p>&nbsp;<\/p>\n<p>&nbsp;<\/p>\n<div class=\"page-title-head hgroup\">\n<blockquote>\n<h3 class=\"entry-title\">DE PELLEGRIN \u201cCE LA METTIAMO TUTTA MA SERVE PIU\u2019 ATTENZIONE PER LA MONTAGNA\u201d<\/h3>\n<\/blockquote>\n<\/div>\n<p><strong><img loading=\"lazy\" decoding=\"async\" class=\"alignleft\" src=\"https:\/\/www.radiopiu.net\/wordpress\/wp-content\/uploads\/2022\/04\/belluno-lambioi-4.jpg\" width=\"258\" height=\"145\" \/>BELLUNO<\/strong> prima per \u201cRicchezza e consumi\u201d nella classifica sulla Qualit\u00e0 della Vita del Sole 24 Ore. Ma nella graduatoria sull\u2019andamento generale, la provincia perde posizioni. <em>\u201cNon ci arrendiamo ad un 35esimo posto \u2013 dichiara il sindaco, Oscar De Pellegrin -, i sindaci ce la mettono tutta ma serve pi\u00f9 attenzione per la montagna da parte del Governo centrale\u201d.<\/em> La classifica fotografa l\u2019andamento provinciale del territorio e consegna, alla fine, una 35esima posizione. Si scontano i talloni d\u2019Achille di sempre, come lo spopolamento e la perdita di servizi. <em>\u201cDomenica si festeggiava la Giornata internazionale della montagna e oggi ci troviamo 35esimi nella classifica sulla Qualit\u00e0 della vita, sembra un paradosso \u2013 riflette il sindaco -, ed \u00e8 in effetti il paradosso in cui si trovano a vivere i territori montani: da un lato grandi apprezzamenti a parole, dall\u2019altro ancora pochi riconoscimenti in termini di politiche ad hoc e di fondi dedicati&#8221;. <\/em>La sotto classifica \u201cRicchezza e consumi\u201d che vede il Bellunese al primo posto, fotografa una comunit\u00e0 virtuosa in quanto a risparmio e tutto sommato agiata per quanto riguarda la capacit\u00e0 di spesa, un territorio dove gli affitti incidono meno che altrove sull\u2019economia delle famiglie e dove gli immobili sono pi\u00f9 ampi rispetto ai grandi centri urbani. Nell\u2019indicatore relativo al ricorso al reddito di cittadinanza, Belluno \u00e8 seconda dopo Bolzano con un\u2019incidenza quasi nulla di beneficiari, secondo posto anche per l\u2019indice sull\u2019ampiezza degli spazi abitativi e terzo per la puntualit\u00e0 nel pagamento delle fatture. <em>&#8220;Non dimentichiamo &#8211; conclude De Pellegrin &#8211; le performance positive della macro categoria \u201cGiustizia e sicurezza\u201d, che ci vede noni e in risalita rispetto all\u2019anno scorso. Abbiamo tutte le carte per confermarci una terra ospitale. Il mio \u00e8 un appello al Governo e al ministro Calderoli, perch\u00e9 la legge per la montagna diventi presto realt\u00e0&#8221;.<\/em><\/p>\n<p>&nbsp;<\/p>\n<p>&nbsp;<\/p>\n<hr \/>\n<blockquote>\n<h3><\/h3>\n<h3>BELLUNO MIGLIORE PROVINCIA PER QUALITA\u2019 DELLA VITA IN TERMINI DI RICCHEZZA E CONSUMI.<\/h3>\n<\/blockquote>\n<p><strong><img loading=\"lazy\" decoding=\"async\" class=\"alignleft\" src=\"https:\/\/www.radiopiu.net\/wordpress\/wp-content\/uploads\/2022\/04\/belluno-lambioi-1.jpg\" width=\"252\" height=\"142\" \/>VENEZIA\u00a0<\/strong> \u201cQuesto \u00e8 un riconoscimento a Belluno, ma \u00e8 anche un indicatore significativo che rappresenta un segnale incoraggiante per il futuro della montagna veneta. Il podio assegnato al capoluogo bellunese per \u2018ricchezza e consumi\u2019 guarda ad un contesto pi\u00f9 ampio e spinge ancora di pi\u00f9 a lavorare e guardare in prospettiva, in vista dell\u2019appuntamento delle Olimpiadi di Milano Cortina 2026\u201d. Sono le parole di soddisfazione e di plauso del Presidente della Regione del Veneto, Luca Zaia, di fronte alla 33esima edizione dell\u2019indagine curata dal Sole 24 Ore che pone al primo posto sul podio dei vincitori, per la migliore qualit\u00e0 della vita, proprio la provincia di Belluno, per l\u2019ambito \u2018ricchezza e consumi\u2019. \u201cImportante anche il riconoscimento assegnato alla provincia di Treviso \u2013 ha aggiunto il Presidente Zaia \u2013 per quanto riguarda l\u2019Indice della qualit\u00e0 della vita delle donne. Si tratta di un segnale significativo, che incoraggia ad impegnarsi sempre di pi\u00f9 affinch\u00e9 episodi come femminicidi e maltrattamenti, oggi purtroppo ancora all\u2019ordine del giorno, scompaiano una volta per tutte dalle pagine di cronaca\u201d.<\/p>\n<p>&nbsp;<\/p>\n<hr \/>\n<p>&nbsp;<\/p>\n<p>&nbsp;<\/p>\n<blockquote>\n<h3><a class=\"dt-pswp-item\" href=\"https:\/\/www.radiopiu.net\/wordpress\/wp-content\/uploads\/2019\/01\/zanoni-1.jpg\" data-dt-img-description=\"\" data-large_image_width=\"306\" data-large_image_height=\"165\"><img loading=\"lazy\" decoding=\"async\" class=\" wp-image-74906 alignleft\" src=\"https:\/\/www.radiopiu.net\/wordpress\/wp-content\/uploads\/2019\/01\/zanoni-1-300x162.jpg\" alt=\"\" width=\"209\" height=\"113\" srcset=\"https:\/\/www.radiopiu.net\/wordpress\/wp-content\/uploads\/2019\/01\/zanoni-1-300x162.jpg 300w, https:\/\/www.radiopiu.net\/wordpress\/wp-content\/uploads\/2019\/01\/zanoni-1.jpg 306w\" sizes=\"auto, (max-width: 209px) 100vw, 209px\" \/><\/a>PER ZANONI (PD) PER IL VENETO RISULTATI BEN LONTANI DAI RACCONTI<\/h3>\n<\/blockquote>\n<p><strong>VENEZIA <\/strong>&#8220;A Zaia non resta che aggrapparsi al dato di Belluno, in testa nella classifica per ricchezza e consumi per farsi come sempre bello e lanciare l&#8217;ennesimo spot in chiave olimpica. Per il resto il suo racconto del Veneto vincente ed eccellente viene spazzato via da questi dati al di sopra di ogni sospetto e che ci restituiscono uno scenario decisamente in calo per la qualit\u00e0 della vita nella nostra regione&#8221;. Questo il commento del consigliere regionale del PD Veneto, Andrea Zanoni, alla luce dei risultati dell&#8217;indagine annuale de Il Sole 24 Ore sulla qualit\u00e0 della vita in Italia.<\/p>\n<p>&nbsp;<\/p>\n<hr \/>\n<p>&nbsp;<\/p>\n<h2><span style=\"color: #ff0000;\">LAVORO<\/span><\/h2>\n<blockquote>\n<h3>ACC, VERSO LA CASSA INTEGRAZIONE<\/h3>\n<\/blockquote>\n<p><strong>BORGO VALBELLUNA<\/strong> E&#8217; previsto per venerdi alle 12 al ministero dell&#8217;industria e del Made in Italy (Mimit) con i\u00a0 sindacati di categoria dell&#8217;Acc di Mel.\u00a0 Sar\u00e0 importante\u00a0 nell&#8217;ottica di capire quali ammortizzatori sociali il governo intende garantire ai 188 lavoratori dell&#8217;ex Acc da qui al giugno 2024.\u00a0 I lavoratori di Acc sono\u00a0 preoccupati,\u00a0 rischiano di trovarsi per un altro anno senza alcuna indennit\u00e0.Nel frattempo Sest ha ripreso a pieno ritmo la produzione dopo la cassa partita ad ottobre scorso e si accinge ad assumere altri 30 ex lavoratori di Acc cos\u00ec da arrivare ai 70 previsti dal piano.<\/p>\n<p>&nbsp;<\/p>\n<blockquote>\n<h3>\u00a0IL REGALO DI NATALE DELLA CLIVET<\/h3>\n<\/blockquote>\n<p><strong>FELTRE\u00a0<\/strong> Welfare in Clivet,\u00a0 erogato il contributo da un minimo di 800 euro a un massimo di 1.300 euro per tutti coloro che hanno pi\u00f9 di 6 mesi di anzianit\u00e0 lavorativa, secondo i criteri condivisi con i sindacati. A questo prezioso contributo si aggiunge anche quello di 200 euro per le nuove persone assunte entro il 30 novembre 2022. Un premio anche per festeggiare la crescita di fatturato, a novembre\u00a0 del 27 per cento rispetto all&#8217;anno precedente e dell&#8217;8 per cento rispetto al budget.<\/p>\n<p>&nbsp;<\/p>\n<p>&nbsp;<\/p>\n<hr \/>\n<p>&nbsp;<\/p>\n<blockquote>\n<h3>COVID IN PROVINCIA, 4 DECESSI IN SETTE GIORNI DI ANZIANI TRA GLI 86 E I 92 ANNI<\/h3>\n<\/blockquote>\n<p><strong>BELLUNO<\/strong> L\u2019incidenza settimanale si attesta su valori compresi tra 300 e 400 casi su 100 mila abitanti. I nuovi casi si collocano, come di consueto, prevalentemente nella fascia d\u2019et\u00e0 centrale 45-64 anni. Ricoveri: 50 pazienti in area non critica, 6 negli ospedali di comunit\u00e0. Decessi di\u00a0 pazienti covid positivi: 9\/12: sono deceduti un uomo di anni 86, un uomo di anni 92, un uomo di anni 91;\u00a010\/12: \u00e8 deceduto un uomo di anni 90. Nella mappa dei nuovi casi ricompare il viola cupo (oltre 200 casi ogni 100mila abitanti) a Cibiana e Pedavena. Alto numero di contagi (tra i 1000 e 2000) nei Comuni di Selva di Cadore, Gosaldo, Soverzene, Ponte nella Alpini, l&#8217;Alpago e Seren del Grappa. Nessun caso in\u00a0 6 Comuni come da mappa sottostante.<\/p>\n\n\t\t\t<style type='text\/css'>\n\t\t\t\t#gallery-4 {\n\t\t\t\t\tmargin: auto;\n\t\t\t\t}\n\t\t\t\t#gallery-4 .gallery-item {\n\t\t\t\t\tfloat: left;\n\t\t\t\t\tmargin-top: 10px;\n\t\t\t\t\ttext-align: center;\n\t\t\t\t\twidth: 33%;\n\t\t\t\t}\n\t\t\t\t#gallery-4 img {\n\t\t\t\t\tborder: 2px solid #cfcfcf;\n\t\t\t\t}\n\t\t\t\t#gallery-4 .gallery-caption {\n\t\t\t\t\tmargin-left: 0;\n\t\t\t\t}\n\t\t\t\t\/* see gallery_shortcode() in wp-includes\/media.php *\/\n\t\t\t<\/style>\n\t\t<div id='gallery-4' class='dt-gallery-container gallery galleryid-311100 gallery-columns-3 gallery-size-thumbnail'><dl class='gallery-item'>\n\t\t\t\t<dt class='gallery-icon portrait'>\n\t\t\t\t\t<a class=\"rollover rollover-zoom dt-pswp-item\" title=\"254a8fa3-d339-4cf8-b509-b1c77921c561\" data-dt-img-description=\"\" data-large_image_width=\"957\" data-large_image_height=\"1011\"href='https:\/\/www.radiopiu.net\/wordpress\/wp-content\/uploads\/2022\/12\/254a8fa3-d339-4cf8-b509-b1c77921c561.jpg'><img loading=\"lazy\" decoding=\"async\" width=\"150\" height=\"150\" src=\"https:\/\/www.radiopiu.net\/wordpress\/wp-content\/uploads\/2022\/12\/254a8fa3-d339-4cf8-b509-b1c77921c561-150x150.jpg\" class=\"attachment-thumbnail size-thumbnail\" alt=\"\" \/><\/a>\n\t\t\t\t<\/dt><\/dl><dl class='gallery-item'>\n\t\t\t\t<dt class='gallery-icon landscape'>\n\t\t\t\t\t<a class=\"rollover rollover-zoom dt-pswp-item\" title=\"bc04dd4f-a769-47d2-a931-125c44635945\" data-dt-img-description=\"\" data-large_image_width=\"875\" data-large_image_height=\"426\"href='https:\/\/www.radiopiu.net\/wordpress\/wp-content\/uploads\/2022\/12\/bc04dd4f-a769-47d2-a931-125c44635945.jpg'><img loading=\"lazy\" decoding=\"async\" width=\"150\" height=\"150\" src=\"https:\/\/www.radiopiu.net\/wordpress\/wp-content\/uploads\/2022\/12\/bc04dd4f-a769-47d2-a931-125c44635945-150x150.jpg\" class=\"attachment-thumbnail size-thumbnail\" alt=\"\" \/><\/a>\n\t\t\t\t<\/dt><\/dl><dl class='gallery-item'>\n\t\t\t\t<dt class='gallery-icon landscape'>\n\t\t\t\t\t<a class=\"rollover rollover-zoom dt-pswp-item\" title=\"1cf9e072-3e6a-4581-b063-f738abd73910\" data-dt-img-description=\"\" data-large_image_width=\"792\" data-large_image_height=\"496\"href='https:\/\/www.radiopiu.net\/wordpress\/wp-content\/uploads\/2022\/12\/1cf9e072-3e6a-4581-b063-f738abd73910.jpg'><img loading=\"lazy\" decoding=\"async\" width=\"150\" height=\"150\" src=\"https:\/\/www.radiopiu.net\/wordpress\/wp-content\/uploads\/2022\/12\/1cf9e072-3e6a-4581-b063-f738abd73910-150x150.jpg\" class=\"attachment-thumbnail size-thumbnail\" alt=\"\" \/><\/a>\n\t\t\t\t<\/dt><\/dl><br style=\"clear: both\" \/>\n\t\t\t<\/div>\n\n<p>&nbsp;<\/p>\n<p><strong>di Tiziano De Col\u00a0<\/strong><\/p>\n\n\t\t\t<style type='text\/css'>\n\t\t\t\t#gallery-5 {\n\t\t\t\t\tmargin: auto;\n\t\t\t\t}\n\t\t\t\t#gallery-5 .gallery-item {\n\t\t\t\t\tfloat: left;\n\t\t\t\t\tmargin-top: 10px;\n\t\t\t\t\ttext-align: center;\n\t\t\t\t\twidth: 33%;\n\t\t\t\t}\n\t\t\t\t#gallery-5 img {\n\t\t\t\t\tborder: 2px solid #cfcfcf;\n\t\t\t\t}\n\t\t\t\t#gallery-5 .gallery-caption {\n\t\t\t\t\tmargin-left: 0;\n\t\t\t\t}\n\t\t\t\t\/* see gallery_shortcode() in wp-includes\/media.php *\/\n\t\t\t<\/style>\n\t\t<div id='gallery-5' class='dt-gallery-container gallery galleryid-311100 gallery-columns-3 gallery-size-medium'><dl class='gallery-item'>\n\t\t\t\t<dt class='gallery-icon landscape'>\n\t\t\t\t\t<a class=\"rollover rollover-zoom dt-pswp-item\" title=\"886f94b8-7033-4460-bced-2f906dd1489e\" data-dt-img-description=\"\" data-large_image_width=\"584\" data-large_image_height=\"364\"href='https:\/\/www.radiopiu.net\/wordpress\/wp-content\/uploads\/2022\/12\/886f94b8-7033-4460-bced-2f906dd1489e.jpg'><img loading=\"lazy\" decoding=\"async\" width=\"300\" height=\"187\" src=\"https:\/\/www.radiopiu.net\/wordpress\/wp-content\/uploads\/2022\/12\/886f94b8-7033-4460-bced-2f906dd1489e-300x187.jpg\" class=\"attachment-medium size-medium\" alt=\"\" srcset=\"https:\/\/www.radiopiu.net\/wordpress\/wp-content\/uploads\/2022\/12\/886f94b8-7033-4460-bced-2f906dd1489e-300x187.jpg 300w, https:\/\/www.radiopiu.net\/wordpress\/wp-content\/uploads\/2022\/12\/886f94b8-7033-4460-bced-2f906dd1489e.jpg 584w\" sizes=\"auto, (max-width: 300px) 100vw, 300px\" \/><\/a>\n\t\t\t\t<\/dt><\/dl><dl class='gallery-item'>\n\t\t\t\t<dt class='gallery-icon landscape'>\n\t\t\t\t\t<a class=\"rollover rollover-zoom dt-pswp-item\" title=\"c51c6389-bc22-44e3-859d-e2be78bf1028\" data-dt-img-description=\"\" data-large_image_width=\"602\" data-large_image_height=\"362\"href='https:\/\/www.radiopiu.net\/wordpress\/wp-content\/uploads\/2022\/12\/c51c6389-bc22-44e3-859d-e2be78bf1028.jpg'><img loading=\"lazy\" decoding=\"async\" width=\"300\" height=\"180\" src=\"https:\/\/www.radiopiu.net\/wordpress\/wp-content\/uploads\/2022\/12\/c51c6389-bc22-44e3-859d-e2be78bf1028-300x180.jpg\" class=\"attachment-medium size-medium\" alt=\"\" srcset=\"https:\/\/www.radiopiu.net\/wordpress\/wp-content\/uploads\/2022\/12\/c51c6389-bc22-44e3-859d-e2be78bf1028-300x180.jpg 300w, https:\/\/www.radiopiu.net\/wordpress\/wp-content\/uploads\/2022\/12\/c51c6389-bc22-44e3-859d-e2be78bf1028.jpg 602w\" sizes=\"auto, (max-width: 300px) 100vw, 300px\" \/><\/a>\n\t\t\t\t<\/dt><\/dl><dl class='gallery-item'>\n\t\t\t\t<dt class='gallery-icon landscape'>\n\t\t\t\t\t<a class=\"rollover rollover-zoom dt-pswp-item\" title=\"054c08f2-f10b-4ee6-8a15-117199f2603a\" data-dt-img-description=\"\" data-large_image_width=\"600\" data-large_image_height=\"352\"href='https:\/\/www.radiopiu.net\/wordpress\/wp-content\/uploads\/2022\/12\/054c08f2-f10b-4ee6-8a15-117199f2603a.jpg'><img loading=\"lazy\" decoding=\"async\" width=\"300\" height=\"176\" src=\"https:\/\/www.radiopiu.net\/wordpress\/wp-content\/uploads\/2022\/12\/054c08f2-f10b-4ee6-8a15-117199f2603a-300x176.jpg\" class=\"attachment-medium size-medium\" alt=\"\" srcset=\"https:\/\/www.radiopiu.net\/wordpress\/wp-content\/uploads\/2022\/12\/054c08f2-f10b-4ee6-8a15-117199f2603a-300x176.jpg 300w, https:\/\/www.radiopiu.net\/wordpress\/wp-content\/uploads\/2022\/12\/054c08f2-f10b-4ee6-8a15-117199f2603a.jpg 600w\" sizes=\"auto, (max-width: 300px) 100vw, 300px\" \/><\/a>\n\t\t\t\t<\/dt><\/dl><br style=\"clear: both\" \/>\n\t\t\t<\/div>\n\n<p>&nbsp;<\/p>\n<hr \/>\n<p>&nbsp;<\/p>\n<p><iframe loading=\"lazy\" title=\"INVISIBILI\" width=\"1200\" height=\"675\" src=\"https:\/\/www.youtube.com\/embed\/KUKMFZYMAJo?feature=oembed\" frameborder=\"0\" allow=\"accelerometer; autoplay; clipboard-write; encrypted-media; gyroscope; picture-in-picture\" allowfullscreen><\/iframe><\/p>\n<p>&nbsp;<\/p>\n<hr \/>\n<p>&nbsp;<\/p>\n<blockquote>\n<h3>ANDREA FIOCCO CONFERMATO SEGRETARIO GENERALE DELLA FP CGIL DI BELLUNO<\/h3>\n<\/blockquote>\n<p><strong><a class=\"dt-pswp-item\" href=\"https:\/\/www.radiopiu.net\/wordpress\/wp-content\/uploads\/2022\/12\/841927ab-432c-4da7-bda9-634cc6806766.jpg\" data-dt-img-description=\"\" data-large_image_width=\"2048\" data-large_image_height=\"921\"><img loading=\"lazy\" decoding=\"async\" class=\" wp-image-311295 alignleft\" src=\"https:\/\/www.radiopiu.net\/wordpress\/wp-content\/uploads\/2022\/12\/841927ab-432c-4da7-bda9-634cc6806766-300x135.jpg\" alt=\"\" width=\"220\" height=\"99\" srcset=\"https:\/\/www.radiopiu.net\/wordpress\/wp-content\/uploads\/2022\/12\/841927ab-432c-4da7-bda9-634cc6806766-300x135.jpg 300w, https:\/\/www.radiopiu.net\/wordpress\/wp-content\/uploads\/2022\/12\/841927ab-432c-4da7-bda9-634cc6806766-1024x461.jpg 1024w, https:\/\/www.radiopiu.net\/wordpress\/wp-content\/uploads\/2022\/12\/841927ab-432c-4da7-bda9-634cc6806766-768x345.jpg 768w, https:\/\/www.radiopiu.net\/wordpress\/wp-content\/uploads\/2022\/12\/841927ab-432c-4da7-bda9-634cc6806766-1536x691.jpg 1536w, https:\/\/www.radiopiu.net\/wordpress\/wp-content\/uploads\/2022\/12\/841927ab-432c-4da7-bda9-634cc6806766.jpg 2048w\" sizes=\"auto, (max-width: 220px) 100vw, 220px\" \/><\/a>BORGO VALBELLUNA<\/strong> A Mel si sono riunite le delegate e i delegati della FP CGIL per il Congresso di categoria. Dopo circa 2 mesi di assemblee in cui la CGIL ha incontrato in assemblea gli iscritti di tutte le aziende che segue, e\u0300 arrivato il giorno del congresso. Il congresso e\u0300 stato anche l\u2019occasione per rinnovare gli organismi statutari. Sono stati rinnovati il Comitato Direttivo e l\u2019Assemblea Generale. Sono stati eletti anche i delegati alle istanze superiori. L\u2019Assemblea ha poi sottoposto al voto il Segretario Generale, Andrea Fiocco, che e\u0300 stato confermato.<\/p>\n<p><strong>ANDREA FIOCCO, SEGRETARIO GENERALE FP CGIL BELLUNO<\/strong><\/p>\n<audio class=\"wp-audio-shortcode\" id=\"audio-311100-3\" preload=\"none\" style=\"width: 100%;\" controls=\"controls\"><source type=\"audio\/mpeg\" src=\"https:\/\/www.radiopiu.net\/wordpress\/wp-content\/uploads\/2022\/12\/ANDREA-FIOCCO-FP-CGIL.mp3?_=3\" \/><a href=\"https:\/\/www.radiopiu.net\/wordpress\/wp-content\/uploads\/2022\/12\/ANDREA-FIOCCO-FP-CGIL.mp3\">https:\/\/www.radiopiu.net\/wordpress\/wp-content\/uploads\/2022\/12\/ANDREA-FIOCCO-FP-CGIL.mp3<\/a><\/audio>\n<p>&nbsp;<\/p>\n<hr \/>\n<p>&nbsp;<\/p>\n<blockquote>\n<h3>SIGLATO ACCORDO TRA REGIONE VENETO E SINDACATI DIRIGENZA AREA SANITA\u2019<\/h3>\n<\/blockquote>\n<p><strong><a class=\"dt-pswp-item\" href=\"https:\/\/www.radiopiu.net\/wordpress\/wp-content\/uploads\/2021\/11\/INFERMIERE-OSS.png\" data-dt-img-description=\"\" data-large_image_width=\"1784\" data-large_image_height=\"1068\"><img loading=\"lazy\" decoding=\"async\" class=\" wp-image-242263 alignleft\" src=\"https:\/\/www.radiopiu.net\/wordpress\/wp-content\/uploads\/2021\/11\/INFERMIERE-OSS-300x180.png\" alt=\"\" width=\"172\" height=\"103\" srcset=\"https:\/\/www.radiopiu.net\/wordpress\/wp-content\/uploads\/2021\/11\/INFERMIERE-OSS-300x180.png 300w, https:\/\/www.radiopiu.net\/wordpress\/wp-content\/uploads\/2021\/11\/INFERMIERE-OSS-1024x613.png 1024w, https:\/\/www.radiopiu.net\/wordpress\/wp-content\/uploads\/2021\/11\/INFERMIERE-OSS-768x460.png 768w, https:\/\/www.radiopiu.net\/wordpress\/wp-content\/uploads\/2021\/11\/INFERMIERE-OSS-1536x920.png 1536w, https:\/\/www.radiopiu.net\/wordpress\/wp-content\/uploads\/2021\/11\/INFERMIERE-OSS.png 1784w\" sizes=\"auto, (max-width: 172px) 100vw, 172px\" \/><\/a>VENEZIA <\/strong>E\u2019 stato firmato nel corso di un incontro a Palazzo Molin, a Venezia, un Protocollo di Intesa fra la Regione Veneto e i Sindacati della dirigenza dell\u2019area sanit\u00e0 che individua alcune azioni strategiche e condivise volte al miglioramento del clima aziendale, nonch\u00e8 all\u2019avvio e al completamento della contrattazione integrativa aziendale. Il documento, sollecitato dalle parti sindacali e gi\u00e0 condiviso dall\u2019Assessore Lanzarin, rappresenta uno strumento di natura politico \u2013 sindacale per rispondere ad un crescente disagio contestuale e lavorativo e contrastare il fenomeno delle dimissioni \u201cinattese\u201d. \u201cIl Protocollo \u2013 fa notare la Lanzarin &#8211; mira, in primis, al monitoraggio e al miglioramento del clima aziendale, perch\u00e9 \u00e8 importante intervenire per capire le motivazioni dello spostamento di sanitari dal pubblico al privato\u201d. La Regione ha assunto l\u2019impegno di presentare alle OOSS i dati che emergeranno dall\u2019indagine di clima avviata nel mese di dicembre, in collaborazione con la Scuola S. Anna di Pisa, e di individuare, sulla base degli esiti, tre azioni specifiche migliorative in capo ai Direttori Generali. La Regione si \u00e8 impegnata, inoltre, a condividere annualmente, a decorrere dal 31. 3. 2023, il report sul livello del rischio clinico e di sicurezza sul lavoro, utilizzando la banca dati regionale, con indagini specifiche sul livello di sinistrosit\u00e0, verificando se questo ambito sia sufficientemente presidiato a livello aziendale e regionale.<\/p>\n<p>&nbsp;<\/p>\n<p>&nbsp;<\/p>\n<hr \/>\n<p>&nbsp;<\/p>\n<blockquote>\n<h3>MERCOLEDI&#8217; LA CGIL IN PIAZZA A LIMANA PER LO SCIOPERO GENERALE CONTRO LA LEGGE DI BILANCIO<\/h3>\n<\/blockquote>\n<p><strong><a class=\"dt-pswp-item\" href=\"https:\/\/www.radiopiu.net\/wordpress\/wp-content\/uploads\/2020\/12\/CGIL.jpg\" data-dt-img-description=\"\" data-large_image_width=\"512\" data-large_image_height=\"285\"><img loading=\"lazy\" decoding=\"async\" class=\" wp-image-180372 alignleft\" src=\"https:\/\/www.radiopiu.net\/wordpress\/wp-content\/uploads\/2020\/12\/CGIL-300x167.jpg\" alt=\"\" width=\"171\" height=\"95\" srcset=\"https:\/\/www.radiopiu.net\/wordpress\/wp-content\/uploads\/2020\/12\/CGIL-300x167.jpg 300w, https:\/\/www.radiopiu.net\/wordpress\/wp-content\/uploads\/2020\/12\/CGIL.jpg 512w\" sizes=\"auto, (max-width: 171px) 100vw, 171px\" \/><\/a>BELLUNO<\/strong> Sciopero generale proclamato dalla CGIL contro la Legge di Bilancio presentata dal Governo: nel mirino, le politiche del lavoro e quelle fiscali. In Veneto si scende in piazza mercoled\u00ec 14, nel Bellunese la protesta andr\u00e0 in scena in zona industriale a Limana.<\/p>\n<p><strong>di Daniele Dalvit<\/strong><\/p>\n<audio class=\"wp-audio-shortcode\" id=\"audio-311100-4\" preload=\"none\" style=\"width: 100%;\" controls=\"controls\"><source type=\"audio\/mpeg\" src=\"https:\/\/www.radiopiu.net\/wordpress\/wp-content\/uploads\/2022\/12\/DALVIT-MANIFESTAZIONE-CGIL.mp3?_=4\" \/><a href=\"https:\/\/www.radiopiu.net\/wordpress\/wp-content\/uploads\/2022\/12\/DALVIT-MANIFESTAZIONE-CGIL.mp3\">https:\/\/www.radiopiu.net\/wordpress\/wp-content\/uploads\/2022\/12\/DALVIT-MANIFESTAZIONE-CGIL.mp3<\/a><\/audio>\n<p>&nbsp;<\/p>\n<hr \/>\n<p>&nbsp;<\/p>\n<blockquote>\n<h3>IL CORSO DI REGIONE VENETO E ANCI VENETO PER POLIZIA LOCALE<\/h3>\n<\/blockquote>\n<p><strong><a class=\"dt-pswp-item\" href=\"https:\/\/www.radiopiu.net\/wordpress\/wp-content\/uploads\/2019\/12\/Corso-polizia-locale.jpg\" data-dt-img-description=\"\" data-large_image_width=\"1600\" data-large_image_height=\"1200\"><img loading=\"lazy\" decoding=\"async\" class=\" wp-image-108523 alignleft\" src=\"https:\/\/www.radiopiu.net\/wordpress\/wp-content\/uploads\/2019\/12\/Corso-polizia-locale-300x225.jpg\" alt=\"\" width=\"174\" height=\"131\" srcset=\"https:\/\/www.radiopiu.net\/wordpress\/wp-content\/uploads\/2019\/12\/Corso-polizia-locale-300x225.jpg 300w, https:\/\/www.radiopiu.net\/wordpress\/wp-content\/uploads\/2019\/12\/Corso-polizia-locale-768x576.jpg 768w, https:\/\/www.radiopiu.net\/wordpress\/wp-content\/uploads\/2019\/12\/Corso-polizia-locale-1024x768.jpg 1024w, https:\/\/www.radiopiu.net\/wordpress\/wp-content\/uploads\/2019\/12\/Corso-polizia-locale.jpg 1600w\" sizes=\"auto, (max-width: 174px) 100vw, 174px\" \/><\/a>VENEZIA <\/strong>\u201cIl valore fondamentale che la polizia locale del Veneto apporta alla pacifica e civile convivenza, ci d\u00e0 la spinta per impegnarci a fornire tutti gli strumenti necessari ai suoi operatori, affinch\u00e9 svolgano con sempre pi\u00f9 puntuale professionalit\u00e0 il loro encomiabile lavoro\u201d. Lo ha detto l\u2019assessore regionale a Territorio, Cultura, Sport e Sicurezza, Cristiano Corazzari, in occasione della presentazione del nuovo progetto formativo dedicato alla Polizia Locale del Veneto nato dalla collaborazione tra Regione del Veneto e Anci Veneto, finanziato dalla Regione con 100.000 euro. Si tratta di un nuovo modello di sinergia la Regione del Veneto ha affidato ad Anci Veneto la costruzione del percorso formativo con l\u2019obiettivo di offrire una formazione coesa e radicata a livello territoriale, e soprattutto accessibile a tutti essendo in parte svolta online. \u00c8 intervenuto alla presentazione il Presidente di Anci Veneto, Mario Conte.<\/p>\n<p>&nbsp;<\/p>\n<p>&nbsp;<\/p>\n<hr \/>\n<p>&nbsp;<\/p>\n<blockquote>\n<h3>CONSEGNATA LA COSTITUZIONE AI NEO DICIOTTENNI DI CANALE E VALLADA<\/h3>\n<\/blockquote>\n<h3><a class=\"dt-pswp-item\" href=\"https:\/\/www.radiopiu.net\/wordpress\/wp-content\/uploads\/2022\/12\/d4f7b88f-ea64-413b-93da-acc75cda4c16.jpg\" data-dt-img-description=\"\" data-large_image_width=\"1080\" data-large_image_height=\"607\"><img loading=\"lazy\" decoding=\"async\" class=\"size-medium wp-image-311301 alignleft\" src=\"https:\/\/www.radiopiu.net\/wordpress\/wp-content\/uploads\/2022\/12\/d4f7b88f-ea64-413b-93da-acc75cda4c16-300x169.jpg\" alt=\"\" width=\"300\" height=\"169\" srcset=\"https:\/\/www.radiopiu.net\/wordpress\/wp-content\/uploads\/2022\/12\/d4f7b88f-ea64-413b-93da-acc75cda4c16-300x169.jpg 300w, https:\/\/www.radiopiu.net\/wordpress\/wp-content\/uploads\/2022\/12\/d4f7b88f-ea64-413b-93da-acc75cda4c16-1024x576.jpg 1024w, https:\/\/www.radiopiu.net\/wordpress\/wp-content\/uploads\/2022\/12\/d4f7b88f-ea64-413b-93da-acc75cda4c16-768x432.jpg 768w, https:\/\/www.radiopiu.net\/wordpress\/wp-content\/uploads\/2022\/12\/d4f7b88f-ea64-413b-93da-acc75cda4c16.jpg 1080w\" sizes=\"auto, (max-width: 300px) 100vw, 300px\" \/><\/a><\/h3>\n<p><strong>CANALE D\u2019AGORDO<\/strong> Il significato profondo della Costituzione, l\u2019importanza degli stili comunicativi per costruire una societ\u00e0 democratica e rispettosa dei diritti di tutti, alcuni aspetti non scontati relativi alla donazione del sangue. \u00c8 stato un pomeriggio denso quello che le amministrazioni comunali di Canale d\u2019Agordo e Vallada hanno proposto sabato ai neo diciottenni dei due paesi, alle loro famiglie e alla cittadinanza intervenuti nella sala \u00abLina Zand\u00f2\u00bb collegata al museo Albino Luciani di Canale d\u2019Agordo. Anche quest\u2019anno i Comuni, di concerto con la sezione dei donatori di sangue di Canale e Vallada, hanno voluto consegnare una copia della Costituzione italiana e del Tricolore ai giovani. \u00abVi invito a non tenerla nel cassetto del comodino -ha detto il vicesindaco di Canale, Massimo Murer, rivolgendosi ai cinque dei nove neo maggiorenni presenti \u2013 ma a leggerla, in particolare i dodici principi fondamentali e la sezione diritti e doveri\u00bb. Il sindaco di Vallada, Fabio Luchetta, ha sottolineato la storia da cui \u00e8 nata la Costituzione, evidenziando come essa trovi origine in tutti i luoghi d\u2019Italia e quindi anche nella Valle del Biois. Come ogni anno, anche in questa occasione l\u2019assessora alla cultura di Canale d\u2019Agordo, Marilisa Luchetta, e Adriano Fiocco, segretario dei donatori di sangue, hanno voluto arricchire l\u2019evento con una testimonianza. Questa volta la scelta \u00e8 caduta sul Presidio Libera Agordino, nato da un paio di mesi. Il sodalizio ha proposto ai giovani e a tutti gli intervenuti una riflessione sugli stili comunicativi, tema che \u00e8 presente nel patto di presidio, una sorta di Costituzione del presidio stesso. Dopo aver illustrato i dieci articoli del &#8220;Manifesto della comunicazione non ostile&#8221;, i rappresentanti del presidio hanno portato all\u2019attenzione del pubblico alcune notizie: la recente denuncia da parte di Liliana Segre di coloro che l\u2019hanno insultata e minacciata online, il post sessista dell\u2019allora consigliere di minoranza a Belluno, Franco Roccon, nei confronti di Laura Boldrini, la fake news sullo scioglimento dei Pinguini Tattici Nucleari, una foto relativa alle vicende storiche dell\u2019Alto Adriatico usata in maniera errata. Hanno quindi chiesto ai presenti di associare la notizia a uno o pi\u00f9 articoli del manifesto della comunicazione non ostile. Infine, attraverso il bel video realizzato da Mara Serafini, dedicato all\u2019articolo \u00abLe parole danno forma al pensiero\u00bb, il presidio ha posto l\u2019accento sull\u2019articolo 1 della Dichiarazione dei diritti umani che, proprio il 10 dicembre, compiva 74 anni. Prima del finale in musica con protagoniste Chiara Nardi (voce) e Margherita Andrich (arpa), Adriano Fiocco, nel promuovere la donazione del sangue, ha ricordato che mentre in Italia essa \u00e8 gratuita e gestita e regolamentata (massimo quattro donazioni all\u2019anno per i maschi e due per le femmine) dallo Stato, altrove \u00e8 in mano ai privati che non pongono limiti e pagano i donatori. Un\u2019osservazione, quella di Fiocco, tesa a sottolineare l\u2019importanza del volontariato come pratica quotidiana gratuita di attenzione all\u2019altro.<\/p>\n<p>&nbsp;<\/p>\n<hr \/>\n<p>&nbsp;<\/p>\n<blockquote>\n<h3>A SUPPORTO DELLE DONNE VITTIME DI ABUSI, UN POMERIGGIO CON LES MAGOTS<\/h3>\n<\/blockquote>\n<p><a class=\"dt-pswp-item\" href=\"https:\/\/www.radiopiu.net\/wordpress\/wp-content\/uploads\/2022\/12\/Senza-nome-56.jpg\" data-dt-img-description=\"\" data-large_image_width=\"237\" data-large_image_height=\"154\"><img loading=\"lazy\" decoding=\"async\" class=\"size-full wp-image-311115 alignleft\" src=\"https:\/\/www.radiopiu.net\/wordpress\/wp-content\/uploads\/2022\/12\/Senza-nome-56.jpg\" alt=\"\" width=\"237\" height=\"154\" \/><\/a><strong>CANALE D&#8217;AGORDO<\/strong> Sabato alle 17.30, nella sala Emigranti di via Lotta l\u2019Associazione Belluno-Donna\u00a0 Les Magots,\u00a0 propone lo spettacolo \u201cCanzoni e parole raccontano le donne\u201d che rientra tra le iniziative che l\u2019Associazione promuove sul territorio e si inserisce in un dialogo pi\u00f9 ampio, avviato da mesi su un tema scottante ed attuale. La Giunta Comunale di Canale d\u2019Agordo e l\u2019Associazione Belluno-Donna hanno infatti stretto una collaborazione nel segno della lotta alla violenza contro le donne. L\u2019Amministrazione guidata dal sindaco Flavio Colcergnan ha approvato una convenzione con l\u2019Associazione guidata da Anna Cubattoli, convenzione nella quale delibera di assicurare un supporto non solo etico ma anche economico annuale pari a 20 centesimi per abitante a supporto delle donne vittime di abusi e maltrattamenti e che verr\u00e0 sottoscritta sabato nel corso della serata. Il contributo \u00e8 finalizzato a sostenere l\u2019attivit\u00e0 di Belluno-Donna che prevede, oltre all\u2019ospitalit\u00e0 temporanea di donne vittime di violenza in specifiche case rifugio, anche la consulenza legale e l\u2019accompagnamento nelle varie fasi del percorso di uscita dalla violenza. L\u2019attivit\u00e0 dell\u2019Associazione si esplica inoltre nella promozione di campagne di sensibilizzazione e nell\u2019organizzazione di ogni tipo di iniziativa che possa portare ad un cambiamento culturale nei confronti dell\u2019annoso problema che purtroppo ha radici profonde anche nel nostro territorio. Il progetto \u00e8 sostenuto dalle biblioteche della Valle del Biois, da Libera Agordino e dal CSV Belluno Treviso<\/p>\n<p>&nbsp;<\/p>\n<p>&nbsp;<\/p>\n<p>&nbsp;<\/p>\n<hr \/>\n<p>&nbsp;<\/p>\n<blockquote>\n<h3>&#8220;NATALE PER TUTTI&#8221; FA TAPPA IN PIAZZA DEI MARTIRI A BELLUNO<\/h3>\n<\/blockquote>\n<p><strong>BELLUNO<\/strong> Il \u201cNatale per tutti\u201d promosso dall&#8217;associazione CrossAbili e da Alvaro Dal Farra ha fatto tappa questa mattina in Piazza dei Martiri, a Belluno. Coinvolti nello spettacolo di freestyle e nella mototerapia centinaia di studenti e di persone con disabilit\u00e0.<\/p>\n<p><strong>di Daniele Dalvit<\/strong><\/p>\n<audio class=\"wp-audio-shortcode\" id=\"audio-311100-5\" preload=\"none\" style=\"width: 100%;\" controls=\"controls\"><source type=\"audio\/mpeg\" src=\"https:\/\/www.radiopiu.net\/wordpress\/wp-content\/uploads\/2022\/12\/DALVIT-NATALE-PER-TUTTI.mp3?_=5\" \/><a href=\"https:\/\/www.radiopiu.net\/wordpress\/wp-content\/uploads\/2022\/12\/DALVIT-NATALE-PER-TUTTI.mp3\">https:\/\/www.radiopiu.net\/wordpress\/wp-content\/uploads\/2022\/12\/DALVIT-NATALE-PER-TUTTI.mp3<\/a><\/audio>\n<p>&nbsp;<\/p>\n\n\t\t\t<style type='text\/css'>\n\t\t\t\t#gallery-6 {\n\t\t\t\t\tmargin: auto;\n\t\t\t\t}\n\t\t\t\t#gallery-6 .gallery-item {\n\t\t\t\t\tfloat: left;\n\t\t\t\t\tmargin-top: 10px;\n\t\t\t\t\ttext-align: center;\n\t\t\t\t\twidth: 25%;\n\t\t\t\t}\n\t\t\t\t#gallery-6 img {\n\t\t\t\t\tborder: 2px solid #cfcfcf;\n\t\t\t\t}\n\t\t\t\t#gallery-6 .gallery-caption {\n\t\t\t\t\tmargin-left: 0;\n\t\t\t\t}\n\t\t\t\t\/* see gallery_shortcode() in wp-includes\/media.php *\/\n\t\t\t<\/style>\n\t\t<div id='gallery-6' class='dt-gallery-container gallery galleryid-311100 gallery-columns-4 gallery-size-medium'><dl class='gallery-item'>\n\t\t\t\t<dt class='gallery-icon landscape'>\n\t\t\t\t\t<a class=\"rollover rollover-zoom dt-pswp-item\" title=\"b8673c4e-e2e3-40d2-9463-fd36617c7c36\" data-dt-img-description=\"\" data-large_image_width=\"2048\" data-large_image_height=\"1536\"href='https:\/\/www.radiopiu.net\/wordpress\/wp-content\/uploads\/2022\/12\/b8673c4e-e2e3-40d2-9463-fd36617c7c36.jpg'><img loading=\"lazy\" decoding=\"async\" width=\"300\" height=\"225\" src=\"https:\/\/www.radiopiu.net\/wordpress\/wp-content\/uploads\/2022\/12\/b8673c4e-e2e3-40d2-9463-fd36617c7c36-300x225.jpg\" class=\"attachment-medium size-medium\" alt=\"\" srcset=\"https:\/\/www.radiopiu.net\/wordpress\/wp-content\/uploads\/2022\/12\/b8673c4e-e2e3-40d2-9463-fd36617c7c36-300x225.jpg 300w, https:\/\/www.radiopiu.net\/wordpress\/wp-content\/uploads\/2022\/12\/b8673c4e-e2e3-40d2-9463-fd36617c7c36-1024x768.jpg 1024w, https:\/\/www.radiopiu.net\/wordpress\/wp-content\/uploads\/2022\/12\/b8673c4e-e2e3-40d2-9463-fd36617c7c36-768x576.jpg 768w, https:\/\/www.radiopiu.net\/wordpress\/wp-content\/uploads\/2022\/12\/b8673c4e-e2e3-40d2-9463-fd36617c7c36-1536x1152.jpg 1536w, https:\/\/www.radiopiu.net\/wordpress\/wp-content\/uploads\/2022\/12\/b8673c4e-e2e3-40d2-9463-fd36617c7c36.jpg 2048w\" sizes=\"auto, (max-width: 300px) 100vw, 300px\" \/><\/a>\n\t\t\t\t<\/dt><\/dl><dl class='gallery-item'>\n\t\t\t\t<dt class='gallery-icon landscape'>\n\t\t\t\t\t<a class=\"rollover rollover-zoom dt-pswp-item\" title=\"267d3623-0c09-4046-aeef-ddb458b94257\" data-dt-img-description=\"\" data-large_image_width=\"2048\" data-large_image_height=\"1536\"href='https:\/\/www.radiopiu.net\/wordpress\/wp-content\/uploads\/2022\/12\/267d3623-0c09-4046-aeef-ddb458b94257.jpg'><img loading=\"lazy\" decoding=\"async\" width=\"300\" height=\"225\" src=\"https:\/\/www.radiopiu.net\/wordpress\/wp-content\/uploads\/2022\/12\/267d3623-0c09-4046-aeef-ddb458b94257-300x225.jpg\" class=\"attachment-medium size-medium\" alt=\"\" srcset=\"https:\/\/www.radiopiu.net\/wordpress\/wp-content\/uploads\/2022\/12\/267d3623-0c09-4046-aeef-ddb458b94257-300x225.jpg 300w, https:\/\/www.radiopiu.net\/wordpress\/wp-content\/uploads\/2022\/12\/267d3623-0c09-4046-aeef-ddb458b94257-1024x768.jpg 1024w, https:\/\/www.radiopiu.net\/wordpress\/wp-content\/uploads\/2022\/12\/267d3623-0c09-4046-aeef-ddb458b94257-768x576.jpg 768w, https:\/\/www.radiopiu.net\/wordpress\/wp-content\/uploads\/2022\/12\/267d3623-0c09-4046-aeef-ddb458b94257-1536x1152.jpg 1536w, https:\/\/www.radiopiu.net\/wordpress\/wp-content\/uploads\/2022\/12\/267d3623-0c09-4046-aeef-ddb458b94257.jpg 2048w\" sizes=\"auto, (max-width: 300px) 100vw, 300px\" \/><\/a>\n\t\t\t\t<\/dt><\/dl><dl class='gallery-item'>\n\t\t\t\t<dt class='gallery-icon landscape'>\n\t\t\t\t\t<a class=\"rollover rollover-zoom dt-pswp-item\" title=\"0c367893-0e98-4c13-9f53-be1f514856c5\" data-dt-img-description=\"\" data-large_image_width=\"2048\" data-large_image_height=\"1536\"href='https:\/\/www.radiopiu.net\/wordpress\/wp-content\/uploads\/2022\/12\/0c367893-0e98-4c13-9f53-be1f514856c5.jpg'><img loading=\"lazy\" decoding=\"async\" width=\"300\" height=\"225\" src=\"https:\/\/www.radiopiu.net\/wordpress\/wp-content\/uploads\/2022\/12\/0c367893-0e98-4c13-9f53-be1f514856c5-300x225.jpg\" class=\"attachment-medium size-medium\" alt=\"\" srcset=\"https:\/\/www.radiopiu.net\/wordpress\/wp-content\/uploads\/2022\/12\/0c367893-0e98-4c13-9f53-be1f514856c5-300x225.jpg 300w, https:\/\/www.radiopiu.net\/wordpress\/wp-content\/uploads\/2022\/12\/0c367893-0e98-4c13-9f53-be1f514856c5-1024x768.jpg 1024w, https:\/\/www.radiopiu.net\/wordpress\/wp-content\/uploads\/2022\/12\/0c367893-0e98-4c13-9f53-be1f514856c5-768x576.jpg 768w, https:\/\/www.radiopiu.net\/wordpress\/wp-content\/uploads\/2022\/12\/0c367893-0e98-4c13-9f53-be1f514856c5-1536x1152.jpg 1536w, https:\/\/www.radiopiu.net\/wordpress\/wp-content\/uploads\/2022\/12\/0c367893-0e98-4c13-9f53-be1f514856c5.jpg 2048w\" sizes=\"auto, (max-width: 300px) 100vw, 300px\" \/><\/a>\n\t\t\t\t<\/dt><\/dl><dl class='gallery-item'>\n\t\t\t\t<dt class='gallery-icon landscape'>\n\t\t\t\t\t<a class=\"rollover rollover-zoom dt-pswp-item\" title=\"4973630a-e4fb-4b23-ad8d-44af8470d953\" data-dt-img-description=\"\" data-large_image_width=\"2048\" data-large_image_height=\"1536\"href='https:\/\/www.radiopiu.net\/wordpress\/wp-content\/uploads\/2022\/12\/4973630a-e4fb-4b23-ad8d-44af8470d953.jpg'><img loading=\"lazy\" decoding=\"async\" width=\"300\" height=\"225\" src=\"https:\/\/www.radiopiu.net\/wordpress\/wp-content\/uploads\/2022\/12\/4973630a-e4fb-4b23-ad8d-44af8470d953-300x225.jpg\" class=\"attachment-medium size-medium\" alt=\"\" srcset=\"https:\/\/www.radiopiu.net\/wordpress\/wp-content\/uploads\/2022\/12\/4973630a-e4fb-4b23-ad8d-44af8470d953-300x225.jpg 300w, https:\/\/www.radiopiu.net\/wordpress\/wp-content\/uploads\/2022\/12\/4973630a-e4fb-4b23-ad8d-44af8470d953-1024x768.jpg 1024w, https:\/\/www.radiopiu.net\/wordpress\/wp-content\/uploads\/2022\/12\/4973630a-e4fb-4b23-ad8d-44af8470d953-768x576.jpg 768w, https:\/\/www.radiopiu.net\/wordpress\/wp-content\/uploads\/2022\/12\/4973630a-e4fb-4b23-ad8d-44af8470d953-1536x1152.jpg 1536w, https:\/\/www.radiopiu.net\/wordpress\/wp-content\/uploads\/2022\/12\/4973630a-e4fb-4b23-ad8d-44af8470d953.jpg 2048w\" sizes=\"auto, (max-width: 300px) 100vw, 300px\" \/><\/a>\n\t\t\t\t<\/dt><\/dl><br style=\"clear: both\" \/>\n\t\t\t<\/div>\n\n<p>&nbsp;<\/p>\n<p><strong>ALVARO DAL FARRA<\/strong><\/p>\n<div style=\"width: 1200px;\" class=\"wp-video\"><video class=\"wp-video-shortcode\" id=\"video-311100-1\" width=\"1200\" height=\"675\" preload=\"metadata\" controls=\"controls\"><source type=\"video\/mp4\" src=\"https:\/\/www.radiopiu.net\/wordpress\/wp-content\/uploads\/2022\/12\/WhatsApp-Video-2022-12-12-at-19.16.51.mp4?_=1\" \/><a href=\"https:\/\/www.radiopiu.net\/wordpress\/wp-content\/uploads\/2022\/12\/WhatsApp-Video-2022-12-12-at-19.16.51.mp4\">https:\/\/www.radiopiu.net\/wordpress\/wp-content\/uploads\/2022\/12\/WhatsApp-Video-2022-12-12-at-19.16.51.mp4<\/a><\/video><\/div>\n<p>&nbsp;<\/p>\n<p><strong>PAOLO LUCIANI ASSESSORE AL TURISMO DI BELLUNO<\/strong><\/p>\n<div style=\"width: 1200px;\" class=\"wp-video\"><video class=\"wp-video-shortcode\" id=\"video-311100-2\" width=\"1200\" height=\"675\" preload=\"metadata\" controls=\"controls\"><source type=\"video\/mp4\" src=\"https:\/\/www.radiopiu.net\/wordpress\/wp-content\/uploads\/2022\/12\/WhatsApp-Video-2022-12-12-at-19.16.36.mp4?_=2\" \/><a href=\"https:\/\/www.radiopiu.net\/wordpress\/wp-content\/uploads\/2022\/12\/WhatsApp-Video-2022-12-12-at-19.16.36.mp4\">https:\/\/www.radiopiu.net\/wordpress\/wp-content\/uploads\/2022\/12\/WhatsApp-Video-2022-12-12-at-19.16.36.mp4<\/a><\/video><\/div>\n<p>&nbsp;<\/p>\n<hr \/>\n<p>&nbsp;<\/p>\n<blockquote>\n<h3 class=\"entry-title\">DILLO A RADIO PIU\u2019\u2026 GUASTO A PADOVA E DISAGI ANCHE A BELLUNO<\/h3>\n<\/blockquote>\n<p><strong>Da Roberto Mosca, riceviamo a pubblichiamo<\/strong><\/p>\n<p>&nbsp;<\/p>\n<p><img loading=\"lazy\" decoding=\"async\" class=\"alignleft\" src=\"https:\/\/www.radiopiu.net\/wordpress\/wp-content\/uploads\/2022\/12\/th-8.jpg\" width=\"200\" height=\"112\" \/>Per un guasto ad un treno sulla linea Venezia-Padova, disagi anche tra Treviso, Conegliano e Belluno, ma soprattutto in stazione a Padova nella prima mattinata di ieri, la causa:\u00a0 il ghiaccio formatosi con il forte abbassamento delle temperature. Il ritardo minore di 45 minuti, ma ci sono convogli che hanno aspettato prima di partire\u00a0 anche quattro ore. Il guasto sulla linea Venezia-Padova. Dal sito ViaggiaTreno del gruppo Trenitalia, dove viene aggiornato il traffico ferroviario in tempo reale, si scopriva ieri come i guasti nell\u2019area fossero molteplici: da una serie di inconvenienti tecnici sulle linee Bologna-Venezia e sul nodo di Verona ma soprattutto sulla linea Venezia-Vicenza (quest\u2019ultimo segnalato gia\u00e0 alle 5.10 del mattino) a un problema a un passaggio a livello sulla linea Rovigo-Verona.<\/p>\n<p>&nbsp;<\/p>\n<p>&nbsp;<\/p>\n<hr \/>\n<p>&nbsp;<\/p>\n<blockquote>\n<h3>SNOW MIKE, MICROFONI SULLA NEVE<\/h3>\n<\/blockquote>\n<p><strong><a class=\"dt-pswp-item\" href=\"https:\/\/www.radiopiu.net\/wordpress\/wp-content\/uploads\/2022\/12\/6804e1db-ee76-4013-b1ae-a47ae4c313ca.jpg\" data-dt-img-description=\"\" data-large_image_width=\"1024\" data-large_image_height=\"843\"><img loading=\"lazy\" decoding=\"async\" class=\" wp-image-310990 alignleft\" src=\"https:\/\/www.radiopiu.net\/wordpress\/wp-content\/uploads\/2022\/12\/6804e1db-ee76-4013-b1ae-a47ae4c313ca-300x247.jpg\" alt=\"\" width=\"187\" height=\"154\" srcset=\"https:\/\/www.radiopiu.net\/wordpress\/wp-content\/uploads\/2022\/12\/6804e1db-ee76-4013-b1ae-a47ae4c313ca-300x247.jpg 300w, https:\/\/www.radiopiu.net\/wordpress\/wp-content\/uploads\/2022\/12\/6804e1db-ee76-4013-b1ae-a47ae4c313ca-768x632.jpg 768w, https:\/\/www.radiopiu.net\/wordpress\/wp-content\/uploads\/2022\/12\/6804e1db-ee76-4013-b1ae-a47ae4c313ca.jpg 1024w\" sizes=\"auto, (max-width: 187px) 100vw, 187px\" \/><\/a>FALCADE<\/strong> Una giornata assieme ai pi\u00f9 famosi telecronisti della tv italiana sulla neve della Ski Area San Pellegrino. Si svolger\u00e0 oggi &#8220;Snow Mike, i telecronisti italiani pi\u00f9 famosi assieme a voi&#8221;. Alle 10 i telecronisti si cimenteranno in una gara di Slalom Gigante e la sera alle 20:30 in Birreria Pedavena di Pedavena l&#8217;incontro con i protagonisti.<\/p>\n<p>&nbsp;<\/p>\n<p>&nbsp;<\/p>\n<p><strong>RENZO MINELLA, RESPONSABILE MARKETING SKI AREA SAN PELLEGRINO<\/strong><\/p>\n<audio class=\"wp-audio-shortcode\" id=\"audio-311100-6\" preload=\"none\" style=\"width: 100%;\" controls=\"controls\"><source type=\"audio\/mpeg\" src=\"https:\/\/www.radiopiu.net\/wordpress\/wp-content\/uploads\/2022\/12\/MINELLA-SNOW-ON-MIKE.mp3?_=6\" \/><a href=\"https:\/\/www.radiopiu.net\/wordpress\/wp-content\/uploads\/2022\/12\/MINELLA-SNOW-ON-MIKE.mp3\">https:\/\/www.radiopiu.net\/wordpress\/wp-content\/uploads\/2022\/12\/MINELLA-SNOW-ON-MIKE.mp3<\/a><\/audio>\n<p>&nbsp;<\/p>\n<hr \/>\n<p>&nbsp;<\/p>\n<blockquote>\n<h3>GLI APPUNTAMENTI NATALIZI DI AD AGORDO PRO LOCO<\/h3>\n<\/blockquote>\n<p><strong><a class=\"dt-pswp-item\" href=\"https:\/\/www.radiopiu.net\/wordpress\/wp-content\/uploads\/2020\/07\/Daniele-Galligani.jpg\" data-dt-img-description=\"\" data-large_image_width=\"2048\" data-large_image_height=\"1362\"><img loading=\"lazy\" decoding=\"async\" class=\" wp-image-149501 alignleft\" src=\"https:\/\/www.radiopiu.net\/wordpress\/wp-content\/uploads\/2020\/07\/Daniele-Galligani-300x200.jpg\" alt=\"\" width=\"182\" height=\"121\" srcset=\"https:\/\/www.radiopiu.net\/wordpress\/wp-content\/uploads\/2020\/07\/Daniele-Galligani-300x200.jpg 300w, https:\/\/www.radiopiu.net\/wordpress\/wp-content\/uploads\/2020\/07\/Daniele-Galligani-1024x681.jpg 1024w, https:\/\/www.radiopiu.net\/wordpress\/wp-content\/uploads\/2020\/07\/Daniele-Galligani-768x511.jpg 768w, https:\/\/www.radiopiu.net\/wordpress\/wp-content\/uploads\/2020\/07\/Daniele-Galligani-1536x1022.jpg 1536w, https:\/\/www.radiopiu.net\/wordpress\/wp-content\/uploads\/2020\/07\/Daniele-Galligani.jpg 2048w\" sizes=\"auto, (max-width: 182px) 100vw, 182px\" \/><\/a>di Mirko Mezzacasa<\/strong><\/p>\n<p>OSPITE: Daniele Galligani, presidente AD Agordo Pro Loco<\/p>\n<audio class=\"wp-audio-shortcode\" id=\"audio-311100-7\" preload=\"none\" style=\"width: 100%;\" controls=\"controls\"><source type=\"audio\/mpeg\" src=\"https:\/\/www.radiopiu.net\/wordpress\/wp-content\/uploads\/2022\/12\/DANIELE-GALLIGANI.mp3?_=7\" \/><a href=\"https:\/\/www.radiopiu.net\/wordpress\/wp-content\/uploads\/2022\/12\/DANIELE-GALLIGANI.mp3\">https:\/\/www.radiopiu.net\/wordpress\/wp-content\/uploads\/2022\/12\/DANIELE-GALLIGANI.mp3<\/a><\/audio>\n<p>&nbsp;<\/p>\n<hr \/>\n<p>&nbsp;<\/p>\n<blockquote>\n<h3>LA DECIMA EDIZIONE DI RIVA NADAL A RIVAMONTE<\/h3>\n<\/blockquote>\n<p><strong><a class=\"dt-pswp-item\" href=\"https:\/\/www.radiopiu.net\/wordpress\/wp-content\/uploads\/2021\/12\/RIVA-NADAL.png\" data-dt-img-description=\"\" data-large_image_width=\"620\" data-large_image_height=\"412\"><img loading=\"lazy\" decoding=\"async\" class=\" wp-image-247592 alignleft\" src=\"https:\/\/www.radiopiu.net\/wordpress\/wp-content\/uploads\/2021\/12\/RIVA-NADAL-300x199.png\" alt=\"\" width=\"204\" height=\"135\" srcset=\"https:\/\/www.radiopiu.net\/wordpress\/wp-content\/uploads\/2021\/12\/RIVA-NADAL-300x199.png 300w, https:\/\/www.radiopiu.net\/wordpress\/wp-content\/uploads\/2021\/12\/RIVA-NADAL.png 620w\" sizes=\"auto, (max-width: 204px) 100vw, 204px\" \/><\/a>di Mirko Mezzacasa<\/strong><\/p>\n<p>OSPITE: Giacomo Bressan, Pro Loco Rivamonte<\/p>\n<audio class=\"wp-audio-shortcode\" id=\"audio-311100-8\" preload=\"none\" style=\"width: 100%;\" controls=\"controls\"><source type=\"audio\/mpeg\" src=\"https:\/\/www.radiopiu.net\/wordpress\/wp-content\/uploads\/2022\/12\/RIVA-NADAL-2022-DICEMBRE-1.mp3?_=8\" \/><a href=\"https:\/\/www.radiopiu.net\/wordpress\/wp-content\/uploads\/2022\/12\/RIVA-NADAL-2022-DICEMBRE-1.mp3\">https:\/\/www.radiopiu.net\/wordpress\/wp-content\/uploads\/2022\/12\/RIVA-NADAL-2022-DICEMBRE-1.mp3<\/a><\/audio>\n<p>&nbsp;<\/p>\n<hr \/>\n<p>&nbsp;<\/p>\n<blockquote>\n<h3 class=\"entry-title\">\u201cSCAIE DE COR\u201d DI FABIO RUFUS BRISTOT<\/h3>\n<p><em class=\"photoswipe-wrapper\"><a class=\"dt-pswp-item pspw-wrap-ready\" href=\"https:\/\/www.radiopiu.net\/wordpress\/wp-content\/uploads\/2022\/12\/rufus-SCAIE-52-copia.jpg\" data-dt-img-description=\"\" data-large_image_width=\"2500\" data-large_image_height=\"1786\"><img loading=\"lazy\" decoding=\"async\" class=\"size-medium wp-image-310370 alignleft\" src=\"https:\/\/www.radiopiu.net\/wordpress\/wp-content\/uploads\/2022\/12\/rufus-SCAIE-52-copia-300x214.jpg\" sizes=\"auto, (max-width: 300px) 100vw, 300px\" srcset=\"https:\/\/www.radiopiu.net\/wordpress\/wp-content\/uploads\/2022\/12\/rufus-SCAIE-52-copia-300x214.jpg 300w, https:\/\/www.radiopiu.net\/wordpress\/wp-content\/uploads\/2022\/12\/rufus-SCAIE-52-copia-1024x732.jpg 1024w, https:\/\/www.radiopiu.net\/wordpress\/wp-content\/uploads\/2022\/12\/rufus-SCAIE-52-copia-768x549.jpg 768w, https:\/\/www.radiopiu.net\/wordpress\/wp-content\/uploads\/2022\/12\/rufus-SCAIE-52-copia-1536x1097.jpg 1536w, https:\/\/www.radiopiu.net\/wordpress\/wp-content\/uploads\/2022\/12\/rufus-SCAIE-52-copia-2048x1463.jpg 2048w\" alt=\"\" width=\"300\" height=\"214\" \/><\/a>\u201cun\u2019iniziativa magari modesta, ma che nel medio periodo ha avuto diverse sollecitazioni perch\u00e8 fosse finalizzata e diventasse un libretto\u201d.<\/em><\/p><\/blockquote>\n<p><strong>BELLUNO\u00a0<\/strong> Venerd\u00ec 16 dicembre\u00a0 alle 18.30 in Sala Muccin \u2013 Centro Giovanni XXIII (Piazza Piloni \u2013 Belluno), si terr\u00e0 la presentazione del volume \u201cScaie de Cor, pensieri e parole in dialetto belumat\u201d, realizzato da Fabio Rufus Bristot.\u00a0 Dall\u2019 \u201cabstract\u201d\u00a0<em>\u201cScaie de cor\u201d, scaglie, pezzi \u2018del\u2019 cuore e \u2018dal\u2019 cuore, cuore che si spezza, dunque, in tante scaglie, pezzi che si generano, erompono e si dipartono da un\u2019intimit\u00e0 reale o da una, viceversa, apparente e illusoria, dove invece la fantasia \u00e8 diventata padrona assoluta del dire\u201d.\u00a0<\/em><em>\u201cScaie<\/em>\u00a0<em>de cor<\/em>\u201d, scaglie, pezzi \u2018del\u2019 cuore e \u2018dal\u2019 cuore, stati emotivi che possono essere anche assimilati o associati ad altri soggetti o alle dinamiche del nostro vivere sociale e alle sue distorsioni e devianze, all\u2019immoralit\u00e0 di talune circostanze o di determinati contesti.\u00a0 \u00a0Presenter\u00e0 e moderer\u00e0 la serata Dino Bridda, mentre dar\u00e0 lettura di alcuni brani Sandro Neri<\/p>\n<p>&nbsp;<\/p>\n<p>&nbsp;<\/p>\n<hr \/>\n<p>&nbsp;<\/p>\n<h2>L&#8217;ALBERO DEI BUONI AUSPICI<\/h2>\n<p><a class=\"dt-pswp-item\" href=\"https:\/\/www.radiopiu.net\/wordpress\/wp-content\/uploads\/2022\/12\/lalbero-dei-buoni-auspici-2.jpg\" data-dt-img-description=\"\" data-large_image_width=\"1414\" data-large_image_height=\"2000\"><img loading=\"lazy\" decoding=\"async\" class=\"size-medium wp-image-310043 aligncenter\" src=\"https:\/\/www.radiopiu.net\/wordpress\/wp-content\/uploads\/2022\/12\/lalbero-dei-buoni-auspici-2-212x300.jpg\" alt=\"\" width=\"212\" height=\"300\" srcset=\"https:\/\/www.radiopiu.net\/wordpress\/wp-content\/uploads\/2022\/12\/lalbero-dei-buoni-auspici-2-212x300.jpg 212w, https:\/\/www.radiopiu.net\/wordpress\/wp-content\/uploads\/2022\/12\/lalbero-dei-buoni-auspici-2-724x1024.jpg 724w, https:\/\/www.radiopiu.net\/wordpress\/wp-content\/uploads\/2022\/12\/lalbero-dei-buoni-auspici-2-768x1086.jpg 768w, https:\/\/www.radiopiu.net\/wordpress\/wp-content\/uploads\/2022\/12\/lalbero-dei-buoni-auspici-2-1086x1536.jpg 1086w, https:\/\/www.radiopiu.net\/wordpress\/wp-content\/uploads\/2022\/12\/lalbero-dei-buoni-auspici-2.jpg 1414w\" sizes=\"auto, (max-width: 212px) 100vw, 212px\" \/><\/a><strong>CENCENIGHE<\/strong> Domenica 18 dicembre alle 16 accensione dell&#8217;albero di Natale con i bambini dell&#8217;asilo e della scuola primaria. Decoreranno l&#8217;albero che all&#8217;imbrunire si accender\u00e0 di mille luci.<\/p>\n<p>&nbsp;<\/p>\n<p>&nbsp;<\/p>\n<hr \/>\n<p>&nbsp;<\/p>\n<blockquote>\n<h3>SCUOLA APERTA ALLA PRIMARIA DI LA VALLE<\/h3>\n<\/blockquote>\n<p><strong>LA VALLE<\/strong> Sabato dalle 14:30 alle 16 la scuola primaria Don G. Mezzacasa sar\u00e0 aperta a genitori e bambini. Gli insegnanti accoglieranno gli interessati per presentare la scuola, visitarla e visualizzare le attivit\u00e0 laboratoriali della scuola.<\/p>\n<p>&nbsp;<\/p>\n<p>&nbsp;<\/p>\n<hr \/>\n<p>&nbsp;<\/p>\n<blockquote>\n<h3>L&#8217;INCONTRO PER COSTITUIRE IL GRUPPO AUSER DI CENCENIGHE<\/h3>\n<\/blockquote>\n<p><strong>CENCENIGHE<\/strong> Si terr\u00e0 venerd\u00ec 16 dicembre alle 17:30 nella sala consigliare del Comune di Cencenighe la riunione per la costituzione del nuovo gruppo Auser di Cencenighe. Saranno presenti il presidente Auser di Canale D&#8217;Agordo, il sindaco di Cencenighe Mauro Soppelsa e gli assistenti di ASCA Servizi Sociali Agordino. La popolazione \u00e8 invitata a partecipare<\/p>\n<p>&nbsp;<\/p>\n<p>&nbsp;<\/p>\n<hr \/>\n<p>&nbsp;<\/p>\n<blockquote>\n<h3>MERCATINO DI NATALE CON IL GRUPPO MISSIONARIO PARROCCHIALE<\/h3>\n<\/blockquote>\n<p><strong>TRICHIANA<\/strong> Il Gruppo Missionario della Parrocchia Trichiana organizza presso il locale oratorio il mercatino di Natale. Sar\u00e0 aperto fino a domani con orario 9-12 \/ 14 &#8211; 18,30<\/p>\n<p>&nbsp;<\/p>\n<p>&nbsp;<\/p>\n<hr \/>\n<p>&nbsp;<\/p>\n<blockquote>\n<h3><\/h3>\n<h3>\u201cRaccontare l&#8217;emigrazione veneta\u201d. Sabato la premiazione dei vincitori<\/h3>\n<\/blockquote>\n<p><strong><a class=\"dt-pswp-item\" href=\"https:\/\/www.radiopiu.net\/wordpress\/wp-content\/uploads\/2022\/03\/ABM.jpg\" data-dt-img-description=\"\" data-large_image_width=\"400\" data-large_image_height=\"400\"><img loading=\"lazy\" decoding=\"async\" class=\"wp-image-264723 alignleft\" src=\"https:\/\/www.radiopiu.net\/wordpress\/wp-content\/uploads\/2022\/03\/ABM-300x300.jpg\" alt=\"\" width=\"144\" height=\"144\" srcset=\"https:\/\/www.radiopiu.net\/wordpress\/wp-content\/uploads\/2022\/03\/ABM-300x300.jpg 300w, https:\/\/www.radiopiu.net\/wordpress\/wp-content\/uploads\/2022\/03\/ABM-150x150.jpg 150w, https:\/\/www.radiopiu.net\/wordpress\/wp-content\/uploads\/2022\/03\/ABM.jpg 400w\" sizes=\"auto, (max-width: 144px) 100vw, 144px\" \/><\/a>BELLUNO<\/strong> Verr\u00e0 svelato sabato\u00a0 il vincitore del primo concorso letterario \u201cRaccontare l&#8217;emigrazione veneta\u201d, l&#8217;iniziativa organizzata dall&#8217;Associazione Bellunesi nel Mondo e dedicata a racconti inediti e originali, reali o di fantasia, in lingua italiana, aventi a tema l\u2019emigrazione dal Veneto, storica e\/o attuale.<br \/>\nSessantasei i partecipanti, provenienti dall\u2019Italia e dall\u2019estero, dieci i finalisti: Antonella Schena (Falcade), Roberta Bassani Federizzi (Marau, Brasile), WalterBasso\u00a0 (Martellago, Venezia), Giuliano Dall\u2019\u00d2\u00a0 (Milano),\u00a0 Daniela Emmi (Belluno); Patricia Lucio (Belluno); Francesco Noventa\u00a0 (Ponte nelle Alpi), Lorenzo Pertoldi (Feltre), Sara Piazza (Alpago), Fabrizio Ruffini (Belluno).<\/p>\n<p>&nbsp;<\/p>\n<p>&nbsp;<\/p>\n<hr \/>\n<p>&nbsp;<\/p>\n<blockquote>\n<h3>LA RIFORMA DELLA SPORT, IL CONVEGNO<\/h3>\n<\/blockquote>\n<p><i>Sabato 17 dicembre alle\u00a0 10, a cura del Comitato Provinciale C.S.E.N. di Belluno, presso la sala riunioni di Sport e Salute in Via Cipro, 30 Belluno, si terr\u00e0 un seminario dal titolo \u201cLa Riforma dello Sport\u201d. L\u2019iniziativa, a titolo gratuito, rivolta alle associazioni e societ\u00e0 sportive dilettantistiche affiliate e non a CSEN. Relatore Dott. Giuliano Zocca Presidente del Comitato C.S.E.N. di Belluno.\u00a0 Informazioni tel. o whatsapp 389\/5079423.<\/i><\/p>\n<p>&nbsp;<\/p>\n<p>&nbsp;<\/p>\n<hr \/>\n<p>&nbsp;<\/p>\n<blockquote>\n<h3>LETTURE DI NATALE PER BAMBINI<\/h3>\n<\/blockquote>\n<p><strong>LIMANA<\/strong> La biblioteca di Limana organizza per luned\u00ec un pomeriggio di letture di Natale per bambini. L&#8217;appuntamento \u00e8 alle 16:45 per i bambini dai 24 ai 36 mesi e alle 17:45 per il pubblico dai 3 ai 5 anni. Le letture saranno a cura di Federica De Col. Obbligo di prenotazione a cultura@comune.limana.bl.it<\/p>\n<p>&nbsp;<\/p>\n<p>&nbsp;<\/p>\n<hr \/>\n<p>&nbsp;<\/p>\n<blockquote>\n<h3>CORSI DI INGLESE E di PROJECT MANAGEMENT CON IL COMITATO D\u2019INTESA<\/h3>\n<\/blockquote>\n<p><strong>BELLUNO<\/strong> Due nuovi corsi di formazione, completamente gratuiti, aperti alla partecipazione di volontari lavoratori residenti in provincia di Belluno, grazie al Comitato d\u2019Intesa, partner del progetto \u201cAge Management: ibridazione e trasmissione delle competenze\u201d.\u00a0 Gli appuntamenti, della durata di 16 ore ciascuno, si terranno nei mesi di gennaio e febbraio presso la sede del Comitato d\u2019Intesa. Possono partecipare lavoratori impiegati part time o full time presso datori di lavoro di imprese private, ma anche titolari d\u2019impresa, coadiuvanti, liberi professionisti e lavoratori autonomi,\u00a0\u00e8 necessario inviare la propria manifestazione di interesse a europa@comitatodintesa.it.<\/p>\n<p>&nbsp;<\/p>\n<p>&nbsp;<\/p>\n<hr \/>\n<p>&nbsp;<\/p>\n<h2><span style=\"color: #99cc00;\">L&#8217;OPINIONE&#8230;di Franco Piacentini<\/span><\/h2>\n<p dir=\"auto\">Il 15 dicembre 1972 (cinquant&#8217;anni 15 dicembre 2022) veniva approvata, in Italia, la legge sull&#8217;obiezione di coscienza. Fu un primo passo (con alcune disposizioni negative superate successivamente) per il diritto individuale alla solidariet\u00e0 civile in sostituzione del servizio militare. Prima di quella legge, gli obiettori (pacifisti convinti) che si riconoscevano nei valori e negli insegnamenti di: Don Lorenzo Milani, Aldo Capitini e Mons Giovanni Nervo, venivano (ingiustamente) incarcerati. Oggi, valorizzare i cinquant&#8217;anni dell&#8217;obiezione di coscienza, significa ricordare e ringraziare quei ragazzi (fra questi il feltrino di nascita, Alberto Trevisan) che coerenti con il loro impegno per la pace, per il disarmo e per la non violenza, subirono la carcerazione. Quella sofferenza del carcere, affrontata con grande dignit\u00e0 e con serenit\u00e0 d&#8217;animo, deve continuare ad essere un ricordo indelebile per affermare i valori della pace nel mondo.<\/p>\n<p dir=\"auto\"><em>Franco Piacentini &#8211; Socio Fondazione Don Lorenzo Milani\u00a0<\/em><\/p>\n<p>&nbsp;<\/p>\n<p>&nbsp;<\/p>\n<hr \/>\n<p>&nbsp;<\/p>\n<div>\n<div class=\"b654a4as d2edcug0\">\n<div class=\"rq0escxv hkbzh7o3 jwdofwj8 n8tt0mok r8blr3vg hyh9befq\">\n<p><a class=\"dt-pswp-item\" href=\"https:\/\/www.radiopiu.net\/wordpress\/wp-content\/uploads\/2020\/10\/pp.jpg\" data-dt-img-description=\"\" data-large_image_width=\"640\" data-large_image_height=\"640\"><img loading=\"lazy\" decoding=\"async\" class=\"wp-image-163678 alignleft\" src=\"https:\/\/www.radiopiu.net\/wordpress\/wp-content\/uploads\/2020\/10\/pp-300x300.jpg\" alt=\"\" width=\"106\" height=\"106\" srcset=\"https:\/\/www.radiopiu.net\/wordpress\/wp-content\/uploads\/2020\/10\/pp-300x300.jpg 300w, https:\/\/www.radiopiu.net\/wordpress\/wp-content\/uploads\/2020\/10\/pp-150x150.jpg 150w, https:\/\/www.radiopiu.net\/wordpress\/wp-content\/uploads\/2020\/10\/pp-125x125.jpg 125w, https:\/\/www.radiopiu.net\/wordpress\/wp-content\/uploads\/2020\/10\/pp-200x200.jpg 200w, https:\/\/www.radiopiu.net\/wordpress\/wp-content\/uploads\/2020\/10\/pp-80x80.jpg 80w, https:\/\/www.radiopiu.net\/wordpress\/wp-content\/uploads\/2020\/10\/pp-480x480.jpg 480w, https:\/\/www.radiopiu.net\/wordpress\/wp-content\/uploads\/2020\/10\/pp.jpg 640w\" sizes=\"auto, (max-width: 106px) 100vw, 106px\" \/><\/a><\/p>\n<\/div>\n<\/div>\n<\/div>\n<div>\n<div class=\"page-title-head hgroup\">\n<div class=\"page-title-head hgroup\">\n<div class=\"b654a4as d2edcug0\">\n<div class=\"j83agx80 btwxx1t3 lhclo0ds hop8lmos nkwizq5d scwd0bx6 roh60bw9\">\n<div class=\"rq0escxv hkbzh7o3 jwdofwj8 n8tt0mok r8blr3vg hyh9befq\">\n<div class=\"do00u71z l9j0dhe7 k4urcfbm\">\n<h2><span style=\"color: #000080;\">DON CESARE, IL PENSIERO DEL GIORNO. ALLA RADIO ALLE 7 DEL MATTINO E ALLE 19.30 DELLA SERA\u00a0<\/span><\/h2>\n<audio class=\"wp-audio-shortcode\" id=\"audio-311100-9\" preload=\"none\" style=\"width: 100%;\" controls=\"controls\"><source type=\"audio\/mpeg\" src=\"https:\/\/www.radiopiu.net\/wordpress\/wp-content\/uploads\/2022\/12\/cesare.mp3?_=9\" \/><a href=\"https:\/\/www.radiopiu.net\/wordpress\/wp-content\/uploads\/2022\/12\/cesare.mp3\">https:\/\/www.radiopiu.net\/wordpress\/wp-content\/uploads\/2022\/12\/cesare.mp3<\/a><\/audio>\n<p>&nbsp;<\/p>\n<hr \/>\n<p>&nbsp;<\/p>\n<blockquote>\n<h2><span style=\"color: #800080;\">LA RASSEGNA STAMPA DA L&#8217;AMICO DEL POPOLO<\/span><\/h2>\n<\/blockquote>\n<p><strong><a class=\"dt-pswp-item\" href=\"https:\/\/www.radiopiu.net\/wordpress\/wp-content\/uploads\/2022\/12\/loris-santomaso.jpg\" data-dt-img-description=\"\" data-large_image_width=\"720\" data-large_image_height=\"806\"><img loading=\"lazy\" decoding=\"async\" class=\" wp-image-310786 alignleft\" src=\"https:\/\/www.radiopiu.net\/wordpress\/wp-content\/uploads\/2022\/12\/loris-santomaso-268x300.jpg\" alt=\"\" width=\"139\" height=\"156\" srcset=\"https:\/\/www.radiopiu.net\/wordpress\/wp-content\/uploads\/2022\/12\/loris-santomaso-268x300.jpg 268w, https:\/\/www.radiopiu.net\/wordpress\/wp-content\/uploads\/2022\/12\/loris-santomaso.jpg 720w\" sizes=\"auto, (max-width: 139px) 100vw, 139px\" \/><\/a>di Gianni Santomaso<\/strong><\/p>\n<p>OSPITE: Loris Santomaso<\/p>\n<audio class=\"wp-audio-shortcode\" id=\"audio-311100-10\" preload=\"none\" style=\"width: 100%;\" controls=\"controls\"><source type=\"audio\/mpeg\" src=\"https:\/\/www.radiopiu.net\/wordpress\/wp-content\/uploads\/2022\/12\/RASSEGNA-GIANNI-1.mp3?_=10\" \/><a href=\"https:\/\/www.radiopiu.net\/wordpress\/wp-content\/uploads\/2022\/12\/RASSEGNA-GIANNI-1.mp3\">https:\/\/www.radiopiu.net\/wordpress\/wp-content\/uploads\/2022\/12\/RASSEGNA-GIANNI-1.mp3<\/a><\/audio>\n<p>&nbsp;<\/p>\n<hr \/>\n<p>&nbsp;<\/p>\n<h2><span style=\"color: #ff00ff;\">IN VIVO VERSO<\/span><\/h2>\n<blockquote>\n<h3>BRILLANO DI NOTTE DI GISELLA CANZIAN<\/h3>\n<\/blockquote>\n<p>AUDIO<\/p>\n<audio class=\"wp-audio-shortcode\" id=\"audio-311100-11\" preload=\"none\" style=\"width: 100%;\" controls=\"controls\"><source type=\"audio\/mpeg\" src=\"https:\/\/www.radiopiu.net\/wordpress\/wp-content\/uploads\/2022\/12\/01-GISELLA-CANZIAN_BRILLANO-DI-NOTTE.mp3?_=11\" \/><a href=\"https:\/\/www.radiopiu.net\/wordpress\/wp-content\/uploads\/2022\/12\/01-GISELLA-CANZIAN_BRILLANO-DI-NOTTE.mp3\">https:\/\/www.radiopiu.net\/wordpress\/wp-content\/uploads\/2022\/12\/01-GISELLA-CANZIAN_BRILLANO-DI-NOTTE.mp3<\/a><\/audio>\n<p>&nbsp;<\/p>\n<p><a class=\"dt-pswp-item\" href=\"https:\/\/www.radiopiu.net\/wordpress\/wp-content\/uploads\/2022\/12\/1-GISELLA-CANZIAN.jpg\" data-dt-img-description=\"\" data-large_image_width=\"2048\" data-large_image_height=\"1427\"><img loading=\"lazy\" decoding=\"async\" class=\" wp-image-311194 alignleft\" src=\"https:\/\/www.radiopiu.net\/wordpress\/wp-content\/uploads\/2022\/12\/1-GISELLA-CANZIAN-300x209.jpg\" alt=\"\" width=\"212\" height=\"148\" srcset=\"https:\/\/www.radiopiu.net\/wordpress\/wp-content\/uploads\/2022\/12\/1-GISELLA-CANZIAN-300x209.jpg 300w, https:\/\/www.radiopiu.net\/wordpress\/wp-content\/uploads\/2022\/12\/1-GISELLA-CANZIAN-1024x714.jpg 1024w, https:\/\/www.radiopiu.net\/wordpress\/wp-content\/uploads\/2022\/12\/1-GISELLA-CANZIAN-768x535.jpg 768w, https:\/\/www.radiopiu.net\/wordpress\/wp-content\/uploads\/2022\/12\/1-GISELLA-CANZIAN-1536x1070.jpg 1536w, https:\/\/www.radiopiu.net\/wordpress\/wp-content\/uploads\/2022\/12\/1-GISELLA-CANZIAN.jpg 2048w\" sizes=\"auto, (max-width: 212px) 100vw, 212px\" \/><\/a><strong>Gisella Canzian<\/strong><br \/>\n<strong>BRILLANO DI NOTTE<\/strong><\/p>\n<p>Brillano di notte, quelle di luna piena, gli occhi di chi soffre.<\/p>\n<p>Si riconoscono.<\/p>\n<p>Camminano sui muri della vita<br \/>\nsenza distoglierne lo sguardo<br \/>\nsenza smettere di vedere.<\/p>\n<p>Urlano.<\/p>\n<p>Urlano in silenzio, inghiottono aria.<br \/>\nSono indomabili come il vento.<\/p>\n<p>Cercano casa.<\/p>\n<p>&nbsp;<\/p>\n<p><strong>LA RACCOLTA COMPLETA<\/strong><\/p>\n<blockquote class=\"wp-embedded-content\" data-secret=\"gkuSWWjbv9\"><p><a href=\"https:\/\/www.radiopiu.net\/wordpress\/in-vivo-verso\/\">In Vivo Verso<\/a><\/p><\/blockquote>\n<p><iframe loading=\"lazy\" class=\"wp-embedded-content\" sandbox=\"allow-scripts\" security=\"restricted\" style=\"position: absolute; clip: rect(1px, 1px, 1px, 1px);\" title=\"&#8220;In Vivo Verso&#8221; &#8212; Radio Pi\u00f9\" src=\"https:\/\/www.radiopiu.net\/wordpress\/in-vivo-verso\/embed\/#?secret=mWfi6Wfo5c#?secret=gkuSWWjbv9\" data-secret=\"gkuSWWjbv9\" width=\"600\" height=\"338\" frameborder=\"0\" marginwidth=\"0\" marginheight=\"0\" scrolling=\"no\"><\/iframe><\/p>\n<p>&nbsp;<\/p>\n<hr \/>\n<p>&nbsp;<\/p>\n<h2><span style=\"color: #993300;\">SCUOLA APERTA AL FOLLADOR &#8211; DE ROSSI<\/span><\/h2>\n<blockquote class=\"wp-embedded-content\" data-secret=\"kwsxmhBt9S\"><p><a href=\"https:\/\/www.radiopiu.net\/wordpress\/scuola-aperta-una-settimana-alla-radio-lofferta-formativa-del-follador-de-rossi\/\">SCUOLA APERTA UNA SETTIMANA ALLA RADIO&#8230;L&#8217;OFFERTA FORMATIVA DEL FOLLADOR-DE ROSSI<\/a><\/p><\/blockquote>\n<p><iframe loading=\"lazy\" class=\"wp-embedded-content\" sandbox=\"allow-scripts\" security=\"restricted\" style=\"position: absolute; clip: rect(1px, 1px, 1px, 1px);\" title=\"&#8220;SCUOLA APERTA UNA SETTIMANA ALLA RADIO&#8230;L&#8217;OFFERTA FORMATIVA DEL FOLLADOR-DE ROSSI&#8221; &#8212; Radio Pi\u00f9\" src=\"https:\/\/www.radiopiu.net\/wordpress\/scuola-aperta-una-settimana-alla-radio-lofferta-formativa-del-follador-de-rossi\/embed\/#?secret=UJsxXiXWBh#?secret=kwsxmhBt9S\" data-secret=\"kwsxmhBt9S\" width=\"600\" height=\"338\" frameborder=\"0\" marginwidth=\"0\" marginheight=\"0\" scrolling=\"no\"><\/iframe><\/p>\n<p>&nbsp;<\/p>\n<hr \/>\n<p>&nbsp;<\/p>\n<h2><span style=\"color: #339966;\">COLLAGE OPERAZIONE NOSTALGIA<\/span><\/h2>\n<p><strong><a class=\"dt-pswp-item\" href=\"https:\/\/www.radiopiu.net\/wordpress\/wp-content\/uploads\/2022\/12\/Velvet-Underground.jpg\" data-dt-img-description=\"\" data-large_image_width=\"480\" data-large_image_height=\"360\"><img loading=\"lazy\" decoding=\"async\" class=\" wp-image-310960 alignleft\" src=\"https:\/\/www.radiopiu.net\/wordpress\/wp-content\/uploads\/2022\/12\/Velvet-Underground-300x225.jpg\" alt=\"\" width=\"181\" height=\"136\" srcset=\"https:\/\/www.radiopiu.net\/wordpress\/wp-content\/uploads\/2022\/12\/Velvet-Underground-300x225.jpg 300w, https:\/\/www.radiopiu.net\/wordpress\/wp-content\/uploads\/2022\/12\/Velvet-Underground.jpg 480w\" sizes=\"auto, (max-width: 181px) 100vw, 181px\" \/><\/a>di Loris Scussel<\/strong><\/p>\n<p>La settimana di Collage si aprir\u00e0 con una puntata dedicata al Juke Box, marted\u00ec sar\u00e0 la volta di successi internazionali come \u201cI.O.I.O.\u201d dei Bee Gees, mercoled\u00ec ascolteremo alcuni protagonisti della scena rock inglese da David Bowie ai King Krimson, gioved\u00ec brani indimenticabili come\u00a0 \u201cLyne\u2019 Eyes\u201d degli Eagles e \u201cSunday Morning\u201d dei Velvet Underground, venerd\u00ec infine daremo spazio agli artisti di casa nostra da \u201cUn angelo blu\u201d dell\u2019Equipe84 a \u201cJeshael\u201d dei Delirium di Ivano Fossati. Collage va in onda dal luned\u00ec al venerd\u00ec alle 16,00 e alle 23,00 naturalmente su Radio Pi\u00f9.<\/p>\n<p><strong>LA PUNTATA DEL LUNEDI, 681<\/strong><\/p>\n<audio class=\"wp-audio-shortcode\" id=\"audio-311100-12\" preload=\"none\" style=\"width: 100%;\" controls=\"controls\"><source type=\"audio\/mpeg\" src=\"https:\/\/www.radiopiu.net\/wordpress\/wp-content\/uploads\/2022\/12\/Collage-681.mp3?_=12\" \/><a href=\"https:\/\/www.radiopiu.net\/wordpress\/wp-content\/uploads\/2022\/12\/Collage-681.mp3\">https:\/\/www.radiopiu.net\/wordpress\/wp-content\/uploads\/2022\/12\/Collage-681.mp3<\/a><\/audio>\n<p>&nbsp;<\/p>\n<hr \/>\n<p>&nbsp;<\/p>\n<p><img loading=\"lazy\" decoding=\"async\" class=\"aligncenter wp-image-61954 size-full\" src=\"https:\/\/www.radiopiu.net\/wordpress\/wp-content\/uploads\/2018\/09\/viabilita.jpeg\" sizes=\"auto, (max-width: 800px) 100vw, 800px\" srcset=\"https:\/\/www.radiopiu.net\/wordpress\/wp-content\/uploads\/2018\/09\/viabilita.jpeg 800w, https:\/\/www.radiopiu.net\/wordpress\/wp-content\/uploads\/2018\/09\/viabilita-300x38.jpeg 300w, https:\/\/www.radiopiu.net\/wordpress\/wp-content\/uploads\/2018\/09\/viabilita-768x96.jpeg 768w\" alt=\"\" width=\"800\" height=\"100\" \/><\/p>\n<p>&nbsp;<\/p>\n<p>&nbsp;<\/p>\n<p><strong>AGGIORNAMENTO VENETO STRADE, AGGIORNAMENTO CONTINUO H 24<\/strong><\/p>\n<p>&nbsp;<\/p>\n<blockquote class=\"wp-embedded-content\" data-secret=\"iIwTqHUM4J\"><p><a href=\"https:\/\/www.radiopiu.net\/wordpress\/viabilita\/\">viabilita<\/a><\/p><\/blockquote>\n<p><iframe loading=\"lazy\" class=\"wp-embedded-content\" sandbox=\"allow-scripts\" security=\"restricted\" style=\"position: absolute; clip: rect(1px, 1px, 1px, 1px);\" title=\"&#8220;viabilita&#8221; &#8212; Radio Pi\u00f9\" src=\"https:\/\/www.radiopiu.net\/wordpress\/viabilita\/embed\/#?secret=YUlgH5zTNW#?secret=iIwTqHUM4J\" data-secret=\"iIwTqHUM4J\" width=\"600\" height=\"338\" frameborder=\"0\" marginwidth=\"0\" marginheight=\"0\" scrolling=\"no\"><\/iframe><\/p>\n<p>&nbsp;<\/p>\n<p>&nbsp;<\/p>\n<hr \/>\n<p>&nbsp;<\/p>\n<p><a class=\"dt-pswp-item\" href=\"https:\/\/www.radiopiu.net\/wordpress\/wp-content\/uploads\/2018\/09\/WhatsApp-Image-2018-09-20-at-16.04.06.jpeg\" data-dt-img-description=\"\" data-large_image_width=\"800\" data-large_image_height=\"100\"><img loading=\"lazy\" decoding=\"async\" class=\"wp-image-61378 size-full aligncenter\" src=\"https:\/\/www.radiopiu.net\/wordpress\/wp-content\/uploads\/2018\/09\/WhatsApp-Image-2018-09-20-at-16.04.06.jpeg\" alt=\"\" width=\"800\" height=\"100\" srcset=\"https:\/\/www.radiopiu.net\/wordpress\/wp-content\/uploads\/2018\/09\/WhatsApp-Image-2018-09-20-at-16.04.06.jpeg 800w, https:\/\/www.radiopiu.net\/wordpress\/wp-content\/uploads\/2018\/09\/WhatsApp-Image-2018-09-20-at-16.04.06-300x38.jpeg 300w, https:\/\/www.radiopiu.net\/wordpress\/wp-content\/uploads\/2018\/09\/WhatsApp-Image-2018-09-20-at-16.04.06-768x96.jpeg 768w\" sizes=\"auto, (max-width: 800px) 100vw, 800px\" \/><\/a><\/p>\n<p>&nbsp;<\/p>\n<p><b>OGGI <\/b>Tra la seconda parte della notte e la mattinata cielo coperto per estesa nuvolosit\u00e0 media e medio-alta stratiforme, non escluso che tale nuvolosit\u00e0 possa dare luogo a qualche fenomeno burrascoso sulle cime pi\u00f9 alte. Al pomeriggio attenuazione della nuvolosit\u00e0 e rasserenamenti, pi\u00f9 frequenti sulle Dolomiti. Il freddo sar\u00e0 ancora ben presente, seppur in attenuazione a tutte le quote. <b>Precipitazioni: <\/b>Generalmente assenti, eccetto qualche fiocco portato dal vento sulle cime dolomitiche pi\u00f9 alte, temporaneamente fino sui 2000 m, fenomeni previsti solo nel corso della mattinata. <b>Temperature: <\/b>Minime in ripresa, sia per il minore irraggiamento notturno che per l&#8217;avvezione di aria meno fredda in quota; pertanto il gelo notturno sar\u00e0 di minore intensit\u00e0.<\/p>\n<p><b>DOMANI <\/b>Tempo discreto al mattino con sole velato o mascherato da nubi alte sulle Dolomiti, maggiore nuvolosit\u00e0 per rischio nubi basse sulle Prealpi. Al pomeriggio diradamento della nuvolosit\u00e0 con rasserenamenti, dapprima sulle Dolomiti, poi anche sulle Prealpi. Avvezione d&#8217;aria decisamente pi\u00f9 mite in alta quota, mentre il cuscino di aria fredda resister\u00e0 maggiormente sotto i 1600\/1800 m. <b>Precipitazioni: <\/b>Assenti <b>Temperature: <\/b>In generale ulteriore aumento, pi\u00f9 sensibile oltre i 1600-1800 m, mentre sotto tali quota l&#8217;aria fredda resister\u00e0 maggiormente limitando l&#8217;aumento termico rispetto a quello osservato alle alte quote.<\/p>\n<hr \/>\n<p><b>GIOVEDI <\/b>Al mattino cielo sereno o poco nuvoloso per temporanei banchi di nubi alte. Dalla tarda mattinata intensificazione della nuvolosit\u00e0 fino a cielo coperto e successivo graduale peggioramento con deboli\/moderate precipitazioni a iniziare dalle Prealpi occidentali, in estensione a tutta la montagna veneta nel corso del pomeriggio. Il limite neve sar\u00e0 sui 1100-1400 m sulle Prealpi e 900-1300 sulle Dolomiti. Temperature in ulteriore contenuto aumento.<\/p>\n<hr \/>\n<p><b>VENERDI <\/b>Nottetempo e parte del mattino ancora perturbato con cielo coperto e diffuse precipitazioni, nevose oltre i 1300-1600 m. Dalla tarda mattinata precipitazioni via via pi\u00f9 intermittenti e attenuazione della nuvolosit\u00e0. Nel pomeriggio esaurimento dei fenomeni con probabili rasserenamenti per ulteriore riduzione della nuvolosit\u00e0. Temperature in ulteriore lieve aumento,<\/p>\n<p>&nbsp;<\/p>\n<p>&nbsp;<\/p>\n<blockquote class=\"wp-embedded-content\" data-secret=\"zk29UZ8gP8\"><p><a href=\"https:\/\/www.radiopiu.net\/wordpress\/ma-che-freddo-fa\/\">MA CHE FREDDO FA?<\/a><\/p><\/blockquote>\n<p><iframe loading=\"lazy\" class=\"wp-embedded-content\" sandbox=\"allow-scripts\" security=\"restricted\" style=\"position: absolute; clip: rect(1px, 1px, 1px, 1px);\" title=\"&#8220;MA CHE FREDDO FA?&#8221; &#8212; Radio Pi\u00f9\" src=\"https:\/\/www.radiopiu.net\/wordpress\/ma-che-freddo-fa\/embed\/#?secret=ruUBlw9bkW#?secret=zk29UZ8gP8\" data-secret=\"zk29UZ8gP8\" width=\"600\" height=\"338\" frameborder=\"0\" marginwidth=\"0\" marginheight=\"0\" scrolling=\"no\"><\/iframe><\/p>\n<p>&nbsp;<\/p>\n<blockquote class=\"wp-embedded-content\" data-secret=\"nOnb7POqJn\"><p><a href=\"https:\/\/www.radiopiu.net\/wordpress\/neve-oltre-i-70-centimetri-ad-arabba-e-malga-losch-68-a-col-dei-baldi-alleghe\/\">NEVE:  OLTRE I 70 CENTIMETRI AD ARABBA E MALGA LOSCH, 68 A COL DEI BALDI ALLEGHE<\/a><\/p><\/blockquote>\n<p><iframe loading=\"lazy\" class=\"wp-embedded-content\" sandbox=\"allow-scripts\" security=\"restricted\" style=\"position: absolute; clip: rect(1px, 1px, 1px, 1px);\" title=\"&#8220;NEVE:  OLTRE I 70 CENTIMETRI AD ARABBA E MALGA LOSCH, 68 A COL DEI BALDI ALLEGHE&#8221; &#8212; Radio Pi\u00f9\" src=\"https:\/\/www.radiopiu.net\/wordpress\/neve-oltre-i-70-centimetri-ad-arabba-e-malga-losch-68-a-col-dei-baldi-alleghe\/embed\/#?secret=HgAnh6Csnn#?secret=nOnb7POqJn\" data-secret=\"nOnb7POqJn\" width=\"600\" height=\"338\" frameborder=\"0\" marginwidth=\"0\" marginheight=\"0\" scrolling=\"no\"><\/iframe><\/p>\n<p>&nbsp;<\/p>\n<hr \/>\n<p>&nbsp;<\/p>\n<p>&nbsp;<\/p>\n<p><a class=\"dt-pswp-item\" href=\"https:\/\/www.radiopiu.net\/wordpress\/wp-content\/uploads\/2018\/09\/sport.jpg\" data-dt-img-description=\"\" data-large_image_width=\"800\" data-large_image_height=\"100\"><img loading=\"lazy\" decoding=\"async\" class=\"aligncenter wp-image-60761 size-full\" src=\"https:\/\/www.radiopiu.net\/wordpress\/wp-content\/uploads\/2018\/09\/sport.jpg\" alt=\"\" width=\"800\" height=\"100\" srcset=\"https:\/\/www.radiopiu.net\/wordpress\/wp-content\/uploads\/2018\/09\/sport.jpg 800w, https:\/\/www.radiopiu.net\/wordpress\/wp-content\/uploads\/2018\/09\/sport-300x38.jpg 300w, https:\/\/www.radiopiu.net\/wordpress\/wp-content\/uploads\/2018\/09\/sport-768x96.jpg 768w\" sizes=\"auto, (max-width: 800px) 100vw, 800px\" \/><\/a><\/p>\n<p>&nbsp;<\/p>\n<p>&nbsp;<\/p>\n<p><a class=\"dt-pswp-item\" href=\"https:\/\/www.radiopiu.net\/wordpress\/wp-content\/uploads\/2022\/12\/Invito-apertura-CMP-Store-Agordo.jpg\" data-dt-img-description=\"\" data-large_image_width=\"1134\" data-large_image_height=\"907\"><img loading=\"lazy\" decoding=\"async\" class=\"size-medium wp-image-311209 aligncenter\" src=\"https:\/\/www.radiopiu.net\/wordpress\/wp-content\/uploads\/2022\/12\/Invito-apertura-CMP-Store-Agordo-300x240.jpg\" alt=\"\" width=\"300\" height=\"240\" srcset=\"https:\/\/www.radiopiu.net\/wordpress\/wp-content\/uploads\/2022\/12\/Invito-apertura-CMP-Store-Agordo-300x240.jpg 300w, https:\/\/www.radiopiu.net\/wordpress\/wp-content\/uploads\/2022\/12\/Invito-apertura-CMP-Store-Agordo-1024x819.jpg 1024w, https:\/\/www.radiopiu.net\/wordpress\/wp-content\/uploads\/2022\/12\/Invito-apertura-CMP-Store-Agordo-768x614.jpg 768w, https:\/\/www.radiopiu.net\/wordpress\/wp-content\/uploads\/2022\/12\/Invito-apertura-CMP-Store-Agordo.jpg 1134w\" sizes=\"auto, (max-width: 300px) 100vw, 300px\" \/><\/a><\/p>\n<p>&nbsp;<\/p>\n<p><span style=\"color: #0000ff;\"><strong>HOCKEY SU GHIACCIO\u00a0<\/strong><\/span><\/p>\n<h3>IL TORNEO GIOVANILE DELLE VALLI, VINCE CHI RESISTE ALLE &#8220;CRISI&#8221; DEI TEMPI<\/h3>\n<div><\/div>\n<div class=\"sezioneArticolo\">\u00a0Domenica a Soccampo ritrovo dei giovani nel torneo di valle tra gli under 15 di Cadore-Zoldo e Alleghe-Cortina dall&#8217;altra. Agordini e ampezzani hanno stravinto 10-2. La squadra di casa ha perso e giocato male, ma ha vinto lo sport e soprattutto la tenuta dell&#8217;hockey su ghiaccio, soprattutto a Zoldo che aupisca la copertura dell&#8217;impianto ed Alleghe che ha visto riaprire lo stadio dopo alcuni mesi di chiusura per il rincaro delle bollette elettriche.<\/div>\n<p>&nbsp;<\/p>\n<hr \/>\n<blockquote>\n<h3><\/h3>\n<h3>PRIMA VITTORIA PER LE CIVETTE E SABATO ARRIVA IL COMO<\/h3>\n<\/blockquote>\n<p><strong><a class=\"dt-pswp-item\" href=\"https:\/\/www.radiopiu.net\/wordpress\/wp-content\/uploads\/2019\/08\/logo-alleghe-hockey.png\" data-dt-img-description=\"\" data-large_image_width=\"547\" data-large_image_height=\"512\"><img loading=\"lazy\" decoding=\"async\" class=\" wp-image-95699 alignleft\" src=\"https:\/\/www.radiopiu.net\/wordpress\/wp-content\/uploads\/2019\/08\/logo-alleghe-hockey-300x281.png\" alt=\"\" width=\"154\" height=\"144\" srcset=\"https:\/\/www.radiopiu.net\/wordpress\/wp-content\/uploads\/2019\/08\/logo-alleghe-hockey-300x281.png 300w, https:\/\/www.radiopiu.net\/wordpress\/wp-content\/uploads\/2019\/08\/logo-alleghe-hockey.png 547w\" sizes=\"auto, (max-width: 154px) 100vw, 154px\" \/><\/a>di Marco Gaz<\/strong><\/p>\n<p><strong>REDAZIONE<\/strong> L&#8217;Alleghe Hockey dopo 15 partite giocate ha conquistato i primi 3 punti della stagione. Sembrano usciti dal tunnel i ragazzi di Fontana che sabato scorso sono stati prolifici in attacco e attenti in difesa. Gli allenamenti costanti danno il loro frutto e lo si \u00e8 visto contro il Valpellice. I piemontesi erano passati in vantaggio ma gli agordini hanno saputo rispondere. Le quattro reti messe a segno dai biancorossi sono tutte a firma agordina con una doppietta di De Val e un gol a testa per Ganz e Martini, segno che il vivaio delle civette da i suoi frutti. Ora di nuovo in campo e di nuovo all&#8217;Alvise De Toni di Alleghe dove sabato sera arriver\u00e0 il Como. I lariani non stanno passando un buon momento e l&#8217;Alleghe deve approfittare del momento di difficolt\u00e0 degli avversari per incamerare un&#8217;altra vittoria. Un altro risultato positivo sarebbe una manna dal cielo sia per il morale che per la classifica.<\/p>\n<p><strong>MILOS GANZ, GIOCATORE DELL&#8217;ALLEGHE HOCKEY<\/strong><\/p>\n<audio class=\"wp-audio-shortcode\" id=\"audio-311100-13\" preload=\"none\" style=\"width: 100%;\" controls=\"controls\"><source type=\"audio\/mpeg\" src=\"https:\/\/www.radiopiu.net\/wordpress\/wp-content\/uploads\/2022\/12\/MILOS-GANZ-BIANCO.mp3?_=13\" \/><a href=\"https:\/\/www.radiopiu.net\/wordpress\/wp-content\/uploads\/2022\/12\/MILOS-GANZ-BIANCO.mp3\">https:\/\/www.radiopiu.net\/wordpress\/wp-content\/uploads\/2022\/12\/MILOS-GANZ-BIANCO.mp3<\/a><\/audio>\n<p>&nbsp;<\/p>\n<hr \/>\n<p>&nbsp;<\/p>\n<p><span style=\"color: #0000ff;\"><strong>NUOTO<\/strong><\/span><\/p>\n<blockquote>\n<h3><span lang=\"it-IT\">SPORTIVAMENTE BELLUNO: ESORDIENTI PROTAGONISTI TRA VITTORIO VENETO E MONTEBELLUNA<\/span><\/h3>\n<\/blockquote>\n<p><strong><a class=\"dt-pswp-item\" href=\"https:\/\/www.radiopiu.net\/wordpress\/wp-content\/uploads\/2022\/12\/Beatrice_Mezzacasa.jpg\" data-dt-img-description=\"\" data-large_image_width=\"351\" data-large_image_height=\"414\"><img loading=\"lazy\" decoding=\"async\" class=\" wp-image-311269 alignleft\" src=\"https:\/\/www.radiopiu.net\/wordpress\/wp-content\/uploads\/2022\/12\/Beatrice_Mezzacasa-254x300.jpg\" alt=\"\" width=\"174\" height=\"206\" srcset=\"https:\/\/www.radiopiu.net\/wordpress\/wp-content\/uploads\/2022\/12\/Beatrice_Mezzacasa-254x300.jpg 254w, https:\/\/www.radiopiu.net\/wordpress\/wp-content\/uploads\/2022\/12\/Beatrice_Mezzacasa.jpg 351w\" sizes=\"auto, (max-width: 174px) 100vw, 174px\" \/><\/a>BELLUNO <\/strong><span lang=\"it-IT\">Seconda giornata di gare dell\u2019attivit<\/span>\u00e0 <span lang=\"it-IT\">Esordienti. E ancora ottimi riscontri per i giovani nuotatori della Sportivamente Belluno. A cominciare dalla fascia B, e dalla piscina di Vittorio Veneto, dove Greta Galanti conquista il terzo posto nei 200 rana (<\/span>4\u201900\u2019\u20199<span lang=\"it-IT\">)<\/span>. <span lang=\"it-IT\">Buoni, poi, i risultati <\/span>di\u00a0<span lang=\"it-IT\">Stella <\/span><span lang=\"es-ES\">Somacal,<\/span><span lang=\"it-IT\"> Aurora<\/span>\u00a0<span lang=\"it-IT\">Camposeo e Teresa<\/span>\u00a0Zammatteo<span lang=\"it-IT\">, mentre Laura Ivessa \u00e8 sesta nei 200 stile e protagonista <\/span><span lang=\"de-DE\">nei<\/span><span lang=\"it-IT\"> 100 farfalla. Cos\u00ec come brilla Anna Ciprian nei 100 misti, oltre alla staffetta 4&#215;50 mista. A livello maschile, Alessandro Morra \u00e8 quarto nei 200 rana (<\/span>3\u201936\u2019\u20190<span lang=\"it-IT\">), in cui emergono anche Giovanni Puccio<\/span>\u00a0e<span lang=\"it-IT\"> Giuseppe Baldo. I tre, insieme a Rodolfo Zanon, migliorano i loro primati pure nei 100 misti: pollice alto, inoltre, per Cesare Lorenzi e Filippo<\/span>\u00a0<span lang=\"it-IT\">Schinetti, nei 200 stile. \u00abIl gruppo sta crescendo ed \u00e8 unito &#8211; afferma il tecnico Matteo Sogne -. Pur essendo molto giovani, trovo i ragazzi molto concentrati sul<\/span>\u00a0<span lang=\"it-IT\">percorso che stiamo affrontando\u00bb.\u00a0 <\/span><span lang=\"it-IT\">Recitano un ruolo di primo piano pure gli Esordienti A: dalla piscina<\/span>\u00a0\u201c<span lang=\"it-IT\">Chiara Giavi<\/span>\u201d <span lang=\"it-IT\">di Montebelluna, spunta infatti una medaglia di bronzo. E il merito \u00e8 di Beatrice Mezzacasa,<\/span> <span lang=\"it-IT\">che nei 100 rana fissa il cronometro a 1<\/span>\u201929\u201d8\u00a0<span lang=\"it-IT\">e si conferma su buonissimi livelli. Nella stessa gara,<\/span> Vincenzo Iuliano <span lang=\"it-IT\">\u00e8 sesto e Niccol\u00f2 Longi settimo: molto bene Dora Bortoluzzi, Camilla Fistarol e Luca Frisaldi. <\/span><span lang=\"it-IT\">Per quanto riguarda i 200 stile libero,<\/span>\u00a0<span lang=\"it-IT\">Alex Brianti (2<\/span>\u201925\u201d6)<span lang=\"it-IT\">, Federico Nerviani (2<\/span>\u201933\u201d0)<span lang=\"it-IT\">, <\/span>Thomas Pin (2\u201936\u201d<span lang=\"it-IT\">4), Samuele Sommacal (2<\/span>\u201939\u201d<span lang=\"es-ES\">1), Daniel Somacal (2<\/span>\u201946\u201d<span lang=\"it-IT\">1), Alessio Camposeo (2<\/span>\u201946\u201d<span lang=\"it-IT\">4), Mario Dalla Riva (2<\/span>\u201949\u201d<span lang=\"it-IT\">3), Luca Frisaldi (2<\/span>\u201953\u201d<span lang=\"it-IT\">7) e Domenico Baldo (2<\/span>\u2019<span lang=\"ru-RU\">57<\/span>\u201d6) <span lang=\"it-IT\">gestiscono al meglio le otto vasche. Al pari di Dora Bortoluzzi (2<\/span>\u201948\u201d<span lang=\"it-IT\">4), Camilla Fistarol (2<\/span>\u201949\u201d<span lang=\"it-IT\">5) e Ginevra D<\/span><span lang=\"pt-PT\">al Mas (2<\/span>\u201953\u201d3). <span lang=\"it-IT\">Altre soddisfazioni arrivano poi nei 200 dorso, mentre nei 400 misti Iuliano e Longi<\/span>\u00a0<span lang=\"it-IT\">terminano rispettivamente al settimo e decimo posto. E,<\/span> <span lang=\"it-IT\">negli 800 stile libero, splendono<\/span> Thomas Pin <span lang=\"it-IT\">(<\/span>11\u201924\u201d1<span lang=\"it-IT\">), Beatrice Mezzacasa (<\/span>11\u201946\u201d3<span lang=\"it-IT\">)<\/span> e<span lang=\"it-IT\"> Margherita Mazzoli (12<\/span>\u201956\u201d5).<\/p>\n<p>&nbsp;<\/p>\n<blockquote>\n<h3>IL NUOVO CORSO PER ASSISTENTI BAGNANTI<\/h3>\n<\/blockquote>\n<p><strong>BELLUNO <\/strong>La Federazione Italiana Nuoto Salvamento Sezione Belluno dopo la conclusione dell\u2019 ottimo \u00a0corso Assistente Bagnanti svolto in autunno tra le piscine del\u00a0 Cadore e il Longaronese comunica che partir\u00e0 un nuovo corso tra le piscine di Belluno e Santa Giustina Il corso partir\u00e0 il 14 gennaio 2023 e al termine degli esami (met\u00e0 marzo) permetter\u00e0 di ottenere il brevetto di Assistente Bagnanti per Piscine Termine delle iscrizioni il 12 gennaio 2023 Per iscrizioni e informazioni: navimarchetti@gmail.com<\/p>\n<\/div>\n<\/div>\n<\/div>\n<\/div>\n<\/div>\n<\/div>\n<\/div>\n","protected":false},"excerpt":{"rendered":"<p>RADIO PIU INFORMAZIONE il canale su TELEGRAM informazione di prima\u00a0 mano e in tempo reale. iscriviti ed aiutaci a farlo conoscere &nbsp; MA CHE FREDDO FA? Come previsto le temperature si sono abbassate, parecchio. Ecco i valori pi\u00f9 significativi misurati la scorsa notte. Castana (420 m-Valle del Posina) -10.3\u00b0C Santo Stefano di Cadore (905 m)&hellip;<\/p>\n","protected":false},"author":4,"featured_media":311175,"comment_status":"closed","ping_status":"closed","sticky":false,"template":"","format":"standard","meta":{"_monsterinsights_skip_tracking":false,"_monsterinsights_sitenote_active":false,"_monsterinsights_sitenote_note":"","_monsterinsights_sitenote_category":0,"footnotes":""},"categories":[86,49],"tags":[],"class_list":["post-311100","post","type-post","status-publish","format-standard","has-post-thumbnail","hentry","category-gr","category-news-18","category-86","category-49","description-off"],"img_url":"https:\/\/www.radiopiu.net\/wordpress\/wp-content\/uploads\/2022\/12\/57a79d93-d3ce-473d-bb5b-261a4a148bac.jpg","_links":{"self":[{"href":"https:\/\/www.radiopiu.net\/wordpress\/wp-json\/wp\/v2\/posts\/311100","targetHints":{"allow":["GET"]}}],"collection":[{"href":"https:\/\/www.radiopiu.net\/wordpress\/wp-json\/wp\/v2\/posts"}],"about":[{"href":"https:\/\/www.radiopiu.net\/wordpress\/wp-json\/wp\/v2\/types\/post"}],"author":[{"embeddable":true,"href":"https:\/\/www.radiopiu.net\/wordpress\/wp-json\/wp\/v2\/users\/4"}],"replies":[{"embeddable":true,"href":"https:\/\/www.radiopiu.net\/wordpress\/wp-json\/wp\/v2\/comments?post=311100"}],"version-history":[{"count":0,"href":"https:\/\/www.radiopiu.net\/wordpress\/wp-json\/wp\/v2\/posts\/311100\/revisions"}],"wp:featuredmedia":[{"embeddable":true,"href":"https:\/\/www.radiopiu.net\/wordpress\/wp-json\/wp\/v2\/media\/311175"}],"wp:attachment":[{"href":"https:\/\/www.radiopiu.net\/wordpress\/wp-json\/wp\/v2\/media?parent=311100"}],"wp:term":[{"taxonomy":"category","embeddable":true,"href":"https:\/\/www.radiopiu.net\/wordpress\/wp-json\/wp\/v2\/categories?post=311100"},{"taxonomy":"post_tag","embeddable":true,"href":"https:\/\/www.radiopiu.net\/wordpress\/wp-json\/wp\/v2\/tags?post=311100"}],"curies":[{"name":"wp","href":"https:\/\/api.w.org\/{rel}","templated":true}]}}