{"id":311173,"date":"2022-12-13T05:31:07","date_gmt":"2022-12-13T04:31:07","guid":{"rendered":"https:\/\/www.radiopiu.net\/wordpress\/?p=311173"},"modified":"2022-12-13T05:31:41","modified_gmt":"2022-12-13T04:31:41","slug":"311173-2","status":"publish","type":"post","link":"https:\/\/www.radiopiu.net\/wordpress\/311173-2\/","title":{"rendered":"UNA PERICOLOSA PERDITA D&#8217;ACQUA SULLA STRADA DI CROSTOLIN"},"content":{"rendered":"<p><strong>AGORDO<\/strong> Il problema \u00e8 cronico, si ripresenta puntualmente,\u00a0 ma d&#8217;inverno \u00e8 anche peggio perch\u00e9 si forma uno spesso strato di ghiaccio che mette a rischio l&#8217;incolumit\u00e0 dei pedoni. Tra l&#8217;altro la strada\u00a0 in esame &#8211; privata- non risulta illuminata, l&#8217;unica luce filtra dalle abitazioni e dal parcheggio della vicina Pizzeria da Meto, quando le serrande non sono abbassate. Stiamo parlando della perdita d&#8217;acqua a Crostolin di Agordo, la traversa alla regionale 347 del Duran e Cereda che da Agordo porta a La Valle Agordina. Un abitante ha scritto a Gsp, che gi\u00e0 la scorsa estate \u00e8 pi\u00f9 volte intervenuto in zona,\u00a0 chiedendo per l&#8217;ennesima volta una risposta <em>&#8220;Avviso della perdita d&#8217;acqua dall&#8217;acquedotto con conseguenze versamento d&#8217;acqua lungo la strada di via Crostolin, fronte parcheggio pizzeria da Meto. La perdita insiste da un anno e mezzo. Chiediamo pertanto un intervento di sistemazione in modo da evitare disagi, particolarmente nel periodo invernale quando si forma uno strato di ghiaccio&#8221;<\/em>. Gsp a stretto giro di posta elettronica ha risposto, inviando la mail per conoscenza all&#8217;ufficio tecnico comunale<em> &#8220;La perdita in oggetto non ha origine dalle tubazioni dell&#8217;acquedotto gestito da Gestione Servizi Pubblici come gi\u00e0 comunicato dal tecnico di zona, abbiamo provveduto ad informare i tecnici competenti del Comune di Agordo. Trattandosi di acque meteoriche siamo spiacenti di comunicare che non possiamo intervenire alla problematica segnalata&#8221;. <\/em>Quindi il problema rimane, gli abitanti della zona di Crostolin dovranno imparare a convivere con la speranza che nessuno prima o poi scivoli e batta la testa, ma in quel caso, sicuramente, ci saranno le opportune indagini per stabilire competenze e responsabilit\u00e0.<em><br \/>\n<\/em><\/p>\n<p><em>foto 12 dicembre 2022<\/em><\/p>\n\n\t\t\t<style type='text\/css'>\n\t\t\t\t#gallery-1 {\n\t\t\t\t\tmargin: auto;\n\t\t\t\t}\n\t\t\t\t#gallery-1 .gallery-item {\n\t\t\t\t\tfloat: left;\n\t\t\t\t\tmargin-top: 10px;\n\t\t\t\t\ttext-align: center;\n\t\t\t\t\twidth: 33%;\n\t\t\t\t}\n\t\t\t\t#gallery-1 img {\n\t\t\t\t\tborder: 2px solid #cfcfcf;\n\t\t\t\t}\n\t\t\t\t#gallery-1 .gallery-caption {\n\t\t\t\t\tmargin-left: 0;\n\t\t\t\t}\n\t\t\t\t\/* see gallery_shortcode() in wp-includes\/media.php *\/\n\t\t\t<\/style>\n\t\t<div id='gallery-1' class='dt-gallery-container gallery galleryid-311173 gallery-columns-3 gallery-size-thumbnail'><dl class='gallery-item'>\n\t\t\t\t<dt class='gallery-icon portrait'>\n\t\t\t\t\t<a class=\"rollover rollover-zoom dt-pswp-item\" title=\"6169e7e3-2968-4b8d-8a70-255a0af6ec50\" data-dt-img-description=\"\" data-large_image_width=\"1200\" data-large_image_height=\"1600\"href='https:\/\/www.radiopiu.net\/wordpress\/wp-content\/uploads\/2022\/12\/6169e7e3-2968-4b8d-8a70-255a0af6ec50.jpg'><img loading=\"lazy\" decoding=\"async\" width=\"150\" height=\"150\" src=\"https:\/\/www.radiopiu.net\/wordpress\/wp-content\/uploads\/2022\/12\/6169e7e3-2968-4b8d-8a70-255a0af6ec50-150x150.jpg\" class=\"attachment-thumbnail size-thumbnail\" alt=\"\" \/><\/a>\n\t\t\t\t<\/dt><\/dl><dl class='gallery-item'>\n\t\t\t\t<dt class='gallery-icon landscape'>\n\t\t\t\t\t<a class=\"rollover rollover-zoom dt-pswp-item\" title=\"472e53af-f253-4626-8502-52a953ae8303\" data-dt-img-description=\"\" data-large_image_width=\"1600\" data-large_image_height=\"1200\"href='https:\/\/www.radiopiu.net\/wordpress\/wp-content\/uploads\/2022\/12\/472e53af-f253-4626-8502-52a953ae8303.jpg'><img loading=\"lazy\" decoding=\"async\" width=\"150\" height=\"150\" src=\"https:\/\/www.radiopiu.net\/wordpress\/wp-content\/uploads\/2022\/12\/472e53af-f253-4626-8502-52a953ae8303-150x150.jpg\" class=\"attachment-thumbnail size-thumbnail\" alt=\"\" \/><\/a>\n\t\t\t\t<\/dt><\/dl><dl class='gallery-item'>\n\t\t\t\t<dt class='gallery-icon landscape'>\n\t\t\t\t\t<a class=\"rollover rollover-zoom dt-pswp-item\" title=\"57a79d93-d3ce-473d-bb5b-261a4a148bac\" data-dt-img-description=\"\" data-large_image_width=\"1600\" data-large_image_height=\"1200\"href='https:\/\/www.radiopiu.net\/wordpress\/wp-content\/uploads\/2022\/12\/57a79d93-d3ce-473d-bb5b-261a4a148bac.jpg'><img loading=\"lazy\" decoding=\"async\" width=\"150\" height=\"150\" src=\"https:\/\/www.radiopiu.net\/wordpress\/wp-content\/uploads\/2022\/12\/57a79d93-d3ce-473d-bb5b-261a4a148bac-150x150.jpg\" class=\"attachment-thumbnail size-thumbnail\" alt=\"\" \/><\/a>\n\t\t\t\t<\/dt><\/dl><br style=\"clear: both\" \/>\n\t\t\t<\/div>\n\n<p>&nbsp;<\/p>\n<p><em>\u00a0<\/em><\/p>\n<p>&nbsp;<\/p>\n<p>_____<\/p>\n<p>&nbsp;<\/p>\n","protected":false},"excerpt":{"rendered":"<p>AGORDO Il problema \u00e8 cronico, si ripresenta puntualmente,\u00a0 ma d&#8217;inverno \u00e8 anche peggio perch\u00e9 si forma uno spesso strato di ghiaccio che mette a rischio l&#8217;incolumit\u00e0 dei pedoni. Tra l&#8217;altro la strada\u00a0 in esame &#8211; privata- non risulta illuminata, l&#8217;unica luce filtra dalle abitazioni e dal parcheggio della vicina Pizzeria da Meto, quando le serrande&hellip;<\/p>\n","protected":false},"author":4,"featured_media":311175,"comment_status":"closed","ping_status":"closed","sticky":false,"template":"","format":"standard","meta":{"_monsterinsights_skip_tracking":false,"_monsterinsights_sitenote_active":false,"_monsterinsights_sitenote_note":"","_monsterinsights_sitenote_category":0,"footnotes":""},"categories":[51,49],"tags":[],"class_list":["post-311173","post","type-post","status-publish","format-standard","has-post-thumbnail","hentry","category-evidenza-top","category-news-18","category-51","category-49","description-off"],"img_url":"https:\/\/www.radiopiu.net\/wordpress\/wp-content\/uploads\/2022\/12\/57a79d93-d3ce-473d-bb5b-261a4a148bac.jpg","_links":{"self":[{"href":"https:\/\/www.radiopiu.net\/wordpress\/wp-json\/wp\/v2\/posts\/311173","targetHints":{"allow":["GET"]}}],"collection":[{"href":"https:\/\/www.radiopiu.net\/wordpress\/wp-json\/wp\/v2\/posts"}],"about":[{"href":"https:\/\/www.radiopiu.net\/wordpress\/wp-json\/wp\/v2\/types\/post"}],"author":[{"embeddable":true,"href":"https:\/\/www.radiopiu.net\/wordpress\/wp-json\/wp\/v2\/users\/4"}],"replies":[{"embeddable":true,"href":"https:\/\/www.radiopiu.net\/wordpress\/wp-json\/wp\/v2\/comments?post=311173"}],"version-history":[{"count":0,"href":"https:\/\/www.radiopiu.net\/wordpress\/wp-json\/wp\/v2\/posts\/311173\/revisions"}],"wp:featuredmedia":[{"embeddable":true,"href":"https:\/\/www.radiopiu.net\/wordpress\/wp-json\/wp\/v2\/media\/311175"}],"wp:attachment":[{"href":"https:\/\/www.radiopiu.net\/wordpress\/wp-json\/wp\/v2\/media?parent=311173"}],"wp:term":[{"taxonomy":"category","embeddable":true,"href":"https:\/\/www.radiopiu.net\/wordpress\/wp-json\/wp\/v2\/categories?post=311173"},{"taxonomy":"post_tag","embeddable":true,"href":"https:\/\/www.radiopiu.net\/wordpress\/wp-json\/wp\/v2\/tags?post=311173"}],"curies":[{"name":"wp","href":"https:\/\/api.w.org\/{rel}","templated":true}]}}