{"id":311181,"date":"2022-12-13T05:34:00","date_gmt":"2022-12-13T04:34:00","guid":{"rendered":"https:\/\/www.radiopiu.net\/wordpress\/?p=311181"},"modified":"2022-12-13T05:34:38","modified_gmt":"2022-12-13T04:34:38","slug":"enel-e-la-centrale-che-non-ce-piu","status":"publish","type":"post","link":"https:\/\/www.radiopiu.net\/wordpress\/enel-e-la-centrale-che-non-ce-piu\/","title":{"rendered":"ENEL E LA CENTRALE CHE NON C&#8217;E&#8217; PIU&#8217;"},"content":{"rendered":"<blockquote><p><em>L\u2019inaugurazione della centrale, nel 2017, era stata salutata come un significativo passaggio verso un\u2019economia e una produzione pi\u00f9 sostenibile, con l\u2019utilizzo della risorsa legno. Oggi quella centrale non esiste pi\u00f9. Conoscendo il mondo Luxottica viene comunque da pensare che l\u00ec non rimarr\u00e0 un &#8230; buco<\/em><\/p><\/blockquote>\n<p><strong><a class=\"dt-pswp-item\" href=\"https:\/\/www.radiopiu.net\/wordpress\/wp-content\/uploads\/2022\/12\/5f7a82d8-6dd8-4b9b-9bbe-b7ee328b2314.jpg\" data-dt-img-description=\"\" data-large_image_width=\"1600\" data-large_image_height=\"900\"><img loading=\"lazy\" decoding=\"async\" class=\"size-medium wp-image-311182 alignleft\" src=\"https:\/\/www.radiopiu.net\/wordpress\/wp-content\/uploads\/2022\/12\/5f7a82d8-6dd8-4b9b-9bbe-b7ee328b2314-300x169.jpg\" alt=\"\" width=\"300\" height=\"169\" srcset=\"https:\/\/www.radiopiu.net\/wordpress\/wp-content\/uploads\/2022\/12\/5f7a82d8-6dd8-4b9b-9bbe-b7ee328b2314-300x169.jpg 300w, https:\/\/www.radiopiu.net\/wordpress\/wp-content\/uploads\/2022\/12\/5f7a82d8-6dd8-4b9b-9bbe-b7ee328b2314-1024x576.jpg 1024w, https:\/\/www.radiopiu.net\/wordpress\/wp-content\/uploads\/2022\/12\/5f7a82d8-6dd8-4b9b-9bbe-b7ee328b2314-768x432.jpg 768w, https:\/\/www.radiopiu.net\/wordpress\/wp-content\/uploads\/2022\/12\/5f7a82d8-6dd8-4b9b-9bbe-b7ee328b2314-1536x864.jpg 1536w, https:\/\/www.radiopiu.net\/wordpress\/wp-content\/uploads\/2022\/12\/5f7a82d8-6dd8-4b9b-9bbe-b7ee328b2314.jpg 1600w\" sizes=\"auto, (max-width: 300px) 100vw, 300px\" \/><\/a>AGORDO<\/strong> La centrale Enel realizzata cinque anni fa in localit\u00e0 Valcozzena \u00e8 stata smontata pezzo per pezzo.<\/p>\n<p><em>&#8220;Questo progetto rappresenta un primo importante passo verso la creazione di una rete di impianti di generazione distribuita di piccola taglia su tutto il territorio nazionale, a servizio delle imprese. La scelta di Luxottica come nostro partner \u00e8 stata dettata dalla condivisione di valori importanti come l\u2019attenzione alla sostenibilit\u00e0 ambientale, sociale ed economica del territorio&#8221;<\/em> Una dichiarazione di\u00a0 Francesco Venturini, Direttore della divisone global e-Solutions di Enel, risale\u00a0 a cinque anni fa, quando nel settembre del 2017 venne inaugurata in pompa magna la centrale nei pressi dello stabilimento Luxottica di Agordo in localit\u00e0 Valcozzena. Cos\u00ec venivano anticipati gli scopi:\u00a0 una collaborazione con gli stakeholders locali per favorire la creazione di una filiera corta, con materiali provenienti dalla sola valle agordina, rendendo inoltre disponibile energia termica verde a basso costo per ridurre i consumi di combustibile fossile e le emissioni atmosferiche inquinanti. Era un progetto accattivante:\u00a0 potenza di 199kWe e 1,2MWt,\u00a0 impianto di minibiomassa trigenerativo che avrebbe soddisfatto il 40% del fabbisogno termico e il 60% del fabbisogno frigorifero dello stabilimento Luxottica.<\/p>\n<p>Dunque un impianto\u00a0 con obiettivo condiviso alla ricerca di un percorso di sostenibilit\u00e0 ambientale e sociale all\u2019interno del territorio agordino, area ad alto valore naturalistico ed inserita nella Strategia Nazionale di sviluppo delle Aree Interne. L\u2019impianto\u00a0 infatti doveva essere alimentato da sottoprodotti e scarti di origine forestale provenienti da filiera corta, non un&#8217;eccezione dopo l&#8217;uragano Vaia. Nell&#8217;ottobre del 2021 in un servizio a firma di Gianni Santomaso riportavamo:\u00a0 <em>&#8220;Delle tre parole, elettricit\u00e0, caldo e freddo, usate nel settembre di quattro anni fa da Enel e Luxottica nel presentare la centrale trigenerativa a biomasse realizzata a Valcozzena di Agordo, \u00e8 rimasta solo l\u2019ultima. Dal 10 ottobre 2020 la centrale che assicurava la quasi totalit\u00e0 del fabbisogno energetico dello stabilimento Luxottica di Agordo non funziona e le biomasse prodotte nella vallata agordina e destinate all\u2019impianto finiscono invece a Ravenna e Catania&#8221;.<\/em> Era sicuramente l&#8217;anticipazione a quanto si pu\u00f2 vedere quest&#8217;oggi alle spalle della grande struttura blu.<\/p>\n<p><strong>ARCHIVIO RADIOPIU, SETTEMBRE 2017 IL GIORNO DELL&#8217;INAUGURAZIONE<\/strong><\/p>\n\n\t\t\t<style type='text\/css'>\n\t\t\t\t#gallery-1 {\n\t\t\t\t\tmargin: auto;\n\t\t\t\t}\n\t\t\t\t#gallery-1 .gallery-item {\n\t\t\t\t\tfloat: left;\n\t\t\t\t\tmargin-top: 10px;\n\t\t\t\t\ttext-align: center;\n\t\t\t\t\twidth: 33%;\n\t\t\t\t}\n\t\t\t\t#gallery-1 img {\n\t\t\t\t\tborder: 2px solid #cfcfcf;\n\t\t\t\t}\n\t\t\t\t#gallery-1 .gallery-caption {\n\t\t\t\t\tmargin-left: 0;\n\t\t\t\t}\n\t\t\t\t\/* see gallery_shortcode() in wp-includes\/media.php *\/\n\t\t\t<\/style>\n\t\t<div id='gallery-1' class='dt-gallery-container gallery galleryid-311181 gallery-columns-3 gallery-size-thumbnail'><dl class='gallery-item'>\n\t\t\t\t<dt class='gallery-icon landscape'>\n\t\t\t\t\t<a class=\"rollover rollover-zoom dt-pswp-item\" title=\"2017-09-22 11.35.50\" data-dt-img-description=\"\" data-large_image_width=\"640\" data-large_image_height=\"480\"href='https:\/\/www.radiopiu.net\/wordpress\/wp-content\/uploads\/2022\/12\/2017-09-22-11.35.50.jpg'><img loading=\"lazy\" decoding=\"async\" width=\"150\" height=\"150\" src=\"https:\/\/www.radiopiu.net\/wordpress\/wp-content\/uploads\/2022\/12\/2017-09-22-11.35.50-150x150.jpg\" class=\"attachment-thumbnail size-thumbnail\" alt=\"\" \/><\/a>\n\t\t\t\t<\/dt><\/dl><dl class='gallery-item'>\n\t\t\t\t<dt class='gallery-icon landscape'>\n\t\t\t\t\t<a class=\"rollover rollover-zoom dt-pswp-item\" title=\"2017-09-22 11.30.44\" data-dt-img-description=\"\" data-large_image_width=\"640\" data-large_image_height=\"480\"href='https:\/\/www.radiopiu.net\/wordpress\/wp-content\/uploads\/2022\/12\/2017-09-22-11.30.44.jpg'><img loading=\"lazy\" decoding=\"async\" width=\"150\" height=\"150\" src=\"https:\/\/www.radiopiu.net\/wordpress\/wp-content\/uploads\/2022\/12\/2017-09-22-11.30.44-150x150.jpg\" class=\"attachment-thumbnail size-thumbnail\" alt=\"\" \/><\/a>\n\t\t\t\t<\/dt><\/dl><dl class='gallery-item'>\n\t\t\t\t<dt class='gallery-icon landscape'>\n\t\t\t\t\t<a class=\"rollover rollover-zoom dt-pswp-item\" title=\"2017-09-22 11.37.15\" data-dt-img-description=\"\" data-large_image_width=\"640\" data-large_image_height=\"480\"href='https:\/\/www.radiopiu.net\/wordpress\/wp-content\/uploads\/2022\/12\/2017-09-22-11.37.15.jpg'><img loading=\"lazy\" decoding=\"async\" width=\"150\" height=\"150\" src=\"https:\/\/www.radiopiu.net\/wordpress\/wp-content\/uploads\/2022\/12\/2017-09-22-11.37.15-150x150.jpg\" class=\"attachment-thumbnail size-thumbnail\" alt=\"\" \/><\/a>\n\t\t\t\t<\/dt><\/dl><br style=\"clear: both\" \/>\n\t\t\t<\/div>\n\n<p>&nbsp;<\/p>\n<p>&nbsp;<\/p>\n<hr \/>\n<p>&nbsp;<\/p>\n<p>&nbsp;<\/p>\n<p>&nbsp;<\/p>\n<p>&nbsp;<\/p>\n","protected":false},"excerpt":{"rendered":"<p>L\u2019inaugurazione della centrale, nel 2017, era stata salutata come un significativo passaggio verso un\u2019economia e una produzione pi\u00f9 sostenibile, con l\u2019utilizzo della risorsa legno. Oggi quella centrale non esiste pi\u00f9. Conoscendo il mondo Luxottica viene comunque da pensare che l\u00ec non rimarr\u00e0 un &#8230; buco AGORDO La centrale Enel realizzata cinque anni fa in localit\u00e0&hellip;<\/p>\n","protected":false},"author":4,"featured_media":311182,"comment_status":"closed","ping_status":"closed","sticky":false,"template":"","format":"standard","meta":{"_monsterinsights_skip_tracking":false,"_monsterinsights_sitenote_active":false,"_monsterinsights_sitenote_note":"","_monsterinsights_sitenote_category":0,"footnotes":""},"categories":[51,49],"tags":[],"class_list":["post-311181","post","type-post","status-publish","format-standard","has-post-thumbnail","hentry","category-evidenza-top","category-news-18","category-51","category-49","description-off"],"img_url":"https:\/\/www.radiopiu.net\/wordpress\/wp-content\/uploads\/2022\/12\/5f7a82d8-6dd8-4b9b-9bbe-b7ee328b2314.jpg","_links":{"self":[{"href":"https:\/\/www.radiopiu.net\/wordpress\/wp-json\/wp\/v2\/posts\/311181","targetHints":{"allow":["GET"]}}],"collection":[{"href":"https:\/\/www.radiopiu.net\/wordpress\/wp-json\/wp\/v2\/posts"}],"about":[{"href":"https:\/\/www.radiopiu.net\/wordpress\/wp-json\/wp\/v2\/types\/post"}],"author":[{"embeddable":true,"href":"https:\/\/www.radiopiu.net\/wordpress\/wp-json\/wp\/v2\/users\/4"}],"replies":[{"embeddable":true,"href":"https:\/\/www.radiopiu.net\/wordpress\/wp-json\/wp\/v2\/comments?post=311181"}],"version-history":[{"count":0,"href":"https:\/\/www.radiopiu.net\/wordpress\/wp-json\/wp\/v2\/posts\/311181\/revisions"}],"wp:featuredmedia":[{"embeddable":true,"href":"https:\/\/www.radiopiu.net\/wordpress\/wp-json\/wp\/v2\/media\/311182"}],"wp:attachment":[{"href":"https:\/\/www.radiopiu.net\/wordpress\/wp-json\/wp\/v2\/media?parent=311181"}],"wp:term":[{"taxonomy":"category","embeddable":true,"href":"https:\/\/www.radiopiu.net\/wordpress\/wp-json\/wp\/v2\/categories?post=311181"},{"taxonomy":"post_tag","embeddable":true,"href":"https:\/\/www.radiopiu.net\/wordpress\/wp-json\/wp\/v2\/tags?post=311181"}],"curies":[{"name":"wp","href":"https:\/\/api.w.org\/{rel}","templated":true}]}}