{"id":311191,"date":"2022-12-13T05:15:04","date_gmt":"2022-12-13T04:15:04","guid":{"rendered":"https:\/\/www.radiopiu.net\/wordpress\/?p=311191"},"modified":"2022-12-13T05:36:35","modified_gmt":"2022-12-13T04:36:35","slug":"belluno-migliore-provincia-per-qualita-della-vita-in-termini-di-ricchezza-e-consumi","status":"publish","type":"post","link":"https:\/\/www.radiopiu.net\/wordpress\/belluno-migliore-provincia-per-qualita-della-vita-in-termini-di-ricchezza-e-consumi\/","title":{"rendered":"BELLUNO MIGLIORE PROVINCIA PER QUALITA\u2019 DELLA VITA IN TERMINI DI RICCHEZZA E CONSUMI."},"content":{"rendered":"<p><strong>\u00a0ZAIA \u201cIMPORTANTE RICONOSCIMENTO CHE GUARDA AL FUTURO DELLA MONTAGNA\u201d <\/strong><\/p>\n<p>&nbsp;<\/p>\n<p><strong><img loading=\"lazy\" decoding=\"async\" class=\"alignleft\" src=\"https:\/\/www.radiopiu.net\/wordpress\/wp-content\/uploads\/2022\/04\/belluno-lambioi-1.jpg\" width=\"252\" height=\"142\" \/>VENEZIA\u00a0<\/strong> \u201cQuesto \u00e8 un riconoscimento a Belluno, ma \u00e8 anche un indicatore significativo che rappresenta un segnale incoraggiante per il futuro della montagna veneta. Il podio assegnato al capoluogo bellunese per \u2018ricchezza e consumi\u2019 guarda ad un contesto pi\u00f9 ampio e spinge ancora di pi\u00f9 a lavorare e guardare in prospettiva, in vista dell\u2019appuntamento delle Olimpiadi di Milano Cortina 2026\u201d. Sono le parole di soddisfazione e di plauso del Presidente della Regione del Veneto, Luca Zaia, di fronte alla 33esima edizione dell\u2019indagine curata dal Sole 24 Ore che pone al primo posto sul podio dei vincitori, per la migliore qualit\u00e0 della vita, proprio la provincia di Belluno, per l\u2019ambito \u2018ricchezza e consumi\u2019. \u201cImportante anche il riconoscimento assegnato alla provincia di Treviso \u2013 ha aggiunto il Presidente Zaia \u2013 per quanto riguarda l\u2019Indice della qualit\u00e0 della vita delle donne. Si tratta di un segnale significativo, che incoraggia ad impegnarsi sempre di pi\u00f9 affinch\u00e9 episodi come femminicidi e maltrattamenti, oggi purtroppo ancora all\u2019ordine del giorno, scompaiano una volta per tutte dalle pagine di cronaca\u201d.<\/p>\n<p>&nbsp;<\/p>\n<p>&nbsp;<\/p>\n<blockquote>\n<h3><a class=\"dt-pswp-item\" href=\"https:\/\/www.radiopiu.net\/wordpress\/wp-content\/uploads\/2019\/01\/zanoni-1.jpg\" data-dt-img-description=\"\" data-large_image_width=\"306\" data-large_image_height=\"165\"><img loading=\"lazy\" decoding=\"async\" class=\" wp-image-74906 alignleft\" src=\"https:\/\/www.radiopiu.net\/wordpress\/wp-content\/uploads\/2019\/01\/zanoni-1-300x162.jpg\" alt=\"\" width=\"209\" height=\"113\" srcset=\"https:\/\/www.radiopiu.net\/wordpress\/wp-content\/uploads\/2019\/01\/zanoni-1-300x162.jpg 300w, https:\/\/www.radiopiu.net\/wordpress\/wp-content\/uploads\/2019\/01\/zanoni-1.jpg 306w\" sizes=\"auto, (max-width: 209px) 100vw, 209px\" \/><\/a>PER ZANONI (PD) PER IL VENETO RISULTATI BEN LONTANI DAI RACCONTI<\/h3>\n<\/blockquote>\n<p><strong>VENEZIA <\/strong>&#8220;A Zaia non resta che aggrapparsi al dato di Belluno, in testa nella classifica per ricchezza e consumi per farsi come sempre bello e lanciare l&#8217;ennesimo spot in chiave olimpica. Per il resto il suo racconto del Veneto vincente ed eccellente viene spazzato via da questi dati al di sopra di ogni sospetto e che ci restituiscono uno scenario decisamente in calo per la qualit\u00e0 della vita nella nostra regione&#8221;. Questo il commento del consigliere regionale del PD Veneto, Andrea Zanoni, alla luce dei risultati dell&#8217;indagine annuale de Il Sole 24 Ore sulla qualit\u00e0 della vita in Italia.<\/p>\n<hr \/>\n<p>&nbsp;<\/p>\n","protected":false},"excerpt":{"rendered":"<p>\u00a0ZAIA \u201cIMPORTANTE RICONOSCIMENTO CHE GUARDA AL FUTURO DELLA MONTAGNA\u201d &nbsp; VENEZIA\u00a0 \u201cQuesto \u00e8 un riconoscimento a Belluno, ma \u00e8 anche un indicatore significativo che rappresenta un segnale incoraggiante per il futuro della montagna veneta. Il podio assegnato al capoluogo bellunese per \u2018ricchezza e consumi\u2019 guarda ad un contesto pi\u00f9 ampio e spinge ancora di pi\u00f9&hellip;<\/p>\n","protected":false},"author":4,"featured_media":270872,"comment_status":"closed","ping_status":"closed","sticky":false,"template":"","format":"standard","meta":{"_monsterinsights_skip_tracking":false,"_monsterinsights_sitenote_active":false,"_monsterinsights_sitenote_note":"","_monsterinsights_sitenote_category":0,"footnotes":""},"categories":[51,49],"tags":[],"class_list":["post-311191","post","type-post","status-publish","format-standard","has-post-thumbnail","hentry","category-evidenza-top","category-news-18","category-51","category-49","description-off"],"img_url":"https:\/\/www.radiopiu.net\/wordpress\/wp-content\/uploads\/2022\/04\/belluno-lambioi-1.jpg","_links":{"self":[{"href":"https:\/\/www.radiopiu.net\/wordpress\/wp-json\/wp\/v2\/posts\/311191","targetHints":{"allow":["GET"]}}],"collection":[{"href":"https:\/\/www.radiopiu.net\/wordpress\/wp-json\/wp\/v2\/posts"}],"about":[{"href":"https:\/\/www.radiopiu.net\/wordpress\/wp-json\/wp\/v2\/types\/post"}],"author":[{"embeddable":true,"href":"https:\/\/www.radiopiu.net\/wordpress\/wp-json\/wp\/v2\/users\/4"}],"replies":[{"embeddable":true,"href":"https:\/\/www.radiopiu.net\/wordpress\/wp-json\/wp\/v2\/comments?post=311191"}],"version-history":[{"count":0,"href":"https:\/\/www.radiopiu.net\/wordpress\/wp-json\/wp\/v2\/posts\/311191\/revisions"}],"wp:featuredmedia":[{"embeddable":true,"href":"https:\/\/www.radiopiu.net\/wordpress\/wp-json\/wp\/v2\/media\/270872"}],"wp:attachment":[{"href":"https:\/\/www.radiopiu.net\/wordpress\/wp-json\/wp\/v2\/media?parent=311191"}],"wp:term":[{"taxonomy":"category","embeddable":true,"href":"https:\/\/www.radiopiu.net\/wordpress\/wp-json\/wp\/v2\/categories?post=311191"},{"taxonomy":"post_tag","embeddable":true,"href":"https:\/\/www.radiopiu.net\/wordpress\/wp-json\/wp\/v2\/tags?post=311191"}],"curies":[{"name":"wp","href":"https:\/\/api.w.org\/{rel}","templated":true}]}}