{"id":311240,"date":"2022-12-13T05:28:17","date_gmt":"2022-12-13T04:28:17","guid":{"rendered":"https:\/\/www.radiopiu.net\/wordpress\/?p=311240"},"modified":"2022-12-13T08:56:57","modified_gmt":"2022-12-13T07:56:57","slug":"311240-2","status":"publish","type":"post","link":"https:\/\/www.radiopiu.net\/wordpress\/311240-2\/","title":{"rendered":"E&#8217; MANCATO ROBERTO, LUTTO IN VALLE DEL BIOIS"},"content":{"rendered":"<p><strong><a class=\"dt-pswp-item\" href=\"https:\/\/www.radiopiu.net\/wordpress\/wp-content\/uploads\/2022\/12\/Senza-nome-61.jpg\" data-dt-img-description=\"\" data-large_image_width=\"224\" data-large_image_height=\"249\"><img loading=\"lazy\" decoding=\"async\" class=\"wp-image-311244 alignleft\" src=\"https:\/\/www.radiopiu.net\/wordpress\/wp-content\/uploads\/2022\/12\/Senza-nome-61.jpg\" alt=\"\" width=\"153\" height=\"170\" \/><\/a>FALCADE<\/strong> Un dolore, un dolore immenso, un&#8217;intera valle piegata dalla morte di un suo figlio, un giovane spentosi a soli 54 anni. Il finanziere Roberto Ganz, uomo del volontariato che ha dedicato molte ore della sua esistenza al Soccorso Alpino e alla passione per la montagna,\u00a0 come testimonia la fotografia sull&#8217;epigrafe che ha tolto il fiato agli amici, ai conoscenti che in queste ore stanno partecipando al dolore della moglie Patrizia e della figlia Valentina. Era il coscritto pi\u00f9 giovane del 1967, nato nell&#8217;ultimo giorno dell&#8217;anno. Roberto ha raggiunto il pap\u00e0 scomparso da poche settimane. Una malattia incurabile lo ha strappato agli affetti pi\u00f9 cari che oggi ringraziano la dottoressa Corazzin, il Dottor Magra, Giulia e Laura e il personale di Casa Tua Due di Belluno. I funerali si svolgeranno mercoledi alle 14.30 (preceduti dal rosario alle 14.30) nella chiesa parrocchiale di Falcade. Non mancheranno gli ex colleghi di Passo Rolle dove ha terminato il servizio con la Finanza, n\u00e8 quelli di Cortina, nel capoluogo ampezzano ha infatti lavorato per tanti\u00a0 anni.\u00a0 Ai famigliari di Roberto giunga l&#8217;abbraccio anche della redazione di Radio Pi\u00f9.<\/p>\n<blockquote><p><em>Il sindaco di Falcade, Mauro Salvaterra, \u00e8 anche coscritto di Roberto e nell&#8217;Agordino la coscrizione \u00e8 un legame importante e indissolubile che si cementa nel tempo. &#8220;Sono costernato &#8211; dice il sindaco &#8211; per una perdita gravissima per la sua famiglia soprattutto e per la comunit\u00e0,\u00a0 anche in considerazione del suo grande impegno nel Soccorso Alpino. Mi stringo alla famiglia portando il messaggio di cordoglio dell&#8217;amministrazione comunale e dell&#8217;intera comunit\u00e0 che rappresenta. Per noi \u00e8 un dolore immenso&#8221;.<\/em><\/p><\/blockquote>\n<p>&nbsp;<\/p>\n<p>&nbsp;<\/p>\n<hr \/>\n<p>&nbsp;<\/p>\n<div class=\"bubble hide-name is-in can-have-tail\" data-mid=\"5903745023\" data-peer-id=\"808118879\" data-timestamp=\"1670861385\">\n<div class=\"bubble-content-wrapper\">\n<div class=\"bubble-content\"><\/div>\n<\/div>\n<\/div>\n<div class=\"bubble hide-name is-in can-have-tail is-group-last\" data-mid=\"5903810559\" data-peer-id=\"808118879\" data-timestamp=\"1670861450\">\n<div class=\"bubble-content-wrapper\">\n<div class=\"bubble-content\">\n<div class=\"message spoilers-container\" dir=\"auto\"><\/div>\n<\/div>\n<\/div>\n<\/div>\n","protected":false},"excerpt":{"rendered":"<p>FALCADE Un dolore, un dolore immenso, un&#8217;intera valle piegata dalla morte di un suo figlio, un giovane spentosi a soli 54 anni. Il finanziere Roberto Ganz, uomo del volontariato che ha dedicato molte ore della sua esistenza al Soccorso Alpino e alla passione per la montagna,\u00a0 come testimonia la fotografia sull&#8217;epigrafe che ha tolto il&hellip;<\/p>\n","protected":false},"author":4,"featured_media":311244,"comment_status":"closed","ping_status":"closed","sticky":false,"template":"","format":"standard","meta":{"_monsterinsights_skip_tracking":false,"_monsterinsights_sitenote_active":false,"_monsterinsights_sitenote_note":"","_monsterinsights_sitenote_category":0,"footnotes":""},"categories":[104,49],"tags":[],"class_list":["post-311240","post","type-post","status-publish","format-standard","has-post-thumbnail","hentry","category-evidenza_3","category-news-18","category-104","category-49","description-off"],"img_url":"https:\/\/www.radiopiu.net\/wordpress\/wp-content\/uploads\/2022\/12\/Senza-nome-61.jpg","_links":{"self":[{"href":"https:\/\/www.radiopiu.net\/wordpress\/wp-json\/wp\/v2\/posts\/311240","targetHints":{"allow":["GET"]}}],"collection":[{"href":"https:\/\/www.radiopiu.net\/wordpress\/wp-json\/wp\/v2\/posts"}],"about":[{"href":"https:\/\/www.radiopiu.net\/wordpress\/wp-json\/wp\/v2\/types\/post"}],"author":[{"embeddable":true,"href":"https:\/\/www.radiopiu.net\/wordpress\/wp-json\/wp\/v2\/users\/4"}],"replies":[{"embeddable":true,"href":"https:\/\/www.radiopiu.net\/wordpress\/wp-json\/wp\/v2\/comments?post=311240"}],"version-history":[{"count":0,"href":"https:\/\/www.radiopiu.net\/wordpress\/wp-json\/wp\/v2\/posts\/311240\/revisions"}],"wp:featuredmedia":[{"embeddable":true,"href":"https:\/\/www.radiopiu.net\/wordpress\/wp-json\/wp\/v2\/media\/311244"}],"wp:attachment":[{"href":"https:\/\/www.radiopiu.net\/wordpress\/wp-json\/wp\/v2\/media?parent=311240"}],"wp:term":[{"taxonomy":"category","embeddable":true,"href":"https:\/\/www.radiopiu.net\/wordpress\/wp-json\/wp\/v2\/categories?post=311240"},{"taxonomy":"post_tag","embeddable":true,"href":"https:\/\/www.radiopiu.net\/wordpress\/wp-json\/wp\/v2\/tags?post=311240"}],"curies":[{"name":"wp","href":"https:\/\/api.w.org\/{rel}","templated":true}]}}